{"id":21987,"date":"2025-06-03T17:41:09","date_gmt":"2025-06-03T15:41:09","guid":{"rendered":"https:\/\/www.freidenker.org\/?p=21987"},"modified":"2025-07-10T13:39:18","modified_gmt":"2025-07-10T11:39:18","slug":"pressemitteilung-freidenker-verbandstag-2025","status":"publish","type":"post","link":"https:\/\/www.freidenker.org\/?p=21987","title":{"rendered":"Pressemitteilung: Freidenker-Verbandstag 2025"},"content":{"rendered":"<h4>Gegen Militarismus, Gesinnungsjustiz und Zensur! Freundschaft mit Russland und China!<\/h4>\n<p>Unter dieser Losung tagten am Wochenende (30. Mai &#8211; 01. Juni 2025) die Delegierten des Freidenkerverbandes in Bad Frankenhausen\/Th\u00fcringen. Der Tagungsort wurde wegen eines Revolutions-Jahrestages gew\u00e4hlt: \u201eThomas M\u00fcntzer: 1489 &#8211; 27. Mai 1525 \u2013 und 500 Jahre Fr\u00fchb\u00fcrgerliche Revolution\u201c war Gegenstand einer Gedenk-Tagung mit Referaten, die sich der Besichtigung des Panorama-Museums auf dem Schlachtberg mit dem Rundgem\u00e4lde von Werner T\u00fcbke anschloss.<\/p>\n<figure id=\"attachment_21989\" aria-describedby=\"caption-attachment-21989\" style=\"width: 800px\" class=\"wp-caption alignnone\"><img data-recalc-dims=\"1\" loading=\"lazy\" decoding=\"async\" data-attachment-id=\"21989\" data-permalink=\"https:\/\/www.freidenker.org\/?attachment_id=21989\" data-orig-file=\"https:\/\/i0.wp.com\/www.freidenker.org\/fw17\/wp-content\/uploads\/2025\/06\/VT_2025_Ernesto_v3.jpg?fit=800%2C450&amp;ssl=1\" data-orig-size=\"800,450\" data-comments-opened=\"0\" data-image-meta=\"{&quot;aperture&quot;:&quot;0&quot;,&quot;credit&quot;:&quot;&quot;,&quot;camera&quot;:&quot;&quot;,&quot;caption&quot;:&quot;&quot;,&quot;created_timestamp&quot;:&quot;0&quot;,&quot;copyright&quot;:&quot;&quot;,&quot;focal_length&quot;:&quot;0&quot;,&quot;iso&quot;:&quot;0&quot;,&quot;shutter_speed&quot;:&quot;0&quot;,&quot;title&quot;:&quot;&quot;,&quot;orientation&quot;:&quot;1&quot;}\" data-image-title=\"VT_2025_Ernesto_v3\" data-image-description=\"\" data-image-caption=\"\" data-large-file=\"https:\/\/i0.wp.com\/www.freidenker.org\/fw17\/wp-content\/uploads\/2025\/06\/VT_2025_Ernesto_v3.jpg?fit=800%2C450&amp;ssl=1\" class=\"wp-image-21989 size-full\" src=\"https:\/\/i0.wp.com\/www.freidenker.org\/fw17\/wp-content\/uploads\/2025\/06\/VT_2025_Ernesto_v3.jpg?resize=800%2C450&#038;ssl=1\" alt=\"\" width=\"800\" height=\"450\" srcset=\"https:\/\/i0.wp.com\/www.freidenker.org\/fw17\/wp-content\/uploads\/2025\/06\/VT_2025_Ernesto_v3.jpg?w=800&amp;ssl=1 800w, https:\/\/i0.wp.com\/www.freidenker.org\/fw17\/wp-content\/uploads\/2025\/06\/VT_2025_Ernesto_v3.jpg?resize=300%2C169&amp;ssl=1 300w, https:\/\/i0.wp.com\/www.freidenker.org\/fw17\/wp-content\/uploads\/2025\/06\/VT_2025_Ernesto_v3.jpg?resize=768%2C432&amp;ssl=1 768w\" sizes=\"auto, (max-width: 800px) 100vw, 800px\" \/><figcaption id=\"caption-attachment-21989\" class=\"wp-caption-text\"><span style=\"font-size: 10pt;\">Ernesto Schwarz mit Liedern der Gruppe Schmetterlinge aus der Proletenpassion \u00fcber die Bauernkriege<\/span><\/figcaption><\/figure>\n<p>Der Bundesvorsitzende Sebastian Bahlo erinnerte unter Verweis auf Thomas M\u00fcntzer daran, dass Menschen zu allen Zeiten selbst unter Einsatz ihres Lebens f\u00fcr den sozialen und geistigen Fortschritt gek\u00e4mpft haben.<\/p>\n<p style=\"padding-left: 40px;\">\u201eWir leben wieder in sich verfinsternden Zeiten, der Weg zur Ausweitung von Krieg und Diktatur scheint vorgezeichnet. Um den Widerstand, der in den werkt\u00e4tigen Massen, vor allem in Ostdeutschland vorhanden ist, so gro\u00df werden zu lassen, dass er das Ruder herumrei\u00dfen kann, bleibt nicht mehr viel Zeit. Als vorl\u00e4ufigen H\u00f6hepunkt der Ersetzung des Rechts durch Willk\u00fcrherrschaft hat die EU erstmals Sanktionen gegen ihre eigenen B\u00fcrger Alina Lipp und Thomas R\u00f6per verh\u00e4ngt, was unsere Genossin Dagmar Henn treffend als \u201aWiedererfindung der Reichsacht\u2018 bezeichnete, letzte Woche wurde dann der von unserer Genossin Liane Kilinc gegr\u00fcndete und zu 100 Prozent humanit\u00e4r t\u00e4tige Verein \u201aFriedensbr\u00fccke\u2018 unter Terrorverdacht gestellt.\u201c<\/p>\n<p>In seinem Bericht charakterisierte Bahlo die zunehmende Repression in Deutschland:<\/p>\n<p style=\"padding-left: 40px;\">\u201eNoch ge\u00fcbt in der teils grotesken Verfolgung von Kritikern der Coronapolitik, als das \u00f6ffentliche Zitieren des Grundgesetzes als unzul\u00e4ssige Meinungs\u00e4u\u00dferung untersagt worden war, ging es jetzt den Buchstaben Z und V an den Kragen, f\u00fcr den Satz \u201aIch kann Russland sehr gut verstehen\u2018 in einer Rede am Jahrestag des deutschen \u00dcberfalls auf die Sowjetunion kassierte ein Berliner Friedensaktivist einen Strafbefehl. Juristen erfanden das an Nazi-Diktion gemahnende Wort von der \u201aVergiftung des geistigen Klimas\u2018, um die inkriminierten \u00c4u\u00dferungen mit der gesetzlichen Definition der Billigung von Straftaten in \u00dcbereinstimmung zu bringen. In dieser Situation haben wir uns nicht weggeduckt, um den Inquisitoren keine Angriffsfl\u00e4che zu bieten, sondern wir haben bei zahlreichen \u00f6ffentlichen Auftritten und in Publikationen unsere Parteinahme f\u00fcr die Russische F\u00f6deration erkl\u00e4rt und v\u00f6lkerrechtlich und historisch begr\u00fcndet, und wir haben die Manipulationen der neuen furchtbaren Juristen aufgedeckt.\u201c<\/p>\n<p style=\"padding-left: 40px;\">\u201eDer im Westen verbreitete Glaube, dass der Massenwohlstand ein Vorzug des Kapitalismus ist, w\u00e4hrend er in Wirklichkeit nur durch ein globales Ausbeutungssystem aufrechterhalten wird, Sozialismus entsprechend mit Knappheit gleichgesetzt wird, obwohl das Gegenteil wahr ist, ist die Hauptquelle ideologischer Verwirrung, insbesondere der Bedeutungsverschiebung der Begriffe \u201arechts\u2018 und \u201alinks\u2018. So l\u00e4sst sich die Enteignung der Bev\u00f6lkerung durch hohe Energiepreise und Kriegskredite von geschickten Propagandisten als ein \u201alinkes\u2018 Projekt framen, ein Hans-Georg Maa\u00dfen w\u00e4hnt sich gar in einem \u201aMilliard\u00e4rssozialismus\u2018.\u201c Der Verbandstag unterstrich die Notwendigkeit, im Verband und mit anderen demokratischen Kr\u00e4ften eine seri\u00f6se Diskussion zu f\u00fchren, was heute faschistisch ist, und lehnte es ab, einseitig die Faschismuskeule gegen eine Oppositionspartei zu schwingen, w\u00e4hrend die regierenden sogenannten Parteien der Mitte ungest\u00f6rt auf faschistischem Kurs segeln, was die Ersetzung des Rechts durch Willk\u00fcrherrschaft, Gesinnungsstrafrecht, Militarismus und Kriegshetze betrifft. Sebastian Bahlo: \u201eDas gr\u00f6\u00dfte \u00dcbel der AfD ist ihr Prozionismus. Wer nicht nur den Siedlerkolonialismus in Pal\u00e4stina guthei\u00dft, sondern den unverhohlenen, ja erkl\u00e4rten V\u00f6lkermord des zionistischen Regimes in Gaza rechtfertigt, zu dem ist Abstand geboten.\u201c<\/p>\n<p>Im Leitantrag des Verbandstages hei\u00dft es u.a.:<\/p>\n<p style=\"padding-left: 40px;\">\u201eDer Deutsche Freidenker-Verband betrachtet es in Verfolgung des Kampfes gegen Militarismus und Demokratieabbau als unerl\u00e4\u00dflich, nach Wegen zu suchen, um das Medienmonopol der Transatlantiker zu bek\u00e4mpfen oder ihm zu entgehen. Gegen Zensur und Gesinnungsjustiz k\u00e4mpfen wir publizistisch, durch Solidarit\u00e4t mit Betroffenen und, wenn n\u00f6tig, auf dem Rechtsweg.\u201c<\/p>\n<p>In einem weiteren Beschluss werden ausf\u00fchrlich die Ma\u00dfnahmen zur Einschr\u00e4nkung der Meinungsfreiheit analysiert:<\/p>\n<p style=\"padding-left: 40px;\">\u201eEine Gedankenpolizei soll die Demagogie von einer \u201arussischen Bedrohung\u2018 absichern, ein Klima der Angst soll alles ersticken, was sich der geforderten neuen \u201eKriegst\u00fcchtigkeit\u201c widersetzt. Genau jene, die eifrig \u201egegen rechts\u201c trommeln, paktieren selbst mit echten Faschisten, ukrainische und israelische Faschisten sind ihre engsten \u201aPartner\u2018. Deutsche Neonazis der Partei \u201aIII. Weg\u2018 k\u00e4mpfen seit Jahren als \u201aDeutsches Freiwilligenkorps\u2018 (DFK) mit ihren Gesinnungsgenossen in der Ukraine und wurden k\u00fcrzlich offiziell in die ukrainische Armee, das 49. Sturmbataillon \u201aKarpaten-Sitsch\u2018 integriert. Sie werden von der ukrainischen Armee ausgebildet und mit Waffen aus US- und EU-Produktion versorgt, Fragen der <em>Nachdenkseiten<\/em> dazu auf der Bundespressekonferenz werden von der Bundesregierung abgewimmelt. Im gro\u00dfen Sitzungssaal im Paul-L\u00f6be-Haus des Bundestags fand im Mai 2025 auf Initiative von Gr\u00fcnen Abgeordneten der Empfang einer Delegation der faschistischen 12. \u201aAsow\u2018-Brigade der ukrainischen Nationalgarde statt, bekennende Bandera- und Hitler-Verehrer, an dem Empfang nahmen u.a. Agnieszka Brugger, Anton Hofreiter (Gr\u00fcne) und Roderich Kiesewetter (CDU) sowie der ukrainische Botschafter Makejew teil. Dem regierungsamtlich proklamierten \u201aAntifaschismus\u2018 und Kampf \u201agegen rechts\u2018 halten wir entgegen: Nichts kann weiter \u201arechts\u2018 sein als deutsche Waffen, die wieder auf Russen schie\u00dfen sowie die Stationierung der schweren Panzerbrigade \u201aLitauen\u2018 vor den Toren der leidgepr\u00fcften Oblast Leningrad.\u201c<\/p>\n<p>Der Vorstand des Deutschen Freidenker-Verbandes wurde beauftragt, die Zusammenarbeit und Solidarit\u00e4t mit allen von Verboten und Zensur bedrohten Medien zu entwickeln, von der <em>Jungen Welt<\/em> \u00fcber die <em>Nachdenkseiten<\/em> und andere Alternative Medien bis zu den von der EU widerrechtlich verbotenen russischen Medien. Der Verbandstag schloss sich dem Protest der Russischen Botschaft in Deutschland gegen die Sch\u00e4ndung von Gedenkkr\u00e4nzen an der Gedenkst\u00e4tte Dachau-Hebertshausen an, wo die russischen und belarussischen Kranzschleifen auf Veranlassung der Gedenkst\u00e4ttenleitung abgeschnitten wurden.<\/p>\n<p>Nach der intensiven Antragsberatung entspannten sich die Delegierten und G\u00e4ste beim mitrei\u00dfenden Kabarettprogramm der Freidenkerin Jane Zahn: \u201eKrieg ich Frieden?\u201c<\/p>\n<p>Zum Abschluss des Verbandstags wurden die neuen Leitungsgremien gew\u00e4hlt, die Zustimmungsquoten lagen zwischen 88,9 und 100%. Der Bundesvorsitzende Sebastian Bahlo und sein Stellvertreter Klaus Hartmann wurden in ihren Funktionen best\u00e4tigt, neu gew\u00e4hlt wurden Regina Silbermann aus Chemnitz als Kassiererin und Anke Wittkopp aus Hannover als Schriftf\u00fchrerin, wiedergew\u00e4hlt wurden Ralf Lux aus Potsdam und Monique Broquard aus Sulzbach\/Saar, die den Gesch\u00e4ftsf\u00fchrenden Vorstand komplettieren.<\/p>\n<figure id=\"attachment_21990\" aria-describedby=\"caption-attachment-21990\" style=\"width: 800px\" class=\"wp-caption alignnone\"><img data-recalc-dims=\"1\" loading=\"lazy\" decoding=\"async\" data-attachment-id=\"21990\" data-permalink=\"https:\/\/www.freidenker.org\/?attachment_id=21990\" data-orig-file=\"https:\/\/i0.wp.com\/www.freidenker.org\/fw17\/wp-content\/uploads\/2025\/06\/VT_2025_Vorstand_v2.jpg?fit=1385%2C651&amp;ssl=1\" data-orig-size=\"1385,651\" data-comments-opened=\"0\" data-image-meta=\"{&quot;aperture&quot;:&quot;0&quot;,&quot;credit&quot;:&quot;&quot;,&quot;camera&quot;:&quot;&quot;,&quot;caption&quot;:&quot;&quot;,&quot;created_timestamp&quot;:&quot;0&quot;,&quot;copyright&quot;:&quot;&quot;,&quot;focal_length&quot;:&quot;0&quot;,&quot;iso&quot;:&quot;0&quot;,&quot;shutter_speed&quot;:&quot;0&quot;,&quot;title&quot;:&quot;&quot;,&quot;orientation&quot;:&quot;1&quot;}\" data-image-title=\"VT_2025_Vorstand_v2\" data-image-description=\"\" data-image-caption=\"\" data-large-file=\"https:\/\/i0.wp.com\/www.freidenker.org\/fw17\/wp-content\/uploads\/2025\/06\/VT_2025_Vorstand_v2.jpg?fit=800%2C376&amp;ssl=1\" class=\"wp-image-21990 size-large\" src=\"https:\/\/i0.wp.com\/www.freidenker.org\/fw17\/wp-content\/uploads\/2025\/06\/VT_2025_Vorstand_v2.jpg?resize=800%2C376&#038;ssl=1\" alt=\"\" width=\"800\" height=\"376\" srcset=\"https:\/\/i0.wp.com\/www.freidenker.org\/fw17\/wp-content\/uploads\/2025\/06\/VT_2025_Vorstand_v2.jpg?resize=1024%2C481&amp;ssl=1 1024w, https:\/\/i0.wp.com\/www.freidenker.org\/fw17\/wp-content\/uploads\/2025\/06\/VT_2025_Vorstand_v2.jpg?resize=300%2C141&amp;ssl=1 300w, https:\/\/i0.wp.com\/www.freidenker.org\/fw17\/wp-content\/uploads\/2025\/06\/VT_2025_Vorstand_v2.jpg?resize=768%2C361&amp;ssl=1 768w, https:\/\/i0.wp.com\/www.freidenker.org\/fw17\/wp-content\/uploads\/2025\/06\/VT_2025_Vorstand_v2.jpg?w=1385&amp;ssl=1 1385w\" sizes=\"auto, (max-width: 800px) 100vw, 800px\" \/><figcaption id=\"caption-attachment-21990\" class=\"wp-caption-text\"><span style=\"font-size: 10pt;\">Gesch\u00e4ftsf\u00fchrender Verbandsvorstand der Freidenker (v.l.): Monique Broquard (Sulzbach\/Saar), Organisations- und Kulturarbeit; Bundesvorsitzender Sebastian Bahlo (Frankfurt\/Main); Kassiererin Regina Silbermann (Chemnitz), Ralf Lux (Potsdam), Interessenvertretung Konfessionsfreier; Stellvertretender Vorsitzender Klaus Hartmann (Offenbach\/Main); Schriftf\u00fchrerin Anke Wittkopp (Hannover).<\/span><\/figcaption><\/figure>\n<p style=\"text-align: right;\"><em>Klaus Hartmann<\/em><\/p>\n<hr \/>\n<p><span style=\"font-size: 10pt;\">Fotos im Text: Frank Becker<br \/>\nFoto ganz oben: Der alte und neue Vorsitzende Sebastian Bahlo h\u00e4lt das Schlusswort<\/span><span style=\"font-size: 10pt;\">. Foto: Ralf Lux<\/span><\/p>\n","protected":false},"excerpt":{"rendered":"<p><b>Gegen Militarismus, Gesinnungsjustiz und Zensur! Freundschaft mit Russland und China!<\/b><br \/>\nUnter dieser Losung tagten am Wochenende (30. Mai &#8211; 01. Juni 2025) die Delegierten des Freidenkerverbandes in Bad Frankenhausen\/Th\u00fcringen. Der Tagungsort wurde wegen eines Revolutions-Jahrestages gew\u00e4hlt: \u201eThomas M\u00fcntzer: 1489 &#8211; 27. Mai 1525 \u2013 und 500 Jahre Fr\u00fchb\u00fcrgerliche Revolution\u201c war Gegenstand einer Gedenk-Tagung mit Referaten, die sich der Besichtigung des Panorama-Museums auf dem Schlachtberg mit dem Rundgem\u00e4lde von Werner T\u00fcbke anschloss. Der Bundesvorsitzende Sebastian Bahlo erinnerte unter Verweis auf Thomas M\u00fcntzer daran, dass Menschen zu allen Zeiten selbst unter Einsatz ihres Lebens f\u00fcr den sozialen und geistigen Fortschritt gek\u00e4mpft haben. [Bahlo:]<i>\u201eWir leben wieder in sich verfinsternden Zeiten, der Weg zur Ausweitung von Krieg und Diktatur scheint vorgezeichnet. Um den Widerstand, der in den werkt\u00e4tigen Massen, vor allem in Ostdeutschland vorhanden ist, so gro\u00df werden zu lassen, dass er das Ruder herumrei\u00dfen kann, bleibt nicht mehr viel Zeit. <\/i><\/p>\n","protected":false},"author":3,"featured_media":21991,"comment_status":"closed","ping_status":"closed","sticky":false,"template":"","format":"standard","meta":{"colormag_page_container_layout":"default_layout","colormag_page_sidebar_layout":"default_layout","advanced_seo_description":"","jetpack_seo_html_title":"","jetpack_seo_noindex":false,"jetpack_post_was_ever_published":false,"footnotes":""},"categories":[13,210,20],"tags":[919,413,444,1180,335,224,2629,1722,121,1265,1143,1051,410,527,1845],"class_list":["post-21987","post","type-post","status-publish","format-standard","has-post-thumbnail","hentry","category-frieden-antifaschismus-solidaritaet","category-positionen","category-zentrale-veranstaltungen","tag-bauernkrieg","tag-china","tag-fortschritt","tag-freundschaft","tag-frieden","tag-frieden-mit-russland","tag-gesinnungsjustiz","tag-lv-thueringen","tag-medien","tag-militarismus","tag-pressemitteilung","tag-thueringen","tag-verbandstag","tag-zensur","tag-zusammenarbeit"],"jetpack_featured_media_url":"https:\/\/i0.wp.com\/www.freidenker.org\/fw17\/wp-content\/uploads\/2025\/06\/VT-2025_Bahlo_20250601_105803.jpg?fit=800%2C450&ssl=1","jetpack_shortlink":"https:\/\/wp.me\/p9stpK-5ID","jetpack-related-posts":[{"id":1152,"url":"https:\/\/www.freidenker.org\/?p=1152","url_meta":{"origin":21987,"position":0},"title":"Freidenker-Brief 4-2016: &#8222;Aufwachen: Gegen die massive Kriegsbedrohung aufstehen&#8220;","author":"Webredaktion","date":"10. Juni 2016","format":false,"excerpt":"Der Deutsche Freidenker-Verband verbreitet hiermit den beim Verbandstag beschlossenen Friedensappell: \u201eAufwachen: Gegen die massive Kriegsbedrohung aufstehen\u201c, derzeit gerade passend zu den \u201eAnaconda\u201c-Kriegsspielen der NATO in Polen, mit denen das \u201eaggressive\u201c Russland eingesch\u00fcchtert werden soll, mit denen Washington den Europ\u00e4ern erneut vor Augen f\u00fchrt, wer der Boss ist, und passend auch\u2026","rel":"","context":"In &quot;Freidenker-Brief&quot;","block_context":{"text":"Freidenker-Brief","link":"https:\/\/www.freidenker.org\/?cat=341"},"img":{"alt_text":"","src":"https:\/\/i0.wp.com\/www.freidenker.org\/fw17\/wp-content\/uploads\/2016\/06\/2016-06-05-1-0445-800x445.jpg?fit=800%2C445&ssl=1&resize=350%2C200","width":350,"height":200,"srcset":"https:\/\/i0.wp.com\/www.freidenker.org\/fw17\/wp-content\/uploads\/2016\/06\/2016-06-05-1-0445-800x445.jpg?fit=800%2C445&ssl=1&resize=350%2C200 1x, https:\/\/i0.wp.com\/www.freidenker.org\/fw17\/wp-content\/uploads\/2016\/06\/2016-06-05-1-0445-800x445.jpg?fit=800%2C445&ssl=1&resize=525%2C300 1.5x, https:\/\/i0.wp.com\/www.freidenker.org\/fw17\/wp-content\/uploads\/2016\/06\/2016-06-05-1-0445-800x445.jpg?fit=800%2C445&ssl=1&resize=700%2C400 2x"},"classes":[]},{"id":16310,"url":"https:\/\/www.freidenker.org\/?p=16310","url_meta":{"origin":21987,"position":1},"title":"Keine Bomber \u00fcber unseren K\u00f6pfen! Kein Werben f\u00fcrs Sterben!","author":"Webredaktion","date":"12. Juni 2023","format":false,"excerpt":"Zentrale Kundgebung gegen Air Defender 23 und gegen den Tag der Bundeswehr in Brandenburg an der Havel am 17.06.2023 Pressemitteilung des Organisationsteams des B\u00fcndnis f\u00fcr Frieden F\u00fcr Samstag, 17.06.2023 hat das B\u00fcndnis f\u00fcr Frieden Brandenburg eine Protestkundgebung gegen Air Defender 23, das gr\u00f6\u00dfte Luftman\u00f6ver in der Geschichte der NATO, angemeldet.\u2026","rel":"","context":"In &quot;Frieden - Antifaschismus - Solidarit\u00e4t&quot;","block_context":{"text":"Frieden - Antifaschismus - Solidarit\u00e4t","link":"https:\/\/www.freidenker.org\/?cat=13"},"img":{"alt_text":"","src":"https:\/\/i0.wp.com\/www.freidenker.org\/fw17\/wp-content\/uploads\/2023\/06\/Flyer_Brandeburg_2023-06-07_s1_auszug_800x450.jpg?fit=799%2C450&ssl=1&resize=350%2C200","width":350,"height":200,"srcset":"https:\/\/i0.wp.com\/www.freidenker.org\/fw17\/wp-content\/uploads\/2023\/06\/Flyer_Brandeburg_2023-06-07_s1_auszug_800x450.jpg?fit=799%2C450&ssl=1&resize=350%2C200 1x, https:\/\/i0.wp.com\/www.freidenker.org\/fw17\/wp-content\/uploads\/2023\/06\/Flyer_Brandeburg_2023-06-07_s1_auszug_800x450.jpg?fit=799%2C450&ssl=1&resize=525%2C300 1.5x, https:\/\/i0.wp.com\/www.freidenker.org\/fw17\/wp-content\/uploads\/2023\/06\/Flyer_Brandeburg_2023-06-07_s1_auszug_800x450.jpg?fit=799%2C450&ssl=1&resize=700%2C400 2x"},"classes":[]},{"id":15876,"url":"https:\/\/www.freidenker.org\/?p=15876","url_meta":{"origin":21987,"position":2},"title":"Gedenkveranstaltung anl\u00e4sslich der Selbstbefreiung des KZ Buchenwald","author":"Webredaktion","date":"26. April 2023","format":false,"excerpt":"Beitrag der Webredaktion Zu der offizielle Gedenkfeier am 16.04.2023 anl\u00e4sslich der Selbstbefreiung des Konzentrationslagers Buchenwald und Dora (in der DDR Mahn- und Gedenkst\u00e4tte, jetzt nur noch Gedenkst\u00e4tte) war das Russische Generalkonsulat in Leipzig das zweite Jahr in Folge nicht eingeladen worden. Der Landesverband Th\u00fcringen wandte sich an das Generalkonsulat der\u2026","rel":"","context":"In &quot;Frieden - Antifaschismus - Solidarit\u00e4t&quot;","block_context":{"text":"Frieden - Antifaschismus - Solidarit\u00e4t","link":"https:\/\/www.freidenker.org\/?cat=13"},"img":{"alt_text":"","src":"https:\/\/i0.wp.com\/www.freidenker.org\/fw17\/wp-content\/uploads\/2023\/04\/Buchenwald_2023_800x450.jpg?fit=800%2C450&ssl=1&resize=350%2C200","width":350,"height":200,"srcset":"https:\/\/i0.wp.com\/www.freidenker.org\/fw17\/wp-content\/uploads\/2023\/04\/Buchenwald_2023_800x450.jpg?fit=800%2C450&ssl=1&resize=350%2C200 1x, https:\/\/i0.wp.com\/www.freidenker.org\/fw17\/wp-content\/uploads\/2023\/04\/Buchenwald_2023_800x450.jpg?fit=800%2C450&ssl=1&resize=525%2C300 1.5x, https:\/\/i0.wp.com\/www.freidenker.org\/fw17\/wp-content\/uploads\/2023\/04\/Buchenwald_2023_800x450.jpg?fit=800%2C450&ssl=1&resize=700%2C400 2x"},"classes":[]},{"id":10632,"url":"https:\/\/www.freidenker.org\/?p=10632","url_meta":{"origin":21987,"position":3},"title":"Freidenker-Verbandstag: Vorsitzwechsel nach 33 Jahren","author":"Webredaktion","date":"29. Juni 2021","format":false,"excerpt":"Pressemitteilung vom 28.06.2021 Der am 26. und 27. Juni in Raunheim am Main tagende Verbandstag des Deutschen Freidenkerverbandes stand unter einem Motto, das schon 2019, also \u201evor Corona\u201c beschlossen worden war, doch die vor dem Corona-Hintergrund ergriffenen Ma\u00dfnahmen wurden schon zuvor in der Klimadebatte ins Gespr\u00e4ch gebracht. Der bisherige Verbandsvorsitzende\u2026","rel":"","context":"In &quot;Positionen&quot;","block_context":{"text":"Positionen","link":"https:\/\/www.freidenker.org\/?cat=210"},"img":{"alt_text":"","src":"https:\/\/i0.wp.com\/www.freidenker.org\/fw17\/wp-content\/uploads\/2021\/06\/VT_2021_Pressemitteilung_800x445.jpg?fit=800%2C445&ssl=1&resize=350%2C200","width":350,"height":200,"srcset":"https:\/\/i0.wp.com\/www.freidenker.org\/fw17\/wp-content\/uploads\/2021\/06\/VT_2021_Pressemitteilung_800x445.jpg?fit=800%2C445&ssl=1&resize=350%2C200 1x, https:\/\/i0.wp.com\/www.freidenker.org\/fw17\/wp-content\/uploads\/2021\/06\/VT_2021_Pressemitteilung_800x445.jpg?fit=800%2C445&ssl=1&resize=525%2C300 1.5x, https:\/\/i0.wp.com\/www.freidenker.org\/fw17\/wp-content\/uploads\/2021\/06\/VT_2021_Pressemitteilung_800x445.jpg?fit=800%2C445&ssl=1&resize=700%2C400 2x"},"classes":[]},{"id":24777,"url":"https:\/\/www.freidenker.org\/?p=24777","url_meta":{"origin":21987,"position":4},"title":"Pressemitteilung: Freidenker-Protest gegen Kriegskurs der Kirchen","author":"Webredaktion","date":"31. M\u00e4rz 2026","format":false,"excerpt":"Der Verbandsvorstand des Deutschen Freidenker-Verbandes, der am 28. und 29. M\u00e4rz 2026 in Magdeburg tagte, hat einstimmig die folgende Erkl\u00e4rung beschlossen: Der Deutsche Freidenker-Verband sieht die Bereitschaft der Katholischen und Evangelischen Kirche in Deutschland, dem Marsch in einen Krieg gegen Russland geistliche Sch\u00fctzenhilfe zu leisten, als alarmierend und emp\u00f6rend an.\u2026","rel":"","context":"In &quot;Positionen&quot;","block_context":{"text":"Positionen","link":"https:\/\/www.freidenker.org\/?cat=210"},"img":{"alt_text":"","src":"https:\/\/i0.wp.com\/www.freidenker.org\/fw17\/wp-content\/uploads\/2026\/03\/keine_segensworte_fuer_waffen_800x450.jpg?fit=800%2C450&ssl=1&resize=350%2C200","width":350,"height":200,"srcset":"https:\/\/i0.wp.com\/www.freidenker.org\/fw17\/wp-content\/uploads\/2026\/03\/keine_segensworte_fuer_waffen_800x450.jpg?fit=800%2C450&ssl=1&resize=350%2C200 1x, https:\/\/i0.wp.com\/www.freidenker.org\/fw17\/wp-content\/uploads\/2026\/03\/keine_segensworte_fuer_waffen_800x450.jpg?fit=800%2C450&ssl=1&resize=525%2C300 1.5x, https:\/\/i0.wp.com\/www.freidenker.org\/fw17\/wp-content\/uploads\/2026\/03\/keine_segensworte_fuer_waffen_800x450.jpg?fit=800%2C450&ssl=1&resize=700%2C400 2x"},"classes":[]},{"id":19698,"url":"https:\/\/www.freidenker.org\/?p=19698","url_meta":{"origin":21987,"position":5},"title":"Freidenker NRW am 7. September in Stukenbrock","author":"Webredaktion","date":"13. August 2024","format":false,"excerpt":"Pressemitteilung des Landesverbands Nordrhein-Westfalen im Deutschen Freidenker-Verband, 12.08.2024 Der 7. September 2024 in Stukenbrock steht wie seit vielen Jahren im Zeichen der Opfer des Zweiten Weltkriegs \u2013 besonders derer der Sowjetunion. Im Aufruf des Arbeitskreises \u2018Blumen f\u00fcr Stukenbrock\u2019 hei\u00dft es: \u201eAuf dem Sowjetischen Soldatenfriedhof liegen 65.000 in deutscher Gefangenschaft zu\u2026","rel":"","context":"In &quot;Frieden - Antifaschismus - Solidarit\u00e4t&quot;","block_context":{"text":"Frieden - Antifaschismus - Solidarit\u00e4t","link":"https:\/\/www.freidenker.org\/?cat=13"},"img":{"alt_text":"","src":"https:\/\/i0.wp.com\/www.freidenker.org\/fw17\/wp-content\/uploads\/2024\/08\/Stukenbrock_-_2016-05-01_-_Sowjetischer_Friedhof_014_800x450.jpg?fit=800%2C450&ssl=1&resize=350%2C200","width":350,"height":200,"srcset":"https:\/\/i0.wp.com\/www.freidenker.org\/fw17\/wp-content\/uploads\/2024\/08\/Stukenbrock_-_2016-05-01_-_Sowjetischer_Friedhof_014_800x450.jpg?fit=800%2C450&ssl=1&resize=350%2C200 1x, https:\/\/i0.wp.com\/www.freidenker.org\/fw17\/wp-content\/uploads\/2024\/08\/Stukenbrock_-_2016-05-01_-_Sowjetischer_Friedhof_014_800x450.jpg?fit=800%2C450&ssl=1&resize=525%2C300 1.5x, https:\/\/i0.wp.com\/www.freidenker.org\/fw17\/wp-content\/uploads\/2024\/08\/Stukenbrock_-_2016-05-01_-_Sowjetischer_Friedhof_014_800x450.jpg?fit=800%2C450&ssl=1&resize=700%2C400 2x"},"classes":[]}],"_links":{"self":[{"href":"https:\/\/www.freidenker.org\/index.php?rest_route=\/wp\/v2\/posts\/21987","targetHints":{"allow":["GET"]}}],"collection":[{"href":"https:\/\/www.freidenker.org\/index.php?rest_route=\/wp\/v2\/posts"}],"about":[{"href":"https:\/\/www.freidenker.org\/index.php?rest_route=\/wp\/v2\/types\/post"}],"author":[{"embeddable":true,"href":"https:\/\/www.freidenker.org\/index.php?rest_route=\/wp\/v2\/users\/3"}],"replies":[{"embeddable":true,"href":"https:\/\/www.freidenker.org\/index.php?rest_route=%2Fwp%2Fv2%2Fcomments&post=21987"}],"version-history":[{"count":3,"href":"https:\/\/www.freidenker.org\/index.php?rest_route=\/wp\/v2\/posts\/21987\/revisions"}],"predecessor-version":[{"id":21993,"href":"https:\/\/www.freidenker.org\/index.php?rest_route=\/wp\/v2\/posts\/21987\/revisions\/21993"}],"wp:featuredmedia":[{"embeddable":true,"href":"https:\/\/www.freidenker.org\/index.php?rest_route=\/wp\/v2\/media\/21991"}],"wp:attachment":[{"href":"https:\/\/www.freidenker.org\/index.php?rest_route=%2Fwp%2Fv2%2Fmedia&parent=21987"}],"wp:term":[{"taxonomy":"category","embeddable":true,"href":"https:\/\/www.freidenker.org\/index.php?rest_route=%2Fwp%2Fv2%2Fcategories&post=21987"},{"taxonomy":"post_tag","embeddable":true,"href":"https:\/\/www.freidenker.org\/index.php?rest_route=%2Fwp%2Fv2%2Ftags&post=21987"}],"curies":[{"name":"wp","href":"https:\/\/api.w.org\/{rel}","templated":true}]}}