{"id":21949,"date":"2025-05-27T01:39:10","date_gmt":"2025-05-26T23:39:10","guid":{"rendered":"https:\/\/www.freidenker.org\/?p=21949"},"modified":"2025-06-25T19:24:31","modified_gmt":"2025-06-25T17:24:31","slug":"die-eu-sanktioniert-deutsche-staatsbuerger-bankrotterklaerung-fuer-den-rechtsstaat","status":"publish","type":"post","link":"https:\/\/www.freidenker.org\/?p=21949","title":{"rendered":"Die EU sanktioniert deutsche Staatsb\u00fcrger: Bankrotterkl\u00e4rung f\u00fcr den Rechtsstaat"},"content":{"rendered":"<p><em>Eine solidarische Stellungnahme von <strong>Wolfgang Bittner<\/strong><\/em><\/p>\n<p>Wer nicht spurt, kann in der \u201eliberalen Demokratie\u201c, in der wir nach Ansicht der f\u00fchrenden Berliner Politiker leben, eingesch\u00fcchtert, bestraft oder ausgeschaltet werden, sei es durch widerrechtlich angeordnete Hausdurchsuchungen, durch Geldstrafen oder \u2013 wie es in einzelnen F\u00e4llen vorgekommen ist \u2013 durch Haft. Die Ausw\u00fcchse mehren sich.<\/p>\n<p>Einen gravierenden Eingriff in die Meinungs- und Pressefreiheit, der eine neue Dimension der rechtswidrigen Bedrohung und Bestrafung regierungskritischer Journalisten und ihrer Unterst\u00fctzer bedeutet, unternahm die Europ\u00e4ische Union im Rahmen ihres am 20. Mai 2025 beschlossenen 17. Sanktionspakets gegen Russland. Betroffen sind erstmals zwei deutsche Staatsb\u00fcrger, der Journalist und Autor Thomas R\u00f6per und die Journalistin und Bloggerin Alina Lipp. Beide leben in Russland und berichten von dort.<\/p>\n<p>Ihnen wird vorgeworfen, sie verbreiteten in ihren reichweitenstarken Blogs \u201esystematisch Fehlinformationen \u00fcber den Angriffskrieg Russlands gegen die Ukraine\u201c, spr\u00e4chen der ukrainischen Regierung ihre Legitimation ab und beteiligten sich durch \u201eInformationsmanipulation und Einflussnahme\u201c an einem bewaffneten Konflikt in einem Drittland.<\/p>\n<p>Gegen Thomas R\u00f6per und Alina Lipp werden Ein- und Durchreiseverbote verh\u00e4ngt und ihre Verm\u00f6genswerte in Europa \u201eeingefroren\u201c. Weiter wird verf\u00fcgt, dass ihnen \u201eweder unmittelbar noch mittelbar Gelder oder wirtschaftliche Ressourcen zur Verf\u00fcgung gestellt werden\u201c d\u00fcrfen. Das bedeutet zugleich, dass sich etwaige Verk\u00e4ufer oder Spender strafbar machen, wobei ein vors\u00e4tzlicher Versto\u00df gegen Sanktionen nach den EU-Bestimmungen, die in das nationale Strafrecht einzubeziehen sind, mit Freiheitsstrafe geahndet werden kann.<\/p>\n<p>Der Vorgang, der noch vor wenigen Jahren undenkbar gewesen w\u00e4re, schl\u00e4gt hohe Wellen in den alternativen Medien, w\u00e4hrend in den b\u00fcrgerlichen Medien entsprechend ihrer poltisch-ideologischen Ausrichtung zum Teil Verst\u00e4ndnis f\u00fcr die Abwehr \u201erussischer hybrider Bedrohungen\u201c, \u201eFalschinformationen\u201c und \u201eKreml-Propaganda\u201c aufkommt.<\/p>\n<p>Aber was da geschieht, was sich die Br\u00fcsseler EU-Kommission vor aller Augen anma\u00dft, ist eine Ungeheuerlichkeit. Die Aufhebung von B\u00fcrgerrechten ohne Anh\u00f6rung, Anklage und Urteil, verbunden mit einer Bestrafung deutscher Staatsangeh\u00f6riger durch Sanktionsma\u00dfnahmen, ist eine Bankrotterkl\u00e4rung f\u00fcr den Rechtsstaat. Aufgrund fragw\u00fcrdiger Beschuldigungen werden Berufsverbote und Enteignungen verh\u00e4ngt, womit die Kommission eklatant ihre Befugnisse \u00fcberschreitet. Die Frage, wer als n\u00e4chstes vorgenommen wird, steht im Raum.<\/p>\n<p>Diese Entwicklung ist unhaltbar und sollte nicht hingenommen werden. Geboten ist eine Klage vor dem Europ\u00e4ischen Gerichtshof sowie eine Strafanzeige gegen die Verantwortlichen wegen Verbrechens gegen die Menschlichkeit beim Internationalen Strafgerichtshof. Aufgerufen sind Juristen, die sich noch ihre Unbestechlichkeit bewahrt haben.<\/p>\n<p style=\"text-align: right;\"><em>Dr. Wolfgang Bittner, Jahrgang 1941, lebt als freier Schriftsteller in G\u00f6ttingen und ist Mitglied des Deutschen Freidenker-Verbandes und seines Beirats<\/em><\/p>\n<hr \/>\n<p><span style=\"font-size: 10pt;\">Bild oben: Thomas R\u00f6per und Alina Lipp<\/span><br \/>\n<span style=\"font-size: 10pt;\">Foto: Screenshot aus dem Vorschaubild eines Videos\u00a0 von anri-spiegel.tv (<a href=\"https:\/\/anti-spiegel.ru\/2024\/anti-spiegel-tv-25-mit-alina-lipp-ist-nun-auch-hier-online\/\" target=\"_blank\" rel=\"noopener\">anti-spiegel.tv #25<\/a>, 08.01.2024)<\/span><\/p>\n","protected":false},"excerpt":{"rendered":"<p><b>Eine solidarische Stellungnahme von Wolfgang Bittner<\/b><br \/>\nWer nicht spurt, kann in der \u201eliberalen Demokratie\u201c, in der wir nach Ansicht der f\u00fchrenden Berliner Politiker leben, eingesch\u00fcchtert, bestraft oder ausgeschaltet werden, sei es durch widerrechtlich angeordnete Hausdurchsuchungen, durch Geldstrafen oder \u2013 wie es in einzelnen F\u00e4llen vorgekommen ist \u2013 durch Haft. Die Ausw\u00fcchse mehren sich. Einen gravierenden Eingriff in die Meinungs- und Pressefreiheit, der eine neue Dimension der rechtswidrigen Bedrohung und Bestrafung regierungskritischer Journalisten und ihrer Unterst\u00fctzer bedeutet, unternahm die Europ\u00e4ische Union im Rahmen ihres am 20. Mai 2025 beschlossenen 17. Sanktionspakets gegen Russland. <\/p>\n","protected":false},"author":3,"featured_media":21950,"comment_status":"closed","ping_status":"closed","sticky":false,"template":"","format":"standard","meta":{"colormag_page_container_layout":"default_layout","colormag_page_sidebar_layout":"default_layout","advanced_seo_description":"","jetpack_seo_html_title":"","jetpack_seo_noindex":false,"jetpack_post_was_ever_published":false,"footnotes":""},"categories":[12],"tags":[976,162,1523,1749,163,395,596,719,1855,2146],"class_list":["post-21949","post","type-post","status-publish","format-standard","has-post-thumbnail","hentry","category-demokratie-medien-aufklaerung","tag-buergerrechte","tag-demokratie","tag-falschinformation","tag-gerichtsbarkeit","tag-liberalismus","tag-meinungsfreiheit","tag-pressefreiheit","tag-sanktionen","tag-verbot","tag-vermoegenswerte"],"jetpack_featured_media_url":"https:\/\/i0.wp.com\/www.freidenker.org\/fw17\/wp-content\/uploads\/2025\/05\/roeper_lipp_as25_800x450.jpg?fit=800%2C450&ssl=1","jetpack_shortlink":"https:\/\/wp.me\/p9stpK-5I1","jetpack-related-posts":[{"id":24264,"url":"https:\/\/www.freidenker.org\/?p=24264","url_meta":{"origin":21949,"position":0},"title":"Das neue deutsche Zensurgesetz bedeutet das Ende von Meinungs- und Pressefreiheit","author":"Webredaktion","date":"23. Januar 2026","format":false,"excerpt":"Beitrag von Anti-Spiegel (d.i. Thomas R\u00f6per) In Deutschland soll im Zuge der Umsetzung einer EU-Richtlinie nun das Politische-Werbung-Transparenz-Gesetz eingef\u00fchrt werden, das nicht nur die Meinungs- und Pressefreiheit, sondern auch den journalistischen Quellenschutz und damit den kritischen Journalismus selbst endg\u00fcltig begraben wird. [...] Im Oktober hat die EU die Verordnung \u00fcber\u2026","rel":"","context":"In &quot;Demokratie \u2013 Medien \u2013 Aufkl\u00e4rung&quot;","block_context":{"text":"Demokratie \u2013 Medien \u2013 Aufkl\u00e4rung","link":"https:\/\/www.freidenker.org\/?cat=12"},"img":{"alt_text":"","src":"https:\/\/i0.wp.com\/www.freidenker.org\/fw17\/wp-content\/uploads\/2026\/01\/zensur-klebeband_800x450.jpg?fit=800%2C450&ssl=1&resize=350%2C200","width":350,"height":200,"srcset":"https:\/\/i0.wp.com\/www.freidenker.org\/fw17\/wp-content\/uploads\/2026\/01\/zensur-klebeband_800x450.jpg?fit=800%2C450&ssl=1&resize=350%2C200 1x, https:\/\/i0.wp.com\/www.freidenker.org\/fw17\/wp-content\/uploads\/2026\/01\/zensur-klebeband_800x450.jpg?fit=800%2C450&ssl=1&resize=525%2C300 1.5x, https:\/\/i0.wp.com\/www.freidenker.org\/fw17\/wp-content\/uploads\/2026\/01\/zensur-klebeband_800x450.jpg?fit=800%2C450&ssl=1&resize=700%2C400 2x"},"classes":[]},{"id":13106,"url":"https:\/\/www.freidenker.org\/?p=13106","url_meta":{"origin":21949,"position":1},"title":"Aufgabe von Journalisten ist es nicht, Kriege zu gewinnen","author":"Webredaktion","date":"14. Mai 2022","format":false,"excerpt":"Nachdenken \u00fcber die Pressefreiheit Beitrag von Rainer Rupp Der diesj\u00e4hrige Bundespresseball im Berliner Luxushotel Adlon Kempinski war der allseits bewunderten \"jungen und lebendigen Demokratie Ukraine\" und \"deren Pressefreiheit\" gewidmet. Star dieser Feier mit 1.800 handverlesenen G\u00e4sten war der ukrainische Botschafter in Berlin, Dr. Andrij Melnyk. Ein Mann, der Deutschland provoziert\u2026","rel":"","context":"In &quot;Demokratie \u2013 Medien \u2013 Aufkl\u00e4rung&quot;","block_context":{"text":"Demokratie \u2013 Medien \u2013 Aufkl\u00e4rung","link":"https:\/\/www.freidenker.org\/?cat=12"},"img":{"alt_text":"","src":"https:\/\/i0.wp.com\/www.freidenker.org\/fw17\/wp-content\/uploads\/2022\/05\/Andrij_Melnyk_800x450.jpg?fit=800%2C450&ssl=1&resize=350%2C200","width":350,"height":200,"srcset":"https:\/\/i0.wp.com\/www.freidenker.org\/fw17\/wp-content\/uploads\/2022\/05\/Andrij_Melnyk_800x450.jpg?fit=800%2C450&ssl=1&resize=350%2C200 1x, https:\/\/i0.wp.com\/www.freidenker.org\/fw17\/wp-content\/uploads\/2022\/05\/Andrij_Melnyk_800x450.jpg?fit=800%2C450&ssl=1&resize=525%2C300 1.5x, https:\/\/i0.wp.com\/www.freidenker.org\/fw17\/wp-content\/uploads\/2022\/05\/Andrij_Melnyk_800x450.jpg?fit=800%2C450&ssl=1&resize=700%2C400 2x"},"classes":[]},{"id":20117,"url":"https:\/\/www.freidenker.org\/?p=20117","url_meta":{"origin":21949,"position":2},"title":"Arnold Sch\u00f6lzel: Medien in Krisen- und Kriegszeiten","author":"Webredaktion","date":"18. Oktober 2024","format":false,"excerpt":"Wie Propaganda und Zensur Demokratie und Gesellschaft zerst\u00f6ren Freitag 15.11.2024, 19 Uhr, EineWeltHaus M\u00fcnchen, Gro\u00dfer Saal, Schwanthalerstr. 80, 80336 M\u00fcnchen Die deutsche Debatte \u00fcber den Ukrainekrieg ist einseitig gepr\u00e4gt von Kriegsbef\u00fcrwortung und -propaganda, Waffenlieferungen, Feindbild-denken und Russenfurcht. Ein offener Diskurs, der unterschiedliche Auffassungen gleichberichtigt zur Sprache bringen w\u00fcrde, findet nicht\u2026","rel":"","context":"In &quot;Veranstaltungen in den DFV-Landesverb\u00e4nden&quot;","block_context":{"text":"Veranstaltungen in den DFV-Landesverb\u00e4nden","link":"https:\/\/www.freidenker.org\/?cat=19"},"img":{"alt_text":"","src":"https:\/\/i0.wp.com\/www.freidenker.org\/fw17\/wp-content\/uploads\/2024\/10\/schoelzel_medien_in_krisenzeiten.jpg?fit=800%2C445&ssl=1&resize=350%2C200","width":350,"height":200,"srcset":"https:\/\/i0.wp.com\/www.freidenker.org\/fw17\/wp-content\/uploads\/2024\/10\/schoelzel_medien_in_krisenzeiten.jpg?fit=800%2C445&ssl=1&resize=350%2C200 1x, https:\/\/i0.wp.com\/www.freidenker.org\/fw17\/wp-content\/uploads\/2024\/10\/schoelzel_medien_in_krisenzeiten.jpg?fit=800%2C445&ssl=1&resize=525%2C300 1.5x, https:\/\/i0.wp.com\/www.freidenker.org\/fw17\/wp-content\/uploads\/2024\/10\/schoelzel_medien_in_krisenzeiten.jpg?fit=800%2C445&ssl=1&resize=700%2C400 2x"},"classes":[]},{"id":11154,"url":"https:\/\/www.freidenker.org\/?p=11154","url_meta":{"origin":21949,"position":3},"title":"Journalismus als Blase: Wie der DJV die Pressefreiheit interpretiert","author":"Webredaktion","date":"31. August 2021","format":false,"excerpt":"Beitrag von Gerd Ewen Ungar An den gro\u00dfen Ersch\u00fctterungen, an Finanzkrise, Ukrainekrise, an der Berichterstattung \u00fcber Syrien oder jetzt Afghanistan wird deutlich: Dem deutschen Journalismus fehlt es an ganz viel. Es fehlt an Ausgewogenheit, an Differenziertheit und Vielfalt in der Themensetzung und in der Setzung von Blickwinkeln. Seinen Meinungsbeitr\u00e4gen fehlt\u2026","rel":"","context":"In &quot;Zeit der Verleumder - Freidenker f\u00fcr Klartext&quot;","block_context":{"text":"Zeit der Verleumder - Freidenker f\u00fcr Klartext","link":"https:\/\/www.freidenker.org\/?cat=937"},"img":{"alt_text":"","src":"https:\/\/i0.wp.com\/www.freidenker.org\/fw17\/wp-content\/uploads\/2021\/08\/klartext_pressefreiheit_800x450.jpg?fit=800%2C450&ssl=1&resize=350%2C200","width":350,"height":200,"srcset":"https:\/\/i0.wp.com\/www.freidenker.org\/fw17\/wp-content\/uploads\/2021\/08\/klartext_pressefreiheit_800x450.jpg?fit=800%2C450&ssl=1&resize=350%2C200 1x, https:\/\/i0.wp.com\/www.freidenker.org\/fw17\/wp-content\/uploads\/2021\/08\/klartext_pressefreiheit_800x450.jpg?fit=800%2C450&ssl=1&resize=525%2C300 1.5x, https:\/\/i0.wp.com\/www.freidenker.org\/fw17\/wp-content\/uploads\/2021\/08\/klartext_pressefreiheit_800x450.jpg?fit=800%2C450&ssl=1&resize=700%2C400 2x"},"classes":[]},{"id":22273,"url":"https:\/\/www.freidenker.org\/?p=22273","url_meta":{"origin":21949,"position":4},"title":"Compact-Verbot aufgehoben \u2013 Urteil pro Pressefreiheit mit Beigeschmack","author":"Webredaktion","date":"3. Juli 2025","format":false,"excerpt":"Kommentar von Tilo Gr\u00e4ser. Fast ein Jahr, nachdem die damalige Bundesinnenministerin Nancy Faeser (SPD) am 16. Juli 2024 das Magazin Compact, dessen Verlag und eine dazu geh\u00f6rige Filmfirma verbieten lie\u00df, hat nun das Bundesverwaltungsgericht (BVerwG) in Leipzig das Verbot endg\u00fcltig aufgehoben. Damit war die Klage des Verlages Compact-Magazin GmbH und\u2026","rel":"","context":"In &quot;Demokratie \u2013 Medien \u2013 Aufkl\u00e4rung&quot;","block_context":{"text":"Demokratie \u2013 Medien \u2013 Aufkl\u00e4rung","link":"https:\/\/www.freidenker.org\/?cat=12"},"img":{"alt_text":"","src":"https:\/\/i0.wp.com\/www.freidenker.org\/fw17\/wp-content\/uploads\/2025\/07\/collage_compact_800x450.jpg?fit=800%2C450&ssl=1&resize=350%2C200","width":350,"height":200,"srcset":"https:\/\/i0.wp.com\/www.freidenker.org\/fw17\/wp-content\/uploads\/2025\/07\/collage_compact_800x450.jpg?fit=800%2C450&ssl=1&resize=350%2C200 1x, https:\/\/i0.wp.com\/www.freidenker.org\/fw17\/wp-content\/uploads\/2025\/07\/collage_compact_800x450.jpg?fit=800%2C450&ssl=1&resize=525%2C300 1.5x, https:\/\/i0.wp.com\/www.freidenker.org\/fw17\/wp-content\/uploads\/2025\/07\/collage_compact_800x450.jpg?fit=800%2C450&ssl=1&resize=700%2C400 2x"},"classes":[]},{"id":22865,"url":"https:\/\/www.freidenker.org\/?p=22865","url_meta":{"origin":21949,"position":5},"title":"Die L\u00f6sung f\u00fcr unsere Probleme: Eine funktionierende Gewaltenteilung","author":"Webredaktion","date":"16. September 2025","format":false,"excerpt":"Beitrag von Jimmy C. Gerum und Jan Veil Wesentliche Grundvoraussetzung f\u00fcr eine funktionierende staatliche Gewaltenteilung ist ein \u00d6RR, der seinen in den Medienstaatsvertr\u00e4gen festgelegten Verpflichtungen tats\u00e4chlich gerecht wird. Eben diese werden Gegenstand im Revisionsverfahren gegen die einseitige Berichterstattung des \u00d6RR in vielen gesellschaftspolitischen Bereichen sein, das vor dem Bundesverwaltungsgericht in\u2026","rel":"","context":"In &quot;Demokratie \u2013 Medien \u2013 Aufkl\u00e4rung&quot;","block_context":{"text":"Demokratie \u2013 Medien \u2013 Aufkl\u00e4rung","link":"https:\/\/www.freidenker.org\/?cat=12"},"img":{"alt_text":"","src":"https:\/\/i0.wp.com\/www.freidenker.org\/fw17\/wp-content\/uploads\/2025\/09\/Bundesverwaltungsgericht_Detail_800x450.jpg?fit=800%2C450&ssl=1&resize=350%2C200","width":350,"height":200,"srcset":"https:\/\/i0.wp.com\/www.freidenker.org\/fw17\/wp-content\/uploads\/2025\/09\/Bundesverwaltungsgericht_Detail_800x450.jpg?fit=800%2C450&ssl=1&resize=350%2C200 1x, https:\/\/i0.wp.com\/www.freidenker.org\/fw17\/wp-content\/uploads\/2025\/09\/Bundesverwaltungsgericht_Detail_800x450.jpg?fit=800%2C450&ssl=1&resize=525%2C300 1.5x, https:\/\/i0.wp.com\/www.freidenker.org\/fw17\/wp-content\/uploads\/2025\/09\/Bundesverwaltungsgericht_Detail_800x450.jpg?fit=800%2C450&ssl=1&resize=700%2C400 2x"},"classes":[]}],"_links":{"self":[{"href":"https:\/\/www.freidenker.org\/index.php?rest_route=\/wp\/v2\/posts\/21949","targetHints":{"allow":["GET"]}}],"collection":[{"href":"https:\/\/www.freidenker.org\/index.php?rest_route=\/wp\/v2\/posts"}],"about":[{"href":"https:\/\/www.freidenker.org\/index.php?rest_route=\/wp\/v2\/types\/post"}],"author":[{"embeddable":true,"href":"https:\/\/www.freidenker.org\/index.php?rest_route=\/wp\/v2\/users\/3"}],"replies":[{"embeddable":true,"href":"https:\/\/www.freidenker.org\/index.php?rest_route=%2Fwp%2Fv2%2Fcomments&post=21949"}],"version-history":[{"count":1,"href":"https:\/\/www.freidenker.org\/index.php?rest_route=\/wp\/v2\/posts\/21949\/revisions"}],"predecessor-version":[{"id":21951,"href":"https:\/\/www.freidenker.org\/index.php?rest_route=\/wp\/v2\/posts\/21949\/revisions\/21951"}],"wp:featuredmedia":[{"embeddable":true,"href":"https:\/\/www.freidenker.org\/index.php?rest_route=\/wp\/v2\/media\/21950"}],"wp:attachment":[{"href":"https:\/\/www.freidenker.org\/index.php?rest_route=%2Fwp%2Fv2%2Fmedia&parent=21949"}],"wp:term":[{"taxonomy":"category","embeddable":true,"href":"https:\/\/www.freidenker.org\/index.php?rest_route=%2Fwp%2Fv2%2Fcategories&post=21949"},{"taxonomy":"post_tag","embeddable":true,"href":"https:\/\/www.freidenker.org\/index.php?rest_route=%2Fwp%2Fv2%2Ftags&post=21949"}],"curies":[{"name":"wp","href":"https:\/\/api.w.org\/{rel}","templated":true}]}}