{"id":21946,"date":"2025-05-27T01:38:59","date_gmt":"2025-05-26T23:38:59","guid":{"rendered":"https:\/\/www.freidenker.org\/?p=21946"},"modified":"2025-06-25T19:24:21","modified_gmt":"2025-06-25T17:24:21","slug":"friedensmacht-europa","status":"publish","type":"post","link":"https:\/\/www.freidenker.org\/?p=21946","title":{"rendered":"Friedensmacht Europa?"},"content":{"rendered":"<p><em>von <strong>J\u00fcrgen Rose<\/strong><\/em><\/p>\n<p><span style=\"font-size: 10pt;\">Erstver\u00f6ffentlichung in Ossietzky <a href=\"https:\/\/www.ossietzky.net\/artikel\/friedensmacht-europa\/\" target=\"_blank\" rel=\"noopener\">08\/2025<\/a><\/span><\/p>\n<p>Welchem Ma\u00dfstab m\u00fcsste eine \u00bbEurop\u00e4ische Verteidigungsunion\u00ab gen\u00fcgen und nach welchen Kriterien w\u00e4re sie zu konstruieren? Der konzeptionelle Schl\u00fcsselbegriff diesbez\u00fcglich muss lauten: Begrenzung \u2013 und zwar in mehrfacher Hinsicht: Wie Egon Bahr postulierte, stellt, erstens, die Conditio sine qua non fraglos die strikte Bindung an das V\u00f6lkerrecht dar \u2013 und zwar des in der Charta der Vereinten Nationen definierten, nicht des von juristischen Zuh\u00e4ltern nach der jeweiligen Interessenlage des US-Hegemonen zurechtgebogenen. Im Klartext: Im Rahmen einer zuk\u00fcnftigen \u00bbEurop\u00e4ischen Verteidigungsunion\u00ab d\u00fcrfte milit\u00e4rische Gewaltanwendung ausschlie\u00dflich entweder auf der Grundlage eines eindeutig erteilten Mandates des UN-Sicherheitsrates respektive alternativ der OSZE als regionaler Abmachung der Vereinten Nationen erfolgen oder aber im Rahmen individueller bzw. kollektiver Selbstverteidigung gem\u00e4\u00df Art. 51 der Satzung der Vereinten Nationen (SVN). Unzweifelhaft ausgeschlossen bleiben m\u00fcsste jegliche Form der Selbsterm\u00e4chtigung, wie sie in der Vergangenheit bereits mehrfach durch die US-dominierte Nato praktiziert wurde. Letzteres wiederum erfordert, zweitens, zwingend, dass in jedem Fall des Einsatzes bewaffneter Streitkr\u00e4fte der Europ\u00e4ischen Union zuvor seitens des Europ\u00e4ischen Parlamentes die konstitutive Zustimmung erteilt wurde, ganz so wie das Bundesverfassungsgericht in Karlsruhe dies in der Vergangenheit f\u00fcr entsprechende Bundeswehreins\u00e4tze normiert hat.<\/p>\n<p>Dar\u00fcber hinaus b\u00f6te, drittens, die Entnationalisierung der Streitkr\u00e4fte einer Europ\u00e4ischen Verteidigungsunion, deren Einsatz jeweils einen Konsens innerhalb der Europ\u00e4ischen Kommission und damit indirekt zugleich der 27 Mitgliedsstaaten der Europ\u00e4ischen Union voraussetzte, einen sehr wirksamen Schutzmechanismus vor enthemmten Milit\u00e4rinterventionen globalen Ausma\u00dfes.<\/p>\n<p>Des Weiteren w\u00e4ren die Mitgliedstaaten der Europ\u00e4ischen Union gefordert, ihre gemeinsamen au\u00dfen- und sicherheitspolitischen Interessen, also Gegenstand und Geltungsbereich einer zuk\u00fcnftigen Europ\u00e4ischen Verteidigungsunion, zu definieren. Das bedeutet zum einen, dass, viertens, der milit\u00e4rische Interessenhorizont der Europ\u00e4ischen Union keinesfalls globale Dimension besitzt, sondern regional begrenzt bleibt. Die Sicherheit der Europ\u00e4ischen Union wird eben gerade nicht durch sicherheitspolitische Ersatzhandlungen \u00bbam Hindukusch\u00ab verteidigt, wie ein bundesdeutscher Verteidigungsminister dereinst weiszumachen versuchte. Die f\u00fcr Europa sicherheitspolitisch relevanten Problemlagen existieren an seiner Peripherie, das hei\u00dft im Osten und im Mittelmeerraum, dem europ\u00e4ischen \u00bbMare Nostrum\u00ab.<\/p>\n<p>Wie nicht zuletzt die Kriege in Syrien und der Ukraine belegen, entziehen sich all die politischen, \u00f6konomischen, demographischen und \u00f6kologischen Probleme und Konflikte a priori einer L\u00f6sung mit milit\u00e4rischen Mitteln. Deshalb gilt es besonderes Augenmerk auf die traditionellen St\u00e4rken der Europ\u00e4ischen Union zu richten, n\u00e4mlich geduldige Diplomatie, multilaterale Konfliktl\u00f6sung, St\u00e4rkung der Vereinten Nationen, kurzum: m\u00fchsame Friedensarbeit. Unabdingbar hierf\u00fcr ist die schnellstm\u00f6gliche R\u00fcckkehr zu den \u00bbPrinzipien\u00ab der Entspannungspolitik. Die Verh\u00e4ltnisse heute sind anders als in den 1970er-Jahren, aber an den Prinzipien hat sich nichts ver\u00e4ndert. Prinzipien bedeuten, dass man immer auch die Interessen der anderen Seite sehen muss. Man muss sich bem\u00fchen, herauszufinden, ob es gemeinsame Interessen gibt, und wenn es diese gibt, nach ihnen handeln. Es gilt, Felder der Kooperation zu entwickeln, auf denen man zusammenarbeiten kann. Die Voraussetzung daf\u00fcr ist ein Mindestma\u00df an gegenseitigem Vertrauen. Die unabdingbare materielle Unterf\u00fctterung derartiger Friedenspolitik vermag das erhebliche \u00f6konomische Potential zu leisten, das die Europ\u00e4ische Union hierzu in die Waagschale werfen kann und das den Vergleich mit demjenigen der USA mitnichten zu scheuen braucht. Nicht die \u00bbEnttabuisierung des Milit\u00e4rischen\u00ab ist in diesem Kontext demnach gefragt, sondern die R\u00fcckbesinnung auf eine der Vernunft und der Humanit\u00e4t verpflichtete \u00bbKultur der Zur\u00fcckhaltung\u00ab.<\/p>\n<p>Dennoch kann es Situationen geben, in denen der R\u00fcckgriff auf das milit\u00e4rische Potential einer zuk\u00fcnftigen Europ\u00e4ischen Verteidigungsunion die letzte Option darstellt, um einen Konflikt, der bereits eskaliert ist oder unmittelbar zu eskalieren droht, soweit zu sedieren, dass Diplomatie \u00fcberhaupt wieder eine Chance hat \u2013 die 2003 unter der \u00c4gide der Europ\u00e4ischen Union in Mazedonien stattgefundene \u00bbMission Concordia\u00ab oder auch die erfolgreich abgeschlossene Mission zur Absicherung der demokratischen Wahlen im Kongo im selben Jahr m\u00f6gen einen Eindruck hiervon vermitteln.<\/p>\n<p>Es gilt also, f\u00fcnftens, dass milit\u00e4risches Dominanzstreben oder gar militaristischer Gr\u00f6\u00dfenwahn \u00e0 la USA der Raison d\u2019\u00eatre einer zuk\u00fcnftigen Europ\u00e4ischen Verteidigungsunion v\u00f6llig zuwiderlaufen w\u00fcrde. Mittlerweile offenbart sich doch immer deutlicher, dass die Absurdit\u00e4t einer derartigen Politik allererst diejenigen Probleme generiert, die zu bew\u00e4ltigen sie vorgibt. Das koloniale Abenteuer der USA und ihrer Vasallen im Irak illustriert bis auf den heutigen Tag eindr\u00fccklich, wo die Gefahren liegen. Und auch in Afghanistan sind die Hilfstruppen der Nato gemeinsam mit ihrer F\u00fchrungsmacht mit Volldampf in eine verheerende Niederlage gerauscht.<\/p>\n<p>Dies wiederum bedeutet, keinesfalls einer verengten milit\u00e4rischen Sichtweise anheimzufallen und in der Folge dann nach dem Muster USA jedes politische Problem als Nagel zu definieren, blo\u00df weil man \u00fcber einen schlagkr\u00e4ftigen milit\u00e4rischen Hammer verf\u00fcgt. Es kann gerade nicht um Hegemonie oder gar Imperialismus qua milit\u00e4rischer Machtentfaltung gehen, sondern, im Gegenteil, um die friedenssichernde und friedensvertr\u00e4gliche Beschr\u00e4nkung der milit\u00e4rstrategischen Ambitionen der Europ\u00e4ischen Union. F\u00fcr die Europ\u00e4ische Union ergibt sich daraus die Konsequenz, Abstand zu den USA zu halten, sich gegen\u00fcber der \u00fcbrigen Welt als eigenst\u00e4ndiger Akteur zu pr\u00e4sentieren sowie glaubw\u00fcrdige politische und \u00f6konomische Alternativen anzubieten. F\u00fcr eine solcherma\u00dfen ausgerichtete Politik im internationalen System gelten folgende vier Prinzipien: Frieden durch kollektive und gemeinsame Sicherheit, Abr\u00fcstung und strukturelle Nichtangriffsf\u00e4higkeit. \u00bbStrukturelle Nichtangriffsf\u00e4higkeit\u00ab auf EU-Ebene hie\u00dfe: Austritt der einzelnen Mitgliedstaaten aus den milit\u00e4rischen Strukturen der Nato, strikte Verteidigungsdoktrin, absolute Bindung an das V\u00f6lkerrecht, Abr\u00fcstungsinitiativen und die Aufgabe von Atomwaffen.<\/p>\n<p>Nicht \u00bbFrieden schaffen mit aller Gewalt\u00ab, sondern: \u00bbDer Friede ist der Ernstfall\u00ab (Gustav Heinemann), muss also, sechstens, die Devise lauten. Jedes alternative Sicherheitskonzept hat die Kriegsuntauglichkeit der europ\u00e4ischen Industriegesellschaften in den Mittelpunkt zu stellen, denn im Falle eines gro\u00dfen konventionell oder atomar gef\u00fchrten Krieges werden Industrie und \u00fcberlebensnotwendige Infrastrukturen gr\u00f6\u00dftenteils vernichtet und die Umwelt gro\u00dffl\u00e4chig vergiftet, zerst\u00f6rt und unbewohnbar.<\/p>\n<p>Friede als Ernstfall wiederum bedingt, siebtens, dass die Europ\u00e4ische Union als V\u00f6lkerrechtssubjekt den v\u00f6lkerrechtlichen Status der Neutralit\u00e4t erkl\u00e4rt und einnimmt. Zugleich impliziert dies, dass eine zuk\u00fcnftige Europ\u00e4ische Verteidigungsunion den Status bewaffneter Neutralit\u00e4t wahrt. Im v\u00f6lkerrechtlichen Sinne wird Neutralit\u00e4t heute vor allem milit\u00e4risch definiert: Neutral ist, wer keiner offensiv kriegf\u00fchrenden Kriegspartei oder keinem milit\u00e4rischen B\u00fcndnis angeh\u00f6rt. Milit\u00e4rische Verteidigung ist einem Neutralen aber erlaubt, in gewissen F\u00e4llen ist er sogar dazu verpflichtet. Desgleichen schlie\u00dft Neutralit\u00e4t keineswegs die aktive Mitwirkung an Ma\u00dfnahmen im Rahmen und strikt nach den Regeln der Charta der Vereinten Nationen aus. Freilich m\u00fcsste die Europ\u00e4ische Union entsprechend den in den Haager Friedenskonferenzen von 1899 und 1907 festgelegten Prinzipen bereits in Friedenszeiten ihre gemeinsame Au\u00dfen- und Sicherheitspolitik so betreiben, dass sie im Falle eines bewaffneten Konfliktes glaubhaft darlegen kann, keine der Konfliktparteien zu bevorzugen oder zu benachteiligen sowie an keinen Kampfhandlungen teilzunehmen oder gar sie zu f\u00f6rdern. Aus dem Prinzip der B\u00fcndnisfreiheit folgt selbstredend zwingend der Austritt der Europ\u00e4ischen Union und ihrer Mitgliedstaaten aus dem klassischen Milit\u00e4rb\u00fcndnis der Nato.<\/p>\n<p>Davon abgesehen betrifft ein v\u00f6lkerrechtlicher Neutralit\u00e4tsstatus nicht allein milit\u00e4rische Angelegenheiten, sondern ebenso wirtschaftliche Beziehungen, die neutral zu gestalten sind. Die Politik eines Neutralen umfasst somit nicht nur die formale B\u00fcndnisfreiheit, sondern auch das Glaubhaftmachen der neutralen Haltung. Die Vorteile einer derartigen Neutralit\u00e4tspolitik liegen auf der Hand: Erstens werden Neutrale, da sie sich nicht an Milit\u00e4rb\u00fcndnissen beteiligen, von Gegnern dieser B\u00fcndnisse in der Regel nicht als Bedrohung wahrgenommen und daher nicht angegriffen. Und zweitens k\u00f6nnen Neutrale durch aktive Neutralit\u00e4tspolitik zur Stabilisierung von internationalen Krisen beitragen und bieten sich als Austragungsorte f\u00fcr Verhandlungen zwischen verfeindeten B\u00fcndnissen an.<\/p>\n<p>F\u00fcr eine auf den Status \u00bbimmerw\u00e4hrender Neutralit\u00e4t\u00ab verpflichtete Europ\u00e4ische Verteidigungsunion kann somit lediglich ein milit\u00e4risches Residualpotential als legitim erscheinen, das gleichwohl einer strategisch begrenzten Zielsetzung operativ gen\u00fcgen muss. Aus bitterer historischer Erfahrung heraus hat das alte Europa vor allem der Maxime zu folgen: \u00bbFrieden schaffen mit m\u00f6glichst wenigen Waffen\u00ab, auch wenn angesichts des nunmehr schon Jahre dauernden Mordens auf den Schlachtfeldern im Osten gegenw\u00e4rtig Militarismus, Waffenwahn, Schwertglauben und Siegesillusionen fr\u00f6hliche Urst\u00e4nd feiern. Wenn der deutschen und der europ\u00e4ischen \u00d6ffentlichkeit am Projekt einer neutralen und unparteiischen Friedensmacht Europa gelegen ist, die sich auf den langen Marsch zu einem demokratischen, sozialen und \u00f6kologischen Universalismus begibt, so ist sie zweifelsohne gut beraten, die Vision einer \u00bbEurop\u00e4ischen Sicherheits- und Verteidigungsunion\u00ab st\u00e4ndig kritisch, fast m\u00f6chte man sagen: misstrauisch zu begleiten.<\/p>\n<p style=\"text-align: right;\"><em>Oberstleutnant a.D. J\u00fcrgen Rose ist Vorsitzender des Arbeitskreises &#8222;Darmst\u00e4dter Signal&#8220; und Mitglied des Beirats des Deutschen Freidenker-Verbandes<\/em><\/p>\n<hr \/>\n<p><span style=\"font-size: 10pt;\">Bild oben: <a href=\"https:\/\/pixabay.com\/de\/photos\/globus-geologie-karte-planet-6718858\/\" target=\"_blank\" rel=\"noopener\">pixabay.com<\/a> \/ <a class=\"userName--owby3\" href=\"https:\/\/pixabay.com\/de\/users\/phtorxp-3603324\/\" target=\"_blank\" rel=\"noopener\">phtorxp<\/a> \/ <a href=\"https:\/\/pixabay.com\/de\/service\/license-summary\/\" target=\"_blank\" rel=\"noopener\">Inhaltslizenz<\/a><\/span><\/p>\n","protected":false},"excerpt":{"rendered":"<p><b>Beitrag von J\u00fcrgen Rose<\/b><br \/>\nWelchem Ma\u00dfstab m\u00fcsste eine \u00bbEurop\u00e4ische Verteidigungsunion\u00ab gen\u00fcgen und nach welchen Kriterien w\u00e4re sie zu konstruieren? Der konzeptionelle Schl\u00fcsselbegriff diesbez\u00fcglich muss lauten: Begrenzung \u2013 und zwar in mehrfacher Hinsicht: Wie Egon Bahr postulierte, stellt, erstens, die Conditio sine qua non fraglos die strikte Bindung an das V\u00f6lkerrecht dar \u2013 und zwar des in der Charta der Vereinten Nationen definierten, nicht des von juristischen Zuh\u00e4ltern nach der jeweiligen Interessenlage des US-Hegemonen zurechtgebogenen. Im Klartext: Im Rahmen einer zuk\u00fcnftigen \u00bbEurop\u00e4ischen Verteidigungsunion\u00ab d\u00fcrfte milit\u00e4rische Gewaltanwendung ausschlie\u00dflich entweder auf der Grundlage eines eindeutig erteilten Mandates des UN-Sicherheitsrates [&#8230;] erfolgen oder aber im Rahmen individueller bzw. kollektiver Selbstverteidigung [&#8230;]<\/p>\n","protected":false},"author":3,"featured_media":21947,"comment_status":"closed","ping_status":"closed","sticky":false,"template":"","format":"standard","meta":{"colormag_page_container_layout":"default_layout","colormag_page_sidebar_layout":"default_layout","advanced_seo_description":"","jetpack_seo_html_title":"","jetpack_seo_noindex":false,"jetpack_post_was_ever_published":false,"footnotes":""},"categories":[13],"tags":[699,1910,2181,182,335,532,1252,1955,1571,336,639,185,2523,345,1416],"class_list":["post-21946","post","type-post","status-publish","format-standard","has-post-thumbnail","hentry","category-frieden-antifaschismus-solidaritaet","tag-aussenpolitik","tag-buendnisse","tag-dominanz","tag-eu","tag-frieden","tag-illusion","tag-militaerpolitik","tag-nahostkonflikt","tag-neutralitaet","tag-syrien","tag-ukraine-konflikt","tag-usa","tag-verteidigungspolitik","tag-voelkerrecht","tag-waffen"],"jetpack_featured_media_url":"https:\/\/i0.wp.com\/www.freidenker.org\/fw17\/wp-content\/uploads\/2025\/05\/globe-6718858_800x450.jpg?fit=800%2C450&ssl=1","jetpack_shortlink":"https:\/\/wp.me\/p9stpK-5HY","jetpack-related-posts":[{"id":24770,"url":"https:\/\/www.freidenker.org\/?p=24770","url_meta":{"origin":21946,"position":0},"title":"Frieden durch \u201eKriegst\u00fcchtigkeit\u201c? Aufr\u00fcstung, Militarisierung und die neue Wehrpflicht","author":"Webredaktion","date":"31. M\u00e4rz 2026","format":false,"excerpt":"Pressemitteilung vom 30.03.2026 Veranstaltung mit Bundeswehrmajor a. D. Florian D. Pfaff am 28.03.2026 in Schweinfurt Auf Einladung von NachDenkSeiten-Gespr\u00e4chskreis Schweinfurt\/W\u00fcrzburg und Deutschem Freidenker-Ortsverband Schweinfurt\/W\u00fcrzburg kam am Samstag, dem 28. M\u00e4rz 2026 der Bundeswehrmajor a. D. Florian D. Pfaff von der Friedensinitiative Rosenheim nach Schweinfurt. Vor 35 interessierten Zuh\u00f6rern sprach der\u2026","rel":"","context":"In &quot;Frieden - Antifaschismus - Solidarit\u00e4t&quot;","block_context":{"text":"Frieden - Antifaschismus - Solidarit\u00e4t","link":"https:\/\/www.freidenker.org\/?cat=13"},"img":{"alt_text":"","src":"https:\/\/i0.wp.com\/www.freidenker.org\/fw17\/wp-content\/uploads\/2026\/03\/Pfaff_Schweinfurt_IMG_6677_800x450.jpg?fit=800%2C450&ssl=1&resize=350%2C200","width":350,"height":200,"srcset":"https:\/\/i0.wp.com\/www.freidenker.org\/fw17\/wp-content\/uploads\/2026\/03\/Pfaff_Schweinfurt_IMG_6677_800x450.jpg?fit=800%2C450&ssl=1&resize=350%2C200 1x, https:\/\/i0.wp.com\/www.freidenker.org\/fw17\/wp-content\/uploads\/2026\/03\/Pfaff_Schweinfurt_IMG_6677_800x450.jpg?fit=800%2C450&ssl=1&resize=525%2C300 1.5x, https:\/\/i0.wp.com\/www.freidenker.org\/fw17\/wp-content\/uploads\/2026\/03\/Pfaff_Schweinfurt_IMG_6677_800x450.jpg?fit=800%2C450&ssl=1&resize=700%2C400 2x"},"classes":[]},{"id":13169,"url":"https:\/\/www.freidenker.org\/?p=13169","url_meta":{"origin":21946,"position":1},"title":"Veranstaltungsvideo: Der Krieg in der Ukraine und wir","author":"Webredaktion","date":"19. Mai 2022","format":false,"excerpt":"In der Kulturwerkstatt Beckingen im Saarland fand am 15. Mai 2022 eine Sonntagsmatin\u00e9e statt, veranstaltet vom Freidenker-Landesverband Rheinland-Pfalz \/Saarland. Klaus Hartmann, stellv. Vorsitzender des Deutschen Freidenker-Verbandes ging auf die zahlreichen Fragen der \u00fcber 20 Teilnehmer ein, schwerpunktm\u00e4\u00dfig die v\u00f6lkerrechtlichen Aspekte des russischen Eingreifens in den Krieg, die westliche russophobe Propaganda\u2026","rel":"","context":"In &quot;Frieden - Antifaschismus - Solidarit\u00e4t&quot;","block_context":{"text":"Frieden - Antifaschismus - Solidarit\u00e4t","link":"https:\/\/www.freidenker.org\/?cat=13"},"img":{"alt_text":"","src":"https:\/\/i0.wp.com\/www.freidenker.org\/fw17\/wp-content\/uploads\/2022\/05\/KH_Ukraine_und_wir_3_800x450.jpg?fit=800%2C450&ssl=1&resize=350%2C200","width":350,"height":200,"srcset":"https:\/\/i0.wp.com\/www.freidenker.org\/fw17\/wp-content\/uploads\/2022\/05\/KH_Ukraine_und_wir_3_800x450.jpg?fit=800%2C450&ssl=1&resize=350%2C200 1x, https:\/\/i0.wp.com\/www.freidenker.org\/fw17\/wp-content\/uploads\/2022\/05\/KH_Ukraine_und_wir_3_800x450.jpg?fit=800%2C450&ssl=1&resize=525%2C300 1.5x, https:\/\/i0.wp.com\/www.freidenker.org\/fw17\/wp-content\/uploads\/2022\/05\/KH_Ukraine_und_wir_3_800x450.jpg?fit=800%2C450&ssl=1&resize=700%2C400 2x"},"classes":[]},{"id":22222,"url":"https:\/\/www.freidenker.org\/?p=22222","url_meta":{"origin":21946,"position":2},"title":"Merz-Rede: Der (Alb-)Traum von Deutschland als Milit\u00e4rmacht ist zur\u00fcck","author":"Webredaktion","date":"26. Juni 2025","format":false,"excerpt":"Beitrag von Gert Ewen Ungar Mit einem Video, das sich \u00e4sthetisch und inhaltlich in die Tradition des Nazi-Hetzblatts Der St\u00fcrmer stellt, macht das Ausw\u00e4rtige Amt unter F\u00fchrung von Johann Wadephul die Welt mit dem au\u00dfenpolitischen Teil der Regierungserkl\u00e4rung von\u00a0Friedrich Merz vertraut. Die \u00dcbernahme von Ton und \u00c4sthetik der nationalsozialistischen Propaganda\u2026","rel":"","context":"In &quot;Demokratie \u2013 Medien \u2013 Aufkl\u00e4rung&quot;","block_context":{"text":"Demokratie \u2013 Medien \u2013 Aufkl\u00e4rung","link":"https:\/\/www.freidenker.org\/?cat=12"},"img":{"alt_text":"","src":"https:\/\/i0.wp.com\/www.freidenker.org\/fw17\/wp-content\/uploads\/2025\/06\/2024-08-21_Wahlkampf_Friedrich_Merz.jpg?fit=800%2C450&ssl=1&resize=350%2C200","width":350,"height":200,"srcset":"https:\/\/i0.wp.com\/www.freidenker.org\/fw17\/wp-content\/uploads\/2025\/06\/2024-08-21_Wahlkampf_Friedrich_Merz.jpg?fit=800%2C450&ssl=1&resize=350%2C200 1x, https:\/\/i0.wp.com\/www.freidenker.org\/fw17\/wp-content\/uploads\/2025\/06\/2024-08-21_Wahlkampf_Friedrich_Merz.jpg?fit=800%2C450&ssl=1&resize=525%2C300 1.5x, https:\/\/i0.wp.com\/www.freidenker.org\/fw17\/wp-content\/uploads\/2025\/06\/2024-08-21_Wahlkampf_Friedrich_Merz.jpg?fit=800%2C450&ssl=1&resize=700%2C400 2x"},"classes":[]},{"id":24883,"url":"https:\/\/www.freidenker.org\/?p=24883","url_meta":{"origin":21946,"position":3},"title":"Osterm\u00e4rsche 2026 in Hessen","author":"Webredaktion","date":"18. April 2026","format":false,"excerpt":"Wir berichten von einigen Veranstaltungen anl\u00e4sslich der Osterm\u00e4rsche in Hessen, an denen auch zahlreiche Mitglieder unseres Verbandes teilnahmen und mitwirkten. Der traditionelle Start der Hessischen Osterm\u00e4rsche fand auch diesmal mit dem Ostermarsch der Friedenplattform Hanau 2026 am Karfreitag (3.4.26) in Bruchk\u00f6bel statt. Die Kundgebung begann um 14:00 Uhr und stand\u2026","rel":"","context":"In &quot;Aktuelles&quot;","block_context":{"text":"Aktuelles","link":"https:\/\/www.freidenker.org\/?cat=574"},"img":{"alt_text":"","src":"https:\/\/i0.wp.com\/www.freidenker.org\/fw17\/wp-content\/uploads\/2026\/04\/OM26-Frankfurt-133056_800x450.jpg?fit=800%2C450&ssl=1&resize=350%2C200","width":350,"height":200,"srcset":"https:\/\/i0.wp.com\/www.freidenker.org\/fw17\/wp-content\/uploads\/2026\/04\/OM26-Frankfurt-133056_800x450.jpg?fit=800%2C450&ssl=1&resize=350%2C200 1x, https:\/\/i0.wp.com\/www.freidenker.org\/fw17\/wp-content\/uploads\/2026\/04\/OM26-Frankfurt-133056_800x450.jpg?fit=800%2C450&ssl=1&resize=525%2C300 1.5x, https:\/\/i0.wp.com\/www.freidenker.org\/fw17\/wp-content\/uploads\/2026\/04\/OM26-Frankfurt-133056_800x450.jpg?fit=800%2C450&ssl=1&resize=700%2C400 2x"},"classes":[]},{"id":2932,"url":"https:\/\/www.freidenker.org\/?p=2932","url_meta":{"origin":21946,"position":4},"title":"\u00c4ndert sich das V\u00f6lkerrecht?","author":"Webredaktion","date":"17. Dezember 2013","format":false,"excerpt":"Beitrag von Klaus von Raussendorff aus: FREIDENKER 4-13 Mit dem Ende des \u201eKatastrophenzeitalters\u201c (Eric Hobsbawm), das 1914 mit der Entfesselung des Ersten Weltkrieges begann und mit dem Sieg der Alliierten \u00fcber Deutschland und Japan im Zweiten Weltkrieg 1945 endete, wurde auch der Wandel zum so genannten \u201emodernen\u201c V\u00f6lkerrecht vollzogen. Die\u2026","rel":"","context":"In &quot;Demokratie \u2013 Medien \u2013 Aufkl\u00e4rung&quot;","block_context":{"text":"Demokratie \u2013 Medien \u2013 Aufkl\u00e4rung","link":"https:\/\/www.freidenker.org\/?cat=12"},"img":{"alt_text":"","src":"https:\/\/i0.wp.com\/www.freidenker.org\/fw17\/wp-content\/uploads\/2017\/12\/globe-1033435_800x445.jpg?fit=800%2C445&ssl=1&resize=350%2C200","width":350,"height":200,"srcset":"https:\/\/i0.wp.com\/www.freidenker.org\/fw17\/wp-content\/uploads\/2017\/12\/globe-1033435_800x445.jpg?fit=800%2C445&ssl=1&resize=350%2C200 1x, https:\/\/i0.wp.com\/www.freidenker.org\/fw17\/wp-content\/uploads\/2017\/12\/globe-1033435_800x445.jpg?fit=800%2C445&ssl=1&resize=525%2C300 1.5x, https:\/\/i0.wp.com\/www.freidenker.org\/fw17\/wp-content\/uploads\/2017\/12\/globe-1033435_800x445.jpg?fit=800%2C445&ssl=1&resize=700%2C400 2x"},"classes":[]},{"id":14826,"url":"https:\/\/www.freidenker.org\/?p=14826","url_meta":{"origin":21946,"position":5},"title":"Das V\u00f6lkerrecht als Buffet f\u00fcr den Westen","author":"Webredaktion","date":"16. Dezember 2022","format":false,"excerpt":"Beitrag von Dagmar Henn Es wirkt fast, als h\u00e4tten sie sich verabredet. Es ist erst wenige Tage her, dass Ex-Bundeskanzlerin Angela Merkel im Gespr\u00e4ch mit der Zeit \u00f6ffentlich erkl\u00e4rte, auch sie habe, wie Poroschenko, die Minsker Vereinbarungen nur abgeschlossen, um der Ukraine Zeit zu verschaffen; und nun twittert Au\u00dfenministerin Annalena\u2026","rel":"","context":"In &quot;Frieden - Antifaschismus - Solidarit\u00e4t&quot;","block_context":{"text":"Frieden - Antifaschismus - Solidarit\u00e4t","link":"https:\/\/www.freidenker.org\/?cat=13"},"img":{"alt_text":"","src":"https:\/\/i0.wp.com\/www.freidenker.org\/fw17\/wp-content\/uploads\/2022\/12\/Angela_Merkel_auf_Werbebanner_Berlin-Alexanderplatz_800x450.jpg?fit=800%2C450&ssl=1&resize=350%2C200","width":350,"height":200,"srcset":"https:\/\/i0.wp.com\/www.freidenker.org\/fw17\/wp-content\/uploads\/2022\/12\/Angela_Merkel_auf_Werbebanner_Berlin-Alexanderplatz_800x450.jpg?fit=800%2C450&ssl=1&resize=350%2C200 1x, https:\/\/i0.wp.com\/www.freidenker.org\/fw17\/wp-content\/uploads\/2022\/12\/Angela_Merkel_auf_Werbebanner_Berlin-Alexanderplatz_800x450.jpg?fit=800%2C450&ssl=1&resize=525%2C300 1.5x, https:\/\/i0.wp.com\/www.freidenker.org\/fw17\/wp-content\/uploads\/2022\/12\/Angela_Merkel_auf_Werbebanner_Berlin-Alexanderplatz_800x450.jpg?fit=800%2C450&ssl=1&resize=700%2C400 2x"},"classes":[]}],"_links":{"self":[{"href":"https:\/\/www.freidenker.org\/index.php?rest_route=\/wp\/v2\/posts\/21946","targetHints":{"allow":["GET"]}}],"collection":[{"href":"https:\/\/www.freidenker.org\/index.php?rest_route=\/wp\/v2\/posts"}],"about":[{"href":"https:\/\/www.freidenker.org\/index.php?rest_route=\/wp\/v2\/types\/post"}],"author":[{"embeddable":true,"href":"https:\/\/www.freidenker.org\/index.php?rest_route=\/wp\/v2\/users\/3"}],"replies":[{"embeddable":true,"href":"https:\/\/www.freidenker.org\/index.php?rest_route=%2Fwp%2Fv2%2Fcomments&post=21946"}],"version-history":[{"count":1,"href":"https:\/\/www.freidenker.org\/index.php?rest_route=\/wp\/v2\/posts\/21946\/revisions"}],"predecessor-version":[{"id":21948,"href":"https:\/\/www.freidenker.org\/index.php?rest_route=\/wp\/v2\/posts\/21946\/revisions\/21948"}],"wp:featuredmedia":[{"embeddable":true,"href":"https:\/\/www.freidenker.org\/index.php?rest_route=\/wp\/v2\/media\/21947"}],"wp:attachment":[{"href":"https:\/\/www.freidenker.org\/index.php?rest_route=%2Fwp%2Fv2%2Fmedia&parent=21946"}],"wp:term":[{"taxonomy":"category","embeddable":true,"href":"https:\/\/www.freidenker.org\/index.php?rest_route=%2Fwp%2Fv2%2Fcategories&post=21946"},{"taxonomy":"post_tag","embeddable":true,"href":"https:\/\/www.freidenker.org\/index.php?rest_route=%2Fwp%2Fv2%2Ftags&post=21946"}],"curies":[{"name":"wp","href":"https:\/\/api.w.org\/{rel}","templated":true}]}}