{"id":21939,"date":"2025-05-27T01:38:49","date_gmt":"2025-05-26T23:38:49","guid":{"rendered":"https:\/\/www.freidenker.org\/?p=21939"},"modified":"2025-06-25T19:24:14","modified_gmt":"2025-06-25T17:24:14","slug":"verlust-und-erwartung-erinnerungen","status":"publish","type":"post","link":"https:\/\/www.freidenker.org\/?p=21939","title":{"rendered":"&#8222;Verlust und Erwartung: Erinnerungen&#8220;"},"content":{"rendered":"<h4><strong>Egon Krenz\u00a0<\/strong><strong>liest aus seinem neuen Buch, dem 3. Band seiner 3- teiligen Autobiografie<\/strong><\/h4>\n<h5><u>Wann:<\/u><strong><u><br \/>\n<\/u><\/strong><\/h5>\n<p><strong>Sonntag, den 29.06.2025, 10 Uhr (Einlass: 9:30 Uhr)<\/strong><\/p>\n<h5><u>Wo:<\/u><strong><u><br \/>\n<\/u><\/strong><\/h5>\n<p><strong>Ferienpark Retgendorf, Restaurant\u201aWaldsiedlung\u2018<br \/>\n<\/strong><em>Kiefernweg 1,19067 Dobin am See, OT Retgendorf<\/em><\/p>\n<h5><strong><u>Was: <\/u><\/strong><\/h5>\n<p><em>Egon Krenz liest aus seinem unfassbar spannenden Leben in dem er Weltgeschichte geschrieben hat. Im Anschluss an die Lesung gibt es ein <strong>Meet &amp; Greet<\/strong> mit dem Autor an einem kalt- warmen Imbissb\u00fcffet.<\/em><\/p>\n<h5><strong><u>Eintritt:<\/u><\/strong> \u00a0\u00a0<strong>24 \u20ac <\/strong>(inkl. Imbiss)<\/h5>\n<p>&nbsp;<\/p>\n<p><em>Im Anschluss an die Lesung werden Autogrammw\u00fcnsche erf\u00fcllt und B\u00fccher <\/em><em>signiert. Das Buch ist in der Edition Ost erschienen, umfasst 384 Seiten, ist\u00a0<\/em><em>reich bebildert und wird am <strong>Veranstaltungstag bereitliegen.<\/strong><\/em><\/p>\n<p><strong><em>\u00a0<\/em><\/strong><strong><em>Das Buch kostet 26 \u20ac.<\/em><\/strong><em> Mit dem Kartenkauf k\u00f6nnen<strong> <u>gestaltete Gutscheine, auch zum Verschenken,<\/u><\/strong> erworben werden!<\/em><\/p>\n<p><strong>Reservierungen von Eintrittskarten, B\u00fcchern u. evtl. \u00dcbernachtungen\u00a0erforderlich unter:<\/strong><\/p>\n<p><strong>Tel.: 03866 417 oder <\/strong><a href=\"mailto:info@ferienpark-retgendorf.de\"><strong>info@ferienpark-retgendorf.de<\/strong><\/a><\/p>\n<p><img data-recalc-dims=\"1\" loading=\"lazy\" decoding=\"async\" data-attachment-id=\"21940\" data-permalink=\"https:\/\/www.freidenker.org\/?attachment_id=21940\" data-orig-file=\"https:\/\/i0.wp.com\/www.freidenker.org\/fw17\/wp-content\/uploads\/2025\/05\/retgendorf.png?fit=641%2C459&amp;ssl=1\" data-orig-size=\"641,459\" data-comments-opened=\"0\" data-image-meta=\"{&quot;aperture&quot;:&quot;0&quot;,&quot;credit&quot;:&quot;&quot;,&quot;camera&quot;:&quot;&quot;,&quot;caption&quot;:&quot;&quot;,&quot;created_timestamp&quot;:&quot;0&quot;,&quot;copyright&quot;:&quot;&quot;,&quot;focal_length&quot;:&quot;0&quot;,&quot;iso&quot;:&quot;0&quot;,&quot;shutter_speed&quot;:&quot;0&quot;,&quot;title&quot;:&quot;&quot;,&quot;orientation&quot;:&quot;0&quot;}\" data-image-title=\"retgendorf\" data-image-description=\"\" data-image-caption=\"\" data-large-file=\"https:\/\/i0.wp.com\/www.freidenker.org\/fw17\/wp-content\/uploads\/2025\/05\/retgendorf.png?fit=641%2C459&amp;ssl=1\" class=\"alignnone wp-image-21940\" src=\"https:\/\/i0.wp.com\/www.freidenker.org\/fw17\/wp-content\/uploads\/2025\/05\/retgendorf.png?resize=150%2C107&#038;ssl=1\" alt=\"\" width=\"150\" height=\"107\" srcset=\"https:\/\/i0.wp.com\/www.freidenker.org\/fw17\/wp-content\/uploads\/2025\/05\/retgendorf.png?resize=300%2C215&amp;ssl=1 300w, https:\/\/i0.wp.com\/www.freidenker.org\/fw17\/wp-content\/uploads\/2025\/05\/retgendorf.png?w=641&amp;ssl=1 641w\" sizes=\"auto, (max-width: 150px) 100vw, 150px\" \/><\/p>\n<hr \/>\n<p>Download<\/p>\n<p><img data-recalc-dims=\"1\" loading=\"lazy\" decoding=\"async\" data-attachment-id=\"1076\" data-permalink=\"https:\/\/www.freidenker.org\/?attachment_id=1076\" data-orig-file=\"https:\/\/i0.wp.com\/www.freidenker.org\/fw17\/wp-content\/uploads\/2017\/10\/pdf_icon-2.png?fit=32%2C32&amp;ssl=1\" data-orig-size=\"32,32\" data-comments-opened=\"0\" data-image-meta=\"{&quot;aperture&quot;:&quot;0&quot;,&quot;credit&quot;:&quot;&quot;,&quot;camera&quot;:&quot;&quot;,&quot;caption&quot;:&quot;&quot;,&quot;created_timestamp&quot;:&quot;0&quot;,&quot;copyright&quot;:&quot;&quot;,&quot;focal_length&quot;:&quot;0&quot;,&quot;iso&quot;:&quot;0&quot;,&quot;shutter_speed&quot;:&quot;0&quot;,&quot;title&quot;:&quot;&quot;,&quot;orientation&quot;:&quot;0&quot;}\" data-image-title=\"pdf_icon\" data-image-description=\"\" data-image-caption=\"\" data-large-file=\"https:\/\/i0.wp.com\/www.freidenker.org\/fw17\/wp-content\/uploads\/2017\/10\/pdf_icon-2.png?fit=32%2C32&amp;ssl=1\" class=\"alignnone size-full wp-image-1076\" src=\"https:\/\/i0.wp.com\/www.freidenker.org\/fw17\/wp-content\/uploads\/2017\/10\/pdf_icon-2.png?resize=32%2C32&#038;ssl=1\" alt=\"\" width=\"32\" height=\"32\" \/> <a href=\"https:\/\/www.freidenker.org\/fw17\/wp-content\/uploads\/2025\/05\/Lesung-Egon-Krenz-29.6.25.pdf\" target=\"_blank\" rel=\"noopener\">Flyer zur Veranstaltung<\/a> (PDF-Dokument, ca. 833 KB))<\/p>\n<hr \/>\n<p><span style=\"font-size: 10pt;\">Bild oben: Collage unter Verwendung des Buchtitels der Edition Ost<\/span><\/p>\n","protected":false},"excerpt":{"rendered":"<p><b>Egon Krenz\u00a0liest aus seinem neuen Buch, dem 3. Band seiner 3- teiligen Autobiografie<\/b><br \/>\nWann: Sonntag, den 29.06.2025, 10 Uhr (Einlass: 9:30 Uhr)<br \/>\nWo: Ferienpark Retgendorf, Kiefernweg 1,19067 Dobin am See, OT Retgendorf<br \/>\nWas: Egon Krenz liest aus seinem unfassbar spannenden Leben in dem er Weltgeschichte geschrieben hat. Im Anschlu\u00df an die Lesung gibt es ein Meet &#038; Greet mit dem Autor an einem kalt- warmen Imbissb\u00fcffet.<br \/>\nEintritt: \u00a0\u00a024 \u20ac (inkl. Imbiss)<br \/>\nIm Anschluss an die Lesung werden Autogrammw\u00fcnsche erf\u00fcllt und B\u00fccher\u00a0signiert.<\/p>\n","protected":false},"author":3,"featured_media":21943,"comment_status":"closed","ping_status":"closed","sticky":false,"template":"","format":"standard","meta":{"colormag_page_container_layout":"default_layout","colormag_page_sidebar_layout":"default_layout","advanced_seo_description":"","jetpack_seo_html_title":"","jetpack_seo_noindex":false,"jetpack_post_was_ever_published":false,"footnotes":""},"categories":[1162,275],"tags":[1115,2152,454,2189,491,1779,827],"class_list":["post-21939","post","type-post","status-publish","format-standard","has-post-thumbnail","hentry","category-geschichte","category-veranstaltungen","tag-buch","tag-buchlesung","tag-ddr","tag-erinnerungskultur","tag-geschichte","tag-schwerin","tag-werteverlust"],"jetpack_featured_media_url":"https:\/\/i0.wp.com\/www.freidenker.org\/fw17\/wp-content\/uploads\/2025\/05\/krenz_retgendorf_800x450.jpg?fit=800%2C450&ssl=1","jetpack_shortlink":"https:\/\/wp.me\/p9stpK-5HR","jetpack-related-posts":[{"id":21416,"url":"https:\/\/www.freidenker.org\/?p=21416","url_meta":{"origin":21939,"position":0},"title":"Bericht: 3. Denkfest der Aktiven","author":"Webredaktion","date":"9. April 2025","format":false,"excerpt":"Im Ferienpark Retgendorf bei Schwerin unseres Freidenkers Henry Marek und seiner Frau Andrea fand vom 28.\u201030. M\u00e4rz 2025 das 3. \"Denkfest der Aktiven\" statt. Zahlreiche Mitglieder unseres Verbandes beteiligten sich an der Programmgestaltung, unser Infostand wurde von Toni Brinkmann und Willi Schulze-Barantin betreut. Das Fest war ein voller Erfolg und\u2026","rel":"","context":"In &quot;Frieden - Antifaschismus - Solidarit\u00e4t&quot;","block_context":{"text":"Frieden - Antifaschismus - Solidarit\u00e4t","link":"https:\/\/www.freidenker.org\/?cat=13"},"img":{"alt_text":"","src":"https:\/\/i0.wp.com\/www.freidenker.org\/fw17\/wp-content\/uploads\/2025\/04\/3_Denkfest_Eisbrenner_800x450.jpg?fit=800%2C450&ssl=1&resize=350%2C200","width":350,"height":200,"srcset":"https:\/\/i0.wp.com\/www.freidenker.org\/fw17\/wp-content\/uploads\/2025\/04\/3_Denkfest_Eisbrenner_800x450.jpg?fit=800%2C450&ssl=1&resize=350%2C200 1x, https:\/\/i0.wp.com\/www.freidenker.org\/fw17\/wp-content\/uploads\/2025\/04\/3_Denkfest_Eisbrenner_800x450.jpg?fit=800%2C450&ssl=1&resize=525%2C300 1.5x, https:\/\/i0.wp.com\/www.freidenker.org\/fw17\/wp-content\/uploads\/2025\/04\/3_Denkfest_Eisbrenner_800x450.jpg?fit=800%2C450&ssl=1&resize=700%2C400 2x"},"classes":[]},{"id":20231,"url":"https:\/\/www.freidenker.org\/?p=20231","url_meta":{"origin":21939,"position":1},"title":"Friedenstaub \u2013 II. Nationales Denkfest der Aktiven","author":"Webredaktion","date":"9. November 2024","format":false,"excerpt":"Friedensgesellschaft Musik statt Krieg e.V. (Tino Eisbrenner) und Schweriner Friedensb\u00fcndnis (Henry & Andrea Marek) laden ein zu Friedenstaub - II. Nationales Denkfest der Aktiven vom 15.-17. November 2024 in den Ferienpark Retgendorf (bei Schwerin). Einige Monate sind seit unserem 1. Denkfest der Aktiven vergangen. Es war ein Erfolg weil es\u2026","rel":"","context":"In &quot;Frieden - Antifaschismus - Solidarit\u00e4t&quot;","block_context":{"text":"Frieden - Antifaschismus - Solidarit\u00e4t","link":"https:\/\/www.freidenker.org\/?cat=13"},"img":{"alt_text":"","src":"https:\/\/i0.wp.com\/www.freidenker.org\/fw17\/wp-content\/uploads\/2024\/11\/Friedenstaub_II_800x450.jpg?fit=800%2C450&ssl=1&resize=350%2C200","width":350,"height":200,"srcset":"https:\/\/i0.wp.com\/www.freidenker.org\/fw17\/wp-content\/uploads\/2024\/11\/Friedenstaub_II_800x450.jpg?fit=800%2C450&ssl=1&resize=350%2C200 1x, https:\/\/i0.wp.com\/www.freidenker.org\/fw17\/wp-content\/uploads\/2024\/11\/Friedenstaub_II_800x450.jpg?fit=800%2C450&ssl=1&resize=525%2C300 1.5x, https:\/\/i0.wp.com\/www.freidenker.org\/fw17\/wp-content\/uploads\/2024\/11\/Friedenstaub_II_800x450.jpg?fit=800%2C450&ssl=1&resize=700%2C400 2x"},"classes":[]},{"id":20424,"url":"https:\/\/www.freidenker.org\/?p=20424","url_meta":{"origin":21939,"position":2},"title":"Bericht: II. Nationales Denkfest der Aktiven &#8211;\u00a0FRIEDENSTAUB(E)?","author":"Webredaktion","date":"30. November 2024","format":false,"excerpt":"Bericht von\u00a0Tino Eisbrenner und Henry & Andrea Marek Vom 15. bis 17. November 2024 veranstalteten Tino Eisbrenner und das Schweriner Friedensb\u00fcndnis mit Henry & Andrea Marek das 2. Internationale Denkfest der Aktiven. \u00dcber 230 Friedensfreunde aus dem gesamten Bundesgebiet und \u00d6sterreich fanden sich ein, um sich \u00fcber die st\u00e4ndig steigende\u2026","rel":"","context":"In &quot;Frieden - Antifaschismus - Solidarit\u00e4t&quot;","block_context":{"text":"Frieden - Antifaschismus - Solidarit\u00e4t","link":"https:\/\/www.freidenker.org\/?cat=13"},"img":{"alt_text":"","src":"https:\/\/i0.wp.com\/www.freidenker.org\/fw17\/wp-content\/uploads\/2024\/11\/Friedenstaub2_Podium-China_Krenz_ua_800x450.jpg?fit=800%2C450&ssl=1&resize=350%2C200","width":350,"height":200,"srcset":"https:\/\/i0.wp.com\/www.freidenker.org\/fw17\/wp-content\/uploads\/2024\/11\/Friedenstaub2_Podium-China_Krenz_ua_800x450.jpg?fit=800%2C450&ssl=1&resize=350%2C200 1x, https:\/\/i0.wp.com\/www.freidenker.org\/fw17\/wp-content\/uploads\/2024\/11\/Friedenstaub2_Podium-China_Krenz_ua_800x450.jpg?fit=800%2C450&ssl=1&resize=525%2C300 1.5x, https:\/\/i0.wp.com\/www.freidenker.org\/fw17\/wp-content\/uploads\/2024\/11\/Friedenstaub2_Podium-China_Krenz_ua_800x450.jpg?fit=800%2C450&ssl=1&resize=700%2C400 2x"},"classes":[]},{"id":19083,"url":"https:\/\/www.freidenker.org\/?p=19083","url_meta":{"origin":21939,"position":3},"title":"Egon Krenz: Verkehrte Geschichte","author":"Webredaktion","date":"15. Mai 2024","format":false,"excerpt":"Beitrag von Egon Krenz Seit 1951 war ich in der Regel dabei, wenn Millionen DDR- B\u00fcrger auch am Treptower Ehrenmal die sowjetischen Opfer ehrten, die f\u00fcr unsere Freiheit vom Faschismus ihr Leben gaben. Immer hatte ich das Gef\u00fchl, leben zu k\u00f6nnen, weil sie ihr Leben f\u00fcr uns gaben. Dieses Jahr\u2026","rel":"","context":"In &quot;Frieden - Antifaschismus - Solidarit\u00e4t&quot;","block_context":{"text":"Frieden - Antifaschismus - Solidarit\u00e4t","link":"https:\/\/www.freidenker.org\/?cat=13"},"img":{"alt_text":"","src":"https:\/\/i0.wp.com\/www.freidenker.org\/fw17\/wp-content\/uploads\/2024\/05\/Berlin_Reichstag2_800x450.jpg?fit=800%2C450&ssl=1&resize=350%2C200","width":350,"height":200,"srcset":"https:\/\/i0.wp.com\/www.freidenker.org\/fw17\/wp-content\/uploads\/2024\/05\/Berlin_Reichstag2_800x450.jpg?fit=800%2C450&ssl=1&resize=350%2C200 1x, https:\/\/i0.wp.com\/www.freidenker.org\/fw17\/wp-content\/uploads\/2024\/05\/Berlin_Reichstag2_800x450.jpg?fit=800%2C450&ssl=1&resize=525%2C300 1.5x, https:\/\/i0.wp.com\/www.freidenker.org\/fw17\/wp-content\/uploads\/2024\/05\/Berlin_Reichstag2_800x450.jpg?fit=800%2C450&ssl=1&resize=700%2C400 2x"},"classes":[]},{"id":14088,"url":"https:\/\/www.freidenker.org\/?p=14088","url_meta":{"origin":21939,"position":4},"title":"Sonntagsmatin\u00e9e: Wie der Wein Karl Marx zum Kommunisten machte","author":"Webredaktion","date":"29. August 2022","format":false,"excerpt":"Einladung zur Sonntagsmatin\u00e9e am Sonntag, 25. September 2022, 11.00 Uhr in der Kulturwerkstatt in 66701 Beckingen, Nikolausstra\u00dfe 6 Jens Baumeister, Kunsthistoriker & Weindozent, liest Passagen aus seinem gleichnamigen Buch, das 2022 mit dem Gourmand Award als weltbestes Werk in der Kategorie \"Drinks History\" ausgezeichnet wurde. Das Buch behandelt weniger bekannte\u2026","rel":"","context":"In &quot;Veranstaltungen in den DFV-Landesverb\u00e4nden&quot;","block_context":{"text":"Veranstaltungen in den DFV-Landesverb\u00e4nden","link":"https:\/\/www.freidenker.org\/?cat=19"},"img":{"alt_text":"","src":"https:\/\/i0.wp.com\/www.freidenker.org\/fw17\/wp-content\/uploads\/2022\/08\/marx_wein_kommunist_800x450.jpg?fit=800%2C450&ssl=1&resize=350%2C200","width":350,"height":200,"srcset":"https:\/\/i0.wp.com\/www.freidenker.org\/fw17\/wp-content\/uploads\/2022\/08\/marx_wein_kommunist_800x450.jpg?fit=800%2C450&ssl=1&resize=350%2C200 1x, https:\/\/i0.wp.com\/www.freidenker.org\/fw17\/wp-content\/uploads\/2022\/08\/marx_wein_kommunist_800x450.jpg?fit=800%2C450&ssl=1&resize=525%2C300 1.5x, https:\/\/i0.wp.com\/www.freidenker.org\/fw17\/wp-content\/uploads\/2022\/08\/marx_wein_kommunist_800x450.jpg?fit=800%2C450&ssl=1&resize=700%2C400 2x"},"classes":[]},{"id":23315,"url":"https:\/\/www.freidenker.org\/?p=23315","url_meta":{"origin":21939,"position":5},"title":"Friedenstaub \u2013 IV. Nationales Denkfest der Aktiven","author":"Webredaktion","date":"28. Oktober 2025","format":false,"excerpt":"Einladung zu Friedenstaub - IV. Nationales Denkfest der Aktiven vom 28. - 30. November 2025 im Ferienpark Retgendorf Liebe Friedensfreundinnen und Freunde, mit unseren Denkfesten der Aktiven haben wir uns vorgenommen uns zu best\u00e4rken, zu motivieren, zusammzuf\u00fchren und Mut zu geben. An den Gr\u00fcnden unseres Treffens, n\u00e4mlich Waffenhandel, Geschichtsf\u00e4lschung, Krieg,\u2026","rel":"","context":"In &quot;Frieden - Antifaschismus - Solidarit\u00e4t&quot;","block_context":{"text":"Frieden - Antifaschismus - Solidarit\u00e4t","link":"https:\/\/www.freidenker.org\/?cat=13"},"img":{"alt_text":"","src":"https:\/\/i0.wp.com\/www.freidenker.org\/fw17\/wp-content\/uploads\/2025\/10\/Denkfest_4_800x450.jpg?fit=800%2C450&ssl=1&resize=350%2C200","width":350,"height":200,"srcset":"https:\/\/i0.wp.com\/www.freidenker.org\/fw17\/wp-content\/uploads\/2025\/10\/Denkfest_4_800x450.jpg?fit=800%2C450&ssl=1&resize=350%2C200 1x, https:\/\/i0.wp.com\/www.freidenker.org\/fw17\/wp-content\/uploads\/2025\/10\/Denkfest_4_800x450.jpg?fit=800%2C450&ssl=1&resize=525%2C300 1.5x, https:\/\/i0.wp.com\/www.freidenker.org\/fw17\/wp-content\/uploads\/2025\/10\/Denkfest_4_800x450.jpg?fit=800%2C450&ssl=1&resize=700%2C400 2x"},"classes":[]}],"_links":{"self":[{"href":"https:\/\/www.freidenker.org\/index.php?rest_route=\/wp\/v2\/posts\/21939","targetHints":{"allow":["GET"]}}],"collection":[{"href":"https:\/\/www.freidenker.org\/index.php?rest_route=\/wp\/v2\/posts"}],"about":[{"href":"https:\/\/www.freidenker.org\/index.php?rest_route=\/wp\/v2\/types\/post"}],"author":[{"embeddable":true,"href":"https:\/\/www.freidenker.org\/index.php?rest_route=\/wp\/v2\/users\/3"}],"replies":[{"embeddable":true,"href":"https:\/\/www.freidenker.org\/index.php?rest_route=%2Fwp%2Fv2%2Fcomments&post=21939"}],"version-history":[{"count":3,"href":"https:\/\/www.freidenker.org\/index.php?rest_route=\/wp\/v2\/posts\/21939\/revisions"}],"predecessor-version":[{"id":21945,"href":"https:\/\/www.freidenker.org\/index.php?rest_route=\/wp\/v2\/posts\/21939\/revisions\/21945"}],"wp:featuredmedia":[{"embeddable":true,"href":"https:\/\/www.freidenker.org\/index.php?rest_route=\/wp\/v2\/media\/21943"}],"wp:attachment":[{"href":"https:\/\/www.freidenker.org\/index.php?rest_route=%2Fwp%2Fv2%2Fmedia&parent=21939"}],"wp:term":[{"taxonomy":"category","embeddable":true,"href":"https:\/\/www.freidenker.org\/index.php?rest_route=%2Fwp%2Fv2%2Fcategories&post=21939"},{"taxonomy":"post_tag","embeddable":true,"href":"https:\/\/www.freidenker.org\/index.php?rest_route=%2Fwp%2Fv2%2Ftags&post=21939"}],"curies":[{"name":"wp","href":"https:\/\/api.w.org\/{rel}","templated":true}]}}