{"id":21928,"date":"2025-05-23T22:41:55","date_gmt":"2025-05-23T20:41:55","guid":{"rendered":"https:\/\/www.freidenker.org\/?p=21928"},"modified":"2025-06-25T19:23:48","modified_gmt":"2025-06-25T17:23:48","slug":"gecancelt-muenchener-friedensbuendnis-erklaert-sich-solidarisch-mit-dem-freidenker-verband","status":"publish","type":"post","link":"https:\/\/www.freidenker.org\/?p=21928","title":{"rendered":"Gecancelt: M\u00fcnchener Friedensb\u00fcndnis erkl\u00e4rt sich solidarisch mit dem Freidenker-Verband"},"content":{"rendered":"<h4>Pressemitteilung zum Rausschmiss der M\u00fcnchener Freidenker aus dem \u201eZamanand Festival\u201c<\/h4>\n<p><span style=\"font-size: 10pt;\">per E-Mail verbreitet am 22.05.2025<\/span><\/p>\n<p>Nach \u201esorgf\u00e4ltiger interner Pr\u00fcfung&#8220; habe das Organisationsteam des \u201eZamanand Festivals&#8220; (1), wie es selbst schriftlich mitteilt, dem M\u00fcnchener Freidenker-Verband die Teilnahme am diesj\u00e4hrigen \u201eZamanand Festival&#8220; untersagt. Der Widerruf der Teilnahmebest\u00e4tigung sei, so Manuel Schaumann vom Organisationsteam, \u201ein enger Abstimmung mit der zust\u00e4ndigen Fachstelle der Landeshauptstadt M\u00fcnchen&#8220; erfolgt.<\/p>\n<p>Das Organisationsteam begr\u00fcndet diese Entscheidung damit, dass das \u201eZamanand Festival&#8220; f\u00fcr \u201eOffenheit und Pluralit\u00e4t&#8220; stehe. Da der Freidenker-Verband nicht \u201edieselben Werte&#8220; vertrete, w\u00fcrde dessen Teilnahme am \u201eZamanand Festival&#8220; dem Selbstverst\u00e4ndnis des Organisationsteams widersprechen.<\/p>\n<p>Ausschlaggebend f\u00fcr diese paradox anmutende Begr\u00fcndung sei eine \u201eWahlempfehlung des stellvertretenden Vorsitzenden des Freidenker-Verbandes&#8220; (2) gewesen, in der er Positionen zum Ukraine-Krieg vertreten habe, die denen des Organisationsteams des \u201eZamanand Festivals&#8220; widerspr\u00e4chen. Gleiches gelte f\u00fcr dessen \u00c4u\u00dferungen zur Kriegsf\u00fchrung der israelischen Regierung in Gaza. Das Organisationsteam geht sogar noch einen Schritt weiter, indem es als weiteres Argument unliebsame Beitr\u00e4ge von Autor*innen in der Verbandszeitschrift des Freidenker Verbandes anf\u00fchrt, um den R\u00fcckzug der Teilnahmezusage zu rechtfertigen.<\/p>\n<p>Wie diese Begr\u00fcndungen mit der in Anspruch genommenen \u201eOffenheit und Pluralit\u00e4t&#8220; des \u201eZamanand Festivals&#8220; konform gehen, bleibt m\u00f6glicherweise das Geheimnis des Organisationsteams und der Fachstelle der Landeshauptstadt M\u00fcnchen. Das M\u00fcnchener Friedensb\u00fcndnis erkennt darin einen eklatanten Versto\u00df gegen die Werte Offenheit und Pluralit\u00e4t sowie eine Verletzung der grundgesetzlich gesch\u00fctzten Rechte auf Meinungsfreiheit und Pressefreiheit. Wir halten dieses Vorgehen nicht nur gesellschaftspolitisch, sondern auch rechtlich f\u00fcr \u00e4u\u00dferst problematisch, da das \u201eZamanand Festival&#8220; mit Mitteln der Landeshauptstadt M\u00fcnchen gef\u00f6rdert wird und ein wesentliches Element im \u00f6ffentlichen Diskurs der Landeshauptstadt darstellt. Alle Gruppen, Parteien und Personen, die das \u00f6ffentliche Leben in der Landeshauptstadt M\u00fcnchen mitgestalten, besitzen das Recht auf Teilnahme am \u00f6ffentlichen Diskurs, insbesondere in kommunalen R\u00e4umen.<\/p>\n<p>F\u00fcr uns reiht sich der mittlerweile dritte Rauswurf einer Gruppierung vom \u201eZamanand Festival&#8220; in eine Reihe von Ma\u00dfnahmen ein, mit denen bereits in der Vergangenheit die \u00d6ffentlichkeit als Organisationsform des gesellschaftlichen Diskurses auf unzul\u00e4ssige Weise eingeschr\u00e4nkt wurde.<\/p>\n<p>Wir werden es daher nicht stillschweigend hinnehmen. Vielmehr m\u00f6chten wir unsere Teilnahme am \u201eZamanand Festival&#8220; nutzen, um uns mit dem Freidenker-Verband zu solidarisieren und unseren Protest dort deutlich sichtbar zum Ausdruck zu bringen.<\/p>\n<p><strong>Sie sind herzlich eingeladen, unserem Protest vor Ort beizuwohnen und dar\u00fcber zu berichten. F\u00fcr R\u00fcckfragen steht Ihnen Herr Manfred Reuther vom M\u00fcnchener Friedensb\u00fcndnis (Tel. 0171 7122008) gerne zur Verf\u00fcgung.<\/strong><\/p>\n<p>M\u00fcnchner Friedensb\u00fcndnis<br \/>\nHeinz Michael Vilsmeier<br \/>\nPressesprecher<\/p>\n<p><span style=\"font-size: 10pt;\">presse@muenchner-friedensbuendnis.de<\/span><br \/>\n<span style=\"font-size: 10pt;\">mobile: +49 171 6827695<\/span><\/p>\n<p><span style=\"font-size: 10pt;\"><a href=\"http:\/\/www.muenchner-friedensbuendnis.de\">www.muenchner-friedensbuendnis.de<\/a><\/span><br \/>\n<span style=\"font-size: 10pt;\"><a href=\"https:\/\/www.facebook.com\/MucFrieB\">M\u00fcnchner Friedensb\u00fcndnis at Facebook<\/a><\/span><br \/>\n<span style=\"font-size: 10pt;\"><a href=\"https:\/\/x.com\/MFBuendnis?s=20\">M\u00fcnchner Friedensb\u00fcndnis at X<\/a><\/span><\/p>\n<p><span style=\"font-size: 10pt;\">Anschrift:<\/span><br \/>\n<span style=\"font-size: 10pt;\">Frauenlobstr. 24 Rgb.<\/span><br \/>\n<span style=\"font-size: 10pt;\">80337 M\u00fcnchen<\/span><\/p>\n<h5>Anmerkungen:<\/h5>\n<p>(1) siehe <a href=\"https:\/\/zamanand.de\/\" target=\"_blank\" rel=\"noopener\">https:\/\/zamanand.de\/<\/a><\/p>\n<p>(2) Anmerkung des Deutschen Freidenker-Verbands zu diesem Zitat: Wir k\u00f6nnen nur r\u00e4tseln, welche Ver\u00f6ffentlichung damit gemeint ist. Eine \u00f6ffentliche Wahlempfehlung durch den stellvertretenden Bundesvorsitzenden Klaus Hartmann hat es nicht gegeben. Vielleicht liegt ein Missverst\u00e4ndnis vor, und es ist sein Beitrag &#8222;<em>W\u00e4hlen? Aber wen?<\/em>&#8220; (<a class=\"v1moz-txt-link-freetext\" href=\"https:\/\/www.freidenker.org\/?p=20898\" target=\"_blank\" rel=\"noopener noreferrer\">https:\/\/www.freidenker.org\/?p=20898<\/a>) gemeint, jedoch werden auch dort keine &#8222;Positionen zum Ukraine-Krieg&#8220; vertreten, sondern nur die der zur Wahl stehenden Parteien kritisch wiedergegeben.<\/p>\n<hr \/>\n<p><span style=\"font-size: 10pt;\">Bild oben: Mitglieder des M\u00fcnchener Friedensb\u00fcndnisses am 1. Mai 2025<\/span><br \/>\n<span style=\"font-size: 10pt;\">Quelle: <a href=\"https:\/\/www.muenchner-friedensbuendnis.de\/\" target=\"_blank\" rel=\"noopener\">https:\/\/www.muenchner-friedensbuendnis.de\/<\/a><\/span><\/p>\n","protected":false},"excerpt":{"rendered":"<p><b>Pressemitteilung zum Rausschmiss der M\u00fcnchener Freidenker aus dem \u201eZamanand Festival\u201c<\/b><br \/>\nNach \u201esorgf\u00e4ltiger interner Pr\u00fcfung&#8220; habe das Organisationsteam des \u201eZamanand Festivals&#8220;, wie es selbst schriftlich mitteilt, dem M\u00fcnchener Freidenker-Verband die Teilnahme am diesj\u00e4hrigen \u201eZamanand Festival&#8220; untersagt. Der Widerruf der Teilnahmebest\u00e4tigung sei, so Manuel Schaumann vom Organisationsteam, \u201ein enger Abstimmung mit der zust\u00e4ndigen Fachstelle der Landeshauptstadt M\u00fcnchen&#8220; erfolgt. Das Organisationsteam begr\u00fcndet diese Entscheidung damit, dass das \u201eZamanand Festival&#8220; f\u00fcr \u201eOffenheit und Pluralit\u00e4t&#8220; stehe. Da der Freidenker-Verband nicht \u201edieselben Werte&#8220; vertrete, w\u00fcrde dessen Teilnahme am \u201eZamanand Festival&#8220; dem Selbstverst\u00e4ndnis des Organisationsteams widersprechen.<\/p>\n","protected":false},"author":3,"featured_media":21930,"comment_status":"closed","ping_status":"closed","sticky":false,"template":"","format":"standard","meta":{"colormag_page_container_layout":"default_layout","colormag_page_sidebar_layout":"default_layout","advanced_seo_description":"","jetpack_seo_html_title":"","jetpack_seo_noindex":false,"jetpack_post_was_ever_published":false,"footnotes":""},"categories":[12,19],"tags":[2625,2579,43,1451,835,2626,2627,1143,812,344,1050,1313],"class_list":["post-21928","post","type-post","status-publish","format-standard","has-post-thumbnail","hentry","category-demokratie-medien-aufklaerung","category-veranstaltungen-in-den-dfv-landesverbaenden","tag-ausschluss","tag-festival","tag-friedensbewegung","tag-lv-bayern","tag-muenchen","tag-offenheit","tag-pluralitaet","tag-pressemitteilung","tag-protest","tag-solidaritaet","tag-veranstaltung","tag-wahlen"],"jetpack_featured_media_url":"https:\/\/i0.wp.com\/www.freidenker.org\/fw17\/wp-content\/uploads\/2025\/05\/muenchener_friedensbuendnis_20250501_114038-1.Mai-2025_800x450.jpg?fit=800%2C450&ssl=1","jetpack_shortlink":"https:\/\/wp.me\/p9stpK-5HG","jetpack-related-posts":[{"id":22082,"url":"https:\/\/www.freidenker.org\/?p=22082","url_meta":{"origin":21928,"position":0},"title":"So viel Pluralit\u00e4t geht wohl gegen den Strich","author":"Webredaktion","date":"10. Juni 2025","format":false,"excerpt":"Bayern: Freidenkerverband von M\u00fcnchner Festival ausgeschlossen. Friedensb\u00fcndnis solidarisch. Ein Gespr\u00e4ch mit Manfred Reuther. Interview: Hendrik Pachinger Frage: \"Nach dem Ausschluss des Freidenkerverbands vom M\u00fcnchner Zamanand-Festival hat sich das dortige Friedensb\u00fcndnis \u00f6ffentlich solidarisiert und angek\u00fcndigt, den Protest auf dem Fest vom 24. bis 25. Mai deutlich zu machen. Wie ist das\u2026","rel":"","context":"In &quot;Demokratie \u2013 Medien \u2013 Aufkl\u00e4rung&quot;","block_context":{"text":"Demokratie \u2013 Medien \u2013 Aufkl\u00e4rung","link":"https:\/\/www.freidenker.org\/?cat=12"},"img":{"alt_text":"","src":"https:\/\/i0.wp.com\/www.freidenker.org\/fw17\/wp-content\/uploads\/2025\/06\/zamanand-Festival_800x450.jpg?fit=800%2C450&ssl=1&resize=350%2C200","width":350,"height":200,"srcset":"https:\/\/i0.wp.com\/www.freidenker.org\/fw17\/wp-content\/uploads\/2025\/06\/zamanand-Festival_800x450.jpg?fit=800%2C450&ssl=1&resize=350%2C200 1x, https:\/\/i0.wp.com\/www.freidenker.org\/fw17\/wp-content\/uploads\/2025\/06\/zamanand-Festival_800x450.jpg?fit=800%2C450&ssl=1&resize=525%2C300 1.5x, https:\/\/i0.wp.com\/www.freidenker.org\/fw17\/wp-content\/uploads\/2025\/06\/zamanand-Festival_800x450.jpg?fit=800%2C450&ssl=1&resize=700%2C400 2x"},"classes":[]},{"id":6315,"url":"https:\/\/www.freidenker.org\/?p=6315","url_meta":{"origin":21928,"position":1},"title":"Lieder gegen Ausbeutung und Krieg","author":"Webredaktion","date":"8. Mai 2019","format":false,"excerpt":"Pressemitteilung zum 8. Kulturseminar und Linken Liedersommer 2019 Zu seinem 8. Kulturseminar l\u00e4dt der Deutsche Freidenker-Verband erstmals an einen anderen Ort als der traditionellen Burg Waldeck ein, n\u00e4mlich ins Naturfreundehaus Rahnenhof bei Hertlingshausen in der Pfalz, vom 21. bis 23. Juni 2019. ... Der \u201eLinke Liedersommer\u201c hat traditionell das Verh\u00e4ltnis\u2026","rel":"","context":"In &quot;Kultur &amp; Kunst&quot;","block_context":{"text":"Kultur &amp; Kunst","link":"https:\/\/www.freidenker.org\/?cat=913"},"img":{"alt_text":"","src":"https:\/\/i0.wp.com\/www.freidenker.org\/fw17\/wp-content\/uploads\/2019\/05\/liliso_2013_800x445_v2.jpg?fit=800%2C447&ssl=1&resize=350%2C200","width":350,"height":200,"srcset":"https:\/\/i0.wp.com\/www.freidenker.org\/fw17\/wp-content\/uploads\/2019\/05\/liliso_2013_800x445_v2.jpg?fit=800%2C447&ssl=1&resize=350%2C200 1x, https:\/\/i0.wp.com\/www.freidenker.org\/fw17\/wp-content\/uploads\/2019\/05\/liliso_2013_800x445_v2.jpg?fit=800%2C447&ssl=1&resize=525%2C300 1.5x, https:\/\/i0.wp.com\/www.freidenker.org\/fw17\/wp-content\/uploads\/2019\/05\/liliso_2013_800x445_v2.jpg?fit=800%2C447&ssl=1&resize=700%2C400 2x"},"classes":[]},{"id":12054,"url":"https:\/\/www.freidenker.org\/?p=12054","url_meta":{"origin":21928,"position":2},"title":"Urteil aus Leipzig: Meinungsfreiheit gilt auch f\u00fcr M\u00fcnchen","author":"Webredaktion","date":"25. Januar 2022","format":false,"excerpt":"Zu seinem juristischen Sieg \u00fcber den Versuch, der Stadt M\u00fcnchen, Israelkritik zu verbieten, ver\u00f6ffentlicht Klaus Ried, Mitglied des Deutschen Freidenker-Verbandes, eine Pressemitteilung Das Bundesverwaltungsgericht (BVerwG) in Leipzig hat heute die Revision der Stadt M\u00fcnchen gegen ein Urteil des Bayerischen Verwaltungsgerichtshofs (BayVGH) vom 17. November 2020 zur\u00fcckgewiesen, nach dem die Stadt\u2026","rel":"","context":"In &quot;Demokratie \u2013 Medien \u2013 Aufkl\u00e4rung&quot;","block_context":{"text":"Demokratie \u2013 Medien \u2013 Aufkl\u00e4rung","link":"https:\/\/www.freidenker.org\/?cat=12"},"img":{"alt_text":"","src":"https:\/\/i0.wp.com\/www.freidenker.org\/fw17\/wp-content\/uploads\/2022\/01\/Bundesverwaltungsgericht_800x450.jpg?fit=800%2C450&ssl=1&resize=350%2C200","width":350,"height":200,"srcset":"https:\/\/i0.wp.com\/www.freidenker.org\/fw17\/wp-content\/uploads\/2022\/01\/Bundesverwaltungsgericht_800x450.jpg?fit=800%2C450&ssl=1&resize=350%2C200 1x, https:\/\/i0.wp.com\/www.freidenker.org\/fw17\/wp-content\/uploads\/2022\/01\/Bundesverwaltungsgericht_800x450.jpg?fit=800%2C450&ssl=1&resize=525%2C300 1.5x, https:\/\/i0.wp.com\/www.freidenker.org\/fw17\/wp-content\/uploads\/2022\/01\/Bundesverwaltungsgericht_800x450.jpg?fit=800%2C450&ssl=1&resize=700%2C400 2x"},"classes":[]},{"id":22575,"url":"https:\/\/www.freidenker.org\/?p=22575","url_meta":{"origin":21928,"position":3},"title":"Stoppt Rassismus! Stoppt Israels V\u00f6lkermord in Gaza!","author":"Webredaktion","date":"7. August 2025","format":false,"excerpt":"Pressemitteilung des Landesverbands Nordrhein-Westfalen im Deutschen Freidenker-Verband, 6. August 2025 Der Freidenker-Landesverband NRW bezieht Stellung zu den Geschehnissen in Pal\u00e4stina. Was sich dort vollzieht, ist eine extreme Form von Rassismus - exekutiert von den zionistischen Kr\u00e4ften Israels und gebilligt insbesondere von den Regierungsparteien der BRD. Der von Israel in Gaza\u2026","rel":"","context":"In &quot;Frieden - Antifaschismus - Solidarit\u00e4t&quot;","block_context":{"text":"Frieden - Antifaschismus - Solidarit\u00e4t","link":"https:\/\/www.freidenker.org\/?cat=13"},"img":{"alt_text":"","src":"https:\/\/i0.wp.com\/www.freidenker.org\/fw17\/wp-content\/uploads\/2025\/08\/Palestina_spricht_Munich_2023-10-09_5074_800x450.jpg?fit=800%2C450&ssl=1&resize=350%2C200","width":350,"height":200,"srcset":"https:\/\/i0.wp.com\/www.freidenker.org\/fw17\/wp-content\/uploads\/2025\/08\/Palestina_spricht_Munich_2023-10-09_5074_800x450.jpg?fit=800%2C450&ssl=1&resize=350%2C200 1x, https:\/\/i0.wp.com\/www.freidenker.org\/fw17\/wp-content\/uploads\/2025\/08\/Palestina_spricht_Munich_2023-10-09_5074_800x450.jpg?fit=800%2C450&ssl=1&resize=525%2C300 1.5x, https:\/\/i0.wp.com\/www.freidenker.org\/fw17\/wp-content\/uploads\/2025\/08\/Palestina_spricht_Munich_2023-10-09_5074_800x450.jpg?fit=800%2C450&ssl=1&resize=700%2C400 2x"},"classes":[]},{"id":19698,"url":"https:\/\/www.freidenker.org\/?p=19698","url_meta":{"origin":21928,"position":4},"title":"Freidenker NRW am 7. September in Stukenbrock","author":"Webredaktion","date":"13. August 2024","format":false,"excerpt":"Pressemitteilung des Landesverbands Nordrhein-Westfalen im Deutschen Freidenker-Verband, 12.08.2024 Der 7. September 2024 in Stukenbrock steht wie seit vielen Jahren im Zeichen der Opfer des Zweiten Weltkriegs \u2013 besonders derer der Sowjetunion. Im Aufruf des Arbeitskreises \u2018Blumen f\u00fcr Stukenbrock\u2019 hei\u00dft es: \u201eAuf dem Sowjetischen Soldatenfriedhof liegen 65.000 in deutscher Gefangenschaft zu\u2026","rel":"","context":"In &quot;Frieden - Antifaschismus - Solidarit\u00e4t&quot;","block_context":{"text":"Frieden - Antifaschismus - Solidarit\u00e4t","link":"https:\/\/www.freidenker.org\/?cat=13"},"img":{"alt_text":"","src":"https:\/\/i0.wp.com\/www.freidenker.org\/fw17\/wp-content\/uploads\/2024\/08\/Stukenbrock_-_2016-05-01_-_Sowjetischer_Friedhof_014_800x450.jpg?fit=800%2C450&ssl=1&resize=350%2C200","width":350,"height":200,"srcset":"https:\/\/i0.wp.com\/www.freidenker.org\/fw17\/wp-content\/uploads\/2024\/08\/Stukenbrock_-_2016-05-01_-_Sowjetischer_Friedhof_014_800x450.jpg?fit=800%2C450&ssl=1&resize=350%2C200 1x, https:\/\/i0.wp.com\/www.freidenker.org\/fw17\/wp-content\/uploads\/2024\/08\/Stukenbrock_-_2016-05-01_-_Sowjetischer_Friedhof_014_800x450.jpg?fit=800%2C450&ssl=1&resize=525%2C300 1.5x, https:\/\/i0.wp.com\/www.freidenker.org\/fw17\/wp-content\/uploads\/2024\/08\/Stukenbrock_-_2016-05-01_-_Sowjetischer_Friedhof_014_800x450.jpg?fit=800%2C450&ssl=1&resize=700%2C400 2x"},"classes":[]},{"id":24770,"url":"https:\/\/www.freidenker.org\/?p=24770","url_meta":{"origin":21928,"position":5},"title":"Frieden durch \u201eKriegst\u00fcchtigkeit\u201c? Aufr\u00fcstung, Militarisierung und die neue Wehrpflicht","author":"Webredaktion","date":"31. M\u00e4rz 2026","format":false,"excerpt":"Pressemitteilung vom 30.03.2026 Veranstaltung mit Bundeswehrmajor a. D. Florian D. Pfaff am 28.03.2026 in Schweinfurt Auf Einladung von NachDenkSeiten-Gespr\u00e4chskreis Schweinfurt\/W\u00fcrzburg und Deutschem Freidenker-Ortsverband Schweinfurt\/W\u00fcrzburg kam am Samstag, dem 28. M\u00e4rz 2026 der Bundeswehrmajor a. D. Florian D. Pfaff von der Friedensinitiative Rosenheim nach Schweinfurt. Vor 35 interessierten Zuh\u00f6rern sprach der\u2026","rel":"","context":"In &quot;Frieden - Antifaschismus - Solidarit\u00e4t&quot;","block_context":{"text":"Frieden - Antifaschismus - Solidarit\u00e4t","link":"https:\/\/www.freidenker.org\/?cat=13"},"img":{"alt_text":"","src":"https:\/\/i0.wp.com\/www.freidenker.org\/fw17\/wp-content\/uploads\/2026\/03\/Pfaff_Schweinfurt_IMG_6677_800x450.jpg?fit=800%2C450&ssl=1&resize=350%2C200","width":350,"height":200,"srcset":"https:\/\/i0.wp.com\/www.freidenker.org\/fw17\/wp-content\/uploads\/2026\/03\/Pfaff_Schweinfurt_IMG_6677_800x450.jpg?fit=800%2C450&ssl=1&resize=350%2C200 1x, https:\/\/i0.wp.com\/www.freidenker.org\/fw17\/wp-content\/uploads\/2026\/03\/Pfaff_Schweinfurt_IMG_6677_800x450.jpg?fit=800%2C450&ssl=1&resize=525%2C300 1.5x, https:\/\/i0.wp.com\/www.freidenker.org\/fw17\/wp-content\/uploads\/2026\/03\/Pfaff_Schweinfurt_IMG_6677_800x450.jpg?fit=800%2C450&ssl=1&resize=700%2C400 2x"},"classes":[]}],"_links":{"self":[{"href":"https:\/\/www.freidenker.org\/index.php?rest_route=\/wp\/v2\/posts\/21928","targetHints":{"allow":["GET"]}}],"collection":[{"href":"https:\/\/www.freidenker.org\/index.php?rest_route=\/wp\/v2\/posts"}],"about":[{"href":"https:\/\/www.freidenker.org\/index.php?rest_route=\/wp\/v2\/types\/post"}],"author":[{"embeddable":true,"href":"https:\/\/www.freidenker.org\/index.php?rest_route=\/wp\/v2\/users\/3"}],"replies":[{"embeddable":true,"href":"https:\/\/www.freidenker.org\/index.php?rest_route=%2Fwp%2Fv2%2Fcomments&post=21928"}],"version-history":[{"count":4,"href":"https:\/\/www.freidenker.org\/index.php?rest_route=\/wp\/v2\/posts\/21928\/revisions"}],"predecessor-version":[{"id":21933,"href":"https:\/\/www.freidenker.org\/index.php?rest_route=\/wp\/v2\/posts\/21928\/revisions\/21933"}],"wp:featuredmedia":[{"embeddable":true,"href":"https:\/\/www.freidenker.org\/index.php?rest_route=\/wp\/v2\/media\/21930"}],"wp:attachment":[{"href":"https:\/\/www.freidenker.org\/index.php?rest_route=%2Fwp%2Fv2%2Fmedia&parent=21928"}],"wp:term":[{"taxonomy":"category","embeddable":true,"href":"https:\/\/www.freidenker.org\/index.php?rest_route=%2Fwp%2Fv2%2Fcategories&post=21928"},{"taxonomy":"post_tag","embeddable":true,"href":"https:\/\/www.freidenker.org\/index.php?rest_route=%2Fwp%2Fv2%2Ftags&post=21928"}],"curies":[{"name":"wp","href":"https:\/\/api.w.org\/{rel}","templated":true}]}}