{"id":21893,"date":"2025-05-20T15:53:13","date_gmt":"2025-05-20T13:53:13","guid":{"rendered":"https:\/\/www.freidenker.org\/?p=21893"},"modified":"2025-06-25T19:22:36","modified_gmt":"2025-06-25T17:22:36","slug":"wer-verbietet-statt-zu-feiern-hat-verloren","status":"publish","type":"post","link":"https:\/\/www.freidenker.org\/?p=21893","title":{"rendered":"Wer verbietet, statt zu feiern, hat verloren"},"content":{"rendered":"<h4><strong>80. Jahrestag der Befreiung vom Hitler-Faschismus<\/strong><\/h4>\n<h3><strong>Wer verbietet, statt zu feiern, hat verloren: Stadt Hannover scheitert bei dem Versuch, Gedenken an die sowjetischen Befreier herabzuw\u00fcrdigen<\/strong><\/h3>\n<p><em>von <strong>Anke Wittkopp\u00a0<\/strong><\/em><\/p>\n<p>Der von oben verordnete Geschichtsrevisionismus gipfelte zum 80. Jubil\u00e4umstag der Befreiung Deutschlands vom Hitler-Faschismus in einer Farce. Die Stadt Hannover schmiss Mitglieder der Initiative <em>Frieden mit Russland<\/em> wegen antifaschistischer Symbole vom Ehrenfriedhof, um am Tag der Befreiung das Andenken der siegreichen Roten Armee aus den Augen und aus dem Bewusstsein zu tilgen. Doch Hannovers \u201egr\u00fcner\u201c Oberb\u00fcrgermeister Onay versagte bei diesem sch\u00e4bigen Versuch, denn weder die Befreiung noch die Sieger von 1945 lassen sich umdeuten oder vergessen!<\/p>\n<p>Von der Stadt Hannover wurde rund um den 8. Mai 2025 vorgef\u00fchrt, wie man die Instrumentalisierung des Weltkriegsgedenkens im Sinne der Regierung betreibt, indem man sowohl Symbole der Sowjetmacht als auch der Russischen F\u00f6deration verbietet.<\/p>\n<p>Auf der offiziellen Seite der Stadt Hannover zum Tag der Befreiung, der traditionell auf dem Ehrenfriedhof am Maschsee begangen wird, will man nichts mehr von den sowjetischen Befreiern wissen, nur von \u201eOpfern der nationalsozialistischen Gewaltherrschaft\u201c. Es ist keine Rede mehr von den hier zur letzten Ruhe gebetteten sowjetischen Kriegs- und Zivilgefangenen, die von der Hand der ortsans\u00e4ssigen Hitler-Schergen noch ganz zuletzt, n\u00e4mlich vier Tage vor dem Einmarsch der Alliierten, erschossen worden waren.<\/p>\n<p>Geschichtsvergessen wurden auch in der diesj\u00e4hrigen Einladung mit dem Titel \u201eAus der Erinnerung f\u00fcr die Zukunft \u2013 Zentrales Gedenken zum 80. Jahrestag der Befreiung\u201c sowohl die sowjetischen Befreier als auch die sowjetischen Opfer der Nazi-Schergen buchst\u00e4blich totgeschwiegen, indem man schreibt: \u201eAm zentralen Gedenkort Ehrenfriedhof Maschsee-Nordufer wird der Befreiung vom Nationalsozialismus gedacht. In Hannover wurden unter anderem die noch lebenden H\u00e4ftlinge der sieben hannoverschen KZ-Au\u00dfenlager befreit.\u201c<\/p>\n<p>Diese Darstellung folgt ganz klar der herrschenden Direktive von ganz oben, die Rolle der Sowjetunion und ihrer Roten Armee als ma\u00dfgebliche Bezwinger des deutschen Nazismus zu revidieren und statt ihrer die Alliierten als Sieger des Zweiten Weltkrieges hinzustellen.<\/p>\n<figure id=\"attachment_21896\" aria-describedby=\"caption-attachment-21896\" style=\"width: 585px\" class=\"wp-caption alignnone\"><img data-recalc-dims=\"1\" loading=\"lazy\" decoding=\"async\" data-attachment-id=\"21896\" data-permalink=\"https:\/\/www.freidenker.org\/?attachment_id=21896\" data-orig-file=\"https:\/\/i0.wp.com\/www.freidenker.org\/fw17\/wp-content\/uploads\/2025\/05\/1_Foto-Gesteck-FmR-2.jpg?fit=585%2C800&amp;ssl=1\" data-orig-size=\"585,800\" data-comments-opened=\"0\" data-image-meta=\"{&quot;aperture&quot;:&quot;0&quot;,&quot;credit&quot;:&quot;&quot;,&quot;camera&quot;:&quot;&quot;,&quot;caption&quot;:&quot;&quot;,&quot;created_timestamp&quot;:&quot;0&quot;,&quot;copyright&quot;:&quot;&quot;,&quot;focal_length&quot;:&quot;0&quot;,&quot;iso&quot;:&quot;0&quot;,&quot;shutter_speed&quot;:&quot;0&quot;,&quot;title&quot;:&quot;&quot;,&quot;orientation&quot;:&quot;1&quot;}\" data-image-title=\"1_Foto Gesteck FmR\" data-image-description=\"\" data-image-caption=\"\" data-large-file=\"https:\/\/i0.wp.com\/www.freidenker.org\/fw17\/wp-content\/uploads\/2025\/05\/1_Foto-Gesteck-FmR-2.jpg?fit=585%2C800&amp;ssl=1\" class=\"wp-image-21896 size-full\" src=\"https:\/\/i0.wp.com\/www.freidenker.org\/fw17\/wp-content\/uploads\/2025\/05\/1_Foto-Gesteck-FmR-2.jpg?resize=585%2C800&#038;ssl=1\" alt=\"\" width=\"585\" height=\"800\" srcset=\"https:\/\/i0.wp.com\/www.freidenker.org\/fw17\/wp-content\/uploads\/2025\/05\/1_Foto-Gesteck-FmR-2.jpg?w=585&amp;ssl=1 585w, https:\/\/i0.wp.com\/www.freidenker.org\/fw17\/wp-content\/uploads\/2025\/05\/1_Foto-Gesteck-FmR-2.jpg?resize=219%2C300&amp;ssl=1 219w\" sizes=\"auto, (max-width: 585px) 100vw, 585px\" \/><figcaption id=\"caption-attachment-21896\" class=\"wp-caption-text\"><span style=\"font-size: 10pt;\">Gesteck der Initiative &#8222;Frieden mit Russland&#8220;<\/span><\/figcaption><\/figure>\n<p>&nbsp;<\/p>\n<h5><strong>Hannover demontiert sowjetische Befreier trotz Denkmalschutz<\/strong><\/h5>\n<p>Dem Bildhauer Steffen Friedrich war unl\u00e4ngst aufgefallen, dass selbst das Denkmal auf dem Ehrenfriedhof der Geschichtsklitterung zum Opfer gefallen ist: Urspr\u00fcnglich trug der Gedenkstein mit dem Soldaten das Symbol der Befreier, einen schwarzen Sowjetstern mit Hammer und Sichel, doch dieser ist von unbekannter Hand schon 1952 entfernt worden \u2013 und nie wieder ersetzt worden. Ein Unding, da das Ensemble unter Bestandsschutz steht und Ehrenfriedh\u00f6fe eine besondere Achtung genie\u00dfen sollten. Um ein Zeichen gegen die barbarische Geschichtsvergessenheit im Allgemeinen und den Akt der anti-bolschewistischen Geschichtsverdrehung im Speziellen zu setzen, fertigte Bildhauer Friedrich eine Nachbildung des Sowjetsterns nach historischen Fotos und wandte sich an die Initiative <em>Frieden mit Russland (FmR)<\/em>, um Unterst\u00fctzung f\u00fcr den Plan zu finden, das Denkmal durch die Reinstallation des Sowjetsterns in seinen Originalzustand zur\u00fcckzuversetzen. (Das Flugblatt zu der Aktion findet sich unter <a href=\"https:\/\/frieden-mit-russland.com\/wp-content\/uploads\/2025\/05\/Flugblatt-8.-Mai.pdf\" target=\"_blank\" rel=\"noopener\">www.frieden-mit-russland.com<\/a>.) Mit dem Flugblatt im Gep\u00e4ck, mit dessen Hilfe wir die hannoverschen Besucher der Gedenkveranstaltung \u00fcber diesen Vorgang aufkl\u00e4ren wollten, machten wir uns am 8. Mai auf zum Ehrenfriedhof am Maschsee-Nordufer.<\/p>\n<p><img data-recalc-dims=\"1\" loading=\"lazy\" decoding=\"async\" data-attachment-id=\"21897\" data-permalink=\"https:\/\/www.freidenker.org\/?attachment_id=21897\" data-orig-file=\"https:\/\/i0.wp.com\/www.freidenker.org\/fw17\/wp-content\/uploads\/2025\/05\/2_Stern-Offsetdruck-RGB.jpg?fit=800%2C800&amp;ssl=1\" data-orig-size=\"800,800\" data-comments-opened=\"0\" data-image-meta=\"{&quot;aperture&quot;:&quot;0&quot;,&quot;credit&quot;:&quot;&quot;,&quot;camera&quot;:&quot;&quot;,&quot;caption&quot;:&quot;&quot;,&quot;created_timestamp&quot;:&quot;0&quot;,&quot;copyright&quot;:&quot;&quot;,&quot;focal_length&quot;:&quot;0&quot;,&quot;iso&quot;:&quot;0&quot;,&quot;shutter_speed&quot;:&quot;0&quot;,&quot;title&quot;:&quot;&quot;,&quot;orientation&quot;:&quot;1&quot;}\" data-image-title=\"2_Stern, Offsetdruck, RGB\" data-image-description=\"\" data-image-caption=\"\" data-large-file=\"https:\/\/i0.wp.com\/www.freidenker.org\/fw17\/wp-content\/uploads\/2025\/05\/2_Stern-Offsetdruck-RGB.jpg?fit=800%2C800&amp;ssl=1\" class=\"alignnone wp-image-21897\" src=\"https:\/\/i0.wp.com\/www.freidenker.org\/fw17\/wp-content\/uploads\/2025\/05\/2_Stern-Offsetdruck-RGB.jpg?resize=600%2C600&#038;ssl=1\" alt=\"\" width=\"600\" height=\"600\" srcset=\"https:\/\/i0.wp.com\/www.freidenker.org\/fw17\/wp-content\/uploads\/2025\/05\/2_Stern-Offsetdruck-RGB.jpg?w=800&amp;ssl=1 800w, https:\/\/i0.wp.com\/www.freidenker.org\/fw17\/wp-content\/uploads\/2025\/05\/2_Stern-Offsetdruck-RGB.jpg?resize=300%2C300&amp;ssl=1 300w, https:\/\/i0.wp.com\/www.freidenker.org\/fw17\/wp-content\/uploads\/2025\/05\/2_Stern-Offsetdruck-RGB.jpg?resize=150%2C150&amp;ssl=1 150w, https:\/\/i0.wp.com\/www.freidenker.org\/fw17\/wp-content\/uploads\/2025\/05\/2_Stern-Offsetdruck-RGB.jpg?resize=768%2C768&amp;ssl=1 768w\" sizes=\"auto, (max-width: 600px) 100vw, 600px\" \/><\/p>\n<p><img data-recalc-dims=\"1\" loading=\"lazy\" decoding=\"async\" data-attachment-id=\"21898\" data-permalink=\"https:\/\/www.freidenker.org\/?attachment_id=21898\" data-orig-file=\"https:\/\/i0.wp.com\/www.freidenker.org\/fw17\/wp-content\/uploads\/2025\/05\/4_Frank-B.-Russlandfahne.jpg?fit=1066%2C800&amp;ssl=1\" data-orig-size=\"1066,800\" data-comments-opened=\"0\" data-image-meta=\"{&quot;aperture&quot;:&quot;0&quot;,&quot;credit&quot;:&quot;&quot;,&quot;camera&quot;:&quot;&quot;,&quot;caption&quot;:&quot;&quot;,&quot;created_timestamp&quot;:&quot;0&quot;,&quot;copyright&quot;:&quot;&quot;,&quot;focal_length&quot;:&quot;0&quot;,&quot;iso&quot;:&quot;0&quot;,&quot;shutter_speed&quot;:&quot;0&quot;,&quot;title&quot;:&quot;&quot;,&quot;orientation&quot;:&quot;1&quot;}\" data-image-title=\"4_Frank B. Russlandfahne\" data-image-description=\"\" data-image-caption=\"\" data-large-file=\"https:\/\/i0.wp.com\/www.freidenker.org\/fw17\/wp-content\/uploads\/2025\/05\/4_Frank-B.-Russlandfahne.jpg?fit=800%2C600&amp;ssl=1\" class=\"alignnone wp-image-21898 size-large\" src=\"https:\/\/i0.wp.com\/www.freidenker.org\/fw17\/wp-content\/uploads\/2025\/05\/4_Frank-B.-Russlandfahne.jpg?resize=800%2C600&#038;ssl=1\" alt=\"\" width=\"800\" height=\"600\" srcset=\"https:\/\/i0.wp.com\/www.freidenker.org\/fw17\/wp-content\/uploads\/2025\/05\/4_Frank-B.-Russlandfahne.jpg?resize=1024%2C768&amp;ssl=1 1024w, https:\/\/i0.wp.com\/www.freidenker.org\/fw17\/wp-content\/uploads\/2025\/05\/4_Frank-B.-Russlandfahne.jpg?resize=300%2C225&amp;ssl=1 300w, https:\/\/i0.wp.com\/www.freidenker.org\/fw17\/wp-content\/uploads\/2025\/05\/4_Frank-B.-Russlandfahne.jpg?resize=768%2C576&amp;ssl=1 768w, https:\/\/i0.wp.com\/www.freidenker.org\/fw17\/wp-content\/uploads\/2025\/05\/4_Frank-B.-Russlandfahne.jpg?w=1066&amp;ssl=1 1066w\" sizes=\"auto, (max-width: 800px) 100vw, 800px\" \/><\/p>\n<p>Als wir von der Initiative <em>Frieden mit Russland<\/em> auf dem Ehrenfriedhof am Maschsee ankamen, um unser Gesteck aus roten Nelken mit der Schleifen-Aufschrift \u201e<em>Dank Euch, ihr Sowjetsoldaten!<\/em>\u201c abzulegen und damit unsere Ehrerbietung den sowjetischen Befreiern gegen\u00fcber symbolisch zum Ausdruck zu bringen, wurden wir von einem Repr\u00e4sentanten der Stadt Hannover gestellt: Ein Besucher machte sich des Vergehens schuldig, die V\u00f6lkerfreundschaft in Form der russischen Trikolore hochzuhalten, und Anke Wittkopp, Mitglied der Initiative <em>FmR<\/em>, trug das orange-schwarz-gestreifte St.-Georgs-Band.<\/p>\n<p>Beide wurden von Christian Held (CDU), der vorgab, von seinem Hausrecht Gebrauch zu machen, bezichtigt, die Veranstaltung zu \u201est\u00f6ren\u201c, indem sie \u201epolitische Meinungs\u00e4u\u00dferungen\u201c betrieben, die unerw\u00fcnscht seien. Der Vorgang wurde von zahlreichen Veranstaltungsteilnehmern weithin h\u00f6rbar verurteilt, die sich auf unsere Seite stellten und die Vorw\u00fcrfe zur\u00fcckwiesen.<\/p>\n<p>Die Frau, die sich demonstrativ in eine Ukraine-Flagge geh\u00fcllt hatte und provokant auf Ukrainisch auf uns einschimpfte, durfte dagegen selbstverst\u00e4ndlich bleiben.<\/p>\n<p>Es ist eine Schande, dass den Menschen auf dem Ehrenfriedhof, die mit der antirussischen, Instrumentalisierung dieses Ortes an diesem besonderen Gedenktag entschieden nicht einverstanden waren, durch die Repr\u00e4sentanten der Stadt Hannover und ihrem Hilfspersonal die M\u00f6glichkeit zu einem w\u00fcrdevollen Gedenken genommen wurde.<\/p>\n<p><img data-recalc-dims=\"1\" loading=\"lazy\" decoding=\"async\" data-attachment-id=\"21899\" data-permalink=\"https:\/\/www.freidenker.org\/?attachment_id=21899\" data-orig-file=\"https:\/\/i0.wp.com\/www.freidenker.org\/fw17\/wp-content\/uploads\/2025\/05\/5_Anke-Polizei.jpg?fit=452%2C800&amp;ssl=1\" data-orig-size=\"452,800\" data-comments-opened=\"0\" data-image-meta=\"{&quot;aperture&quot;:&quot;0&quot;,&quot;credit&quot;:&quot;&quot;,&quot;camera&quot;:&quot;&quot;,&quot;caption&quot;:&quot;&quot;,&quot;created_timestamp&quot;:&quot;0&quot;,&quot;copyright&quot;:&quot;&quot;,&quot;focal_length&quot;:&quot;0&quot;,&quot;iso&quot;:&quot;0&quot;,&quot;shutter_speed&quot;:&quot;0&quot;,&quot;title&quot;:&quot;&quot;,&quot;orientation&quot;:&quot;1&quot;}\" data-image-title=\"5_Anke Polizei\" data-image-description=\"\" data-image-caption=\"\" data-large-file=\"https:\/\/i0.wp.com\/www.freidenker.org\/fw17\/wp-content\/uploads\/2025\/05\/5_Anke-Polizei.jpg?fit=452%2C800&amp;ssl=1\" class=\"alignnone wp-image-21899 size-full\" src=\"https:\/\/i0.wp.com\/www.freidenker.org\/fw17\/wp-content\/uploads\/2025\/05\/5_Anke-Polizei.jpg?resize=452%2C800&#038;ssl=1\" alt=\"\" width=\"452\" height=\"800\" srcset=\"https:\/\/i0.wp.com\/www.freidenker.org\/fw17\/wp-content\/uploads\/2025\/05\/5_Anke-Polizei.jpg?w=452&amp;ssl=1 452w, https:\/\/i0.wp.com\/www.freidenker.org\/fw17\/wp-content\/uploads\/2025\/05\/5_Anke-Polizei.jpg?resize=170%2C300&amp;ssl=1 170w\" sizes=\"auto, (max-width: 452px) 100vw, 452px\" \/><\/p>\n<p>Doch es kam noch unglaublicher: Selbst ein Schild mit dem <em>historischen Foto des Rotarmisten, der auf dem Dach des Reichstags die Sowjetfahne hisst<\/em> musste auf Gehei\u00df des Herren Held unbedingt vom Platz entfernt werden. Frank Dargu\u00df, Mitglied der Initiative <em>FmR<\/em>, hatte das Schild als Zeichen der Dankbarkeit gegen\u00fcber der Sowjetarmee getragen. Er wurde ohne Erkl\u00e4rung vonseiten der Obrigkeit von der Polizei vom Ehrenfriedhof gezerrt.<\/p>\n<p>Zu sehen ist der Vorgang in einem Instagram-Video, das inzwischen weite Kreise gezogen und viele Solidarit\u00e4tsbekundungen hervorgebracht hat, unter anderem von aufgebrachten IGM-Mitgliedern, unter denen Dargu\u00df wegen seiner Betriebsratst\u00e4tigkeit bekannt ist.<\/p>\n<figure id=\"attachment_21903\" aria-describedby=\"caption-attachment-21903\" style=\"width: 300px\" class=\"wp-caption alignnone\"><img data-recalc-dims=\"1\" loading=\"lazy\" decoding=\"async\" data-attachment-id=\"21903\" data-permalink=\"https:\/\/www.freidenker.org\/?attachment_id=21903\" data-orig-file=\"https:\/\/i0.wp.com\/www.freidenker.org\/fw17\/wp-content\/uploads\/2025\/05\/7_Foto-Frank-D.-mit-Schild.png?fit=300%2C534&amp;ssl=1\" data-orig-size=\"300,534\" data-comments-opened=\"0\" data-image-meta=\"{&quot;aperture&quot;:&quot;0&quot;,&quot;credit&quot;:&quot;&quot;,&quot;camera&quot;:&quot;&quot;,&quot;caption&quot;:&quot;&quot;,&quot;created_timestamp&quot;:&quot;0&quot;,&quot;copyright&quot;:&quot;&quot;,&quot;focal_length&quot;:&quot;0&quot;,&quot;iso&quot;:&quot;0&quot;,&quot;shutter_speed&quot;:&quot;0&quot;,&quot;title&quot;:&quot;&quot;,&quot;orientation&quot;:&quot;0&quot;}\" data-image-title=\"7_Foto Frank D. mit Schild\" data-image-description=\"\" data-image-caption=\"\" data-large-file=\"https:\/\/i0.wp.com\/www.freidenker.org\/fw17\/wp-content\/uploads\/2025\/05\/7_Foto-Frank-D.-mit-Schild.png?fit=300%2C534&amp;ssl=1\" class=\"wp-image-21903 size-full\" src=\"https:\/\/i0.wp.com\/www.freidenker.org\/fw17\/wp-content\/uploads\/2025\/05\/7_Foto-Frank-D.-mit-Schild.png?resize=300%2C534&#038;ssl=1\" alt=\"\" width=\"300\" height=\"534\" srcset=\"https:\/\/i0.wp.com\/www.freidenker.org\/fw17\/wp-content\/uploads\/2025\/05\/7_Foto-Frank-D.-mit-Schild.png?w=300&amp;ssl=1 300w, https:\/\/i0.wp.com\/www.freidenker.org\/fw17\/wp-content\/uploads\/2025\/05\/7_Foto-Frank-D.-mit-Schild.png?resize=169%2C300&amp;ssl=1 169w\" sizes=\"auto, (max-width: 300px) 100vw, 300px\" \/><figcaption id=\"caption-attachment-21903\" class=\"wp-caption-text\"><span style=\"font-size: 10pt;\">Frank Dargu\u00df (FmR) wird vom Platz gezerrt<\/span><\/figcaption><\/figure>\n<h5><strong>9. Mai \u2013 Tag des Sieges f\u00fcr Antifaschisten<\/strong><\/h5>\n<p>Die \u201erussische Beteiligung\u201c fand traditionsbewusst angesichts der Tatsache, dass der <em>Tag des Sieges \u00fcber den Nazismus<\/em> in Russland seit 1945 am 9. Mai gefeiert wird, am darauffolgenden Tag auf dem Ehrenfriedhof statt. Mitglieder unserer Initiative waren zugegen und konnten zahlreichen (Deutsch-)Russen ihre Gl\u00fcckw\u00fcnsche zum Tag des Sieges aussprechen, wie es unter den V\u00f6lkern der ehemaligen Sowjetunion \u00fcblich ist. An diesem Tag verkl\u00e4rte keinerlei Schikane vonseiten der Stadtspitze die strahlenden Gesichter der stolzen Kriegs-Urenkel, die, festlich gekleidet und mit Pilotka-Schiffchen als Kopfbedeckung sowie Georgsb\u00e4ndern geschm\u00fcckt, mit Fotos ihrer heldenhaften Ahnen posierten, und niemand hinderte ihre Familien daran, ihre Blumengestecke feierlich niederzulegen. Unser Engagement zugunsten der Reinstallation des Sowjetsterns rief viel Zuspruch hervor. Ohne Einmischung durch die sowjet- und russenfeindliche Obrigkeit waren hier herzliche Gespr\u00e4che zwischen deutsch- und russischst\u00e4mmigen Hannoveranern m\u00f6glich \u2013 so geht ehrenvolles Gedenken und V\u00f6lkerverst\u00e4ndigung unter Gleichgesinnten!<\/p>\n<figure id=\"attachment_21900\" aria-describedby=\"caption-attachment-21900\" style=\"width: 800px\" class=\"wp-caption alignnone\"><img data-recalc-dims=\"1\" loading=\"lazy\" decoding=\"async\" data-attachment-id=\"21900\" data-permalink=\"https:\/\/www.freidenker.org\/?attachment_id=21900\" data-orig-file=\"https:\/\/i0.wp.com\/www.freidenker.org\/fw17\/wp-content\/uploads\/2025\/05\/10_Stukenbrock-Buehne.jpg?fit=1066%2C800&amp;ssl=1\" data-orig-size=\"1066,800\" data-comments-opened=\"0\" data-image-meta=\"{&quot;aperture&quot;:&quot;0&quot;,&quot;credit&quot;:&quot;&quot;,&quot;camera&quot;:&quot;&quot;,&quot;caption&quot;:&quot;&quot;,&quot;created_timestamp&quot;:&quot;0&quot;,&quot;copyright&quot;:&quot;&quot;,&quot;focal_length&quot;:&quot;0&quot;,&quot;iso&quot;:&quot;0&quot;,&quot;shutter_speed&quot;:&quot;0&quot;,&quot;title&quot;:&quot;&quot;,&quot;orientation&quot;:&quot;1&quot;}\" data-image-title=\"10_Stukenbrock B\u00fchne\" data-image-description=\"\" data-image-caption=\"\" data-large-file=\"https:\/\/i0.wp.com\/www.freidenker.org\/fw17\/wp-content\/uploads\/2025\/05\/10_Stukenbrock-Buehne.jpg?fit=800%2C600&amp;ssl=1\" class=\"wp-image-21900 size-large\" src=\"https:\/\/i0.wp.com\/www.freidenker.org\/fw17\/wp-content\/uploads\/2025\/05\/10_Stukenbrock-Buehne.jpg?resize=800%2C600&#038;ssl=1\" alt=\"\" width=\"800\" height=\"600\" srcset=\"https:\/\/i0.wp.com\/www.freidenker.org\/fw17\/wp-content\/uploads\/2025\/05\/10_Stukenbrock-Buehne.jpg?resize=1024%2C768&amp;ssl=1 1024w, https:\/\/i0.wp.com\/www.freidenker.org\/fw17\/wp-content\/uploads\/2025\/05\/10_Stukenbrock-Buehne.jpg?resize=300%2C225&amp;ssl=1 300w, https:\/\/i0.wp.com\/www.freidenker.org\/fw17\/wp-content\/uploads\/2025\/05\/10_Stukenbrock-Buehne.jpg?resize=768%2C576&amp;ssl=1 768w, https:\/\/i0.wp.com\/www.freidenker.org\/fw17\/wp-content\/uploads\/2025\/05\/10_Stukenbrock-Buehne.jpg?w=1066&amp;ssl=1 1066w\" sizes=\"auto, (max-width: 800px) 100vw, 800px\" \/><figcaption id=\"caption-attachment-21900\" class=\"wp-caption-text\"><span style=\"font-size: 10pt;\">Die B\u00fchne in Stukenbrock<\/span><\/figcaption><\/figure>\n<h5><strong>Initiative <em>Frieden mit Russland<\/em> beim Tag des Sieges in Stukenbrock<\/strong><\/h5>\n<p>In der Hoffnung, die Beh\u00f6rden w\u00fcrden sich angesichts der zu erwartenden Menge von mehreren tausend (deutsch-)russischen G\u00e4sten keine derartigen Schikanen erlauben, reiste eine Delegation der Initiative<em> FmR<\/em> am 9. Mai erneut zur Siegesfeier in die ostwestf\u00e4lische Gemeinde Schlo\u00df Holte-Stukenbrock. Die Veranstalter der Feier hatten dieses Jahr noch gr\u00f6\u00dfer aufgefahren und so bot sich uns bei Ankunft auf der neben dem <em>Ehrenfriedhof sowjetischer Kriegsgefangener <\/em>gelegenen Festwiese der Anblick einer professionellen B\u00fchne inklusive symboltr\u00e4chtiger Dekoration und einem ansehnlichen Fahnenmeer; Siegesfahnen der Roten Armee wechselten sich mit Sowjetfahnen, russischer Trikolore und Flaggen wie denen Kasachstans, Kirgisistans, Belarus und anderen ehem. Sowjetstaaten ab. Georgsb\u00e4nder konnte man an einem separaten Stand bekommen und viele der G\u00e4ste trugen <em>Pilotka, <\/em>waren mit der kompletten ikonischen Uniform der Roten Armee gekleidet oder mit Teilen ihrer Offiziersausr\u00fcstung inklusive Verdienstorden geschm\u00fcckt.<\/p>\n<p>Das <em>Generalkonsulat der Russischen F\u00f6deration in Bonn <\/em>legte einen pr\u00e4chtigen Kranz mit wei\u00df-blau-rotem Blumenschmuck am Mahnmal auf dem Ehrenfriedhof nieder und machte damit den Anfang des <em>Unsterblichen Regiments<\/em>, zu dem sich Nachfahren der Angeh\u00f6rigen der Roten Armee vereinen, um die Portr\u00e4tfotos ihrer im Krieg gefallenen Ahnen zur Gedenkst\u00e4tte zu tragen und ihnen mit dem Ablegen blumiger Gr\u00fc\u00dfe ein respektvolles Gedenken zu erweisen. Auch der Gedenkgottesdienst der orthodoxen Kirchengemeinden der Region in der offenen Kapelle im hinteren Teil des Friedhofgel\u00e4ndes vor mehreren hunderten Teilnehmern des <em>Unsterblichen Regiments<\/em> durfte nicht fehlen.<\/p>\n<p>Unser Blumengesteck aus roten Nelken, das wie im vergangenen Jahr die Aufschrift \u201e<em>Dank Euch, ihr Sowjetsoldaten!\u201c<\/em> trug, legten wir ebenfalls am Fu\u00dfe des Obelisken nieder.<\/p>\n<p><img data-recalc-dims=\"1\" loading=\"lazy\" decoding=\"async\" data-attachment-id=\"21901\" data-permalink=\"https:\/\/www.freidenker.org\/?attachment_id=21901\" data-orig-file=\"https:\/\/i0.wp.com\/www.freidenker.org\/fw17\/wp-content\/uploads\/2025\/05\/11_Foto-Obelisk.jpg?fit=600%2C800&amp;ssl=1\" data-orig-size=\"600,800\" data-comments-opened=\"0\" data-image-meta=\"{&quot;aperture&quot;:&quot;1.9&quot;,&quot;credit&quot;:&quot;&quot;,&quot;camera&quot;:&quot;FNE-NX9&quot;,&quot;caption&quot;:&quot;&quot;,&quot;created_timestamp&quot;:&quot;1746797460&quot;,&quot;copyright&quot;:&quot;&quot;,&quot;focal_length&quot;:&quot;5.52&quot;,&quot;iso&quot;:&quot;100&quot;,&quot;shutter_speed&quot;:&quot;0.005&quot;,&quot;title&quot;:&quot;&quot;,&quot;orientation&quot;:&quot;1&quot;}\" data-image-title=\"11_Foto Obelisk\" data-image-description=\"\" data-image-caption=\"\" data-large-file=\"https:\/\/i0.wp.com\/www.freidenker.org\/fw17\/wp-content\/uploads\/2025\/05\/11_Foto-Obelisk.jpg?fit=600%2C800&amp;ssl=1\" class=\"alignnone wp-image-21901 size-full\" src=\"https:\/\/i0.wp.com\/www.freidenker.org\/fw17\/wp-content\/uploads\/2025\/05\/11_Foto-Obelisk.jpg?resize=600%2C800&#038;ssl=1\" alt=\"\" width=\"600\" height=\"800\" srcset=\"https:\/\/i0.wp.com\/www.freidenker.org\/fw17\/wp-content\/uploads\/2025\/05\/11_Foto-Obelisk.jpg?w=600&amp;ssl=1 600w, https:\/\/i0.wp.com\/www.freidenker.org\/fw17\/wp-content\/uploads\/2025\/05\/11_Foto-Obelisk.jpg?resize=225%2C300&amp;ssl=1 225w\" sizes=\"auto, (max-width: 600px) 100vw, 600px\" \/><\/p>\n<p>Auf der Festb\u00fchne fanden viele Kulturbeitr\u00e4ge statt, die mit Liedern aus dem Fundus des <em>Gro\u00dfen Vaterl\u00e4ndischen Krieges<\/em> Ausdruck verliehen, es kamen aber auch\u00a0 junge Chorgruppen sowie S\u00e4ngerinnen und S\u00e4nger mit moderneren russischsprachigen Gesangseinlagen zum Zug.<\/p>\n<p>Daf\u00fcr gilt ihnen unser ewiger Dank \u2013 und ein spezieller gilt den heutigen Rettern der ehrenhaften Gedenkkultur, die keine Kosten und M\u00fchen scheuen, um die Ewige Flamme am Brennen zu halten.<\/p>\n<figure id=\"attachment_21902\" aria-describedby=\"caption-attachment-21902\" style=\"width: 800px\" class=\"wp-caption alignnone\"><img data-recalc-dims=\"1\" loading=\"lazy\" decoding=\"async\" data-attachment-id=\"21902\" data-permalink=\"https:\/\/www.freidenker.org\/?attachment_id=21902\" data-orig-file=\"https:\/\/i0.wp.com\/www.freidenker.org\/fw17\/wp-content\/uploads\/2025\/05\/12_Stukenbrock-Menge.jpg?fit=1066%2C800&amp;ssl=1\" data-orig-size=\"1066,800\" data-comments-opened=\"0\" data-image-meta=\"{&quot;aperture&quot;:&quot;0&quot;,&quot;credit&quot;:&quot;&quot;,&quot;camera&quot;:&quot;&quot;,&quot;caption&quot;:&quot;&quot;,&quot;created_timestamp&quot;:&quot;0&quot;,&quot;copyright&quot;:&quot;&quot;,&quot;focal_length&quot;:&quot;0&quot;,&quot;iso&quot;:&quot;0&quot;,&quot;shutter_speed&quot;:&quot;0&quot;,&quot;title&quot;:&quot;&quot;,&quot;orientation&quot;:&quot;1&quot;}\" data-image-title=\"12_Stukenbrock Menge\" data-image-description=\"\" data-image-caption=\"\" data-large-file=\"https:\/\/i0.wp.com\/www.freidenker.org\/fw17\/wp-content\/uploads\/2025\/05\/12_Stukenbrock-Menge.jpg?fit=800%2C600&amp;ssl=1\" class=\"wp-image-21902 size-large\" src=\"https:\/\/i0.wp.com\/www.freidenker.org\/fw17\/wp-content\/uploads\/2025\/05\/12_Stukenbrock-Menge.jpg?resize=800%2C600&#038;ssl=1\" alt=\"\" width=\"800\" height=\"600\" srcset=\"https:\/\/i0.wp.com\/www.freidenker.org\/fw17\/wp-content\/uploads\/2025\/05\/12_Stukenbrock-Menge.jpg?resize=1024%2C768&amp;ssl=1 1024w, https:\/\/i0.wp.com\/www.freidenker.org\/fw17\/wp-content\/uploads\/2025\/05\/12_Stukenbrock-Menge.jpg?resize=300%2C225&amp;ssl=1 300w, https:\/\/i0.wp.com\/www.freidenker.org\/fw17\/wp-content\/uploads\/2025\/05\/12_Stukenbrock-Menge.jpg?resize=768%2C576&amp;ssl=1 768w, https:\/\/i0.wp.com\/www.freidenker.org\/fw17\/wp-content\/uploads\/2025\/05\/12_Stukenbrock-Menge.jpg?w=1066&amp;ssl=1 1066w\" sizes=\"auto, (max-width: 800px) 100vw, 800px\" \/><figcaption id=\"caption-attachment-21902\" class=\"wp-caption-text\"><span style=\"font-size: 10pt;\">Stukenbrock<\/span><\/figcaption><\/figure>\n<p style=\"text-align: right;\"><em>Anke Wittkopp ist Mitglied der Initiative Frieden mit Russland (FmR), Hannover\u00a0 und des Deutschen Freidenker-Verbandes<\/em><\/p>\n<p><img data-recalc-dims=\"1\" loading=\"lazy\" decoding=\"async\" data-attachment-id=\"13977\" data-permalink=\"https:\/\/www.freidenker.org\/?attachment_id=13977\" data-orig-file=\"https:\/\/i0.wp.com\/www.freidenker.org\/fw17\/wp-content\/uploads\/2022\/08\/External_Link_24px.jpg?fit=24%2C24&amp;ssl=1\" data-orig-size=\"24,24\" data-comments-opened=\"0\" data-image-meta=\"{&quot;aperture&quot;:&quot;0&quot;,&quot;credit&quot;:&quot;&quot;,&quot;camera&quot;:&quot;&quot;,&quot;caption&quot;:&quot;&quot;,&quot;created_timestamp&quot;:&quot;0&quot;,&quot;copyright&quot;:&quot;&quot;,&quot;focal_length&quot;:&quot;0&quot;,&quot;iso&quot;:&quot;0&quot;,&quot;shutter_speed&quot;:&quot;0&quot;,&quot;title&quot;:&quot;&quot;,&quot;orientation&quot;:&quot;1&quot;}\" data-image-title=\"External_Link_24px icon\" data-image-description=\"\" data-image-caption=\"\" data-large-file=\"https:\/\/i0.wp.com\/www.freidenker.org\/fw17\/wp-content\/uploads\/2022\/08\/External_Link_24px.jpg?fit=24%2C24&amp;ssl=1\" class=\"alignnone size-full wp-image-13977\" src=\"https:\/\/i0.wp.com\/www.freidenker.org\/fw17\/wp-content\/uploads\/2022\/08\/External_Link_24px.jpg?resize=24%2C24&#038;ssl=1\" alt=\"\" width=\"24\" height=\"24\" \/>\u00a0\u00dcber den Vorgang berichteten auch <a href=\"https:\/\/freedert.online\/meinung\/245208-siegesfahne-ueber-dem-reichstag-unertraeglicher-anblick-fuer-deutsche-obrigkeit\/\" target=\"_blank\" rel=\"noopener\">RT DE<\/a> sowie die Seite <a href=\"https:\/\/frieden-mit-russland.com\/2025\/05\/18\/80-jahrestag-der-entmachtung-der-hitlerfaschisten-wer-verbietet-statt-zu-feiern-hat-verloren-rechtsregierung-und-stadt-hannover-scheitern-bei-dem-versuch-gedenken-an-die-sowjetischen-befreier-her\/\">frieden-mit-russland.com<\/a>.&#8220;<\/p>\n<hr \/>\n<p><span style=\"font-size: 10pt;\">alle Fotos: Initiative Frieden mit Russland (FmR), Hannover\u00a0<\/span><\/p>\n","protected":false},"excerpt":{"rendered":"<p><b>Beitrag von Anke Wittkopp<\/b><br \/>\nDer von oben verordnete Geschichtsrevisionismus gipfelte zum 80. Jubil\u00e4umstag der Befreiung Deutschlands vom Hitler-Faschismus in einer Farce. Die Stadt Hannover schmiss Mitglieder der Initiative Frieden mit Russland wegen antifaschistischer Symbole vom Ehrenfriedhof, um am Tag der Befreiung das Andenken der siegreichen Roten Armee aus den Augen und aus dem Bewusstsein zu tilgen. Doch Hannovers \u201egr\u00fcner\u201c Oberb\u00fcrgermeister Onay versagte bei diesem sch\u00e4bigen Versuch, denn weder die Befreiung noch die Sieger von 1945 lassen sich umdeuten oder vergessen! Von der Stadt Hannover wurde rund um den 8. Mai 2025 vorgef\u00fchrt, wie man die Instrumentalisierung des Weltkriegsgedenkens im Sinne der Regierung betreibt, indem man sowohl Symbole der Sowjetmacht als auch der Russischen F\u00f6deration verbietet.<\/p>\n","protected":false},"author":3,"featured_media":21904,"comment_status":"closed","ping_status":"closed","sticky":false,"template":"","format":"standard","meta":{"colormag_page_container_layout":"default_layout","colormag_page_sidebar_layout":"default_layout","advanced_seo_description":"","jetpack_seo_html_title":"","jetpack_seo_noindex":false,"jetpack_post_was_ever_published":false,"footnotes":""},"categories":[13,19],"tags":[648,2120,1518,924,1192,1035,1026,1654,431,222,430,687],"class_list":["post-21893","post","type-post","status-publish","format-standard","has-post-thumbnail","hentry","category-frieden-antifaschismus-solidaritaet","category-veranstaltungen-in-den-dfv-landesverbaenden","tag-2-weltkrieg","tag-alliierte","tag-fahne","tag-gedenken","tag-geschichtsrevisionismus","tag-hannover","tag-lv-niedersachsen","tag-polizei","tag-rote-armee","tag-russland","tag-sowjetunion","tag-tag-der-befreiung"],"jetpack_featured_media_url":"https:\/\/i0.wp.com\/www.freidenker.org\/fw17\/wp-content\/uploads\/2025\/05\/TdB_Hannover_Frank_B_Russlandfahne_800x450.jpg?fit=800%2C450&ssl=1","jetpack_shortlink":"https:\/\/wp.me\/p9stpK-5H7","jetpack-related-posts":[{"id":16017,"url":"https:\/\/www.freidenker.org\/?p=16017","url_meta":{"origin":21893,"position":0},"title":"Befreiung vom Faschismus und Tag des Sieges 2023","author":"Webredaktion","date":"13. Mai 2023","format":false,"excerpt":"Wir dokumentieren - den Marsch des Unsterblichen Regiments am 07. Mai 2023 in Frankfurt am Main mit Kundgebung am Opernplatz und Demonstration zum R\u00f6merberg, Reden von Sebastian Bahlo (Text) und von Sergey Filbert (Video) - Bilder von der Gedenkstunde am 08.05.2023 zum Tag der Befreiung am Mahnmal f\u00fcr die Opfer\u2026","rel":"","context":"In &quot;Frieden - Antifaschismus - Solidarit\u00e4t&quot;","block_context":{"text":"Frieden - Antifaschismus - Solidarit\u00e4t","link":"https:\/\/www.freidenker.org\/?cat=13"},"img":{"alt_text":"","src":"https:\/\/i0.wp.com\/www.freidenker.org\/fw17\/wp-content\/uploads\/2023\/05\/TdB_2023_20230509_113616_800x450.jpg?fit=800%2C450&ssl=1&resize=350%2C200","width":350,"height":200,"srcset":"https:\/\/i0.wp.com\/www.freidenker.org\/fw17\/wp-content\/uploads\/2023\/05\/TdB_2023_20230509_113616_800x450.jpg?fit=800%2C450&ssl=1&resize=350%2C200 1x, https:\/\/i0.wp.com\/www.freidenker.org\/fw17\/wp-content\/uploads\/2023\/05\/TdB_2023_20230509_113616_800x450.jpg?fit=800%2C450&ssl=1&resize=525%2C300 1.5x, https:\/\/i0.wp.com\/www.freidenker.org\/fw17\/wp-content\/uploads\/2023\/05\/TdB_2023_20230509_113616_800x450.jpg?fit=800%2C450&ssl=1&resize=700%2C400 2x"},"classes":[]},{"id":8020,"url":"https:\/\/www.freidenker.org\/?p=8020","url_meta":{"origin":21893,"position":1},"title":"Galerie: Freidenker zum 75. Jahrestag der Befreiung","author":"Webredaktion","date":"12. Mai 2020","format":false,"excerpt":"Obwohl aus bekannten Gr\u00fcnden die gro\u00dfe Kundgebungen und Feiern nicht wie geplant stattfinden konnten, haben Tausende Menschen in Berlin und ganz Deutschland dem 75. Jahrestag\u00a0 der Befreiung vom Faschismus und des Sieges der Roten Armee gedacht. Nat\u00fcrlich waren auch Freidenker dabei. Hier einige Bilder aus Berlin, Offenbach, Frankfurt a.M. und\u2026","rel":"","context":"In &quot;Frieden - Antifaschismus - Solidarit\u00e4t&quot;","block_context":{"text":"Frieden - Antifaschismus - Solidarit\u00e4t","link":"https:\/\/www.freidenker.org\/?cat=13"},"img":{"alt_text":"","src":"https:\/\/i0.wp.com\/www.freidenker.org\/fw17\/wp-content\/uploads\/2020\/05\/TagDerBefreiung_2020_800x450.jpg?fit=800%2C450&ssl=1&resize=350%2C200","width":350,"height":200,"srcset":"https:\/\/i0.wp.com\/www.freidenker.org\/fw17\/wp-content\/uploads\/2020\/05\/TagDerBefreiung_2020_800x450.jpg?fit=800%2C450&ssl=1&resize=350%2C200 1x, https:\/\/i0.wp.com\/www.freidenker.org\/fw17\/wp-content\/uploads\/2020\/05\/TagDerBefreiung_2020_800x450.jpg?fit=800%2C450&ssl=1&resize=525%2C300 1.5x, https:\/\/i0.wp.com\/www.freidenker.org\/fw17\/wp-content\/uploads\/2020\/05\/TagDerBefreiung_2020_800x450.jpg?fit=800%2C450&ssl=1&resize=700%2C400 2x"},"classes":[]},{"id":10166,"url":"https:\/\/www.freidenker.org\/?p=10166","url_meta":{"origin":21893,"position":2},"title":"Flugblatt zum 8. und 9. Mai 2021: Befreiung von Faschismus und Krieg","author":"Webredaktion","date":"2. Mai 2021","format":false,"excerpt":"Erfreulicherweise werden die Tage der Befreiung und des Sieges in immer gr\u00f6\u00dferem B\u00fcndnisrahmen zur Kenntnis genommen und durch Aktionen gew\u00fcrdigt. Weniger erfreulich, dass Aktionen in diesem Jahr hier und da mit der Begr\u00fcndung \"des Infektionsgeschehens\" storniert werden. Au\u00dferdem ist zu beobachten, das eine Reihe von Aufrufen zu den Jahrestagen inzwischen\u2026","rel":"","context":"In &quot;Frieden - Antifaschismus - Solidarit\u00e4t&quot;","block_context":{"text":"Frieden - Antifaschismus - Solidarit\u00e4t","link":"https:\/\/www.freidenker.org\/?cat=13"},"img":{"alt_text":"","src":"https:\/\/i0.wp.com\/www.freidenker.org\/fw17\/wp-content\/uploads\/2021\/05\/victory-day-1396078_800x450.jpg?fit=800%2C450&ssl=1&resize=350%2C200","width":350,"height":200,"srcset":"https:\/\/i0.wp.com\/www.freidenker.org\/fw17\/wp-content\/uploads\/2021\/05\/victory-day-1396078_800x450.jpg?fit=800%2C450&ssl=1&resize=350%2C200 1x, https:\/\/i0.wp.com\/www.freidenker.org\/fw17\/wp-content\/uploads\/2021\/05\/victory-day-1396078_800x450.jpg?fit=800%2C450&ssl=1&resize=525%2C300 1.5x, https:\/\/i0.wp.com\/www.freidenker.org\/fw17\/wp-content\/uploads\/2021\/05\/victory-day-1396078_800x450.jpg?fit=800%2C450&ssl=1&resize=700%2C400 2x"},"classes":[]},{"id":6392,"url":"https:\/\/www.freidenker.org\/?p=6392","url_meta":{"origin":21893,"position":3},"title":"Am 9. Mai: Dank den Sowjetsoldaten!","author":"Webredaktion","date":"14. Mai 2019","format":false,"excerpt":"Ansprache von Klaus Hartmann, Bundesvorsitzender des Deutschen Freidenker-Verbandes,\u00a0 am 9. Mai 2019 auf dem Hauptfriedhof Frankfurt am Main Unsere Trauer um die Opfer, um die Gefallenen, um die Ermordeten, bedeutet einerseits ehrendes Gedenken, aber es ist zugleich Mahnung: Nie wieder Faschismus, nie wieder Krieg! Diese Mahnung bedeutet zuerst, nicht zuzulassen,\u2026","rel":"","context":"In &quot;Frieden - Antifaschismus - Solidarit\u00e4t&quot;","block_context":{"text":"Frieden - Antifaschismus - Solidarit\u00e4t","link":"https:\/\/www.freidenker.org\/?cat=13"},"img":{"alt_text":"","src":"https:\/\/i0.wp.com\/www.freidenker.org\/fw17\/wp-content\/uploads\/2019\/05\/190509-Tag-des-Sieges-2019-Gelbwesten_800x445.jpg?fit=800%2C445&ssl=1&resize=350%2C200","width":350,"height":200,"srcset":"https:\/\/i0.wp.com\/www.freidenker.org\/fw17\/wp-content\/uploads\/2019\/05\/190509-Tag-des-Sieges-2019-Gelbwesten_800x445.jpg?fit=800%2C445&ssl=1&resize=350%2C200 1x, https:\/\/i0.wp.com\/www.freidenker.org\/fw17\/wp-content\/uploads\/2019\/05\/190509-Tag-des-Sieges-2019-Gelbwesten_800x445.jpg?fit=800%2C445&ssl=1&resize=525%2C300 1.5x, https:\/\/i0.wp.com\/www.freidenker.org\/fw17\/wp-content\/uploads\/2019\/05\/190509-Tag-des-Sieges-2019-Gelbwesten_800x445.jpg?fit=800%2C445&ssl=1&resize=700%2C400 2x"},"classes":[]},{"id":19086,"url":"https:\/\/www.freidenker.org\/?p=19086","url_meta":{"origin":21893,"position":4},"title":"Befreiung vom Faschismus und Tag des Sieges 2024","author":"Webredaktion","date":"18. Mai 2024","format":false,"excerpt":"Zum Tag des Sieges \/ Tag der Befreiung fanden zahlreiche Veranstaltungen statt, an denen vielerorts auch Freidenker beteiligt waren. Wir berichten hier von den Veranstaltungen in Frankfurt am Main am 05. und 09. Mai, Offenbach am 08. Mai und Berlin am 09. Mai 2024. 05.05.2024 \u2013 Marsch des unsterblichen Regiments\u2026","rel":"","context":"In &quot;Demokratie \u2013 Medien \u2013 Aufkl\u00e4rung&quot;","block_context":{"text":"Demokratie \u2013 Medien \u2013 Aufkl\u00e4rung","link":"https:\/\/www.freidenker.org\/?cat=12"},"img":{"alt_text":"","src":"https:\/\/i0.wp.com\/www.freidenker.org\/fw17\/wp-content\/uploads\/2024\/05\/Hartmann_Tag_des_Sieges_FaM_2024_800x450.jpg?fit=800%2C450&ssl=1&resize=350%2C200","width":350,"height":200,"srcset":"https:\/\/i0.wp.com\/www.freidenker.org\/fw17\/wp-content\/uploads\/2024\/05\/Hartmann_Tag_des_Sieges_FaM_2024_800x450.jpg?fit=800%2C450&ssl=1&resize=350%2C200 1x, https:\/\/i0.wp.com\/www.freidenker.org\/fw17\/wp-content\/uploads\/2024\/05\/Hartmann_Tag_des_Sieges_FaM_2024_800x450.jpg?fit=800%2C450&ssl=1&resize=525%2C300 1.5x, https:\/\/i0.wp.com\/www.freidenker.org\/fw17\/wp-content\/uploads\/2024\/05\/Hartmann_Tag_des_Sieges_FaM_2024_800x450.jpg?fit=800%2C450&ssl=1&resize=700%2C400 2x"},"classes":[]},{"id":21649,"url":"https:\/\/www.freidenker.org\/?p=21649","url_meta":{"origin":21893,"position":5},"title":"Veranstaltungen: 80 Jahre Befreiung von Faschismus und Krieg","author":"Webredaktion","date":"2. Mai 2025","format":false,"excerpt":"Bis 1985 hat es in der Alt-BRD gedauert, bis der Jahrestag nicht mehr als Tag der Niederlage und der Schmach, sondernd der Befreiung galt. 2025 scheint das nicht mehr zu gelten. Dem Ende des 2. Weltkriegs wollen Bundesregierung und die EU ohne Befreier gedenken, Vertreter der Russischen F\u00f6deration und von\u2026","rel":"","context":"In &quot;Frieden - Antifaschismus - Solidarit\u00e4t&quot;","block_context":{"text":"Frieden - Antifaschismus - Solidarit\u00e4t","link":"https:\/\/www.freidenker.org\/?cat=13"},"img":{"alt_text":"","src":"https:\/\/i0.wp.com\/www.freidenker.org\/fw17\/wp-content\/uploads\/2025\/05\/Unsterbliches_Regiment_dfm_03_800x450.jpg?fit=800%2C450&ssl=1&resize=350%2C200","width":350,"height":200,"srcset":"https:\/\/i0.wp.com\/www.freidenker.org\/fw17\/wp-content\/uploads\/2025\/05\/Unsterbliches_Regiment_dfm_03_800x450.jpg?fit=800%2C450&ssl=1&resize=350%2C200 1x, https:\/\/i0.wp.com\/www.freidenker.org\/fw17\/wp-content\/uploads\/2025\/05\/Unsterbliches_Regiment_dfm_03_800x450.jpg?fit=800%2C450&ssl=1&resize=525%2C300 1.5x, https:\/\/i0.wp.com\/www.freidenker.org\/fw17\/wp-content\/uploads\/2025\/05\/Unsterbliches_Regiment_dfm_03_800x450.jpg?fit=800%2C450&ssl=1&resize=700%2C400 2x"},"classes":[]}],"_links":{"self":[{"href":"https:\/\/www.freidenker.org\/index.php?rest_route=\/wp\/v2\/posts\/21893","targetHints":{"allow":["GET"]}}],"collection":[{"href":"https:\/\/www.freidenker.org\/index.php?rest_route=\/wp\/v2\/posts"}],"about":[{"href":"https:\/\/www.freidenker.org\/index.php?rest_route=\/wp\/v2\/types\/post"}],"author":[{"embeddable":true,"href":"https:\/\/www.freidenker.org\/index.php?rest_route=\/wp\/v2\/users\/3"}],"replies":[{"embeddable":true,"href":"https:\/\/www.freidenker.org\/index.php?rest_route=%2Fwp%2Fv2%2Fcomments&post=21893"}],"version-history":[{"count":2,"href":"https:\/\/www.freidenker.org\/index.php?rest_route=\/wp\/v2\/posts\/21893\/revisions"}],"predecessor-version":[{"id":21906,"href":"https:\/\/www.freidenker.org\/index.php?rest_route=\/wp\/v2\/posts\/21893\/revisions\/21906"}],"wp:featuredmedia":[{"embeddable":true,"href":"https:\/\/www.freidenker.org\/index.php?rest_route=\/wp\/v2\/media\/21904"}],"wp:attachment":[{"href":"https:\/\/www.freidenker.org\/index.php?rest_route=%2Fwp%2Fv2%2Fmedia&parent=21893"}],"wp:term":[{"taxonomy":"category","embeddable":true,"href":"https:\/\/www.freidenker.org\/index.php?rest_route=%2Fwp%2Fv2%2Fcategories&post=21893"},{"taxonomy":"post_tag","embeddable":true,"href":"https:\/\/www.freidenker.org\/index.php?rest_route=%2Fwp%2Fv2%2Ftags&post=21893"}],"curies":[{"name":"wp","href":"https:\/\/api.w.org\/{rel}","templated":true}]}}