{"id":21882,"date":"2025-05-20T15:53:26","date_gmt":"2025-05-20T13:53:26","guid":{"rendered":"https:\/\/www.freidenker.org\/?p=21882"},"modified":"2025-06-25T19:22:43","modified_gmt":"2025-06-25T17:22:43","slug":"warschauer-vertragsorganisation-war-pfeiler-von-sicherheit-und-frieden","status":"publish","type":"post","link":"https:\/\/www.freidenker.org\/?p=21882","title":{"rendered":"Warschauer Vertragsorganisation war Pfeiler von Sicherheit und Frieden"},"content":{"rendered":"<h4><span class=\"lead\">Zur Gr\u00fcndung der Warschauer Vertragsorganisation vor 70\u00a0Jahren<\/span><\/h4>\n<p><em>von <strong>Prof. Dr. Anton Latzo<\/strong><\/em><\/p>\n<p><span style=\"font-size: 10pt;\">Erstver\u00f6ffentlichung in der <a href=\"https:\/\/www.unsere-zeit.de\/pfeiler-von-sicherheit-und-frieden-4803405\/\" target=\"_blank\" rel=\"noopener\">UZ vom 16.05.2025<\/a>\u00a0<\/span><\/p>\n<p>Mitte der 1950er Jahre stand die Frage der Remilitarisierung der BRD im Mittelpunkt der Politik in Europa. Das Projekt der Herrschenden in den USA und in Westeuropa mit Hilfe des EVG-Vertrages zu verwirklichen, war gescheitert. Der Bonner Regierung gelang es aber, gemeinsam mit den USA, die Einbeziehung der Bundesrepublik in das NATO-System durchzusetzen. Bonn erhielt nun auch offiziell die M\u00f6glichkeit, eine Armee von 500 000 Mann aufzustellen.<\/p>\n<p>Auf einer Konferenz der NATO, die vom 9. bis 11. Mai 1955 tagte, wurde die BRD, nur 10 Jahre nach der bedingungslosen Kapitulation des faschistischen Deutschlands, offiziell in die NATO aufgenommen, die offen antisowjetische Ziele verfolgte, gegen die sozialistische Entwicklung in Osteuropa gerichtet war und schon wieder eine Gefahr f\u00fcr den Frieden darstellte.<\/p>\n<p>Nachdem die vorherigen Warnungen und Vorschl\u00e4ge der UdSSR, der DDR und der\u00a0volksdemokratischen\u00a0 Staaten unber\u00fccksichtigt blieben, beschlossen diese, die Warschauer Vertragsorganisation zu bilden. Am 14. Mai 1955 unterzeichneten sie in Warschau den Vertrag \u00fcber Freundschaft, Zusammenarbeit und gegenseitigen Beistand und bildeten ein Vereintes Kommando der Streitkr\u00e4fte der Teilnehmerstaaten. Die Volksrepublik China war als Beobachter vertreten.<\/p>\n<p>Die Warschauer Vertragsorganisation (WVO) war aber nicht einfach nur eine Gegenaktion zur NATO und zur Aufnahme der BRD in diese Organisation. Sie entwarf zugleich einen konstruktiven Ausweg aus der gef\u00e4hrlichen Situation indem sie konkrete Vorschl\u00e4ge f\u00fcr Schaffung von Frieden, Sicherheit und gleichberechtigter Zusammenarbeit in Europa unterbreitete, die auch in \u00dcbereinstimmung mit Geist und Buchstabe der Vereinbarungen von Jalta und Potsdam standen.<\/p>\n<p>Schon vor 1955 waren die Bem\u00fchungen der sp\u00e4teren WVO-Staaten darauf gerichtet, solche Bedingungen zu schaffen, die die Existenz zweier entgegengesetzter Organisationen in Europa vermeiden h\u00e4tten k\u00f6nnen.<\/p>\n<p>Angesichts der Gefahren, die sich aus der Politik der USA und ihrer Verb\u00fcndeten ergaben, und geleitet von dem Wunsch, ein friedliches Nachkriegseuropa zu gestalten, unterbreitete die UdSSR im Februar 1954 auf der Berliner Au\u00dfenministerkonferenz der Vier M\u00e4chte eine mit den volksdemokratischen Staaten abgestimmten Entwurf eines \u201eGesamteurop\u00e4ischen Vertrages \u00fcber kollektive Sicherheit in Europa\u201c. Er sah vor, ein gesamteurop\u00e4isches Sicherheitssystem\u00a0 &#8211; unter Beteiligung der USA &#8211; zu schaffen.<\/p>\n<p>Er sollte \u201edie Bildung von Gruppierungen der einen europ\u00e4ischen Staaten gegen die anderen europ\u00e4ischen Staaten, die Versch\u00e4rfung der Reibungen in den Beziehungen zwischen den L\u00e4ndern hervorruft\u201c, vorbeugen und \u201eeine \u00dcbereinstimmung der Bem\u00fchungen aller europ\u00e4ischen Staaten zur Gew\u00e4hrleistung der kollektiven Sicherheit in Europa\u201c erzielen. Die Initiative ist bekanntlich am Widerstand der Westm\u00e4chte gescheitert.<\/p>\n<p>Am 31. M\u00e4rz 1954 hat die UdSSR in einer Note an die Westm\u00e4chte ihre Bereitschaft erkl\u00e4rt, zur gemeinschaftlichen Festigung der europ\u00e4ischen Sicherheit sogar der NATO beizutreten. Die Ablehnung der NATO-M\u00e4chte erfolgte am 7. Mai 1954.<\/p>\n<p>Solche Vorschl\u00e4ge entsprachen nicht den Pl\u00e4nen der Herrschenden in der NATO. Sie\u00a0 hielten an ihrer Politik des \u201eZur\u00fcckrollens des Kommunismus\u201c fest und sch\u00fcrten Antikommunismus und V\u00f6lkerhass. Ihr Konzept hat zum Beispiel der damalige Bundeskanzler der BRD, Konrad Adenauer, am 20 Juli 1952 u.a. so formuliert: \u201eMit einem totalit\u00e4ren Staat kann man nun einmal nicht sprechen, wie mit einem Bruder. Ein totalit\u00e4rer Staat versteht nur eines: er h\u00f6rt dann, wenn der, mit dem er spricht, auch Macht hat. Und diese Macht mu\u00df sich Europa verschaffen\u201c.<\/p>\n<p>Trotzdem erneuerte die Sowjetunion in einer Note an die Regierungen Frankreichs, Gro\u00dfbritanniens und der USA vom 24. Juli 1954 den Vorschlag, eine Konferenz aller europ\u00e4ischen Staaten einzuberufen, auf der \u00fcber die Schaffung eines Systems der kollektiven Sicherheit in Europa beraten werden sollte. Am 13. November 1954 wurde ein \u00e4hnlicher Vorschlag an alle europ\u00e4ischen Staaten unterbreitet, der ebenfalls auf Ablehnung stie\u00df.<\/p>\n<p>Angesichts der Tatsache, dass die NATO-M\u00e4chte alle Vorschl\u00e4ge und ihre Teilnahme ablehnten, wurde die Warschauer Vertragsorganisation am 14. Mai 1955 gegr\u00fcndet.<\/p>\n<p>Die Teilnahme der DDR am Warschauer Vertrag festigte auch deren internationale Position im Ringen mit der auf die Liquidierung der DDR gerichteten Politik der herrschenden Kreise in Bonn. Die Mitgliedstaaten der WVO nahmen bei der Gr\u00fcndung der Organisation eine Erkl\u00e4rung von DDR-Ministerpr\u00e4sident Otto Grotewohl zustimmend zur Kenntnis, in der es hie\u00df: \u201eBei der Unterzeichnung des vorliegenden Vertrages \u00fcber Freundschaft, Zusammenarbeit und gegenseitigen Beistand geht die Regierung der Deutschen Demokratischen Republik davon aus, dass das wiedervereinigte Deutschland von den Verpflichtungen frei sein wird, die ein Teil Deutschlands in milit\u00e4rpolitischen Vertr\u00e4gen und Abkommen, die vor der Wiedervereinigung abgeschlossen wurden, eingegangen ist\u201c.<\/p>\n<p>Der unterschiedliche Charakter der beiden Organisationen offenbarte sich auch darin, dass die NATO gegen die UdSSR und die anderen sozialistischen L\u00e4nder gegr\u00fcndet und aktiv wurde. Die Gr\u00fcndung der NATO war vom Grundsatz der klassenm\u00e4\u00dfigen Ausschlie\u00dflichkeit gepr\u00e4gt.<\/p>\n<p>Die WVO verstand sich als ein B\u00fcndnis f\u00fcr die Gew\u00e4hrleistung von Frieden und Sicherheit und hatte die Schaffung eines kollektiven Sicherheitssystems in Europa zum Ziel.<\/p>\n<p>Im Gegensatz zur NATO wurde die WVO als ein offener Vertrag abgeschlossen, der in Artikel 9 die M\u00f6glichkeit des Beitritts anderer europ\u00e4ischer Staaten vorsah. Einzige Bedingung f\u00fcr den Beitritt war die Bereitschaft dieser Staaten, \u201ezur Vereinigung\u00a0 der Anstrengungen der friedliebenden Staaten zum Zwecke der Gew\u00e4hrleistung des Friedens und der Sicherheit der V\u00f6lker beizutragen\u201c.<\/p>\n<p>Diese wesentlichen Unterschiede pr\u00e4gten das Verh\u00e4ltnis beider Organisationen zueinander und die Inhalte ihrer Initiativen bis zur Aufl\u00f6sung der Warschauer Vertragsorganisation.<\/p>\n<p>Der gr\u00f6\u00dfte Erfolg der Politik der WVO war die Einberufung und Durchf\u00fchrung der Konferenz f\u00fcr Frieden und Sicherheit in Europa. Trotz der Niederlage des Sozialismus in Europa und der aggressiven Ausdehnung der NATO nach Osteuropa sind die Erfahrungen und Lehren dieser Periode von bleibendem Wert.<\/p>\n<p>Angesichts der positiven, einflussreichen Rolle der WVO in den internationalen Auseinandersetzungen nimmt es nicht Wunder, dass das B\u00fcndnis der sozialistischen Staaten und seine Milit\u00e4rkoalition im Zentrum der ideologischen Diversion des Imperialismus standen. Seit Mitte der siebziger Jahre, nach der Helsinki-Konferenz f\u00fcr Frieden und Sicherheit in Europa, hat sich die psychologische Kriegf\u00fchrung gegen die WVO nach Umfang, Intensit\u00e4t und Inhalt versch\u00e4rft. Unverh\u00fcllt wurde ausgesprochen, dass ihre Gegner damit die Absicht verbanden, einen \u201eangestrebten psychologischen Terraingewinn\u201c in den Teilnehmerstaaten der WVO in \u201esp\u00e4tere politische, eventuell milit\u00e4rische\u00a0 Vorteile umzusetzen\u201c.<\/p>\n<p>Im Kommuniqu\u00e9 der Tagung des NATO-Ministerrates vom Fr\u00fchjahr 1977 war zum ersten Mal ein\u00a0 selbst\u00e4ndiger Punkt zur psychologischen Kriegf\u00fchrung enthalten. Zum gleichen Zeitpunkt beschloss der NATO-Rat auf Antrag des Pr\u00e4sidenten der USA , eine \u201eStudie der Ost-West-Politik und der Entwicklung innerhalb des europ\u00e4ischen Ostblocks\u201c. Diese wurde zusammen mit dem Langzeit-R\u00fcstungsprogramm auf dem Washingtoner NATO-Gipfel 1978\u00a0 zum NATO-Langzeitprogramm.<\/p>\n<p>Kombiniert mit den Aktivit\u00e4ten der USA und der anderen NATO-M\u00e4chten wurde die Politik von Gorbatschow, Jakowlew und Schewardnadse und Komplizen genutzt, um die Zerst\u00f6rung der UdSSR und die Niederlage des Sozialismus in Europa durchzusetzen und die Politik von Jelzin, Gaidar und Tschubais zu etablieren. Bestandteil dieser Entwicklung war die Kapitulation Russlands auf der Weltb\u00fchne, was auch die Aufl\u00f6sung der WVO implizierte.<\/p>\n<p>Damit wurden die Bedingungen geschaffen, die zur staatlichen Aufl\u00f6sung der CSSR, zur Aggression gegen Jugoslawien und zum Aufbau eines gegen Russland und gegen den Frieden in Europa gerichteten USA- und NATO-G\u00fcrtels entlang der Grenze Russlands, vom Baltikum bis ins Schwarze Meer, f\u00fchrten,\u00a0 dessen Zentrum die Ukraine bildet!<\/p>\n<p style=\"text-align: right;\"><em>Prof. Dr. Anton Latzo ist Historiker und Mitglied des Beirats des Deutschen Freidenker-Verbandes<\/em><\/p>\n<hr \/>\n<p><span style=\"font-size: 10pt;\">Bild oben: <\/span><span class=\"mw-mmv-title\"><span style=\"font-size: 10pt;\">Der Ministerpr\u00e4sident der DDR, Otto Grotewohl, bei der Vertragsunterzeichnung in Warschau am 14.05.1955<\/span><br \/>\n<span style=\"font-size: 10pt;\">Foto: Bundesarchiv, Bild 183-30562-0001 \/ <a href=\"https:\/\/creativecommons.org\/licenses\/by-sa\/3.0\/de\/deed.en\" target=\"_blank\" rel=\"noopener\">CC BY-SA 3.0 de<\/a><\/span><br \/>\n<span style=\"font-size: 10pt;\">Quelle: <a href=\"https:\/\/commons.wikimedia.org\/w\/index.php?curid=5427648\" target=\"_blank\" rel=\"noopener\">https:\/\/commons.wikimedia.org\/w\/index.php?curid=5427648<\/a><\/span><br \/>\n<\/span><\/p>\n","protected":false},"excerpt":{"rendered":"<p><b>Beitrag von Prof. Dr. Anton Latzo<\/b><br \/>\nMitte der 1950er Jahre stand die Frage der Remilitarisierung der BRD im Mittelpunkt der Politik in Europa. Das Projekt der Herrschenden in den USA und in Westeuropa mit Hilfe des EVG-Vertrages zu verwirklichen, war gescheitert. Der Bonner Regierung gelang es aber, gemeinsam mit den USA, die Einbeziehung der Bundesrepublik in das NATO-System durchzusetzen. Bonn erhielt nun auch offiziell die M\u00f6glichkeit, eine Armee von 500.000 Mann aufzustellen. Auf einer Konferenz der NATO, die vom 9. bis 11. Mai 1955 tagte, wurde die BRD, nur 10 Jahre nach der bedingungslosen Kapitulation des faschistischen Deutschlands, offiziell in die NATO aufgenommen, die offen antisowjetische Ziele verfolgte, [&#8230;]. Nachdem die vorherigen Warnungen und Vorschl\u00e4ge der UdSSR, der DDR und der\u00a0volksdemokratischen\u00a0 Staaten unber\u00fccksichtigt blieben, beschlossen diese, die Warschauer Vertragsorganisation zu bilden. <\/p>\n","protected":false},"author":3,"featured_media":21883,"comment_status":"closed","ping_status":"closed","sticky":false,"template":"","format":"standard","meta":{"colormag_page_container_layout":"default_layout","colormag_page_sidebar_layout":"default_layout","advanced_seo_description":"","jetpack_seo_html_title":"","jetpack_seo_noindex":false,"jetpack_post_was_ever_published":false,"footnotes":""},"categories":[13,1162],"tags":[648,699,455,454,335,1165,1480,56,2001,430,1826],"class_list":["post-21882","post","type-post","status-publish","format-standard","has-post-thumbnail","hentry","category-frieden-antifaschismus-solidaritaet","category-geschichte","tag-2-weltkrieg","tag-aussenpolitik","tag-brd","tag-ddr","tag-frieden","tag-kalter-krieg","tag-ksze","tag-nato","tag-sicherheit","tag-sowjetunion","tag-warschauer-vertrag"],"jetpack_featured_media_url":"https:\/\/i0.wp.com\/www.freidenker.org\/fw17\/wp-content\/uploads\/2025\/05\/Bundesarchiv_Bild_183-30562-0001_Warschauer_Vertrag.jpg?fit=800%2C450&ssl=1","jetpack_shortlink":"https:\/\/wp.me\/p9stpK-5GW","jetpack-related-posts":[{"id":21149,"url":"https:\/\/www.freidenker.org\/?p=21149","url_meta":{"origin":21882,"position":0},"title":"Diskussion: Die geopolitische Bedeutung der BRICS+","author":"Webredaktion","date":"12. M\u00e4rz 2025","format":false,"excerpt":"Einladung: Sonnabend, 15. M\u00e4rz 2025, 10:00 Uhr, Jugendherberge Leiterstra\u00dfe 10, 39104 Magdeburg Einleitungsreferat: Dr. Wolfgang Effenberger Die Chance, nach Aufl\u00f6sung der Warschauer Vertragsorganisation und dem Ende der Sowjetunion eine Friedensordnung f\u00fcr das 21. Jahrhundert zu begr\u00fcnden, wurde vertan. .... Die Entwicklung der BRIC-\/ BRICS-\/ BRICS+ Staaten markiert den Weg in\u2026","rel":"","context":"In &quot;Zentrale Veranstaltungen&quot;","block_context":{"text":"Zentrale Veranstaltungen","link":"https:\/\/www.freidenker.org\/?cat=20"},"img":{"alt_text":"","src":"https:\/\/i0.wp.com\/www.freidenker.org\/fw17\/wp-content\/uploads\/2025\/03\/2018_BRICS_summit_6_800x450.jpg?fit=800%2C450&ssl=1&resize=350%2C200","width":350,"height":200,"srcset":"https:\/\/i0.wp.com\/www.freidenker.org\/fw17\/wp-content\/uploads\/2025\/03\/2018_BRICS_summit_6_800x450.jpg?fit=800%2C450&ssl=1&resize=350%2C200 1x, https:\/\/i0.wp.com\/www.freidenker.org\/fw17\/wp-content\/uploads\/2025\/03\/2018_BRICS_summit_6_800x450.jpg?fit=800%2C450&ssl=1&resize=525%2C300 1.5x, https:\/\/i0.wp.com\/www.freidenker.org\/fw17\/wp-content\/uploads\/2025\/03\/2018_BRICS_summit_6_800x450.jpg?fit=800%2C450&ssl=1&resize=700%2C400 2x"},"classes":[]},{"id":13271,"url":"https:\/\/www.freidenker.org\/?p=13271","url_meta":{"origin":21882,"position":1},"title":"\u00dcber den Tisch gezogen","author":"Webredaktion","date":"28. Mai 2022","format":false,"excerpt":"Beitrag von Prof. Dr. Anton Latzo Mit der Niederlage des Sozialismus in Europa, der Zerschlagung der Sowjetunion und der Aufl\u00f6sung der Warschauer Vertragsorganisation war eine neue sicherheitspolitische Situation in Europa und der Welt entstanden. In der Erhaltung der Hegemonie der USA sehen die Herrschenden gegenw\u00e4rtig den Hauptweg zur Rettung ihres\u2026","rel":"","context":"In &quot;Frieden - Antifaschismus - Solidarit\u00e4t&quot;","block_context":{"text":"Frieden - Antifaschismus - Solidarit\u00e4t","link":"https:\/\/www.freidenker.org\/?cat=13"},"img":{"alt_text":"","src":"https:\/\/i0.wp.com\/www.freidenker.org\/fw17\/wp-content\/uploads\/2022\/05\/Boris_Yeltsin_with_Bill_Clinton-1_800x450.jpg?fit=800%2C450&ssl=1&resize=350%2C200","width":350,"height":200,"srcset":"https:\/\/i0.wp.com\/www.freidenker.org\/fw17\/wp-content\/uploads\/2022\/05\/Boris_Yeltsin_with_Bill_Clinton-1_800x450.jpg?fit=800%2C450&ssl=1&resize=350%2C200 1x, https:\/\/i0.wp.com\/www.freidenker.org\/fw17\/wp-content\/uploads\/2022\/05\/Boris_Yeltsin_with_Bill_Clinton-1_800x450.jpg?fit=800%2C450&ssl=1&resize=525%2C300 1.5x, https:\/\/i0.wp.com\/www.freidenker.org\/fw17\/wp-content\/uploads\/2022\/05\/Boris_Yeltsin_with_Bill_Clinton-1_800x450.jpg?fit=800%2C450&ssl=1&resize=700%2C400 2x"},"classes":[]},{"id":17156,"url":"https:\/\/www.freidenker.org\/?p=17156","url_meta":{"origin":21882,"position":2},"title":"Friedenskampf darf KSZE-Prozess nicht aussparen!","author":"Webredaktion","date":"1. Oktober 2023","format":false,"excerpt":"Rede von Prof. Dr. Anton Latzo Wir begehen in diesem Jahr den 50sten Jahrestag der Er\u00f6ffnung der KSZE in Helsinki (3. Juli 1973). Eigentlich eine Gelegenheit f\u00fcr Reflexion. Es stellt sich die Frage, warum Regierungen, Medien, Stiftungen, NGOs nichts dazu zu sagen haben (wollen). Die Regierung der BRD hat bei\u2026","rel":"","context":"In &quot;Frieden - Antifaschismus - Solidarit\u00e4t&quot;","block_context":{"text":"Frieden - Antifaschismus - Solidarit\u00e4t","link":"https:\/\/www.freidenker.org\/?cat=13"},"img":{"alt_text":"","src":"https:\/\/i0.wp.com\/www.freidenker.org\/fw17\/wp-content\/uploads\/2023\/09\/Schlussakte_Helsinki_1975_KSZE_800x450.jpg?fit=800%2C450&ssl=1&resize=350%2C200","width":350,"height":200,"srcset":"https:\/\/i0.wp.com\/www.freidenker.org\/fw17\/wp-content\/uploads\/2023\/09\/Schlussakte_Helsinki_1975_KSZE_800x450.jpg?fit=800%2C450&ssl=1&resize=350%2C200 1x, https:\/\/i0.wp.com\/www.freidenker.org\/fw17\/wp-content\/uploads\/2023\/09\/Schlussakte_Helsinki_1975_KSZE_800x450.jpg?fit=800%2C450&ssl=1&resize=525%2C300 1.5x, https:\/\/i0.wp.com\/www.freidenker.org\/fw17\/wp-content\/uploads\/2023\/09\/Schlussakte_Helsinki_1975_KSZE_800x450.jpg?fit=800%2C450&ssl=1&resize=700%2C400 2x"},"classes":[]},{"id":21235,"url":"https:\/\/www.freidenker.org\/?p=21235","url_meta":{"origin":21882,"position":3},"title":"Sie haben es nie aufgegeben! Von Jalta und Potsdam 1945 zu Neuer Weltordnung &#8211; zwei Linien sind wirksam!","author":"Webredaktion","date":"22. M\u00e4rz 2025","format":false,"excerpt":"Beitrag von\u00a0Prof. Dr. habil. Anton Latzo Die Frage der Herbeif\u00fchrung einer friedlichen Neuen Weltordnung ist seit mehr als hundert Jahren st\u00e4ndiges Thema der internationalen Politik. Dieses Jahr ist besonders reich an Jahrestagen, die helfen k\u00f6nnen, die dabei gemachten Erfahrungen zu analysieren, die Geschichte vorurteilsfrei zu betrachten, um die Gegenwart besser\u2026","rel":"","context":"In &quot;Demokratie \u2013 Medien \u2013 Aufkl\u00e4rung&quot;","block_context":{"text":"Demokratie \u2013 Medien \u2013 Aufkl\u00e4rung","link":"https:\/\/www.freidenker.org\/?cat=12"},"img":{"alt_text":"","src":"https:\/\/i0.wp.com\/www.freidenker.org\/fw17\/wp-content\/uploads\/2025\/03\/Churchill_Truman_Stalin_Potsdam1945_800x450.jpg?fit=800%2C450&ssl=1&resize=350%2C200","width":350,"height":200,"srcset":"https:\/\/i0.wp.com\/www.freidenker.org\/fw17\/wp-content\/uploads\/2025\/03\/Churchill_Truman_Stalin_Potsdam1945_800x450.jpg?fit=800%2C450&ssl=1&resize=350%2C200 1x, https:\/\/i0.wp.com\/www.freidenker.org\/fw17\/wp-content\/uploads\/2025\/03\/Churchill_Truman_Stalin_Potsdam1945_800x450.jpg?fit=800%2C450&ssl=1&resize=525%2C300 1.5x, https:\/\/i0.wp.com\/www.freidenker.org\/fw17\/wp-content\/uploads\/2025\/03\/Churchill_Truman_Stalin_Potsdam1945_800x450.jpg?fit=800%2C450&ssl=1&resize=700%2C400 2x"},"classes":[]},{"id":17171,"url":"https:\/\/www.freidenker.org\/?p=17171","url_meta":{"origin":21882,"position":4},"title":"Deutschland im Krieg gegen Russland","author":"Webredaktion","date":"5. Oktober 2023","format":false,"excerpt":"Beitrag von Doris und George Pumphrey Von deutschem Boden w\u00fcrde nur noch Frieden ausgehen, hatten die Regierungen der BRD und DDR im Zwei-plus-Vier-Vertrag vom 12.09.1990 erkl\u00e4rt. Mit dem Verschwinden des antifaschistischen Friedensstaates DDR am 3. Oktober 1990 und dem Ende des Warschauer Vertrages bzw. der Sowjetunion im folgenden Jahr konnte\u2026","rel":"","context":"In &quot;Demokratie \u2013 Medien \u2013 Aufkl\u00e4rung&quot;","block_context":{"text":"Demokratie \u2013 Medien \u2013 Aufkl\u00e4rung","link":"https:\/\/www.freidenker.org\/?cat=12"},"img":{"alt_text":"","src":"https:\/\/i0.wp.com\/www.freidenker.org\/fw17\/wp-content\/uploads\/2023\/10\/friko_deutsche_einheit_800x450.jpg?fit=800%2C450&ssl=1&resize=350%2C200","width":350,"height":200,"srcset":"https:\/\/i0.wp.com\/www.freidenker.org\/fw17\/wp-content\/uploads\/2023\/10\/friko_deutsche_einheit_800x450.jpg?fit=800%2C450&ssl=1&resize=350%2C200 1x, https:\/\/i0.wp.com\/www.freidenker.org\/fw17\/wp-content\/uploads\/2023\/10\/friko_deutsche_einheit_800x450.jpg?fit=800%2C450&ssl=1&resize=525%2C300 1.5x, https:\/\/i0.wp.com\/www.freidenker.org\/fw17\/wp-content\/uploads\/2023\/10\/friko_deutsche_einheit_800x450.jpg?fit=800%2C450&ssl=1&resize=700%2C400 2x"},"classes":[]},{"id":11062,"url":"https:\/\/www.freidenker.org\/?p=11062","url_meta":{"origin":21882,"position":5},"title":"Ein Beitrag zur Friedensicherung","author":"Webredaktion","date":"16. August 2021","format":false,"excerpt":"Beitrag von Prof. Dr. Anton Latzo Die historische Wahrheit ist nicht nur Grundlage und Bestandteil der allgemeinen Kultur des Menschen. Sie sollte auch als Lernstoff f\u00fcr ein verantwortungsvolles Verhalten der Menschen und besonders der Politiker bei der Gestaltung friedlicher Lebensbedingungen sein. Das Wissen um die tats\u00e4chlichen Vorg\u00e4nge, die zu den\u2026","rel":"","context":"In &quot;Frieden - Antifaschismus - Solidarit\u00e4t&quot;","block_context":{"text":"Frieden - Antifaschismus - Solidarit\u00e4t","link":"https:\/\/www.freidenker.org\/?cat=13"},"img":{"alt_text":"","src":"https:\/\/i0.wp.com\/www.freidenker.org\/fw17\/wp-content\/uploads\/2021\/08\/Berlin_Brandenburger_Tor_1961_800x450.jpg?fit=800%2C450&ssl=1&resize=350%2C200","width":350,"height":200,"srcset":"https:\/\/i0.wp.com\/www.freidenker.org\/fw17\/wp-content\/uploads\/2021\/08\/Berlin_Brandenburger_Tor_1961_800x450.jpg?fit=800%2C450&ssl=1&resize=350%2C200 1x, https:\/\/i0.wp.com\/www.freidenker.org\/fw17\/wp-content\/uploads\/2021\/08\/Berlin_Brandenburger_Tor_1961_800x450.jpg?fit=800%2C450&ssl=1&resize=525%2C300 1.5x, https:\/\/i0.wp.com\/www.freidenker.org\/fw17\/wp-content\/uploads\/2021\/08\/Berlin_Brandenburger_Tor_1961_800x450.jpg?fit=800%2C450&ssl=1&resize=700%2C400 2x"},"classes":[]}],"_links":{"self":[{"href":"https:\/\/www.freidenker.org\/index.php?rest_route=\/wp\/v2\/posts\/21882","targetHints":{"allow":["GET"]}}],"collection":[{"href":"https:\/\/www.freidenker.org\/index.php?rest_route=\/wp\/v2\/posts"}],"about":[{"href":"https:\/\/www.freidenker.org\/index.php?rest_route=\/wp\/v2\/types\/post"}],"author":[{"embeddable":true,"href":"https:\/\/www.freidenker.org\/index.php?rest_route=\/wp\/v2\/users\/3"}],"replies":[{"embeddable":true,"href":"https:\/\/www.freidenker.org\/index.php?rest_route=%2Fwp%2Fv2%2Fcomments&post=21882"}],"version-history":[{"count":1,"href":"https:\/\/www.freidenker.org\/index.php?rest_route=\/wp\/v2\/posts\/21882\/revisions"}],"predecessor-version":[{"id":21884,"href":"https:\/\/www.freidenker.org\/index.php?rest_route=\/wp\/v2\/posts\/21882\/revisions\/21884"}],"wp:featuredmedia":[{"embeddable":true,"href":"https:\/\/www.freidenker.org\/index.php?rest_route=\/wp\/v2\/media\/21883"}],"wp:attachment":[{"href":"https:\/\/www.freidenker.org\/index.php?rest_route=%2Fwp%2Fv2%2Fmedia&parent=21882"}],"wp:term":[{"taxonomy":"category","embeddable":true,"href":"https:\/\/www.freidenker.org\/index.php?rest_route=%2Fwp%2Fv2%2Fcategories&post=21882"},{"taxonomy":"post_tag","embeddable":true,"href":"https:\/\/www.freidenker.org\/index.php?rest_route=%2Fwp%2Fv2%2Ftags&post=21882"}],"curies":[{"name":"wp","href":"https:\/\/api.w.org\/{rel}","templated":true}]}}