{"id":21868,"date":"2025-05-15T22:59:16","date_gmt":"2025-05-15T20:59:16","guid":{"rendered":"https:\/\/www.freidenker.org\/?p=21868"},"modified":"2025-06-25T19:22:16","modified_gmt":"2025-06-25T17:22:16","slug":"lisa-fitz-schwarz-rot-ist-zurueck","status":"publish","type":"post","link":"https:\/\/www.freidenker.org\/?p=21868","title":{"rendered":"Lisa Fitz \u2013 Schwarz-Rot ist zur\u00fcck"},"content":{"rendered":"<p><em>Video von\u00a0<strong>Lisa Fitz<\/strong><\/em><\/p>\n<p><span style=\"font-size: 10pt;\">Ver\u00f6ffentlicht am 15.05.2025 auf den <a href=\"https:\/\/www.nachdenkseiten.de\/?p=132954\" target=\"_blank\" rel=\"noopener\">NachDenkSeiten<\/a><\/span><\/p>\n<p>So. Die neue Regierung steht \u2026 Also mit Vorbehalt \u2026 vielleicht \u00e4ndert sich\u2019s ja morgen wieder. Willkommen zur neuesten Staffel von \u201eDeutschland zerlegt sich selbst \u2013 diesmal mit Friedrich Merz!\u201d<br \/>\n<span id=\"more-132954\"><\/span><\/p>\n<div class=\"jetpack-video-wrapper\"><span class=\"embed-youtube\" style=\"text-align:center; display: block;\"><iframe loading=\"lazy\" class=\"youtube-player\" width=\"800\" height=\"450\" src=\"https:\/\/www.youtube.com\/embed\/L6ZMb0ms_og?version=3&#038;rel=1&#038;showsearch=0&#038;showinfo=1&#038;iv_load_policy=1&#038;fs=1&#038;hl=de-DE&#038;autohide=2&#038;wmode=transparent\" allowfullscreen=\"true\" style=\"border:0;\" sandbox=\"allow-scripts allow-same-origin allow-popups allow-presentation allow-popups-to-escape-sandbox\"><\/iframe><\/span><\/div>\n<p><span style=\"font-size: 10pt;\">Direktlink zum Video der NachDenkSeiten auf YouTube: <a href=\"https:\/\/www.youtube.com\/watch?v=L6ZMb0ms_og\" target=\"_blank\" rel=\"noopener\">https:\/\/www.youtube.com\/watch?v=L6ZMb0ms_og<\/a><\/span><\/p>\n<p><span style=\"font-size: 10pt;\">Alternative Ver\u00f6ffentlichung auf odyssee.com: <a href=\"https:\/\/odysee.com\/@NachDenkSeiten:4\/lisa-fitz-%E2%80%93-schwarz-rot-ist-zur%C3%BCck:d\">https:\/\/odysee.com\/@NachDenkSeiten:4\/lisa-fitz-%E2%80%93-schwarz-rot-ist-zur%C3%BCck:d<\/a><\/span><\/p>\n<p style=\"text-align: right;\">Lisa Fitz ist Beiratsmitglied des Deutschen Freidenker-Verbandes<\/p>\n<hr \/>\n<p><span style=\"font-size: 10pt;\">Bild oben: Screenshot aus dem Video\u00a0<\/span><\/p>\n","protected":false},"excerpt":{"rendered":"<p><b>Video von\u00a0Lisa Fitz<\/b><br \/>\nSo. Die neue Regierung steht \u2026 Also mit Vorbehalt \u2026 vielleicht \u00e4ndert sich\u2019s ja morgen wieder. Willkommen zur neuesten Staffel von \u201eDeutschland zerlegt sich selbst \u2013 diesmal mit Friedrich Merz!\u201d<\/p>\n","protected":false},"author":3,"featured_media":21869,"comment_status":"closed","ping_status":"closed","sticky":false,"template":"","format":"standard","meta":{"colormag_page_container_layout":"default_layout","colormag_page_sidebar_layout":"default_layout","advanced_seo_description":"","jetpack_seo_html_title":"","jetpack_seo_noindex":false,"jetpack_post_was_ever_published":false,"footnotes":""},"categories":[12,913],"tags":[1032,1241,452,2489,2541,942,124,619,815],"class_list":["post-21868","post","type-post","status-publish","format-standard","has-post-thumbnail","hentry","category-demokratie-medien-aufklaerung","category-kultur-kunst","tag-bundesregierung","tag-cdu","tag-deutschland","tag-friedrich-merz","tag-grosse-koalition","tag-kabarett","tag-politik","tag-satire","tag-spd"],"jetpack_featured_media_url":"https:\/\/i0.wp.com\/www.freidenker.org\/fw17\/wp-content\/uploads\/2025\/05\/lisa_fitz_schwarzrot_800x450.jpg?fit=800%2C450&ssl=1","jetpack_shortlink":"https:\/\/wp.me\/p9stpK-5GI","jetpack-related-posts":[{"id":20889,"url":"https:\/\/www.freidenker.org\/?p=20889","url_meta":{"origin":21868,"position":0},"title":"Lisa Fitz: Der Schwarz-Gr\u00fcne Filz","author":"Webredaktion","date":"4. Februar 2025","format":false,"excerpt":"Video von\u00a0Lisa Fitz Erinnern Sie sich noch an Patrick Graichen\u2026? Die Trauzeugenaff\u00e4re, Amigo-Filz im Ministerium Habeck. Graichen musste weichen, war ja verbreitet wie ein Pilz, dieser Filz. Und Graichen war das Bauernopfer \u2026 aber er landete im Aufsichtsrat, weich & wohlig auf der Heizdecke des ukrainischen Energieversorgers Ukrenerho. Wenn Sie\u2026","rel":"","context":"In &quot;Demokratie \u2013 Medien \u2013 Aufkl\u00e4rung&quot;","block_context":{"text":"Demokratie \u2013 Medien \u2013 Aufkl\u00e4rung","link":"https:\/\/www.freidenker.org\/?cat=12"},"img":{"alt_text":"","src":"https:\/\/i0.wp.com\/www.freidenker.org\/fw17\/wp-content\/uploads\/2025\/02\/Lisa_Fitz_schwarzgruener_Filz_800x450.jpg?fit=800%2C450&ssl=1&resize=350%2C200","width":350,"height":200,"srcset":"https:\/\/i0.wp.com\/www.freidenker.org\/fw17\/wp-content\/uploads\/2025\/02\/Lisa_Fitz_schwarzgruener_Filz_800x450.jpg?fit=800%2C450&ssl=1&resize=350%2C200 1x, https:\/\/i0.wp.com\/www.freidenker.org\/fw17\/wp-content\/uploads\/2025\/02\/Lisa_Fitz_schwarzgruener_Filz_800x450.jpg?fit=800%2C450&ssl=1&resize=525%2C300 1.5x, https:\/\/i0.wp.com\/www.freidenker.org\/fw17\/wp-content\/uploads\/2025\/02\/Lisa_Fitz_schwarzgruener_Filz_800x450.jpg?fit=800%2C450&ssl=1&resize=700%2C400 2x"},"classes":[]},{"id":19661,"url":"https:\/\/www.freidenker.org\/?p=19661","url_meta":{"origin":21868,"position":1},"title":"Lisa Fitz \u2013 Sommerwetter &#038; Eurofighter","author":"Webredaktion","date":"9. August 2024","format":false,"excerpt":"Video von Lisa Fitz Sommer, Sonne, Badewetter \u2013 und eine irre Politik, das ist wieder mal eine Super-Kombi, die einem den ganzen Badespa\u00df und Sommer vermiesen k\u00f6nnte\u2026 Wussten Sie, dass ein von der deutschen Bundeswehr eingesetzter Kampfjet vom Typ Eurofighter 3.500 Kilogramm Treibstoff pro Flugstunde verbraucht? Es lebe der Klimaschutz!\u2026","rel":"","context":"In &quot;Demokratie \u2013 Medien \u2013 Aufkl\u00e4rung&quot;","block_context":{"text":"Demokratie \u2013 Medien \u2013 Aufkl\u00e4rung","link":"https:\/\/www.freidenker.org\/?cat=12"},"img":{"alt_text":"","src":"https:\/\/i0.wp.com\/www.freidenker.org\/fw17\/wp-content\/uploads\/2024\/08\/Lisa_Fitz_Sommer_800x450.jpg?fit=800%2C450&ssl=1&resize=350%2C200","width":350,"height":200,"srcset":"https:\/\/i0.wp.com\/www.freidenker.org\/fw17\/wp-content\/uploads\/2024\/08\/Lisa_Fitz_Sommer_800x450.jpg?fit=800%2C450&ssl=1&resize=350%2C200 1x, https:\/\/i0.wp.com\/www.freidenker.org\/fw17\/wp-content\/uploads\/2024\/08\/Lisa_Fitz_Sommer_800x450.jpg?fit=800%2C450&ssl=1&resize=525%2C300 1.5x, https:\/\/i0.wp.com\/www.freidenker.org\/fw17\/wp-content\/uploads\/2024\/08\/Lisa_Fitz_Sommer_800x450.jpg?fit=800%2C450&ssl=1&resize=700%2C400 2x"},"classes":[]},{"id":19884,"url":"https:\/\/www.freidenker.org\/?p=19884","url_meta":{"origin":21868,"position":2},"title":"Lisa Fitz: \u201eMiosga-Miasma\u201c (Miosga versus Wagenknecht)","author":"Webredaktion","date":"23. September 2024","format":false,"excerpt":"Video von Lisa Fitz Sommer, Sonne, Badewetter \u2013 und eine irre Politik, das ist wieder mal eine Super-Kombi, die einem den ganzen Badespa\u00df und Sommer vermiesen k\u00f6nnte\u2026 Wussten Sie, dass ein von der deutschen Bundeswehr eingesetzter Kampfjet vom Typ Eurofighter 3.500 Kilogramm Treibstoff pro Flugstunde verbraucht? Es lebe der Klimaschutz!\u2026","rel":"","context":"In &quot;Demokratie \u2013 Medien \u2013 Aufkl\u00e4rung&quot;","block_context":{"text":"Demokratie \u2013 Medien \u2013 Aufkl\u00e4rung","link":"https:\/\/www.freidenker.org\/?cat=12"},"img":{"alt_text":"","src":"https:\/\/i0.wp.com\/www.freidenker.org\/fw17\/wp-content\/uploads\/2024\/09\/Lisa_Fitz_Miosga_800x450.jpg?fit=800%2C450&ssl=1&resize=350%2C200","width":350,"height":200,"srcset":"https:\/\/i0.wp.com\/www.freidenker.org\/fw17\/wp-content\/uploads\/2024\/09\/Lisa_Fitz_Miosga_800x450.jpg?fit=800%2C450&ssl=1&resize=350%2C200 1x, https:\/\/i0.wp.com\/www.freidenker.org\/fw17\/wp-content\/uploads\/2024\/09\/Lisa_Fitz_Miosga_800x450.jpg?fit=800%2C450&ssl=1&resize=525%2C300 1.5x, https:\/\/i0.wp.com\/www.freidenker.org\/fw17\/wp-content\/uploads\/2024\/09\/Lisa_Fitz_Miosga_800x450.jpg?fit=800%2C450&ssl=1&resize=700%2C400 2x"},"classes":[]},{"id":14941,"url":"https:\/\/www.freidenker.org\/?p=14941","url_meta":{"origin":21868,"position":3},"title":"Lisa Fitz \u2013 Eine Prise Kinski","author":"Webredaktion","date":"5. Januar 2023","format":false,"excerpt":"Video von Lisa Fitz Lisa Fitz, die als Kabarettistin seit Jahrzehnten auf politische und gesellschaftliche Missst\u00e4nde hinweist, besch\u00e4ftigt sich in ihrem neuesten St\u00fcck satirisch mit dem \u201cjournalistischen Meister\u2026 Meisnerhandwerk\u201d sowie Anw\u00fcrfen unter der G\u00fcrtellinie gegen sie und auch gegen die NachDenkSeiten. - \u00dcber die \"M\u00f6chte - gern - auch -\u2026","rel":"","context":"In &quot;Demokratie \u2013 Medien \u2013 Aufkl\u00e4rung&quot;","block_context":{"text":"Demokratie \u2013 Medien \u2013 Aufkl\u00e4rung","link":"https:\/\/www.freidenker.org\/?cat=12"},"img":{"alt_text":"","src":"https:\/\/i0.wp.com\/www.freidenker.org\/fw17\/wp-content\/uploads\/2023\/01\/Lisa-Fitz_Prise-Kinski_800x450.jpg?fit=800%2C450&ssl=1&resize=350%2C200","width":350,"height":200,"srcset":"https:\/\/i0.wp.com\/www.freidenker.org\/fw17\/wp-content\/uploads\/2023\/01\/Lisa-Fitz_Prise-Kinski_800x450.jpg?fit=800%2C450&ssl=1&resize=350%2C200 1x, https:\/\/i0.wp.com\/www.freidenker.org\/fw17\/wp-content\/uploads\/2023\/01\/Lisa-Fitz_Prise-Kinski_800x450.jpg?fit=800%2C450&ssl=1&resize=525%2C300 1.5x, https:\/\/i0.wp.com\/www.freidenker.org\/fw17\/wp-content\/uploads\/2023\/01\/Lisa-Fitz_Prise-Kinski_800x450.jpg?fit=800%2C450&ssl=1&resize=700%2C400 2x"},"classes":[]},{"id":18357,"url":"https:\/\/www.freidenker.org\/?p=18357","url_meta":{"origin":21868,"position":4},"title":"Lisa Fitz &#8211; Batterien","author":"Webredaktion","date":"25. Februar 2024","format":false,"excerpt":"Video von\u00a0Lisa Fitz \u201eJa, es ist keine einfache Zeit im Moment, aber\u2026 denken Sie immer dran: JETZT ist die Zeit, von der Sie sp\u00e4ter mal sagen werden: Das war noch die gute alte Zeit!\u201c. So beginnt das neue St\u00fcck von Lisa Fitz. Ein ziemlich deprimierendes St\u00fcck. Mit einem P.S. kommentiert\u2026","rel":"","context":"In &quot;Demokratie \u2013 Medien \u2013 Aufkl\u00e4rung&quot;","block_context":{"text":"Demokratie \u2013 Medien \u2013 Aufkl\u00e4rung","link":"https:\/\/www.freidenker.org\/?cat=12"},"img":{"alt_text":"","src":"https:\/\/i0.wp.com\/www.freidenker.org\/fw17\/wp-content\/uploads\/2024\/02\/Lisa_Fitz_Batterien_v2_800x450.jpg?fit=800%2C450&ssl=1&resize=350%2C200","width":350,"height":200,"srcset":"https:\/\/i0.wp.com\/www.freidenker.org\/fw17\/wp-content\/uploads\/2024\/02\/Lisa_Fitz_Batterien_v2_800x450.jpg?fit=800%2C450&ssl=1&resize=350%2C200 1x, https:\/\/i0.wp.com\/www.freidenker.org\/fw17\/wp-content\/uploads\/2024\/02\/Lisa_Fitz_Batterien_v2_800x450.jpg?fit=800%2C450&ssl=1&resize=525%2C300 1.5x, https:\/\/i0.wp.com\/www.freidenker.org\/fw17\/wp-content\/uploads\/2024\/02\/Lisa_Fitz_Batterien_v2_800x450.jpg?fit=800%2C450&ssl=1&resize=700%2C400 2x"},"classes":[]},{"id":22422,"url":"https:\/\/www.freidenker.org\/?p=22422","url_meta":{"origin":21868,"position":5},"title":"Lisa Fitz \u2013 Die Wehrpflicht kommt zur\u00fcck","author":"Webredaktion","date":"21. Juli 2025","format":false,"excerpt":"Video von\u00a0Lisa Fitz Man munkelt, die Wehrpflicht soll zur\u00fcckkommen. Ja! Stramm gesessen und zugeh\u00f6rt! Jetzt frage ich Sie \u2026 f\u00fcr einen Freund. Wohin denn? Wie denn? Wo laufen Sie denn \u2026? Keine Kasernen, keine Kreiswehrersatz\u00e4mter, null Ausbilder \u2026 Was aber in Massen vorhanden ist, sind Pinguine, Berater mit Krawatten und\u2026","rel":"","context":"In &quot;Demokratie \u2013 Medien \u2013 Aufkl\u00e4rung&quot;","block_context":{"text":"Demokratie \u2013 Medien \u2013 Aufkl\u00e4rung","link":"https:\/\/www.freidenker.org\/?cat=12"},"img":{"alt_text":"","src":"https:\/\/i0.wp.com\/www.freidenker.org\/fw17\/wp-content\/uploads\/2025\/07\/lisa_fitz_wehrpflicht_800x450.jpg?fit=800%2C450&ssl=1&resize=350%2C200","width":350,"height":200,"srcset":"https:\/\/i0.wp.com\/www.freidenker.org\/fw17\/wp-content\/uploads\/2025\/07\/lisa_fitz_wehrpflicht_800x450.jpg?fit=800%2C450&ssl=1&resize=350%2C200 1x, https:\/\/i0.wp.com\/www.freidenker.org\/fw17\/wp-content\/uploads\/2025\/07\/lisa_fitz_wehrpflicht_800x450.jpg?fit=800%2C450&ssl=1&resize=525%2C300 1.5x, https:\/\/i0.wp.com\/www.freidenker.org\/fw17\/wp-content\/uploads\/2025\/07\/lisa_fitz_wehrpflicht_800x450.jpg?fit=800%2C450&ssl=1&resize=700%2C400 2x"},"classes":[]}],"_links":{"self":[{"href":"https:\/\/www.freidenker.org\/index.php?rest_route=\/wp\/v2\/posts\/21868","targetHints":{"allow":["GET"]}}],"collection":[{"href":"https:\/\/www.freidenker.org\/index.php?rest_route=\/wp\/v2\/posts"}],"about":[{"href":"https:\/\/www.freidenker.org\/index.php?rest_route=\/wp\/v2\/types\/post"}],"author":[{"embeddable":true,"href":"https:\/\/www.freidenker.org\/index.php?rest_route=\/wp\/v2\/users\/3"}],"replies":[{"embeddable":true,"href":"https:\/\/www.freidenker.org\/index.php?rest_route=%2Fwp%2Fv2%2Fcomments&post=21868"}],"version-history":[{"count":3,"href":"https:\/\/www.freidenker.org\/index.php?rest_route=\/wp\/v2\/posts\/21868\/revisions"}],"predecessor-version":[{"id":21873,"href":"https:\/\/www.freidenker.org\/index.php?rest_route=\/wp\/v2\/posts\/21868\/revisions\/21873"}],"wp:featuredmedia":[{"embeddable":true,"href":"https:\/\/www.freidenker.org\/index.php?rest_route=\/wp\/v2\/media\/21869"}],"wp:attachment":[{"href":"https:\/\/www.freidenker.org\/index.php?rest_route=%2Fwp%2Fv2%2Fmedia&parent=21868"}],"wp:term":[{"taxonomy":"category","embeddable":true,"href":"https:\/\/www.freidenker.org\/index.php?rest_route=%2Fwp%2Fv2%2Fcategories&post=21868"},{"taxonomy":"post_tag","embeddable":true,"href":"https:\/\/www.freidenker.org\/index.php?rest_route=%2Fwp%2Fv2%2Ftags&post=21868"}],"curies":[{"name":"wp","href":"https:\/\/api.w.org\/{rel}","templated":true}]}}