{"id":21845,"date":"2025-05-13T23:39:38","date_gmt":"2025-05-13T21:39:38","guid":{"rendered":"https:\/\/www.freidenker.org\/?p=21845"},"modified":"2025-06-25T19:21:54","modified_gmt":"2025-06-25T17:21:54","slug":"ulrike-guerot-jeanne-darc-des-friedens-der-freiheit-und-der-wahrheit","status":"publish","type":"post","link":"https:\/\/www.freidenker.org\/?p=21845","title":{"rendered":"Ulrike Gu\u00e9rot: Jeanne d\u2019Arc des Friedens, der Freiheit und der Wahrheit?"},"content":{"rendered":"<p><strong>Ehemalige Soros-Mitarbeiterin zur Friedensikone stilisiert<\/strong><\/p>\n<p><em>von <strong>Wolfgang Effenberger<\/strong><\/em><\/p>\n<p>\u201eDas Motto von Beethovens 9. Sinfonie\u00a0<em>Alle Menschen werden Br\u00fcder<\/em>, die ja die europ\u00e4ische Hymne ist, gilt auch f\u00fcr die Russen!\u201c (1) sagte die Politikwissenschaftlerin\u00a0<strong>Ulrike Gu\u00e9rot<\/strong>\u00a0im Interview mit den NachDenkSeiten.<\/p>\n<p><img data-recalc-dims=\"1\" loading=\"lazy\" decoding=\"async\" data-attachment-id=\"21846\" data-permalink=\"https:\/\/www.freidenker.org\/?attachment_id=21846\" data-orig-file=\"https:\/\/i0.wp.com\/www.freidenker.org\/fw17\/wp-content\/uploads\/2025\/05\/Effenberger_Guerot_01.jpg?fit=1276%2C677&amp;ssl=1\" data-orig-size=\"1276,677\" data-comments-opened=\"0\" data-image-meta=\"{&quot;aperture&quot;:&quot;0&quot;,&quot;credit&quot;:&quot;&quot;,&quot;camera&quot;:&quot;&quot;,&quot;caption&quot;:&quot;&quot;,&quot;created_timestamp&quot;:&quot;0&quot;,&quot;copyright&quot;:&quot;&quot;,&quot;focal_length&quot;:&quot;0&quot;,&quot;iso&quot;:&quot;0&quot;,&quot;shutter_speed&quot;:&quot;0&quot;,&quot;title&quot;:&quot;&quot;,&quot;orientation&quot;:&quot;0&quot;}\" data-image-title=\"Effenberger_Guerot_01\" data-image-description=\"\" data-image-caption=\"\" data-large-file=\"https:\/\/i0.wp.com\/www.freidenker.org\/fw17\/wp-content\/uploads\/2025\/05\/Effenberger_Guerot_01.jpg?fit=800%2C424&amp;ssl=1\" class=\"alignnone wp-image-21846 size-medium\" src=\"https:\/\/i0.wp.com\/www.freidenker.org\/fw17\/wp-content\/uploads\/2025\/05\/Effenberger_Guerot_01.jpg?resize=300%2C159&#038;ssl=1\" alt=\"\" width=\"300\" height=\"159\" srcset=\"https:\/\/i0.wp.com\/www.freidenker.org\/fw17\/wp-content\/uploads\/2025\/05\/Effenberger_Guerot_01.jpg?resize=300%2C159&amp;ssl=1 300w, https:\/\/i0.wp.com\/www.freidenker.org\/fw17\/wp-content\/uploads\/2025\/05\/Effenberger_Guerot_01.jpg?resize=1024%2C543&amp;ssl=1 1024w, https:\/\/i0.wp.com\/www.freidenker.org\/fw17\/wp-content\/uploads\/2025\/05\/Effenberger_Guerot_01.jpg?resize=768%2C407&amp;ssl=1 768w, https:\/\/i0.wp.com\/www.freidenker.org\/fw17\/wp-content\/uploads\/2025\/05\/Effenberger_Guerot_01.jpg?resize=390%2C205&amp;ssl=1 390w, https:\/\/i0.wp.com\/www.freidenker.org\/fw17\/wp-content\/uploads\/2025\/05\/Effenberger_Guerot_01.jpg?w=1276&amp;ssl=1 1276w\" sizes=\"auto, (max-width: 300px) 100vw, 300px\" \/><\/p>\n<p>Laut Frau Gu\u00e9rot sollte am 9. Mai ein europaweites Zeichen des Friedens gesetzt werden. Dieses Zeichen ist nicht nur ein Aufruf, den man unterschreiben kann,<\/p>\n<p style=\"padding-left: 40px;\">\u201e<em>sondern es ist ein Projekt der individuellen Teilhabe; und zweitens ist es europaweit und erstreckt sich \u00fcber den ganzen Kontinent. Jede B\u00fcrgerin und jeder B\u00fcrger in ganz Europa soll mitmachen k\u00f6nnen, und zwar bei sich zu Hause, da, wo sie oder er ist! Im Kern geht es darum, am 9. Mai \u2013 dem Europatag und gleichzeitig Tag der Befreiung<\/em> [der Tag der Befreiung wird in Deutschland am 8. Mai, der 9. Mai dagegen in Russland (und der ehemaligen Sowjetunion) als Tag des Sieges gefeiert, W.E.]\u2013 <em>also am 9. Mai 2025 um 17 Uhr das Fenster zu \u00f6ffnen und zeitgleich in allen europ\u00e4ischen Sprachen ein Manifest des Friedens zu verlesen<\/em>.\u201c (2)<\/p>\n<h5>Ein Aufruf, der, wie schon andere zuvor\u00a0, die tieferen Ursachen v\u00f6llig ausblendet (3)<\/h5>\n<p style=\"padding-left: 40px;\">\u201e<em>Wir sch\u00e4men uns f\u00fcr unsere Regierungen und die EU, die die Lehren des 20. Jahrhunderts nicht gelernt haben. Die EU, einst als Friedensprojekt gedacht, wurde pervertiert und hat damit den Wesenskern Europas verraten<\/em>!\u201c<\/p>\n<p>Manche Akteure werden wohl daran geglaubt haben, aber wurde die EU wirklich als \u201eFriedensprojekt\u201c gegr\u00fcndet? Paul Craig Roberts, der ehemalige Vizefinanzminister von Ronald Reagan, hat EU und NATO als \u201e<em>evil institutions<\/em>\u201c bezeichnet, \u201e<em>created by USA<\/em>\u201c:<\/p>\n<p style=\"padding-left: 40px;\">\u201e<em>Ohne EU und NATO h\u00e4tte Washington Europa und UK nicht in einen Konflikt mit Russland zwingen k\u00f6nnen, und Washington h\u00e4tte in 15 Jahren nicht 7 muslimische L\u00e4nder zerst\u00f6ren k\u00f6nnen. Washington w\u00e4re als verhasste Kriegsverbrecherregierung [international] isoliert worden, die Regierungsmitglieder h\u00e4tten nicht ins Ausland reisen k\u00f6nnen, ohne verhaftet und vor Gericht gestellt zu werden<\/em>.\u201c<\/p>\n<p>Soweit Craig Roberts. (4)<\/p>\n<p>Weiter hei\u00dft es in Gu\u00e9rots Aufruf:<\/p>\n<p>\u201e<em>Wir, die B\u00fcrger Europas, nehmen darum heute, am 9. Mai, unsere Geschicke und unsere Geschichte selbst in die Hand. Wir erkl\u00e4ren die EU f\u00fcr gescheitert. Wir beginnen mit B\u00fcrger-Diplomatie und verweigern uns dem geplanten Krieg gegen Russland! Wir erkennen die Mitverantwortung des \u201eWestens\u201c, der europ\u00e4ischen Regierungen und der EU an diesem Konflikt an<\/em>.\u201c (5)<\/p>\n<p>Abschlie\u00dfend wird ein neutrales, von den USA <em>emanzipiertes<\/em>\u00a0Europa gefordert,<\/p>\n<p style=\"padding-left: 40px;\"><em>\u201edas eine vermittelnde Rolle in einer multipolaren Welt einnimmt. Unser Europa ist post-kolonial und post-imperial \u2026.<\/em><em>Es lebe Europa, es lebe der Friede, es lebe die Freiheit<\/em>\u201c. (6)<\/p>\n<p>F\u00fcr den deutschen Philosophen Karl Jaspers gibt es einen tragf\u00e4higen Frieden nur in Freiheit und Wahrheit. Davon ist dieser Aufruf weit entfernt. Er klammert die tieferen Ursachen des Konflikts weitgehend aus und setzt bei den europ\u00e4ischen Regierungen und der EU an, f\u00fcr die wir uns \u201esch\u00e4men\u201c sollen.<\/p>\n<p>Europa mag ja post-kolonial und post-imperial sein. Aber in der Mitte Europas haben die USA ihren Br\u00fcckenkopf installiert, von dem alle Kriege seit 1991 (seit Aufl\u00f6sung der Sowjetunion und der Warschauer Vertragsstaaten) gef\u00fchrt wurden. Heute werden Vertreter der NATO-Staaten und Hilfswillige zur Befehlsausgabe nach Ramstein befohlen. Vor \u00fcber 10 Jahren wurde bei Wiesbaden der Grundstein f\u00fcr ein neues Kriegsf\u00fchrungs-Center (New Battle- and Command-Center) gelegt. Seit der Fertigstellung zu Kriegsbeginn in der Ukraine melden sich dort ukrainische Gener\u00e4le zum Rapport. 2026 werden die USA mit der Stationierung von Hyperschallwaffen (Dark Eagle) in Deutschland beginnen \u2013 eine weitere Drehung an der t\u00f6dlichen Spirale.<\/p>\n<h5>Tiefere Ursachen<\/h5>\n<p><img data-recalc-dims=\"1\" loading=\"lazy\" decoding=\"async\" data-attachment-id=\"21847\" data-permalink=\"https:\/\/www.freidenker.org\/?attachment_id=21847\" data-orig-file=\"https:\/\/i0.wp.com\/www.freidenker.org\/fw17\/wp-content\/uploads\/2025\/05\/Effenberger_Guerot_02.jpg?fit=744%2C463&amp;ssl=1\" data-orig-size=\"744,463\" data-comments-opened=\"0\" data-image-meta=\"{&quot;aperture&quot;:&quot;0&quot;,&quot;credit&quot;:&quot;&quot;,&quot;camera&quot;:&quot;&quot;,&quot;caption&quot;:&quot;&quot;,&quot;created_timestamp&quot;:&quot;0&quot;,&quot;copyright&quot;:&quot;&quot;,&quot;focal_length&quot;:&quot;0&quot;,&quot;iso&quot;:&quot;0&quot;,&quot;shutter_speed&quot;:&quot;0&quot;,&quot;title&quot;:&quot;&quot;,&quot;orientation&quot;:&quot;0&quot;}\" data-image-title=\"Effenberger_Guerot_02\" data-image-description=\"\" data-image-caption=\"\" data-large-file=\"https:\/\/i0.wp.com\/www.freidenker.org\/fw17\/wp-content\/uploads\/2025\/05\/Effenberger_Guerot_02.jpg?fit=744%2C463&amp;ssl=1\" class=\"alignnone wp-image-21847\" src=\"https:\/\/i0.wp.com\/www.freidenker.org\/fw17\/wp-content\/uploads\/2025\/05\/Effenberger_Guerot_02.jpg?resize=500%2C311&#038;ssl=1\" alt=\"\" width=\"500\" height=\"311\" srcset=\"https:\/\/i0.wp.com\/www.freidenker.org\/fw17\/wp-content\/uploads\/2025\/05\/Effenberger_Guerot_02.jpg?w=744&amp;ssl=1 744w, https:\/\/i0.wp.com\/www.freidenker.org\/fw17\/wp-content\/uploads\/2025\/05\/Effenberger_Guerot_02.jpg?resize=300%2C187&amp;ssl=1 300w\" sizes=\"auto, (max-width: 500px) 100vw, 500px\" \/><\/p>\n<p><strong>Ergebnis dieser Leitlinien zur Verteidigungsplanung war dann TRADOC 525-5:<\/strong><\/p>\n<p><img data-recalc-dims=\"1\" loading=\"lazy\" decoding=\"async\" data-attachment-id=\"21848\" data-permalink=\"https:\/\/www.freidenker.org\/?attachment_id=21848\" data-orig-file=\"https:\/\/i0.wp.com\/www.freidenker.org\/fw17\/wp-content\/uploads\/2025\/05\/Effenberger_Guerot_03.jpg?fit=620%2C481&amp;ssl=1\" data-orig-size=\"620,481\" data-comments-opened=\"0\" data-image-meta=\"{&quot;aperture&quot;:&quot;0&quot;,&quot;credit&quot;:&quot;&quot;,&quot;camera&quot;:&quot;&quot;,&quot;caption&quot;:&quot;&quot;,&quot;created_timestamp&quot;:&quot;0&quot;,&quot;copyright&quot;:&quot;&quot;,&quot;focal_length&quot;:&quot;0&quot;,&quot;iso&quot;:&quot;0&quot;,&quot;shutter_speed&quot;:&quot;0&quot;,&quot;title&quot;:&quot;&quot;,&quot;orientation&quot;:&quot;0&quot;}\" data-image-title=\"Effenberger_Guerot_03\" data-image-description=\"\" data-image-caption=\"\" data-large-file=\"https:\/\/i0.wp.com\/www.freidenker.org\/fw17\/wp-content\/uploads\/2025\/05\/Effenberger_Guerot_03.jpg?fit=620%2C481&amp;ssl=1\" class=\"alignnone wp-image-21848\" src=\"https:\/\/i0.wp.com\/www.freidenker.org\/fw17\/wp-content\/uploads\/2025\/05\/Effenberger_Guerot_03.jpg?resize=500%2C388&#038;ssl=1\" alt=\"\" width=\"500\" height=\"388\" srcset=\"https:\/\/i0.wp.com\/www.freidenker.org\/fw17\/wp-content\/uploads\/2025\/05\/Effenberger_Guerot_03.jpg?w=620&amp;ssl=1 620w, https:\/\/i0.wp.com\/www.freidenker.org\/fw17\/wp-content\/uploads\/2025\/05\/Effenberger_Guerot_03.jpg?resize=300%2C233&amp;ssl=1 300w\" sizes=\"auto, (max-width: 500px) 100vw, 500px\" \/><\/p>\n<p>Nichtkonforme Staaten sollten ins Chaos gest\u00fcrzt werden, um dann subversive Strukturen aufzubauen.<\/p>\n<p><img data-recalc-dims=\"1\" loading=\"lazy\" decoding=\"async\" data-attachment-id=\"21849\" data-permalink=\"https:\/\/www.freidenker.org\/?attachment_id=21849\" data-orig-file=\"https:\/\/i0.wp.com\/www.freidenker.org\/fw17\/wp-content\/uploads\/2025\/05\/Effenberger_Guerot_04.jpg?fit=606%2C403&amp;ssl=1\" data-orig-size=\"606,403\" data-comments-opened=\"0\" data-image-meta=\"{&quot;aperture&quot;:&quot;0&quot;,&quot;credit&quot;:&quot;&quot;,&quot;camera&quot;:&quot;&quot;,&quot;caption&quot;:&quot;&quot;,&quot;created_timestamp&quot;:&quot;0&quot;,&quot;copyright&quot;:&quot;&quot;,&quot;focal_length&quot;:&quot;0&quot;,&quot;iso&quot;:&quot;0&quot;,&quot;shutter_speed&quot;:&quot;0&quot;,&quot;title&quot;:&quot;&quot;,&quot;orientation&quot;:&quot;0&quot;}\" data-image-title=\"Effenberger_Guerot_04\" data-image-description=\"\" data-image-caption=\"\" data-large-file=\"https:\/\/i0.wp.com\/www.freidenker.org\/fw17\/wp-content\/uploads\/2025\/05\/Effenberger_Guerot_04.jpg?fit=606%2C403&amp;ssl=1\" class=\"alignnone wp-image-21849\" src=\"https:\/\/i0.wp.com\/www.freidenker.org\/fw17\/wp-content\/uploads\/2025\/05\/Effenberger_Guerot_04.jpg?resize=500%2C333&#038;ssl=1\" alt=\"\" width=\"500\" height=\"333\" srcset=\"https:\/\/i0.wp.com\/www.freidenker.org\/fw17\/wp-content\/uploads\/2025\/05\/Effenberger_Guerot_04.jpg?w=606&amp;ssl=1 606w, https:\/\/i0.wp.com\/www.freidenker.org\/fw17\/wp-content\/uploads\/2025\/05\/Effenberger_Guerot_04.jpg?resize=300%2C200&amp;ssl=1 300w\" sizes=\"auto, (max-width: 500px) 100vw, 500px\" \/><\/p>\n<p>Mit dem v\u00f6lkerrechtswidrigen Krieg gegen Jugoslawien (Serbien und Montenegro) ohne UN-Mandat schufen die USA ihre \u201eregelbasierte Weltordnung\u201c. Sie soll das bisherige V\u00f6lkerrecht ersetzen. Und so wurde bei allen folgenden unprovozierten (Angriffs-)Kriegen der USA auf ein UN-Mandat verzichtet.<\/p>\n<p><img data-recalc-dims=\"1\" loading=\"lazy\" decoding=\"async\" data-attachment-id=\"21850\" data-permalink=\"https:\/\/www.freidenker.org\/?attachment_id=21850\" data-orig-file=\"https:\/\/i0.wp.com\/www.freidenker.org\/fw17\/wp-content\/uploads\/2025\/05\/Effenberger_Guerot_05.jpg?fit=614%2C527&amp;ssl=1\" data-orig-size=\"614,527\" data-comments-opened=\"0\" data-image-meta=\"{&quot;aperture&quot;:&quot;0&quot;,&quot;credit&quot;:&quot;&quot;,&quot;camera&quot;:&quot;&quot;,&quot;caption&quot;:&quot;&quot;,&quot;created_timestamp&quot;:&quot;0&quot;,&quot;copyright&quot;:&quot;&quot;,&quot;focal_length&quot;:&quot;0&quot;,&quot;iso&quot;:&quot;0&quot;,&quot;shutter_speed&quot;:&quot;0&quot;,&quot;title&quot;:&quot;&quot;,&quot;orientation&quot;:&quot;0&quot;}\" data-image-title=\"Effenberger_Guerot_05\" data-image-description=\"\" data-image-caption=\"\" data-large-file=\"https:\/\/i0.wp.com\/www.freidenker.org\/fw17\/wp-content\/uploads\/2025\/05\/Effenberger_Guerot_05.jpg?fit=614%2C527&amp;ssl=1\" class=\"alignnone wp-image-21850\" src=\"https:\/\/i0.wp.com\/www.freidenker.org\/fw17\/wp-content\/uploads\/2025\/05\/Effenberger_Guerot_05.jpg?resize=500%2C429&#038;ssl=1\" alt=\"\" width=\"500\" height=\"429\" srcset=\"https:\/\/i0.wp.com\/www.freidenker.org\/fw17\/wp-content\/uploads\/2025\/05\/Effenberger_Guerot_05.jpg?w=614&amp;ssl=1 614w, https:\/\/i0.wp.com\/www.freidenker.org\/fw17\/wp-content\/uploads\/2025\/05\/Effenberger_Guerot_05.jpg?resize=300%2C257&amp;ssl=1 300w\" sizes=\"auto, (max-width: 500px) 100vw, 500px\" \/><\/p>\n<p>Nach dem vom Westen erfolgten orchestrierten und ebenfalls v\u00f6lkerrechtswidrigen Staatsstreich in der Ukraine wurde im September 2014 ein neues Langzeitstrategie-Dokument aus der Taufe gehoben:<\/p>\n<p><strong>&#8222;Win in a Complex World 2020-2040&#8220;<\/strong>. Ziel ist eine unipolare Welt.<\/p>\n<p><img data-recalc-dims=\"1\" loading=\"lazy\" decoding=\"async\" data-attachment-id=\"21851\" data-permalink=\"https:\/\/www.freidenker.org\/?attachment_id=21851\" data-orig-file=\"https:\/\/i0.wp.com\/www.freidenker.org\/fw17\/wp-content\/uploads\/2025\/05\/Effenberger_Guerot_06.jpg?fit=599%2C511&amp;ssl=1\" data-orig-size=\"599,511\" data-comments-opened=\"0\" data-image-meta=\"{&quot;aperture&quot;:&quot;0&quot;,&quot;credit&quot;:&quot;&quot;,&quot;camera&quot;:&quot;&quot;,&quot;caption&quot;:&quot;&quot;,&quot;created_timestamp&quot;:&quot;0&quot;,&quot;copyright&quot;:&quot;&quot;,&quot;focal_length&quot;:&quot;0&quot;,&quot;iso&quot;:&quot;0&quot;,&quot;shutter_speed&quot;:&quot;0&quot;,&quot;title&quot;:&quot;&quot;,&quot;orientation&quot;:&quot;0&quot;}\" data-image-title=\"Effenberger_Guerot_06\" data-image-description=\"\" data-image-caption=\"\" data-large-file=\"https:\/\/i0.wp.com\/www.freidenker.org\/fw17\/wp-content\/uploads\/2025\/05\/Effenberger_Guerot_06.jpg?fit=599%2C511&amp;ssl=1\" class=\"alignnone wp-image-21851\" src=\"https:\/\/i0.wp.com\/www.freidenker.org\/fw17\/wp-content\/uploads\/2025\/05\/Effenberger_Guerot_06.jpg?resize=500%2C427&#038;ssl=1\" alt=\"\" width=\"500\" height=\"427\" srcset=\"https:\/\/i0.wp.com\/www.freidenker.org\/fw17\/wp-content\/uploads\/2025\/05\/Effenberger_Guerot_06.jpg?w=599&amp;ssl=1 599w, https:\/\/i0.wp.com\/www.freidenker.org\/fw17\/wp-content\/uploads\/2025\/05\/Effenberger_Guerot_06.jpg?resize=300%2C256&amp;ssl=1 300w\" sizes=\"auto, (max-width: 500px) 100vw, 500px\" \/><\/p>\n<p><strong>TRADOC 525-3-1<\/strong>\u00a0ist ein zentrales US Army-Dokument (\u201eThe U.S. Army in Multi-Domain Operations 2028\u201c), das die zuk\u00fcnftige Kriegsf\u00fchrung der US Army beschreibt. Es legt dar, wie die USA in einem Konflikt mit gleichwertigen Gegnern (vor allem Russland und China) in mehreren Dom\u00e4nen (Land, Luft, See, Cyber, Weltraum) gleichzeitig operieren m\u00fcssen. Es betont die Notwendigkeit, flexibel und schnell auf Bedrohungen in verschiedenen Regionen zu reagieren und dabei die Zusammenarbeit mit Verb\u00fcndeten zu st\u00e4rken. Wobei hier unter Bedrohungen nicht etwa irgendwelche konkreten Angriffsabsichten oder gar Kriegsvorbereitungen verstanden werden, sondern allein, dass ein Land zu einer Gro\u00dfmacht aufsteigen k\u00f6nnte, die in der Lage w\u00e4re, die USA herauszufordern. Laut US-Doktrin reichen diese Konjunktive also, um als \u201eGegner\u201c auserkoren und \u2013 auch milit\u00e4risch \u2013 bek\u00e4mpft zu werden. In diesem Zusammenhang ist nicht mehr die Rede von Pr\u00e4ventivkrieg (preventive war), sondern von \u201ePr\u00e4emptivkrieg\u201c (preemptive war).<\/p>\n<p>Am 18. Oktober 2024 wurde <strong>&#8222;Win in a Complex World&#8220;<\/strong> um das Papier \u201eStrategic Sequencing, Revisited\u201c von A. Wess Mitchell erg\u00e4nzt. Es analysiert die Gefahr eines Mehrfrontenkrieges der USA gegen Russland, China und Iran und empfiehlt eine\u00a0<strong>Sequencing-Strategie<\/strong>: Erst Russland in der Ukraine schw\u00e4chen, dann den Fokus auf China\/Taiwan legen, um eine \u00dcberdehnung der US-Kr\u00e4fte zu vermeiden.<\/p>\n<p><img data-recalc-dims=\"1\" loading=\"lazy\" decoding=\"async\" data-attachment-id=\"21852\" data-permalink=\"https:\/\/www.freidenker.org\/?attachment_id=21852\" data-orig-file=\"https:\/\/i0.wp.com\/www.freidenker.org\/fw17\/wp-content\/uploads\/2025\/05\/Effenberger_Guerot_07.jpg?fit=1022%2C496&amp;ssl=1\" data-orig-size=\"1022,496\" data-comments-opened=\"0\" data-image-meta=\"{&quot;aperture&quot;:&quot;0&quot;,&quot;credit&quot;:&quot;&quot;,&quot;camera&quot;:&quot;&quot;,&quot;caption&quot;:&quot;&quot;,&quot;created_timestamp&quot;:&quot;0&quot;,&quot;copyright&quot;:&quot;&quot;,&quot;focal_length&quot;:&quot;0&quot;,&quot;iso&quot;:&quot;0&quot;,&quot;shutter_speed&quot;:&quot;0&quot;,&quot;title&quot;:&quot;&quot;,&quot;orientation&quot;:&quot;0&quot;}\" data-image-title=\"Effenberger_Guerot_07\" data-image-description=\"\" data-image-caption=\"\" data-large-file=\"https:\/\/i0.wp.com\/www.freidenker.org\/fw17\/wp-content\/uploads\/2025\/05\/Effenberger_Guerot_07.jpg?fit=800%2C388&amp;ssl=1\" class=\"alignnone wp-image-21852\" src=\"https:\/\/i0.wp.com\/www.freidenker.org\/fw17\/wp-content\/uploads\/2025\/05\/Effenberger_Guerot_07.jpg?resize=500%2C243&#038;ssl=1\" alt=\"\" width=\"500\" height=\"243\" srcset=\"https:\/\/i0.wp.com\/www.freidenker.org\/fw17\/wp-content\/uploads\/2025\/05\/Effenberger_Guerot_07.jpg?resize=300%2C146&amp;ssl=1 300w, https:\/\/i0.wp.com\/www.freidenker.org\/fw17\/wp-content\/uploads\/2025\/05\/Effenberger_Guerot_07.jpg?resize=768%2C373&amp;ssl=1 768w, https:\/\/i0.wp.com\/www.freidenker.org\/fw17\/wp-content\/uploads\/2025\/05\/Effenberger_Guerot_07.jpg?w=1022&amp;ssl=1 1022w\" sizes=\"auto, (max-width: 500px) 100vw, 500px\" \/><\/p>\n<p>Beide Dokumente besch\u00e4ftigen sich mit der Herausforderung, dass die USA k\u00fcnftig gegen mehrere gro\u00dfe \u201eGegner\u201c (Russland, China, Iran) gleichzeitig bestehen m\u00fcssen. Dabei geht es um die Gefahr einer \u00dcberdehnung ihrer milit\u00e4rischen, industriellen und politischen Ressourcen. Beide Papiere stehen also in engem Zusammenhang und thematisieren das Risiko eines Mehrfrontenkrieges. Sie unterscheiden sich aber in der strategischen Antwort: W\u00e4hrend TRADOC 525-3-1 die F\u00e4higkeit zum gleichzeitigen Kampf in mehreren Dom\u00e4nen fordert, empfiehlt das Marathon-Papier eine bewusste zeitliche Staffelung der Konflikte, um die US-Ressourcen optimal einzusetzen.<\/p>\n<p>Anfang 2023 gaben sich die westlichen Kriegsbef\u00fcrworter noch sehr siegessicher. Dazu gibt es ein aufschlussreiches Kongress-Dokument vom 28. Februar 2023 \u00fcber eine Senatsanh\u00f6rung zum Ukraine-Krieg. Senator Rick Scott fragte den 3-Sterne-General Keith Kellogg: \u201eAber warum hat Deutschland nicht seinen Teil zur t\u00f6dlichen Hilfe beigetragen?\u201c \u201eIch glaube\u201c, so der General, \u201eDeutschland spielt in Europa im Moment keine Rolle mehr\u201c. Anschlie\u00dfend schw\u00e4rmte der General dem Senator vor:<\/p>\n<p>\u201eWenn man einen strategischen Gegner besiegen kann und dabei keine US-Truppen einsetzt, ist man auf dem Gipfel der Professionalit\u00e4t, denn wenn man die Ukrainer siegen l\u00e4sst, ist ein strategischer Gegner vom Tisch und wir k\u00f6nnen uns auf das konzentrieren, was wir gegen unseren Hauptgegner tun sollten, und das ist im Moment China\u2026. und wenn wir dabei scheitern, m\u00fcssen wir vielleicht einen weiteren europ\u00e4ischen Krieg f\u00fchren, das w\u00e4re dann das dritte Mal.\u201c (7)<\/p>\n<p>Mittlerweile d\u00fcrfte auch den meisten US-Strategen klar sein, dass \u201edie Ukrainer\u201c zwar verheizt werden, aber keine Chance haben zu \u201esiegen\u201c. US-Truppen sollen in der Ukraine trotzdem nicht eingesetzt werden. Der Haupt-\u201eGegner\u201c ist und bleibt China und den besagten Keith Kellogg hat Donald Trump zu seinem Sondergesandten f\u00fcr die Ukraine und Russland ernannt. Derweil wirft der neue US-Pr\u00e4sident Nebelkerzen: einerseits seine gro\u00dfm\u00e4uligen Ank\u00fcndigungen zu einem Friedensschluss innnerhalb von 24 Stunden, Aufnahme von Verhandlungen, Einstellung und Wiederaufnahme von Waffenlieferungen, Behauptungen, man wolle sich aus der Ukraine, oder sogar aus Europa zur\u00fcckziehen (nat\u00fcrlich ohne dass man den \u201edark eagle\u201c-Plan f\u00fcr 2026 auch nur ansatzweise in Frage stellt), andererseits die Ansage, die \u201eEurop\u00e4er\u201c m\u00fcssten sich jetzt alleine um die Ukraine k\u00fcmmern, d.h. sie sollten den \u201epreemptive war\u201c der USA gegen Russland weiterf\u00fchren \u2013 auch wenn es auf \u201eeinen weiteren europ\u00e4ischen Krieg\u201c hinausl\u00e4uft, einen dritten Weltkrieg, den Leute vom Schlage Kelloggs offenbar achselzuckend in Kauf nehmen.<br \/>\nZugleich gibt es medienwirksames S\u00e4belrasseln zwischen dem neuen Trump-Team und den\u00a0 Vasallen in der EU, allen voran in Deutschland. Vance liest den Europ\u00e4ern auf der M\u00fcnchner Sicherheitskonferenz die Leviten in Sachen Demokratie und gei\u00dfelt Zensur, Verbotsverfahren und Schikanen gegen \u201epopulistische\u201c Parteien und ihr Personal, w\u00e4hrend sich der neue Bundeskanzler Merz die Einmischung in innere Angelegenheiten durch Washington verbittet&#8230; D.h. der ehemalige Vorsitzende von Blackrock Deutschland verbittet sich die Einmischung in Sachen AfD-Verbot; Ramstein, Dark Eagle und Co. erw\u00e4hnt er mit keinem Wort. Das hat mit Einmischung nichts zu tun. Offenbar soll alle Welt an die gro\u00dfe Entzweiung zwischen den USA unter Trump und der EU glauben. Aber wer sich das Spektakel mit n\u00fcchternem Blick anschaut, wird nicht umhinkommen festzustellen, dass es in den entscheidenden Fragen \u00fcberhaupt keinen Gegensatz zwischen der US-Administration und den europ\u00e4ischen Vasallen gibt. Vielmehr spielt die politische Klasse Europas die Rolle, die ihr schon lange \u00fcber die einschl\u00e4gigen transatlantischen Organisationen zugewiesen wurde: Sie arbeitet daran, \u201eRussland zu ruinieren\u201c, wie es die scheidende deutsche Au\u00dfenministerin mit gewohnter diplomatischer Finesse ausdr\u00fcckte. Oder wie es ihr charismatischer Nachfolger dem vermeintlichen Berater Zelenskis verriet: \u201eRussland wird immer unser Feind sein.\u201c<\/p>\n<p>Ja, selbstverst\u00e4ndlich kann man sich f\u00fcr die europ\u00e4ischen Regierungen \u201esch\u00e4men\u201c. An deren Schamlosigkeit wird das aber kaum etwas \u00e4ndern. B\u00fcrgerdiplomatie ist eine gute Idee, doch wie soll sie aussehen?<\/p>\n<p>So gro\u00df und wichtig der Einfluss US-amerikanischer Geopolitiker und Milit\u00e4rstrategen ist: es w\u00e4re unzul\u00e4ssig, den Einfluss der transatlantischen Netzwerke und einflussreichen internationalen NGOs und global operierenden Stiftungen zu ignorieren. Hier konzentriere ich mich auf die beiden Institutionen, in denen U. Gu\u00e9rot in der Vergangenheit in f\u00fchrender Position gewirkt hat und die sie in ihrem mit Hauke Ritz gemeinsam verfassten Buch zum Ukraine-Krieg \u201eEndspiel Europa\u201c nicht einmal erw\u00e4hnt.<\/p>\n<p>Sowohl der European Council on Foreign Relations (ECFR), als auch die Open Society Foundations von Soros haben bei der Vorbereitung und propagandistischen Begleitung des Ukraine-Kriegs nicht erst seit 2014 eine entscheidende Rolle gespielt. U. Gu\u00e9rot hat in beiden eine wichtige Rolle gespielt.<\/p>\n<h5>Der hinterfragenswerte Organisation European Council on Foreign Relations (ECFR)<\/h5>\n<p>(<em>Europ\u00e4ischer Rat f\u00fcr Ausw\u00e4rtige Beziehungen<\/em>)<\/p>\n<p>Dieser transatlantisch eingebundene Rat wurde im Oktober 2007 von ca. 50 Politikern aus den USA und der EU gegr\u00fcndet, darunter der Spekulationsmilliard\u00e4r George Soros, Karl-Theodor zu Guttenberg (CSU), Cem \u00d6zdemir (Gr\u00fcne) und Joschka Fischer (Gr\u00fcne).<\/p>\n<p>Joschka Fischer hatte im Februar 1999 vor dem Kabinett behauptet, dass der jugoslawische Staatschef den Vertrag von Rambouillet nicht unterschreiben w\u00fcrde. <em>Milo\u0161evi\u0107<\/em> hatte sich aber nur geweigert, den schnell an den Vertrag geh\u00e4ngten Anhang B \u2013 die bedingungslose Unterordnung seines Landes unter die NATO &#8211; zu unterzeichnen. Der damalige Finanzminister Oskar Lafontaine erfuhr davon erst sp\u00e4ter aus der Presse, (8) ebenso wie die verteidigungspolitische Sprecherin der Gr\u00fcnen, Angelika Beer, die dann sp\u00e4ter \u00e4u\u00dferte:<\/p>\n<p style=\"padding-left: 40px;\"><em>\u201eH\u00e4tte ich das gewusst, h\u00e4tte ich dem Kriegseinsatz nicht zugestimmt.\u201c Zu Recht urteilte der damalige Journalist Rudolf Augstein: \u201eDie USA hatten in Rambouillet milit\u00e4rische Bedingungen gestellt, die kein Serbe mit Schulbildung h\u00e4tte unterschreiben k\u00f6nnen.\u201c (9) Den v\u00f6lkerrechtswidrigen Krieg \u2013 ohne UN-Mandat \u2013 begr\u00fcndete Fischer mit &#8222;Nie wieder Auschwitz&#8220;.<\/em><\/p>\n<p>Der einflussreichste Mitbegr\u00fcnder des ECFR George Soros hat nicht nur erfolgreich gegen das britische Pfund spekuliert, sondern auch im Zuge der Privatisierung der franz\u00f6sischen Gro\u00dfbank Soci\u00e9t\u00e9 G\u00e9n\u00e9rale Aktien im Wert von etwa 50 Millionen Dollar gekauft und sp\u00e4ter mit einem Gewinn von rund 2,2 Milliarden Dollar wiederverkauft. Deshalb wurde er 1988 in Frankreich wegen Insiderhandel verurteilt. (10)<\/p>\n<p>Das deutsche B\u00fcro des ECFR mit Sitz\u00a0Unter den Linden\u00a0in Berlin wurde im Oktober 2007 gegr\u00fcndet und bis Ende September 2013 von\u00a0Ulrike Gu\u00e9rot\u00a0vertreten. Anl\u00e4sslich der Gr\u00fcndung machte der Verfasser dieses Artikels nachfolgenden Screenshot von der Hompage des ECFR: EU versus RUSSIA:<\/p>\n<p><img data-recalc-dims=\"1\" loading=\"lazy\" decoding=\"async\" data-attachment-id=\"21853\" data-permalink=\"https:\/\/www.freidenker.org\/?attachment_id=21853\" data-orig-file=\"https:\/\/i0.wp.com\/www.freidenker.org\/fw17\/wp-content\/uploads\/2025\/05\/Effenberger_Guerot_08.jpg?fit=711%2C544&amp;ssl=1\" data-orig-size=\"711,544\" data-comments-opened=\"0\" data-image-meta=\"{&quot;aperture&quot;:&quot;0&quot;,&quot;credit&quot;:&quot;&quot;,&quot;camera&quot;:&quot;&quot;,&quot;caption&quot;:&quot;&quot;,&quot;created_timestamp&quot;:&quot;0&quot;,&quot;copyright&quot;:&quot;&quot;,&quot;focal_length&quot;:&quot;0&quot;,&quot;iso&quot;:&quot;0&quot;,&quot;shutter_speed&quot;:&quot;0&quot;,&quot;title&quot;:&quot;&quot;,&quot;orientation&quot;:&quot;0&quot;}\" data-image-title=\"Effenberger_Guerot_08\" data-image-description=\"\" data-image-caption=\"\" data-large-file=\"https:\/\/i0.wp.com\/www.freidenker.org\/fw17\/wp-content\/uploads\/2025\/05\/Effenberger_Guerot_08.jpg?fit=711%2C544&amp;ssl=1\" class=\"alignnone wp-image-21853\" src=\"https:\/\/i0.wp.com\/www.freidenker.org\/fw17\/wp-content\/uploads\/2025\/05\/Effenberger_Guerot_08.jpg?resize=500%2C383&#038;ssl=1\" alt=\"\" width=\"500\" height=\"383\" srcset=\"https:\/\/i0.wp.com\/www.freidenker.org\/fw17\/wp-content\/uploads\/2025\/05\/Effenberger_Guerot_08.jpg?w=711&amp;ssl=1 711w, https:\/\/i0.wp.com\/www.freidenker.org\/fw17\/wp-content\/uploads\/2025\/05\/Effenberger_Guerot_08.jpg?resize=300%2C230&amp;ssl=1 300w\" sizes=\"auto, (max-width: 500px) 100vw, 500px\" \/><\/p>\n<p>Gegr\u00fcndet wurde der ECFR ein paar Monate nachdem Putin auf der M\u00fcnchner Sicherheitskonferenz einen gemeinsamen eurasischen Wirtschaftsraum von Wladiwostok bis Lissabon entworfen hatte. Das ist sicherlich kein Zufall. Denn ein solcher Wirtschaftsraum h\u00e4tte eine solide Grundlage f\u00fcr ein prosperierendes europ\u00e4isches Friedensprojekt unter Einschluss Russlands werden k\u00f6nnen \u2013 der Alptraum angels\u00e4chsischer Geostrategen seit Halfort Mackinders Herzland-Theorie (1904), mit der die Spaltung Eurasiens zu einem Hauptziel der britischen und dann US-amerikanischen Au\u00dfen- und Kriegspolitik erhoben wurde. Demnach m\u00fcsse man mit allen Mitteln verhindern, dass sich deutsches Kapital und deutsche Technologien mit russischen Rohstoff-Ressourcen und russischer Arbeitskraft verbinden. Laut George Friedman, damals Chef der US-amerikanischen Denkfabrik Stratfor, ging es f\u00fcr die USA im Ersten, Zweiten und im Kalten Krieg in erster Linie darum, eine solche Verbindung zwischen Deutschland und Russland zu verhindern. (11)<\/p>\n<p>In diese Linie schreibt sich der ECFR ein. Ulrike Gu\u00e9rot pr\u00e4gte die thematischen Schwerpunkte des B\u00fcros (12) und arbeitete auch mit Josef Fischer und George Soros zusammen, die als zentrale Unterst\u00fctzer, Impulsgeber und \u00f6ffentliche Stimmen den EFCR mitpr\u00e4gten, wobei in der Gr\u00fcndungs- und Aufbauphase George Soros\u2019 finanzielle Unterst\u00fctzung f\u00fcr die Ausrichtung des ECFR wegweisend gewesen sein d\u00fcrfte. Denn die Open Society Foundations von Soros waren der Hauptsponsor des Think Tanks und stellten zeitweise bis zu 70 % der j\u00e4hrlichen Finanzmittel bereit; sp\u00e4ter sank dieser Anteil auf etwa ein Drittel. (13)\u00a0Diese finanzielle Unterst\u00fctzung eines fragw\u00fcrdigen Finanz-Unternehmers erm\u00f6glichte dem ECFR einen schnellen und professionellen Aufbau, die Er\u00f6ffnung mehrerer europ\u00e4ischer B\u00fcros und die Durchf\u00fchrung umfangreicher Forschungs- und Politikberatungsprojekte. Die finanzielle Unabh\u00e4ngigkeit von staatlichen Stellen und die breite Unterst\u00fctzung durch Stiftungen und Einzelpersonen, allen voran Soros, verschafften dem ECFR eine hohe Sichtbarkeit und Glaubw\u00fcrdigkeit im europ\u00e4ischen Politikdiskurs.<\/p>\n<h5>Soros als Staatsmann auf der M\u00fcnchner Sicherheitskonferez 2015<\/h5>\n<p>George Soros hat langfristig in die Ukraine investiert. Kurz nach dem Maidan-Umsturz sagte er dazu in einem Interview mit Fareed Zakaria bei CNN (ausgestrahlt am 25.05.2014):<\/p>\n<p style=\"padding-left: 40px;\"><em>\u201eJa, ich habe schon eine Stiftung in der Ukraine aufgesetzt, bevor sie unabh\u00e4ngig von Russland wurde. Und die Stiftung hat seitdem gut funktioniert und einen wichtigen Anteil in den aktuellen Ereignissen gespielt.<\/em>\u201d (14)<\/p>\n<p>Auf der M\u00fcnchner Sicherheitskonferenz 2015 stand der Ukraine-Konflikt im Mittelpunkt. Die Diskussionen drehten sich um die anhaltende Krise in der Ostukraine, die Rolle Russlands und die Unterst\u00fctzungsm\u00f6glichkeiten f\u00fcr die Ukraine durch den Westen. (15)<\/p>\n<p>George Soros trat auf der Konferenz als scharfer Kritiker der bisherigen europ\u00e4ischen Ukraine-Politik auf und stellte mehrere konkrete Forderungen an die europ\u00e4ischen Staats- und Regierungschefs, insbesondere an Bundeskanzlerin Angela Merkel. Er forderte rasche und umfangreiche Finanzhilfen f\u00fcr die Ukraine. Konkret verlangte er von der internationalen Gemeinschaft und der EU ein Hilfspaket von 50 Milliarden US-Dollar f\u00fcr den Wiederaufbau, die Modernisierung der ukrainischen Wirtschaft und die Beseitigung der Kriegssch\u00e4den in der Ostukraine. (16)\u00a0Er kritisierte, dass der IWF mit 15 Milliarden Dollar zu wenig Sofortzahlungen bereitgestellt habe. (17)<\/p>\n<p>Soros argumentierte, dass Sanktionen gegen Russland allein nicht ausreichten, um den Konflikt zu l\u00f6sen. Er forderte, diese Sanktionen durch \u201epositive Hilfe\u201c f\u00fcr die Ukraine zu erg\u00e4nzen. (18) Weiter schlug Soros vor, dass der \u201eParis Club\u201c die ukrainischen Schulden gegen\u00fcber Russland \u00fcbernehmen solle, um einen Zahlungsausfall der Ukraine zu verhindern. (19) W\u00e4hrend der Konferenz wurde Soros auch direkt aufgefordert, selbst eine Milliarde Dollar f\u00fcr die Ukraine zu spenden. Soros entgegnete darauf, dass private Spenden zwar helfen k\u00f6nnten, aber bei weitem nicht ausreichten, um die n\u00f6tigen Summen f\u00fcr einen echten Wiederaufbau bereitzustellen. (20)<\/p>\n<p>Soros\u2019 zentrale Botschaft an Merkel und die europ\u00e4ischen Staatschefs lautete: Die Ukraine brauche dringend massive finanzielle Unterst\u00fctzung, und Europa m\u00fcsse seine Versprechen endlich einl\u00f6sen. Er warnte davor, dass Wladimir Putin noch aggressiver vorgehen k\u00f6nnte, wenn der Westen nicht entschlossener handele. (21)<\/p>\n<h5>Einflussnahme durch private Finanzmacht und fehlende demokratische Legitimation<\/h5>\n<p>Kritiker bem\u00e4ngeln, dass Soros durch seine finanzielle Unterst\u00fctzung des ECFR und anderer Organisationen mit erheblicher privater Finanzkraft politische Agenden vorantreibt, ohne selbst demokratisch legitimiert zu sein. Dies werfe Fragen zur Transparenz und zur Kontrolle von Stiftungen auf, die politische Prozesse beeinflussen.(22)<\/p>\n<p>Einige Kritiker, etwa von NGO-Monitor, bem\u00e4ngeln mangelnde Transparenz bei der Mittelvergabe und Einflussnahme auf politische Prozesse durch die Open Society Foundations, was auch auf den ECFR \u00fcbertragen wird. (23)<\/p>\n<p style=\"text-align: center;\"><strong>EU versus RUSSIA<\/strong> war gestern.<\/p>\n<p style=\"text-align: center;\">Heute tobt der Kampf<\/p>\n<p style=\"text-align: center;\"><strong>UNIPOLARE versus MULTIPOLARE<\/strong> Welt<\/p>\n<p>Frau Gu\u00e9rot hat die Politik des ECFR \u00fcber viele Jahre mitgetragen und es bisher vers\u00e4umt, sich von Fischer und Soros kritisch zu distanzieren. Auch in ihrem Buch zum Ukraine-Krieg werden die Institutionen, in denen sie selbst aktiv war und die eine Schl\u00fcsselrolle bei der Anbahnung des Krieges gespielt haben, nicht einmal erw\u00e4hnt.<br \/>\nSelbstverst\u00e4ndlich gilt: Irren ist menschlich. Und selbstverst\u00e4ndlich kann man im Verlauf eines Lebens zu besseren Einsichten gelangen und seine Position \u00e4ndern. Bei aller Sympathie f\u00fcr Ulrike Gu\u00e9rots Engagement \u2013 sie sollte doch die eigene Rolle reflektieren, wenn sie ernsthaft an Aufkl\u00e4rung interessiert ist. Das w\u00fcrde ihre Friedensarbeit glaubw\u00fcrdiger machen. So aber wird sie leider zu einer wohlfeilen Identifikationsfigur f\u00fcr all jene, die den Glauben an die internationalen Organisationen, vor allem an die EU, nicht verlieren und sich nicht wirklich \u00fcber die Hintergr\u00fcnde des politischen Theaters informieren wollen. Auch die \u201eB\u00fcrgerdiplomatie\u201c in Gu\u00e9rots Aufruf bleibt vage und unkonkret. Ans Fenster stellen und hoffen auf \u201eein bisschen Frieden\u201c? Ein Rezept f\u00fcr alle, die aus Angst vor \u201eRechts\u201c lieber auf der Hauptstra\u00dfe bleiben.<\/p>\n<p>(Dieser Artikel ist entstanden aus der Sorge um das fehlende Hintergrundwissen auch in der friedensbewegten \u00d6ffentlichkeit. Er soll als Ansto\u00df und Diskussionsgrundlage f\u00fcr die Weiterentwicklung einer gemeinsamen und konsensf\u00e4higen Friedensarbeit von unten dienen.)<\/p>\n<p style=\"text-align: right;\"><em>Wolfgang Effenberger ist Mitglied des Deutschen Freidenker-Verbandes und seines Beirats<\/em><\/p>\n<h5>Anmerkungen und Quellen<\/h5>\n<p>1) <a href=\"https:\/\/www.nachdenkseiten.de\/?p=130965\">https:\/\/www.nachdenkseiten.de\/?p=130965<\/a><\/p>\n<p>2) Ebda.<\/p>\n<p>3) Z.B. der Friedenaufruf Anfang Februar 2023 von S. Wagenknecht &amp; A. Schwarzer<\/p>\n<p>4) \u201eWithout the EU and NATO, Washington could not force Europe and the UK into conflict with Russia, and Washington could not have destroyed seven Muslim countries in 15 years without being isolated as a hated war criminal government, no member of whom could have travelled abroad without being arrested and put on trial\u201c. <a href=\"https:\/\/www.paulcraigroberts.org\/2016\/06\/24\/the-brexit-vote-paul-craig-roberts\/\">The Brexit Vote \u2014 Paul Craig Roberts |<\/a> <a href=\"https:\/\/www.paulcraigroberts.org\/2016\/06\/24\/the-brexit-vote-paul-craig-roberts\/\">https:\/\/www.paulcraigroberts.org\/2016\/06\/24\/the-brexit-vote-paul-craig-roberts\/<\/a> \u00a0siehe auch Wolfgang Effenberger: \u201eSchwarzbuch EU &amp; NATO, Warum die Welt keinen Frieden findet\u201c, H\u00f6hr-Grenzhausen 2020<\/p>\n<p>5) <a href=\"https:\/\/europeanpeaceproject.eu\/\">https:\/\/europeanpeaceproject.eu\/<\/a><\/p>\n<p>6) Ebda<\/p>\n<p>7) <a href=\"https:\/\/www.armed-services.senate.gov\/imo\/media\/doc\/Kellogg_SASC%20Hearing%20Written%20Testimony_28%20Feb%202023%20(003).pdf\">Kellogg_SASC Hearing Written Testimony_28 Feb 2023 (003).pdf<\/a><\/p>\n<p>8) Oskar Lafontaine: Das Herz schl\u00e4gt links, S. 243<\/p>\n<p>9) <a href=\"https:\/\/www.spiegel.de\/politik\/arroganz-der-macht-a-df9c0fce-0002-0001-0000-000012807460\">https:\/\/www.spiegel.de\/politik\/arroganz-der-macht-a-df9c0fce-0002-0001-0000-000012807460<\/a><\/p>\n<p>10) <a href=\"https:\/\/www.spiegel.de\/wirtschaft\/insiderhandel-finanztycoon-soros-zu-millionenstrafe-verurteilt-a-228221.html\">https:\/\/www.spiegel.de\/wirtschaft\/insiderhandel-finanztycoon-soros-zu-millionenstrafe-verurteilt-a-228221.html<\/a>; <a href=\"https:\/\/www.manager-magazin.de\/unternehmen\/karriere\/a-421447.html\">https:\/\/www.manager-magazin.de\/unternehmen\/karriere\/a-421447.html<\/a><\/p>\n<p>11) <a href=\"https:\/\/youtu.be\/fATq03kBs44?t=99\">https:\/\/youtu.be\/fATq03kBs44?t=99<\/a><\/p>\n<p>12) <a href=\"https:\/\/ecfr.eu\/article\/commentary_ecfr_in_berlin\/\">https:\/\/ecfr.eu\/article\/commentary_ecfr_in_berlin\/<\/a><\/p>\n<p>13) <a href=\"https:\/\/de.wikipedia.org\/wiki\/European_Council_on_Foreign_Relations\">https:\/\/de.wikipedia.org\/wiki\/European_Council_on_Foreign_Relations<\/a><\/p>\n<p>14) Well, I set up a foundation in Ukraine before Ukraine became independent of Russia. And the foundation has been functioning ever since and played an important part in events now.\u201d <a href=\"http:\/\/edition.cnn.com\/TRANSCRIPTS\/1405\/25\/fzgps.01.html\">http:\/\/edition.cnn.com\/TRANSCRIPTS\/1405\/25\/fzgps.01.html<\/a><\/p>\n<p>15) https:\/\/en.wikipedia.org\/wiki\/51st_Munich_Security_Conference<\/p>\n<p>16) <a href=\"https:\/\/www.dasinvestment.com\/muenchner-sicherheitskonferenz-george-soros-soll-eine-milliarde-fuer-die-ukraine-zahlen\/\">https:\/\/www.dasinvestment.com\/muenchner-sicherheitskonferenz-george-soros-soll-eine-milliarde-fuer-die-ukraine-zahlen\/<\/a><\/p>\n<p>17) <a href=\"http:\/\/www.nrhz.de\/flyer\/beitrag.php?id=29415\">http:\/\/www.nrhz.de\/flyer\/beitrag.php?id=29415<\/a><\/p>\n<p>18) <a href=\"https:\/\/www.focus.de\/politik\/ausland\/ukraine-krise\/auftritt-auf-muenchner-sicherheitskonferenz-forderung-an-starinvestor-geben-sie-eine-milliarde-fuer-die-ukraine-herr-soros_id_4460280.html\">https:\/\/www.focus.de\/politik\/ausland\/ukraine-krise\/auftritt-auf-muenchner-sicherheitskonferenz-forderung-an-starinvestor-geben-sie-eine-milliarde-fuer-die-ukraine-herr-soros_id_4460280.html<\/a><\/p>\n<p>19) <a href=\"http:\/\/www.nrhz.de\/flyer\/beitrag.php?id=29415\">http:\/\/www.nrhz.de\/flyer\/beitrag.php?id=29415<\/a><\/p>\n<p>20) <a href=\"https:\/\/www.focus.de\/politik\/ausland\/ukraine-krise\/auftritt-auf-muenchner-sicherheitskonferenz-forderung-an-starinvestor-geben-sie-eine-milliarde-fuer-die-ukraine-herr-soros_id_4460280.html\">https:\/\/www.focus.de\/politik\/ausland\/ukraine-krise\/auftritt-auf-muenchner-sicherheitskonferenz-forderung-an-starinvestor-geben-sie-eine-milliarde-fuer-die-ukraine-herr-soros_id_4460280.html<\/a><\/p>\n<p>21) <a href=\"https:\/\/www.dasinvestment.com\/muenchner-sicherheitskonferenz-george-soros-soll-eine-milliarde-fuer-die-ukraine-zahlen\/\">https:\/\/www.dasinvestment.com\/muenchner-sicherheitskonferenz-george-soros-soll-eine-milliarde-fuer-die-ukraine-zahlen\/<\/a><\/p>\n<p>22) <a href=\"https:\/\/afdbundestag.de\/huber-bundesregierung-raeumt-zusammenarbeit-mit-soros-organisation-ein\/\">https:\/\/afdbundestag.de\/huber-bundesregierung-raeumt-zusammenarbeit-mit-soros-organisation-ein\/<\/a><\/p>\n<p>23) <a href=\"https:\/\/www.dw.com\/de\/george-soros-stiftung-aufreger-f%C3%BCr-rechte-kritiker\/a-43797105\">https:\/\/www.dw.com\/de\/george-soros-stiftung-aufreger-f%C3%BCr-rechte-kritiker\/a-43797105<\/a><\/p>\n<p>&nbsp;<\/p>\n<hr \/>\n<p><span style=\"font-size: 10pt;\">Alle Bilder im Text: Archiv Effenberger<\/span><\/p>\n<p><span style=\"font-size: 10pt;\">Bild oben: Ulrike Gu\u00e9rot auf einer Veranstaltung \u201eEurop\u00e4ische Denker\u201c im Januar 2016 in Budapest.<\/span><br \/>\n<span style=\"font-size: 10pt;\">Foto: Eur\u00f3pa Pont &#8211; EUT3, <a href=\"https:\/\/creativecommons.org\/licenses\/by\/2.0\" target=\"_blank\" rel=\"noopener\">CC BY 2.0<\/a><\/span><br \/>\n<span style=\"font-size: 10pt;\">Quelle: <a href=\"https:\/\/commons.wikimedia.org\/w\/index.php?curid=70143178\" target=\"_blank\" rel=\"noopener\">https:\/\/commons.wikimedia.org\/w\/index.php?curid=70143178<\/a><\/span><\/p>\n","protected":false},"excerpt":{"rendered":"<p><b>Ehemalige Soros-Mitarbeiterin zur Friedensikone stilisiert<\/b><br \/>\n<b>Beitrag von Wolfgang Effenberger<\/b><br \/>\n<i>\u201eDas Motto von Beethovens 9. Sinfonie\u00a0Alle Menschen werden Br\u00fcder, die ja die europ\u00e4ische Hymne ist, gilt auch f\u00fcr die Russen!\u201c<\/i> sagte die Politikwissenschaftlerin\u00a0Ulrike Gu\u00e9rot\u00a0im Interview mit den NachDenkSeiten. Laut Frau Gu\u00e9rot sollte am 9. Mai ein europaweites Zeichen des Friedens gesetzt werden. Dieses Zeichen ist nicht nur ein Aufruf, den man unterschreiben kann, <i>\u201esondern es ist ein Projekt der individuellen Teilhabe; und zweitens ist es europaweit und erstreckt sich \u00fcber den ganzen Kontinent. Jede B\u00fcrgerin und jeder B\u00fcrger in ganz Europa soll mitmachen k\u00f6nnen, und zwar bei sich zu Hause, da, wo sie oder er ist! Im Kern geht es darum, am 9. Mai \u2013 dem Europatag und gleichzeitig Tag der Befreiung [&#8230; ] \u2013 also am 9. Mai 2025 um 17 Uhr das Fenster zu \u00f6ffnen und zeitgleich in allen europ\u00e4ischen Sprachen ein Manifest des Friedens zu verlesen.\u201c<\/i><\/p>\n","protected":false},"author":3,"featured_media":21856,"comment_status":"closed","ping_status":"closed","sticky":false,"template":"","format":"standard","meta":{"colormag_page_container_layout":"default_layout","colormag_page_sidebar_layout":"default_layout","advanced_seo_description":"","jetpack_seo_html_title":"","jetpack_seo_noindex":false,"jetpack_post_was_ever_published":false,"footnotes":""},"categories":[12],"tags":[699,1021,1151,335,1733,222,2603,639],"class_list":["post-21845","post","type-post","status-publish","format-standard","has-post-thumbnail","hentry","category-demokratie-medien-aufklaerung","tag-aussenpolitik","tag-donald-trump","tag-europa","tag-frieden","tag-manifest","tag-russland","tag-soros","tag-ukraine-konflikt"],"jetpack_featured_media_url":"https:\/\/i0.wp.com\/www.freidenker.org\/fw17\/wp-content\/uploads\/2025\/05\/Ulrike_Guerot_24606581306_800x450.jpg?fit=800%2C450&ssl=1","jetpack_shortlink":"https:\/\/wp.me\/p9stpK-5Gl","jetpack-related-posts":[{"id":21861,"url":"https:\/\/www.freidenker.org\/?p=21861","url_meta":{"origin":21845,"position":0},"title":"Ulrike Gu\u00e9rot: Rede auf der Friedensdemo in Dresden am 18. April 2025","author":"Webredaktion","date":"15. Mai 2025","format":false,"excerpt":"Rede von Prof. Dr. Ulrike Gu\u00e9rot Dies ist meine dritte Rede auf einer Friedensdemonstration innerhalb von nur gut einem halben Jahr: M\u00fcnchen im September, M\u00fcnchen im Februar, Dresden im April. Und der Krieg r\u00fcckt immer n\u00e4her! Wer sich den \u201eOperationsplan Deutschland \u00fcber die zivil-milit\u00e4rische Kooperation als wesentlicher Bestandteil der Kriegsf\u00fchrung\u201c\u2026","rel":"","context":"In &quot;Frieden - Antifaschismus - Solidarit\u00e4t&quot;","block_context":{"text":"Frieden - Antifaschismus - Solidarit\u00e4t","link":"https:\/\/www.freidenker.org\/?cat=13"},"img":{"alt_text":"","src":"https:\/\/i0.wp.com\/www.freidenker.org\/fw17\/wp-content\/uploads\/2025\/05\/ulrikeguerot_dresden2025_800x450.jpg?fit=800%2C450&ssl=1&resize=350%2C200","width":350,"height":200,"srcset":"https:\/\/i0.wp.com\/www.freidenker.org\/fw17\/wp-content\/uploads\/2025\/05\/ulrikeguerot_dresden2025_800x450.jpg?fit=800%2C450&ssl=1&resize=350%2C200 1x, https:\/\/i0.wp.com\/www.freidenker.org\/fw17\/wp-content\/uploads\/2025\/05\/ulrikeguerot_dresden2025_800x450.jpg?fit=800%2C450&ssl=1&resize=525%2C300 1.5x, https:\/\/i0.wp.com\/www.freidenker.org\/fw17\/wp-content\/uploads\/2025\/05\/ulrikeguerot_dresden2025_800x450.jpg?fit=800%2C450&ssl=1&resize=700%2C400 2x"},"classes":[]},{"id":15194,"url":"https:\/\/www.freidenker.org\/?p=15194","url_meta":{"origin":21845,"position":1},"title":"Deutschland auf dem Weg in den autorit\u00e4ren Staat","author":"Webredaktion","date":"9. Februar 2023","format":false,"excerpt":"Beitrag von Gert Ewen Ungar Dem Schweizer Historiker Daniele Ganser wurden auf politischen Druck und begleitet von einer Medienkampagne in mehreren deutschen St\u00e4dten Veranstaltungsr\u00e4ume gek\u00fcndigt. Ganser musste seine Vortr\u00e4ge daraufhin absagen. Es passiert ihm nicht zum ersten Mal, und es passiert nicht ihm allein. Deutschland eifert in Bezug auf die\u2026","rel":"","context":"In &quot;Demokratie \u2013 Medien \u2013 Aufkl\u00e4rung&quot;","block_context":{"text":"Demokratie \u2013 Medien \u2013 Aufkl\u00e4rung","link":"https:\/\/www.freidenker.org\/?cat=12"},"img":{"alt_text":"","src":"https:\/\/i0.wp.com\/www.freidenker.org\/fw17\/wp-content\/uploads\/2023\/02\/antifa_388bc1a65b_c_800x450.jpg?fit=800%2C450&ssl=1&resize=350%2C200","width":350,"height":200,"srcset":"https:\/\/i0.wp.com\/www.freidenker.org\/fw17\/wp-content\/uploads\/2023\/02\/antifa_388bc1a65b_c_800x450.jpg?fit=800%2C450&ssl=1&resize=350%2C200 1x, https:\/\/i0.wp.com\/www.freidenker.org\/fw17\/wp-content\/uploads\/2023\/02\/antifa_388bc1a65b_c_800x450.jpg?fit=800%2C450&ssl=1&resize=525%2C300 1.5x, https:\/\/i0.wp.com\/www.freidenker.org\/fw17\/wp-content\/uploads\/2023\/02\/antifa_388bc1a65b_c_800x450.jpg?fit=800%2C450&ssl=1&resize=700%2C400 2x"},"classes":[]},{"id":24554,"url":"https:\/\/www.freidenker.org\/?p=24554","url_meta":{"origin":21845,"position":2},"title":"Ukraine-Krieg: Ausbleibender Frieden und Deutschlands Mitverantwortung","author":"Webredaktion","date":"9. M\u00e4rz 2026","format":false,"excerpt":"Kommentar von Tilo Gr\u00e4ser Am 24. Februar j\u00e4hrte sich zum vierten Mal der Einmarsch der russischen Armee mit sch\u00e4tzungsweise 150.000 Mann ins Nachbarland Ukraine. Aus dem jahrelangen Konflikt in und um das Land wurde ein Krieg, bei dem inzwischen beide Seiten mehrere Hunderttausend Soldaten einsetzen sowie viele ihr Leben lie\u00dfen.\u2026","rel":"","context":"In &quot;Frieden - Antifaschismus - Solidarit\u00e4t&quot;","block_context":{"text":"Frieden - Antifaschismus - Solidarit\u00e4t","link":"https:\/\/www.freidenker.org\/?cat=13"},"img":{"alt_text":"","src":"https:\/\/i0.wp.com\/www.freidenker.org\/fw17\/wp-content\/uploads\/2026\/03\/Soldier_of_the_Ukrainian_800x450.jpg?fit=800%2C450&ssl=1&resize=350%2C200","width":350,"height":200,"srcset":"https:\/\/i0.wp.com\/www.freidenker.org\/fw17\/wp-content\/uploads\/2026\/03\/Soldier_of_the_Ukrainian_800x450.jpg?fit=800%2C450&ssl=1&resize=350%2C200 1x, https:\/\/i0.wp.com\/www.freidenker.org\/fw17\/wp-content\/uploads\/2026\/03\/Soldier_of_the_Ukrainian_800x450.jpg?fit=800%2C450&ssl=1&resize=525%2C300 1.5x, https:\/\/i0.wp.com\/www.freidenker.org\/fw17\/wp-content\/uploads\/2026\/03\/Soldier_of_the_Ukrainian_800x450.jpg?fit=800%2C450&ssl=1&resize=700%2C400 2x"},"classes":[]},{"id":16112,"url":"https:\/\/www.freidenker.org\/?p=16112","url_meta":{"origin":21845,"position":3},"title":"Wer nicht passt, wird rausgedr\u00e4ngt","author":"Webredaktion","date":"21. Mai 2023","format":false,"excerpt":"Beitrag von Gert Ewen Ungar Kann sich noch jemand an Rommy Arndt erinnern? Rommy Arndt hat im Januar f\u00fcr den \u00f6ffentlich-rechtlichen Sender MDR einen H\u00f6rfunk-Kommentar zum Thema Panzerlieferungen an die Ukraine gesprochen. Sie war gegen Panzerlieferungen und es war ihr erster Kommentar f\u00fcr den MDR. Offenbar war es auch ihr\u2026","rel":"","context":"In &quot;Demokratie \u2013 Medien \u2013 Aufkl\u00e4rung&quot;","block_context":{"text":"Demokratie \u2013 Medien \u2013 Aufkl\u00e4rung","link":"https:\/\/www.freidenker.org\/?cat=12"},"img":{"alt_text":"","src":"https:\/\/i0.wp.com\/www.freidenker.org\/fw17\/wp-content\/uploads\/2023\/05\/typewriter-3617317_800x450.jpg?fit=800%2C450&ssl=1&resize=350%2C200","width":350,"height":200,"srcset":"https:\/\/i0.wp.com\/www.freidenker.org\/fw17\/wp-content\/uploads\/2023\/05\/typewriter-3617317_800x450.jpg?fit=800%2C450&ssl=1&resize=350%2C200 1x, https:\/\/i0.wp.com\/www.freidenker.org\/fw17\/wp-content\/uploads\/2023\/05\/typewriter-3617317_800x450.jpg?fit=800%2C450&ssl=1&resize=525%2C300 1.5x, https:\/\/i0.wp.com\/www.freidenker.org\/fw17\/wp-content\/uploads\/2023\/05\/typewriter-3617317_800x450.jpg?fit=800%2C450&ssl=1&resize=700%2C400 2x"},"classes":[]},{"id":22225,"url":"https:\/\/www.freidenker.org\/?p=22225","url_meta":{"origin":21845,"position":4},"title":"Patrik Baab: \u201eNach einem neuen Krieg gegen Russland wird es Deutschland nicht mehr geben\u201c","author":"Webredaktion","date":"26. Juni 2025","format":false,"excerpt":"Interview von Ulrich Heyden mit Patrick Baab Der Journalist und Publizist Patrik Baab ist auf Veranstaltungen und in den Videos der deutschen Friedensbewegung ein gefragter Gespr\u00e4chspartner. In Moskau pr\u00e4sentierte er k\u00fcrzlich auf einer Veranstaltung in der Tscheglakow-Stiftung die russischsprachige Ausgabe seines Buches \u201eAuf beiden Seiten der Front\u201c. Das Buch handelt\u2026","rel":"","context":"In &quot;Demokratie \u2013 Medien \u2013 Aufkl\u00e4rung&quot;","block_context":{"text":"Demokratie \u2013 Medien \u2013 Aufkl\u00e4rung","link":"https:\/\/www.freidenker.org\/?cat=12"},"img":{"alt_text":"","src":"https:\/\/i0.wp.com\/www.freidenker.org\/fw17\/wp-content\/uploads\/2025\/06\/Patrik-Baab_Ulrich-Heyden_15-06-25_800x450.jpg?fit=800%2C450&ssl=1&resize=350%2C200","width":350,"height":200,"srcset":"https:\/\/i0.wp.com\/www.freidenker.org\/fw17\/wp-content\/uploads\/2025\/06\/Patrik-Baab_Ulrich-Heyden_15-06-25_800x450.jpg?fit=800%2C450&ssl=1&resize=350%2C200 1x, https:\/\/i0.wp.com\/www.freidenker.org\/fw17\/wp-content\/uploads\/2025\/06\/Patrik-Baab_Ulrich-Heyden_15-06-25_800x450.jpg?fit=800%2C450&ssl=1&resize=525%2C300 1.5x, https:\/\/i0.wp.com\/www.freidenker.org\/fw17\/wp-content\/uploads\/2025\/06\/Patrik-Baab_Ulrich-Heyden_15-06-25_800x450.jpg?fit=800%2C450&ssl=1&resize=700%2C400 2x"},"classes":[]},{"id":21545,"url":"https:\/\/www.freidenker.org\/?p=21545","url_meta":{"origin":21845,"position":5},"title":"B\u00fcrgerliche Dissidenz","author":"Webredaktion","date":"24. April 2025","format":false,"excerpt":"Ein Meinungsbeitrag von Sabiene Jahn Tausende Menschen aus allen Teilen Deutschlands sind seit Karfreitag in der Republik f\u00fcr den Frieden auf der Stra\u00dfe. Trotz Nieselregen, trotz medialer Ignoranz, trotz politischer Brandmauern versammelten sich auch auf dem Postplatz in Dresden oder Mariannenplatz in Berlin eindrucksvoll K\u00fcnstler, Aktivisten der Friedensbewegung, Geistliche, Wissenschaftler,\u2026","rel":"","context":"In &quot;Frieden - Antifaschismus - Solidarit\u00e4t&quot;","block_context":{"text":"Frieden - Antifaschismus - Solidarit\u00e4t","link":"https:\/\/www.freidenker.org\/?cat=13"},"img":{"alt_text":"","src":"https:\/\/i0.wp.com\/www.freidenker.org\/fw17\/wp-content\/uploads\/2025\/04\/dresden_demo_screenshot_2.jpg?fit=800%2C447&ssl=1&resize=350%2C200","width":350,"height":200,"srcset":"https:\/\/i0.wp.com\/www.freidenker.org\/fw17\/wp-content\/uploads\/2025\/04\/dresden_demo_screenshot_2.jpg?fit=800%2C447&ssl=1&resize=350%2C200 1x, https:\/\/i0.wp.com\/www.freidenker.org\/fw17\/wp-content\/uploads\/2025\/04\/dresden_demo_screenshot_2.jpg?fit=800%2C447&ssl=1&resize=525%2C300 1.5x, https:\/\/i0.wp.com\/www.freidenker.org\/fw17\/wp-content\/uploads\/2025\/04\/dresden_demo_screenshot_2.jpg?fit=800%2C447&ssl=1&resize=700%2C400 2x"},"classes":[]}],"_links":{"self":[{"href":"https:\/\/www.freidenker.org\/index.php?rest_route=\/wp\/v2\/posts\/21845","targetHints":{"allow":["GET"]}}],"collection":[{"href":"https:\/\/www.freidenker.org\/index.php?rest_route=\/wp\/v2\/posts"}],"about":[{"href":"https:\/\/www.freidenker.org\/index.php?rest_route=\/wp\/v2\/types\/post"}],"author":[{"embeddable":true,"href":"https:\/\/www.freidenker.org\/index.php?rest_route=\/wp\/v2\/users\/3"}],"replies":[{"embeddable":true,"href":"https:\/\/www.freidenker.org\/index.php?rest_route=%2Fwp%2Fv2%2Fcomments&post=21845"}],"version-history":[{"count":3,"href":"https:\/\/www.freidenker.org\/index.php?rest_route=\/wp\/v2\/posts\/21845\/revisions"}],"predecessor-version":[{"id":21858,"href":"https:\/\/www.freidenker.org\/index.php?rest_route=\/wp\/v2\/posts\/21845\/revisions\/21858"}],"wp:featuredmedia":[{"embeddable":true,"href":"https:\/\/www.freidenker.org\/index.php?rest_route=\/wp\/v2\/media\/21856"}],"wp:attachment":[{"href":"https:\/\/www.freidenker.org\/index.php?rest_route=%2Fwp%2Fv2%2Fmedia&parent=21845"}],"wp:term":[{"taxonomy":"category","embeddable":true,"href":"https:\/\/www.freidenker.org\/index.php?rest_route=%2Fwp%2Fv2%2Fcategories&post=21845"},{"taxonomy":"post_tag","embeddable":true,"href":"https:\/\/www.freidenker.org\/index.php?rest_route=%2Fwp%2Fv2%2Ftags&post=21845"}],"curies":[{"name":"wp","href":"https:\/\/api.w.org\/{rel}","templated":true}]}}