{"id":21803,"date":"2025-05-12T22:41:25","date_gmt":"2025-05-12T20:41:25","guid":{"rendered":"https:\/\/www.freidenker.org\/?p=21803"},"modified":"2025-06-25T19:21:30","modified_gmt":"2025-06-25T17:21:30","slug":"linke-waehlt-blackrock","status":"publish","type":"post","link":"https:\/\/www.freidenker.org\/?p=21803","title":{"rendered":"LINKE w\u00e4hlt BlackRock"},"content":{"rendered":"<h4 class=\"sp-n-t-xxs sp-b-m\">Verkommen, verdorben, verfallen<\/h4>\n<p><em>von <strong>Uli Gellermann<\/strong><\/em><\/p>\n<p><span style=\"font-size: 10pt;\">Erstver\u00f6ffentlichung am 10. Mai 2025 auf <a href=\"https:\/\/www.rationalgalerie.de\/home\/linke-waehlt-blackrock-2\" target=\"_blank\" rel=\"noopener\">rationalgalerie.de<\/a><\/span><\/p>\n<div class=\"article-body\">\n<div class=\"aticle-text\">\n<p>Beinahe w\u00e4re Friedrich Merz auch im zweiten Durchgang der Kanzlerwahl durchgefallen. Das w\u00e4re ein demonstrativer Durchfall gewesen: F\u00fcr einen kurzen, fast historischen Moment hatte das deutsche Parlament die M\u00f6glichkeit, NEIN zum Superkonzern BlackRock zu sagen, indem es dem BlackRock-Vertreter Friedrich Merz die Wahl verweigerte. Denn ohne die Stimmen der LINKEN w\u00e4re ein zweiter Wahlgang nicht m\u00f6glich gewesen. Aber die LINKE machte den Weg frei f\u00fcr Merz und BlackRock.<\/p>\n<h5>\u00a0Mit Merz den Kapitalismus st\u00fcrzen?<\/h5>\n<p>Kurz zuvor hatte die linke Fraktionsvorsitzende Heidi Reichinnek in einem Interview mit der Osnabr\u00fccker Zeitung gesagt: &#8222;In den heutigen Zeiten muss man radikal sein\u201c, der Kapitalismus m\u00fcsse gest\u00fcrzt, die &#8222;Systemfrage&#8220; gestellt werden. Jetzt hat sie erstmal radikal den Kurs der LINKEN gest\u00fcrzt und wird anschlie\u00dfend ganz bestimmt mit Merz gemeinsam den Kapitalismus st\u00fcrzen. Oder?<\/p>\n<h5>Schmierste meine Hand, schmier\u2019 ich Deine Hand<\/h5>\n<p>Man mu\u00df Reichinnek &amp; Co. keine subjektive, verr\u00e4terische Absicht unterstellen. Sie ist da einfach so reingerutscht. Sie spielt das Spiel des Parlamentarismus mit seinen \u201eSachzw\u00e4ngen\u201c. Flugs richtet sie sich auf die n\u00e4chsten Deals ein: \u201eDie CDU muss begreifen, dass sie an uns nicht vorbeikommt\u201c. Schmierste meine Hand, schmier` ich Deine Hand; beide sind voller Korruptionsdreck.<\/p>\n<h5>Es funktioniert der Selbstbetrug<\/h5>\n<p>Die Korruption funktioniert sicher auch \u00fcber Geh\u00e4lter und Di\u00e4ten. Vor allem funktioniert sie \u00fcber Selbstbetrug: Die Reichinneks denken, sie h\u00e4tten was zu sagen, sie w\u00e4ren echt wichtig. Aber wenn es dann zum Schwur kommt, quillt aus ihnen die servile Zustimmung zu den Interessen des Kapitals. Solche Figuren wie Reichinnek leisten der verbreiteten Verwechslung von rechts und links Vorschub, halten sich aber f\u00fcr \u201eantifaschistisch\u201c.<\/p>\n<h5>Unterwerfung unter ein Grippe-Virus<\/h5>\n<p>Seit dem Corona-Regime &#8211; in dessen Zeit sich die deutsche Linke aus Angst vor einem Grippe-Virus der Pharma-Industrie unterwarf &#8211; hat sich die Linke immer deutlicher nach rechts entwickelt. Sie hat sogar den geschickten und perversen Schlachtruf der Regierung \u00fcbernommen, nach dem alle Kritiker des Regimes als \u201eNazis\u201c galten. Diese Panik-Reaktion der Linken war unbezahlbar f\u00fcr die Durchsetzung der Corona-L\u00fcge. Die Freiwilligkeit dieser galoppierenden Bl\u00f6dheit wird in die Geschichte als \u201eHystero-Schwindel\u201c eingehen und noch Generationen von Historikern und Psychologen besch\u00e4ftigen.<\/p>\n<h5>Recht auf russische Selbstverteidigung<\/h5>\n<p>In einer schrecklichen Logik hat sich die Linke von der Corona-Unterwerfung zur Ukraine-Kriegsl\u00fcge bewegt. Sie nennt diesen NATO-Krieg einen \u201ev\u00f6lkerrechtswidrigen Angriffskrieg\u201c Russlands, obwohl Russland nur dem \u00a7 51 der UN-Charta folgt und von seinem dort verankerten Recht auf Selbstverteidigung Gebrauch macht.<\/p>\n<h5>Reichinnek-M\u00f6rtel<\/h5>\n<p>Auf dem linken Arm der Reichinnek ist eine k\u00e4mpferische Parole t\u00e4towiert: \u201eEure Ordnung ist auf Sand gebaut\u201c. Gemeint ist das kapitalistische System und dessen Ordnung. Aber die Wahrheit ist: Die linke Sorte Reichinnek ist der M\u00f6rtel, mit dem der Kapitalismus sein System verfugt und absichert. Aber so ein Tattoo ist nat\u00fcrlich schick. Merz wird sich dar\u00fcber am\u00fcsieren.<\/p>\n<p style=\"text-align: right;\"><span style=\"font-size: 12pt;\"><em>Uli Gellermann ist Journalist und Filmemacher und betreibt die Internetseite \u201e<a href=\"https:\/\/www.rationalgalerie.de\/\" target=\"_blank\" rel=\"noopener\">Rationalgalerie<\/a>\u201c auf der auch dieser Text ver\u00f6ffentlicht wurde.<\/em><\/span><\/p>\n<hr \/>\n<p><span style=\"font-size: 10pt;\">Bild oben: Heidi Reichinnek auf dem au\u00dferordentlichen Bundesparteitag der LINKEN am 18.01.2025<\/span><br \/>\n<span style=\"font-size: 10pt;\">Foto: DIE LINKE \/ Martin Heinlein &#8211; <a href=\"https:\/\/www.flickr.com\/photos\/die_linke\/54272326822\/\" target=\"_blank\" rel=\"noopener\">https:\/\/www.flickr.com\/photos\/die_linke\/54272326822\/<\/a>, <a href=\"https:\/\/creativecommons.org\/licenses\/by\/2.0\" target=\"_blank\" rel=\"noopener\">CC BY 2.0<\/a><\/span><br \/>\n<span style=\"font-size: 10pt;\">Quelle: <a href=\"https:\/\/commons.wikimedia.org\/w\/index.php?curid=159686624\" target=\"_blank\" rel=\"noopener\">https:\/\/commons.wikimedia.org\/w\/index.php?curid=159686624<\/a><\/span><\/p>\n<p>&nbsp;<\/p>\n<\/div>\n<\/div>\n","protected":false},"excerpt":{"rendered":"<p><b>Verkommen, verdorben, verfallen<\/b><br \/>\n<b>Beitrag von Uli Gellermann<\/b><br \/>\nBeinahe w\u00e4re Friedrich Merz auch im zweiten Durchgang der Kanzlerwahl durchgefallen. Das w\u00e4re ein demonstrativer Durchfall gewesen: F\u00fcr einen kurzen, fast historischen Moment hatte das deutsche Parlament die M\u00f6glichkeit, NEIN zum Superkonzern BlackRock zu sagen, indem es dem BlackRock-Vertreter Friedrich Merz die Wahl verweigerte. Denn ohne die Stimmen der LINKEN w\u00e4re ein zweiter Wahlgang nicht m\u00f6glich gewesen. Aber die LINKE machte den Weg frei f\u00fcr Merz und BlackRock. Kurz zuvor hatte die linke Fraktionsvorsitzende Heidi Reichinnek in einem Interview mit der Osnabr\u00fccker Zeitung gesagt: &#8222;In den heutigen Zeiten muss man radikal sein\u201c, der Kapitalismus m\u00fcsse gest\u00fcrzt, die &#8222;Systemfrage&#8220; gestellt werden. <\/p>\n","protected":false},"author":3,"featured_media":21804,"comment_status":"closed","ping_status":"closed","sticky":false,"template":"","format":"standard","meta":{"colormag_page_container_layout":"default_layout","colormag_page_sidebar_layout":"default_layout","advanced_seo_description":"","jetpack_seo_html_title":"","jetpack_seo_noindex":false,"jetpack_post_was_ever_published":false,"footnotes":""},"categories":[12],"tags":[1831,1032,477,1241,1256,691,1030,1257,2601],"class_list":["post-21803","post","type-post","status-publish","format-standard","has-post-thumbnail","hentry","category-demokratie-medien-aufklaerung","tag-blackrock","tag-bundesregierung","tag-bundestag","tag-cdu","tag-corona-virus","tag-kapitalismuskritik","tag-linke","tag-pandemie","tag-selbstbetrug"],"jetpack_featured_media_url":"https:\/\/i0.wp.com\/www.freidenker.org\/fw17\/wp-content\/uploads\/2025\/05\/Reichinnek_parteitag_in_Berlin_3_800x450.jpg?fit=800%2C451&ssl=1","jetpack_shortlink":"https:\/\/wp.me\/p9stpK-5FF","jetpack-related-posts":[{"id":22559,"url":"https:\/\/www.freidenker.org\/?p=22559","url_meta":{"origin":21803,"position":0},"title":"Deutschland ist die BlackRock-Speerspitze in Europa","author":"Webredaktion","date":"6. August 2025","format":false,"excerpt":"Interview von Felicitas Rabe mit Dr. Werner R\u00fcgemer Werner R\u00fcgemer erkl\u00e4rt den langen Vorlauf des US-Einflusses auf die Wirtschaft in Deutschland und Europa. Inzwischen ist BlackRock einer der Hauptakteure bei der De-Industrialisierung Deutschlands und bei der Fortf\u00fchrung des Krieges in der Ukraine. Friedrich Merz ist daf\u00fcr ein wichtiges Werkzeug. Im\u2026","rel":"","context":"In &quot;Demokratie \u2013 Medien \u2013 Aufkl\u00e4rung&quot;","block_context":{"text":"Demokratie \u2013 Medien \u2013 Aufkl\u00e4rung","link":"https:\/\/www.freidenker.org\/?cat=12"},"img":{"alt_text":"","src":"https:\/\/i0.wp.com\/www.freidenker.org\/fw17\/wp-content\/uploads\/2025\/08\/BlackRock_hq51_jeh_800x450.jpg?fit=800%2C450&ssl=1&resize=350%2C200","width":350,"height":200,"srcset":"https:\/\/i0.wp.com\/www.freidenker.org\/fw17\/wp-content\/uploads\/2025\/08\/BlackRock_hq51_jeh_800x450.jpg?fit=800%2C450&ssl=1&resize=350%2C200 1x, https:\/\/i0.wp.com\/www.freidenker.org\/fw17\/wp-content\/uploads\/2025\/08\/BlackRock_hq51_jeh_800x450.jpg?fit=800%2C450&ssl=1&resize=525%2C300 1.5x, https:\/\/i0.wp.com\/www.freidenker.org\/fw17\/wp-content\/uploads\/2025\/08\/BlackRock_hq51_jeh_800x450.jpg?fit=800%2C450&ssl=1&resize=700%2C400 2x"},"classes":[]},{"id":20889,"url":"https:\/\/www.freidenker.org\/?p=20889","url_meta":{"origin":21803,"position":1},"title":"Lisa Fitz: Der Schwarz-Gr\u00fcne Filz","author":"Webredaktion","date":"4. Februar 2025","format":false,"excerpt":"Video von\u00a0Lisa Fitz Erinnern Sie sich noch an Patrick Graichen\u2026? Die Trauzeugenaff\u00e4re, Amigo-Filz im Ministerium Habeck. Graichen musste weichen, war ja verbreitet wie ein Pilz, dieser Filz. Und Graichen war das Bauernopfer \u2026 aber er landete im Aufsichtsrat, weich & wohlig auf der Heizdecke des ukrainischen Energieversorgers Ukrenerho. Wenn Sie\u2026","rel":"","context":"In &quot;Demokratie \u2013 Medien \u2013 Aufkl\u00e4rung&quot;","block_context":{"text":"Demokratie \u2013 Medien \u2013 Aufkl\u00e4rung","link":"https:\/\/www.freidenker.org\/?cat=12"},"img":{"alt_text":"","src":"https:\/\/i0.wp.com\/www.freidenker.org\/fw17\/wp-content\/uploads\/2025\/02\/Lisa_Fitz_schwarzgruener_Filz_800x450.jpg?fit=800%2C450&ssl=1&resize=350%2C200","width":350,"height":200,"srcset":"https:\/\/i0.wp.com\/www.freidenker.org\/fw17\/wp-content\/uploads\/2025\/02\/Lisa_Fitz_schwarzgruener_Filz_800x450.jpg?fit=800%2C450&ssl=1&resize=350%2C200 1x, https:\/\/i0.wp.com\/www.freidenker.org\/fw17\/wp-content\/uploads\/2025\/02\/Lisa_Fitz_schwarzgruener_Filz_800x450.jpg?fit=800%2C450&ssl=1&resize=525%2C300 1.5x, https:\/\/i0.wp.com\/www.freidenker.org\/fw17\/wp-content\/uploads\/2025\/02\/Lisa_Fitz_schwarzgruener_Filz_800x450.jpg?fit=800%2C450&ssl=1&resize=700%2C400 2x"},"classes":[]},{"id":22209,"url":"https:\/\/www.freidenker.org\/?p=22209","url_meta":{"origin":21803,"position":2},"title":"Strafanzeige gegen Bundeskanzler Friedrich Merz","author":"Webredaktion","date":"25. Juni 2025","format":false,"excerpt":"Wortlaut der Strafanzeige von Dieter Hallervorden und anderen gegen Bundeskanzler Friedrich Merz Hiermit erstatten wir Unterzeichnenden Strafanzeige gegen den deutschen Bundeskanzler Friedrich Merz. Dieser hat u.a. gegen das deutsche Grundgesetz versto\u00dfen \u2013 insbesondere gegen Art. 9, 25 und 26. Herr Merz, der vor seiner T\u00e4tigkeit als Bundeskanzler Aufsichtsratsvorsitzender des weltgr\u00f6\u00dften\u2026","rel":"","context":"In &quot;Demokratie \u2013 Medien \u2013 Aufkl\u00e4rung&quot;","block_context":{"text":"Demokratie \u2013 Medien \u2013 Aufkl\u00e4rung","link":"https:\/\/www.freidenker.org\/?cat=12"},"img":{"alt_text":"","src":"https:\/\/i0.wp.com\/www.freidenker.org\/fw17\/wp-content\/uploads\/2025\/06\/Merz_Strafanzeige_800x450.jpg?fit=800%2C450&ssl=1&resize=350%2C200","width":350,"height":200,"srcset":"https:\/\/i0.wp.com\/www.freidenker.org\/fw17\/wp-content\/uploads\/2025\/06\/Merz_Strafanzeige_800x450.jpg?fit=800%2C450&ssl=1&resize=350%2C200 1x, https:\/\/i0.wp.com\/www.freidenker.org\/fw17\/wp-content\/uploads\/2025\/06\/Merz_Strafanzeige_800x450.jpg?fit=800%2C450&ssl=1&resize=525%2C300 1.5x, https:\/\/i0.wp.com\/www.freidenker.org\/fw17\/wp-content\/uploads\/2025\/06\/Merz_Strafanzeige_800x450.jpg?fit=800%2C450&ssl=1&resize=700%2C400 2x"},"classes":[]},{"id":23177,"url":"https:\/\/www.freidenker.org\/?p=23177","url_meta":{"origin":21803,"position":3},"title":"Marx in Marxloh: Merz, der Blackrock-Kanzler","author":"Webredaktion","date":"14. Oktober 2025","format":false,"excerpt":"Vortrag und Diskussion mit Werner R\u00fcgemer am 02.11.2025 in Duisburg Wir freuen uns ganz besonders, Euch f\u00fcr Sonntag, den 2.November 2025 um 11 Uhr in das Jugend-und-Kulturzentrum Marxloh, Kaiser-Wilhelm-Str. 284, 47169 Duisburg einladen zu k\u00f6nnen, weil der allseits bekannte und beliebte Werner R\u00fcgemer zu uns kommen wird! Er kl\u00e4rt uns\u2026","rel":"","context":"In &quot;Veranstaltungen in den DFV-Landesverb\u00e4nden&quot;","block_context":{"text":"Veranstaltungen in den DFV-Landesverb\u00e4nden","link":"https:\/\/www.freidenker.org\/?cat=19"},"img":{"alt_text":"","src":"https:\/\/i0.wp.com\/www.freidenker.org\/fw17\/wp-content\/uploads\/2025\/10\/Protestbanner_gegen_Vonowia_800x450.jpg?fit=800%2C450&ssl=1&resize=350%2C200","width":350,"height":200,"srcset":"https:\/\/i0.wp.com\/www.freidenker.org\/fw17\/wp-content\/uploads\/2025\/10\/Protestbanner_gegen_Vonowia_800x450.jpg?fit=800%2C450&ssl=1&resize=350%2C200 1x, https:\/\/i0.wp.com\/www.freidenker.org\/fw17\/wp-content\/uploads\/2025\/10\/Protestbanner_gegen_Vonowia_800x450.jpg?fit=800%2C450&ssl=1&resize=525%2C300 1.5x, https:\/\/i0.wp.com\/www.freidenker.org\/fw17\/wp-content\/uploads\/2025\/10\/Protestbanner_gegen_Vonowia_800x450.jpg?fit=800%2C450&ssl=1&resize=700%2C400 2x"},"classes":[]},{"id":20823,"url":"https:\/\/www.freidenker.org\/?p=20823","url_meta":{"origin":21803,"position":4},"title":"Veranstaltung: Blackrock im Kanzleramt?","author":"Webredaktion","date":"24. Januar 2025","format":false,"excerpt":"Einladung einer Veranstaltung am 07.02.2025 um 17:Uhr in Berlin Teil 1: Vortrag von Werner R\u00fcgemer \/ Teil 2: Diskussion \u00fcber die Diagnose der Zust\u00e4nde in Deutschland sowie zu Vorschl\u00e4gen f\u00fcr demokratische Alternativen und Aktionen BlackRock (\"Schwarzer Fels\") ist der gr\u00f6\u00dfte wealth manager der Welt, also Reichtums-Manager der ohnehin schon Superreichen.\u2026","rel":"","context":"In &quot;Demokratie \u2013 Medien \u2013 Aufkl\u00e4rung&quot;","block_context":{"text":"Demokratie \u2013 Medien \u2013 Aufkl\u00e4rung","link":"https:\/\/www.freidenker.org\/?cat=12"},"img":{"alt_text":"","src":"https:\/\/i0.wp.com\/www.freidenker.org\/fw17\/wp-content\/uploads\/2025\/01\/Kanzleramt_Blackrock_800x450.jpg?fit=800%2C450&ssl=1&resize=350%2C200","width":350,"height":200,"srcset":"https:\/\/i0.wp.com\/www.freidenker.org\/fw17\/wp-content\/uploads\/2025\/01\/Kanzleramt_Blackrock_800x450.jpg?fit=800%2C450&ssl=1&resize=350%2C200 1x, https:\/\/i0.wp.com\/www.freidenker.org\/fw17\/wp-content\/uploads\/2025\/01\/Kanzleramt_Blackrock_800x450.jpg?fit=800%2C450&ssl=1&resize=525%2C300 1.5x, https:\/\/i0.wp.com\/www.freidenker.org\/fw17\/wp-content\/uploads\/2025\/01\/Kanzleramt_Blackrock_800x450.jpg?fit=800%2C450&ssl=1&resize=700%2C400 2x"},"classes":[]},{"id":22699,"url":"https:\/\/www.freidenker.org\/?p=22699","url_meta":{"origin":21803,"position":5},"title":"Ein Verfassungsfeind im Kanzleramt?","author":"Webredaktion","date":"29. August 2025","format":false,"excerpt":"Kommentar von Tilo Gr\u00e4ser \u201eDie Bundesrepublik Deutschland ist ein demokratischer und sozialer Bundesstaat.\u201c So steht es im Grundgesetz, in Artikel 20. Das ist der, in dessen 4. Absatz auch zu lesen ist: \u201eGegen jeden, der es unternimmt, diese Ordnung zu beseitigen, haben alle Deutschen das Recht zum Widerstand, wenn andere\u2026","rel":"","context":"In &quot;Demokratie \u2013 Medien \u2013 Aufkl\u00e4rung&quot;","block_context":{"text":"Demokratie \u2013 Medien \u2013 Aufkl\u00e4rung","link":"https:\/\/www.freidenker.org\/?cat=12"},"img":{"alt_text":"","src":"https:\/\/i0.wp.com\/www.freidenker.org\/fw17\/wp-content\/uploads\/2025\/08\/EPP_Congress_2025_Valencia_Day_1_54485283614_800x450.jpg?fit=800%2C450&ssl=1&resize=350%2C200","width":350,"height":200,"srcset":"https:\/\/i0.wp.com\/www.freidenker.org\/fw17\/wp-content\/uploads\/2025\/08\/EPP_Congress_2025_Valencia_Day_1_54485283614_800x450.jpg?fit=800%2C450&ssl=1&resize=350%2C200 1x, https:\/\/i0.wp.com\/www.freidenker.org\/fw17\/wp-content\/uploads\/2025\/08\/EPP_Congress_2025_Valencia_Day_1_54485283614_800x450.jpg?fit=800%2C450&ssl=1&resize=525%2C300 1.5x, https:\/\/i0.wp.com\/www.freidenker.org\/fw17\/wp-content\/uploads\/2025\/08\/EPP_Congress_2025_Valencia_Day_1_54485283614_800x450.jpg?fit=800%2C450&ssl=1&resize=700%2C400 2x"},"classes":[]}],"_links":{"self":[{"href":"https:\/\/www.freidenker.org\/index.php?rest_route=\/wp\/v2\/posts\/21803","targetHints":{"allow":["GET"]}}],"collection":[{"href":"https:\/\/www.freidenker.org\/index.php?rest_route=\/wp\/v2\/posts"}],"about":[{"href":"https:\/\/www.freidenker.org\/index.php?rest_route=\/wp\/v2\/types\/post"}],"author":[{"embeddable":true,"href":"https:\/\/www.freidenker.org\/index.php?rest_route=\/wp\/v2\/users\/3"}],"replies":[{"embeddable":true,"href":"https:\/\/www.freidenker.org\/index.php?rest_route=%2Fwp%2Fv2%2Fcomments&post=21803"}],"version-history":[{"count":1,"href":"https:\/\/www.freidenker.org\/index.php?rest_route=\/wp\/v2\/posts\/21803\/revisions"}],"predecessor-version":[{"id":21805,"href":"https:\/\/www.freidenker.org\/index.php?rest_route=\/wp\/v2\/posts\/21803\/revisions\/21805"}],"wp:featuredmedia":[{"embeddable":true,"href":"https:\/\/www.freidenker.org\/index.php?rest_route=\/wp\/v2\/media\/21804"}],"wp:attachment":[{"href":"https:\/\/www.freidenker.org\/index.php?rest_route=%2Fwp%2Fv2%2Fmedia&parent=21803"}],"wp:term":[{"taxonomy":"category","embeddable":true,"href":"https:\/\/www.freidenker.org\/index.php?rest_route=%2Fwp%2Fv2%2Fcategories&post=21803"},{"taxonomy":"post_tag","embeddable":true,"href":"https:\/\/www.freidenker.org\/index.php?rest_route=%2Fwp%2Fv2%2Ftags&post=21803"}],"curies":[{"name":"wp","href":"https:\/\/api.w.org\/{rel}","templated":true}]}}