{"id":21785,"date":"2025-05-09T21:20:08","date_gmt":"2025-05-09T19:20:08","guid":{"rendered":"https:\/\/www.freidenker.org\/?p=21785"},"modified":"2025-06-25T19:21:03","modified_gmt":"2025-06-25T17:21:03","slug":"tagung-thomas-muentzer-und-500-jahre-fruehbuergerliche-revolution","status":"publish","type":"post","link":"https:\/\/www.freidenker.org\/?p=21785","title":{"rendered":"Tagung &#8222;Thomas M\u00fcntzer und 500 Jahre Fr\u00fchb\u00fcrgerliche Revolution&#8220;"},"content":{"rendered":"<p><img data-recalc-dims=\"1\" loading=\"lazy\" decoding=\"async\" data-attachment-id=\"18162\" data-permalink=\"https:\/\/www.freidenker.org\/?attachment_id=18162\" data-orig-file=\"https:\/\/i0.wp.com\/www.freidenker.org\/fw17\/wp-content\/uploads\/2024\/02\/Freidenker-Logo_2.jpg?fit=810%2C220&amp;ssl=1\" data-orig-size=\"810,220\" data-comments-opened=\"0\" data-image-meta=\"{&quot;aperture&quot;:&quot;0&quot;,&quot;credit&quot;:&quot;&quot;,&quot;camera&quot;:&quot;&quot;,&quot;caption&quot;:&quot;&quot;,&quot;created_timestamp&quot;:&quot;0&quot;,&quot;copyright&quot;:&quot;&quot;,&quot;focal_length&quot;:&quot;0&quot;,&quot;iso&quot;:&quot;0&quot;,&quot;shutter_speed&quot;:&quot;0&quot;,&quot;title&quot;:&quot;&quot;,&quot;orientation&quot;:&quot;1&quot;}\" data-image-title=\"Freidenker-Logo_2\" data-image-description=\"\" data-image-caption=\"\" data-large-file=\"https:\/\/i0.wp.com\/www.freidenker.org\/fw17\/wp-content\/uploads\/2024\/02\/Freidenker-Logo_2.jpg?fit=800%2C217&amp;ssl=1\" class=\"alignnone wp-image-18162 size-medium\" src=\"https:\/\/i0.wp.com\/www.freidenker.org\/fw17\/wp-content\/uploads\/2024\/02\/Freidenker-Logo_2.jpg?resize=300%2C81&#038;ssl=1\" alt=\"\" width=\"300\" height=\"81\" srcset=\"https:\/\/i0.wp.com\/www.freidenker.org\/fw17\/wp-content\/uploads\/2024\/02\/Freidenker-Logo_2.jpg?resize=300%2C81&amp;ssl=1 300w, https:\/\/i0.wp.com\/www.freidenker.org\/fw17\/wp-content\/uploads\/2024\/02\/Freidenker-Logo_2.jpg?resize=768%2C209&amp;ssl=1 768w, https:\/\/i0.wp.com\/www.freidenker.org\/fw17\/wp-content\/uploads\/2024\/02\/Freidenker-Logo_2.jpg?w=810&amp;ssl=1 810w\" sizes=\"auto, (max-width: 300px) 100vw, 300px\" \/><\/p>\n<h5>l\u00e4dt ein zur Tagung:<\/h5>\n<h3>Thomas M\u00fcntzer \u2013 1489 &#8211; 27. Mai 1525 \u2013 und\u00a0500 Jahre Fr\u00fchb\u00fcrgerliche Revolution<\/h3>\n<figure id=\"attachment_21786\" aria-describedby=\"caption-attachment-21786\" style=\"width: 800px\" class=\"wp-caption alignnone\"><img data-recalc-dims=\"1\" loading=\"lazy\" decoding=\"async\" data-attachment-id=\"21786\" data-permalink=\"https:\/\/www.freidenker.org\/?attachment_id=21786\" data-orig-file=\"https:\/\/i0.wp.com\/www.freidenker.org\/fw17\/wp-content\/uploads\/2025\/05\/Tagung_Muentzer_01.jpg?fit=800%2C536&amp;ssl=1\" data-orig-size=\"800,536\" data-comments-opened=\"0\" data-image-meta=\"{&quot;aperture&quot;:&quot;0&quot;,&quot;credit&quot;:&quot;&quot;,&quot;camera&quot;:&quot;&quot;,&quot;caption&quot;:&quot;&quot;,&quot;created_timestamp&quot;:&quot;0&quot;,&quot;copyright&quot;:&quot;&quot;,&quot;focal_length&quot;:&quot;0&quot;,&quot;iso&quot;:&quot;0&quot;,&quot;shutter_speed&quot;:&quot;0&quot;,&quot;title&quot;:&quot;&quot;,&quot;orientation&quot;:&quot;0&quot;}\" data-image-title=\"Tagung_Muentzer_01\" data-image-description=\"\" data-image-caption=\"\" data-large-file=\"https:\/\/i0.wp.com\/www.freidenker.org\/fw17\/wp-content\/uploads\/2025\/05\/Tagung_Muentzer_01.jpg?fit=800%2C536&amp;ssl=1\" class=\"wp-image-21786 size-full\" src=\"https:\/\/i0.wp.com\/www.freidenker.org\/fw17\/wp-content\/uploads\/2025\/05\/Tagung_Muentzer_01.jpg?resize=800%2C536&#038;ssl=1\" alt=\"\" width=\"800\" height=\"536\" srcset=\"https:\/\/i0.wp.com\/www.freidenker.org\/fw17\/wp-content\/uploads\/2025\/05\/Tagung_Muentzer_01.jpg?w=800&amp;ssl=1 800w, https:\/\/i0.wp.com\/www.freidenker.org\/fw17\/wp-content\/uploads\/2025\/05\/Tagung_Muentzer_01.jpg?resize=300%2C201&amp;ssl=1 300w, https:\/\/i0.wp.com\/www.freidenker.org\/fw17\/wp-content\/uploads\/2025\/05\/Tagung_Muentzer_01.jpg?resize=768%2C515&amp;ssl=1 768w\" sizes=\"auto, (max-width: 800px) 100vw, 800px\" \/><figcaption id=\"caption-attachment-21786\" class=\"wp-caption-text\"><span style=\"font-size: 10pt;\">Thomas-M\u00fcntzer-Gedenkstein am Schlachtberg in Bad Frankenhausen vor dem Bauernkriegspanorama, Foto: Straktur, CC BY 3.0<\/span><\/figcaption><\/figure>\n<p><strong>Treffpunkt zum gemeinsamen Spaziergang zum Panorama-Museum:<\/strong><\/p>\n<h4><strong>Freitag, 30. Mai 2025, 10:00 Uhr<\/strong><\/h4>\n<p><strong>Hotel Th\u00fcringer Hof,\u00a0Anger 15, 06567 Bad Frankenhausen<\/strong><\/p>\n<p>Anmeldung (und \u00dcbernachtungsw\u00fcnsche) bei: <em>Monique Broquard, Am Friedhof 10, 66280 Sulzbach Tel. 06897-24 46, Mobil 0152-53 19 09 92, Mail: <a href=\"mailto:m.broquard@freidenker.de\">m.broquard@freidenker.de<\/a><\/em><\/p>\n<hr \/>\n<p><strong>30. Mai 2025,\u00a0Beginn 10:30 Uhr<\/strong><\/p>\n<h4>F\u00fchrung durch das Panoramamuseum<\/h4>\n<p>mit dem Rundgem\u00e4lde\u00a0von Werner T\u00fcbke:\u00a0\u201e500 Jahre Fr\u00fchb\u00fcrgerliche Revolution\u201c<\/p>\n<p>anschl. <strong>Film:<\/strong> Schlacht im Bild<\/p>\n<p>Eintritt: 8,50 Euro<\/p>\n<figure id=\"attachment_21787\" aria-describedby=\"caption-attachment-21787\" style=\"width: 610px\" class=\"wp-caption alignnone\"><img data-recalc-dims=\"1\" loading=\"lazy\" decoding=\"async\" data-attachment-id=\"21787\" data-permalink=\"https:\/\/www.freidenker.org\/?attachment_id=21787\" data-orig-file=\"https:\/\/i0.wp.com\/www.freidenker.org\/fw17\/wp-content\/uploads\/2025\/05\/Tagung_Muentzer_02.jpg?fit=610%2C458&amp;ssl=1\" data-orig-size=\"610,458\" data-comments-opened=\"0\" data-image-meta=\"{&quot;aperture&quot;:&quot;0&quot;,&quot;credit&quot;:&quot;&quot;,&quot;camera&quot;:&quot;&quot;,&quot;caption&quot;:&quot;&quot;,&quot;created_timestamp&quot;:&quot;0&quot;,&quot;copyright&quot;:&quot;&quot;,&quot;focal_length&quot;:&quot;0&quot;,&quot;iso&quot;:&quot;0&quot;,&quot;shutter_speed&quot;:&quot;0&quot;,&quot;title&quot;:&quot;&quot;,&quot;orientation&quot;:&quot;0&quot;}\" data-image-title=\"Tagung_Muentzer_02\" data-image-description=\"\" data-image-caption=\"\" data-large-file=\"https:\/\/i0.wp.com\/www.freidenker.org\/fw17\/wp-content\/uploads\/2025\/05\/Tagung_Muentzer_02.jpg?fit=610%2C458&amp;ssl=1\" class=\"wp-image-21787 size-full\" src=\"https:\/\/i0.wp.com\/www.freidenker.org\/fw17\/wp-content\/uploads\/2025\/05\/Tagung_Muentzer_02.jpg?resize=610%2C458&#038;ssl=1\" alt=\"\" width=\"610\" height=\"458\" srcset=\"https:\/\/i0.wp.com\/www.freidenker.org\/fw17\/wp-content\/uploads\/2025\/05\/Tagung_Muentzer_02.jpg?w=610&amp;ssl=1 610w, https:\/\/i0.wp.com\/www.freidenker.org\/fw17\/wp-content\/uploads\/2025\/05\/Tagung_Muentzer_02.jpg?resize=300%2C225&amp;ssl=1 300w\" sizes=\"auto, (max-width: 610px) 100vw, 610px\" \/><figcaption id=\"caption-attachment-21787\" class=\"wp-caption-text\"><span style=\"font-size: 10pt;\">Foto: Z thomas, CC BY-SA 4.0<\/span><\/figcaption><\/figure>\n<p>Panorama Museum<br \/>\nAm Schlachtberg 9<br \/>\n06567 Bad Frankenhausen \/ Th\u00fcringen<\/p>\n<hr \/>\n<p><strong>30. Mai 2025, 14:30 Uhr, Hotel Th\u00fcringer Hof<\/strong><\/p>\n<h4><strong>Konferenz &#8222;Thomas M\u00fcntzer \u2013 1489 &#8211; 27. Mai 1525 \u2013 und 500 Jahre Fr\u00fchb\u00fcrgerliche Revolution&#8220;<\/strong><\/h4>\n<h5><strong>Konferenzprogramm<\/strong><\/h5>\n<h4><em>Thomas Loch<br \/>\n<\/em>Der Gro\u00dfe Bauernkrieg \u2013 H\u00f6hepunkt einer Epoche im Umbruch<\/h4>\n<h4><em>Klaus Hartmann<br \/>\n<\/em>Karl Kautsky \u00fcber \u201eVorl\u00e4ufer des neueren Sozialismus\u201c<\/h4>\n<h4><em>Dr. Wolfgang Beck<br \/>\n<\/em>Vom Bauernkrieg zur Bedarfswirt\u00adschaft &#8211; eine historische Einordnung<\/h4>\n<h4><em>Ernesto Schwarz<br \/>\n<\/em>Musikalische Begleitung<\/h4>\n<figure id=\"attachment_21788\" aria-describedby=\"caption-attachment-21788\" style=\"width: 400px\" class=\"wp-caption alignnone\"><img data-recalc-dims=\"1\" loading=\"lazy\" decoding=\"async\" data-attachment-id=\"21788\" data-permalink=\"https:\/\/www.freidenker.org\/?attachment_id=21788\" data-orig-file=\"https:\/\/i0.wp.com\/www.freidenker.org\/fw17\/wp-content\/uploads\/2025\/05\/Tagung_Muentzer_03.jpg?fit=530%2C708&amp;ssl=1\" data-orig-size=\"530,708\" data-comments-opened=\"0\" data-image-meta=\"{&quot;aperture&quot;:&quot;0&quot;,&quot;credit&quot;:&quot;&quot;,&quot;camera&quot;:&quot;&quot;,&quot;caption&quot;:&quot;&quot;,&quot;created_timestamp&quot;:&quot;0&quot;,&quot;copyright&quot;:&quot;&quot;,&quot;focal_length&quot;:&quot;0&quot;,&quot;iso&quot;:&quot;0&quot;,&quot;shutter_speed&quot;:&quot;0&quot;,&quot;title&quot;:&quot;&quot;,&quot;orientation&quot;:&quot;0&quot;}\" data-image-title=\"Tagung_Muentzer_03\" data-image-description=\"\" data-image-caption=\"\" data-large-file=\"https:\/\/i0.wp.com\/www.freidenker.org\/fw17\/wp-content\/uploads\/2025\/05\/Tagung_Muentzer_03.jpg?fit=530%2C708&amp;ssl=1\" class=\"wp-image-21788\" src=\"https:\/\/i0.wp.com\/www.freidenker.org\/fw17\/wp-content\/uploads\/2025\/05\/Tagung_Muentzer_03.jpg?resize=400%2C534&#038;ssl=1\" alt=\"\" width=\"400\" height=\"534\" srcset=\"https:\/\/i0.wp.com\/www.freidenker.org\/fw17\/wp-content\/uploads\/2025\/05\/Tagung_Muentzer_03.jpg?resize=225%2C300&amp;ssl=1 225w, https:\/\/i0.wp.com\/www.freidenker.org\/fw17\/wp-content\/uploads\/2025\/05\/Tagung_Muentzer_03.jpg?w=530&amp;ssl=1 530w\" sizes=\"auto, (max-width: 400px) 100vw, 400px\" \/><figcaption id=\"caption-attachment-21788\" class=\"wp-caption-text\"><span style=\"font-size: 10pt;\">Thomas M\u00fcntzer, Kupferstich von Christoph van Sichem, 1608<\/span><\/figcaption><\/figure>\n<p>Hotel Th\u00fcringer Hof<br \/>\nAnger 15<br \/>\n06567 Bad Frankenhausen<\/p>\n<hr \/>\n<p><strong>Die Tagung wird vom Verbandsvorstand in Zusammenarbeit mit dem Landesverband Th\u00fcringen veranstaltet.<\/strong><\/p>\n<p>ViSdP: Deutscher Freidenker-Verband e.V., Verbandsvorstand, Postfach 600721, 60337 Frankfurt a.M.<br \/>\n<strong>kontakt@freidenker.de<\/strong><strong>\u00a0\u00a0\u00a0 <\/strong><a href=\"http:\/\/www.freidenker.de\"><strong>www.freidenker.de<\/strong><\/a><\/p>\n<hr \/>\n<h5>Download<\/h5>\n<p><img data-recalc-dims=\"1\" loading=\"lazy\" decoding=\"async\" data-attachment-id=\"1076\" data-permalink=\"https:\/\/www.freidenker.org\/?attachment_id=1076\" data-orig-file=\"https:\/\/i0.wp.com\/www.freidenker.org\/fw17\/wp-content\/uploads\/2017\/10\/pdf_icon-2.png?fit=32%2C32&amp;ssl=1\" data-orig-size=\"32,32\" data-comments-opened=\"0\" data-image-meta=\"{&quot;aperture&quot;:&quot;0&quot;,&quot;credit&quot;:&quot;&quot;,&quot;camera&quot;:&quot;&quot;,&quot;caption&quot;:&quot;&quot;,&quot;created_timestamp&quot;:&quot;0&quot;,&quot;copyright&quot;:&quot;&quot;,&quot;focal_length&quot;:&quot;0&quot;,&quot;iso&quot;:&quot;0&quot;,&quot;shutter_speed&quot;:&quot;0&quot;,&quot;title&quot;:&quot;&quot;,&quot;orientation&quot;:&quot;0&quot;}\" data-image-title=\"pdf_icon\" data-image-description=\"\" data-image-caption=\"\" data-large-file=\"https:\/\/i0.wp.com\/www.freidenker.org\/fw17\/wp-content\/uploads\/2017\/10\/pdf_icon-2.png?fit=32%2C32&amp;ssl=1\" class=\"alignnone size-full wp-image-1076\" src=\"https:\/\/i0.wp.com\/www.freidenker.org\/fw17\/wp-content\/uploads\/2017\/10\/pdf_icon-2.png?resize=32%2C32&#038;ssl=1\" alt=\"\" width=\"32\" height=\"32\" \/>\u00a0Die <a href=\"https:\/\/www.freidenker.org\/fw17\/wp-content\/uploads\/2025\/05\/250530-Muentzer-Flyer_v04_rlx.pdf\" target=\"_blank\" rel=\"noopener\">Einladung als Flyer<\/a> (PDF-Dokument, ca. 531 KB)<\/p>\n<hr \/>\n<p><span style=\"font-size: 10pt;\">Bild oben: Thomas M\u00fcntzer, Kupferstich von Christoph van Sichem, 1608 (Auszug)<\/span><br \/>\n<span style=\"font-size: 10pt;\">Repro: Rijksmuseum, <a href=\"http:\/\/creativecommons.org\/publicdomain\/zero\/1.0\/deed.en\" target=\"_blank\" rel=\"noopener\">CC0<\/a>, <\/span><br \/>\n<span style=\"font-size: 10pt;\">Quelle: <a href=\"https:\/\/commons.wikimedia.org\/w\/index.php?curid=151249186\" target=\"_blank\" rel=\"noopener\">https:\/\/commons.wikimedia.org\/w\/index.php?curid=151249186<\/a><\/span><\/p>\n<p>&nbsp;<\/p>\n","protected":false},"excerpt":{"rendered":"<p>Der Deutsche Freidenker-Verband l\u00e4dt ein zur <b>Tagung: Thomas M\u00fcntzer \u2013 1489 &#8211; 27. Mai 1525 \u2013 und\u00a0500 Jahre Fr\u00fchb\u00fcrgerliche Revolution<\/b><br \/>\n* Treffpunkt zum gemeinsamen Spaziergang zum Panorama-Museum: Freitag, 30. Mai 2025, 10 Uhr, Hotel Th\u00fcringer Hof,\u00a0Anger 15, 06567 Bad Frankenhausen<br \/>\n* F\u00fchrung durch das Panoramamuseum mit dem Rundgem\u00e4lde\u00a0von Werner T\u00fcbke:\u00a0\u201e500 Jahre Fr\u00fchb\u00fcrgerliche Revolution\u201c, Beginn 10:30 Uhr, anschl. Film: Schlacht im Bild<br \/>\n* Konferenz &#8222;Thomas M\u00fcntzer \u2013 1489 &#8211; 27. Mai 1525 \u2013 und 500 Jahre Fr\u00fchb\u00fcrgerliche Revolution&#8220;. Beginn 14:30 Uhr, Hotel Th\u00fcringer Hof, Anger 15, 06567 Bad Frankenhausen<br \/>\nKonferenzprogramm: Thomas Loch: &#8222;Der Gro\u00dfe Bauernkrieg \u2013 H\u00f6hepunkt einer Epoche im Umbruch&#8220;; Dr. Wolfgang Beck: &#8222;Vom Bauernkrieg zur Bedarfswirt\u00adschaft &#8211; eine historische Einordnung.&#8220;<\/p>\n","protected":false},"author":3,"featured_media":21790,"comment_status":"closed","ping_status":"closed","sticky":false,"template":"","format":"standard","meta":{"colormag_page_container_layout":"default_layout","colormag_page_sidebar_layout":"default_layout","advanced_seo_description":"","jetpack_seo_html_title":"","jetpack_seo_noindex":false,"jetpack_post_was_ever_published":false,"footnotes":""},"categories":[1162,20],"tags":[919,2121,1872,491,357,1722,138,2554,1050],"class_list":["post-21785","post","type-post","status-publish","format-standard","has-post-thumbnail","hentry","category-geschichte","category-zentrale-veranstaltungen","tag-bauernkrieg","tag-einladung","tag-epoche","tag-geschichte","tag-konferenz","tag-lv-thueringen","tag-revolution","tag-umbruch","tag-veranstaltung"],"jetpack_featured_media_url":"https:\/\/i0.wp.com\/www.freidenker.org\/fw17\/wp-content\/uploads\/2025\/05\/Portret_van_Thomas_Muntzer_RP-P-1909-414_ausschnitt_800x450.jpg?fit=800%2C450&ssl=1","jetpack_shortlink":"https:\/\/wp.me\/p9stpK-5Fn","jetpack-related-posts":[{"id":22923,"url":"https:\/\/www.freidenker.org\/?p=22923","url_meta":{"origin":21785,"position":0},"title":"FREIDENKER 3-25 \u2013 Thomas M\u00fcntzer: 500 Jahre Fr\u00fchb\u00fcrgerliche Revolution","author":"Webredaktion","date":"25. September 2025","format":false,"excerpt":"Die Ausgabe 3-25 des Verbandsorgans FREIDENKER hat das Schwerpunkt-Thema \u201eThomas M\u00fcntzer: 500 Jahre Fr\u00fchb\u00fcrgerliche Revolution\u201c und enth\u00e4lt u.a. folgende Beitr\u00e4ge: - Max Sievers: Um des Geistes Freiheit - Thomas Loch: Thomas M\u00fcntzer, Theologe und Revolution\u00e4r\u00a0 - Klaus Hartmann: Die fr\u00fchb\u00fcrgerliche Revolution als Vorl\u00e4ufer des neueren Sozialismus - Wolfgang Beck: Vom\u2026","rel":"","context":"In &quot;Verbandsorgan FREIDENKER&quot;","block_context":{"text":"Verbandsorgan FREIDENKER","link":"https:\/\/www.freidenker.org\/?cat=8"},"img":{"alt_text":"","src":"https:\/\/i0.wp.com\/www.freidenker.org\/fw17\/wp-content\/uploads\/2025\/09\/FD_2025-03_Titel_mR.jpg?fit=800%2C445&ssl=1&resize=350%2C200","width":350,"height":200,"srcset":"https:\/\/i0.wp.com\/www.freidenker.org\/fw17\/wp-content\/uploads\/2025\/09\/FD_2025-03_Titel_mR.jpg?fit=800%2C445&ssl=1&resize=350%2C200 1x, https:\/\/i0.wp.com\/www.freidenker.org\/fw17\/wp-content\/uploads\/2025\/09\/FD_2025-03_Titel_mR.jpg?fit=800%2C445&ssl=1&resize=525%2C300 1.5x, https:\/\/i0.wp.com\/www.freidenker.org\/fw17\/wp-content\/uploads\/2025\/09\/FD_2025-03_Titel_mR.jpg?fit=800%2C445&ssl=1&resize=700%2C400 2x"},"classes":[]},{"id":21987,"url":"https:\/\/www.freidenker.org\/?p=21987","url_meta":{"origin":21785,"position":1},"title":"Pressemitteilung: Freidenker-Verbandstag 2025","author":"Webredaktion","date":"3. Juni 2025","format":false,"excerpt":"Gegen Militarismus, Gesinnungsjustiz und Zensur! Freundschaft mit Russland und China! Unter dieser Losung tagten am Wochenende (30. Mai - 01. Juni 2025) die Delegierten des Freidenkerverbandes in Bad Frankenhausen\/Th\u00fcringen. Der Tagungsort wurde wegen eines Revolutions-Jahrestages gew\u00e4hlt: \u201eThomas M\u00fcntzer: 1489 - 27. Mai 1525 \u2013 und 500 Jahre Fr\u00fchb\u00fcrgerliche Revolution\u201c war\u2026","rel":"","context":"In &quot;Frieden - Antifaschismus - Solidarit\u00e4t&quot;","block_context":{"text":"Frieden - Antifaschismus - Solidarit\u00e4t","link":"https:\/\/www.freidenker.org\/?cat=13"},"img":{"alt_text":"","src":"https:\/\/i0.wp.com\/www.freidenker.org\/fw17\/wp-content\/uploads\/2025\/06\/VT-2025_Bahlo_20250601_105803.jpg?fit=800%2C450&ssl=1&resize=350%2C200","width":350,"height":200,"srcset":"https:\/\/i0.wp.com\/www.freidenker.org\/fw17\/wp-content\/uploads\/2025\/06\/VT-2025_Bahlo_20250601_105803.jpg?fit=800%2C450&ssl=1&resize=350%2C200 1x, https:\/\/i0.wp.com\/www.freidenker.org\/fw17\/wp-content\/uploads\/2025\/06\/VT-2025_Bahlo_20250601_105803.jpg?fit=800%2C450&ssl=1&resize=525%2C300 1.5x, https:\/\/i0.wp.com\/www.freidenker.org\/fw17\/wp-content\/uploads\/2025\/06\/VT-2025_Bahlo_20250601_105803.jpg?fit=800%2C450&ssl=1&resize=700%2C400 2x"},"classes":[]},{"id":22957,"url":"https:\/\/www.freidenker.org\/?p=22957","url_meta":{"origin":21785,"position":2},"title":"Thomas M\u00fcntzer, Theologe und Revolution\u00e4r","author":"Webredaktion","date":"27. September 2025","format":false,"excerpt":"Der Gro\u00dfe Bauernkrieg \u2013 H\u00f6hepunkt einer Epoche im Umbruch und historische Parallelen von Thomas Loch Vortrag, gehalten auf der Thomas-M\u00fcntzer-Tagung des DFV in Bad Frankenhausen am 30.05.2025. - Die Epoche, in welcher Thomas M\u00fcntzer lebte, war eine Epoche des Umbruchs, des \u00dcbergangs vom Feudalismus zum Kapitalismus. Damit \u00e4hnelt sie in\u2026","rel":"","context":"In &quot;Geschichte&quot;","block_context":{"text":"Geschichte","link":"https:\/\/www.freidenker.org\/?cat=1162"},"img":{"alt_text":"","src":"https:\/\/i0.wp.com\/www.freidenker.org\/fw17\/wp-content\/uploads\/2025\/09\/Loch_Muentzer_vortrag.jpg?fit=800%2C450&ssl=1&resize=350%2C200","width":350,"height":200,"srcset":"https:\/\/i0.wp.com\/www.freidenker.org\/fw17\/wp-content\/uploads\/2025\/09\/Loch_Muentzer_vortrag.jpg?fit=800%2C450&ssl=1&resize=350%2C200 1x, https:\/\/i0.wp.com\/www.freidenker.org\/fw17\/wp-content\/uploads\/2025\/09\/Loch_Muentzer_vortrag.jpg?fit=800%2C450&ssl=1&resize=525%2C300 1.5x, https:\/\/i0.wp.com\/www.freidenker.org\/fw17\/wp-content\/uploads\/2025\/09\/Loch_Muentzer_vortrag.jpg?fit=800%2C450&ssl=1&resize=700%2C400 2x"},"classes":[]},{"id":21275,"url":"https:\/\/www.freidenker.org\/?p=21275","url_meta":{"origin":21785,"position":3},"title":"Freidenker-Treffen Sachsen-Anhalt 2025 und Konferenz &#8222;Thomas M\u00fcntzer \u2013 500 Jahre Deutscher Bauernkrieg&#8220;","author":"Webredaktion","date":"27. M\u00e4rz 2025","format":false,"excerpt":"Epochen des Umbruch! Freidenker-Treffen Sachsen-Anhalt 2025 Am Wochenende vom 25. bis 27.04.2025 findet in Quedlinburg das diesj\u00e4hrige offene Bildungswochenende des Landesverbandes Sachsen-Anhalt im Deutschen Freidenker-Verband in Quedlinburg statt. Am Freitag den 25.04.2025 wird es ab 19:00 Uhr eine Lesung mit Diskussion zum Thema des Wochenendes, Epochen des Umbruch und die\u2026","rel":"","context":"In &quot;Kultur &amp; Kunst&quot;","block_context":{"text":"Kultur &amp; Kunst","link":"https:\/\/www.freidenker.org\/?cat=913"},"img":{"alt_text":"","src":"https:\/\/i0.wp.com\/www.freidenker.org\/fw17\/wp-content\/uploads\/2025\/03\/Muentzer-Kolage2_800x450.jpg?fit=800%2C450&ssl=1&resize=350%2C200","width":350,"height":200,"srcset":"https:\/\/i0.wp.com\/www.freidenker.org\/fw17\/wp-content\/uploads\/2025\/03\/Muentzer-Kolage2_800x450.jpg?fit=800%2C450&ssl=1&resize=350%2C200 1x, https:\/\/i0.wp.com\/www.freidenker.org\/fw17\/wp-content\/uploads\/2025\/03\/Muentzer-Kolage2_800x450.jpg?fit=800%2C450&ssl=1&resize=525%2C300 1.5x, https:\/\/i0.wp.com\/www.freidenker.org\/fw17\/wp-content\/uploads\/2025\/03\/Muentzer-Kolage2_800x450.jpg?fit=800%2C450&ssl=1&resize=700%2C400 2x"},"classes":[]},{"id":21994,"url":"https:\/\/www.freidenker.org\/?p=21994","url_meta":{"origin":21785,"position":4},"title":"Freidenker-Verbandstag 2025: Dokumente und Galerie","author":"Webredaktion","date":"6. Juni 2025","format":false,"excerpt":"Am 30. Mai fand in Bad Frankenhausen eine Gedenktagung zu Ehren von Thomas M\u00fcntzer und am 31. Mai und 1. Juni 2025 am selben Ort der Verbandstag des Deutschen Freidenker-Verbandes statt. Wir ver\u00f6ffentlichen hier die Er\u00f6ffnungsrede und den Bericht des Vorsitzenden des Verbandes, Sebastian Bahlo, sowie eine Bildergalerie. [Aus der\u2026","rel":"","context":"In &quot;Frieden - Antifaschismus - Solidarit\u00e4t&quot;","block_context":{"text":"Frieden - Antifaschismus - Solidarit\u00e4t","link":"https:\/\/www.freidenker.org\/?cat=13"},"img":{"alt_text":"","src":"https:\/\/i0.wp.com\/www.freidenker.org\/fw17\/wp-content\/uploads\/2025\/06\/Konferenzmappe_VT2015_800x450_v1.jpg?fit=800%2C450&ssl=1&resize=350%2C200","width":350,"height":200,"srcset":"https:\/\/i0.wp.com\/www.freidenker.org\/fw17\/wp-content\/uploads\/2025\/06\/Konferenzmappe_VT2015_800x450_v1.jpg?fit=800%2C450&ssl=1&resize=350%2C200 1x, https:\/\/i0.wp.com\/www.freidenker.org\/fw17\/wp-content\/uploads\/2025\/06\/Konferenzmappe_VT2015_800x450_v1.jpg?fit=800%2C450&ssl=1&resize=525%2C300 1.5x, https:\/\/i0.wp.com\/www.freidenker.org\/fw17\/wp-content\/uploads\/2025\/06\/Konferenzmappe_VT2015_800x450_v1.jpg?fit=800%2C450&ssl=1&resize=700%2C400 2x"},"classes":[]},{"id":21258,"url":"https:\/\/www.freidenker.org\/?p=21258","url_meta":{"origin":21785,"position":5},"title":"FREIDENKER 1-25 \u2013 80 Jahre Befreiung vom Faschismus","author":"Webredaktion","date":"27. M\u00e4rz 2025","format":false,"excerpt":"Die Ausgabe 1-25 des Verbandsorgans FREIDENKER hat das Schwerpunkt-Thema \u201e80 Jahre Befreiung vom Faschismus - Revision?\u201c und enth\u00e4lt u.a. folgende Beitr\u00e4ge: - \u201eNie wieder\u201c \u2013 kriegst\u00fcchtig - Wolfgang Sch\u00fcrer: Der Zweite Weltkrieg - Anton Latzo: Auch in Jalta wirkten die langen Linien der Geschichte - Michael Polster \/ Arnold Sch\u00f6lzel:\u2026","rel":"","context":"In &quot;Verbandsorgan FREIDENKER&quot;","block_context":{"text":"Verbandsorgan FREIDENKER","link":"https:\/\/www.freidenker.org\/?cat=8"},"img":{"alt_text":"","src":"https:\/\/i0.wp.com\/www.freidenker.org\/fw17\/wp-content\/uploads\/2025\/03\/FD_2025-01_Titel_mR.jpg?fit=800%2C445&ssl=1&resize=350%2C200","width":350,"height":200,"srcset":"https:\/\/i0.wp.com\/www.freidenker.org\/fw17\/wp-content\/uploads\/2025\/03\/FD_2025-01_Titel_mR.jpg?fit=800%2C445&ssl=1&resize=350%2C200 1x, https:\/\/i0.wp.com\/www.freidenker.org\/fw17\/wp-content\/uploads\/2025\/03\/FD_2025-01_Titel_mR.jpg?fit=800%2C445&ssl=1&resize=525%2C300 1.5x, https:\/\/i0.wp.com\/www.freidenker.org\/fw17\/wp-content\/uploads\/2025\/03\/FD_2025-01_Titel_mR.jpg?fit=800%2C445&ssl=1&resize=700%2C400 2x"},"classes":[]}],"_links":{"self":[{"href":"https:\/\/www.freidenker.org\/index.php?rest_route=\/wp\/v2\/posts\/21785","targetHints":{"allow":["GET"]}}],"collection":[{"href":"https:\/\/www.freidenker.org\/index.php?rest_route=\/wp\/v2\/posts"}],"about":[{"href":"https:\/\/www.freidenker.org\/index.php?rest_route=\/wp\/v2\/types\/post"}],"author":[{"embeddable":true,"href":"https:\/\/www.freidenker.org\/index.php?rest_route=\/wp\/v2\/users\/3"}],"replies":[{"embeddable":true,"href":"https:\/\/www.freidenker.org\/index.php?rest_route=%2Fwp%2Fv2%2Fcomments&post=21785"}],"version-history":[{"count":6,"href":"https:\/\/www.freidenker.org\/index.php?rest_route=\/wp\/v2\/posts\/21785\/revisions"}],"predecessor-version":[{"id":21963,"href":"https:\/\/www.freidenker.org\/index.php?rest_route=\/wp\/v2\/posts\/21785\/revisions\/21963"}],"wp:featuredmedia":[{"embeddable":true,"href":"https:\/\/www.freidenker.org\/index.php?rest_route=\/wp\/v2\/media\/21790"}],"wp:attachment":[{"href":"https:\/\/www.freidenker.org\/index.php?rest_route=%2Fwp%2Fv2%2Fmedia&parent=21785"}],"wp:term":[{"taxonomy":"category","embeddable":true,"href":"https:\/\/www.freidenker.org\/index.php?rest_route=%2Fwp%2Fv2%2Fcategories&post=21785"},{"taxonomy":"post_tag","embeddable":true,"href":"https:\/\/www.freidenker.org\/index.php?rest_route=%2Fwp%2Fv2%2Ftags&post=21785"}],"curies":[{"name":"wp","href":"https:\/\/api.w.org\/{rel}","templated":true}]}}