{"id":21679,"date":"2025-05-05T23:34:59","date_gmt":"2025-05-05T21:34:59","guid":{"rendered":"https:\/\/www.freidenker.org\/?p=21679"},"modified":"2025-06-25T19:19:45","modified_gmt":"2025-06-25T17:19:45","slug":"80-jahre-begegnung-an-der-elbe","status":"publish","type":"post","link":"https:\/\/www.freidenker.org\/?p=21679","title":{"rendered":"80 Jahre Begegnung an der Elbe"},"content":{"rendered":"<p><em>von <strong>Klaus Hartmann<\/strong><\/em><\/p>\n<h4>Stadt Torgau gestaltet einen Tag der W\u00fcrdelosigkeit<\/h4>\n<p>Am historischen Jahrestag des Zusammentreffens von Soldaten der Roten Armee und der US-Armee hat die Stadt Torgau auch 2025 zum Gedenken am Begegnungs-Denkmal geladen. Der \u201eElbe-Tag\u201c hei\u00dft inzwischen \u201eElbe Day\u201c, und auf gro\u00dffl\u00e4chigen Plakaten warb die Stadt: \u201eSchafft Begegnung\u201c. Genau die schaffte sie aber nicht, vors\u00e4tzlich.<\/p>\n<p>Torgaus Oberb\u00fcrgermeister Henrik Simon begr\u00fc\u00dfte zun\u00e4chst die weiteren Redner: Sachsens Ministerpr\u00e4sident Michael Kretschmer (CDU), den evangelischen Regionalbischof Dr. Johann Schneider und Dr. Markus Pieper von der \u201eStiftung S\u00e4chsische Gedenkst\u00e4tten\u201c, dann die \u201est\u00e4dtische Zivilgesellschaft\u201c (also nicht die anwesende Polizei) sowie \u201eG\u00e4ste\u201c. Der bereits vor der Ankunft der Provinzprominenz anwesende Botschafter der Russischen F\u00f6deration wurde weder begr\u00fc\u00dft noch namentlich erw\u00e4hnt, und \u201eselbstverst\u00e4ndlich\u201c wurde ihm ein Rederecht verwehrt. Auch im Bericht von dem Wochenende auf der Internetseite der Stadt wird die Anwesenheit des russischen Botschafters Sergej Netschajew verschwiegen, sein Name nicht genannt.<\/p>\n<p>Ministerpr\u00e4sident Kretschmer bedauerte dann die Abwesenheit von Vertreter u.a. von Belarus, die doch laut Anweisung des deutschen Au\u00dfenministeriums ebenso wie Vertreter Russlands von Gedenkveranstaltungen ferngehalten werden sollten. Doch Kretschmer bevorzugte die Methode \u201eHaltet den Dieb!\u201c, und log ungeniert: \u201eDass sie nicht kommen, hat vermutlich mit der Anwesenheit des russischen Kollegen zu tun.\u201c (<em>dpa<\/em>, 25.04.2025)<\/p>\n<p>Es folgte der NATO-Propaganda-Standard: \u201eEs war Russland, das einen v\u00f6lkerrechtswidrigen Krieg gegen die Ukraine begonnen hat\u201c, dann wurde Kretschmer wieder wunderlich: Russland habe den Krieg \u201enicht erst 2021\u201c begonnen \u2013 eine Jahreszahl, die man in diesem Zusammenhang eher selten h\u00f6rt \u2013 sondern \u201ebereits 2014\u201c, und zwar mit \u201eder Besetzung der Schwarzmeer-Halbinsel Krim\u201c. (Auch das verbl\u00fcfft, wurde doch das auf der Krim vertragsgem\u00e4\u00df stationierte russische Truppenkontingent \u00fcberhaupt nicht aufgestockt und auch nicht ein Schuss abgegeben.) Mit seinem Satz \u201ees liegt an Russland, nur an Russland, diesen Krieg zu beenden\u201c erzielte der Ministerpr\u00e4sident endlich die f\u00e4lligen Buh-Rufe.<\/p>\n<p>Regionalbischof Schneider beschimpfte die Konkurrenz und warf der Russisch-Orthodoxen Kirche die \u201eVerachtung des Friedens\u201c vor. Zum Abschluss gab auch Gedenkst\u00e4tten-Pieper nochmal den Scharfmacher, nach dem unvermeidlichen \u201e\u00dcberfall Russlands\u201c entwarf er das Horrorbild eines \u201eschrecklichen Handschlags\u201c, n\u00e4mlich \u201ezwischen dem Aggressor in Moskau und dem neuen amerikanischen Pr\u00e4sidenten\u201c. Allen Rednern war gemeinsam, dass sie nach Erw\u00e4hnung der Kriegsschuld der deutschen \u201eNationalsozialisten\u201c (soviel Werbung f\u00fcr die Faschisten muss wohl sein) alsbald auf den \u201eStalinismus\u201c zu sprechen kamen, und diesen teilweise synonym f\u00fcr die Sowjetunion verwendeten.<\/p>\n<p>Die Bef\u00fcrchtungen, die Gedenkveranstaltungen k\u00f6nnten \u201einstrumentalisiert werden\u201c, haben sich bewahrheitet \u2013 allerdings nicht, wie unterstellt \u2013 durch die Vertreter von Belarus und Russland.<\/p>\n<p>Wladislaw Sankin zieht das bittere Fazit: \u201eDamit wurde die Gedenkzeremonie zu einer \u00f6ffentlichen Dem\u00fctigung eines ganzen Landes und der offiziellen Erben der Befreier vom Hitler-Faschismus. So, wie die Gedenkveranstaltung ablief, erinnerte sie nicht an den freundschaftlichen Handschlag von vor 80 Jahren. Vielmehr glich sie einer geh\u00e4ssigen Konfrontation, mit dem russischen Botschafter als armem S\u00fcnder, der sich aufgrund des \u00fcber ihn verh\u00e4ngten Maulkorbs nicht zur Wehr setzen konnte. Ihm blieb nichts weiter \u00fcbrig, als das \u00fcble Spiel mit W\u00fcrde zu ertragen. Von \u201aBegegnung\u2018 war keine Rede. So macht das Gedenken an den \u201aElbe-Tag\u2018 keinen Sinn mehr.\u201c<\/p>\n<figure id=\"attachment_21680\" aria-describedby=\"caption-attachment-21680\" style=\"width: 800px\" class=\"wp-caption alignnone\"><img data-recalc-dims=\"1\" loading=\"lazy\" decoding=\"async\" data-attachment-id=\"21680\" data-permalink=\"https:\/\/www.freidenker.org\/?attachment_id=21680\" data-orig-file=\"https:\/\/i0.wp.com\/www.freidenker.org\/fw17\/wp-content\/uploads\/2025\/05\/netschajew-in-torgau_foto-sankin.png?fit=1918%2C1080&amp;ssl=1\" data-orig-size=\"1918,1080\" data-comments-opened=\"0\" data-image-meta=\"{&quot;aperture&quot;:&quot;0&quot;,&quot;credit&quot;:&quot;&quot;,&quot;camera&quot;:&quot;&quot;,&quot;caption&quot;:&quot;&quot;,&quot;created_timestamp&quot;:&quot;0&quot;,&quot;copyright&quot;:&quot;&quot;,&quot;focal_length&quot;:&quot;0&quot;,&quot;iso&quot;:&quot;0&quot;,&quot;shutter_speed&quot;:&quot;0&quot;,&quot;title&quot;:&quot;&quot;,&quot;orientation&quot;:&quot;0&quot;}\" data-image-title=\"netschajew-in-torgau_foto-sankin\" data-image-description=\"\" data-image-caption=\"\" data-large-file=\"https:\/\/i0.wp.com\/www.freidenker.org\/fw17\/wp-content\/uploads\/2025\/05\/netschajew-in-torgau_foto-sankin.png?fit=800%2C451&amp;ssl=1\" class=\"wp-image-21680 size-large\" src=\"https:\/\/i0.wp.com\/www.freidenker.org\/fw17\/wp-content\/uploads\/2025\/05\/netschajew-in-torgau_foto-sankin.png?resize=800%2C451&#038;ssl=1\" alt=\"\" width=\"800\" height=\"451\" srcset=\"https:\/\/i0.wp.com\/www.freidenker.org\/fw17\/wp-content\/uploads\/2025\/05\/netschajew-in-torgau_foto-sankin.png?resize=1024%2C577&amp;ssl=1 1024w, https:\/\/i0.wp.com\/www.freidenker.org\/fw17\/wp-content\/uploads\/2025\/05\/netschajew-in-torgau_foto-sankin.png?resize=300%2C169&amp;ssl=1 300w, https:\/\/i0.wp.com\/www.freidenker.org\/fw17\/wp-content\/uploads\/2025\/05\/netschajew-in-torgau_foto-sankin.png?resize=768%2C432&amp;ssl=1 768w, https:\/\/i0.wp.com\/www.freidenker.org\/fw17\/wp-content\/uploads\/2025\/05\/netschajew-in-torgau_foto-sankin.png?resize=1536%2C865&amp;ssl=1 1536w, https:\/\/i0.wp.com\/www.freidenker.org\/fw17\/wp-content\/uploads\/2025\/05\/netschajew-in-torgau_foto-sankin.png?w=1918&amp;ssl=1 1918w, https:\/\/i0.wp.com\/www.freidenker.org\/fw17\/wp-content\/uploads\/2025\/05\/netschajew-in-torgau_foto-sankin.png?w=1600&amp;ssl=1 1600w\" sizes=\"auto, (max-width: 800px) 100vw, 800px\" \/><figcaption id=\"caption-attachment-21680\" class=\"wp-caption-text\"><span style=\"font-size: 10pt;\">Gut gelaunt bei der Gedenkveranstaltung am Denkmal der Begegnung in Torgau, 25.04.2025: Sergej Netschajew, Botschafter der Russischen F\u00f6deration in Deutschland. Klaus Hartmann begr\u00fc\u00dfte ihn herzlich im Namen des Deutschen Freidenker-Verbandes und dankte ihm f\u00fcr sein Kommen, ungeachtet der Bem\u00fchungen der Regierenden in Deutschland, eine russophobe, feindselige Atmosph\u00e4re zu schaffen. Botschafter Netschajew bedankte sich und erwiderte, dass f\u00fcr ihn das Interesse und die freundliche Aufnahme durch die B\u00fcrger das Entscheidende sei. <br \/>Foto: Wladislaw Sankin<\/span><\/figcaption><\/figure>\n<figure id=\"attachment_21813\" aria-describedby=\"caption-attachment-21813\" style=\"width: 368px\" class=\"wp-caption alignnone\"><img data-recalc-dims=\"1\" loading=\"lazy\" decoding=\"async\" data-attachment-id=\"21813\" data-permalink=\"https:\/\/www.freidenker.org\/?attachment_id=21813\" data-orig-file=\"https:\/\/i0.wp.com\/www.freidenker.org\/fw17\/wp-content\/uploads\/2025\/05\/Torgau2025_Botschafter.jpg?fit=368%2C495&amp;ssl=1\" data-orig-size=\"368,495\" data-comments-opened=\"0\" data-image-meta=\"{&quot;aperture&quot;:&quot;0&quot;,&quot;credit&quot;:&quot;&quot;,&quot;camera&quot;:&quot;&quot;,&quot;caption&quot;:&quot;&quot;,&quot;created_timestamp&quot;:&quot;0&quot;,&quot;copyright&quot;:&quot;&quot;,&quot;focal_length&quot;:&quot;0&quot;,&quot;iso&quot;:&quot;0&quot;,&quot;shutter_speed&quot;:&quot;0&quot;,&quot;title&quot;:&quot;&quot;,&quot;orientation&quot;:&quot;1&quot;}\" data-image-title=\"Torgau2025_Botschafter\" data-image-description=\"\" data-image-caption=\"\" data-large-file=\"https:\/\/i0.wp.com\/www.freidenker.org\/fw17\/wp-content\/uploads\/2025\/05\/Torgau2025_Botschafter.jpg?fit=368%2C495&amp;ssl=1\" class=\"wp-image-21813 size-full\" src=\"https:\/\/i0.wp.com\/www.freidenker.org\/fw17\/wp-content\/uploads\/2025\/05\/Torgau2025_Botschafter.jpg?resize=368%2C495&#038;ssl=1\" alt=\"\" width=\"368\" height=\"495\" srcset=\"https:\/\/i0.wp.com\/www.freidenker.org\/fw17\/wp-content\/uploads\/2025\/05\/Torgau2025_Botschafter.jpg?w=368&amp;ssl=1 368w, https:\/\/i0.wp.com\/www.freidenker.org\/fw17\/wp-content\/uploads\/2025\/05\/Torgau2025_Botschafter.jpg?resize=223%2C300&amp;ssl=1 223w\" sizes=\"auto, (max-width: 368px) 100vw, 368px\" \/><figcaption id=\"caption-attachment-21813\" class=\"wp-caption-text\"><span style=\"font-size: 10pt;\">Botschafter Sergej Netschajew am Denkmal der Begegnung. Links davon im Hintergrund (mit Sonnenbrille): Klaus Hartmann (Foto: Botschaft der Russischen F\u00f6deration)<\/span><\/figcaption><\/figure>\n<p>&nbsp;<\/p>\n<hr \/>\n<h4>Eindrucksvolle Manifestationen f\u00fcr den Frieden<\/h4>\n<p>Doch vom folgenden 26.04.2025 gibt es Erfreuliche zu berichten \u2013 zwei gro\u00dfe Demonstrationen und Kundgebungen gegen Kriegskredite und f\u00fcr den Frieden mit Russland fanden am Elbufer statt.<\/p>\n<p>Eine davon wurde von der DKP und einem Friedensb\u00fcndnis veranstaltet, zu der auch der Deutsche Freidenker-Verband aufgerufen hatte, die andere von einer Mittelstandsinitiative \u201eTorgau f\u00fcr Frieden\u201c. Es rief bei Teilnehmern auf \u201ebeiden Seiten\u201c Verwunderung und auch Kritik hervor, dass zwei Veranstaltungen mit dem gleichen Anliegen zur selben Zeit nur wenige hundert Meter voneinander entfernt stattfanden, und man sich offenbar nicht auf ein gemeinsames Friedensbekenntnis einigen konnte. So kam es schlie\u00dflich zu \u201egegenseitigen Besuchen\u201c der Teilnehmer der jeweils anderen Kundgebung, Mitglieder der Friedensglocke und der Freidenker fand man auf beiden Seiten, die Abordnung der Russischen Botschaft besuchte beide Veranstaltungen, Tino Eisbrenner trat sowohl \u201ehier wie da\u201c auf.<\/p>\n<p>Gegen\u00fcber <em><strong>Wladislaw Sankin<\/strong> von<\/em> RT sagte ein Besucherpaar aus den USA: \u201eIch bin hier f\u00fcr die amerikanisch-russische Freundschaft und auch, um gegen die NATO-Aggression zu demonstrieren\u201c und \u201eIch habe keine anti-amerikanischen Sentiments gesp\u00fcrt. Ich sehe auch die Rolle Deutschlands, Englands und der NATO sehr kritisch. Es gibt jede Menge US-Amerikaner, die die NATO infrage stellen. Sie ist irrsinnig geworden. Sie h\u00e4tte nach dem Kalten Krieg abgeschafft werden m\u00fcssen.\u201c<\/p>\n<p>Seinen kompletten Bericht \u201e<strong>Der Mut, auch die Befreier von heute zu w\u00fcrdigen<\/strong>\u201c \u00fcber die friedenbewegten Demonstrationen und Kundgebungen am 26.04.2025 kann man hier nachlesen: <a href=\"https:\/\/freedert.online\/meinung\/204334-mut-auch-befreier-von-heute-wuerdigen-elbe-tag-torgau-seine-neue-akzente\/\" target=\"_blank\" rel=\"noopener\">https:\/\/freedert.online\/meinung\/204334-mut-auch-befreier-von-heute-wuerdigen-elbe-tag-torgau-seine-neue-akzente\/<\/a>.<\/p>\n<p>Ein weiterer Bericht stammt von der Freidenkerin <strong><em>Aglaja Beyes-Corleis<\/em><\/strong> in der <em>UZ<\/em> vom 2. Mai 2025:<\/p>\n<h5 style=\"padding-left: 40px;\"><strong>DKP und Friedensb\u00fcndnis erinnern an historischen Handschlag an der Elbe<\/strong><\/h5>\n<h4 style=\"padding-left: 40px;\">Zukunftsgestaltung statt Geschichtsvergessenheit<\/h4>\n<p style=\"padding-left: 40px;\">Kommunisten und Friedensfreunde aus ganz Deutschland haben am Samstag in Torgau an den Handschlag sowjetischer und US-amerikanischer Soldaten erinnert, die dort vor 80 Jahren aufeinander getroffen waren. Das Friedensb\u00fcndnis \u201e80. Jahrestag der Begegnung von Torgau 1945\u201c hatte zusammen mit der DKP Torgau zu einer Friedensdemonstration aus diesem Anlass aufgerufen.<\/p>\n<p style=\"padding-left: 40px;\">Die Mitorganisatoren Elke und Gerd Brucks er\u00f6ffneten die Auftaktkundgebung. Der Journalist und UZ-Autor Arnold Sch\u00f6lzel berichtete von seinen ersten Eindr\u00fccken an diesem geschichtstr\u00e4chtigen Ort, darunter dem sowjetischen Ehrenfriedhof, auf dem auch viele Frauen und Kinder begraben sind. Das j\u00fcngste wurde nur sechs Monate. \u201eKeiner ist vergessen\u201c, gemahnte Sch\u00f6lzel im Gedenken an die 3,5 Millionen sowjetischer Kriegsgefangener, die in Deutschland ums Leben kamen.<\/p>\n<p style=\"padding-left: 40px;\">Damit war die Friedens-Demonstration er\u00f6ffnet, und der Zug bewegte sich \u00fcber die f\u00fcnfhundert Meter lange Torgauer Elb-Br\u00fccke. Vorneweg SDAJ und DKP, dann Friedensglocke, Freidenker und BSW, Berliner NaturFreunde, Deutsch-Chinesische Freundschaftsgesellschaft zu Ludwigsfelde und viele andere. Auf etwa 1.000 Teilnehmer war der Zug angewachsen und f\u00fcllte die Br\u00fccke von einem Ende bis zum anderen. Vorne ert\u00f6nten kommunistische und Arbeiterlieder aus dem Lautsprecher, weiter hinten sangen Teilnehmer lautstark selbst. Die Pr\u00e4gung vieler Menschen durch die DDR war unverkennbar, denn die Ges\u00e4nge erschallten nicht nur auf deutsch und englisch, sondern auch auf Russisch.<\/p>\n<p style=\"padding-left: 40px;\">Das Th\u00e4lmann-Denkmal bildete die erste Station. Hier sprach Patrik K\u00f6bele, Vorsitzender der DKP, und gedachte der ermordeten Sowjetb\u00fcrger, die \u201ef\u00fcr unsere Freiheit gestorben sind\u201c. Der Bundesregierung warf er Geschichtsvergessenheit vor. Scharf gei\u00dfelte er die geplante Wehrpflicht, die unsere Kinder zu Kanonenfutter machen will. Doch aus dieser Wut m\u00fcsse Widerstand wachsen. Das sei das Versprechen am Tag der Begegnung in Torgau vor 80 Jahren gewesen. \u201eDank euch ihr Sowjetsoldaten. Das ist das, was sich hinter \u201aSpasiba\u2018 verbirgt.\u201c<\/p>\n<p style=\"padding-left: 40px;\">Alfred Gei\u00dfler vom Revolution\u00e4ren Freundschaftsbund erinnerte an die historische Bedeutung von Th\u00e4lmann und zitierte ihn mit den Worten: \u201eDie Kriegsgefahr liegt im Wesen des Kapitalismus begr\u00fcndet.\u201c Frieden aber sei das erste Menschenrecht, weshalb die Stationierung neuer Mittelstreckenraketen in Deutschland verhindert werden m\u00fcsse.<\/p>\n<p style=\"padding-left: 40px;\">Mit k\u00e4mpferischen Liedern und \u201eRas, dva, tri\u201c-Rufen (Etwa: \u201eEins, zwei, drei\u201c) ging es zum Marktplatz, wo Thomas Kachel vom BSW Sachsen und die Journalistin und Autorin Christiane Reymann sprachen. Thomas Kachel erinnerte an den Schwur von Buchenwald und sagte, mit dem heutigen Ukraine-Krieg h\u00e4tten die sowjetischen Soldaten von 1945 nichts zu tun. Er rief dazu auf, Differenzen innerhalb der Friedensbewegung zu \u00fcberwinden. In ihrer k\u00e4mpferischen Rede gei\u00dfelte Christiane Reymann die heute stattfindende Umdeutung der Geschichte und rief: \u201eWir lassen es nicht durchgehen, dass die Toten verschwinden!\u201c Wer die Geschichte vergesse, k\u00f6nne die Zukunft nicht gestalten. Indem Russland als Feind aufgebaut werde, werde ein neuer Krieg vorbereitet, was einher gehe mit \u201eanti-slawischem Rassismus\u201c.<\/p>\n<p style=\"padding-left: 40px;\">H\u00f6hepunkt und letzte Station war das gro\u00dfe, blumengeschm\u00fcckte Denkmal f\u00fcr die gefallen sowjetischen Soldaten. Hier hatte sich der russische Botschafter Sergej Netschajew am Vortag Vorhaltungen anh\u00f6ren m\u00fcssen. Seine Anwesenheit sei daran schuld, dass Botschafter anderer L\u00e4nder fernblieben, so der s\u00e4chsische Ministerpr\u00e4sident Kretschmer. Vor dem Hintergrund dieses unr\u00fchmlichen Vorfalls dankte Tino Eisbrenner, der auf der gegen\u00fcber aufgebauten B\u00fchne mit seinem Orchester auftrat, dass an diesem 26. April 2025 hier w\u00fcrdevolles Gedenken m\u00f6glich war. In stiller und and\u00e4chtiger Trauer verneigten sich Angeh\u00f6rige der russischen Botschaft und legten Kr\u00e4nze und Blumen nieder.<\/p>\n<p style=\"padding-left: 40px;\"><span style=\"font-size: 10pt;\">Quelle: <a href=\"https:\/\/www.unsere-zeit.de\/zukunftsgestaltung-statt-geschichtsvergessenheit-4802790\/\" target=\"_blank\" rel=\"noopener\">https:\/\/www.unsere-zeit.de\/zukunftsgestaltung-statt-geschichtsvergessenheit-4802790\/<\/a><\/span><\/p>\n<h5>Video: Die Rede von <strong>Patrik K\u00f6bele<\/strong><\/h5>\n<div class=\"jetpack-video-wrapper\"><span class=\"embed-youtube\" style=\"text-align:center; display: block;\"><iframe loading=\"lazy\" class=\"youtube-player\" width=\"800\" height=\"450\" src=\"https:\/\/www.youtube.com\/embed\/qDGvF292nkI?version=3&#038;rel=1&#038;showsearch=0&#038;showinfo=1&#038;iv_load_policy=1&#038;fs=1&#038;hl=de-DE&#038;autohide=2&#038;wmode=transparent\" allowfullscreen=\"true\" style=\"border:0;\" sandbox=\"allow-scripts allow-same-origin allow-popups allow-presentation allow-popups-to-escape-sandbox\"><\/iframe><\/span><\/div>\n<p><span style=\"font-size: 10pt;\">Direktlink zum Video von DKP Gie\u00dfen auf YouTube: <a href=\"https:\/\/www.youtube.com\/watch?v=qDGvF292nkI\" target=\"_blank\" rel=\"noopener\">https:\/\/www.youtube.com\/watch?v=qDGvF292nkI<\/a><\/span><\/p>\n<h5>Bildergalerie<\/h5>\n<p><strong>von der Demonstration f\u00fcr Frieden und Abr\u00fcstung (DKP und B\u00fcndnis)<\/strong><\/p>\n<div class=\"tiled-gallery type-rectangular tiled-gallery-unresized\" data-original-width=\"800\" data-carousel-extra='{&quot;blog_id&quot;:1,&quot;permalink&quot;:&quot;https:\\\/\\\/www.freidenker.org\\\/?p=21679&quot;,&quot;likes_blog_id&quot;:139773280}' itemscope itemtype=\"http:\/\/schema.org\/ImageGallery\" > <div class=\"gallery-row\" style=\"width: 800px; height: 401px;\" data-original-width=\"800\" data-original-height=\"401\" > <div class=\"gallery-group images-1\" style=\"width: 534px; height: 401px;\" data-original-width=\"534\" data-original-height=\"401\" > <div class=\"tiled-gallery-item tiled-gallery-item-large\" itemprop=\"associatedMedia\" itemscope itemtype=\"http:\/\/schema.org\/ImageObject\"> <a href=\"https:\/\/www.freidenker.org\/?attachment_id=21686\" border=\"0\" itemprop=\"url\"> <meta itemprop=\"width\" content=\"530\"> <meta itemprop=\"height\" content=\"397\"> <img decoding=\"async\" class=\"\" data-attachment-id=\"21686\" data-orig-file=\"https:\/\/www.freidenker.org\/fw17\/wp-content\/uploads\/2025\/05\/20250426_124041.jpg\" data-orig-size=\"1600,1200\" data-comments-opened=\"\" data-image-meta=\"{&quot;aperture&quot;:&quot;1.7&quot;,&quot;credit&quot;:&quot;&quot;,&quot;camera&quot;:&quot;SM-A750FN&quot;,&quot;caption&quot;:&quot;&quot;,&quot;created_timestamp&quot;:&quot;1745671241&quot;,&quot;copyright&quot;:&quot;&quot;,&quot;focal_length&quot;:&quot;3.93&quot;,&quot;iso&quot;:&quot;40&quot;,&quot;shutter_speed&quot;:&quot;0.0015748031496063&quot;,&quot;title&quot;:&quot;&quot;,&quot;orientation&quot;:&quot;1&quot;}\" data-image-title=\"20250426_124041\" data-image-description=\"\" data-medium-file=\"https:\/\/i0.wp.com\/www.freidenker.org\/fw17\/wp-content\/uploads\/2025\/05\/20250426_124041.jpg?fit=300%2C225&#038;ssl=1\" data-large-file=\"https:\/\/i0.wp.com\/www.freidenker.org\/fw17\/wp-content\/uploads\/2025\/05\/20250426_124041.jpg?fit=800%2C600&#038;ssl=1\" src=\"https:\/\/i0.wp.com\/www.freidenker.org\/fw17\/wp-content\/uploads\/2025\/05\/20250426_124041.jpg?w=530&#038;h=397&#038;ssl=1\" srcset=\"https:\/\/i0.wp.com\/www.freidenker.org\/fw17\/wp-content\/uploads\/2025\/05\/20250426_124041.jpg?w=1600&amp;ssl=1 1600w, https:\/\/i0.wp.com\/www.freidenker.org\/fw17\/wp-content\/uploads\/2025\/05\/20250426_124041.jpg?resize=300%2C225&amp;ssl=1 300w, https:\/\/i0.wp.com\/www.freidenker.org\/fw17\/wp-content\/uploads\/2025\/05\/20250426_124041.jpg?resize=1024%2C768&amp;ssl=1 1024w, https:\/\/i0.wp.com\/www.freidenker.org\/fw17\/wp-content\/uploads\/2025\/05\/20250426_124041.jpg?resize=768%2C576&amp;ssl=1 768w, https:\/\/i0.wp.com\/www.freidenker.org\/fw17\/wp-content\/uploads\/2025\/05\/20250426_124041.jpg?resize=1536%2C1152&amp;ssl=1 1536w\" width=\"530\" height=\"397\" loading=\"lazy\" data-original-width=\"530\" data-original-height=\"397\" itemprop=\"http:\/\/schema.org\/image\" title=\"20250426_124041\" alt=\"Kundgebung am Br\u00fcckenkopf\" style=\"width: 530px; height: 397px;\" \/> <\/a> <div class=\"tiled-gallery-caption\" itemprop=\"caption description\"> Kundgebung am Br\u00fcckenkopf <\/div> <\/div> <\/div> <!-- close group --> <div class=\"gallery-group images-2\" style=\"width: 266px; height: 401px;\" data-original-width=\"266\" data-original-height=\"401\" > <div class=\"tiled-gallery-item tiled-gallery-item-large\" itemprop=\"associatedMedia\" itemscope itemtype=\"http:\/\/schema.org\/ImageObject\"> <a href=\"https:\/\/www.freidenker.org\/?attachment_id=21687\" border=\"0\" itemprop=\"url\"> <meta itemprop=\"width\" content=\"262\"> <meta itemprop=\"height\" content=\"197\"> <img decoding=\"async\" class=\"\" data-attachment-id=\"21687\" data-orig-file=\"https:\/\/www.freidenker.org\/fw17\/wp-content\/uploads\/2025\/05\/20250426_124048.jpg\" data-orig-size=\"1600,1200\" data-comments-opened=\"\" data-image-meta=\"{&quot;aperture&quot;:&quot;1.7&quot;,&quot;credit&quot;:&quot;&quot;,&quot;camera&quot;:&quot;SM-A750FN&quot;,&quot;caption&quot;:&quot;&quot;,&quot;created_timestamp&quot;:&quot;1745671247&quot;,&quot;copyright&quot;:&quot;&quot;,&quot;focal_length&quot;:&quot;3.93&quot;,&quot;iso&quot;:&quot;40&quot;,&quot;shutter_speed&quot;:&quot;0.0012562814070352&quot;,&quot;title&quot;:&quot;&quot;,&quot;orientation&quot;:&quot;1&quot;}\" data-image-title=\"20250426_124048\" data-image-description=\"\" data-medium-file=\"https:\/\/i0.wp.com\/www.freidenker.org\/fw17\/wp-content\/uploads\/2025\/05\/20250426_124048.jpg?fit=300%2C225&#038;ssl=1\" data-large-file=\"https:\/\/i0.wp.com\/www.freidenker.org\/fw17\/wp-content\/uploads\/2025\/05\/20250426_124048.jpg?fit=800%2C600&#038;ssl=1\" src=\"https:\/\/i0.wp.com\/www.freidenker.org\/fw17\/wp-content\/uploads\/2025\/05\/20250426_124048.jpg?w=262&#038;h=197&#038;ssl=1\" srcset=\"https:\/\/i0.wp.com\/www.freidenker.org\/fw17\/wp-content\/uploads\/2025\/05\/20250426_124048.jpg?w=1600&amp;ssl=1 1600w, https:\/\/i0.wp.com\/www.freidenker.org\/fw17\/wp-content\/uploads\/2025\/05\/20250426_124048.jpg?resize=300%2C225&amp;ssl=1 300w, https:\/\/i0.wp.com\/www.freidenker.org\/fw17\/wp-content\/uploads\/2025\/05\/20250426_124048.jpg?resize=1024%2C768&amp;ssl=1 1024w, https:\/\/i0.wp.com\/www.freidenker.org\/fw17\/wp-content\/uploads\/2025\/05\/20250426_124048.jpg?resize=768%2C576&amp;ssl=1 768w, https:\/\/i0.wp.com\/www.freidenker.org\/fw17\/wp-content\/uploads\/2025\/05\/20250426_124048.jpg?resize=1536%2C1152&amp;ssl=1 1536w\" width=\"262\" height=\"197\" loading=\"lazy\" data-original-width=\"262\" data-original-height=\"197\" itemprop=\"http:\/\/schema.org\/image\" title=\"20250426_124048\" alt=\"Kundgebung am Br\u00fcckenkopf\" style=\"width: 262px; height: 197px;\" \/> <\/a> <div class=\"tiled-gallery-caption\" itemprop=\"caption description\"> Kundgebung am Br\u00fcckenkopf <\/div> <\/div> <div class=\"tiled-gallery-item tiled-gallery-item-large\" itemprop=\"associatedMedia\" itemscope itemtype=\"http:\/\/schema.org\/ImageObject\"> <a href=\"https:\/\/www.freidenker.org\/?attachment_id=21688\" border=\"0\" itemprop=\"url\"> <meta itemprop=\"width\" content=\"262\"> <meta itemprop=\"height\" content=\"196\"> <img decoding=\"async\" class=\"\" data-attachment-id=\"21688\" data-orig-file=\"https:\/\/www.freidenker.org\/fw17\/wp-content\/uploads\/2025\/05\/20250426_124124.jpg\" data-orig-size=\"1600,1200\" data-comments-opened=\"\" data-image-meta=\"{&quot;aperture&quot;:&quot;1.7&quot;,&quot;credit&quot;:&quot;&quot;,&quot;camera&quot;:&quot;SM-A750FN&quot;,&quot;caption&quot;:&quot;&quot;,&quot;created_timestamp&quot;:&quot;1745671284&quot;,&quot;copyright&quot;:&quot;&quot;,&quot;focal_length&quot;:&quot;3.93&quot;,&quot;iso&quot;:&quot;40&quot;,&quot;shutter_speed&quot;:&quot;0.001788908765653&quot;,&quot;title&quot;:&quot;&quot;,&quot;orientation&quot;:&quot;1&quot;}\" data-image-title=\"20250426_124124\" data-image-description=\"\" data-medium-file=\"https:\/\/i0.wp.com\/www.freidenker.org\/fw17\/wp-content\/uploads\/2025\/05\/20250426_124124.jpg?fit=300%2C225&#038;ssl=1\" data-large-file=\"https:\/\/i0.wp.com\/www.freidenker.org\/fw17\/wp-content\/uploads\/2025\/05\/20250426_124124.jpg?fit=800%2C600&#038;ssl=1\" src=\"https:\/\/i0.wp.com\/www.freidenker.org\/fw17\/wp-content\/uploads\/2025\/05\/20250426_124124.jpg?w=262&#038;h=196&#038;ssl=1\" srcset=\"https:\/\/i0.wp.com\/www.freidenker.org\/fw17\/wp-content\/uploads\/2025\/05\/20250426_124124.jpg?w=1600&amp;ssl=1 1600w, https:\/\/i0.wp.com\/www.freidenker.org\/fw17\/wp-content\/uploads\/2025\/05\/20250426_124124.jpg?resize=300%2C225&amp;ssl=1 300w, https:\/\/i0.wp.com\/www.freidenker.org\/fw17\/wp-content\/uploads\/2025\/05\/20250426_124124.jpg?resize=1024%2C768&amp;ssl=1 1024w, https:\/\/i0.wp.com\/www.freidenker.org\/fw17\/wp-content\/uploads\/2025\/05\/20250426_124124.jpg?resize=768%2C576&amp;ssl=1 768w, https:\/\/i0.wp.com\/www.freidenker.org\/fw17\/wp-content\/uploads\/2025\/05\/20250426_124124.jpg?resize=1536%2C1152&amp;ssl=1 1536w\" width=\"262\" height=\"196\" loading=\"lazy\" data-original-width=\"262\" data-original-height=\"196\" itemprop=\"http:\/\/schema.org\/image\" title=\"20250426_124124\" alt=\"Am Br\u00fcckenkopf\" style=\"width: 262px; height: 196px;\" \/> <\/a> <div class=\"tiled-gallery-caption\" itemprop=\"caption description\"> Am Br\u00fcckenkopf <\/div> <\/div> <\/div> <!-- close group --> <\/div> <!-- close row --> <div class=\"gallery-row\" style=\"width: 800px; height: 201px;\" data-original-width=\"800\" data-original-height=\"201\" > <div class=\"gallery-group images-1\" style=\"width: 267px; height: 201px;\" data-original-width=\"267\" data-original-height=\"201\" > <div class=\"tiled-gallery-item tiled-gallery-item-large\" itemprop=\"associatedMedia\" itemscope itemtype=\"http:\/\/schema.org\/ImageObject\"> <a href=\"https:\/\/www.freidenker.org\/?attachment_id=21690\" border=\"0\" itemprop=\"url\"> <meta itemprop=\"width\" content=\"263\"> <meta itemprop=\"height\" content=\"197\"> <img decoding=\"async\" class=\"\" data-attachment-id=\"21690\" data-orig-file=\"https:\/\/www.freidenker.org\/fw17\/wp-content\/uploads\/2025\/05\/20250426_125415.jpg\" data-orig-size=\"1600,1200\" data-comments-opened=\"\" data-image-meta=\"{&quot;aperture&quot;:&quot;1.7&quot;,&quot;credit&quot;:&quot;&quot;,&quot;camera&quot;:&quot;SM-A750FN&quot;,&quot;caption&quot;:&quot;&quot;,&quot;created_timestamp&quot;:&quot;1745672054&quot;,&quot;copyright&quot;:&quot;&quot;,&quot;focal_length&quot;:&quot;3.93&quot;,&quot;iso&quot;:&quot;40&quot;,&quot;shutter_speed&quot;:&quot;0.001&quot;,&quot;title&quot;:&quot;&quot;,&quot;orientation&quot;:&quot;1&quot;}\" data-image-title=\"20250426_125415\" data-image-description=\"&lt;p&gt;Auf der Elbbr\u00fccke&lt;\/p&gt; \" data-medium-file=\"https:\/\/i0.wp.com\/www.freidenker.org\/fw17\/wp-content\/uploads\/2025\/05\/20250426_125415.jpg?fit=300%2C225&#038;ssl=1\" data-large-file=\"https:\/\/i0.wp.com\/www.freidenker.org\/fw17\/wp-content\/uploads\/2025\/05\/20250426_125415.jpg?fit=800%2C600&#038;ssl=1\" src=\"https:\/\/i0.wp.com\/www.freidenker.org\/fw17\/wp-content\/uploads\/2025\/05\/20250426_125415.jpg?w=263&#038;h=197&#038;ssl=1\" srcset=\"https:\/\/i0.wp.com\/www.freidenker.org\/fw17\/wp-content\/uploads\/2025\/05\/20250426_125415.jpg?w=1600&amp;ssl=1 1600w, https:\/\/i0.wp.com\/www.freidenker.org\/fw17\/wp-content\/uploads\/2025\/05\/20250426_125415.jpg?resize=300%2C225&amp;ssl=1 300w, https:\/\/i0.wp.com\/www.freidenker.org\/fw17\/wp-content\/uploads\/2025\/05\/20250426_125415.jpg?resize=1024%2C768&amp;ssl=1 1024w, https:\/\/i0.wp.com\/www.freidenker.org\/fw17\/wp-content\/uploads\/2025\/05\/20250426_125415.jpg?resize=768%2C576&amp;ssl=1 768w, https:\/\/i0.wp.com\/www.freidenker.org\/fw17\/wp-content\/uploads\/2025\/05\/20250426_125415.jpg?resize=1536%2C1152&amp;ssl=1 1536w\" width=\"263\" height=\"197\" loading=\"lazy\" data-original-width=\"263\" data-original-height=\"197\" itemprop=\"http:\/\/schema.org\/image\" title=\"20250426_125415\" alt=\"Der Demonstrationszug hat sich in Bewegung gesetzt\" style=\"width: 263px; height: 197px;\" \/> <\/a> <div class=\"tiled-gallery-caption\" itemprop=\"caption description\"> Der Demonstrationszug hat sich in Bewegung gesetzt <\/div> <\/div> <\/div> <!-- close group --> <div class=\"gallery-group images-1\" style=\"width: 267px; height: 201px;\" data-original-width=\"267\" data-original-height=\"201\" > <div class=\"tiled-gallery-item tiled-gallery-item-large\" itemprop=\"associatedMedia\" itemscope itemtype=\"http:\/\/schema.org\/ImageObject\"> <a href=\"https:\/\/www.freidenker.org\/?attachment_id=21691\" border=\"0\" itemprop=\"url\"> <meta itemprop=\"width\" content=\"263\"> <meta itemprop=\"height\" content=\"197\"> <img decoding=\"async\" class=\"\" data-attachment-id=\"21691\" data-orig-file=\"https:\/\/www.freidenker.org\/fw17\/wp-content\/uploads\/2025\/05\/20250426_125416.jpg\" data-orig-size=\"1600,1200\" data-comments-opened=\"\" data-image-meta=\"{&quot;aperture&quot;:&quot;1.7&quot;,&quot;credit&quot;:&quot;&quot;,&quot;camera&quot;:&quot;SM-A750FN&quot;,&quot;caption&quot;:&quot;&quot;,&quot;created_timestamp&quot;:&quot;1745672056&quot;,&quot;copyright&quot;:&quot;&quot;,&quot;focal_length&quot;:&quot;3.93&quot;,&quot;iso&quot;:&quot;40&quot;,&quot;shutter_speed&quot;:&quot;0.00087412587412587&quot;,&quot;title&quot;:&quot;&quot;,&quot;orientation&quot;:&quot;1&quot;}\" data-image-title=\"20250426_125416\" data-image-description=\"\" data-medium-file=\"https:\/\/i0.wp.com\/www.freidenker.org\/fw17\/wp-content\/uploads\/2025\/05\/20250426_125416.jpg?fit=300%2C225&#038;ssl=1\" data-large-file=\"https:\/\/i0.wp.com\/www.freidenker.org\/fw17\/wp-content\/uploads\/2025\/05\/20250426_125416.jpg?fit=800%2C600&#038;ssl=1\" src=\"https:\/\/i0.wp.com\/www.freidenker.org\/fw17\/wp-content\/uploads\/2025\/05\/20250426_125416.jpg?w=263&#038;h=197&#038;ssl=1\" srcset=\"https:\/\/i0.wp.com\/www.freidenker.org\/fw17\/wp-content\/uploads\/2025\/05\/20250426_125416.jpg?w=1600&amp;ssl=1 1600w, https:\/\/i0.wp.com\/www.freidenker.org\/fw17\/wp-content\/uploads\/2025\/05\/20250426_125416.jpg?resize=300%2C225&amp;ssl=1 300w, https:\/\/i0.wp.com\/www.freidenker.org\/fw17\/wp-content\/uploads\/2025\/05\/20250426_125416.jpg?resize=1024%2C768&amp;ssl=1 1024w, https:\/\/i0.wp.com\/www.freidenker.org\/fw17\/wp-content\/uploads\/2025\/05\/20250426_125416.jpg?resize=768%2C576&amp;ssl=1 768w, https:\/\/i0.wp.com\/www.freidenker.org\/fw17\/wp-content\/uploads\/2025\/05\/20250426_125416.jpg?resize=1536%2C1152&amp;ssl=1 1536w\" width=\"263\" height=\"197\" loading=\"lazy\" data-original-width=\"263\" data-original-height=\"197\" itemprop=\"http:\/\/schema.org\/image\" title=\"20250426_125416\" alt=\"Auf der Elbbr\u00fccke\" style=\"width: 263px; height: 197px;\" \/> <\/a> <div class=\"tiled-gallery-caption\" itemprop=\"caption description\"> Auf der Elbbr\u00fccke <\/div> <\/div> <\/div> <!-- close group --> <div class=\"gallery-group images-1\" style=\"width: 266px; height: 201px;\" data-original-width=\"266\" data-original-height=\"201\" > <div class=\"tiled-gallery-item tiled-gallery-item-large\" itemprop=\"associatedMedia\" itemscope itemtype=\"http:\/\/schema.org\/ImageObject\"> <a href=\"https:\/\/www.freidenker.org\/?attachment_id=21692\" border=\"0\" itemprop=\"url\"> <meta itemprop=\"width\" content=\"262\"> <meta itemprop=\"height\" content=\"197\"> <img decoding=\"async\" class=\"\" data-attachment-id=\"21692\" data-orig-file=\"https:\/\/www.freidenker.org\/fw17\/wp-content\/uploads\/2025\/05\/20250426_125549.jpg\" data-orig-size=\"1600,1200\" data-comments-opened=\"\" data-image-meta=\"{&quot;aperture&quot;:&quot;1.7&quot;,&quot;credit&quot;:&quot;&quot;,&quot;camera&quot;:&quot;SM-A750FN&quot;,&quot;caption&quot;:&quot;&quot;,&quot;created_timestamp&quot;:&quot;1745672149&quot;,&quot;copyright&quot;:&quot;&quot;,&quot;focal_length&quot;:&quot;3.93&quot;,&quot;iso&quot;:&quot;40&quot;,&quot;shutter_speed&quot;:&quot;0.00067980965329708&quot;,&quot;title&quot;:&quot;&quot;,&quot;orientation&quot;:&quot;1&quot;}\" data-image-title=\"20250426_125549\" data-image-description=\"\" data-medium-file=\"https:\/\/i0.wp.com\/www.freidenker.org\/fw17\/wp-content\/uploads\/2025\/05\/20250426_125549.jpg?fit=300%2C225&#038;ssl=1\" data-large-file=\"https:\/\/i0.wp.com\/www.freidenker.org\/fw17\/wp-content\/uploads\/2025\/05\/20250426_125549.jpg?fit=800%2C600&#038;ssl=1\" src=\"https:\/\/i0.wp.com\/www.freidenker.org\/fw17\/wp-content\/uploads\/2025\/05\/20250426_125549.jpg?w=262&#038;h=197&#038;ssl=1\" srcset=\"https:\/\/i0.wp.com\/www.freidenker.org\/fw17\/wp-content\/uploads\/2025\/05\/20250426_125549.jpg?w=1600&amp;ssl=1 1600w, https:\/\/i0.wp.com\/www.freidenker.org\/fw17\/wp-content\/uploads\/2025\/05\/20250426_125549.jpg?resize=300%2C225&amp;ssl=1 300w, https:\/\/i0.wp.com\/www.freidenker.org\/fw17\/wp-content\/uploads\/2025\/05\/20250426_125549.jpg?resize=1024%2C768&amp;ssl=1 1024w, https:\/\/i0.wp.com\/www.freidenker.org\/fw17\/wp-content\/uploads\/2025\/05\/20250426_125549.jpg?resize=768%2C576&amp;ssl=1 768w, https:\/\/i0.wp.com\/www.freidenker.org\/fw17\/wp-content\/uploads\/2025\/05\/20250426_125549.jpg?resize=1536%2C1152&amp;ssl=1 1536w\" width=\"262\" height=\"197\" loading=\"lazy\" data-original-width=\"262\" data-original-height=\"197\" itemprop=\"http:\/\/schema.org\/image\" title=\"20250426_125549\" alt=\"Auf der Elbbr\u00fccke - auch das BSW ist dabei\" style=\"width: 262px; height: 197px;\" \/> <\/a> <div class=\"tiled-gallery-caption\" itemprop=\"caption description\"> Auf der Elbbr\u00fccke &#8211; auch das BSW ist dabei <\/div> <\/div> <\/div> <!-- close group --> <\/div> <!-- close row --> <div class=\"gallery-row\" style=\"width: 800px; height: 401px;\" data-original-width=\"800\" data-original-height=\"401\" > <div class=\"gallery-group images-2\" style=\"width: 266px; height: 401px;\" data-original-width=\"266\" data-original-height=\"401\" > <div class=\"tiled-gallery-item tiled-gallery-item-large\" itemprop=\"associatedMedia\" itemscope itemtype=\"http:\/\/schema.org\/ImageObject\"> <a href=\"https:\/\/www.freidenker.org\/?attachment_id=21693\" border=\"0\" itemprop=\"url\"> <meta itemprop=\"width\" content=\"262\"> <meta itemprop=\"height\" content=\"197\"> <img decoding=\"async\" class=\"\" data-attachment-id=\"21693\" data-orig-file=\"https:\/\/www.freidenker.org\/fw17\/wp-content\/uploads\/2025\/05\/20250426_132643.jpg\" data-orig-size=\"1600,1200\" data-comments-opened=\"\" data-image-meta=\"{&quot;aperture&quot;:&quot;1.7&quot;,&quot;credit&quot;:&quot;&quot;,&quot;camera&quot;:&quot;SM-A750FN&quot;,&quot;caption&quot;:&quot;&quot;,&quot;created_timestamp&quot;:&quot;1745674003&quot;,&quot;copyright&quot;:&quot;&quot;,&quot;focal_length&quot;:&quot;3.93&quot;,&quot;iso&quot;:&quot;40&quot;,&quot;shutter_speed&quot;:&quot;0.0011641443538999&quot;,&quot;title&quot;:&quot;&quot;,&quot;orientation&quot;:&quot;1&quot;}\" data-image-title=\"20250426_132643\" data-image-description=\"\" data-medium-file=\"https:\/\/i0.wp.com\/www.freidenker.org\/fw17\/wp-content\/uploads\/2025\/05\/20250426_132643.jpg?fit=300%2C225&#038;ssl=1\" data-large-file=\"https:\/\/i0.wp.com\/www.freidenker.org\/fw17\/wp-content\/uploads\/2025\/05\/20250426_132643.jpg?fit=800%2C600&#038;ssl=1\" src=\"https:\/\/i0.wp.com\/www.freidenker.org\/fw17\/wp-content\/uploads\/2025\/05\/20250426_132643.jpg?w=262&#038;h=197&#038;ssl=1\" srcset=\"https:\/\/i0.wp.com\/www.freidenker.org\/fw17\/wp-content\/uploads\/2025\/05\/20250426_132643.jpg?w=1600&amp;ssl=1 1600w, https:\/\/i0.wp.com\/www.freidenker.org\/fw17\/wp-content\/uploads\/2025\/05\/20250426_132643.jpg?resize=300%2C225&amp;ssl=1 300w, https:\/\/i0.wp.com\/www.freidenker.org\/fw17\/wp-content\/uploads\/2025\/05\/20250426_132643.jpg?resize=1024%2C768&amp;ssl=1 1024w, https:\/\/i0.wp.com\/www.freidenker.org\/fw17\/wp-content\/uploads\/2025\/05\/20250426_132643.jpg?resize=768%2C576&amp;ssl=1 768w, https:\/\/i0.wp.com\/www.freidenker.org\/fw17\/wp-content\/uploads\/2025\/05\/20250426_132643.jpg?resize=1536%2C1152&amp;ssl=1 1536w\" width=\"262\" height=\"197\" loading=\"lazy\" data-original-width=\"262\" data-original-height=\"197\" itemprop=\"http:\/\/schema.org\/image\" title=\"20250426_132643\" alt=\"Halt am Th\u00e4lmann-Denkmal\" style=\"width: 262px; height: 197px;\" \/> <\/a> <div class=\"tiled-gallery-caption\" itemprop=\"caption description\"> Halt am Th\u00e4lmann-Denkmal <\/div> <\/div> <div class=\"tiled-gallery-item tiled-gallery-item-large\" itemprop=\"associatedMedia\" itemscope itemtype=\"http:\/\/schema.org\/ImageObject\"> <a href=\"https:\/\/www.freidenker.org\/?attachment_id=21694\" border=\"0\" itemprop=\"url\"> <meta itemprop=\"width\" content=\"262\"> <meta itemprop=\"height\" content=\"196\"> <img decoding=\"async\" class=\"\" data-attachment-id=\"21694\" data-orig-file=\"https:\/\/www.freidenker.org\/fw17\/wp-content\/uploads\/2025\/05\/20250426_132717.jpg\" data-orig-size=\"1600,1200\" data-comments-opened=\"\" data-image-meta=\"{&quot;aperture&quot;:&quot;1.7&quot;,&quot;credit&quot;:&quot;&quot;,&quot;camera&quot;:&quot;SM-A750FN&quot;,&quot;caption&quot;:&quot;&quot;,&quot;created_timestamp&quot;:&quot;1745674037&quot;,&quot;copyright&quot;:&quot;&quot;,&quot;focal_length&quot;:&quot;3.93&quot;,&quot;iso&quot;:&quot;40&quot;,&quot;shutter_speed&quot;:&quot;0.00058788947677837&quot;,&quot;title&quot;:&quot;&quot;,&quot;orientation&quot;:&quot;1&quot;}\" data-image-title=\"20250426_132717\" data-image-description=\"\" data-medium-file=\"https:\/\/i0.wp.com\/www.freidenker.org\/fw17\/wp-content\/uploads\/2025\/05\/20250426_132717.jpg?fit=300%2C225&#038;ssl=1\" data-large-file=\"https:\/\/i0.wp.com\/www.freidenker.org\/fw17\/wp-content\/uploads\/2025\/05\/20250426_132717.jpg?fit=800%2C600&#038;ssl=1\" src=\"https:\/\/i0.wp.com\/www.freidenker.org\/fw17\/wp-content\/uploads\/2025\/05\/20250426_132717.jpg?w=262&#038;h=196&#038;ssl=1\" srcset=\"https:\/\/i0.wp.com\/www.freidenker.org\/fw17\/wp-content\/uploads\/2025\/05\/20250426_132717.jpg?w=1600&amp;ssl=1 1600w, https:\/\/i0.wp.com\/www.freidenker.org\/fw17\/wp-content\/uploads\/2025\/05\/20250426_132717.jpg?resize=300%2C225&amp;ssl=1 300w, https:\/\/i0.wp.com\/www.freidenker.org\/fw17\/wp-content\/uploads\/2025\/05\/20250426_132717.jpg?resize=1024%2C768&amp;ssl=1 1024w, https:\/\/i0.wp.com\/www.freidenker.org\/fw17\/wp-content\/uploads\/2025\/05\/20250426_132717.jpg?resize=768%2C576&amp;ssl=1 768w, https:\/\/i0.wp.com\/www.freidenker.org\/fw17\/wp-content\/uploads\/2025\/05\/20250426_132717.jpg?resize=1536%2C1152&amp;ssl=1 1536w\" width=\"262\" height=\"196\" loading=\"lazy\" data-original-width=\"262\" data-original-height=\"196\" itemprop=\"http:\/\/schema.org\/image\" title=\"20250426_132717\" alt=\"Ernesto Schwarz vom Freidenker-Verband sorgt f\u00fcr die musikalische Umrahmung\" style=\"width: 262px; height: 196px;\" \/> <\/a> <div class=\"tiled-gallery-caption\" itemprop=\"caption description\"> Ernesto Schwarz vom Freidenker-Verband sorgt f\u00fcr die musikalische Umrahmung <\/div> <\/div> <\/div> <!-- close group --> <div class=\"gallery-group images-1\" style=\"width: 534px; height: 401px;\" data-original-width=\"534\" data-original-height=\"401\" > <div class=\"tiled-gallery-item tiled-gallery-item-large\" itemprop=\"associatedMedia\" itemscope itemtype=\"http:\/\/schema.org\/ImageObject\"> <a href=\"https:\/\/www.freidenker.org\/?attachment_id=21695\" border=\"0\" itemprop=\"url\"> <meta itemprop=\"width\" content=\"530\"> <meta itemprop=\"height\" content=\"397\"> <img decoding=\"async\" class=\"\" data-attachment-id=\"21695\" data-orig-file=\"https:\/\/www.freidenker.org\/fw17\/wp-content\/uploads\/2025\/05\/20250426_132955.jpg\" data-orig-size=\"1600,1200\" data-comments-opened=\"\" data-image-meta=\"{&quot;aperture&quot;:&quot;1.7&quot;,&quot;credit&quot;:&quot;&quot;,&quot;camera&quot;:&quot;SM-A750FN&quot;,&quot;caption&quot;:&quot;&quot;,&quot;created_timestamp&quot;:&quot;1745674195&quot;,&quot;copyright&quot;:&quot;&quot;,&quot;focal_length&quot;:&quot;3.93&quot;,&quot;iso&quot;:&quot;40&quot;,&quot;shutter_speed&quot;:&quot;0.0014084507042254&quot;,&quot;title&quot;:&quot;&quot;,&quot;orientation&quot;:&quot;1&quot;}\" data-image-title=\"20250426_132955\" data-image-description=\"\" data-medium-file=\"https:\/\/i0.wp.com\/www.freidenker.org\/fw17\/wp-content\/uploads\/2025\/05\/20250426_132955.jpg?fit=300%2C225&#038;ssl=1\" data-large-file=\"https:\/\/i0.wp.com\/www.freidenker.org\/fw17\/wp-content\/uploads\/2025\/05\/20250426_132955.jpg?fit=800%2C600&#038;ssl=1\" src=\"https:\/\/i0.wp.com\/www.freidenker.org\/fw17\/wp-content\/uploads\/2025\/05\/20250426_132955.jpg?w=530&#038;h=397&#038;ssl=1\" srcset=\"https:\/\/i0.wp.com\/www.freidenker.org\/fw17\/wp-content\/uploads\/2025\/05\/20250426_132955.jpg?w=1600&amp;ssl=1 1600w, https:\/\/i0.wp.com\/www.freidenker.org\/fw17\/wp-content\/uploads\/2025\/05\/20250426_132955.jpg?resize=300%2C225&amp;ssl=1 300w, https:\/\/i0.wp.com\/www.freidenker.org\/fw17\/wp-content\/uploads\/2025\/05\/20250426_132955.jpg?resize=1024%2C768&amp;ssl=1 1024w, https:\/\/i0.wp.com\/www.freidenker.org\/fw17\/wp-content\/uploads\/2025\/05\/20250426_132955.jpg?resize=768%2C576&amp;ssl=1 768w, https:\/\/i0.wp.com\/www.freidenker.org\/fw17\/wp-content\/uploads\/2025\/05\/20250426_132955.jpg?resize=1536%2C1152&amp;ssl=1 1536w\" width=\"530\" height=\"397\" loading=\"lazy\" data-original-width=\"530\" data-original-height=\"397\" itemprop=\"http:\/\/schema.org\/image\" title=\"20250426_132955\" alt=\"Patrik K\u00f6bele, der Vorsitzende der DKP, spricht\" style=\"width: 530px; height: 397px;\" \/> <\/a> <div class=\"tiled-gallery-caption\" itemprop=\"caption description\"> Patrik K\u00f6bele, der Vorsitzende der DKP, spricht <\/div> <\/div> <\/div> <!-- close group --> <\/div> <!-- close row --> <div class=\"gallery-row\" style=\"width: 800px; height: 301px;\" data-original-width=\"800\" data-original-height=\"301\" > <div class=\"gallery-group images-1\" style=\"width: 400px; height: 301px;\" data-original-width=\"400\" data-original-height=\"301\" > <div class=\"tiled-gallery-item tiled-gallery-item-large\" itemprop=\"associatedMedia\" itemscope itemtype=\"http:\/\/schema.org\/ImageObject\"> <a href=\"https:\/\/www.freidenker.org\/?attachment_id=21696\" border=\"0\" itemprop=\"url\"> <meta itemprop=\"width\" content=\"396\"> <meta itemprop=\"height\" content=\"297\"> <img decoding=\"async\" class=\"\" data-attachment-id=\"21696\" data-orig-file=\"https:\/\/www.freidenker.org\/fw17\/wp-content\/uploads\/2025\/05\/20250426_133017.jpg\" data-orig-size=\"1600,1200\" data-comments-opened=\"\" data-image-meta=\"{&quot;aperture&quot;:&quot;1.7&quot;,&quot;credit&quot;:&quot;&quot;,&quot;camera&quot;:&quot;SM-A750FN&quot;,&quot;caption&quot;:&quot;&quot;,&quot;created_timestamp&quot;:&quot;1745674217&quot;,&quot;copyright&quot;:&quot;&quot;,&quot;focal_length&quot;:&quot;3.93&quot;,&quot;iso&quot;:&quot;40&quot;,&quot;shutter_speed&quot;:&quot;0.00048192771084337&quot;,&quot;title&quot;:&quot;&quot;,&quot;orientation&quot;:&quot;1&quot;}\" data-image-title=\"20250426_133017\" data-image-description=\"\" data-medium-file=\"https:\/\/i0.wp.com\/www.freidenker.org\/fw17\/wp-content\/uploads\/2025\/05\/20250426_133017.jpg?fit=300%2C225&#038;ssl=1\" data-large-file=\"https:\/\/i0.wp.com\/www.freidenker.org\/fw17\/wp-content\/uploads\/2025\/05\/20250426_133017.jpg?fit=800%2C600&#038;ssl=1\" src=\"https:\/\/i0.wp.com\/www.freidenker.org\/fw17\/wp-content\/uploads\/2025\/05\/20250426_133017.jpg?w=396&#038;h=297&#038;ssl=1\" srcset=\"https:\/\/i0.wp.com\/www.freidenker.org\/fw17\/wp-content\/uploads\/2025\/05\/20250426_133017.jpg?w=1600&amp;ssl=1 1600w, https:\/\/i0.wp.com\/www.freidenker.org\/fw17\/wp-content\/uploads\/2025\/05\/20250426_133017.jpg?resize=300%2C225&amp;ssl=1 300w, https:\/\/i0.wp.com\/www.freidenker.org\/fw17\/wp-content\/uploads\/2025\/05\/20250426_133017.jpg?resize=1024%2C768&amp;ssl=1 1024w, https:\/\/i0.wp.com\/www.freidenker.org\/fw17\/wp-content\/uploads\/2025\/05\/20250426_133017.jpg?resize=768%2C576&amp;ssl=1 768w, https:\/\/i0.wp.com\/www.freidenker.org\/fw17\/wp-content\/uploads\/2025\/05\/20250426_133017.jpg?resize=1536%2C1152&amp;ssl=1 1536w\" width=\"396\" height=\"297\" loading=\"lazy\" data-original-width=\"396\" data-original-height=\"297\" itemprop=\"http:\/\/schema.org\/image\" title=\"20250426_133017\" alt=\"Kundgebung am Th\u00e4lmann-Denkmal\" style=\"width: 396px; height: 297px;\" \/> <\/a> <div class=\"tiled-gallery-caption\" itemprop=\"caption description\"> Kundgebung am Th\u00e4lmann-Denkmal <\/div> <\/div> <\/div> <!-- close group --> <div class=\"gallery-group images-1\" style=\"width: 400px; height: 301px;\" data-original-width=\"400\" data-original-height=\"301\" > <div class=\"tiled-gallery-item tiled-gallery-item-large\" itemprop=\"associatedMedia\" itemscope itemtype=\"http:\/\/schema.org\/ImageObject\"> <a href=\"https:\/\/www.freidenker.org\/?attachment_id=21697\" border=\"0\" itemprop=\"url\"> <meta itemprop=\"width\" content=\"396\"> <meta itemprop=\"height\" content=\"297\"> <img decoding=\"async\" class=\"\" data-attachment-id=\"21697\" data-orig-file=\"https:\/\/www.freidenker.org\/fw17\/wp-content\/uploads\/2025\/05\/20250426_134052.jpg\" data-orig-size=\"1600,1200\" data-comments-opened=\"\" data-image-meta=\"{&quot;aperture&quot;:&quot;1.7&quot;,&quot;credit&quot;:&quot;&quot;,&quot;camera&quot;:&quot;SM-A750FN&quot;,&quot;caption&quot;:&quot;&quot;,&quot;created_timestamp&quot;:&quot;1745674851&quot;,&quot;copyright&quot;:&quot;&quot;,&quot;focal_length&quot;:&quot;3.93&quot;,&quot;iso&quot;:&quot;40&quot;,&quot;shutter_speed&quot;:&quot;0.001230012300123&quot;,&quot;title&quot;:&quot;&quot;,&quot;orientation&quot;:&quot;1&quot;}\" data-image-title=\"20250426_134052\" data-image-description=\"\" data-medium-file=\"https:\/\/i0.wp.com\/www.freidenker.org\/fw17\/wp-content\/uploads\/2025\/05\/20250426_134052.jpg?fit=300%2C225&#038;ssl=1\" data-large-file=\"https:\/\/i0.wp.com\/www.freidenker.org\/fw17\/wp-content\/uploads\/2025\/05\/20250426_134052.jpg?fit=800%2C600&#038;ssl=1\" src=\"https:\/\/i0.wp.com\/www.freidenker.org\/fw17\/wp-content\/uploads\/2025\/05\/20250426_134052.jpg?w=396&#038;h=297&#038;ssl=1\" srcset=\"https:\/\/i0.wp.com\/www.freidenker.org\/fw17\/wp-content\/uploads\/2025\/05\/20250426_134052.jpg?w=1600&amp;ssl=1 1600w, https:\/\/i0.wp.com\/www.freidenker.org\/fw17\/wp-content\/uploads\/2025\/05\/20250426_134052.jpg?resize=300%2C225&amp;ssl=1 300w, https:\/\/i0.wp.com\/www.freidenker.org\/fw17\/wp-content\/uploads\/2025\/05\/20250426_134052.jpg?resize=1024%2C768&amp;ssl=1 1024w, https:\/\/i0.wp.com\/www.freidenker.org\/fw17\/wp-content\/uploads\/2025\/05\/20250426_134052.jpg?resize=768%2C576&amp;ssl=1 768w, https:\/\/i0.wp.com\/www.freidenker.org\/fw17\/wp-content\/uploads\/2025\/05\/20250426_134052.jpg?resize=1536%2C1152&amp;ssl=1 1536w\" width=\"396\" height=\"297\" loading=\"lazy\" data-original-width=\"396\" data-original-height=\"297\" itemprop=\"http:\/\/schema.org\/image\" title=\"20250426_134052\" alt=\"Freidenker-Fahnen im Demonstrationszug\" style=\"width: 396px; height: 297px;\" \/> <\/a> <div class=\"tiled-gallery-caption\" itemprop=\"caption description\"> Freidenker-Fahnen im Demonstrationszug <\/div> <\/div> <\/div> <!-- close group --> <\/div> <!-- close row --> <div class=\"gallery-row\" style=\"width: 800px; height: 301px;\" data-original-width=\"800\" data-original-height=\"301\" > <div class=\"gallery-group images-1\" style=\"width: 400px; height: 301px;\" data-original-width=\"400\" data-original-height=\"301\" > <div class=\"tiled-gallery-item tiled-gallery-item-large\" itemprop=\"associatedMedia\" itemscope itemtype=\"http:\/\/schema.org\/ImageObject\"> <a href=\"https:\/\/www.freidenker.org\/?attachment_id=21698\" border=\"0\" itemprop=\"url\"> <meta itemprop=\"width\" content=\"396\"> <meta itemprop=\"height\" content=\"297\"> <img decoding=\"async\" class=\"\" data-attachment-id=\"21698\" data-orig-file=\"https:\/\/www.freidenker.org\/fw17\/wp-content\/uploads\/2025\/05\/20250426_134310.jpg\" data-orig-size=\"1600,1200\" data-comments-opened=\"\" data-image-meta=\"{&quot;aperture&quot;:&quot;1.7&quot;,&quot;credit&quot;:&quot;&quot;,&quot;camera&quot;:&quot;SM-A750FN&quot;,&quot;caption&quot;:&quot;&quot;,&quot;created_timestamp&quot;:&quot;1745674990&quot;,&quot;copyright&quot;:&quot;&quot;,&quot;focal_length&quot;:&quot;3.93&quot;,&quot;iso&quot;:&quot;40&quot;,&quot;shutter_speed&quot;:&quot;0.00054794520547945&quot;,&quot;title&quot;:&quot;&quot;,&quot;orientation&quot;:&quot;1&quot;}\" data-image-title=\"20250426_134310\" data-image-description=\"\" data-medium-file=\"https:\/\/i0.wp.com\/www.freidenker.org\/fw17\/wp-content\/uploads\/2025\/05\/20250426_134310.jpg?fit=300%2C225&#038;ssl=1\" data-large-file=\"https:\/\/i0.wp.com\/www.freidenker.org\/fw17\/wp-content\/uploads\/2025\/05\/20250426_134310.jpg?fit=800%2C600&#038;ssl=1\" src=\"https:\/\/i0.wp.com\/www.freidenker.org\/fw17\/wp-content\/uploads\/2025\/05\/20250426_134310.jpg?w=396&#038;h=297&#038;ssl=1\" srcset=\"https:\/\/i0.wp.com\/www.freidenker.org\/fw17\/wp-content\/uploads\/2025\/05\/20250426_134310.jpg?w=1600&amp;ssl=1 1600w, https:\/\/i0.wp.com\/www.freidenker.org\/fw17\/wp-content\/uploads\/2025\/05\/20250426_134310.jpg?resize=300%2C225&amp;ssl=1 300w, https:\/\/i0.wp.com\/www.freidenker.org\/fw17\/wp-content\/uploads\/2025\/05\/20250426_134310.jpg?resize=1024%2C768&amp;ssl=1 1024w, https:\/\/i0.wp.com\/www.freidenker.org\/fw17\/wp-content\/uploads\/2025\/05\/20250426_134310.jpg?resize=768%2C576&amp;ssl=1 768w, https:\/\/i0.wp.com\/www.freidenker.org\/fw17\/wp-content\/uploads\/2025\/05\/20250426_134310.jpg?resize=1536%2C1152&amp;ssl=1 1536w\" width=\"396\" height=\"297\" loading=\"lazy\" data-original-width=\"396\" data-original-height=\"297\" itemprop=\"http:\/\/schema.org\/image\" title=\"20250426_134310\" alt=\"Freidenker-Fahnen im Demonstrationszug\" style=\"width: 396px; height: 297px;\" \/> <\/a> <div class=\"tiled-gallery-caption\" itemprop=\"caption description\"> Freidenker-Fahnen im Demonstrationszug <\/div> <\/div> <\/div> <!-- close group --> <div class=\"gallery-group images-1\" style=\"width: 400px; height: 301px;\" data-original-width=\"400\" data-original-height=\"301\" > <div class=\"tiled-gallery-item tiled-gallery-item-large\" itemprop=\"associatedMedia\" itemscope itemtype=\"http:\/\/schema.org\/ImageObject\"> <a href=\"https:\/\/www.freidenker.org\/?attachment_id=21700\" border=\"0\" itemprop=\"url\"> <meta itemprop=\"width\" content=\"396\"> <meta itemprop=\"height\" content=\"297\"> <img decoding=\"async\" class=\"\" data-attachment-id=\"21700\" data-orig-file=\"https:\/\/www.freidenker.org\/fw17\/wp-content\/uploads\/2025\/05\/20250426_152904.jpg\" data-orig-size=\"1600,1200\" data-comments-opened=\"\" data-image-meta=\"{&quot;aperture&quot;:&quot;1.7&quot;,&quot;credit&quot;:&quot;&quot;,&quot;camera&quot;:&quot;SM-A750FN&quot;,&quot;caption&quot;:&quot;&quot;,&quot;created_timestamp&quot;:&quot;1745681344&quot;,&quot;copyright&quot;:&quot;&quot;,&quot;focal_length&quot;:&quot;3.93&quot;,&quot;iso&quot;:&quot;40&quot;,&quot;shutter_speed&quot;:&quot;0.0034843205574913&quot;,&quot;title&quot;:&quot;&quot;,&quot;orientation&quot;:&quot;1&quot;}\" data-image-title=\"20250426_152904\" data-image-description=\"\" data-medium-file=\"https:\/\/i0.wp.com\/www.freidenker.org\/fw17\/wp-content\/uploads\/2025\/05\/20250426_152904.jpg?fit=300%2C225&#038;ssl=1\" data-large-file=\"https:\/\/i0.wp.com\/www.freidenker.org\/fw17\/wp-content\/uploads\/2025\/05\/20250426_152904.jpg?fit=800%2C600&#038;ssl=1\" src=\"https:\/\/i0.wp.com\/www.freidenker.org\/fw17\/wp-content\/uploads\/2025\/05\/20250426_152904.jpg?w=396&#038;h=297&#038;ssl=1\" srcset=\"https:\/\/i0.wp.com\/www.freidenker.org\/fw17\/wp-content\/uploads\/2025\/05\/20250426_152904.jpg?w=1600&amp;ssl=1 1600w, https:\/\/i0.wp.com\/www.freidenker.org\/fw17\/wp-content\/uploads\/2025\/05\/20250426_152904.jpg?resize=300%2C225&amp;ssl=1 300w, https:\/\/i0.wp.com\/www.freidenker.org\/fw17\/wp-content\/uploads\/2025\/05\/20250426_152904.jpg?resize=1024%2C768&amp;ssl=1 1024w, https:\/\/i0.wp.com\/www.freidenker.org\/fw17\/wp-content\/uploads\/2025\/05\/20250426_152904.jpg?resize=768%2C576&amp;ssl=1 768w, https:\/\/i0.wp.com\/www.freidenker.org\/fw17\/wp-content\/uploads\/2025\/05\/20250426_152904.jpg?resize=1536%2C1152&amp;ssl=1 1536w\" width=\"396\" height=\"297\" loading=\"lazy\" data-original-width=\"396\" data-original-height=\"297\" itemprop=\"http:\/\/schema.org\/image\" title=\"20250426_152904\" alt=\"Am Elbufer. Auf der B\u00fchne: Tino Eisbrenner\" style=\"width: 396px; height: 297px;\" \/> <\/a> <div class=\"tiled-gallery-caption\" itemprop=\"caption description\"> Am Elbufer. Auf der B\u00fchne: Tino Eisbrenner <\/div> <\/div> <\/div> <!-- close group --> <\/div> <!-- close row --> <div class=\"gallery-row\" style=\"width: 800px; height: 670px;\" data-original-width=\"800\" data-original-height=\"670\" > <div class=\"gallery-group images-1\" style=\"width: 504px; height: 670px;\" data-original-width=\"504\" data-original-height=\"670\" > <div class=\"tiled-gallery-item tiled-gallery-item-large\" itemprop=\"associatedMedia\" itemscope itemtype=\"http:\/\/schema.org\/ImageObject\"> <a href=\"https:\/\/www.freidenker.org\/?attachment_id=21701\" border=\"0\" itemprop=\"url\"> <meta itemprop=\"width\" content=\"500\"> <meta itemprop=\"height\" content=\"666\"> <img decoding=\"async\" class=\"\" data-attachment-id=\"21701\" data-orig-file=\"https:\/\/www.freidenker.org\/fw17\/wp-content\/uploads\/2025\/05\/20250426_152930.jpg\" data-orig-size=\"1600,2133\" data-comments-opened=\"\" data-image-meta=\"{&quot;aperture&quot;:&quot;1.7&quot;,&quot;credit&quot;:&quot;&quot;,&quot;camera&quot;:&quot;SM-A750FN&quot;,&quot;caption&quot;:&quot;&quot;,&quot;created_timestamp&quot;:&quot;1745681370&quot;,&quot;copyright&quot;:&quot;&quot;,&quot;focal_length&quot;:&quot;3.93&quot;,&quot;iso&quot;:&quot;40&quot;,&quot;shutter_speed&quot;:&quot;0.00076628352490421&quot;,&quot;title&quot;:&quot;&quot;,&quot;orientation&quot;:&quot;1&quot;}\" data-image-title=\"20250426_152930\" data-image-description=\"\" data-medium-file=\"https:\/\/i0.wp.com\/www.freidenker.org\/fw17\/wp-content\/uploads\/2025\/05\/20250426_152930.jpg?fit=225%2C300&#038;ssl=1\" data-large-file=\"https:\/\/i0.wp.com\/www.freidenker.org\/fw17\/wp-content\/uploads\/2025\/05\/20250426_152930.jpg?fit=768%2C1024&#038;ssl=1\" src=\"https:\/\/i0.wp.com\/www.freidenker.org\/fw17\/wp-content\/uploads\/2025\/05\/20250426_152930.jpg?w=500&#038;h=666&#038;ssl=1\" srcset=\"https:\/\/i0.wp.com\/www.freidenker.org\/fw17\/wp-content\/uploads\/2025\/05\/20250426_152930.jpg?w=1600&amp;ssl=1 1600w, https:\/\/i0.wp.com\/www.freidenker.org\/fw17\/wp-content\/uploads\/2025\/05\/20250426_152930.jpg?resize=225%2C300&amp;ssl=1 225w, https:\/\/i0.wp.com\/www.freidenker.org\/fw17\/wp-content\/uploads\/2025\/05\/20250426_152930.jpg?resize=768%2C1024&amp;ssl=1 768w, https:\/\/i0.wp.com\/www.freidenker.org\/fw17\/wp-content\/uploads\/2025\/05\/20250426_152930.jpg?resize=1152%2C1536&amp;ssl=1 1152w, https:\/\/i0.wp.com\/www.freidenker.org\/fw17\/wp-content\/uploads\/2025\/05\/20250426_152930.jpg?resize=1536%2C2048&amp;ssl=1 1536w\" width=\"500\" height=\"666\" loading=\"lazy\" data-original-width=\"500\" data-original-height=\"666\" itemprop=\"http:\/\/schema.org\/image\" title=\"20250426_152930\" alt=\"Denkmal der Begegnung\" style=\"width: 500px; height: 666px;\" \/> <\/a> <div class=\"tiled-gallery-caption\" itemprop=\"caption description\"> Denkmal der Begegnung <\/div> <\/div> <\/div> <!-- close group --> <div class=\"gallery-group images-3\" style=\"width: 296px; height: 670px;\" data-original-width=\"296\" data-original-height=\"670\" > <div class=\"tiled-gallery-item tiled-gallery-item-large\" itemprop=\"associatedMedia\" itemscope itemtype=\"http:\/\/schema.org\/ImageObject\"> <a href=\"https:\/\/www.freidenker.org\/?attachment_id=21702\" border=\"0\" itemprop=\"url\"> <meta itemprop=\"width\" content=\"292\"> <meta itemprop=\"height\" content=\"220\"> <img decoding=\"async\" class=\"\" data-attachment-id=\"21702\" data-orig-file=\"https:\/\/www.freidenker.org\/fw17\/wp-content\/uploads\/2025\/05\/20250426_153009.jpg\" data-orig-size=\"1600,1200\" data-comments-opened=\"\" data-image-meta=\"{&quot;aperture&quot;:&quot;1.7&quot;,&quot;credit&quot;:&quot;&quot;,&quot;camera&quot;:&quot;SM-A750FN&quot;,&quot;caption&quot;:&quot;&quot;,&quot;created_timestamp&quot;:&quot;1745681409&quot;,&quot;copyright&quot;:&quot;&quot;,&quot;focal_length&quot;:&quot;3.93&quot;,&quot;iso&quot;:&quot;40&quot;,&quot;shutter_speed&quot;:&quot;0.00088573959255979&quot;,&quot;title&quot;:&quot;&quot;,&quot;orientation&quot;:&quot;1&quot;}\" data-image-title=\"20250426_153009\" data-image-description=\"\" data-medium-file=\"https:\/\/i0.wp.com\/www.freidenker.org\/fw17\/wp-content\/uploads\/2025\/05\/20250426_153009.jpg?fit=300%2C225&#038;ssl=1\" data-large-file=\"https:\/\/i0.wp.com\/www.freidenker.org\/fw17\/wp-content\/uploads\/2025\/05\/20250426_153009.jpg?fit=800%2C600&#038;ssl=1\" src=\"https:\/\/i0.wp.com\/www.freidenker.org\/fw17\/wp-content\/uploads\/2025\/05\/20250426_153009.jpg?w=292&#038;h=220&#038;ssl=1\" srcset=\"https:\/\/i0.wp.com\/www.freidenker.org\/fw17\/wp-content\/uploads\/2025\/05\/20250426_153009.jpg?w=1600&amp;ssl=1 1600w, https:\/\/i0.wp.com\/www.freidenker.org\/fw17\/wp-content\/uploads\/2025\/05\/20250426_153009.jpg?resize=300%2C225&amp;ssl=1 300w, https:\/\/i0.wp.com\/www.freidenker.org\/fw17\/wp-content\/uploads\/2025\/05\/20250426_153009.jpg?resize=1024%2C768&amp;ssl=1 1024w, https:\/\/i0.wp.com\/www.freidenker.org\/fw17\/wp-content\/uploads\/2025\/05\/20250426_153009.jpg?resize=768%2C576&amp;ssl=1 768w, https:\/\/i0.wp.com\/www.freidenker.org\/fw17\/wp-content\/uploads\/2025\/05\/20250426_153009.jpg?resize=1536%2C1152&amp;ssl=1 1536w\" width=\"292\" height=\"220\" loading=\"lazy\" data-original-width=\"292\" data-original-height=\"220\" itemprop=\"http:\/\/schema.org\/image\" title=\"20250426_153009\" alt=\"Niedergelegte Blumen - hier das Gebinde des russischen Botschafters\" style=\"width: 292px; height: 220px;\" \/> <\/a> <div class=\"tiled-gallery-caption\" itemprop=\"caption description\"> Niedergelegte Blumen &#8211; hier das Gebinde des russischen Botschafters <\/div> <\/div> <div class=\"tiled-gallery-item tiled-gallery-item-large\" itemprop=\"associatedMedia\" itemscope itemtype=\"http:\/\/schema.org\/ImageObject\"> <a href=\"https:\/\/www.freidenker.org\/?attachment_id=21703\" border=\"0\" itemprop=\"url\"> <meta itemprop=\"width\" content=\"292\"> <meta itemprop=\"height\" content=\"219\"> <img decoding=\"async\" class=\"\" data-attachment-id=\"21703\" data-orig-file=\"https:\/\/www.freidenker.org\/fw17\/wp-content\/uploads\/2025\/05\/20250426_153033.jpg\" data-orig-size=\"1600,1200\" data-comments-opened=\"\" data-image-meta=\"{&quot;aperture&quot;:&quot;1.7&quot;,&quot;credit&quot;:&quot;&quot;,&quot;camera&quot;:&quot;SM-A750FN&quot;,&quot;caption&quot;:&quot;&quot;,&quot;created_timestamp&quot;:&quot;1745681433&quot;,&quot;copyright&quot;:&quot;&quot;,&quot;focal_length&quot;:&quot;3.93&quot;,&quot;iso&quot;:&quot;40&quot;,&quot;shutter_speed&quot;:&quot;0.00057603686635945&quot;,&quot;title&quot;:&quot;&quot;,&quot;orientation&quot;:&quot;1&quot;}\" data-image-title=\"20250426_153033\" data-image-description=\"\" data-medium-file=\"https:\/\/i0.wp.com\/www.freidenker.org\/fw17\/wp-content\/uploads\/2025\/05\/20250426_153033.jpg?fit=300%2C225&#038;ssl=1\" data-large-file=\"https:\/\/i0.wp.com\/www.freidenker.org\/fw17\/wp-content\/uploads\/2025\/05\/20250426_153033.jpg?fit=800%2C600&#038;ssl=1\" src=\"https:\/\/i0.wp.com\/www.freidenker.org\/fw17\/wp-content\/uploads\/2025\/05\/20250426_153033.jpg?w=292&#038;h=219&#038;ssl=1\" srcset=\"https:\/\/i0.wp.com\/www.freidenker.org\/fw17\/wp-content\/uploads\/2025\/05\/20250426_153033.jpg?w=1600&amp;ssl=1 1600w, https:\/\/i0.wp.com\/www.freidenker.org\/fw17\/wp-content\/uploads\/2025\/05\/20250426_153033.jpg?resize=300%2C225&amp;ssl=1 300w, https:\/\/i0.wp.com\/www.freidenker.org\/fw17\/wp-content\/uploads\/2025\/05\/20250426_153033.jpg?resize=1024%2C768&amp;ssl=1 1024w, https:\/\/i0.wp.com\/www.freidenker.org\/fw17\/wp-content\/uploads\/2025\/05\/20250426_153033.jpg?resize=768%2C576&amp;ssl=1 768w, https:\/\/i0.wp.com\/www.freidenker.org\/fw17\/wp-content\/uploads\/2025\/05\/20250426_153033.jpg?resize=1536%2C1152&amp;ssl=1 1536w\" width=\"292\" height=\"219\" loading=\"lazy\" data-original-width=\"292\" data-original-height=\"219\" itemprop=\"http:\/\/schema.org\/image\" title=\"20250426_153033\" alt=\"Niedergelegte Blumen\" style=\"width: 292px; height: 219px;\" \/> <\/a> <div class=\"tiled-gallery-caption\" itemprop=\"caption description\"> Niedergelegte Blumen <\/div> <\/div> <div class=\"tiled-gallery-item tiled-gallery-item-large\" itemprop=\"associatedMedia\" itemscope itemtype=\"http:\/\/schema.org\/ImageObject\"> <a href=\"https:\/\/www.freidenker.org\/?attachment_id=21704\" border=\"0\" itemprop=\"url\"> <meta itemprop=\"width\" content=\"292\"> <meta itemprop=\"height\" content=\"219\"> <img decoding=\"async\" class=\"\" data-attachment-id=\"21704\" data-orig-file=\"https:\/\/www.freidenker.org\/fw17\/wp-content\/uploads\/2025\/05\/20250426_153244.jpg\" data-orig-size=\"1600,1200\" data-comments-opened=\"\" data-image-meta=\"{&quot;aperture&quot;:&quot;1.7&quot;,&quot;credit&quot;:&quot;&quot;,&quot;camera&quot;:&quot;SM-A750FN&quot;,&quot;caption&quot;:&quot;&quot;,&quot;created_timestamp&quot;:&quot;1745681564&quot;,&quot;copyright&quot;:&quot;&quot;,&quot;focal_length&quot;:&quot;3.93&quot;,&quot;iso&quot;:&quot;50&quot;,&quot;shutter_speed&quot;:&quot;0.02&quot;,&quot;title&quot;:&quot;&quot;,&quot;orientation&quot;:&quot;1&quot;}\" data-image-title=\"20250426_153244\" data-image-description=\"\" data-medium-file=\"https:\/\/i0.wp.com\/www.freidenker.org\/fw17\/wp-content\/uploads\/2025\/05\/20250426_153244.jpg?fit=300%2C225&#038;ssl=1\" data-large-file=\"https:\/\/i0.wp.com\/www.freidenker.org\/fw17\/wp-content\/uploads\/2025\/05\/20250426_153244.jpg?fit=800%2C600&#038;ssl=1\" src=\"https:\/\/i0.wp.com\/www.freidenker.org\/fw17\/wp-content\/uploads\/2025\/05\/20250426_153244.jpg?w=292&#038;h=219&#038;ssl=1\" srcset=\"https:\/\/i0.wp.com\/www.freidenker.org\/fw17\/wp-content\/uploads\/2025\/05\/20250426_153244.jpg?w=1600&amp;ssl=1 1600w, https:\/\/i0.wp.com\/www.freidenker.org\/fw17\/wp-content\/uploads\/2025\/05\/20250426_153244.jpg?resize=300%2C225&amp;ssl=1 300w, https:\/\/i0.wp.com\/www.freidenker.org\/fw17\/wp-content\/uploads\/2025\/05\/20250426_153244.jpg?resize=1024%2C768&amp;ssl=1 1024w, https:\/\/i0.wp.com\/www.freidenker.org\/fw17\/wp-content\/uploads\/2025\/05\/20250426_153244.jpg?resize=768%2C576&amp;ssl=1 768w, https:\/\/i0.wp.com\/www.freidenker.org\/fw17\/wp-content\/uploads\/2025\/05\/20250426_153244.jpg?resize=1536%2C1152&amp;ssl=1 1536w\" width=\"292\" height=\"219\" loading=\"lazy\" data-original-width=\"292\" data-original-height=\"219\" itemprop=\"http:\/\/schema.org\/image\" title=\"20250426_153244\" alt=\"Blumenschalen an der Stelenwand\" style=\"width: 292px; height: 219px;\" \/> <\/a> <div class=\"tiled-gallery-caption\" itemprop=\"caption description\"> Blumenschalen an der Stelenwand <\/div> <\/div> <\/div> <!-- close group --> <\/div> <!-- close row --> <div class=\"gallery-row\" style=\"width: 800px; height: 401px;\" data-original-width=\"800\" data-original-height=\"401\" > <div class=\"gallery-group images-1\" style=\"width: 534px; height: 401px;\" data-original-width=\"534\" data-original-height=\"401\" > <div class=\"tiled-gallery-item tiled-gallery-item-large\" itemprop=\"associatedMedia\" itemscope itemtype=\"http:\/\/schema.org\/ImageObject\"> <a href=\"https:\/\/www.freidenker.org\/?attachment_id=21705\" border=\"0\" itemprop=\"url\"> <meta itemprop=\"width\" content=\"530\"> <meta itemprop=\"height\" content=\"397\"> <img decoding=\"async\" class=\"\" data-attachment-id=\"21705\" data-orig-file=\"https:\/\/www.freidenker.org\/fw17\/wp-content\/uploads\/2025\/05\/20250426_153256.jpg\" data-orig-size=\"1600,1200\" data-comments-opened=\"\" data-image-meta=\"{&quot;aperture&quot;:&quot;1.7&quot;,&quot;credit&quot;:&quot;&quot;,&quot;camera&quot;:&quot;SM-A750FN&quot;,&quot;caption&quot;:&quot;&quot;,&quot;created_timestamp&quot;:&quot;1745681576&quot;,&quot;copyright&quot;:&quot;&quot;,&quot;focal_length&quot;:&quot;3.93&quot;,&quot;iso&quot;:&quot;50&quot;,&quot;shutter_speed&quot;:&quot;0.02&quot;,&quot;title&quot;:&quot;&quot;,&quot;orientation&quot;:&quot;1&quot;}\" data-image-title=\"20250426_153256\" data-image-description=\"\" data-medium-file=\"https:\/\/i0.wp.com\/www.freidenker.org\/fw17\/wp-content\/uploads\/2025\/05\/20250426_153256.jpg?fit=300%2C225&#038;ssl=1\" data-large-file=\"https:\/\/i0.wp.com\/www.freidenker.org\/fw17\/wp-content\/uploads\/2025\/05\/20250426_153256.jpg?fit=800%2C600&#038;ssl=1\" src=\"https:\/\/i0.wp.com\/www.freidenker.org\/fw17\/wp-content\/uploads\/2025\/05\/20250426_153256.jpg?w=530&#038;h=397&#038;ssl=1\" srcset=\"https:\/\/i0.wp.com\/www.freidenker.org\/fw17\/wp-content\/uploads\/2025\/05\/20250426_153256.jpg?w=1600&amp;ssl=1 1600w, https:\/\/i0.wp.com\/www.freidenker.org\/fw17\/wp-content\/uploads\/2025\/05\/20250426_153256.jpg?resize=300%2C225&amp;ssl=1 300w, https:\/\/i0.wp.com\/www.freidenker.org\/fw17\/wp-content\/uploads\/2025\/05\/20250426_153256.jpg?resize=1024%2C768&amp;ssl=1 1024w, https:\/\/i0.wp.com\/www.freidenker.org\/fw17\/wp-content\/uploads\/2025\/05\/20250426_153256.jpg?resize=768%2C576&amp;ssl=1 768w, https:\/\/i0.wp.com\/www.freidenker.org\/fw17\/wp-content\/uploads\/2025\/05\/20250426_153256.jpg?resize=1536%2C1152&amp;ssl=1 1536w\" width=\"530\" height=\"397\" loading=\"lazy\" data-original-width=\"530\" data-original-height=\"397\" itemprop=\"http:\/\/schema.org\/image\" title=\"20250426_153256\" alt=\"Blumenschalen an der Stelenwand\" style=\"width: 530px; height: 397px;\" \/> <\/a> <div class=\"tiled-gallery-caption\" itemprop=\"caption description\"> Blumenschalen an der Stelenwand <\/div> <\/div> <\/div> <!-- close group --> <div class=\"gallery-group images-2\" style=\"width: 266px; height: 401px;\" data-original-width=\"266\" data-original-height=\"401\" > <div class=\"tiled-gallery-item tiled-gallery-item-large\" itemprop=\"associatedMedia\" itemscope itemtype=\"http:\/\/schema.org\/ImageObject\"> <a href=\"https:\/\/www.freidenker.org\/?attachment_id=21699\" border=\"0\" itemprop=\"url\"> <meta itemprop=\"width\" content=\"262\"> <meta itemprop=\"height\" content=\"197\"> <img decoding=\"async\" class=\"\" data-attachment-id=\"21699\" data-orig-file=\"https:\/\/www.freidenker.org\/fw17\/wp-content\/uploads\/2025\/05\/20250426_152831.jpg\" data-orig-size=\"1600,1200\" data-comments-opened=\"\" data-image-meta=\"{&quot;aperture&quot;:&quot;1.7&quot;,&quot;credit&quot;:&quot;&quot;,&quot;camera&quot;:&quot;SM-A750FN&quot;,&quot;caption&quot;:&quot;&quot;,&quot;created_timestamp&quot;:&quot;1745681311&quot;,&quot;copyright&quot;:&quot;&quot;,&quot;focal_length&quot;:&quot;3.93&quot;,&quot;iso&quot;:&quot;40&quot;,&quot;shutter_speed&quot;:&quot;0.01&quot;,&quot;title&quot;:&quot;&quot;,&quot;orientation&quot;:&quot;1&quot;}\" data-image-title=\"20250426_152831\" data-image-description=\"\" data-medium-file=\"https:\/\/i0.wp.com\/www.freidenker.org\/fw17\/wp-content\/uploads\/2025\/05\/20250426_152831.jpg?fit=300%2C225&#038;ssl=1\" data-large-file=\"https:\/\/i0.wp.com\/www.freidenker.org\/fw17\/wp-content\/uploads\/2025\/05\/20250426_152831.jpg?fit=800%2C600&#038;ssl=1\" src=\"https:\/\/i0.wp.com\/www.freidenker.org\/fw17\/wp-content\/uploads\/2025\/05\/20250426_152831.jpg?w=262&#038;h=197&#038;ssl=1\" srcset=\"https:\/\/i0.wp.com\/www.freidenker.org\/fw17\/wp-content\/uploads\/2025\/05\/20250426_152831.jpg?w=1600&amp;ssl=1 1600w, https:\/\/i0.wp.com\/www.freidenker.org\/fw17\/wp-content\/uploads\/2025\/05\/20250426_152831.jpg?resize=300%2C225&amp;ssl=1 300w, https:\/\/i0.wp.com\/www.freidenker.org\/fw17\/wp-content\/uploads\/2025\/05\/20250426_152831.jpg?resize=1024%2C768&amp;ssl=1 1024w, https:\/\/i0.wp.com\/www.freidenker.org\/fw17\/wp-content\/uploads\/2025\/05\/20250426_152831.jpg?resize=768%2C576&amp;ssl=1 768w, https:\/\/i0.wp.com\/www.freidenker.org\/fw17\/wp-content\/uploads\/2025\/05\/20250426_152831.jpg?resize=1536%2C1152&amp;ssl=1 1536w\" width=\"262\" height=\"197\" loading=\"lazy\" data-original-width=\"262\" data-original-height=\"197\" itemprop=\"http:\/\/schema.org\/image\" title=\"20250426_152831\" alt=\"Der Stand des Freidenker-Verbandes. Links Wolfram Fischer (LV Sachsen), rechts Liane Blank (LV Brandenburg)\" style=\"width: 262px; height: 197px;\" \/> <\/a> <div class=\"tiled-gallery-caption\" itemprop=\"caption description\"> Der Stand des Freidenker-Verbandes. Links Wolfram Fischer (LV Sachsen), rechts Liane Blank (LV Brandenburg) <\/div> <\/div> <div class=\"tiled-gallery-item tiled-gallery-item-large\" itemprop=\"associatedMedia\" itemscope itemtype=\"http:\/\/schema.org\/ImageObject\"> <a href=\"https:\/\/www.freidenker.org\/?attachment_id=21706\" border=\"0\" itemprop=\"url\"> <meta itemprop=\"width\" content=\"262\"> <meta itemprop=\"height\" content=\"196\"> <img decoding=\"async\" class=\"\" data-attachment-id=\"21706\" data-orig-file=\"https:\/\/www.freidenker.org\/fw17\/wp-content\/uploads\/2025\/05\/20250426_155811.jpg\" data-orig-size=\"1600,1200\" data-comments-opened=\"\" data-image-meta=\"{&quot;aperture&quot;:&quot;1.7&quot;,&quot;credit&quot;:&quot;&quot;,&quot;camera&quot;:&quot;SM-A750FN&quot;,&quot;caption&quot;:&quot;&quot;,&quot;created_timestamp&quot;:&quot;1745683091&quot;,&quot;copyright&quot;:&quot;&quot;,&quot;focal_length&quot;:&quot;3.93&quot;,&quot;iso&quot;:&quot;40&quot;,&quot;shutter_speed&quot;:&quot;0.006993006993007&quot;,&quot;title&quot;:&quot;&quot;,&quot;orientation&quot;:&quot;1&quot;}\" data-image-title=\"20250426_155811\" data-image-description=\"\" data-medium-file=\"https:\/\/i0.wp.com\/www.freidenker.org\/fw17\/wp-content\/uploads\/2025\/05\/20250426_155811.jpg?fit=300%2C225&#038;ssl=1\" data-large-file=\"https:\/\/i0.wp.com\/www.freidenker.org\/fw17\/wp-content\/uploads\/2025\/05\/20250426_155811.jpg?fit=800%2C600&#038;ssl=1\" src=\"https:\/\/i0.wp.com\/www.freidenker.org\/fw17\/wp-content\/uploads\/2025\/05\/20250426_155811.jpg?w=262&#038;h=196&#038;ssl=1\" srcset=\"https:\/\/i0.wp.com\/www.freidenker.org\/fw17\/wp-content\/uploads\/2025\/05\/20250426_155811.jpg?w=1600&amp;ssl=1 1600w, https:\/\/i0.wp.com\/www.freidenker.org\/fw17\/wp-content\/uploads\/2025\/05\/20250426_155811.jpg?resize=300%2C225&amp;ssl=1 300w, https:\/\/i0.wp.com\/www.freidenker.org\/fw17\/wp-content\/uploads\/2025\/05\/20250426_155811.jpg?resize=1024%2C768&amp;ssl=1 1024w, https:\/\/i0.wp.com\/www.freidenker.org\/fw17\/wp-content\/uploads\/2025\/05\/20250426_155811.jpg?resize=768%2C576&amp;ssl=1 768w, https:\/\/i0.wp.com\/www.freidenker.org\/fw17\/wp-content\/uploads\/2025\/05\/20250426_155811.jpg?resize=1536%2C1152&amp;ssl=1 1536w\" width=\"262\" height=\"196\" loading=\"lazy\" data-original-width=\"262\" data-original-height=\"196\" itemprop=\"http:\/\/schema.org\/image\" title=\"20250426_155811\" alt=\"Der Stand des Freidenker-Verbandes, rechts Regina Silbermann vom LV Sachsen\" style=\"width: 262px; height: 196px;\" \/> <\/a> <div class=\"tiled-gallery-caption\" itemprop=\"caption description\"> Der Stand des Freidenker-Verbandes, rechts Regina Silbermann vom LV Sachsen <\/div> <\/div> <\/div> <!-- close group --> <\/div> <!-- close row --> <div class=\"gallery-row\" style=\"width: 800px; height: 301px;\" data-original-width=\"800\" data-original-height=\"301\" > <div class=\"gallery-group images-1\" style=\"width: 400px; height: 301px;\" data-original-width=\"400\" data-original-height=\"301\" > <div class=\"tiled-gallery-item tiled-gallery-item-large\" itemprop=\"associatedMedia\" itemscope itemtype=\"http:\/\/schema.org\/ImageObject\"> <a href=\"https:\/\/www.freidenker.org\/?attachment_id=21707\" border=\"0\" itemprop=\"url\"> <meta itemprop=\"width\" content=\"396\"> <meta itemprop=\"height\" content=\"297\"> <img decoding=\"async\" class=\"\" data-attachment-id=\"21707\" data-orig-file=\"https:\/\/www.freidenker.org\/fw17\/wp-content\/uploads\/2025\/05\/20250426_161415.jpg\" data-orig-size=\"1600,1200\" data-comments-opened=\"\" data-image-meta=\"{&quot;aperture&quot;:&quot;1.7&quot;,&quot;credit&quot;:&quot;&quot;,&quot;camera&quot;:&quot;SM-A750FN&quot;,&quot;caption&quot;:&quot;&quot;,&quot;created_timestamp&quot;:&quot;1745684055&quot;,&quot;copyright&quot;:&quot;&quot;,&quot;focal_length&quot;:&quot;3.93&quot;,&quot;iso&quot;:&quot;80&quot;,&quot;shutter_speed&quot;:&quot;0.01&quot;,&quot;title&quot;:&quot;&quot;,&quot;orientation&quot;:&quot;1&quot;}\" data-image-title=\"20250426_161415\" data-image-description=\"\" data-medium-file=\"https:\/\/i0.wp.com\/www.freidenker.org\/fw17\/wp-content\/uploads\/2025\/05\/20250426_161415.jpg?fit=300%2C225&#038;ssl=1\" data-large-file=\"https:\/\/i0.wp.com\/www.freidenker.org\/fw17\/wp-content\/uploads\/2025\/05\/20250426_161415.jpg?fit=800%2C600&#038;ssl=1\" src=\"https:\/\/i0.wp.com\/www.freidenker.org\/fw17\/wp-content\/uploads\/2025\/05\/20250426_161415.jpg?w=396&#038;h=297&#038;ssl=1\" srcset=\"https:\/\/i0.wp.com\/www.freidenker.org\/fw17\/wp-content\/uploads\/2025\/05\/20250426_161415.jpg?w=1600&amp;ssl=1 1600w, https:\/\/i0.wp.com\/www.freidenker.org\/fw17\/wp-content\/uploads\/2025\/05\/20250426_161415.jpg?resize=300%2C225&amp;ssl=1 300w, https:\/\/i0.wp.com\/www.freidenker.org\/fw17\/wp-content\/uploads\/2025\/05\/20250426_161415.jpg?resize=1024%2C768&amp;ssl=1 1024w, https:\/\/i0.wp.com\/www.freidenker.org\/fw17\/wp-content\/uploads\/2025\/05\/20250426_161415.jpg?resize=768%2C576&amp;ssl=1 768w, https:\/\/i0.wp.com\/www.freidenker.org\/fw17\/wp-content\/uploads\/2025\/05\/20250426_161415.jpg?resize=1536%2C1152&amp;ssl=1 1536w\" width=\"396\" height=\"297\" loading=\"lazy\" data-original-width=\"396\" data-original-height=\"297\" itemprop=\"http:\/\/schema.org\/image\" title=\"20250426_161415\" alt=\"Monika Krotter-Hartmann und Liane Blank im Gespr\u00e4ch am Freidenker-Stand\" style=\"width: 396px; height: 297px;\" \/> <\/a> <div class=\"tiled-gallery-caption\" itemprop=\"caption description\"> Monika Krotter-Hartmann und Liane Blank im Gespr\u00e4ch am Freidenker-Stand <\/div> <\/div> <\/div> <!-- close group --> <div class=\"gallery-group images-1\" style=\"width: 400px; height: 301px;\" data-original-width=\"400\" data-original-height=\"301\" > <div class=\"tiled-gallery-item tiled-gallery-item-large\" itemprop=\"associatedMedia\" itemscope itemtype=\"http:\/\/schema.org\/ImageObject\"> <a href=\"https:\/\/www.freidenker.org\/?attachment_id=21708\" border=\"0\" itemprop=\"url\"> <meta itemprop=\"width\" content=\"396\"> <meta itemprop=\"height\" content=\"297\"> <img decoding=\"async\" class=\"\" data-attachment-id=\"21708\" data-orig-file=\"https:\/\/www.freidenker.org\/fw17\/wp-content\/uploads\/2025\/05\/20250426_161645.jpg\" data-orig-size=\"1600,1200\" data-comments-opened=\"\" data-image-meta=\"{&quot;aperture&quot;:&quot;1.7&quot;,&quot;credit&quot;:&quot;&quot;,&quot;camera&quot;:&quot;SM-A750FN&quot;,&quot;caption&quot;:&quot;&quot;,&quot;created_timestamp&quot;:&quot;1745684205&quot;,&quot;copyright&quot;:&quot;&quot;,&quot;focal_length&quot;:&quot;3.93&quot;,&quot;iso&quot;:&quot;40&quot;,&quot;shutter_speed&quot;:&quot;0.0067567567567568&quot;,&quot;title&quot;:&quot;&quot;,&quot;orientation&quot;:&quot;1&quot;}\" data-image-title=\"20250426_161645\" data-image-description=\"\" data-medium-file=\"https:\/\/i0.wp.com\/www.freidenker.org\/fw17\/wp-content\/uploads\/2025\/05\/20250426_161645.jpg?fit=300%2C225&#038;ssl=1\" data-large-file=\"https:\/\/i0.wp.com\/www.freidenker.org\/fw17\/wp-content\/uploads\/2025\/05\/20250426_161645.jpg?fit=800%2C600&#038;ssl=1\" src=\"https:\/\/i0.wp.com\/www.freidenker.org\/fw17\/wp-content\/uploads\/2025\/05\/20250426_161645.jpg?w=396&#038;h=297&#038;ssl=1\" srcset=\"https:\/\/i0.wp.com\/www.freidenker.org\/fw17\/wp-content\/uploads\/2025\/05\/20250426_161645.jpg?w=1600&amp;ssl=1 1600w, https:\/\/i0.wp.com\/www.freidenker.org\/fw17\/wp-content\/uploads\/2025\/05\/20250426_161645.jpg?resize=300%2C225&amp;ssl=1 300w, https:\/\/i0.wp.com\/www.freidenker.org\/fw17\/wp-content\/uploads\/2025\/05\/20250426_161645.jpg?resize=1024%2C768&amp;ssl=1 1024w, https:\/\/i0.wp.com\/www.freidenker.org\/fw17\/wp-content\/uploads\/2025\/05\/20250426_161645.jpg?resize=768%2C576&amp;ssl=1 768w, https:\/\/i0.wp.com\/www.freidenker.org\/fw17\/wp-content\/uploads\/2025\/05\/20250426_161645.jpg?resize=1536%2C1152&amp;ssl=1 1536w\" width=\"396\" height=\"297\" loading=\"lazy\" data-original-width=\"396\" data-original-height=\"297\" itemprop=\"http:\/\/schema.org\/image\" title=\"20250426_161645\" alt=\"Raus aus der NATO!\" style=\"width: 396px; height: 297px;\" \/> <\/a> <div class=\"tiled-gallery-caption\" itemprop=\"caption description\"> Raus aus der NATO! <\/div> <\/div> <\/div> <!-- close group --> <\/div> <!-- close row --> <\/div>\n<p><span style=\"font-size: 10pt;\">Alle Fotos: Ralf Lux<\/span><\/p>\n<hr \/>\n<h5>Kundgebung &#8222;Torgau f\u00fcr den Frieden&#8220;<\/h5>\n<p>An der Kundgebung <strong><em>\u201eTorgau f\u00fcr den Frieden\u201c<\/em><\/strong> nahmen u.a. Wolfgang Effenberger, Hermann Ploppa, Wilhelm Domke-Schulz und Yann Song King teil, Patrik Baab war per Video zugeschaltet.<\/p>\n<p>Zahlreiche Videos, u.a. mit der ,,Kleinen wei\u00dfen Friedenstaube&#8220; findet man hier:<\/p>\n<div class=\"jetpack-video-wrapper\"><span class=\"embed-youtube\" style=\"text-align:center; display: block;\"><iframe loading=\"lazy\" class=\"youtube-player\" width=\"800\" height=\"450\" src=\"https:\/\/www.youtube.com\/embed\/8H1gW9AzTcw?version=3&#038;rel=1&#038;showsearch=0&#038;showinfo=1&#038;iv_load_policy=1&#038;fs=1&#038;hl=de-DE&#038;autohide=2&#038;wmode=transparent\" allowfullscreen=\"true\" style=\"border:0;\" sandbox=\"allow-scripts allow-same-origin allow-popups allow-presentation allow-popups-to-escape-sandbox\"><\/iframe><\/span><\/div>\n<p><span style=\"font-size: 10pt;\">Direktlink zum Video von &#8222;US-Kriege im Mittleren- und Nahen Osten&#8220; auf YouTube: <a href=\"https:\/\/www.youtube.com\/watch?v=8H1gW9AzTcw\">https:\/\/www.youtube.com\/watch?v=8H1gW9AzTcw<\/a><\/span><\/p>\n<div class=\"jetpack-video-wrapper\"><span class=\"embed-youtube\" style=\"text-align:center; display: block;\"><iframe loading=\"lazy\" class=\"youtube-player\" width=\"800\" height=\"450\" src=\"https:\/\/www.youtube.com\/embed\/CCnOmHuqzKQ?version=3&#038;rel=1&#038;showsearch=0&#038;showinfo=1&#038;iv_load_policy=1&#038;fs=1&#038;hl=de-DE&#038;autohide=2&#038;wmode=transparent\" allowfullscreen=\"true\" style=\"border:0;\" sandbox=\"allow-scripts allow-same-origin allow-popups allow-presentation allow-popups-to-escape-sandbox\"><\/iframe><\/span><\/div>\n<p><span style=\"font-size: 10pt;\">Direktlink zum Video von &#8222;US-Kriege im Mittleren- und Nahen Osten&#8220; auf YouTube:\u00a0<a href=\"https:\/\/www.youtube.com\/watch?v=CCnOmHuqzKQ\">https:\/\/www.youtube.com\/watch?v=CCnOmHuqzKQ<\/a><\/span><\/p>\n<div class=\"jetpack-video-wrapper\"><span class=\"embed-youtube\" style=\"text-align:center; display: block;\"><iframe loading=\"lazy\" class=\"youtube-player\" width=\"800\" height=\"450\" src=\"https:\/\/www.youtube.com\/embed\/cDlA7z2wkR0?version=3&#038;rel=1&#038;showsearch=0&#038;showinfo=1&#038;iv_load_policy=1&#038;fs=1&#038;hl=de-DE&#038;autohide=2&#038;wmode=transparent\" allowfullscreen=\"true\" style=\"border:0;\" sandbox=\"allow-scripts allow-same-origin allow-popups allow-presentation allow-popups-to-escape-sandbox\"><\/iframe><\/span><\/div>\n<p><span style=\"font-size: 10pt;\">Direktlink zum Video von &#8222;Beste Leben&#8220; auf YouTube:\u00a0<a href=\"https:\/\/www.youtube.com\/watch?v=cDlA7z2wkR0\">https:\/\/www.youtube.com\/watch?v=cDlA7z2wkR0<\/a><\/span><\/p>\n<p><iframe loading=\"lazy\" title=\"Am Set: Demonstration &quot;Torgau f\u00fcr Frieden&quot; anl\u00e4\u00dflich des Handschlags von Torgau vor 80 Jahren\" src=\"https:\/\/tube4.apolut.net\/videos\/embed\/dzpPqqToLs3Pc1MKMjqKyy\" width=\"560\" height=\"315\" frameborder=\"0\" sandbox=\"allow-same-origin allow-scripts allow-popups allow-forms\" allowfullscreen=\"allowfullscreen\"><\/iframe><\/p>\n<p><span style=\"font-size: 10pt;\">Direktlink zum Video von apolut.net:\u00a0<a href=\"https:\/\/apolut.net\/am-set-demonstration-torgau-fur-frieden-anlasslich-des-handschlags-von-torgau-vor-80-jahren\/\">https:\/\/apolut.net\/am-set-demonstration-torgau-fur-frieden-anlasslich-des-handschlags-von-torgau-vor-80-jahren\/<\/a><\/span><\/p>\n<p style=\"text-align: right;\"><em>Klaus Hartmann ist Pr\u00e4sident der Weltunion der Freidenker und stellvertretender Vorsitzender des Deutschen Freidenker-Verbandes<\/em><\/p>\n<hr \/>\n<p><span style=\"font-size: 10pt;\">Bild ganz oben: Ralf Lux<\/span><\/p>\n","protected":false},"excerpt":{"rendered":"<p><b>Beitrag von Klaus Hartmann<\/b><br \/>\n<b>Stadt Torgau gestaltet einen Tag der W\u00fcrdelosigkeit<\/b> &#8211; Am historischen Jahrestag des Zusammentreffens von Soldaten der Roten Armee und der US-Armee hat die Stadt Torgau auch 2025 zum Gedenken am Begegnungs-Denkmal geladen. Der \u201eElbe-Tag\u201c hei\u00dft inzwischen \u201eElbe Day\u201c, und auf gro\u00dffl\u00e4chigen Plakaten warb die Stadt: \u201eSchafft Begegnung\u201c. Genau die schaffte sie aber nicht, vors\u00e4tzlich. [&#8230;]<br \/>\n<b>Eindrucksvolle Manifestationen f\u00fcr den Frieden<\/b><br \/>\nDoch vom folgenden 26.04.2025 gibt es Erfreuliche zu berichten \u2013 zwei gro\u00dfe Demonstrationen und Kundgebungen gegen Kriegskredite und f\u00fcr den Frieden mit Russland fanden am Elbufer statt. Eine davon wurde von der DKP und einem Friedensb\u00fcndnis veranstaltet, zu der auch der Deutsche Freidenker-Verband aufgerufen hatte, die andere von einer Mittelstandsinitiative \u201eTorgau f\u00fcr Frieden\u201c [&#8230;]<\/p>\n","protected":false},"author":3,"featured_media":21714,"comment_status":"closed","ping_status":"closed","sticky":false,"template":"","format":"standard","meta":{"colormag_page_container_layout":"default_layout","colormag_page_sidebar_layout":"default_layout","advanced_seo_description":"","jetpack_seo_html_title":"","jetpack_seo_noindex":false,"jetpack_post_was_ever_published":false,"footnotes":""},"categories":[13],"tags":[1405,2197,411,2600,2196,924,2188,925,222,2035,687,1774,1673],"class_list":["post-21679","post","type-post","status-publish","format-standard","has-post-thumbnail","hentry","category-frieden-antifaschismus-solidaritaet","tag-bericht","tag-botschaft","tag-demonstration","tag-elbe-tag","tag-fotogalerie","tag-gedenken","tag-instrumentalisierung","tag-kundgebung","tag-russland","tag-sachsen","tag-tag-der-befreiung","tag-torgau","tag-video"],"jetpack_featured_media_url":"https:\/\/i0.wp.com\/www.freidenker.org\/fw17\/wp-content\/uploads\/2025\/05\/Torgau-2025_800x450.jpg?fit=800%2C450&ssl=1","jetpack_shortlink":"https:\/\/wp.me\/p9stpK-5DF","jetpack-related-posts":[{"id":12804,"url":"https:\/\/www.freidenker.org\/?p=12804","url_meta":{"origin":21679,"position":0},"title":"Auf zum \u201eTag der Begegnung\u201c am 23. April 2022 nach Torgau!","author":"Webredaktion","date":"16. April 2022","format":false,"excerpt":"Am 23. April 2022 wird in Torgau anl\u00e4sslich des \u201eTages der Begegnung\u201c erneut eine Friedensdemonstration stattfinden. Der \u201eTag der Begegnung\u201c erinnert an das Zusammentreffen der Soldaten der Roten Armee und der US\u2013Armee am 25.April 1945 an der Elbe und Ihren historischen Handschlag, der zum Symbol der Befreiung vom Faschismus und\u2026","rel":"","context":"In &quot;Frieden - Antifaschismus - Solidarit\u00e4t&quot;","block_context":{"text":"Frieden - Antifaschismus - Solidarit\u00e4t","link":"https:\/\/www.freidenker.org\/?cat=13"},"img":{"alt_text":"","src":"https:\/\/i0.wp.com\/www.freidenker.org\/fw17\/wp-content\/uploads\/2022\/04\/DEMONSTRATION-AM-23.-APRIL-2022-800x450-1.jpg?fit=800%2C450&ssl=1&resize=350%2C200","width":350,"height":200,"srcset":"https:\/\/i0.wp.com\/www.freidenker.org\/fw17\/wp-content\/uploads\/2022\/04\/DEMONSTRATION-AM-23.-APRIL-2022-800x450-1.jpg?fit=800%2C450&ssl=1&resize=350%2C200 1x, https:\/\/i0.wp.com\/www.freidenker.org\/fw17\/wp-content\/uploads\/2022\/04\/DEMONSTRATION-AM-23.-APRIL-2022-800x450-1.jpg?fit=800%2C450&ssl=1&resize=525%2C300 1.5x, https:\/\/i0.wp.com\/www.freidenker.org\/fw17\/wp-content\/uploads\/2022\/04\/DEMONSTRATION-AM-23.-APRIL-2022-800x450-1.jpg?fit=800%2C450&ssl=1&resize=700%2C400 2x"},"classes":[]},{"id":10098,"url":"https:\/\/www.freidenker.org\/?p=10098","url_meta":{"origin":21679,"position":1},"title":"Elbe Tag: Torgauer &#8222;Offizielle&#8220; nicht unter sich","author":"Webredaktion","date":"29. April 2021","format":false,"excerpt":"Nachdem am 24.04.2021 die gro\u00dfe Friedensdemonstration durch Auflagen der Versammlungsbeh\u00f6rde des Nordkreises Sachsen auf vier Kundgebungen reduziert wurde, fand am Sonntag, 25.04.2021 das \"staatsoffizielle\" Gedenken statt. Die Torgauer Zeitung hatte die Ank\u00fcndigung als 21-Zeilen-Meldung tief im Lokalteil versteckt, und das Gedenken \"als Minimalvariante\" angek\u00fcndigt, es w\u00fcrde \"nur im kleinen Rahmen\u2026","rel":"","context":"In &quot;Frieden - Antifaschismus - Solidarit\u00e4t&quot;","block_context":{"text":"Frieden - Antifaschismus - Solidarit\u00e4t","link":"https:\/\/www.freidenker.org\/?cat=13"},"img":{"alt_text":"","src":"https:\/\/i0.wp.com\/www.freidenker.org\/fw17\/wp-content\/uploads\/2021\/04\/torgau-2021_offiziell_v2_800x450.jpg?fit=800%2C450&ssl=1&resize=350%2C200","width":350,"height":200,"srcset":"https:\/\/i0.wp.com\/www.freidenker.org\/fw17\/wp-content\/uploads\/2021\/04\/torgau-2021_offiziell_v2_800x450.jpg?fit=800%2C450&ssl=1&resize=350%2C200 1x, https:\/\/i0.wp.com\/www.freidenker.org\/fw17\/wp-content\/uploads\/2021\/04\/torgau-2021_offiziell_v2_800x450.jpg?fit=800%2C450&ssl=1&resize=525%2C300 1.5x, https:\/\/i0.wp.com\/www.freidenker.org\/fw17\/wp-content\/uploads\/2021\/04\/torgau-2021_offiziell_v2_800x450.jpg?fit=800%2C450&ssl=1&resize=700%2C400 2x"},"classes":[]},{"id":9848,"url":"https:\/\/www.freidenker.org\/?p=9848","url_meta":{"origin":21679,"position":2},"title":"Elbe Tag &#8211; Demonstration in Torgau am 24. April 2021","author":"Webredaktion","date":"6. April 2021","format":false,"excerpt":"Torgau 1945-2021 - 76. Jahrestag der Begegnung - 80. Jahrestag des \u00dcberfalls Nazideutschlands auf die Sowjetunion Der Deutsche Freidenker-Verband unterst\u00fctzt die Initiative der DKP und anderer Organisationen, den Jahrestag des Zusammentreffens der Roten Armee und US-amerikanischer Truppen in Torgau 1945 zu einer Manifestation f\u00fcr den Frieden mit Russland und China\u2026","rel":"","context":"In &quot;Frieden - Antifaschismus - Solidarit\u00e4t&quot;","block_context":{"text":"Frieden - Antifaschismus - Solidarit\u00e4t","link":"https:\/\/www.freidenker.org\/?cat=13"},"img":{"alt_text":"","src":"https:\/\/i0.wp.com\/www.freidenker.org\/fw17\/wp-content\/uploads\/2021\/04\/Torgau_Elbe_Tag_800x450.jpg?fit=800%2C450&ssl=1&resize=350%2C200","width":350,"height":200,"srcset":"https:\/\/i0.wp.com\/www.freidenker.org\/fw17\/wp-content\/uploads\/2021\/04\/Torgau_Elbe_Tag_800x450.jpg?fit=800%2C450&ssl=1&resize=350%2C200 1x, https:\/\/i0.wp.com\/www.freidenker.org\/fw17\/wp-content\/uploads\/2021\/04\/Torgau_Elbe_Tag_800x450.jpg?fit=800%2C450&ssl=1&resize=525%2C300 1.5x, https:\/\/i0.wp.com\/www.freidenker.org\/fw17\/wp-content\/uploads\/2021\/04\/Torgau_Elbe_Tag_800x450.jpg?fit=800%2C450&ssl=1&resize=700%2C400 2x"},"classes":[]},{"id":15812,"url":"https:\/\/www.freidenker.org\/?p=15812","url_meta":{"origin":21679,"position":3},"title":"Elbe Tag \u2013 Torgau 1945-2023","author":"Webredaktion","date":"20. April 2023","format":false,"excerpt":"78. Jahrestag der Begegnung - 82. Jahrestag des \u00dcberfalls Nazideutschlands auf die Sowjetunion Friedensdemonstration & Kundgebung am 22. April 2023, 12:00 Uhr am Br\u00fcckenkopf Torgau (Ostufer) Aus dem Aufruf: \u201eDer Schwur von Torgau muss lebendiges Zeugnis unseres Strebens nach einer Welt ohne Krieg bleiben!\u201c. Der Schwur der Soldaten der Roten\u2026","rel":"","context":"In &quot;Frieden - Antifaschismus - Solidarit\u00e4t&quot;","block_context":{"text":"Frieden - Antifaschismus - Solidarit\u00e4t","link":"https:\/\/www.freidenker.org\/?cat=13"},"img":{"alt_text":"","src":"https:\/\/i0.wp.com\/www.freidenker.org\/fw17\/wp-content\/uploads\/2023\/04\/Torgau_2023_800x450.jpg?fit=800%2C450&ssl=1&resize=350%2C200","width":350,"height":200,"srcset":"https:\/\/i0.wp.com\/www.freidenker.org\/fw17\/wp-content\/uploads\/2023\/04\/Torgau_2023_800x450.jpg?fit=800%2C450&ssl=1&resize=350%2C200 1x, https:\/\/i0.wp.com\/www.freidenker.org\/fw17\/wp-content\/uploads\/2023\/04\/Torgau_2023_800x450.jpg?fit=800%2C450&ssl=1&resize=525%2C300 1.5x, https:\/\/i0.wp.com\/www.freidenker.org\/fw17\/wp-content\/uploads\/2023\/04\/Torgau_2023_800x450.jpg?fit=800%2C450&ssl=1&resize=700%2C400 2x"},"classes":[]},{"id":21305,"url":"https:\/\/www.freidenker.org\/?p=21305","url_meta":{"origin":21679,"position":4},"title":"Elbe-Tag: 80. Jahrestag der Begegnung","author":"Webredaktion","date":"30. M\u00e4rz 2025","format":false,"excerpt":"Demonstration am 26. April 2025 11:30 Uhr Br\u00fcckenkopf Torgau (anschl. 14:30 Uhr - Konzert mit Tino Eisbrenner und Ernesto Schwarz) Kein Ort an der Elbe \u2013 von Hamburg bis Dresden \u2013 hat mit seiner Symbolik am \u00a0Ende des faschistischen Krieges eine bis heute andauernde Aussagekraft und Wahrheit erlangt, die in\u2026","rel":"","context":"In &quot;Frieden - Antifaschismus - Solidarit\u00e4t&quot;","block_context":{"text":"Frieden - Antifaschismus - Solidarit\u00e4t","link":"https:\/\/www.freidenker.org\/?cat=13"},"img":{"alt_text":"","src":"https:\/\/i0.wp.com\/www.freidenker.org\/fw17\/wp-content\/uploads\/2025\/03\/Elbe-Tag_2025_800x450.jpg?fit=800%2C450&ssl=1&resize=350%2C200","width":350,"height":200,"srcset":"https:\/\/i0.wp.com\/www.freidenker.org\/fw17\/wp-content\/uploads\/2025\/03\/Elbe-Tag_2025_800x450.jpg?fit=800%2C450&ssl=1&resize=350%2C200 1x, https:\/\/i0.wp.com\/www.freidenker.org\/fw17\/wp-content\/uploads\/2025\/03\/Elbe-Tag_2025_800x450.jpg?fit=800%2C450&ssl=1&resize=525%2C300 1.5x, https:\/\/i0.wp.com\/www.freidenker.org\/fw17\/wp-content\/uploads\/2025\/03\/Elbe-Tag_2025_800x450.jpg?fit=800%2C450&ssl=1&resize=700%2C400 2x"},"classes":[]},{"id":24934,"url":"https:\/\/www.freidenker.org\/?p=24934","url_meta":{"origin":21679,"position":5},"title":"Demonstration, Kundgebung und Konzert zum Tag der Begegnung am 25. April 2026 in Torgau","author":"Webredaktion","date":"20. April 2026","format":false,"excerpt":"Anl\u00e4sslich des 81. Jahrestages des Tages der Begegnung in Torgau finden mehrere Veranstaltungen statt. Die DKP und zahlreiche Unterst\u00fctzer, darunter der Deutsche Freidenker-Verband rufen auf zur Friedensdemonstration zum Tag der Begegnung, Torgau 1945-2026 am 25. April 2026, Beginn um 11.30 Uhr am Br\u00fcckenkopf Torgau. Aus dem Aufruf: Nie wieder Faschismus\u2026","rel":"","context":"In &quot;Frieden - Antifaschismus - Solidarit\u00e4t&quot;","block_context":{"text":"Frieden - Antifaschismus - Solidarit\u00e4t","link":"https:\/\/www.freidenker.org\/?cat=13"},"img":{"alt_text":"","src":"https:\/\/i0.wp.com\/www.freidenker.org\/fw17\/wp-content\/uploads\/2026\/04\/TdB_Torgau_2026_800x450.jpg?fit=800%2C450&ssl=1&resize=350%2C200","width":350,"height":200,"srcset":"https:\/\/i0.wp.com\/www.freidenker.org\/fw17\/wp-content\/uploads\/2026\/04\/TdB_Torgau_2026_800x450.jpg?fit=800%2C450&ssl=1&resize=350%2C200 1x, https:\/\/i0.wp.com\/www.freidenker.org\/fw17\/wp-content\/uploads\/2026\/04\/TdB_Torgau_2026_800x450.jpg?fit=800%2C450&ssl=1&resize=525%2C300 1.5x, https:\/\/i0.wp.com\/www.freidenker.org\/fw17\/wp-content\/uploads\/2026\/04\/TdB_Torgau_2026_800x450.jpg?fit=800%2C450&ssl=1&resize=700%2C400 2x"},"classes":[]}],"_links":{"self":[{"href":"https:\/\/www.freidenker.org\/index.php?rest_route=\/wp\/v2\/posts\/21679","targetHints":{"allow":["GET"]}}],"collection":[{"href":"https:\/\/www.freidenker.org\/index.php?rest_route=\/wp\/v2\/posts"}],"about":[{"href":"https:\/\/www.freidenker.org\/index.php?rest_route=\/wp\/v2\/types\/post"}],"author":[{"embeddable":true,"href":"https:\/\/www.freidenker.org\/index.php?rest_route=\/wp\/v2\/users\/3"}],"replies":[{"embeddable":true,"href":"https:\/\/www.freidenker.org\/index.php?rest_route=%2Fwp%2Fv2%2Fcomments&post=21679"}],"version-history":[{"count":13,"href":"https:\/\/www.freidenker.org\/index.php?rest_route=\/wp\/v2\/posts\/21679\/revisions"}],"predecessor-version":[{"id":21840,"href":"https:\/\/www.freidenker.org\/index.php?rest_route=\/wp\/v2\/posts\/21679\/revisions\/21840"}],"wp:featuredmedia":[{"embeddable":true,"href":"https:\/\/www.freidenker.org\/index.php?rest_route=\/wp\/v2\/media\/21714"}],"wp:attachment":[{"href":"https:\/\/www.freidenker.org\/index.php?rest_route=%2Fwp%2Fv2%2Fmedia&parent=21679"}],"wp:term":[{"taxonomy":"category","embeddable":true,"href":"https:\/\/www.freidenker.org\/index.php?rest_route=%2Fwp%2Fv2%2Fcategories&post=21679"},{"taxonomy":"post_tag","embeddable":true,"href":"https:\/\/www.freidenker.org\/index.php?rest_route=%2Fwp%2Fv2%2Ftags&post=21679"}],"curies":[{"name":"wp","href":"https:\/\/api.w.org\/{rel}","templated":true}]}}