{"id":21674,"date":"2025-05-05T23:34:43","date_gmt":"2025-05-05T21:34:43","guid":{"rendered":"https:\/\/www.freidenker.org\/?p=21674"},"modified":"2025-05-19T14:26:32","modified_gmt":"2025-05-19T12:26:32","slug":"duesseldorf-einladung-zur-mahn-und-gedenkveranstaltung-am-10-05-2025","status":"publish","type":"post","link":"https:\/\/www.freidenker.org\/?p=21674","title":{"rendered":"D\u00fcsseldorf: Einladung zur Mahn- und Gedenkveranstaltung am 10.05.2025"},"content":{"rendered":"<p>Der Vorstand des Landesverbandes NRW des Deutschen Freidenker-Verbandes l\u00e4dt herzlich zu einer Mahn- und Gedenkveranstaltung zum 80. Jahrestag der Befreiung nach D\u00fcsseldorf ein. Es wird ein antifaschistischer Rundgang unter der Leitung von Bruno Reble (Mitglied des DFV) mit anschlie\u00dfender Kranzniederlegung an der Mahn- und Gedenkst\u00e4tte stattfinden. Dazu wird ein Vertreter der russischen Botschaft begr\u00fc\u00dft werden. Es besteht die M\u00f6glichkeit, an dem Rundgang teilzunehmen oder aber direkt zur Mahn- und Gedenkst\u00e4tte zu kommen.<\/p>\n<p><strong>Treffpunkt:\u00a0<\/strong><\/p>\n<p><strong>10.05.2025, 14:00 Uhr<\/strong><br \/>\nD\u00fcsseldorf, am K\u00f6-Graben an der Nostalgie-Uhr (U-Bahn-Station Heinrich-Heine-Allee, Ausgang K\u00f6nigsallee)<\/p>\n<p><strong>oder direkt<\/strong><\/p>\n<p><strong>10.05.2025, 15:30 Uhr<\/strong><br \/>\nD\u00fcsseldorf, Mahn- und Gedenkst\u00e4tte, M\u00fchlenstr. 29<\/p>\n<hr \/>\n<h5>Einladungstext des LV NRW:<\/h5>\n<p>Liebe Mitglieder und Sympathisanten des Deutschen Freidenkerverbandes NRW,<\/p>\n<p>in der Nacht vom 8. zum 9. Mai 1945 unterzeichnete Generalfeldmarschall Wilhelm Keitel die bedingungslose Kapitulation der deutschen faschistischen Wehrmacht um 23:16 deutscher, 00:16 Moskauer Ortszeit.<\/p>\n<p>Auf Grund der unterschiedlichen Zeitzonen wird der 8. Mai als Tag der Befreiung Deutschlands vom Faschismus in Westeuropa und der 9. Mai als Tag des Sieges in den Republiken der ehemaligen Sowjetunion gefeiert.<\/p>\n<p>Die V\u00f6lker der Sowjetunion hatten nicht nur den milit\u00e4rischen, sondern auch den moralischen Sieg \u00fcber den Faschismus errungen. Denn erstmals seit 1917 wurde der Welt gezeigt, dass sich ein Land erfolgreich gegen den Zugriff auf seine Bodensch\u00e4tze und nat\u00fcrlichen Reicht\u00fcmer zur Wehr gesetzt hat. Dies war ein Fanal f\u00fcr die antikolonialen Befreiungsbewegungen weltweit. Bis heute ist dieser Krieg im kollektiven Bewusstsein der Menschen in den ehemaligen sowjetischen Republiken tief verankert &#8211; ebenso wie der heldenhafte Sieg.<\/p>\n<p>Die russische Milit\u00e4roperation in der Ukraine, die ohne die seit 30 Jahren andauernde NATO-Osterweiterung und insbesondere ohne den Krieg der Kiewer Regierung seit dem Maidan-Putsch gegen die russisch-sprachige Bev\u00f6lkerung der Ukraine nicht zu verstehen ist, wird von den westlichen Eliten zum Anlass genommen, den sowjetischen Sieg \u00fcber den Faschismus ein weiteres Mal zu diskreditieren.<\/p>\n<p>Das wollen wir nicht widerspruchslos hinnehmen und werden am Samstag, 10. Mai 2025 in D\u00fcsseldorf einen antifaschistischen Rundgang mit Kranzniederlegung an der Mahn- und Gedenkst\u00e4tte durchf\u00fchren. Dazu d\u00fcrfen wir einen Vertreter der russischen Botschaft begr\u00fc\u00dfen.<\/p>\n<p>Wir treffen uns am 10.05.2025 um 14 Uhr am K\u00f6-Graben an der Nostalgie-Uhr (U-Bahn-Station Heinrich-Heine-Allee Ausgang K\u00f6nigsallee). Der Rundgang unter der Leitung von unserem Mitglied Bruno Reble wird ca. 1,5 Stunden dauern, sodass wir ca. 15:30 Uhr an der Mahn- und Gedenkst\u00e4tte M\u00fchlenstr. 29 eintreffen.<\/p>\n<p>Im Anschluss besteht die M\u00f6glichkeit, sich im gegen\u00fcberliegenden Restaurant \u201eSchwan\u201c mit Getr\u00e4nken und Speisen zu st\u00e4rken.<\/p>\n<p>\u00dcber zahlreiche Teilnahme freuen sich<\/p>\n<p>Edith Fr\u00f6se<br \/>\nLandesvorsitzende DFV NRW<\/p>\n<p>Hannah Sch\u00f6nig<br \/>\nDFV-Gruppe Duisburg<\/p>\n<p><img data-recalc-dims=\"1\" loading=\"lazy\" decoding=\"async\" data-attachment-id=\"21677\" data-permalink=\"https:\/\/www.freidenker.org\/?attachment_id=21677\" data-orig-file=\"https:\/\/i0.wp.com\/www.freidenker.org\/fw17\/wp-content\/uploads\/2025\/05\/schlaumeierreisen_dfv_nrw.jpg?fit=1890%2C743&amp;ssl=1\" data-orig-size=\"1890,743\" data-comments-opened=\"0\" data-image-meta=\"{&quot;aperture&quot;:&quot;0&quot;,&quot;credit&quot;:&quot;&quot;,&quot;camera&quot;:&quot;&quot;,&quot;caption&quot;:&quot;&quot;,&quot;created_timestamp&quot;:&quot;0&quot;,&quot;copyright&quot;:&quot;&quot;,&quot;focal_length&quot;:&quot;0&quot;,&quot;iso&quot;:&quot;0&quot;,&quot;shutter_speed&quot;:&quot;0&quot;,&quot;title&quot;:&quot;&quot;,&quot;orientation&quot;:&quot;0&quot;}\" data-image-title=\"schlaumeierreisen_dfv_nrw\" data-image-description=\"\" data-image-caption=\"\" data-large-file=\"https:\/\/i0.wp.com\/www.freidenker.org\/fw17\/wp-content\/uploads\/2025\/05\/schlaumeierreisen_dfv_nrw.jpg?fit=800%2C315&amp;ssl=1\" class=\"alignnone wp-image-21677 size-medium\" src=\"https:\/\/i0.wp.com\/www.freidenker.org\/fw17\/wp-content\/uploads\/2025\/05\/schlaumeierreisen_dfv_nrw.jpg?resize=300%2C118&#038;ssl=1\" alt=\"\" width=\"300\" height=\"118\" srcset=\"https:\/\/i0.wp.com\/www.freidenker.org\/fw17\/wp-content\/uploads\/2025\/05\/schlaumeierreisen_dfv_nrw.jpg?resize=300%2C118&amp;ssl=1 300w, https:\/\/i0.wp.com\/www.freidenker.org\/fw17\/wp-content\/uploads\/2025\/05\/schlaumeierreisen_dfv_nrw.jpg?resize=1024%2C403&amp;ssl=1 1024w, https:\/\/i0.wp.com\/www.freidenker.org\/fw17\/wp-content\/uploads\/2025\/05\/schlaumeierreisen_dfv_nrw.jpg?resize=768%2C302&amp;ssl=1 768w, https:\/\/i0.wp.com\/www.freidenker.org\/fw17\/wp-content\/uploads\/2025\/05\/schlaumeierreisen_dfv_nrw.jpg?resize=1536%2C604&amp;ssl=1 1536w, https:\/\/i0.wp.com\/www.freidenker.org\/fw17\/wp-content\/uploads\/2025\/05\/schlaumeierreisen_dfv_nrw.jpg?w=1890&amp;ssl=1 1890w, https:\/\/i0.wp.com\/www.freidenker.org\/fw17\/wp-content\/uploads\/2025\/05\/schlaumeierreisen_dfv_nrw.jpg?w=1600&amp;ssl=1 1600w\" sizes=\"auto, (max-width: 300px) 100vw, 300px\" \/><\/p>\n<hr \/>\n<p><img data-recalc-dims=\"1\" loading=\"lazy\" decoding=\"async\" data-attachment-id=\"1076\" data-permalink=\"https:\/\/www.freidenker.org\/?attachment_id=1076\" data-orig-file=\"https:\/\/i0.wp.com\/www.freidenker.org\/fw17\/wp-content\/uploads\/2017\/10\/pdf_icon-2.png?fit=32%2C32&amp;ssl=1\" data-orig-size=\"32,32\" data-comments-opened=\"0\" data-image-meta=\"{&quot;aperture&quot;:&quot;0&quot;,&quot;credit&quot;:&quot;&quot;,&quot;camera&quot;:&quot;&quot;,&quot;caption&quot;:&quot;&quot;,&quot;created_timestamp&quot;:&quot;0&quot;,&quot;copyright&quot;:&quot;&quot;,&quot;focal_length&quot;:&quot;0&quot;,&quot;iso&quot;:&quot;0&quot;,&quot;shutter_speed&quot;:&quot;0&quot;,&quot;title&quot;:&quot;&quot;,&quot;orientation&quot;:&quot;0&quot;}\" data-image-title=\"pdf_icon\" data-image-description=\"\" data-image-caption=\"\" data-large-file=\"https:\/\/i0.wp.com\/www.freidenker.org\/fw17\/wp-content\/uploads\/2017\/10\/pdf_icon-2.png?fit=32%2C32&amp;ssl=1\" class=\"alignnone size-full wp-image-1076\" src=\"https:\/\/i0.wp.com\/www.freidenker.org\/fw17\/wp-content\/uploads\/2017\/10\/pdf_icon-2.png?resize=32%2C32&#038;ssl=1\" alt=\"\" width=\"32\" height=\"32\" \/>\u00a0Download: <a href=\"https:\/\/www.freidenker.org\/fw17\/wp-content\/uploads\/2025\/05\/NRW_Einladung_8.-9.-Mai_2025.pdf\" target=\"_blank\" rel=\"noopener\">Einladung zur Veranstaltung<\/a> (PDF-Dokument, ca. 72 KB)<\/p>\n<hr \/>\n<p><span style=\"font-size: 10pt;\">Bild oben: Mahn- und Gedenkst\u00e4tte der Stadt D\u00fcsseldorf<\/span><br \/>\n<span style=\"font-size: 10pt;\">Foto: K\u00fcrschner, Public Domain<\/span><br \/>\n<span style=\"font-size: 10pt;\">Quelle: <a href=\"https:\/\/commons.wikimedia.org\/w\/index.php?curid=47799054\" target=\"_blank\" rel=\"noopener\">https:\/\/commons.wikimedia.org\/w\/index.php?curid=47799054<\/a><\/span><\/p>\n","protected":false},"excerpt":{"rendered":"<p><b>Einladung<\/b><br \/>\nDer Vorstand des Landesverbandes NRW des Deutschen Freidenker-Verbandes l\u00e4dt herzlich zu einer Mahn- und Gedenkveranstaltung zum 80. Jahrestag der Befreiung nach D\u00fcsseldorf ein. Es wird ein antifaschistischer Rundgang unter der Leitung von Bruno Reble (Mitglied des DFV) mit anschlie\u00dfender Kranzniederlegung an der Mahn- und Gedenkst\u00e4tte stattfinden. Dazu wird ein Vertreter der russischen Botschaft begr\u00fc\u00dft werden.<br \/>\nTreffpunkt:\u00a010.05.2025, 14:00 Uhr, K\u00f6-Graben an der Nostalgie-Uhr oder 15:30 Uhr direkt an der Mahn- und Gedenkst\u00e4tte D\u00fcsseldorf, M\u00fchlenstr. 29.<br \/>\nAus dem Einladungstext: Die russische Milit\u00e4roperation in der Ukraine, die ohne die seit 30 Jahren andauernde NATO-Osterweiterung und insbesondere ohne den Krieg der Kiewer Regierung seit dem Maidan-Putsch gegen die russisch-sprachige Bev\u00f6lkerung der Ukraine nicht zu verstehen ist, wird von den westlichen Eliten zum Anlass genommen, den sowjetischen Sieg \u00fcber den Faschismus ein weiteres Mal zu diskreditieren. Das wollen wir nicht widerspruchslos hinnehmen.<\/p>\n","protected":false},"author":3,"featured_media":21676,"comment_status":"closed","ping_status":"closed","sticky":false,"template":"","format":"standard","meta":{"colormag_page_container_layout":"default_layout","colormag_page_sidebar_layout":"default_layout","advanced_seo_description":"","jetpack_seo_html_title":"","jetpack_seo_noindex":false,"jetpack_post_was_ever_published":false,"footnotes":""},"categories":[13,19],"tags":[648,370,1952,924,1536,1363,687,639],"class_list":["post-21674","post","type-post","status-publish","format-standard","has-post-thumbnail","hentry","category-frieden-antifaschismus-solidaritaet","category-veranstaltungen-in-den-dfv-landesverbaenden","tag-2-weltkrieg","tag-antifaschismus","tag-duesseldorf","tag-gedenken","tag-kapitulation","tag-lv-nrw","tag-tag-der-befreiung","tag-ukraine-konflikt"],"jetpack_featured_media_url":"https:\/\/i0.wp.com\/www.freidenker.org\/fw17\/wp-content\/uploads\/2025\/05\/Mahn-_und_Gedenkstaette_der_Stadt_Duesseldorf_2016_Ausschnitt_800x450.jpg?fit=800%2C450&ssl=1","jetpack_shortlink":"https:\/\/wp.me\/p9stpK-5DA","jetpack-related-posts":[{"id":15876,"url":"https:\/\/www.freidenker.org\/?p=15876","url_meta":{"origin":21674,"position":0},"title":"Gedenkveranstaltung anl\u00e4sslich der Selbstbefreiung des KZ Buchenwald","author":"Webredaktion","date":"26. April 2023","format":false,"excerpt":"Beitrag der Webredaktion Zu der offizielle Gedenkfeier am 16.04.2023 anl\u00e4sslich der Selbstbefreiung des Konzentrationslagers Buchenwald und Dora (in der DDR Mahn- und Gedenkst\u00e4tte, jetzt nur noch Gedenkst\u00e4tte) war das Russische Generalkonsulat in Leipzig das zweite Jahr in Folge nicht eingeladen worden. Der Landesverband Th\u00fcringen wandte sich an das Generalkonsulat der\u2026","rel":"","context":"In &quot;Frieden - Antifaschismus - Solidarit\u00e4t&quot;","block_context":{"text":"Frieden - Antifaschismus - Solidarit\u00e4t","link":"https:\/\/www.freidenker.org\/?cat=13"},"img":{"alt_text":"","src":"https:\/\/i0.wp.com\/www.freidenker.org\/fw17\/wp-content\/uploads\/2023\/04\/Buchenwald_2023_800x450.jpg?fit=800%2C450&ssl=1&resize=350%2C200","width":350,"height":200,"srcset":"https:\/\/i0.wp.com\/www.freidenker.org\/fw17\/wp-content\/uploads\/2023\/04\/Buchenwald_2023_800x450.jpg?fit=800%2C450&ssl=1&resize=350%2C200 1x, https:\/\/i0.wp.com\/www.freidenker.org\/fw17\/wp-content\/uploads\/2023\/04\/Buchenwald_2023_800x450.jpg?fit=800%2C450&ssl=1&resize=525%2C300 1.5x, https:\/\/i0.wp.com\/www.freidenker.org\/fw17\/wp-content\/uploads\/2023\/04\/Buchenwald_2023_800x450.jpg?fit=800%2C450&ssl=1&resize=700%2C400 2x"},"classes":[]},{"id":24949,"url":"https:\/\/www.freidenker.org\/?p=24949","url_meta":{"origin":21674,"position":1},"title":"Gedenken an die Selbstbefreiung des Konzentrationslagers Buchenwald","author":"Webredaktion","date":"22. April 2026","format":false,"excerpt":"Bericht des Deutschen Freidenker-Verbandes, Landesverband Th\u00fcringen Am 12. April 2026 gedachten Mitglieder verschiedener Parteien und Organisationen und interessierte B\u00fcrger, auf Einladung des Landesvorstandes Th\u00fcringens des Deutschen Freidenker-Verbandes der Selbstbefreiung des Konzentrationslagers Buchenwald vor 81 Jahren. Die Landesvorsitzende hatte eine Einladung an die Botschaft der Russischen F\u00f6deration in Berlin gesandt, die\u2026","rel":"","context":"In &quot;Aktuelles&quot;","block_context":{"text":"Aktuelles","link":"https:\/\/www.freidenker.org\/?cat=574"},"img":{"alt_text":"","src":"https:\/\/i0.wp.com\/www.freidenker.org\/fw17\/wp-content\/uploads\/2026\/04\/Figuren_buchenwald._800x450jpg.jpg?fit=800%2C450&ssl=1&resize=350%2C200","width":350,"height":200,"srcset":"https:\/\/i0.wp.com\/www.freidenker.org\/fw17\/wp-content\/uploads\/2026\/04\/Figuren_buchenwald._800x450jpg.jpg?fit=800%2C450&ssl=1&resize=350%2C200 1x, https:\/\/i0.wp.com\/www.freidenker.org\/fw17\/wp-content\/uploads\/2026\/04\/Figuren_buchenwald._800x450jpg.jpg?fit=800%2C450&ssl=1&resize=525%2C300 1.5x, https:\/\/i0.wp.com\/www.freidenker.org\/fw17\/wp-content\/uploads\/2026\/04\/Figuren_buchenwald._800x450jpg.jpg?fit=800%2C450&ssl=1&resize=700%2C400 2x"},"classes":[]},{"id":15287,"url":"https:\/\/www.freidenker.org\/?p=15287","url_meta":{"origin":21674,"position":2},"title":"Asoziale und soziale Netze","author":"Webredaktion","date":"19. Februar 2023","format":false,"excerpt":"Veranstaltung - Referent: Wolfgang Romney Montag, 6. M\u00e4rz 2023 um 18:30, Salzmannbau, Raum 112, D\u00fcsseldorf Facebook, twitter, YouTube usw. werden meist als \u2019soziale\u2018 Netzwerke be\u00adzeichnet. Sie haben Milliarden Nutzer und spielen auch in der Politik eine wichtige, scheinbar unverzichtbare Rolle. In der aktuellen Auseinanderset\u00adzung um twitter wird das gegenw\u00e4rtig deutlich.\u2026","rel":"","context":"In &quot;Veranstaltungen in den DFV-Landesverb\u00e4nden&quot;","block_context":{"text":"Veranstaltungen in den DFV-Landesverb\u00e4nden","link":"https:\/\/www.freidenker.org\/?cat=19"},"img":{"alt_text":"","src":"https:\/\/i0.wp.com\/www.freidenker.org\/fw17\/wp-content\/uploads\/2023\/02\/social-3064515_800x450.jpg?fit=800%2C450&ssl=1&resize=350%2C200","width":350,"height":200,"srcset":"https:\/\/i0.wp.com\/www.freidenker.org\/fw17\/wp-content\/uploads\/2023\/02\/social-3064515_800x450.jpg?fit=800%2C450&ssl=1&resize=350%2C200 1x, https:\/\/i0.wp.com\/www.freidenker.org\/fw17\/wp-content\/uploads\/2023\/02\/social-3064515_800x450.jpg?fit=800%2C450&ssl=1&resize=525%2C300 1.5x, https:\/\/i0.wp.com\/www.freidenker.org\/fw17\/wp-content\/uploads\/2023\/02\/social-3064515_800x450.jpg?fit=800%2C450&ssl=1&resize=700%2C400 2x"},"classes":[]},{"id":21538,"url":"https:\/\/www.freidenker.org\/?p=21538","url_meta":{"origin":21674,"position":3},"title":"Falsche Redner eingeladen: Ostermarsch D\u00fcsseldorf von Friedensbewegung Rhein-Ruhr ausgegrenzt","author":"Webredaktion","date":"28. April 2025","format":false,"excerpt":"Beitrag von Felicitas Rabe Organisiert vom Friedensforum D\u00fcsseldorf fand am Samstag der traditionelle D\u00fcsseldorfer Ostermarsch statt. Unter dem Motto \"Kriegst\u00fcchtig? Nicht mit uns!\" beteiligten sich am Samstag rund 700 Friedensaktivisten am D\u00fcsseldorfer Ostermarsch, darunter Bef\u00fcrworter und Mitglieder der pal\u00e4stinensischen Allianz NRW, der Assange-Gruppe D\u00fcsseldorf, der DKP, des B\u00fcndnisses Sahra Wagenknecht,\u2026","rel":"","context":"In &quot;Demokratie \u2013 Medien \u2013 Aufkl\u00e4rung&quot;","block_context":{"text":"Demokratie \u2013 Medien \u2013 Aufkl\u00e4rung","link":"https:\/\/www.freidenker.org\/?cat=12"},"img":{"alt_text":"","src":"https:\/\/i0.wp.com\/www.freidenker.org\/fw17\/wp-content\/uploads\/2025\/04\/Ostermarsch-Duesseldorf-2025_800x450.jpg?fit=800%2C450&ssl=1&resize=350%2C200","width":350,"height":200,"srcset":"https:\/\/i0.wp.com\/www.freidenker.org\/fw17\/wp-content\/uploads\/2025\/04\/Ostermarsch-Duesseldorf-2025_800x450.jpg?fit=800%2C450&ssl=1&resize=350%2C200 1x, https:\/\/i0.wp.com\/www.freidenker.org\/fw17\/wp-content\/uploads\/2025\/04\/Ostermarsch-Duesseldorf-2025_800x450.jpg?fit=800%2C450&ssl=1&resize=525%2C300 1.5x, https:\/\/i0.wp.com\/www.freidenker.org\/fw17\/wp-content\/uploads\/2025\/04\/Ostermarsch-Duesseldorf-2025_800x450.jpg?fit=800%2C450&ssl=1&resize=700%2C400 2x"},"classes":[]},{"id":20659,"url":"https:\/\/www.freidenker.org\/?p=20659","url_meta":{"origin":21674,"position":4},"title":"Stoppt das Morden in Pal\u00e4stina und der Ukraine","author":"Webredaktion","date":"14. Januar 2025","format":false,"excerpt":"Kundgebung und Demonstrationszug am Samstag, 18. Januar 2025 um 14 Uhr (vor dem DGB-Haus) in D\u00fcsseldorf, Friedrich-Ebert-Stra\u00dfe 32 mit: Andrej Hunko (MdB), Moaz Abdallah (International Generation), Wa\u2019el Jarar(Pal\u00e4stinensische Gemeinde), Michael Aggelidis (Friedensb\u00fcndnis NRW) Unsere Bundesregierung unterst\u00fctzt das sinnlose Sterben in der Ukraine und den V\u00f6lkermord in Pal\u00e4stina unter Nutzung deutscher\u2026","rel":"","context":"In &quot;Frieden - Antifaschismus - Solidarit\u00e4t&quot;","block_context":{"text":"Frieden - Antifaschismus - Solidarit\u00e4t","link":"https:\/\/www.freidenker.org\/?cat=13"},"img":{"alt_text":"","src":"https:\/\/i0.wp.com\/www.freidenker.org\/fw17\/wp-content\/uploads\/2025\/01\/friedensbuendnis-nrw-galerie-16_800x450.jpg?fit=800%2C450&ssl=1&resize=350%2C200","width":350,"height":200,"srcset":"https:\/\/i0.wp.com\/www.freidenker.org\/fw17\/wp-content\/uploads\/2025\/01\/friedensbuendnis-nrw-galerie-16_800x450.jpg?fit=800%2C450&ssl=1&resize=350%2C200 1x, https:\/\/i0.wp.com\/www.freidenker.org\/fw17\/wp-content\/uploads\/2025\/01\/friedensbuendnis-nrw-galerie-16_800x450.jpg?fit=800%2C450&ssl=1&resize=525%2C300 1.5x, https:\/\/i0.wp.com\/www.freidenker.org\/fw17\/wp-content\/uploads\/2025\/01\/friedensbuendnis-nrw-galerie-16_800x450.jpg?fit=800%2C450&ssl=1&resize=700%2C400 2x"},"classes":[]},{"id":21389,"url":"https:\/\/www.freidenker.org\/?p=21389","url_meta":{"origin":21674,"position":5},"title":"Gedenkfeier zum 80. Jahrestag der Selbstbefreiung des KZ Buchenwald","author":"Webredaktion","date":"7. April 2025","format":false,"excerpt":"Einladung Am 11. April 2025 j\u00e4hrt sich zum\u00a080. Male die Selbstbefreiung der Buchenwald-H\u00e4ftlinge. US-amerikanische Dokumente aus dem Jahre 1945 belegen das eindeutig. Heute m\u00f6chte man jenes wichtige Ereignis, wo immer es geht, verschweigen.\u00a0Dies ist ein Grund, warum wir als ein\u00a0B\u00fcndnis kommunistischer Parteien und\u00a0Organisationen eigene\u00a0Gedenkveranstaltungen durchf\u00fchren, die schon zu einer guten\u2026","rel":"","context":"In &quot;Frieden - Antifaschismus - Solidarit\u00e4t&quot;","block_context":{"text":"Frieden - Antifaschismus - Solidarit\u00e4t","link":"https:\/\/www.freidenker.org\/?cat=13"},"img":{"alt_text":"","src":"https:\/\/i0.wp.com\/www.freidenker.org\/fw17\/wp-content\/uploads\/2025\/04\/Buchenwald_Denkmal_v._Prof.Cremers_000_800x450.jpg?fit=800%2C450&ssl=1&resize=350%2C200","width":350,"height":200,"srcset":"https:\/\/i0.wp.com\/www.freidenker.org\/fw17\/wp-content\/uploads\/2025\/04\/Buchenwald_Denkmal_v._Prof.Cremers_000_800x450.jpg?fit=800%2C450&ssl=1&resize=350%2C200 1x, https:\/\/i0.wp.com\/www.freidenker.org\/fw17\/wp-content\/uploads\/2025\/04\/Buchenwald_Denkmal_v._Prof.Cremers_000_800x450.jpg?fit=800%2C450&ssl=1&resize=525%2C300 1.5x, https:\/\/i0.wp.com\/www.freidenker.org\/fw17\/wp-content\/uploads\/2025\/04\/Buchenwald_Denkmal_v._Prof.Cremers_000_800x450.jpg?fit=800%2C450&ssl=1&resize=700%2C400 2x"},"classes":[]}],"_links":{"self":[{"href":"https:\/\/www.freidenker.org\/index.php?rest_route=\/wp\/v2\/posts\/21674","targetHints":{"allow":["GET"]}}],"collection":[{"href":"https:\/\/www.freidenker.org\/index.php?rest_route=\/wp\/v2\/posts"}],"about":[{"href":"https:\/\/www.freidenker.org\/index.php?rest_route=\/wp\/v2\/types\/post"}],"author":[{"embeddable":true,"href":"https:\/\/www.freidenker.org\/index.php?rest_route=\/wp\/v2\/users\/3"}],"replies":[{"embeddable":true,"href":"https:\/\/www.freidenker.org\/index.php?rest_route=%2Fwp%2Fv2%2Fcomments&post=21674"}],"version-history":[{"count":1,"href":"https:\/\/www.freidenker.org\/index.php?rest_route=\/wp\/v2\/posts\/21674\/revisions"}],"predecessor-version":[{"id":21678,"href":"https:\/\/www.freidenker.org\/index.php?rest_route=\/wp\/v2\/posts\/21674\/revisions\/21678"}],"wp:featuredmedia":[{"embeddable":true,"href":"https:\/\/www.freidenker.org\/index.php?rest_route=\/wp\/v2\/media\/21676"}],"wp:attachment":[{"href":"https:\/\/www.freidenker.org\/index.php?rest_route=%2Fwp%2Fv2%2Fmedia&parent=21674"}],"wp:term":[{"taxonomy":"category","embeddable":true,"href":"https:\/\/www.freidenker.org\/index.php?rest_route=%2Fwp%2Fv2%2Fcategories&post=21674"},{"taxonomy":"post_tag","embeddable":true,"href":"https:\/\/www.freidenker.org\/index.php?rest_route=%2Fwp%2Fv2%2Ftags&post=21674"}],"curies":[{"name":"wp","href":"https:\/\/api.w.org\/{rel}","templated":true}]}}