{"id":21660,"date":"2025-05-02T01:44:20","date_gmt":"2025-05-01T23:44:20","guid":{"rendered":"https:\/\/www.freidenker.org\/?p=21660"},"modified":"2025-06-25T19:19:28","modified_gmt":"2025-06-25T17:19:28","slug":"zu-frueh-gefeiert-spaniens-umstellung-auf-gruene-energie-und-der-blackout","status":"publish","type":"post","link":"https:\/\/www.freidenker.org\/?p=21660","title":{"rendered":"Zu fr\u00fch gefeiert: Spaniens Umstellung auf Gr\u00fcne Energie und der Blackout"},"content":{"rendered":"<p><strong>Vor knapp zwei Wochen feierte Spanien seine &#8222;hundertprozentige Nutzung erneuerbarer Energien&#8220;. Dann erlebte die gesamte Iberische Halbinsel den gr\u00f6\u00dften und nachhaltigsten Stromausfall der Geschichte. Nicht der gr\u00fcne Wahn, sondern ein &#8222;seltenes atmosph\u00e4risches Ph\u00e4nomen&#8220; wird daf\u00fcr verantwortlich gemacht. <\/strong><\/p>\n<p><em>Von <strong>Rainer Rupp<\/strong><\/em><\/p>\n<p><span style=\"font-size: 10pt;\">Erstver\u00f6ffentlichung am 29. April 2025 auf <a href=\"https:\/\/freedert.online\/meinung\/243730-spanien-hat-seine-umstellung-auf-gruene-energie-zu-frueh-gefeiert\/\" target=\"_blank\" rel=\"noopener\">RT DE<\/a><\/span><\/p>\n<p>Am 16.\u00a0April 2025 erreichte\u00a0Spanien einen historischen Meilenstein, als das nationale Stromnetz an einem Wochentag erstmals vollst\u00e4ndig mit erneuerbaren Energien betrieben wurde. Dieses Ereignis wurde weithin als bedeutender Schritt hin zu nachhaltiger Energie gefeiert, wobei Wind-, Solar- und Wasserkraft 100\u00a0Prozent des Strombedarfs auf der Halbinsel deckten. Konkret trugen Windkraft 45,8\u00a0Prozent, Solarenergie 27\u00a0Prozent und Wasserkraft 23,1\u00a0Prozent zum Energiemix bei.<\/p>\n<p>Um 11:15\u00a0Uhr an jenem 16. April erzeugten Wind- und Solarphotovoltaik (PV) zusammen 100,63\u00a0Prozent des Gesamtbedarfs, was einen historischen Moment in Spaniens Energiegeschichte markierte. F\u00fcnf Tage sp\u00e4ter, am 21.\u00a0April, stellte die Solarenergie einen weiteren Rekord auf, indem sie 20.120\u00a0MW sofortige Leistung erzeugte und damit 78,6\u00a0Prozent des Bedarfs und 61,5\u00a0Prozent des Strommixes abdeckte.<\/p>\n<p>Die Feier wurde jedoch von einem massiven Stromausfall am 28.\u00a0April 2025 \u00fcberschattet, der Spanien und Teile Portugals betraf. Das hat europaweit die wohlbegr\u00fcndete Skepsis hinsichtlich der Zuverl\u00e4ssigkeit eines vollst\u00e4ndig auf erneuerbaren Energien betrieben Stromnetzes erneut unterstrichen. In etlichen Berichten wird darauf hingewiesen, dass Spaniens zunehmende Abh\u00e4ngigkeit von erneuerbaren Energien die Systemtr\u00e4gheit des Netzes verringert hat. Das habe das Netz anf\u00e4lliger f\u00fcr St\u00f6rungen gemacht, die zuvor durch bereitstehende AKWs und erdgasbetriebe Kraftwerke verhindert wurden. Diese Stabilit\u00e4t ist von den gr\u00fcnen Sektierern auch in Spanien schrittweise abgeschafft worden.<\/p>\n<h5>Ursache des pl\u00f6tzlichen Frequenzabfalls<\/h5>\n<p>Von offizieller spanischer Seite hei\u00dft es, die Nachforschungen nach den Ursachen dieses gigantischen Blackouts h\u00e4tten ergeben, dass dieser durch einen pl\u00f6tzlichen Frequenzabfall um 0,15\u00a0Hz unter dem Standard von 50\u00a0Hz verursacht wurde. In Fachkreisen wei\u00df jeder, dass schon geringste Abweichungen von der Standardfrequenz zu einem Netzzusammenbruch f\u00fchren k\u00f6nnen. Im aktuellen Fall in Spanien betrug der Abfall von 0,15\u00a0Hz gerade mal 0,3\u00a0Prozent, also drei Tausendstel des 50-Hz-Standards.<\/p>\n<p>Offiziell wird die Ursache f\u00fcr den Frequenzabfall an extremen Temperaturschwankungen festgemacht, die zu &#8222;induzierten atmosph\u00e4rischen Oszillationen (Vibrationen)&#8220; in den Hochspannungsleitungen gef\u00fchrt h\u00e4tten. Glaubt man dieser Aussage, dann stehen Spanien in Zukunft alle naselang neue Blackouts bevor.<\/p>\n<p>Die Frage, ob der Zusammenbruch der landesweiten Elektrizit\u00e4tsversorgung wom\u00f6glich mit der in Spanien exzessiv vorangetrieben Gr\u00fcnen Energie zu tun haben k\u00f6nnte, wird weder von offiziellen Stellen noch von den gr\u00fcn-versifften Qualit\u00e4tsmedien gestellt, weder in der spanischen noch in der deutschen Berichterstattung. Die hohe Abh\u00e4ngigkeit von erneuerbaren Energien, die weniger Tr\u00e4gheit bieten als traditionelle Kraftwerke, erh\u00f6ht jedoch die Anf\u00e4lligkeit des Netzes durch Frequenzschwankungen.<\/p>\n<p>Die Bedeutung der Tr\u00e4gheit der verschiedenen Einspeiser ins Elektrizit\u00e4tsnetz l\u00e4sst sich an einem einfachen Beispiel verdeutlichen. Angenommen, wir haben einen gro\u00dfen Wasserbeh\u00e4lter von 1.000\u00a0Litern, dessen Zu- und Ablauf so geregelt ist, dass der vorgeschriebene Normalstand immer m\u00f6glichst genau bei 750\u00a0Litern liegt und nur allergeringste Abweichungen toleriert werden. Daneben haben wir einen anderen Beh\u00e4lter mit 100\u00a0Litern, bei dem als Normalstand 75\u00a0Liter gehalten werden soll. Wenn nun aus unvorhergesehenen Gr\u00fcnden aus jedem dieser Beh\u00e4lter ein Liter entweicht, dann liegt die Abweichung vom vorgeschrieben Standardniveau beim gro\u00dfen Beh\u00e4lter bei 0,13\u00a0Prozent und beim kleinen Beh\u00e4lter bei 1,33\u00a0Prozent.<\/p>\n<p>Auf das Elektrizit\u00e4tsnetz \u00fcbertragen bedeutet dieses Beispiel:<\/p>\n<ul>\n<li>Erstens, dass derartige Schwankungen nur dann ausgeglichen werden k\u00f6nnen, wenn parallel zur Einspeisung der alternativen Energien in das Netz ausreichend stabile &#8222;klassische&#8220; Einspeiser laufen, die in Sekundenschnelle als Reserven zugeschaltet werden k\u00f6nnen, damit die Schwankungen nicht in den gef\u00e4hrlichen Bereich steigen.<\/li>\n<li>Zweitens: Das Ausma\u00df der als Reserven laufenden Einspeiser richtet sich nach der Gr\u00f6\u00dfe der zu erwartenden Schwankungen der alternativen Netz-Einspeiser.<\/li>\n<\/ul>\n<p>Das hei\u00dft also, verl\u00e4ssliche Stromerzeuger, die schnell auf Hochtouren kommen k\u00f6nnen, m\u00fcssen jederzeit bereitstehen, d.\u00a0h. sie m\u00fcssen st\u00e4ndig laufen, um im Ernstfall schnell hochfahren zu k\u00f6nnen. Diese Bedingungen erf\u00fcllen nur Gasturbinen-Kraftwerke und AKWs. Auch die gr\u00fcnen Wasserkraftwerke erf\u00fcllen die geforderten Eigenschaften, aber sie spielen in den meisten L\u00e4ndern nur eine marginale Rolle.<\/p>\n<p>Auch Portugal und die an Spanien grenzenden Regionen Frankreichs waren vom Blackout betroffen, weil ihre Stromnetze direkt mit Spanien verbunden sind. Als das spanische Netz zusammenbrach, breitete sich die Instabilit\u00e4t \u00fcber diese Verbindungen aus, was zu Ausf\u00e4llen in den verbundenen Regionen f\u00fchrte. Die vernetzte Natur des europ\u00e4ischen Netzes, obwohl vorteilhaft f\u00fcr den Energieaustausch, bedeutet auch, dass St\u00f6rungen in einer Region auf andere \u00fcbergehen k\u00f6nnen, wie bei diesem Vorfall gesehen.<\/p>\n<p>Dieser Vorfall unterstreicht die Verwundbarkeiten moderner Netze, insbesondere mit zunehmender Integration erneuerbarer Energien und extremen Wetterereignissen. Vor allem die Risiken einer reduzierten Systemtr\u00e4gheit bei Stromeinspeisung durch Wind- und Solarenergie wurde durch den Vorfall erneut in den Fokus ger\u00fcckt. Massive Investitionen in netzbildende Konverter und verbesserte Speicherl\u00f6sungen zur Stabilisierung der Frequenz k\u00f6nnten helfen. Aber ohne ausreichende Gas- und Atomkraftwerke wird auf absehbare Zeit eine Stabilisierung der Netzschwankungen bei alternativen Energieeinspeisungen nicht zu garantieren sein.<\/p>\n<p>Die in diesem Artikel angesprochene Problematik wurde weder in spanischen noch in den deutschen selbst ernannten Qualit\u00e4tsmedien angesprochen, w\u00fcrde dadurch doch die exzessive, von der EU geforderte Vergr\u00fcnung der Energieerzeugung hinterfragt, die die Strompreise und die Versorgung unsicherer macht. Stattdessen durfte in der <em>ARD<\/em>&#8211;<em>Tagesschau<\/em> am Montagabend ein vom Bund angestellter und bezahlter Experte zur besten Sendezeit den Zuschauern versichern, dass so was wie in Spanien &#8222;in Deutschland nie passieren&#8220; k\u00f6nnte.<\/p>\n<p>Nat\u00fcrlich wollten auch in Deutschland einschl\u00e4gige Kriegstreiberkreise die Krise in Spanien nicht ungenutzt verstreichen lassen. Umgehend brachten sie den omin\u00f6sen Verdacht eines Cyberangriffs in die Diskussion. Auch wenn von offizieller spanischer Seite kein entsprechender Verdacht ge\u00e4u\u00dfert wurde, wird es wahrscheinlich nur eine Frage der Zeit sein, bis westliche Geheimnisse absolut zuverl\u00e4ssige, aber streng geheime Beweise daf\u00fcr gefunden haben, dass es die Russen waren.<\/p>\n<p style=\"text-align: right;\"><em>Rainer Rupp ist Mitglied des Beirats des Deutschen Freidenker-Verbandes<\/em><\/p>\n<hr \/>\n<p><span style=\"font-size: 10pt;\">Bild oben: <\/span><span class=\"mw-mmv-title\"><span style=\"font-size: 10pt;\">Calle Rosal\u00eda de Castro in <a title=\"Vigo\" href=\"https:\/\/de.wikipedia.org\/wiki\/Vigo\">Vigo<\/a> am Abend des 28. April 2025<\/span><br \/>\n<span style=\"font-size: 10pt;\">Foto: Seoane Prado, <a href=\"https:\/\/creativecommons.org\/licenses\/by-sa\/4.0\" target=\"_blank\" rel=\"noopener\">CC BY-SA 4.0<\/a><\/span><br \/>\n<span style=\"font-size: 10pt;\">Quelle: <a href=\"https:\/\/commons.wikimedia.org\/w\/index.php?curid=164371271\" target=\"_blank\" rel=\"noopener\">https:\/\/commons.wikimedia.org\/w\/index.php?curid=164371271<\/a><\/span><br \/>\n<\/span><\/p>\n","protected":false},"excerpt":{"rendered":"<p><b>Beitrag von Rainer Rupp<\/b><br \/>\nAm 16.\u00a0April 2025 erreichte\u00a0Spanien einen historischen Meilenstein, als das nationale Stromnetz an einem Wochentag erstmals vollst\u00e4ndig mit erneuerbaren Energien betrieben wurde. Dieses Ereignis wurde weithin als bedeutender Schritt hin zu nachhaltiger Energie gefeiert, wobei Wind-, Solar- und Wasserkraft 100\u00a0Prozent des Strombedarfs auf der Halbinsel deckten. Konkret trugen Windkraft 45,8\u00a0Prozent, Solarenergie 27\u00a0Prozent und Wasserkraft 23,1\u00a0Prozent zum Energiemix bei. [&#8230;] Die Feier wurde jedoch von einem massiven Stromausfall am 28.\u00a0April 2025 \u00fcberschattet, der Spanien und Teile Portugals betraf. Das hat europaweit die wohlbegr\u00fcndete Skepsis hinsichtlich der Zuverl\u00e4ssigkeit eines vollst\u00e4ndig auf erneuerbaren Energien betrieben Stromnetzes erneut unterstrichen. <\/p>\n","protected":false},"author":3,"featured_media":21661,"comment_status":"closed","ping_status":"closed","sticky":false,"template":"","format":"standard","meta":{"colormag_page_container_layout":"default_layout","colormag_page_sidebar_layout":"default_layout","advanced_seo_description":"","jetpack_seo_html_title":"","jetpack_seo_noindex":false,"jetpack_post_was_ever_published":false,"footnotes":""},"categories":[11],"tags":[1768,2613,627,1473,1027,1086,1342,2614,1407],"class_list":["post-21660","post","type-post","status-publish","format-standard","has-post-thumbnail","hentry","category-arbeit-soziales","tag-alternative-energien","tag-elektrizitaet","tag-energiepolitik","tag-erdgas","tag-frankreich","tag-portugal","tag-spanien","tag-stromausfall","tag-stromnetz"],"jetpack_featured_media_url":"https:\/\/i0.wp.com\/www.freidenker.org\/fw17\/wp-content\/uploads\/2025\/05\/El_centro_urbano_de_Vigo_800x450.jpg?fit=800%2C450&ssl=1","jetpack_shortlink":"https:\/\/wp.me\/p9stpK-5Dm","jetpack-related-posts":[{"id":10827,"url":"https:\/\/www.freidenker.org\/?p=10827","url_meta":{"origin":21660,"position":0},"title":"Gr\u00fcn, bis das Licht ausgeht \u2013 die untersch\u00e4tzten Gefahren der Energiewende","author":"Webredaktion","date":"12. Juli 2021","format":false,"excerpt":"Beitrag von Dagmar Henn Deutschland soll seinen Energiebedarf mit erneuerbaren Energien decken, Kohlekraftwerke abschalten und Elektroautos fahren. Gleichzeitig soll das Stromnetz in Europa immer enger verbunden werden. Das ist nicht nur f\u00fcr Deutschland riskant. Schon seit einigen Jahren muss die Bundesrepublik massiv Strom zukaufen, wenn ein gef\u00fcrchteter Zustand eintritt: dunkelkalt.\u2026","rel":"","context":"In &quot;Arbeit &amp; Soziales&quot;","block_context":{"text":"Arbeit &amp; Soziales","link":"https:\/\/www.freidenker.org\/?cat=11"},"img":{"alt_text":"","src":"https:\/\/i0.wp.com\/www.freidenker.org\/fw17\/wp-content\/uploads\/2021\/07\/gruen_strom_800x450.jpg?fit=800%2C450&ssl=1&resize=350%2C200","width":350,"height":200,"srcset":"https:\/\/i0.wp.com\/www.freidenker.org\/fw17\/wp-content\/uploads\/2021\/07\/gruen_strom_800x450.jpg?fit=800%2C450&ssl=1&resize=350%2C200 1x, https:\/\/i0.wp.com\/www.freidenker.org\/fw17\/wp-content\/uploads\/2021\/07\/gruen_strom_800x450.jpg?fit=800%2C450&ssl=1&resize=525%2C300 1.5x, https:\/\/i0.wp.com\/www.freidenker.org\/fw17\/wp-content\/uploads\/2021\/07\/gruen_strom_800x450.jpg?fit=800%2C450&ssl=1&resize=700%2C400 2x"},"classes":[]},{"id":22987,"url":"https:\/\/www.freidenker.org\/?p=22987","url_meta":{"origin":21660,"position":1},"title":"Umwelt-Schock: ZDF thematisiert toxischen Schrott beim Abbau von Windr\u00e4dern","author":"Webredaktion","date":"28. September 2025","format":false,"excerpt":"Beitrag von Rainer Rupp Seit Jahren wird uns bei jeder passenden und unpassenden Gelegenheit das gr\u00fcne Mantra eingeimpft, dass Windr\u00e4der umweltfreundlich sind und ein wesentlicher Bestandteil der so benannten Energiewende hin zur billigen, erneuerbaren Energie sind. Und die Entsorgung der Windr\u00e4der sei auch \u00fcberhaupt kein Problem; alles total easy. Kritiker,\u2026","rel":"","context":"In &quot;Demokratie \u2013 Medien \u2013 Aufkl\u00e4rung&quot;","block_context":{"text":"Demokratie \u2013 Medien \u2013 Aufkl\u00e4rung","link":"https:\/\/www.freidenker.org\/?cat=12"},"img":{"alt_text":"","src":"https:\/\/i0.wp.com\/www.freidenker.org\/fw17\/wp-content\/uploads\/2025\/09\/Neuenkirchen_windraeder_mit_heide_turm_800x450.jpg?fit=800%2C450&ssl=1&resize=350%2C200","width":350,"height":200,"srcset":"https:\/\/i0.wp.com\/www.freidenker.org\/fw17\/wp-content\/uploads\/2025\/09\/Neuenkirchen_windraeder_mit_heide_turm_800x450.jpg?fit=800%2C450&ssl=1&resize=350%2C200 1x, https:\/\/i0.wp.com\/www.freidenker.org\/fw17\/wp-content\/uploads\/2025\/09\/Neuenkirchen_windraeder_mit_heide_turm_800x450.jpg?fit=800%2C450&ssl=1&resize=525%2C300 1.5x, https:\/\/i0.wp.com\/www.freidenker.org\/fw17\/wp-content\/uploads\/2025\/09\/Neuenkirchen_windraeder_mit_heide_turm_800x450.jpg?fit=800%2C450&ssl=1&resize=700%2C400 2x"},"classes":[]},{"id":16353,"url":"https:\/\/www.freidenker.org\/?p=16353","url_meta":{"origin":21660,"position":2},"title":"Habeck im Bundestag: &#8222;Falschunterstellungen&#8220; und ein &#8222;erster russischer Angriffskrieg 2014&#8220;","author":"Webredaktion","date":"24. Juni 2023","format":false,"excerpt":"Beitrag von Dagmar Henn Bundeswirtschaftsminister Habeck wurde im Bundestag befragt und benahm sich wie \u00fcblich \u2013 Antworten nur, wenn die Frage entsprechend unterw\u00fcrfig gestellt wurde, auf massivere Kritik jedoch arrogant und ausfallend. Bis hin zu eigenen neuen Geschichtsf\u00e4lschungen. Auch wenn Bundeswirtschaftsminister Robert Habeck in der Fragestunde des Bundestags nur selten\u2026","rel":"","context":"In &quot;Demokratie \u2013 Medien \u2013 Aufkl\u00e4rung&quot;","block_context":{"text":"Demokratie \u2013 Medien \u2013 Aufkl\u00e4rung","link":"https:\/\/www.freidenker.org\/?cat=12"},"img":{"alt_text":"","src":"https:\/\/i0.wp.com\/www.freidenker.org\/fw17\/wp-content\/uploads\/2023\/06\/Habeck-2023-06-07_Event_Konferenz_re-publica_800x450.jpg?fit=800%2C450&ssl=1&resize=350%2C200","width":350,"height":200,"srcset":"https:\/\/i0.wp.com\/www.freidenker.org\/fw17\/wp-content\/uploads\/2023\/06\/Habeck-2023-06-07_Event_Konferenz_re-publica_800x450.jpg?fit=800%2C450&ssl=1&resize=350%2C200 1x, https:\/\/i0.wp.com\/www.freidenker.org\/fw17\/wp-content\/uploads\/2023\/06\/Habeck-2023-06-07_Event_Konferenz_re-publica_800x450.jpg?fit=800%2C450&ssl=1&resize=525%2C300 1.5x, https:\/\/i0.wp.com\/www.freidenker.org\/fw17\/wp-content\/uploads\/2023\/06\/Habeck-2023-06-07_Event_Konferenz_re-publica_800x450.jpg?fit=800%2C450&ssl=1&resize=700%2C400 2x"},"classes":[]},{"id":13916,"url":"https:\/\/www.freidenker.org\/?p=13916","url_meta":{"origin":21660,"position":3},"title":"Zwei Gr\u00fcne auf dem Kriegspfad \u2013 nach innen wie nach au\u00dfen","author":"Webredaktion","date":"5. August 2022","format":false,"excerpt":"Beitrag von Dagmar Henn Dass die Gr\u00fcnen heute die Einpeitscher sind, ist nicht \u00fcberraschend. Sie waren schon 2014 diejenigen, die sich am innigsten mit den ukrainischen Bandera-Anh\u00e4ngern verbr\u00fcderten. Ich erinnere mich noch an eine Videoaufnahme, 2014 war das, aber nach Odessa, als Rebecca Harms, damals Europaabgeordnete der Gr\u00fcnen, irgendwo in\u2026","rel":"","context":"In &quot;Demokratie \u2013 Medien \u2013 Aufkl\u00e4rung&quot;","block_context":{"text":"Demokratie \u2013 Medien \u2013 Aufkl\u00e4rung","link":"https:\/\/www.freidenker.org\/?cat=12"},"img":{"alt_text":"","src":"https:\/\/i0.wp.com\/www.freidenker.org\/fw17\/wp-content\/uploads\/2022\/08\/Baerbock_Habeck_800x450.jpg?fit=800%2C450&ssl=1&resize=350%2C200","width":350,"height":200,"srcset":"https:\/\/i0.wp.com\/www.freidenker.org\/fw17\/wp-content\/uploads\/2022\/08\/Baerbock_Habeck_800x450.jpg?fit=800%2C450&ssl=1&resize=350%2C200 1x, https:\/\/i0.wp.com\/www.freidenker.org\/fw17\/wp-content\/uploads\/2022\/08\/Baerbock_Habeck_800x450.jpg?fit=800%2C450&ssl=1&resize=525%2C300 1.5x, https:\/\/i0.wp.com\/www.freidenker.org\/fw17\/wp-content\/uploads\/2022\/08\/Baerbock_Habeck_800x450.jpg?fit=800%2C450&ssl=1&resize=700%2C400 2x"},"classes":[]},{"id":24351,"url":"https:\/\/www.freidenker.org\/?p=24351","url_meta":{"origin":21660,"position":4},"title":"&#8222;Koalition der Willigen&#8220;, &#8222;Club der Gro\u00dfen&#8220;, &#8222;Nordseegipfel&#8220; \u2013 Innovationsf\u00e4higkeit der EU am Limit?","author":"Webredaktion","date":"4. Februar 2026","format":false,"excerpt":"Beitrag von Pierre Levy Die auf zentralisierte Macht, Vereinheitlichung und Expansion ausgerichtete EU st\u00f6\u00dft mit ihrem mittlerweile 27 Mitglieder umfassenden Apparat immer mehr an ihre Grenzen, wenn es darum geht, einstimmige Entscheidungen zum Wohle aller zu treffen. Die gro\u00dfen Volkswirtschaften gehen daher nun eigene Wege, um den Karren wieder aus\u2026","rel":"","context":"In &quot;Demokratie \u2013 Medien \u2013 Aufkl\u00e4rung&quot;","block_context":{"text":"Demokratie \u2013 Medien \u2013 Aufkl\u00e4rung","link":"https:\/\/www.freidenker.org\/?cat=12"},"img":{"alt_text":"","src":"https:\/\/i0.wp.com\/www.freidenker.org\/fw17\/wp-content\/uploads\/2026\/02\/Nordseegipfel_KI_800x450.jpg?fit=800%2C450&ssl=1&resize=350%2C200","width":350,"height":200,"srcset":"https:\/\/i0.wp.com\/www.freidenker.org\/fw17\/wp-content\/uploads\/2026\/02\/Nordseegipfel_KI_800x450.jpg?fit=800%2C450&ssl=1&resize=350%2C200 1x, https:\/\/i0.wp.com\/www.freidenker.org\/fw17\/wp-content\/uploads\/2026\/02\/Nordseegipfel_KI_800x450.jpg?fit=800%2C450&ssl=1&resize=525%2C300 1.5x, https:\/\/i0.wp.com\/www.freidenker.org\/fw17\/wp-content\/uploads\/2026\/02\/Nordseegipfel_KI_800x450.jpg?fit=800%2C450&ssl=1&resize=700%2C400 2x"},"classes":[]},{"id":23245,"url":"https:\/\/www.freidenker.org\/?p=23245","url_meta":{"origin":21660,"position":5},"title":"China mit anderen Augen (2)","author":"Webredaktion","date":"22. Oktober 2025","format":false,"excerpt":"Teil 2: Faszination und Beklommenheit angesichts atemberaubender Entwicklungen Reisebericht von Wolfgang Effenberger Ein zentraler H\u00f6hepunkt auf der Reise durch das moderne China war der Besuch des Drei-Schluchten-Staudamms in Sandouping an Chinas gr\u00f6\u00dftem Fluss, dem Jangtse. Dieses technische Monument ist nicht nur eine der gr\u00f6\u00dften Staumauern der Welt, sondern auch das\u2026","rel":"","context":"In &quot;Arbeit &amp; Soziales&quot;","block_context":{"text":"Arbeit &amp; Soziales","link":"https:\/\/www.freidenker.org\/?cat=11"},"img":{"alt_text":"","src":"https:\/\/i0.wp.com\/www.freidenker.org\/fw17\/wp-content\/uploads\/2025\/10\/effenberger_china2_28_800x450.jpg?fit=800%2C450&ssl=1&resize=350%2C200","width":350,"height":200,"srcset":"https:\/\/i0.wp.com\/www.freidenker.org\/fw17\/wp-content\/uploads\/2025\/10\/effenberger_china2_28_800x450.jpg?fit=800%2C450&ssl=1&resize=350%2C200 1x, https:\/\/i0.wp.com\/www.freidenker.org\/fw17\/wp-content\/uploads\/2025\/10\/effenberger_china2_28_800x450.jpg?fit=800%2C450&ssl=1&resize=525%2C300 1.5x, https:\/\/i0.wp.com\/www.freidenker.org\/fw17\/wp-content\/uploads\/2025\/10\/effenberger_china2_28_800x450.jpg?fit=800%2C450&ssl=1&resize=700%2C400 2x"},"classes":[]}],"_links":{"self":[{"href":"https:\/\/www.freidenker.org\/index.php?rest_route=\/wp\/v2\/posts\/21660","targetHints":{"allow":["GET"]}}],"collection":[{"href":"https:\/\/www.freidenker.org\/index.php?rest_route=\/wp\/v2\/posts"}],"about":[{"href":"https:\/\/www.freidenker.org\/index.php?rest_route=\/wp\/v2\/types\/post"}],"author":[{"embeddable":true,"href":"https:\/\/www.freidenker.org\/index.php?rest_route=\/wp\/v2\/users\/3"}],"replies":[{"embeddable":true,"href":"https:\/\/www.freidenker.org\/index.php?rest_route=%2Fwp%2Fv2%2Fcomments&post=21660"}],"version-history":[{"count":2,"href":"https:\/\/www.freidenker.org\/index.php?rest_route=\/wp\/v2\/posts\/21660\/revisions"}],"predecessor-version":[{"id":21666,"href":"https:\/\/www.freidenker.org\/index.php?rest_route=\/wp\/v2\/posts\/21660\/revisions\/21666"}],"wp:featuredmedia":[{"embeddable":true,"href":"https:\/\/www.freidenker.org\/index.php?rest_route=\/wp\/v2\/media\/21661"}],"wp:attachment":[{"href":"https:\/\/www.freidenker.org\/index.php?rest_route=%2Fwp%2Fv2%2Fmedia&parent=21660"}],"wp:term":[{"taxonomy":"category","embeddable":true,"href":"https:\/\/www.freidenker.org\/index.php?rest_route=%2Fwp%2Fv2%2Fcategories&post=21660"},{"taxonomy":"post_tag","embeddable":true,"href":"https:\/\/www.freidenker.org\/index.php?rest_route=%2Fwp%2Fv2%2Ftags&post=21660"}],"curies":[{"name":"wp","href":"https:\/\/api.w.org\/{rel}","templated":true}]}}