{"id":21658,"date":"2025-05-02T01:44:13","date_gmt":"2025-05-01T23:44:13","guid":{"rendered":"https:\/\/www.freidenker.org\/?p=21658"},"modified":"2025-06-25T19:19:21","modified_gmt":"2025-06-25T17:19:21","slug":"der-berliner-koalitionsvertrag-eine-verstoerende-offenbarung","status":"publish","type":"post","link":"https:\/\/www.freidenker.org\/?p=21658","title":{"rendered":"Der Berliner Koalitionsvertrag \u2013 eine verst\u00f6rende Offenbarung"},"content":{"rendered":"<p><em>von <strong>Wolfgang Bittner<\/strong><\/em><\/p>\n<h5>Ein Bedrohungsszenarium und die Rolle Deutschlands<\/h5>\n<p>Seit Jahren schon befindet sich Deutschland auf einer absch\u00fcssigen Bahn in den Totalitarismus. Ein weiterer Schritt auf diesem Weg ist der Koalitionsvertrag der CDU\/CSU mit der SPD vom 9. April 2025. Darin hei\u00dft es gleich zu Anfang:<\/p>\n<p style=\"padding-left: 40px;\"><em>\u201eKlarheit \u00fcber den richtigen Weg der n\u00e4chsten Jahre erfordert zun\u00e4chst Klarheit in der Standortbestimmung: Im \u00c4u\u00dferen greifen die Gegner unserer liberalen Demokratie unsere Freiheit an. Autorit\u00e4re M\u00e4chte erstarken. Der russische Angriffskrieg gegen die Ukraine bedroht auch unsere Sicherheit. Wir erleben hybride Angriffe auf unser Land mit dem Ziel, den Zusammenhalt in Deutschland zu zerst\u00f6ren, unsere Demokratie zu untergraben und unsere Sicherheit zu gef\u00e4hrden. Aber auch in unserem Land wird die Demokratie von ihren Gegnern t\u00e4glich angegriffen.<\/em>[1]<\/p>\n<p>Allein schon diese \u201eStandortbestimmung\u201c verdeutlich, wes Geistes diese Politiker sind, in deren H\u00e4nde die deutsche Bev\u00f6lkerung nach der Koalitionsbildung gefallen ist. Denn weder greifen \u00e4u\u00dfere \u201eGegner unserer liberalen Demokratie unsere Freiheit an\u201c, noch bedroht der \u201erussische Angriffskrieg gegen die Ukraine\u201c unsere Sicherheit. Vielmehr bedroht der Kollektive Westen unter F\u00fchrung der USA seit Jahren Russland, und der Ukraine-Krieg ist eine Folge existenzbedrohender Provokationen gegen\u00fcber Russland.<\/p>\n<p>Es gibt auch nicht die hybriden Angriffe, von denen die Rede ist, vielmehr wird eine uns gef\u00e4hrdende Aggression und Hetze gegen Russland gesch\u00fcrt. Und von wem wird die Demokratie in unserem Land t\u00e4glich angegriffen, wenn nicht von Politikern, die dabei sind, sie abzuschaffen, wie der Koalitionsvertrag in vielen Passagen beweist.<\/p>\n<p>Weiter hei\u00dft es:<\/p>\n<p style=\"padding-left: 40px;\"><em>\u201eIm Inneren ist unsere Wirtschaft in einer anhaltenden Wachstumsschw\u00e4che. Das Leben in Deutschland ist komplizierter, teurer und anstrengender geworden.\u201c<\/em><\/p>\n<p>Warum das so ist, wird nicht gefragt und erst recht nicht beantwortet. Kein Wort \u00fcber die gesprengten Ostsee-Pipelines und die dadurch verursachten ruin\u00f6sen Energiepreise, die viele Unternehmen in die Insolvenz oder ins Ausland treiben.<\/p>\n<p>Gleich darauf wird versprochen, die Regierung unter Friedrich Merz werde <em>\u201eWohlstand f\u00fcr alle\u201c<\/em> schaffen, die Verteidigungs- und Abschreckungsf\u00e4higkeit st\u00e4rken und <em>\u201ean der Seite der Ukraine stehen, die auch unsere Freiheit und die Prinzipien der regelbasierten Ordnung verteidigt\u201c<\/em>. Das alles liest sich wie die Werbung eines Waschmittelkonzerns. Wohlstand f\u00fcr viele hatten wir beinahe schon, und Verteidigung oder Abschreckung waren sekund\u00e4r, weil es keine potenziellen Angreifer gab. Das Bedrohungsszenarium ist erst im Zuge einer zerst\u00f6rerischen Politik des Westens konstruiert worden.<\/p>\n<p>Was aber verteidigt die Ukraine, die nach dem Putsch von 2014 unter das Regime von Nationalisten und Faschisten geraten ist und \u2013 angestachelt aus Washington \u2013 einen Krieg mit Russland provoziert hat? Und was ist das f\u00fcr eine \u201eregelbasierte Ordnung\u201c, deren Prinzipien angeblich von der Ukraine verteidigt werden? Wer stellt die Regeln f\u00fcr eine derartige Ordnung auf? Ist denn die Charta der Vereinten Nationen, die das V\u00f6lkerrecht im Sinne von Humanit\u00e4t und einem friedlichen Zusammenleben regelt, au\u00dfer Kraft gesetzt? Und falls dem so ist: von wem?<\/p>\n<p>Kritiklos wird in dem Koalitionsvertrages mehrfach die Bindung zur NATO und zur USA beschworen, auch zu Gro\u00dfbritannien und Frankreich; dagegen soll \u2013 in Anbiederung an Washington \u2013 die \u201edestruktive Rolle\u201c des \u201eiranischen Regimes\u201c in der Nahost-Region zur\u00fcckgedr\u00e4ngt werden. Und Deutschland soll<\/p>\n<p style=\"padding-left: 40px;\"><em>\u201ewegen seiner geografischen Lage in Europa\u201c<\/em>, als <em>\u201ezentrale Drehscheibe der NATO weiter ausgebaut\u201c<\/em> werden, die Ausgaben f\u00fcr Verteidigung sollen <em>\u201edeutlich und stringent\u201c<\/em> steigen und f\u00fcr <em>\u201eeine Wehrerfassung und Wehr\u00fcberwachung die Voraussetzungen geschaffen werden\u201c<\/em>.<\/p>\n<p>Auf vielen Seiten des Papiers geht es ums Milit\u00e4r, um Aufr\u00fcstung, die Gegnerschaft zu Russland und die Unterst\u00fctzung der Ukraine bis zum angestrebten Sieg gegen den Erzfeind, der in der Person Wladimir Putins personalisiert wird.<\/p>\n<h5>Feindbild Russland<\/h5>\n<p>Die Hetze gegen Russland nimmt kein Ende. W\u00e4hrend Wladimir Putin alles daran setzt, einen Krieg mit der NATO zu vermeiden, gehen die Provokationen der um die USA reduzierten westlichen Allianz weiter. Die Koalitionspartner sind der Ansicht:<\/p>\n<p style=\"padding-left: 40px;\"><em>\u201eUnsere Sicherheit ist heute so stark bedroht wie seit dem Ende des Kalten Krieges nicht mehr.\u201c<\/em> Das ist richtig, nicht aber die Schlussfolgerung:<em> \u201eDie gr\u00f6\u00dfte und direkteste Bedrohung geht dabei von Russland aus, das im vierten Jahr einen brutalen und v\u00f6lkerrechtswidrigen Angriffskrieg gegen die Ukraine f\u00fchrt und weiter massiv aufr\u00fcstet. Das Machtstreben von Wladimir Putin richtet sich gegen die regelbasierte internationale Ordnung.\u201c<\/em><\/p>\n<p>De facto geht die gr\u00f6\u00dfte und direkteste Bedrohung vom Westen aus, der seit Jahren einen Regime Change in Moskau anstrebt. Wladimir Putin hat seit seiner denkw\u00fcrdigen Rede 2001 im Deutschen Bundestag immer aufs Neue Kooperation angeboten und die Hand ausgestreckt. Er wurde zur\u00fcckgewiesen, belogen (Minsker Vertr\u00e4ge) und von den USA unter Barack Obama und Joseph Biden in einen Abnutzungskrieg mit der Ukraine getrieben.<\/p>\n<p>Michail Gorbatschow hat 1990 wesentlich zur Vereinigung der DDR mit der BRD beigetragen, aber das wird heute ignoriert. Seinerzeit wurde der Zwei-plus-Vier-Vertrag abgeschlossen, der am 15. M\u00e4rz 1991 in Kraft trat. Darin wurde erkl\u00e4rt, \u201edass von deutschem Boden nur Frieden ausgehen wird. Nach der Verfassung des vereinten Deutschland sind Handlungen, die geeignet sind und in der Absicht vorgenommen werden, das friedliche Zusammenleben der V\u00f6lker zu st\u00f6ren, insbesondere die F\u00fchrung eines Angriffskrieges vorzubereiten, verfassungswidrig und strafbar\u201c. Auch wurde der Verzicht auf atomare Waffen bekr\u00e4ftigt. Sollte das alles Makulatur sein?<\/p>\n<p>Jetzt versprechen die Koalitionspartner:<\/p>\n<p style=\"padding-left: 40px;\"><em>\u201eDie Ukraine werden wir umfassend unterst\u00fctzen, so dass sie sich gegen den russischen Aggressor effektiv verteidigen und sich in Verhandlungen behaupten kann.\u201c<\/em><\/p>\n<p>Und der Verteidigungsminister sagt, Deutschland m\u00fcsse bis 2029 \u201ekriegst\u00fcchtig\u201c sein. Das ist nicht anders zu nennen, als ein Verbrechen gegen\u00fcber der eigenen Bev\u00f6lkerung und als existenzbedrohender Irrweg.<\/p>\n<p>Die Berliner Politiker haben in ihrer Mehrheit immer noch nicht realisiert, dass Donald Trump und Wladimir Putin miteinander sprechen und verhandeln, und dass die USA und Russland Frieden wollen, zumindest keinen Krieg mehr. Anstatt diese Situation zugunsten Deutschlands zu nutzen, zieht Friedrich Merz das eigene Land immer tiefer in die Auseinandersetzung mit Russland hinein.<\/p>\n<p>Anl\u00e4sslich eines Besuchs in Kiew im Dezember 2024 sagte er:<\/p>\n<p style=\"padding-left: 40px;\">\u201e<em>Wenn unsere Unterst\u00fctzung f\u00fcr die Ukraine schw\u00e4cher wird, dann wird dieser Krieg l\u00e4nger dauern. Wenn unsere Unterst\u00fctzung f\u00fcr die Ukraine konsequent ist, dann wird dieser Krieg schneller enden.\u201c<\/em>[2] Er sprach sich daf\u00fcr aus, Taurus-Marschflugk\u00f6rper in die Ukraine zu liefern: <em>\u201eUnsere Position ist klar: Wir wollen ihre Armee in die Lage versetzen, Milit\u00e4rbasen in Russland zu erreichen\u2026\u201c<\/em> Selenskyj erwiderte: <em>\u201e<\/em><em>Wir z\u00e4hlen auf st\u00e4rkere, entschlossenere Taten Deutschlands, von Ihnen pers\u00f6nlich. Wir verlassen uns sehr darauf.\u201c<\/em><\/p>\n<p>Mit Merz ist also eine Verl\u00e4ngerung des Ukraine-Krieges auf unabsehbare Zeit zu erwarten. Seine Bereitschaft, die ukrainische Armee mit Taurus zu beliefern, wiederholte er am 13. April 2025 in einem Interview bei Caren Miosga, in dem er auch auf seine Einstellung gegen\u00fcber dem russischen Pr\u00e4sidenten einging: Putin begehe \u201eschwerste Kriegsverbrechen\u201c, er interpretiere \u201e<em>unsere Bereitschaft, mit ihm zu verhandeln, nicht als ernsthaftes Angebot, Frieden zu erm\u00f6glichen, sondern als Schw\u00e4che\u201c<\/em>. Jetzt m\u00fcsse die ukrainische Armee <em>\u201eaus der Defensive herauskommen\u201c<\/em>, sie m\u00fcsse zum Beispiel in die Lage versetzt werden, die Krim-Br\u00fccke zu zerst\u00f6ren.[3]<\/p>\n<p>Der <strong>Br\u00fcsseler Russland-Experte und Historiker <\/strong>Gilbert Doctorow warnte, <strong>Friedrich Merz mit seiner \u201ekriegerischen Rhetorik\u201c sei \u201eder gef\u00e4hrlichste deutsche F\u00fchrer seit Adolf Hitler\u201c. Er wolle <\/strong>Taurus-Marschflugk\u00f6rper an die Ukraine liefern und habe signalisiert, \u201edass die Ukraine die Taurus zur Zerst\u00f6rung der Kertsch-Br\u00fccke (Krim) und anderer Ziele auf der russischen Krim einsetzen d\u00fcrfe.\u201c Die Russen h\u00e4tten diese Aussagen sofort zur Kenntnis genommen, und sie seien \u201ebereit, Deutschland einen vernichtenden Gegenschlag zu versetzen, wenn Merz seine Politik fortsetzt, die den schlimmsten deutschen Revanchismus widerspiegelt.\u201c Merz sei mit \u201eseinen erkl\u00e4rten Pl\u00e4nen, Russland zu bestrafen, v\u00f6llig au\u00dfer Rand und Band geraten\u201c.[4]<\/p>\n<p>Auch der stellvertretende Vorsitzende des Sicherheitsrates der Russischen F\u00f6deration und ehemalige Pr\u00e4sident Dmitri Medwedew nannte Friedrich Merz einen Nazi,[5] und Kreml-Sprecher Peskow beklagte einen fehlenden Willen der westeurop\u00e4ischen Regierungen, \u201esich um Wege zu Friedensgespr\u00e4chen zu k\u00fcmmern\u201c. Sie seien \u201eeher geneigt, die Fortsetzung des Krieges weiter zu provozieren\u201c.[6]<\/p>\n<h5>Der pers\u00f6nliche Einsatz des Friedrich Merz f\u00fcr die Ukraine<\/h5>\n<p>Friedrich Merz gibt den Kiewer Machthabern mit seiner Unterst\u00fctzung Auftrieb. Der ehemalige ukrainische Botschafter Andrij Melnyk, der den Faschisten Bandera[7] verehrt und sich mit Beleidigungen und Dreistigkeiten hervorgetan hat, ist \u00f6ffentlich mit einem geradezu irren Forderungskatalog an ihn herangetreten: Die Koalition m\u00f6ge einen Beschluss fassen \u201e\u00fcber die Finanzierung der Waffenlieferungen f\u00fcr die Ukraine in H\u00f6he von mindestens 0,5 Prozent des BIP (21,5 Milliarden Euro pro Jahr) oder 86 Milliarden Euro bis 2029\u2026 Die gleiche 0,5-Prozent-Regelung initiieren und durchf\u00fchren auf EU-Ebene (372 Milliarden Euro bis 2029)\u201c sowie \u201edie sofortige Lieferung von 150 Taurus-Marschflugk\u00f6rpern\u201c und \u201e30 Prozent der verf\u00fcgbaren deutschen Kampfjets und Hubschrauber\u2026\u201c[8]<\/p>\n<p>Es ist davon auszugehen, dass solche Forderungen nicht ohne Absprache mit Selenskyj gestellt werden. Deutlicher l\u00e4sst sich der Wahnsinn, der von der Kiewer Kriegsregierung ausgeht, nicht darstellen. Entlarvend ist die Belobigung, die Merz von Melnyk erf\u00e4hrt:<\/p>\n<p style=\"padding-left: 40px;\"><em>\u201eSie wissen, wie sehr ich \u2013 als langj\u00e4hriger Botschafter \u2013 den vertraulichen Austausch mit Ihnen als CDU-Vorsitzender und CDU\/CSU-Fraktionschef im Bundestag immer gesch\u00e4tzt habe. Es w\u00e4re keine \u00dcbertreibung zu sagen, dass es uns im April 2022 dank Ihres pers\u00f6nlichen Einsatzes und dem massiven Druck seitens der Opposition im Parlament gelungen ist, Kanzler Scholz und die Ampel dazu zu bewegen, nach langem Z\u00f6gern schwere Waffen an die Ukraine zu liefern. Auch Ihr mutiger Besuch in Kiew Anfang Mai 2022 \u2013 als erster deutscher Staatsmann \u2013 war ein starkes Zeichen, um die damalige Bundesregierung anzuspornen, der Ukraine viel st\u00e4rker milit\u00e4risch unter die Arme zu greifen.<\/em>[9]<\/p>\n<p>Dem entspricht der folgende Passus im Koalitionsvertrag:<\/p>\n<p style=\"padding-left: 40px;\"><em>\u201e<\/em><em>Die Ukraine als starker, demokratischer und souver\u00e4ner Staat, der eigenst\u00e4ndig und mit euro-atlantischer Perspektive \u00fcber seine Zukunft bestimmt, ist von zentraler Bedeutung f\u00fcr unsere eigene Sicherheit. Wir werden deshalb unsere milit\u00e4rische, zivile und politische Unterst\u00fctzung der Ukraine gemeinsam mit Partnern substanziell st\u00e4rken und zuverl\u00e4ssig fortsetzen. Wir werden uns im engen Schulterschluss mit unseren Partnern f\u00fcr eine gemeinsame Strategie hin zu einem echten und nachhaltigen Frieden einsetzen, in dem die Ukraine aus einer Position der St\u00e4rke und auf Augenh\u00f6he agiert. Dazu geh\u00f6ren auch materielle und politische Sicherheitsgarantien f\u00fcr eine souver\u00e4ne Ukraine. Deutschland wird sich an dem Wiederaufbau der Ukraine beteiligen.\u201c<\/em><\/p>\n<p>Merz und seinen Koalitionspartnern scheint v\u00f6llig entgangen zu sein, oder sie wollen es einfach nicht wissen, dass die Ukraine ein ruinierter Staat (failed state) ist, dessen Machthaber ihre zum Teil zwangsrekrutierten Soldaten unter der Regie westlicher Bellizisten bis zur letzten Patrone gegen Russland k\u00e4mpfen lassen wollen. Dass die Atommacht Russland nicht besiegt werden kann, ist den Anstiftern fremd, und sie planen bereits ihre Gesch\u00e4fte beim Wiederaufbau der zerst\u00f6rten Gebiete.<\/p>\n<p>Wenn es in dem Koalitionsvertrag hei\u00dft, <em>\u201edas Ziel unserer Au\u00dfen- und Sicherheitspolitik ist die Bewahrung eines Friedens in Freiheit und Sicherheit\u201c<\/em>, sind das \u2013 wie aus den weiteren Absichtserkl\u00e4rungen hervorgeht \u2013 nichts als hohle Worte. Das gilt auch f\u00fcr das Bekenntnis zur NATO, das besonders hervorgehoben wird, ebenso wie zu den USA und zu Gro\u00dfbritannien: <em>\u201eDas transatlantische B\u00fcndnis und die enge Zusammenarbeit mit den USA bleiben f\u00fcr uns von zentraler Bedeutung. Wir st\u00e4rken die Handlungsf\u00e4higkeit Europas, vertiefen bestehende strategische Partnerschaften, bauen insbesondere mit L\u00e4ndern des Globalen S\u00fcdens neue auf und unterst\u00fctzen multilaterale Formate mit ganzer Kraft\u2026 Das Vereinigte K\u00f6nigreich ist einer der engsten Partner der EU und Deutschlands \u2013 bilateral und im Rahmen der NATO.\u201c<\/em><\/p>\n<p>Fraglich, ob die L\u00e4nder des Globalen S\u00fcdens an strategischen Partnerschaften mit Kriegshetzern interessiert sind. Und transatlantisches B\u00fcndnis und enge Partnerschaft mit den USA? Offensichtlich haben Merz und seine Partner noch nicht begriffen, dass es sich damit seit der Pr\u00e4sidentschaft von Donald Trump um eine Schim\u00e4re handelt, und dass sich Deutschland immer noch im Status einer bedingungslosen Kapitulation befindet und nach der UN-Charta ein Feindstaat gegen\u00fcber den Gegnern des Zweiten Weltkriegs ist,[10] also auch gegen\u00fcber Russland.<\/p>\n<p>Hinzu kommt in vielen Aussagen eine unglaubliche Impertinenz und Schamlosigkeit. Da hei\u00dft es beispielsweise: \u201e<em>Wir suchen in Abstimmung mit unseren Partnern nach M\u00f6glichkeiten, das eingefrorene russische Staatsverm\u00f6gen zur finanziellen und milit\u00e4rischen Unterst\u00fctzung der Ukraine wirtschaftlich zu nutzen.<\/em>\u201c Was bedeutet das anderes, als Diebstahl, und zwar mit schwerwiegenden Folgen f\u00fcr die Sicherheit des globalen Finanzsystems. Damit wird das ohnehin schon r\u00fcckl\u00e4ufige Vertrauen in die westlichen Pseudodemokratien endg\u00fcltig verspielt.<\/p>\n<h5><strong>Bedrohliche Vorstellungen zur Innenpolitik<\/strong><\/h5>\n<p>Auch zur Innenpolitik enth\u00e4lt der Koalitionsvertrag in dem Kapitel \u201eB\u00fcrokratier\u00fcckbau, Staatsmodernisierung und moderne Justiz\u201c \u00e4u\u00dferst brisante Ank\u00fcndigungen. Es beginnt mit einer Floskel:<\/p>\n<p style=\"padding-left: 40px;\"><em>\u201eDie Modernisierung braucht neue Impulse. Die Koalition will in den kommenden vier Jahren zeigen, dass Deutschland zur\u00fcck ist. Daf\u00fcr m\u00fcssen wir in vielen Bereichen besser werden und staatliche Entscheidungen, Prozesse und Strukturen modernisieren. Wir wollen als Bundesregierung zeigen, dass es geht, und vorangehen.\u201c<\/em><\/p>\n<p>Dann aber hei\u00dft es:<\/p>\n<p style=\"padding-left: 40px;\"><em>\u201eDeutschland braucht eine echte Staatsreform.\u201c<\/em> Und weiter: <em>\u201eWir setzen auf konsequente Digitalisierung und \u201aDigital-Only\u2018: Verwaltungsleistungen sollen unkompliziert digital \u00fcber eine zentrale Plattform (\u201eOne-Stop-Shop\u201c) erm\u00f6glicht werden, das hei\u00dft ohne Beh\u00f6rdengang oder Schriftform. Jeder B\u00fcrger und jede B\u00fcrgerin erh\u00e4lt verpflichtend ein B\u00fcrgerkonto und eine digitale Identit\u00e4t. Wir werden die EUDI-Wallet f\u00fcr B\u00fcrgerinnen und B\u00fcrger und Unternehmen bereitstellen, mit der Identifikation, Authentifizierung und Zahlungen erm\u00f6glicht werden. Wer den digitalen Weg nicht gehen will oder kann, erh\u00e4lt Hilfe vor Ort.\u201c<\/em><\/p>\n<p>Das klingt nach Schafstall, in dem jedes Schaf eine Marke ins Ohr gestanzt bekommt, auf der s\u00e4mtlich pers\u00f6nlichen Daten gespeichert sind. Der Wirtschaftsjournalist und <em>Handelsblatt<\/em>-Redakteur Norbert H\u00e4ring schreibt dazu: \u201e\u2018Digital only\u2018 bedeutet, dass die althergebrachten M\u00f6glichkeiten zum Erhalt staatlicher Leistungen und von Bef\u00f6rderungsleistungen, sowie zur Erf\u00fcllung der vom Staat auferlegten Pflichten systematisch beseitigt werden, um die Menschen zu zwingen, ihre Angelegenheiten auf digitalem, automatisiert abzuwickelndem Weg zu erledigen. Das gilt denknotwendig auch f\u00fcr das Bezahlen, wo das Bargeld zu den abzuschaffenden analogen L\u00f6sungen geh\u00f6rt. Das bedeutet nicht nur, dass die B\u00fcrger l\u00fcckenlos \u00fcberwachbar werden. Es bedeutet auch, dass sie sich komplett an das System anpassen m\u00fcssen, das die B\u00fcrokraten zusammen mit den Technokraten erdacht und programmiert haben.\u201c[11]<\/p>\n<p>H\u00e4ring bef\u00fcrchtet eine dystopische Entwicklung: \u201eDas System bietet keine Menschen als Ansprechpartner mehr auf, die daf\u00fcr sorgen k\u00f6nnen, dass es sich flexibel an die Bed\u00fcrfnisse der Menschen anpasst, auch an Menschen mit speziellen Bed\u00fcrfnissen, an die die Programmierer nicht gedacht haben, und an solche in speziellen Situationen. Mit anderen Worten: Die neue Regierung arbeitet intensiv an der Verwirklichung des Technokratentraums einer zentral gesteuerten Gesellschaft, aus der der Mensch als autonomer Entscheidungstr\u00e4ger eliminiert und stattdessen zu einem funktionierenden R\u00e4dchen in einer zentral gesteuerten sozialen Megamaschine gemacht wird.\u201c<\/p>\n<p>Die Ank\u00fcndigung eines verpflichtenden B\u00fcrgerkontos und einer digitalen Identit\u00e4t ist in der Tat be\u00e4ngstigend. Denn damit k\u00f6nnten staatlichen Institutionen \u00fcber alle Informationen s\u00e4mtlicher B\u00fcrger verf\u00fcgen. Wenn diese Informationen dann noch genutzt werden, <em>\u201eum auf m\u00f6gliche Leistungsanspr\u00fcche hinzuweisen und die Beantragung zu vereinfachen\u201c<\/em>, gibt es keine Privatsph\u00e4re mehr. In vorget\u00e4uschter F\u00fcrsorge bieten die Koalitionspartner an:<\/p>\n<p style=\"padding-left: 40px;\"><em>\u201eWir werden dabei zunehmend antragslos arbeiten. Etwa nach der Geburt eines Kindes sollen Eltern automatisch einen Kindergeldbescheid erhalten.\u201c<\/em><\/p>\n<p>Antragslos kann der Staat also Leistungen gew\u00e4hren \u2013 folglich kann er sie aber auch aberkennen. Er kann den B\u00fcrgern helfen, er kann sie sogar vor \u201eDesinformation\u201c oder \u201eHass und Hetze\u201c sch\u00fctzen, er kann sie aber auch von Informationen abschneiden, desinformieren, r\u00fcgen, sanktionieren und bei Unbotm\u00e4\u00dfigkeiten bestrafen. Der Staat wei\u00df alles, bedeutet das, und er kann damit nach Belieben umgehen. Das ist dann der Orwellsche \u00dcberwachungsstaat in Perfektion.<\/p>\n<p>Dementsprechend wollen die Koalitionspartner einen <em>\u201eKulturwandel und moderne F\u00fchrung\u201c<\/em> einleiten, offenbar mit einer F\u00fchrungselite: <em>\u201eDie Besch\u00e4ftigten des \u00f6ffentlichen Dienstes sind Stabilit\u00e4tsanker des deutschen Staates. Wir werden eine moderne und wertsch\u00e4tzende F\u00fchrungskultur etablieren und f\u00f6rdern.\u201c<\/em> Nachdem in h\u00f6chst unsicheren Zeiten inzwischen viele Menschen Sicherheit im \u00f6ffentlichen Dienst suchen, werden diese privilegierten B\u00fcrger dann die Herden anf\u00fchren, die mit den Politikern, die einen derartigen Koalitionsvertrag abschlie\u00dfen, auf die Stra\u00dfe gehen, um f\u00fcr Demokratie oder Pateiverbote zu demonstrieren. Die Teilung der Gesellschaft schreitet schon l\u00e4nger voran, staatlich gelenkt k\u00f6nnte es explosiv werden. Aber dagegen wird sich gewappnet.<\/p>\n<p>Dazu passt die Ank\u00fcndigung:<\/p>\n<p style=\"padding-left: 40px;\"><em>\u201eWas die Feinde der Demokratie angeht, gilt der Grundsatz \u201aNull Toleranz\u2018. Es ist die gesamtstaatliche und gesellschaftliche Verantwortung, jedweder Destabilisierung unserer freiheitlichen demokratischen Grundordnung entgegenzuwirken und dabei auch unsere Sicherheitsbeh\u00f6rden nicht allein zu lassen\u2026 Die Sicherheitsbeh\u00f6rden sollen f\u00fcr bestimmte Zwecke eine Befugnis zur Vornahme einer automatisierten (KI-basierten) Datenanalyse erhalten. Unter bestimmten, eng definierten Voraussetzungen bei schweren Straftaten, wollen wir den Strafverfolgungsbeh\u00f6rden eine retrograde biometrische Fernidentifizierung zur Identifizierung von T\u00e4terinnen und T\u00e4tern erm\u00f6glichen.\u201c<\/em><\/p>\n<p>Die problematische \u201ebiometrische Fernidentifizierung\u201c wird demnach voraussichtlich Standard werden, die Verfolgung Andersdenkender unter dem Vorwand gesellschaftlicher Verantwortung zunehmen. Denn erfahrungsgem\u00e4\u00df haben sich die Sicherheitsorgane weitgehend verselbst\u00e4ndigt, Demokratiefeindschaft sowie \u201eeng definierte Voraussetzungen\u201c sind auslegbar, und unter \u201eDestabilisierung unserer freiheitlichen demokratischen Grundordnung\u201c k\u00f6nnen bereits systemkritische \u00c4u\u00dferungen in Internetforen oder im geheimdienstlich kontrollierten privaten Mailverkehr fallen.<\/p>\n<p>Die Kontrolle soll intensiviert werden: <em>\u201e<\/em><em>Wir versch\u00e4rfen die Sanktionsm\u00f6glichkeiten gegen\u00fcber Plattformen, insbesondere bei systemischen M\u00e4ngeln bei der Entfernung strafbarer Inhalte.\u201c<\/em> Zu diesem Zweck soll die Medienaufsicht gesetzliche Vorgaben erhalten, anhand derer sie gegen \u201eFake News, Hass und Hetze\u201c verst\u00e4rkt vorgehen kann. Was als Desinformation aufgefasst wird, sollen die Social-Media-Plattformen aktiv bek\u00e4mpfen, andernfalls drohen Strafen oder Sperrung. Regierungskritik wird also noch riskanter werden, zumal Denunziation und Meinungsmache gegen Kritiker zum Programm gemacht werden: <em>\u201eDie Unterst\u00fctzung von Projekten zur demokratischen Teilhabe durch das Bundesprogramm \u201aDemokratie leben!\u2018 setzen wir fort.\u201c<\/em><\/p>\n<p>Deutschland soll eine \u201eKI-Nation\u201c werden, und die Sicherheitsbeh\u00f6rden sollen \u201eKI-basiert\u201c Daten analysieren d\u00fcrfen, wobei offenbar auf Datenschutz verzichtet werden kann. Daf\u00fcr braucht es dann wohl ein <em>\u201eoffeneres und positiveres Datennutzungsverst\u00e4ndnis\u201c<\/em>, das anempfohlen wird. F\u00fcr diejenigen, die sich verweigern oder ausscheren, gilt dann: <em>\u201eIm Rahmen der Resilienzst\u00e4rkung unserer Demokratie regeln wir den Entzug des passiven Wahlrechts bei mehrfacher Verurteilung wegen Volksverhetzung.\u201c<\/em><\/p>\n<p>Das Koalitionspapier wendet sich auch der Migration und Integration zu:<\/p>\n<p style=\"padding-left: 40px;\"><em>\u201eDeutschland als Einwanderungsland ist gepr\u00e4gt von Menschen unterschiedlicher Herkunft. Wir wollen ein einwanderungsfreundliches Land bleiben und eine qualifizierte Einwanderung in unseren Arbeitsmarkt attraktiv machen.\u201c<\/em><\/p>\n<p>Zu diesem Zweck seien legale Zugangswege zu schaffen. Die Integration soll intensiv gef\u00f6rdert werden, dagegen m\u00fcsse die irregul\u00e4re Migration \u201ereduziert\u201c und Zur\u00fcckweisung an den Staatsgrenzen auch bei Asylgesuchen erm\u00f6glicht werden.<\/p>\n<p>Wieder viele hohle Worte und nur bescheidene Ans\u00e4tze zur L\u00f6sung der wachsenden Probleme, die durch eine rechtswidrige \u201eEinwanderungspolitik\u201c entstanden sind. Deutschland ist nicht, wie die USA, Kanada, Australien oder Neuseeland ein Einwanderungsland, es ist ein Zuwanderungsland und dieser Fehler der Merkelschen Migrationspolitik sollte endlich erkannt und behoben werden. Wenn jedes Land, in das Menschen aus anderen Bereichen der Welt einwandern wollen, ein Einwanderungsland w\u00e4re, dann w\u00fcrde zum Beispiel auch die Schweiz dazu geh\u00f6ren. Aber das w\u00fcrden die Schweizer sicherlich strikt ablehnen.<\/p>\n<h5>Der Weg in eine ungewisse Zukunft<\/h5>\n<p>Klarheit \u00fcber den richtigen Weg der n\u00e4chsten Jahre soll der Koalitionsvertrag bringen. Stattdessen offenbart er beunruhigende, bedrohliche und zum Teil erschreckende Absichten einer politischen Gruppe, die sich anma\u00dft, die B\u00fcrger wie in einem Figurentheater zu lenken zu kujonieren, zu \u00fcberwachen und wom\u00f6glich in einen Krieg zu f\u00fchren. Darauf, das in die Wege zu leiten, sind die Koalitionspartner stolz.<\/p>\n<p>Friedrich Merz, bis 2020 Aufsichtsratsvorsitzender der <em>BlackRock Asset Management Deutschland<\/em>,[12] der die Ukraine mit Taurus Marschflugk\u00f6rper beliefern will, sieht sich offenbar schon als oberster Kriegsherr im Kampf gegen Russland. Und der bisher eher farblose Ko-Vorsitzende der SPD, Lars Klingbeil, renommiert:<\/p>\n<p style=\"padding-left: 40px;\"><em>\u201eWir sind das wichtigste Land und das st\u00e4rkste Land in Europa, und von uns geht Stabilit\u00e4t aus, wenn wir es hinkriegen, hier eine stabile Regierung zu haben.\u201c<\/em>[13]<\/p>\n<p>Aber kaum war der Koalitionsvertrag unterzeichnet, gab es zwischen den Partnern schon Streit um den Mindestlohn und die Senkung der Einkommensteuer f\u00fcr kleine und mittlere Einkommen.[14] Und Stabilit\u00e4t in einem Land, das sich gerade selbst ruiniert? Gro\u00dfmachtstreben in einem Land, das sich nach wie vor als potenzieller Feindstaat im Status einer bedingungslosen Kapitulation befindet?<\/p>\n<p>Klingbeil und Merz wollen die Ukraine in ihrem Krieg weiter mit Waffen und Geld unterst\u00fctzen, und es ist davon auszugehen, dass Klingbeil sich letztlich der Absicht von Merz in der Taurus-Frage anschlie\u00dfen wird, obwohl die \u00fcberwiegende Meinung in der SPD dagegen ist. Seinen geistigen Standort verr\u00e4t er, wenn er sagt:<\/p>\n<p style=\"padding-left: 40px;\"><em>\u201eIch war dabei \u2013 was ein echt bewegender Moment war \u2013 als der erste ukrainische Soldat einen Schuss mit einem Leopard-2-Panzer abgegeben hat.\u201c<\/em>[15]<\/p>\n<p>Der Sohn eines Bundeswehrsoldaten, der in der Garnisonsstadt Munster aufwuchs, h\u00e4lt sich offensichtlich f\u00fcr einen begnadeten Politiker, wenn er von seiner \u201everdammt hohen Verantwortung\u201c spricht und sinniert:<\/p>\n<p style=\"padding-left: 40px;\"><em>\u201eIch glaube, wir sind gerade in einer historischen Phase, auf die man zur\u00fcckguckt in zwanzig Jahren und sich fragt, hat man damals die richtigen Entscheidungen getroffen und die Weichen richtig gestellt.\u201c<\/em><\/p>\n<p>Er scheint, ebenso wenig wie sein Koalitionspartner, zu begreifen, wie sehr sie der Demokratie schaden und was sie \u201eunserem Land\u201c von dem sie st\u00e4ndig sprechen, antun.<\/p>\n<p>Wie es weitergeht, ist derzeit nicht vorhersehbar. V\u00f6llig \u00fcberraschend kam den Koalitionspartnern der ehemalige Gesundheitsminister Jens Spahn, Mitglied des CDU-Pr\u00e4sidiums, in die Quere. Obwohl ein Unvereinbarkeitsbeschluss der CDU gegen\u00fcber der AfD gilt, hat er am 11. April in einem Interview mit der <em>Bild-Zeitung<\/em> gefordert, mit der AfD im Parlament so umzugehen, \u201ewie mit jeder anderen Oppositionspartei\u201c. Ob es sich dabei um einen Test handelt, die \u201eBrandmauer\u201c gegen die AfD aufzugeben, wird sich zeigen.<\/p>\n<p>Wie immer man zur AfD steht: Spahns Vorschlag ist vern\u00fcnftig und entspricht Recht und Gesetz. Zum einen ist die AfD die zweitgr\u00f6\u00dfte Partei im Deutschen Bundestag. Sie wurde von 20,6 Prozent der Wahlberechtigten gew\u00e4hlt, ist also eine Volkspartei, und das l\u00e4sst sich nicht wegdebattieren. Zum anderen ist sie eine zugelassene Partei, die wie jede andere Partei agieren darf, solange sie nicht verboten wird.[16] Letzteres aber ist nur m\u00f6glich aufgrund eines f\u00f6rmlichen Verfahrens vor dem Bundesverfassungsgericht, das bisher nicht eingeleitet wurde.<\/p>\n<p>Erstaunlich und zugleich ern\u00fcchternd war das Ergebnis der Befragung von etwa 358000 Mitgliedern der SPD zum Koalitionsvertrag \u2013 die Mehrheit der W\u00e4hler, die eine Umsetzung des Vertrages h\u00e4tten verhindern k\u00f6nnen, stimmte zu. Nach allem, was jetzt beabsichtigt ist und vor den Wahlen nicht absehbar war, w\u00e4ren Neuwahlen zu fordern. Aber danach sieht es zurzeit nicht aus. Die Indoktrination der Bev\u00f6lkerung zeigt immer deutlichere Wirkung.<\/p>\n<p style=\"text-align: right;\"><em>Dr. Wolfgang Bittner, Jahrgang 1941, lebt als freier Schriftsteller in G\u00f6ttingen und ist Mitglied des Deutschen Freidenker-Verbandes und seines Beirats<\/em><\/p>\n<p>&nbsp;<\/p>\n<h5>Quellen und Anmerkungen<\/h5>\n<p>1\u00a0 <a href=\"http:\/\/www.spd.de\/fileadmin\/Dokumente\/Koalitionsvertrag2025_bf.pdf\">www.spd.de\/fileadmin\/Dokumente\/Koalitionsvertrag2025_bf.pdf<\/a><\/p>\n<p>2\u00a0 Zit. wie <a href=\"http:\/\/www.tagesschau.de\/ausland\/europa\/merz-ukraine-108.html\">www.tagesschau.de\/ausland\/europa\/merz-ukraine-108.html<\/a><\/p>\n<p>3\u00a0 Zit. wie <a href=\"http:\/\/www.ardmediathek.de\/video\/caren-miosga\/geht-so-ihr-politikwechsel-herr-merz-mit-gebaerdensprache\/das-erste\/Y3JpZDovL2Rhc2Vyc3RlLmRlL2NhcmVuLW1pb3NnYS8yMDI1LTA0LTEzXzIxLTQ1LU1FU1ovZ2ViYWVyZGVuc3ByYWNoZQ\">www.ardmediathek.de\/video\/caren-miosga\/geht-so-ihr-politikwechsel-herr-merz-mit-gebaerdensprache\/das-erste\/Y3JpZDovL2Rhc2Vyc3RlLmRlL2NhcmVuLW1pb3NnYS8yMDI1LTA0LTEzXzIxLTQ1LU1FU1ovZ2ViYWVyZGVuc3ByYWNoZQ<\/a><\/p>\n<p>4\u00a0 Zit. wie <a href=\"https:\/\/gilbertdoctorow.com\/2025\/04\/15\/friedrich-merz-the-most-dangerous-german-leader-since-adolf-hitler\/\">https:\/\/gilbertdoctorow.com\/2025\/04\/15\/friedrich-merz-the-most-dangerous-german-leader-since-adolf-hitler\/<\/a><\/p>\n<p>5\u00a0 Vgl. <a href=\"http:\/\/www.fr.de\/politik\/putin-vertrauter-reagiert-auf-merz-taurus-plan-denk-nochmal-nach-nazi-zr-93683831.html\">www.fr.de\/politik\/putin-vertrauter-reagiert-auf-merz-taurus-plan-denk-nochmal-nach-nazi-zr-93683831.html<\/a><\/p>\n<p>6\u00a0 Zit. wie <a href=\"http:\/\/www.tagesschau.de\/ausland\/europa\/ukraine-merz-taurus-russland-kreml-medwedew-100.html\">www.tagesschau.de\/ausland\/europa\/ukraine-merz-taurus-russland-kreml-medwedew-100.html<\/a><\/p>\n<p>7\u00a0 Stepan Bandera (1909\u20131959), Kriegsverbrecher, M\u00f6rder und Nazikollaborateur, als Nationalheld verehrt<\/p>\n<p>8\u00a0 Zit. wie <a href=\"http:\/\/www.welt.de\/debatte\/kommentare\/article255971068\/Gastbeitrag-Die-Zukunft-der-Ukraine-haengt-jetzt-auch-von-Friedrich-Merz-ab.html?wtrid=socialmedia.socialflow....socialflow_twitter\">www.welt.de\/debatte\/kommentare\/article255971068\/Gastbeitrag-Die-Zukunft-der-Ukraine-haengt-jetzt-auch-von-Friedrich-Merz-ab.html?wtrid=socialmedia.socialflow&#8230;.socialflow_twitter<\/a><\/p>\n<p>9\u00a0 Ebd.<\/p>\n<p>10 Dazu Wolfgang Bittner, \u201eNiemand soll hungern, ohne zu frieren. So wie es ist, kann und wird es nicht bleiben\u201c, Verlag zeitgeist, H\u00f6hr-Grenzhausen 2024, S. 69-73<\/p>\n<p>11 Siehe: <a href=\"https:\/\/norberthaering.de\/news\/koalitionsvertrag-digitalzwang\/\">https:\/\/norberthaering.de\/news\/koalitionsvertrag-digitalzwang\/<\/a><\/p>\n<p>12 BlackRock Inc., eine US-amerikanische Investmentgesellschaft, verwaltet weltweit ein Verm\u00f6gen von \u00fcber 10 Billionen US-Dollar.<\/p>\n<p>13 Vgl. <a href=\"http:\/\/www.youtube.com\/watch?v=7qvDCT96B6w\">www.youtube.com\/watch?v=7qvDCT96B6w<\/a> (19.4.2025)<\/p>\n<p>14 Vgl. www.fr.de\/politik\/senkung-der-einkommensteuer-spd-geht-auf-konfrontationskurs-93684719.html<\/p>\n<p>15 Zit. wie <a href=\"https:\/\/rtde.agency\/meinung\/190373-lars-klingbeil-neuer-tiefpunkt-in\/\">https:\/\/rtde.agency\/meinung\/190373-lars-klingbeil-neuer-tiefpunkt-in\/<\/a>. Sowie: <a href=\"https:\/\/weltexpress.info\/lars-klingbeil-ein-neuer-tiefpunkt-in-der-geschichte-der-spd\/\">https:\/\/weltexpress.info\/lars-klingbeil-ein-neuer-tiefpunkt-in-der-geschichte-der-spd\/<\/a><\/p>\n<p>16 Dazu dezidiert Wolfgang Bittner, \u201eNiemand soll hungern, ohne zu frieren\u201c, S. 187.<\/p>\n<p><span style=\"font-size: 10pt;\">Auch ver\u00f6ffentlicht am 27.04.2025 auf der Webseite <a href=\"https:\/\/voicefromrussia.ch\/wolfgang-bittner-der-berliner-koalitionsvertrag-eine-verstorende-offenbarung\/\" target=\"_blank\" rel=\"noopener\">Stimme aus Russland<\/a><\/span><\/p>\n<hr \/>\n<p><span style=\"font-size: 10pt;\">Bild oben: Symbolbild<\/span><br \/>\n<span style=\"font-size: 10pt;\">Quelle: <a href=\"https:\/\/pixabay.com\/de\/illustrations\/ai-generiert-silhouette-politiker-8810206\/\" target=\"_blank\" rel=\"noopener\">pixabay.com<\/a> \/ <a class=\"userName--owby3\" href=\"https:\/\/pixabay.com\/de\/users\/thevisualengineer-37923975\/\" target=\"_blank\" rel=\"noopener\">TheVisualEngineer<\/a> \/ <a href=\"https:\/\/pixabay.com\/de\/service\/license-summary\/\" target=\"_blank\" rel=\"noopener\">Inhaltslizenz<\/a><\/span><\/p>\n<p>&nbsp;<\/p>\n","protected":false},"excerpt":{"rendered":"<p><b>Beitrag von Wolfgang Bittner<\/b><br \/>\nSeit Jahren schon befindet sich Deutschland auf einer absch\u00fcssigen Bahn in den Totalitarismus. Ein weiterer Schritt auf diesem Weg ist der Koalitionsvertrag der CDU\/CSU mit der SPD vom 9. April 2025. Darin hei\u00dft es gleich zu Anfang: <i>\u201eKlarheit \u00fcber den richtigen Weg der n\u00e4chsten Jahre erfordert zun\u00e4chst Klarheit in der Standortbestimmung: Im \u00c4u\u00dferen greifen die Gegner unserer liberalen Demokratie unsere Freiheit an. Autorit\u00e4re M\u00e4chte erstarken. Der russische Angriffskrieg gegen die Ukraine bedroht auch unsere Sicherheit. Wir erleben hybride Angriffe auf unser Land mit dem Ziel, den Zusammenhalt in Deutschland zu zerst\u00f6ren, unsere Demokratie zu untergraben und unsere Sicherheit zu gef\u00e4hrden. [&#8230;]<\/i>. Allein schon diese \u201eStandortbestimmung\u201c verdeutlich, wes Geistes diese Politiker sind, &#8230;<\/p>\n","protected":false},"author":3,"featured_media":21667,"comment_status":"closed","ping_status":"closed","sticky":false,"template":"","format":"standard","meta":{"colormag_page_container_layout":"default_layout","colormag_page_sidebar_layout":"default_layout","advanced_seo_description":"","jetpack_seo_html_title":"","jetpack_seo_noindex":false,"jetpack_post_was_ever_published":false,"footnotes":""},"categories":[12],"tags":[1458,452,627,2489,2612,2213,56,1317,1554,1649,639,185,1623,2523,345,1530],"class_list":["post-21658","post","type-post","status-publish","format-standard","has-post-thumbnail","hentry","category-demokratie-medien-aufklaerung","tag-bedrohung","tag-deutschland","tag-energiepolitik","tag-friedrich-merz","tag-koalitionsvertrag","tag-militaerhilfe","tag-nato","tag-nord-stream","tag-preissteigerung","tag-regelbasierte-weltordnung","tag-ukraine-konflikt","tag-usa","tag-verfassung","tag-verteidigungspolitik","tag-voelkerrecht","tag-wohlstand"],"jetpack_featured_media_url":"https:\/\/i0.wp.com\/www.freidenker.org\/fw17\/wp-content\/uploads\/2025\/05\/ai-generated-8810206_800x450.jpg?fit=800%2C450&ssl=1","jetpack_shortlink":"https:\/\/wp.me\/p9stpK-5Dk","jetpack-related-posts":[{"id":24973,"url":"https:\/\/www.freidenker.org\/?p=24973","url_meta":{"origin":21658,"position":0},"title":"Der pers\u00f6nliche Einsatz des Friedrich Merz f\u00fcr die Ukraine","author":"Webredaktion","date":"23. April 2026","format":false,"excerpt":"Buchauszug von Wolfgang Bittner Der deutsche Bundeskanzler Friedrich Merz freut sich, dass Victor Orb\u00e1n nicht wiedergew\u00e4hlt wurde und dass die EU jetzt 90 Milliarden Euro an die Ukraine \u00fcberweisen kann. Am 14. April hat Merz den ukrainischen Machthaber Wolodymyr Selenskyj mit milit\u00e4rischen Ehren in Berlin empfangen. Unter anderem wurde eine\u2026","rel":"","context":"In &quot;Aktuelles&quot;","block_context":{"text":"Aktuelles","link":"https:\/\/www.freidenker.org\/?cat=574"},"img":{"alt_text":"","src":"https:\/\/i0.wp.com\/www.freidenker.org\/fw17\/wp-content\/uploads\/2026\/04\/merz_selenskyj_berlin_2026-04-14_800x450.jpg?fit=800%2C450&ssl=1&resize=350%2C200","width":350,"height":200,"srcset":"https:\/\/i0.wp.com\/www.freidenker.org\/fw17\/wp-content\/uploads\/2026\/04\/merz_selenskyj_berlin_2026-04-14_800x450.jpg?fit=800%2C450&ssl=1&resize=350%2C200 1x, https:\/\/i0.wp.com\/www.freidenker.org\/fw17\/wp-content\/uploads\/2026\/04\/merz_selenskyj_berlin_2026-04-14_800x450.jpg?fit=800%2C450&ssl=1&resize=525%2C300 1.5x, https:\/\/i0.wp.com\/www.freidenker.org\/fw17\/wp-content\/uploads\/2026\/04\/merz_selenskyj_berlin_2026-04-14_800x450.jpg?fit=800%2C450&ssl=1&resize=700%2C400 2x"},"classes":[]},{"id":15088,"url":"https:\/\/www.freidenker.org\/?p=15088","url_meta":{"origin":21658,"position":1},"title":"Zeitenwende \u2013 b\u00f6ses Ende!","author":"Webredaktion","date":"27. Januar 2023","format":false,"excerpt":"Beitrag von Prof. Dr. Anton Latzo Ein Jahr nach der Rede von Bundeskanzler Olaf Scholz in der Sondersitzung des Bundestages vom 27. Februar 2022, in der er die \u201eZeitenwende\u201c verk\u00fcndet hat, wurde nach einer Klausurtagung der SPD-Fraktion am 13. Januar 2023 ein Positionspapier \u201eSozialdemokratische internationale Politik in der Zeitenwende\u201c verabschiedet.\u2026","rel":"","context":"In &quot;Demokratie \u2013 Medien \u2013 Aufkl\u00e4rung&quot;","block_context":{"text":"Demokratie \u2013 Medien \u2013 Aufkl\u00e4rung","link":"https:\/\/www.freidenker.org\/?cat=12"},"img":{"alt_text":"","src":"https:\/\/i0.wp.com\/www.freidenker.org\/fw17\/wp-content\/uploads\/2023\/01\/eis_kiewer_art_800x450.jpg?fit=800%2C450&ssl=1&resize=350%2C200","width":350,"height":200,"srcset":"https:\/\/i0.wp.com\/www.freidenker.org\/fw17\/wp-content\/uploads\/2023\/01\/eis_kiewer_art_800x450.jpg?fit=800%2C450&ssl=1&resize=350%2C200 1x, https:\/\/i0.wp.com\/www.freidenker.org\/fw17\/wp-content\/uploads\/2023\/01\/eis_kiewer_art_800x450.jpg?fit=800%2C450&ssl=1&resize=525%2C300 1.5x, https:\/\/i0.wp.com\/www.freidenker.org\/fw17\/wp-content\/uploads\/2023\/01\/eis_kiewer_art_800x450.jpg?fit=800%2C450&ssl=1&resize=700%2C400 2x"},"classes":[]},{"id":11740,"url":"https:\/\/www.freidenker.org\/?p=11740","url_meta":{"origin":21658,"position":2},"title":"SPD-Kanzlerschaft Nummer vier","author":"Webredaktion","date":"4. Dezember 2021","format":false,"excerpt":"Statt Friedensbekenntnis mehr Militanz gegen Russland und China - Beitrag von Prof. Dr. Anton Latzo Eine Zeitenwende, wie es Medien formulieren, ist es nicht. Die neue deutsche Regierung verspricht zwar \"Mehr Fortschritt wagen\", aber wir sollten auch daran denken, dass sie nicht die erste Regierung ist, in der die SPD\u2026","rel":"","context":"In &quot;Frieden - Antifaschismus - Solidarit\u00e4t&quot;","block_context":{"text":"Frieden - Antifaschismus - Solidarit\u00e4t","link":"https:\/\/www.freidenker.org\/?cat=13"},"img":{"alt_text":"","src":"https:\/\/i0.wp.com\/www.freidenker.org\/fw17\/wp-content\/uploads\/2021\/12\/olaf-scholz-6694889_800x450.jpg?fit=800%2C450&ssl=1&resize=350%2C200","width":350,"height":200,"srcset":"https:\/\/i0.wp.com\/www.freidenker.org\/fw17\/wp-content\/uploads\/2021\/12\/olaf-scholz-6694889_800x450.jpg?fit=800%2C450&ssl=1&resize=350%2C200 1x, https:\/\/i0.wp.com\/www.freidenker.org\/fw17\/wp-content\/uploads\/2021\/12\/olaf-scholz-6694889_800x450.jpg?fit=800%2C450&ssl=1&resize=525%2C300 1.5x, https:\/\/i0.wp.com\/www.freidenker.org\/fw17\/wp-content\/uploads\/2021\/12\/olaf-scholz-6694889_800x450.jpg?fit=800%2C450&ssl=1&resize=700%2C400 2x"},"classes":[]},{"id":12201,"url":"https:\/\/www.freidenker.org\/?p=12201","url_meta":{"origin":21658,"position":3},"title":"Steinmeier nach Wiederwahl \u2013 Schuldzuweisungen und Warnungen an Putin","author":"Webredaktion","date":"18. Februar 2022","format":false,"excerpt":"Beitrag von Christian Harde Frank-Walter Steinmeier beginnt seine zweite Amtszeit mit einer au\u00dfenpolitischen Provokation. Nach seiner Wiederwahl durch die 17. Bundesversammlung hat der bisherige und k\u00fcnftige Bundespr\u00e4sident in seiner Dankesrede an die Delegierten heftige Vorw\u00fcrfe an die Adresse Russlands und dessen Pr\u00e4sidenten Wladimir Putin erhoben. ... Kaum, dass Steinmeier seinen\u2026","rel":"","context":"In &quot;Frieden - Antifaschismus - Solidarit\u00e4t&quot;","block_context":{"text":"Frieden - Antifaschismus - Solidarit\u00e4t","link":"https:\/\/www.freidenker.org\/?cat=13"},"img":{"alt_text":"","src":"https:\/\/i0.wp.com\/www.freidenker.org\/fw17\/wp-content\/uploads\/2022\/02\/Vladimir_Putin_and_Frank-Walter_Steinmeier_800x450.jpg?fit=800%2C450&ssl=1&resize=350%2C200","width":350,"height":200,"srcset":"https:\/\/i0.wp.com\/www.freidenker.org\/fw17\/wp-content\/uploads\/2022\/02\/Vladimir_Putin_and_Frank-Walter_Steinmeier_800x450.jpg?fit=800%2C450&ssl=1&resize=350%2C200 1x, https:\/\/i0.wp.com\/www.freidenker.org\/fw17\/wp-content\/uploads\/2022\/02\/Vladimir_Putin_and_Frank-Walter_Steinmeier_800x450.jpg?fit=800%2C450&ssl=1&resize=525%2C300 1.5x, https:\/\/i0.wp.com\/www.freidenker.org\/fw17\/wp-content\/uploads\/2022\/02\/Vladimir_Putin_and_Frank-Walter_Steinmeier_800x450.jpg?fit=800%2C450&ssl=1&resize=700%2C400 2x"},"classes":[]},{"id":16372,"url":"https:\/\/www.freidenker.org\/?p=16372","url_meta":{"origin":21658,"position":4},"title":"Oskar Lafontaine im Interview: &#8222;Gr\u00fcne sind der US-Politik unterworfen&#8220;","author":"Webredaktion","date":"28. Juni 2023","format":false,"excerpt":"Interview von Tom J. Wellbrock mit Oskar Lafontaine Im Interview mit Tom Wellbrock streift der ehemalige SPD-Politiker und Gr\u00fcnder der Partei Die Linke, Oskar Lafontaine, zahlreiche Themenfelder der aktuellen Politik und r\u00e4umt mit vielem auf, was in Deutschland f\u00fcr wahr gehalten wird, jedoch nicht den Fakten entspricht.\u00a0Da ist zun\u00e4chst das\u2026","rel":"","context":"In &quot;Demokratie \u2013 Medien \u2013 Aufkl\u00e4rung&quot;","block_context":{"text":"Demokratie \u2013 Medien \u2013 Aufkl\u00e4rung","link":"https:\/\/www.freidenker.org\/?cat=12"},"img":{"alt_text":"","src":"https:\/\/i0.wp.com\/www.freidenker.org\/fw17\/wp-content\/uploads\/2023\/06\/Lafontaine_800x450.jpg?fit=800%2C450&ssl=1&resize=350%2C200","width":350,"height":200,"srcset":"https:\/\/i0.wp.com\/www.freidenker.org\/fw17\/wp-content\/uploads\/2023\/06\/Lafontaine_800x450.jpg?fit=800%2C450&ssl=1&resize=350%2C200 1x, https:\/\/i0.wp.com\/www.freidenker.org\/fw17\/wp-content\/uploads\/2023\/06\/Lafontaine_800x450.jpg?fit=800%2C450&ssl=1&resize=525%2C300 1.5x, https:\/\/i0.wp.com\/www.freidenker.org\/fw17\/wp-content\/uploads\/2023\/06\/Lafontaine_800x450.jpg?fit=800%2C450&ssl=1&resize=700%2C400 2x"},"classes":[]},{"id":18884,"url":"https:\/\/www.freidenker.org\/?p=18884","url_meta":{"origin":21658,"position":5},"title":"EU-Wahl 2024: Kein Ruf nach Frieden \u2013 fast alle Parteien sind auf R\u00fcstung und Krieg fixiert (Teil 2)","author":"Webredaktion","date":"29. April 2024","format":false,"excerpt":"Teil 2: \u00a0Die 10. EU-Wahl im Schatten des Krieges Kommentar von\u00a0Wolfgang Effenberger Vom 6. bis zum 9. Juni 2024 (in Deutschland am 9. Juni) w\u00e4hlen die\u00a027 Mitgliedsstaaten der EU ein neues Europ\u00e4isches Parlament. Zum ersten Mal sind auch Jugendliche ab 16 Jahren wahlberechtigt. Daf\u00fcr haben sich die GR\u00dcNEN\u00a0seit zwei Jahren\u2026","rel":"","context":"In &quot;Demokratie \u2013 Medien \u2013 Aufkl\u00e4rung&quot;","block_context":{"text":"Demokratie \u2013 Medien \u2013 Aufkl\u00e4rung","link":"https:\/\/www.freidenker.org\/?cat=12"},"img":{"alt_text":"","src":"https:\/\/i0.wp.com\/www.freidenker.org\/fw17\/wp-content\/uploads\/2024\/04\/Effenberger_EU-Wahl_02_800x450.jpg?fit=800%2C450&ssl=1&resize=350%2C200","width":350,"height":200,"srcset":"https:\/\/i0.wp.com\/www.freidenker.org\/fw17\/wp-content\/uploads\/2024\/04\/Effenberger_EU-Wahl_02_800x450.jpg?fit=800%2C450&ssl=1&resize=350%2C200 1x, https:\/\/i0.wp.com\/www.freidenker.org\/fw17\/wp-content\/uploads\/2024\/04\/Effenberger_EU-Wahl_02_800x450.jpg?fit=800%2C450&ssl=1&resize=525%2C300 1.5x, https:\/\/i0.wp.com\/www.freidenker.org\/fw17\/wp-content\/uploads\/2024\/04\/Effenberger_EU-Wahl_02_800x450.jpg?fit=800%2C450&ssl=1&resize=700%2C400 2x"},"classes":[]}],"_links":{"self":[{"href":"https:\/\/www.freidenker.org\/index.php?rest_route=\/wp\/v2\/posts\/21658","targetHints":{"allow":["GET"]}}],"collection":[{"href":"https:\/\/www.freidenker.org\/index.php?rest_route=\/wp\/v2\/posts"}],"about":[{"href":"https:\/\/www.freidenker.org\/index.php?rest_route=\/wp\/v2\/types\/post"}],"author":[{"embeddable":true,"href":"https:\/\/www.freidenker.org\/index.php?rest_route=\/wp\/v2\/users\/3"}],"replies":[{"embeddable":true,"href":"https:\/\/www.freidenker.org\/index.php?rest_route=%2Fwp%2Fv2%2Fcomments&post=21658"}],"version-history":[{"count":3,"href":"https:\/\/www.freidenker.org\/index.php?rest_route=\/wp\/v2\/posts\/21658\/revisions"}],"predecessor-version":[{"id":21669,"href":"https:\/\/www.freidenker.org\/index.php?rest_route=\/wp\/v2\/posts\/21658\/revisions\/21669"}],"wp:featuredmedia":[{"embeddable":true,"href":"https:\/\/www.freidenker.org\/index.php?rest_route=\/wp\/v2\/media\/21667"}],"wp:attachment":[{"href":"https:\/\/www.freidenker.org\/index.php?rest_route=%2Fwp%2Fv2%2Fmedia&parent=21658"}],"wp:term":[{"taxonomy":"category","embeddable":true,"href":"https:\/\/www.freidenker.org\/index.php?rest_route=%2Fwp%2Fv2%2Fcategories&post=21658"},{"taxonomy":"post_tag","embeddable":true,"href":"https:\/\/www.freidenker.org\/index.php?rest_route=%2Fwp%2Fv2%2Ftags&post=21658"}],"curies":[{"name":"wp","href":"https:\/\/api.w.org\/{rel}","templated":true}]}}