{"id":21649,"date":"2025-05-02T01:44:04","date_gmt":"2025-05-01T23:44:04","guid":{"rendered":"https:\/\/www.freidenker.org\/?p=21649"},"modified":"2025-05-19T14:28:32","modified_gmt":"2025-05-19T12:28:32","slug":"veranstaltungen-80-jahre-befreiung-von-faschismus-und-krieg","status":"publish","type":"post","link":"https:\/\/www.freidenker.org\/?p=21649","title":{"rendered":"Veranstaltungen: 80 Jahre Befreiung von Faschismus und Krieg"},"content":{"rendered":"<p>Bis 1985 hat es in der Alt-BRD gedauert, bis der Jahrestag nicht mehr als Tag der Niederlage und der Schmach, sondernd der Befreiung galt.<\/p>\n<p>2025 scheint das nicht mehr zu gelten. Dem Ende des 2. Weltkriegs wollen Bundesregierung und die EU ohne Befreier gedenken, Vertreter der Russischen F\u00f6deration und von Belarus sollen von Gedenkfeiern ferngehalten werden. Einer der letzten Baerb\u00f6cke ist die \u201estreng geheime\u201c Empfehlung, sie notfalls mit dem \u201eHausrecht\u201c zu entfernen. Kallas, ihre EU-Schwester im Ungeist, droht den Regierungschefs von L\u00e4ndern, die an der Siegesparade am Moskauer Roten Platz teilnehmen. Sie sollen stattdessen am 9. Mai nach Kiew reisen, wo den Kollaborateuren der Waffen-SS gedacht wird. Die deutschen und EU-Eliten k\u00f6nnen offenbar die Befreiung vom Faschismus nicht verzeihen. Wer heute Feind der NATO ist, darf niemals Freund oder Befreier gewesen sein.<\/p>\n<p>Wir spielen dieses perfide Spiel der Kriegsert\u00fcchtiger nicht mit. Russland ist nicht unser Feind und Russen sind unsere Freunde!<\/p>\n<p><strong>Drushba \u2013 Freundschaft \u2013 Frieden mit Russland!<\/strong><\/p>\n<h4>Wir feiern den 80. Jahrestag des Sieges \u00fcber den Faschismus<\/h4>\n<p><img data-recalc-dims=\"1\" loading=\"lazy\" decoding=\"async\" data-attachment-id=\"21650\" data-permalink=\"https:\/\/www.freidenker.org\/?attachment_id=21650\" data-orig-file=\"https:\/\/i0.wp.com\/www.freidenker.org\/fw17\/wp-content\/uploads\/2025\/05\/TdB_Hessen_01.jpg?fit=1811%2C327&amp;ssl=1\" data-orig-size=\"1811,327\" data-comments-opened=\"0\" data-image-meta=\"{&quot;aperture&quot;:&quot;0&quot;,&quot;credit&quot;:&quot;&quot;,&quot;camera&quot;:&quot;&quot;,&quot;caption&quot;:&quot;&quot;,&quot;created_timestamp&quot;:&quot;0&quot;,&quot;copyright&quot;:&quot;&quot;,&quot;focal_length&quot;:&quot;0&quot;,&quot;iso&quot;:&quot;0&quot;,&quot;shutter_speed&quot;:&quot;0&quot;,&quot;title&quot;:&quot;&quot;,&quot;orientation&quot;:&quot;0&quot;}\" data-image-title=\"TdB_Hessen_01\" data-image-description=\"\" data-image-caption=\"\" data-large-file=\"https:\/\/i0.wp.com\/www.freidenker.org\/fw17\/wp-content\/uploads\/2025\/05\/TdB_Hessen_01.jpg?fit=800%2C145&amp;ssl=1\" class=\"alignnone wp-image-21650 size-large\" src=\"https:\/\/i0.wp.com\/www.freidenker.org\/fw17\/wp-content\/uploads\/2025\/05\/TdB_Hessen_01.jpg?resize=800%2C145&#038;ssl=1\" alt=\"\" width=\"800\" height=\"145\" srcset=\"https:\/\/i0.wp.com\/www.freidenker.org\/fw17\/wp-content\/uploads\/2025\/05\/TdB_Hessen_01.jpg?resize=1024%2C185&amp;ssl=1 1024w, https:\/\/i0.wp.com\/www.freidenker.org\/fw17\/wp-content\/uploads\/2025\/05\/TdB_Hessen_01.jpg?resize=300%2C54&amp;ssl=1 300w, https:\/\/i0.wp.com\/www.freidenker.org\/fw17\/wp-content\/uploads\/2025\/05\/TdB_Hessen_01.jpg?resize=768%2C139&amp;ssl=1 768w, https:\/\/i0.wp.com\/www.freidenker.org\/fw17\/wp-content\/uploads\/2025\/05\/TdB_Hessen_01.jpg?resize=1536%2C277&amp;ssl=1 1536w, https:\/\/i0.wp.com\/www.freidenker.org\/fw17\/wp-content\/uploads\/2025\/05\/TdB_Hessen_01.jpg?w=1811&amp;ssl=1 1811w, https:\/\/i0.wp.com\/www.freidenker.org\/fw17\/wp-content\/uploads\/2025\/05\/TdB_Hessen_01.jpg?w=1600&amp;ssl=1 1600w\" sizes=\"auto, (max-width: 800px) 100vw, 800px\" \/><\/p>\n<h5>Einladung zum Internationalen Gedenkmarsch \u201eUnsterbliches Regiment\u201c<\/h5>\n<p>am Sonntag, <strong>04.05.2025<\/strong> um 11 Uhr in Frankfurt am Main, Opernplatz<\/p>\n<p><img data-recalc-dims=\"1\" loading=\"lazy\" decoding=\"async\" data-attachment-id=\"21651\" data-permalink=\"https:\/\/www.freidenker.org\/?attachment_id=21651\" data-orig-file=\"https:\/\/i0.wp.com\/www.freidenker.org\/fw17\/wp-content\/uploads\/2025\/05\/TdB_Hessen_02.jpg?fit=1382%2C305&amp;ssl=1\" data-orig-size=\"1382,305\" data-comments-opened=\"0\" data-image-meta=\"{&quot;aperture&quot;:&quot;0&quot;,&quot;credit&quot;:&quot;&quot;,&quot;camera&quot;:&quot;&quot;,&quot;caption&quot;:&quot;&quot;,&quot;created_timestamp&quot;:&quot;0&quot;,&quot;copyright&quot;:&quot;&quot;,&quot;focal_length&quot;:&quot;0&quot;,&quot;iso&quot;:&quot;0&quot;,&quot;shutter_speed&quot;:&quot;0&quot;,&quot;title&quot;:&quot;&quot;,&quot;orientation&quot;:&quot;0&quot;}\" data-image-title=\"TdB_Hessen_02\" data-image-description=\"\" data-image-caption=\"\" data-large-file=\"https:\/\/i0.wp.com\/www.freidenker.org\/fw17\/wp-content\/uploads\/2025\/05\/TdB_Hessen_02.jpg?fit=800%2C177&amp;ssl=1\" class=\"alignnone wp-image-21651 size-large\" src=\"https:\/\/i0.wp.com\/www.freidenker.org\/fw17\/wp-content\/uploads\/2025\/05\/TdB_Hessen_02.jpg?resize=800%2C177&#038;ssl=1\" alt=\"\" width=\"800\" height=\"177\" srcset=\"https:\/\/i0.wp.com\/www.freidenker.org\/fw17\/wp-content\/uploads\/2025\/05\/TdB_Hessen_02.jpg?resize=1024%2C226&amp;ssl=1 1024w, https:\/\/i0.wp.com\/www.freidenker.org\/fw17\/wp-content\/uploads\/2025\/05\/TdB_Hessen_02.jpg?resize=300%2C66&amp;ssl=1 300w, https:\/\/i0.wp.com\/www.freidenker.org\/fw17\/wp-content\/uploads\/2025\/05\/TdB_Hessen_02.jpg?resize=768%2C169&amp;ssl=1 768w, https:\/\/i0.wp.com\/www.freidenker.org\/fw17\/wp-content\/uploads\/2025\/05\/TdB_Hessen_02.jpg?w=1382&amp;ssl=1 1382w\" sizes=\"auto, (max-width: 800px) 100vw, 800px\" \/><\/p>\n<p>Es sprechen u.a. Lilly Trubitzin, B\u00fcrgerinitiative \u201eUnsterbliches Regiment\u201c und Sebastian Bahlo, Deutscher Freidenker-Verband. Musik: Ernesto Schwarz<\/p>\n<p>Zu den diesj\u00e4hrigen Osterm\u00e4rschen hat der DGB eine Erkl\u00e4rung ver\u00f6ffentlicht, die nur als Kriegserkl\u00e4rung bezeichnet werden kann: Er fordert \u201everst\u00e4rkte Anstrengungen, um verteidigungsf\u00e4higer zu werden\u201c und die \u201eErh\u00f6hung der Verteidigungsausgaben \u2026 mit Kreditfinanzie\u00adrung\u201c. Gewerkschaften, die f\u00fcr \u201eKriegst\u00fcchtigkeit\u201c eintreten, brauchen nur die Kriegstreiber und R\u00fcstungsprofiteure.<\/p>\n<p>Der DGB S\u00fcdosthessen hat seine Unterst\u00fctzung f\u00fcr den Ostermarsch 2025 in Offenbach zur\u00fcckgezogen, denn \u201edie Positionierungen des Redners widersprechen den Positionen des DGB\u201c. Gemeint ist Wieland Hoban, Komponist und Vor\u00adsitzender der \u201eJ\u00fcdischen Stimme f\u00fcr gerechten Frieden in Nahost&#8220;. F\u00fchlt sich der DGB eher der deutschen \u201eStaatsr\u00e4son\u201c der Waffenlieferungen f\u00fcr den V\u00f6lkermord in Pal\u00e4stina verpflichtet?<\/p>\n<p>Bei dem in Offenbach geplanten Gedenk- und Kulturfest am Platz des 8. Mai wurde der Offenbacher Friedensinitiative von einem imagin\u00e4ren B\u00fcndnis ein Redebeitrag verwehrt, in dem sie vor der aktuellen Bedrohung des Friedens durch massive Aufr\u00fcstung warnen wollte. Wer die Warnung vor der neuen Kriegsgefahr aus dem Gedenken ausschlie\u00dft, verfehlt und verf\u00e4lscht den Sinn des Tages der Befreiung und des Sieges.<\/p>\n<h5><strong>8. Mai 2025<\/strong>: <strong>Kundgebung an der Flamme vor dem Offenbacher Rathaus<\/strong><\/h5>\n<p>Donnerstag um 17 Uhr, Berliner Stra\u00dfe 100, mit Reden, Gedichten und Liedern<\/p>\n<p>Veranstalter: Deutscher Freidenker-Verband, Kreisverband Offenbach, Freigeister Offenbach, dieBasis Offenbach<\/p>\n<p><img data-recalc-dims=\"1\" loading=\"lazy\" decoding=\"async\" data-attachment-id=\"21652\" data-permalink=\"https:\/\/www.freidenker.org\/?attachment_id=21652\" data-orig-file=\"https:\/\/i0.wp.com\/www.freidenker.org\/fw17\/wp-content\/uploads\/2025\/05\/TdB_Hessen_03.jpg?fit=663%2C332&amp;ssl=1\" data-orig-size=\"663,332\" data-comments-opened=\"0\" data-image-meta=\"{&quot;aperture&quot;:&quot;0&quot;,&quot;credit&quot;:&quot;&quot;,&quot;camera&quot;:&quot;&quot;,&quot;caption&quot;:&quot;&quot;,&quot;created_timestamp&quot;:&quot;0&quot;,&quot;copyright&quot;:&quot;&quot;,&quot;focal_length&quot;:&quot;0&quot;,&quot;iso&quot;:&quot;0&quot;,&quot;shutter_speed&quot;:&quot;0&quot;,&quot;title&quot;:&quot;&quot;,&quot;orientation&quot;:&quot;0&quot;}\" data-image-title=\"TdB_Hessen_03\" data-image-description=\"\" data-image-caption=\"\" data-large-file=\"https:\/\/i0.wp.com\/www.freidenker.org\/fw17\/wp-content\/uploads\/2025\/05\/TdB_Hessen_03.jpg?fit=663%2C332&amp;ssl=1\" class=\"alignnone wp-image-21652 size-full\" src=\"https:\/\/i0.wp.com\/www.freidenker.org\/fw17\/wp-content\/uploads\/2025\/05\/TdB_Hessen_03.jpg?resize=663%2C332&#038;ssl=1\" alt=\"\" width=\"663\" height=\"332\" srcset=\"https:\/\/i0.wp.com\/www.freidenker.org\/fw17\/wp-content\/uploads\/2025\/05\/TdB_Hessen_03.jpg?w=663&amp;ssl=1 663w, https:\/\/i0.wp.com\/www.freidenker.org\/fw17\/wp-content\/uploads\/2025\/05\/TdB_Hessen_03.jpg?resize=300%2C150&amp;ssl=1 300w\" sizes=\"auto, (max-width: 663px) 100vw, 663px\" \/><\/p>\n<h5><strong>9. Mai 2025<\/strong>: <strong>Kranzniederlegung am sowjetischen Ehrenmal <\/strong><\/h5>\n<p>Freitag um 11 Uhr auf dem Hauptfriedhof in Frankfurt am Main, Eckenheimer Landstra\u00dfe 194, 60320 Frankfurt am Main \u2013 Treffpunkt 10:45 Uhr<\/p>\n<p>Es sprechen u.a. Yury Uraksin, Stellvertretender Generalkonsul am Russischen Generalkonsulat in Bonn und Klaus Hartmann, Deutscher Freidenker-Verband<\/p>\n<p><img data-recalc-dims=\"1\" loading=\"lazy\" decoding=\"async\" data-attachment-id=\"21653\" data-permalink=\"https:\/\/www.freidenker.org\/?attachment_id=21653\" data-orig-file=\"https:\/\/i0.wp.com\/www.freidenker.org\/fw17\/wp-content\/uploads\/2025\/05\/TdB_Hessen_04.jpg?fit=296%2C48&amp;ssl=1\" data-orig-size=\"296,48\" data-comments-opened=\"0\" data-image-meta=\"{&quot;aperture&quot;:&quot;0&quot;,&quot;credit&quot;:&quot;&quot;,&quot;camera&quot;:&quot;&quot;,&quot;caption&quot;:&quot;&quot;,&quot;created_timestamp&quot;:&quot;0&quot;,&quot;copyright&quot;:&quot;&quot;,&quot;focal_length&quot;:&quot;0&quot;,&quot;iso&quot;:&quot;0&quot;,&quot;shutter_speed&quot;:&quot;0&quot;,&quot;title&quot;:&quot;&quot;,&quot;orientation&quot;:&quot;0&quot;}\" data-image-title=\"TdB_Hessen_04\" data-image-description=\"\" data-image-caption=\"\" data-large-file=\"https:\/\/i0.wp.com\/www.freidenker.org\/fw17\/wp-content\/uploads\/2025\/05\/TdB_Hessen_04.jpg?fit=296%2C48&amp;ssl=1\" class=\"wp-image-21653 size-full aligncenter\" src=\"https:\/\/i0.wp.com\/www.freidenker.org\/fw17\/wp-content\/uploads\/2025\/05\/TdB_Hessen_04.jpg?resize=296%2C48&#038;ssl=1\" alt=\"\" width=\"296\" height=\"48\" \/><\/p>\n<p>ViSdP: Deutscher Freidenker-Verband e.V., Landesverband Hessen, Postfach 600721, 60337 Frankfurt a. M.<\/p>\n<p><img data-recalc-dims=\"1\" loading=\"lazy\" decoding=\"async\" data-attachment-id=\"7729\" data-permalink=\"https:\/\/www.freidenker.org\/?attachment_id=7729\" data-orig-file=\"https:\/\/i0.wp.com\/www.freidenker.org\/fw17\/wp-content\/uploads\/2020\/03\/logo_freidenker.jpg?fit=500%2C125&amp;ssl=1\" data-orig-size=\"500,125\" data-comments-opened=\"0\" data-image-meta=\"{&quot;aperture&quot;:&quot;0&quot;,&quot;credit&quot;:&quot;&quot;,&quot;camera&quot;:&quot;&quot;,&quot;caption&quot;:&quot;&quot;,&quot;created_timestamp&quot;:&quot;0&quot;,&quot;copyright&quot;:&quot;&quot;,&quot;focal_length&quot;:&quot;0&quot;,&quot;iso&quot;:&quot;0&quot;,&quot;shutter_speed&quot;:&quot;0&quot;,&quot;title&quot;:&quot;&quot;,&quot;orientation&quot;:&quot;1&quot;}\" data-image-title=\"logo_freidenker\" data-image-description=\"\" data-image-caption=\"\" data-large-file=\"https:\/\/i0.wp.com\/www.freidenker.org\/fw17\/wp-content\/uploads\/2020\/03\/logo_freidenker.jpg?fit=500%2C125&amp;ssl=1\" class=\"alignnone wp-image-7729 size-medium\" src=\"https:\/\/i0.wp.com\/www.freidenker.org\/fw17\/wp-content\/uploads\/2020\/03\/logo_freidenker.jpg?resize=300%2C75&#038;ssl=1\" alt=\"\" width=\"300\" height=\"75\" srcset=\"https:\/\/i0.wp.com\/www.freidenker.org\/fw17\/wp-content\/uploads\/2020\/03\/logo_freidenker.jpg?resize=300%2C75&amp;ssl=1 300w, https:\/\/i0.wp.com\/www.freidenker.org\/fw17\/wp-content\/uploads\/2020\/03\/logo_freidenker.jpg?w=500&amp;ssl=1 500w\" sizes=\"auto, (max-width: 300px) 100vw, 300px\" \/><\/p>\n<p><a href=\"mailto:dfv-hessen@freidenker.org\">dfv-hessen@freidenker.org<\/a> ~ <a href=\"mailto:dfv-offenbach@freidenker.org\">dfv-offenbach@freidenker.org<\/a><\/p>\n<hr \/>\n<p><strong>Download<\/strong><\/p>\n<p><img data-recalc-dims=\"1\" loading=\"lazy\" decoding=\"async\" data-attachment-id=\"1076\" data-permalink=\"https:\/\/www.freidenker.org\/?attachment_id=1076\" data-orig-file=\"https:\/\/i0.wp.com\/www.freidenker.org\/fw17\/wp-content\/uploads\/2017\/10\/pdf_icon-2.png?fit=32%2C32&amp;ssl=1\" data-orig-size=\"32,32\" data-comments-opened=\"0\" data-image-meta=\"{&quot;aperture&quot;:&quot;0&quot;,&quot;credit&quot;:&quot;&quot;,&quot;camera&quot;:&quot;&quot;,&quot;caption&quot;:&quot;&quot;,&quot;created_timestamp&quot;:&quot;0&quot;,&quot;copyright&quot;:&quot;&quot;,&quot;focal_length&quot;:&quot;0&quot;,&quot;iso&quot;:&quot;0&quot;,&quot;shutter_speed&quot;:&quot;0&quot;,&quot;title&quot;:&quot;&quot;,&quot;orientation&quot;:&quot;0&quot;}\" data-image-title=\"pdf_icon\" data-image-description=\"\" data-image-caption=\"\" data-large-file=\"https:\/\/i0.wp.com\/www.freidenker.org\/fw17\/wp-content\/uploads\/2017\/10\/pdf_icon-2.png?fit=32%2C32&amp;ssl=1\" class=\"alignnone size-full wp-image-1076\" src=\"https:\/\/i0.wp.com\/www.freidenker.org\/fw17\/wp-content\/uploads\/2017\/10\/pdf_icon-2.png?resize=32%2C32&#038;ssl=1\" alt=\"\" width=\"32\" height=\"32\" \/> <a href=\"https:\/\/www.freidenker.org\/fw17\/wp-content\/uploads\/2025\/05\/250508-Befreiung-Flyer.pdf\" target=\"_blank\" rel=\"noopener\">Flyer zur Veranstaltung<\/a> (PDF, ca. 276 KB)<\/p>\n<hr \/>\n<p><span style=\"font-size: 10pt;\">Bild oben:\u00a0Gedenkmarsch \u201eUnsterbliches Regiment\u201c 2024 in Frankfurt a.M.<\/span><br \/>\n<span style=\"font-size: 10pt;\">Foto: <a href=\"https:\/\/www.druschbafm.com\/de\/site\/view-post?id=837\" target=\"_blank\" rel=\"noopener\">Druschba FM<\/a><\/span><\/p>\n<p>&nbsp;<\/p>\n","protected":false},"excerpt":{"rendered":"<p>Bis 1985 hat es in der Alt-BRD gedauert, bis der Jahrestag nicht mehr als Tag der Niederlage und der Schmach, sondernd der Befreiung galt. 2025 scheint das nicht mehr zu gelten. Dem Ende des 2. Weltkriegs wollen Bundesregierung und die EU ohne Befreier gedenken, Vertreter der Russischen F\u00f6deration und von Belarus sollen von Gedenkfeiern ferngehalten werden. Einer der letzten Baerb\u00f6cke ist die \u201estreng geheime\u201c Empfehlung, sie notfalls mit dem \u201eHausrecht\u201c zu entfernen.<br \/>\n&#8211; Einladung zum Internationalen Gedenkmarsch \u201eUnsterbliches Regiment\u201c am Sonntag, 04.05.2025 um 11 Uhr in Frankfurt am Main, Opernplatz<br \/>\n&#8211; Kundgebung am Donnerstag, 8. Mai 2025 um 17:00 Uhr an der Flamme vor dem Offenbacher Rathaus am Donnerstag<br \/>\n&#8211; Kranzniederlegung am sowjetischen Ehrenmal am Freitag, 9. Mai 2025 um 11 Uhr auf dem Hauptfriedhof in Frankfurt am Main, Treffpunkt 10:45 Uhr<\/p>\n","protected":false},"author":3,"featured_media":21654,"comment_status":"closed","ping_status":"closed","sticky":false,"template":"","format":"standard","meta":{"colormag_page_container_layout":"default_layout","colormag_page_sidebar_layout":"default_layout","advanced_seo_description":"","jetpack_seo_html_title":"","jetpack_seo_noindex":false,"jetpack_post_was_ever_published":false,"footnotes":""},"categories":[13,19],"tags":[433,924,925,1067,1100,430,687,1538,2599],"class_list":["post-21649","post","type-post","status-publish","format-standard","has-post-thumbnail","hentry","category-frieden-antifaschismus-solidaritaet","category-veranstaltungen-in-den-dfv-landesverbaenden","tag-frankfurt-am-main","tag-gedenken","tag-kundgebung","tag-lv-hessen","tag-offenbach","tag-sowjetunion","tag-tag-der-befreiung","tag-unsterbliches-regiment","tag-veranstaltungen"],"jetpack_featured_media_url":"https:\/\/i0.wp.com\/www.freidenker.org\/fw17\/wp-content\/uploads\/2025\/05\/Unsterbliches_Regiment_dfm_03_800x450.jpg?fit=800%2C450&ssl=1","jetpack_shortlink":"https:\/\/wp.me\/p9stpK-5Db","jetpack-related-posts":[{"id":19086,"url":"https:\/\/www.freidenker.org\/?p=19086","url_meta":{"origin":21649,"position":0},"title":"Befreiung vom Faschismus und Tag des Sieges 2024","author":"Webredaktion","date":"18. Mai 2024","format":false,"excerpt":"Zum Tag des Sieges \/ Tag der Befreiung fanden zahlreiche Veranstaltungen statt, an denen vielerorts auch Freidenker beteiligt waren. Wir berichten hier von den Veranstaltungen in Frankfurt am Main am 05. und 09. Mai, Offenbach am 08. Mai und Berlin am 09. Mai 2024. 05.05.2024 \u2013 Marsch des unsterblichen Regiments\u2026","rel":"","context":"In &quot;Demokratie \u2013 Medien \u2013 Aufkl\u00e4rung&quot;","block_context":{"text":"Demokratie \u2013 Medien \u2013 Aufkl\u00e4rung","link":"https:\/\/www.freidenker.org\/?cat=12"},"img":{"alt_text":"","src":"https:\/\/i0.wp.com\/www.freidenker.org\/fw17\/wp-content\/uploads\/2024\/05\/Hartmann_Tag_des_Sieges_FaM_2024_800x450.jpg?fit=800%2C450&ssl=1&resize=350%2C200","width":350,"height":200,"srcset":"https:\/\/i0.wp.com\/www.freidenker.org\/fw17\/wp-content\/uploads\/2024\/05\/Hartmann_Tag_des_Sieges_FaM_2024_800x450.jpg?fit=800%2C450&ssl=1&resize=350%2C200 1x, https:\/\/i0.wp.com\/www.freidenker.org\/fw17\/wp-content\/uploads\/2024\/05\/Hartmann_Tag_des_Sieges_FaM_2024_800x450.jpg?fit=800%2C450&ssl=1&resize=525%2C300 1.5x, https:\/\/i0.wp.com\/www.freidenker.org\/fw17\/wp-content\/uploads\/2024\/05\/Hartmann_Tag_des_Sieges_FaM_2024_800x450.jpg?fit=800%2C450&ssl=1&resize=700%2C400 2x"},"classes":[]},{"id":18079,"url":"https:\/\/www.freidenker.org\/?p=18079","url_meta":{"origin":21649,"position":1},"title":"Wie West-Eliten versuchen, die Geschichte umzuschreiben","author":"Webredaktion","date":"2. Februar 2024","format":false,"excerpt":"Beitrag von Rainer Rupp Am 27. Januar 1945 befreite die vorr\u00fcckende Rote Armee der Sowjetunion das Konzentrationslager Auschwitz, in dem die deutschen Nazis w\u00e4hrend des Zweiten Weltkriegs mit einer Art industriellem T\u00f6tungsverfahren zwischen 1,5 bis 2 Millionen Menschen verschiedener Nationalit\u00e4ten und Ethnien ermordet haben. In diesem Jahr am Sonnabend, dem\u2026","rel":"","context":"In &quot;Demokratie \u2013 Medien \u2013 Aufkl\u00e4rung&quot;","block_context":{"text":"Demokratie \u2013 Medien \u2013 Aufkl\u00e4rung","link":"https:\/\/www.freidenker.org\/?cat=12"},"img":{"alt_text":"","src":"https:\/\/i0.wp.com\/www.freidenker.org\/fw17\/wp-content\/uploads\/2024\/02\/Auschwitz_Liberated_January_1945_800x450.jpg?fit=800%2C450&ssl=1&resize=350%2C200","width":350,"height":200,"srcset":"https:\/\/i0.wp.com\/www.freidenker.org\/fw17\/wp-content\/uploads\/2024\/02\/Auschwitz_Liberated_January_1945_800x450.jpg?fit=800%2C450&ssl=1&resize=350%2C200 1x, https:\/\/i0.wp.com\/www.freidenker.org\/fw17\/wp-content\/uploads\/2024\/02\/Auschwitz_Liberated_January_1945_800x450.jpg?fit=800%2C450&ssl=1&resize=525%2C300 1.5x, https:\/\/i0.wp.com\/www.freidenker.org\/fw17\/wp-content\/uploads\/2024\/02\/Auschwitz_Liberated_January_1945_800x450.jpg?fit=800%2C450&ssl=1&resize=700%2C400 2x"},"classes":[]},{"id":15971,"url":"https:\/\/www.freidenker.org\/?p=15971","url_meta":{"origin":21649,"position":2},"title":"Deutsche Gewerkschaften schweigen zu Nazi-Terror \u2013 Gedenken an Opfer im Gewerkschaftshaus in Odessa","author":"Webredaktion","date":"7. Mai 2023","format":false,"excerpt":"Bericht von Felicitas Rabe \u00fcber eine Veranstaltung der hessischen Freidenker sowie ein Video von KCSB.TV Die hessischen Freidenker luden am Abend des 2. Mai 2023 zu einer Vorf\u00fchrung des Dokumentarfilms \"Remember Odessa\"\u00a0ein mit anschlie\u00dfender Diskussion \u00fcber den Hintergrund des Massakers und \u00fcber die politische Entwicklung in der Ukraine. Anl\u00e4sslich des\u2026","rel":"","context":"In &quot;Frieden - Antifaschismus - Solidarit\u00e4t&quot;","block_context":{"text":"Frieden - Antifaschismus - Solidarit\u00e4t","link":"https:\/\/www.freidenker.org\/?cat=13"},"img":{"alt_text":"","src":"https:\/\/i0.wp.com\/www.freidenker.org\/fw17\/wp-content\/uploads\/2023\/04\/remeber_odessa_800x450.jpg?fit=800%2C450&ssl=1&resize=350%2C200","width":350,"height":200,"srcset":"https:\/\/i0.wp.com\/www.freidenker.org\/fw17\/wp-content\/uploads\/2023\/04\/remeber_odessa_800x450.jpg?fit=800%2C450&ssl=1&resize=350%2C200 1x, https:\/\/i0.wp.com\/www.freidenker.org\/fw17\/wp-content\/uploads\/2023\/04\/remeber_odessa_800x450.jpg?fit=800%2C450&ssl=1&resize=525%2C300 1.5x, https:\/\/i0.wp.com\/www.freidenker.org\/fw17\/wp-content\/uploads\/2023\/04\/remeber_odessa_800x450.jpg?fit=800%2C450&ssl=1&resize=700%2C400 2x"},"classes":[]},{"id":21305,"url":"https:\/\/www.freidenker.org\/?p=21305","url_meta":{"origin":21649,"position":3},"title":"Elbe-Tag: 80. Jahrestag der Begegnung","author":"Webredaktion","date":"30. M\u00e4rz 2025","format":false,"excerpt":"Demonstration am 26. April 2025 11:30 Uhr Br\u00fcckenkopf Torgau (anschl. 14:30 Uhr - Konzert mit Tino Eisbrenner und Ernesto Schwarz) Kein Ort an der Elbe \u2013 von Hamburg bis Dresden \u2013 hat mit seiner Symbolik am \u00a0Ende des faschistischen Krieges eine bis heute andauernde Aussagekraft und Wahrheit erlangt, die in\u2026","rel":"","context":"In &quot;Frieden - Antifaschismus - Solidarit\u00e4t&quot;","block_context":{"text":"Frieden - Antifaschismus - Solidarit\u00e4t","link":"https:\/\/www.freidenker.org\/?cat=13"},"img":{"alt_text":"","src":"https:\/\/i0.wp.com\/www.freidenker.org\/fw17\/wp-content\/uploads\/2025\/03\/Elbe-Tag_2025_800x450.jpg?fit=800%2C450&ssl=1&resize=350%2C200","width":350,"height":200,"srcset":"https:\/\/i0.wp.com\/www.freidenker.org\/fw17\/wp-content\/uploads\/2025\/03\/Elbe-Tag_2025_800x450.jpg?fit=800%2C450&ssl=1&resize=350%2C200 1x, https:\/\/i0.wp.com\/www.freidenker.org\/fw17\/wp-content\/uploads\/2025\/03\/Elbe-Tag_2025_800x450.jpg?fit=800%2C450&ssl=1&resize=525%2C300 1.5x, https:\/\/i0.wp.com\/www.freidenker.org\/fw17\/wp-content\/uploads\/2025\/03\/Elbe-Tag_2025_800x450.jpg?fit=800%2C450&ssl=1&resize=700%2C400 2x"},"classes":[]},{"id":8020,"url":"https:\/\/www.freidenker.org\/?p=8020","url_meta":{"origin":21649,"position":4},"title":"Galerie: Freidenker zum 75. Jahrestag der Befreiung","author":"Webredaktion","date":"12. Mai 2020","format":false,"excerpt":"Obwohl aus bekannten Gr\u00fcnden die gro\u00dfe Kundgebungen und Feiern nicht wie geplant stattfinden konnten, haben Tausende Menschen in Berlin und ganz Deutschland dem 75. Jahrestag\u00a0 der Befreiung vom Faschismus und des Sieges der Roten Armee gedacht. Nat\u00fcrlich waren auch Freidenker dabei. Hier einige Bilder aus Berlin, Offenbach, Frankfurt a.M. und\u2026","rel":"","context":"In &quot;Frieden - Antifaschismus - Solidarit\u00e4t&quot;","block_context":{"text":"Frieden - Antifaschismus - Solidarit\u00e4t","link":"https:\/\/www.freidenker.org\/?cat=13"},"img":{"alt_text":"","src":"https:\/\/i0.wp.com\/www.freidenker.org\/fw17\/wp-content\/uploads\/2020\/05\/TagDerBefreiung_2020_800x450.jpg?fit=800%2C450&ssl=1&resize=350%2C200","width":350,"height":200,"srcset":"https:\/\/i0.wp.com\/www.freidenker.org\/fw17\/wp-content\/uploads\/2020\/05\/TagDerBefreiung_2020_800x450.jpg?fit=800%2C450&ssl=1&resize=350%2C200 1x, https:\/\/i0.wp.com\/www.freidenker.org\/fw17\/wp-content\/uploads\/2020\/05\/TagDerBefreiung_2020_800x450.jpg?fit=800%2C450&ssl=1&resize=525%2C300 1.5x, https:\/\/i0.wp.com\/www.freidenker.org\/fw17\/wp-content\/uploads\/2020\/05\/TagDerBefreiung_2020_800x450.jpg?fit=800%2C450&ssl=1&resize=700%2C400 2x"},"classes":[]},{"id":21893,"url":"https:\/\/www.freidenker.org\/?p=21893","url_meta":{"origin":21649,"position":5},"title":"Wer verbietet, statt zu feiern, hat verloren","author":"Webredaktion","date":"20. Mai 2025","format":false,"excerpt":"Beitrag von Anke Wittkopp Der von oben verordnete Geschichtsrevisionismus gipfelte zum 80. Jubil\u00e4umstag der Befreiung Deutschlands vom Hitler-Faschismus in einer Farce. Die Stadt Hannover schmiss Mitglieder der Initiative Frieden mit Russland wegen antifaschistischer Symbole vom Ehrenfriedhof, um am Tag der Befreiung das Andenken der siegreichen Roten Armee aus den Augen\u2026","rel":"","context":"In &quot;Frieden - Antifaschismus - Solidarit\u00e4t&quot;","block_context":{"text":"Frieden - Antifaschismus - Solidarit\u00e4t","link":"https:\/\/www.freidenker.org\/?cat=13"},"img":{"alt_text":"","src":"https:\/\/i0.wp.com\/www.freidenker.org\/fw17\/wp-content\/uploads\/2025\/05\/TdB_Hannover_Frank_B_Russlandfahne_800x450.jpg?fit=800%2C450&ssl=1&resize=350%2C200","width":350,"height":200,"srcset":"https:\/\/i0.wp.com\/www.freidenker.org\/fw17\/wp-content\/uploads\/2025\/05\/TdB_Hannover_Frank_B_Russlandfahne_800x450.jpg?fit=800%2C450&ssl=1&resize=350%2C200 1x, https:\/\/i0.wp.com\/www.freidenker.org\/fw17\/wp-content\/uploads\/2025\/05\/TdB_Hannover_Frank_B_Russlandfahne_800x450.jpg?fit=800%2C450&ssl=1&resize=525%2C300 1.5x, https:\/\/i0.wp.com\/www.freidenker.org\/fw17\/wp-content\/uploads\/2025\/05\/TdB_Hannover_Frank_B_Russlandfahne_800x450.jpg?fit=800%2C450&ssl=1&resize=700%2C400 2x"},"classes":[]}],"_links":{"self":[{"href":"https:\/\/www.freidenker.org\/index.php?rest_route=\/wp\/v2\/posts\/21649","targetHints":{"allow":["GET"]}}],"collection":[{"href":"https:\/\/www.freidenker.org\/index.php?rest_route=\/wp\/v2\/posts"}],"about":[{"href":"https:\/\/www.freidenker.org\/index.php?rest_route=\/wp\/v2\/types\/post"}],"author":[{"embeddable":true,"href":"https:\/\/www.freidenker.org\/index.php?rest_route=\/wp\/v2\/users\/3"}],"replies":[{"embeddable":true,"href":"https:\/\/www.freidenker.org\/index.php?rest_route=%2Fwp%2Fv2%2Fcomments&post=21649"}],"version-history":[{"count":5,"href":"https:\/\/www.freidenker.org\/index.php?rest_route=\/wp\/v2\/posts\/21649\/revisions"}],"predecessor-version":[{"id":21797,"href":"https:\/\/www.freidenker.org\/index.php?rest_route=\/wp\/v2\/posts\/21649\/revisions\/21797"}],"wp:featuredmedia":[{"embeddable":true,"href":"https:\/\/www.freidenker.org\/index.php?rest_route=\/wp\/v2\/media\/21654"}],"wp:attachment":[{"href":"https:\/\/www.freidenker.org\/index.php?rest_route=%2Fwp%2Fv2%2Fmedia&parent=21649"}],"wp:term":[{"taxonomy":"category","embeddable":true,"href":"https:\/\/www.freidenker.org\/index.php?rest_route=%2Fwp%2Fv2%2Fcategories&post=21649"},{"taxonomy":"post_tag","embeddable":true,"href":"https:\/\/www.freidenker.org\/index.php?rest_route=%2Fwp%2Fv2%2Ftags&post=21649"}],"curies":[{"name":"wp","href":"https:\/\/api.w.org\/{rel}","templated":true}]}}