{"id":21627,"date":"2025-04-28T15:50:10","date_gmt":"2025-04-28T13:50:10","guid":{"rendered":"https:\/\/www.freidenker.org\/?p=21627"},"modified":"2025-05-19T14:22:26","modified_gmt":"2025-05-19T12:22:26","slug":"interview-mit-prof-dr-annie-lacroix-riz-diktatur-der-banque-de-france","status":"publish","type":"post","link":"https:\/\/www.freidenker.org\/?p=21627","title":{"rendered":"Interview mit Prof. Dr. Annie Lacroix-Riz: \u201eDiktatur der Banque de France\u201c"},"content":{"rendered":"<p>Die Berliner Freidenker organisierten im Mai 2024 einen <a href=\"https:\/\/www.freidenker.org\/?p=19291\">Vortrag mit der Pariser Wissenschaftlerin Dr. Annie Lacroix-Riz<\/a>. Der Journalist Robert Cibis von <em>Ovalmedia<\/em> war zu dieser Veranstaltung anwesend und interviewte Dr. Annie Lacroix-Riz am Folgetag.<\/p>\n<p>In diesem drei\u00dfigmin\u00fctigen Interview beleuchtet die f\u00fcr ihre Kollaborationsarchivforschungen bekannte Geschichtswissenschaftlerin Themen wie etwa die mangelhafte Wissenschaftsfreiheit in der euro-nordamerkanischen Sp\u00e4tmoderne (seit den 1980er und insbesondere 1990er Jahren, parallel zur Deregulierung des spekulativen Finanzkapitals in der EU) sowie die frappierende Kontinuit\u00e4t der &#8222;<strong><em>Diktatur der Banque de France<\/em><\/strong>&#8222;, welche aus <strong>privaten Gro\u00dfbanken<\/strong> besteht (erinnert sei in diesem Kontext auch an die herausragende Bankierskarriere des Pr\u00e4sidenten der Republik, bevor er Minister -unter F. Hollande- und anschlie\u00dfend Staatsoberhaupt wurde).<\/p>\n<p>Das Interview ist sehr aktuell, da die\u00a0<strong>liberal-demokratistische Mission des neokolonialen NATO-Blocks<\/strong> gegenw\u00e4rtig in seine faschistoide Periode \u00fcbergeht und von bewusster Volksorganisation gestoppt werden sollte.<\/p>\n<p>Auch der renommierte Pariser Anthropologe und Demograph Emmanuel Todd zeigte auf, dass die &#8222;liberalen Oligarchien&#8220; den Kern der Demokratie, n\u00e4mlich die <em>Volkssouver\u00e4nit\u00e4t<\/em>, zunehmend mit bellizistisch-militaristischer strategischer Kommunikation \u00fcberschreiben.<\/p>\n<p>Kurz: Die Demokratie wird entkernt und zugleich wandelt sich der Liberalismus graduell zu Neofaschismus, da die herrschende Klasse auf ultrarechte, neue Herrschaftsstrukturen setzt, um ihre materielle Macht auch unter versch\u00e4rfter Krisenlage zu sichern.<\/p>\n<p>Die entkernte Demokratie unserer &#8222;liberalen Oligarchien&#8220; (E. Todd) &#8211; Lenin sprach einst analog vom &#8222;<strong><em>Demokratismus<\/em><\/strong>&#8220; &#8211; steht in engem Zusammenhang mit der gegenw\u00e4rtigen imperialen Dynamik und so auch mit der dringenden Suche nach einer radikaldemokratischen L\u00f6sung des Gesamtproblems, welches schlimmstenfalls die europ\u00e4ische Zivilisation einem Nuklear-Selbstmord im Interesse der Herrschaftsabsicherung des angloamerikanischen Weltmachtanspruchs zuf\u00fchren k\u00f6nnte.<\/p>\n<p>Daher die Schlussfolgerung: <strong>Eurasia statt EU<\/strong> und wahre\u00a0<strong>Volksherrschaft statt faschistoide Militarisierung<\/strong>!<\/p>\n<p style=\"text-align: right;\"><em>Webredaktion \/ Landesvorstand Berlin des DFV<\/em><\/p>\n<hr \/>\n<p><strong>Gro\u00dfkapitale Kapitulation<\/strong><\/p>\n<p><em>Interview von <strong>Robert Cibis<\/strong> mit <strong>Dr. Annie Lacroix-Riz<\/strong><\/em><\/p>\n<p><span style=\"font-size: 10pt;\">Interviewt im Mai 2024, ver\u00f6ffentlicht auf\u00a0 am 26.03.2025 auf <a href=\"https:\/\/www.oval.media\/prof-annie-lacroix-riz-narrative-198-by-robert-cibis\/\" target=\"_blank\" rel=\"noopener\">OVALmedia<\/a>\u00a0<\/span><\/p>\n<p>Franz\u00f6sisch mit deutschen Untertiteln. Klicke zum Ansehen auf das Bild:<\/p>\n<p><a href=\"https:\/\/www.oval.media\/prof-annie-lacroix-riz-narrative-198-by-robert-cibis\/\" target=\"_blank\" rel=\"noopener\"><img data-recalc-dims=\"1\" loading=\"lazy\" decoding=\"async\" data-attachment-id=\"21631\" data-permalink=\"https:\/\/www.freidenker.org\/?attachment_id=21631\" data-orig-file=\"https:\/\/i0.wp.com\/www.freidenker.org\/fw17\/wp-content\/uploads\/2025\/04\/lacroix_video.jpg?fit=1364%2C699&amp;ssl=1\" data-orig-size=\"1364,699\" data-comments-opened=\"0\" data-image-meta=\"{&quot;aperture&quot;:&quot;0&quot;,&quot;credit&quot;:&quot;&quot;,&quot;camera&quot;:&quot;&quot;,&quot;caption&quot;:&quot;&quot;,&quot;created_timestamp&quot;:&quot;0&quot;,&quot;copyright&quot;:&quot;&quot;,&quot;focal_length&quot;:&quot;0&quot;,&quot;iso&quot;:&quot;0&quot;,&quot;shutter_speed&quot;:&quot;0&quot;,&quot;title&quot;:&quot;&quot;,&quot;orientation&quot;:&quot;1&quot;}\" data-image-title=\"lacroix_video\" data-image-description=\"\" data-image-caption=\"\" data-large-file=\"https:\/\/i0.wp.com\/www.freidenker.org\/fw17\/wp-content\/uploads\/2025\/04\/lacroix_video.jpg?fit=800%2C410&amp;ssl=1\" class=\"alignnone wp-image-21631 size-large\" src=\"https:\/\/i0.wp.com\/www.freidenker.org\/fw17\/wp-content\/uploads\/2025\/04\/lacroix_video.jpg?resize=800%2C410&#038;ssl=1\" alt=\"\" width=\"800\" height=\"410\" srcset=\"https:\/\/i0.wp.com\/www.freidenker.org\/fw17\/wp-content\/uploads\/2025\/04\/lacroix_video.jpg?resize=1024%2C525&amp;ssl=1 1024w, https:\/\/i0.wp.com\/www.freidenker.org\/fw17\/wp-content\/uploads\/2025\/04\/lacroix_video.jpg?resize=300%2C154&amp;ssl=1 300w, https:\/\/i0.wp.com\/www.freidenker.org\/fw17\/wp-content\/uploads\/2025\/04\/lacroix_video.jpg?resize=768%2C394&amp;ssl=1 768w, https:\/\/i0.wp.com\/www.freidenker.org\/fw17\/wp-content\/uploads\/2025\/04\/lacroix_video.jpg?w=1364&amp;ssl=1 1364w\" sizes=\"auto, (max-width: 800px) 100vw, 800px\" \/><\/a><\/p>\n<p>oder auf diesen Link:<\/p>\n<p><img data-recalc-dims=\"1\" loading=\"lazy\" decoding=\"async\" data-attachment-id=\"13977\" data-permalink=\"https:\/\/www.freidenker.org\/?attachment_id=13977\" data-orig-file=\"https:\/\/i0.wp.com\/www.freidenker.org\/fw17\/wp-content\/uploads\/2022\/08\/External_Link_24px.jpg?fit=24%2C24&amp;ssl=1\" data-orig-size=\"24,24\" data-comments-opened=\"0\" data-image-meta=\"{&quot;aperture&quot;:&quot;0&quot;,&quot;credit&quot;:&quot;&quot;,&quot;camera&quot;:&quot;&quot;,&quot;caption&quot;:&quot;&quot;,&quot;created_timestamp&quot;:&quot;0&quot;,&quot;copyright&quot;:&quot;&quot;,&quot;focal_length&quot;:&quot;0&quot;,&quot;iso&quot;:&quot;0&quot;,&quot;shutter_speed&quot;:&quot;0&quot;,&quot;title&quot;:&quot;&quot;,&quot;orientation&quot;:&quot;1&quot;}\" data-image-title=\"External_Link_24px icon\" data-image-description=\"\" data-image-caption=\"\" data-large-file=\"https:\/\/i0.wp.com\/www.freidenker.org\/fw17\/wp-content\/uploads\/2022\/08\/External_Link_24px.jpg?fit=24%2C24&amp;ssl=1\" class=\"alignnone size-full wp-image-13977\" src=\"https:\/\/i0.wp.com\/www.freidenker.org\/fw17\/wp-content\/uploads\/2022\/08\/External_Link_24px.jpg?resize=24%2C24&#038;ssl=1\" alt=\"\" width=\"24\" height=\"24\" \/> <img data-recalc-dims=\"1\" loading=\"lazy\" decoding=\"async\" data-attachment-id=\"5427\" data-permalink=\"https:\/\/www.freidenker.org\/?attachment_id=5427\" data-orig-file=\"https:\/\/i0.wp.com\/www.freidenker.org\/fw17\/wp-content\/uploads\/2018\/09\/video_icon_32x32.jpg?fit=32%2C32&amp;ssl=1\" data-orig-size=\"32,32\" data-comments-opened=\"0\" data-image-meta=\"{&quot;aperture&quot;:&quot;0&quot;,&quot;credit&quot;:&quot;&quot;,&quot;camera&quot;:&quot;&quot;,&quot;caption&quot;:&quot;&quot;,&quot;created_timestamp&quot;:&quot;0&quot;,&quot;copyright&quot;:&quot;&quot;,&quot;focal_length&quot;:&quot;0&quot;,&quot;iso&quot;:&quot;0&quot;,&quot;shutter_speed&quot;:&quot;0&quot;,&quot;title&quot;:&quot;&quot;,&quot;orientation&quot;:&quot;1&quot;}\" data-image-title=\"video_icon_32x32\" data-image-description=\"\" data-image-caption=\"\" data-large-file=\"https:\/\/i0.wp.com\/www.freidenker.org\/fw17\/wp-content\/uploads\/2018\/09\/video_icon_32x32.jpg?fit=32%2C32&amp;ssl=1\" class=\"alignnone size-full wp-image-5427\" src=\"https:\/\/i0.wp.com\/www.freidenker.org\/fw17\/wp-content\/uploads\/2018\/09\/video_icon_32x32.jpg?resize=32%2C32&#038;ssl=1\" alt=\"\" width=\"32\" height=\"32\" \/>\u00a0<a href=\"https:\/\/www.oval.media\/prof-annie-lacroix-riz-narrative-198-by-robert-cibis\/\" target=\"_blank\" rel=\"noopener\">https:\/\/www.oval.media\/prof-annie-lacroix-riz-narrative-198-by-robert-cibis\/<\/a><\/p>\n<p style=\"text-align: right;\"><em>Annie Lacroix-Riz ist emeritierte Professorin f\u00fcr neuzeitliche Geschichte an der Universit\u00e4t Paris 7<\/em><\/p>\n<hr \/>\n<p><span style=\"font-size: 10pt;\">Bild oben und im Text: Screenshot aus dem Video von <a href=\"https:\/\/www.oval.media\/prof-annie-lacroix-riz-narrative-198-by-robert-cibis\/\" target=\"_blank\" rel=\"noopener\">OVALmedia<\/a><\/span><\/p>\n<p>&nbsp;<\/p>\n","protected":false},"excerpt":{"rendered":"<p>Die Berliner Freidenker organisierten im Mai 2024 einen Vortrag mit der Pariser Wissenschaftlerin Dr. Annie Lacroix-Riz. Der Journalist Robert Cibis von Ovalmedia war zu dieser Veranstaltung anwesend und interviewte Dr. Annie Lacroix-Riz am Folgetag. In diesem drei\u00dfigmin\u00fctigen Interview beleuchtet die f\u00fcr ihre Kollaborationsarchivforschungen bekannte Geschichtswissenschaftlerin Themen wie etwa die mangelhafte Wissenschaftsfreiheit in der euro-nordamerkanischen Sp\u00e4tmoderne (seit den 1980er und insbesondere 1990er Jahren, parallel zur Deregulierung des spekulativen Finanzkapitals in der EU) sowie die frappierende Kontinuit\u00e4t der &#8222;Diktatur der Banque de France&#8220;, welche aus privaten Gro\u00dfbanken besteht (erinnert sei in diesem Kontext auch an die herausragende Bankierskarriere des Pr\u00e4sidenten der Republik, bevor er Minister -unter F. Hollande- und anschlie\u00dfend Staatsoberhaupt wurde).<\/p>\n","protected":false},"author":3,"featured_media":21628,"comment_status":"closed","ping_status":"closed","sticky":false,"template":"","format":"standard","meta":{"colormag_page_container_layout":"default_layout","colormag_page_sidebar_layout":"default_layout","advanced_seo_description":"","jetpack_seo_html_title":"","jetpack_seo_noindex":false,"jetpack_post_was_ever_published":false,"footnotes":""},"categories":[12,16],"tags":[1693,162,182,1635,451,698,2595,163,1034,704,56,783,623,2594],"class_list":["post-21627","post","type-post","status-publish","format-standard","has-post-thumbnail","hentry","category-demokratie-medien-aufklaerung","category-weltanschauung-philosophie","tag-banken","tag-demokratie","tag-eu","tag-faschisierung","tag-faschismus","tag-finanzkapital","tag-herrschaftsanspruch","tag-liberalismus","tag-marxismus","tag-militarisierung","tag-nato","tag-neofaschismus","tag-souveraenitaet","tag-wissenschaftsfreiheit"],"jetpack_featured_media_url":"https:\/\/i0.wp.com\/www.freidenker.org\/fw17\/wp-content\/uploads\/2025\/04\/Lacroix-Riz_ovalmedia_800x450.jpg?fit=800%2C450&ssl=1","jetpack_shortlink":"https:\/\/wp.me\/p9stpK-5CP","jetpack-related-posts":[{"id":19291,"url":"https:\/\/www.freidenker.org\/?p=19291","url_meta":{"origin":21627,"position":0},"title":"Berliner Freidenker lernen vom franz\u00f6sischen Marxismus","author":"Webredaktion","date":"7. Juni 2024","format":false,"excerpt":"Pressemitteilung des Landesverbandes Berlin des Deutschen Freidenker-Verbandes vom 30.05.2024 Mitte Mai dieses Jahres sprach die franz\u00f6sische Historikerin Dr. Annie Lacroix-Riz, Spezialistin f\u00fcr Kollaborationsforschung und f\u00fcr die Geschichte der intraeurop\u00e4ischen Beziehungen sowie der europ\u00e4isch-nordamerikanischen Beziehungen des 20. Jahrhunderts, bei einer von den Berliner Freidenkern organisierten Veranstaltung im Sprechsaal \u00fcber den realkapitalistischen\u2026","rel":"","context":"In &quot;Veranstaltungen in den DFV-Landesverb\u00e4nden&quot;","block_context":{"text":"Veranstaltungen in den DFV-Landesverb\u00e4nden","link":"https:\/\/www.freidenker.org\/?cat=19"},"img":{"alt_text":"","src":"https:\/\/i0.wp.com\/www.freidenker.org\/fw17\/wp-content\/uploads\/2024\/06\/Lacroix-Riz_Berlin_01_800x450.jpg?fit=800%2C450&ssl=1&resize=350%2C200","width":350,"height":200,"srcset":"https:\/\/i0.wp.com\/www.freidenker.org\/fw17\/wp-content\/uploads\/2024\/06\/Lacroix-Riz_Berlin_01_800x450.jpg?fit=800%2C450&ssl=1&resize=350%2C200 1x, https:\/\/i0.wp.com\/www.freidenker.org\/fw17\/wp-content\/uploads\/2024\/06\/Lacroix-Riz_Berlin_01_800x450.jpg?fit=800%2C450&ssl=1&resize=525%2C300 1.5x, https:\/\/i0.wp.com\/www.freidenker.org\/fw17\/wp-content\/uploads\/2024\/06\/Lacroix-Riz_Berlin_01_800x450.jpg?fit=800%2C450&ssl=1&resize=700%2C400 2x"},"classes":[]},{"id":800,"url":"https:\/\/www.freidenker.org\/?p=800","url_meta":{"origin":21627,"position":1},"title":"FREIDENKER 2-14 &#8211; Sprache: Erkenntnis &#8211; Kommunikation &#8211; Herrschaft","author":"Webmaster","date":"16. Juli 2014","format":false,"excerpt":"Die Ausgabe 2-14 des Verbandsorgans FREIDENKER hat das Schwerpunkt-Thema \u201eSprache: Erkenntnis - Kommunikation - Herrschaft\u201c und enth\u00e4lt u.a folgende Beitr\u00e4ge: - Klaus Hartmann: \u00dcber die Sprache - Klaus H\u00f6pke: Verdrehung der Verh\u00e4ltnisse durch die Sprache - Sabine Schiffer: Verschw\u00f6rungstheorien - Frank Ulrich: Alltagsterror: Herrschaftssprache - Verharmlosung, Verschleierung, Umkehrung - Reiner\u2026","rel":"","context":"In &quot;Verbandsorgan FREIDENKER&quot;","block_context":{"text":"Verbandsorgan FREIDENKER","link":"https:\/\/www.freidenker.org\/?cat=8"},"img":{"alt_text":"","src":"https:\/\/i0.wp.com\/www.freidenker.org\/fw17\/wp-content\/uploads\/2017\/12\/FD_2014-02_Titel_mR.jpg?fit=800%2C445&ssl=1&resize=350%2C200","width":350,"height":200,"srcset":"https:\/\/i0.wp.com\/www.freidenker.org\/fw17\/wp-content\/uploads\/2017\/12\/FD_2014-02_Titel_mR.jpg?fit=800%2C445&ssl=1&resize=350%2C200 1x, https:\/\/i0.wp.com\/www.freidenker.org\/fw17\/wp-content\/uploads\/2017\/12\/FD_2014-02_Titel_mR.jpg?fit=800%2C445&ssl=1&resize=525%2C300 1.5x, https:\/\/i0.wp.com\/www.freidenker.org\/fw17\/wp-content\/uploads\/2017\/12\/FD_2014-02_Titel_mR.jpg?fit=800%2C445&ssl=1&resize=700%2C400 2x"},"classes":[]},{"id":15352,"url":"https:\/\/www.freidenker.org\/?p=15352","url_meta":{"origin":21627,"position":2},"title":"Bandera &#8211; Champion des \u00abWESTENS\u00bb","author":"Webredaktion","date":"23. Februar 2023","format":false,"excerpt":"Beitrag von Prof. Annie Lacroix-Riz - \u00dcbersetzung aus dem Franz\u00f6sischen von Tobias Baumann Der Ukraine-Krieg wurde von Russland nach acht Jahren ukrainisch-westlicher Aggression (2014-2022) gegen die russischsprachigen Menschen in der Ostukraine begonnen. Ihre 14.000 Toten, \u00fcberwiegend Zivilisten, hatten unsere Mainstream-Medien ebenso wenig interessiert wie die Todesf\u00e4lle im Irak, in Serbien,\u2026","rel":"","context":"In &quot;Demokratie \u2013 Medien \u2013 Aufkl\u00e4rung&quot;","block_context":{"text":"Demokratie \u2013 Medien \u2013 Aufkl\u00e4rung","link":"https:\/\/www.freidenker.org\/?cat=12"},"img":{"alt_text":"","src":"https:\/\/i0.wp.com\/www.freidenker.org\/fw17\/wp-content\/uploads\/2023\/02\/Lacroix-Riz_Titel_800x450.jpg?fit=800%2C450&ssl=1&resize=350%2C200","width":350,"height":200,"srcset":"https:\/\/i0.wp.com\/www.freidenker.org\/fw17\/wp-content\/uploads\/2023\/02\/Lacroix-Riz_Titel_800x450.jpg?fit=800%2C450&ssl=1&resize=350%2C200 1x, https:\/\/i0.wp.com\/www.freidenker.org\/fw17\/wp-content\/uploads\/2023\/02\/Lacroix-Riz_Titel_800x450.jpg?fit=800%2C450&ssl=1&resize=525%2C300 1.5x, https:\/\/i0.wp.com\/www.freidenker.org\/fw17\/wp-content\/uploads\/2023\/02\/Lacroix-Riz_Titel_800x450.jpg?fit=800%2C450&ssl=1&resize=700%2C400 2x"},"classes":[]},{"id":11424,"url":"https:\/\/www.freidenker.org\/?p=11424","url_meta":{"origin":21627,"position":3},"title":"Weder Jelzin noch UdSSR","author":"Webredaktion","date":"15. Oktober 2021","format":false,"excerpt":"Interview von Artur Leier mit Ilja Graschenkow \u00dcber die Ergebnisse der Wahlen zur Staatsduma, die vom 17. bis zum 19. September in der Russischen F\u00f6deration stattfanden und von Freidenker Artur Leier aus Hamburg vor Ort im sibirischen Omsk beobachtetet wurden, ver\u00f6ffentlichen wir ein Interview mit dem liberalen Politologen Ilja Graschenkow.\u2026","rel":"","context":"In &quot;Demokratie \u2013 Medien \u2013 Aufkl\u00e4rung&quot;","block_context":{"text":"Demokratie \u2013 Medien \u2013 Aufkl\u00e4rung","link":"https:\/\/www.freidenker.org\/?cat=12"},"img":{"alt_text":"","src":"https:\/\/i0.wp.com\/www.freidenker.org\/fw17\/wp-content\/uploads\/2021\/10\/Graschenkow_TASS_800x450.jpg?fit=800%2C450&ssl=1&resize=350%2C200","width":350,"height":200,"srcset":"https:\/\/i0.wp.com\/www.freidenker.org\/fw17\/wp-content\/uploads\/2021\/10\/Graschenkow_TASS_800x450.jpg?fit=800%2C450&ssl=1&resize=350%2C200 1x, https:\/\/i0.wp.com\/www.freidenker.org\/fw17\/wp-content\/uploads\/2021\/10\/Graschenkow_TASS_800x450.jpg?fit=800%2C450&ssl=1&resize=525%2C300 1.5x, https:\/\/i0.wp.com\/www.freidenker.org\/fw17\/wp-content\/uploads\/2021\/10\/Graschenkow_TASS_800x450.jpg?fit=800%2C450&ssl=1&resize=700%2C400 2x"},"classes":[]},{"id":20196,"url":"https:\/\/www.freidenker.org\/?p=20196","url_meta":{"origin":21627,"position":4},"title":"\u201eTrump-Finanziers verdienen nicht am Ukrainekrieg\u201c","author":"Webredaktion","date":"4. November 2024","format":false,"excerpt":"Video-Interview von Milena Preradovic mit Dr. Werner R\u00fcgemer Wie sieht die Politik des n\u00e4chsten US-Pr\u00e4sidenten aus? Versprechen im Wahlkampf sind da sicher kein Ma\u00dfstab. Wer wissen will, was von dem k\u00fcnftig m\u00e4chtigsten Menschen der westlichen Welt zu erwarten ist, der sollte sich die potenten Unterst\u00fctzer und Finanziers der Kandidaten #Harris\u2026","rel":"","context":"In &quot;Demokratie \u2013 Medien \u2013 Aufkl\u00e4rung&quot;","block_context":{"text":"Demokratie \u2013 Medien \u2013 Aufkl\u00e4rung","link":"https:\/\/www.freidenker.org\/?cat=12"},"img":{"alt_text":"","src":"https:\/\/i0.wp.com\/www.freidenker.org\/fw17\/wp-content\/uploads\/2024\/11\/ruegemer_preradovic_800x450.jpg?fit=800%2C450&ssl=1&resize=350%2C200","width":350,"height":200,"srcset":"https:\/\/i0.wp.com\/www.freidenker.org\/fw17\/wp-content\/uploads\/2024\/11\/ruegemer_preradovic_800x450.jpg?fit=800%2C450&ssl=1&resize=350%2C200 1x, https:\/\/i0.wp.com\/www.freidenker.org\/fw17\/wp-content\/uploads\/2024\/11\/ruegemer_preradovic_800x450.jpg?fit=800%2C450&ssl=1&resize=525%2C300 1.5x, https:\/\/i0.wp.com\/www.freidenker.org\/fw17\/wp-content\/uploads\/2024\/11\/ruegemer_preradovic_800x450.jpg?fit=800%2C450&ssl=1&resize=700%2C400 2x"},"classes":[]},{"id":17537,"url":"https:\/\/www.freidenker.org\/?p=17537","url_meta":{"origin":21627,"position":5},"title":"Prof. Norman Paech: Nach dem V\u00f6lkerrecht betreibt Israel V\u00f6lkermord","author":"Webredaktion","date":"14. November 2023","format":false,"excerpt":"Video-Interview von Diether Dehm mit Prof. Dr. Norman Paech Der Hamburger Jurist und V\u00f6lkerrechtler Prof. Dr. Norman Paech gibt eine fachkundige Einsch\u00e4tzung zum Vorgehen Israels im Gaza-Streifen. Wie viele internationale Experten sieht auch er die Grenzen legitimer Selbstverteidigung oder auch nur v\u00f6lkerrechtskonformer Kriegsf\u00fchrung durch Israel weit \u00fcberschritten. Er verweist auf\u2026","rel":"","context":"In &quot;Demokratie \u2013 Medien \u2013 Aufkl\u00e4rung&quot;","block_context":{"text":"Demokratie \u2013 Medien \u2013 Aufkl\u00e4rung","link":"https:\/\/www.freidenker.org\/?cat=12"},"img":{"alt_text":"","src":"https:\/\/i0.wp.com\/www.freidenker.org\/fw17\/wp-content\/uploads\/2023\/11\/interview_dehm_paech_800x450.jpg?fit=800%2C450&ssl=1&resize=350%2C200","width":350,"height":200,"srcset":"https:\/\/i0.wp.com\/www.freidenker.org\/fw17\/wp-content\/uploads\/2023\/11\/interview_dehm_paech_800x450.jpg?fit=800%2C450&ssl=1&resize=350%2C200 1x, https:\/\/i0.wp.com\/www.freidenker.org\/fw17\/wp-content\/uploads\/2023\/11\/interview_dehm_paech_800x450.jpg?fit=800%2C450&ssl=1&resize=525%2C300 1.5x, https:\/\/i0.wp.com\/www.freidenker.org\/fw17\/wp-content\/uploads\/2023\/11\/interview_dehm_paech_800x450.jpg?fit=800%2C450&ssl=1&resize=700%2C400 2x"},"classes":[]}],"_links":{"self":[{"href":"https:\/\/www.freidenker.org\/index.php?rest_route=\/wp\/v2\/posts\/21627","targetHints":{"allow":["GET"]}}],"collection":[{"href":"https:\/\/www.freidenker.org\/index.php?rest_route=\/wp\/v2\/posts"}],"about":[{"href":"https:\/\/www.freidenker.org\/index.php?rest_route=\/wp\/v2\/types\/post"}],"author":[{"embeddable":true,"href":"https:\/\/www.freidenker.org\/index.php?rest_route=\/wp\/v2\/users\/3"}],"replies":[{"embeddable":true,"href":"https:\/\/www.freidenker.org\/index.php?rest_route=%2Fwp%2Fv2%2Fcomments&post=21627"}],"version-history":[{"count":4,"href":"https:\/\/www.freidenker.org\/index.php?rest_route=\/wp\/v2\/posts\/21627\/revisions"}],"predecessor-version":[{"id":21633,"href":"https:\/\/www.freidenker.org\/index.php?rest_route=\/wp\/v2\/posts\/21627\/revisions\/21633"}],"wp:featuredmedia":[{"embeddable":true,"href":"https:\/\/www.freidenker.org\/index.php?rest_route=\/wp\/v2\/media\/21628"}],"wp:attachment":[{"href":"https:\/\/www.freidenker.org\/index.php?rest_route=%2Fwp%2Fv2%2Fmedia&parent=21627"}],"wp:term":[{"taxonomy":"category","embeddable":true,"href":"https:\/\/www.freidenker.org\/index.php?rest_route=%2Fwp%2Fv2%2Fcategories&post=21627"},{"taxonomy":"post_tag","embeddable":true,"href":"https:\/\/www.freidenker.org\/index.php?rest_route=%2Fwp%2Fv2%2Ftags&post=21627"}],"curies":[{"name":"wp","href":"https:\/\/api.w.org\/{rel}","templated":true}]}}