{"id":21527,"date":"2025-04-22T03:14:23","date_gmt":"2025-04-22T01:14:23","guid":{"rendered":"https:\/\/www.freidenker.org\/?p=21527"},"modified":"2025-05-19T14:20:20","modified_gmt":"2025-05-19T12:20:20","slug":"bundestag-der-schande-politik-instrumentalisiert-das-gedenken-ans-kriegsende","status":"publish","type":"post","link":"https:\/\/www.freidenker.org\/?p=21527","title":{"rendered":"Bundestag der Schande: Politik instrumentalisiert das Gedenken ans Kriegsende"},"content":{"rendered":"<p><strong>Russland und Wei\u00dfrussland sind nicht zur Gedenkfeier im Bundestag eingeladen. Das ist eine Schande. Deutschland verdankt der Sowjetunion sowohl die Befreiung vom Faschismus als auch die Wiedervereinigung. Das historische Bewusstsein der deutschen Bev\u00f6lkerung ist besser entwickelt als das ihrer Politiker. <\/strong><\/p>\n<p><em>Von <strong>Gert Ewen Ungar<\/strong><\/em><\/p>\n<p><span style=\"font-size: 10pt;\">Erstver\u00f6ffentlichung am 18.04.2025 auf <a href=\"https:\/\/freedert.online\/meinung\/242675-bundestag-schande-politik-instrumentalisiert-gedenken\/\" target=\"_blank\" rel=\"noopener\">RT DE<\/a><\/span><\/p>\n<div class=\"EmbedBlock-root EmbedBlock-all\">\n<div class=\"AllEmbed\"><iframe loading=\"lazy\" title=\"Bundestag der Schande: Politik instrumentalisiert das Gedenken ans Kriegsende\" src=\"https:\/\/www.podbean.com\/player-v2\/?i=ddsrm-1884fe1-pb&amp;from=pb6admin&amp;share=1&amp;download=1&amp;rtl=0&amp;fonts=Arial&amp;skin=f6f6f6&amp;font-color=auto&amp;logo_link=episode_page&amp;btn-skin=7\" width=\"100%\" height=\"150\" scrolling=\"no\" allowfullscreen=\"allowfullscreen\" data-name=\"pb-iframe-player\" data-mce-fragment=\"1\"><\/iframe><\/div>\n<\/div>\n<p>Der Bundestag verzichtet hinsichtlich der Gedenkveranstaltung zum Ende des Zweiten Weltkriegs in diesem Jahr auf die explizite Einladung des russischen und des wei\u00dfrussischen Botschafters. Der Bundestag verweist zur Begr\u00fcndung auf eine Handreichung des Ausw\u00e4rtigen Amts. Dort wird zudem empfohlen, im Fall des uneingeladenen Erscheinens von Vertretern Russlands und Wei\u00dfrusslands zu Gedenkfeierlichkeiten vom Hausrecht Gebrauch zu machen. Konkret hei\u00dft das, das Ausw\u00e4rtige Amt empfiehlt den Rauswurf von Diplomaten der L\u00e4nder, die ma\u00dfgeblich zur Befreiung Deutschlands vom Faschismus beigetragen und zudem die gr\u00f6\u00dfte Last des Zweiten Weltkrieges zu schultern hatten. Die moralische Verwahrlosung der politischen Eliten Deutschlands zeigt sich in diesem Vorgang ganz offen. Es ist eine Schande \u2013 eine deutsche Schande.<\/p>\n<p>Das gilt selbst dann, wenn man sich allen Narrativen der Bundesregierung zum Ukraine-Konflikt anschlie\u00dft und der deutschen Staats-Propaganda in der Darstellung des Konflikts folgt, denn die historische Leistung der Roten Armee bei der Befreiung Deutschlands vom Faschismus steht mit dem Ukraine-Krieg in keinem Zusammenhang.<\/p>\n<p>Dass deutsche Politik beides aber vermischt und das Andenken an das Ende des Zweiten Weltkriegs politisiert, zeugt von tiefer Niedertracht deutscher Politik, ist w\u00fcrdelos und ohne jeden Respekt gegen\u00fcber Russland und Wei\u00dfrussland. Auf dem heutigen Staatsgebiet Russlands, schlimmer aber noch in Wei\u00dfrussland hat die deutsche Wehrmacht auf grausamste, barbarische Weise gew\u00fctet. Dass deutsche Politik von zivilisierten Umgangsformen auch heute noch nicht sehr viel h\u00e4lt, zeigt der Umgang mit russischen und wei\u00dfrussischen Diplomaten.<\/p>\n<p>Es ist zudem ein Zeichen von Undankbarkeit und Geschichtsvergessenheit, denn Deutschland verdankt Russland als Rechtsnachfolger der Sowjetunion nicht nur die Befreiung vom Faschismus, sondern auch die Wiedervereinigung. Es war die Sowjetunion, es war Michail Gorbatschow, der die Idee zur Wiedervereinigung Deutschlands hatte und sie vorbehaltlos unterst\u00fctzte. Frankreich und Gro\u00dfbritannien waren wenig begeistert. Die USA witterten vor allem die Chance, einen Vorteil f\u00fcr sich herauszuschlagen und ihren Einfluss nach Osten auszudehnen. Das Staatswohl Deutschlands\u00a0hatte einzig Gorbatschow im Sinn.<\/p>\n<p>Daher der deutschen Politik nochmals zur Erinnerung: Nach der bedingungslosen Kapitulation Deutschlands wurde dem Land ein &#8222;Diktatfrieden&#8220; aufgezwungen. Es wurde in Sektoren und dann in zwei nicht souver\u00e4ne Staaten unterteilt. Beide L\u00e4nder wurden unter strenge Aufsicht gestellt und blieben bis 1990 von den Siegerm\u00e4chten besetzt. Westdeutschland ist es heute noch. Lediglich Ostdeutschland ist frei von Besatzungstruppen.<\/p>\n<p>Es war Gorbatschow, der darauf vertraute, Deutschland habe seine Lektion aus der Geschichte gelernt und k\u00f6nne in die Souver\u00e4nit\u00e4t entlassen werden. Die Pl\u00e4ne zur Aufr\u00fcstung, die Absage an Diplomatie und ganz aktuell die Ausladung des russischen Botschafters zeigen deutlich, Gorbatschow hat sich bitter get\u00e4uscht. Die politischen Eliten Deutschlands haben nichts aus der Geschichte gelernt, sind wieder zu Krieg und Eskalation bereit und brechen das zur Wiedervereinigung der Welt gegebene Versprechen, dass von Deutschland nur noch Frieden ausgehen werde.<\/p>\n<p>Das politische Deutschland war geistig noch l\u00e4ngst nicht so weit gereift, dass es zum verantwortungsvollen Umgang mit dem Geschenk der Wiedervereinigung sittlich bef\u00e4higt gewesen w\u00e4re, ist die Erkenntnis. Deutschland kann gegen\u00fcber der moralischen und politischen Verantwortung, die ihm aus seiner Gr\u00f6\u00dfe erw\u00e4chst, nicht bestehen, machen die vergangenen 35 Jahre deutlich.<\/p>\n<div class=\"embed-twitter\">\n<blockquote class=\"twitter-tweet\" data-width=\"550\" data-dnt=\"true\">\n<p lang=\"de\" dir=\"ltr\">Russlands Botschafter Netschajew ist der Star von Seelow: Jahrestag der Schlacht um die Seelower H\u00f6hen: Trotz einer Handreichung kam Russlands Botschafter \u2013 und erhielt viel Zuspruch von Linken bis AfD-Anh\u00e4ngern. Bilder, die Berlin eigentlich nicht wollte. <a href=\"https:\/\/t.co\/vZRj6974Gn\">https:\/\/t.co\/vZRj6974Gn<\/a><\/p>\n<p>&mdash; Berliner Zeitung (@berlinerzeitung) <a href=\"https:\/\/twitter.com\/berlinerzeitung\/status\/1912500322460717155?ref_src=twsrc%5Etfw\">April 16, 2025<\/a><\/p><\/blockquote>\n<p><script async src=\"https:\/\/platform.twitter.com\/widgets.js\" charset=\"utf-8\"><\/script><\/div>\n<p>Allerdings sind das historische Bewusstsein und das Gef\u00fchl f\u00fcr eine besondere Verantwortung gegen\u00fcber der eigenen Geschichte unter den Deutschen, also in der deutschen Gesellschaft, wesentlich besser ausgepr\u00e4gt als im Deutschen Bundestag und in den Spitzen der etablierten Parteien.<\/p>\n<p>Bei einem Besuch des russischen Botschafters einer Gedenkveranstaltung in Seelow zum Andenken an die Schlacht um die Seelower H\u00f6hen war vom Hass und der Hetze der Bundesregierung gegen Russland offenbar nichts zu sp\u00fcren. Die <em>Berliner Zeitung<\/em> erkl\u00e4rt Russlands Botschafter\u00a0Sergei Netschajew sogar zum &#8222;Star von Seelow&#8220;.<\/p>\n<p>https:\/\/twitter.com\/Dr_C_Becker\/status\/1912814548685357163<\/p>\n<p>In den sozialen Netzwerken distanzieren sich die Deutschen vom aggressiven, konfrontativen Kurs ihrer Regierung. Auf Plattformen wie <em>X<\/em> entschuldigen sie sich f\u00fcr das Verhalten ihrer Politiker. Es sind die B\u00fcrger Deutschlands, die klar erkennen, dass der von deutscher Politik eingeschlagene Weg, das Sch\u00fcren von Hass verbunden mit dem Willen zur Eskalation, in eine Sackgasse und schlimmstenfalls erneut ins Verderben f\u00fchrt.<\/p>\n<p>https:\/\/twitter.com\/kinra\/status\/1912812591312753143<\/p>\n<p>Am Gedenken des Endes des Zweiten Weltkriegs zeigt sich deutlich, dass ein tiefer Riss das politische Establishment von den B\u00fcrgern trennt. Politik repr\u00e4sentiert auch in diesem Zusammenhang nicht den Willen der Deutschen. Deutsche Politik f\u00fchrt ein Eigenleben, das sich von der gesellschaftlichen Realit\u00e4t in Deutschland gel\u00f6st hat. Das ist Ausdruck einer tiefen politischen Krise. Den Deutschen fehlt die politische Repr\u00e4sentation im Parlament.<\/p>\n<p>Vor allem aber zielt deutsche Politik im Gegensatz zur deutschen Gesellschaft erneut nicht auf Frieden und Auss\u00f6hnung, sondern ist willens, bereits gemachte Fehler noch einmal zu wiederholen. Der Mehrheit der Deutschen ist noch im Ged\u00e4chtnis, welche verheerenden Folgen die deutsche Aggression gegen\u00fcber den V\u00f6lkern der Sowjetunion hatte. Deutsche Politik hat es vergessen. Daf\u00fcr wird sie zu Recht von den eigenen B\u00fcrgern verachtet.<\/p>\n<p style=\"text-align: right;\"><em>Gert-Ewen Ungar studierte Philosophie und Germanistik und schreibt regelm\u00e4\u00dfig f\u00fcr die <a href=\"https:\/\/www.neulandrebellen.de\/\" target=\"_blank\" rel=\"noopener\">Neulandrebellen<\/a>\u00a0<\/em><\/p>\n<hr \/>\n<p><span style=\"font-size: 10pt;\">Bild oben: Sergei Jurjewitsch Netschajew, Botschafter der Russischen F\u00f6deration in der Bundesrepublik Deutschland<\/span><br \/>\n<span style=\"font-size: 10pt;\">Foto: www.rusemb.at, <a href=\"https:\/\/creativecommons.org\/licenses\/by\/3.0\" target=\"_blank\" rel=\"noopener\">CC BY 3.0<\/a><\/span><br \/>\n<span style=\"font-size: 10pt;\">Quelle: <a href=\"https:\/\/commons.wikimedia.org\/w\/index.php?curid=78985257\" target=\"_blank\" rel=\"noopener\">https:\/\/commons.wikimedia.org\/w\/index.php?curid=78985257<\/a><\/span><\/p>\n","protected":false},"excerpt":{"rendered":"<p><b>Beitrag von Gert Ewen Ungar<\/b><br \/>\nDer Bundestag verzichtet hinsichtlich der Gedenkveranstaltung zum Ende des Zweiten Weltkriegs in diesem Jahr auf die explizite Einladung des russischen und des wei\u00dfrussischen Botschafters. Der Bundestag verweist zur Begr\u00fcndung auf eine Handreichung des Ausw\u00e4rtigen Amts. Dort wird zudem empfohlen, im Fall des uneingeladenen Erscheinens von Vertretern Russlands und Wei\u00dfrusslands zu Gedenkfeierlichkeiten vom Hausrecht Gebrauch zu machen. Konkret hei\u00dft das, das Ausw\u00e4rtige Amt empfiehlt den Rauswurf von Diplomaten der L\u00e4nder, die ma\u00dfgeblich zur Befreiung Deutschlands vom Faschismus beigetragen und zudem die gr\u00f6\u00dfte Last des Zweiten Weltkrieges zu schultern hatten. Die moralische Verwahrlosung der politischen Eliten Deutschlands zeigt sich in diesem Vorgang ganz offen. Es ist eine Schande \u2013 eine deutsche Schande.\u00a0<\/p>\n","protected":false},"author":3,"featured_media":21532,"comment_status":"closed","ping_status":"closed","sticky":false,"template":"","format":"standard","meta":{"colormag_page_container_layout":"default_layout","colormag_page_sidebar_layout":"default_layout","advanced_seo_description":"","jetpack_seo_html_title":"","jetpack_seo_noindex":false,"jetpack_post_was_ever_published":false,"footnotes":""},"categories":[12],"tags":[648,1398,699,2609,2004,2197,1032,477,452,1406,335,924,1536,222,687],"class_list":["post-21527","post","type-post","status-publish","format-standard","has-post-thumbnail","hentry","category-demokratie-medien-aufklaerung","tag-2-weltkrieg","tag-aufruestung","tag-aussenpolitik","tag-aussoehnung","tag-besatzung","tag-botschaft","tag-bundesregierung","tag-bundestag","tag-deutschland","tag-diplomatie","tag-frieden","tag-gedenken","tag-kapitulation","tag-russland","tag-tag-der-befreiung"],"jetpack_featured_media_url":"https:\/\/i0.wp.com\/www.freidenker.org\/fw17\/wp-content\/uploads\/2025\/04\/Sergey_Yuryevitch_Nechayev_ambassador_800x450.jpg?fit=800%2C450&ssl=1","jetpack_shortlink":"https:\/\/wp.me\/p9stpK-5Bd","jetpack-related-posts":[{"id":23712,"url":"https:\/\/www.freidenker.org\/?p=23712","url_meta":{"origin":21527,"position":0},"title":"Generaldebatte im Bundestag: Abschied der deutschen Politik von der Realit\u00e4t","author":"Webredaktion","date":"5. Dezember 2025","format":false,"excerpt":"Beitrag von Gert Ewen Ungar Die Generaldebatte im Deutschen Bundestag hinterl\u00e4sst einen starken Eindruck. Dieser starke Eindruck besteht vor allem darin, dass sich die Bundesregierung, allen voran der Bundeskanzler, aber auch ein Gro\u00dfteil der Abgeordneten, von der Realit\u00e4t l\u00e4ngst verabschiedet hat. Sie leben in einer Parallelwelt, in der andere, n\u00e4mlich\u2026","rel":"","context":"In &quot;Demokratie \u2013 Medien \u2013 Aufkl\u00e4rung&quot;","block_context":{"text":"Demokratie \u2013 Medien \u2013 Aufkl\u00e4rung","link":"https:\/\/www.freidenker.org\/?cat=12"},"img":{"alt_text":"","src":"https:\/\/i0.wp.com\/www.freidenker.org\/fw17\/wp-content\/uploads\/2025\/12\/CPAC_Hungary_2025_147_800x450.jpg?fit=800%2C450&ssl=1&resize=350%2C200","width":350,"height":200,"srcset":"https:\/\/i0.wp.com\/www.freidenker.org\/fw17\/wp-content\/uploads\/2025\/12\/CPAC_Hungary_2025_147_800x450.jpg?fit=800%2C450&ssl=1&resize=350%2C200 1x, https:\/\/i0.wp.com\/www.freidenker.org\/fw17\/wp-content\/uploads\/2025\/12\/CPAC_Hungary_2025_147_800x450.jpg?fit=800%2C450&ssl=1&resize=525%2C300 1.5x, https:\/\/i0.wp.com\/www.freidenker.org\/fw17\/wp-content\/uploads\/2025\/12\/CPAC_Hungary_2025_147_800x450.jpg?fit=800%2C450&ssl=1&resize=700%2C400 2x"},"classes":[]},{"id":16012,"url":"https:\/\/www.freidenker.org\/?p=16012","url_meta":{"origin":21527,"position":1},"title":"Geschichtsrevisionismus made in Germany","author":"Webredaktion","date":"13. Mai 2023","format":false,"excerpt":"Beitrag von Gert Ewen Ungar In Russland sieht man Versuche des Westens deutlich, die Geschichte umschreiben zu wollen. Die Feierlichkeiten zum Tag des Siegs \u00fcber den Faschismus zeigten, Deutschland ist bei diesen Versuchen ganz vorn mit dabei. F\u00fcr Russland ist das ein aggressiver, feindseliger Akt. Ginge es nach der Bundesregierung,\u2026","rel":"","context":"In &quot;Demokratie \u2013 Medien \u2013 Aufkl\u00e4rung&quot;","block_context":{"text":"Demokratie \u2013 Medien \u2013 Aufkl\u00e4rung","link":"https:\/\/www.freidenker.org\/?cat=12"},"img":{"alt_text":"","src":"https:\/\/i0.wp.com\/www.freidenker.org\/fw17\/wp-content\/uploads\/2023\/05\/Reichtstag_Kuppel_Innen_Denis_Apel_9_800x450.jpg?fit=800%2C450&ssl=1&resize=350%2C200","width":350,"height":200,"srcset":"https:\/\/i0.wp.com\/www.freidenker.org\/fw17\/wp-content\/uploads\/2023\/05\/Reichtstag_Kuppel_Innen_Denis_Apel_9_800x450.jpg?fit=800%2C450&ssl=1&resize=350%2C200 1x, https:\/\/i0.wp.com\/www.freidenker.org\/fw17\/wp-content\/uploads\/2023\/05\/Reichtstag_Kuppel_Innen_Denis_Apel_9_800x450.jpg?fit=800%2C450&ssl=1&resize=525%2C300 1.5x, https:\/\/i0.wp.com\/www.freidenker.org\/fw17\/wp-content\/uploads\/2023\/05\/Reichtstag_Kuppel_Innen_Denis_Apel_9_800x450.jpg?fit=800%2C450&ssl=1&resize=700%2C400 2x"},"classes":[]},{"id":22222,"url":"https:\/\/www.freidenker.org\/?p=22222","url_meta":{"origin":21527,"position":2},"title":"Merz-Rede: Der (Alb-)Traum von Deutschland als Milit\u00e4rmacht ist zur\u00fcck","author":"Webredaktion","date":"26. Juni 2025","format":false,"excerpt":"Beitrag von Gert Ewen Ungar Mit einem Video, das sich \u00e4sthetisch und inhaltlich in die Tradition des Nazi-Hetzblatts Der St\u00fcrmer stellt, macht das Ausw\u00e4rtige Amt unter F\u00fchrung von Johann Wadephul die Welt mit dem au\u00dfenpolitischen Teil der Regierungserkl\u00e4rung von\u00a0Friedrich Merz vertraut. Die \u00dcbernahme von Ton und \u00c4sthetik der nationalsozialistischen Propaganda\u2026","rel":"","context":"In &quot;Demokratie \u2013 Medien \u2013 Aufkl\u00e4rung&quot;","block_context":{"text":"Demokratie \u2013 Medien \u2013 Aufkl\u00e4rung","link":"https:\/\/www.freidenker.org\/?cat=12"},"img":{"alt_text":"","src":"https:\/\/i0.wp.com\/www.freidenker.org\/fw17\/wp-content\/uploads\/2025\/06\/2024-08-21_Wahlkampf_Friedrich_Merz.jpg?fit=800%2C450&ssl=1&resize=350%2C200","width":350,"height":200,"srcset":"https:\/\/i0.wp.com\/www.freidenker.org\/fw17\/wp-content\/uploads\/2025\/06\/2024-08-21_Wahlkampf_Friedrich_Merz.jpg?fit=800%2C450&ssl=1&resize=350%2C200 1x, https:\/\/i0.wp.com\/www.freidenker.org\/fw17\/wp-content\/uploads\/2025\/06\/2024-08-21_Wahlkampf_Friedrich_Merz.jpg?fit=800%2C450&ssl=1&resize=525%2C300 1.5x, https:\/\/i0.wp.com\/www.freidenker.org\/fw17\/wp-content\/uploads\/2025\/06\/2024-08-21_Wahlkampf_Friedrich_Merz.jpg?fit=800%2C450&ssl=1&resize=700%2C400 2x"},"classes":[]},{"id":22534,"url":"https:\/\/www.freidenker.org\/?p=22534","url_meta":{"origin":21527,"position":3},"title":"Bundestagspr\u00e4sidentin Kl\u00f6ckner in Genf: Diplomatie als Mittel zur moralischer Emp\u00f6rung","author":"Webredaktion","date":"5. August 2025","format":false,"excerpt":"Beitrag von Gert Ewen Ungar In Genf findet seit dem Jahr 2000 alle f\u00fcnf Jahre das internationale Treffen der Parlamentssprecher statt, das von der Internationalen Parlamentarischen Union (IPU) ausgerichtet wird. Beim Treffen der internationalen Vereinigung von Parlamentssprechern geht es um die ganz gro\u00dfen Themen: Sicherung des Friedens, Wahrung der Menschenrechte,\u2026","rel":"","context":"In &quot;Demokratie \u2013 Medien \u2013 Aufkl\u00e4rung&quot;","block_context":{"text":"Demokratie \u2013 Medien \u2013 Aufkl\u00e4rung","link":"https:\/\/www.freidenker.org\/?cat=12"},"img":{"alt_text":"","src":"https:\/\/i0.wp.com\/www.freidenker.org\/fw17\/wp-content\/uploads\/2025\/08\/2021-01-23_Julia_Kloeckner_MG_5774_800x450.jpg?fit=800%2C449&ssl=1&resize=350%2C200","width":350,"height":200,"srcset":"https:\/\/i0.wp.com\/www.freidenker.org\/fw17\/wp-content\/uploads\/2025\/08\/2021-01-23_Julia_Kloeckner_MG_5774_800x450.jpg?fit=800%2C449&ssl=1&resize=350%2C200 1x, https:\/\/i0.wp.com\/www.freidenker.org\/fw17\/wp-content\/uploads\/2025\/08\/2021-01-23_Julia_Kloeckner_MG_5774_800x450.jpg?fit=800%2C449&ssl=1&resize=525%2C300 1.5x, https:\/\/i0.wp.com\/www.freidenker.org\/fw17\/wp-content\/uploads\/2025\/08\/2021-01-23_Julia_Kloeckner_MG_5774_800x450.jpg?fit=800%2C449&ssl=1&resize=700%2C400 2x"},"classes":[]},{"id":19301,"url":"https:\/\/www.freidenker.org\/?p=19301","url_meta":{"origin":21527,"position":4},"title":"Deutsche Vernichtungsphantasien und der kommende Krieg mit Russland","author":"Webredaktion","date":"9. Juni 2024","format":false,"excerpt":"Beitrag von Gert Ewen Ungar Berlin\u00a0stellt die Weichen in Richtung\u00a0eines neuen gro\u00dfen Krieges mit Russland. Nicht nur Verteidigungsminister Pistorius (SPD) sieht die Deutschen wieder gegen Russland marschieren. Er will Deutschland bis sp\u00e4testens 2029 kriegst\u00fcchtig machen, erkl\u00e4rte er heute (05.06.24) im Bundestag. \u00c4hnlich sieht das auch Deutschlands ehemaliger Au\u00dfenminister Sigmar Gabriel\u2026","rel":"","context":"In &quot;Demokratie \u2013 Medien \u2013 Aufkl\u00e4rung&quot;","block_context":{"text":"Demokratie \u2013 Medien \u2013 Aufkl\u00e4rung","link":"https:\/\/www.freidenker.org\/?cat=12"},"img":{"alt_text":"","src":"https:\/\/i0.wp.com\/www.freidenker.org\/fw17\/wp-content\/uploads\/2024\/06\/Sigmar_Gabriel_2018-10-13_Buchmesse_800x450.jpg?fit=800%2C450&ssl=1&resize=350%2C200","width":350,"height":200,"srcset":"https:\/\/i0.wp.com\/www.freidenker.org\/fw17\/wp-content\/uploads\/2024\/06\/Sigmar_Gabriel_2018-10-13_Buchmesse_800x450.jpg?fit=800%2C450&ssl=1&resize=350%2C200 1x, https:\/\/i0.wp.com\/www.freidenker.org\/fw17\/wp-content\/uploads\/2024\/06\/Sigmar_Gabriel_2018-10-13_Buchmesse_800x450.jpg?fit=800%2C450&ssl=1&resize=525%2C300 1.5x, https:\/\/i0.wp.com\/www.freidenker.org\/fw17\/wp-content\/uploads\/2024\/06\/Sigmar_Gabriel_2018-10-13_Buchmesse_800x450.jpg?fit=800%2C450&ssl=1&resize=700%2C400 2x"},"classes":[]},{"id":21058,"url":"https:\/\/www.freidenker.org\/?p=21058","url_meta":{"origin":21527,"position":5},"title":"Die Klageges\u00e4nge des BSW: &#8222;Ach, die Medien!&#8220;","author":"Webredaktion","date":"1. M\u00e4rz 2025","format":false,"excerpt":"Beitrag von Gert Ewen Ungar H\u00e4tte es Deutschland auf die Reihe bekommen, die im Ausland lebenden Deutschen an den Bundestagswahlen teilnehmen zu lassen, h\u00e4tte ich vermutlich mein Kreuz beim BSW gemacht. Ganz z\u00e4hneknirschend zwar, aber ich h\u00e4tte das BSW gew\u00e4hlt. Dazu kam es nicht, denn Deutschland ist nicht mehr in\u2026","rel":"","context":"In &quot;Demokratie \u2013 Medien \u2013 Aufkl\u00e4rung&quot;","block_context":{"text":"Demokratie \u2013 Medien \u2013 Aufkl\u00e4rung","link":"https:\/\/www.freidenker.org\/?cat=12"},"img":{"alt_text":"","src":"https:\/\/i0.wp.com\/www.freidenker.org\/fw17\/wp-content\/uploads\/2025\/03\/2024-08-19_Event_Thueringer_Wahlkampftour-Start_des_BSW_in_Eisenach_STP_2994_by_Stepro_800x450.jpg?fit=800%2C450&ssl=1&resize=350%2C200","width":350,"height":200,"srcset":"https:\/\/i0.wp.com\/www.freidenker.org\/fw17\/wp-content\/uploads\/2025\/03\/2024-08-19_Event_Thueringer_Wahlkampftour-Start_des_BSW_in_Eisenach_STP_2994_by_Stepro_800x450.jpg?fit=800%2C450&ssl=1&resize=350%2C200 1x, https:\/\/i0.wp.com\/www.freidenker.org\/fw17\/wp-content\/uploads\/2025\/03\/2024-08-19_Event_Thueringer_Wahlkampftour-Start_des_BSW_in_Eisenach_STP_2994_by_Stepro_800x450.jpg?fit=800%2C450&ssl=1&resize=525%2C300 1.5x, https:\/\/i0.wp.com\/www.freidenker.org\/fw17\/wp-content\/uploads\/2025\/03\/2024-08-19_Event_Thueringer_Wahlkampftour-Start_des_BSW_in_Eisenach_STP_2994_by_Stepro_800x450.jpg?fit=800%2C450&ssl=1&resize=700%2C400 2x"},"classes":[]}],"_links":{"self":[{"href":"https:\/\/www.freidenker.org\/index.php?rest_route=\/wp\/v2\/posts\/21527","targetHints":{"allow":["GET"]}}],"collection":[{"href":"https:\/\/www.freidenker.org\/index.php?rest_route=\/wp\/v2\/posts"}],"about":[{"href":"https:\/\/www.freidenker.org\/index.php?rest_route=\/wp\/v2\/types\/post"}],"author":[{"embeddable":true,"href":"https:\/\/www.freidenker.org\/index.php?rest_route=\/wp\/v2\/users\/3"}],"replies":[{"embeddable":true,"href":"https:\/\/www.freidenker.org\/index.php?rest_route=%2Fwp%2Fv2%2Fcomments&post=21527"}],"version-history":[{"count":6,"href":"https:\/\/www.freidenker.org\/index.php?rest_route=\/wp\/v2\/posts\/21527\/revisions"}],"predecessor-version":[{"id":21887,"href":"https:\/\/www.freidenker.org\/index.php?rest_route=\/wp\/v2\/posts\/21527\/revisions\/21887"}],"wp:featuredmedia":[{"embeddable":true,"href":"https:\/\/www.freidenker.org\/index.php?rest_route=\/wp\/v2\/media\/21532"}],"wp:attachment":[{"href":"https:\/\/www.freidenker.org\/index.php?rest_route=%2Fwp%2Fv2%2Fmedia&parent=21527"}],"wp:term":[{"taxonomy":"category","embeddable":true,"href":"https:\/\/www.freidenker.org\/index.php?rest_route=%2Fwp%2Fv2%2Fcategories&post=21527"},{"taxonomy":"post_tag","embeddable":true,"href":"https:\/\/www.freidenker.org\/index.php?rest_route=%2Fwp%2Fv2%2Ftags&post=21527"}],"curies":[{"name":"wp","href":"https:\/\/api.w.org\/{rel}","templated":true}]}}