{"id":21489,"date":"2025-04-16T00:44:16","date_gmt":"2025-04-15T22:44:16","guid":{"rendered":"https:\/\/www.freidenker.org\/?p=21489"},"modified":"2025-05-19T14:18:18","modified_gmt":"2025-05-19T12:18:18","slug":"logik-des-wahnsinns","status":"publish","type":"post","link":"https:\/\/www.freidenker.org\/?p=21489","title":{"rendered":"Logik des Wahnsinns"},"content":{"rendered":"<div class=\"article-body\">\n<div class=\"aticle-text\">\n<h4 class=\"sp-n-t-xxs sp-b-m\">Ersatz-NATO unter deutscher F\u00fchrung<\/h4>\n<p><em>von <strong>Uli Gellermann<\/strong><\/em><\/p>\n<p><span style=\"font-size: 10pt;\">Erstver\u00f6ffentlichung am 12.04.2025 auf <a href=\"https:\/\/www.rationalgalerie.de\/home\/logik-des-wahnsinns\" target=\"_blank\" rel=\"noopener\">rationalgalerie.de<\/a><\/span><\/p>\n<p>Wer aufgeatmet hatte, als sich die USA aus der aktuellen F\u00fchrung der NATO zur\u00fcckzog, wer dachte, die NATO als Instrument des Krieges und der Unterdr\u00fcckung sei am Ende, der sieht sich heute get\u00e4uscht: Die alten Imperien, Gro\u00dfbritannien und Deutschland, haben das Kommando \u00fcbernommen. Die neue Koalition der Willigen firmiert unter dem Namen \u201eUkraine-Kontaktgruppe\u201c und trifft sich im NATO-Hauptquartier in Br\u00fcssel.<\/p>\n<h5>Pistorius, der Epochen-Manager<\/h5>\n<p>Die politische F\u00fchrung der Kriegskoalition hat der Sozialdemokrat Boris Pistorius \u00fcbernommen. W\u00e4hrend die USA und Russland vorsichtige Friedens-Signale aussenden, hat der gesch\u00e4ftsf\u00fchrende Verteidigungsminister neue Waffenpakete f\u00fcr die Ukraine angek\u00fcndigt: &#8222;Wir stehen am Beginn einer neuen Epoche, und wir werden uns in den kommenden Jahren bew\u00e4hren m\u00fcssen&#8220;, sagte er. &#8222;Es h\u00e4ngt davon ab, ob es uns gelingt, abschreckungs- und verteidigungsf\u00e4hig zu werden &#8211; und das geschlossen und in entsprechend kurzer Zeit.&#8220;<\/p>\n<h5>Generalinspekteur Carsten Breuers geheime Reise<\/h5>\n<p>Unter einer neuen Epoche tut es der Hilfswillige einer R\u00fcstungsindustrie nicht, der rund elf Milliarden Euro zus\u00e4tzlich locker machen will. Das wird die Bettler und Obdachlosen im Land sicher freuen: Die neuen \u201ePatriot&#8220;-Lenkflugk\u00f6rper f\u00fcr die Ukraine halten unter den Br\u00fccken sch\u00f6n warm, und die neuen &#8222;IRIS-T&#8220;-Systeme machen die Hungernden sicher schnell satt. F\u00fcr die \u201eUkraine-Kontaktgruppe\u201c hat man einen prima Haudrauf als deutschen Vertreter gefunden: Generalinspekteur Carsten Breuer war im Mai 2023 schon mal in Uniform in Kiew, um die Ukrainer an die deutschen Uniformen zu erinnern; an die Zeit, als die Ukraine noch \u201eReichskommissariat Ukraine\u201c hie\u00df und die Ukrainer zur Sklavenarbeit f\u00fcr die deutschen Herrenmenschen verpflichtet waren. Breuer bereiste schon Anfang Mai 2023 \u201eohne \u00d6ffentlichkeit\u201c die Ukraine. Eine geheime Reise, die weder Thema im Parlament noch in der deutschen \u00d6ffentlichkeit war.<\/p>\n<h5>Ein Corona-General<\/h5>\n<p>Breuer ist ein besonders vielseitiger General: Er war im Krisenstab des Bundesamtes f\u00fcr Bev\u00f6lkerungsschutz und Katastrophenhilfe\u00a0zur Zeit der angeblichen Corona-Pandemie. Noch heute k\u00f6nnen Viren davon erz\u00e4hlen, wie er sie unbarmherzig gejagt und gefangen hat. Es war der Nato-Generalsekret\u00e4r\u00a0Jens Stoltenberg,\u00a0der das gemeinschaftliche Vorgehen des Milit\u00e4rb\u00fcndnisses in der Corona-Zeit heftig lobte:\u00a0&#8222;Die (Corona-)Krise hat gezeigt, dass unsere Alliierten widerstandsf\u00e4hig und geeint sind.\u201c Tats\u00e4chlich war die Panik-Plandemie ein Lehrst\u00fcck daf\u00fcr, wie man die Bev\u00f6lkerung bis hin zur Bl\u00f6dheit formieren und disziplinieren kann: Eine Voraussetzung f\u00fcr die erw\u00fcnschte Kriegst\u00fcchtigkeit.<\/p>\n<h5>Nato: Ausl\u00f6ser des Ukraine-Kriegs<\/h5>\n<p>Der Ukrainekrieg wurde prim\u00e4r dadurch ausgel\u00f6st, dass die Ukraine in ihrer Verfassung den Beitritt zur NATO verankert hat. Das veranlasste Russland, das in der UNO-Charta verankerte Recht zur Selbstverteidigung f\u00fcr sich in Anspruch zu nehmen. Wer die NATO und ihre Kriege kennt, kann f\u00fcr die Selbstverteidigung der Russen nur Verst\u00e4ndnis haben. Aktuell versch\u00e4rft der Generalinspekteur der Bundeswehr Carsten Breuer die Lage, wenn er vor Russlands rasanter personeller und materieller Aufr\u00fcstung erz\u00e4hlt und in der Zeitung WELT behauptet: Es sei Putins Ziel, die Nato zu \u201ezerst\u00f6ren\u201c.<\/p>\n<h5>Der gro\u00dfe Kn\u00fcppel<\/h5>\n<p>Wer auch immer sich mit den Themen Krieg und Frieden besch\u00e4ftigt, kommt an der NATO nicht vorbei. Sie ist der gro\u00dfe, international wirkm\u00e4chtige Kn\u00fcppel in der Hand der M\u00e4chtigen zur Unterdr\u00fcckung der V\u00f6lker von Jugoslawien \u00fcber Afghanistan bis hin zum ideologischen Kampf gegen ein Grippevirus.<\/p>\n<p style=\"text-align: right;\"><em>Uli Gellermann ist Journalist und Filmemacher und betreibt die Internetseite \u201eRationalgalerie\u201c auf der auch dieser Text ver\u00f6ffentlicht wurde.<\/em><\/p>\n<hr \/>\n<p>Bild oben: Boris Pistorius und US-Verteidigungsminister Pete Hegseth w\u00e4hrend einer Sitzung der Verteidigungskontaktgruppe Ukraine am 12. Februar 2025 im NATO-Hauptquartier in Br\u00fcssel<br \/>\nFoto: U.S. Secretary of Defense &#8211; 250212-D-PM193-1443, <a href=\"https:\/\/commons.wikimedia.org\/wiki\/File:250212-D-PM193-1443_(54323788015).jpg?uselang=en#Licensing\" target=\"_blank\" rel=\"noopener\">Public Domain<\/a><br \/>\nQuelle: <a href=\"https:\/\/commons.wikimedia.org\/w\/index.php?curid=159643481\" target=\"_blank\" rel=\"noopener\">https:\/\/commons.wikimedia.org\/w\/index.php?curid=159643481<\/a><\/p>\n<\/div>\n<\/div>\n","protected":false},"excerpt":{"rendered":"<p><b>Ersatz-NATO unter deutscher F\u00fchrung<\/b><br \/>\n<b>Beitrag von Uli Gellermann<\/b><br \/>\nWer aufgeatmet hatte, als sich die USA aus der aktuellen F\u00fchrung der NATO zur\u00fcckzog, wer dachte, die NATO als Instrument des Krieges und der Unterdr\u00fcckung sei am Ende, der sieht sich heute get\u00e4uscht: Die alten Imperien, Gro\u00dfbritannien und Deutschland, haben das Kommando \u00fcbernommen. Die neue Koalition der Willigen firmiert unter dem Namen \u201eUkraine-Kontaktgruppe\u201c und trifft sich im NATO-Hauptquartier in Br\u00fcssel. Die politische F\u00fchrung der Kriegskoalition hat der Sozialdemokrat Boris Pistorius \u00fcbernommen. W\u00e4hrend die USA und Russland vorsichtige Friedens-Signale aussenden, hat der gesch\u00e4ftsf\u00fchrende Verteidigungsminister neue Waffenpakete f\u00fcr die Ukraine angek\u00fcndigt &#8230;<\/p>\n","protected":false},"author":3,"featured_media":21491,"comment_status":"closed","ping_status":"closed","sticky":false,"template":"","format":"standard","meta":{"colormag_page_container_layout":"default_layout","colormag_page_sidebar_layout":"default_layout","advanced_seo_description":"","jetpack_seo_html_title":"","jetpack_seo_noindex":false,"jetpack_post_was_ever_published":false,"footnotes":""},"categories":[12],"tags":[1256,452,335,188,2440,1819,56,1257,222,639,185,1525],"class_list":["post-21489","post","type-post","status-publish","format-standard","has-post-thumbnail","hentry","category-demokratie-medien-aufklaerung","tag-corona-virus","tag-deutschland","tag-frieden","tag-krieg","tag-kriegstuechtigkeit","tag-marschflugkoerper","tag-nato","tag-pandemie","tag-russland","tag-ukraine-konflikt","tag-usa","tag-waffenlieferungen"],"jetpack_featured_media_url":"https:\/\/i0.wp.com\/www.freidenker.org\/fw17\/wp-content\/uploads\/2025\/04\/Pistorius_250212-D-PM193-1443_54323788015_800x450.jpg?fit=800%2C450&ssl=1","jetpack_shortlink":"https:\/\/wp.me\/p9stpK-5AB","jetpack-related-posts":[{"id":19988,"url":"https:\/\/www.freidenker.org\/?p=19988","url_meta":{"origin":21489,"position":0},"title":"Raketeneins\u00e4tze gegen Russland","author":"Webredaktion","date":"3. Oktober 2024","format":false,"excerpt":"Beitrag von\u00a0Wolfgang Effenberger Die Ukraine fordert von Verb\u00fcndeten die Lieferung weitreichender Raketen, um Ziele in Russland anzugreifen. Das w\u00fcrde f\u00fcr den russischen Staatschef Wladimir Putin \"die Natur des Konflikts\" grundlegend ver\u00e4ndern. Sollte der Westen dem Einsatz weitreichender Waffen gegen Ziele in\u00a0Russland\u00a0durch die\u00a0Ukraine\u00a0zustimmen, w\u00fcrde das nach den Worten\u00a0 Putins\u00a0bedeuten, dass sich\u2026","rel":"","context":"In &quot;Demokratie \u2013 Medien \u2013 Aufkl\u00e4rung&quot;","block_context":{"text":"Demokratie \u2013 Medien \u2013 Aufkl\u00e4rung","link":"https:\/\/www.freidenker.org\/?cat=12"},"img":{"alt_text":"","src":"https:\/\/i0.wp.com\/www.freidenker.org\/fw17\/wp-content\/uploads\/2024\/10\/raketenwerfer_ai-generated-8430402_800x450.jpg?fit=800%2C450&ssl=1&resize=350%2C200","width":350,"height":200,"srcset":"https:\/\/i0.wp.com\/www.freidenker.org\/fw17\/wp-content\/uploads\/2024\/10\/raketenwerfer_ai-generated-8430402_800x450.jpg?fit=800%2C450&ssl=1&resize=350%2C200 1x, https:\/\/i0.wp.com\/www.freidenker.org\/fw17\/wp-content\/uploads\/2024\/10\/raketenwerfer_ai-generated-8430402_800x450.jpg?fit=800%2C450&ssl=1&resize=525%2C300 1.5x, https:\/\/i0.wp.com\/www.freidenker.org\/fw17\/wp-content\/uploads\/2024\/10\/raketenwerfer_ai-generated-8430402_800x450.jpg?fit=800%2C450&ssl=1&resize=700%2C400 2x"},"classes":[]},{"id":19666,"url":"https:\/\/www.freidenker.org\/?p=19666","url_meta":{"origin":21489,"position":1},"title":"Die Atomtod-Gefahr ist zur\u00fcck: NATO raus \u2013 und raus aus der NATO!","author":"Webredaktion","date":"9. August 2024","format":false,"excerpt":"Beitrag von Klaus Hartmann W\u00e4hrend der \"kollektive Westen\" in der Ukraine einen Stellvertreterkrieg gegen Russland f\u00fchrt, erz\u00e4hlen die NATO-Propagandisten \u00fcber \"alarmierende Aussagen von Russland, in denen es f\u00fcr den Fall einer als Bedrohung wahrgenommenen Entwicklung des Krieges den Einsatz von Massenvernichtungswaffen ank\u00fcndigt.\" Wenn von russischer Seite vor der Gefahr gewarnt\u2026","rel":"","context":"In &quot;Frieden - Antifaschismus - Solidarit\u00e4t&quot;","block_context":{"text":"Frieden - Antifaschismus - Solidarit\u00e4t","link":"https:\/\/www.freidenker.org\/?cat=13"},"img":{"alt_text":"","src":"https:\/\/i0.wp.com\/www.freidenker.org\/fw17\/wp-content\/uploads\/2024\/08\/Long-Range_Hypersonic_Weapon_800x450.jpg?fit=800%2C450&ssl=1&resize=350%2C200","width":350,"height":200,"srcset":"https:\/\/i0.wp.com\/www.freidenker.org\/fw17\/wp-content\/uploads\/2024\/08\/Long-Range_Hypersonic_Weapon_800x450.jpg?fit=800%2C450&ssl=1&resize=350%2C200 1x, https:\/\/i0.wp.com\/www.freidenker.org\/fw17\/wp-content\/uploads\/2024\/08\/Long-Range_Hypersonic_Weapon_800x450.jpg?fit=800%2C450&ssl=1&resize=525%2C300 1.5x, https:\/\/i0.wp.com\/www.freidenker.org\/fw17\/wp-content\/uploads\/2024\/08\/Long-Range_Hypersonic_Weapon_800x450.jpg?fit=800%2C450&ssl=1&resize=700%2C400 2x"},"classes":[]},{"id":14918,"url":"https:\/\/www.freidenker.org\/?p=14918","url_meta":{"origin":21489,"position":2},"title":"Die L\u00fcge und der Verrat geh\u00f6ren schon immer zu ihrem Programm","author":"Webredaktion","date":"2. Januar 2023","format":false,"excerpt":"Beitrag von\u00a0Dr. Wolfgang Schacht Im Jahre 1990 - die DDR wurde gerade in ma\u00dfloser Arroganz und \u00dcberheblichkeit von den nazistischen Herrenmenschen der BRD ausgeraubt, erniedrigt, beleidigt und annektiert - gab der Westen der noch existierenden UdSSR das Versprechen, dass sich der NATO \u2013 Block nicht nach Osten ausdehnen wird. Wer\u2026","rel":"","context":"In &quot;Demokratie \u2013 Medien \u2013 Aufkl\u00e4rung&quot;","block_context":{"text":"Demokratie \u2013 Medien \u2013 Aufkl\u00e4rung","link":"https:\/\/www.freidenker.org\/?cat=12"},"img":{"alt_text":"","src":"https:\/\/i0.wp.com\/www.freidenker.org\/fw17\/wp-content\/uploads\/2023\/01\/Schacht_LuegeUndVerrat_karten_800x450.jpg?fit=800%2C450&ssl=1&resize=350%2C200","width":350,"height":200,"srcset":"https:\/\/i0.wp.com\/www.freidenker.org\/fw17\/wp-content\/uploads\/2023\/01\/Schacht_LuegeUndVerrat_karten_800x450.jpg?fit=800%2C450&ssl=1&resize=350%2C200 1x, https:\/\/i0.wp.com\/www.freidenker.org\/fw17\/wp-content\/uploads\/2023\/01\/Schacht_LuegeUndVerrat_karten_800x450.jpg?fit=800%2C450&ssl=1&resize=525%2C300 1.5x, https:\/\/i0.wp.com\/www.freidenker.org\/fw17\/wp-content\/uploads\/2023\/01\/Schacht_LuegeUndVerrat_karten_800x450.jpg?fit=800%2C450&ssl=1&resize=700%2C400 2x"},"classes":[]},{"id":12932,"url":"https:\/\/www.freidenker.org\/?p=12932","url_meta":{"origin":21489,"position":3},"title":"Die Wahrheit liegt in den Tatsachen","author":"Webredaktion","date":"29. April 2022","format":false,"excerpt":"Beitrag von Prof. Dr. Anton Latzo Es ist nach wie vor wichtig, festzuhalten, dass in den internationalen Beziehungen nach wie vor und noch lange Zeit die Fragen der Macht f\u00fcr Frieden und Sicherheit der V\u00f6lker und Staaten von zentraler Bedeutung bleiben. Es sind Faktoren, die \u2013 unter Klassenbedingungen - Zeitenwechsel\u2026","rel":"","context":"In &quot;Frieden - Antifaschismus - Solidarit\u00e4t&quot;","block_context":{"text":"Frieden - Antifaschismus - Solidarit\u00e4t","link":"https:\/\/www.freidenker.org\/?cat=13"},"img":{"alt_text":"","src":"https:\/\/i0.wp.com\/www.freidenker.org\/fw17\/wp-content\/uploads\/2022\/04\/question-mark-7046730_800x450.jpg?fit=800%2C450&ssl=1&resize=350%2C200","width":350,"height":200,"srcset":"https:\/\/i0.wp.com\/www.freidenker.org\/fw17\/wp-content\/uploads\/2022\/04\/question-mark-7046730_800x450.jpg?fit=800%2C450&ssl=1&resize=350%2C200 1x, https:\/\/i0.wp.com\/www.freidenker.org\/fw17\/wp-content\/uploads\/2022\/04\/question-mark-7046730_800x450.jpg?fit=800%2C450&ssl=1&resize=525%2C300 1.5x, https:\/\/i0.wp.com\/www.freidenker.org\/fw17\/wp-content\/uploads\/2022\/04\/question-mark-7046730_800x450.jpg?fit=800%2C450&ssl=1&resize=700%2C400 2x"},"classes":[]},{"id":12311,"url":"https:\/\/www.freidenker.org\/?p=12311","url_meta":{"origin":21489,"position":4},"title":"WOLLT IHR DEN TOTALEN KRIEG ?!","author":"Webredaktion","date":"23. Februar 2022","format":false,"excerpt":"Ein Kommentar von Wolfgang Bittner Zum dritten Mal geht es gegen den Erzfeind im Osten. Seit Jahren wird nun schon gegen Russland gehetzt, die Fakten werden umgelogen, es wird gedroht, sanktioniert und diffamiert. Die westliche Allianz unter F\u00fchrung der USA hat Russland in der Person Wladimir Putins jahrelang abgewiesen und\u2026","rel":"","context":"In &quot;Frieden - Antifaschismus - Solidarit\u00e4t&quot;","block_context":{"text":"Frieden - Antifaschismus - Solidarit\u00e4t","link":"https:\/\/www.freidenker.org\/?cat=13"},"img":{"alt_text":"","src":"https:\/\/i0.wp.com\/www.freidenker.org\/fw17\/wp-content\/uploads\/2022\/02\/Ruins_of_Donetsk_International_airport_800x450.jpg?fit=800%2C450&ssl=1&resize=350%2C200","width":350,"height":200,"srcset":"https:\/\/i0.wp.com\/www.freidenker.org\/fw17\/wp-content\/uploads\/2022\/02\/Ruins_of_Donetsk_International_airport_800x450.jpg?fit=800%2C450&ssl=1&resize=350%2C200 1x, https:\/\/i0.wp.com\/www.freidenker.org\/fw17\/wp-content\/uploads\/2022\/02\/Ruins_of_Donetsk_International_airport_800x450.jpg?fit=800%2C450&ssl=1&resize=525%2C300 1.5x, https:\/\/i0.wp.com\/www.freidenker.org\/fw17\/wp-content\/uploads\/2022\/02\/Ruins_of_Donetsk_International_airport_800x450.jpg?fit=800%2C450&ssl=1&resize=700%2C400 2x"},"classes":[]},{"id":23856,"url":"https:\/\/www.freidenker.org\/?p=23856","url_meta":{"origin":21489,"position":5},"title":"Kein Frieden f\u00fcr die Ukraine","author":"Webredaktion","date":"12. Dezember 2025","format":false,"excerpt":"Warum Selenskyj, Merz & Co. nicht vom Krieg lassen k\u00f6nnen Ein Kommentar von Tilo Gr\u00e4ser Manches deutet darauf hin, dass der neue Friedensplan von US-Pr\u00e4sident Donald Trump zum Scheitern verurteilt sein k\u00f6nnte. Die Trump-Administration macht Berichten zufolge Druck auf die ukrainische F\u00fchrung, f\u00fcr den Frieden auf verlorenes Territorium zu verzichten.\u2026","rel":"","context":"In &quot;Frieden - Antifaschismus - Solidarit\u00e4t&quot;","block_context":{"text":"Frieden - Antifaschismus - Solidarit\u00e4t","link":"https:\/\/www.freidenker.org\/?cat=13"},"img":{"alt_text":"","src":"https:\/\/i0.wp.com\/www.freidenker.org\/fw17\/wp-content\/uploads\/2025\/12\/Selenskij_Rutte_Costa_von_der_Leyen_2025-12-08_800x450.jpg?fit=800%2C450&ssl=1&resize=350%2C200","width":350,"height":200,"srcset":"https:\/\/i0.wp.com\/www.freidenker.org\/fw17\/wp-content\/uploads\/2025\/12\/Selenskij_Rutte_Costa_von_der_Leyen_2025-12-08_800x450.jpg?fit=800%2C450&ssl=1&resize=350%2C200 1x, https:\/\/i0.wp.com\/www.freidenker.org\/fw17\/wp-content\/uploads\/2025\/12\/Selenskij_Rutte_Costa_von_der_Leyen_2025-12-08_800x450.jpg?fit=800%2C450&ssl=1&resize=525%2C300 1.5x, https:\/\/i0.wp.com\/www.freidenker.org\/fw17\/wp-content\/uploads\/2025\/12\/Selenskij_Rutte_Costa_von_der_Leyen_2025-12-08_800x450.jpg?fit=800%2C450&ssl=1&resize=700%2C400 2x"},"classes":[]}],"_links":{"self":[{"href":"https:\/\/www.freidenker.org\/index.php?rest_route=\/wp\/v2\/posts\/21489","targetHints":{"allow":["GET"]}}],"collection":[{"href":"https:\/\/www.freidenker.org\/index.php?rest_route=\/wp\/v2\/posts"}],"about":[{"href":"https:\/\/www.freidenker.org\/index.php?rest_route=\/wp\/v2\/types\/post"}],"author":[{"embeddable":true,"href":"https:\/\/www.freidenker.org\/index.php?rest_route=\/wp\/v2\/users\/3"}],"replies":[{"embeddable":true,"href":"https:\/\/www.freidenker.org\/index.php?rest_route=%2Fwp%2Fv2%2Fcomments&post=21489"}],"version-history":[{"count":2,"href":"https:\/\/www.freidenker.org\/index.php?rest_route=\/wp\/v2\/posts\/21489\/revisions"}],"predecessor-version":[{"id":21492,"href":"https:\/\/www.freidenker.org\/index.php?rest_route=\/wp\/v2\/posts\/21489\/revisions\/21492"}],"wp:featuredmedia":[{"embeddable":true,"href":"https:\/\/www.freidenker.org\/index.php?rest_route=\/wp\/v2\/media\/21491"}],"wp:attachment":[{"href":"https:\/\/www.freidenker.org\/index.php?rest_route=%2Fwp%2Fv2%2Fmedia&parent=21489"}],"wp:term":[{"taxonomy":"category","embeddable":true,"href":"https:\/\/www.freidenker.org\/index.php?rest_route=%2Fwp%2Fv2%2Fcategories&post=21489"},{"taxonomy":"post_tag","embeddable":true,"href":"https:\/\/www.freidenker.org\/index.php?rest_route=%2Fwp%2Fv2%2Ftags&post=21489"}],"curies":[{"name":"wp","href":"https:\/\/api.w.org\/{rel}","templated":true}]}}