{"id":21412,"date":"2025-04-09T01:27:58","date_gmt":"2025-04-08T23:27:58","guid":{"rendered":"https:\/\/www.freidenker.org\/?p=21412"},"modified":"2025-05-19T14:16:45","modified_gmt":"2025-05-19T12:16:45","slug":"konferenz-frieden-mit-russland","status":"publish","type":"post","link":"https:\/\/www.freidenker.org\/?p=21412","title":{"rendered":"Konferenz &#8222;Frieden mit Russland&#8220;"},"content":{"rendered":"<p><strong>Am 24. M\u00e4rz 2025 fand in Neuenhagen bei Berlin eine Konferenz des Ostdeutschen Kuratoriums von Verb\u00e4nden e.V. statt. Sie stand unter dem Motto &#8222;Frieden mit Russland&#8220; und war mit 500 Besuchern schon einige Wochen vorher ausverkauft.<\/strong><\/p>\n<p>Die Veranstaltung wurde von Dr. Matthias Werner, Pr\u00e4sident des OKV e.V. und Mitglied des Beirats des Deutschen Freidenker-Verbandes, er\u00f6ffnet und von Rainer Rupp, ebenfalls Beiratsmitglied, moderiert. Das Hauptreferat hielt Prof. Theodore A. Postol, (USA), Physiker, Experte zum Thema Raketenabwehr und prominenter Kritiker der US-Milit\u00e4rpolitik. Sein Beitrag (in englischer Sprache) kann <a href=\"https:\/\/okv-kuratorium.org\/konferenz-am-24-maerz-2025-in-neuenhagen-vortrag-prof-theodore-a-postol\/\" target=\"_blank\" rel=\"noopener\">auf der Seite des OKV<\/a> gelesen bez. heruntergeladen werden.<\/p>\n<hr \/>\n<h5><span style=\"font-family: georgia, palatino, serif;\">Die Teilnehmer der wissenschaftlichen Konferenz beschlossen die folgende Abschlusserkl\u00e4rung:<\/span><\/h5>\n<p><strong>Am 08. Mai 2025 j\u00e4hrt sich zum 80sten Mal der Tag der Befreiung vom Faschismus mit der bedingungslosen Kapitulation Hitlerdeutschlands<\/strong>.<\/p>\n<p>Mit allen friedliebenden Menschen verbinden wir dieses geschichtstr\u00e4chtige Datum mit dem Dank an unsere Befreier vom Faschismus, den Alliierten und besonders den Angeh\u00f6rigen der Sowjetarmee. Die Sowjetunion hat mit 27 Millionen Toten und einem von den Faschisten verw\u00fcsteten Land den gr\u00f6\u00dften Beitrag f\u00fcr die Befreiung Europas geleistet. \u201eNie wieder Faschismus, nie wieder Krieg\u201c, war eine der wichtigsten Schlussfolgerungen nach dem Sieg \u00fcber das verbrecherische \u201eHitlerdeutschland\u201c.<\/p>\n<p>Das Jahr 2025 stellt uns vor neue Herausforderungen.<\/p>\n<p>Inzwischen h\u00e4lt der Krieg in der Ukraine, um die Durchsetzung globaler Ziele, der Vormachtstellung der sogenannten westlichen Wertegemeinschaft in der Welt, unvermindert an.<\/p>\n<p>Die Welt steht an der Schwelle zu einem atomaren Weltbrand. Dem stellen wir uns mit aller Kraft entgegen.<\/p>\n<p>Wir begr\u00fc\u00dfen die zwischen Russland und den USA vereinbarten Gespr\u00e4che zur Beendigung des Kriegs in der Ukraine. Uns ist es aber auch klar das das nur ein erster Schritt in Richtung Weltweite Friedensordnung sein kann.<\/p>\n<p>Die reaktion\u00e4ren Kr\u00e4fte des alten Europas wollen auf die Gefahr eines Atomkriegs mit einer ma\u00dflosen Hochr\u00fcstung ihre Vormachtstellung in der Welt erhalten und sind nicht bereit zur Beendigung der K\u00e4mpfe beizutragen.<\/p>\n<p><strong>Dieser Weg f\u00fchrt unweigerlich in den Abgrund.<\/strong><\/p>\n<p><strong>Was ist die Alternative?<\/strong><\/p>\n<p>Nur ein Weg ist gangbar:<\/p>\n<p>\u00dcber Verhandlungen in einem ersten Schritt zur Eind\u00e4mmung der Kriegsgefahr beitragen und letztendlich Vereinbarungen zu treffen f\u00fcr Frieden, Sicherheit und gleichberechtigte Zusammenarbeit zwischen allen Staaten und V\u00f6lkern zum gegenseitigen Vorteil.<\/p>\n<p><strong>Wir fordern:<\/strong><\/p>\n<ul>\n<li>die Anerkennung der Legitimit\u00e4t der Sicherheitsinteressen Russlands, weil das mit den Interessen der anderen Staaten und V\u00f6lker \u00fcbereinstimmt und dazu beitr\u00e4gt, g\u00fcnstige Bedingungen f\u00fcr Frieden, Sicherheit und gleichberechtigte Zusammenarbeit zum gegenseitigen Vorteil zu schaffen.<\/li>\n<li>Stopp und R\u00fcckbau der wortbr\u00fcchigen NATO-Osterweiterung,<\/li>\n<li>Schluss mit Waffenlieferungen,<\/li>\n<li>Keine Sanktionen weder gegen Russland noch sonst ein Land in der Welt!<\/li>\n<li>Keine Stationierung von Hyperschallraketen der USA in Deutschland!<\/li>\n<li>Sofortiger Beginn von Verhandlungen \u00fcber ein System der kollektiven Sicherheit in Europa und der Welt im Rahmen der UNO.<\/li>\n<\/ul>\n<p><span style=\"font-size: 10pt;\">Die Erkl\u00e4rung wurde am 24. M\u00e4rz 2025 per Akklamation durch die Teilnehmer an der wissenschaftlichen Konferenz angenommen.<\/span><\/p>\n<hr \/>\n<p><strong>Links<\/strong><\/p>\n<p><img data-recalc-dims=\"1\" loading=\"lazy\" decoding=\"async\" data-attachment-id=\"13977\" data-permalink=\"https:\/\/www.freidenker.org\/?attachment_id=13977\" data-orig-file=\"https:\/\/i0.wp.com\/www.freidenker.org\/fw17\/wp-content\/uploads\/2022\/08\/External_Link_24px.jpg?fit=24%2C24&amp;ssl=1\" data-orig-size=\"24,24\" data-comments-opened=\"0\" data-image-meta=\"{&quot;aperture&quot;:&quot;0&quot;,&quot;credit&quot;:&quot;&quot;,&quot;camera&quot;:&quot;&quot;,&quot;caption&quot;:&quot;&quot;,&quot;created_timestamp&quot;:&quot;0&quot;,&quot;copyright&quot;:&quot;&quot;,&quot;focal_length&quot;:&quot;0&quot;,&quot;iso&quot;:&quot;0&quot;,&quot;shutter_speed&quot;:&quot;0&quot;,&quot;title&quot;:&quot;&quot;,&quot;orientation&quot;:&quot;1&quot;}\" data-image-title=\"External_Link_24px icon\" data-image-description=\"\" data-image-caption=\"\" data-large-file=\"https:\/\/i0.wp.com\/www.freidenker.org\/fw17\/wp-content\/uploads\/2022\/08\/External_Link_24px.jpg?fit=24%2C24&amp;ssl=1\" class=\"alignnone size-full wp-image-13977\" src=\"https:\/\/i0.wp.com\/www.freidenker.org\/fw17\/wp-content\/uploads\/2022\/08\/External_Link_24px.jpg?resize=24%2C24&#038;ssl=1\" alt=\"\" width=\"24\" height=\"24\" \/> Link zur Erkl\u00e4rung auf der Seite des OKV: <a href=\"https:\/\/okv-kuratorium.org\/erklaerung-der-teilnehmer-der-wissenschaftlichen-konferenz-des-okv-vom-24-maerz-2025\/\" target=\"_blank\" rel=\"noopener\">https:\/\/okv-kuratorium.org\/erklaerung-der-teilnehmer-der-wissenschaftlichen-konferenz-des-okv-vom-24-maerz-2025\/<\/a><\/p>\n<p><img data-recalc-dims=\"1\" loading=\"lazy\" decoding=\"async\" data-attachment-id=\"13977\" data-permalink=\"https:\/\/www.freidenker.org\/?attachment_id=13977\" data-orig-file=\"https:\/\/i0.wp.com\/www.freidenker.org\/fw17\/wp-content\/uploads\/2022\/08\/External_Link_24px.jpg?fit=24%2C24&amp;ssl=1\" data-orig-size=\"24,24\" data-comments-opened=\"0\" data-image-meta=\"{&quot;aperture&quot;:&quot;0&quot;,&quot;credit&quot;:&quot;&quot;,&quot;camera&quot;:&quot;&quot;,&quot;caption&quot;:&quot;&quot;,&quot;created_timestamp&quot;:&quot;0&quot;,&quot;copyright&quot;:&quot;&quot;,&quot;focal_length&quot;:&quot;0&quot;,&quot;iso&quot;:&quot;0&quot;,&quot;shutter_speed&quot;:&quot;0&quot;,&quot;title&quot;:&quot;&quot;,&quot;orientation&quot;:&quot;1&quot;}\" data-image-title=\"External_Link_24px icon\" data-image-description=\"\" data-image-caption=\"\" data-large-file=\"https:\/\/i0.wp.com\/www.freidenker.org\/fw17\/wp-content\/uploads\/2022\/08\/External_Link_24px.jpg?fit=24%2C24&amp;ssl=1\" class=\"alignnone size-full wp-image-13977\" src=\"https:\/\/i0.wp.com\/www.freidenker.org\/fw17\/wp-content\/uploads\/2022\/08\/External_Link_24px.jpg?resize=24%2C24&#038;ssl=1\" alt=\"\" width=\"24\" height=\"24\" \/> Link zum Vortrag von Prof. Postol: <a href=\"https:\/\/okv-kuratorium.org\/konferenz-am-24-maerz-2025-in-neuenhagen-vortrag-prof-theodore-a-postol\/\" target=\"_blank\" rel=\"noopener\">https:\/\/okv-kuratorium.org\/konferenz-am-24-maerz-2025-in-neuenhagen-vortrag-prof-theodore-a-postol\/<\/a><\/p>\n<hr \/>\n<p><strong>Download<\/strong><\/p>\n<p><img data-recalc-dims=\"1\" loading=\"lazy\" decoding=\"async\" data-attachment-id=\"1076\" data-permalink=\"https:\/\/www.freidenker.org\/?attachment_id=1076\" data-orig-file=\"https:\/\/i0.wp.com\/www.freidenker.org\/fw17\/wp-content\/uploads\/2017\/10\/pdf_icon-2.png?fit=32%2C32&amp;ssl=1\" data-orig-size=\"32,32\" data-comments-opened=\"0\" data-image-meta=\"{&quot;aperture&quot;:&quot;0&quot;,&quot;credit&quot;:&quot;&quot;,&quot;camera&quot;:&quot;&quot;,&quot;caption&quot;:&quot;&quot;,&quot;created_timestamp&quot;:&quot;0&quot;,&quot;copyright&quot;:&quot;&quot;,&quot;focal_length&quot;:&quot;0&quot;,&quot;iso&quot;:&quot;0&quot;,&quot;shutter_speed&quot;:&quot;0&quot;,&quot;title&quot;:&quot;&quot;,&quot;orientation&quot;:&quot;0&quot;}\" data-image-title=\"pdf_icon\" data-image-description=\"\" data-image-caption=\"\" data-large-file=\"https:\/\/i0.wp.com\/www.freidenker.org\/fw17\/wp-content\/uploads\/2017\/10\/pdf_icon-2.png?fit=32%2C32&amp;ssl=1\" class=\"alignnone size-full wp-image-1076\" src=\"https:\/\/i0.wp.com\/www.freidenker.org\/fw17\/wp-content\/uploads\/2017\/10\/pdf_icon-2.png?resize=32%2C32&#038;ssl=1\" alt=\"\" width=\"32\" height=\"32\" \/>\u00a0<a href=\"https:\/\/okv-kuratorium.org\/wp-content\/uploads\/2025\/03\/AbleArcherSlidesforGermany.pdf\" target=\"_blank\" rel=\"noopener\">Pr\u00e4sentation von Prof. Postol<\/a> (Englisch, PDF-Dokument, ca. 5,7 MB)<\/p>\n<hr \/>\n<p><span style=\"font-size: 10pt;\">Bild oben: OKV<\/span><\/p>\n","protected":false},"excerpt":{"rendered":"<p>Am 24. M\u00e4rz 2025 fand in Neuenhagen bei Berlin eine <b>Konferenz des Ostdeutschen Kuratoriums von Verb\u00e4nden e.V.<\/b> statt. Sie stand unter dem Motto <b>&#8222;Frieden mit Russland&#8220;<\/b> und war mit 500 Besuchern schon einige Wochen vorher ausverkauft. Die Veranstaltung wurde von Dr. Matthias Werner, Pr\u00e4sident des OKV e.V. und Mitglied des Beirats des Deutschen Freidenker-Verbandes, er\u00f6ffnet und von Rainer Rupp, ebenfalls Beiratsmitglied, moderiert. Das Hauptreferat hielt Prof. Theodore A. Postol, (USA), Physiker, Experte zum Thema Raketenabwehr und prominenter Kritiker der US-Milit\u00e4rpolitik. Sein Beitrag (in englischer Sprache) kann auf der Seite des OKV gelesen bez. heruntergeladen werden. Die Teilnehmer der wissenschaftlichen Konferenz beschlossen eine Abschlusserkl\u00e4rung, deren Wortlaut hier wiedergegeben wird.<\/p>\n","protected":false},"author":3,"featured_media":21414,"comment_status":"closed","ping_status":"closed","sticky":false,"template":"","format":"standard","meta":{"colormag_page_container_layout":"default_layout","colormag_page_sidebar_layout":"default_layout","advanced_seo_description":"","jetpack_seo_html_title":"","jetpack_seo_noindex":false,"jetpack_post_was_ever_published":false,"footnotes":""},"categories":[13,20],"tags":[1522,1398,1504,224,357,720,1324,719,2497,639,1715,1525],"class_list":["post-21412","post","type-post","status-publish","format-standard","has-post-thumbnail","hentry","category-frieden-antifaschismus-solidaritaet","category-zentrale-veranstaltungen","tag-atomkrieg","tag-aufruestung","tag-erklaerung","tag-frieden-mit-russland","tag-konferenz","tag-nato-osterweiterung","tag-okv","tag-sanktionen","tag-sicherheitsinteressen","tag-ukraine-konflikt","tag-verhandlungen","tag-waffenlieferungen"],"jetpack_featured_media_url":"https:\/\/i0.wp.com\/www.freidenker.org\/fw17\/wp-content\/uploads\/2025\/04\/2025-03-24-Erklaerung_Titel_800x450.jpg?fit=800%2C450&ssl=1","jetpack_shortlink":"https:\/\/wp.me\/p9stpK-5zm","jetpack-related-posts":[{"id":578,"url":"https:\/\/www.freidenker.org\/?p=578","url_meta":{"origin":21412,"position":0},"title":"Konferenz: 1914 \/ 2014 &#8211; Der &#8222;Westen&#8220; und Russland","author":"Webmaster","date":"27. Juli 2014","format":false,"excerpt":"Einladung zur \u00d6ffentlichen Wissenschaftlichen Konferenz \"1914 \/ 2014 - Der \"Westen\" und Russland - Internationale Lage und geopolitische Spannungen - vor Beginn des 1. Weltkrieges bis heute\" 6. September 2014, 10:30 Uhr, Rathaus Berlin Pankow, Ratssaal Vortr\u00e4ge von Wilfried Handwerk, Prof. Dr. Anton Latzo, Karl-Heinz Wendt, Dr. Hans-G\u00fcnter Szalkiewicz, Dr.\u2026","rel":"","context":"In &quot;Zentrale Veranstaltungen&quot;","block_context":{"text":"Zentrale Veranstaltungen","link":"https:\/\/www.freidenker.org\/?cat=20"},"img":{"alt_text":"","src":"https:\/\/i0.wp.com\/www.freidenker.org\/fw17\/wp-content\/uploads\/2016\/08\/Konferenz_2014.jpg?fit=800%2C445&ssl=1&resize=350%2C200","width":350,"height":200,"srcset":"https:\/\/i0.wp.com\/www.freidenker.org\/fw17\/wp-content\/uploads\/2016\/08\/Konferenz_2014.jpg?fit=800%2C445&ssl=1&resize=350%2C200 1x, https:\/\/i0.wp.com\/www.freidenker.org\/fw17\/wp-content\/uploads\/2016\/08\/Konferenz_2014.jpg?fit=800%2C445&ssl=1&resize=525%2C300 1.5x, https:\/\/i0.wp.com\/www.freidenker.org\/fw17\/wp-content\/uploads\/2016\/08\/Konferenz_2014.jpg?fit=800%2C445&ssl=1&resize=700%2C400 2x"},"classes":[]},{"id":20288,"url":"https:\/\/www.freidenker.org\/?p=20288","url_meta":{"origin":21412,"position":1},"title":"General und Friedensaktivist Sebald Daum gestorben","author":"Webredaktion","date":"17. November 2024","format":false,"excerpt":"Nachruf von\u00a0Rainer Rupp \"Das Leben eines aufrechten Soldaten der Nationalen Volksarmee der Deutschen Demokratischen Republik hat sich vollendet.\" So beginnt der Nachruf auf einen herausragenden Soldaten, Generalmajor a.D. Sebald Daum (geboren 22.01.1934 \u2013 gestorben 12.11.2024). Sebald Daum hat sich nicht nur w\u00e4hrend des Kalten Krieges leidenschaftlich f\u00fcr den Erhalt des\u2026","rel":"","context":"In &quot;Frieden - Antifaschismus - Solidarit\u00e4t&quot;","block_context":{"text":"Frieden - Antifaschismus - Solidarit\u00e4t","link":"https:\/\/www.freidenker.org\/?cat=13"},"img":{"alt_text":"","src":"https:\/\/i0.wp.com\/www.freidenker.org\/fw17\/wp-content\/uploads\/2024\/11\/Generalmajor_Daum_800x445.jpg?fit=800%2C445&ssl=1&resize=350%2C200","width":350,"height":200,"srcset":"https:\/\/i0.wp.com\/www.freidenker.org\/fw17\/wp-content\/uploads\/2024\/11\/Generalmajor_Daum_800x445.jpg?fit=800%2C445&ssl=1&resize=350%2C200 1x, https:\/\/i0.wp.com\/www.freidenker.org\/fw17\/wp-content\/uploads\/2024\/11\/Generalmajor_Daum_800x445.jpg?fit=800%2C445&ssl=1&resize=525%2C300 1.5x, https:\/\/i0.wp.com\/www.freidenker.org\/fw17\/wp-content\/uploads\/2024\/11\/Generalmajor_Daum_800x445.jpg?fit=800%2C445&ssl=1&resize=700%2C400 2x"},"classes":[]},{"id":15665,"url":"https:\/\/www.freidenker.org\/?p=15665","url_meta":{"origin":21412,"position":2},"title":"\u00dcberparteilich gegen den Krieg","author":"Webredaktion","date":"4. April 2023","format":false,"excerpt":"Am 27. M\u00e4rz 2023 fand in Berlin eine Konferenz des Ostdeutschen Kuratoriums von Verb\u00e4nden statt, dem auch der Landesverband Berlin des Deutschen Freidenker-Verbandes angeh\u00f6rt. Die Konferenz stand unter dem Motto \"Dialog statt Waffen - \u00fcberparteilich gegen den Krieg - Frieden mit Russland.\" Wir dokumentieren nachfolgend die Abschlusserkl\u00e4rung und die Redebeitr\u00e4ge\u2026","rel":"","context":"In &quot;Frieden - Antifaschismus - Solidarit\u00e4t&quot;","block_context":{"text":"Frieden - Antifaschismus - Solidarit\u00e4t","link":"https:\/\/www.freidenker.org\/?cat=13"},"img":{"alt_text":"","src":"https:\/\/i0.wp.com\/www.freidenker.org\/fw17\/wp-content\/uploads\/2023\/04\/Konferenz_Berlin_230327-FKz-2.jpg?fit=800%2C450&ssl=1&resize=350%2C200","width":350,"height":200,"srcset":"https:\/\/i0.wp.com\/www.freidenker.org\/fw17\/wp-content\/uploads\/2023\/04\/Konferenz_Berlin_230327-FKz-2.jpg?fit=800%2C450&ssl=1&resize=350%2C200 1x, https:\/\/i0.wp.com\/www.freidenker.org\/fw17\/wp-content\/uploads\/2023\/04\/Konferenz_Berlin_230327-FKz-2.jpg?fit=800%2C450&ssl=1&resize=525%2C300 1.5x, https:\/\/i0.wp.com\/www.freidenker.org\/fw17\/wp-content\/uploads\/2023\/04\/Konferenz_Berlin_230327-FKz-2.jpg?fit=800%2C450&ssl=1&resize=700%2C400 2x"},"classes":[]},{"id":5226,"url":"https:\/\/www.freidenker.org\/?p=5226","url_meta":{"origin":21412,"position":3},"title":"Friedensaktions-Konferenz am 07.07.2018 in Potsdam","author":"Webredaktion","date":"19. Juni 2018","format":false,"excerpt":"In diesen Zeiten ist es notwendig, dass alle friedensliebenden Menschen sich hierzulande zusammenschlie\u00dfen, um laut und deutlich zu sagen: Wir machen Eure Kriege nicht mit \u2013 wir widersetzen uns der NATO-Aufr\u00fcstung und -Kriegspropaganda gegen Russland! Wir wenden uns gegen eine Politik der Bundesregierung, die die Kriegsgefahr in Europa anwachsen l\u00e4sst\u2026","rel":"","context":"In &quot;Frieden - Antifaschismus - Solidarit\u00e4t&quot;","block_context":{"text":"Frieden - Antifaschismus - Solidarit\u00e4t","link":"https:\/\/www.freidenker.org\/?cat=13"},"img":{"alt_text":"","src":"https:\/\/i0.wp.com\/www.freidenker.org\/fw17\/wp-content\/uploads\/2018\/06\/FAK_Potsdam_2018_800x445.jpg?fit=810%2C456&ssl=1&resize=350%2C200","width":350,"height":200,"srcset":"https:\/\/i0.wp.com\/www.freidenker.org\/fw17\/wp-content\/uploads\/2018\/06\/FAK_Potsdam_2018_800x445.jpg?fit=810%2C456&ssl=1&resize=350%2C200 1x, https:\/\/i0.wp.com\/www.freidenker.org\/fw17\/wp-content\/uploads\/2018\/06\/FAK_Potsdam_2018_800x445.jpg?fit=810%2C456&ssl=1&resize=525%2C300 1.5x, https:\/\/i0.wp.com\/www.freidenker.org\/fw17\/wp-content\/uploads\/2018\/06\/FAK_Potsdam_2018_800x445.jpg?fit=810%2C456&ssl=1&resize=700%2C400 2x"},"classes":[]},{"id":3049,"url":"https:\/\/www.freidenker.org\/?p=3049","url_meta":{"origin":21412,"position":4},"title":"OFFENER BRIEF an die Bundeskanzlerin","author":"Webredaktion","date":"6. April 2014","format":false,"excerpt":"Offener Brief des DFV an die Bundeskanzlerin Angela Merkel Auszug: Der Deutsche Freidenker-Verband warnt, gemeinsam mit anderen dem Frieden verpflichteten Verb\u00e4nden und Vereinen, vor der weiteren Zuspitzung der Auseinandersetzungen zwischen dem Westen und Russland. Wir verlangen ein Ende der Feindbildproduktion und Desinformation sowie der antirussischen Kampagnen und der D\u00e4monisierung des\u2026","rel":"","context":"In &quot;Frieden - Antifaschismus - Solidarit\u00e4t&quot;","block_context":{"text":"Frieden - Antifaschismus - Solidarit\u00e4t","link":"https:\/\/www.freidenker.org\/?cat=13"},"img":{"alt_text":"","src":"https:\/\/i0.wp.com\/www.freidenker.org\/fw17\/wp-content\/uploads\/2014\/04\/open-letter-1566551_800x445.jpg?fit=800%2C445&ssl=1&resize=350%2C200","width":350,"height":200,"srcset":"https:\/\/i0.wp.com\/www.freidenker.org\/fw17\/wp-content\/uploads\/2014\/04\/open-letter-1566551_800x445.jpg?fit=800%2C445&ssl=1&resize=350%2C200 1x, https:\/\/i0.wp.com\/www.freidenker.org\/fw17\/wp-content\/uploads\/2014\/04\/open-letter-1566551_800x445.jpg?fit=800%2C445&ssl=1&resize=525%2C300 1.5x, https:\/\/i0.wp.com\/www.freidenker.org\/fw17\/wp-content\/uploads\/2014\/04\/open-letter-1566551_800x445.jpg?fit=800%2C445&ssl=1&resize=700%2C400 2x"},"classes":[]},{"id":21047,"url":"https:\/\/www.freidenker.org\/?p=21047","url_meta":{"origin":21412,"position":5},"title":"Hilflos in der Sackgasse \u2013 Europas hysterische Eliten","author":"Webredaktion","date":"25. Februar 2025","format":false,"excerpt":"Beitrag von Rainer Rupp Noch vor wenigen Wochen hatten die EU-Herrschaften stolz \"Europas\" angeblich globalen Einfluss und ihre eigene Bedeutung bewundert. Nun stehen sie vor dem selbst verursachten Scherbenhaufen. Aber da die meiste immer noch realit\u00e4tsblind sind, sehen sie die einzige L\u00f6sung darin, weiterzumachen wie bisher. Die einfachste L\u00f6sung aus\u2026","rel":"","context":"In &quot;Demokratie \u2013 Medien \u2013 Aufkl\u00e4rung&quot;","block_context":{"text":"Demokratie \u2013 Medien \u2013 Aufkl\u00e4rung","link":"https:\/\/www.freidenker.org\/?cat=12"},"img":{"alt_text":"","src":"https:\/\/i0.wp.com\/www.freidenker.org\/fw17\/wp-content\/uploads\/2025\/02\/MEPs_debated_the_outcome_of_the_December_EU_summit_-_von_der_Leyen_800x450.jpg?fit=800%2C450&ssl=1&resize=350%2C200","width":350,"height":200,"srcset":"https:\/\/i0.wp.com\/www.freidenker.org\/fw17\/wp-content\/uploads\/2025\/02\/MEPs_debated_the_outcome_of_the_December_EU_summit_-_von_der_Leyen_800x450.jpg?fit=800%2C450&ssl=1&resize=350%2C200 1x, https:\/\/i0.wp.com\/www.freidenker.org\/fw17\/wp-content\/uploads\/2025\/02\/MEPs_debated_the_outcome_of_the_December_EU_summit_-_von_der_Leyen_800x450.jpg?fit=800%2C450&ssl=1&resize=525%2C300 1.5x, https:\/\/i0.wp.com\/www.freidenker.org\/fw17\/wp-content\/uploads\/2025\/02\/MEPs_debated_the_outcome_of_the_December_EU_summit_-_von_der_Leyen_800x450.jpg?fit=800%2C450&ssl=1&resize=700%2C400 2x"},"classes":[]}],"_links":{"self":[{"href":"https:\/\/www.freidenker.org\/index.php?rest_route=\/wp\/v2\/posts\/21412","targetHints":{"allow":["GET"]}}],"collection":[{"href":"https:\/\/www.freidenker.org\/index.php?rest_route=\/wp\/v2\/posts"}],"about":[{"href":"https:\/\/www.freidenker.org\/index.php?rest_route=\/wp\/v2\/types\/post"}],"author":[{"embeddable":true,"href":"https:\/\/www.freidenker.org\/index.php?rest_route=\/wp\/v2\/users\/3"}],"replies":[{"embeddable":true,"href":"https:\/\/www.freidenker.org\/index.php?rest_route=%2Fwp%2Fv2%2Fcomments&post=21412"}],"version-history":[{"count":7,"href":"https:\/\/www.freidenker.org\/index.php?rest_route=\/wp\/v2\/posts\/21412\/revisions"}],"predecessor-version":[{"id":21424,"href":"https:\/\/www.freidenker.org\/index.php?rest_route=\/wp\/v2\/posts\/21412\/revisions\/21424"}],"wp:featuredmedia":[{"embeddable":true,"href":"https:\/\/www.freidenker.org\/index.php?rest_route=\/wp\/v2\/media\/21414"}],"wp:attachment":[{"href":"https:\/\/www.freidenker.org\/index.php?rest_route=%2Fwp%2Fv2%2Fmedia&parent=21412"}],"wp:term":[{"taxonomy":"category","embeddable":true,"href":"https:\/\/www.freidenker.org\/index.php?rest_route=%2Fwp%2Fv2%2Fcategories&post=21412"},{"taxonomy":"post_tag","embeddable":true,"href":"https:\/\/www.freidenker.org\/index.php?rest_route=%2Fwp%2Fv2%2Ftags&post=21412"}],"curies":[{"name":"wp","href":"https:\/\/api.w.org\/{rel}","templated":true}]}}