{"id":21380,"date":"2025-04-07T19:06:25","date_gmt":"2025-04-07T17:06:25","guid":{"rendered":"https:\/\/www.freidenker.org\/?p=21380"},"modified":"2025-05-19T14:15:11","modified_gmt":"2025-05-19T12:15:11","slug":"in-den-krieg-gelogen-zensur-und-propaganda-fuehren-die-eu-in-die-katastrophe","status":"publish","type":"post","link":"https:\/\/www.freidenker.org\/?p=21380","title":{"rendered":"In den Krieg gelogen: Zensur und Propaganda f\u00fchren die EU in die Katastrophe"},"content":{"rendered":"<p><strong>In Westeuropa wird aktiv Angst gesch\u00fcrt. Mit Propaganda und Desinformation wird die Gefahr eines Kriegs beschworen und massive Aufr\u00fcstung begr\u00fcndet. Damit wird ein Angriffskrieg vorbereitet. Nirgendwo sollte man das besser wissen als in Deutschland. Ausgerechnet dort verschlie\u00dft man die Augen. <\/strong><\/p>\n<p><em>Von <strong>Gert Ewen Ungar<\/strong><\/em><\/p>\n<p><span style=\"font-size: 10pt;\">Erstver\u00f6ffentlichung am 27.03.2025 auf <a href=\"https:\/\/freedert.online\/meinung\/240856-in-krieg-gelogen-zensur-und\/\" target=\"_blank\" rel=\"noopener\">RT DE<\/a><\/span><\/p>\n<div class=\"EmbedBlock-root EmbedBlock-all\">\n<div class=\"AllEmbed\"><iframe loading=\"lazy\" title=\"In den Krieg gelogen: Zensur und Propaganda f\u00fchren die EU in die Katastrophe\" src=\"https:\/\/www.podbean.com\/player-v2\/?i=957k6-1868ae2-pb&amp;from=pb6admin&amp;share=1&amp;download=1&amp;rtl=0&amp;fonts=Arial&amp;skin=f6f6f6&amp;font-color=&amp;logo_link=episode_page&amp;btn-skin=7\" width=\"100%\" height=\"150\" scrolling=\"no\" data-name=\"pb-iframe-player\" data-mce-fragment=\"1\"><\/iframe><\/div>\n<\/div>\n<p>Die EU-Kommissarin f\u00fcr humanit\u00e4re Hilfe, Krisenmanagement und Gleichstellung, die Belgierin Hadja Lahbib, hat auf\u00a0<em>X<\/em>\u00a0einen Videobeitrag ver\u00f6ffentlicht, in dem sie dazu auffordert, ein Notfallpaket bereitzuhalten, um f\u00fcr den Krisenfall gewappnet zu sein. Der Beitrag ist Teil einer gr\u00f6\u00dferen Kampagne der EU. Die EU-Mitgliedstaaten\u00a0sollen\u00a0ihren B\u00fcrgern dazu raten, ein \u00dcberlebenspaket bereitzuhalten, das f\u00fcr den Krisenfall sicherstellen soll, dass sie 72 Stunden ohne Zugang zur Versorgung \u00fcberleben k\u00f6nnen. Das Gef\u00fchl, bedroht zu sein, soll Teil des gesellschaftlichen Lebens der EU-Staaten werden.\u00a0Auch\u00a0die zivil-milit\u00e4rische Zusammenarbeit soll verbessert werden. In diesem Zusammenhang sollen die EU-Staaten k\u00fcnftig regelm\u00e4\u00dfig gemeinsame \u00dcbungen unter Beteiligung von Milit\u00e4r, Katastrophenschutz, Polizei und Sicherheitsbeh\u00f6rden sowie Feuerwehr und Rettungskr\u00e4ften durchf\u00fchren.<\/p>\n<div class=\"EmbedBlock-root EmbedBlock-twitter\">\n<div class=\"TwitterEmbed\">\n<div class=\"twitter-tweet twitter-tweet-rendered\"><\/div>\n<\/div>\n<\/div>\n<blockquote class=\"twitter-tweet\" data-width=\"550\" data-dnt=\"true\">\n<p lang=\"en\" dir=\"ltr\">Today, the EU launches its new <a href=\"https:\/\/twitter.com\/hashtag\/Preparedness?src=hash&amp;ref_src=twsrc%5Etfw\">#Preparedness<\/a> Strategy. <\/p>\n<p>\u201cReady for anything\u201d \u2014 this must be our new European way of life. Our motto and <a href=\"https:\/\/twitter.com\/hashtag\/hashtag?src=hash&amp;ref_src=twsrc%5Etfw\">#hashtag<\/a>. <a href=\"https:\/\/t.co\/fA1z8ZvMDA\">pic.twitter.com\/fA1z8ZvMDA<\/a><\/p>\n<p>&mdash; Hadja Lahbib (@hadjalahbib) <a href=\"https:\/\/twitter.com\/hadjalahbib\/status\/1904858985972351264?ref_src=twsrc%5Etfw\">March 26, 2025<\/a><\/p><\/blockquote>\n<p><script async src=\"https:\/\/platform.twitter.com\/widgets.js\" charset=\"utf-8\"><\/script><\/p>\n<p>Die EU probt den Krieg. Das ist gef\u00e4hrlich. Es ist schon deshalb gef\u00e4hrlich, weil die EU sich immer weiter einem gesellschaftlichen Zustand ann\u00e4hert, wie er in den Drei\u00dfigerjahren im Deutschen Reich herrschte. Die EU hat ihren Informationsraum durch Zensur abgeschirmt. Zu relevanten gesellschaftspolitischen Themen wird ein breiter Diskurs auf der Grundlage frei verf\u00fcgbarer Informationen unterdr\u00fcckt. Das trifft insbesondere auf den Ukraine-Konflikt zu. Alles, was nicht dem offiziellen Br\u00fcsseler Narrativ entspricht, wird als russische Desinformation gebrandmarkt. Das gilt auch dann, wenn diese vermeintliche Desinformation den Fakten und dem historischen Ablauf der Ereignisse entspricht.<\/p>\n<p>Umgekehrt d\u00fcrfen offensichtliche Falschbehauptungen breit gestreut werden, wenn sie das Narrativ bedienen. Bestes Beispiel daf\u00fcr ist die EU-Abgeordnete Marie-Agnes Strack-Zimmermann. Als EU-Politikerin ist sie f\u00fcr Deutschland und erst recht f\u00fcr \u00d6sterreich faktisch unbedeutend. Dennoch darf sie auch lange nach ihrem Ausscheiden aus dem Bundestag ihre bizarren Thesen weiterhin im \u00f6ffentlich-rechtlichen Rundfunk Deutschlands und \u00d6sterreichs vortragen. Dabei bedient sie Klischees und Ressentiments, die eine Kontinuit\u00e4t zur rassistischen Propaganda der Nazis darstellen. K\u00fcrzlich sagte sie im ORF:<\/p>\n<blockquote><p><em>&#8222;Putin ist ein Killer, ein M\u00f6rder, der hunderte Millionen von Menschen unter die Erde gebracht und \u00fcbrigens gerade einger\u00e4umt hat, dass er 700.000 Kinder aus der Ukraine hat verschleppen lassen&#8220;.\u00a0<\/em><\/p><\/blockquote>\n<blockquote class=\"twitter-tweet\" data-width=\"550\" data-dnt=\"true\">\n<p lang=\"de\" dir=\"ltr\">Agnes Strack-Zimmermann verbreitet mal wieder Fake News.<a href=\"https:\/\/twitter.com\/hashtag\/StrackZimmermann?src=hash&amp;ref_src=twsrc%5Etfw\">#StrackZimmermann<\/a> <a href=\"https:\/\/twitter.com\/hashtag\/Desinformation?src=hash&amp;ref_src=twsrc%5Etfw\">#Desinformation<\/a> <a href=\"https:\/\/twitter.com\/hashtag\/Faktencheck?src=hash&amp;ref_src=twsrc%5Etfw\">#Faktencheck<\/a> <a href=\"https:\/\/t.co\/bZasO70hih\">pic.twitter.com\/bZasO70hih<\/a><\/p>\n<p>&mdash; TJB (@T__Janssen) <a href=\"https:\/\/twitter.com\/T__Janssen\/status\/1905176117222244482?ref_src=twsrc%5Etfw\">March 27, 2025<\/a><\/p><\/blockquote>\n<p><script async src=\"https:\/\/platform.twitter.com\/widgets.js\" charset=\"utf-8\"><\/script><\/p>\n<p>Das ist nat\u00fcrlich alles grober Unfug und w\u00fcrde sich von selbst korrigieren, wenn es in der EU und in Deutschland tats\u00e4chliche Meinungs- und Pressefreiheit g\u00e4be. Solche bizarren Auftritte w\u00fcrden von kritischen Journalisten zerpfl\u00fcckt, Strack-Zimmermann als anma\u00dfende Hochstaplerin sowie als L\u00fcgnerin entlarvt. Ihre mediale Karriere w\u00e4re flugs zu Ende.<\/p>\n<p>Dass Strack-Zimmermann aus den rassistischen Russland-Erz\u00e4hlungen ihrer Elterngeneration und nicht aus direktem Austausch und Erfahrung vor Ort ihre vermeintliche Expertise sch\u00f6pft, ist offensichtlich. Es fehlt ihr jede Kenntnis, um \u00fcber Russland Sinnvolles \u00e4u\u00dfern zu k\u00f6nnen. Dass man es ihr nicht nur durchgehen l\u00e4sst, sondern sie immer wieder um derartige Statements bittet, ist die gro\u00dfe Schande des \u00f6ffentlich-rechtlichen Rundfunks. Der wurde mit der Intention geschaffen, dass damit genau das dort nicht mehr stattfinden kann, was Strack-Zimmermann dort auff\u00fchrt: Propaganda, das Z\u00fcchten von Hass und die \u00f6ffentliche Hetze.<\/p>\n<p>Strack-Zimmermann ist nat\u00fcrlich nicht allein. Die\u00a0meisten deutschen Politiker verbreiten Feuerwerke der Desinformation und der Propaganda. Stellvertretend seien hier die Namen Kiesewetter und Merz genannt. Die nur noch gesch\u00e4ftsf\u00fchrende Au\u00dfenministerin leitete heute im Rahmen der Konferenz Europe 25 eine\u00a0<a href=\"https:\/\/www.zeit.de\/politik\/ausland\/2025-03\/europe-2025-annalena-baerbock-russland-ukraine-usa-ungarn-eu\" target=\"_blank\" rel=\"noopener noreferrer\">Rede\u00a0<\/a>mit den Worten ein:<\/p>\n<p style=\"padding-left: 40px;\"><em>&#8222;&#8218;Ob du es magst oder nicht \u2013 du wirst dich damit abfinden m\u00fcssen, meine H\u00fcbsche.&#8216;<\/em><br \/>\n<em>Diese Zeile stammt aus einem russischen Lied.<\/em><br \/>\n<em>Der russische Pr\u00e4sident Putin zitierte diese kaum verhohlene Anspielung auf eine Vergewaltigung \u2013 mit einem kaum merklichen L\u00e4cheln im Gesicht \u2013 als er \u00fcber sein Nachbarland sprach. Zwei Wochen bevor er den Befehl zur vollen Invasion der souver\u00e4nen Ukraine gab.\u00a0<\/em><br \/>\n<em>Kein Zufall. Ein Satz voller Chauvinismus. Ein Satz voller Machthunger, voller Zynismus und Menschenverachtung. Ein ruchloser Satz.&#8220;<\/em><\/p>\n<p>Baerbocks Vorgehen ist infam und eine absichtliche T\u00e4uschung, denn sie rei\u00dft das Zitat aus dem Zusammenhang. Der Kontext ist Minsk 2. Es geht Putin um die Rettung des Abkommens, das den Frieden und auch die territoriale Integrit\u00e4t der Ukraine sicherstellen soll. Baerbock verkehrt den Sinn in sein Gegenteil, mit der Absicht, Putin zu entmenschlichen. Baerbock tritt mit festem Schritt in die Fu\u00dfstapfen ihres Nazi-Gro\u00dfvaters. Auch in diesem Zusammenhang kann man auf eine Korrektur lange und schlie\u00dflich vergeblich warten.<\/p>\n<p>Deutschland und die EU haben sich in der eigenen Propaganda verloren. Sie r\u00fcsten f\u00fcr einen Krieg, den au\u00dfer ihnen niemand will. In der EU fehlt die notwendige Korrektur, denn die Pressefreiheit ist in der EU faktisch abgeschafft. Deutschland tut sich mit der Beschr\u00e4nkung von Meinungs- und Pressefreiheit noch einmal besonders hervor.<\/p>\n<p>Das ist brandgef\u00e4hrlich, denn es besteht die M\u00f6glichkeit, dass sich die EU in einen Krieg hineinl\u00fcgt. Russland hat Deutschland den Gashahn zugedreht, Russland entf\u00fchrt Kinder, Russland durchtrennt Unterseekabel, Putin verherrlicht Vergewaltigungen, Russland greift uns hybrid an, Russland will L\u00e4nder der EU angreifen, Putin hasst die Freiheit und die Demokratie \u2013 und irgendwann ist es plausibel, dass um 5:45 aufgrund all der herbei fantasierten Bedrohung zur\u00fcckgeschossen werden musste.<\/p>\n<p>Der in der EU herrschende Zustand gleicht den Verh\u00e4ltnissen der Drei\u00dfigerjahre des letzten Jahrhunderts zu sehr, um nicht den Schluss zuzulassen, er w\u00fcrde nicht auch die gleiche Entwicklung vorbereiten. Eigentlich m\u00fcsste man es wissen. Dass es einfach so geschieht, in Deutschland erneut geschieht, zeigt, dass\u00a0die\u00a0Gesellschaften Westeuropas, vor allem aber Deutschland, keine Resilienz aufbauen konnten, durch die eine Wiederholung historisch gemachter Fehler verhindert wird.<\/p>\n<p style=\"text-align: right;\"><em>Gert-Ewen Ungar studierte Philosophie und Germanistik und schreibt regelm\u00e4\u00dfig f\u00fcr die <a href=\"https:\/\/www.neulandrebellen.de\/\" target=\"_blank\" rel=\"noopener\">Neulandrebellen<\/a>\u00a0<\/em><\/p>\n<hr \/>\n<p><span style=\"font-size: 10pt;\">Bild oben: <\/span><span class=\"mw-mmv-title\"><span style=\"font-size: 10pt;\">Marie-Agnes Strack-Zimmermann in der WDR-Sendung <i>Hart aber fair<\/i> am 11.12.2023<\/span><br \/>\n<span style=\"font-size: 10pt;\">Foto: Superbass, <a href=\"https:\/\/creativecommons.org\/licenses\/by-sa\/4.0\" target=\"_blank\" rel=\"noopener\">CC BY-SA 4.0<\/a><\/span><br \/>\n<span style=\"font-size: 10pt;\">Quelle: <a href=\"https:\/\/commons.wikimedia.org\/w\/index.php?curid=142087661\" target=\"_blank\" rel=\"noopener\">https:\/\/commons.wikimedia.org\/w\/index.php?curid=142087661<\/a><\/span><br \/>\n<\/span><\/p>\n","protected":false},"excerpt":{"rendered":"<p><b>Beitrag von Gert Ewen Ungar<\/b><br \/>\nDie EU-Kommissarin f\u00fcr humanit\u00e4re Hilfe, Krisenmanagement und Gleichstellung, die Belgierin Hadja Lahbib, hat auf\u00a0X\u00a0einen Videobeitrag ver\u00f6ffentlicht, in dem sie dazu auffordert, ein Notfallpaket bereitzuhalten, um f\u00fcr den Krisenfall gewappnet zu sein. Der Beitrag ist Teil einer gr\u00f6\u00dferen Kampagne der EU. Die EU-Mitgliedstaaten\u00a0sollen\u00a0ihren B\u00fcrgern dazu raten, ein \u00dcberlebenspaket bereitzuhalten, das f\u00fcr den Krisenfall sicherstellen soll, dass sie 72 Stunden ohne Zugang zur Versorgung \u00fcberleben k\u00f6nnen. Das Gef\u00fchl, bedroht zu sein, soll Teil des gesellschaftlichen Lebens der EU-Staaten werden.\u00a0Auch\u00a0die zivil-milit\u00e4rische Zusammenarbeit soll verbessert werden. <\/p>\n","protected":false},"author":3,"featured_media":21396,"comment_status":"closed","ping_status":"closed","sticky":false,"template":"","format":"standard","meta":{"colormag_page_container_layout":"default_layout","colormag_page_sidebar_layout":"default_layout","advanced_seo_description":"","jetpack_seo_html_title":"","jetpack_seo_noindex":false,"jetpack_post_was_ever_published":false,"footnotes":""},"categories":[12],"tags":[1679,1398,1423,605,1473,182,1466,57,180,637,223,653,222,527],"class_list":["post-21380","post","type-post","status-publish","format-standard","has-post-thumbnail","hentry","category-demokratie-medien-aufklaerung","tag-angriffskrieg","tag-aufruestung","tag-baerbock","tag-desinformation","tag-erdgas","tag-eu","tag-kampagne","tag-kriegsgefahr","tag-krise","tag-propaganda","tag-putin","tag-rassismus","tag-russland","tag-zensur"],"jetpack_featured_media_url":"https:\/\/i0.wp.com\/www.freidenker.org\/fw17\/wp-content\/uploads\/2025\/04\/2023-12-11-Marie-Agnes_Strack-Zimmermann-Hart_aber_fair-1691_800x450.jpg?fit=800%2C450&ssl=1","jetpack_shortlink":"https:\/\/wp.me\/p9stpK-5yQ","jetpack-related-posts":[{"id":23609,"url":"https:\/\/www.freidenker.org\/?p=23609","url_meta":{"origin":21380,"position":0},"title":"Historische Abl\u00e4ufe als Zumutung","author":"Webredaktion","date":"21. November 2025","format":false,"excerpt":"Beitrag von Gert Ewen Ungar Das russische Au\u00dfenministerium hat der italienischen Tageszeitung Corriere della Sera ein Interview mit Au\u00dfenminister Sergei Lawrow angeboten. Die Zeitung nahm das Angebot an und schickte Fragen. Die Fragen speisen sich aus dem Geist der westlichen Propaganda. Die Antworten Lawrows darauf korrigieren diese Sicht, indem sie\u2026","rel":"","context":"In &quot;Demokratie \u2013 Medien \u2013 Aufkl\u00e4rung&quot;","block_context":{"text":"Demokratie \u2013 Medien \u2013 Aufkl\u00e4rung","link":"https:\/\/www.freidenker.org\/?cat=12"},"img":{"alt_text":"","src":"https:\/\/i0.wp.com\/www.freidenker.org\/fw17\/wp-content\/uploads\/2025\/11\/Lawrow_UNESCO_meeting_2022-12-20_01_800x450.jpg?fit=800%2C450&ssl=1&resize=350%2C200","width":350,"height":200,"srcset":"https:\/\/i0.wp.com\/www.freidenker.org\/fw17\/wp-content\/uploads\/2025\/11\/Lawrow_UNESCO_meeting_2022-12-20_01_800x450.jpg?fit=800%2C450&ssl=1&resize=350%2C200 1x, https:\/\/i0.wp.com\/www.freidenker.org\/fw17\/wp-content\/uploads\/2025\/11\/Lawrow_UNESCO_meeting_2022-12-20_01_800x450.jpg?fit=800%2C450&ssl=1&resize=525%2C300 1.5x, https:\/\/i0.wp.com\/www.freidenker.org\/fw17\/wp-content\/uploads\/2025\/11\/Lawrow_UNESCO_meeting_2022-12-20_01_800x450.jpg?fit=800%2C450&ssl=1&resize=700%2C400 2x"},"classes":[]},{"id":23218,"url":"https:\/\/www.freidenker.org\/?p=23218","url_meta":{"origin":21380,"position":1},"title":"Kaja Kallas in Kiew: Mit gef\u00e4lschten Zahlen ist der Glaube an den Endsieg unersch\u00fctterlich","author":"Webredaktion","date":"17. Oktober 2025","format":false,"excerpt":"Von Gert Ewen Ungar Trotz der Behauptung, Russland w\u00fcrde t\u00e4glich zivile Ziele in der Westukraine angreifen, bleibt die Reisefrequenz westeurop\u00e4ischer Politiker in die Ukraine hoch. Heute stellt die EU-Au\u00dfenbeauftragte Kaja Kallas unter Beweis, dass an der Behauptung, Russland w\u00fcrde einen Vernichtungskrieg gegen die ukrainische Zivilbev\u00f6lkerung f\u00fchren, etwas nicht stimmen kann.\u2026","rel":"","context":"In &quot;Demokratie \u2013 Medien \u2013 Aufkl\u00e4rung&quot;","block_context":{"text":"Demokratie \u2013 Medien \u2013 Aufkl\u00e4rung","link":"https:\/\/www.freidenker.org\/?cat=12"},"img":{"alt_text":"","src":"https:\/\/i0.wp.com\/www.freidenker.org\/fw17\/wp-content\/uploads\/2025\/10\/Kallas_Debates_-_54781561131_800x450.jpg?fit=800%2C450&ssl=1&resize=350%2C200","width":350,"height":200,"srcset":"https:\/\/i0.wp.com\/www.freidenker.org\/fw17\/wp-content\/uploads\/2025\/10\/Kallas_Debates_-_54781561131_800x450.jpg?fit=800%2C450&ssl=1&resize=350%2C200 1x, https:\/\/i0.wp.com\/www.freidenker.org\/fw17\/wp-content\/uploads\/2025\/10\/Kallas_Debates_-_54781561131_800x450.jpg?fit=800%2C450&ssl=1&resize=525%2C300 1.5x, https:\/\/i0.wp.com\/www.freidenker.org\/fw17\/wp-content\/uploads\/2025\/10\/Kallas_Debates_-_54781561131_800x450.jpg?fit=800%2C450&ssl=1&resize=700%2C400 2x"},"classes":[]},{"id":18732,"url":"https:\/\/www.freidenker.org\/?p=18732","url_meta":{"origin":21380,"position":2},"title":"&#8222;Spiegel&#8220; beklagt Zensur und Einschr\u00e4nkung der Pressefreiheit \u2013 in Israel","author":"Webredaktion","date":"9. April 2024","format":false,"excerpt":"Beitrag von Gert Ewen Ungar \"Wer an die Pressefreiheit glaubt, muss auch abstruse Positionen der anderen aushalten, muss auf den freien Wettstreit der Meinungen vertrauen und hoffen, dass sich das plausibelste Argument am Ende durchsetzt\", schreibt der deutsche Journalist und Dokumentarfilmer Richard C. Schneider im \"Spiegel\".\u00a0Man liest es und reibt\u2026","rel":"","context":"In &quot;Demokratie \u2013 Medien \u2013 Aufkl\u00e4rung&quot;","block_context":{"text":"Demokratie \u2013 Medien \u2013 Aufkl\u00e4rung","link":"https:\/\/www.freidenker.org\/?cat=12"},"img":{"alt_text":"","src":"https:\/\/i0.wp.com\/www.freidenker.org\/fw17\/wp-content\/uploads\/2024\/04\/DER_SPIEGEL05_800x450.jpg?fit=800%2C450&ssl=1&resize=350%2C200","width":350,"height":200,"srcset":"https:\/\/i0.wp.com\/www.freidenker.org\/fw17\/wp-content\/uploads\/2024\/04\/DER_SPIEGEL05_800x450.jpg?fit=800%2C450&ssl=1&resize=350%2C200 1x, https:\/\/i0.wp.com\/www.freidenker.org\/fw17\/wp-content\/uploads\/2024\/04\/DER_SPIEGEL05_800x450.jpg?fit=800%2C450&ssl=1&resize=525%2C300 1.5x, https:\/\/i0.wp.com\/www.freidenker.org\/fw17\/wp-content\/uploads\/2024\/04\/DER_SPIEGEL05_800x450.jpg?fit=800%2C450&ssl=1&resize=700%2C400 2x"},"classes":[]},{"id":23287,"url":"https:\/\/www.freidenker.org\/?p=23287","url_meta":{"origin":21380,"position":3},"title":"Nazi-Narrative: Merz verbreitet im Reichstag die Propaganda des BND","author":"Webredaktion","date":"22. Oktober 2025","format":false,"excerpt":"Beitrag von Gert Ewen Ungar \"Deutschland bedroht niemanden, die Europ\u00e4ische Union bedroht niemanden, und auch die NATO bedroht niemanden auf der Welt. Es ist in den letzten dreieinhalb Jahren ausschlie\u00dflich Putin, der die Sicherheit auf dem europ\u00e4ischen Kontinent bedroht, der uns gef\u00e4hrdet, der mit seinem brutalen Angriffskrieg gegen die Ukraine\u2026","rel":"","context":"In &quot;Demokratie \u2013 Medien \u2013 Aufkl\u00e4rung&quot;","block_context":{"text":"Demokratie \u2013 Medien \u2013 Aufkl\u00e4rung","link":"https:\/\/www.freidenker.org\/?cat=12"},"img":{"alt_text":"","src":"https:\/\/i0.wp.com\/www.freidenker.org\/fw17\/wp-content\/uploads\/2025\/10\/Friedrich_Merz_2025.06.26_09_800x450.jpg?fit=800%2C450&ssl=1&resize=350%2C200","width":350,"height":200,"srcset":"https:\/\/i0.wp.com\/www.freidenker.org\/fw17\/wp-content\/uploads\/2025\/10\/Friedrich_Merz_2025.06.26_09_800x450.jpg?fit=800%2C450&ssl=1&resize=350%2C200 1x, https:\/\/i0.wp.com\/www.freidenker.org\/fw17\/wp-content\/uploads\/2025\/10\/Friedrich_Merz_2025.06.26_09_800x450.jpg?fit=800%2C450&ssl=1&resize=525%2C300 1.5x, https:\/\/i0.wp.com\/www.freidenker.org\/fw17\/wp-content\/uploads\/2025\/10\/Friedrich_Merz_2025.06.26_09_800x450.jpg?fit=800%2C450&ssl=1&resize=700%2C400 2x"},"classes":[]},{"id":18276,"url":"https:\/\/www.freidenker.org\/?p=18276","url_meta":{"origin":21380,"position":4},"title":"Wiederholungszwang bei Fehlern","author":"Webredaktion","date":"22. Februar 2024","format":false,"excerpt":"Beitrag von Gert Ewen Ungar In Deutschland entwickelt sich eine hochbrisante gesellschaftspolitische Gemengelage aus Repression, wirtschaftlichem Niedergang und Kriegswillen. Es hat den Anschein, als w\u00fcrde Deutschland wie im Zwang alle seine gemachten historischen Fehler wiederholen. Das Bild, das Deutschland abgibt, verhei\u00dft f\u00fcr die Zukunft nichts Gutes. Im Inland herrscht ein\u2026","rel":"","context":"In &quot;Demokratie \u2013 Medien \u2013 Aufkl\u00e4rung&quot;","block_context":{"text":"Demokratie \u2013 Medien \u2013 Aufkl\u00e4rung","link":"https:\/\/www.freidenker.org\/?cat=12"},"img":{"alt_text":"","src":"https:\/\/i0.wp.com\/www.freidenker.org\/fw17\/wp-content\/uploads\/2024\/02\/Reichstag_after_the_allied_bombing_of_Berlin_800x450.jpg?fit=800%2C450&ssl=1&resize=350%2C200","width":350,"height":200,"srcset":"https:\/\/i0.wp.com\/www.freidenker.org\/fw17\/wp-content\/uploads\/2024\/02\/Reichstag_after_the_allied_bombing_of_Berlin_800x450.jpg?fit=800%2C450&ssl=1&resize=350%2C200 1x, https:\/\/i0.wp.com\/www.freidenker.org\/fw17\/wp-content\/uploads\/2024\/02\/Reichstag_after_the_allied_bombing_of_Berlin_800x450.jpg?fit=800%2C450&ssl=1&resize=525%2C300 1.5x, https:\/\/i0.wp.com\/www.freidenker.org\/fw17\/wp-content\/uploads\/2024\/02\/Reichstag_after_the_allied_bombing_of_Berlin_800x450.jpg?fit=800%2C450&ssl=1&resize=700%2C400 2x"},"classes":[]},{"id":19586,"url":"https:\/\/www.freidenker.org\/?p=19586","url_meta":{"origin":21380,"position":5},"title":"Dressierter Journalismus: Wie der Bundeskanzler Fake News streut","author":"Webredaktion","date":"28. Juli 2024","format":false,"excerpt":"Beitrag von Gert Ewen Ungar Die Bundespressekonferenz (BPK) mit Bundeskanzler Olaf Scholz lieferte einen Eindruck davon, welche Auswirkungen Zensur und Einschr\u00e4nkung der Pressefreiheit auf den Journalismus haben. Handzahme, gut domestizierte Journalisten stellten absehbare Fragen, die den Themenkreis, in dem sich der \u00f6ffentliche Diskurs in Deutschland bewegen darf, nicht einen Millimeter\u2026","rel":"","context":"In &quot;Demokratie \u2013 Medien \u2013 Aufkl\u00e4rung&quot;","block_context":{"text":"Demokratie \u2013 Medien \u2013 Aufkl\u00e4rung","link":"https:\/\/www.freidenker.org\/?cat=12"},"img":{"alt_text":"","src":"https:\/\/i0.wp.com\/www.freidenker.org\/fw17\/wp-content\/uploads\/2024\/07\/Sunak_press_conference_with_Scholz_2024.jpg?fit=800%2C450&ssl=1&resize=350%2C200","width":350,"height":200,"srcset":"https:\/\/i0.wp.com\/www.freidenker.org\/fw17\/wp-content\/uploads\/2024\/07\/Sunak_press_conference_with_Scholz_2024.jpg?fit=800%2C450&ssl=1&resize=350%2C200 1x, https:\/\/i0.wp.com\/www.freidenker.org\/fw17\/wp-content\/uploads\/2024\/07\/Sunak_press_conference_with_Scholz_2024.jpg?fit=800%2C450&ssl=1&resize=525%2C300 1.5x, https:\/\/i0.wp.com\/www.freidenker.org\/fw17\/wp-content\/uploads\/2024\/07\/Sunak_press_conference_with_Scholz_2024.jpg?fit=800%2C450&ssl=1&resize=700%2C400 2x"},"classes":[]}],"_links":{"self":[{"href":"https:\/\/www.freidenker.org\/index.php?rest_route=\/wp\/v2\/posts\/21380","targetHints":{"allow":["GET"]}}],"collection":[{"href":"https:\/\/www.freidenker.org\/index.php?rest_route=\/wp\/v2\/posts"}],"about":[{"href":"https:\/\/www.freidenker.org\/index.php?rest_route=\/wp\/v2\/types\/post"}],"author":[{"embeddable":true,"href":"https:\/\/www.freidenker.org\/index.php?rest_route=\/wp\/v2\/users\/3"}],"replies":[{"embeddable":true,"href":"https:\/\/www.freidenker.org\/index.php?rest_route=%2Fwp%2Fv2%2Fcomments&post=21380"}],"version-history":[{"count":2,"href":"https:\/\/www.freidenker.org\/index.php?rest_route=\/wp\/v2\/posts\/21380\/revisions"}],"predecessor-version":[{"id":21397,"href":"https:\/\/www.freidenker.org\/index.php?rest_route=\/wp\/v2\/posts\/21380\/revisions\/21397"}],"wp:featuredmedia":[{"embeddable":true,"href":"https:\/\/www.freidenker.org\/index.php?rest_route=\/wp\/v2\/media\/21396"}],"wp:attachment":[{"href":"https:\/\/www.freidenker.org\/index.php?rest_route=%2Fwp%2Fv2%2Fmedia&parent=21380"}],"wp:term":[{"taxonomy":"category","embeddable":true,"href":"https:\/\/www.freidenker.org\/index.php?rest_route=%2Fwp%2Fv2%2Fcategories&post=21380"},{"taxonomy":"post_tag","embeddable":true,"href":"https:\/\/www.freidenker.org\/index.php?rest_route=%2Fwp%2Fv2%2Ftags&post=21380"}],"curies":[{"name":"wp","href":"https:\/\/api.w.org\/{rel}","templated":true}]}}