{"id":21352,"date":"2025-04-02T00:54:34","date_gmt":"2025-04-01T22:54:34","guid":{"rendered":"https:\/\/www.freidenker.org\/?p=21352"},"modified":"2025-05-19T14:13:42","modified_gmt":"2025-05-19T12:13:42","slug":"bedrohungsluegner-kriegsgurgeln-und-hirn-tot-schlaeger","status":"publish","type":"post","link":"https:\/\/www.freidenker.org\/?p=21352","title":{"rendered":"Bedrohungsl\u00fcgner, Kriegsgurgeln und Hirn-Tot-Schl\u00e4ger"},"content":{"rendered":"<h5>Die Angstmacherei vorm \u201erussischen Angriffskrieg\u201c ist ein fieses Ablenkman\u00f6ver von den westeurop\u00e4ischen Kriegspl\u00e4nen gegen Russland<\/h5>\n<p><em>Von <strong>Friedhelm Klinkhammer<\/strong> und <strong>Volker Br\u00e4utigam<\/strong><\/em><\/p>\n<p><strong>Sigmar Gabriel, abgehalfterter Ex (-Vizekanzler, -Au\u00dfenminister, -SPD-Vorsitzender), pisst von der Atlantik-Br\u00fccke (gegen den Wind): <em>\u201eW\u00e4re ich Putin, w\u00fcrde ich schon 2028 kommen.\u201c<\/em><a href=\"#_edn1\" name=\"_ednref1\">[1]<\/a> Zu unserem und der Russen Gl\u00fcck ist er es nicht, sondern blo\u00df ein Sozi aus deren Stahlhelm-Fraktion. Erschwerend kommt hinzu: Er sitzt f\u00fcr fettes Honorar in den Aufsichtsr\u00e4ten kriegswichtiger Unternehmen, zum Beispiel der <em>Deutschen Bank<\/em><a href=\"#_edn2\" name=\"_ednref2\">[2]<\/a>, der <em>Siemens Energy Global<\/em><a href=\"#_edn3\" name=\"_ednref3\">[3]<\/a>, der <em>thyssenkrupp Steel Europe<\/em><a href=\"#_edn4\" name=\"_ednref4\">[4]<\/a> und der <em>Daimler Truck Holding<\/em><a href=\"#_edn5\" name=\"_ednref5\">[5]<\/a>. Kriegs\u00e4ngste sch\u00fcren liegt in deren Gesch\u00e4ftsinteresse. Krieg ist ihr Ersatzbegriff f\u00fcr immensen Profit. Sozis von Gabriels Schlage haben das l\u00e4ngst verinnerlicht.<\/strong><\/p>\n<p>Weder lernwillig noch lernf\u00e4hig \u2013 schlicht empathielos. Dass bereits zwei deutsche Russland-Feldz\u00fcge in neuerer Zeit in Katastrophen mit Millionen Toten endeten, st\u00f6rt sie nicht. Im Ersten Weltkrieg bramarbasierten die Vertreter des Geldadels vom \u201eunausweichlichen Kampf zwischen Germanentum und Slawentum\u201c.<a href=\"#_edn6\" name=\"_ednref6\">[6]<\/a>\u00a0Bekanntlich stimmte die SPD damals den Kriegskrediten zu, mit denen das ersehnte Abschlachten finanziert wurde. 23 Jahre sp\u00e4ter machten die von den Konservativen an die Macht gehievten Nazis\u00a0weiter. Mit der gleichen Propagandal\u00fcge, der \u201eGefahr aus dem Osten\u201c:<\/p>\n<p style=\"padding-left: 40px;\"><em>\u201eIn diesem gemeinsamen Kampf um die gemeinsame Existenz m\u00fcssen Meinungsverschiedenheiten innerhalb der europ\u00e4ischen Staatengemeinschaft zur\u00fccktreten und muss die Pflicht lebendig werden, die gemeinsame Front zu bilden gegen\u00fcber dem roten Weltfeind\u201c. (Das Nazi-Blatt V\u00f6lkischer Beobachter am 16. Juni 1937. Quelle: \u201eDie Bedrohungsl\u00fcge\u201c, G. Kade, 2. Auflage 1980, S.106). <\/em><\/p>\n<p>Man ersetze \u201eroter\u00a0Weltfeind\u201c\u00a0mit \u201eMachthaber Putin\u201c, schon ist man mittendrin in der Rhetorik unserer Gegenwart. Wir wollen keinen Zweifel lassen, wes Geistes Kind die Zeitgenossen sind, die den Schmarren \u201eder Russe bedroht Europa\u201c neuerdings in Umlauf brachten \u2013 und welche b\u00f6sen Hintergedanken sie dabei haben. Deshalb das Zitat eines der schlimmsten Demagogen der Zeitgeschichte:<\/p>\n<p style=\"padding-left: 40px;\"><em>\u201eEs ist nunmehr notwendig, das deutsche Volk psychologisch allm\u00e4hlich umzustellen und ihm langsam klarzumachen ist, dass es Dinge gibt, die, wenn sie nicht mit friedlichen Mitteln durchgesetzt werden k\u00f6nnen, mit Mitteln der Gewalt durchgesetzt werden m\u00fcssen \u2026 dazu war es notwendig, nicht nur die Gewalt als solche zu propagieren, sondern dem deutschen Volk bestimmte au\u00dfenpolitische<\/em>\u00a0<em>Ereignisse<\/em>\u00a0<em>so zu beleuchten, dass die innere Stimme des Volkes selbst langsam nach der Gewalt zu schreien beginnt \u2026\u201c (Adolf Hitler vor der deutschen Presse am 10. November 1938. Quelle: Vierteljahreshefte f\u00fcr Zeitgeschichte, Heft 2\/1958, S.182 ff)<\/em><\/p>\n<p>Seit Jahrzehnten pinseln journalistische Agitatoren wie Udo Lielischkies, Sylvia St\u00f6ber, Ina Ruck, Sabine Adler, Golineh Atai, Thomas Roth und Demian van Osten das Feindbild Russland. Ihre Farbmischung: Unterstellungen, L\u00fcgengeschichten, (Heldenlegende Nawalny, Vergiftungssaga Skrypal,\u00a0R\u00e4uberpistole \u201eCyberattacken\u201c). Die deutschen Systemmedien, angef\u00fchrt vom \u201eFlaggschiff\u201c ARD-Tagesschau, waren sich f\u00fcr keine Falschm\u00fcnzerei zu schade.<\/p>\n<h5>Wir sind wieder so weit<\/h5>\n<p>Wenn irgendein unbedarftes Hornvieh bl\u00f6kt, der \u201eautorit\u00e4re\u201c Putin werde demn\u00e4chst Krieg gegen Westeuropa und speziell gegen Deutschland f\u00fchren, dann sind allemal genug hirnrissige Journalisten zur Stelle, um das abzumelken und zu Nachrichtenk\u00e4se zu verarbeiten.<\/p>\n<p>Diesen von logischen Denkprozessen und politischer Sachkenntnis weit entfernten beruflichen Ausfallerscheinungen ist es egal, welchen niedertr\u00e4chtigen Interessen sie dienen: der planvollen Umstellung auf Kriegswirtschaft und Kriegsfinanzierung, der Ablenkung vom \u201enotwendigen\u201c Sozialabbau und damit der Profitgier der R\u00fcstungswirtschaft und ihrer Aktion\u00e4re.<\/p>\n<p>Das ganze Elend wird manchmal schlaglichtartig sichtbar. Die bayerische Gesundheitsministerin Gerlach forderte k\u00fcrzlich ein bundesweites Programm zur medizinischen Versorgung im Kriegsfall. Hintergrund sei<\/p>\n<p style=\"padding-left: 40px;\"><em>\u201edie milit\u00e4rische Bedrohung durch Russland und eine m\u00f6gliche Abkehr der USA durch Donald Trump.\u201c<a href=\"#_edn7\" name=\"_ednref7\"><strong>[7]<\/strong><\/a><\/em><\/p>\n<p>Na bitte. Und niemand fragt zur\u00fcck, wann die Frau selbst das letzte Mal beim Arzt war.<\/p>\n<p>Dass deutsche Friedenspolitik erheblich preiswerter und sinnvoller sein k\u00f6nnte als der Bau von Lazaretten f\u00fcr Kriegsversehrte, kommt bei solchen T\u00f6nen niemandem mehr in den Sinn. Obwohl die gedanklichen Parallelen zur kriegsvorbereitenden AgitProp der Nazis kaum zu \u00fcbersehen sind. Dass hierzulande schon viele neofaschistische Kulissen geschoben werden, st\u00f6rt die Journaille nicht. Sie schiebt selber mit.<\/p>\n<p>Der erst wenige Monate alte Vorwurf, die Russen planten noch in diesem Jahrzehnt einen \u201eKrieg gegen uns\u201c, wurde\u00a0planm\u00e4\u00dfig\u00a0und skrupellos ins \u00f6ffentliche Ged\u00e4chtnis gedr\u00fcckt. Das l\u00e4sst sich vom ersten Auftauchen an nachvollziehen.<\/p>\n<p>Als Russlands \u201emilit\u00e4rische Sonderoperation\u201c gegen die Ukraine begann, war nirgendwo von einer russischen Kriegsdrohung gegen\u00fcber Resteuropa die Rede. I<em>m Gegenteil, es herrschte eine eher abwartende und distanzierte Haltung vor, wie ein Gutachten der Wissenschaftlichen Dienste des Bundestages widerspiegelt:<\/em><\/p>\n<p style=\"padding-left: 40px;\"><em>\u201e&#8230;die wichtigsten au\u00dfen- und sicherheitspolitischen Ziele Russlands sind \u2026 internationales Prestige und eine internationale F\u00fchrungsrolle \u2026 der Status einer globalen Wirtschaftsmacht mit einem der h\u00f6chsten Bruttoinlandsprodukte der Welt. Diese Ziele will Russland unter anderem durch Mitarbeit und Kooperation in internationalen Organisationen erreichen\u201c.<\/em><a href=\"#_edn8\" name=\"_ednref8\"><em><strong>[8]<\/strong><\/em><\/a><\/p>\n<p>Auch die uns\u00e4gliche fr\u00fchere Bundestagspr\u00e4sidentin\u00a0B\u00e4rbel Bas, SPD,\u00a0sprach\u00a0vor drei Jahren (mit Blick auf das damals gew\u00fcnschte 100-Milliarden-Euro-\u201eSonderverm\u00f6gen\u201c zum Aufmotzen der Bundeswehr) noch nicht von der Gefahr eines russischen Angriffs,\u00a0sondern betonte, dass die Schuldenmacherei nur der Verbesserung der deutschen Verteidigungsf\u00e4higkeit diene:<\/p>\n<p style=\"padding-left: 40px;\"><em>\u201eEine angemessene Ausstattung ist essenziell f\u00fcr unseren Schutz und den unserer B\u00fcndnispartner.\u201c<\/em><a href=\"#_edn9\" name=\"_ednref9\">[9]<\/a><\/p>\n<h5>Besen im Hosenanzug<\/h5>\n<p>Dass von russischen Kriegsdrohungen im Fr\u00fchjahr 2023 noch keine Rede war und sie selbst nichts dergleichen wahrgenommen hatte, lie\u00df auch EU-Pr\u00e4sidentin von der Leyen erkennen. Bis zum Kragen abgef\u00fcllt mit Russenhass, t\u00f6nte sie:<\/p>\n<p style=\"padding-left: 40px;\"><em>\u201eDiese Sanktionen, die treffen Pr\u00e4sident Putin ins Mark und nehmen ihm die M\u00f6glichkeit, diese brutalen Kriege, die er f\u00fchrt, weiterzufinanzieren.\u201c<\/em><a href=\"#_edn10\" name=\"_ednref10\"><em><strong>[10]<\/strong><\/em><\/a><\/p>\n<p><em>Vier Monate sp\u00e4ter<\/em>\u00a0<em>zeigte sie noch deutlicher, wer da wem mit Drohungen statt Diplomatie begegnete: <\/em>Sie sei fest davon \u00fcberzeugt, dass man den russischen\u00a0Pr\u00e4sidenten Wladimir Putin mit Mut und Solidarit\u00e4t zum Scheitern bringen werde und Europa am Ende die Oberhand gewinne.<\/p>\n<p style=\"padding-left: 40px;\"><em>\u201eIch m\u00f6chte keinen Zweifel daran lassen, dass die Sanktionen von Dauer sein werden \u2026 die sch\u00e4rfsten Sanktionen, die die Welt je gesehen hat.<\/em><a href=\"#_edn11\" name=\"_ednref11\">[11]<\/a><\/p>\n<p>Vom Verdacht russischer Angriffspl\u00e4ne gegen das restliche Europa\u00a0kein Wort. Prowestliche Siegesgewissheit erlaubte gar keine Aussage, Russland stelle eine Bedrohung dar. \u00dcberheblichkeit war vielmehr journalistischer Standard, sogar noch im Sp\u00e4tsommer vorigen Jahres:<\/p>\n<p style=\"padding-left: 40px;\"><em>\u201eW\u00e4hrend die Wirtschaft leidet, gehen Putin die Reserven und Soldaten aus. Der Kreml k\u00f6nnte gezwungen sein, im kommenden Jahr den Waffenstillstand zu suchen.\u201c<\/em><a href=\"#_edn12\" name=\"_ednref12\"><em><strong>[12]<\/strong><\/em><\/a><\/p>\n<p>Das war so realistisch wie die Behauptung, Schaukelpferd\u00e4pfel g\u00e4b\u2019s auch beim Bio-Bauern. \u201ePutin verliert\u201c, wurde allen Ernstes behauptet \u2013 bis SPD-Minister Pistorius seinen inzwischen \u201ehistorischen\u201c Furz im ZDF-Parf\u00fcmladen \u201eBerlin direkt\u201c fahren lie\u00df. Ohne Vorwarnung, am 30. Oktober 23:<\/p>\n<p style=\"padding-left: 40px;\"><em>\u201eWir m\u00fcssen uns wieder an den Gedanken gew\u00f6hnen, dass die Gefahr eines Krieges in Europa drohen k\u00f6nnte. Und das hei\u00dft: Wir m\u00fcssen kriegst\u00fcchtig werden. Wir m\u00fcssen wehrhaft sein. Und die Bundeswehr und die Gesellschaft daf\u00fcr aufstellen.\u201c<\/em><a href=\"#_edn13\" name=\"_ednref13\"><em><strong>[13]<\/strong><\/em><\/a><\/p>\n<h5>Aus dem hohlen Bauch<\/h5>\n<p>Ein Tabubruch, keine Frage. Doch erw\u00e4hnte Pistorius Russland mit keinem Wort \u2013 daf\u00fcr war er zu schlau. Er \u201elieferte\u201c unausgesprochen; er konnte sich darauf verlassen, dass schon gen\u00fcgend Redaktionsbleistifte schnallten, was \u201edabei gedacht\u201c war, und dass sie prompt die Russen der Kriegsbrunst bezichtigen w\u00fcrden. Beweise h\u00e4tte er ja nicht beibringen k\u00f6nnen. Er schwadronierte nur im Kontext dieser westlichen Geheimdienstspekulationen: Es k\u00f6nnte sein \/ es w\u00e4re denkbar \/ man k\u00f6nne nicht ausschlie\u00dfen \u2013 dass Russland \u00fcber das f\u00fcr seinen Kampf gegen die Ukraine notwendige Ma\u00df hinaus aufr\u00fcste und eine sp\u00e4tere Konfrontation mit der NATO suche.<\/p>\n<p>Nichts als Kaffeesatzleserei im Stil der Geheimdienste, zu deren Handwerk das Erfinden von Gefahren geh\u00f6rt. Sie wickeln ihre parlamentarischen Auftraggeber ein. Bitte anschnallen:<\/p>\n<p style=\"padding-left: 40px;\"><em>\u201eGeheimdienste schulen Bundestagsabgeordnete. Die Bundestagsfraktionen von CDU\/CSU, Gr\u00fcnen und SPD \u2026 Als G\u00e4ste werden Bruno Kahl, Pr\u00e4sident des Bundesnachrichtendienstes, und Sinan Selen, Vize-Pr\u00e4sident des Bundesamtes f\u00fcr Verfassungsschutz, erwartet. \u2026 \u201aWir sind in Deutschland seit Langem mit andauernden Angriffen konfrontiert\u2018, sagte Gr\u00fcnen-Fraktionsmanagerin Irene Mihalic.\u201c<a href=\"#_edn14\" name=\"_ednref14\">[14]<\/a><sup>\u00a0<\/sup><\/em><\/p>\n<p>Hochverehrte Volksvertreter! Es sollte Ihr Basiswissen sein, dass \u201eDemokratie\u201c und \u201eGeheimdienst\u201c sich im Prinzip gegenseitig ausschlie\u00dfen. Und dass es Ihre verdammte Pflicht und Schuldigkeit ist, die diversen deutschen Geheimpolizeien genauestens zu kontrollieren, wenn Sie schon meinen, nicht auf sie verzichten zu d\u00fcrfen. Sich von diesen finsteren Br\u00fcdern schulen zu lassen, ist ein Offenbarungseid. Besagte Geheimdienst-Experten konnten ja nicht mal Bundeskanzlerin Merkels Diensttelefon vor den Spionen der Amis sch\u00fctzen.<a href=\"#_edn15\" name=\"_ednref15\">[15]<\/a> Bis heute kriegen sie es nicht auf die Reihe, diese NSA- und CIA-Schn\u00fcffler abzuwehren \u2026<\/p>\n<h5>Vom Frieden bedroht<\/h5>\n<p>Die Deutsche Gesellschaft f\u00fcr Ausw\u00e4rtige Politik, GDAP, machte im Sommer letzten Jahres den Z\u00fcnder f\u00fcr die Entwicklung der Bedrohungsl\u00fcge sichtbar. Den Grund daf\u00fcr, Kriegsangst zu sch\u00fcren und damit pl\u00f6tzlich irrsinnige R\u00fcstungsanstrengungen durchsetzbar zu machen: der bef\u00fcrchtete Wahlsieg des US-Pr\u00e4sidenten Trump und dessen Ank\u00fcndigung, den Ukraine-Krieg sofort beenden zu wollen.<\/p>\n<p>Entspannung mit Moskau? Der Albtraum f\u00fcr deutsche Kriegsgewinnler. Er rief die akademischen Gesinnungsfreunde von <em>der DGAP auf den Plan. Deren Empfehlung: \u00a0<\/em><\/p>\n<p style=\"padding-left: 40px;\"><em>\u201eIm Fall eines Wahlsiegs von Trump sollten sie (die europ\u00e4ischen Regierungen) auf seinen transaktionalen Politikstil eingehen, aber deutlich machen, dass sie keine Verhandlungsl\u00f6sungen akzeptieren \u2026 Deutschland und die europ\u00e4ischen Regierungen m\u00fcssen ihre Bem\u00fchungen zur Unterst\u00fctzung der Ukraine verst\u00e4rken, beschleunigen und verstetigen. \u2026 Zugleich ist es entscheidend, die europ\u00e4ische Bev\u00f6lkerung weiterhin davon zu \u00fcberzeugen, dass die langfristige Unterst\u00fctzung einer freien und unabh\u00e4ngigen Ukraine im eigenen Interesse liegt.\u201c<\/em><a href=\"#_edn16\" name=\"_ednref16\"><em><strong>[16]<\/strong><\/em><\/a><\/p>\n<p>Dass die \u201elangfristige Unterst\u00fctzung\u201c darauf hinausl\u00e4uft, den t\u00e4glichen qualvollen Tod und die Verst\u00fcmmelung Abertausender Mitmenschen zu finanzieren, k\u00fcmmert GDAP-Schreibtischkrieger nicht. Aber auch zum Zeitpunkt der Ver\u00f6ffentlichung ihrer \u201eExpertise\u201c \u2013 18. Juni 2024 \u2013 war von russischer Angriffsgefahr f\u00fcr Westeuropa f\u00f6rmlich noch keine Rede. Im Gegenteil: Es galt das Wort des damaligen NATO-Generalsekret\u00e4rs Jens Stoltenberg:<\/p>\n<p style=\"padding-left: 40px;\"><em>\u201eWir stellen keine direkten Drohungen (aus Russland) gegen\u00fcber einem der B\u00fcndnismitglieder fest \u2026 Nach dem Ende der Feindseligkeiten (in der Ukraine) kann Russland seine St\u00e4rke wiederherstellen, aber das bedeutet nicht, dass wir einer direkten Bedrohung\u2026 ausgesetzt sind.<\/em>\u201c<a href=\"#_edn17\" name=\"_ednref17\"><em><strong>[17]<\/strong><\/em><\/a><\/p>\n<h5>Der Zeitrahmen-Konstrukteur<\/h5>\n<p>Dem DGAP-\u201eExperten\u201c Christian M\u00f6lling<a href=\"#_edn18\" name=\"_ednref18\">[18]<\/a> blieb es vorbehalten, zu konkretisieren, was der \u201ekriegst\u00fcchtig\u201c-Pistorius gemeint haben\u00a0k\u00f6nnte: M\u00f6lling nannte erstmals einen\u00a0Zeitrahmen\u00a0(\u201esechs bis acht Jahre\u201c) f\u00fcr den Beginn eines russischen Angriffskriegs und\u00a0fantasierte die Notwendigkeit herbei, die\u00a0Bev\u00f6lkerung\u00a0kriegsbereit zu machen.<a href=\"#_edn19\" name=\"_ednref19\">[19]<\/a><\/p>\n<p>M\u00f6lling hatte sich nicht mal 2023 vom Milliarden-\u201eWumms\u201c f\u00fcr die Bundeswehr ruhigstellen lassen:<\/p>\n<p style=\"padding-left: 40px;\"><em>Das, was an \u201eKriegsniveau, Kriegsf\u00e4higkeit oder Verteidigungsf\u00e4higkeit\u201c notwendig sei, um Russland von einem Angriff abzuhalten oder im Angriffsfall bereits an der Nato-Grenze stoppen zu k\u00f6nnen, sei zurzeit nicht gegeben. Es fehle an Material, Soldaten und vielen Kleinigkeiten\u201c.<\/em><a href=\"#_edn20\" name=\"_ednref20\">[20]<\/a><\/p>\n<p>Der Mann wei\u00df, dass er mit seinem Alarmismus Kohle machen kann, ob bei der staatlich finanzierten <em>Stiftung f\u00fcr Wissenschaft und Politik<\/em><a href=\"#_edn21\" name=\"_ednref21\">[21]<\/a>, beim <em>German Marshall Fund of the United States<a href=\"#_edn22\" name=\"_ednref22\"><strong>[22]<\/strong><\/a><\/em>, bei der ebenfalls staatlich und \u00fcberdies von der R\u00fcstungsindustrie finanzierten<a href=\"#_edn23\" name=\"_ednref23\">[23]<\/a> <em>Deutschen Gesellschaft f\u00fcr Ausw\u00e4rtige Politik<\/em> oder neuerdings bei der <em>Bertelsmann Stiftung<\/em>.<a href=\"#_edn24\" name=\"_ednref24\">[24]<\/a><\/p>\n<p>Auszug aus dem DGAP Policy Brief:<\/p>\n<p style=\"padding-left: 40px;\"><em>\u201eDas Fenster zu einem m\u00f6glichen russischen Angriff \u00f6ffnet sich, sobald Russland den Eindruck hat, ein Angriff, etwa im Baltikum, k\u00f6nnte erfolgreich sein \u2026 Experten und Geheimdienste sch\u00e4tzen, dass Russland sechs bis zehn Jahre brauchen wird, um seine Armee so weit wiederaufzubauen, dass es einen Angriff auf die NATO wagen k\u00f6nnte.\u201c<\/em><a href=\"#_edn25\" name=\"_ednref25\"><em><strong>[25]<\/strong><\/em><\/a><\/p>\n<p>Reine Behauptungen. Nicht auf Fakten gest\u00fctzt, sondern auf \u201eopportune Zeugen\u201c<a href=\"#_edn26\" name=\"_ednref26\">[26]<\/a>, \u00a0\u201eExperten\u201c und \u201eErkenntnisse\u201c der Geheimdienste. Keine Analyse, sondern eine Berufung auf die Schwarmdummheit.<\/p>\n<h5>Angriff als beste Verteidigung<\/h5>\n<p>Der \u00f6ffentlich-rechtliche Rundfunk, Kernst\u00fcck des zensur-industriellen Komplexes, bot sich als der gegebene Tummelplatz f\u00fcr Hetzer und Kriegstreiber an. Ihr \u201eWir m\u00fcssen kriegst\u00fcchtig werden, in ein paar Jahren kommt der Russe,\u201c wurde zum Ohrwurm.\u00a0D<em>er rangh\u00f6chste deutsche Soldat, Generalinspekteur Carsten Breuer,<\/em>\u00a0knapp 60 Jahre alt<a href=\"#_edn27\" name=\"_ednref27\">[27]<\/a>, w\u00e4re vor seiner Pensionierung wohl gerne wenigstens kurz noch mit von der Partie; er zog daher den<em> Beginn f\u00fcr Iwans Angriff ein wenig vor. \u201e<strong>F\u00fcnf<\/strong> bis acht Jahre\u201c.<\/em><a href=\"#_edn28\" name=\"_ednref28\">[28]<\/a><em> Und lie\u00df keinen Zweifel dran aufkommen, dass er es krachen lassen m\u00f6chte: \u00a0<\/em><\/p>\n<p style=\"padding-left: 40px;\"><em>\u201eK\u00e4mpfen k\u00f6nnen, um nicht k\u00e4mpfen zu m\u00fcssen, ist nicht mehr genug.\u201c<\/em><a href=\"#_edn29\" name=\"_ednref29\"><em><strong>[29]<\/strong><\/em><\/a><em>\u00a0<\/em><\/p>\n<p>Sondern? Selbst angreifen, um endlich nicht mehr nur \u00fcber Verteidigungsbereitschaft quatschen zu d\u00fcrfen?\u00a0Jawoll, Herr General! Feuer!<\/p>\n<p>Der Mann ist blo\u00df fleischgewordener Zeitenwende-Geist. Kanzlerkandidat Friedrich Merz:<\/p>\n<p style=\"padding-left: 40px;\"><em>\u201eEs ist n\u00e4mlich ein Krieg gegen Europa und nicht nur ein Krieg gegen die territoriale Integrit\u00e4t der Ukraine\u201c \u2026 ein Krieg auch gegen unser Land, der t\u00e4glich stattfindet: mit Angriffen auf unsere Datennetze, mit der Zerst\u00f6rung von Versorgungsleitungen, mit Brandanschl\u00e4gen, mit Auftragsmorden mitten in unserem Land, mit der Aussp\u00e4hung von Kasernen, mit Desinformationskampagnen \u2026\u201c <\/em><a href=\"#_edn30\" name=\"_ednref30\"><em><strong>[30]<\/strong><\/em><\/a><em> (s. dazu: David Goe\u00dfmann, \u201eWas steckt hinter dem Vorwurf der hybriden Kriegsf\u00fchrung Russlands gegen Europa?\u201c<\/em><a href=\"#_edn31\" name=\"_ednref31\">[31]<\/a><em>)\u00a0\u00a0\u00a0\u00a0\u00a0\u00a0\u00a0\u00a0\u00a0\u00a0\u00a0 <\/em><\/p>\n<p>Erst im Oktober vorigen Jahres wollte Hassredner Merz <em>Russlands Pr\u00e4sident Putin ein Ultimatum stellen: <\/em><\/p>\n<p style=\"padding-left: 40px;\"><em>\u201eWenn das nicht aufh\u00f6rt mit den Bombardements, dann ist der erste Schritt der: Reichweiten-Begrenzung (f\u00fcr ukrainische Raketenangriffe auf Russland) aufheben. Und der zweite Schritt der, dass wir die \u203aTaurus\u2039 (deutsche Rakete mit gro\u00dfer Reichsweite und Sprengkraft) liefern \u2026 Und dann hat Putin es in der Hand, wie weit er diesen Krieg noch weiter eskalieren will.\u201c<\/em><a href=\"#_edn32\" name=\"_ednref32\"><em><strong>[32]<\/strong><\/em><\/a><\/p>\n<p>Ob er auch noch als Bundeskanzler den Maulhelden spielt wird, m\u00fcssen wir leider abwarten. Vielleicht ermannt sich jemand aus seiner Umgebung und macht ihn darauf aufmerksam, dass Putin eine Taurus-Lieferung an Kiew als deutsche Kriegserkl\u00e4rung wertet und \u201eentsprechend\u201c reagieren will \u2013 v\u00f6lkerrechtlich absolut korrekt. Vielleicht erinnert sich Merz auch daran, erst k\u00fcrzlich von einer russischen Haselnuss<a href=\"#_edn33\" name=\"_ednref33\">[33]<\/a> gelesen zu haben, deren Wirksamkeit weltweit beeindruckt. Vielleicht.<\/p>\n<h5>Kriegsplaner<\/h5>\n<p>Russland droht der EU nicht mit Krieg. Das best\u00e4tigen zahlreiche hochrangige Experten, zum Beispiel US-Chefunterh\u00e4ndler Steve Wittkoff: <em>\u201eIch habe das Gef\u00fchl, Putin will Frieden.\u201c<\/em><a href=\"#_edn34\" name=\"_ednref34\">[34]<\/a> Der deutsche Ex-Generalinspekteur Harald Kujat h\u00e4lt Behauptungen von einem bevorstehenden russischen Angriffskrieg f\u00fcr <em>\u201eUnsinn\u201c<\/em>. <a href=\"#_edn35\" name=\"_ednref35\">[35]<\/a> Ex-Bundeskanzler Gerhard Schr\u00f6der: <em>\u201eabsurd\u201c<\/em>.<a href=\"#_edn36\" name=\"_ednref36\">[36]<\/a> Ex-Oberstleutnant Jochen Scholz: <em>\u201eStandardl\u00fcge\u201c<\/em>.<a href=\"#_edn37\" name=\"_ednref37\">[37]<\/a> Ex-Oberst Wolfgang Richter:<\/p>\n<p style=\"padding-left: 40px;\"><em>\u201eWenn Russland tats\u00e4chlich das Mittel Krieg wahrnimmt zum Erreichen politischer Ziele, warum soll es bis 2029 warten?<\/em>\u201c<a href=\"#_edn38\" name=\"_ednref38\">[38]<\/a><\/p>\n<p>Tja. Warum? Weil Russland an einem Krieg gegen Rest-Europa gar kein Interesse hat. Der italienische Ex-Ministerpr\u00e4sident Conte nennt deshalb das europ\u00e4ische Hochr\u00fcstungsprogramm <em>\u201eeine totale Geldverschwendung\u201c<\/em>.<a href=\"#_edn39\" name=\"_ednref39\">[39]<\/a><\/p>\n<p>Deutschland\u00a0und die EU haben f\u00fcr Russland keinen Reiz: gigantische\u00a0Schuldenberge, schrottreif gesparte Infrastruktur, keine nennenswerten Ressourcen von irgendwas. Eine Region, deren politische Vorturner von ihrem wichtigsten \u201eVerb\u00fcndeten\u201c, der US-Regierung, offen als antidemokratisch verachtet,\u00a0als Schmarotzer bezeichnet\u00a0und auf den Topf gesetzt\u00a0werden.<a href=\"#_edn40\" name=\"_ednref40\">[40]<\/a><\/p>\n<p>Gute Frage an uns alle:<\/p>\n<p style=\"padding-left: 40px;\"><em>\u201eWie weiter in einem Land, das dabei ist, zum Selbstbedienungsladen korrupter Regenten und Noch-nicht-Regenten zu verkommen?<\/em><a href=\"#_edn41\" name=\"_ednref41\">[41]<\/a><\/p>\n<p>Unsere politischen, journalistischen, akademischen und milit\u00e4rischen Krawallbr\u00fcder und -schwestern sind nur Tonverst\u00e4rker mit W-LAN zum Schattenreich der Geldelite. Der ist vollkommen gleichg\u00fcltig, was aus den Westeurop\u00e4ern wird. Sie ist sozial abgehoben, international abgesichert und rechtzeitig <em>offshore<a href=\"#_edn42\" name=\"_ednref42\"><strong>[42]<\/strong><\/a>, <\/em>bevor es kracht<em>. <\/em>Es w\u00fcrde ihr Stellvertreterkrieg. Sein Ziel und zugleich angels\u00e4chsischer Wunschtraum: Deutschland zerst\u00f6rt und Kontinentaleuropas Wirtschaft f\u00fcr lange Zeit am Boden.<\/p>\n<p>Nicht <em>Russland droht mit<\/em>\u00a0<em>Krieg gegen Westeuropa. Umgekehrt wird ein Schuh draus: Deutsche und einige andere<\/em>\u00a0Westeurop\u00e4er wollen und planen Krieg<em> gegen Russland. <\/em><\/p>\n<p style=\"text-align: right;\"><em>Friedhelm Klinkhammer und Volker Br\u00e4utigam sind Mitglieder des Beirates des Deutschen Freidenker-Verbandes<\/em><\/p>\n<p><strong>Quellen:<\/strong><\/p>\n<p><a href=\"#_ednref1\" name=\"_edn1\">[1]<\/a> <a href=\"https:\/\/www.zdf.de\/nachrichten\/politik\/ausland\/illner-gabriel-trump-ukraine-europa-verteidigung-100.html\">https:\/\/www.zdf.de\/nachrichten\/politik\/ausland\/illner-gabriel-trump-ukraine-europa-verteidigung-100.html<\/a><\/p>\n<p><a href=\"#_ednref2\" name=\"_edn2\">[2]<\/a> <a href=\"https:\/\/investor-relations.db.com\/corporate-governance\/organizational-structure\/supervisory-board?language_id=3&amp;kid=ir-de-aufsichtsrat-htm.redirect-en.shortcut\">https:\/\/investor-relations.db.com\/corporate-governance\/organizational-structure\/supervisory-board?language_id=3&amp;kid=ir-de-aufsichtsrat-htm.redirect-en.shortcut<\/a><\/p>\n<p><a href=\"#_ednref3\" name=\"_edn3\">[3]<\/a> <a href=\"https:\/\/www.siemens-energy.com\/de\/de\/home\/company\/supervisory-board.html\">https:\/\/www.siemens-energy.com\/de\/de\/home\/company\/supervisory-board.html<\/a><\/p>\n<p><a href=\"#_ednref4\" name=\"_edn4\">[4]<\/a> <a href=\"https:\/\/www.thyssenkrupp-steel.com\/de\/newsroom\/pressemitteilungen\/neue-mitglieder-im-aufsichtsrat-der-thyssenkrupp-steel-europe-ag.html\">https:\/\/www.thyssenkrupp-steel.com\/de\/newsroom\/pressemitteilungen\/neue-mitglieder-im-aufsichtsrat-der-thyssenkrupp-steel-europe-ag.html<\/a><\/p>\n<p><a href=\"#_ednref5\" name=\"_edn5\">[5]<\/a> <a href=\"https:\/\/www.daimlertruck.com\/newsroom\/pressemitteilung\/der-ceo-podcast-mit-sigmar-gabriel-was-bringt-2024-fuer-europa-und-die-welt-52563660\">https:\/\/www.daimlertruck.com\/newsroom\/pressemitteilung\/der-ceo-podcast-mit-sigmar-gabriel-was-bringt-2024-fuer-europa-und-die-welt-52563660<\/a><\/p>\n<p><a href=\"#_ednref6\" name=\"_edn6\">[6]<\/a> <a href=\"https:\/\/www.hsozkult.de\/publicationreview\/id\/reb-16439\">https:\/\/www.hsozkult.de\/publicationreview\/id\/reb-16439<\/a><\/p>\n<p><a href=\"#_ednref7\" name=\"_edn7\">[7]<\/a> <a href=\"https:\/\/www.welt.de\/politik\/deutschland\/article255716104\/Krankenhaeuser-sollen-sich-auf-Kriegsfall-vorbereiten-sagt-Bayerns-Gesundheitsministerin.html\">https:\/\/www.welt.de\/politik\/deutschland\/article255716104\/Krankenhaeuser-sollen-sich-auf-Kriegsfall-vorbereiten-sagt-Bayerns-Gesundheitsministerin.html<\/a><\/p>\n<p><a href=\"#_ednref8\" name=\"_edn8\">[8]<\/a> <a href=\"https:\/\/www.bundestag.de\/resource\/blob\/918488\/30971c4459f7f97cf215b8a321dd5699\/WD-2-071-22-pdf.pdf\">https:\/\/www.bundestag.de\/resource\/blob\/918488\/30971c4459f7f97cf215b8a321dd5699\/WD-2-071-22-pdf.pdf<\/a><\/p>\n<p><a href=\"#_ednref9\" name=\"_edn9\">[9]<\/a> <a href=\"https:\/\/www.bundestag.de\/parlament\/praesidium\/reden\/2022\/20221012-918976\">https:\/\/www.bundestag.de\/parlament\/praesidium\/reden\/2022\/20221012-918976<\/a><\/p>\n<p><a href=\"#_ednref10\" name=\"_edn10\">[10]<\/a> <a href=\"https:\/\/germany.representation.ec.europa.eu\/news\/von-der-leyen-im-deutschlandfunk-sanktionen-treffen-putin-ins-mark-2022-03-07_de\">https:\/\/germany.representation.ec.europa.eu\/news\/von-der-leyen-im-deutschlandfunk-sanktionen-treffen-putin-ins-mark-2022-03-07_de<\/a><\/p>\n<p><a href=\"#_ednref11\" name=\"_edn11\">[11]<\/a> <a href=\"https:\/\/www.srf.ch\/news\/international\/putins-spur-des-todes-von-der-leyen-eu-sanktionen-gegen-russland-werden-von-dauer-sein\">https:\/\/www.srf.ch\/news\/international\/putins-spur-des-todes-von-der-leyen-eu-sanktionen-gegen-russland-werden-von-dauer-sein<\/a><\/p>\n<p><a href=\"#_ednref12\" name=\"_edn12\">[12]<\/a> <a href=\"https:\/\/www.fuw.ch\/russland-die-tage-der-russischen-kriegswirtschaft-sind-gezaehlt-924927782940\">https:\/\/www.fuw.ch\/russland-die-tage-der-russischen-kriegswirtschaft-sind-gezaehlt-924927782940<\/a><\/p>\n<p><a href=\"#_ednref13\" name=\"_edn13\">[13]<\/a> <a href=\"https:\/\/www.zdf.de\/nachrichten\/politik\/deutschland\/boris-pistorius-krieg-europa-kommentar-100.html\">https:\/\/www.zdf.de\/nachrichten\/politik\/deutschland\/boris-pistorius-krieg-europa-kommentar-100.html<\/a><\/p>\n<p><a href=\"#_ednref14\" name=\"_edn14\">[14]<\/a> <a href=\"https:\/\/www.finanznachrichten.de\/nachrichten-2025-03\/64955863-geheimdienste-schulen-bundestagsabgeordnete-003.htm\">https:\/\/www.finanznachrichten.de\/nachrichten-2025-03\/64955863-geheimdienste-schulen-bundestagsabgeordnete-003.htm<\/a><\/p>\n<p><a href=\"#_ednref15\" name=\"_edn15\">[15]<\/a> <a href=\"https:\/\/www.n-tv.de\/politik\/Deshalb-hoert-die-NSA-Bundeskanzlerin-Angela-Merkel-und-andere-Politiker-ab-article11621676.html\">https:\/\/www.n-tv.de\/politik\/Deshalb-hoert-die-NSA-Bundeskanzlerin-Angela-Merkel-und-andere-Politiker-ab-article11621676.html<\/a><\/p>\n<p><a href=\"#_ednref16\" name=\"_edn16\">[16]<\/a> <a href=\"https:\/\/dgap.org\/de\/forschung\/publikationen\/die-zukunft-der-us-ukrainehilfe-ist-ungewiss\">https:\/\/dgap.org\/de\/forschung\/publikationen\/die-zukunft-der-us-ukrainehilfe-ist-ungewiss<\/a><\/p>\n<p><a href=\"#_ednref17\" name=\"_edn17\">[17]<\/a> <a href=\"https:\/\/de.euromore.eu\/stoltenberg-nato-ne-vidit-voennyh-ugroz-so-storony-rossii\/\">https:\/\/de.euromore.eu\/stoltenberg-nato-ne-vidit-voennyh-ugroz-so-storony-rossii\/<\/a><\/p>\n<p><a href=\"#_ednref18\" name=\"_edn18\">[18]<\/a> <a href=\"https:\/\/de.wikipedia.org\/wiki\/Christian_M\u00f6lling\">https:\/\/de.wikipedia.org\/wiki\/Christian_M\u00f6lling<\/a><\/p>\n<p><a href=\"#_ednref19\" name=\"_edn19\">[19]<\/a> <a href=\"https:\/\/www1.wdr.de\/nachrichten\/krieg-europa-pistorius-interview-moelling-100.html\">https:\/\/www1.wdr.de\/nachrichten\/krieg-europa-pistorius-interview-moelling-100.html<\/a><\/p>\n<p><a href=\"#_ednref20\" name=\"_edn20\">[20]<\/a> <a href=\"https:\/\/www.zdf.de\/nachrichten\/politik\/ausland\/angriff-russland-putin-nato-verteidigung-100.html\">https:\/\/www.zdf.de\/nachrichten\/politik\/ausland\/angriff-russland-putin-nato-verteidigung-100.html<\/a><\/p>\n<p><a href=\"#_ednref21\" name=\"_edn21\">[21]<\/a> <a href=\"https:\/\/www.swp-berlin.org\/die-swp\/ueber-uns\/grundlegendes\/finanzierung\">https:\/\/www.swp-berlin.org\/die-swp\/ueber-uns\/grundlegendes\/finanzierung<\/a><\/p>\n<p><a href=\"#_ednref22\" name=\"_edn22\">[22]<\/a> <a href=\"https:\/\/www.gmfus.org\/about\">https:\/\/www.gmfus.org\/about<\/a><\/p>\n<p><a href=\"#_ednref23\" name=\"_edn23\">[23]<\/a> <a href=\"https:\/\/lobbypedia.de\/wiki\/Deutsche_Gesellschaft_f\u00fcr_ausw\u00e4rtige_Politik\">https:\/\/lobbypedia.de\/wiki\/Deutsche_Gesellschaft_f\u00fcr_ausw\u00e4rtige_Politik<\/a><\/p>\n<p><a href=\"#_ednref24\" name=\"_edn24\">[24]<\/a> <a href=\"https:\/\/www.politik-kommunikation.de\/personalwechsel\/moelling-wechselt-in-die-bertelsmann-stiftung\/\">https:\/\/www.politik-kommunikation.de\/personalwechsel\/moelling-wechselt-in-die-bertelsmann-stiftung\/<\/a><\/p>\n<p><a href=\"#_ednref25\" name=\"_edn25\">[25]<\/a> <a href=\"https:\/\/dgap.org\/system\/files\/article_pdfs\/DGAP%20Policy%20Brief%20Nr-32_November-2023_11S_2.pdf\">https:\/\/dgap.org\/system\/files\/article_pdfs\/DGAP%20Policy%20Brief%20Nr-32_November-2023_11S_2.pdf<\/a><\/p>\n<p><a href=\"#_ednref26\" name=\"_edn26\">[26]<\/a> <a href=\"https:\/\/prezi.com\/0vgko57bytuo\/opportune-zeugen\/\">https:\/\/prezi.com\/0vgko57bytuo\/opportune-zeugen\/<\/a><\/p>\n<p><a href=\"#_ednref27\" name=\"_edn27\">[27]<\/a> <a href=\"https:\/\/de.wikipedia.org\/wiki\/Carsten_Breuer\">https:\/\/de.wikipedia.org\/wiki\/Carsten_Breuer<\/a><\/p>\n<p><a href=\"#_ednref28\" name=\"_edn28\">[28]<\/a> <a href=\"https:\/\/www.wsws.org\/de\/articles\/2024\/02\/13\/krie-f13.html\">https:\/\/www.wsws.org\/de\/articles\/2024\/02\/13\/krie-f13.html<\/a><\/p>\n<p><a href=\"#_ednref29\" name=\"_edn29\">[29]<\/a> <a href=\"https:\/\/www.bundeswehr.de\/de\/meldungen\/generalinspekteur-zur-zukunft-der-bundeswehr-5661520\">https:\/\/www.bundeswehr.de\/de\/meldungen\/generalinspekteur-zur-zukunft-der-bundeswehr-5661520<\/a><\/p>\n<p><a href=\"#_ednref30\" name=\"_edn30\">[30]<\/a> <a href=\"https:\/\/www.spiegel.de\/politik\/deutschland\/bundestag-zweidrittelmehrheit-fuer-schuldenpaket-von-union-und-spd-a-adf4947e-9284-4c32-8eeb-f347de411f09\">https:\/\/www.spiegel.de\/politik\/deutschland\/bundestag-zweidrittelmehrheit-fuer-schuldenpaket-von-union-und-spd-a-adf4947e-9284-4c32-8eeb-f347de411f09<\/a><\/p>\n<p><a href=\"#_ednref31\" name=\"_edn31\">[31]<\/a> <a href=\"https:\/\/www.telepolis.de\/features\/Was-steckt-hinter-dem-Vorwurf-der-hybriden-Kriegfuehrung-Russlands-in-Europa-10329036.html?seite=all\">https:\/\/www.telepolis.de\/features\/Was-steckt-hinter-dem-Vorwurf-der-hybriden-Kriegfuehrung-Russlands-in-Europa-10329036.html?seite=all<\/a><\/p>\n<p><a href=\"#_ednref32\" name=\"_edn32\">[32]<\/a> <a href=\"https:\/\/jacobin.de\/artikel\/merz-bundeswehr-aufruestung-russland-cdu-militaer-nato.sondervermoegen\">https:\/\/jacobin.de\/artikel\/merz-bundeswehr-aufruestung-russland-cdu-militaer-nato.sondervermoegen<\/a><\/p>\n<p><a href=\"#_ednref33\" name=\"_edn33\">[33]<\/a> <a href=\"https:\/\/de.wikipedia.org\/wiki\/Oreschnik_(Rakete)\">https:\/\/de.wikipedia.org\/wiki\/Oreschnik_(Rakete)<\/a><\/p>\n<p><a href=\"#_ednref34\" name=\"_edn34\">[34]<\/a> <a href=\"https:\/\/archive.ph\/dw9EB\">https:\/\/archive.ph\/dw9EB<\/a><\/p>\n<p><a href=\"#_ednref35\" name=\"_edn35\">[35]<\/a> <a href=\"https:\/\/www.noz.de\/deutschland-welt\/expertentalk\/artikel\/ukraine-krieg-expertenstreit-um-russlands-bedrohung-europas-48452892\">https:\/\/www.noz.de\/deutschland-welt\/expertentalk\/artikel\/ukraine-krieg-expertenstreit-um-russlands-bedrohung-europas-48452892<\/a><\/p>\n<p><a href=\"#_ednref36\" name=\"_edn36\">[36]<\/a> <a href=\"https:\/\/www.n-tv.de\/politik\/Schroeder-nennt-Bedrohung-durch-Russen-absurd-article24480672.html\">https:\/\/www.n-tv.de\/politik\/Schroeder-nennt-Bedrohung-durch-Russen-absurd-article24480672.html<\/a><\/p>\n<p><a href=\"#_ednref37\" name=\"_edn37\">[37]<\/a> <a href=\"https:\/\/www.youtube.com\/watch?v=K95jR2xHKVk\">https:\/\/www.youtube.com\/watch?v=K95jR2xHKVk<\/a><\/p>\n<p><a href=\"#_ednref38\" name=\"_edn38\">[38]<\/a> <a href=\"https:\/\/www.telepolis.de\/features\/Ukraine-Krieg-Abschreckung-und-Sicherheit-Welche-Gefahr-ist-Russland-fuer-Europa-10317383.html?seite=all\">https:\/\/www.telepolis.de\/features\/Ukraine-Krieg-Abschreckung-und-Sicherheit-Welche-Gefahr-ist-Russland-fuer-Europa-10317383.html?seite=all<\/a><\/p>\n<p><a href=\"#_ednref39\" name=\"_edn39\">[39]<\/a> <a href=\"https:\/\/de.euronews.com\/my-europe\/2025\/03\/23\/totale-geldverschwendung-italiens-ex-ministerprasident-conte-wettert-gegen-eu-aufrustungsp\">https:\/\/de.euronews.com\/my-europe\/2025\/03\/23\/totale-geldverschwendung-italiens-ex-ministerprasident-conte-wettert-gegen-eu-aufrustungsp<\/a><\/p>\n<p><a href=\"#_ednref40\" name=\"_edn40\">[40]<\/a> <a href=\"https:\/\/www.achgut.com\/artikel\/die_vollstaendige_muenchner_rede_von_jd_vance_auf_deutsch\">https:\/\/www.achgut.com\/artikel\/die_vollstaendige_muenchner_rede_von_jd_vance_auf_deutsch<\/a><\/p>\n<p><a href=\"#_ednref41\" name=\"_edn41\">[41]<\/a> <a href=\"https:\/\/transition-news.org\/das-andere-wort-zum-sonntag-oder-horen-statt-herrschen\">https:\/\/transition-news.org\/das-andere-wort-zum-sonntag-oder-horen-statt-herrschen<\/a><\/p>\n<p><a href=\"#_ednref42\" name=\"_edn42\">[42]<\/a> <a href=\"http:\/\/www.exploration-production-services.de\/de\/o-offshore.html\">http:\/\/www.exploration-production-services.de\/de\/o-offshore.html<\/a><\/p>\n<p>&nbsp;<\/p>\n<p><span style=\"font-size: 10pt;\">Der Beitrag wurde auch ver\u00f6ffentlicht am 31.03.2025 auf <a href=\"https:\/\/publikumskonferenz.de\/blog\/bedrohungsluegner-kriegsgurgeln-und-hirn-tot-schlaeger\/\" target=\"_blank\" rel=\"noopener\">publikumskonferenz.de<\/a><\/span><\/p>\n<p><strong>Anmerkung der Autoren:<\/strong><\/p>\n<p>Unsere Beitr\u00e4ge stehen zur freien Verf\u00fcgung. Wir schreiben nicht f\u00fcr Honorar, sondern gegen die \u201emediale Massenverbl\u00f6dung\u201c (in memoriam Peter Scholl-Latour). Die Texte werden vom Verein \u201eSt\u00e4ndige Publikumskonferenz \u00f6ffentlich-rechtlicher Medien e.V.\u201c dokumentiert: <a href=\"https:\/\/publikumskonferenz.de\/blog\">https:\/\/publikumskonferenz.de\/blog<\/a><\/p>\n<hr \/>\n<p><span style=\"font-size: 10pt;\">Bild oben: <a href=\"https:\/\/pixabay.com\/de\/illustrations\/europa-flagge-russland-l%C3%A4nder-257893\/\" target=\"_blank\" rel=\"noopener\">pixabay.com<\/a> \/ <a class=\"userName--owby3\" href=\"https:\/\/pixabay.com\/de\/users\/bandvela-143335\/\" target=\"_blank\" rel=\"noopener\">bandvela<\/a> \/ <a href=\"https:\/\/pixabay.com\/de\/service\/license-summary\/\" target=\"_blank\" rel=\"noopener\">Inhaltslizenz<\/a><\/span><\/p>\n<p>&nbsp;<\/p>\n","protected":false},"excerpt":{"rendered":"<p><b>Die Angstmacherei vorm \u201erussischen Angriffskrieg\u201c ist ein fieses Ablenkman\u00f6ver von den westeurop\u00e4ischen Kriegspl\u00e4nen gegen Russland<\/b><br \/>\n<b>Von Friedhelm Klinkhammer und Volker Br\u00e4utigam<\/b><br \/>\nSigmar Gabriel, abgehalfterter Ex (-Vizekanzler, -Au\u00dfenminister, -SPD-Vorsitzender), pisst von der Atlantik-Br\u00fccke (gegen den Wind): \u201eW\u00e4re ich Putin, w\u00fcrde ich schon 2028 kommen.\u201c Zu unserem und der Russen Gl\u00fcck ist er es nicht, sondern blo\u00df ein Sozi aus deren Stahlhelm-Fraktion. Erschwerend kommt hinzu: Er sitzt f\u00fcr fettes Honorar in den Aufsichtsr\u00e4ten kriegswichtiger Unternehmen, zum Beispiel der Deutschen Bank], der Siemens Energy Global, der thyssenkrupp Steel Europe und der Daimler Truck Holding[5]. Kriegs\u00e4ngste sch\u00fcren liegt in deren Gesch\u00e4ftsinteresse. Krieg ist ihr Ersatzbegriff f\u00fcr immensen Profit. Sozis von Gabriels Schlage haben das l\u00e4ngst verinnerlicht.<\/p>\n","protected":false},"author":3,"featured_media":21354,"comment_status":"closed","ping_status":"closed","sticky":false,"template":"","format":"standard","meta":{"colormag_page_container_layout":"default_layout","colormag_page_sidebar_layout":"default_layout","advanced_seo_description":"","jetpack_seo_html_title":"","jetpack_seo_noindex":false,"jetpack_post_was_ever_published":false,"footnotes":""},"categories":[12],"tags":[699,1458,182,1151,1136,1526,2245,1491,223,222,719,639],"class_list":["post-21352","post","type-post","status-publish","format-standard","has-post-thumbnail","hentry","category-demokratie-medien-aufklaerung","tag-aussenpolitik","tag-bedrohung","tag-eu","tag-europa","tag-friedenspolitik","tag-kriegsbeteiligung","tag-kriegsplaene","tag-kriegstreiberei","tag-putin","tag-russland","tag-sanktionen","tag-ukraine-konflikt"],"jetpack_featured_media_url":"https:\/\/i0.wp.com\/www.freidenker.org\/fw17\/wp-content\/uploads\/2025\/04\/europe-257893_800x450.jpg?fit=800%2C450&ssl=1","jetpack_shortlink":"https:\/\/wp.me\/p9stpK-5yo","jetpack-related-posts":[{"id":12356,"url":"https:\/\/www.freidenker.org\/?p=12356","url_meta":{"origin":21352,"position":0},"title":"Ein irrer Propagandafeldzug gegen Russland","author":"Webredaktion","date":"3. M\u00e4rz 2022","format":false,"excerpt":"Ein Kommentar von Wolfgang Bittner Putin sei ein M\u00f6rder, sagte Joe Biden im M\u00e4rz 2021, und Ronald Reagan hatte Russland 1983 kurzerhand zum ''Reich des B\u00f6sen'' erkl\u00e4rt. Damit lie\u00dfen sich alle Aggressionen und Sanktionen gegen ein europ\u00e4isches Land und dessen Pr\u00e4sidenten, der sich den Machtanspr\u00fcchen der USA widersetzte, vor den\u2026","rel":"","context":"In &quot;Demokratie \u2013 Medien \u2013 Aufkl\u00e4rung&quot;","block_context":{"text":"Demokratie \u2013 Medien \u2013 Aufkl\u00e4rung","link":"https:\/\/www.freidenker.org\/?cat=12"},"img":{"alt_text":"","src":"https:\/\/i0.wp.com\/www.freidenker.org\/fw17\/wp-content\/uploads\/2022\/03\/Collage_Screenshots_russland-hass_800x450-1.jpg?fit=800%2C445&ssl=1&resize=350%2C200","width":350,"height":200,"srcset":"https:\/\/i0.wp.com\/www.freidenker.org\/fw17\/wp-content\/uploads\/2022\/03\/Collage_Screenshots_russland-hass_800x450-1.jpg?fit=800%2C445&ssl=1&resize=350%2C200 1x, https:\/\/i0.wp.com\/www.freidenker.org\/fw17\/wp-content\/uploads\/2022\/03\/Collage_Screenshots_russland-hass_800x450-1.jpg?fit=800%2C445&ssl=1&resize=525%2C300 1.5x, https:\/\/i0.wp.com\/www.freidenker.org\/fw17\/wp-content\/uploads\/2022\/03\/Collage_Screenshots_russland-hass_800x450-1.jpg?fit=800%2C445&ssl=1&resize=700%2C400 2x"},"classes":[]},{"id":23613,"url":"https:\/\/www.freidenker.org\/?p=23613","url_meta":{"origin":21352,"position":1},"title":"Plan gegen den Atomkrieg","author":"Webredaktion","date":"21. November 2025","format":false,"excerpt":"US-Analytiker schl\u00e4gt Friedensabkommen mit Putin vor Ein Kommentar von Tilo Gr\u00e4ser. [Es] wird weiter Stimmung gemacht, um einen Krieg gegen Russland zu rechtfertigen. Das geschieht aber nicht nur im Interesse von Selenskyj und Co., sondern auch im Interesse derer in der EU und anderer europ\u00e4ischer Nato-Staaten wie Gro\u00dfbritannien und Norwegen,\u2026","rel":"","context":"In &quot;Frieden - Antifaschismus - Solidarit\u00e4t&quot;","block_context":{"text":"Frieden - Antifaschismus - Solidarit\u00e4t","link":"https:\/\/www.freidenker.org\/?cat=13"},"img":{"alt_text":"","src":"https:\/\/i0.wp.com\/www.freidenker.org\/fw17\/wp-content\/uploads\/2025\/11\/nuclear-explosion-8787177_800x450.jpg?fit=800%2C450&ssl=1&resize=350%2C200","width":350,"height":200,"srcset":"https:\/\/i0.wp.com\/www.freidenker.org\/fw17\/wp-content\/uploads\/2025\/11\/nuclear-explosion-8787177_800x450.jpg?fit=800%2C450&ssl=1&resize=350%2C200 1x, https:\/\/i0.wp.com\/www.freidenker.org\/fw17\/wp-content\/uploads\/2025\/11\/nuclear-explosion-8787177_800x450.jpg?fit=800%2C450&ssl=1&resize=525%2C300 1.5x, https:\/\/i0.wp.com\/www.freidenker.org\/fw17\/wp-content\/uploads\/2025\/11\/nuclear-explosion-8787177_800x450.jpg?fit=800%2C450&ssl=1&resize=700%2C400 2x"},"classes":[]},{"id":1272,"url":"https:\/\/www.freidenker.org\/?p=1272","url_meta":{"origin":21352,"position":2},"title":"Russland lehnt neuen R\u00fcstungswettlauf ab","author":"Webredaktion","date":"23. Dezember 2016","format":false,"excerpt":"Russlands Pr\u00e4sident Wladimir Putin hat sich gegen ein neues Wettr\u00fcsten ausgesprochen. Das sagte Klaus Hartmann, Vorsitzender des Deutschen Freidenker-Verbandes, am Freitag in einer Stellungnahme zu Putins Jahrespressekonferenz. \u201eDie Stationierung des Raketenabwehrschilds zu Lande und auf See mit dem Aegis-System, welches die M\u00f6glichkeit schafft, atomare Mittelstreckenraketen abzuschie\u00dfen, verletzt den INF-Vertrag. Es\u2026","rel":"","context":"In &quot;Frieden - Antifaschismus - Solidarit\u00e4t&quot;","block_context":{"text":"Frieden - Antifaschismus - Solidarit\u00e4t","link":"https:\/\/www.freidenker.org\/?cat=13"},"img":{"alt_text":"","src":"https:\/\/i0.wp.com\/www.freidenker.org\/fw17\/wp-content\/uploads\/2016\/12\/putin-2847423_800x445.jpg?fit=800%2C445&ssl=1&resize=350%2C200","width":350,"height":200,"srcset":"https:\/\/i0.wp.com\/www.freidenker.org\/fw17\/wp-content\/uploads\/2016\/12\/putin-2847423_800x445.jpg?fit=800%2C445&ssl=1&resize=350%2C200 1x, https:\/\/i0.wp.com\/www.freidenker.org\/fw17\/wp-content\/uploads\/2016\/12\/putin-2847423_800x445.jpg?fit=800%2C445&ssl=1&resize=525%2C300 1.5x, https:\/\/i0.wp.com\/www.freidenker.org\/fw17\/wp-content\/uploads\/2016\/12\/putin-2847423_800x445.jpg?fit=800%2C445&ssl=1&resize=700%2C400 2x"},"classes":[]},{"id":18128,"url":"https:\/\/www.freidenker.org\/?p=18128","url_meta":{"origin":21352,"position":3},"title":"\u201ePutin \u00e4hnelt f\u00fcr mich bis aufs Haar Hitler\u201c","author":"Webredaktion","date":"10. Februar 2024","format":false,"excerpt":"Ein polnisch-deutscher Dialog zur politischen Lage \u2013 der Briefwechsel eines polnischen Wissenschaftlers mit dem Schriftsteller Wolfgang Bittner. Zur Einordnung dieses Briefwechsels schreibt Wolfgang Bittner: \u201eAus der Zeit, als ich Gastprofessor in Polen war, gibt es noch einige Kontakte. Sie sind leider br\u00fcchig geworden, weil die Indoktrination der Bev\u00f6lkerung auch vor\u2026","rel":"","context":"In &quot;Demokratie \u2013 Medien \u2013 Aufkl\u00e4rung&quot;","block_context":{"text":"Demokratie \u2013 Medien \u2013 Aufkl\u00e4rung","link":"https:\/\/www.freidenker.org\/?cat=12"},"img":{"alt_text":"","src":"https:\/\/i0.wp.com\/www.freidenker.org\/fw17\/wp-content\/uploads\/2024\/02\/Poster_Heil_Putler_Prague_800x450.jpg?fit=800%2C450&ssl=1&resize=350%2C200","width":350,"height":200,"srcset":"https:\/\/i0.wp.com\/www.freidenker.org\/fw17\/wp-content\/uploads\/2024\/02\/Poster_Heil_Putler_Prague_800x450.jpg?fit=800%2C450&ssl=1&resize=350%2C200 1x, https:\/\/i0.wp.com\/www.freidenker.org\/fw17\/wp-content\/uploads\/2024\/02\/Poster_Heil_Putler_Prague_800x450.jpg?fit=800%2C450&ssl=1&resize=525%2C300 1.5x, https:\/\/i0.wp.com\/www.freidenker.org\/fw17\/wp-content\/uploads\/2024\/02\/Poster_Heil_Putler_Prague_800x450.jpg?fit=800%2C450&ssl=1&resize=700%2C400 2x"},"classes":[]},{"id":18449,"url":"https:\/\/www.freidenker.org\/?p=18449","url_meta":{"origin":21352,"position":4},"title":"Deutschland vor dem drohenden Krieg \u2013 ein Trauerspiel","author":"Webredaktion","date":"3. M\u00e4rz 2024","format":false,"excerpt":"Beitrag von Wolfgang Bittner Seit einigen Monaten muss ich mich vorsehen, nicht depressiv zu werden. Wenn ich in die Zeitungen schaue, Rundfunk h\u00f6re oder den Fernseher anstelle, \u00fcberkommt mich ein Gef\u00fchl des Ausgeliefertseins an dunklen M\u00e4chte, die ich mittlerweile benennen kann. Aber dar\u00fcber vermag ich nur noch mit wenigen Menschen\u2026","rel":"","context":"In &quot;Frieden - Antifaschismus - Solidarit\u00e4t&quot;","block_context":{"text":"Frieden - Antifaschismus - Solidarit\u00e4t","link":"https:\/\/www.freidenker.org\/?cat=13"},"img":{"alt_text":"","src":"https:\/\/i0.wp.com\/www.freidenker.org\/fw17\/wp-content\/uploads\/2024\/03\/German_army_soldiers_Noble_Partner_18_at_Georgia_800x450.jpg?fit=800%2C450&ssl=1&resize=350%2C200","width":350,"height":200,"srcset":"https:\/\/i0.wp.com\/www.freidenker.org\/fw17\/wp-content\/uploads\/2024\/03\/German_army_soldiers_Noble_Partner_18_at_Georgia_800x450.jpg?fit=800%2C450&ssl=1&resize=350%2C200 1x, https:\/\/i0.wp.com\/www.freidenker.org\/fw17\/wp-content\/uploads\/2024\/03\/German_army_soldiers_Noble_Partner_18_at_Georgia_800x450.jpg?fit=800%2C450&ssl=1&resize=525%2C300 1.5x, https:\/\/i0.wp.com\/www.freidenker.org\/fw17\/wp-content\/uploads\/2024\/03\/German_army_soldiers_Noble_Partner_18_at_Georgia_800x450.jpg?fit=800%2C450&ssl=1&resize=700%2C400 2x"},"classes":[]},{"id":20407,"url":"https:\/\/www.freidenker.org\/?p=20407","url_meta":{"origin":21352,"position":5},"title":"Rede im O-Ton: Putin k\u00fcndigt Angriffe an","author":"Webredaktion","date":"24. November 2024","format":false,"excerpt":"Beitrag von Thomas R\u00f6per Am Donnerstag wurde gemeldet, dass Russland angeblich mit einer ballistischen Rakete ein Ziel in der Ukraine angegriffen hat. Wie sich nun herausstellt, war das eine neue, bisher geheime Hyperschallwaffe, die Russland als Warnung an den Westen eingesetzt hat. Das hat der russische Pr\u00e4sident Putin in seiner\u2026","rel":"","context":"In &quot;Demokratie \u2013 Medien \u2013 Aufkl\u00e4rung&quot;","block_context":{"text":"Demokratie \u2013 Medien \u2013 Aufkl\u00e4rung","link":"https:\/\/www.freidenker.org\/?cat=12"},"img":{"alt_text":"","src":"https:\/\/i0.wp.com\/www.freidenker.org\/fw17\/wp-content\/uploads\/2024\/11\/putin-ansprache_800x450.jpg?fit=800%2C450&ssl=1&resize=350%2C200","width":350,"height":200,"srcset":"https:\/\/i0.wp.com\/www.freidenker.org\/fw17\/wp-content\/uploads\/2024\/11\/putin-ansprache_800x450.jpg?fit=800%2C450&ssl=1&resize=350%2C200 1x, https:\/\/i0.wp.com\/www.freidenker.org\/fw17\/wp-content\/uploads\/2024\/11\/putin-ansprache_800x450.jpg?fit=800%2C450&ssl=1&resize=525%2C300 1.5x, https:\/\/i0.wp.com\/www.freidenker.org\/fw17\/wp-content\/uploads\/2024\/11\/putin-ansprache_800x450.jpg?fit=800%2C450&ssl=1&resize=700%2C400 2x"},"classes":[]}],"_links":{"self":[{"href":"https:\/\/www.freidenker.org\/index.php?rest_route=\/wp\/v2\/posts\/21352","targetHints":{"allow":["GET"]}}],"collection":[{"href":"https:\/\/www.freidenker.org\/index.php?rest_route=\/wp\/v2\/posts"}],"about":[{"href":"https:\/\/www.freidenker.org\/index.php?rest_route=\/wp\/v2\/types\/post"}],"author":[{"embeddable":true,"href":"https:\/\/www.freidenker.org\/index.php?rest_route=\/wp\/v2\/users\/3"}],"replies":[{"embeddable":true,"href":"https:\/\/www.freidenker.org\/index.php?rest_route=%2Fwp%2Fv2%2Fcomments&post=21352"}],"version-history":[{"count":2,"href":"https:\/\/www.freidenker.org\/index.php?rest_route=\/wp\/v2\/posts\/21352\/revisions"}],"predecessor-version":[{"id":21362,"href":"https:\/\/www.freidenker.org\/index.php?rest_route=\/wp\/v2\/posts\/21352\/revisions\/21362"}],"wp:featuredmedia":[{"embeddable":true,"href":"https:\/\/www.freidenker.org\/index.php?rest_route=\/wp\/v2\/media\/21354"}],"wp:attachment":[{"href":"https:\/\/www.freidenker.org\/index.php?rest_route=%2Fwp%2Fv2%2Fmedia&parent=21352"}],"wp:term":[{"taxonomy":"category","embeddable":true,"href":"https:\/\/www.freidenker.org\/index.php?rest_route=%2Fwp%2Fv2%2Fcategories&post=21352"},{"taxonomy":"post_tag","embeddable":true,"href":"https:\/\/www.freidenker.org\/index.php?rest_route=%2Fwp%2Fv2%2Ftags&post=21352"}],"curies":[{"name":"wp","href":"https:\/\/api.w.org\/{rel}","templated":true}]}}