{"id":21331,"date":"2025-03-31T22:32:49","date_gmt":"2025-03-31T20:32:49","guid":{"rendered":"https:\/\/www.freidenker.org\/?p=21331"},"modified":"2025-05-19T14:12:40","modified_gmt":"2025-05-19T12:12:40","slug":"wann-und-wie-begann-der-krieg-in-der-ukraine","status":"publish","type":"post","link":"https:\/\/www.freidenker.org\/?p=21331","title":{"rendered":"Wann und wie begann der Krieg in der Ukraine?"},"content":{"rendered":"<p><em>von <strong>Patrik Baab<\/strong><\/em><\/p>\n<p>Aus:\u00a0\u201e<a href=\"https:\/\/www.freidenker.org\/?p=21258\">FREIDENKER\u201c Nr. 1-25<\/a>, M\u00e4rz 2025, S. 39-48, 84. Jahrgang<\/p>\n<p>Wer nichts wei\u00df, muss viel glauben. Von der Ukraine wissen die Menschen in Deutschland meist wenig. Genau hier setzt die Propaganda an. Lassen Sie dabei zun\u00e4chst einmal das hinter sich, was ihnen die Leitmedien tagt\u00e4g\u00adlich vorsetzen. Folgen Sie mir einen Augen\u00adblick im Versuch, die Propaganda der Presse von den Tatsachen zu trennen. Denn es gibt, wie sich Franz Josef Strau\u00df einmal aus\u00adgedr\u00fcckt hat, \u201eeine normative Kraft des Faktischen, aber keine faktenersetzende Kraft des Phraseologischen\u201c.<\/p>\n<h5>Der ukrainische B\u00fcrgerkrieg nach dem Staatsstreich auf dem Maidan<\/h5>\n<p>Westliche Beobachter sehen die Ereignisse auf dem Maidan in Kiew im Winter 2013\/2014 als ein Scheideweg zwischen einer Diktatur nach dem Vorbild von Belarus oder dem Sturz des Pr\u00e4sidenten Janukowitsch. Sie betrachten den Maidan als Revolution, als Transformation von unten, die zu einer Demokratie mit mancherlei M\u00e4ngeln gef\u00fchrt habe, in der aber \u201evolle Meinungsfreiheit herrscht\u201c.<\/p>\n<p>Wenn die Augenzeugen vom Maidan, mit denen ich gesprochen habe, dies h\u00f6ren, k\u00f6nnen sie nur sarkastisch lachen. Denn die Wahrheit klingt ganz anders. Wer aber die Wahrheit \u00fcber den Maidan in Deutschland berichtet, wird zensiert, mit Berufsverbot belegt und wird \u2013 mit Duldung deutscher Beh\u00f6rden und der deutschen Justiz \u2013 vom ukrainischen Geheimdienst bedroht. Mit allen drei Ma\u00dfnahmen werde ich auch \u00fcberzogen.<\/p>\n<p>\u00dcber die tats\u00e4chlichen Ereignisse schreibe ich in meinem Buch \u201eAuf beiden Seiten der Front\u201c.<\/p>\n<p>Zusammen mit R\u00e9gis Le Sommier<a href=\"#_ftn1\" name=\"_ftnref1\"><sup>[1]<\/sup><\/a> geh\u00f6re ich zu den wenigen, die auf beiden Seiten dieses Krieges recherchiert haben.<a href=\"#_ftn2\" name=\"_ftnref2\"><sup>[2]<\/sup><\/a><\/p>\n<p>In der Folge wurde ich von T-Online und von meinem eigenen Sender, dem NDR, als Wahlbeobachter Putins bei den Referenden im Donbass im September 2022 hingestellt, der NDR wollte arbeitsrechtliche Schritte einleiten, und der ukrainische Geheimdienst setzte mich auf die Todesliste \u201eMirotworez\u201c. In Deutschland steht heute die Wahrheit unter Strafe, die Presse ist zur Propaganda-Kompanie der NATO verkommen, und das akademische Prekariat pr\u00e4sentiert sich als Tr\u00e4ger der Zensur.<\/p>\n<p>Wer es vorzieht, eine wissenschaftliche Studie zu Rate zu ziehen, dem empfehle ich die Studie von Ivan Katchanovski von der Universit\u00e4t Ottawa. Aufgrund gr\u00fcndlicher Auswertung der Obduktionsberichte, der Ge\u00adrichtsprotokolle, der Augenzeugenberichte und der ballistischen Untersuchungen kommt er zu dem Ergebnis, dass die Morde auf dem Maidan eine Inszenierung ukrainischer Faschisten und westlicher Regierungen war, um eine demokratisch gew\u00e4hlte Regierung zu st\u00fcrzen und einen pro-westlichen Regime\u00adwechsel herbeizuf\u00fchren.<a href=\"#_ftn3\" name=\"_ftnref3\"><sup>[3]<\/sup><\/a><\/p>\n<p>Er sieht im Geschehen auf dem Maidan 2014 die Ursache f\u00fcr den Beginn des B\u00fcr\u00adgerkriegs im Donbass, f\u00fcr die russischen Inter\u00adventionen auf der Krim und im Donbass, f\u00fcr den Anschluss der Krim an Russland und die Eskalation des Konflikts zwischen Russland und dem Westen mitsamt dem Einmarsch und dem Krieg mit der Ukraine seit 2022.<\/p>\n<p>Demonstranten wurden in sog. Tech Camps von US-Nichtregierungsorganisatio\u00adnen und der US-Botschaft auf die Organisa\u00adtion von Massenprotesten \u00fcber die Sozialen Medien vorbereitet. Nichtregierungsorga\u00adnisationen wurden von USAID, US-Stif\u00adtungen sowie polnischen und litauischen Di\u00adplomaten bezahlt. Die Demonstranten erhiel\u00adten Thermo-Unterw\u00e4sche, Essen, Zelte, Heiz\u00adk\u00f6rper, Tischtennis-Platten. Sie wurden im 14-t\u00e4gigen Wechsel auf den Maidan gebracht und wieder abgel\u00f6st. F\u00fcr ihre Anwesenheit erhielten sie Geld in H\u00f6he des doppelten Durchschnittslohns. Die Waffen auf dem Maidan stammten aus der Pl\u00fcnderung polizeilicher Waffenlager in der West-Ukra\u00adine, namentlich Lwow und Iwano-Fran\u00adkowsk, wo die rechtsextreme Swoboda-Partei besonders stark war. Der US-Historiker Niko\u00adlai N. Petro hat dargelegt, dass Rechtsextre\u00admisten und Faschisten in der Westukraine die Entfesselung eines B\u00fcrgerkriegs planten, falls der Putsch auf dem Maidan nicht zum gew\u00fcnschten Ziel, dem Sturz des Pr\u00e4sidenten Janukowitsch und seiner Regie\u00adrung f\u00fchren sollte.<\/p>\n<p>\u201eW\u00e4hrend des Maidan\u201c, so Nicolai Petro, \u201eh\u00e4ufte der Rechte Sektor ein gro\u00dfes Arsenal an Waffen an und versammelte ungef\u00e4hr 10.000 K\u00e4mpfer. Die Aufstellung von Frei\u00adwilligenbataillonen war keine Antwort auf einen russischen Einmarsch, sondern spiegel\u00adte die vorangegangene \u00dcberlegung, dass Gewalt n\u00f6tig sein w\u00fcrde, den Umsturz zu konsolidieren und zu verteidigen. Wie es der Sprecher des Rechten Sektors unmittelbar vor Janukowitschs Amtsenthebung ausdr\u00fcckte, \u201eunsere Gruppe ist vollst\u00e4ndig dazu in der Lage, einen B\u00fcrgerkrieg durchzuk\u00e4mpfen.\u201c<a href=\"#_ftn4\" name=\"_ftnref4\"><sup>[4]<\/sup><\/a> Das bedeutet: Auch im Falle eines Scheiterns auf dem Maidan waren galizische Ultra\u00adnationalisten bereit, mit Waffengewalt einen Umsturz zu erzwingen.<\/p>\n<p>Wie stark die Unterst\u00fctzung des Westens f\u00fcr die Putschisten auf dem Maidan war, belegt nicht nur das abgeh\u00f6rte und am 04.02.2014 ver\u00f6ffentliche Telefonat zwischen Victoria J. Nuland, Staatssekret\u00e4rin f\u00fcr Europa und Eurasien im US-Au\u00dfenministerium, und dem Botschafter der USA in der Ukraine Geoffrey R. Pyatt. Abgesehen von der Abwertung der Europ\u00e4er \u2013 \u201eFuck the EU\u201c \u2013 machte das Gespr\u00e4ch deutlich, dass Washington auf einen Umsturz hinarbeitete und den Oppositionsf\u00fchrer Jazenjuk an die Macht bringen wollte. Bereits am 13. Dezember 2013 erkl\u00e4rte Nuland vor der U.S.-Ukraine-Stiftung, die USA h\u00e4tten mehr als 5 Mrd. Dollar in die Kr\u00e4fte des Umsturzes investiert. N\u00e4here Informationen gab Nuland bei einer Befragung im US-Kongress am 09.05.2014, bei der auch das Auftreten von Faschisten auf dem Maidan zur Sprache kam.<a href=\"#_ftn5\" name=\"_ftnref5\"><sup>[5]<\/sup><\/a><\/p>\n<p>Nach russischen Angaben flossen dem Maidan w\u00f6chentlich allein an direkten Geldmitteln 20 Mio. Dollar zu. Dabei waren USA und EU kontinuierlich in Kontakt mit Rechtsextremisten und Faschisten. Ivan Katchanovski berichtet, dass wie auf dem Basar die Zahl der Morde verhandelt worden sei, die man f\u00fcr erforderlich hielt, damit die westlichen Regierungen den gew\u00e4hlten Pr\u00e4sidenten Janukowitsch zwingen, sein Amt aufzugeben. Man einigte sich auf etwa 100, und so kam es auch.<a href=\"#_ftn6\" name=\"_ftnref6\"><sup>[6]<\/sup><\/a> Eine solche Einmi\u00adschung in die inneren Angelegenheiten eines anderen Staates verletzt das Interven\u00adtionsverbot und ist damit v\u00f6lkerrechtswidrig.<\/p>\n<p>Damit begann die erste Phase des Ukraine-Krieges \u2013 die B\u00fcrgerkriegs-Phase. Bereits Mitte M\u00e4rz 2014 waren auf ukrainischer Seite US-S\u00f6ldner der Sicherheitsfirma Academi, vormals Blackwater, im Donbass aktiv. Damit waren die USA vom ersten Augenblick an beim Konflikt im Donbass dabei. Die Entsendung von S\u00f6ldnern verletzt das Gewaltverbot nach Art 2 Nr. 4 der UN-Charta und ist damit v\u00f6lkerrechtswidrig.<\/p>\n<p>Die Welle der Gewalt auf dem Maidan, der gewaltsame Umsturz und marodierende ultranationalistische und rechtsextremistische Horden in der gesamten Ukraine f\u00fchrten dazu, dass die russischst\u00e4mmige Bev\u00f6lkerung in der Ostukraine zusammen mit der \u00f6rtlichen Polizei und \u00fcbergelaufenen ukrainischen Soldaten Selbstverteidigungs-Milizen aufbau\u00adte und eigene staatliche Strukturen schuf. Ab Mitte April 2014 wurden sie unterst\u00fctzt von Freiwilligen um den ehemaligen FSB-Offizier Igor Girkin, genannt \u201eStrelkow\u201c. Als Reak\u00adtion auf die Beteiligung von US-S\u00f6ldnern schickte der russische Generalstab das \u201eSlavianski Korps\u201c das den Aufst\u00e4ndischen beispringen sollte. Wagner wurde nach Anga\u00adben des US-Milit\u00e4ranalysten Scott Ritter am 1. Mai 2014 in Donezk gegr\u00fcndet.<a href=\"#_ftn7\" name=\"_ftnref7\"><sup>[7]<\/sup><\/a><\/p>\n<p>Bereits im April startete die Zentral\u00adregierung in Kiew die sog. Anti-Terror-Operation gegen die Aufst\u00e4ndischen im Donbass. Am 6. April 2014 ordnete der ukrainische \u00dcbergangspr\u00e4sident Aleksandr W. Turtschinow die Einrichtung eines \u201eAnti\u00adkrisenstabes\u201c an, um \u201egegen alle mit anti-terroristischen Ma\u00dfnahmen vorzugehen, die eine Waffe in die Hand nehmen\u2026\u201c<a href=\"#_ftn8\" name=\"_ftnref8\"><sup>[8]<\/sup><\/a> Dies stand in Zusammenhang mit der Besetzung von Verwaltungsgeb\u00e4uden in Charkow, Donezk und Lugansk durch prorussische Aktivisten. Der 6. April markiert also den Beginn des Krieges im Donbass durch die Putschregierung in Kiew. Am 2. Mai und am 08. Mai 2014 kam es in Odessa und Mariupol zu Massakern durch rechtsextremistische Paramilit\u00e4rs.<\/p>\n<p>Am 07. Und am 27. April 2014 riefen die Separatisten in Donezk und Lugansk eigene Volksrepubliken aus. Im Mai 2014 f\u00fchrten die Aufst\u00e4ndischen in den von ihnen beherr\u00adschten Gebieten Referenden \u00fcber eine weit\u00adgehende Unabh\u00e4ngigkeit bzw. die Selbst\u00adst\u00e4ndigkeit durch. Putin hatte davon abge\u00adraten. Solche Sezessionen sind v\u00f6lkerrechtlich umstritten, aber durch die Charta der Ver\u00adeinten Nationen und durch das V\u00f6lkerrecht grunds\u00e4tzlich auch gegen den Willen des Mutterlandes rechtlich m\u00f6glich. So nahm der Internationale Gerichtshof in Den Haag am 22.07.2010 zur einseitigen Unabh\u00e4ngigkeits\u00aderkl\u00e4rung des Kosovo Stellung: Der Pr\u00e4sident erkl\u00e4rte: \u201eDas internationale Recht kennt kein Verbot von Unabh\u00e4ngigkeitserkl\u00e4rungen.\u201c<a href=\"#_ftn9\" name=\"_ftnref9\"><sup>[9]<\/sup><\/a><\/p>\n<p>Der v\u00f6lkerrechtwidrige Angriffskrieg wurde also nicht ausgel\u00f6st durch die Russische F\u00f6deration im Februar 2024, sondern durch die Ukraine im April 2014. Auch US-Pr\u00e4sident Trump hat am 19.02.2025 auf seiner Social-Media-Plattform Truth Social best\u00e4tigt, dass die Ukraine den Krieg begonnen hat.<a href=\"#_ftn10\" name=\"_ftnref10\"><sup>[10]<\/sup><\/a> Bis Ende 2021 waren nach Angaben internationaler Organisationen dabei mehr als 14.000 Menschen get\u00f6tet worden, darunter 3.400 Zivilisten.<a href=\"#_ftn11\" name=\"_ftnref11\"><sup>[11]<\/sup><\/a> Die OSZE gelangte zu dem Urteil, dass 75% der zivilen Opfer auf das Konto der ukrainischen Armee gingen.<a href=\"#_ftn12\" name=\"_ftnref12\"><sup>[12]<\/sup><\/a> Dies stellt einen V\u00f6lkermord dar und ist nach der Konvention \u00fcber die Verh\u00fctung und Bestrafung des V\u00f6lkermords von 1948 ein Straftatbestand.<a href=\"#_ftn13\" name=\"_ftnref13\"><sup>[13]<\/sup><\/a><\/p>\n<p>Putin erkannte die Republiken Donezk und Luhansk bis Februar 2022 nicht an. Offensichtlich wollte er sich nicht in den Konflikt tiefer hineinziehen lassen. Allerdings unterst\u00fctzte Russland die Separatisten logis\u00adtisch, wirtschaftlich und mit Waffenlie\u00adferungen. Das Ausma\u00df direkter milit\u00e4rischer Beteiligung ist nicht gekl\u00e4rt. Der Milit\u00e4r-Analyst Jacques Baud geht davon aus, dass es kein Eingreifen regul\u00e4rer russischer Verb\u00e4nde gegeben habe.<a href=\"#_ftn14\" name=\"_ftnref14\"><sup>[14]<\/sup><\/a><\/p>\n<p>Umgekehrt r\u00fcstete die NATO die Ukraine seit dem Putsch auf dem Maidan massiv auf. Durch gemeinsame Milit\u00e4rman\u00f6ver und US-Ausbildern sollte m\u00f6glichst schnell \u201eInter-Operabilit\u00e4t\u201c erreicht werden.<\/p>\n<p>G\u00fcnter Verheugen, langj\u00e4hriger EU-Kom\u00admissar und 2004-2010 Vizepr\u00e4sident der Europ\u00e4ischen Kommission: Im Ukraine-Krieg \u201egeht es nicht darum, was f\u00fcr die Ukraine das Beste ist. Es geht vielmehr um die strategische Schw\u00e4chung Russlands.\u201c<a href=\"#_ftn15\" name=\"_ftnref15\"><sup>[15]<\/sup><\/a><\/p>\n<h5>Bruderkrieg: der ukrainisch-russische Konflikt<\/h5>\n<p>Am 21.02.2022 hat Russland die neu entstandenen Staaten DNR und LNR anerkannt. Dabei sah sich Moskau im Ein\u00adklang mit dem V\u00f6lkerrecht. Mit anerkannten Staaten k\u00f6nnen v\u00f6lkerrechtlich verbindliche Vertr\u00e4ge abgeschlossen werden, auch \u00fcber gegenseitige Beistandsverpflichtungen. Damit gab auch Moskau die Abkommen Minsk I und Minsk II auf, die nach Darstellung der fr\u00fcheren Bundeskanzlerin Angela Merkel und des fr\u00fcheren franz\u00f6sischen Pr\u00e4sidenten Hollande lediglich dazu gedient hatten, der Ukraine Zeit zur Aufr\u00fcstung zu verschaffen. Sie waren durch UN-Beschluss v\u00f6lkerrecht\u00adlich verbindlich. Der ehemalige Generalin\u00adspekteur der Bundeswehr General Harald Kujat spricht deshalb von einem eindeutigen Bruch des V\u00f6lkerrechts.<a href=\"#_ftn16\" name=\"_ftnref16\"><sup>[16]<\/sup><\/a><\/p>\n<p>Der fr\u00fchere US-Waffeninspektor Oberst a.D. Scott Ritter bewertet: \u201e\u2026die Ukraine und ihre westlichen Partner kauften einfach Zeit, bis die NATO ein ukrainisches Milit\u00e4r aufbauen konnte, das den Donbass in seiner G\u00e4nze einnehmen und Russland von der Krim vertreiben konnte.\u201c<a href=\"#_ftn17\" name=\"_ftnref17\"><sup>[17]<\/sup><\/a><\/p>\n<p>Allerdings gibt es auch direkte Ursachen f\u00fcr den Beginn der zweiten Phase des Ukraine-Krieges am 24. Februar 2022. Die ukrainische Truppenst\u00e4rke im Donbass betrug 2015 121.500 Mann. Bis Februar 2022 wuchs die Zahl der Soldaten auf 209.000 Mann. Mit den Reservisten hatte die Ukraine 1.198.600 Mann unter Waffen.<a href=\"#_ftn18\" name=\"_ftnref18\"><sup>[18]<\/sup><\/a><\/p>\n<p>Der fr\u00fchere US-Au\u00dfenminister Antony Blinken machte im Dezember in einem Interview mit dem New York Times Magazine deutlich, dass die USA mit einem Krieg gerechnet und deshalb die Ukraine im September und Dezember 2021 heimlich massiv aufger\u00fcstet haben.<a href=\"#_ftn19\" name=\"_ftnref19\"><sup>[19]<\/sup><\/a><\/p>\n<p>Damit hat die Biden-Administration den Krieg bewusst herbeigef\u00fchrt, statt auf das Verhandlungsangebot des Kremls einzu\u00adgehen. Ukrainische Milit\u00e4rs berichten, dass die Ukraine einen Angriff auf den Donbass geplant hat.<a href=\"#_ftn20\" name=\"_ftnref20\"><sup>[20]<\/sup><\/a><\/p>\n<p>Das best\u00e4tigt auch der neue US-Pr\u00e4sident. Donald Trump zu Selenskij w\u00f6rtlich: \u201eDu h\u00e4ttest den Krieg niemals anfangen d\u00fcrfen. Du h\u00e4ttest einen Deal bekommen k\u00f6nnen.\u201c<a href=\"#_ftn21\" name=\"_ftnref21\"><sup>[21]<\/sup><\/a><\/p>\n<p>Bereits am 20.09.2018 stimmte das ukrai\u00adnische Parlament Verfassungs\u00e4nderun\u00adgen zu, die den Beitritt des Landes zu NATO und EU zum wichtigsten au\u00dfenpolitischen Ziel ma\u00adchen sollte. Am 07.02.2019 wurde der NATO-Beitritt in der Verfassung verankert.<\/p>\n<p>Ab 2014 verabschiedete die Ukraine Spra\u00adchengesetze, die das Verbot russischer Filme und der Einfuhr russischer Schriften vorsa\u00adhen, Sprachquoten f\u00fcr Sender einf\u00fchrten, die Verwendung des Russischen an Schulen schrittweise abschaffen und alle Bereiche des staatlichen und \u00f6ffentlichen Lebens auf die ukrainische Sprache verpflichten sollten. Alle diese Ma\u00dfnahmen waren v\u00f6lkerrechts\u00adwidrig.<a href=\"#_ftn22\" name=\"_ftnref22\"><sup>[22]<\/sup><\/a> Inzwischen sind Denkm\u00e4ler und Stra\u00dfennamen russischer Dichter und Denker durch die Namen von Faschisten wie Stepan Bandera ersetzt, B\u00fccherverbrennungen finden statt.<\/p>\n<p>Am 24. M\u00e4rz 2021 unterschrieb Pr\u00e4sident Selenskij eine neue Milit\u00e4rdoktrin, die Russland zum Hauptfeind erkl\u00e4rte und auf die R\u00fcckeroberung der Krim und des Donbass hinauslief. Daraufhin zog auch Russland Streitkr\u00e4fte an den Grenzen zur Ukraine zusammen. Am 31.08.2021 schlossen die USA und die Ukraine ein Strategisches Verteidigungsabkommen. Es folgte am 10.11.2021 ein bilaterales Abkommen \u00fcber strategische Partnerschaft mit einer scharfen antirussischen Sto\u00dfrichtung.<\/p>\n<p>Am 15.12.2021 startete Moskau einen letzten Versuch zur Verhinderung der Eska\u00adlation. Konkret schlug Russland ein Abkom\u00admen in einem v\u00f6lkerrechtlich verbindlichen Vertrag vor, das vom Prinzip der unteilbaren Sicherheit ausgeht, den Verzicht auf die Nutzung fremder Territorien, um einen \u00dcberfall auf die USA oder Russland zu begin\u00adnen; Verzicht auf die Durchf\u00fchrung milit\u00e4\u00adrischer Handlungen der NATO in der Ukraine, Verzicht auf eine weitere Ausdeh\u00adnung der NATO nach Osten und Verzicht der NATO auf die Stationierung von Waffen und\u00a0Milit\u00e4r in jenen L\u00e4ndern, die das B\u00fcndnis nach 1997 aufgenommen hat.<\/p>\n<p>NATO-Generalsekret\u00e4r Jens Stoltenberg erkl\u00e4rte am 07.09.2023 vor dem Europ\u00e4ischen Parlament, Putin habe im Herbst 2021 einen Vertragsentwurf geschickt, \u201eden sie von der NATO unterzeichnen lassen wollten, den Verzicht auf weitere NATO-Erweiterungen zu versprechen\u2026 Und das war eine Voraussetzung daf\u00fcr, nicht in die Ukraine einzumarschieren. Das haben wir nat\u00fcrlich nicht unterschrieben\u2026 Also zog er in den Krieg, um die NATO, noch mehr NATO, in der N\u00e4he seiner Grenzen zu verhindern.\u201c<a href=\"#_ftn23\" name=\"_ftnref23\"><sup>[23]<\/sup><\/a> Stoltenberg benennt hier den wahren Kriegsgrund: Die Osterweiterung der NATO gegen alle anderslautenden Zusagen.<\/p>\n<p>Entscheidend f\u00fcr den russischen Einmarsch im Februar 2022, so der Politologe John J. Mearsheimer von der Universit\u00e4t Chicago, sind die USA und die NATO. Er schreibt, \u201edass die USA und ihre Verb\u00fcndeten den Krieg provoziert haben.\u00a0Damit soll nat\u00fcrlich nicht geleugnet werden, dass Russland in die Ukraine einmarschiert ist und den Krieg begonnen hat. Die Hauptursache des Kon\u00adflikts ist jedoch die Entscheidung der NATO, die Ukraine in das B\u00fcndnis aufzunehmen, was praktisch von allen russischen politischen F\u00fchrern als existenzielle Bedrohung ange\u00adsehen wird, die beseitigt werden muss.<\/p>\n<p>Die NATO-Erweiterung ist jedoch Teil einer umfassenderen Strategie, die darauf abzielte, die Ukraine zu einem westlichen Bollwerk an der Grenze zu Russland zu machen. Kiew in die Europ\u00e4ische Union (EU) zu bringen und eine Farbrevolution in der Ukraine zu f\u00f6rdern \u2013 sie also in eine prowestliche liberale Demokratie zu verwan\u00addeln \u2013 sind die beiden anderen S\u00e4ulen dieser Politik. Die russische F\u00fchrung f\u00fcrchtet alle drei S\u00e4ulen, aber sie f\u00fcrchtet die NATO-Er\u00adweiterung am meisten. Um dieser Bedrohung zu begegnen, hat Russland am 24. Februar 2022 einen Pr\u00e4ventivkrieg begonnen.\u201c<a href=\"#_ftn24\" name=\"_ftnref24\"><sup>[24]<\/sup><\/a><\/p>\n<p>Daf\u00fcr nennt er sieben Gr\u00fcnde:<\/p>\n<ol>\n<li>Es gibt keine Beweise aus der Zeit vor dem 24.02.2022, dass Putin die Ukraine erobern wollte;<\/li>\n<li>Es gibt keine Beweise, dass er eine Marionettenregierung in Kiew einsetzen wollte;<\/li>\n<li>Er hatte nicht ann\u00e4hernd genug Truppen \u2013 lediglich 190.000 Mann \u2013 um die Ukraine zu erobern;<\/li>\n<li>Putin versuchte in den Monaten vor Kriegsbeginn, eine diplomatische L\u00f6sung f\u00fcr die Krise zu finden, was NATO-General\u00adsekret\u00e4r Jens Stoltenberg best\u00e4tigt hat;<\/li>\n<li>Unmittelbar nach Kriegsbeginn wandte sich Moskau an Kiew, um Verhandlungen zur Beendigung des Krieges aufzunehmen, die dann in Belarus und Istanbul tats\u00e4chlich stattgefunden haben, aber vom Westen gestoppt wurden;<\/li>\n<li>Abgesehen von der Ukraine gibt es nicht den geringsten Beweis, dass Putin weitere osteurop\u00e4ische L\u00e4nder angreifen wollte;<\/li>\n<li>Kaum jemand im Westen hat vor Kriegsbeginn behauptet, Putin habe seit seinem Machtantritt imperiale Ambitionen gehabt.<\/li>\n<\/ol>\n<p>Der franz\u00f6sische Historiker Emmanuel Todd: Die Ukraine \u201ewurde aufger\u00fcstet, um Russland anzugreifen. Putins Angriff war eine defensive Invasion\u2026 Wenn die NATO darauf verzichtet h\u00e4tte, die Ukraine zu einem Teil ihres milit\u00e4rischen Dispositivs zu machen, h\u00e4tte es diesen Krieg nicht gegeben.<a href=\"#_ftn25\" name=\"_ftnref25\"><sup>[25]<\/sup><\/a> Wir haben es also zu tun mit einem Stellvertreter-Krieg, der geostrategische und \u00f6konomische Ursachen hat.<\/p>\n<h5>Um die Vormachtstellung der USA<\/h5>\n<p>Von Anfang an waren die USA, die NATO und die EU im Krieg in der Ukraine mit dabei. Das zeigt nicht nur die westliche Beteiligung am Maidan, sondern schon die sogenannte Orangene Revolution 2004. Bereits in der \u00c4ra des Pr\u00e4sidenten Juschtschenko war die Kumpanei des Westens mit ukrainischen Faschisten auff\u00e4llig.<a href=\"#_ftn26\" name=\"_ftnref26\"><sup>[26]<\/sup><\/a><\/p>\n<p>Es ging darum, die Ukraine mit allen Mitteln in den westlichen Orbit hineinzu\u00adziehen, Russland einzukreisen und einen Regimewechsel in Moskau zu bewirken sowie neue Absatzm\u00e4rkte, verl\u00e4ngerte Werkb\u00e4nke und Rohstofflager zu erschlie\u00dfen.<a href=\"#_ftn27\" name=\"_ftnref27\"><sup>[27]<\/sup><\/a><\/p>\n<p>Die Vereinigten Staaten haben jahrelang alles versucht, die Ukraine als Rammbock gegen Russland aufzubauen. Dazu geh\u00f6rt auch die Pr\u00e4senz der CIA im Donbass mit mindestens 12 geheimen Standorten.<a href=\"#_ftn28\" name=\"_ftnref28\"><sup>[28]<\/sup><\/a> Die Hochr\u00fcstung der Ukraine dauerte auch w\u00e4hrend der ersten Amtszeit von Donald Trump als Pr\u00e4sident von 2017 bis 2021 an. Damit ist dies auch Trumps Krieg.<\/p>\n<p>Die eigentlichen Kriegsursachen sehen Historiker allerdings im Niedergang des Westens und v.a. der USA. Nach dem Zwei\u00adten Weltkrieg standen sie noch f\u00fcr 45% der weltweiten Industrieproduktion, heute nur noch f\u00fcr maximal 27%. Im Jahr 2000 wurden noch 66% des Welthandels in Dollar abge\u00adwickelt, 2022 waren es nur noch 47%, im ersten Trimester 2023 waren es nur noch 40%. Gleichzeitig sanken die Devisenreserven in Dollar in 20 Jahren von 71% auf 60%. Im Jahr 2022 galten von 340 Mio. US-Amerikanern 140 Mio. als arm oder geringverdienend.<\/p>\n<p>\u00c4hnliches gilt f\u00fcr den gesamten Westen: 1980 hatte der Westen einen Anteil an der Weltwirtschaft von 80% und der Rest der Welt trug 20% bei. Heute haben die aufstre\u00adbenden L\u00e4nder einen Anteil an der Welt\u00adwirtschaft von knapp 70%, der Westen hat gerade mal noch gut 30%.<a href=\"#_ftn29\" name=\"_ftnref29\"><sup>[29]<\/sup><\/a><\/p>\n<p>Bereits 2016, also lange vor dem Einmarsch der Russen und mitten im Krieg der Ukraini\u00adschen Nazi-Bataillone gegen die Separatisten-Republiken, hat der britische Historiker Richard Sakwa in seinem Buch \u201eFrontline Ukraine\u201c davon gesprochen, der Krieg in der Ukraine sei der \u201eSelbstmord Europas\u201c.<a href=\"#_ftn30\" name=\"_ftnref30\"><sup>[30]<\/sup><\/a><\/p>\n<p>Die Europ\u00e4ische Union degenerierte zur Geldbeschaffungsmaschine der NATO. Nun darf sie weitermachen als Bankrotteur. Inzwi\u00adschen wird in den Vereinigten Staaten schon offen dar\u00fcber gesprochen, dass die Europ\u00e4er f\u00fcr die Kriegsfolgen aufkommen m\u00fcssen. Die Weltbank sch\u00e4tzt die Kosten des Wiederauf\u00adbaus auf 411 Mrd. Dollar.<a href=\"#_ftn31\" name=\"_ftnref31\"><sup>[31]<\/sup><\/a> Bloomberg spricht gar von einer Billion Dollar.<a href=\"#_ftn32\" name=\"_ftnref32\"><sup>[32]<\/sup><\/a><\/p>\n<p>Die USA und ihre europ\u00e4ischen Satrapen glaubten, sie k\u00f6nnten Russland mit Wirt\u00adschaftssanktionen in die Knie zwingen. Ich erinnere mich noch an den Satz von Annalena Baerbock: \u201eDiese Sanktionen werden Russ\u00adland ruinieren!\u201c Der Westen hat Auslands-Anlagen der Russischen F\u00f6deration im Wert von fast 300 Mrd. Euro eingefroren, gr\u00f6\u00dfere russische Banken wurden vom Zahlungs\u00adsystem SWIFT ausgesperrt, russische Unter\u00adnehmen k\u00f6nnen keine High-Tech- oder Dual-Use-Produkte im Westen kaufen, Energie\u00adunternehmen wie Shell, BP oder Logistik\u00adunternehmen wie Maersk haben Russland verlassen. Diese Sanktionen wurden nicht von der UN beschlossen und sind damit allesamt v\u00f6lkerrechtswidrig.<\/p>\n<p>Mit der Sprengung der Nordstream-Pipe\u00adline, die der Rechercheur Seymour Hersh Wa\u00adshington zuordnet, ist f\u00fcr Deutschland die Energiefalle zugeschnappt. Dies darf als v\u00f6l\u00adkerrechtswidriger Angriff auf die kritische In\u00adfrastruktur eines Verb\u00fcndeten gewertet wer\u00adden.<\/p>\n<p>Die Wirtschaftskraft Russlands wurde str\u00e4flich untersch\u00e4tzt. Bei der Produktion von Stahl oder Aluminium \u2013 beides kriegswichtige Materialien \u2013 hat die Russische F\u00f6deration Deutschland \u00fcberholt und ist mit den Ver\u00adeinigten Staaten gleichgezogen.<a href=\"#_ftn33\" name=\"_ftnref33\"><sup>[33]<\/sup><\/a> Auch bei den milit\u00e4rischen F\u00e4higkeiten hat Moskau, glaubt man US-Milit\u00e4ranalysten, einen deutli\u00adchen Vorsprung.<a href=\"#_ftn34\" name=\"_ftnref34\"><sup>[34]<\/sup><\/a><\/p>\n<p>Die Eliten des Westens haben sich in eine Sackgasse man\u00f6vriert, und statt sich zu besin\u00adnen, trieben sie die Bev\u00f6lkerung immer tiefer in den Ukraine-Krieg hinein. Auch dies hat wirtschaftliche Gr\u00fcnde.<\/p>\n<p>Beim Besuch in Kiew hat US-Senator Lind\u00adsey Graham am 6. September 2024 deutlich gemacht: Die Ukraine sitze auf Rohstoffen im Wert von Billionen US-Dollar, die \u201ef\u00fcr die US-Wirtschaft gut\u201c seien, und dass die Ukra\u00adine k\u00e4mpfe, damit die USA nicht k\u00e4mpfen m\u00fcssen.<a href=\"#_ftn35\" name=\"_ftnref35\"><sup>[35]<\/sup><\/a><\/p>\n<p>Aber es geht nicht nur um jene Ressourcen, die den tendenziellen Fall der Profitrate in den westlichen Industrienationen aufhalten und die Strategie der Dekarbonisierung st\u00fctzen k\u00f6nnen.<a href=\"#_ftn36\" name=\"_ftnref36\"><sup>[36]<\/sup><\/a> Es geht um den Fortbestand der Dollarwirtschaft. Genau deshalb werden die USA weiter versuchen, Russland einzu\u00add\u00e4mmen.<\/p>\n<p>Der Dollar gilt als Weltreservew\u00e4hrung. Deshalb kann die US-Notenbank unbegrenzt Dollars emittieren. Denn jede Nation ben\u00f6tigt Dollar und muss Dollar-Reserven vorhalten, um zu handeln und vor allem Rohstoffe wie Erd\u00f6l und Erdgas zu erwerben. Deshalb k\u00f6nnen die USA ihre Inflation exportieren: Die gesamte Welt funktioniert wie ein Schwamm, der diese Inflation aufsaugt und der US-Regierung erm\u00f6glicht, riesige Defizite aufzubauen, einen astronomischen Milit\u00e4r\u00adetat zu finanzieren und der einem winzigen Teil der Bev\u00f6lkerung erlaubt, sich ma\u00dflos zu bereichern.<\/p>\n<p>Wer aus der Dollarwirtschaft ausscheren will, erleidet das Schicksal von Libyen, Irak, Iran oder Venezuela. Hier kommt Russland ins Spiel. Denn Russland ist eine Bedrohung f\u00fcr die Proliferation des US-Dollars. Russland ist in den vergangenen 20 Jahren erstaunlich resilient geworden und kann nicht einfach durch eine milit\u00e4rische Intervention in die Knie gezwungen werden.<\/p>\n<p>Russland reduziert die Gr\u00f6\u00dfe des Dollar-Schwamms. Je kleiner aber der Schwamm, desto schwieriger wird es f\u00fcr die USA, ihr Defizit zu finanzieren und ihre wirtschaftliche Hegemonie aufrechtzuerhalten.<a href=\"#_ftn37\" name=\"_ftnref37\"><sup>[37]<\/sup><\/a><\/p>\n<h5>Ein transatlantischer Raubzug<\/h5>\n<p>Der Krieg in der Ukraine ist ein einziges F\u00f6rderprogramm der R\u00fcstungsindustrie zu Lasten der Bev\u00f6lkerung. In Deutschland for\u00addern SPD und FDP eine Steigerung der R\u00fcstungsausgaben auf 3% des Brutto-Inlandsprodukts, das sind 135 Mrd. Euro. Die Gr\u00fcnen fordern eine Erh\u00f6hung auf 3,5%, das w\u00e4ren 160 Mrd. Euro und ein Drittel des Bundesetats. Die AfD verlangt 5% des BIP und damit die H\u00e4lfte des Bundesetats von 470 Mrd. Euro j\u00e4hrlich f\u00fcr R\u00fcstung.<\/p>\n<p>Dies l\u00e4sst sich nur finanzieren durch K\u00fcrzungen bei Rente, Gesundheit, Bildung und Infrastruktur. Gleichzeitig beobachten wir, wie Deutschland und die EU zerfallen.<\/p>\n<p>W\u00e4hrend die EU viele Milliarden in die Ukraine pumpt, ist mehr als jeder f\u00fcnfte EU-B\u00fcrger obdachlos, beantragt eine Notunter\u00adkunft oder steht bei Wohlfahrtsverb\u00e4nden an um einen Teller Suppe. Mehr als 20 Prozent der Bev\u00f6lkerung sind von Armut und Obdachlosigkeit betroffen, rechnet ausge\u00adrechnet die libanesische Zeitung Al Mayadeen vor \u2013 von 450 Millionen Einwohn\u00adern fast 100 Millionen Menschen.<a href=\"#_ftn38\" name=\"_ftnref38\"><sup>[38]<\/sup><\/a> Die europ\u00e4ische Presse hat \u00fcber diese Zahlen der EU-Kommission so gut wie nicht berichtet.<\/p>\n<p>Der Krieg in der Ukraine ist also ein transatlantischer Raubzug der Konzerne gegen die eigene Bev\u00f6lkerung. Verm\u00f6gen werden den abh\u00e4ngig Besch\u00e4ftigten und dem Mittelstand aus der Tasche gezogen und an US-R\u00fcstungskonzerne, Finanzinvestoren und Agrarkonzerne verteilt. So beschleunigt sich der Prozess der Verarmung.<\/p>\n<p>Mehr noch: Er nimmt die Bev\u00f6lkerung insbesondere Deutschlands in Geiselhaft f\u00fcr die verfehlte Politik der Kriegstreiber.<\/p>\n<p style=\"text-align: right;\"><em>Patrik Baab ist Journalist und Autor.<\/em><\/p>\n<p><span style=\"font-size: 10pt;\">Der Text pr\u00e4sentiert Ausz\u00fcge aus dem Vortrag \u201eF\u00fcnf Kriege in einem\u201c des Autors am 27.02.2025 in Suhl<\/span><\/p>\n<hr \/>\n<p><strong>Quellen und Anmerkungen<\/strong><\/p>\n<p><a href=\"#_ftnref1\" name=\"_ftn1\">[1]<\/a> Le Sommier, R\u00e9gis: To the Last Ukrainian: An American War. The Story of a War Reporter. Paris 2023.<\/p>\n<p><a href=\"#_ftnref2\" name=\"_ftn2\">[2]<\/a> Baab, Patrik: Auf beiden Seiten der Front. Meine Reisen in die Ukraine. Frankfurt: Fifty-Fifty 2023 (5).<\/p>\n<p><a href=\"#_ftnref3\" name=\"_ftn3\">[3]<\/a> Katchanovski, Ivan: The Maidan Massacre in Ukraine. The Mass Killing that Changed the World. Ottawa 2024, <a href=\"https:\/\/link.springer.com\/book\/10.1007\/978-3-031-67121-0\">https:\/\/link.springer.com\/book\/10.1007\/978-3-031-67121-0<\/a><\/p>\n<p><a href=\"#_ftnref4\" name=\"_ftn4\">[4]<\/a> Petro, Nikolai N.: The Tragedy of Ukraine. What Classical Greek Tragedy Can Teach Us About Conflict Resolution. Berlin u. Boston 2023, S. 102<\/p>\n<p><a href=\"#_ftnref5\" name=\"_ftn5\">[5]<\/a> Schr\u00f6ter, Lothar: Der Ukraine-Krieg. Die Wurzeln, die Akteure und die Rolle der NATO. Berlin 2024, S. 117f.<\/p>\n<p><a href=\"#_ftnref6\" name=\"_ftn6\">[6]<\/a> Katchanovski, Ivan: Maidan-Massaker in der Ukraine: Ein Insider-Job? Neutrality Studies v. 13.09.2024, <a href=\"https:\/\/www.youtube.com\/watch?v=rZFgBs2cExs\">https:\/\/www.youtube.com\/watch?v=rZFgBs2cExs<\/a><\/p>\n<p><a href=\"#_ftnref7\" name=\"_ftn7\">[7]<\/a> Schr\u00f6ter, a.a.O., S. 173. Zur Gr\u00fcndung von Wagner siehe Ritter, Scott: Wagner, I hardly knew ye. Scott Ritter Extra, June 28, 2023, <a href=\"https:\/\/www.scottritterextra.com\/p\/wagner-i-hardly-knew-ye?publicat\">https:\/\/www.scottritterextra.com\/p\/wagner-i-hardly-knew-ye?publicat<\/a><\/p>\n<p><a href=\"#_ftnref8\" name=\"_ftn8\">[8]<\/a> Zit. n. Schr\u00f6ter, a.a.O., S. 172f.<\/p>\n<p><a href=\"#_ftnref9\" name=\"_ftn9\">[9]<\/a> Zit. n. Schr\u00f6ter, a.a.O., S. 169f.<\/p>\n<p><a href=\"#_ftnref10\" name=\"_ftn10\">[10]<\/a> Lawrence, Patrick: Die Kollision mit der Realit\u00e4t. Globalbridge, 21.02.2025, <a href=\"https:\/\/globalbridge.ch\/die-kollision-mit-der-realitaet\/?utm_source_platform=mailpoet\">https:\/\/globalbridge.ch\/die-kollision-mit-der-realitaet\/?utm_source_platform=mailpoet<\/a><\/p>\n<p>Lauria, Joe: Yes, Ukraine Started the War. Consortium News, 23.02.2025,<\/p>\n<p><a href=\"https:\/\/consortiumnews.com\/2025\/02\/23\/yes-ukraine-started-the-war\/\">https:\/\/consortiumnews.com\/2025\/02\/23\/yes-ukraine-started-the-war\/<\/a><\/p>\n<p><a href=\"#_ftnref11\" name=\"_ftn11\">[11]<\/a> Baab, a.a.O., S. 183<\/p>\n<p><a href=\"#_ftnref12\" name=\"_ftn12\">[12]<\/a> Schr\u00f6ter a.a.O., S. 175<\/p>\n<p><a href=\"#_ftnref13\" name=\"_ftn13\">[13]<\/a> Die Konvention definiert V\u00f6lkermord in Artikel II als \u201eeine der folgenden Handlungen, begangen in der Absicht, eine nationale, ethnische, rassische oder religi\u00f6se Gruppe als solche ganz oder teilweise zu zerst\u00f6ren: a) das T\u00f6ten eines Angeh\u00f6rigen der Gruppe b) das Zuf\u00fcgen von schweren k\u00f6rperlichen oder seelischen Sch\u00e4den bei Angeh\u00f6rigen der Gruppe c) die absichtliche Unterwerfung unter Lebensbedingungen, die auf die v\u00f6llige oder teilweise physische Zerst\u00f6rung der Gruppe abzielen d) die Anordnung von Ma\u00dfnahmen zur Geburtenverhinderung e) die zwangsweise \u00dcberf\u00fchrung von Kindern der Gruppe in eine andere Gruppe\u201c<\/p>\n<p><a href=\"#_ftnref14\" name=\"_ftn14\">[14]<\/a> Baud, Jacques: Putin \u2013 Herr des Geschehens? Frankfurt a. M. 2023<\/p>\n<p><a href=\"#_ftnref15\" name=\"_ftn15\">[15]<\/a> Schr\u00f6ter, a.a.O., S. 141f.<\/p>\n<p><a href=\"#_ftnref16\" name=\"_ftn16\">[16]<\/a> Schr\u00f6ter, a.a.O., S. 185<\/p>\n<p><a href=\"#_ftnref17\" name=\"_ftn17\">[17]<\/a> Ritter, Scott: Merkel Reveals West\u2019s Duplicity. In: Consortium News v. 09.12.2022,<\/p>\n<p><a href=\"https:\/\/consortiumnews.com\/2022\/12\/05\/scott-ritter-merkel-reveals-wests-duplicity\/\">https:\/\/consortiumnews.com\/2022\/12\/05\/scott-ritter-merkel-reveals-wests-duplicity\/<\/a><\/p>\n<p><a href=\"#_ftnref18\" name=\"_ftn18\">[18]<\/a> Schr\u00f6ter, a.a.O., S. 173<\/p>\n<p><a href=\"#_ftnref19\" name=\"_ftn19\">[19]<\/a> \u201eSo, first, if you look at the trajectory of the conflict, because we saw it coming, we were able to make sure that not only were we prepared and allies and partners were prepared, but that Ukraine was prepared. We made sure that well before the Russian aggression happened, starting in September and then again December, we quietly got a lot of weapons to Ukraine to make sure that they had in hand what they needed to defend themselves, things like Stingers, Javelins that were instrumental in preventing Russia from taking Kyiv, from rolling over the country, erasing it from the map, and indeed pushing the Russians back.\u201d Garcia-Navarro, Lulu: Antony Blinken insists he and Biden made the right calls. New York Times Magazine, 04.01.2025, <a href=\"https:\/\/www.nytimes.com\/2025\/01\/04\/magazine\/antony-blinken-interview.html\">https:\/\/www.nytimes.com\/2025\/01\/04\/magazine\/antony-blinken-interview.html<\/a><\/p>\n<p><a href=\"#_ftnref20\" name=\"_ftn20\">[20]<\/a> Staudt, Dieter: Die Ukraine wollte den Krieg mit Russland. Apolut, 11.02.2025,<\/p>\n<p><a href=\"https:\/\/apolut.net\/die-ukraine-wollte-den-krieg-mit-russland\/\">https:\/\/apolut.net\/die-ukraine-wollte-den-krieg-mit-russland\/<\/a><\/p>\n<p><a href=\"#_ftnref21\" name=\"_ftn21\">[21]<\/a> \u201cWell, you\u2019ve been there for three years \u2026 <em>you should have never started it.<\/em> You could have made a deal.\u201d Lauria, Joe: Yes, Ukraine Started the War. Consortium News, 23.02.2025,<\/p>\n<p><a href=\"https:\/\/consortiumnews.com\/2025\/02\/23\/yes-ukraine-started-the-war\/\">https:\/\/consortiumnews.com\/2025\/02\/23\/yes-ukraine-started-the-war\/<\/a><\/p>\n<p><a href=\"#_ftnref22\" name=\"_ftn22\">[22]<\/a> Schr\u00f6ter, a.a.O., S. 188f.<\/p>\n<p><a href=\"#_ftnref23\" name=\"_ftn23\">[23]<\/a> Stoltenberg, Jens: North Atlantic Treaty Organization, Opening Remarks, 7. September 2023,<\/p>\n<p><a href=\"https:\/\/www.nato.int\/cps\/en\/natohq\/opinions_218172.htm\">https:\/\/www.nato.int\/cps\/en\/natohq\/opinions_218172.htm<\/a><\/p>\n<p><a href=\"#_ftnref24\" name=\"_ftn24\">[24]<\/a> Mearsheimer, John J.: Wer hat den Ukraine-Krieg verursacht? Globalbridge, 07.09.2024,<\/p>\n<p><a href=\"https:\/\/globalbridge.ch\/wer-hat-den-ukraine-krieg-verursacht\/?utm_source_platform=mailpoet\">https:\/\/globalbridge.ch\/wer-hat-den-ukraine-krieg-verursacht\/?utm_source_platform=mailpoet<\/a><\/p>\n<p><a href=\"#_ftnref25\" name=\"_ftn25\">[25]<\/a> Zit. n. Schr\u00f6ter, a.a.O., S. 134f.<\/p>\n<p><a href=\"#_ftnref26\" name=\"_ftn26\">[26]<\/a> Diesen, Glenn: Hegseth replaces Deception with Reality. Substack, 13.02.2025,<\/p>\n<p><a href=\"https:\/\/glenndiesen.substack.com\/p\/hegseth-replaces-deception-with-reality?publication_id=2670149&amp;post_id=157055942&amp;isFreemail=true&amp;r=9vuj8&amp;triedRedirect=true\">https:\/\/glenndiesen.substack.com\/p\/hegseth-replaces-deception-with-reality?publication_id=2670149&amp;post_id=157055942&amp;isFreemail=true&amp;r=9vuj8&amp;triedRedirect=true<\/a><\/p>\n<p>Panchenko, Diana: The Inevitable: The Shocking Truth behind the War in Ukraine. London 2024<\/p>\n<p><a href=\"#_ftnref27\" name=\"_ftn27\">[27]<\/a> R\u00f6tzer, Florian: Im Ukraine-Krieg geht es weniger um Freiheit als um die Ausbeutung kritischer Bodensch\u00e4tze. Overton-Magazin, 12.02.2025, https:\/\/overton-magazin.de\/top-story\/im-ukraine-krieg-geht-es-weniger-um-freiheit-als-um-die-ausbeutung-kritischer-bodenschaetze\/<\/p>\n<p><a href=\"#_ftnref28\" name=\"_ftn28\">[28]<\/a> Entous, Adam u. Michael Schwirtz: The Spy War: How the C.I.A. secretly helps Ukraine fight Putin. The New York Times, 25.02.2024, <a href=\"https:\/\/archive.ph\/p8GVp\">https:\/\/archive.ph\/p8GVp<\/a><\/p>\n<p><a href=\"#_ftnref29\" name=\"_ftn29\">[29]<\/a> Schr\u00f6ter, a.a.O., S. 142f.<\/p>\n<p><a href=\"#_ftnref30\" name=\"_ftn30\">[30]<\/a> Sakwa, Richard: Frontline Ukraine. Crisis in the Borderlands, London 2016, S. 227<\/p>\n<p><a href=\"#_ftnref31\" name=\"_ftn31\">[31]<\/a> Bergl\u00f6f, Erik u. Vladyslav Rashkovan: Reconstructing and Reforming Ukraine. LSE Public Policy Review, 2023, S. 2, <a href=\"https:\/\/ppr.lse.ac.uk\/articles\/10.31389\/lseppr.95\">https:\/\/ppr.lse.ac.uk\/articles\/10.31389\/lseppr.95<\/a><\/p>\n<p>Ukraine Rapid Damage and Needs Assessment. February 2022 \u2013 February 2023. World Bank Group, M\u00e4rz 2023, https:\/\/documents1.worldbank.org\/curated\/en\/099184503212328877\/pdf\/P1801740d1177f03c0ab180057556615497.pdf<\/p>\n<p><a href=\"#_ftnref32\" name=\"_ftn32\">[32]<\/a> Dudik, Andrea, Olesia Safronova, Patrick Sykes, Sanne Wass: The $1 Trillion Race to Rebuild Ukraine is Slowly Getting Going. Bloomberg, 09.03.2024<\/p>\n<p><a href=\"#_ftnref33\" name=\"_ftn33\">[33]<\/a> Martyanov, Andrei, America\u2019s Final War. Atlanta 2024, S. 50, 74<\/p>\n<p><a href=\"#_ftnref34\" name=\"_ftn34\">[34]<\/a> \u201cNever in the history of warfare has the gap between the capacity of the tools of destruction of opposing forces been as massive as it is today between NATO and Russia. Moreover, this gab concerns not just technology of Russia and NATO, but the operational concepts that give birth to those weapon systems. It is the latter which features so heavily in any assessment of whether Western forces will ever be able to catch up. The carrier-centric navies are in their final days of existence as a viable force on the 21<sup>st<\/sup> century global battlefield.\u201d Martyanov, Andrei, America\u2019s Final War. Atlanta 2024, S. 166<\/p>\n<p>\u201cOur probability models for defense against missile attacks show that U.S. THAAD and Aegis systems cannot be relied on to counter Oreshnik and are unlikely to achieve reliability within the next 15 years.\u201d General Herbert McMaster, Former US National Security Advisor. Assessment of Russian Oreshnik missile system, January 9, 2025. Centre for War Studies, 12.01.2025<\/p>\n<p><a href=\"#_ftnref35\" name=\"_ftn35\">[35]<\/a> https:\/\/x.com\/LindseyGrahamSC\/status\/1832160396846776710<\/p>\n<p><a href=\"#_ftnref36\" name=\"_ftn36\">[36]<\/a> Zum tendenziellen Fall der Profitrate s. Nachtwey, Oliver: Die Abstiegsgesellschaft. \u00dcber das Aufbegehren in der regressiven Moderne. Frankfurt a. M. 2016(3), S. 53-63<\/p>\n<p><a href=\"#_ftnref37\" name=\"_ftn37\">[37]<\/a> Penn, Thomas J.: Dritter Weltkrieg? Was Washington von Russland wirklich will. RT, 16.02.2025, <a href=\"https:\/\/dert.site\/international\/131335-was-washington-von-russland-wi\">https:\/\/dert.site\/international\/131335-was-washington-von-russland-wi<\/a><\/p>\n<p><a href=\"#_ftnref38\" name=\"_ftn38\"><sup>[38]<\/sup><\/a> EU drowing in poverty while funding Ukraine, \u2018Israel\u2019 wars. Al Mayadeen, 26.10.2024, <a href=\"https:\/\/english.almayadeen.net\/news\/Economy\/eu-drowning-in-poverty-while-funding-ukraine---israel--wars\">https:\/\/english.almayadeen.net\/news\/Economy\/eu-drowning-in-poverty-while-funding-ukraine&#8212;israel&#8211;wars<\/a><\/p>\n<hr \/>\n<h5>Download<\/h5>\n<p>Der Artikel kann auch als PDF-Dokument angesehen und heruntergeladen werden:<\/p>\n<p><img loading=\"lazy\" decoding=\"async\" data-attachment-id=\"1076\" data-permalink=\"https:\/\/www.freidenker.org\/?attachment_id=1076\" data-orig-file=\"https:\/\/i0.wp.com\/www.freidenker.org\/fw17\/wp-content\/uploads\/2017\/10\/pdf_icon-2.png?fit=32%2C32&amp;ssl=1\" data-orig-size=\"32,32\" data-comments-opened=\"0\" data-image-meta=\"{&quot;aperture&quot;:&quot;0&quot;,&quot;credit&quot;:&quot;&quot;,&quot;camera&quot;:&quot;&quot;,&quot;caption&quot;:&quot;&quot;,&quot;created_timestamp&quot;:&quot;0&quot;,&quot;copyright&quot;:&quot;&quot;,&quot;focal_length&quot;:&quot;0&quot;,&quot;iso&quot;:&quot;0&quot;,&quot;shutter_speed&quot;:&quot;0&quot;,&quot;title&quot;:&quot;&quot;,&quot;orientation&quot;:&quot;0&quot;}\" data-image-title=\"pdf_icon\" data-image-description=\"\" data-image-caption=\"\" data-large-file=\"https:\/\/i0.wp.com\/www.freidenker.org\/fw17\/wp-content\/uploads\/2017\/10\/pdf_icon-2.png?fit=32%2C32&amp;ssl=1\" class=\"alignnone size-full wp-image-1076\" src=\"https:\/\/i1.wp.com\/www.freidenker.org\/fw17\/wp-content\/uploads\/2017\/10\/pdf_icon-2.png?resize=32%2C32&amp;ssl=1\" alt=\"\" width=\"32\" height=\"32\" data-attachment-id=\"1076\" data-permalink=\"https:\/\/www.freidenker.org\/?attachment_id=1076\" data-orig-file=\"https:\/\/i0.wp.com\/www.freidenker.org\/fw17\/wp-content\/uploads\/2017\/10\/pdf_icon-2.png?fit=32%2C32&amp;ssl=1\" data-orig-size=\"32,32\" data-comments-opened=\"0\" data-image-meta=\"{&quot;aperture&quot;:&quot;0&quot;,&quot;credit&quot;:&quot;&quot;,&quot;camera&quot;:&quot;&quot;,&quot;caption&quot;:&quot;&quot;,&quot;created_timestamp&quot;:&quot;0&quot;,&quot;copyright&quot;:&quot;&quot;,&quot;focal_length&quot;:&quot;0&quot;,&quot;iso&quot;:&quot;0&quot;,&quot;shutter_speed&quot;:&quot;0&quot;,&quot;title&quot;:&quot;&quot;,&quot;orientation&quot;:&quot;0&quot;}\" data-image-title=\"pdf_icon\" data-image-description=\"\" data-image-caption=\"\" data-medium-file=\"https:\/\/i0.wp.com\/www.freidenker.org\/fw17\/wp-content\/uploads\/2017\/10\/pdf_icon-2.png?fit=32%2C32&amp;ssl=1\" data-large-file=\"https:\/\/i0.wp.com\/www.freidenker.org\/fw17\/wp-content\/uploads\/2017\/10\/pdf_icon-2.png?fit=32%2C32&amp;ssl=1\" \/> <a href=\"https:\/\/www.freidenker.org\/fw17\/wp-content\/uploads\/2025\/03\/Freidenker_2025-01_Baab_WannUndWieBegannDerKriegInDerUkraine.pdf\" target=\"_blank\" rel=\"noopener\">Patrik Baab: Wann und wie begann der Krieg in der Ukraine?<\/a> (Auszug aus <a href=\"https:\/\/www.freidenker.org\/?p=21258\">FREIDENKER 1-25<\/a>, ca. 593 KB)<\/p>\n<hr \/>\n<p><span style=\"font-size: 10pt;\">Bild oben: Symbolbild, KI-generiert mit <a href=\"https:\/\/ki-bild-erstellen.de\/\">ki-bild-erstellen.de<\/a><\/span><\/p>\n","protected":false},"excerpt":{"rendered":"<p><b>Beitrag von Patrik Baab<\/b> aus:\u00a0\u201eFREIDENKER\u201c Nr. 1-25<br \/>\nWer nichts wei\u00df, muss viel glauben. Von der Ukraine wissen die Menschen in Deutschland meist wenig. Genau hier setzt die Propaganda an. Lassen Sie dabei zun\u00e4chst einmal das hinter sich, was ihnen die Leitmedien tagt\u00e4g\u00adlich vorsetzen. Folgen Sie mir einen Augen\u00adblick im Versuch, die Propaganda der Presse von den Tatsachen zu trennen. Denn es gibt, wie sich Franz Josef Strau\u00df einmal aus\u00adgedr\u00fcckt hat, \u201eeine normative Kraft des Faktischen, aber keine faktenersetzende Kraft des Phraseologischen\u201c. Westliche Beobachter sehen die Ereignisse auf dem Maidan in Kiew im Winter 2013\/2014 als ein Scheideweg zwischen einer Diktatur nach dem Vorbild von Belarus oder dem Sturz des Pr\u00e4sidenten Janukowitsch. <\/p>\n","protected":false},"author":3,"featured_media":21339,"comment_status":"closed","ping_status":"closed","sticky":false,"template":"","format":"standard","meta":{"colormag_page_container_layout":"default_layout","colormag_page_sidebar_layout":"default_layout","advanced_seo_description":"","jetpack_seo_html_title":"","jetpack_seo_noindex":false,"jetpack_post_was_ever_published":false,"footnotes":""},"categories":[12],"tags":[740,272,182,1427,56,720,889,1103,1409,138,222,2226,1111,639,185],"class_list":["post-21331","post","type-post","status-publish","format-standard","has-post-thumbnail","hentry","category-demokratie-medien-aufklaerung","tag-buergerkrieg","tag-der-westen-und-russland","tag-eu","tag-macht","tag-nato","tag-nato-osterweiterung","tag-ngo","tag-putsch","tag-regimewechsel","tag-revolution","tag-russland","tag-ruestungsetat","tag-ukraine","tag-ukraine-konflikt","tag-usa"],"jetpack_featured_media_url":"https:\/\/i0.wp.com\/www.freidenker.org\/fw17\/wp-content\/uploads\/2025\/03\/Ukraine_Soldaten_Schatten_800x450.jpg?fit=800%2C450&ssl=1","jetpack_shortlink":"https:\/\/wp.me\/p9stpK-5y3","jetpack-related-posts":[{"id":18587,"url":"https:\/\/www.freidenker.org\/?p=18587","url_meta":{"origin":21331,"position":0},"title":"Deutscher Gr\u00f6\u00dfenwahn: Wolfgang Ischinger will Russland bezwingen","author":"Webredaktion","date":"24. M\u00e4rz 2024","format":false,"excerpt":"Beitrag von Gert Ewen Ungar \"Putin verhandelt erst, wenn er zu verlieren beginnt\", behauptet der ehemalige Leiter der M\u00fcnchner Sicherheitskonferenz, Wolfgang Ischinger, in einem Interview mit der Welt. Er wiederholte diese Behauptung auf dem Kurznachrichtendienst X. Das ist angesichts der tats\u00e4chlichen Lage in der Ukraine eine bizarre Aussage. Es gibt\u2026","rel":"","context":"In &quot;Demokratie \u2013 Medien \u2013 Aufkl\u00e4rung&quot;","block_context":{"text":"Demokratie \u2013 Medien \u2013 Aufkl\u00e4rung","link":"https:\/\/www.freidenker.org\/?cat=12"},"img":{"alt_text":"","src":"https:\/\/i0.wp.com\/www.freidenker.org\/fw17\/wp-content\/uploads\/2024\/03\/Wolfgang_Ischinger_MSC_2016_800x450.jpg?fit=800%2C450&ssl=1&resize=350%2C200","width":350,"height":200,"srcset":"https:\/\/i0.wp.com\/www.freidenker.org\/fw17\/wp-content\/uploads\/2024\/03\/Wolfgang_Ischinger_MSC_2016_800x450.jpg?fit=800%2C450&ssl=1&resize=350%2C200 1x, https:\/\/i0.wp.com\/www.freidenker.org\/fw17\/wp-content\/uploads\/2024\/03\/Wolfgang_Ischinger_MSC_2016_800x450.jpg?fit=800%2C450&ssl=1&resize=525%2C300 1.5x, https:\/\/i0.wp.com\/www.freidenker.org\/fw17\/wp-content\/uploads\/2024\/03\/Wolfgang_Ischinger_MSC_2016_800x450.jpg?fit=800%2C450&ssl=1&resize=700%2C400 2x"},"classes":[]},{"id":20377,"url":"https:\/\/www.freidenker.org\/?p=20377","url_meta":{"origin":21331,"position":1},"title":"1000 Tage falsche Solidarit\u00e4t \u2013 die Ukraine geht zugrunde, die EU feiert sich selbst","author":"Webredaktion","date":"24. November 2024","format":false,"excerpt":"Beitrag von Gert Ewen Ungar In einer Sondersitzung mit einem zugeschalteten ukrainischen Pr\u00e4sidenten mit abgelaufenem Haltbarkeitsdatum, Wladimir Selenskij, erinnerte das EU-Parlament an \"1000 days of Russia's full-scale invasion of Ukraine\". 1000 Tage sind seit dem 24. Februar 2022 vergangen, als Russland der Bitte der Volksrepubliken Donezk und Lugansk folgte, und\u2026","rel":"","context":"In &quot;Demokratie \u2013 Medien \u2013 Aufkl\u00e4rung&quot;","block_context":{"text":"Demokratie \u2013 Medien \u2013 Aufkl\u00e4rung","link":"https:\/\/www.freidenker.org\/?cat=12"},"img":{"alt_text":"","src":"https:\/\/i0.wp.com\/www.freidenker.org\/fw17\/wp-content\/uploads\/2024\/11\/Zelenskyy_returned_to_the_European_Parliament_on_17_October_800x450.jpg?fit=800%2C450&ssl=1&resize=350%2C200","width":350,"height":200,"srcset":"https:\/\/i0.wp.com\/www.freidenker.org\/fw17\/wp-content\/uploads\/2024\/11\/Zelenskyy_returned_to_the_European_Parliament_on_17_October_800x450.jpg?fit=800%2C450&ssl=1&resize=350%2C200 1x, https:\/\/i0.wp.com\/www.freidenker.org\/fw17\/wp-content\/uploads\/2024\/11\/Zelenskyy_returned_to_the_European_Parliament_on_17_October_800x450.jpg?fit=800%2C450&ssl=1&resize=525%2C300 1.5x, https:\/\/i0.wp.com\/www.freidenker.org\/fw17\/wp-content\/uploads\/2024\/11\/Zelenskyy_returned_to_the_European_Parliament_on_17_October_800x450.jpg?fit=800%2C450&ssl=1&resize=700%2C400 2x"},"classes":[]},{"id":17604,"url":"https:\/\/www.freidenker.org\/?p=17604","url_meta":{"origin":21331,"position":2},"title":"Baerbocks Au\u00dfenpolitik \u2013 Aggressiver als die der USA","author":"Webredaktion","date":"5. Dezember 2023","format":false,"excerpt":"Beitrag von Gert Ewen Ungar Die deutsche Au\u00dfenministerin hatte in dieser Woche gleich zwei relevante Treffen zu absolvieren. Zu Beginn der Woche trafen sich die Au\u00dfenminister der NATO-Staaten in Br\u00fcssel. Am Donnerstag und Freitag trifft sich der Ministerrat der OSZE in Skopje, der Hauptstadt Nordmazedoniens. Aussagen der deutschen Au\u00dfenministerin auf\u2026","rel":"","context":"In &quot;Demokratie \u2013 Medien \u2013 Aufkl\u00e4rung&quot;","block_context":{"text":"Demokratie \u2013 Medien \u2013 Aufkl\u00e4rung","link":"https:\/\/www.freidenker.org\/?cat=12"},"img":{"alt_text":"","src":"https:\/\/i0.wp.com\/www.freidenker.org\/fw17\/wp-content\/uploads\/2023\/12\/Blinken_Baerbock_Tokyo_2023_800x450.jpg?fit=800%2C450&ssl=1&resize=350%2C200","width":350,"height":200,"srcset":"https:\/\/i0.wp.com\/www.freidenker.org\/fw17\/wp-content\/uploads\/2023\/12\/Blinken_Baerbock_Tokyo_2023_800x450.jpg?fit=800%2C450&ssl=1&resize=350%2C200 1x, https:\/\/i0.wp.com\/www.freidenker.org\/fw17\/wp-content\/uploads\/2023\/12\/Blinken_Baerbock_Tokyo_2023_800x450.jpg?fit=800%2C450&ssl=1&resize=525%2C300 1.5x, https:\/\/i0.wp.com\/www.freidenker.org\/fw17\/wp-content\/uploads\/2023\/12\/Blinken_Baerbock_Tokyo_2023_800x450.jpg?fit=800%2C450&ssl=1&resize=700%2C400 2x"},"classes":[]},{"id":14742,"url":"https:\/\/www.freidenker.org\/?p=14742","url_meta":{"origin":21331,"position":3},"title":"Wer ist der Aggressor?","author":"Webredaktion","date":"22. November 2022","format":false,"excerpt":"Beitrag von George und Doris Pumphrey Es gibt genug Informationen und Analysen \u00fcber die Osterweiterung der NATO bis an die russischen Grenzen und \u00fcber das Bestreben der USA, ein Wiedererstarken Russlands nach dem Ende der Sowjetunion zu verhindern, um die Aufrechterhaltung der globalen US\/NATO-Hegemonie zu sichern. ... Die dem Pentagon\u2026","rel":"","context":"In &quot;Frieden - Antifaschismus - Solidarit\u00e4t&quot;","block_context":{"text":"Frieden - Antifaschismus - Solidarit\u00e4t","link":"https:\/\/www.freidenker.org\/?cat=13"},"img":{"alt_text":"","src":"https:\/\/i0.wp.com\/www.freidenker.org\/fw17\/wp-content\/uploads\/2022\/11\/nato-7222492_800x450.jpg?fit=800%2C450&ssl=1&resize=350%2C200","width":350,"height":200,"srcset":"https:\/\/i0.wp.com\/www.freidenker.org\/fw17\/wp-content\/uploads\/2022\/11\/nato-7222492_800x450.jpg?fit=800%2C450&ssl=1&resize=350%2C200 1x, https:\/\/i0.wp.com\/www.freidenker.org\/fw17\/wp-content\/uploads\/2022\/11\/nato-7222492_800x450.jpg?fit=800%2C450&ssl=1&resize=525%2C300 1.5x, https:\/\/i0.wp.com\/www.freidenker.org\/fw17\/wp-content\/uploads\/2022\/11\/nato-7222492_800x450.jpg?fit=800%2C450&ssl=1&resize=700%2C400 2x"},"classes":[]},{"id":15200,"url":"https:\/\/www.freidenker.org\/?p=15200","url_meta":{"origin":21331,"position":4},"title":"Wir sind im Kriegsmodus","author":"Webredaktion","date":"11. Februar 2023","format":false,"excerpt":"Rede von Wolfgang Bittner Als Joseph Biden 2014 davon sprach, Wladimir Putin m\u00fcsse die Souver\u00e4nit\u00e4t der Ukraine respektieren, sonst werde sich Russland zunehmenden Konsequenzen gegen\u00fcbersehen, war der von den USA lange vorbereitete Staatsstreich in Kiew \u2013 unter Missachtung der Souver\u00e4nit\u00e4t der Ukraine \u2013 bereits vollzogen, und der B\u00fcrgerkrieg in der\u2026","rel":"","context":"In &quot;Frieden - Antifaschismus - Solidarit\u00e4t&quot;","block_context":{"text":"Frieden - Antifaschismus - Solidarit\u00e4t","link":"https:\/\/www.freidenker.org\/?cat=13"},"img":{"alt_text":"","src":"https:\/\/i0.wp.com\/www.freidenker.org\/fw17\/wp-content\/uploads\/2023\/02\/bittner_kriegsmodus_800x450.jpg?fit=800%2C450&ssl=1&resize=350%2C200","width":350,"height":200,"srcset":"https:\/\/i0.wp.com\/www.freidenker.org\/fw17\/wp-content\/uploads\/2023\/02\/bittner_kriegsmodus_800x450.jpg?fit=800%2C450&ssl=1&resize=350%2C200 1x, https:\/\/i0.wp.com\/www.freidenker.org\/fw17\/wp-content\/uploads\/2023\/02\/bittner_kriegsmodus_800x450.jpg?fit=800%2C450&ssl=1&resize=525%2C300 1.5x, https:\/\/i0.wp.com\/www.freidenker.org\/fw17\/wp-content\/uploads\/2023\/02\/bittner_kriegsmodus_800x450.jpg?fit=800%2C450&ssl=1&resize=700%2C400 2x"},"classes":[]},{"id":3042,"url":"https:\/\/www.freidenker.org\/?p=3042","url_meta":{"origin":21331,"position":5},"title":"Der Aggressor hei\u00dft NATO","author":"Webredaktion","date":"6. April 2014","format":false,"excerpt":"Erkl\u00e4rung des Deutschen Freidenker-Verbandes zur Krise um die Ukraine: Seit dem Staatsstreich in der Ukraine vom 22. Februar 2014 und insbesondere im Zuge der Entwicklungen auf der Schwarzmeerhalbinsel Krim hat in den USA, den NATO- und EU-L\u00e4ndern eine politisch-mediale Kampagne Fahrt aufgenommen, die Russland und insbesondere den russischen Pr\u00e4sidenten Wladimir\u2026","rel":"","context":"In &quot;Demokratie \u2013 Medien \u2013 Aufkl\u00e4rung&quot;","block_context":{"text":"Demokratie \u2013 Medien \u2013 Aufkl\u00e4rung","link":"https:\/\/www.freidenker.org\/?cat=12"},"img":{"alt_text":"","src":"https:\/\/i0.wp.com\/www.freidenker.org\/fw17\/wp-content\/uploads\/2014\/04\/CDU_Wahlkampfplakat_-_kaspl010_800x445.jpg?fit=800%2C445&ssl=1&resize=350%2C200","width":350,"height":200,"srcset":"https:\/\/i0.wp.com\/www.freidenker.org\/fw17\/wp-content\/uploads\/2014\/04\/CDU_Wahlkampfplakat_-_kaspl010_800x445.jpg?fit=800%2C445&ssl=1&resize=350%2C200 1x, https:\/\/i0.wp.com\/www.freidenker.org\/fw17\/wp-content\/uploads\/2014\/04\/CDU_Wahlkampfplakat_-_kaspl010_800x445.jpg?fit=800%2C445&ssl=1&resize=525%2C300 1.5x, https:\/\/i0.wp.com\/www.freidenker.org\/fw17\/wp-content\/uploads\/2014\/04\/CDU_Wahlkampfplakat_-_kaspl010_800x445.jpg?fit=800%2C445&ssl=1&resize=700%2C400 2x"},"classes":[]}],"_links":{"self":[{"href":"https:\/\/www.freidenker.org\/index.php?rest_route=\/wp\/v2\/posts\/21331","targetHints":{"allow":["GET"]}}],"collection":[{"href":"https:\/\/www.freidenker.org\/index.php?rest_route=\/wp\/v2\/posts"}],"about":[{"href":"https:\/\/www.freidenker.org\/index.php?rest_route=\/wp\/v2\/types\/post"}],"author":[{"embeddable":true,"href":"https:\/\/www.freidenker.org\/index.php?rest_route=\/wp\/v2\/users\/3"}],"replies":[{"embeddable":true,"href":"https:\/\/www.freidenker.org\/index.php?rest_route=%2Fwp%2Fv2%2Fcomments&post=21331"}],"version-history":[{"count":5,"href":"https:\/\/www.freidenker.org\/index.php?rest_route=\/wp\/v2\/posts\/21331\/revisions"}],"predecessor-version":[{"id":21347,"href":"https:\/\/www.freidenker.org\/index.php?rest_route=\/wp\/v2\/posts\/21331\/revisions\/21347"}],"wp:featuredmedia":[{"embeddable":true,"href":"https:\/\/www.freidenker.org\/index.php?rest_route=\/wp\/v2\/media\/21339"}],"wp:attachment":[{"href":"https:\/\/www.freidenker.org\/index.php?rest_route=%2Fwp%2Fv2%2Fmedia&parent=21331"}],"wp:term":[{"taxonomy":"category","embeddable":true,"href":"https:\/\/www.freidenker.org\/index.php?rest_route=%2Fwp%2Fv2%2Fcategories&post=21331"},{"taxonomy":"post_tag","embeddable":true,"href":"https:\/\/www.freidenker.org\/index.php?rest_route=%2Fwp%2Fv2%2Ftags&post=21331"}],"curies":[{"name":"wp","href":"https:\/\/api.w.org\/{rel}","templated":true}]}}