{"id":21292,"date":"2025-03-30T20:25:39","date_gmt":"2025-03-30T18:25:39","guid":{"rendered":"https:\/\/www.freidenker.org\/?p=21292"},"modified":"2025-05-19T14:11:56","modified_gmt":"2025-05-19T12:11:56","slug":"kriegsvergessen-kriegsversessen","status":"publish","type":"post","link":"https:\/\/www.freidenker.org\/?p=21292","title":{"rendered":"Kriegsvergessen \u2013 Kriegsversessen"},"content":{"rendered":"<p><strong>Es ist ganz einfach: Wenn ein Land oder eine Kultur vergessen hat, was ein Krieg bedeutet, ist es wieder m\u00f6glich, die Menschen in den Krieg zu f\u00fchren. Krieg bedeutet f\u00fcr die meisten Menschen Tod von Familienangeh\u00f6rigen, Freunden oder Nachbarn, Einwohnern oder Kollegen. Verkr\u00fcppelung, Leid von denen, die ihre Liebsten verloren haben. Armut. Hunger. Krankheit. Hass, Wut, Leid, Trauer, Hoffnungslosigkeit. All das w\u00fcnschen die, die jetzt den Krieg laut herbeirufen und bejubeln, denen, die ihn f\u00fchren m\u00fcssen. Das ist verantwortungslos und grausam<\/strong>.<\/p>\n<p><em>von <strong>Marion Schneider<\/strong><\/em><\/p>\n<p><span style=\"font-size: 10pt;\">Erstver\u00f6ffentlichung am 28.02.2025 auf <a href=\"https:\/\/www.marionschneider.net\/kriegsvergessen-kriegsversessen\/\" target=\"_blank\" rel=\"noopener\">marionschneider.net<\/a><\/span><\/p>\n<h4 class=\"wp-block-heading\">Wie konnte unsere Nation so tief fallen?<\/h4>\n<p>Ich erinnere mich lebendig an das Gl\u00fcck und die Gro\u00dfz\u00fcgigkeit aller Menschen in Deutschland nach dem Fall der Mauer. Die Menschen aus Ost und West haben sich viel M\u00fche gegeben, einander zu verstehen. Wir alle hatten die Chance eines Neubeginns, eines Lebens in Wohlstand und Frieden, guter Nachbarschaft und gegenseitiger Hilfe.<\/p>\n<figure id=\"attachment_21293\" aria-describedby=\"caption-attachment-21293\" style=\"width: 397px\" class=\"wp-caption alignnone\"><img data-recalc-dims=\"1\" loading=\"lazy\" decoding=\"async\" data-attachment-id=\"21293\" data-permalink=\"https:\/\/www.freidenker.org\/?attachment_id=21293\" data-orig-file=\"https:\/\/i0.wp.com\/www.freidenker.org\/fw17\/wp-content\/uploads\/2025\/03\/RIAN_archive_475738_Berlin_Wall.jpg?fit=678%2C1024&amp;ssl=1\" data-orig-size=\"678,1024\" data-comments-opened=\"0\" data-image-meta=\"{&quot;aperture&quot;:&quot;0&quot;,&quot;credit&quot;:&quot;&quot;,&quot;camera&quot;:&quot;&quot;,&quot;caption&quot;:&quot;&quot;,&quot;created_timestamp&quot;:&quot;0&quot;,&quot;copyright&quot;:&quot;&quot;,&quot;focal_length&quot;:&quot;0&quot;,&quot;iso&quot;:&quot;0&quot;,&quot;shutter_speed&quot;:&quot;0&quot;,&quot;title&quot;:&quot;&quot;,&quot;orientation&quot;:&quot;1&quot;}\" data-image-title=\"RIAN_archive_475738_Berlin_Wall\" data-image-description=\"\" data-image-caption=\"\" data-large-file=\"https:\/\/i0.wp.com\/www.freidenker.org\/fw17\/wp-content\/uploads\/2025\/03\/RIAN_archive_475738_Berlin_Wall.jpg?fit=678%2C1024&amp;ssl=1\" class=\"wp-image-21293\" src=\"https:\/\/i0.wp.com\/www.freidenker.org\/fw17\/wp-content\/uploads\/2025\/03\/RIAN_archive_475738_Berlin_Wall.jpg?resize=397%2C600&#038;ssl=1\" alt=\"\" width=\"397\" height=\"600\" srcset=\"https:\/\/i0.wp.com\/www.freidenker.org\/fw17\/wp-content\/uploads\/2025\/03\/RIAN_archive_475738_Berlin_Wall.jpg?resize=199%2C300&amp;ssl=1 199w, https:\/\/i0.wp.com\/www.freidenker.org\/fw17\/wp-content\/uploads\/2025\/03\/RIAN_archive_475738_Berlin_Wall.jpg?w=678&amp;ssl=1 678w\" sizes=\"auto, (max-width: 397px) 100vw, 397px\" \/><figcaption id=\"caption-attachment-21293\" class=\"wp-caption-text\"><span style=\"font-size: 10pt;\">Berliner Mauerfall &#8211; Foto: RIA Novosti archive, <a href=\"https:\/\/creativecommons.org\/licenses\/by-sa\/3.0\" target=\"_blank\" rel=\"noopener\">CC BY-SA 3.0<\/a>, <a href=\"https:\/\/commons.wikimedia.org\/w\/index.php?curid=18134949\" target=\"_blank\" rel=\"noopener\">https:\/\/commons.wikimedia.org\/w\/index.php?curid=18134949<\/a><\/span><\/figcaption><\/figure>\n<h5>Was ist schiefgelaufen?<\/h5>\n<p>Es war der Beitritt. Anstatt dass zwei Partner sich in einen gleichberechtigten und bereichernden Austausch begeben haben, bereit voneinander zu lernen und sich nach \u00fcber 40 Jahren Trennung zu verstehen, hat die eine Nation zugestimmt, Teil der anderen zu werden. Es gab also keine Wiedervereinigung, so wie es das Grundgesetz an seinem Ende ganz ausdr\u00fccklich vorsieht. Nicht nur das politische, auch das wirtschaftliche System wurde den neuen Bundesl\u00e4ndern von oben diktiert.<br \/>\nEine entscheidende Rolle spielte dabei die Treuhand. Sie sorgte daf\u00fcr, dass alte und neue westdeutsche Eliten Vorteile erhielten.<br \/>\n(<em>Siehe dazu Das Treuhand Trauma \u2013 Die Sp\u00e4tfolgen der \u00dcbernahme von Yana Milev, Berlin 20<\/em>)<\/p>\n<h5>Der Beitritt<\/h5>\n<p>Der Beitritt bewirkte, dass die eine Seite wusste, wie alles funktioniert \u2013 und die andere Seite vieles lernen musste, was in dem neuen anders als in dem bisherigen System funktioniert. Das konnte besser oder schlechter sein als in dem bisherigen Leben \u2013 es was gesetzt. Das bewirkte bei der einen Seite das Gef\u00fchl der St\u00e4rke, bei der anderen Seite das Gef\u00fchl der Schw\u00e4che und im schlechtesten Fall Frustration, weil das \u201eLeben vorher\u201c sch\u00f6ner, besser oder einfach anders war. Doch damit nicht genug. Vielfach setzte sich bei denen, die das bis jetzt alles beherrschende westdeutsche System kannten, eine Haltung der \u00dcberlegenheit durch, die dann langsam zur Gewohnheit werden konnte und schlie\u00dflich vielleicht dazu f\u00fchrte, dass man an die andere Vergangenheit der anderen Seite mit ihren anderen Erfahrungen gar nicht mehr zu denken bereit war.<\/p>\n<p>Eigenlich ist das alles ein ganz normaler Prozess. Etwas wird zur Gewohnheit und etwas ger\u00e4t in Vergessenheit. Doch in unserem vereinten Deutschland ist das nicht so einfach.<\/p>\n<h5>Eine Nation<\/h5>\n<p>Wir wollen jetzt eine Nation sein \u2013 Deutschland \u2013 doch die einen haben die anderen kolonialisiert. Das ist eine Tatsache und nicht abzustreiten. Schauen wir uns die Definition von Kolonisation im Lexikon der Geographie an: \u201eKolonialismus beinhaltet die territoriale Machterweiterung eines Staates (Kolonialmacht) durch den Aufbau und die langfristig ausgelegte milit\u00e4rische, wirtschaftliche und\/oder politische Kontrolle der unterworfenen Bev\u00f6lkerung (Imperialismus).\u201c<a id=\"_ftnref1\" href=\"https:\/\/www.marionschneider.net\/kriegsvergessen-kriegsversessen\/#_ftn1\">[1]<\/a> Von vielen Familien der neuen Bundesl\u00e4nder k\u00f6nnen wir pers\u00f6nliche Geschichten von Verlust, Entbehrung, Existenzangst und in fast allen Familien Geschichten von radikalem Neubeginn h\u00f6ren. Die meisten Menschen des Ostens waren bereit, dies auf sich zu nehmen, weil sie sich Wohlstand, Frieden und Freiheit erhofften \u2013 auf jeden Fall f\u00fcr ihre Kinder und Enkelkinder. Was ist nun daraus geworden?<\/p>\n<h5>Der Sieg<\/h5>\n<p>Die Entwicklungen und M\u00f6glichkeiten nach 1989 wurden zunehmend zur Selbstverst\u00e4ndlichkeit: \u201eDer Westen\u201c\u00a0 hatte gesiegt. Mit dieser Sieger-Attit\u00fcde ging der Westen nun daran, den Osten der DDR und \u00fcbrigens auch die anderen osteurop\u00e4ischen L\u00e4nder zu begl\u00fccken. Das westliche System setzte sich \u00fcberall durch. Der Kapitalismus wurde zur Selbstverst\u00e4ndlichkeit. Einen kapitalen Fehler haben unsere politisch Verantwortlichen wie auch viele Mitb\u00fcrger im Laufe der Jahre begangen: sie sind mehrheitlich nicht mehr dankbar. Dankbar sollten wir aber der Sowjetunion sein, dass sie sich nach 1989 zur\u00fcckgezogen und abger\u00fcstet hat. Dankbar sollten wir den DDR-B\u00fcrgern sein, die \u00fcber viele Jahre den gesamten Anteil an Reparationen an die in weiten Gebieten total zerst\u00f6rte Sowjetunion tragen mussten und trotzdem ein wirtschaftlich stabiles Land wurden. Dankbar sollten wir den B\u00fcrgern der alten Bundesl\u00e4nder sein, dass sie die Zahlung von Entsch\u00e4digungen f\u00fcr Holocaust-Opfer sowie s\u00e4mtliche Reparationen f\u00fcr den 1. Weltkrieg \u00fcbernahmen. Dankbar sollten wir den beiden Generationen sein, die diesen Aufbau erfolgreich bewerkstelligt haben.<\/p>\n<h5>Die Arroganz<\/h5>\n<p>Es gibt in unserem wundersch\u00f6nen Land inzwischen eine m\u00e4chtige Gruppe, die von sich annimmt, die Weisheit mit L\u00f6ffeln gegessen zu haben. Sie meint, dass sie andere Meinungen gar nicht mehr h\u00f6ren muss, weil sie naturgem\u00e4\u00df immer Recht hat. Sie hat nicht gelernt, sich selbst kritisch zu sehen, weil sie in einem Land gro\u00df geworden ist, welches Kritik und Selbstkritik verlernt hat. Die besagten zwei Generationen haben hart gearbeitet und weiter aufgebaut und ihre Kinder haben gelernt, dass Geiz geil ist, Wettbewerb jeder gegen jeden normal ist und dass der Schw\u00e4chere eben Pech gehabt hat.<\/p>\n<p>Selbstkritik bedeutet, von sich selbst Abstand zu nehmen und sich bei seinem eigenen Treiben zu beobachten. Mache ich alles richtig? Habe ich Fehler gemacht? Was kann ich besser machen? Beim Leistungssport wie beim Unternehmertum ist Selbstkritik der unabdingbare Garant des Erfolgs. In unserem Land ist Selbstkritik inzwischen eher Anlass dazu, vom anderen zus\u00e4tzlich Pr\u00fcgel zu erhalten. Alle wollen die Besten sein.<\/p>\n<p>Die, die sich dieser Lebensphilosophie hingeben, sind f\u00fcr Ideologie sehr anf\u00e4llig. Ideologie, die ihnen schmeichelt, sie vermeintlich lobt, emporhebt, um sie dann in eine bestimmte Richtung zu lenken. Das ist uns in Deutschland widerfahren. Ich habe dazu k\u00fcrzlich ein Gedicht geschrieben. Es hei\u00dft Deutschland 2025 und geht wie folgt:<\/p>\n<pre class=\"wp-block-verse\" style=\"padding-left: 40px;\">Die Deutschen \u00fcbten Gehorsamkeit\r\nIn vielen hunderten Jahren\r\nDas brachte ihnen Gelehrsamkeit\r\nbei der sie f\u00fchrend waren\r\n\r\nGehorsam bis zum heutigen Tag\r\nGehorchen sie dem, was da kommen mag\r\nWenn es nur ganz von oben ert\u00f6nt\r\nUnd mit einer Drohung m\u00e4chtig dr\u00f6hnt\r\n\r\nDas ist uns nun allen sattsam bekannt\r\nUnd unzufrieden sind viele im Land\r\nDie Gehorsamkeit wird zur Schlachtbank uns f\u00fchren\r\nDas ist nun allerorten zu sp\u00fcren\r\n\r\nWas nun erwachsen muss ist der Mut\r\nDie Liebe zum Leben gibt ihn her\r\nDas W\u00f6rtchen \u201enein\u201c ist dabei gut\r\nUnd Freiheit atmen, immer mehr.<\/pre>\n<h5>Wir sind die Besten<\/h5>\n<p>Weil wir die Besten sein wollen, m\u00fcssen wir in allem besonders gut sein. Besonders viele Impfstoffe, besonders viele Verbote, besonders viele Waffen, besonders viele Opfer bringen. So sind wir auf dem Weg, nicht nur kriegst\u00fcchtig, sondern auch noch kriegss\u00fcchtig zu werden. Die Sucht nach immer mehr ist dieser Haltung innewohnend.<\/p>\n<p>Ein anderer Aspekt kommt hinzu: die Scheu, deutsch zu sein, weil wir unter der Last unserer Geschichte leiden. Die Scham, sich zu Deutschland zu bekennen, weil man mit dem Finger auf uns zeigen k\u00f6nnte.<\/p>\n<p>Da ist es dann eigentlich nicht verwunderlich, dass das fehlende Nationalgef\u00fchl mit Leidenschaft auf die Ukraine \u00fcbertragen wird. Dort darf man pl\u00f6tzlich \u201eHeil Ukraine\u201c rufen, die Fahne zeigen, nationale Lieder singen \u2013 und das Hakenkreuz tragen. Dort darf man wieder Fackelz\u00fcge machen, Menschen wegen ihrer Gesinnung aus dem Fenster werfen, Korruption und Menschenhandel betreiben, schie\u00dfen und ermorden, Russisch in Wort und Schrift, ja selbst die orthodoxe Religion verbieten, in einem Wort: die Russen hassen. Die niedrigsten Instinkte werden geduldet.<\/p>\n<p>Obwohl diese Tatsachen allen bekannt sein k\u00f6nnten, wollen es hier in Deutschland viele nicht wissen, denn wir sind doch treu bis in den Tod. Wie treu, sieht man an der Beflaggung vor der Residenz unseres Bundespr\u00e4sidenten mitten in Berlin.<\/p>\n<figure id=\"attachment_21294\" aria-describedby=\"caption-attachment-21294\" style=\"width: 600px\" class=\"wp-caption alignnone\"><img data-recalc-dims=\"1\" loading=\"lazy\" decoding=\"async\" data-attachment-id=\"21294\" data-permalink=\"https:\/\/www.freidenker.org\/?attachment_id=21294\" data-orig-file=\"https:\/\/i0.wp.com\/www.freidenker.org\/fw17\/wp-content\/uploads\/2025\/03\/Schloss-Bellevue-1024x768-1.jpg?fit=1024%2C768&amp;ssl=1\" data-orig-size=\"1024,768\" data-comments-opened=\"0\" data-image-meta=\"{&quot;aperture&quot;:&quot;0&quot;,&quot;credit&quot;:&quot;&quot;,&quot;camera&quot;:&quot;&quot;,&quot;caption&quot;:&quot;&quot;,&quot;created_timestamp&quot;:&quot;0&quot;,&quot;copyright&quot;:&quot;&quot;,&quot;focal_length&quot;:&quot;0&quot;,&quot;iso&quot;:&quot;0&quot;,&quot;shutter_speed&quot;:&quot;0&quot;,&quot;title&quot;:&quot;&quot;,&quot;orientation&quot;:&quot;1&quot;}\" data-image-title=\"Schloss-Bellevue-1024&amp;#215;768\" data-image-description=\"\" data-image-caption=\"\" data-large-file=\"https:\/\/i0.wp.com\/www.freidenker.org\/fw17\/wp-content\/uploads\/2025\/03\/Schloss-Bellevue-1024x768-1.jpg?fit=800%2C600&amp;ssl=1\" class=\"wp-image-21294\" src=\"https:\/\/i0.wp.com\/www.freidenker.org\/fw17\/wp-content\/uploads\/2025\/03\/Schloss-Bellevue-1024x768-1.jpg?resize=600%2C450&#038;ssl=1\" alt=\"\" width=\"600\" height=\"450\" srcset=\"https:\/\/i0.wp.com\/www.freidenker.org\/fw17\/wp-content\/uploads\/2025\/03\/Schloss-Bellevue-1024x768-1.jpg?resize=300%2C225&amp;ssl=1 300w, https:\/\/i0.wp.com\/www.freidenker.org\/fw17\/wp-content\/uploads\/2025\/03\/Schloss-Bellevue-1024x768-1.jpg?resize=768%2C576&amp;ssl=1 768w, https:\/\/i0.wp.com\/www.freidenker.org\/fw17\/wp-content\/uploads\/2025\/03\/Schloss-Bellevue-1024x768-1.jpg?w=1024&amp;ssl=1 1024w\" sizes=\"auto, (max-width: 600px) 100vw, 600px\" \/><figcaption id=\"caption-attachment-21294\" class=\"wp-caption-text\"><span style=\"font-size: 10pt;\">Schloss Bellevue in Berlin \u2013 Foto: Klaus-Dieter B\u00f6hm<\/span><\/figcaption><\/figure>\n<h5>Gier<\/h5>\n<p>Gibt es Hoffnung? Der Weg in die Kriegs-Sucht ist nur durch Vernunft zu stoppen. Innehalten. Stehenbleiben und dann: verstehen. Nicht nur sich verstehen, auch die anderen verstehen. Die, die vermeintlich Unrecht haben, die, die vermeintlich Gegner oder gar Feinde sind. Nachdenken: warum sagen sie dies? Warum handeln sie so? Warum sage ich das? Warum handele ich so?<\/p>\n<p>Meine Hoffnung liegt darin, dass wir die Chance ergreifen, jetzt innezuhalten und uns einem ernsthaften und aufrechten Dialog widmen, der zum Ziel hat, die richtigen L\u00f6sungen zu finden, die Deutschland jetzt braucht, um damit wieder ein zuverl\u00e4ssiger Partner in Europa und in der Welt zu sein. Dazu geh\u00f6rt zuallererst und ganz besonders Ehrlichkeit, Zuverl\u00e4ssigkeit und Diplomatie.<\/p>\n<p style=\"text-align: right;\"><em>Marion Schneider ist Vorsitzende der Gesellschaft zur F\u00f6rderung guten Lebens e.V., Unternehmerin und Autorin aus Th\u00fcringen<\/em><\/p>\n<hr \/>\n<p><span style=\"font-size: 10pt;\">Bild oben: Nachbildung des Gem\u00e4ldes &#8222;Guernica&#8220; von Pablo Picasso auf Fliesen in Originalgr\u00f6\u00dfe in der Stadt Guernica (Originalbild 1937)<\/span><br \/>\n<span style=\"font-size: 10pt;\">Foto: Jules Verne Times Two, <a href=\"https:\/\/creativecommons.org\/licenses\/by-sa\/4.0\" target=\"_blank\" rel=\"noopener\">CC BY-SA 4.0<\/a><\/span><br \/>\n<span style=\"font-size: 10pt;\">Quelle: <a href=\"https:\/\/commons.wikimedia.org\/w\/index.php?curid=149356484\" target=\"_blank\" rel=\"noopener\">https:\/\/commons.wikimedia.org\/w\/index.php?curid=149356484<\/a><\/span><\/p>\n","protected":false},"excerpt":{"rendered":"<p><b>Beitrag von Marion Schneider<\/b><br \/>\nEs ist ganz einfach: Wenn ein Land oder eine Kultur vergessen hat, was ein Krieg bedeutet, ist es wieder m\u00f6glich, die Menschen in den Krieg zu f\u00fchren. Krieg bedeutet f\u00fcr die meisten Menschen Tod von Familienangeh\u00f6rigen, Freunden oder Nachbarn, Einwohnern oder Kollegen. Verkr\u00fcppelung, Leid von denen, die ihre Liebsten verloren haben. Armut. Hunger. Krankheit. Hass, Wut, Leid, Trauer, Hoffnungslosigkeit. All das w\u00fcnschen die, die jetzt den Krieg laut herbeirufen und bejubeln, denen, die ihn f\u00fchren m\u00fcssen. Das ist verantwortungslos und grausam. Wie konnte unsere Nation so tief fallen? Ich erinnere mich lebendig an das Gl\u00fcck und die Gro\u00dfz\u00fcgigkeit aller Menschen in Deutschland nach dem Fall der Mauer. &#8230;<\/p>\n","protected":false},"author":3,"featured_media":21301,"comment_status":"closed","ping_status":"closed","sticky":false,"template":"","format":"standard","meta":{"colormag_page_container_layout":"default_layout","colormag_page_sidebar_layout":"default_layout","advanced_seo_description":"","jetpack_seo_html_title":"","jetpack_seo_noindex":false,"jetpack_post_was_ever_published":false,"footnotes":""},"categories":[16],"tags":[261,452,335,491,188,668,2558,174,2559,2557,2556,639,2360,1530],"class_list":["post-21292","post","type-post","status-publish","format-standard","has-post-thumbnail","hentry","category-weltanschauung-philosophie","tag-bundespraesident","tag-deutschland","tag-frieden","tag-geschichte","tag-krieg","tag-kultur","tag-machterweiterung","tag-mauer","tag-nation","tag-schwaeche","tag-staerke","tag-ukraine-konflikt","tag-wiedervereinigung","tag-wohlstand"],"jetpack_featured_media_url":"https:\/\/i0.wp.com\/www.freidenker.org\/fw17\/wp-content\/uploads\/2025\/03\/Mural_del__Guernica__de_Picasso_800x450.jpg?fit=800%2C450&ssl=1","jetpack_shortlink":"https:\/\/wp.me\/p9stpK-5xq","jetpack-related-posts":[{"id":16599,"url":"https:\/\/www.freidenker.org\/?p=16599","url_meta":{"origin":21292,"position":0},"title":"Interview mit Rainer Rupp: T\u00e4glich sterben 1000 ukrainische Soldaten","author":"Webredaktion","date":"15. Juli 2023","format":false,"excerpt":"Interview von Diether Dehm mit Rainer Rupp Rainer Rupp analysiert das Geschehen auf dem Schlachtfeld und beschreibt die Gr\u00fcnde f\u00fcr das schreckliche Gemetzel, das jeden Tag durchschnittlich 1000 ukrainischen Soldaten das Leben kostet. Streubomben w\u00fcrden am Kr\u00e4fteverh\u00e4ltnis nichts \u00e4ndern und nur zu mehr Leid f\u00fchren. - Au\u00dferdem: Ein Leserkommentar \"Die\u2026","rel":"","context":"In &quot;Frieden - Antifaschismus - Solidarit\u00e4t&quot;","block_context":{"text":"Frieden - Antifaschismus - Solidarit\u00e4t","link":"https:\/\/www.freidenker.org\/?cat=13"},"img":{"alt_text":"","src":"https:\/\/i0.wp.com\/www.freidenker.org\/fw17\/wp-content\/uploads\/2023\/07\/dehm_rupp_800x450.jpg?fit=800%2C450&ssl=1&resize=350%2C200","width":350,"height":200,"srcset":"https:\/\/i0.wp.com\/www.freidenker.org\/fw17\/wp-content\/uploads\/2023\/07\/dehm_rupp_800x450.jpg?fit=800%2C450&ssl=1&resize=350%2C200 1x, https:\/\/i0.wp.com\/www.freidenker.org\/fw17\/wp-content\/uploads\/2023\/07\/dehm_rupp_800x450.jpg?fit=800%2C450&ssl=1&resize=525%2C300 1.5x, https:\/\/i0.wp.com\/www.freidenker.org\/fw17\/wp-content\/uploads\/2023\/07\/dehm_rupp_800x450.jpg?fit=800%2C450&ssl=1&resize=700%2C400 2x"},"classes":[]},{"id":19376,"url":"https:\/\/www.freidenker.org\/?p=19376","url_meta":{"origin":21292,"position":1},"title":"Sie wollen den Krieg","author":"Webredaktion","date":"27. Juni 2024","format":false,"excerpt":"Warnruf des Friedensb\u00fcndnisses NRW In Verantwortung f\u00fcr die Menschen dieses Landes und Europas halten wir als Friedensb\u00fcndnis NRW es f\u00fcr notwendig, das Undenkbare auszusprechen: Die Regierung der USA, die NATO-F\u00fchrung und zahlreiche NATO-Mitgliedstaaten sind bereit, einen Krieg gegen Russland auf europ\u00e4ischem Boden zu f\u00fchren, der unser aller Leben gef\u00e4hrdet. Sie\u2026","rel":"","context":"In &quot;Frieden - Antifaschismus - Solidarit\u00e4t&quot;","block_context":{"text":"Frieden - Antifaschismus - Solidarit\u00e4t","link":"https:\/\/www.freidenker.org\/?cat=13"},"img":{"alt_text":"","src":"https:\/\/i0.wp.com\/www.freidenker.org\/fw17\/wp-content\/uploads\/2024\/06\/friedensbuendnis-nrw-galerie-17_800x450.jpg?fit=800%2C450&ssl=1&resize=350%2C200","width":350,"height":200,"srcset":"https:\/\/i0.wp.com\/www.freidenker.org\/fw17\/wp-content\/uploads\/2024\/06\/friedensbuendnis-nrw-galerie-17_800x450.jpg?fit=800%2C450&ssl=1&resize=350%2C200 1x, https:\/\/i0.wp.com\/www.freidenker.org\/fw17\/wp-content\/uploads\/2024\/06\/friedensbuendnis-nrw-galerie-17_800x450.jpg?fit=800%2C450&ssl=1&resize=525%2C300 1.5x, https:\/\/i0.wp.com\/www.freidenker.org\/fw17\/wp-content\/uploads\/2024\/06\/friedensbuendnis-nrw-galerie-17_800x450.jpg?fit=800%2C450&ssl=1&resize=700%2C400 2x"},"classes":[]},{"id":24883,"url":"https:\/\/www.freidenker.org\/?p=24883","url_meta":{"origin":21292,"position":2},"title":"Osterm\u00e4rsche 2026 in Hessen","author":"Webredaktion","date":"18. April 2026","format":false,"excerpt":"Wir berichten von einigen Veranstaltungen anl\u00e4sslich der Osterm\u00e4rsche in Hessen, an denen auch zahlreiche Mitglieder unseres Verbandes teilnahmen und mitwirkten. Der traditionelle Start der Hessischen Osterm\u00e4rsche fand auch diesmal mit dem Ostermarsch der Friedenplattform Hanau 2026 am Karfreitag (3.4.26) in Bruchk\u00f6bel statt. Die Kundgebung begann um 14:00 Uhr und stand\u2026","rel":"","context":"In &quot;Aktuelles&quot;","block_context":{"text":"Aktuelles","link":"https:\/\/www.freidenker.org\/?cat=574"},"img":{"alt_text":"","src":"https:\/\/i0.wp.com\/www.freidenker.org\/fw17\/wp-content\/uploads\/2026\/04\/OM26-Frankfurt-133056_800x450.jpg?fit=800%2C450&ssl=1&resize=350%2C200","width":350,"height":200,"srcset":"https:\/\/i0.wp.com\/www.freidenker.org\/fw17\/wp-content\/uploads\/2026\/04\/OM26-Frankfurt-133056_800x450.jpg?fit=800%2C450&ssl=1&resize=350%2C200 1x, https:\/\/i0.wp.com\/www.freidenker.org\/fw17\/wp-content\/uploads\/2026\/04\/OM26-Frankfurt-133056_800x450.jpg?fit=800%2C450&ssl=1&resize=525%2C300 1.5x, https:\/\/i0.wp.com\/www.freidenker.org\/fw17\/wp-content\/uploads\/2026\/04\/OM26-Frankfurt-133056_800x450.jpg?fit=800%2C450&ssl=1&resize=700%2C400 2x"},"classes":[]},{"id":15107,"url":"https:\/\/www.freidenker.org\/?p=15107","url_meta":{"origin":21292,"position":3},"title":"Ehemalige NVA-Generale warnen vor weiteren Waffenlieferungen an die Ukraine","author":"Webredaktion","date":"1. Februar 2023","format":false,"excerpt":"Stellungnahmen von Manfred Gr\u00e4tz, Generalleutnant a.D. und Sebald Daum, Generalmajor a.D. Gerne ver\u00f6ffentlichen wir die nachfolgenden Stellungnahmen, die uns vom befreundeten Verband zur Pflege der Traditionen der Nationalen Volksarmee und der Grenztruppen der DDR erreicht haben. [Auszug Gr\u00e4tz:] Es ist wieder so weit. Von ungez\u00e4hlten Menschen bef\u00fcrchtet, von einer geschichtsvergessenen\u2026","rel":"","context":"In &quot;Frieden - Antifaschismus - Solidarit\u00e4t&quot;","block_context":{"text":"Frieden - Antifaschismus - Solidarit\u00e4t","link":"https:\/\/www.freidenker.org\/?cat=13"},"img":{"alt_text":"","src":"https:\/\/i0.wp.com\/www.freidenker.org\/fw17\/wp-content\/uploads\/2023\/02\/ukrainische_haubitze_800x450.jpg?fit=800%2C450&ssl=1&resize=350%2C200","width":350,"height":200,"srcset":"https:\/\/i0.wp.com\/www.freidenker.org\/fw17\/wp-content\/uploads\/2023\/02\/ukrainische_haubitze_800x450.jpg?fit=800%2C450&ssl=1&resize=350%2C200 1x, https:\/\/i0.wp.com\/www.freidenker.org\/fw17\/wp-content\/uploads\/2023\/02\/ukrainische_haubitze_800x450.jpg?fit=800%2C450&ssl=1&resize=525%2C300 1.5x, https:\/\/i0.wp.com\/www.freidenker.org\/fw17\/wp-content\/uploads\/2023\/02\/ukrainische_haubitze_800x450.jpg?fit=800%2C450&ssl=1&resize=700%2C400 2x"},"classes":[]},{"id":18521,"url":"https:\/\/www.freidenker.org\/?p=18521","url_meta":{"origin":21292,"position":4},"title":"Gegen den Genozid im Namen \u201efeministischer Au\u00dfenpolitik\u201c!","author":"Webredaktion","date":"9. M\u00e4rz 2024","format":false,"excerpt":"Beitrag der Kommunistischen Organisation Vor gut einem Jahr wurden die Leitlinien f\u00fcr die \u201eFeministische Au\u00dfenpolitik\u201c der Bundesregierung ver\u00f6ffentlicht. Sie sprechen darin von \u201enachhaltigem Frieden durch die Einbeziehung von Frauen\u201c. Was sich sch\u00f6n anh\u00f6rt, ist in Wahrheit Rechtfertigungsfolie f\u00fcr imperialistische Intervention. So wird der brutale Krieg, den Israel in Gaza f\u00fchrt,\u2026","rel":"","context":"In &quot;Frieden - Antifaschismus - Solidarit\u00e4t&quot;","block_context":{"text":"Frieden - Antifaschismus - Solidarit\u00e4t","link":"https:\/\/www.freidenker.org\/?cat=13"},"img":{"alt_text":"","src":"https:\/\/i0.wp.com\/www.freidenker.org\/fw17\/wp-content\/uploads\/2024\/03\/gaza-3829405_800x450.jpg?fit=800%2C450&ssl=1&resize=350%2C200","width":350,"height":200,"srcset":"https:\/\/i0.wp.com\/www.freidenker.org\/fw17\/wp-content\/uploads\/2024\/03\/gaza-3829405_800x450.jpg?fit=800%2C450&ssl=1&resize=350%2C200 1x, https:\/\/i0.wp.com\/www.freidenker.org\/fw17\/wp-content\/uploads\/2024\/03\/gaza-3829405_800x450.jpg?fit=800%2C450&ssl=1&resize=525%2C300 1.5x, https:\/\/i0.wp.com\/www.freidenker.org\/fw17\/wp-content\/uploads\/2024\/03\/gaza-3829405_800x450.jpg?fit=800%2C450&ssl=1&resize=700%2C400 2x"},"classes":[]},{"id":24665,"url":"https:\/\/www.freidenker.org\/?p=24665","url_meta":{"origin":21292,"position":5},"title":"Das Imperium der Gewalt auf Selbstzerst\u00f6rungskurs","author":"Webredaktion","date":"19. M\u00e4rz 2026","format":false,"excerpt":"Kommentar von Tilo Gr\u00e4ser Die herrschenden Kr\u00e4fte der USA haben zwei aktuelle Kriege provoziert und begonnen \u2013 in der Ukraine und in Westasien gegen den Iran \u2013, die sie offensichtlich nicht beenden k\u00f6nnen. Ob sie es tats\u00e4chlich wollen, ist eine andere Frage. Da gibt es zwar die Aussagen des wiedergew\u00e4hlten\u2026","rel":"","context":"In &quot;Demokratie \u2013 Medien \u2013 Aufkl\u00e4rung&quot;","block_context":{"text":"Demokratie \u2013 Medien \u2013 Aufkl\u00e4rung","link":"https:\/\/www.freidenker.org\/?cat=12"},"img":{"alt_text":"","src":"https:\/\/i0.wp.com\/www.freidenker.org\/fw17\/wp-content\/uploads\/2026\/03\/wolkenkratzer_zerstoert_800x450.jpg?fit=800%2C450&ssl=1&resize=350%2C200","width":350,"height":200,"srcset":"https:\/\/i0.wp.com\/www.freidenker.org\/fw17\/wp-content\/uploads\/2026\/03\/wolkenkratzer_zerstoert_800x450.jpg?fit=800%2C450&ssl=1&resize=350%2C200 1x, https:\/\/i0.wp.com\/www.freidenker.org\/fw17\/wp-content\/uploads\/2026\/03\/wolkenkratzer_zerstoert_800x450.jpg?fit=800%2C450&ssl=1&resize=525%2C300 1.5x, https:\/\/i0.wp.com\/www.freidenker.org\/fw17\/wp-content\/uploads\/2026\/03\/wolkenkratzer_zerstoert_800x450.jpg?fit=800%2C450&ssl=1&resize=700%2C400 2x"},"classes":[]}],"_links":{"self":[{"href":"https:\/\/www.freidenker.org\/index.php?rest_route=\/wp\/v2\/posts\/21292","targetHints":{"allow":["GET"]}}],"collection":[{"href":"https:\/\/www.freidenker.org\/index.php?rest_route=\/wp\/v2\/posts"}],"about":[{"href":"https:\/\/www.freidenker.org\/index.php?rest_route=\/wp\/v2\/types\/post"}],"author":[{"embeddable":true,"href":"https:\/\/www.freidenker.org\/index.php?rest_route=\/wp\/v2\/users\/3"}],"replies":[{"embeddable":true,"href":"https:\/\/www.freidenker.org\/index.php?rest_route=%2Fwp%2Fv2%2Fcomments&post=21292"}],"version-history":[{"count":9,"href":"https:\/\/www.freidenker.org\/index.php?rest_route=\/wp\/v2\/posts\/21292\/revisions"}],"predecessor-version":[{"id":21304,"href":"https:\/\/www.freidenker.org\/index.php?rest_route=\/wp\/v2\/posts\/21292\/revisions\/21304"}],"wp:featuredmedia":[{"embeddable":true,"href":"https:\/\/www.freidenker.org\/index.php?rest_route=\/wp\/v2\/media\/21301"}],"wp:attachment":[{"href":"https:\/\/www.freidenker.org\/index.php?rest_route=%2Fwp%2Fv2%2Fmedia&parent=21292"}],"wp:term":[{"taxonomy":"category","embeddable":true,"href":"https:\/\/www.freidenker.org\/index.php?rest_route=%2Fwp%2Fv2%2Fcategories&post=21292"},{"taxonomy":"post_tag","embeddable":true,"href":"https:\/\/www.freidenker.org\/index.php?rest_route=%2Fwp%2Fv2%2Ftags&post=21292"}],"curies":[{"name":"wp","href":"https:\/\/api.w.org\/{rel}","templated":true}]}}