{"id":21267,"date":"2025-03-27T01:43:30","date_gmt":"2025-03-27T00:43:30","guid":{"rendered":"https:\/\/www.freidenker.org\/?p=21267"},"modified":"2025-05-19T14:11:07","modified_gmt":"2025-05-19T12:11:07","slug":"eine-beerdigung-ganz-ohne-klasse-die-debatte-zur-billionenschuld-im-bundestag","status":"publish","type":"post","link":"https:\/\/www.freidenker.org\/?p=21267","title":{"rendered":"Eine Beerdigung ganz ohne Klasse &#8211; Die Debatte zur Billionenschuld im Bundestag"},"content":{"rendered":"<p><strong>Wie nennt man das Gegenteil einer parlamentarischen Sternstunde? Ein parlamentarisches schwarzes Loch? Die dunkle Materie des Bundestags? Wie auch immer, das war es jedenfalls, was das eigentlich aufgel\u00f6ste Parlament da vorf\u00fchrte. Geschichte als Abschreckung. <\/strong><\/p>\n<p><em>Von <strong>Dagmar Henn<\/strong><\/em><\/p>\n<p><span style=\"font-size: 10pt;\">Erstver\u00f6ffentlichung am 20.03.2025 auf <a href=\"https:\/\/freedert.online\/meinung\/240085-debatte-zur-billionenschuld-beerdigung-ganz\/\" target=\"_blank\" rel=\"noopener\">RT DE<\/a><\/span><\/p>\n<p>Es muss ein seltsamer deutscher Drang sein, historische Daten so oft zu \u00fcberlagern, bis sie ihre urspr\u00fcngliche Bedeutung v\u00f6llig verloren haben. So ging das mit dem 9. November, eigentlich der Tag der Novemberrevolution des Jahres 1918, auf den \u2012 gewiss nicht aus Versehen \u2012 die Nazis ihr gro\u00dfes Pogrom 1938 legten, und der dann, mit der Farbrevolution in der DDR am gleichen Datum endg\u00fcltig jeden ermutigenden Beigeschmack verlor.<\/p>\n<p>Genau so geschah es jetzt auch mit dem 18. M\u00e4rz (und es ist symptomatisch, dass das urspr\u00fcngliche Datum im Bundestag nicht mehr erw\u00e4hnt wurde): Der 18. M\u00e4rz 1848 war der Tag, an dem die verfassungsgebende Nationalversammlung in der Paulskirche zusammentrat, ein Parlament, das das Ergebnis einer wirklichen Revolution war. Bundestagspr\u00e4sidentin B\u00e4rbel Bas bezog sich, geradezu euphorisch, auf die zweite Version, den Tag der Volkskammerwahl in der DDR 1990. Eine Wahl, die letztlich auf die v\u00f6llige Auspl\u00fcnderung des Annexionsgebiets hinauslief, wozu ein Parlament, das mit massiver Beeinflussung aus dem Ausland BRD gew\u00e4hlt wurde und sich danach von Westpolitikern am Nasenring durch die Manege f\u00fchren lie\u00df, wesentlich beitrug. Nicht einmal den Einigungsvertrag durfte dieses Parlament miterarbeiten, es durfte ihn nur abnicken.<\/p>\n<p><em>&#8222;<\/em><em>Liebe Kolleginnen und Kollegen, lassen Sie uns die demokratische Euphorie der ersten freien Volkskammerwahl nicht nur ehren, sondern auch weiterf\u00fchren<\/em><em>&#8222;<\/em>, erkl\u00e4rte Bas und verwies auf die damalige <em>&#8222;Wahlbeteiligung von beeindruckenden 93,4 Prozent&#8220;<\/em>. Und er\u00f6ffnete damit die Sitzung eines aufgel\u00f6sten Bundestags, der eine Wahl mit einer f\u00fcr heutige deutsche Verh\u00e4ltnisse hohen Wahlbeteiligung von 82,5 noch vor Konstituierung des neuen Parlaments bereits entwertete. Demokratische Euphorie, f\u00fcrwahr. Und nun auch endg\u00fcltig die dritte Lage f\u00fcr den 18. M\u00e4rz, die den Aufbruch, f\u00fcr den er einmal stand, durch eine Beerdigung ersetzte.<\/p>\n<p>Die Hast, mit der die Billionenschuld beschlossen wurde, fand keine Begr\u00fcndung. <em>&#8222;Der neue Bundestag w\u00e4re erst in einigen Monaten handlungsf\u00e4hig, und so viel Zeit haben wir nicht mehr&#8220;<\/em>, sagte der SPD-Politiker Johannes Fechner. Erst gegen Ende der Debatte, auf eine Zwischenfrage von Beatrix von Storch,\u00a0<em>&#8222;<\/em><em>warum das Aufnehmen von Schulden f\u00fcr die n\u00e4chsten zw\u00f6lf Jahre so wahnsinnig eilig ist, dass wir jetzt beschlie\u00dfen m\u00fcssen und nicht noch drei Tage hinwarten k\u00f6nnen<\/em><em>&#8222;,<\/em> erwiderte Thorsten Frei (CDU):<\/p>\n<p style=\"padding-left: 40px;\"><em>&#8222;Wir haben eine ganze Reihe von Ereignissen erlebt. Wenn Sie beispielsweise die M\u00fcnchner Sicherheitskonferenz und die dortige Debatte verfolgt haben, wenn Sie beispielsweise an die Situation von Pr\u00e4sident Selenskij im Oval Office in Washington und an vieles andere mehr denken, dann macht das deutlich, dass die F\u00e4higkeit, uns selbst verteidigen zu k\u00f6nnen, sehr viel schneller notwendig sein wird, als das in der Vergangenheit von uns gesehen worden ist. Es ist notwendig, alles daf\u00fcr Notwendige zu tun.&#8220;<\/em><\/p>\n<p>Nun, in Wirklichkeit d\u00fcrfte eher die Angst vorherrschen, sollten die Verhandlungen zwischen den USA und Russland tats\u00e4chlich zu einem Ende des Kriegs in der Ukraine f\u00fchren, der Rechtfertigung f\u00fcr all die sch\u00f6nen Milliarden f\u00fcr Rheinmetall &amp; Co. verlustig zu gehen \u2012 ein Umstand, bei dem man sich angesichts der Ausgaben der vergangenen Jahre sogleich fragt, wer wohl bereits vorab f\u00fcr eine solche Entscheidung entlohnt wurde. Aber bis heute wurden ja nicht einmal die Kontenbewegungen und Verm\u00f6genszuw\u00e4chse der Coronazeit angegangen, auch wenn die ganze Firma Biontech nach einem Vehikel f\u00fcr Insiderhandel riecht.<\/p>\n<p>Der k\u00fcnftige Bundestag jedenfalls d\u00fcrfte etwa so viel zu sagen haben wie die letzte DDR-Volkskammer in Bezug auf den Ablauf der Annexion. Gar nichts.<\/p>\n<p>Lars Klingbeil (SPD) f\u00fchrte ein paar h\u00fcbsche Beispiele an, wie das &#8222;Sonderverm\u00f6gen&#8220; f\u00fcr Investitionen den B\u00fcrgern n\u00fctzen solle. Und pries das Ganze als <em>&#8222;<\/em><em>in erster Linie ein gigantisches Paket f\u00fcr die B\u00fcrgerinnen und B\u00fcrger, ein Paket gegen die Spaltung und Polarisierung, ein Paket f\u00fcr Sicherheit, f\u00fcr die Modernisierung und die St\u00e4rkung unseres Landes, vielleicht das gr\u00f6\u00dfte Paket in der Geschichte unseres Landes<\/em><em>&#8222;.<\/em> Schulen, durch deren Decken das Wasser tropfe, Klimaschutz, moderne Technik f\u00fcr Krankenh\u00e4user und eine digitalisierte Verwaltung, daf\u00fcr werde doch Geld \u00fcbrig bleiben.<\/p>\n<p>Eine Behauptung, die so vorne und hinten nicht aufgeht. Aber immerhin hat er darauf verzichtet, von maroden Autobahnbr\u00fccken zu reden. Die sollten n\u00e4mlich eigentlich l\u00e4ngst saniert werden.\u00a0So zumindest die Begr\u00fcndung f\u00fcr die Aush\u00e4ndigung der Autobahnen an die Autobahn GmbH im Jahr 2018, die &#8222;private Investitionen&#8220; erm\u00f6glichen sollte. Und was die Krankenh\u00e4user angeht \u2012 mehr als 40 Prozent der Kliniken sind inzwischen privat. Der Betrag, der bundesweit in Schulgeb\u00e4ude investiert werden m\u00fcsste, wird \u00fcbrigens auf mehr als 40 Milliarden gesch\u00e4tzt. Womit die Mittel, die die L\u00e4nder in diesem tollen Paket erhalten sollen, schon fast zur H\u00e4lfte wieder fort sind.<\/p>\n<p>Aber das ist das Gerede, mit dem Klingbeil die Billionenschuld sch\u00f6nreden will, als ginge es dabei um einen New Deal und nicht um eine weitere gro\u00dfe Schaufel Geld in dubiose Kan\u00e4le, wie das schon unter der \u00dcberschrift Corona der Fall war. Selbstverst\u00e4ndlich f\u00e4llt bei der Gelegenheit niemandem auf, dass das gr\u00f6\u00dfte soziale Problem des Landes, die Wohnungsfrage, nicht ein einziges Mal im Zusammenhang mit den 500 Milliarden erw\u00e4hnt wurde, die angeblich in Infrastruktur gehen sollen. Dabei ist das der Punkt, an dem die Schuldenbremse, die auch f\u00fcr die L\u00e4nder gilt, die massivsten Folgen gehabt haben d\u00fcrfte: Wohnungsbauf\u00f6rderung ist L\u00e4ndersache.<\/p>\n<p>\u00dcbrigens, die Behauptung, diese Klimaneutralit\u00e4t bis 2045 ins Grundgesetz zu schreiben, habe gar keine direkten Auswirkungen f\u00fcr die B\u00fcrger, wurde bereits am n\u00e4chsten Tag widerlegt \u2012 weil die CDU inzwischen laut dar\u00fcber nachdenkt, das Habecksche Heizgesetz doch unangetastet zu lassen. Schlie\u00dflich k\u00f6nne man sonst die Klimaziele&#8230;<\/p>\n<p>Variationen \u00fcber die &#8222;russische Bedrohung&#8220; wiederzugeben, kann man sich schenken. Das ist das immer gleiche Lied\u00a0\u2012 bestenfalls die Strophenl\u00e4nge weckt noch technisches Interesse. Friedrich Merz jedenfalls versuchte in seiner Suada \u00fcber <em>&#8222;Putins Angriffskrieg gegen Europa&#8220;<\/em> noch alles unterzubringen, was je Russland vorgeworfen wurde, einschlie\u00dflich des Versuchs <em>&#8222;einer Spaltung und Marginalisierung der Europ\u00e4ischen Union&#8220;<\/em>. Dass Boris Pistorius wieder einmal sagte, Putin wolle keinen Frieden, hat keinerlei Nachrichtenwert.<\/p>\n<p>Der interessanteste Teil der Debatte war der selbstbezogene. Das, was an Auseinandersetzung \u00fcber die Frage stattfand, ob dieses Vorgehen, diese Hauruckschuld, angebracht sei. Da legte schon Thorsten Frei von der CDU in der zweiten Rede des Tages vor:<\/p>\n<p style=\"padding-left: 40px;\"><em>&#8222;Deswegen, bevor Sie \u00fcber Legitimit\u00e4t sprechen, sollten Sie lieber \u00fcber Legalit\u00e4t sprechen. Und legal ist es, was wir hier machen; alles ist legal.&#8220;<\/em><\/p>\n<p>Ein Argument, auf das man in Deutschland eigentlich eher verzichten sollte. Die Macht\u00fcbertragung an einen gewissen \u00d6sterreicher war auch legal. Aber legitim? Eine Frage, die sich auch mit Verweis auf j\u00fcngste Verfassungsgerichtsurteile nicht aus der Welt schaffen l\u00e4sst. Immerhin bekamen Millionen W\u00e4hler etwas v\u00f6llig Anderes geliefert, als sie gew\u00e4hlt hatten, in Rekordgeschwindigkeit und das ganz ohne R\u00fcckgaberecht.<\/p>\n<p>Zuvor hatte schon Johannes Fechner zugeschlagen und der AfD vorgeworfen: <em>&#8222;Sie sind der verl\u00e4ngerte Arm Putins.&#8220;<\/em>\u00a0Irene Mihalic von den Gr\u00fcnen beantwortete das Problem der Legitimit\u00e4t ebenfalls mit einem Angriff auf die AfD, die <em>&#8222;mit ihrem Frontalangriff auf die Verfassungsorgane [&#8230;] ihre faschistische Suppe anr\u00fchren&#8220;<\/em> wolle und der es allein <em>&#8222;um Zerst\u00f6rung und Delegitimierung parlamentarischer Prozesse&#8220;<\/em> gehe. Eine ausgesprochen charmante Argumentation, wenn sie in einem aufgel\u00f6sten Bundestag vorgetragen wird, der mit einer Legitimit\u00e4t von genau null Beschl\u00fcsse f\u00e4llt, die <em>&#8222;ein Jahrzehnt in den Blick nehmen&#8220;<\/em> m\u00fcssten, so der rheinland-pf\u00e4lzische Ministerpr\u00e4sident Alexander Schweitzer.<\/p>\n<p>Die AfD, so Ingeborg Gr\u00e4\u00dfle von der CDU, wolle <em>&#8222;ein schwaches Deutschland&#8220;<\/em>, aber jetzt, durch die Billionenschuld, k\u00f6nne <em>&#8222;Deutschland wirklich stark sein und eine F\u00fchrungsrolle \u00fcbernehmen&#8220;<\/em>. Die kam \u00f6fter, die F\u00fchrungsrolle. Als w\u00e4re ein Land mit vielen Schulden (und einem entmannten Parlament) geradezu nat\u00fcrlich zur F\u00fchrung berufen.<\/p>\n<p>Zweifel an der Vorgehensweise \u00e4u\u00dferte jedoch nicht nur die AfD. Auch aus der FDP kamen sie, wenn auch leise. Und Christian G\u00f6rke von der Linken erkl\u00e4rte die Abstimmung durch den alten Bundestag zum <em>&#8222;Gipfel dieser Unverfrorenheit&#8220;<\/em>. <em>&#8222;Wir nennen das, was Sie hier machen, mittlerweile Staatsverachtung.&#8220;<\/em>\u00a0Laut gebellt, aber nicht gebissen, wie Otto Fricke von der FDP unter die Nase rieb: <em>&#8222;D<\/em><em>ie Landesregierungen mit linker Beteiligung haben schon l\u00e4ngst daf\u00fcr gesorgt, dass es die Zweidrittelmehrheit im Bundesrat geben wird.<\/em><em>&#8222;<\/em> Da ist es gar nicht mehr n\u00f6tig, auf die Tatsache hinzuweisen, dass die Linke es abgelehnt hatte, eine Einberufung des neuen Bundestags zumindest zu versuchen, weil die AfD das wollte. Obwohl ein solcher Antrag zwar von einem Drittel der neuen Abgeordneten gestellt werden muss, aber nirgends die Rede davon ist, dass sie alle unter demselben Antrag stehen m\u00fcssen.<\/p>\n<p style=\"padding-left: 40px;\"><em>&#8222;Die Abgeordneten der Linkspartei haben damit eine historische Chance vertan&#8220;<\/em>, meinte dazu Jessica Tatti vom BSW. <em>&#8222;Wenn man diese Kriegskredite wirklich verhindern will, dann versucht man es, auch wenn die juristische Chance noch so klein ist. Es ist ein historischer Tag, und Sie begehen einen historischen Fehler.&#8220;<\/em><\/p>\n<p>Wie auch immer, die Wahrnehmung daf\u00fcr, wie viel mit diesem Akt zerschlagen wurde, dass sich im Grunde die nachfolgende Koalition ihre eigene Legitimit\u00e4t bereits entzogen hat (so wie das Verfassungsgericht sich die seine), fehlt der Mehrheit v\u00f6llig. <em>&#8222;Dass der demokratische Grundkonsens in unserem Land so belastbar ist, dass diese Mehrheit heute m\u00f6glich ist, das ist eine St\u00e4rke unseres Landes und eine St\u00e4rke der Demokratie in unserem Land&#8220;<\/em>, meinte dazu beispielsweise Alexander Dobrindt (CSU). Beweist sich also die St\u00e4rke einer Demokratie durch die Missachtung derselben?<\/p>\n<p><em>&#8222;Der Wahlbetr\u00fcger Friedrich Merz l\u00e4sst heute gemeinsam mit SPD und Gr\u00fcnen in sechs Tagen so viele neue Schulden beschlie\u00dfen, wie die gesamte Bundesrepublik Deutschland von 1950 bis 2009, also in 59 Jahren, insgesamt aufgenommen hat&#8220;<\/em>, erkl\u00e4rte Michael Espendiller von der AfD. Und lieferte zwei h\u00fcbsche Beispiele daf\u00fcr, was mit den R\u00fcstungsmilliarden wohl gemacht werden wird. 654 Millionen Euro habe die Bundeswehr f\u00fcr private Sicherheitsdienste gezahlt, um Kasernen zu bewachen. Und der Radpanzer Boxer, den Pistorius von Rheinmetall haben wollte, sei aus Australien importiert worden, weil die Lieferung in Deutschland zu lange gebraucht h\u00e4tte. <em>&#8222;Der Russe&#8220;<\/em>, so Espendiller sp\u00f6ttisch, <em>&#8222;steht ja n\u00e4chste Woche schon in Berlin&#8220;<\/em>. 2,7 Milliarden statt zwei Milliarden kostete der Spa\u00df dadurch, was nat\u00fcrlich die dringende Frage nahelegen w\u00fcrde, wer bei diesem Gesch\u00e4ft seinen Schnitt gemacht hat, aber diese Frage stellte leider auch die AfD nicht.<\/p>\n<p>Ja, solche Zahlen erwecken den Eindruck, im deutschen Verteidigungsministerium sehe es auch nicht besser aus als beim US-amerikanischen Pentagon, dem schon mal die eine oder andere Billion abhandenkam. Wie gut, dass der Geldhahn jetzt weit aufgedreht wird. Dann kann wenigstens keiner die h\u00e4sslichen L\u00f6cher entdecken, durch die das viele Geld dann abflie\u00dft.<\/p>\n<p><em>&#8222;Fr\u00fcher&#8220;<\/em>, so Sahra Wagenknecht, <em>&#8222;war die Bundesrepublik ein wirtschaftspolitischer Riese, der sich au\u00dfenpolitisch zur\u00fcckhielt und deshalb internationales Ansehen genoss. Heute ist Deutschland auf dem Weg zum wirtschaftlichen Zwerg, und die daf\u00fcr verantwortlichen Politiker kompensieren ihre Unf\u00e4higkeit durch au\u00dfenpolitische Gro\u00dfmannssucht und beispiellose Hochr\u00fcstung. Wo so etwas endet, kann man in den Geschichtsb\u00fcchern nachlesen.&#8220;<\/em><\/p>\n<p>Nun, wo sie recht hat&#8230; die Nazis finanzierten ihr R\u00fcstungsprogramm \u00fcber Wechsel, sogenannte Mefo-Wechsel, mit einer Laufzeit von f\u00fcnf Jahren, und es war von vornherein einkalkuliert, sie durch Kriegsbeute zu begleichen. Der Trick dabei war, dass diese Wechsel nicht als Staatsschuld ausgewiesen werden mussten&#8230; irgendwas k\u00f6nnte da bekannt vorkommen, aber was halten eigentlich die deutschen Nachbarn von solchen Berechnungen? Doch was tut man nicht alles, wenn die Aussicht besteht, noch einmal &#8222;deutsche F\u00fchrung&#8220; zu geben.<\/p>\n<p>War das nun eine Beerdigung des Parlaments erster oder zweiter Klasse? Bei diesem Bundestag ist man versucht zu sagen, ganz ohne, aber tot bleibt tot. In n\u00e4chster Zeit wird daf\u00fcr dann wieder viel von &#8222;Delegitimierung des Staates&#8220; die Rede sein, gegen all jene, die auf diese Zust\u00e4nde hinzuweisen wagen.<\/p>\n<p>Das deutlichste Fazit fand, wieder einmal, der nun ausscheidende, parteilose Abgeordnete Robert Farle:<\/p>\n<p><em>&#8222;Wir machen doch die Schulden in diesem Land nun auf einen Schlag, dass die Ukraine weitere zig Milliarden Euro kriegt und in sinnlose Panzer investiert und eine Kriegskoalition entsteht und eine Kriegspolitik gemacht wird. Diese Art Politik muss zerst\u00f6rt werden. Wir brauchen keinen Dritten Weltkrieg, auch nicht mit den Gr\u00fcnen und schon gar nicht mit dieser CDU. Da muss jetzt jeder t\u00e4tig werden.&#8220;<\/em><\/p>\n<p style=\"text-align: right;\"><em>Dagmar Henn ist Mitglied des Deutschen Freidenker-Verbandes<\/em><\/p>\n<hr \/>\n<p><span style=\"font-size: 10pt;\">Bild oben: SYmbolbild, KI-generiert mit <a href=\"https:\/\/ki-bild-erstellen.de\/\">ki-bild-erstellen.de<\/a><\/span><\/p>\n","protected":false},"excerpt":{"rendered":"<p><b>Beitrag von Dagmar Henn<\/b><br \/>\nEs muss ein seltsamer deutscher Drang sein, historische Daten so oft zu \u00fcberlagern, bis sie ihre urspr\u00fcngliche Bedeutung v\u00f6llig verloren haben. So ging das mit dem 9. November, eigentlich der Tag der Novemberrevolution des Jahres 1918, auf den \u2012 gewiss nicht aus Versehen \u2012 die Nazis ihr gro\u00dfes Pogrom 1938 legten, und der dann, mit der Farbrevolution in der DDR am gleichen Datum endg\u00fcltig jeden ermutigenden Beigeschmack verlor. Genau so geschah es jetzt auch mit dem 18. M\u00e4rz (und es ist symptomatisch, dass das urspr\u00fcngliche Datum im Bundestag nicht mehr erw\u00e4hnt wurde): Der 18. M\u00e4rz 1848 war der Tag, an dem die verfassungsgebende Nationalversammlung in der Paulskirche zusammentrat, ein Parlament, das das Ergebnis einer wirklichen Revolution war. <\/p>\n","protected":false},"author":3,"featured_media":21269,"comment_status":"closed","ping_status":"closed","sticky":false,"template":"","format":"standard","meta":{"colormag_page_container_layout":"default_layout","colormag_page_sidebar_layout":"default_layout","advanced_seo_description":"","jetpack_seo_html_title":"","jetpack_seo_noindex":false,"jetpack_post_was_ever_published":false,"footnotes":""},"categories":[12],"tags":[1031,2237,477,1241,844,1282,1830,1783,1150,138,2025,2551,815,624,1528],"class_list":["post-21267","post","type-post","status-publish","format-standard","has-post-thumbnail","hentry","category-demokratie-medien-aufklaerung","tag-afd","tag-bsw","tag-bundestag","tag-cdu","tag-grundgesetz","tag-gruene","tag-investitionen","tag-klimaneutralitaet","tag-parlament","tag-revolution","tag-schuldenbremse","tag-sondervermoegen","tag-spd","tag-staatsschulden","tag-wirtschaftspolitik"],"jetpack_featured_media_url":"https:\/\/i0.wp.com\/www.freidenker.org\/fw17\/wp-content\/uploads\/2025\/03\/Sarg_mit_Geld_KI_800x450.jpg?fit=800%2C450&ssl=1","jetpack_shortlink":"https:\/\/wp.me\/p9stpK-5x1","jetpack-related-posts":[{"id":6404,"url":"https:\/\/www.freidenker.org\/?p=6404","url_meta":{"origin":21267,"position":0},"title":"Kein echtes Parlament","author":"Webredaktion","date":"15. Mai 2019","format":false,"excerpt":"Beitrag von Andreas Wehr Die Europ\u00e4ische Union greift immer tiefer in das Leben ihrer B\u00fcrger ein. Hervorgegangen aus einer Wirtschaftsgemeinschaft, die die Schaffung einer Zollunion und eines unbegrenzten Binnenmarktes als Ziele hatte, ist sie l\u00e4ngst zu einem Gebilde mutiert, das sich anma\u00dft, immer mehr Bereiche des gesellschaftlichen Lebens der Mitgliedsl\u00e4nder\u2026","rel":"","context":"In &quot;Demokratie \u2013 Medien \u2013 Aufkl\u00e4rung&quot;","block_context":{"text":"Demokratie \u2013 Medien \u2013 Aufkl\u00e4rung","link":"https:\/\/www.freidenker.org\/?cat=12"},"img":{"alt_text":"","src":"https:\/\/i0.wp.com\/www.freidenker.org\/fw17\/wp-content\/uploads\/2019\/05\/European_Parliament_Strasbourg_Hemicycle_800x445.jpg?fit=800%2C445&ssl=1&resize=350%2C200","width":350,"height":200,"srcset":"https:\/\/i0.wp.com\/www.freidenker.org\/fw17\/wp-content\/uploads\/2019\/05\/European_Parliament_Strasbourg_Hemicycle_800x445.jpg?fit=800%2C445&ssl=1&resize=350%2C200 1x, https:\/\/i0.wp.com\/www.freidenker.org\/fw17\/wp-content\/uploads\/2019\/05\/European_Parliament_Strasbourg_Hemicycle_800x445.jpg?fit=800%2C445&ssl=1&resize=525%2C300 1.5x, https:\/\/i0.wp.com\/www.freidenker.org\/fw17\/wp-content\/uploads\/2019\/05\/European_Parliament_Strasbourg_Hemicycle_800x445.jpg?fit=800%2C445&ssl=1&resize=700%2C400 2x"},"classes":[]},{"id":16183,"url":"https:\/\/www.freidenker.org\/?p=16183","url_meta":{"origin":21267,"position":1},"title":"Bundestagsabgeordnete blickt von \u201eganz unten\u201c","author":"Webredaktion","date":"27. Mai 2023","format":false,"excerpt":"Rezension von Diether Dehm zu \u017baklin Nasti\u0107: \"Aus die Maus \u2013 Der Blick von unten auf die da oben\" Was macht DAS mit uns?\u201c ist ein bl\u00f6der Neusprech. Als ob \u201eDAS\u201c ein h\u00f6heres Wesen sei, nichts Menschgemachtes! Vom Auflehnen einer Abgeordneten gegen \u201eDAS\u201c Bundestag erz\u00e4hlt dieses Buch ziemlich authentisch, oft\u2026","rel":"","context":"In &quot;Demokratie \u2013 Medien \u2013 Aufkl\u00e4rung&quot;","block_context":{"text":"Demokratie \u2013 Medien \u2013 Aufkl\u00e4rung","link":"https:\/\/www.freidenker.org\/?cat=12"},"img":{"alt_text":"","src":"https:\/\/i0.wp.com\/www.freidenker.org\/fw17\/wp-content\/uploads\/2023\/05\/Nastic_800x450.jpg?fit=800%2C450&ssl=1&resize=350%2C200","width":350,"height":200,"srcset":"https:\/\/i0.wp.com\/www.freidenker.org\/fw17\/wp-content\/uploads\/2023\/05\/Nastic_800x450.jpg?fit=800%2C450&ssl=1&resize=350%2C200 1x, https:\/\/i0.wp.com\/www.freidenker.org\/fw17\/wp-content\/uploads\/2023\/05\/Nastic_800x450.jpg?fit=800%2C450&ssl=1&resize=525%2C300 1.5x, https:\/\/i0.wp.com\/www.freidenker.org\/fw17\/wp-content\/uploads\/2023\/05\/Nastic_800x450.jpg?fit=800%2C450&ssl=1&resize=700%2C400 2x"},"classes":[]},{"id":24658,"url":"https:\/\/www.freidenker.org\/?p=24658","url_meta":{"origin":21267,"position":2},"title":"Kl\u00f6ckner und Selenskij: Zwei Illegitime beim freundlichen Plausch","author":"Webredaktion","date":"19. M\u00e4rz 2026","format":false,"excerpt":"Beitrag von Dagmar Henn Kein Wunder, dass sich Julia Kl\u00f6ckner und Wladimir Selenskij so sichtbar gut verstehen. Schlie\u00dflich haben sie eine wichtige Eigenschaft gemeinsam\u00a0\u2013 sie sitzen auf St\u00fchlen, die ihnen nicht zustehen. Selenskijs Amtszeit ist l\u00e4ngst abgelaufen, und Kl\u00f6ckner ist bekanntlich nur deshalb \u00fcberhaupt im Bundestag und kann dort Bundestagspr\u00e4sidentin\u2026","rel":"","context":"In &quot;Demokratie \u2013 Medien \u2013 Aufkl\u00e4rung&quot;","block_context":{"text":"Demokratie \u2013 Medien \u2013 Aufkl\u00e4rung","link":"https:\/\/www.freidenker.org\/?cat=12"},"img":{"alt_text":"","src":"https:\/\/i0.wp.com\/www.freidenker.org\/fw17\/wp-content\/uploads\/2026\/03\/Kloeckner_und_Selenskyj_5029050_800x450.jpg?fit=800%2C450&ssl=1&resize=350%2C200","width":350,"height":200,"srcset":"https:\/\/i0.wp.com\/www.freidenker.org\/fw17\/wp-content\/uploads\/2026\/03\/Kloeckner_und_Selenskyj_5029050_800x450.jpg?fit=800%2C450&ssl=1&resize=350%2C200 1x, https:\/\/i0.wp.com\/www.freidenker.org\/fw17\/wp-content\/uploads\/2026\/03\/Kloeckner_und_Selenskyj_5029050_800x450.jpg?fit=800%2C450&ssl=1&resize=525%2C300 1.5x, https:\/\/i0.wp.com\/www.freidenker.org\/fw17\/wp-content\/uploads\/2026\/03\/Kloeckner_und_Selenskyj_5029050_800x450.jpg?fit=800%2C450&ssl=1&resize=700%2C400 2x"},"classes":[]},{"id":23737,"url":"https:\/\/www.freidenker.org\/?p=23737","url_meta":{"origin":21267,"position":3},"title":"Schulstreik: Den Kriegstrommlern in Deutschland geht es nicht um Freiheit und Demokratie","author":"Webredaktion","date":"7. Dezember 2025","format":false,"excerpt":"Rede von Reiner Hoffmann auf einer Demonstration gegen die Wehrpflicht am 05.12.2025 in D\u00fcsseldorf Am 5. Dezember 2025 fand ein bundesweiter Schulstreik gegen die Wehrpflicht statt, woran sich viele tausend Jugendliche beteiligten, unter anderem in Hamburg, Berlin, Potsdam, K\u00f6ln, D\u00fcsseldorf, M\u00fcnchen, Dresden und Leipzig. Hintergrund war die an diesem Tag\u2026","rel":"","context":"In &quot;Frieden - Antifaschismus - Solidarit\u00e4t&quot;","block_context":{"text":"Frieden - Antifaschismus - Solidarit\u00e4t","link":"https:\/\/www.freidenker.org\/?cat=13"},"img":{"alt_text":"","src":"https:\/\/i0.wp.com\/www.freidenker.org\/fw17\/wp-content\/uploads\/2025\/12\/Schuelerstreik-Wuppertal-IMG_5307_1600x900.jpg?fit=1200%2C674&ssl=1&resize=350%2C200","width":350,"height":200,"srcset":"https:\/\/i0.wp.com\/www.freidenker.org\/fw17\/wp-content\/uploads\/2025\/12\/Schuelerstreik-Wuppertal-IMG_5307_1600x900.jpg?fit=1200%2C674&ssl=1&resize=350%2C200 1x, https:\/\/i0.wp.com\/www.freidenker.org\/fw17\/wp-content\/uploads\/2025\/12\/Schuelerstreik-Wuppertal-IMG_5307_1600x900.jpg?fit=1200%2C674&ssl=1&resize=525%2C300 1.5x, https:\/\/i0.wp.com\/www.freidenker.org\/fw17\/wp-content\/uploads\/2025\/12\/Schuelerstreik-Wuppertal-IMG_5307_1600x900.jpg?fit=1200%2C674&ssl=1&resize=700%2C400 2x, https:\/\/i0.wp.com\/www.freidenker.org\/fw17\/wp-content\/uploads\/2025\/12\/Schuelerstreik-Wuppertal-IMG_5307_1600x900.jpg?fit=1200%2C674&ssl=1&resize=1050%2C600 3x"},"classes":[]},{"id":21527,"url":"https:\/\/www.freidenker.org\/?p=21527","url_meta":{"origin":21267,"position":4},"title":"Bundestag der Schande: Politik instrumentalisiert das Gedenken ans Kriegsende","author":"Webredaktion","date":"22. April 2025","format":false,"excerpt":"Beitrag von Gert Ewen Ungar Der Bundestag verzichtet hinsichtlich der Gedenkveranstaltung zum Ende des Zweiten Weltkriegs in diesem Jahr auf die explizite Einladung des russischen und des wei\u00dfrussischen Botschafters. Der Bundestag verweist zur Begr\u00fcndung auf eine Handreichung des Ausw\u00e4rtigen Amts. Dort wird zudem empfohlen, im Fall des uneingeladenen Erscheinens von\u2026","rel":"","context":"In &quot;Demokratie \u2013 Medien \u2013 Aufkl\u00e4rung&quot;","block_context":{"text":"Demokratie \u2013 Medien \u2013 Aufkl\u00e4rung","link":"https:\/\/www.freidenker.org\/?cat=12"},"img":{"alt_text":"","src":"https:\/\/i0.wp.com\/www.freidenker.org\/fw17\/wp-content\/uploads\/2025\/04\/Sergey_Yuryevitch_Nechayev_ambassador_800x450.jpg?fit=800%2C450&ssl=1&resize=350%2C200","width":350,"height":200,"srcset":"https:\/\/i0.wp.com\/www.freidenker.org\/fw17\/wp-content\/uploads\/2025\/04\/Sergey_Yuryevitch_Nechayev_ambassador_800x450.jpg?fit=800%2C450&ssl=1&resize=350%2C200 1x, https:\/\/i0.wp.com\/www.freidenker.org\/fw17\/wp-content\/uploads\/2025\/04\/Sergey_Yuryevitch_Nechayev_ambassador_800x450.jpg?fit=800%2C450&ssl=1&resize=525%2C300 1.5x, https:\/\/i0.wp.com\/www.freidenker.org\/fw17\/wp-content\/uploads\/2025\/04\/Sergey_Yuryevitch_Nechayev_ambassador_800x450.jpg?fit=800%2C450&ssl=1&resize=700%2C400 2x"},"classes":[]},{"id":18504,"url":"https:\/\/www.freidenker.org\/?p=18504","url_meta":{"origin":21267,"position":5},"title":"Kiesewetter, die Taurus und ein neuer See am Landwehrkanal","author":"Webredaktion","date":"8. M\u00e4rz 2024","format":false,"excerpt":"Beitrag von Dagmar Henn Unzweifelhaft, es gibt Dumme. Und dann gibt es solche, die sich dumm stellen. Wie Roderich Kiesewetter, einer der sichtbarsten Kriegstreiber der CDU im Bundestag. Denn viele andere m\u00f6gen allerlei Dinge \u00fcber die Taurus-Marschflugk\u00f6rper glauben und aus diesen Gr\u00fcnden irgendwelches Zeug erz\u00e4hlen; aber Kiesewetter war nicht immer\u2026","rel":"","context":"In &quot;Demokratie \u2013 Medien \u2013 Aufkl\u00e4rung&quot;","block_context":{"text":"Demokratie \u2013 Medien \u2013 Aufkl\u00e4rung","link":"https:\/\/www.freidenker.org\/?cat=12"},"img":{"alt_text":"","src":"https:\/\/i0.wp.com\/www.freidenker.org\/fw17\/wp-content\/uploads\/2024\/03\/Roderich_Kiesewetter_-_17._Jahreskonferenz_der_Kyjiwer_Gespraeche_800x450.jpg?fit=800%2C450&ssl=1&resize=350%2C200","width":350,"height":200,"srcset":"https:\/\/i0.wp.com\/www.freidenker.org\/fw17\/wp-content\/uploads\/2024\/03\/Roderich_Kiesewetter_-_17._Jahreskonferenz_der_Kyjiwer_Gespraeche_800x450.jpg?fit=800%2C450&ssl=1&resize=350%2C200 1x, https:\/\/i0.wp.com\/www.freidenker.org\/fw17\/wp-content\/uploads\/2024\/03\/Roderich_Kiesewetter_-_17._Jahreskonferenz_der_Kyjiwer_Gespraeche_800x450.jpg?fit=800%2C450&ssl=1&resize=525%2C300 1.5x, https:\/\/i0.wp.com\/www.freidenker.org\/fw17\/wp-content\/uploads\/2024\/03\/Roderich_Kiesewetter_-_17._Jahreskonferenz_der_Kyjiwer_Gespraeche_800x450.jpg?fit=800%2C450&ssl=1&resize=700%2C400 2x"},"classes":[]}],"_links":{"self":[{"href":"https:\/\/www.freidenker.org\/index.php?rest_route=\/wp\/v2\/posts\/21267","targetHints":{"allow":["GET"]}}],"collection":[{"href":"https:\/\/www.freidenker.org\/index.php?rest_route=\/wp\/v2\/posts"}],"about":[{"href":"https:\/\/www.freidenker.org\/index.php?rest_route=\/wp\/v2\/types\/post"}],"author":[{"embeddable":true,"href":"https:\/\/www.freidenker.org\/index.php?rest_route=\/wp\/v2\/users\/3"}],"replies":[{"embeddable":true,"href":"https:\/\/www.freidenker.org\/index.php?rest_route=%2Fwp%2Fv2%2Fcomments&post=21267"}],"version-history":[{"count":2,"href":"https:\/\/www.freidenker.org\/index.php?rest_route=\/wp\/v2\/posts\/21267\/revisions"}],"predecessor-version":[{"id":21270,"href":"https:\/\/www.freidenker.org\/index.php?rest_route=\/wp\/v2\/posts\/21267\/revisions\/21270"}],"wp:featuredmedia":[{"embeddable":true,"href":"https:\/\/www.freidenker.org\/index.php?rest_route=\/wp\/v2\/media\/21269"}],"wp:attachment":[{"href":"https:\/\/www.freidenker.org\/index.php?rest_route=%2Fwp%2Fv2%2Fmedia&parent=21267"}],"wp:term":[{"taxonomy":"category","embeddable":true,"href":"https:\/\/www.freidenker.org\/index.php?rest_route=%2Fwp%2Fv2%2Fcategories&post=21267"},{"taxonomy":"post_tag","embeddable":true,"href":"https:\/\/www.freidenker.org\/index.php?rest_route=%2Fwp%2Fv2%2Ftags&post=21267"}],"curies":[{"name":"wp","href":"https:\/\/api.w.org\/{rel}","templated":true}]}}