{"id":21229,"date":"2025-03-21T02:19:57","date_gmt":"2025-03-21T01:19:57","guid":{"rendered":"https:\/\/www.freidenker.org\/?p=21229"},"modified":"2025-05-19T14:10:35","modified_gmt":"2025-05-19T12:10:35","slug":"lesung-und-diskussion-erik-neutsch-der-letzte-jacobiner","status":"publish","type":"post","link":"https:\/\/www.freidenker.org\/?p=21229","title":{"rendered":"Lesung und Diskussion \u2013 Erik Neutsch. Der letzte Jacobiner"},"content":{"rendered":"<p><strong>Samstag, 05.04.2025, 16:00Uhr<\/strong><\/p>\n<p class=\"western\" align=\"justify\"><strong>Ort: P\u00f6lkenhof, P\u00f6lkenstra\u00dfe 38, 06484 Quedlinburg<\/strong><\/p>\n<p class=\"western\" align=\"justify\"><em><strong>Gunnar Decker<\/strong><\/em> liest ausgew\u00e4hlte Passagen aus seiner gerade entstehenden Biographie \u00fcber Erik Neutsch, die zum 95. Geburtstag des Autors 2026 erscheinen soll.<\/p>\n<p class=\"western\" align=\"justify\"><span id=\"more-1558\"><\/span>Der DDR-Schriftsteller Erik Neutsch stellte wie kein zweiter das Thema Arbeiter und Macht ins Zentrum seines Werkes. Damit erreichte er zwar ein Millionenpublikum, aber stie\u00df auch auf teils heftigen Widerstand von SED-Funktion\u00e4ren. Bereits sein erster gro\u00dfer Erfolg \u201eSpur der Steine\u201c (1964) galt einigen von ihnen als zu anarchistisch. Das nachfolgende Buch \u201eAuf der Suche nach Gatt\u201c, die Geschichte eines Parteifunktion\u00e4rs als Untergeher, erhielt jahrelang keine Druckerlaubnis und konnte erst 1973 erscheinen.<\/p>\n<p class=\"western\" align=\"justify\">Bis Ende der 70er Jahre traf Neutsch mit seinen ersten beiden B\u00fcchern von \u201eDer Friede im Osten\u201c (1974\/78) und \u201eZwei leere St\u00fchle\u201c (1979) den Nerv kritisch gestimmter Leser. In den 80er Jahre jedoch ger\u00e4t er \u2013 auch aufgrund seiner Alkoholsucht \u2013 in eine Schreibkrise. Der Autor entfremdet sich von seinen Lesern.<\/p>\n<p class=\"western\" align=\"justify\">Erst der Wendeschock von 1989 bringt ihn wieder zu sich, weckt einen neuen Schreibfuror. Vom Literaturbetrieb weitgehend ignoriert, gelingt ihm 2003 mit \u201eNach dem Aufstand. Ein Mathias-Gr\u00fcnewald-Roman\u201c ein bedeutsames Alterswerk, das seiner Wiederentdeckung harrt.<\/p>\n<p align=\"justify\">Die Veranstaltung findet im Rahmen des Quedlinburger B\u00fccherfr\u00fchlings statt.<\/p>\n<p class=\"western\" align=\"justify\">Veranstalter: Erik-Neutsch-Stiftung<a href=\"https:\/\/www.rosalux.de\/stiftung\/treuhandstiftungen\/erik-neutsch-stiftung\/\" target=\"_blank\" rel=\"noopener\">*<\/a>, RLC Harz, DFV-Quedlinburg<a href=\"https:\/\/www.sachsen-anhalt.freidenker.org\/cms\/\" target=\"_blank\" rel=\"noopener\">*<\/a><\/p>\n<p class=\"western\" align=\"justify\">Um eine Spende zur F\u00f6rderung <span lang=\"de-DE\">literarischen Schaffens<\/span> in Quedlinburg wird gebeten.\u00a0Danke!<\/p>\n<p><span style=\"font-size: 10pt;\">Quelle: <a class=\"moz-txt-link-freetext\" href=\"https:\/\/www.sachsen-anhalt.freidenker.org\/cms\/?p=1558\">https:\/\/www.sachsen-anhalt.freidenker.org\/cms\/?p=1558<\/a><\/span><\/p>\n<hr \/>\n<p><span style=\"font-size: 10pt;\">Bild oben: D<span class=\"mw-mmv-title\">ie Schriftsteller Dieter Noll (l.) und Erik Neutsch (M.) sowie der Wissenschaftler Prof. Dr. J\u00fcrgen Kuczynski (r.) auf der &#8222;Berliner Begegnung zur Friedensf\u00f6rderung&#8220;, Dezember 1981<br \/>\n<\/span><\/span><span style=\"font-size: 10pt;\">Foto: Bundesarchiv, Bild 183-1982-0104-312, <a href=\"https:\/\/creativecommons.org\/licenses\/by-sa\/3.0\/de\/deed.en\" target=\"_blank\" rel=\"noopener\">CC BY-SA 3.0 de<\/a><\/span><br \/>\n<span style=\"font-size: 10pt;\">Quelle: <a href=\"https:\/\/commons.wikimedia.org\/w\/index.php?curid=5341608\" target=\"_blank\" rel=\"noopener\">https:\/\/commons.wikimedia.org\/w\/index.php?curid=5341608<\/a><\/span><\/p>\n","protected":false},"excerpt":{"rendered":"<p>Samstag, 05.04.2025, 16:00Uhr, Ort: P\u00f6lkenhof, P\u00f6lkenstra\u00dfe 38, 06484 Quedlinburg<br \/>\n<b>Gunnar Decker liest ausgew\u00e4hlte Passagen aus seiner gerade entstehenden Biographie \u00fcber Erik Neutsch<\/b>, die zum 95. Geburtstag des Autors 2026 erscheinen soll.<br \/>\nDer DDR-Schriftsteller Erik Neutsch stellte wie kein zweiter das Thema Arbeiter und Macht ins Zentrum seines Werkes. Damit erreichte er zwar ein Millionenpublikum, aber stie\u00df auch auf teils heftigen Widerstand von SED-Funktion\u00e4ren. Bereits sein erster gro\u00dfer Erfolg \u201eSpur der Steine\u201c (1964) galt einigen von ihnen als zu anarchistisch. Das nachfolgende Buch \u201eAuf der Suche nach Gatt\u201c, die Geschichte eines Parteifunktion\u00e4rs als Untergeher, erhielt jahrelang keine Druckerlaubnis und konnte erst 1973 erscheinen. <\/p>\n","protected":false},"author":3,"featured_media":21230,"comment_status":"closed","ping_status":"closed","sticky":false,"template":"","format":"standard","meta":{"colormag_page_container_layout":"default_layout","colormag_page_sidebar_layout":"default_layout","advanced_seo_description":"","jetpack_seo_html_title":"","jetpack_seo_noindex":false,"jetpack_post_was_ever_published":false,"footnotes":""},"categories":[913,19],"tags":[1040,2152,454,407,1390,930,1109],"class_list":["post-21229","post","type-post","status-publish","format-standard","has-post-thumbnail","hentry","category-kultur-kunst","category-veranstaltungen-in-den-dfv-landesverbaenden","tag-arbeiterklasse","tag-buchlesung","tag-ddr","tag-kunst","tag-literatur","tag-quedlinburg","tag-sed"],"jetpack_featured_media_url":"https:\/\/i0.wp.com\/www.freidenker.org\/fw17\/wp-content\/uploads\/2025\/03\/Noll_Neutsch_Kuczynski_800x450.jpg?fit=800%2C450&ssl=1","jetpack_shortlink":"https:\/\/wp.me\/p9stpK-5wp","jetpack-related-posts":[{"id":11038,"url":"https:\/\/www.freidenker.org\/?p=11038","url_meta":{"origin":21229,"position":0},"title":"20.-22.08.2021: Bildungswochenende in Quedlinburg","author":"Webredaktion","date":"14. August 2021","format":false,"excerpt":"Offenes Bildungswochenende des Landesverbandes Sachsen-Anhalt im Deutschen Freidenker-Verband in Quedlinburg 20.\u201322.08.2021 Aus dem Programm: - \u201eWarten wir die Zukunft ab\u201c - Hartmut K\u00f6nig liest aus seiner Autobiographie mit musikalischen Einlagen - Diskussion zum Thema \u2013 Demokratie, was immer sie auch ist, \u2026 was ist sie eigentlich? \u2013 - thematische Stadtf\u00fchrung\u2026","rel":"","context":"In &quot;Kultur &amp; Kunst&quot;","block_context":{"text":"Kultur &amp; Kunst","link":"https:\/\/www.freidenker.org\/?cat=913"},"img":{"alt_text":"","src":"https:\/\/i0.wp.com\/www.freidenker.org\/fw17\/wp-content\/uploads\/2021\/08\/hartmut_koenig_800x450.jpg?fit=800%2C450&ssl=1&resize=350%2C200","width":350,"height":200,"srcset":"https:\/\/i0.wp.com\/www.freidenker.org\/fw17\/wp-content\/uploads\/2021\/08\/hartmut_koenig_800x450.jpg?fit=800%2C450&ssl=1&resize=350%2C200 1x, https:\/\/i0.wp.com\/www.freidenker.org\/fw17\/wp-content\/uploads\/2021\/08\/hartmut_koenig_800x450.jpg?fit=800%2C450&ssl=1&resize=525%2C300 1.5x, https:\/\/i0.wp.com\/www.freidenker.org\/fw17\/wp-content\/uploads\/2021\/08\/hartmut_koenig_800x450.jpg?fit=800%2C450&ssl=1&resize=700%2C400 2x"},"classes":[]},{"id":6713,"url":"https:\/\/www.freidenker.org\/?p=6713","url_meta":{"origin":21229,"position":1},"title":"H\u00f6hen und Tiefen des DDR-Kulturlebens: Interview mit Hartmut K\u00f6nig","author":"Webredaktion","date":"17. Juli 2019","format":false,"excerpt":"Der Liedermacher und DDR-Kulturpolitiker Hartmut K\u00f6nig hat gegen\u00fcber RT Deutsch seine Ansichten \u00fcber die St\u00e4rken und Schw\u00e4chen des Kulturlebens in der DDR ge\u00e4u\u00dfert. Die DDR habe auf vielen Gebieten Erstaunliches geleistet. Doch auch an Kritikw\u00fcrdigem mangelte es nicht. ... Wer von einem grauen, trostlosen, kultur- und kunstfeindlichen Alltag der DDR-Gesellschaft\u2026","rel":"","context":"In &quot;Kultur &amp; Kunst&quot;","block_context":{"text":"Kultur &amp; Kunst","link":"https:\/\/www.freidenker.org\/?cat=913"},"img":{"alt_text":"","src":"https:\/\/i0.wp.com\/www.freidenker.org\/fw17\/wp-content\/uploads\/2019\/07\/hartmut_koenig_liliso2019_800x445.jpg?fit=800%2C445&ssl=1&resize=350%2C200","width":350,"height":200,"srcset":"https:\/\/i0.wp.com\/www.freidenker.org\/fw17\/wp-content\/uploads\/2019\/07\/hartmut_koenig_liliso2019_800x445.jpg?fit=800%2C445&ssl=1&resize=350%2C200 1x, https:\/\/i0.wp.com\/www.freidenker.org\/fw17\/wp-content\/uploads\/2019\/07\/hartmut_koenig_liliso2019_800x445.jpg?fit=800%2C445&ssl=1&resize=525%2C300 1.5x, https:\/\/i0.wp.com\/www.freidenker.org\/fw17\/wp-content\/uploads\/2019\/07\/hartmut_koenig_liliso2019_800x445.jpg?fit=800%2C445&ssl=1&resize=700%2C400 2x"},"classes":[]},{"id":14899,"url":"https:\/\/www.freidenker.org\/?p=14899","url_meta":{"origin":21229,"position":2},"title":"Ein soziales Problem in der historischen Auseinandersetzung","author":"Webredaktion","date":"29. Dezember 2022","format":false,"excerpt":"Beitrag von Thomas Loch aus FREIDENKER 4-22 Wohnen, ein Recht auf Wohnen, gar als ein Menschenrecht \u2013 um dieses ist es in der Gegenwart nicht gut bestellt, jedenfalls nicht hierzulande. Rechte werden heute gebogen, verwoben, entstellt, instrumentalisiert, sentimentalisiert, es wird an der Oberfl\u00e4che operiert, Rechte werden verk\u00fcndet, versprochen und gebro\u00adchen.\u2026","rel":"","context":"In &quot;Arbeit &amp; Soziales&quot;","block_context":{"text":"Arbeit &amp; Soziales","link":"https:\/\/www.freidenker.org\/?cat=11"},"img":{"alt_text":"","src":"https:\/\/i0.wp.com\/www.freidenker.org\/fw17\/wp-content\/uploads\/2022\/12\/Quedlinburg_Eckhaus_Schmale_Strasse_1A_800x450.jpg?fit=800%2C450&ssl=1&resize=350%2C200","width":350,"height":200,"srcset":"https:\/\/i0.wp.com\/www.freidenker.org\/fw17\/wp-content\/uploads\/2022\/12\/Quedlinburg_Eckhaus_Schmale_Strasse_1A_800x450.jpg?fit=800%2C450&ssl=1&resize=350%2C200 1x, https:\/\/i0.wp.com\/www.freidenker.org\/fw17\/wp-content\/uploads\/2022\/12\/Quedlinburg_Eckhaus_Schmale_Strasse_1A_800x450.jpg?fit=800%2C450&ssl=1&resize=525%2C300 1.5x, https:\/\/i0.wp.com\/www.freidenker.org\/fw17\/wp-content\/uploads\/2022\/12\/Quedlinburg_Eckhaus_Schmale_Strasse_1A_800x450.jpg?fit=800%2C450&ssl=1&resize=700%2C400 2x"},"classes":[]},{"id":13731,"url":"https:\/\/www.freidenker.org\/?p=13731","url_meta":{"origin":21229,"position":3},"title":"12.\u201314.08.2022: Offenes Bildungswochenende in Quedlinburg.","author":"Webredaktion","date":"9. Juli 2022","format":false,"excerpt":"Offenes Bildungswochenende des Landesverbandes Sachsen-Anhalt im Deutschen Freidenker-Verband vom 12.\u201314.08.2022 in Quedlinburg. Aus dem Programm: - Lesung mit dem Autor J\u00fcrgen Leskien - Diskussion zum Thema: Krieg und Frieden - Krieg ein Mittel der Politik, nicht nur der imperialistischen. - Thematische Stadtf\u00fchrung (Quedlinburg wurde nie durch Kriege zerst\u00f6rt, einschneidende Spuren\u2026","rel":"","context":"In &quot;Kultur &amp; Kunst&quot;","block_context":{"text":"Kultur &amp; Kunst","link":"https:\/\/www.freidenker.org\/?cat=913"},"img":{"alt_text":"","src":"https:\/\/i0.wp.com\/www.freidenker.org\/fw17\/wp-content\/uploads\/2022\/07\/Loch_Collage_Bildungswochenende2022.jpg?fit=800%2C450&ssl=1&resize=350%2C200","width":350,"height":200,"srcset":"https:\/\/i0.wp.com\/www.freidenker.org\/fw17\/wp-content\/uploads\/2022\/07\/Loch_Collage_Bildungswochenende2022.jpg?fit=800%2C450&ssl=1&resize=350%2C200 1x, https:\/\/i0.wp.com\/www.freidenker.org\/fw17\/wp-content\/uploads\/2022\/07\/Loch_Collage_Bildungswochenende2022.jpg?fit=800%2C450&ssl=1&resize=525%2C300 1.5x, https:\/\/i0.wp.com\/www.freidenker.org\/fw17\/wp-content\/uploads\/2022\/07\/Loch_Collage_Bildungswochenende2022.jpg?fit=800%2C450&ssl=1&resize=700%2C400 2x"},"classes":[]},{"id":6340,"url":"https:\/\/www.freidenker.org\/?p=6340","url_meta":{"origin":21229,"position":4},"title":"11.05.2019 &#8211; Volkslied, Kunstlied, Kampflied, Hymne \u2013 Hanns Eisler und die Liedtradition","author":"Webredaktion","date":"6. Mai 2019","format":false,"excerpt":"Samstag, 11. Mai 2019,20:00 Uhr \u2013 Autorenlesung - Saal des Kulturzentrums Reichenstra\u00dfe, Reichenstra\u00dfe 1.06484 Quedlinburg - Kurz nach der Gr\u00fcndung der Deutschen Demokratischen Republik erschienen die \u201eNeuen Deutschen Volkslieder\u201c von Johannes R. Becher und Hanns Eisler. Zugleich wurde beiden K\u00fcnstler eine der h\u00f6chsten nationalen W\u00fcrdigungen zuteil, die Dichter und Komponisten\u2026","rel":"","context":"In &quot;Veranstaltungen in den DFV-Landesverb\u00e4nden&quot;","block_context":{"text":"Veranstaltungen in den DFV-Landesverb\u00e4nden","link":"https:\/\/www.freidenker.org\/?cat=19"},"img":{"alt_text":"","src":"https:\/\/i0.wp.com\/www.freidenker.org\/fw17\/wp-content\/uploads\/2019\/05\/Eisler1940_QBf_800x445.jpg?fit=799%2C447&ssl=1&resize=350%2C200","width":350,"height":200,"srcset":"https:\/\/i0.wp.com\/www.freidenker.org\/fw17\/wp-content\/uploads\/2019\/05\/Eisler1940_QBf_800x445.jpg?fit=799%2C447&ssl=1&resize=350%2C200 1x, https:\/\/i0.wp.com\/www.freidenker.org\/fw17\/wp-content\/uploads\/2019\/05\/Eisler1940_QBf_800x445.jpg?fit=799%2C447&ssl=1&resize=525%2C300 1.5x, https:\/\/i0.wp.com\/www.freidenker.org\/fw17\/wp-content\/uploads\/2019\/05\/Eisler1940_QBf_800x445.jpg?fit=799%2C447&ssl=1&resize=700%2C400 2x"},"classes":[]},{"id":4872,"url":"https:\/\/www.freidenker.org\/?p=4872","url_meta":{"origin":21229,"position":5},"title":"Maskerade in Potsdam oder: DDR-Kunst im Besserwessi-Blick","author":"Webredaktion","date":"26. M\u00e4rz 2018","format":false,"excerpt":"In der Rubrik Tagesdosis wurde am 23.03.2018 bei KenFM der Beitrag \u201eMaskerade in Potsdam oder: DDR-Kunst im Besserwessi-Blick\u201c von Klaus Hartmann, Vorsitzender des Deutschen Freidenker-Verbandes, ver\u00f6ffentlicht. Die Gem\u00e4lde aus dem Palast der Republik mit dem Leitmotiv \u201eD\u00fcrfen Kommunisten tr\u00e4umen?\u201c verschwanden \u2013 im Depot des Deutschen Historischen Museums. Und, wer h\u00e4tte\u2026","rel":"","context":"In &quot;Demokratie \u2013 Medien \u2013 Aufkl\u00e4rung&quot;","block_context":{"text":"Demokratie \u2013 Medien \u2013 Aufkl\u00e4rung","link":"https:\/\/www.freidenker.org\/?cat=12"},"img":{"alt_text":"","src":"https:\/\/i0.wp.com\/www.freidenker.org\/fw17\/wp-content\/uploads\/2018\/03\/Ausstellung_DDR-Kunst-1.jpg?fit=800%2C445&ssl=1&resize=350%2C200","width":350,"height":200,"srcset":"https:\/\/i0.wp.com\/www.freidenker.org\/fw17\/wp-content\/uploads\/2018\/03\/Ausstellung_DDR-Kunst-1.jpg?fit=800%2C445&ssl=1&resize=350%2C200 1x, https:\/\/i0.wp.com\/www.freidenker.org\/fw17\/wp-content\/uploads\/2018\/03\/Ausstellung_DDR-Kunst-1.jpg?fit=800%2C445&ssl=1&resize=525%2C300 1.5x, https:\/\/i0.wp.com\/www.freidenker.org\/fw17\/wp-content\/uploads\/2018\/03\/Ausstellung_DDR-Kunst-1.jpg?fit=800%2C445&ssl=1&resize=700%2C400 2x"},"classes":[]}],"_links":{"self":[{"href":"https:\/\/www.freidenker.org\/index.php?rest_route=\/wp\/v2\/posts\/21229","targetHints":{"allow":["GET"]}}],"collection":[{"href":"https:\/\/www.freidenker.org\/index.php?rest_route=\/wp\/v2\/posts"}],"about":[{"href":"https:\/\/www.freidenker.org\/index.php?rest_route=\/wp\/v2\/types\/post"}],"author":[{"embeddable":true,"href":"https:\/\/www.freidenker.org\/index.php?rest_route=\/wp\/v2\/users\/3"}],"replies":[{"embeddable":true,"href":"https:\/\/www.freidenker.org\/index.php?rest_route=%2Fwp%2Fv2%2Fcomments&post=21229"}],"version-history":[{"count":2,"href":"https:\/\/www.freidenker.org\/index.php?rest_route=\/wp\/v2\/posts\/21229\/revisions"}],"predecessor-version":[{"id":21232,"href":"https:\/\/www.freidenker.org\/index.php?rest_route=\/wp\/v2\/posts\/21229\/revisions\/21232"}],"wp:featuredmedia":[{"embeddable":true,"href":"https:\/\/www.freidenker.org\/index.php?rest_route=\/wp\/v2\/media\/21230"}],"wp:attachment":[{"href":"https:\/\/www.freidenker.org\/index.php?rest_route=%2Fwp%2Fv2%2Fmedia&parent=21229"}],"wp:term":[{"taxonomy":"category","embeddable":true,"href":"https:\/\/www.freidenker.org\/index.php?rest_route=%2Fwp%2Fv2%2Fcategories&post=21229"},{"taxonomy":"post_tag","embeddable":true,"href":"https:\/\/www.freidenker.org\/index.php?rest_route=%2Fwp%2Fv2%2Ftags&post=21229"}],"curies":[{"name":"wp","href":"https:\/\/api.w.org\/{rel}","templated":true}]}}