{"id":21114,"date":"2025-03-07T03:15:03","date_gmt":"2025-03-07T02:15:03","guid":{"rendered":"https:\/\/www.freidenker.org\/?p=21114"},"modified":"2025-05-19T14:08:38","modified_gmt":"2025-05-19T12:08:38","slug":"das-ende-von-usaid-des-einen-soft-power-ist-des-anderen-hybrider-krieg","status":"publish","type":"post","link":"https:\/\/www.freidenker.org\/?p=21114","title":{"rendered":"Das Ende von USAID: Des einen &#8222;Soft Power&#8220; ist des anderen &#8222;hybrider Krieg&#8220;"},"content":{"rendered":"<div class=\"Text-root Text-type_5 ArticleView-text ViewText-root \">\n<p><strong>Die Absetzung von F\u00f6rdermitteln f\u00fcr NGOs und unabh\u00e4ngige Medien in Osteuropa und dem postsowjetischen Raum wird als Bedrohung f\u00fcr die Pressefreiheit wahrgenommen. Es stellt sich die Frage, wie unabh\u00e4ngig diese Medien, die stark von US-Finanzierung abh\u00e4ngen, tats\u00e4chlich sind. <\/strong><\/p>\n<p><em>Von <strong>Pierre Levy<\/strong><\/em><\/p>\n<p><span style=\"font-size: 10pt;\">Erstver\u00f6ffentlichung am 05.03.2025 auf <a href=\"https:\/\/freedert.online\/international\/238684-trumps-schliessung-von-usaid-und-folgen-journalismus\/\" target=\"_blank\" rel=\"noopener\">RT DE<\/a><\/span><\/p>\n<div class=\"EmbedBlock-root EmbedBlock-all\">\n<div class=\"AllEmbed\"><iframe loading=\"lazy\" title=\"Das Ende von USAID: Des einen &quot;Soft Power&quot; ist des anderen &quot;hybrider Krieg&quot;\" src=\"https:\/\/www.podbean.com\/player-v2\/?i=z2azg-182ddc3-pb&amp;from=pb6admin&amp;share=1&amp;download=1&amp;rtl=0&amp;fonts=Arial&amp;skin=f6f6f6&amp;font-color=&amp;logo_link=episode_page&amp;btn-skin=7\" width=\"100%\" height=\"150\" scrolling=\"no\" allowfullscreen=\"allowfullscreen\" data-name=\"pb-iframe-player\" data-mce-fragment=\"1\"><\/iframe><\/div>\n<\/div>\n<p>Erleben wir gerade eine historische Epoche? Das wird sich erst sp\u00e4ter zeigen. Sicher ist aber, dass sich die Ereignisse in den internationalen Beziehungen mit einer kaum vorstellbaren Geschwindigkeit beschleunigen. Was vor zwei Wochen noch unwahrscheinlich war, ist letzte Woche passiert. Was letzte Woche unvorstellbar war, ist diese Woche geschehen. Und was wir uns diese Woche nicht vorstellen k\u00f6nnen, k\u00f6nnte schon morgen eintreten.<\/p>\n<p>Vorsichtigerweise ist es daher ratsam, einige Tage zu warten, um die aktuellen geopolitischen Ersch\u00fctterungen k\u00fchl zu analysieren. Es kann aber eine Gelegenheit sein, auf ein wichtiges Ereignis zur\u00fcckzukommen, das fast schon vergessen ist, obwohl es erst wenige Wochen her ist: die von Donald Trump beschlossene Einstellung der T\u00e4tigkeit der USAID.<\/p>\n<p>Diese Institution \u2013 die\u00a0<em>United States Agency for International Development<\/em>\u00a0\u2013 wurde 1961 mit dem proklamierten Ziel gegr\u00fcndet, weltweit die wirtschaftliche Entwicklung, humanit\u00e4re Ma\u00dfnahmen, den Fortschritt im Gesundheitswesen und die Armutsbek\u00e4mpfung zu finanzieren sowie zur F\u00f6rderung der Demokratie beizutragen.<\/p>\n<\/div>\n<p>Die Agentur wurde von Anfang an der Aufsicht des Pr\u00e4sidenten der Vereinigten Staaten, des Au\u00dfenministeriums und des Nationalen Sicherheitsrates unterstellt. So viele vollkommen uneigenn\u00fctzige Beh\u00f6rden, die sich nur um das globale Gemeinwohl k\u00fcmmern &#8230; Im Jahr 2003 forderte der damalige Leiter jedoch die von der USAID finanzierten Partner auf, das Image der amerikanischen Regierung besser zu f\u00f6rdern. Zu diesem Zeitpunkt verf\u00fcgte die Agentur \u00fcber ein Jahresbudget von rund zehn Milliarden Dollar.<\/p>\n<p>Eine finanzielle Schlagkraft, die weiter zunahm. Im Jahr 2024 erreichte sie die astronomische Summe von 44 Milliarden, bevor der Pr\u00e4sident im Februar 2025 ihre Aktivit\u00e4ten einstellte, um aus finanziellen und ideologischen Gr\u00fcnden alle laufenden Projekte zu \u00fcberpr\u00fcfen.<\/p>\n<p>Zweifellos sind Tausende Akteure angesichts der abrupten Unterbrechung ihrer Arbeit f\u00fcr Menschen in Not, die an Unterern\u00e4hrung oder Epidemien leiden, aufrichtig verzweifelt. Aber es ist die Panik der NGOs, die die &#8222;Zivilgesellschaften&#8220; bilden sollen, und die Verwirrung der &#8222;unabh\u00e4ngigen&#8220; Medien, denen die Subventionen von Uncle Sam fehlen werden, die unsere Aufmerksamkeit erregen sollten.<\/p>\n<p>Denn seit Jahrzehnten setzt sich Washington \u00fcber die USAID f\u00fcr die F\u00f6rderung &#8230; der Pressefreiheit ein. Man k\u00f6nnte meinen, dass diese bewundernswerte F\u00fcrsorge zun\u00e4chst in den Vereinigten Staaten selbst h\u00e4tte praktiziert werden sollen. Denn dort kommt es seit Jahren zu einer regelrechten Hekatombe an den Printmedien, insbesondere an den lokalen Tageszeitungen: Aus Geldmangel verschwinden sie eine nach der anderen.<\/p>\n<p>Aber die nacheinander folgenden US-Beh\u00f6rden waren offensichtlich mit f\u00fcr sie vorrangigeren Handlungsfeldern besch\u00e4ftigt, insbesondere in Osteuropa und im postsowjetischen Raum&#8220;. Und genau dort mehren sich die panischen Proteste, was das Ausma\u00df der j\u00fcngsten und \u00e4lteren amerikanischen Gro\u00dfz\u00fcgigkeit offenbart.<\/p>\n<p>Die NGO Reporter ohne Grenzen (RSF) hat nicht gez\u00f6gert zu behaupten, dass die Entscheidung von Donald Trump\u00a0<em>&#8222;den Journalismus weltweit ins Chaos st\u00fcrzt&#8220;<\/em>. Nichts weniger. Und um seinen Alarmruf zu untermauern, erinnert RSF daran, dass die USAID im Jahr 2023\u00a0<em>&#8222;die Ausbildung und Unterst\u00fctzung von 6.200 Journalisten, die Hilfe f\u00fcr 707 nichtstaatliche Medien und die Unterst\u00fctzung von 279 Organisationen der Zivilgesellschaft, die sich f\u00fcr die St\u00e4rkung unabh\u00e4ngiger Medien einsetzen, finanziert hat&#8220;<\/em>. Dar\u00fcber hinaus sind in diesen Zahlen die Mittel nicht enthalten, die direkt vom Au\u00dfenministerium und vom Kongress bereitgestellt wurden.<\/p>\n<p>Wir haben richtig gelesen: F\u00fcr RSF zielte die amerikanische Gro\u00dfz\u00fcgigkeit auf die &#8222;St\u00e4rkung unabh\u00e4ngiger Medien&#8220; ab. Die NGO sieht offensichtlich keinen Widerspruch in den Begriffen.<\/p>\n<p>Dies gilt beispielsweise f\u00fcr die ungarischen Medien, die sich dem Premierminister Viktor Orban widersetzen und ihn beschuldigen, zu nah an Moskau zu sein. Vor Trumps Entscheidung rechneten diese EU-freundlichen Zeitungen und Websites in diesem Jahr damit, sich 430.000 Euro zu teilen. Ohne diese Subventionen riskieren die meisten von ihnen nach eigenen Angaben, ihre Arbeit einstellen zu m\u00fcssen. Das zeigt, wie &#8230; unabh\u00e4ngig sie sind.<\/p>\n<p>\u00c4hnliche Sorgen gibt es in Georgien seitens der &#8222;Organisationen der Zivilgesellschaft&#8220;, die bef\u00fcrchten, mittellos dazustehen, w\u00e4hrend sie die Regierung, die k\u00fcrzlich in Tiflis wiedergew\u00e4hlt wurde, bek\u00e4mpfen wollten, da sie ebenfalls als &#8222;prorussisch&#8220; eingestuft wird.<\/p>\n<p>Letztere hatte im vergangenen Jahr ein Gesetz verabschieden lassen, das Gruppen und Zeitungen, die Subventionen aus dem Ausland erhalten, dazu verpflichtet, diese Finanzierung \u00f6ffentlich zu machen; diese Verpflichtung hatte unter den westlichen Regierungen und den gro\u00dfen Medien, die einen Angriff auf die \u00f6ffentlichen Freiheiten anprangerten, f\u00fcr einen Skandal gesorgt. Im Nachhinein versteht man ihre Emp\u00f6rung&#8230;<\/p>\n<p>In Armenien ist die Situation anders. Die Beh\u00f6rden in Eriwan machen keinen Hehl aus ihrem Wunsch, sich von Moskau zu entfernen und sich dem Westen anzun\u00e4hern. Rein zuf\u00e4llig hatte die Regierung dieses Landes gerade erreicht, dass USAID-Mittel f\u00fcr die St\u00e4rkung der &#8222;Zivilgesellschaft&#8220; bereitgestellt werden, wobei auch hier pro-EU NGOs gl\u00fcckliche Empf\u00e4nger sind.<\/p>\n<p>Die Ukraine ist nat\u00fcrlich ein Sonderfall. Aber auch in diesem Land h\u00e4ngt ein gro\u00dfer Teil der Presse \u2013 man spricht von drei Vierteln der Medien \u2013 am Tropf westlicher, vor allem amerikanischer, Finanzmittel. Das Einfrieren der Aktivit\u00e4ten der USAID wird wahrscheinlich kurzfristige Folgen haben. Vor allem aber ist es interessant, daran zu erinnern, dass die Geldspritzen zugunsten von NGOs nicht erst seit gestern existieren.<\/p>\n<p>Die geopolitische Gro\u00dfz\u00fcgigkeit geht auf die 1990er-Jahre zur\u00fcck. Sie folgte dem Zusammenbruch der UdSSR, als den euro-atlantischen Strategen das Wasser im Munde zusammen lief, bei der Aussicht, ganze Teile der ehemaligen UdSSR in den westlichen Einflussbereich zu bringen.<\/p>\n<p>Und w\u00e4hrend amerikanisches Geld in ukrainische NGOs und &#8222;unabh\u00e4ngige&#8220; Medien floss, wurden auch EU-Mittel verteilt. Unz\u00e4hlige Gruppen und Verb\u00e4nde wurden so finanziert, um die Vitalit\u00e4t der &#8222;Zivilgesellschaft&#8220; zu sichern &#8230; und den Weg f\u00fcr politische Umschw\u00fcnge wie die von 2004 (&#8222;Orangene Revolution&#8220;) und dann 2013 zu ebnen.<\/p>\n<p>Die Mittel aus Br\u00fcssel wurden zwar diskret, aber nicht vertraulich gew\u00e4hrt. Dieselbe Verschwendung wurde \u00fcbrigens auch zugunsten der prowestlichen Kr\u00e4fte in Wei\u00dfrussland organisiert, allerdings mit weniger Erfolg. Die Liste ist nicht vollst\u00e4ndig.<\/p>\n<p>Bemerkenswert ist die emp\u00f6rte Reaktion mehrerer gro\u00dfer franz\u00f6sischer Medien: nicht gegen diese Einflussnahme, insbesondere auf die Presse, sondern gegen deren Unterbrechung. Der Vorwurf? Die Entscheidung des Wei\u00dfen Hauses w\u00fcrde Amerika seiner &#8222;Soft Power&#8220; berauben, Soft Power, deren Legitimit\u00e4t selbstverst\u00e4ndlich sei.<\/p>\n<p>Dagegen kann man sich kaum vorstellen, wie die Reaktion derselben w\u00e4re, wenn Moskau eine Agentur einrichten w\u00fcrde, die offiziell franz\u00f6sische oder deutsche Medien finanzieren w\u00fcrde, deren \u00dcberleben somit von seinem guten Willen abh\u00e4ngen w\u00fcrde.<\/p>\n<p>Es ist nicht sicher, ob dieses Vorgehen als ruhige \u00dcbung der &#8222;Soft Power&#8220; begr\u00fc\u00dft w\u00fcrde. Im Gegenteil, es w\u00fcrde als neuer Angriff eines &#8222;hybriden Krieges&#8220; hysterisch angeprangert werden. Aber vielleicht meinten beide Begriffe ja schon immer dasselbe: Der &#8222;hybride Krieg&#8220; die &#8222;Soft Power&#8220; des Gegners, &#8222;Soft Power&#8220; den &#8222;hybriden Krieg&#8220; der &#8222;good guys&#8220;?<\/p>\n<p style=\"text-align: right;\"><em>Pierre L\u00e9vy war Gewerkschaftsfunktion\u00e4r der CGT-Metall und von 1996 bis 2001 Redakteur bei \u201cL\u2019Humanit\u00e9\u201c. Er lancierte 2000 eine \u201eradikal eurokritische, fortschrittliche Monatszeitung\u201c unter dem symbolischen Titel \u201eBastille-R\u00e9publique-Nation\u201c, die ab Fr\u00fchjahr 2015 als \u201eRuptures\u201c (dt. \u201eBr\u00fcche\u201c) fortgesetzt wird, zus\u00e4tzlich mit der Webseite: <a href=\"https:\/\/ruptures-presse.fr\" target=\"_blank\" rel=\"noopener\">https:\/\/ruptures-presse.fr<\/a>\/<\/em><\/p>\n<hr \/>\n<p><span style=\"font-size: 10pt;\">Bild oben: Abzeichen der USAID<\/span><br \/>\n<span style=\"font-size: 10pt;\">Foto: DVIDSHUB &#8211; Operation Tomodachi , CC BY 2.0<\/span><br \/>\n<span style=\"font-size: 10pt;\">Quelle: <a href=\"https:\/\/commons.wikimedia.org\/w\/index.php?curid=79258094\" target=\"_blank\" rel=\"noopener\">https:\/\/commons.wikimedia.org\/w\/index.php?curid=79258094<\/a><\/span><\/p>\n","protected":false},"excerpt":{"rendered":"<p><b>Beitrag von Pierre Levy<\/b><br \/>\nErleben wir gerade eine historische Epoche? Das wird sich erst sp\u00e4ter zeigen. Sicher ist aber, dass sich die Ereignisse in den internationalen Beziehungen mit einer kaum vorstellbaren Geschwindigkeit beschleunigen. Was vor zwei Wochen noch unwahrscheinlich war, ist letzte Woche passiert. Was letzte Woche unvorstellbar war, ist diese Woche geschehen. Und was wir uns diese Woche nicht vorstellen k\u00f6nnen, k\u00f6nnte schon morgen eintreten. Vorsichtigerweise ist es daher ratsam, einige Tage zu warten, um die aktuellen geopolitischen Ersch\u00fctterungen k\u00fchl zu analysieren. Es kann aber eine Gelegenheit sein, auf ein wichtiges Ereignis zur\u00fcckzukommen, das fast schon vergessen ist, obwohl es erst wenige Wochen her ist: die von Donald Trump beschlossene Einstellung der T\u00e4tigkeit der USAID.<\/p>\n","protected":false},"author":3,"featured_media":21115,"comment_status":"closed","ping_status":"closed","sticky":false,"template":"","format":"standard","meta":{"colormag_page_container_layout":"default_layout","colormag_page_sidebar_layout":"default_layout","advanced_seo_description":"","jetpack_seo_html_title":"","jetpack_seo_noindex":false,"jetpack_post_was_ever_published":false,"footnotes":""},"categories":[12],"tags":[699,1631,1202,1315,121,889,2072,1331,1388,1111,185,2512],"class_list":["post-21114","post","type-post","status-publish","format-standard","has-post-thumbnail","hentry","category-demokratie-medien-aufklaerung","tag-aussenpolitik","tag-geopolitik","tag-humanitaere-hilfe","tag-journalismus","tag-medien","tag-ngo","tag-orban","tag-osteuropa","tag-presse","tag-ukraine","tag-usa","tag-usaid"],"jetpack_featured_media_url":"https:\/\/i0.wp.com\/www.freidenker.org\/fw17\/wp-content\/uploads\/2025\/03\/USAID_FROM_Operation_Tomodachi_Image_1_of_52_cropped_800x450.jpg?fit=800%2C450&ssl=1","jetpack_shortlink":"https:\/\/wp.me\/p9stpK-5uy","jetpack-related-posts":[{"id":18794,"url":"https:\/\/www.freidenker.org\/?p=18794","url_meta":{"origin":21114,"position":0},"title":"Das Geschenk zum 75. Jahrestag der NATO: Unterst\u00fctzung durch Frankreichs Oppositionsparteien","author":"Webredaktion","date":"14. April 2024","format":false,"excerpt":"Beitrag von Pierre Levy Wenn Russland Polen angreift, \"haben wir die Pflicht zur gegenseitigen Unterst\u00fctzung, (...) wir werden ihnen helfen m\u00fcssen, sich zu verteidigen\". In dem von den Mainstream-Medien geschaffenen russophoben Klima erscheint diese Erkl\u00e4rung vom 3. April traurig banal. Sie spiegelt getreulich das Hauptargument der EU wider: Milit\u00e4rische Hilfe\u2026","rel":"","context":"In &quot;Demokratie \u2013 Medien \u2013 Aufkl\u00e4rung&quot;","block_context":{"text":"Demokratie \u2013 Medien \u2013 Aufkl\u00e4rung","link":"https:\/\/www.freidenker.org\/?cat=12"},"img":{"alt_text":"","src":"https:\/\/i0.wp.com\/www.freidenker.org\/fw17\/wp-content\/uploads\/2024\/04\/Manon_Aubry_European_Council_2022_51988134343_800x450.jpg?fit=800%2C450&ssl=1&resize=350%2C200","width":350,"height":200,"srcset":"https:\/\/i0.wp.com\/www.freidenker.org\/fw17\/wp-content\/uploads\/2024\/04\/Manon_Aubry_European_Council_2022_51988134343_800x450.jpg?fit=800%2C450&ssl=1&resize=350%2C200 1x, https:\/\/i0.wp.com\/www.freidenker.org\/fw17\/wp-content\/uploads\/2024\/04\/Manon_Aubry_European_Council_2022_51988134343_800x450.jpg?fit=800%2C450&ssl=1&resize=525%2C300 1.5x, https:\/\/i0.wp.com\/www.freidenker.org\/fw17\/wp-content\/uploads\/2024\/04\/Manon_Aubry_European_Council_2022_51988134343_800x450.jpg?fit=800%2C450&ssl=1&resize=700%2C400 2x"},"classes":[]},{"id":21031,"url":"https:\/\/www.freidenker.org\/?p=21031","url_meta":{"origin":21114,"position":1},"title":"Das zweite Lied der Spottdrossel oder die Vorl\u00e4ufer von USAID und seinem Skandal","author":"Webredaktion","date":"25. Februar 2025","format":false,"excerpt":"Beitrag von Dagmar Henn Die Spottdrossel hei\u00dft auf Englisch Mockingbird, und Operation Mockingbird ist eine Bezeichnung, die sich, wenn auch erst \u00fcber ein Jahrzehnt nach Beginn der gro\u00dfen Enth\u00fcllungswelle, f\u00fcr die Zusammenarbeit der CIA mit Medien eingeb\u00fcrgert hat. Wobei \"Zusammenarbeit\" f\u00fcr die Medien innerhalb der USA selbst stets an der\u2026","rel":"","context":"In &quot;Demokratie \u2013 Medien \u2013 Aufkl\u00e4rung&quot;","block_context":{"text":"Demokratie \u2013 Medien \u2013 Aufkl\u00e4rung","link":"https:\/\/www.freidenker.org\/?cat=12"},"img":{"alt_text":"","src":"https:\/\/i0.wp.com\/www.freidenker.org\/fw17\/wp-content\/uploads\/2025\/02\/spottdrossel_67aca1a4b480cc353420296c_800x450.jpg?fit=800%2C450&ssl=1&resize=350%2C200","width":350,"height":200,"srcset":"https:\/\/i0.wp.com\/www.freidenker.org\/fw17\/wp-content\/uploads\/2025\/02\/spottdrossel_67aca1a4b480cc353420296c_800x450.jpg?fit=800%2C450&ssl=1&resize=350%2C200 1x, https:\/\/i0.wp.com\/www.freidenker.org\/fw17\/wp-content\/uploads\/2025\/02\/spottdrossel_67aca1a4b480cc353420296c_800x450.jpg?fit=800%2C450&ssl=1&resize=525%2C300 1.5x, https:\/\/i0.wp.com\/www.freidenker.org\/fw17\/wp-content\/uploads\/2025\/02\/spottdrossel_67aca1a4b480cc353420296c_800x450.jpg?fit=800%2C450&ssl=1&resize=700%2C400 2x"},"classes":[]},{"id":13930,"url":"https:\/\/www.freidenker.org\/?p=13930","url_meta":{"origin":21114,"position":2},"title":"Einmischung &#8222;mit Fingerspitzengef\u00fchl&#8220;","author":"Webredaktion","date":"14. August 2022","format":false,"excerpt":"Die EU und der italienische Patient von Pierre L\u00e9vy Am 21. Juli st\u00fcrzte die italienische Regierung. Ihr Chef, Mario Draghi, wurde von drei der Parteien, die die Mehrheit bildeten, fallen gelassen und reichte seinen R\u00fccktritt ein. W\u00e4hrend Staatspr\u00e4sident Sergio Mattarella eine Woche zuvor noch versucht hatte, den R\u00fccktritt abzulehnen, in\u2026","rel":"","context":"In &quot;Demokratie \u2013 Medien \u2013 Aufkl\u00e4rung&quot;","block_context":{"text":"Demokratie \u2013 Medien \u2013 Aufkl\u00e4rung","link":"https:\/\/www.freidenker.org\/?cat=12"},"img":{"alt_text":"","src":"https:\/\/i0.wp.com\/www.freidenker.org\/fw17\/wp-content\/uploads\/2022\/08\/Mario_Draghi_February_2021_800x450.jpg?fit=800%2C450&ssl=1&resize=350%2C200","width":350,"height":200,"srcset":"https:\/\/i0.wp.com\/www.freidenker.org\/fw17\/wp-content\/uploads\/2022\/08\/Mario_Draghi_February_2021_800x450.jpg?fit=800%2C450&ssl=1&resize=350%2C200 1x, https:\/\/i0.wp.com\/www.freidenker.org\/fw17\/wp-content\/uploads\/2022\/08\/Mario_Draghi_February_2021_800x450.jpg?fit=800%2C450&ssl=1&resize=525%2C300 1.5x, https:\/\/i0.wp.com\/www.freidenker.org\/fw17\/wp-content\/uploads\/2022\/08\/Mario_Draghi_February_2021_800x450.jpg?fit=800%2C450&ssl=1&resize=700%2C400 2x"},"classes":[]},{"id":21088,"url":"https:\/\/www.freidenker.org\/?p=21088","url_meta":{"origin":21114,"position":3},"title":"In Rum\u00e4nien erklimmt die EU-&#8222;Demokratie&#8220; ganz neue H\u00f6hen","author":"Webredaktion","date":"3. M\u00e4rz 2025","format":false,"excerpt":"Beitrag von Dagmar Henn Wie soll man das nennen, was gerade in Rum\u00e4nien geschieht? Wenn erst eine Wahl f\u00fcr ung\u00fcltig erkl\u00e4rt wird, und nun der Kandidat, der den EU-Granden in Br\u00fcssel nicht gef\u00e4llt, festgenommen und anschlie\u00dfend vorsorglich f\u00fcr die Zeit des Wahlkampfs in Hausarrest gesteckt und sogar an der Kommunikation\u2026","rel":"","context":"In &quot;Demokratie \u2013 Medien \u2013 Aufkl\u00e4rung&quot;","block_context":{"text":"Demokratie \u2013 Medien \u2013 Aufkl\u00e4rung","link":"https:\/\/www.freidenker.org\/?cat=12"},"img":{"alt_text":"","src":"https:\/\/i0.wp.com\/www.freidenker.org\/fw17\/wp-content\/uploads\/2025\/03\/Calin_Georgescu_discurs_Biserica_Penticostala_Jebel_800x450.jpg?fit=800%2C450&ssl=1&resize=350%2C200","width":350,"height":200,"srcset":"https:\/\/i0.wp.com\/www.freidenker.org\/fw17\/wp-content\/uploads\/2025\/03\/Calin_Georgescu_discurs_Biserica_Penticostala_Jebel_800x450.jpg?fit=800%2C450&ssl=1&resize=350%2C200 1x, https:\/\/i0.wp.com\/www.freidenker.org\/fw17\/wp-content\/uploads\/2025\/03\/Calin_Georgescu_discurs_Biserica_Penticostala_Jebel_800x450.jpg?fit=800%2C450&ssl=1&resize=525%2C300 1.5x, https:\/\/i0.wp.com\/www.freidenker.org\/fw17\/wp-content\/uploads\/2025\/03\/Calin_Georgescu_discurs_Biserica_Penticostala_Jebel_800x450.jpg?fit=800%2C450&ssl=1&resize=700%2C400 2x"},"classes":[]},{"id":17318,"url":"https:\/\/www.freidenker.org\/?p=17318","url_meta":{"origin":21114,"position":4},"title":"Kriegsverbrechen: Vom unterschiedlichen Wert menschlichen Lebens","author":"Webredaktion","date":"24. Oktober 2023","format":false,"excerpt":"Beitrag von Gert Ewen Ungar Die Abriegelung des Gazastreifens durch Israel, die Blockade der Wasser- und Stromversorgung sowie der Beschuss von Zivilisten und ziviler Infrastruktur durch das israelische Milit\u00e4r sind Kriegsverbrechen. Das Leben von Zivilisten ist w\u00e4hrend eines milit\u00e4rischen Konflikts zu sch\u00fctzen, schreibt die Charta der UN vor. Auch ein\u2026","rel":"","context":"In &quot;Demokratie \u2013 Medien \u2013 Aufkl\u00e4rung&quot;","block_context":{"text":"Demokratie \u2013 Medien \u2013 Aufkl\u00e4rung","link":"https:\/\/www.freidenker.org\/?cat=12"},"img":{"alt_text":"","src":"https:\/\/i0.wp.com\/www.freidenker.org\/fw17\/wp-content\/uploads\/2023\/10\/children-8221325_800x450.jpg?fit=800%2C450&ssl=1&resize=350%2C200","width":350,"height":200,"srcset":"https:\/\/i0.wp.com\/www.freidenker.org\/fw17\/wp-content\/uploads\/2023\/10\/children-8221325_800x450.jpg?fit=800%2C450&ssl=1&resize=350%2C200 1x, https:\/\/i0.wp.com\/www.freidenker.org\/fw17\/wp-content\/uploads\/2023\/10\/children-8221325_800x450.jpg?fit=800%2C450&ssl=1&resize=525%2C300 1.5x, https:\/\/i0.wp.com\/www.freidenker.org\/fw17\/wp-content\/uploads\/2023\/10\/children-8221325_800x450.jpg?fit=800%2C450&ssl=1&resize=700%2C400 2x"},"classes":[]},{"id":8914,"url":"https:\/\/www.freidenker.org\/?p=8914","url_meta":{"origin":21114,"position":5},"title":"\u201eVerantwortung \u00fcbernehmen\u201c \u2013 Wie wir hinters Licht gef\u00fchrt werden","author":"Webredaktion","date":"21. November 2020","format":false,"excerpt":"Ein Kommentar von Rainer Rupp. Wer den Fehler macht, sich \u00fcber \u00d6ffentlichrechtliche- und Konzernmedien zu informieren, der ist inzwischen \u00fcberzeugt, dass die US-Pr\u00e4sidentschaftswahlen bereits vor zwei Wochen beendet waren und Joe Biden der Gewinner ist. Tats\u00e4chlich wird es noch einige weitere Wochen keinen klaren Sieger geben. Aber warum wird die\u2026","rel":"","context":"In &quot;Demokratie \u2013 Medien \u2013 Aufkl\u00e4rung&quot;","block_context":{"text":"Demokratie \u2013 Medien \u2013 Aufkl\u00e4rung","link":"https:\/\/www.freidenker.org\/?cat=12"},"img":{"alt_text":"","src":"https:\/\/i0.wp.com\/www.freidenker.org\/fw17\/wp-content\/uploads\/2020\/11\/trump_biden_coll_800x450.jpg?fit=800%2C450&ssl=1&resize=350%2C200","width":350,"height":200,"srcset":"https:\/\/i0.wp.com\/www.freidenker.org\/fw17\/wp-content\/uploads\/2020\/11\/trump_biden_coll_800x450.jpg?fit=800%2C450&ssl=1&resize=350%2C200 1x, https:\/\/i0.wp.com\/www.freidenker.org\/fw17\/wp-content\/uploads\/2020\/11\/trump_biden_coll_800x450.jpg?fit=800%2C450&ssl=1&resize=525%2C300 1.5x, https:\/\/i0.wp.com\/www.freidenker.org\/fw17\/wp-content\/uploads\/2020\/11\/trump_biden_coll_800x450.jpg?fit=800%2C450&ssl=1&resize=700%2C400 2x"},"classes":[]}],"_links":{"self":[{"href":"https:\/\/www.freidenker.org\/index.php?rest_route=\/wp\/v2\/posts\/21114","targetHints":{"allow":["GET"]}}],"collection":[{"href":"https:\/\/www.freidenker.org\/index.php?rest_route=\/wp\/v2\/posts"}],"about":[{"href":"https:\/\/www.freidenker.org\/index.php?rest_route=\/wp\/v2\/types\/post"}],"author":[{"embeddable":true,"href":"https:\/\/www.freidenker.org\/index.php?rest_route=\/wp\/v2\/users\/3"}],"replies":[{"embeddable":true,"href":"https:\/\/www.freidenker.org\/index.php?rest_route=%2Fwp%2Fv2%2Fcomments&post=21114"}],"version-history":[{"count":1,"href":"https:\/\/www.freidenker.org\/index.php?rest_route=\/wp\/v2\/posts\/21114\/revisions"}],"predecessor-version":[{"id":21116,"href":"https:\/\/www.freidenker.org\/index.php?rest_route=\/wp\/v2\/posts\/21114\/revisions\/21116"}],"wp:featuredmedia":[{"embeddable":true,"href":"https:\/\/www.freidenker.org\/index.php?rest_route=\/wp\/v2\/media\/21115"}],"wp:attachment":[{"href":"https:\/\/www.freidenker.org\/index.php?rest_route=%2Fwp%2Fv2%2Fmedia&parent=21114"}],"wp:term":[{"taxonomy":"category","embeddable":true,"href":"https:\/\/www.freidenker.org\/index.php?rest_route=%2Fwp%2Fv2%2Fcategories&post=21114"},{"taxonomy":"post_tag","embeddable":true,"href":"https:\/\/www.freidenker.org\/index.php?rest_route=%2Fwp%2Fv2%2Ftags&post=21114"}],"curies":[{"name":"wp","href":"https:\/\/api.w.org\/{rel}","templated":true}]}}