{"id":21104,"date":"2025-03-07T03:14:55","date_gmt":"2025-03-07T02:14:55","guid":{"rendered":"https:\/\/www.freidenker.org\/?p=21104"},"modified":"2025-05-19T14:08:19","modified_gmt":"2025-05-19T12:08:19","slug":"wer-die-wahl-hat-hat-die-qual","status":"publish","type":"post","link":"https:\/\/www.freidenker.org\/?p=21104","title":{"rendered":"Wer die Wahl hat, hat die Qual, \u2026?"},"content":{"rendered":"<p align=\"justify\"><em>von <strong>Thomas Loch<\/strong><\/em><\/p>\n<p align=\"justify\"><span style=\"font-size: 10pt;\">Erstver\u00f6ffentlichung am 26.02.2025 auf der Seite der <a href=\"https:\/\/www.sachsen-anhalt.freidenker.org\/cms\/?p=1533\" target=\"_blank\" rel=\"noopener\">Freidenker Sachsen-Anhalt<\/a><\/span><\/p>\n<p align=\"justify\">Wer die Wahl hat, hat die Qual, allein schon weil Freiheit nicht in der M\u00f6glichkeit der Wahl steckt, sondern in der bewussten, der Einsicht in die Notwendigkeit geschuldeten, Tat begr\u00fcndet. Das spielt in einer irrationalistischen Denkweise, wie sie heutzutage in der bundesdeutschen Gesellschaft vorrangig anzutreffen, keine Rolle, da ist es eher die Illusion welche in Hoffnung treibt und von der sich viele Menschen schlicht und einfach treiben lassen.<\/p>\n<p align=\"justify\">Nur wohin treiben die Menschen, oder lassen sich treiben? Das scheinen sie oft selbst nicht zu wissen, vor allem wenn sie hoffnungsvoll den Illusionen hinterher treiben. Und so kann es wenig \u00fcberraschen, dass die Kriegstreiber die Wahlen gewonnen haben, jedenfalls im Westen des Landes, die Ostdeutschen haben etwas anders gew\u00e4hlt, dort gewinnen die Parteien, welche zumindest Frieden, Friedensverhandlungen im Zusammenhang mit dem Krieg in der Ukraine, auf ihre Fahnen geschrieben haben. Liegt auch daran, dass die Menschen in der DDR f\u00fcr den Frieden sozialisiert waren, in der alten BRD war das nicht in dem Ma\u00dfe der Fall, ganz im Gegenteil, es wurde intensiv ein Feindbild gepflegt und vor allem zur Russophobie erzogen. So etwas wirkt nach und es sind sich die Menschen im Osten mehrheitlich der aktuellen Gefahr praktizierter bundesdeutscher Politik durchaus bewusst, die Menschen im Westen neigen mehrheitlich wohl eher dazu zu glauben, was ihnen die aktuell herrschende Politik vorsetzt, so dass f\u00fcr eine Verl\u00e4ngerung der selben gestimmt wurde.<\/p>\n<p align=\"justify\">Die Ursachen f\u00fcr unterschiedliches Wahlverhalten werden verschieden gesehen, die Kriegspolitik der westdeutschen Parteien spielt allerdings nur eine untergeordnete Rolle, eher werden Opfergruppen, welche nicht nur in letzter Zeit geschaffen wurden, vorgeschoben. So ist in der <em>Mitteldeutschen Zeitung<\/em> (MZ) vom 24.02.2025 auf Seite eins in einem Beitrag zur Wahl zu lesen: \u201e<i>nach einigen verheerenden, von Migranten begangenen Anschl\u00e4gen unter anderem in Magdeburg, wurde der Wahlkampf in den vergangenen Wochen vor allem von der Debatte \u00fcber eine strikte Asylpolitik dominiert.\u201c<\/i> Warum sich allerdings im Vorfeld dieser Wahl derlei Anschl\u00e4ge h\u00e4uften, wird nicht gefragt, Hauptsache das Thema Krieg und Aufr\u00fcstung tritt nicht in den Vordergrund. So wurde eine Opfer-T\u00e4ter-Gruppe den Massen pr\u00e4sentiert und in der Politik heftig agiert, erinnert sei an die Antr\u00e4ge der CDU im Bundestag und die Rolle der AfD diesbez\u00fcglich. Was den Menschen allerdings zeigte, dass es keine gro\u00dfen Unterschieden bei diesen Schwesterparteien im Mutter \u2013 Tochter &#8211; Verh\u00e4ltnis gibt. Der Unterschied ist die propagierte Stellung zum aktuellen Krieg in der Ukraine und die unterschiedlichen und abweichenden Interessen der zu vertretenen Fraktionen des Kapitals. Und im Osten hat die AfD gewonnen, weil die Ostdeutschen sich nicht in dem Ma\u00dfe vom Thema ablenken lassen, wie es im Westen den Anschein hat.<\/p>\n<p align=\"justify\">Das weitestgehende Ausklammern des Themas Krieg ist also ein Grund f\u00fcr das unterschiedliche Wahlergebnis, ein anderer ist, das im Westen eher traditionell gew\u00e4hlt, wenn die einen entt\u00e4uschen, werden hoffnungsvoll die anderen gew\u00e4hlt, bis diese entt\u00e4uschen und die einen neue Hoffnungen verbreiten. Nun wurde im Osten hellblau, im Westen schwarz gew\u00e4hlt, wobei CDU und AfD Parteien der Rechten sind, mehr Mitte-rechts die hellblauen, extrem rechts die schwarzen. Auch wenn gern etwas anderes behauptet, eine Partei welche zum Krieg aufruft, zur Versch\u00e4rfung eines Krieges, zur Eskalation eines Krieges, ist extrem Rechts, es geht darunter nicht, um das in der Politik gebr\u00e4uchliche und verst\u00e4ndliche Schema zu bem\u00fchen. Da bei\u00dft die Maus keinen Faden ab, der F\u00fchrer der CDU als Wahlsieger ist im Bild zu sehen, im Beitrag auf der ersten Seite der oben erw\u00e4hnten Mitteldeutschen Zeitung.<\/p>\n<p align=\"justify\">Gewonnen haben somit die Kriegsparteien, das BSW ist auf der Strecke geblieben, damit scheidet dieses B\u00fcndnis aus dem Bundestag aus und es verschwindet ein Verfechter f\u00fcr den Frieden. Die Ursachen sind verschieden, die Medien haben nicht unbedingt positiv berichtet und das auch nicht sonderlich h\u00e4ufig. Eigene Probleme spielen eine Rolle, gerade was im Ergebnis der letzten Landtagswahlen geschehen, in Th\u00fcringen z. B. wurde mit den Kriegstreibern ins Bett gestiegen, eine Inkonsequenz welche W\u00e4hler im Osten in der kurzen Zeit nur schwer verzeihen k\u00f6nnen. Dazu kommt noch die Brandmauerpolitik, welche mitgetragen wurde, anstatt sich zumindest in Sachen Krieg und Frieden mit der AfD zu verst\u00e4ndigen. Wer Tabus in der Politik praktiziert, braucht sich nicht zu wundern, wenn er Opfer der selben wird.<\/p>\n<p align=\"justify\">Eigentlich ein erschreckendes Wahlergebnis, die AfD hat erhebliche Zuw\u00e4chse zu verzeichnen, die CDU ohne gro\u00dfe Verluste und zu erfahren ist, \u201e<i>die AfD sei bereit zur Zusammenarbeit mit der Union\u201c<\/i>, so ist die ohnehin schwache Seite des Friedens zumindest im Bundestag geschw\u00e4cht worden. Die AfD ist die zweitst\u00e4rkste Kraft geworden, im Osten die st\u00e4rkste, auch dank einer umfassenden und substanziellen Werbung durch die Medien<a href=\"https:\/\/www.sachsen-anhalt.freidenker.org\/cms\/?p=1502\">*<\/a> f\u00fcr sie. Eine durchaus geschickte Strategie, wenn ber\u00fccksichtigt wird, dass die AfD ihre St\u00e4rke aus ihrem Negativimage zieht. Wer mit der aktuellen Politik im Land nicht einverstanden, sucht nach Alternativen, welche auch w\u00e4hlbar und da bleibt dank der stark beschnittenen demokratischen M\u00f6glichkeiten in diesem Land nicht viel \u00fcbrig. Was das f\u00fcr die n\u00e4chsten Landtagswahlen bedeuten kann, ist absehbar und so ist sicher nicht nur der Ministerpr\u00e4sident Sachsen-Anhalts besorgt.<\/p>\n<p style=\"text-align: right;\" align=\"justify\"><em>Thomas Loch ist Vorsitzender des Landesverbandes Sachsen-Anhalt des Deutschen Freidenker-Verbandes<\/em><\/p>\n<hr \/>\n<p align=\"justify\"><span style=\"font-size: 10pt;\">Bild oben: Fotos und Montage von Thomas Loch<\/span><\/p>\n","protected":false},"excerpt":{"rendered":"<p><b>Beitrag von Thomas Loch<\/b><br \/>\nWer die Wahl hat, hat die Qual, allein schon weil Freiheit nicht in der M\u00f6glichkeit der Wahl steckt, sondern in der bewussten, der Einsicht in die Notwendigkeit geschuldeten, Tat begr\u00fcndet. Das spielt in einer irrationalistischen Denkweise, wie sie heutzutage in der bundesdeutschen Gesellschaft vorrangig anzutreffen, keine Rolle, da ist es eher die Illusion welche in Hoffnung treibt und von der sich viele Menschen schlicht und einfach treiben lassen. Nur wohin treiben die Menschen, oder lassen sich treiben? Das scheinen sie oft selbst nicht zu wissen, vor allem wenn sie hoffnungsvoll den Illusionen hinterher treiben. Und so kann es wenig \u00fcberraschen, dass die Kriegstreiber die Wahlen gewonnen haben, jedenfalls im Westen des Landes &#8230;<\/p>\n","protected":false},"author":3,"featured_media":21105,"comment_status":"closed","ping_status":"closed","sticky":false,"template":"","format":"standard","meta":{"colormag_page_container_layout":"default_layout","colormag_page_sidebar_layout":"default_layout","advanced_seo_description":"","jetpack_seo_html_title":"","jetpack_seo_noindex":false,"jetpack_post_was_ever_published":false,"footnotes":""},"categories":[12],"tags":[1031,1587,2237,477,1241,452,335,188,1527,403,1313,1251],"class_list":["post-21104","post","type-post","status-publish","format-standard","has-post-thumbnail","hentry","category-demokratie-medien-aufklaerung","tag-afd","tag-anschlag","tag-bsw","tag-bundestag","tag-cdu","tag-deutschland","tag-frieden","tag-krieg","tag-kriegspartei","tag-migration","tag-wahlen","tag-wahlkampf"],"jetpack_featured_media_url":"https:\/\/i0.wp.com\/www.freidenker.org\/fw17\/wp-content\/uploads\/2025\/03\/Zusammenstellung_wahl_loch_800x450.jpg?fit=800%2C450&ssl=1","jetpack_shortlink":"https:\/\/wp.me\/p9stpK-5uo","jetpack-related-posts":[{"id":22435,"url":"https:\/\/www.freidenker.org\/?p=22435","url_meta":{"origin":21104,"position":0},"title":"Ukraine-Proteste: Der Westen hat noch die Kontrolle \u00fcber die NGOs im Land","author":"Webredaktion","date":"25. Juli 2025","format":false,"excerpt":"Beitrag von Gert Ewen Ungar Wenn es um die Ukraine geht, erz\u00e4hlt die Tagesschau gerne sch\u00f6ne und ergreifende Geschichten. Mit der Realit\u00e4t haben diese als Journalismus getarnten R\u00fchrst\u00fccke in der Regel genauso viel zu tun wie die Schauerm\u00e4rchen, die deutsche Medien \u00fcber Russland erz\u00e4hlen: nichts.\u00a0Anl\u00e4sslich der aktuellen Proteste in der\u2026","rel":"","context":"In &quot;Demokratie \u2013 Medien \u2013 Aufkl\u00e4rung&quot;","block_context":{"text":"Demokratie \u2013 Medien \u2013 Aufkl\u00e4rung","link":"https:\/\/www.freidenker.org\/?cat=12"},"img":{"alt_text":"","src":"https:\/\/i0.wp.com\/www.freidenker.org\/fw17\/wp-content\/uploads\/2025\/07\/Proteste_Kiew_RT_800x450.jpg?fit=800%2C450&ssl=1&resize=350%2C200","width":350,"height":200,"srcset":"https:\/\/i0.wp.com\/www.freidenker.org\/fw17\/wp-content\/uploads\/2025\/07\/Proteste_Kiew_RT_800x450.jpg?fit=800%2C450&ssl=1&resize=350%2C200 1x, https:\/\/i0.wp.com\/www.freidenker.org\/fw17\/wp-content\/uploads\/2025\/07\/Proteste_Kiew_RT_800x450.jpg?fit=800%2C450&ssl=1&resize=525%2C300 1.5x, https:\/\/i0.wp.com\/www.freidenker.org\/fw17\/wp-content\/uploads\/2025\/07\/Proteste_Kiew_RT_800x450.jpg?fit=800%2C450&ssl=1&resize=700%2C400 2x"},"classes":[]},{"id":24598,"url":"https:\/\/www.freidenker.org\/?p=24598","url_meta":{"origin":21104,"position":1},"title":"Eine Notiz in der Zeitung &#8211; Pandemische Zeiten, &#8211; Erinnerung &#8211; es bietet sich an zu vergleichen.","author":"Webredaktion","date":"13. M\u00e4rz 2026","format":false,"excerpt":"Beitrag von\u00a0Thomas Loch Es ist eine interessante Sache, welche Parallelen sich aufdr\u00e4ngen, wenn zum Beispiel ein Bericht in der Zeitung (MZ-11.03.2022, Seite7) gelesen und Bez\u00fcge zum pandemischen Zeitalter hergestellt werden k\u00f6nnen. Die Menschen sollen eine Wahl haben und w\u00e4hlen zu k\u00f6nnen, wird ihnen als gro\u00dfe Freiheit gepriesen, doch haben Menschen\u2026","rel":"","context":"In &quot;Demokratie \u2013 Medien \u2013 Aufkl\u00e4rung&quot;","block_context":{"text":"Demokratie \u2013 Medien \u2013 Aufkl\u00e4rung","link":"https:\/\/www.freidenker.org\/?cat=12"},"img":{"alt_text":"","src":"https:\/\/i0.wp.com\/www.freidenker.org\/fw17\/wp-content\/uploads\/2026\/03\/Pilz-Vergleich_800x450.jpg?fit=800%2C450&ssl=1&resize=350%2C200","width":350,"height":200,"srcset":"https:\/\/i0.wp.com\/www.freidenker.org\/fw17\/wp-content\/uploads\/2026\/03\/Pilz-Vergleich_800x450.jpg?fit=800%2C450&ssl=1&resize=350%2C200 1x, https:\/\/i0.wp.com\/www.freidenker.org\/fw17\/wp-content\/uploads\/2026\/03\/Pilz-Vergleich_800x450.jpg?fit=800%2C450&ssl=1&resize=525%2C300 1.5x, https:\/\/i0.wp.com\/www.freidenker.org\/fw17\/wp-content\/uploads\/2026\/03\/Pilz-Vergleich_800x450.jpg?fit=800%2C450&ssl=1&resize=700%2C400 2x"},"classes":[]},{"id":6436,"url":"https:\/\/www.freidenker.org\/?p=6436","url_meta":{"origin":21104,"position":2},"title":"Scheindemokratischer \u201eKlamauk\u201c f\u00fcr undemokratische und exklusive EU?","author":"Webredaktion","date":"23. Mai 2019","format":false,"excerpt":"Interview von Tilo Gr\u00e4ser (Sputniknews Deutschland) mit Klaus Hartmann Am vergangenen Sonntag hat es zahlreiche Demonstrationen unter der Losung \u201eEin Europa f\u00fcr alle\u201c gegeben. Die Organisatoren haben die Wahl zum EU-Parlament am 26. Mai im Blick gehabt. Der Deutsche Freidenker-Verband hat sich beteiligt \u2013 aber gegen die Anliegen der Aufrufer.\u2026","rel":"","context":"In &quot;Demokratie \u2013 Medien \u2013 Aufkl\u00e4rung&quot;","block_context":{"text":"Demokratie \u2013 Medien \u2013 Aufkl\u00e4rung","link":"https:\/\/www.freidenker.org\/?cat=12"},"img":{"alt_text":"","src":"https:\/\/i0.wp.com\/www.freidenker.org\/fw17\/wp-content\/uploads\/2019\/05\/eu-wahl_flickr_800x445.jpg?fit=800%2C445&ssl=1&resize=350%2C200","width":350,"height":200,"srcset":"https:\/\/i0.wp.com\/www.freidenker.org\/fw17\/wp-content\/uploads\/2019\/05\/eu-wahl_flickr_800x445.jpg?fit=800%2C445&ssl=1&resize=350%2C200 1x, https:\/\/i0.wp.com\/www.freidenker.org\/fw17\/wp-content\/uploads\/2019\/05\/eu-wahl_flickr_800x445.jpg?fit=800%2C445&ssl=1&resize=525%2C300 1.5x, https:\/\/i0.wp.com\/www.freidenker.org\/fw17\/wp-content\/uploads\/2019\/05\/eu-wahl_flickr_800x445.jpg?fit=800%2C445&ssl=1&resize=700%2C400 2x"},"classes":[]},{"id":18412,"url":"https:\/\/www.freidenker.org\/?p=18412","url_meta":{"origin":21104,"position":3},"title":"Demokratie \u00e0 la EU: Von der Leyen hat die Wahl schon vor der Wahl gewonnen","author":"Webredaktion","date":"29. Februar 2024","format":false,"excerpt":"Beitrag von Gert Ewen Ungar Im Juni finden in der EU Wahlen zum EU-Parlament statt. Wie sich das f\u00fcr Demokratien geh\u00f6rt, steht die Siegerin bereits fest. Die mehr als nur umstrittene EU-Kommissionspr\u00e4sidentin Ursula von der Leyen bekommt eine zweite Amtszeit verpasst. Die CDU machte sie zur Spitzenkandidatin der EVP-Fraktion im\u2026","rel":"","context":"In &quot;Demokratie \u2013 Medien \u2013 Aufkl\u00e4rung&quot;","block_context":{"text":"Demokratie \u2013 Medien \u2013 Aufkl\u00e4rung","link":"https:\/\/www.freidenker.org\/?cat=12"},"img":{"alt_text":"","src":"https:\/\/i0.wp.com\/www.freidenker.org\/fw17\/wp-content\/uploads\/2024\/02\/von_der_Leyen_on_5_January_2024.jpg?fit=800%2C450&ssl=1&resize=350%2C200","width":350,"height":200,"srcset":"https:\/\/i0.wp.com\/www.freidenker.org\/fw17\/wp-content\/uploads\/2024\/02\/von_der_Leyen_on_5_January_2024.jpg?fit=800%2C450&ssl=1&resize=350%2C200 1x, https:\/\/i0.wp.com\/www.freidenker.org\/fw17\/wp-content\/uploads\/2024\/02\/von_der_Leyen_on_5_January_2024.jpg?fit=800%2C450&ssl=1&resize=525%2C300 1.5x, https:\/\/i0.wp.com\/www.freidenker.org\/fw17\/wp-content\/uploads\/2024\/02\/von_der_Leyen_on_5_January_2024.jpg?fit=800%2C450&ssl=1&resize=700%2C400 2x"},"classes":[]},{"id":14338,"url":"https:\/\/www.freidenker.org\/?p=14338","url_meta":{"origin":21104,"position":4},"title":"Putins Rede zur Vereinigung Russlands mit den ehemals ukrainischen Gebieten","author":"Webredaktion","date":"3. Oktober 2022","format":false,"excerpt":"\"Schmierentheater\", \"beispielloses Hassrede\", \"Putin droht\", \"r\u00fccksichtsloser Weg zur alten Sowjetmacht\" - die Kommentare der Mainstreammedien und NATO-Politiker auf die Rede von Russlands Pr\u00e4sident Putin sind eindeutig und \"einstimmig\". Die Rede hielt er am 30. September 2022 in Moskau anl\u00e4sslich der Unterzeichnung der Vertr\u00e4ge \u00fcber den Beitritt der Volksrepubliken Lugansk und\u2026","rel":"","context":"In &quot;Frieden - Antifaschismus - Solidarit\u00e4t&quot;","block_context":{"text":"Frieden - Antifaschismus - Solidarit\u00e4t","link":"https:\/\/www.freidenker.org\/?cat=13"},"img":{"alt_text":"","src":"https:\/\/i0.wp.com\/www.freidenker.org\/fw17\/wp-content\/uploads\/2022\/10\/Putin_und_Verteter_der_Beitrittsgebiete_800x450.jpg?fit=800%2C450&ssl=1&resize=350%2C200","width":350,"height":200,"srcset":"https:\/\/i0.wp.com\/www.freidenker.org\/fw17\/wp-content\/uploads\/2022\/10\/Putin_und_Verteter_der_Beitrittsgebiete_800x450.jpg?fit=800%2C450&ssl=1&resize=350%2C200 1x, https:\/\/i0.wp.com\/www.freidenker.org\/fw17\/wp-content\/uploads\/2022\/10\/Putin_und_Verteter_der_Beitrittsgebiete_800x450.jpg?fit=800%2C450&ssl=1&resize=525%2C300 1.5x, https:\/\/i0.wp.com\/www.freidenker.org\/fw17\/wp-content\/uploads\/2022\/10\/Putin_und_Verteter_der_Beitrittsgebiete_800x450.jpg?fit=800%2C450&ssl=1&resize=700%2C400 2x"},"classes":[]},{"id":18575,"url":"https:\/\/www.freidenker.org\/?p=18575","url_meta":{"origin":21104,"position":5},"title":"Schlechte Verlierer","author":"Webredaktion","date":"20. M\u00e4rz 2024","format":false,"excerpt":"Beitrag von Gert Ewen Ungar Inzwischen sind die Zahlen offiziell best\u00e4tigt: Wladimir Putin hat die Pr\u00e4sidentschaftswahl in Russland gewonnen. Haushoch gewonnen. \u00dcber 87 Prozent der abgegebenen Stimmen konnte er auf sich vereinen. M\u00f6glich wurde dieses herausragende Ergebnis ausgerechnet durch diejenigen, die alles daran gesetzt haben, das \"System Putin\" zu beenden.\u2026","rel":"","context":"In &quot;Demokratie \u2013 Medien \u2013 Aufkl\u00e4rung&quot;","block_context":{"text":"Demokratie \u2013 Medien \u2013 Aufkl\u00e4rung","link":"https:\/\/www.freidenker.org\/?cat=12"},"img":{"alt_text":"","src":"https:\/\/i0.wp.com\/www.freidenker.org\/fw17\/wp-content\/uploads\/2024\/03\/1167px-Vladimir_Putin_and_Frank-Walter_Steinmeier_2016-03-23_04_800x450.jpg?fit=800%2C450&ssl=1&resize=350%2C200","width":350,"height":200,"srcset":"https:\/\/i0.wp.com\/www.freidenker.org\/fw17\/wp-content\/uploads\/2024\/03\/1167px-Vladimir_Putin_and_Frank-Walter_Steinmeier_2016-03-23_04_800x450.jpg?fit=800%2C450&ssl=1&resize=350%2C200 1x, https:\/\/i0.wp.com\/www.freidenker.org\/fw17\/wp-content\/uploads\/2024\/03\/1167px-Vladimir_Putin_and_Frank-Walter_Steinmeier_2016-03-23_04_800x450.jpg?fit=800%2C450&ssl=1&resize=525%2C300 1.5x, https:\/\/i0.wp.com\/www.freidenker.org\/fw17\/wp-content\/uploads\/2024\/03\/1167px-Vladimir_Putin_and_Frank-Walter_Steinmeier_2016-03-23_04_800x450.jpg?fit=800%2C450&ssl=1&resize=700%2C400 2x"},"classes":[]}],"_links":{"self":[{"href":"https:\/\/www.freidenker.org\/index.php?rest_route=\/wp\/v2\/posts\/21104","targetHints":{"allow":["GET"]}}],"collection":[{"href":"https:\/\/www.freidenker.org\/index.php?rest_route=\/wp\/v2\/posts"}],"about":[{"href":"https:\/\/www.freidenker.org\/index.php?rest_route=\/wp\/v2\/types\/post"}],"author":[{"embeddable":true,"href":"https:\/\/www.freidenker.org\/index.php?rest_route=\/wp\/v2\/users\/3"}],"replies":[{"embeddable":true,"href":"https:\/\/www.freidenker.org\/index.php?rest_route=%2Fwp%2Fv2%2Fcomments&post=21104"}],"version-history":[{"count":1,"href":"https:\/\/www.freidenker.org\/index.php?rest_route=\/wp\/v2\/posts\/21104\/revisions"}],"predecessor-version":[{"id":21106,"href":"https:\/\/www.freidenker.org\/index.php?rest_route=\/wp\/v2\/posts\/21104\/revisions\/21106"}],"wp:featuredmedia":[{"embeddable":true,"href":"https:\/\/www.freidenker.org\/index.php?rest_route=\/wp\/v2\/media\/21105"}],"wp:attachment":[{"href":"https:\/\/www.freidenker.org\/index.php?rest_route=%2Fwp%2Fv2%2Fmedia&parent=21104"}],"wp:term":[{"taxonomy":"category","embeddable":true,"href":"https:\/\/www.freidenker.org\/index.php?rest_route=%2Fwp%2Fv2%2Fcategories&post=21104"},{"taxonomy":"post_tag","embeddable":true,"href":"https:\/\/www.freidenker.org\/index.php?rest_route=%2Fwp%2Fv2%2Ftags&post=21104"}],"curies":[{"name":"wp","href":"https:\/\/api.w.org\/{rel}","templated":true}]}}