{"id":20980,"date":"2025-02-18T02:37:22","date_gmt":"2025-02-18T01:37:22","guid":{"rendered":"https:\/\/www.freidenker.org\/?p=20980"},"modified":"2025-03-20T02:48:00","modified_gmt":"2025-03-20T01:48:00","slug":"der-ukraine-zu-einer-position-der-staerke-verhelfen-ewiggestriges-aus-dem-baerbock-ministerium","status":"publish","type":"post","link":"https:\/\/www.freidenker.org\/?p=20980","title":{"rendered":"&#8222;Der Ukraine zu einer Position der St\u00e4rke verhelfen&#8220; \u2013 Ewiggestriges aus dem Baerbock-Ministerium"},"content":{"rendered":"<p><strong>Zwischen Moskau und Washington werden Gespr\u00e4che zur Beilegung des Ukraine-Konflikts gef\u00fchrt. Die EU und Deutschland wollen der Ukraine weiter zu einer &#8222;Position der St\u00e4rke&#8220; verhelfen. Eine entsprechende Erkl\u00e4rung belegt, dass man in Br\u00fcssel und Berlin den Kontakt zur Realit\u00e4t verloren hat.<\/strong><\/p>\n<p><em>Von <strong>Gert Ewen Ungar<\/strong><\/em><\/p>\n<p><span style=\"font-size: 10pt;\">Erstver\u00f6ffentlichung am 13.02.2025 auf <a href=\"https:\/\/freedert.online\/meinung\/236690-ukraine-zu-position-staerke-verhelfen\/\" target=\"_blank\" rel=\"noopener\">RT DE<\/a><\/span><\/p>\n<div class=\"EmbedBlock-root EmbedBlock-all\">\n<div class=\"AllEmbed\"><iframe loading=\"lazy\" title=\"&quot;Der Ukraine zu einer Position der St\u00e4rke verhelfen&quot; \u2013 Ewiggestriges aus dem Baerbock-Ministerium\" src=\"https:\/\/www.podbean.com\/player-v2\/?i=zf36e-17fe099-pb&amp;from=pb6admin&amp;share=1&amp;download=1&amp;rtl=0&amp;fonts=Arial&amp;skin=f6f6f6&amp;font-color=&amp;logo_link=episode_page&amp;btn-skin=7\" width=\"100%\" height=\"150\" scrolling=\"no\" allowfullscreen=\"allowfullscreen\" data-name=\"pb-iframe-player\" data-mce-fragment=\"1\"><\/iframe><\/div>\n<\/div>\n<p>Mit einem Griff zum Telefonh\u00f6rer brachte US-Pr\u00e4sident Donald Trump Bewegung in den festgefahrenen Ukraine-Konflikt. Bisher waren die Standpunkte klar. Der Westen besteht auf der Aufnahme der Ukraine in die NATO, Russland sieht dadurch seine Sicherheit gef\u00e4hrdet \u2013 solange sich in diesem Punkt nichts bewegt, geht der Krieg weiter.<\/p>\n<p>Nun haben Trump und Putin telefoniert und sich zu weiteren Gespr\u00e4chen verabredet. Die Aufnahme der Ukraine in die NATO ist laut US-Verteidigungsminister Pete Hegseth vom Tisch. Mit dem Telefonat zeigte Trump aber noch eins: Die Behauptung der deutschen Au\u00dfenministerin, Putin sei nicht zu Verhandlungen bereit, war gelogen.<\/p>\n<p>Wer sich au\u00dferhalb des deutschen Mainstreams informierte, wusste das schon seit geraumer Zeit, aber jetzt ist es auch f\u00fcr dessen Konsumenten klar erkennbar. Man kann mit Putin reden, man muss es allerdings wollen. Die deutsche Politik will nicht und h\u00e4lt weiterhin an der Verweigerung fest.<\/p>\n<p>In einer Mitteilung auf X wiederholt die deutsche Au\u00dfenministerin erneut in aller \u00d6ffentlichkeit den d\u00fcmmsten Satz, den jemals ein deutscher Au\u00dfenminister gesagt hat: Putin m\u00fcsse nur seine Truppen zur\u00fcckziehen, dann sei Frieden. Dieser Satz war noch nie wahr, und er ist es heute noch weniger. Die Ursache des Konflikts muss beseitigt werden, dann ist Frieden. Annalena Baerbock verweigert sich der Einsicht in ganz einfache Zusammenh\u00e4nge.<\/p>\n<blockquote class=\"twitter-tweet\" data-width=\"550\" data-dnt=\"true\">\n<p lang=\"de\" dir=\"ltr\">Die Ukraine will Frieden, wir Europ\u00e4er wollen Frieden, die Amerikaner wollen Frieden. Wenn Putin jetzt endlich zur Einsicht k\u00e4me &amp; seinen Krieg gegen die Ukraine beendet, dann w\u00e4re das ein l\u00e4ngst \u00fcberf\u00e4lliger Schritt. <a href=\"https:\/\/twitter.com\/ABaerbock?ref_src=twsrc%5Etfw\">@abaerbock<\/a> 1\/3<\/p>\n<p>&mdash; Ausw\u00e4rtiges Amt (@AuswaertigesAmt) <a href=\"https:\/\/twitter.com\/AuswaertigesAmt\/status\/1889780770358616495?ref_src=twsrc%5Etfw\">February 12, 2025<\/a><\/p><\/blockquote>\n<p><script async src=\"https:\/\/platform.twitter.com\/widgets.js\" charset=\"utf-8\"><\/script><\/p>\n<p>Sie hat daher zur Konfliktl\u00f6sung bisher auch nichts beigetragen. Die EU ebenso wenig. Viele andere in der Welt schon. Die T\u00fcrkei hat vermittelt, \u00fcber arabische Staaten kommt der Austausch von Kriegsgefangenen zustande und werden Kinder, die aus dem Kriegsgebiet evakuiert wurden, ihren Eltern zugef\u00fchrt. China und Brasilien engagieren sich f\u00fcr Frieden und machen Vorschl\u00e4ge f\u00fcr eine L\u00f6sung des Konflikts. Aus der EU kam bisher so gut wie nichts und aus Deutschland noch weniger.<\/p>\n<p>Mit der neuen EU-Au\u00dfenbeauftragten Kaja Kallas, die sich auf einem \u00e4hnlichen intellektuellen Niveau bewegt wie Baerbock, mit der sie zudem noch das Ausma\u00df ihrer Russophobie gemeinsam hat, wird sich daran nichts zum Guten \u00e4ndern. Im Gegenteil. In einer gemeinsamen <a href=\"https:\/\/www.auswaertiges-amt.de\/de\/newsroom\/2700222-2700222\" target=\"_blank\" rel=\"noopener noreferrer\">Erkl\u00e4rung <\/a>Deutschlands, Frankreichs, Polens, Italiens, Spaniens, des Vereinigten K\u00f6nigreichs, des Europ\u00e4ischen Ausw\u00e4rtigen Dienstes und der Europ\u00e4ischen Kommission erkl\u00e4ren die Unterzeichner, dass sie auch weiterhin nicht bereit sind, einen Beitrag zum Frieden in Europa zu leisten.<\/p>\n<p><em>&#8222;Wir sind bereit, unsere Unterst\u00fctzung f\u00fcr die Ukraine zu verst\u00e4rken&#8220;<\/em>, hei\u00dft es in der gestern ver\u00f6ffentlichten Erkl\u00e4rung, die damit die Entwicklungen der letzten Tage einfach ignoriert. Ziel der Unterst\u00fctzung bleibt weiterhin die strategische Niederlage Russlands. Der Ukraine soll zu einer Position der St\u00e4rke verholfen werden.<\/p>\n<p><em>&#8222;Unser gemeinsames Ziel sollte es sein, die Ukraine in eine Position der St\u00e4rke zu versetzen&#8220;<\/em>,wiederholt die EU ihr Mantra, dessen Beschw\u00f6rung in den vergangenen drei Jahren die Ukraine dem Sieg keinen Zentimeter n\u00e4hergebracht hat. Auch hier ist das Gegenteil der Fall.<\/p>\n<p>Dennoch streben die EU und der Gro\u00dfteil ihrer Mitgliedstaaten weiterhin das an, wovon sich die Ukraine in den vergangenen drei Jahren immer weiter entfernt hat \u2013 trotz der umfassenden Unterst\u00fctzung der US-Administration unter Trumps Vorg\u00e4nger im Amt, Joe Biden, mit Abermilliarden Dollar. Es hat bisher alles nichts gen\u00fctzt.<\/p>\n<p>Seit drei Jahren wird die Lage f\u00fcr die Ukraine kontinuierlich immer prek\u00e4rer. Jetzt will die EU und mit der EU auch Deutschland diesen Kurs allein, ohne US-Unterst\u00fctzung, fortsetzen. Man glaubt, mit geeintem europ\u00e4ischem Geist lasse sich das Ziel, der Ukraine &#8222;zu einer Position der St\u00e4rke&#8220; zu verhelfen, auch ohne die USA erreichen. Offensichtlich hat man in Br\u00fcssel, Berlin, Paris und London den Kontakt zur Realit\u00e4t v\u00f6llig verloren.<\/p>\n<p>Dass es in westeurop\u00e4ischen Hauptst\u00e4dten an geistiger Bodenhaftung mangelt, wird gleich im n\u00e4chsten Satz der Erkl\u00e4rung deutlich, denn dort verlangen die Unterzeichner, an den Verhandlungen beteiligt zu werden.<\/p>\n<p><em>&#8222;Die Ukraine und Europa m\u00fcssen an allen Verhandlungen beteiligt sein.&#8220;<\/em> Doch warum sollte man das tun? Die EU und ihre Mitgliedsstaaten haben mit Ausnahme von Ungarn und der Slowakei bisher nichts zur L\u00f6sung des Konfliktes beigetragen und machen in der aktuellen Erkl\u00e4rung zudem deutlich, dass sie auch weiterhin nichts beitragen werden.<\/p>\n<p>Will man Frieden in Europa, dann gilt es, die EU, dann gilt es auch Deutschland drau\u00dfen zu halten. Am Verhandlungstisch ist f\u00fcr sie aus guten Gr\u00fcnden kein Platz. Das ist die bittere Erkenntnis nach drei Jahren Krieg. Westeuropa will keinen Frieden, wenn dieser Frieden nicht den Sieg \u00fcber Russland zur Grundlage hat.<\/p>\n<p>Mit ihrer Ablehnung von Verhandlungen, mit dem Willen, den Ukraine-Konflikt auf milit\u00e4rischem Weg zu l\u00f6sen, mit dem gr\u00f6\u00dfenwahnsinnigen Vorhaben, Russland eine strategische Niederlage zuzuf\u00fcgen, hat sich die EU und mit ihr Deutschland in eine Sackgasse man\u00f6vriert. Faktisch sind es sie, die den Krieg verloren haben. Sie werden, wie das f\u00fcr die Verlierer von Kriegen \u00fcblich ist, die Kosten zu tragen haben.<\/p>\n<p>Es geht jedoch noch ein bisschen weiter. Eine k\u00fcnftige Sicherheitsordnung f\u00fcr Europa wird zwischen Washington und Moskau ausgehandelt. Die EU, deren Vertreter immer gro\u00dfkotzig von Europa sprechen, wenn sie die EU meinen, wird dabei nichts zu sagen haben. Die EU spielt f\u00fcr den eurasischen Kontinent keine Rolle mehr. Sie hat sich gr\u00fcndlich verzockt. Und Deutschland, das sich so gern in einer F\u00fchrungsrolle in der Welt s\u00e4he, hat mit seinem Agieren im Ukraine-Konflikt gezeigt, dass den politischen Eliten des Landes zum F\u00fchren die geistige und moralische Reife v\u00f6llig fehlt.<\/p>\n<p>Die Konsequenzen der Niederlage sind in ihrem Ausma\u00df zwar aktuell weder f\u00fcr Deutschland noch die EU absehbar. Nur dass der verlorene Krieg f\u00fcr beide massive Konsequenzen haben wird, ist wohl jedem klar \u2013 von Annalena Baerbock und Kaja Kallas mal abgesehen.<\/p>\n<p style=\"text-align: right;\"><em>Gert-Ewen Ungar studierte Philosophie und Germanistik und schreibt regelm\u00e4\u00dfig f\u00fcr die <a href=\"https:\/\/www.neulandrebellen.de\/\" target=\"_blank\" rel=\"noopener\">Neulandrebellen<\/a><\/em><\/p>\n<hr \/>\n<p><span style=\"font-size: 10pt;\">Bild oben: Die G7-Au\u00dfenminister und die EU-Au\u00dfenbeauftragten Kaja Kallas 1. v. l.) auf der M\u00fcnchner Sicherheitskonferenz 2025<\/span><br \/>\n<span style=\"font-size: 10pt;\">Foto: <span class=\"mw-mmv-title\">Elliot Vick \/ <\/span>Foreign, Commonwealth &amp; Development Office (UK), <a href=\"https:\/\/creativecommons.org\/licenses\/by\/2.0\" target=\"_blank\" rel=\"noopener\">CC BY 2.0<\/a><\/span><br \/>\n<span style=\"font-size: 10pt;\">Quelle: <a href=\"https:\/\/commons.wikimedia.org\/w\/index.php?curid=159817037\" target=\"_blank\" rel=\"noopener\">https:\/\/commons.wikimedia.org\/w\/index.php?curid=159817037<\/a><\/span><\/p>\n","protected":false},"excerpt":{"rendered":"<p><b>Beitrag von Gert Ewen Ungar<\/b><br \/>\nMit einem Griff zum Telefonh\u00f6rer brachte US-Pr\u00e4sident Donald Trump Bewegung in den festgefahrenen Ukraine-Konflikt. Bisher waren sie Standpunkte klar. Der Westen besteht auf der Aufnahme der Ukraine in die NATO, Russland sieht dadurch seine Sicherheit gef\u00e4hrdet \u2013 solange sich in diesem Punkt nichts bewegt, geht der Krieg weiter. Nun haben Trump und Putin telefoniert und sich zu weiteren Gespr\u00e4chen verabredet. Die Aufnahme der Ukraine in die NATO ist laut US-Verteidigungsminister Pete Hegseth vom Tisch. Mit dem Telefonat zeigte Trump aber noch eins: Die Behauptung der deutschen Au\u00dfenministerin, Putin sei nicht zu Verhandlungen bereit, war gelogen.<\/p>\n","protected":false},"author":3,"featured_media":20982,"comment_status":"closed","ping_status":"closed","sticky":false,"template":"","format":"standard","meta":{"colormag_page_container_layout":"default_layout","colormag_page_sidebar_layout":"default_layout","advanced_seo_description":"","jetpack_seo_html_title":"","jetpack_seo_noindex":false,"jetpack_post_was_ever_published":false,"footnotes":""},"categories":[12],"tags":[699,1423,162,1406,1021,182,56,2519,222,639,185],"class_list":["post-20980","post","type-post","status-publish","format-standard","has-post-thumbnail","hentry","category-demokratie-medien-aufklaerung","tag-aussenpolitik","tag-baerbock","tag-demokratie","tag-diplomatie","tag-donald-trump","tag-eu","tag-nato","tag-position-der-staerke","tag-russland","tag-ukraine-konflikt","tag-usa"],"jetpack_featured_media_url":"https:\/\/i0.wp.com\/www.freidenker.org\/fw17\/wp-content\/uploads\/2025\/02\/Munich_Security_Conference_54329445149_800x450.jpg?fit=800%2C450&ssl=1","jetpack_shortlink":"https:\/\/wp.me\/p9stpK-5so","jetpack-related-posts":[{"id":18845,"url":"https:\/\/www.freidenker.org\/?p=18845","url_meta":{"origin":20980,"position":0},"title":"&#8222;Gerechter Friede&#8220;?","author":"Webredaktion","date":"20. April 2024","format":false,"excerpt":"Scholz ist das Problem, nicht die L\u00f6sung \u2013 Kanzler blitzt in China ab Beitrag von Gert Ewen Ungar Es gehe ihm um einen gerechten Frieden, behauptet Scholz, wenn er \u00fcber die Ukraine spricht. \"Gerechter Frieden f\u00fcr die Ukraine\" ist die neue rhetorische Verpackung f\u00fcr das immer gleiche Ziel: Der Ukraine\u2026","rel":"","context":"In &quot;Demokratie \u2013 Medien \u2013 Aufkl\u00e4rung&quot;","block_context":{"text":"Demokratie \u2013 Medien \u2013 Aufkl\u00e4rung","link":"https:\/\/www.freidenker.org\/?cat=12"},"img":{"alt_text":"","src":"https:\/\/i0.wp.com\/www.freidenker.org\/fw17\/wp-content\/uploads\/2024\/04\/Scholz_in_Slowenien_53612855283_Ausschnitt_800x450.jpg?fit=800%2C450&ssl=1&resize=350%2C200","width":350,"height":200,"srcset":"https:\/\/i0.wp.com\/www.freidenker.org\/fw17\/wp-content\/uploads\/2024\/04\/Scholz_in_Slowenien_53612855283_Ausschnitt_800x450.jpg?fit=800%2C450&ssl=1&resize=350%2C200 1x, https:\/\/i0.wp.com\/www.freidenker.org\/fw17\/wp-content\/uploads\/2024\/04\/Scholz_in_Slowenien_53612855283_Ausschnitt_800x450.jpg?fit=800%2C450&ssl=1&resize=525%2C300 1.5x, https:\/\/i0.wp.com\/www.freidenker.org\/fw17\/wp-content\/uploads\/2024\/04\/Scholz_in_Slowenien_53612855283_Ausschnitt_800x450.jpg?fit=800%2C450&ssl=1&resize=700%2C400 2x"},"classes":[]},{"id":19152,"url":"https:\/\/www.freidenker.org\/?p=19152","url_meta":{"origin":20980,"position":1},"title":"Besuch in Kiew: Baerbocks Wille zum totalen Krieg","author":"Webredaktion","date":"22. Mai 2024","format":false,"excerpt":"Beitrag von Gert Ewen Ungar Au\u00dfenministerin Annalena Baerbock ist zu einem Besuch in Kiew eingetroffen. F\u00fcr ihre Unterst\u00fctzung wurde ihr von Wladimir Selenskij ein Orden verliehen. Das ist zynisch, denn Baerbocks \"Unterst\u00fctzung\" beschr\u00e4nkt sich darauf, den Krieg zu verl\u00e4ngern. Auf der Website des Ausw\u00e4rtigen Amts ist zum Besuch ein Beitrag\u2026","rel":"","context":"In &quot;Demokratie \u2013 Medien \u2013 Aufkl\u00e4rung&quot;","block_context":{"text":"Demokratie \u2013 Medien \u2013 Aufkl\u00e4rung","link":"https:\/\/www.freidenker.org\/?cat=12"},"img":{"alt_text":"","src":"https:\/\/i0.wp.com\/www.freidenker.org\/fw17\/wp-content\/uploads\/2024\/05\/Selenskij_Baerbock_2024_800x450.jpg?fit=800%2C450&ssl=1&resize=350%2C200","width":350,"height":200,"srcset":"https:\/\/i0.wp.com\/www.freidenker.org\/fw17\/wp-content\/uploads\/2024\/05\/Selenskij_Baerbock_2024_800x450.jpg?fit=800%2C450&ssl=1&resize=350%2C200 1x, https:\/\/i0.wp.com\/www.freidenker.org\/fw17\/wp-content\/uploads\/2024\/05\/Selenskij_Baerbock_2024_800x450.jpg?fit=800%2C450&ssl=1&resize=525%2C300 1.5x, https:\/\/i0.wp.com\/www.freidenker.org\/fw17\/wp-content\/uploads\/2024\/05\/Selenskij_Baerbock_2024_800x450.jpg?fit=800%2C450&ssl=1&resize=700%2C400 2x"},"classes":[]},{"id":17604,"url":"https:\/\/www.freidenker.org\/?p=17604","url_meta":{"origin":20980,"position":2},"title":"Baerbocks Au\u00dfenpolitik \u2013 Aggressiver als die der USA","author":"Webredaktion","date":"5. Dezember 2023","format":false,"excerpt":"Beitrag von Gert Ewen Ungar Die deutsche Au\u00dfenministerin hatte in dieser Woche gleich zwei relevante Treffen zu absolvieren. Zu Beginn der Woche trafen sich die Au\u00dfenminister der NATO-Staaten in Br\u00fcssel. Am Donnerstag und Freitag trifft sich der Ministerrat der OSZE in Skopje, der Hauptstadt Nordmazedoniens. Aussagen der deutschen Au\u00dfenministerin auf\u2026","rel":"","context":"In &quot;Demokratie \u2013 Medien \u2013 Aufkl\u00e4rung&quot;","block_context":{"text":"Demokratie \u2013 Medien \u2013 Aufkl\u00e4rung","link":"https:\/\/www.freidenker.org\/?cat=12"},"img":{"alt_text":"","src":"https:\/\/i0.wp.com\/www.freidenker.org\/fw17\/wp-content\/uploads\/2023\/12\/Blinken_Baerbock_Tokyo_2023_800x450.jpg?fit=800%2C450&ssl=1&resize=350%2C200","width":350,"height":200,"srcset":"https:\/\/i0.wp.com\/www.freidenker.org\/fw17\/wp-content\/uploads\/2023\/12\/Blinken_Baerbock_Tokyo_2023_800x450.jpg?fit=800%2C450&ssl=1&resize=350%2C200 1x, https:\/\/i0.wp.com\/www.freidenker.org\/fw17\/wp-content\/uploads\/2023\/12\/Blinken_Baerbock_Tokyo_2023_800x450.jpg?fit=800%2C450&ssl=1&resize=525%2C300 1.5x, https:\/\/i0.wp.com\/www.freidenker.org\/fw17\/wp-content\/uploads\/2023\/12\/Blinken_Baerbock_Tokyo_2023_800x450.jpg?fit=800%2C450&ssl=1&resize=700%2C400 2x"},"classes":[]},{"id":14914,"url":"https:\/\/www.freidenker.org\/?p=14914","url_meta":{"origin":20980,"position":3},"title":"Irrtum deutscher Politiker: Ein Sieg der Ukraine ist keine Option","author":"Webredaktion","date":"31. Dezember 2022","format":false,"excerpt":"Beitrag von Gert Ewen Ungar Die FDP-Verteidigungspolitikerin Marie-Agnes Strack-Zimmermann m\u00f6chte \"vor die Welle kommen\" und der Ukraine schweres Ger\u00e4t pr\u00e4ventiv liefern. Das sagte die Waffenlobbyistin in einem Interview mit dem Redaktionsnetzwerk Deutschland. Das mag der R\u00fcstungsindustrie dienlich sein, f\u00fcr Europa und Deutschland ist die Idee verheerend. Strack-Zimmermann ist sicherlich eine\u2026","rel":"","context":"In &quot;Demokratie \u2013 Medien \u2013 Aufkl\u00e4rung&quot;","block_context":{"text":"Demokratie \u2013 Medien \u2013 Aufkl\u00e4rung","link":"https:\/\/www.freidenker.org\/?cat=12"},"img":{"alt_text":"","src":"https:\/\/i0.wp.com\/www.freidenker.org\/fw17\/wp-content\/uploads\/2022\/12\/Strack-Zimmermann_FDP_MdB_by_Olaf_Kosinsky-1692_800x450_b.jpg?fit=800%2C450&ssl=1&resize=350%2C200","width":350,"height":200,"srcset":"https:\/\/i0.wp.com\/www.freidenker.org\/fw17\/wp-content\/uploads\/2022\/12\/Strack-Zimmermann_FDP_MdB_by_Olaf_Kosinsky-1692_800x450_b.jpg?fit=800%2C450&ssl=1&resize=350%2C200 1x, https:\/\/i0.wp.com\/www.freidenker.org\/fw17\/wp-content\/uploads\/2022\/12\/Strack-Zimmermann_FDP_MdB_by_Olaf_Kosinsky-1692_800x450_b.jpg?fit=800%2C450&ssl=1&resize=525%2C300 1.5x, https:\/\/i0.wp.com\/www.freidenker.org\/fw17\/wp-content\/uploads\/2022\/12\/Strack-Zimmermann_FDP_MdB_by_Olaf_Kosinsky-1692_800x450_b.jpg?fit=800%2C450&ssl=1&resize=700%2C400 2x"},"classes":[]},{"id":17706,"url":"https:\/\/www.freidenker.org\/?p=17706","url_meta":{"origin":20980,"position":4},"title":"Zeugnis des doppelten Standards: Baerbock im Interview","author":"Webredaktion","date":"29. Dezember 2023","format":false,"excerpt":"Beitrag von Gert Ewen Ungar Bez\u00fcglich des Ukraine-Konflikts werden die Deutschen fl\u00e4chendeckend von den verantwortlichen Politikern und von den mitverantwortlichen Medien des Mainstreams desinformiert. Dass die deutsche Au\u00dfenministerin da keine Ausnahme bildet, ist nicht \u00fcberraschend. Sie tut sich im Gegenteil seit Langem damit hervor, die Unwahrheiten besonders dick aufzutragen.\u00a0In einem\u2026","rel":"","context":"In &quot;Demokratie \u2013 Medien \u2013 Aufkl\u00e4rung&quot;","block_context":{"text":"Demokratie \u2013 Medien \u2013 Aufkl\u00e4rung","link":"https:\/\/www.freidenker.org\/?cat=12"},"img":{"alt_text":"","src":"https:\/\/i0.wp.com\/www.freidenker.org\/fw17\/wp-content\/uploads\/2023\/12\/BDK_Karlsruhe_Nov_2023_Annalena_Baerbock_11_800x450.jpg?fit=800%2C450&ssl=1&resize=350%2C200","width":350,"height":200,"srcset":"https:\/\/i0.wp.com\/www.freidenker.org\/fw17\/wp-content\/uploads\/2023\/12\/BDK_Karlsruhe_Nov_2023_Annalena_Baerbock_11_800x450.jpg?fit=800%2C450&ssl=1&resize=350%2C200 1x, https:\/\/i0.wp.com\/www.freidenker.org\/fw17\/wp-content\/uploads\/2023\/12\/BDK_Karlsruhe_Nov_2023_Annalena_Baerbock_11_800x450.jpg?fit=800%2C450&ssl=1&resize=525%2C300 1.5x, https:\/\/i0.wp.com\/www.freidenker.org\/fw17\/wp-content\/uploads\/2023\/12\/BDK_Karlsruhe_Nov_2023_Annalena_Baerbock_11_800x450.jpg?fit=800%2C450&ssl=1&resize=700%2C400 2x"},"classes":[]},{"id":20377,"url":"https:\/\/www.freidenker.org\/?p=20377","url_meta":{"origin":20980,"position":5},"title":"1000 Tage falsche Solidarit\u00e4t \u2013 die Ukraine geht zugrunde, die EU feiert sich selbst","author":"Webredaktion","date":"24. November 2024","format":false,"excerpt":"Beitrag von Gert Ewen Ungar In einer Sondersitzung mit einem zugeschalteten ukrainischen Pr\u00e4sidenten mit abgelaufenem Haltbarkeitsdatum, Wladimir Selenskij, erinnerte das EU-Parlament an \"1000 days of Russia's full-scale invasion of Ukraine\". 1000 Tage sind seit dem 24. Februar 2022 vergangen, als Russland der Bitte der Volksrepubliken Donezk und Lugansk folgte, und\u2026","rel":"","context":"In &quot;Demokratie \u2013 Medien \u2013 Aufkl\u00e4rung&quot;","block_context":{"text":"Demokratie \u2013 Medien \u2013 Aufkl\u00e4rung","link":"https:\/\/www.freidenker.org\/?cat=12"},"img":{"alt_text":"","src":"https:\/\/i0.wp.com\/www.freidenker.org\/fw17\/wp-content\/uploads\/2024\/11\/Zelenskyy_returned_to_the_European_Parliament_on_17_October_800x450.jpg?fit=800%2C450&ssl=1&resize=350%2C200","width":350,"height":200,"srcset":"https:\/\/i0.wp.com\/www.freidenker.org\/fw17\/wp-content\/uploads\/2024\/11\/Zelenskyy_returned_to_the_European_Parliament_on_17_October_800x450.jpg?fit=800%2C450&ssl=1&resize=350%2C200 1x, https:\/\/i0.wp.com\/www.freidenker.org\/fw17\/wp-content\/uploads\/2024\/11\/Zelenskyy_returned_to_the_European_Parliament_on_17_October_800x450.jpg?fit=800%2C450&ssl=1&resize=525%2C300 1.5x, https:\/\/i0.wp.com\/www.freidenker.org\/fw17\/wp-content\/uploads\/2024\/11\/Zelenskyy_returned_to_the_European_Parliament_on_17_October_800x450.jpg?fit=800%2C450&ssl=1&resize=700%2C400 2x"},"classes":[]}],"_links":{"self":[{"href":"https:\/\/www.freidenker.org\/index.php?rest_route=\/wp\/v2\/posts\/20980","targetHints":{"allow":["GET"]}}],"collection":[{"href":"https:\/\/www.freidenker.org\/index.php?rest_route=\/wp\/v2\/posts"}],"about":[{"href":"https:\/\/www.freidenker.org\/index.php?rest_route=\/wp\/v2\/types\/post"}],"author":[{"embeddable":true,"href":"https:\/\/www.freidenker.org\/index.php?rest_route=\/wp\/v2\/users\/3"}],"replies":[{"embeddable":true,"href":"https:\/\/www.freidenker.org\/index.php?rest_route=%2Fwp%2Fv2%2Fcomments&post=20980"}],"version-history":[{"count":1,"href":"https:\/\/www.freidenker.org\/index.php?rest_route=\/wp\/v2\/posts\/20980\/revisions"}],"predecessor-version":[{"id":21225,"href":"https:\/\/www.freidenker.org\/index.php?rest_route=\/wp\/v2\/posts\/20980\/revisions\/21225"}],"wp:featuredmedia":[{"embeddable":true,"href":"https:\/\/www.freidenker.org\/index.php?rest_route=\/wp\/v2\/media\/20982"}],"wp:attachment":[{"href":"https:\/\/www.freidenker.org\/index.php?rest_route=%2Fwp%2Fv2%2Fmedia&parent=20980"}],"wp:term":[{"taxonomy":"category","embeddable":true,"href":"https:\/\/www.freidenker.org\/index.php?rest_route=%2Fwp%2Fv2%2Fcategories&post=20980"},{"taxonomy":"post_tag","embeddable":true,"href":"https:\/\/www.freidenker.org\/index.php?rest_route=%2Fwp%2Fv2%2Ftags&post=20980"}],"curies":[{"name":"wp","href":"https:\/\/api.w.org\/{rel}","templated":true}]}}