{"id":20977,"date":"2025-02-18T02:37:11","date_gmt":"2025-02-18T01:37:11","guid":{"rendered":"https:\/\/www.freidenker.org\/?p=20977"},"modified":"2025-03-20T02:47:28","modified_gmt":"2025-03-20T01:47:28","slug":"diether-dehm-warum-ich-trotzdem-bsw-waehle","status":"publish","type":"post","link":"https:\/\/www.freidenker.org\/?p=20977","title":{"rendered":"Diether Dehm: \u201eWarum ich trotzdem BSW w\u00e4hle\u201c"},"content":{"rendered":"<div class=\"post-content cf entry-content content-spacious-full\">\n<p><em>Interview von <strong>J\u00fcrgen Els\u00e4sser<\/strong> mit <strong>Diether Dehm<\/strong><\/em><\/p>\n<p><span style=\"font-size: 10pt;\">Erstver\u00f6ffentlichung am 07.02.2025 auf <a href=\"https:\/\/www.compact-online.de\/diether-dehm-warum-ich-trotzdem-bsw-waehle\/\" target=\"_blank\" rel=\"noopener\">compact-online.de<\/a><\/span><\/p>\n<p><strong>Der langj\u00e4hrige Bundestagsabgeordnete der Linken, Diether Dehm, erl\u00e4utert im COMPACT-Interview, warum er Gauland und Chrupalla sch\u00e4tzt, was er an Wagenknecht kritisiert \u2013 und warum er trotzdem empfiehlt, das BSW zu w\u00e4hlen. Die Fragen stellte J\u00fcrgen Els\u00e4sser.<\/strong><\/p>\n<p><strong>Warum werden Sie als sozialer Patriot denn nicht ins BSW aufgenommen?<\/strong><\/p>\n<p><em>T-Online<\/em> schrieb einst: \u201eDiether <span class=\"il\">Dehm<\/span> bietet f\u00fcrs BSW zu viel Angriffsfl\u00e4che.\u201c Au\u00dferdem habe ich das Verhalten des BSW in Th\u00fcringen gegen die AfD f\u00fcr kontraproduktiv gehalten. Au\u00dfer- wie innerparlamentarisch sind vern\u00fcnftige, transparente Gespr\u00e4che zwischen AfD und BSW \u00fcberf\u00e4llig! Darum wurde mir von Freunden aus dem BSW gesteckt, ich g\u00e4lte dort als zu AfD-nah.<\/p>\n<p><strong>Und? Ist da was dran?<\/strong><\/p>\n<p>Ich habe mit anderen Linken im August 2024 einen Aufruf gegen das Verbot von COMPACT gemacht, das wissen Sie ja. Au\u00dferdem sch\u00e4tze ich Alexander Gauland seit \u00fcber 40 Jahren au\u00dferordentlich. Und Tino Chrupalla ist ein anst\u00e4ndiger Mensch und Streiter gegen den Krieg. Das hat auch das gro\u00dfartige Gespr\u00e4ch Lafontaine\/Chrupalla bei <em>Servus TV<\/em> in der letzten Woche nachdr\u00fccklich gezeigt. Auch viele Aussagen etwa von Maximilian Krah \u00a0zur EU sind zutreffend.<\/p>\n<p><strong>Trotz alledem rufen Sie \u00a0zur Wahl des BSW auf?<\/strong><\/p>\n<p>BSW und AfD sind die beiden einzigen infrage kommenden Parteien gegen den Weltkriegskurs deutscher Eliten, ob von gr\u00fcn-woken Umerziehungsdiktatoren oder vom Blackrock-\u201eMerzel\u201c. Beim BSW ist der Vorteil, dass es auch energisch f\u00fcr die Rechte von Pal\u00e4stinensern und f\u00fcr mehr Milliard\u00e4rsbesteuerung eintritt. Auch verf\u00e4llt da niemand dem Irrglauben, Hitler \u2013 der Z\u00f6gling von Deutsche Bank und Krupp-Konzern \u2013\u00a0sei ein Sozialist gewesen.<\/p>\n<p><strong>Was sagen Sie nun denen, denen das BSW zu links ist?<\/strong><\/p>\n<p>Ich w\u00fcrde sogar eingefleischten AfD-W\u00e4hlern raten, die Zweitstimme dem BSW zu geben. Wenn Sahra Wagenknecht und ihre Partei unter 5 Prozent blieben, w\u00e4re jeder in der AfD-F\u00fchrung, der an die Regierung will, alternativlos auf Merz angewiesen. Und der h\u00e4tte dann alle Tr\u00fcmpfe in der Hand. Das BSW sollte dagegen eine zus\u00e4tzliche Karte im \u00c4rmel bleiben. Das BSW war zwar oft noch vernagelt gegen die AfD, aber wenn das BSW mal weg ist, ist es weg. Und damit jede andere Perspektive \u2013\u00a0auch f\u00fcr die AfD!<\/p>\n<p><strong>Ich traue Wagenknechts Friedenskurs nicht mehr, seit sie in den Ostl\u00e4ndern Koalitionen mit Kriegstreiberparteien eingegangen ist und seit sie am laufenden Band Putin als \u201eKriegsverbrecher\u201c bezeichnet.<\/strong><\/p>\n<p>Und ich traue Weidel sowenig wie Meloni. In 60 Jahren Friedensbewegung, 33 Jahren SPD, 27 Jahren Linkspartei und 17 Jahren Bundestag habe ich lernen m\u00fcssen, dass man wenigen Berufspolitikern hinter die Stirn schauen kann. Deren Meinungsumschw\u00fcnge entscheiden sich \u00fcbrigens mehr in Kr\u00e4ftekonstellationen, Koalitionen oder per Druck auf der Stra\u00dfe.<\/p>\n<p>Auch deshalb muss das BSW \u00fcber 5 Prozent kommen! Wer ehrlich f\u00fcr Frieden mit Russland ist \u2013 gleichg\u00fcltig, ob in der AfD oder im BSW \u2013\u00a0sollte mehr gemeinsam mobilisieren. So breit, wie wir es am 15. Februar gegen die NATO-Sicherheitskonferenz in M\u00fcnchen tun wollen.<strong>Aber das \u201egemeinsam mobilisieren\u201c scheitert doch nicht an der AfD! Bei allen Demos, die Wagenknecht gemacht hat, hat sie pers\u00f6nlich daf\u00fcr gesorgt, dass keine \u201eb\u00f6sen Rechten\u201c kommen \u2013 mich selbst hat man ja bei der Wagenknecht\/Schwarzer-Demo im Februar 2023 vom Platz zu entfernen versucht!<\/strong><\/p>\n<p>Dazu hat sich die BSW-F\u00fchrung vom geheimdienstlich-medialen Komplex mitsamt seinen Umfrageinstituten leider k\u00f6dern lassen. Und das war kurzsichtig! Aber im BSW ist ein Umdenken im Gange, siehe Lafontaine\/Chrupalla-Gespr\u00e4ch! Was auch neue Chancen f\u00fcr die Friedensbewegung bedeuten w\u00fcrde. Nur: Wenn das BSW wegf\u00e4llt, f\u00e4llt auch dieses Umdenken weg! Und Merz instrumentalisiert dann mit dem geheimdienstlich-medialen Komplex die AfD zur blo\u00dfen Drohmakulatur bei SPD, FDP und Gr\u00fcnen. Auch gegen Trump und f\u00fcr die EU.<\/p>\n<p style=\"text-align: right;\"><em>Dr. Diether Dehm ist Mitglied des Deutschen Freidenker-Verbandes und seines Beirat<\/em><\/p>\n<hr \/>\n<p><span style=\"font-size: 10pt;\">Bild oben: Dieter Dehm (links) und Melchior Ibing von der Querdenker-Gruppe M\u00fcnchen am 18.2.23 auf der Demo gegen die Sicherheitskonferenz. <\/span><br \/>\n<span style=\"font-size: 10pt;\">Foto: Paul Klemm \/ COMPACT\u00a0<\/span><\/p>\n<\/div>\n","protected":false},"excerpt":{"rendered":"<p><b>Interview von J\u00fcrgen Els\u00e4sser mit Diether Dehm<\/b><br \/>\nDer langj\u00e4hrige Bundestagsabgeordnete der Linken, Diether Dehm, erl\u00e4utert im COMPACT-Interview, warum er Gauland und Chrupalla sch\u00e4tzt, was er an Wagenknecht kritisiert \u2013 und warum er trotzdem empfiehlt, das BSW zu w\u00e4hlen. Die Fragen stellte J\u00fcrgen Els\u00e4sser.<br \/>\nFrage: <i>Warum werden Sie als sozialer Patriot denn nicht ins BSW aufgenommen?<\/i><br \/>\nAntwort: <i>T-Online schrieb einst: \u201eDiether Dehm bietet f\u00fcrs BSW zu viel Angriffsfl\u00e4che.\u201c Au\u00dferdem habe ich das Verhalten des BSW in Th\u00fcringen gegen die AfD f\u00fcr kontraproduktiv gehalten. Au\u00dfer- wie innerparlamentarisch sind vern\u00fcnftige, transparente Gespr\u00e4che zwischen AfD und BSW \u00fcberf\u00e4llig! &#8230;<\/i><\/p>\n","protected":false},"author":3,"featured_media":20978,"comment_status":"closed","ping_status":"closed","sticky":false,"template":"","format":"standard","meta":{"colormag_page_container_layout":"default_layout","colormag_page_sidebar_layout":"default_layout","advanced_seo_description":"","jetpack_seo_html_title":"","jetpack_seo_noindex":false,"jetpack_post_was_ever_published":false,"footnotes":""},"categories":[12],"tags":[1031,2237,1413,1136,2227,1313],"class_list":["post-20977","post","type-post","status-publish","format-standard","has-post-thumbnail","hentry","category-demokratie-medien-aufklaerung","tag-afd","tag-bsw","tag-bundestagswahl","tag-friedenspolitik","tag-kriegstreiber","tag-wahlen"],"jetpack_featured_media_url":"https:\/\/i0.wp.com\/www.freidenker.org\/fw17\/wp-content\/uploads\/2025\/02\/Demo_Muenchen_Sicherheitskonferenz_Diether_Dehm_Online_4_800x450.jpg?fit=800%2C450&ssl=1","jetpack_shortlink":"https:\/\/wp.me\/p9stpK-5sl","jetpack-related-posts":[{"id":20884,"url":"https:\/\/www.freidenker.org\/?p=20884","url_meta":{"origin":20977,"position":0},"title":"\u201eMehr Druck f\u00fcr Frieden mit Russland und f\u00fcr eine Zweistaatenl\u00f6sung im Nahen Osten\u201c","author":"Webredaktion","date":"1. Februar 2025","format":false,"excerpt":"Video-Interview: Diether Dehm im Gespr\u00e4ch mit Albrecht M\u00fcller Diether Dehm ist ein vielseitig begabter Zeitgenosse. Er hat gute Liedertexte geschrieben und auch sonst n\u00fctzliche Ideen. Er war Mitglied des Deutschen Bundestags. Mit ihm sprach der Herausgeber der NachDenkSeiten. Schwerpunkt: Frieden mit Russland; woher kommt der Hass auf die Russen? Es\u2026","rel":"","context":"In &quot;Frieden - Antifaschismus - Solidarit\u00e4t&quot;","block_context":{"text":"Frieden - Antifaschismus - Solidarit\u00e4t","link":"https:\/\/www.freidenker.org\/?cat=13"},"img":{"alt_text":"","src":"https:\/\/i0.wp.com\/www.freidenker.org\/fw17\/wp-content\/uploads\/2025\/01\/dehm-mueller-2025-01_800x450.jpg?fit=800%2C450&ssl=1&resize=350%2C200","width":350,"height":200,"srcset":"https:\/\/i0.wp.com\/www.freidenker.org\/fw17\/wp-content\/uploads\/2025\/01\/dehm-mueller-2025-01_800x450.jpg?fit=800%2C450&ssl=1&resize=350%2C200 1x, https:\/\/i0.wp.com\/www.freidenker.org\/fw17\/wp-content\/uploads\/2025\/01\/dehm-mueller-2025-01_800x450.jpg?fit=800%2C450&ssl=1&resize=525%2C300 1.5x, https:\/\/i0.wp.com\/www.freidenker.org\/fw17\/wp-content\/uploads\/2025\/01\/dehm-mueller-2025-01_800x450.jpg?fit=800%2C450&ssl=1&resize=700%2C400 2x"},"classes":[]},{"id":21058,"url":"https:\/\/www.freidenker.org\/?p=21058","url_meta":{"origin":20977,"position":1},"title":"Die Klageges\u00e4nge des BSW: &#8222;Ach, die Medien!&#8220;","author":"Webredaktion","date":"1. M\u00e4rz 2025","format":false,"excerpt":"Beitrag von Gert Ewen Ungar H\u00e4tte es Deutschland auf die Reihe bekommen, die im Ausland lebenden Deutschen an den Bundestagswahlen teilnehmen zu lassen, h\u00e4tte ich vermutlich mein Kreuz beim BSW gemacht. Ganz z\u00e4hneknirschend zwar, aber ich h\u00e4tte das BSW gew\u00e4hlt. Dazu kam es nicht, denn Deutschland ist nicht mehr in\u2026","rel":"","context":"In &quot;Demokratie \u2013 Medien \u2013 Aufkl\u00e4rung&quot;","block_context":{"text":"Demokratie \u2013 Medien \u2013 Aufkl\u00e4rung","link":"https:\/\/www.freidenker.org\/?cat=12"},"img":{"alt_text":"","src":"https:\/\/i0.wp.com\/www.freidenker.org\/fw17\/wp-content\/uploads\/2025\/03\/2024-08-19_Event_Thueringer_Wahlkampftour-Start_des_BSW_in_Eisenach_STP_2994_by_Stepro_800x450.jpg?fit=800%2C450&ssl=1&resize=350%2C200","width":350,"height":200,"srcset":"https:\/\/i0.wp.com\/www.freidenker.org\/fw17\/wp-content\/uploads\/2025\/03\/2024-08-19_Event_Thueringer_Wahlkampftour-Start_des_BSW_in_Eisenach_STP_2994_by_Stepro_800x450.jpg?fit=800%2C450&ssl=1&resize=350%2C200 1x, https:\/\/i0.wp.com\/www.freidenker.org\/fw17\/wp-content\/uploads\/2025\/03\/2024-08-19_Event_Thueringer_Wahlkampftour-Start_des_BSW_in_Eisenach_STP_2994_by_Stepro_800x450.jpg?fit=800%2C450&ssl=1&resize=525%2C300 1.5x, https:\/\/i0.wp.com\/www.freidenker.org\/fw17\/wp-content\/uploads\/2025\/03\/2024-08-19_Event_Thueringer_Wahlkampftour-Start_des_BSW_in_Eisenach_STP_2994_by_Stepro_800x450.jpg?fit=800%2C450&ssl=1&resize=700%2C400 2x"},"classes":[]},{"id":21174,"url":"https:\/\/www.freidenker.org\/?p=21174","url_meta":{"origin":20977,"position":2},"title":"Proproletarische Ratschl\u00e4ge f\u00fcr b\u00fcrgerliche Wahlen","author":"Webredaktion","date":"31. M\u00e4rz 2025","format":false,"excerpt":"oder:\u00a0\u00dcber die Unterschwelligkeit des Abstrakten Beitrag von Dr. Diether Dehm Um es vorwegzunehmen: der 1972er \"Willy-Wahlkampf\" mit dem f\u00fcr die SPD sensationellen Ergebnis von 45,8 %, unter der Leitung von Albrecht M\u00fcller (heute: Nachdenkseiten) mit Egon Bahr und Horst Ehmke ist das Paradebeispiel f\u00fcr das Tanzen des realexistierenden Proletariats auf\u2026","rel":"","context":"In &quot;Demokratie \u2013 Medien \u2013 Aufkl\u00e4rung&quot;","block_context":{"text":"Demokratie \u2013 Medien \u2013 Aufkl\u00e4rung","link":"https:\/\/www.freidenker.org\/?cat=12"},"img":{"alt_text":"","src":"https:\/\/i0.wp.com\/www.freidenker.org\/fw17\/wp-content\/uploads\/2025\/03\/Willy_Brandt_Wahlplakat_1972_HdG_Bonn_dopp_800x450.jpg?fit=800%2C450&ssl=1&resize=350%2C200","width":350,"height":200,"srcset":"https:\/\/i0.wp.com\/www.freidenker.org\/fw17\/wp-content\/uploads\/2025\/03\/Willy_Brandt_Wahlplakat_1972_HdG_Bonn_dopp_800x450.jpg?fit=800%2C450&ssl=1&resize=350%2C200 1x, https:\/\/i0.wp.com\/www.freidenker.org\/fw17\/wp-content\/uploads\/2025\/03\/Willy_Brandt_Wahlplakat_1972_HdG_Bonn_dopp_800x450.jpg?fit=800%2C450&ssl=1&resize=525%2C300 1.5x, https:\/\/i0.wp.com\/www.freidenker.org\/fw17\/wp-content\/uploads\/2025\/03\/Willy_Brandt_Wahlplakat_1972_HdG_Bonn_dopp_800x450.jpg?fit=800%2C450&ssl=1&resize=700%2C400 2x"},"classes":[]},{"id":19477,"url":"https:\/\/www.freidenker.org\/?p=19477","url_meta":{"origin":20977,"position":3},"title":"Was ist los mit dem B\u00fcndnis Sahra Wagenknecht?","author":"Webredaktion","date":"9. Juli 2024","format":false,"excerpt":"Beitrag von Anneliese Fikentscher und Andreas Neumann und Widerspruch aus dem LV NRW Die Abgeordneten zweier Parteien sind dem Auftritt von Wolodymyr Selenskyj im Bundestag am 11. Juni 2024 ferngeblieben: AfD und BSW. Die AfD-Fraktion ist mit folgender Begr\u00fcndung ihrer Fraktionsvorsitzenden Alice Weidel und Tino Chrupalla dem Auftritt von Selenskyj\u2026","rel":"","context":"In &quot;Demokratie \u2013 Medien \u2013 Aufkl\u00e4rung&quot;","block_context":{"text":"Demokratie \u2013 Medien \u2013 Aufkl\u00e4rung","link":"https:\/\/www.freidenker.org\/?cat=12"},"img":{"alt_text":"","src":"https:\/\/i0.wp.com\/www.freidenker.org\/fw17\/wp-content\/uploads\/2024\/07\/Wagenknecht._Nein_zu_Kriegen_2023_03_800x450.jpg?fit=800%2C450&ssl=1&resize=350%2C200","width":350,"height":200,"srcset":"https:\/\/i0.wp.com\/www.freidenker.org\/fw17\/wp-content\/uploads\/2024\/07\/Wagenknecht._Nein_zu_Kriegen_2023_03_800x450.jpg?fit=800%2C450&ssl=1&resize=350%2C200 1x, https:\/\/i0.wp.com\/www.freidenker.org\/fw17\/wp-content\/uploads\/2024\/07\/Wagenknecht._Nein_zu_Kriegen_2023_03_800x450.jpg?fit=800%2C450&ssl=1&resize=525%2C300 1.5x, https:\/\/i0.wp.com\/www.freidenker.org\/fw17\/wp-content\/uploads\/2024\/07\/Wagenknecht._Nein_zu_Kriegen_2023_03_800x450.jpg?fit=800%2C450&ssl=1&resize=700%2C400 2x"},"classes":[]},{"id":19332,"url":"https:\/\/www.freidenker.org\/?p=19332","url_meta":{"origin":20977,"position":4},"title":"Selenskyj im Bundestag: Ohne BSW und AfD","author":"Webredaktion","date":"13. Juni 2024","format":false,"excerpt":"Am Dienstag (11.06.2024) hielt der russische Kom\u00f6diant, Schauspieler, ehemalige Pr\u00e4sident und derzeitige Diktator der Ukraine, Wolodymyr Selenskyj, eine Rede vor dem Deutschen Bundestag, um f\u00fcr weitere Unterst\u00fctzung seines Krieges gegen Russland bis zum letzten Ukrainer zu werben. Zwei Gruppierungen des Parlaments blieben dem makabren Zirkus erkl\u00e4rterma\u00dfen fern. Wir dokumentieren ihre\u2026","rel":"","context":"In &quot;Frieden - Antifaschismus - Solidarit\u00e4t&quot;","block_context":{"text":"Frieden - Antifaschismus - Solidarit\u00e4t","link":"https:\/\/www.freidenker.org\/?cat=13"},"img":{"alt_text":"","src":"https:\/\/i0.wp.com\/www.freidenker.org\/fw17\/wp-content\/uploads\/2024\/06\/Selenskyj_im_Bundestag_800x450.jpg?fit=800%2C450&ssl=1&resize=350%2C200","width":350,"height":200,"srcset":"https:\/\/i0.wp.com\/www.freidenker.org\/fw17\/wp-content\/uploads\/2024\/06\/Selenskyj_im_Bundestag_800x450.jpg?fit=800%2C450&ssl=1&resize=350%2C200 1x, https:\/\/i0.wp.com\/www.freidenker.org\/fw17\/wp-content\/uploads\/2024\/06\/Selenskyj_im_Bundestag_800x450.jpg?fit=800%2C450&ssl=1&resize=525%2C300 1.5x, https:\/\/i0.wp.com\/www.freidenker.org\/fw17\/wp-content\/uploads\/2024\/06\/Selenskyj_im_Bundestag_800x450.jpg?fit=800%2C450&ssl=1&resize=700%2C400 2x"},"classes":[]},{"id":18103,"url":"https:\/\/www.freidenker.org\/?p=18103","url_meta":{"origin":20977,"position":5},"title":"Echter Journalismus und falsche EU","author":"Webredaktion","date":"9. Februar 2024","format":false,"excerpt":"Patrik Baab: Die EU ist zu einem Kriegsb\u00fcndnis degeneriert Video-Interview von\u00a0Dr. Diether Dehm\u00a0mit\u00a0Patrik Baab Der Journalist Patrik Baab erz\u00e4hlt warum er in den Donbass reiste und weshalb Ausgewogenheit das Ziel von Journalismus sein sollte. Es gehe darum aufzukl\u00e4ren und alle Seiten zu Wort kommen zu lassen. Als Politikwissenschaftler gibt er\u2026","rel":"","context":"In &quot;Demokratie \u2013 Medien \u2013 Aufkl\u00e4rung&quot;","block_context":{"text":"Demokratie \u2013 Medien \u2013 Aufkl\u00e4rung","link":"https:\/\/www.freidenker.org\/?cat=12"},"img":{"alt_text":"","src":"https:\/\/i0.wp.com\/www.freidenker.org\/fw17\/wp-content\/uploads\/2024\/02\/Dehm_Baab_800x450.jpg?fit=800%2C450&ssl=1&resize=350%2C200","width":350,"height":200,"srcset":"https:\/\/i0.wp.com\/www.freidenker.org\/fw17\/wp-content\/uploads\/2024\/02\/Dehm_Baab_800x450.jpg?fit=800%2C450&ssl=1&resize=350%2C200 1x, https:\/\/i0.wp.com\/www.freidenker.org\/fw17\/wp-content\/uploads\/2024\/02\/Dehm_Baab_800x450.jpg?fit=800%2C450&ssl=1&resize=525%2C300 1.5x, https:\/\/i0.wp.com\/www.freidenker.org\/fw17\/wp-content\/uploads\/2024\/02\/Dehm_Baab_800x450.jpg?fit=800%2C450&ssl=1&resize=700%2C400 2x"},"classes":[]}],"_links":{"self":[{"href":"https:\/\/www.freidenker.org\/index.php?rest_route=\/wp\/v2\/posts\/20977","targetHints":{"allow":["GET"]}}],"collection":[{"href":"https:\/\/www.freidenker.org\/index.php?rest_route=\/wp\/v2\/posts"}],"about":[{"href":"https:\/\/www.freidenker.org\/index.php?rest_route=\/wp\/v2\/types\/post"}],"author":[{"embeddable":true,"href":"https:\/\/www.freidenker.org\/index.php?rest_route=\/wp\/v2\/users\/3"}],"replies":[{"embeddable":true,"href":"https:\/\/www.freidenker.org\/index.php?rest_route=%2Fwp%2Fv2%2Fcomments&post=20977"}],"version-history":[{"count":1,"href":"https:\/\/www.freidenker.org\/index.php?rest_route=\/wp\/v2\/posts\/20977\/revisions"}],"predecessor-version":[{"id":21224,"href":"https:\/\/www.freidenker.org\/index.php?rest_route=\/wp\/v2\/posts\/20977\/revisions\/21224"}],"wp:featuredmedia":[{"embeddable":true,"href":"https:\/\/www.freidenker.org\/index.php?rest_route=\/wp\/v2\/media\/20978"}],"wp:attachment":[{"href":"https:\/\/www.freidenker.org\/index.php?rest_route=%2Fwp%2Fv2%2Fmedia&parent=20977"}],"wp:term":[{"taxonomy":"category","embeddable":true,"href":"https:\/\/www.freidenker.org\/index.php?rest_route=%2Fwp%2Fv2%2Fcategories&post=20977"},{"taxonomy":"post_tag","embeddable":true,"href":"https:\/\/www.freidenker.org\/index.php?rest_route=%2Fwp%2Fv2%2Ftags&post=20977"}],"curies":[{"name":"wp","href":"https:\/\/api.w.org\/{rel}","templated":true}]}}