{"id":20946,"date":"2025-02-10T19:59:18","date_gmt":"2025-02-10T18:59:18","guid":{"rendered":"https:\/\/www.freidenker.org\/?p=20946"},"modified":"2025-03-20T02:46:44","modified_gmt":"2025-03-20T01:46:44","slug":"betreutes-demonstrieren","status":"publish","type":"post","link":"https:\/\/www.freidenker.org\/?p=20946","title":{"rendered":"Betreutes Demonstrieren"},"content":{"rendered":"<h4 class=\"sp-n-t-xxs sp-b-m\">Rechte Koalition f\u00fcr Demos gegen Rechts<\/h4>\n<p><em>von <strong>Uli Gellermann<\/strong><\/em><\/p>\n<p>Erstver\u00f6ffentlichung am 03.02.2025 auf rationalgalerie.de<\/p>\n<div class=\"article-body\">\n<div class=\"aticle-text\">\n<p>Es hat eine gewisse Komik: Die Demos gegen \u201eRechts\u201c finden in den Mehrheitsmedien und den Regierungskreis-Sprechern eine total positive Resonanz. Diese Einheitsfront kannte man zuletzt w\u00e4hrend des Corona-Regimes, die auch von einer \u00fcberw\u00e4ltigenden \u00f6ffentlichen Einheitsmeinung bestimmt war. Und diese Einheitsmeinung diffamierte die vielstimmige Oppposition unisono auch als &#8222;Rechts&#8220;.<\/p>\n<h5><strong>\u201eCampact\u201c f\u00fcr Corona-Regime<\/strong><\/h5>\n<p>Die \u00f6ffentlich bekannte Zentral-Organisation der Demos ist der Verein \u201eCampact\u201c. Von diesem Verein ist bekannt, dass er w\u00e4hrend der Fake-Pandemie seine 2,3 Millionen Unterst\u00fctzer per Mail dazu aufrief, sich nur ja nicht an den\u00a0Protesten gegen die damaligen Coronama\u00dfnahmen\u00a0zu beteiligen. So wie \u201eCampact\u201c sich heftig f\u00fcr die amtlichen Einschr\u00e4nkungen der Demokratie engagierte, k\u00e4mpfte der Verein auch f\u00fcr die nicht validierten, gef\u00e4hrlichen Spritzstoffe.<\/p>\n<h5>Corona-Betr\u00fcger immer noch an der Macht<\/h5>\n<p>Das Budget der dubiosen Organisation betrug 2011 rund zwei Millionen Euro aus Spenden und F\u00f6rderbeitr\u00e4gen, 2018 verf\u00fcgte die Organisation \u00fcber einen Etat von 10,1 Mio. Euro. Die Regierungsmedienmacht auf ihrer Seite l\u00e4sst sich nur in Milliarden beziffern. Zu den halbwegs bekannten Spendern f\u00fcr \u201eCampact\u201c geh\u00f6rt die DGB\/SPD-Stiftung Hans-B\u00f6ckler. Zu den aktuellen Unterst\u00fctzern der Demonstrationen geh\u00f6ren also wesentlich Gruppierungen und Medien einer \u00fcbergro\u00dfen Parlamentskoalition, die seit Jahrzehnten das Land beherrscht und die sp\u00e4testens seit der Ver\u00f6ffentlichung der RKI-Files, die den riesigen Corona-Betrug entlarvt hat, h\u00e4tte kollektiv zur\u00fccktreten und sich entschuldigen m\u00fcssen.<\/p>\n<h5>Was ist Rechts, was ist Links?<\/h5>\n<p>Die deutsche Nazi-Vergangenheit eignet sich bestens f\u00fcr Rechts-Links-Tricksereien. Redliche B\u00fcrger haben die Nazis in ihrem politischen Bewusstsein gespeichert und daher eine allergische Reaktion, wenn ihnen von \u201eRechten\u201c erz\u00e4hlt wird. Aber jene Mehrheit, die zur Zeit das Land beherrscht, ist selbst \u201eRechts\u201c: Die Herrschenden sind f\u00fcr Waffenlieferungen in einen NATO-Krieg, die Herrschenden beg\u00fcnstigen die Reichen gegen die Armen, die Herrschenden haben die Corona-Pharma-Diktatur gegen die Gesundheit der Bev\u00f6lkerung unterst\u00fctzt. Das ist eindeutig \u201eRechts\u201c. Aber, abgesehen von der CDU und den ihr nahestehenden Apparaten, sie alle firmieren als \u201eLinks\u201c. Doch eine linke Haltung war und ist gegen die NATO und ihre Kriege; Links ist sozial, gegen die Konzerne. Links ist gegen die Macht der Medienmaschinen. Das alles trifft weder auf die GR\u00dcNE-SPD-Koalition zu noch auf die gef\u00fcgigen Massenmedien, ohne die jene Koalition schon l\u00e4nger zu Ende gewesen w\u00e4re.<\/p>\n<h5>Krieg gegen Russland &#8211; Ende Deutschlands<\/h5>\n<p>Offiziell soll im wesentlichen die AfD mit dieser Kampagne gegen Rechts getroffen werden. Die arme AfD, wo sie sich doch auch brav zur NATO und zum Kapitalismus bekennt. Das hilft ihr nichts, in der Corona-Kampagne war sie nicht exakt auf Kurs! Doch viel wichtiger als die AfD ist eine kriegsunwillige Bev\u00f6lkerung: Gut die H\u00e4lfte der Deutschen ist gegen die Waffenlieferungen in die Ukraine. Aber wer Krieg will, der braucht ein komplett williges Volk. Eine solch geringe Kriegsbereitschaft schreit geradezu nach Formierung- dazu ist ein behaupteter Kampf gegen Rechts unbedingt n\u00fctzlich. K\u00f6nnen doch die Vorreiter einer solcher Kampagne nur reinen Herzen sein, und wer reinen Herzens ist, dessen Anliegen ist immer redlich, auch wenn ein Krieg gegen Russland das Ende Deutschlands herbeif\u00fchren w\u00fcrde.<\/p>\n<h5>W\u00e4hlerstimmen f\u00fcr die Urne<\/h5>\n<p>Statt einer Brandmauer gegen die Kriegsgefahr ist landauf landab von einer Brandmauer gegen die AfD die Rede. Dieses wohlfeile Geschw\u00e4tz lenkt von der latenten Kriegsgefahr ab und sp\u00fclt dem herrschenden Parteien-Block W\u00e4hlerstimmen in die Urne. Leichtfertig wurde und wird die Erinnerung an den Holocaust f\u00fcr tagespolitische Vorteile verschlissen. Ein banalisiertes \u201eNie wieder\u201c wird in die Medienwelt geschrien, ohne daran zu erinnern, dass die entscheidende Lehre aus dem Ende der Nazi-Zeit und der Niederlage Deutschlands eindeutig hie\u00df \u201eNie wieder Krieg\u201c. Um diese F\u00e4lschung des historischen Erbes mehrheitsf\u00e4hig zu machen, f\u00f6rdern die Herrschenden betreute Demonstrationen, organisieren sie sich Zustimmungen auf der Stra\u00dfe, um ihrer demokratischen Fassade ein bombensicheres Alibi zu geben. Das rettet nat\u00fcrlich nur die Fassade, keine Menschen.<\/p>\n<\/div>\n<\/div>\n<p style=\"text-align: right;\"><em>Uli Gellermann ist Journalist und Filmemacher und betreibt die Internetseite &#8222;Rationalgalerie&#8220; auf der auch dieser Text ver\u00f6ffentlicht wurde.<\/em><\/p>\n<hr \/>\n<p><span style=\"font-size: 10pt;\">Bild oben: \u201eDemo gegen Rechts\u201c vor dem Brandenburger Tor in Berlin, 25.01.2025<\/span><br \/>\n<span style=\"font-size: 10pt;\">Foto: Stephan Sprinz, <a href=\"https:\/\/creativecommons.org\/licenses\/by\/4.0\" target=\"_blank\" rel=\"noopener\">CC BY 4.0<\/a><\/span><br \/>\n<span style=\"font-size: 10pt;\">Quelle: <a href=\"https:\/\/commons.wikimedia.org\/w\/index.php?curid=158532908\" target=\"_blank\" rel=\"noopener\">https:\/\/commons.wikimedia.org\/w\/index.php?curid=158532908<\/a><\/span><\/p>\n","protected":false},"excerpt":{"rendered":"<p><b>Rechte Koalition f\u00fcr Demos gegen Rechts<\/b><br \/>\n<b>Beitrag von Uli Gellermann<\/b><br \/>\nEs hat eine gewisse Komik: Die Demos gegen \u201eRechts\u201c finden in den Mehrheitsmedien und den Regierungskreis-Sprechern eine total positive Resonanz. Diese Einheitsfront kannte man zuletzt w\u00e4hrend des Corona-Regimes, die auch von einer \u00fcberw\u00e4ltigenden \u00f6ffentlichen Einheitsmeinung bestimmt war. Und diese Einheitsmeinung diffamierte die vielstimmige Opposition unisono auch als &#8222;Rechts&#8220;. Die \u00f6ffentlich bekannte Zentral-Organisation der Demos ist der Verein \u201eCampact\u201c. Von diesem Verein ist bekannt, dass er w\u00e4hrend der Fake-Pandemie seine 2,3 Millionen Unterst\u00fctzer per Mail dazu aufrief, sich nur ja nicht an den\u00a0Protesten gegen die damaligen Coronama\u00dfnahmen\u00a0zu beteiligen. <\/p>\n","protected":false},"author":3,"featured_media":20948,"comment_status":"closed","ping_status":"closed","sticky":false,"template":"","format":"standard","meta":{"colormag_page_container_layout":"default_layout","colormag_page_sidebar_layout":"default_layout","advanced_seo_description":"","jetpack_seo_html_title":"","jetpack_seo_noindex":false,"jetpack_post_was_ever_published":false,"footnotes":""},"categories":[12],"tags":[1031,2466,1256,277,1461,441,2511,1091,56,1257,2323],"class_list":["post-20946","post","type-post","status-publish","format-standard","has-post-thumbnail","hentry","category-demokratie-medien-aufklaerung","tag-afd","tag-brandmauer","tag-corona-virus","tag-holocaust","tag-impfzwang","tag-kapitalismus","tag-krieg-gegen-russland","tag-links-rechts","tag-nato","tag-pandemie","tag-rechtspopulismus"],"jetpack_featured_media_url":"https:\/\/i0.wp.com\/www.freidenker.org\/fw17\/wp-content\/uploads\/2025\/02\/Demo_gegen_Rechts_Berlin_25.01.2025_04_800x450.jpg?fit=800%2C450&ssl=1","jetpack_shortlink":"https:\/\/wp.me\/p9stpK-5rQ","jetpack-related-posts":[{"id":6103,"url":"https:\/\/www.freidenker.org\/?p=6103","url_meta":{"origin":20946,"position":0},"title":"EUmania bei Campact, Attac &#038; Co: vorgeblich \u201egegen rechts\u201c","author":"Webredaktion","date":"31. M\u00e4rz 2019","format":false,"excerpt":"In der Rubrik Tagesdosis wurde am 29.03.2019 bei KenFM der Beitrag \u201eEUmania bei Campact, Attac & Co: vorgeblich \u201egegen rechts\u201c, von Klaus Hartmann, Vorsitzender des Deutschen Freidenker-Verbandes, ver\u00f6ffentlicht. Die sogenannte \u201eZivilgesellschaft\u201c ... macht wieder mobil. \u201eCampact\u201c will \u201eeine europaweite Bewegung entstehen lassen, die zeigt: Dem Nationalismus geh\u00f6rt die Vergangenheit, aber\u2026","rel":"","context":"In &quot;Demokratie \u2013 Medien \u2013 Aufkl\u00e4rung&quot;","block_context":{"text":"Demokratie \u2013 Medien \u2013 Aufkl\u00e4rung","link":"https:\/\/www.freidenker.org\/?cat=12"},"img":{"alt_text":"","src":"https:\/\/i0.wp.com\/www.freidenker.org\/fw17\/wp-content\/uploads\/2019\/03\/campact_800x445.jpg?fit=800%2C445&ssl=1&resize=350%2C200","width":350,"height":200,"srcset":"https:\/\/i0.wp.com\/www.freidenker.org\/fw17\/wp-content\/uploads\/2019\/03\/campact_800x445.jpg?fit=800%2C445&ssl=1&resize=350%2C200 1x, https:\/\/i0.wp.com\/www.freidenker.org\/fw17\/wp-content\/uploads\/2019\/03\/campact_800x445.jpg?fit=800%2C445&ssl=1&resize=525%2C300 1.5x, https:\/\/i0.wp.com\/www.freidenker.org\/fw17\/wp-content\/uploads\/2019\/03\/campact_800x445.jpg?fit=800%2C445&ssl=1&resize=700%2C400 2x"},"classes":[]},{"id":20873,"url":"https:\/\/www.freidenker.org\/?p=20873","url_meta":{"origin":20946,"position":1},"title":"&#8222;Lichtermeer gegen Rechts&#8220; \u2013 nah am braunen Original","author":"Webredaktion","date":"31. Januar 2025","format":false,"excerpt":"Beitrag von Dagmar Henn Schon der Januar des vergangenen Jahres wurde durch gro\u00dfe Gehorsamkeitsbekundungen gest\u00f6rt. Jetzt geht es wieder los damit. Aber egal, wie oft da das Etikett \"Gegen Rechts\" aufgeklebt wird, der eigentliche Inhalt ist nah dran am braunen Original. Und schon gibt es die n\u00e4chste Runde Regierungsaufm\u00e4rsche. Von\u2026","rel":"","context":"In &quot;Demokratie \u2013 Medien \u2013 Aufkl\u00e4rung&quot;","block_context":{"text":"Demokratie \u2013 Medien \u2013 Aufkl\u00e4rung","link":"https:\/\/www.freidenker.org\/?cat=12"},"img":{"alt_text":"","src":"https:\/\/i0.wp.com\/www.freidenker.org\/fw17\/wp-content\/uploads\/2025\/01\/Demo_gegen_Rechts_Berlin_25.01.2025_03_800x450.jpg?fit=800%2C450&ssl=1&resize=350%2C200","width":350,"height":200,"srcset":"https:\/\/i0.wp.com\/www.freidenker.org\/fw17\/wp-content\/uploads\/2025\/01\/Demo_gegen_Rechts_Berlin_25.01.2025_03_800x450.jpg?fit=800%2C450&ssl=1&resize=350%2C200 1x, https:\/\/i0.wp.com\/www.freidenker.org\/fw17\/wp-content\/uploads\/2025\/01\/Demo_gegen_Rechts_Berlin_25.01.2025_03_800x450.jpg?fit=800%2C450&ssl=1&resize=525%2C300 1.5x, https:\/\/i0.wp.com\/www.freidenker.org\/fw17\/wp-content\/uploads\/2025\/01\/Demo_gegen_Rechts_Berlin_25.01.2025_03_800x450.jpg?fit=800%2C450&ssl=1&resize=700%2C400 2x"},"classes":[]},{"id":18649,"url":"https:\/\/www.freidenker.org\/?p=18649","url_meta":{"origin":20946,"position":2},"title":"Verfassungsrechtler: Heuchlerische Aufarbeitung der Corona-Ma\u00dfnahmen von Politikern und Medien","author":"Webredaktion","date":"31. M\u00e4rz 2024","format":false,"excerpt":"Beitrag von Felicitas Rabe Der ehemalige nordrhein-westf\u00e4lische Ministerpr\u00e4sident Armin Laschet hofft, dass man die Spaltung der Gesellschaft nach der COVID-19-Pandemie \u00fcberwinden kann. Im Interview mit dem ZDF heute-journal erkl\u00e4rte er am Sonntag, in einer neuen Dialogkultur m\u00fcssten Politiker und Medien Fehler eingestehen und andere Meinungen respektieren. Das gelte nicht nur\u2026","rel":"","context":"In &quot;Demokratie \u2013 Medien \u2013 Aufkl\u00e4rung&quot;","block_context":{"text":"Demokratie \u2013 Medien \u2013 Aufkl\u00e4rung","link":"https:\/\/www.freidenker.org\/?cat=12"},"img":{"alt_text":"","src":"https:\/\/i0.wp.com\/www.freidenker.org\/fw17\/wp-content\/uploads\/2024\/03\/demo_magdeburg_rabe_800x450.jpg?fit=800%2C450&ssl=1&resize=350%2C200","width":350,"height":200,"srcset":"https:\/\/i0.wp.com\/www.freidenker.org\/fw17\/wp-content\/uploads\/2024\/03\/demo_magdeburg_rabe_800x450.jpg?fit=800%2C450&ssl=1&resize=350%2C200 1x, https:\/\/i0.wp.com\/www.freidenker.org\/fw17\/wp-content\/uploads\/2024\/03\/demo_magdeburg_rabe_800x450.jpg?fit=800%2C450&ssl=1&resize=525%2C300 1.5x, https:\/\/i0.wp.com\/www.freidenker.org\/fw17\/wp-content\/uploads\/2024\/03\/demo_magdeburg_rabe_800x450.jpg?fit=800%2C450&ssl=1&resize=700%2C400 2x"},"classes":[]},{"id":17582,"url":"https:\/\/www.freidenker.org\/?p=17582","url_meta":{"origin":20946,"position":3},"title":"Was ist \u201eRechts\u201c, was ist \u201eLinks\u201c?","author":"Webredaktion","date":"25. November 2023","format":false,"excerpt":"Beitrag von Klaus Hartmann In den letzten Jahren ist es zunehmend \u00fcblich geworden, Menschen und Proteste als \u201erechts\u201c zu etikettieren, wenn sie sich gegen den \u201eMainstream\u201c oder den Kurs der Regierung wenden. Wer zur Zuwanderung, den \u201eCorona-Ma\u00dfnahmen\u201c, zum \u201eKlima\u201c oder dem Heizungsgesetz, zu den Kriegen in der Ukraine oder in\u2026","rel":"","context":"In &quot;Demokratie \u2013 Medien \u2013 Aufkl\u00e4rung&quot;","block_context":{"text":"Demokratie \u2013 Medien \u2013 Aufkl\u00e4rung","link":"https:\/\/www.freidenker.org\/?cat=12"},"img":{"alt_text":"","src":"https:\/\/i0.wp.com\/www.freidenker.org\/fw17\/wp-content\/uploads\/2023\/11\/directory-5413030_800x450.jpg?fit=800%2C450&ssl=1&resize=350%2C200","width":350,"height":200,"srcset":"https:\/\/i0.wp.com\/www.freidenker.org\/fw17\/wp-content\/uploads\/2023\/11\/directory-5413030_800x450.jpg?fit=800%2C450&ssl=1&resize=350%2C200 1x, https:\/\/i0.wp.com\/www.freidenker.org\/fw17\/wp-content\/uploads\/2023\/11\/directory-5413030_800x450.jpg?fit=800%2C450&ssl=1&resize=525%2C300 1.5x, https:\/\/i0.wp.com\/www.freidenker.org\/fw17\/wp-content\/uploads\/2023\/11\/directory-5413030_800x450.jpg?fit=800%2C450&ssl=1&resize=700%2C400 2x"},"classes":[]},{"id":18239,"url":"https:\/\/www.freidenker.org\/?p=18239","url_meta":{"origin":20946,"position":4},"title":"&#8222;Hass im Netz&#8220; oder eher Hass auf ein Grundrecht?","author":"Webredaktion","date":"16. Februar 2024","format":false,"excerpt":"Beitrag von Dagmar Henn Es gibt Studien, die muss man nicht lesen. Jedenfalls nicht, um Erkenntnisse zu gewinnen. So ist es auch mit der Umfrage \"Hass im Netz\" vom \"Kompetenznetzwerk gegen Hass im Netz\", die derzeit durch die Medien gejagt wird. [...] Es muss nicht \u00fcberraschen, dass diese Umfrage zeitlich\u2026","rel":"","context":"In &quot;Demokratie \u2013 Medien \u2013 Aufkl\u00e4rung&quot;","block_context":{"text":"Demokratie \u2013 Medien \u2013 Aufkl\u00e4rung","link":"https:\/\/www.freidenker.org\/?cat=12"},"img":{"alt_text":"","src":"https:\/\/i0.wp.com\/www.freidenker.org\/fw17\/wp-content\/uploads\/2024\/02\/hass_im_netz_18847dd342_c_800x450.jpg?fit=799%2C450&ssl=1&resize=350%2C200","width":350,"height":200,"srcset":"https:\/\/i0.wp.com\/www.freidenker.org\/fw17\/wp-content\/uploads\/2024\/02\/hass_im_netz_18847dd342_c_800x450.jpg?fit=799%2C450&ssl=1&resize=350%2C200 1x, https:\/\/i0.wp.com\/www.freidenker.org\/fw17\/wp-content\/uploads\/2024\/02\/hass_im_netz_18847dd342_c_800x450.jpg?fit=799%2C450&ssl=1&resize=525%2C300 1.5x, https:\/\/i0.wp.com\/www.freidenker.org\/fw17\/wp-content\/uploads\/2024\/02\/hass_im_netz_18847dd342_c_800x450.jpg?fit=799%2C450&ssl=1&resize=700%2C400 2x"},"classes":[]},{"id":2847,"url":"https:\/\/www.freidenker.org\/?p=2847","url_meta":{"origin":20946,"position":5},"title":"\u201eNicht rechts, nicht links\u201c?","author":"Webredaktion","date":"17. M\u00e4rz 2016","format":false,"excerpt":"Aus: FREIDENKER 1-16 \u201eNicht rechts, nicht links\u201c - in politischen Auseinandersetzungen und Bewegungen begegnet man dieser Aussage h\u00e4ufig. Sie ist aber oft sehr unterschiedlich motiviert, mit ihr k\u00f6nnen sehr verschiedene Zwecke gemeint sein. Die unterschiedlichen Motive und Zwecke muss man kennen und unterscheiden, weil man sich andernfalls sparen k\u00f6nnte, darauf\u2026","rel":"","context":"In &quot;Demokratie \u2013 Medien \u2013 Aufkl\u00e4rung&quot;","block_context":{"text":"Demokratie \u2013 Medien \u2013 Aufkl\u00e4rung","link":"https:\/\/www.freidenker.org\/?cat=12"},"img":{"alt_text":"","src":"https:\/\/i0.wp.com\/www.freidenker.org\/fw17\/wp-content\/uploads\/2017\/12\/board-2084777_800x445.jpg?fit=850%2C445&ssl=1&resize=350%2C200","width":350,"height":200,"srcset":"https:\/\/i0.wp.com\/www.freidenker.org\/fw17\/wp-content\/uploads\/2017\/12\/board-2084777_800x445.jpg?fit=850%2C445&ssl=1&resize=350%2C200 1x, https:\/\/i0.wp.com\/www.freidenker.org\/fw17\/wp-content\/uploads\/2017\/12\/board-2084777_800x445.jpg?fit=850%2C445&ssl=1&resize=525%2C300 1.5x, https:\/\/i0.wp.com\/www.freidenker.org\/fw17\/wp-content\/uploads\/2017\/12\/board-2084777_800x445.jpg?fit=850%2C445&ssl=1&resize=700%2C400 2x"},"classes":[]}],"_links":{"self":[{"href":"https:\/\/www.freidenker.org\/index.php?rest_route=\/wp\/v2\/posts\/20946","targetHints":{"allow":["GET"]}}],"collection":[{"href":"https:\/\/www.freidenker.org\/index.php?rest_route=\/wp\/v2\/posts"}],"about":[{"href":"https:\/\/www.freidenker.org\/index.php?rest_route=\/wp\/v2\/types\/post"}],"author":[{"embeddable":true,"href":"https:\/\/www.freidenker.org\/index.php?rest_route=\/wp\/v2\/users\/3"}],"replies":[{"embeddable":true,"href":"https:\/\/www.freidenker.org\/index.php?rest_route=%2Fwp%2Fv2%2Fcomments&post=20946"}],"version-history":[{"count":1,"href":"https:\/\/www.freidenker.org\/index.php?rest_route=\/wp\/v2\/posts\/20946\/revisions"}],"predecessor-version":[{"id":21219,"href":"https:\/\/www.freidenker.org\/index.php?rest_route=\/wp\/v2\/posts\/20946\/revisions\/21219"}],"wp:featuredmedia":[{"embeddable":true,"href":"https:\/\/www.freidenker.org\/index.php?rest_route=\/wp\/v2\/media\/20948"}],"wp:attachment":[{"href":"https:\/\/www.freidenker.org\/index.php?rest_route=%2Fwp%2Fv2%2Fmedia&parent=20946"}],"wp:term":[{"taxonomy":"category","embeddable":true,"href":"https:\/\/www.freidenker.org\/index.php?rest_route=%2Fwp%2Fv2%2Fcategories&post=20946"},{"taxonomy":"post_tag","embeddable":true,"href":"https:\/\/www.freidenker.org\/index.php?rest_route=%2Fwp%2Fv2%2Ftags&post=20946"}],"curies":[{"name":"wp","href":"https:\/\/api.w.org\/{rel}","templated":true}]}}