{"id":20921,"date":"2025-02-10T19:58:47","date_gmt":"2025-02-10T18:58:47","guid":{"rendered":"https:\/\/www.freidenker.org\/?p=20921"},"modified":"2025-03-20T02:45:17","modified_gmt":"2025-03-20T01:45:17","slug":"wahlkampf-welch-alternative","status":"publish","type":"post","link":"https:\/\/www.freidenker.org\/?p=20921","title":{"rendered":"Wahlkampf \u2013 welch Alternative"},"content":{"rendered":"<h4 class=\"post-title entry-title\">Auf dem metaphysischen Karussell ist alles gleich und bleich.<\/h4>\n<p><em>von <strong>Thomas Loch<\/strong><\/em><\/p>\n<p align=\"justify\">Parteien und ihre politische Ausrichtung, wieso, weshalb, warum, wem nutzt es, oder wem nutzen sie? Fragen \u00fcber Fragen, ob substanziell oder oberfl\u00e4chlich, vielleicht auch substanziell oberfl\u00e4chlich, oder nur oberfl\u00e4chlich substanziell? Ein Spiel was ohne Ende fortgesetzt werden kann und in einer Welt wo alles m\u00f6glich, nur nicht das m\u00f6glich was objektiv notwendig, werden die Menschen gern am Nasenring durch die politische Arena gezogen, oft ohne das ihnen der Nasenring bewusst. Also immer der Nase nach, die Augen fest verschlossen, von lockenden Ger\u00fcchen und angenehm s\u00e4uselnden Stimmen gef\u00fchrt?<\/p>\n<p align=\"justify\">Viele Menschen drehen sich im Kreis, sie haben sich auf ein Karussell setzen lassen und freuen sich Runde f\u00fcr Runde, denn sie k\u00f6nnen jene am Rande stehen sehen, welche entweder voller Sehnsucht aufs Karussell schauen, oder sich abgewendet haben, weil diese Kreisl\u00e4ufe ohnehin nicht zum Ziel f\u00fchren. Nicht zu vergessen jene, welche unentschieden, nicht wissen was besser, sich auf das Karussell zu bewegen, oder sich abzuwenden und auf geraden Wegen Richtung unbekanntes den Rummel zu verlassen?<\/p>\n<p align=\"justify\">F\u00fcrs Unbekannte, selbst wenn es nicht wirklich unbekannt, m\u00fcssen Menschen sich bewusst entscheiden, es ist ein Weg von M\u00fche und Anstrengung, abseits der mit hoffnungsvollen Illusionen gepflasterten Pfade, mit Unebenheit und unsicherem Untergrund. Aber nicht nur das der Weg \u00dcberraschungen bieten kann, es muss auch noch gegen einen Strom gek\u00e4mpft werden, welcher alles Faulige und Verwesende der Gegenwart und Vergangenheit einem entgegen sp\u00fclt. Es ist ein Weg im Strom der Geschichte, welcher immer mit entsprechenden Gegenstr\u00f6mungen zu rechnen hat. Wer den Weg des gesellschaftlichen Fortschritts geht, dem wird nicht nur der Gestank der verwesenden Gegenwart und Vergangenheit um die Nase geweht, sondern er muss auch in der Gegenwart das Erbe der Vergangenheit bew\u00e4ltigen.<\/p>\n<p align=\"justify\">Da wundert es nicht, dass viele Menschen sich lieber aufs Karussell setzen, selbst wenn es best\u00e4ndig beschleunigt. Der Rummelplatz auf dem das Karussell sich dreht, ist angenehm anzusehen, mit weiteren Fahrgesch\u00e4ften, bunten Buden, der s\u00fc\u00dfen D\u00fcfte, Leckereien und Spielchen, sowie dem best\u00e4ndig fl\u00fcchtigen Blick auf die Menschen, welche auf dem Rummelplatz hoffnungsvoll neben dem Karussell stehen. Es ist angenehm den Rummelplatz zu sehen, mit seiner bunten Farbenwelt, den vielen Wohlger\u00fcchen, in der Gondel \u00fcber den Boden, \u2026 kann man diesen Zustand nur loben.<\/p>\n<p align=\"justify\">Doch der Rummelplatz zerf\u00e4llt, er hat vieles an Farbe schon verloren und unter dem s\u00fc\u00dflichen Geruch mischen sich andere Ger\u00fcche. Nur das Karussell dreht sich weiter und auf dem Karussell wird der Zerfall kaum bemerkt, in dem die Geschwindigkeit erh\u00f6ht, es verschwimmt was eins zu sehen. Doch so beschleunigt immer wieder, wird die Fliehkraft gr\u00f6\u00dfer und der Halt wird schwerer, bis Mensch sich nicht mehr halten kann und vom Karussell geschleudert, &#8230; nur fraglich wo und wie kommt er an?<\/p>\n<p align=\"justify\">Womit hatte ich begonnen? Bin etwas vom Pfad abgekommen, ist um Wahlkampf gegangen, es dreht sich im Kreis ein Verlangen und wer von der Kreisbahn gekommen, wird in den Zirkus nicht aufgenommen. Ach so!<\/p>\n<p align=\"justify\">So ist es Notwendig die einzelnen Akteure, Parteien genannt, genau unter die Lupe zu nehmen, zu betrachten, was wollen sie, was sie verachten, wem haben sie zu dienen, wonach sie schmachten, sind sie da zum Erhalten, sind sie gar r\u00fcckw\u00e4rts gewandt und spalten, soll die Vergangenheit Zukunft, oder wollen sie in der Gegenwart gefangen sein, vielleicht die Gegenwart gestalten, um die M\u00f6glichkeit einer Zukunft zu erhalten? Letztendlich sind es immer die Taten, welche den Menschen verraten!<\/p>\n<p align=\"justify\">Vom Karussell schlecht zu sehen, da muss Mensch schon n\u00e4her gehen, sollte auf einen festen Standpunkt stehen, &#8230; zumindest kann er so klarer sehen, &#8230; allein das Karussell bleibt nicht stehen &#8230;, wir werden sehen, es wird den Weg nicht nur allen irdischen gehen.<\/p>\n<p style=\"text-align: right;\" align=\"justify\"><em>Thomas Loch ist Vorsitzender des Landesverbandes Sachsen-Anhalt des Deutschen Freidenker-Verbandes<\/em><\/p>\n<p align=\"justify\"><span style=\"font-size: 10pt;\">Der Beitrag wurde zuerst ver\u00f6ffentlicht am 05.02.2025 auf <a href=\"https:\/\/kucaf.blogspot.com\/2025\/02\/wahlkampf-welch-alternative-auf-dem.html\" target=\"_blank\" rel=\"noopener\">kucaf.blogspot.com<\/a>. Die Ver\u00f6ffentlichung auf unserer Seite erfolgt mit Genehmigung des Autors.<\/span><\/p>\n<hr \/>\n<p align=\"justify\"><span style=\"font-size: 10pt;\">Bild oben: <a href=\"https:\/\/creativecommons.org\/publicdomain\/zero\/1.0\/\" target=\"_blank\" rel=\"noopener\">gemeinfrei<\/a><br \/>\nQuelle: <a href=\"https:\/\/pxhere.com\/de\/photo\/1049415#google_vignette\" target=\"_blank\" rel=\"noopener\">pxhere.com<\/a><\/span><\/p>\n","protected":false},"excerpt":{"rendered":"<p><b>Auf dem metaphysischen Karussell ist alles gleich und bleich.<\/b><br \/>\n<b>Beitrag von Thomas Loch<\/b><br \/>\nParteien und ihre politische Ausrichtung, wieso, weshalb, warum, wem nutzt es, oder wem nutzen sie? Fragen \u00fcber Fragen, ob substanziell oder oberfl\u00e4chlich, vielleicht auch substanziell oberfl\u00e4chlich, oder nur oberfl\u00e4chlich substanziell? Ein Spiel was ohne Ende fortgesetzt werden kann und in einer Welt wo alles m\u00f6glich, nur nicht das m\u00f6glich was objektiv notwendig, werden die Menschen gern am Nasenring durch die politische Arena gezogen, oft ohne das ihnen der Nasenring bewusst. Also immer der Nase nach, die Augen fest verschlossen, von lockenden Ger\u00fcchen und angenehm s\u00e4uselnden Stimmen gef\u00fchrt?<\/p>\n","protected":false},"author":3,"featured_media":20922,"comment_status":"closed","ping_status":"closed","sticky":false,"template":"","format":"standard","meta":{"colormag_page_container_layout":"default_layout","colormag_page_sidebar_layout":"default_layout","advanced_seo_description":"","jetpack_seo_html_title":"","jetpack_seo_noindex":false,"jetpack_post_was_ever_published":false,"footnotes":""},"categories":[12],"tags":[2503,532,1146,1976,2505,2504,1313,1251,1212],"class_list":["post-20921","post","type-post","status-publish","format-standard","has-post-thumbnail","hentry","category-demokratie-medien-aufklaerung","tag-gegenwart","tag-illusion","tag-parteien","tag-parteipolitik","tag-standpunkt","tag-vergangenheit","tag-wahlen","tag-wahlkampf","tag-zukunft"],"jetpack_featured_media_url":"https:\/\/i0.wp.com\/www.freidenker.org\/fw17\/wp-content\/uploads\/2025\/02\/carousel-1049415-pxhere.com_800x450.jpg?fit=800%2C450&ssl=1","jetpack_shortlink":"https:\/\/wp.me\/p9stpK-5rr","jetpack-related-posts":[{"id":11252,"url":"https:\/\/www.freidenker.org\/?p=11252","url_meta":{"origin":20921,"position":0},"title":"\u201e\u2026k\u00f6nnen wir nur selber tun\u201c!","author":"Webredaktion","date":"27. September 2021","format":false,"excerpt":"Kommentar zur Bundestagswahl 2021 von Klaus Hartmann \u201eNach der Wahl ist vor der Wahl\u201c, so ein gefl\u00fcgeltes Wort \u2013 nur dass sich die Lage nach der Wahl gegen\u00fcber jener vor der Wahl posi\u00adtiv \u00e4ndern wird, das erwartet wohl kaum jemand. Egal, welche Regierungskoalition letztlich zusammengefummelt wird: wer wird aner\u00adkennen, dass\u2026","rel":"","context":"In &quot;Demokratie \u2013 Medien \u2013 Aufkl\u00e4rung&quot;","block_context":{"text":"Demokratie \u2013 Medien \u2013 Aufkl\u00e4rung","link":"https:\/\/www.freidenker.org\/?cat=12"},"img":{"alt_text":"","src":"https:\/\/i0.wp.com\/www.freidenker.org\/fw17\/wp-content\/uploads\/2021\/09\/Staatskanzlei_Brandenburg_800x450.jpg?fit=800%2C450&ssl=1&resize=350%2C200","width":350,"height":200,"srcset":"https:\/\/i0.wp.com\/www.freidenker.org\/fw17\/wp-content\/uploads\/2021\/09\/Staatskanzlei_Brandenburg_800x450.jpg?fit=800%2C450&ssl=1&resize=350%2C200 1x, https:\/\/i0.wp.com\/www.freidenker.org\/fw17\/wp-content\/uploads\/2021\/09\/Staatskanzlei_Brandenburg_800x450.jpg?fit=800%2C450&ssl=1&resize=525%2C300 1.5x, https:\/\/i0.wp.com\/www.freidenker.org\/fw17\/wp-content\/uploads\/2021\/09\/Staatskanzlei_Brandenburg_800x450.jpg?fit=800%2C450&ssl=1&resize=700%2C400 2x"},"classes":[]},{"id":20226,"url":"https:\/\/www.freidenker.org\/?p=20226","url_meta":{"origin":20921,"position":1},"title":"US-Wahlkampf: Der K\u00f6nig ist nackt","author":"Webredaktion","date":"9. November 2024","format":false,"excerpt":"Beitrag von Gert Ewen Ungar Ein unertr\u00e4glich langer US-Wahlkampf endete schlie\u00dflich mit der Wahl von Donald Trump. Es ist vorbei, das in \u00dcbersee aufgef\u00fchrte, einf\u00e4ltige Theater hat ein zumindest vorl\u00e4ufiges Ende. Die USA halten\u00a0sich selbst\u00a0f\u00fcr den Leuchtturm der Demokratie. Was sie darunter verstehen, haben sie der Welt in den vergangenen\u2026","rel":"","context":"In &quot;Demokratie \u2013 Medien \u2013 Aufkl\u00e4rung&quot;","block_context":{"text":"Demokratie \u2013 Medien \u2013 Aufkl\u00e4rung","link":"https:\/\/www.freidenker.org\/?cat=12"},"img":{"alt_text":"","src":"https:\/\/i0.wp.com\/www.freidenker.org\/fw17\/wp-content\/uploads\/2024\/11\/US-Wahlen_2024_Karte_g_800x450.jpg?fit=800%2C450&ssl=1&resize=350%2C200","width":350,"height":200,"srcset":"https:\/\/i0.wp.com\/www.freidenker.org\/fw17\/wp-content\/uploads\/2024\/11\/US-Wahlen_2024_Karte_g_800x450.jpg?fit=800%2C450&ssl=1&resize=350%2C200 1x, https:\/\/i0.wp.com\/www.freidenker.org\/fw17\/wp-content\/uploads\/2024\/11\/US-Wahlen_2024_Karte_g_800x450.jpg?fit=800%2C450&ssl=1&resize=525%2C300 1.5x, https:\/\/i0.wp.com\/www.freidenker.org\/fw17\/wp-content\/uploads\/2024\/11\/US-Wahlen_2024_Karte_g_800x450.jpg?fit=800%2C450&ssl=1&resize=700%2C400 2x"},"classes":[]},{"id":6476,"url":"https:\/\/www.freidenker.org\/?p=6476","url_meta":{"origin":20921,"position":2},"title":"Wahlen kommen und gehen. Ursachen, Probleme und Gefahren bleiben!","author":"Webredaktion","date":"16. Juni 2019","format":false,"excerpt":"Beitrag von Prof. Dr. Anton Latzo Die in Wirtschaft und Politik, in Medien und Gesellschaft Herrschenden machten es sich vor den Wahlen zum EU-Parlament und machen es sich auch danach sehr einfach und proklamieren Klima zum alles \u00fcberragenden Thema. Nat\u00fcrlich ist es eine wichtige, lebenswichtige Frage. Aber wo bleibt das\u2026","rel":"","context":"In &quot;Demokratie \u2013 Medien \u2013 Aufkl\u00e4rung&quot;","block_context":{"text":"Demokratie \u2013 Medien \u2013 Aufkl\u00e4rung","link":"https:\/\/www.freidenker.org\/?cat=12"},"img":{"alt_text":"","src":"https:\/\/i0.wp.com\/www.freidenker.org\/fw17\/wp-content\/uploads\/2019\/06\/2014-05-22_Europawahl_800x445.jpg?fit=800%2C445&ssl=1&resize=350%2C200","width":350,"height":200,"srcset":"https:\/\/i0.wp.com\/www.freidenker.org\/fw17\/wp-content\/uploads\/2019\/06\/2014-05-22_Europawahl_800x445.jpg?fit=800%2C445&ssl=1&resize=350%2C200 1x, https:\/\/i0.wp.com\/www.freidenker.org\/fw17\/wp-content\/uploads\/2019\/06\/2014-05-22_Europawahl_800x445.jpg?fit=800%2C445&ssl=1&resize=525%2C300 1.5x, https:\/\/i0.wp.com\/www.freidenker.org\/fw17\/wp-content\/uploads\/2019\/06\/2014-05-22_Europawahl_800x445.jpg?fit=800%2C445&ssl=1&resize=700%2C400 2x"},"classes":[]},{"id":9693,"url":"https:\/\/www.freidenker.org\/?p=9693","url_meta":{"origin":20921,"position":3},"title":"Heidelberger Wahlkampf-Splitter","author":"Webredaktion","date":"12. M\u00e4rz 2021","format":false,"excerpt":"Beitrag von Hans-Joachim Kahlke Die TransatlANTIFA beklebt momentan in Heidelberg Ampeln u.\u00e4. mit einem Aufkleber \"Den rechten Wahlkampf sabotieren!\" Im Klartext hei\u00dft das, rechte Wahlkampf-Veranstaltungen sind wo halt m\u00f6glich zu blockieren bzw. zu sprengen, rechte Infost\u00e4nde plattzumachen, vor allem jedoch rechte Plakate zu zerst\u00f6ren. Wobei in der Logik der TransatlANTIFA\u2026","rel":"","context":"In &quot;Demokratie \u2013 Medien \u2013 Aufkl\u00e4rung&quot;","block_context":{"text":"Demokratie \u2013 Medien \u2013 Aufkl\u00e4rung","link":"https:\/\/www.freidenker.org\/?cat=12"},"img":{"alt_text":"","src":"https:\/\/i0.wp.com\/www.freidenker.org\/fw17\/wp-content\/uploads\/2021\/03\/Heidelberg_wahlkampfsplitter_800x450.jpg?fit=800%2C450&ssl=1&resize=350%2C200","width":350,"height":200,"srcset":"https:\/\/i0.wp.com\/www.freidenker.org\/fw17\/wp-content\/uploads\/2021\/03\/Heidelberg_wahlkampfsplitter_800x450.jpg?fit=800%2C450&ssl=1&resize=350%2C200 1x, https:\/\/i0.wp.com\/www.freidenker.org\/fw17\/wp-content\/uploads\/2021\/03\/Heidelberg_wahlkampfsplitter_800x450.jpg?fit=800%2C450&ssl=1&resize=525%2C300 1.5x, https:\/\/i0.wp.com\/www.freidenker.org\/fw17\/wp-content\/uploads\/2021\/03\/Heidelberg_wahlkampfsplitter_800x450.jpg?fit=800%2C450&ssl=1&resize=700%2C400 2x"},"classes":[]},{"id":18067,"url":"https:\/\/www.freidenker.org\/?p=18067","url_meta":{"origin":20921,"position":4},"title":"Abrechnung mit Scholz und der Ampel-Blase","author":"Webredaktion","date":"30. Januar 2024","format":false,"excerpt":"Kommentar von\u00a0Rainer Rupp Gestern erhielt ich eine Kurznachricht auf X (vormals Twitter): \u201eHier braucht ein sehr sch\u00f6ner Beitrag Reichweite\u201c. Beigef\u00fcgt war ein Link zu einem Text aus der Feder des deutschen Journalisten Philippe Debionne. Nach dessen Lekt\u00fcre war auch ich \u00fcberzeugt, dass dieser Beitrag so breit wie m\u00f6glich verteilt werden\u2026","rel":"","context":"In &quot;Demokratie \u2013 Medien \u2013 Aufkl\u00e4rung&quot;","block_context":{"text":"Demokratie \u2013 Medien \u2013 Aufkl\u00e4rung","link":"https:\/\/www.freidenker.org\/?cat=12"},"img":{"alt_text":"","src":"https:\/\/i0.wp.com\/www.freidenker.org\/fw17\/wp-content\/uploads\/2024\/01\/ampel_scholz_lindner_habeck_800x450.jpg?fit=800%2C450&ssl=1&resize=350%2C200","width":350,"height":200,"srcset":"https:\/\/i0.wp.com\/www.freidenker.org\/fw17\/wp-content\/uploads\/2024\/01\/ampel_scholz_lindner_habeck_800x450.jpg?fit=800%2C450&ssl=1&resize=350%2C200 1x, https:\/\/i0.wp.com\/www.freidenker.org\/fw17\/wp-content\/uploads\/2024\/01\/ampel_scholz_lindner_habeck_800x450.jpg?fit=800%2C450&ssl=1&resize=525%2C300 1.5x, https:\/\/i0.wp.com\/www.freidenker.org\/fw17\/wp-content\/uploads\/2024\/01\/ampel_scholz_lindner_habeck_800x450.jpg?fit=800%2C450&ssl=1&resize=700%2C400 2x"},"classes":[]},{"id":14117,"url":"https:\/\/www.freidenker.org\/?p=14117","url_meta":{"origin":20921,"position":5},"title":"Abschaffung der Empathie: Die Zertr\u00fcmmerung der deutschen Gesellschaft","author":"Webredaktion","date":"4. September 2022","format":false,"excerpt":"Beitrag von Dagmar Henn Wir leben in zynischen Zeiten. In Los Angeles wurde beschlossen, einen h\u00fcbscheren Begriff f\u00fcr \"Obdachlose\" zu schaffen, weil diese Bezeichnung deren W\u00fcrde verletze. Man solle statt dessen von \"Menschen, die drau\u00dfen leben\" oder \"Menschen, die Obdachlosigkeit erfahren\" sprechen. Als w\u00e4re es die Bezeichnung und nicht der\u2026","rel":"","context":"In &quot;Arbeit &amp; Soziales&quot;","block_context":{"text":"Arbeit &amp; Soziales","link":"https:\/\/www.freidenker.org\/?cat=11"},"img":{"alt_text":"","src":"https:\/\/i0.wp.com\/www.freidenker.org\/fw17\/wp-content\/uploads\/2022\/09\/Bettlerin_Obdachlose_12269192996_800x450.jpg?fit=800%2C450&ssl=1&resize=350%2C200","width":350,"height":200,"srcset":"https:\/\/i0.wp.com\/www.freidenker.org\/fw17\/wp-content\/uploads\/2022\/09\/Bettlerin_Obdachlose_12269192996_800x450.jpg?fit=800%2C450&ssl=1&resize=350%2C200 1x, https:\/\/i0.wp.com\/www.freidenker.org\/fw17\/wp-content\/uploads\/2022\/09\/Bettlerin_Obdachlose_12269192996_800x450.jpg?fit=800%2C450&ssl=1&resize=525%2C300 1.5x, https:\/\/i0.wp.com\/www.freidenker.org\/fw17\/wp-content\/uploads\/2022\/09\/Bettlerin_Obdachlose_12269192996_800x450.jpg?fit=800%2C450&ssl=1&resize=700%2C400 2x"},"classes":[]}],"_links":{"self":[{"href":"https:\/\/www.freidenker.org\/index.php?rest_route=\/wp\/v2\/posts\/20921","targetHints":{"allow":["GET"]}}],"collection":[{"href":"https:\/\/www.freidenker.org\/index.php?rest_route=\/wp\/v2\/posts"}],"about":[{"href":"https:\/\/www.freidenker.org\/index.php?rest_route=\/wp\/v2\/types\/post"}],"author":[{"embeddable":true,"href":"https:\/\/www.freidenker.org\/index.php?rest_route=\/wp\/v2\/users\/3"}],"replies":[{"embeddable":true,"href":"https:\/\/www.freidenker.org\/index.php?rest_route=%2Fwp%2Fv2%2Fcomments&post=20921"}],"version-history":[{"count":1,"href":"https:\/\/www.freidenker.org\/index.php?rest_route=\/wp\/v2\/posts\/20921\/revisions"}],"predecessor-version":[{"id":21216,"href":"https:\/\/www.freidenker.org\/index.php?rest_route=\/wp\/v2\/posts\/20921\/revisions\/21216"}],"wp:featuredmedia":[{"embeddable":true,"href":"https:\/\/www.freidenker.org\/index.php?rest_route=\/wp\/v2\/media\/20922"}],"wp:attachment":[{"href":"https:\/\/www.freidenker.org\/index.php?rest_route=%2Fwp%2Fv2%2Fmedia&parent=20921"}],"wp:term":[{"taxonomy":"category","embeddable":true,"href":"https:\/\/www.freidenker.org\/index.php?rest_route=%2Fwp%2Fv2%2Fcategories&post=20921"},{"taxonomy":"post_tag","embeddable":true,"href":"https:\/\/www.freidenker.org\/index.php?rest_route=%2Fwp%2Fv2%2Ftags&post=20921"}],"curies":[{"name":"wp","href":"https:\/\/api.w.org\/{rel}","templated":true}]}}