{"id":20811,"date":"2025-01-22T22:51:19","date_gmt":"2025-01-22T21:51:19","guid":{"rendered":"https:\/\/www.freidenker.org\/?p=20811"},"modified":"2025-02-18T02:52:24","modified_gmt":"2025-02-18T01:52:24","slug":"video-ueber-die-welt-den-weltkrieg-den-weltfrieden","status":"publish","type":"post","link":"https:\/\/www.freidenker.org\/?p=20811","title":{"rendered":"Video: \u00dcber die Welt, den Weltkrieg, den Weltfrieden"},"content":{"rendered":"<p><span class=\"yt-core-attributed-string yt-core-attributed-string--white-space-pre-wrap\" dir=\"auto\"><span class=\"yt-core-attributed-string--link-inherit-color\" dir=\"auto\"><strong>Gespr\u00e4che, Texte, Lieder im Caf\u00e9 Sibylle am Sonntagnachmittag des 12. Januar 2025 im Anschluss an die Ehrung von Karl Liebknecht und Rosa Luxemburg. Podiumsgespr\u00e4ch der Freidenker mit dem Journalisten Patrick Baab, Klaus Hartmann und Kulturbeitr\u00e4gen von Diether Dehm, Michael Letz und Welislawa Letz<\/strong> <\/span><\/span><\/p>\n<p><em>Video von <a href=\"https:\/\/weltnetz.tv\/video\/3159-ueber-die-welt-den-weltkrieg-den-weltfrieden\" target=\"_blank\" rel=\"noopener\"><strong>weltnetz.tv<\/strong><\/a><\/em><\/p>\n<p><span style=\"font-size: 10pt;\">Ver\u00f6ffentlicht am 20.01.2025<\/span><\/p>\n<div class=\"jetpack-video-wrapper\"><span class=\"embed-youtube\" style=\"text-align:center; display: block;\"><iframe loading=\"lazy\" class=\"youtube-player\" width=\"800\" height=\"450\" src=\"https:\/\/www.youtube.com\/embed\/UI6gD2yUkTc?version=3&#038;rel=1&#038;showsearch=0&#038;showinfo=1&#038;iv_load_policy=1&#038;fs=1&#038;hl=de-DE&#038;autohide=2&#038;wmode=transparent\" allowfullscreen=\"true\" style=\"border:0;\" sandbox=\"allow-scripts allow-same-origin allow-popups allow-presentation allow-popups-to-escape-sandbox\"><\/iframe><\/span><\/div>\n<p><em>Direktlink zum Video von <a href=\"https:\/\/www.youtube.com\/@weltnetzTV\/videos\" target=\"_blank\" rel=\"noopener\">weltnetzTV<\/a> auf YouTube: <a href=\"https:\/\/www.youtube.com\/watch?v=UI6gD2yUkTc\" target=\"_blank\" rel=\"noopener\">https:\/\/www.youtube.com\/watch?v=UI6gD2yUkTc<\/a><\/em><\/p>\n<p><span class=\"yt-core-attributed-string yt-core-attributed-string--white-space-pre-wrap\" dir=\"auto\"><span class=\"yt-core-attributed-string--link-inherit-color\" dir=\"auto\">Heute tritt in den Vereinigten Staaten von Amerika ein neuer Pr\u00e4sident sein Amt an. Diesen Tag und die damit verbundenen Hoffnungen wie Bef\u00fcrchtungen f\u00fcr den Frieden in der Welt nehmen wir zum Anlass, uns dreier Lieder zu erinnern. Sie wurden gesungen am 12. Januar 2025, in der Berliner Karl-Marx-Allee, im traditionsreichen \u00bbCaf\u00e9 Sybille\u00ab. Sie wurden gesungen an dem Tag, als in Berlin-Friedrichsfelde tausende Menschen Rosa Luxemburgs und Karl Liebknechts an ihren Gr\u00e4bern gedachten, der beiden Mitglieder der Kommunistischen Partei Deutschlands, auf die sich viele Hoffnungen gerichtet hatten, weshalb sie von reaktion\u00e4rer deutscher Soldateska am 15. Januar 1919 in Berlin ermordet wurden, die genau diese Hoffnung f\u00fcrchtete: Die Hoffnung auf eine andere Welt, auf eine friedliche Welt war nach dem gerade verlorenen Krieg, dem ersten, der mit Fug und Recht WELTkrieg genannt wurde besonders stark. <\/span><\/span><\/p>\n<p><span class=\"yt-core-attributed-string yt-core-attributed-string--white-space-pre-wrap\" dir=\"auto\"><span class=\"yt-core-attributed-string--link-inherit-color\" dir=\"auto\">Das erste Lied \u00bbLob des Lernens\u00ab schrieb Bertolt Brecht f\u00fcr sein St\u00fcck \u00bbDie Mutter\u00ab, das er nach dem Roman mit gleichem Titel von Maxim Gorki schrieb. Die Melodie ist von Hanns Eisler, der S\u00e4nger ist Diether Dehm, am Piano begleitet von Michael Letz. <\/span><\/span><\/p>\n<p><span class=\"yt-core-attributed-string yt-core-attributed-string--white-space-pre-wrap\" dir=\"auto\"><span class=\"yt-core-attributed-string--link-inherit-color\" dir=\"auto\">Die folgenden beiden Lieder entstanden in der DDR, dem Teil Deutschlands, das nach dem verheerenden zweiten Weltkrieg ein neues deutsches Land werden wollte \u2013 deshalb sind diese beiden Lieder der Hoffnung auf Frieden und dem Ende der Kriege gewidmet. Entstanden im \u00bbOktoberklub\u00ab, gegr\u00fcndet von jungen Leuten, die sich mit ihren Liedern an Gleichhoffende und daf\u00fcr Arbeitende wandten. Am 12. Januar 2025, vorgetragen von Welislawa und Michael Letz, letzterer auch der Komponist, der die Worte von Gerd Kern in T\u00f6ne fasste, r\u00fchren sie uns heute an, weil sie so voll von Hoffnung sind, dass der Frieden, den die Menschen sich vorgenommen haben, h\u00e4lt, dass er ein Frieden wird, wie noch keiner war, ein Frieden weit und breit \u2026 <\/span><\/span><\/p>\n<p><span class=\"yt-core-attributed-string yt-core-attributed-string--white-space-pre-wrap\" dir=\"auto\"><span class=\"yt-core-attributed-string--link-inherit-color\" dir=\"auto\">Wir denken an all\u2018 die Kriege, die von den USA begonnen wurden, und hoffen: F\u00fcr Gaza, f\u00fcr Jemen, f\u00fcr Russland und die Ukraine \u2026 auf die Verwirklichung von Immanuel Kants Vision, in der Frieden das Meisterwerk der Vernunft ist \u2013 und dass wir um unsere Hoffnung nicht f\u00fcrchten m\u00fcssen, wenn wir auf die heute beginnende neue Pr\u00e4sidentschaft blicken<\/span><\/span><\/p>\n<p style=\"text-align: right;\"><em>Text \u00fcbernommen von <a href=\"https:\/\/weltnetz.tv\/video\/3159-ueber-die-welt-den-weltkrieg-den-weltfrieden\" target=\"_blank\" rel=\"noopener\">weltnetz.tv<\/a><\/em><\/p>\n<h4>Wir haben einen Frieden vor<\/h4>\n<p><span style=\"font-size: 10pt;\">Worte: Gerd Kern \/ Musik: Michael Letz<\/span><\/p>\n<p>Wir haben einen Frieden vor, wie keiner war bis heut,<br \/>\nseit auf der Erde Menschen gehen ein Frieden weit und breit.<\/p>\n<p>Der Krieg begann, so glaubte man, wenn wer zum Schwerte griff.<br \/>\nUnd Frieden wurde es genannt, wenn man die Schwerter schliff.<\/p>\n<p>Und warn die V\u00e4ter schon zu tot, die S\u00f6hne noch zu klein,<br \/>\num als Soldat ins Feld zu ziehn, dann mochte Frieden sein.<\/p>\n<p>Und war die ganze Stadt verbrannt, dann kam ein Friedensjahr,<br \/>\ndass sich der Krieg erholen konnt und all sein Inventar.<\/p>\n<p>Und heut&#8230; Wir haben einen Frieden vor, nur einen weit und breit. Der mag dann werden, wie er kann, beschwerlich oder licht,<br \/>\ndoch niemals mehr, dass ihm ein Krieg aus seinem Scho\u00dfe bricht.<\/p>\n<hr \/>\n<p><strong>Siehe auch:<\/strong><\/p>\n<p><img data-recalc-dims=\"1\" loading=\"lazy\" decoding=\"async\" data-attachment-id=\"11819\" data-permalink=\"https:\/\/www.freidenker.org\/?attachment_id=11819\" data-orig-file=\"https:\/\/i0.wp.com\/www.freidenker.org\/fw17\/wp-content\/uploads\/2021\/12\/icon_grafik_32x32.jpg?fit=32%2C32&amp;ssl=1\" data-orig-size=\"32,32\" data-comments-opened=\"0\" data-image-meta=\"{&quot;aperture&quot;:&quot;0&quot;,&quot;credit&quot;:&quot;&quot;,&quot;camera&quot;:&quot;&quot;,&quot;caption&quot;:&quot;&quot;,&quot;created_timestamp&quot;:&quot;0&quot;,&quot;copyright&quot;:&quot;&quot;,&quot;focal_length&quot;:&quot;0&quot;,&quot;iso&quot;:&quot;0&quot;,&quot;shutter_speed&quot;:&quot;0&quot;,&quot;title&quot;:&quot;&quot;,&quot;orientation&quot;:&quot;1&quot;}\" data-image-title=\"icon_grafik_32x32\" data-image-description=\"\" data-image-caption=\"\" data-large-file=\"https:\/\/i0.wp.com\/www.freidenker.org\/fw17\/wp-content\/uploads\/2021\/12\/icon_grafik_32x32.jpg?fit=32%2C32&amp;ssl=1\" class=\"alignnone size-full wp-image-11819\" src=\"https:\/\/i0.wp.com\/www.freidenker.org\/fw17\/wp-content\/uploads\/2021\/12\/icon_grafik_32x32.jpg?resize=32%2C32&#038;ssl=1\" alt=\"\" width=\"32\" height=\"32\" \/> Hier gibt es eine Bildergalerie von dieser Veranstaltung: <strong><a href=\"https:\/\/www.freidenker.org\/?p=20722#sibylle\">https:\/\/www.freidenker.org\/?p=20722#sibylle<\/a><\/strong><\/p>\n<hr \/>\n<p><span style=\"font-size: 10pt;\">Bild oben: Vorschaubild des Videos von <a href=\"https:\/\/www.youtube.com\/watch?v=UI6gD2yUkTc\" target=\"_blank\" rel=\"noopener\">weltnetzTV<\/a><\/span><\/p>\n","protected":false},"excerpt":{"rendered":"<p><b>Gespr\u00e4che, Texte, Lieder im Caf\u00e9 Sibylle am Sonntagnachmittag des 12.01.2025 im Anschluss an die Ehrung von Karl Liebknecht und Rosa Luxemburg. Podiumsgespr\u00e4ch der Freidenker mit dem Journalisten Patrick Baab, Klaus Hartmann und Kulturbeitr\u00e4gen von Diether Dehm, Michael Letz und Welislawa Letz<\/b><br \/>\nHeute tritt in den Vereinigten Staaten von Amerika ein neuer Pr\u00e4sident sein Amt an. Diesen Tag und die damit verbundenen Hoffnungen wie Bef\u00fcrchtungen f\u00fcr den Frieden in der Welt nehmen wir zum Anlass, uns dreier Lieder zu erinnern. Sie wurden gesungen am 12. Januar 2025, in der Berliner Karl-Marx-Allee, im traditionsreichen \u00bbCaf\u00e9 Sybille\u00ab. Sie wurden gesungen an dem Tag, als in Berlin-Friedrichsfelde tausende Menschen Rosa Luxemburgs und Karl Liebknechts an ihren Gr\u00e4bern gedachten, der beiden Mitglieder der Kommunistischen Partei Deutschlands, auf die sich viele Hoffnungen gerichtet hatten, &#8230;<\/p>\n","protected":false},"author":3,"featured_media":20812,"comment_status":"closed","ping_status":"closed","sticky":false,"template":"","format":"standard","meta":{"colormag_page_container_layout":"default_layout","colormag_page_sidebar_layout":"default_layout","advanced_seo_description":"","jetpack_seo_html_title":"","jetpack_seo_noindex":false,"jetpack_post_was_ever_published":false,"footnotes":""},"categories":[13,913,20],"tags":[409,1190,335,491,137,438,939,825,140,1050,39,1673],"class_list":["post-20811","post","type-post","status-publish","format-standard","has-post-thumbnail","hentry","category-frieden-antifaschismus-solidaritaet","category-kultur-kunst","category-zentrale-veranstaltungen","tag-berlin","tag-bertolt-brecht","tag-frieden","tag-geschichte","tag-karl-liebknecht","tag-liebknecht-luxemburg-demonstration","tag-musik","tag-politisches-lied","tag-rosa-luxemburg","tag-veranstaltung","tag-vernunft","tag-video"],"jetpack_featured_media_url":"https:\/\/i0.wp.com\/www.freidenker.org\/fw17\/wp-content\/uploads\/2025\/01\/sibylle_2025-01_800x450t.jpg?fit=800%2C450&ssl=1","jetpack_shortlink":"https:\/\/wp.me\/p9stpK-5pF","jetpack-related-posts":[{"id":20589,"url":"https:\/\/www.freidenker.org\/?p=20589","url_meta":{"origin":20811,"position":0},"title":"\u00dcber die Welt, den Weltkrieg, den Weltfrieden","author":"Webredaktion","date":"27. Dezember 2024","format":false,"excerpt":"Einladung Schon Tradition am Sonntag nach der LL-Demo und dem Gang zu den Gr\u00e4bern von Rosa und Karl: \u00dcber die Welt, den Weltkrieg, den Weltfrieden Gespr\u00e4che, Texte, Lieder mit Patrik Baab, Klaus Hartmann, Diether Dehm und Welislawa & Michael Letz Sonntag, 12. Januar 2025, 14 Uhr im Caf\u00e9 Sibylle, Karl-Marx-Alle\u2026","rel":"","context":"In &quot;Frieden - Antifaschismus - Solidarit\u00e4t&quot;","block_context":{"text":"Frieden - Antifaschismus - Solidarit\u00e4t","link":"https:\/\/www.freidenker.org\/?cat=13"},"img":{"alt_text":"","src":"https:\/\/i0.wp.com\/www.freidenker.org\/fw17\/wp-content\/uploads\/2024\/12\/Sibylle_2025_800x450.jpg?fit=800%2C450&ssl=1&resize=350%2C200","width":350,"height":200,"srcset":"https:\/\/i0.wp.com\/www.freidenker.org\/fw17\/wp-content\/uploads\/2024\/12\/Sibylle_2025_800x450.jpg?fit=800%2C450&ssl=1&resize=350%2C200 1x, https:\/\/i0.wp.com\/www.freidenker.org\/fw17\/wp-content\/uploads\/2024\/12\/Sibylle_2025_800x450.jpg?fit=800%2C450&ssl=1&resize=525%2C300 1.5x, https:\/\/i0.wp.com\/www.freidenker.org\/fw17\/wp-content\/uploads\/2024\/12\/Sibylle_2025_800x450.jpg?fit=800%2C450&ssl=1&resize=700%2C400 2x"},"classes":[]},{"id":17813,"url":"https:\/\/www.freidenker.org\/?p=17813","url_meta":{"origin":20811,"position":1},"title":"Lieder und Gespr\u00e4che \u00fcber die Welt, den Krieg, die Demokratie","author":"Webredaktion","date":"10. Januar 2024","format":false,"excerpt":"Einladung Schon Tradition am Sonntag nach der LL-Demo und dem Gang zu den Gr\u00e4bern von Karl und Rosa: Lieder und Gespr\u00e4che \u00fcber die Welt, den Krieg, die Demokratie L\u00e4sterliche Ges\u00e4nge von Diether Dehm mit Michael Letz am Piano und im Gespr\u00e4ch mit Klaus Hartmann, Gina Pietsch und Rainer Rupp Sonntag,\u2026","rel":"","context":"In &quot;Kultur &amp; Kunst&quot;","block_context":{"text":"Kultur &amp; Kunst","link":"https:\/\/www.freidenker.org\/?cat=913"},"img":{"alt_text":"","src":"https:\/\/i0.wp.com\/www.freidenker.org\/fw17\/wp-content\/uploads\/2024\/01\/Lieder-und-Gespraeche.jpg?fit=796%2C456&ssl=1&resize=350%2C200","width":350,"height":200,"srcset":"https:\/\/i0.wp.com\/www.freidenker.org\/fw17\/wp-content\/uploads\/2024\/01\/Lieder-und-Gespraeche.jpg?fit=796%2C456&ssl=1&resize=350%2C200 1x, https:\/\/i0.wp.com\/www.freidenker.org\/fw17\/wp-content\/uploads\/2024\/01\/Lieder-und-Gespraeche.jpg?fit=796%2C456&ssl=1&resize=525%2C300 1.5x, https:\/\/i0.wp.com\/www.freidenker.org\/fw17\/wp-content\/uploads\/2024\/01\/Lieder-und-Gespraeche.jpg?fit=796%2C456&ssl=1&resize=700%2C400 2x"},"classes":[]},{"id":20722,"url":"https:\/\/www.freidenker.org\/?p=20722","url_meta":{"origin":20811,"position":2},"title":"Galerie: Liebknecht-Luxemburg-Wochenende 2025","author":"Webredaktion","date":"17. Januar 2025","format":false,"excerpt":"Beitrag der Webredaktion Allj\u00e4hrlich am zweiten Januar-Wochenende finden traditionsgem\u00e4\u00df die Rosa-Luxemburg-Konferenz und die Liebknecht-Luxemburg-Demonstration in Berlin statt. Da sich zu diesem Anlass viele Mitglieder des Deutschen Freidenker-Verbandes ohnehin in Berlin aufhalten, nutzen wir die Gelegenheit zu weiteren Veranstaltungen in der Hauptstadt: Sitzung des Gesch\u00e4ftsf\u00fchrenden Verbandsvorstandes und Treffen des Beirates des\u2026","rel":"","context":"In &quot;Frieden - Antifaschismus - Solidarit\u00e4t&quot;","block_context":{"text":"Frieden - Antifaschismus - Solidarit\u00e4t","link":"https:\/\/www.freidenker.org\/?cat=13"},"img":{"alt_text":"","src":"https:\/\/i0.wp.com\/www.freidenker.org\/fw17\/wp-content\/uploads\/2025\/01\/RLK_LLD_2025_800x450.jpg?fit=800%2C450&ssl=1&resize=350%2C200","width":350,"height":200,"srcset":"https:\/\/i0.wp.com\/www.freidenker.org\/fw17\/wp-content\/uploads\/2025\/01\/RLK_LLD_2025_800x450.jpg?fit=800%2C450&ssl=1&resize=350%2C200 1x, https:\/\/i0.wp.com\/www.freidenker.org\/fw17\/wp-content\/uploads\/2025\/01\/RLK_LLD_2025_800x450.jpg?fit=800%2C450&ssl=1&resize=525%2C300 1.5x, https:\/\/i0.wp.com\/www.freidenker.org\/fw17\/wp-content\/uploads\/2025\/01\/RLK_LLD_2025_800x450.jpg?fit=800%2C450&ssl=1&resize=700%2C400 2x"},"classes":[]},{"id":5701,"url":"https:\/\/www.freidenker.org\/?p=5701","url_meta":{"origin":20811,"position":3},"title":"LUXEMBURG-LIEBKNECHT-DEMONSTRATION 2019","author":"Webredaktion","date":"3. Januar 2019","format":false,"excerpt":"Aufruf zur Liebknecht-Luxemburg-Demo 2019 Jahr um Jahr im Januar kommen Tausende Menschen mit Nelken und Rosen zum Grabmal von Rosa Luxemburg und Karl Liebknecht in Berlin-Friedrichsfelde. Und weil dies 2019 der 100. Jahrestag ihrer Ermordung sein wird und der fanatische Ungeist ihrer M\u00f6rder vielerorts in Deutschland und Europa eine unheilvolle\u2026","rel":"","context":"In &quot;Zentrale Veranstaltungen&quot;","block_context":{"text":"Zentrale Veranstaltungen","link":"https:\/\/www.freidenker.org\/?cat=20"},"img":{"alt_text":"","src":"https:\/\/i0.wp.com\/www.freidenker.org\/fw17\/wp-content\/uploads\/2019\/01\/LL-Demo_2018_03_800x445.jpg?fit=800%2C455&ssl=1&resize=350%2C200","width":350,"height":200,"srcset":"https:\/\/i0.wp.com\/www.freidenker.org\/fw17\/wp-content\/uploads\/2019\/01\/LL-Demo_2018_03_800x445.jpg?fit=800%2C455&ssl=1&resize=350%2C200 1x, https:\/\/i0.wp.com\/www.freidenker.org\/fw17\/wp-content\/uploads\/2019\/01\/LL-Demo_2018_03_800x445.jpg?fit=800%2C455&ssl=1&resize=525%2C300 1.5x, https:\/\/i0.wp.com\/www.freidenker.org\/fw17\/wp-content\/uploads\/2019\/01\/LL-Demo_2018_03_800x445.jpg?fit=800%2C455&ssl=1&resize=700%2C400 2x"},"classes":[]},{"id":1311,"url":"https:\/\/www.freidenker.org\/?p=1311","url_meta":{"origin":20811,"position":4},"title":"Liebknecht Luxemburg-Demo 2018","author":"Webredaktion","date":"1. Januar 2018","format":false,"excerpt":"Aus dem Aufruf zur Teilnahme an der Demonstration im Rahmen der Liebknecht-Luxemburg-Ehrung am 14. Januar 2018: Vor 99 Jahren wurden Rosa Luxemburg, Karl Liebknecht und viele ihrer Weggef\u00e4hrten f\u00fcr ihre Standhaftigkeit gegen Ausbeutung und Krieg von der Reaktion ermordet. Demonstrieren wir - Linke verschiedener Str\u00f6mungen - in ihrem Geiste friedlich\u2026","rel":"","context":"In &quot;Zentrale Veranstaltungen&quot;","block_context":{"text":"Zentrale Veranstaltungen","link":"https:\/\/www.freidenker.org\/?cat=20"},"img":{"alt_text":"","src":"https:\/\/i0.wp.com\/www.freidenker.org\/fw17\/wp-content\/uploads\/2017\/10\/B-Friedrichsfelde_Zentralfriedhof_03-2015_img01_Gedenkstaette_800x445.jpg?fit=800%2C445&ssl=1&resize=350%2C200","width":350,"height":200,"srcset":"https:\/\/i0.wp.com\/www.freidenker.org\/fw17\/wp-content\/uploads\/2017\/10\/B-Friedrichsfelde_Zentralfriedhof_03-2015_img01_Gedenkstaette_800x445.jpg?fit=800%2C445&ssl=1&resize=350%2C200 1x, https:\/\/i0.wp.com\/www.freidenker.org\/fw17\/wp-content\/uploads\/2017\/10\/B-Friedrichsfelde_Zentralfriedhof_03-2015_img01_Gedenkstaette_800x445.jpg?fit=800%2C445&ssl=1&resize=525%2C300 1.5x, https:\/\/i0.wp.com\/www.freidenker.org\/fw17\/wp-content\/uploads\/2017\/10\/B-Friedrichsfelde_Zentralfriedhof_03-2015_img01_Gedenkstaette_800x445.jpg?fit=800%2C445&ssl=1&resize=700%2C400 2x"},"classes":[]},{"id":520,"url":"https:\/\/www.freidenker.org\/?p=520","url_meta":{"origin":20811,"position":5},"title":"FREIDENKER 4-08 &#8211; 90 Jahre Novemberrevolution &#8211; Ermordung von Rosa Luxemburg und Karl Liebknecht","author":"Webmaster","date":"16. Dezember 2008","format":false,"excerpt":"Die Ausgabe 4-08 des Verbandsorgans FREIDENKER hat das Schwerpunkt-Thema \u201e90 Jahre Novemberrevolution - Ermordung von Rosa Luxemburg und Karl Liebknecht\u201c und enth\u00e4lt u.a folgende Beitr\u00e4ge: - Klaus Hartmann: 90 Jahre Novemberrevolution - Clara Zetkin: F\u00fcr Rosa Luxemburg - Prof. Schneider: Karl Liebknecht \u2013 M\u00e4rtyrer, Held, Vorbild? - G\u00fcnter Stamer: Kiel\u2026","rel":"","context":"In &quot;Verbandsorgan FREIDENKER&quot;","block_context":{"text":"Verbandsorgan FREIDENKER","link":"https:\/\/www.freidenker.org\/?cat=8"},"img":{"alt_text":"","src":"https:\/\/i0.wp.com\/www.freidenker.org\/fw17\/wp-content\/uploads\/2017\/12\/FD_2008-04_Titel_mR.jpg?fit=800%2C445&ssl=1&resize=350%2C200","width":350,"height":200,"srcset":"https:\/\/i0.wp.com\/www.freidenker.org\/fw17\/wp-content\/uploads\/2017\/12\/FD_2008-04_Titel_mR.jpg?fit=800%2C445&ssl=1&resize=350%2C200 1x, https:\/\/i0.wp.com\/www.freidenker.org\/fw17\/wp-content\/uploads\/2017\/12\/FD_2008-04_Titel_mR.jpg?fit=800%2C445&ssl=1&resize=525%2C300 1.5x, https:\/\/i0.wp.com\/www.freidenker.org\/fw17\/wp-content\/uploads\/2017\/12\/FD_2008-04_Titel_mR.jpg?fit=800%2C445&ssl=1&resize=700%2C400 2x"},"classes":[]}],"_links":{"self":[{"href":"https:\/\/www.freidenker.org\/index.php?rest_route=\/wp\/v2\/posts\/20811","targetHints":{"allow":["GET"]}}],"collection":[{"href":"https:\/\/www.freidenker.org\/index.php?rest_route=\/wp\/v2\/posts"}],"about":[{"href":"https:\/\/www.freidenker.org\/index.php?rest_route=\/wp\/v2\/types\/post"}],"author":[{"embeddable":true,"href":"https:\/\/www.freidenker.org\/index.php?rest_route=\/wp\/v2\/users\/3"}],"replies":[{"embeddable":true,"href":"https:\/\/www.freidenker.org\/index.php?rest_route=%2Fwp%2Fv2%2Fcomments&post=20811"}],"version-history":[{"count":0,"href":"https:\/\/www.freidenker.org\/index.php?rest_route=\/wp\/v2\/posts\/20811\/revisions"}],"wp:featuredmedia":[{"embeddable":true,"href":"https:\/\/www.freidenker.org\/index.php?rest_route=\/wp\/v2\/media\/20812"}],"wp:attachment":[{"href":"https:\/\/www.freidenker.org\/index.php?rest_route=%2Fwp%2Fv2%2Fmedia&parent=20811"}],"wp:term":[{"taxonomy":"category","embeddable":true,"href":"https:\/\/www.freidenker.org\/index.php?rest_route=%2Fwp%2Fv2%2Fcategories&post=20811"},{"taxonomy":"post_tag","embeddable":true,"href":"https:\/\/www.freidenker.org\/index.php?rest_route=%2Fwp%2Fv2%2Ftags&post=20811"}],"curies":[{"name":"wp","href":"https:\/\/api.w.org\/{rel}","templated":true}]}}