{"id":20802,"date":"2025-01-20T02:46:33","date_gmt":"2025-01-20T01:46:33","guid":{"rendered":"https:\/\/www.freidenker.org\/?p=20802"},"modified":"2025-02-18T02:52:10","modified_gmt":"2025-02-18T01:52:10","slug":"nato-in-der-ostsee-rechtsbruch-mit-ansage","status":"publish","type":"post","link":"https:\/\/www.freidenker.org\/?p=20802","title":{"rendered":"NATO in der Ostsee: Rechtsbruch mit Ansage"},"content":{"rendered":"<p><strong>Nur keinen Frieden mit Russland, k\u00f6nnte man das Ergebnis des NATO-Ostseegipfels zusammenfassen. Die europ\u00e4ische Kamikaze-Politik wird damit auf ein neues Niveau gehoben. Denn nach den Begriffen des UN-Seerechts beginnt die NATO einen Krieg in der Ostsee. <\/strong><\/p>\n<p><em>Von <strong>Dagmar Henn<\/strong><\/em><\/p>\n<p><span style=\"font-size: 10pt;\">Erstver\u00f6ffentlichung am 15.01.2025 auf <a href=\"https:\/\/freedert.online\/meinung\/233066-nato-in-ostsee-rechtsbruch-mit\/\" target=\"_blank\" rel=\"noopener\">RT DE<\/a><\/span><\/p>\n<div class=\"EmbedBlock-root EmbedBlock-all\">\n<div class=\"AllEmbed\"><iframe loading=\"lazy\" title=\"NATO in der Ostsee: Rechtsbruch mit Ansage\" src=\"https:\/\/www.podbean.com\/player-v2\/?i=cuinp-17bba27-pb&amp;from=pb6admin&amp;share=1&amp;download=1&amp;rtl=0&amp;fonts=Arial&amp;skin=f6f6f6&amp;font-color=&amp;logo_link=episode_page&amp;btn-skin=7\" width=\"100%\" height=\"150\" scrolling=\"no\" allowfullscreen=\"allowfullscreen\" data-name=\"pb-iframe-player\" data-mce-fragment=\"1\"><\/iframe><\/div>\n<\/div>\n<p>Wenn man wissen will, was sich in der Ostsee demn\u00e4chst abspielen k\u00f6nnte, muss man einen Blick auf die <a href=\"https:\/\/www.presidentti.fi\/joint-statement-of-the-baltic-sea-nato-allies-summit\/\" target=\"_blank\" rel=\"noopener noreferrer\">Abschlusserkl\u00e4rung<\/a> des Ostseegipfels der NATO-Alliierten werfen. Auf diese Erkl\u00e4rung haben sich die in Helsinki anwesenden Regierungschefs geeinigt, aus Finnland, D\u00e4nemark, Deutschland, Polen, Schweden und den drei baltischen Staaten. Das verleiht ihr ziemliches Gewicht.<\/p>\n<p style=\"padding-left: 40px;\"><em>&#8222;Jeder Angriff gegen unsere Infrastruktur wird eine robuste und entschlossene Antwort erhalten.&#8220;<\/em><\/p>\n<p>Schl\u00fcsselwort hier ist &#8222;robust&#8220;. Die Grundlage f\u00fcr die ganze Kampagne bez\u00fcglich &#8222;Sabotage von Unterseekabeln&#8220; besteht aus einer Handvoll Kabelsch\u00e4den im Verlauf eines Jahres. Die Ostsee ist nicht nur eines der am dichtesten befahrenen Gew\u00e4sser, sondern gleichzeitig auch eines der meistverkabelten. J\u00e4hrlich fallen 150 bis 200 derartige Sch\u00e4den weltweit an, als ganz gew\u00f6hnliche Unf\u00e4lle; das, was als angebliche Sabotage verkauft wird, bewegt sich statistisch betrachtet v\u00f6llig im Rahmen des Erwartbaren. Der entscheidende Unterschied liegt darin, dass derzeit jeder derartige Schaden in der Ostsee sofort zur &#8222;Sabotage&#8220; erkl\u00e4rt wird.<\/p>\n<p>&#8222;Robust&#8220; ist im Sprachgebrauch der NATO ein Euphemismus f\u00fcr &#8222;milit\u00e4risch&#8220;. Man denke an &#8222;robuste Auslandseins\u00e4tze&#8220;. Diese Formulierung besagt also, dass im Falle eines gew\u00f6hnlichen Kabelschadens k\u00fcnftig sofort Kriegsschiffe zum Einsatz kommen werden.<\/p>\n<p>Dass es sich hierbei mitnichten um eine spontane Reaktion auf tats\u00e4chliche Ereignisse handelt, verr\u00e4t der folgende Absatz.<\/p>\n<p style=\"padding-left: 40px;\"><em>&#8222;Wir begr\u00fc\u00dfen die Bem\u00fchungen des B\u00fcndnisses, zus\u00e4tzliche Mittel auf See, in der Luft, an Land und unter der Meeresoberfl\u00e4che einzusetzen, um Wachsamkeit und Abschreckung zu erh\u00f6hen. Das Ostseekommando in Rostock wurde aktiviert und koordiniert die Schiffe des B\u00fcndnisses in der Ostsee.&#8220;<\/em><\/p>\n<p>Genau daf\u00fcr wurde dieses Ostseekommando eingerichtet (dessen schiere Existenz bereits illegal ist), und wenn das NATO-Hauptquartier in Br\u00fcssel nicht \u00fcber besonders hilfreiche Glaskugeln verf\u00fcgt, die Jahre im Voraus zeigen konnten, wann b\u00f6se Russen Kabel sabotieren, belegt genau dieser Punkt, dass nicht &#8222;Sabotage&#8220; das Handeln der NATO-Staaten ausl\u00f6st, sondern dass das Handeln bereits geplant war, ehe man etwas gesucht hat, das zur &#8222;Sabotage&#8220; erkl\u00e4rt werden konnte. Nachdem von den oben erw\u00e4hnten 150 bis 200 Sch\u00e4den mindestens 20 pro Jahr auf die Ostsee entfallen d\u00fcrften, war bekannt, dass man h\u00f6chstens einen Monat w\u00fcrde warten m\u00fcssen, um einen entsprechenden Vorwurf konstruieren zu k\u00f6nnen.<\/p>\n<p style=\"padding-left: 40px;\"><em>&#8222;Wir werden, auch innerhalb des Rahmens der NATO, anfangen, innovative L\u00f6sungen einzusetzen, neue Technologien f\u00fcr die \u00dcberwachung und Verfolgung verd\u00e4chtiger Schiffe und \u00dcberwachung unter Wasser zu entwickeln.&#8220;<\/em><\/p>\n<p>Die Ostsee war schon davor das am besten \u00fcberwachte Meer der Welt, auch wenn die inszenierte Hilflosigkeit nach dem Anschlag auf Nord Stream etwas anderes suggerieren sollte. Allerdings wurde in den letzten Wochen noch zu ganz anderen Mitteln gegriffen. Tanker mit Kampfflugzeugen zu \u00fcberfliegen beispielsweise. Wenn man wissen will, wie das aussieht, kann man sich den <em>ZDF<\/em>-Beitrag &#8222;Putins Schatten in der Ostsee&#8220; <a href=\"https:\/\/news.google.com\/read\/CBMikwFBVV95cUxOYlhHVXBwTm9ZT3FuSjRwWS1aQkNYUHhzb0lzbTA4RWU1VnhFaktEVUV2RE95MmZqMmltZ1Vudk5qb29UTGd3aWJLTlZ3b0NBQk1iWUZzSjJTNHMzck9nQTJidXdvTWNwck5pTHhlZC1FZkNxUXZVQnZLNzZ3U1hEWG5GOXg0dnBsY2lPZ1BmMkplSDg?hl=de&amp;gl=DE&amp;ceid=DE%3Ade\" target=\"_blank\" rel=\"noopener noreferrer\">ansehen<\/a>, in dem die ganze Geschichte martialisch aufgekocht wird.<\/p>\n<p style=\"padding-left: 40px;\"><em>&#8222;Gemeinsam werden wir weitere Ma\u00dfnahmen in \u00dcbereinstimmung mit dem internationalen Seerecht, einschlie\u00dflich der Freiheit der Schifffahrt, identifizieren, um absichtliche Besch\u00e4digung kritischer Unterwasser-Infrastruktur oder unverantwortliches Verhalten zu verhindern und wirksam darauf zu antworten. Ein solches Verhalten beeintr\u00e4chtigt unter anderem die Freiheit, Kabel und Pipelines zu legen, und stellt ein signifikantes Risiko f\u00fcr die maritime Umwelt dar.&#8220;<\/em><\/p>\n<p>Man achte auf die Formulierungen <em>&#8222;unverantwortliches Verhalten&#8220;<\/em> und <em>&#8222;Risiko f\u00fcr die maritime Umwelt&#8220;<\/em>. Hier wird die vermeintliche Sabotage als Vorwand genutzt, um dann die mythische &#8222;Schattenflotte&#8220; einzuf\u00fchren, also die gew\u00f6hnliche wirtschaftliche T\u00e4tigkeit. Die Behauptung, man wolle <em>&#8222;in \u00dcbereinstimmung mit dem internationalen Seerecht&#8220;<\/em> handeln, ist faktisch bereits mit den bisherigen Vorf\u00e4llen widerlegt. NATO-Generalsekret\u00e4r Mark Rutte, der ebenfalls in Helsinki dabei war, <a href=\"https:\/\/www.politico.eu\/article\/nato-deploy-drone-aircraft-counter-baltic-sea-cable-attack\/\" target=\"_blank\" rel=\"noopener noreferrer\">erkl\u00e4rte<\/a> gegen\u00fcber <em>Politico<\/em>, welche Ma\u00dfnahmen konkret gemeint seien: <em>&#8222;M\u00f6gliches Entern, Beschlagnahmung und Festnahme&#8220;.<\/em> Das finnische Vorgehen gegen die Eagle S wird von ihm explizit als Vorbild genannt. Dieses Vorgehen ist jedoch nach dem UN-Seerecht v\u00f6llig rechtswidrig.<\/p>\n<p style=\"padding-left: 40px;\"><em>&#8222;Wir unternehmen robuste Schritte, um auf diese Bedrohungen zu reagieren. Wir behalten uns das Recht vor, in \u00dcbereinstimmung mit dem V\u00f6lkerrecht, gegen jedes verd\u00e4chtige Schiff, das Sanktionen umgeht und unsere Sicherheit, Infrastruktur und die Umwelt bedroht, vorzugehen.&#8220;<\/em><\/p>\n<p>Die Eventin wird nun vom deutschen Zoll festgehalten, <a href=\"https:\/\/www.ostsee-zeitung.de\/lokales\/vorpommern-ruegen\/ruegen\/havarierter-oeltanker-eventin-vor-ruegen-schiff-ankert-wieder-selbststaendig-W5YCSQPGY5DVPA5ZF3DHBFPEXQ.html\" target=\"_blank\" rel=\"noopener noreferrer\">meldet<\/a> die <em>Ostsee-Zeitung<\/em>. <em>&#8222;Der Zoll untersucht demnach, ob es sich bei den rund 100.000 Tonnen \u00d6l an Bord der &#8222;Eventin&#8220; um russisches \u00d6l handelt und das \u00d6l-Embargo der EU verletzt wird.&#8220;<\/em> Technisch gesehen ist das unm\u00f6glich, weil Schiffe exterritorial sind und sich das transportierte \u00d6l auf diesem Schiff so lange nicht in der EU befindet, solange es auf diesem Schiff ist. Aber das aktuelle Vorgehen vor R\u00fcgen entspricht genau dem, was in der NATO-Erkl\u00e4rung angek\u00fcndigt wird. Was zu der Vermutung verleiten k\u00f6nnte, der Komplettausfall der elektrischen Systeme auf der Eventin, der als ungew\u00f6hnliches Ereignis beschrieben wird, k\u00f6nne das Ergebnis eines elektromagnetischen Angriffs sein und mitnichten ein Unfall. Schlie\u00dflich ist auch der Einsatz von Unterwasserdrohnen Teil des aktivierten Konzepts f\u00fcr die Ostsee.<\/p>\n<p>Der <em>NDR<\/em>\u00a0<a href=\"https:\/\/www.ndr.de\/nachrichten\/mecklenburg-vorpommern\/Oeltanker-vor-Ruegen-Weiterfahrtverbot-fuer-die-Eventin-erteilt,eventin108.html\" target=\"_blank\" rel=\"noopener noreferrer\">zitiert<\/a> &#8222;Moritz Brake, Experte f\u00fcr maritime Sicherheit&#8220;. Besagter Moritz Brake ist ehemaliger Marineoffizier, der am King\u00b4s College in London in War Studies promoviert hat und in einem milit\u00e4rischen Thinktank der Uni Bonn namens CASSIS mitarbeitet. Der schl\u00e4gt vor, die Eventin festzusetzen, was ja inzwischen geschehen ist. <em>&#8222;<\/em><em>Seiner Ansicht nach k\u00f6nnte der Zoll beispielsweise das \u00d6l beschlagnahmen<\/em><em>. <\/em><em>Au\u00dferdem w\u00e4re es laut Seerecht &#8222;geboten&#8220;, die Eventin &#8222;auf Herz und Nieren zu pr\u00fcfen&#8220;, so Brake. Dieses Vorgehen gelte f\u00fcr alle Schiffe der &#8222;Schattenflotte&#8220;, so Brake weiter.<\/em><em>&#8220; <\/em><\/p>\n<p>Und noch einmal die NATO-Erkl\u00e4rung:<\/p>\n<p style=\"padding-left: 40px;\"><em>&#8222;Au\u00dferdem werden weitere Ma\u00dfnahmen, darunter die Einf\u00fchrung von Tracking-Werkzeugen und die Ausweitung von Sanktionen, die auf die Schattenflotte zielen, praktisch umgesetzt werden. Wir ermutigen zu weiterer Zusammenarbeit von EU und NATO, in Erwiderung auf die Bedrohungen, die durch die r\u00fccksichtslosen Aktivit\u00e4ten von Schiffen ausgehen, die dem Fluss der russischen Fracht dienen.&#8220;<\/em><\/p>\n<p>Wie man sieht, die Aussagen des Herrn Brake, die Erkl\u00e4rung des Ostseegipfels und die Handlungen des Zollamts Stralsund gehen Hand in Hand. W\u00e4re dieses Vorgehen nicht l\u00e4ngst abgesprochen, erg\u00e4ben sich mehr Widerspr\u00fcche. Angesichts des l\u00e4ngeren Vorlaufs zur Einrichtung des Ostseekommandos in Rostock ist die ganze Abfolge zu glatt. Ersch\u00fctternd daran ist die v\u00f6llige Hemmungslosigkeit im Bruch der v\u00f6lkerrechtlichen Vorgaben, die ein Entern und eine Festsetzung (so etwas nennt man Kapern) oder gar eine Beschlagnahme der Fracht untersagen.<\/p>\n<p>Nur wenige Tage vor dem Amtsantritt eines neuen US-Pr\u00e4sidenten, der bei den NATO-Vertretern in Br\u00fcssel die Sorge ausl\u00f6st, den Krieg in der Ukraine lieber beenden statt ihn hegen und pflegen zu wollen, verabschiedet dieser Ostseegipfel eine Erkl\u00e4rung, die unmittelbar zu Kriegshandlungen in der Ostsee gegen Schiffe aufruft, die russisches \u00d6l transportieren. Und nach den finnischen Beh\u00f6rden machen sich nun auch deutsche daran, die unverkennbar bereits vor l\u00e4ngerer Zeit erarbeiteten Planungen umzusetzen, w\u00e4hrend das deutsche Publikum (so wie das aller anderen NATO-L\u00e4nder) mit dem M\u00e4rchen von der &#8222;russischen Schattenflotte&#8220; in den Schlaf gesungen wird. Handlungen, die Bundeskanzler Olaf Scholz in Helsinki offenkundig abgenickt hat. Als g\u00e4be es nichts Wichtigeres, als die ukrainische Front durch eine in der Ostsee zu ersetzen.<\/p>\n<p style=\"text-align: right;\"><em>Dagmar Henn ist Mitglied des Deutschen Freidenker-Verbandes<\/em><\/p>\n<hr \/>\n<p><span style=\"font-size: 10pt;\">Bild oben: Symbolbild<\/span><br \/>\n<span style=\"font-size: 10pt;\">KI-generiert mit <a href=\"https:\/\/ki-bild-erstellen.de\/app\/ki-bilder\/\" target=\"_blank\" rel=\"noopener\">ki-bild-erstellen.de<\/a><\/span><\/p>\n","protected":false},"excerpt":{"rendered":"<p><b>Beitrag von Dagmar Henn<\/b><br \/>\nWenn man wissen will, was sich in der Ostsee demn\u00e4chst abspielen k\u00f6nnte, muss man einen Blick auf die Abschlusserkl\u00e4rung des Ostseegipfels der NATO-Alliierten werfen. Auf diese Erkl\u00e4rung haben sich die in Helsinki anwesenden Regierungschefs geeinigt, aus Finnland, D\u00e4nemark, Deutschland, Polen, Schweden und den drei baltischen Staaten. Das verleiht ihr ziemliches Gewicht. <i>&#8222;Jeder Angriff gegen unsere Infrastruktur wird eine robuste und entschlossene Antwort erhalten.&#8220;<\/i> Schl\u00fcsselwort hier ist &#8222;robust&#8220;. Die Grundlage f\u00fcr die ganze Kampagne bez\u00fcglich &#8222;Sabotage von Unterseekabeln&#8220; besteht aus einer Handvoll Kabelsch\u00e4den im Verlauf eines Jahres. Die Ostsee ist nicht nur eines der am dichtesten befahrenen Gew\u00e4sser, sondern gleichzeitig auch eines der meistverkabelten. <\/p>\n","protected":false},"author":3,"featured_media":20803,"comment_status":"closed","ping_status":"closed","sticky":false,"template":"","format":"standard","meta":{"colormag_page_container_layout":"default_layout","colormag_page_sidebar_layout":"default_layout","advanced_seo_description":"","jetpack_seo_html_title":"","jetpack_seo_noindex":false,"jetpack_post_was_ever_published":false,"footnotes":""},"categories":[12],"tags":[1458,1613,2318,1066,2484,56,1662,1718,1636,2483,1343,639,1120,185],"class_list":["post-20802","post","type-post","status-publish","format-standard","has-post-thumbnail","hentry","category-demokratie-medien-aufklaerung","tag-bedrohung","tag-blockade","tag-gipfeltreffen","tag-helsinki","tag-internationales-recht","tag-nato","tag-olaf-scholz","tag-ostsee","tag-sabotage","tag-schattenflotte","tag-ueberwachung","tag-ukraine-konflikt","tag-uno","tag-usa"],"jetpack_featured_media_url":"https:\/\/i0.wp.com\/www.freidenker.org\/fw17\/wp-content\/uploads\/2025\/01\/Kriegsschiffe_KI_800x450.jpg?fit=800%2C450&ssl=1","jetpack_shortlink":"https:\/\/wp.me\/p9stpK-5pw","jetpack-related-posts":[{"id":20622,"url":"https:\/\/www.freidenker.org\/?p=20622","url_meta":{"origin":20802,"position":0},"title":"Provokationen in der Ostsee: Langsam wird es hei\u00df f\u00fcr Rostock","author":"Webredaktion","date":"31. Dezember 2024","format":false,"excerpt":"Beitrag von Dagmar Henn Es sieht ganz so aus, als h\u00e4tte die Biden-Regierung kurz vor ihrem Abtreten auch noch den Auftrag erteilt, in der Ostsee ordentlich zu z\u00fcndeln. Denn wenn man sich das Verhalten der europ\u00e4ischen Staaten in den letzten Jahren betrachtet, erfolgen alle irrsinnigen Handlungen auf Anweisung aus Washington.\u2026","rel":"","context":"In &quot;Demokratie \u2013 Medien \u2013 Aufkl\u00e4rung&quot;","block_context":{"text":"Demokratie \u2013 Medien \u2013 Aufkl\u00e4rung","link":"https:\/\/www.freidenker.org\/?cat=12"},"img":{"alt_text":"","src":"https:\/\/i0.wp.com\/www.freidenker.org\/fw17\/wp-content\/uploads\/2024\/12\/GOLFSTRAUM_NORWAY_800x450.jpg?fit=800%2C450&ssl=1&resize=350%2C200","width":350,"height":200,"srcset":"https:\/\/i0.wp.com\/www.freidenker.org\/fw17\/wp-content\/uploads\/2024\/12\/GOLFSTRAUM_NORWAY_800x450.jpg?fit=800%2C450&ssl=1&resize=350%2C200 1x, https:\/\/i0.wp.com\/www.freidenker.org\/fw17\/wp-content\/uploads\/2024\/12\/GOLFSTRAUM_NORWAY_800x450.jpg?fit=800%2C450&ssl=1&resize=525%2C300 1.5x, https:\/\/i0.wp.com\/www.freidenker.org\/fw17\/wp-content\/uploads\/2024\/12\/GOLFSTRAUM_NORWAY_800x450.jpg?fit=800%2C450&ssl=1&resize=700%2C400 2x"},"classes":[]},{"id":23907,"url":"https:\/\/www.freidenker.org\/?p=23907","url_meta":{"origin":20802,"position":1},"title":"&#8222;Schattenflotte&#8220; \u2013 Warmlaufen f\u00fcr die n\u00e4chste Provokation?","author":"Webredaktion","date":"16. Dezember 2025","format":false,"excerpt":"Beitrag von Dagmar Henn Erst waren es die Unterseekabel gewesen, die angeblich von Schiffen dieser omin\u00f6sen \"Schattenflotte\" gekappt worden waren, dann waren es geheimnisvolle Drohnen, die \u00fcberall gesichtet wurden (und sich inzwischen unter anderem als Milit\u00e4rhubschrauber entpuppten), und jetzt gibt es wieder etwas Neues: \"Schiffe, die westliche Beh\u00f6rden zu Putins\u2026","rel":"","context":"In &quot;Demokratie \u2013 Medien \u2013 Aufkl\u00e4rung&quot;","block_context":{"text":"Demokratie \u2013 Medien \u2013 Aufkl\u00e4rung","link":"https:\/\/www.freidenker.org\/?cat=12"},"img":{"alt_text":"","src":"https:\/\/i0.wp.com\/www.freidenker.org\/fw17\/wp-content\/uploads\/2025\/12\/The_Flying_Dutchman_by_Louis_M._Eilshemius_800x450.jpg?fit=800%2C450&ssl=1&resize=350%2C200","width":350,"height":200,"srcset":"https:\/\/i0.wp.com\/www.freidenker.org\/fw17\/wp-content\/uploads\/2025\/12\/The_Flying_Dutchman_by_Louis_M._Eilshemius_800x450.jpg?fit=800%2C450&ssl=1&resize=350%2C200 1x, https:\/\/i0.wp.com\/www.freidenker.org\/fw17\/wp-content\/uploads\/2025\/12\/The_Flying_Dutchman_by_Louis_M._Eilshemius_800x450.jpg?fit=800%2C450&ssl=1&resize=525%2C300 1.5x, https:\/\/i0.wp.com\/www.freidenker.org\/fw17\/wp-content\/uploads\/2025\/12\/The_Flying_Dutchman_by_Louis_M._Eilshemius_800x450.jpg?fit=800%2C450&ssl=1&resize=700%2C400 2x"},"classes":[]},{"id":20490,"url":"https:\/\/www.freidenker.org\/?p=20490","url_meta":{"origin":20802,"position":2},"title":"Wenn Baerbock russische Schiffe schie\u00dfen l\u00e4sst","author":"Webredaktion","date":"9. Dezember 2024","format":false,"excerpt":"Beitrag von Dagmar Henn Dass man mit Aussagen von Au\u00dfenministerin Annalena Baerbock vorsichtig sein muss, d\u00fcrfte eigentlich sp\u00e4testens mit der 360-Grad-Wende auch bei der deutschen Presse angekommen sein. Das hindert sie aber nicht daran, eine angebliche Aussage der besagten Dame gleich zur Grundlage rei\u00dferischer Schlagzeilen zu machen. [...] Es ist\u2026","rel":"","context":"In &quot;Demokratie \u2013 Medien \u2013 Aufkl\u00e4rung&quot;","block_context":{"text":"Demokratie \u2013 Medien \u2013 Aufkl\u00e4rung","link":"https:\/\/www.freidenker.org\/?cat=12"},"img":{"alt_text":"","src":"https:\/\/i0.wp.com\/www.freidenker.org\/fw17\/wp-content\/uploads\/2024\/12\/helicopter-68244_800x450.jpg?fit=800%2C450&ssl=1&resize=350%2C200","width":350,"height":200,"srcset":"https:\/\/i0.wp.com\/www.freidenker.org\/fw17\/wp-content\/uploads\/2024\/12\/helicopter-68244_800x450.jpg?fit=800%2C450&ssl=1&resize=350%2C200 1x, https:\/\/i0.wp.com\/www.freidenker.org\/fw17\/wp-content\/uploads\/2024\/12\/helicopter-68244_800x450.jpg?fit=800%2C450&ssl=1&resize=525%2C300 1.5x, https:\/\/i0.wp.com\/www.freidenker.org\/fw17\/wp-content\/uploads\/2024\/12\/helicopter-68244_800x450.jpg?fit=800%2C450&ssl=1&resize=700%2C400 2x"},"classes":[]},{"id":24795,"url":"https:\/\/www.freidenker.org\/?p=24795","url_meta":{"origin":20802,"position":3},"title":"Wenn die Piraterie in der Ostsee gleich doppelt kriminell wird","author":"Webredaktion","date":"3. April 2026","format":false,"excerpt":"Beitrag von Dagmar Henn Die EU bleibt hartleibig, was russisches \u00d6l und Gas betrifft, auch wenn ihr das Benzin ausgeht. Das wurde in den vergangenen Tagen deutlich genug formuliert, und dabei wird dann nach dem Prinzip \"Mitgehangen, mitgefangen\" gehandelt, und auch Ungarn soll, wenn irgend m\u00f6glich, maximal mitleiden. So k\u00f6nnte\u2026","rel":"","context":"In &quot;Aktuelles&quot;","block_context":{"text":"Aktuelles","link":"https:\/\/www.freidenker.org\/?cat=574"},"img":{"alt_text":"","src":"https:\/\/i0.wp.com\/www.freidenker.org\/fw17\/wp-content\/uploads\/2026\/04\/piraterie_ostsee_800x450.jpg?fit=800%2C450&ssl=1&resize=350%2C200","width":350,"height":200,"srcset":"https:\/\/i0.wp.com\/www.freidenker.org\/fw17\/wp-content\/uploads\/2026\/04\/piraterie_ostsee_800x450.jpg?fit=800%2C450&ssl=1&resize=350%2C200 1x, https:\/\/i0.wp.com\/www.freidenker.org\/fw17\/wp-content\/uploads\/2026\/04\/piraterie_ostsee_800x450.jpg?fit=800%2C450&ssl=1&resize=525%2C300 1.5x, https:\/\/i0.wp.com\/www.freidenker.org\/fw17\/wp-content\/uploads\/2026\/04\/piraterie_ostsee_800x450.jpg?fit=800%2C450&ssl=1&resize=700%2C400 2x"},"classes":[]},{"id":18018,"url":"https:\/\/www.freidenker.org\/?p=18018","url_meta":{"origin":20802,"position":4},"title":"NATO auf d\u00fcnnem Eis: &#8222;Steadfast Defender&#8220; \u2013 ein Man\u00f6ver, das Angst macht","author":"Webredaktion","date":"27. Januar 2024","format":false,"excerpt":"Beitrag von Dagmar Henn Das NATO-Man\u00f6ver \"Steadfast Defender\", das bereits n\u00e4chste Woche beginnt und bis in den Mai dauern wird, ist kein Ereignis, das man unter \u00fcbliche Gesch\u00e4ftst\u00e4tigkeit verbuchen und ignorieren k\u00f6nnte. Im Gegenteil, es ist brandgef\u00e4hrlich. Es weckt gewisse Erinnerungen an ein historisches Man\u00f6ver, das die Welt tats\u00e4chlich an\u2026","rel":"","context":"In &quot;Frieden - Antifaschismus - Solidarit\u00e4t&quot;","block_context":{"text":"Frieden - Antifaschismus - Solidarit\u00e4t","link":"https:\/\/www.freidenker.org\/?cat=13"},"img":{"alt_text":"","src":"https:\/\/i0.wp.com\/www.freidenker.org\/fw17\/wp-content\/uploads\/2024\/01\/Steadfest_Defender_2021_abb4cc7540_c_800x450.jpg?fit=800%2C450&ssl=1&resize=350%2C200","width":350,"height":200,"srcset":"https:\/\/i0.wp.com\/www.freidenker.org\/fw17\/wp-content\/uploads\/2024\/01\/Steadfest_Defender_2021_abb4cc7540_c_800x450.jpg?fit=800%2C450&ssl=1&resize=350%2C200 1x, https:\/\/i0.wp.com\/www.freidenker.org\/fw17\/wp-content\/uploads\/2024\/01\/Steadfest_Defender_2021_abb4cc7540_c_800x450.jpg?fit=800%2C450&ssl=1&resize=525%2C300 1.5x, https:\/\/i0.wp.com\/www.freidenker.org\/fw17\/wp-content\/uploads\/2024\/01\/Steadfest_Defender_2021_abb4cc7540_c_800x450.jpg?fit=800%2C450&ssl=1&resize=700%2C400 2x"},"classes":[]},{"id":23333,"url":"https:\/\/www.freidenker.org\/?p=23333","url_meta":{"origin":20802,"position":5},"title":"Brandgef\u00e4hrliche Pl\u00e4ne &#8211; Estland provoziert mit &#8222;Internationalem Transitkorridor&#8220;","author":"Webredaktion","date":"28. Oktober 2025","format":false,"excerpt":"Beitrag von\u00a0Rainer Rupp Mit seinen st\u00e4ndigen Versuchen, aus dem nach UN-Seerecht etablierten \"Internationalen Transitkorridor\" eine von der NATO kontrollierte Zone zu machen, um Russland im Osten der Ostsee einzuschlie\u00dfen, will Estland Moskau zu einer milit\u00e4rischen Reaktion provozieren. Estland erinnert an ein Chihuahua-H\u00fcndchen, das f\u00fcr seine NATO-Herrchen Moskau hysterisch anbellt und\u2026","rel":"","context":"In &quot;Demokratie \u2013 Medien \u2013 Aufkl\u00e4rung&quot;","block_context":{"text":"Demokratie \u2013 Medien \u2013 Aufkl\u00e4rung","link":"https:\/\/www.freidenker.org\/?cat=12"},"img":{"alt_text":"","src":"https:\/\/i0.wp.com\/www.freidenker.org\/fw17\/wp-content\/uploads\/2025\/10\/PVL-101__KindralKurvits__800x450.jpg?fit=800%2C450&ssl=1&resize=350%2C200","width":350,"height":200,"srcset":"https:\/\/i0.wp.com\/www.freidenker.org\/fw17\/wp-content\/uploads\/2025\/10\/PVL-101__KindralKurvits__800x450.jpg?fit=800%2C450&ssl=1&resize=350%2C200 1x, https:\/\/i0.wp.com\/www.freidenker.org\/fw17\/wp-content\/uploads\/2025\/10\/PVL-101__KindralKurvits__800x450.jpg?fit=800%2C450&ssl=1&resize=525%2C300 1.5x, https:\/\/i0.wp.com\/www.freidenker.org\/fw17\/wp-content\/uploads\/2025\/10\/PVL-101__KindralKurvits__800x450.jpg?fit=800%2C450&ssl=1&resize=700%2C400 2x"},"classes":[]}],"_links":{"self":[{"href":"https:\/\/www.freidenker.org\/index.php?rest_route=\/wp\/v2\/posts\/20802","targetHints":{"allow":["GET"]}}],"collection":[{"href":"https:\/\/www.freidenker.org\/index.php?rest_route=\/wp\/v2\/posts"}],"about":[{"href":"https:\/\/www.freidenker.org\/index.php?rest_route=\/wp\/v2\/types\/post"}],"author":[{"embeddable":true,"href":"https:\/\/www.freidenker.org\/index.php?rest_route=\/wp\/v2\/users\/3"}],"replies":[{"embeddable":true,"href":"https:\/\/www.freidenker.org\/index.php?rest_route=%2Fwp%2Fv2%2Fcomments&post=20802"}],"version-history":[{"count":0,"href":"https:\/\/www.freidenker.org\/index.php?rest_route=\/wp\/v2\/posts\/20802\/revisions"}],"wp:featuredmedia":[{"embeddable":true,"href":"https:\/\/www.freidenker.org\/index.php?rest_route=\/wp\/v2\/media\/20803"}],"wp:attachment":[{"href":"https:\/\/www.freidenker.org\/index.php?rest_route=%2Fwp%2Fv2%2Fmedia&parent=20802"}],"wp:term":[{"taxonomy":"category","embeddable":true,"href":"https:\/\/www.freidenker.org\/index.php?rest_route=%2Fwp%2Fv2%2Fcategories&post=20802"},{"taxonomy":"post_tag","embeddable":true,"href":"https:\/\/www.freidenker.org\/index.php?rest_route=%2Fwp%2Fv2%2Ftags&post=20802"}],"curies":[{"name":"wp","href":"https:\/\/api.w.org\/{rel}","templated":true}]}}