{"id":20794,"date":"2025-01-20T02:45:51","date_gmt":"2025-01-20T01:45:51","guid":{"rendered":"https:\/\/www.freidenker.org\/?p=20794"},"modified":"2025-02-18T02:51:58","modified_gmt":"2025-02-18T01:51:58","slug":"jan-van-aken-kriegstreiber-von-links","status":"publish","type":"post","link":"https:\/\/www.freidenker.org\/?p=20794","title":{"rendered":"Jan van Aken: Kriegstreiber von links"},"content":{"rendered":"<p><em>von <strong>Andreas Wehr<\/strong><\/em><\/p>\n<p><span style=\"font-size: 10pt;\">Erstver\u00f6ffentlichung am 04.01.2025 auf <a href=\"https:\/\/www.andreas-wehr.eu\/jan-van-aken-kriegstreiber-von-links.html\" target=\"_blank\" rel=\"noopener\">andreas-wehr.eu<\/a><\/span><\/p>\n<p>Die Frankfurter Allgemeine Zeitung (FAZ) f\u00fchrte kurz vor Ende des Jahres ein Interview mit Jan van Aken, Parteivorsitzender und Spitzenkandidat der Linken, in dem es vor allem um seine Haltung zum Krieg um die Ukraine ging. Van Aken forderte darin eine diplomatische L\u00f6sung des Konflikts. Hoffnungen setzt er insbesondere auf eine Vermittlerrolle Chinas. Aber das war nicht alles, was er zu sagen hatte. Er sprach sich auch f\u00fcr ein Vorgehen gegen den Transport russischen \u00d6ls auf \u201erostigen Tankern\u201c aus. Hier ein Auszug aus dem am 30. Dezember 2024 erschienenen Interview:<\/p>\n<p style=\"padding-left: 40px;\">\u201e<em>Jan van Aken:<\/em> Neben dem Druck aus China gibt es das Mittel der Sanktionen, die wir viel konsequenter anwenden m\u00fcssen. Wann waren Sie zuletzt auf Fehmarn?<\/p>\n<p style=\"padding-left: 40px;\"><em>FAZ<\/em>: Bitte?<\/p>\n<p style=\"padding-left: 40px;\"><em>Jan van Aken:<\/em> Da k\u00f6nnen Sie am Strand beobachten, wie rostige Tanker unter Umgehung der Sanktionen russisches \u00d6l in den Weltmarkt transportieren, und wir tun nichts dagegen.\u201c<\/p>\n<p>In dem FAZ-Interview erl\u00e4utert er allerdings nicht, was gegen die russische Tankerflotte aus seiner Sicht getan werden m\u00fcsste. Das hatte er hingegen vorher in einem Interview des Deutschlandfunks vom 19. November 2024 gesagt. Dort machte er einen Vorschlag, was jetzt zu tun sei: Man solle die \u201eTanker inspizieren und an die Kette legen\u201c. \u00a0Auf die Bemerkung des Reporters, dass dies wohl einen Milit\u00e4reinsatz erforderlich machen w\u00fcrde, bemerkte van Aken, dass daf\u00fcr \u201edie K\u00fcstenwache\u201c zust\u00e4ndig sei, was bedeute, dass nur \u201eein Polizeieinsatz n\u00f6tig\u201c sei. [1]<\/p>\n<p>In derselben FAZ-Ausgabe vom 30.12.2024 in der das Interview mit van Aken erschien, wurde ein Artikel unter der \u00dcberschrift \u201eFinnland schirmt verd\u00e4chtigen Tanker ab\u201c ver\u00f6ffentlicht. Darin kommt Henrik Wachtmeister zu Wort, ein Wissenschaftler der an der Universit\u00e4t Uppsala und dem Schwedischen Institut f\u00fcr Internationale Beziehungen zu Energiefragen forscht, zuletzt vor allem zur Kriegsf\u00fchrung mittels Energie: \u201eSollte der Westen nun als Antwort Sanktionen strenger durchsetzen, beispielsweise durch Inspektionen von Versicherungsdokumenten, werde es weitere russische Gegenma\u00dfnahmen geben. &#8218;Am Ende k\u00f6nnten wir sehen, wie Tanker von der russischen Marine in der Ostsee eskortiert werden&#8216;, so Wachtmeister.\u201c Das Aufbringen von Schiffen w\u00e4re zudem illegal. Das sieht selbst die FAZ so: \u201eAllerdings darf auch das Milit\u00e4rb\u00fcndnis in internationalen Gew\u00e4ssern nicht einfach Schiffe stoppen, das verbietet das Seerecht.\u201c [2]<\/p>\n<p>Die so harmlos daherkommende Forderung van Akens \u201erostige \u00d6ltanker\u201c mal so eben durch \u201eEinsatz der K\u00fcstenwache an die Kette legen zu lassen\u201c, birgt demnach das Potential eines massiven milit\u00e4rischen Konflikts mit der russischen Marine, und das mitten in der Ostsee. Mit anderen Worten: Van Aken bet\u00e4tigt sich hier als jemand, der einer unabsehbaren Eskalation des Konflikts der NATO mit Russland das Wort redet. Der Vorsitzende der Partei Die Linke ist daher ein Kriegstreiber! Das sollten alle wissen, die beabsichtigen, dieser Partei am 23. Februar 2025 die Stimme zu geben.<\/p>\n<p>In dem FAZ-Interview vom 30. Dezember 2024 gibt Jan van Aken dar\u00fcber hinaus die Absicht einer k\u00fcnftigen Bundestagsfraktion Die Linke bekannt: \u201eIn der kommenden Legislaturperiode wird die Linke im Bundestag f\u00fcr die Einsetzung eines Untersuchungsausschusses zu den explodierenden Energiepreisen sorgen. Diese Abh\u00e4ngigkeiten und pers\u00f6nlichen Verstrickungen von Politikern und Energieriesen m\u00fcssen aufgekl\u00e4rt werden. Wir m\u00fcssen kl\u00e4ren, welche Rolle Politiker und Politikerinnen wie Gerhard Schr\u00f6der, Angela Merkel, Peter Altmaier oder Manuela Schwesig spielten. Wir m\u00fcssen kl\u00e4ren, wie Deutschland in diese dramatische Energieabh\u00e4ngigkeit von Russland gekommen ist.\u201c<\/p>\n<p>Das Bashing gegen\u00fcber Gerhard Schr\u00f6der, Angela Merkel, Peter Altmaier, Manuela Schwesig und anderen wegen einer angeblich leichtfertig geschaffenen Energieabh\u00e4ngigkeit Deutschlands von Russland war aber bislang das Privileg von Politikern vom Schlage eines Norbert R\u00f6ttgen von der CDU oder einer Marie-Agnes Strack-Zimmermann von der FDP bzw. eines Gr\u00fcnen wie Reinhard B\u00fctikofer. Nun also auch die Die Linke! Und da f\u00fcr die Einsetzung eines Untersuchungsausschusses die Zustimmung eines Viertels der Bundestagsabgeordneten n\u00f6tig ist, m\u00fcsste sich die Linke dann mit diesen Parteien zusammentun. Dazu wird es allerdings wohl kaum kommen, erreicht doch die Partei bei allen Wahlumfragen f\u00fcr die kommenden Bundestagswahlen nie mehr als gerade einmal drei Prozent der Stimmen. Mangels eigener Vertretung im Bundestag wird sie diese Initiative somit anderen \u00fcberlassen m\u00fcssen.<\/p>\n<p style=\"text-align: right;\"><em>Andreas Wehr ist Leiter des Marx-Engels-Zentrums Berlin\u00a0<\/em><\/p>\n<p><span style=\"font-size: 10pt;\">Wir danken dem Autor f\u00fcr das Recht der Ver\u00f6ffentlichung seines Beitrags auf unserer Webseite.<\/span><\/p>\n<p><strong>Quellen<\/strong><\/p>\n<p>[1] Linken-Vorsitzender: \u00d6l-Sanktionen gegen Russland statt Taurus f\u00fcr die Ukraine, Interview im Deutschlandfunk am 19.11.2024 auf: <a href=\"https:\/\/www.deutschlandfunk.de\/interview-jan-van-aken-co-parteichef-die-linke-zur-neu-entfachten-taurus-deba-dlf-491e4951-100.html\" target=\"_blank\" rel=\"noopener\">https:\/\/www.deutschlandfunk.de\/interview-jan-van-aken-co-parteichef-die-linke-zur-neu-entfachten-taurus-deba-dlf-491e4951-100.html<\/a><\/p>\n<p>[2] Anker der Eagle S sichergestellt, in FAZ vom 08.01.2025<\/p>\n<hr \/>\n<p><span style=\"font-size: 10pt;\">Bild oben: Jan van Aken auf dem <span class=\"mw-mmv-filename\">Au\u00dferordentlicher Bundesparteitag der Partei DIE LINKE am 18. Januar 2025 in Berlin<\/span><\/span><br \/>\n<span style=\"font-size: 10pt;\">Foto: Sandro Halank, Wikimedia Commons, <a href=\"https:\/\/creativecommons.org\/licenses\/by-sa\/4.0\" target=\"_blank\" rel=\"noopener\">CC BY-SA 4.0<\/a><\/span><br \/>\n<span style=\"font-size: 10pt;\">Quelle: <a href=\"https:\/\/commons.wikimedia.org\/w\/index.php?curid=158151120\" target=\"_blank\" rel=\"noopener\">https:\/\/commons.wikimedia.org\/w\/index.php?curid=158151120<\/a><\/span><\/p>\n","protected":false},"excerpt":{"rendered":"<p><b>Beitrag von Andreas Wehr<\/b><br \/>\nDie Frankfurter Allgemeine Zeitung (FAZ) f\u00fchrte kurz vor Ende des Jahres ein Interview mit Jan van Aken, Parteivorsitzender und Spitzenkandidat der Linken, in dem es vor allem um seine Haltung zum Krieg um die Ukraine ging. Van Aken forderte darin eine diplomatische L\u00f6sung des Konflikts. Hoffnungen setzt er insbesondere auf eine Vermittlerrolle Chinas. Aber das war nicht alles, was er zu sagen hatte. Er sprach sich auch f\u00fcr ein Vorgehen gegen den Transport russischen \u00d6ls auf \u201erostigen Tankern\u201c aus. [&#8230;]. In dem FAZ-Interview erl\u00e4utert er allerdings nicht, was gegen die russische Tankerflotte aus seiner Sicht getan werden m\u00fcsste. Das hatte er hingegen vorher in einem Interview des Deutschlandfunks vom 19. November 2024 gesagt.<\/p>\n","protected":false},"author":3,"featured_media":20795,"comment_status":"closed","ping_status":"closed","sticky":false,"template":"","format":"standard","meta":{"colormag_page_container_layout":"default_layout","colormag_page_sidebar_layout":"default_layout","advanced_seo_description":"","jetpack_seo_html_title":"","jetpack_seo_noindex":false,"jetpack_post_was_ever_published":false,"footnotes":""},"categories":[12],"tags":[477,1413,1593,1328,2227,1030,1718,1532,222,719,639,1313],"class_list":["post-20794","post","type-post","status-publish","format-standard","has-post-thumbnail","hentry","category-demokratie-medien-aufklaerung","tag-bundestag","tag-bundestagswahl","tag-energiekrise","tag-erdoel","tag-kriegstreiber","tag-linke","tag-ostsee","tag-parteitag","tag-russland","tag-sanktionen","tag-ukraine-konflikt","tag-wahlen"],"jetpack_featured_media_url":"https:\/\/i0.wp.com\/www.freidenker.org\/fw17\/wp-content\/uploads\/2025\/01\/2025-01-18_Ausserordentlicher_Bundesparteitag_Die_Linke_2025_in_Berlin_by_Sandro_Halank%E2%80%93099_800x450.jpg?fit=800%2C450&ssl=1","jetpack_shortlink":"https:\/\/wp.me\/p9stpK-5po","jetpack-related-posts":[{"id":20798,"url":"https:\/\/www.freidenker.org\/?p=20798","url_meta":{"origin":20794,"position":0},"title":"Deutschlandfunk mal wieder beim Manipulieren erwischt","author":"Webredaktion","date":"20. Januar 2025","format":false,"excerpt":"Kommentar von Rainer Rupp. Ach, die alte Leier: Die Regierungsmedien \u2013 allen voran die ARD-Sender, das ZDF und nat\u00fcrlich der Deutschlandfunk (DLF) \u2013 biegen sich ihre Nachrichtenprogramme mit einer solchen Kreativit\u00e4t zurecht, dass man glauben k\u00f6nnte, die Wahrheit sei ein elastisches Band. Doch wehe dem, der diese angeblichen \u201eKreativit\u00e4ten\u201c der\u2026","rel":"","context":"In &quot;Demokratie \u2013 Medien \u2013 Aufkl\u00e4rung&quot;","block_context":{"text":"Demokratie \u2013 Medien \u2013 Aufkl\u00e4rung","link":"https:\/\/www.freidenker.org\/?cat=12"},"img":{"alt_text":"","src":"https:\/\/i0.wp.com\/www.freidenker.org\/fw17\/wp-content\/uploads\/2025\/01\/Dlf_tag_800x450.jpg?fit=800%2C450&ssl=1&resize=350%2C200","width":350,"height":200,"srcset":"https:\/\/i0.wp.com\/www.freidenker.org\/fw17\/wp-content\/uploads\/2025\/01\/Dlf_tag_800x450.jpg?fit=800%2C450&ssl=1&resize=350%2C200 1x, https:\/\/i0.wp.com\/www.freidenker.org\/fw17\/wp-content\/uploads\/2025\/01\/Dlf_tag_800x450.jpg?fit=800%2C450&ssl=1&resize=525%2C300 1.5x, https:\/\/i0.wp.com\/www.freidenker.org\/fw17\/wp-content\/uploads\/2025\/01\/Dlf_tag_800x450.jpg?fit=800%2C450&ssl=1&resize=700%2C400 2x"},"classes":[]},{"id":15594,"url":"https:\/\/www.freidenker.org\/?p=15594","url_meta":{"origin":20794,"position":1},"title":"Strandm\u00fcll im FriedensJournal","author":"Webredaktion","date":"25. M\u00e4rz 2023","format":false,"excerpt":"Beitrag von Anneliese Fikentscher und Andreas Neumann Was w\u00e4re, wenn das FriedensJournal, Organ des \"Bundesausschusses Friedensratschlag\", als \"h\u00e4sslicher Strandm\u00fcll\" bezeichnet w\u00fcrde? W\u00e4re das eine angemessene Form der Kritik? Wohl kaum! Aber es ist Gerhard Hanloser, der in einem FriedensJournal-Artikel mit dem Titel \"Neue Friedensbewegte auf der Stra\u00dfe \u2013 Eine Reportage\"\u2026","rel":"","context":"In &quot;Frieden - Antifaschismus - Solidarit\u00e4t&quot;","block_context":{"text":"Frieden - Antifaschismus - Solidarit\u00e4t","link":"https:\/\/www.freidenker.org\/?cat=13"},"img":{"alt_text":"","src":"https:\/\/i0.wp.com\/www.freidenker.org\/fw17\/wp-content\/uploads\/2023\/03\/Hanloser_Friedensbewegte_3_800x450.jpg?fit=800%2C450&ssl=1&resize=350%2C200","width":350,"height":200,"srcset":"https:\/\/i0.wp.com\/www.freidenker.org\/fw17\/wp-content\/uploads\/2023\/03\/Hanloser_Friedensbewegte_3_800x450.jpg?fit=800%2C450&ssl=1&resize=350%2C200 1x, https:\/\/i0.wp.com\/www.freidenker.org\/fw17\/wp-content\/uploads\/2023\/03\/Hanloser_Friedensbewegte_3_800x450.jpg?fit=800%2C450&ssl=1&resize=525%2C300 1.5x, https:\/\/i0.wp.com\/www.freidenker.org\/fw17\/wp-content\/uploads\/2023\/03\/Hanloser_Friedensbewegte_3_800x450.jpg?fit=800%2C450&ssl=1&resize=700%2C400 2x"},"classes":[]},{"id":19548,"url":"https:\/\/www.freidenker.org\/?p=19548","url_meta":{"origin":20794,"position":2},"title":"RAND-Analystin offenbart US-Endziel in Ukrainekrieg","author":"Webredaktion","date":"19. Juli 2024","format":false,"excerpt":"Beitrag von Rainer Rupp Auf der Webseite der RAND-Corporation erschien Anfang dieses Monats ein Interview mit der hochrangigen RAND-Mitarbeiterin Ann Marie Dailey unter dem Titel \"The United States, NATO, and Geopolitical Strategies\" (Die Vereinigten Staaten, NATO und geopolitische Strategien). Die RAND-Corporation ist die ber\u00fchmt-ber\u00fcchtigte, gigantische Denkfabrik, die von der U.S.\u2026","rel":"","context":"In &quot;Demokratie \u2013 Medien \u2013 Aufkl\u00e4rung&quot;","block_context":{"text":"Demokratie \u2013 Medien \u2013 Aufkl\u00e4rung","link":"https:\/\/www.freidenker.org\/?cat=12"},"img":{"alt_text":"","src":"https:\/\/i0.wp.com\/www.freidenker.org\/fw17\/wp-content\/uploads\/2024\/07\/us_airkraft_2008_800x450.jpg?fit=800%2C450&ssl=1&resize=350%2C200","width":350,"height":200,"srcset":"https:\/\/i0.wp.com\/www.freidenker.org\/fw17\/wp-content\/uploads\/2024\/07\/us_airkraft_2008_800x450.jpg?fit=800%2C450&ssl=1&resize=350%2C200 1x, https:\/\/i0.wp.com\/www.freidenker.org\/fw17\/wp-content\/uploads\/2024\/07\/us_airkraft_2008_800x450.jpg?fit=800%2C450&ssl=1&resize=525%2C300 1.5x, https:\/\/i0.wp.com\/www.freidenker.org\/fw17\/wp-content\/uploads\/2024\/07\/us_airkraft_2008_800x450.jpg?fit=800%2C450&ssl=1&resize=700%2C400 2x"},"classes":[]},{"id":17629,"url":"https:\/\/www.freidenker.org\/?p=17629","url_meta":{"origin":20794,"position":3},"title":"Ukraine-Konflikt: NATO-Traum vom Tisch, Selenskij vor Absprung in die USA","author":"Webredaktion","date":"9. Dezember 2023","format":false,"excerpt":"Beitrag von Rainer Rupp US-Au\u00dfenminister Antony Blinken hat anscheinend seine europ\u00e4ischen Amtskollegen anl\u00e4sslich des j\u00fcngsten NATO-Treffens gebeten, mit Kiew nicht mehr die Frage des Beitritts\u00a0zu dem transatlantische B\u00fcndnis zu thematisieren. Dieses NATO-Thema ver\u00e4rgere die au\u00dfenpolitische Elite der USA, so\u00a0Alexei Gontscharenko, Abgeordneter im ukrainischen Nationalparlament Werchowna Rada. Unter Berufung auf seine\u2026","rel":"","context":"In &quot;Demokratie \u2013 Medien \u2013 Aufkl\u00e4rung&quot;","block_context":{"text":"Demokratie \u2013 Medien \u2013 Aufkl\u00e4rung","link":"https:\/\/www.freidenker.org\/?cat=12"},"img":{"alt_text":"","src":"https:\/\/i0.wp.com\/www.freidenker.org\/fw17\/wp-content\/uploads\/2023\/12\/US_Congressional_delegation_in_Kiew_Januar_2023_800x450.jpg?fit=800%2C450&ssl=1&resize=350%2C200","width":350,"height":200,"srcset":"https:\/\/i0.wp.com\/www.freidenker.org\/fw17\/wp-content\/uploads\/2023\/12\/US_Congressional_delegation_in_Kiew_Januar_2023_800x450.jpg?fit=800%2C450&ssl=1&resize=350%2C200 1x, https:\/\/i0.wp.com\/www.freidenker.org\/fw17\/wp-content\/uploads\/2023\/12\/US_Congressional_delegation_in_Kiew_Januar_2023_800x450.jpg?fit=800%2C450&ssl=1&resize=525%2C300 1.5x, https:\/\/i0.wp.com\/www.freidenker.org\/fw17\/wp-content\/uploads\/2023\/12\/US_Congressional_delegation_in_Kiew_Januar_2023_800x450.jpg?fit=800%2C450&ssl=1&resize=700%2C400 2x"},"classes":[]},{"id":22503,"url":"https:\/\/www.freidenker.org\/?p=22503","url_meta":{"origin":20794,"position":4},"title":"\u201eHirntote\u201c f\u00fchren Europa in die Katastrophe","author":"Webredaktion","date":"1. August 2025","format":false,"excerpt":"Im US-Interesse: Kapitulation und Kriegskurs der EU Kommentar von Tilo Gr\u00e4ser Trumps Zoll-Dampfwalze hat die Europ\u00e4ische Union (EU) \u00fcberrollt \u2013 weil diese zuvor bereits kapituliert hat. So hat die Zeitung Financial Times die Vorg\u00e4nge um den \u201eDeal\u201c zu den Zollschranken beschrieben, den US-Pr\u00e4sident Donald Trump und EU-Kommissionspr\u00e4sidentin Ursula von der\u2026","rel":"","context":"In &quot;Demokratie \u2013 Medien \u2013 Aufkl\u00e4rung&quot;","block_context":{"text":"Demokratie \u2013 Medien \u2013 Aufkl\u00e4rung","link":"https:\/\/www.freidenker.org\/?cat=12"},"img":{"alt_text":"","src":"https:\/\/i0.wp.com\/www.freidenker.org\/fw17\/wp-content\/uploads\/2025\/08\/ki-Raketenwerfer_800x450.jpg?fit=800%2C450&ssl=1&resize=350%2C200","width":350,"height":200,"srcset":"https:\/\/i0.wp.com\/www.freidenker.org\/fw17\/wp-content\/uploads\/2025\/08\/ki-Raketenwerfer_800x450.jpg?fit=800%2C450&ssl=1&resize=350%2C200 1x, https:\/\/i0.wp.com\/www.freidenker.org\/fw17\/wp-content\/uploads\/2025\/08\/ki-Raketenwerfer_800x450.jpg?fit=800%2C450&ssl=1&resize=525%2C300 1.5x, https:\/\/i0.wp.com\/www.freidenker.org\/fw17\/wp-content\/uploads\/2025\/08\/ki-Raketenwerfer_800x450.jpg?fit=800%2C450&ssl=1&resize=700%2C400 2x"},"classes":[]},{"id":22640,"url":"https:\/\/www.freidenker.org\/?p=22640","url_meta":{"origin":20794,"position":5},"title":"\u201eEuropa ist auf dem falschen Weg\u201c","author":"Webredaktion","date":"23. August 2025","format":false,"excerpt":"Kommentar von Tilo Gr\u00e4ser W\u00e4hrend die Pr\u00e4sidenten der USA und Russlands Frieden f\u00fcr die Ukraine suchen, wollen die westeurop\u00e4ischen F\u00fchrungen anscheinend einen solchen weiter verhindern. Die westeurop\u00e4ischen Politiker, treue Vasallen der in den USA abgew\u00e4hlten Kriegstreiber hinter Joseph Biden, wollen den Stellvertreterkrieg in dem Land gegen Russland fortsetzen \u2013 bis\u2026","rel":"","context":"In &quot;Frieden - Antifaschismus - Solidarit\u00e4t&quot;","block_context":{"text":"Frieden - Antifaschismus - Solidarit\u00e4t","link":"https:\/\/www.freidenker.org\/?cat=13"},"img":{"alt_text":"","src":"https:\/\/i0.wp.com\/www.freidenker.org\/fw17\/wp-content\/uploads\/2025\/08\/Friedrich_Merz_und_Emmanuel_Macron_54732162600_800x450.jpg?fit=800%2C450&ssl=1&resize=350%2C200","width":350,"height":200,"srcset":"https:\/\/i0.wp.com\/www.freidenker.org\/fw17\/wp-content\/uploads\/2025\/08\/Friedrich_Merz_und_Emmanuel_Macron_54732162600_800x450.jpg?fit=800%2C450&ssl=1&resize=350%2C200 1x, https:\/\/i0.wp.com\/www.freidenker.org\/fw17\/wp-content\/uploads\/2025\/08\/Friedrich_Merz_und_Emmanuel_Macron_54732162600_800x450.jpg?fit=800%2C450&ssl=1&resize=525%2C300 1.5x, https:\/\/i0.wp.com\/www.freidenker.org\/fw17\/wp-content\/uploads\/2025\/08\/Friedrich_Merz_und_Emmanuel_Macron_54732162600_800x450.jpg?fit=800%2C450&ssl=1&resize=700%2C400 2x"},"classes":[]}],"_links":{"self":[{"href":"https:\/\/www.freidenker.org\/index.php?rest_route=\/wp\/v2\/posts\/20794","targetHints":{"allow":["GET"]}}],"collection":[{"href":"https:\/\/www.freidenker.org\/index.php?rest_route=\/wp\/v2\/posts"}],"about":[{"href":"https:\/\/www.freidenker.org\/index.php?rest_route=\/wp\/v2\/types\/post"}],"author":[{"embeddable":true,"href":"https:\/\/www.freidenker.org\/index.php?rest_route=\/wp\/v2\/users\/3"}],"replies":[{"embeddable":true,"href":"https:\/\/www.freidenker.org\/index.php?rest_route=%2Fwp%2Fv2%2Fcomments&post=20794"}],"version-history":[{"count":0,"href":"https:\/\/www.freidenker.org\/index.php?rest_route=\/wp\/v2\/posts\/20794\/revisions"}],"wp:featuredmedia":[{"embeddable":true,"href":"https:\/\/www.freidenker.org\/index.php?rest_route=\/wp\/v2\/media\/20795"}],"wp:attachment":[{"href":"https:\/\/www.freidenker.org\/index.php?rest_route=%2Fwp%2Fv2%2Fmedia&parent=20794"}],"wp:term":[{"taxonomy":"category","embeddable":true,"href":"https:\/\/www.freidenker.org\/index.php?rest_route=%2Fwp%2Fv2%2Fcategories&post=20794"},{"taxonomy":"post_tag","embeddable":true,"href":"https:\/\/www.freidenker.org\/index.php?rest_route=%2Fwp%2Fv2%2Ftags&post=20794"}],"curies":[{"name":"wp","href":"https:\/\/api.w.org\/{rel}","templated":true}]}}