{"id":20650,"date":"2025-01-14T20:29:27","date_gmt":"2025-01-14T19:29:27","guid":{"rendered":"https:\/\/www.freidenker.org\/?p=20650"},"modified":"2025-02-18T02:49:03","modified_gmt":"2025-02-18T01:49:03","slug":"der-friedensvertrag-von-brest-litowsk-3-maerz-1918","status":"publish","type":"post","link":"https:\/\/www.freidenker.org\/?p=20650","title":{"rendered":"Der Friedensvertrag von Brest-Litowsk, 3. M\u00e4rz 1918"},"content":{"rendered":"<p><em>Historischer \u00dcberblick von<strong>\u00a0Wolfgang Sch\u00fcrer<\/strong><\/em><\/p>\n<h5>1. Die Ostfront am 07. November 1917<\/h5>\n<p>Die Ostfront verlief von der <strong>Ostsee<\/strong> bis zum <strong>Schwarzen Meer<\/strong>. Die <strong>Mittelm\u00e4chte<\/strong> hatten einige Teile des damaligen <strong>Russlands<\/strong> (Kongress-Polen, heutiges Litauen, S\u00fcden des heutigen Lettland) und den gr\u00f6\u00dferen Teil des damaligen <strong>Rum\u00e4niens<\/strong> besetzt<strong>. Russland<\/strong> hatte den \u00e4u\u00dfersten Nordosten des damaligen <strong>\u00d6sterreich-Ungarns<\/strong> besetzt.<\/p>\n<h5>2. Die russisch-t\u00fcrkische Front<\/h5>\n<p><strong>Russland<\/strong> hatte den \u00e4u\u00dfersten Nordosten der <strong>T\u00fcrkei<\/strong> (damals das Osmanische Reich) besetzt.<\/p>\n<h5>3. Persien (seit 1935 Iran) im Ersten Weltkrieg<\/h5>\n<p><strong>Persien <\/strong>war 1907 in eine <strong>britische<\/strong> (im S\u00fcden) und eine <strong>russische<\/strong> (im Norden) \u201e<strong>Einfluss-Zone<\/strong>\u201c aufgeteilt worden. <strong>Persien<\/strong> erkl\u00e4rte am 01. November 1914 seine <strong>Neutralit\u00e4t. <\/strong>Russische und britische Truppen k\u00e4mpften gegen t\u00fcrkische, deutsche und \u00f6sterreichisch-ungarische Truppen in <strong>Persien<\/strong>.<\/p>\n<h5>4. Der Aufruf der Sowjet-Russlands zur Beendigung des Ersten Weltkrieges<\/h5>\n<p>Am 07. November 1917 (nach dem <strong>Julianischen <\/strong>Kalender am 25. Oktober 1917) erfolgte die <strong>sozialistische Revolution<\/strong> in <strong>Russland<\/strong>. Einen Tag sp\u00e4ter forderte die <strong>Sowjet-Regierung<\/strong> die <strong>Alliierten<\/strong> und die<strong> Mittelm\u00e4chte<\/strong> auf, unverz\u00fcglich einen <strong>Waffenstillstand<\/strong> abzuschlie\u00dfen und den Ersten Weltkrieg durch einen \u201e<strong>Frieden ohne Annexionen und ohne Kontributionen<\/strong>\u201c zu beenden. Die <strong>Alliierten<\/strong> lehnten ab, die <strong>Mittelm\u00e4chte<\/strong> signalisierten Zustimmung.<\/p>\n<h5>5. Der Waffenstillstand zwischen Sowjet-Russland und den Mittelm\u00e4chten<\/h5>\n<p>Der <strong>Waffenstillstand<\/strong> wurde am 05. Dezember 1917, zun\u00e4chst provisorisch f\u00fcr 10 Tage, geschlossen, und am 15. Dezember 1917 <strong>unbefristet<\/strong> verl\u00e4ngert. Die russischen Truppen zogen aus dem <strong>neutralen Persien<\/strong> ab.<\/p>\n<h5>6. Die Friedensverhandlungen in Brest-Litowsk, ab dem 22. Dezember 1917;<\/h5>\n<p>Die 4 <strong>Mittelm\u00e4chte<\/strong> (<strong>Deutschland<\/strong>, <strong>\u00d6sterreich-Ungarn<\/strong>, <strong>T\u00fcrkei<\/strong>, <strong>Bulgarien<\/strong>) und <strong>Sowjet-Russland<\/strong> verhandelten einen <strong>Separatfrieden<\/strong> zum Ausscheiden <strong>Sowjet-Russlands<\/strong> aus dem Ersten Weltkrieg. <strong>Sowjet-Russland<\/strong> verlangte einen <strong>Friedensvertrag<\/strong> ohne <strong>Annexionen<\/strong> und ohne <strong>Kontributionen<\/strong>.<\/p>\n<h5>7. Die Unabh\u00e4ngigkeit Finnlands<\/h5>\n<p><strong>Finnland<\/strong> war seit 1809 ein <strong>autonomer <\/strong>Staat unter russischer Oberhoheit, der <strong>Zar<\/strong> war der <strong>Gro\u00dff\u00fcrst<\/strong> von Finnland. Am 06. Dezember 1917 proklamierte <strong>Finnland<\/strong> seine <strong>Unabh\u00e4ngigkeit<\/strong>. <strong>Sowjet-Russland<\/strong> anerkannte die Unabh\u00e4ngigkeit am 31. Dezember 1917.<\/p>\n<h5>8.\u00a0Kongress-Polen im Ersten Weltkrieg<\/h5>\n<p><strong>Kongress-Polen<\/strong> war 1814\/15, auf dem Wiener Kongress, geschaffen worden. Der <strong>Zar<\/strong> war der <strong>K\u00f6nig<\/strong> des Landes. Nach der russischen Volksz\u00e4hlung von 1897 hatte <strong>Kongress-Polen <\/strong>9,402 Millionen Einwohner. 99,3 % der Einwohner nannten eine der folgenden 6 Sprachen als ihre Muttersprache. Diese 6 Sprachen waren:<\/p>\n<table>\n<tbody>\n<tr>\n<td width=\"101\">Polnisch<\/td>\n<td width=\"101\">Jiddisch<\/td>\n<td width=\"101\">Deutsch<\/td>\n<td width=\"101\">Ukrainisch<\/td>\n<td width=\"101\">Litauisch<\/td>\n<td width=\"101\">Russisch<\/td>\n<\/tr>\n<tr>\n<td width=\"101\">71,9 %<\/td>\n<td width=\"101\">13,5 %<\/td>\n<td width=\"101\">4,3 %<\/td>\n<td width=\"101\">3,6 %<\/td>\n<td width=\"101\">3,2 %<\/td>\n<td width=\"101\">2,8 %<\/td>\n<\/tr>\n<\/tbody>\n<\/table>\n<p><strong>Kongress-Polen<\/strong> wurde 1915 von den Mittelm\u00e4chten besetzt. Am 05. November 1916 proklamierten <strong>Deutschland<\/strong> und <strong>\u00d6sterreich-Ungarn<\/strong> die Unabh\u00e4ngigkeit <strong>Kongress-Polens<\/strong> von <strong>Russland<\/strong>.<\/p>\n<h5>9. Litauen im Ersten Weltkrieg<\/h5>\n<p><strong>Litauen<\/strong> wurde 1915 von <strong>Deutschland<\/strong> besetzt. Am 11. Dezember 1917 proklamierte <strong>Litauen<\/strong> seine <strong>Unabh\u00e4ngigkeit<\/strong> von <strong>Russland<\/strong>.<\/p>\n<h5>10. Die Unabh\u00e4ngigkeitserkl\u00e4rung der Ukraine<\/h5>\n<p>Am 20. November 1917 bildete sich in <strong>Kiew<\/strong> eine antisowjetische nationalistische <strong>b\u00fcrgerliche Regierung<\/strong>. Am 22. Januar 1918 erkl\u00e4rte sie die <strong>Unabh\u00e4ngigkeit<\/strong> der <strong>Ukraine <\/strong>von <strong>Russland<\/strong>.<\/p>\n<h5>11. Bemerkungen zum Siedlungsraum der Ethnie der Ukrainer<\/h5>\n<p>Die ethnischen Ukrainer wohnten haupts\u00e4chlich in <strong>Russland<\/strong>. Nach der Volksz\u00e4hlung von 1897 gab es in <strong>Russland<\/strong> 22,381 Millionen ukrainische <strong>Muttersprachler<\/strong> (im Zarenreich wurde Ukrainisch \u201e<strong>Kleinrussisch<\/strong>\u201c) genannt. In <strong>\u00d6sterreich-Ungarn<\/strong> wurde Ukrainisch \u201e<strong>Ruthenisch<\/strong>\u201c genannt, beim Zensus von 1910 nannten 3,999 Millionen Menschen Ukrainisch als <strong>Hauptumgangssprache<\/strong>. Der 1917\/18 proklamierte ukrainische Staat hatte keine klaren Grenzen. Die <strong>ethnischen Ukrainer<\/strong> lebten haupts\u00e4chlich auf dem <strong>Lande<\/strong>. In den <strong>St\u00e4dten<\/strong> wohnten mehrheitlich Angeh\u00f6rige anderer Ethnien (z. B. <strong>Russen<\/strong>, <strong>Polen<\/strong>, <strong>Deutsche<\/strong>, <strong>Ungarn<\/strong>) und <strong>Juden<\/strong> mit jiddischer Muttersprache. \u00d6stlich des Dnjepr bestand auch ein gro\u00dfer Teil der Landbev\u00f6lkerung aus <strong>Russen<\/strong>. Die <strong>ukrainischen Nationalisten<\/strong> beanspruchten ein Gebiet, das deutlich <strong>gr\u00f6\u00dfe<\/strong>r war als das der Ukraine <strong>Ende 2013<\/strong>.<\/p>\n<h5>12. Der \u201eBrotfrieden\u201c der Mittelm\u00e4chte mit der Ukraine in Brest-Litowsk<\/h5>\n<p>Der <strong>separate Friedensvertrag<\/strong> wurde am 09. Februar 1918 geschlossen. Damit hatten 4 Staaten die <strong>Unabh\u00e4ngigkeit<\/strong> der <strong>Ukraine<\/strong> von <strong>Russland<\/strong> anerkannt, jedoch nicht den von den ukrainischen Nationalisten beanspruchten <strong>Siedlungsraum<\/strong>. Die <strong>Ukraine<\/strong> verpflichtete sich, bis zum 31. Juli 1918 fast 1.000.000 Tonnen <strong>Getreide<\/strong>, 50.000 Tonnen Rinder (Lebendgewicht), 400 Millionen H\u00fchnereier, au\u00dferdem Speck und Zucker, Textilfasern (Flachs, Hanf), sowie mineralische Rohstoffe (z. B. Manganerz) an <strong>Deutschland<\/strong> und <strong>\u00d6sterreich-Ungarn<\/strong> zu liefern. \u00a0(Die <strong>beiden Mittelm\u00e4chte<\/strong> schlossen au\u00dferdem ein <strong>Milit\u00e4rb\u00fcndnis<\/strong> mit der <strong>Ukraine<\/strong>.)<\/p>\n<h5>13. Die Besetzung der Ukraine durch die beiden Mittelm\u00e4chte 1918<\/h5>\n<p><strong>Sowjet-Russland<\/strong> <strong>protestierte<\/strong> am 10. Februar 1918 gegen den <strong>separaten Friedensvertrag<\/strong>, erkl\u00e4rte den <strong>Kriegszustand<\/strong> mit den 4<strong> Mittelm\u00e4chten<\/strong> f\u00fcr beendet und gab bekannt, dass es <strong>demobilisieren<\/strong> werde, <strong>ohne<\/strong> die Friedensbedingungen der 4 Mittelm\u00e4chte <strong>anzuerkennen<\/strong>. Am 18. Februar 1918 begannen 250.000 deutsche und 250.000 \u00f6sterreichisch-ungarische Soldaten mit der Besetzung der Ukraine. Am 03. M\u00e4rz 1918 unterzeichnete <strong>Sowjet-Russland<\/strong> den <strong>Friedensvertrag<\/strong>.<\/p>\n<h5>14. Die Besetzung Russisch-Transkaukasiens durch die T\u00fcrkei 1918<\/h5>\n<p>Am 26. Mai 1918 erkl\u00e4rte <strong>Georgien<\/strong> seine <strong>Unabh\u00e4ngigkeit<\/strong>, 2 Tage sp\u00e4ter folgten <strong>Armenien<\/strong> und <strong>Aserbaidschan<\/strong>. Am 04. Juni 1918, im Vertrag von <strong>Batumi<\/strong>, anerkannte die <strong>T\u00fcrkei<\/strong> die Unabh\u00e4ngigkeit dieser 3 L\u00e4nder. <strong>T\u00fcrkische Truppen<\/strong> besetzten die 3 L\u00e4nder.<\/p>\n<h5>15. Die Besetzung Georgiens durch Deutschland 1918<\/h5>\n<p>Am 28. Mai 1918 schlossen <strong>Deutschland<\/strong> und <strong>Georgien<\/strong> ein <strong>Milit\u00e4rb\u00fcndnis<\/strong>. Am 08. Juni 1918 trafen die ersten deutschen Soldaten in <strong>Georgien<\/strong> ein.<\/p>\n<h5>16. Estland im Ersten Weltkrieg<\/h5>\n<p>Das Gebiet des heutigen Estland geh\u00f6rte vor dem Ersten Weltkrieg zu <strong>Russland<\/strong>. Am 24. Februar 1918 erkl\u00e4rte <strong>Estland<\/strong> seine Unabh\u00e4ngigkeit. <strong>Deutsche<\/strong> Truppen <strong>besetzten<\/strong> das Land.<\/p>\n<h5>17. Lettland im Ersten Weltkrieg<\/h5>\n<p>Das Gebiet des heutigen Lettland geh\u00f6rte vor dem Ersten Weltkrieg zu <strong>Russland<\/strong>. Deutsche Truppen besetzen 1915 den S\u00fcden und 1918 den Norden des Landes.<\/p>\n<h5>18. Bessarabien im Ersten Weltkrieg<\/h5>\n<p><strong>Bessarabien<\/strong> liegt zwischen den Fl\u00fcssen Pruth (im Westen) und Dnjestr (im Osten), die beide in das <strong>Schwarze Meer<\/strong> m\u00fcnden. Es geh\u00f6rte vor dem Ersten Weltkrieg zu <strong>Russland<\/strong>. Der russische Zensus von 1897 (1,935 Millionen Einwohner) ergab folgende Verteilung der <strong>Muttersprachler<\/strong>:<\/p>\n<table>\n<tbody>\n<tr>\n<td width=\"101\">Rum\u00e4nisch<\/td>\n<td width=\"101\">Ukrainisch<\/td>\n<td width=\"101\">Jiddisch<\/td>\n<td width=\"101\">Russisch<\/td>\n<td width=\"101\">Bulgarisch<\/td>\n<td width=\"101\">Deutsch<\/td>\n<\/tr>\n<tr>\n<td width=\"101\">47,6 %<\/td>\n<td width=\"101\">19,6 %<\/td>\n<td width=\"101\">11,8 %<\/td>\n<td width=\"101\">8,0 %<\/td>\n<td width=\"101\">5,3 %<\/td>\n<td width=\"101\">3,1 %<\/td>\n<\/tr>\n<\/tbody>\n<\/table>\n<p>4,6 % nannten andere Sprachen.<\/p>\n<h5>19. Die Annexion Bessarabiens durch Rum\u00e4nien 1918<\/h5>\n<p>Am 09. Dezember 1917 schloss <strong>Rum\u00e4nien<\/strong> einen <strong>Waffenstillstand<\/strong> mit den <strong>4 Mittelm\u00e4chten<\/strong>, der auch f\u00fcr die russischen Truppen im Land galt. Am 05. M\u00e4rz 1918 schlossen <strong>Deutschland<\/strong> und <strong>Rum\u00e4nien<\/strong> einen <strong>Geheimvertrag<\/strong>, der <strong>Deutschlands Zustimmung<\/strong> zur Annexion <strong>Bessarabiens<\/strong> beinhaltete. <strong>Rum\u00e4nien<\/strong> gew\u00e4hrte den Mittelm\u00e4chten freien Durchzug in die <strong>Ukraine<\/strong>. Am 09. April 1918 wurde <strong>Bessarabien<\/strong> von <strong>Rum\u00e4nien<\/strong> annektiert.<\/p>\n<h5>20. Wei\u00dfrussland im Ersten Weltkrieg<\/h5>\n<p><strong>Deutschland<\/strong> besetzte 1915 kleine Teile und 1918 <strong>Wei\u00dfrussland westlich<\/strong> des <strong>Dnepr<\/strong>. Nach dem <strong>Inkrafttreten<\/strong> des<strong> Friedensvertrages<\/strong> von <strong>Brest-Litowsk<\/strong>, am 15. M\u00e4rz 1918, <strong>r\u00e4umten<\/strong> die deutschen Truppen das gesamte <strong>Wei\u00dfrussland<\/strong>.<\/p>\n<h5>21. Das Originaldokument des Friedensvertrages von Brest-Litowsk<\/h5>\n<p>Es besteht aus einer Einleitung (mit den Namen der Bevollm\u00e4chtigten aus <strong>Deutschland<\/strong>, <strong>\u00d6sterreich-Ungarn<\/strong>,<strong> Bulgarien<\/strong>, der <strong>T\u00fcrkei<\/strong> und <strong>Sowjet-Russland<\/strong>) und <strong>14 Artikeln<\/strong>, und wurde in 5 gleicherma\u00dfen rechtsg\u00fcltigen Sprachen (<strong>Deutsch<\/strong>, <strong>Ungarisch<\/strong>, <strong>Bulgarisch<\/strong>,<strong> Osmanisches T\u00fcrkisch<\/strong>, <strong>Russisch<\/strong>) verfasst.<\/p>\n<p>(1) Der Krieg ist beendet.<\/p>\n<p>(2) Die gegenseitige Kriegspropaganda wird beendet.<\/p>\n<p>(3) Russland verzichtet auf jedweden Anspruch auf die Gebiete, die westlich der bereits besetzten Linie liegen. Der zuk\u00fcnftige Status dieser Gebiete wird von Deutschland und \u00d6sterreich-Ungarn bestimmt werden.<\/p>\n<p>(4) Deutschland wird solange weitere Gebiete \u00f6stlich dieser Linie besetzen, bis dass Russland seine Truppen demobilisiert haben werde. Russland wird die Gebiete in Transkaukasien, die es 1878 erhalten hatte, an die T\u00fcrkei zur\u00fcckgeben.<\/p>\n<p>(5) Russland muss alle Kriegsschiffe der Alliierten aus seinen Gew\u00e4ssern entfernen. Russland muss seine Minen in der Ostsee und dem Schwarzen Meer beseitigen.<\/p>\n<p>(6) Russland muss seinen Kampf gegen die Ukraine einstellen. Russland muss sich vollst\u00e4ndig aus dem Norden von Lettland, aus Estland, und aus Finnland zur\u00fcckziehen.<\/p>\n<p>(7) Russland muss die Unabh\u00e4ngigkeit Persiens und Afghanistans anerkennen.<\/p>\n<p>(8) Beide Seiten m\u00fcssen die Kriegsgefangenen repatriieren.<\/p>\n<p>(9) Beide Seiten verzichten auf Reparationen.<\/p>\n<p>(10) Die diplomatischen Beziehungen werden wiederhergestellt.<\/p>\n<p>(11) Die \u00f6konomischen Beziehungen werden in Anh\u00e4ngen zum Vertrag geregelt.<\/p>\n<p>(12) Alle sonstigen Beziehungen werden in k\u00fcnftigen Vertr\u00e4gen ausgehandelt.<\/p>\n<p>(13) Zur Interpretation sind folgende Sprachen g\u00fcltig:<\/p>\n<p style=\"padding-left: 40px;\">Russland und Deutschland: Russisch + Deutsch<br \/>\nRussland und \u00d6sterreich-Ungarn: Russisch + Deutsch + Ungarisch<br \/>\nRussland und Bulgarien: Russisch + Bulgarisch<br \/>\nRussland und T\u00fcrkei: Russisch + (Osmanisches) T\u00fcrkisch<\/p>\n<p>(14) Die Ratifikation wird, in Berlin, innerhalb von 14 Tagen, vollzogen.<\/p>\n<h5>22. Die Annullierung des Friedensvertrages von Brest-Litowsk<\/h5>\n<p>Die <strong>4 Mittelm\u00e4chte<\/strong> kapitulierten im Herbst 1918 vor den <strong>Alliierten.<\/strong> Am 13. November 1918 annullierte <strong>Sowjet-Russland<\/strong> den Friedensvertrag von Brest-Litowsk.<\/p>\n<p style=\"text-align: right;\"><em>Wolfgang Sch\u00fcrer ist Vorsitzender des Kreisverbandes Offenbach a. M. der Freidenker<\/em><\/p>\n<hr \/>\n<p><span style=\"font-size: 10pt;\">Bild oben: <span class=\"mw-mmv-title\">Deutsche Offiziere begr\u00fc\u00dfen die sowjetische Delegation auf dem Bahnhof von Brest-Litowsk (7. Januar 1918)<\/span><\/span><br \/>\n<span style=\"font-size: 10pt;\">Foto: Autor unbekannt, Gemeinfrei<\/span><br \/>\n<span style=\"font-size: 10pt;\">Quelle: <a href=\"https:\/\/commons.wikimedia.org\/w\/index.php?curid=11771461\" target=\"_blank\" rel=\"noopener\">https:\/\/commons.wikimedia.org\/w\/index.php?curid=11771461<\/a><\/span><\/p>\n","protected":false},"excerpt":{"rendered":"<p><b>Historischer \u00dcberblick von\u00a0Wolfgang Sch\u00fcrer<\/b><br \/>\nDie Ostfront verlief von der Ostsee bis zum Schwarzen Meer. Die Mittelm\u00e4chte hatten einige Teile des damaligen Russlands (Kongress-Polen, heutiges Litauen, S\u00fcden des heutigen Lettland) und den gr\u00f6\u00dferen Teil des damaligen Rum\u00e4niens besetzt. Russland hatte den \u00e4u\u00dfersten Nordosten des damaligen \u00d6sterreich-Ungarns besetzt. \u00a0[&#8230;] Am 07. November 1917 (nach dem Julianischen Kalender am 25. Oktober 1917) erfolgte die sozialistische Revolution in Russland. Einen Tag sp\u00e4ter forderte die Sowjet-Regierung die Alliierten und die Mittelm\u00e4chte auf, unverz\u00fcglich einen Waffenstillstand abzuschlie\u00dfen und den Ersten Weltkrieg durch einen \u201eFrieden ohne Annexionen und ohne Kontributionen\u201c zu beenden. Die Alliierten lehnten ab, die Mittelm\u00e4chte signalisierten Zustimmung.<\/p>\n","protected":false},"author":3,"featured_media":20651,"comment_status":"closed","ping_status":"closed","sticky":false,"template":"","format":"standard","meta":{"colormag_page_container_layout":"default_layout","colormag_page_sidebar_layout":"default_layout","advanced_seo_description":"","jetpack_seo_html_title":"","jetpack_seo_noindex":false,"jetpack_post_was_ever_published":false,"footnotes":""},"categories":[1162],"tags":[473,452,2468,1521,2470,2168,1311,222,2469,1111,1715,1732],"class_list":["post-20650","post","type-post","status-publish","format-standard","has-post-thumbnail","hentry","category-geschichte","tag-1-weltkrieg","tag-deutschland","tag-finnland","tag-friedensvertrag","tag-mittelmaechte","tag-oesterreich-ungarn","tag-polen","tag-russland","tag-separatfrieden","tag-ukraine","tag-verhandlungen","tag-waffenstillstand"],"jetpack_featured_media_url":"https:\/\/i0.wp.com\/www.freidenker.org\/fw17\/wp-content\/uploads\/2025\/01\/Lev_Kamenev_arrives_at_Brest-Litovsk_800x450.jpg?fit=800%2C450&ssl=1","jetpack_shortlink":"https:\/\/wp.me\/p9stpK-5n4","jetpack-related-posts":[{"id":20850,"url":"https:\/\/www.freidenker.org\/?p=20850","url_meta":{"origin":20650,"position":0},"title":"Die milit\u00e4rische Intervention der Alliierten gegen Sowjetrussland 1918-1922","author":"Webredaktion","date":"31. Januar 2025","format":false,"excerpt":"Historischer \u00dcberblick von\u00a0Wolfgang Sch\u00fcrer Am 07. November 1917 (am 25. Oktober 1917 nach dem Julianischen Kalender) erfolgte die sozialistische Revolution in Russland. Am 05. Dezember 1917 schloss Sowjetrussland einen provisorischen, 10 Tage sp\u00e4ter einen unbefristeten Waffenstillstand mit den 4 Mittelm\u00e4chten (Deutschland, \u00d6sterreich-Ungarn, T\u00fcrkei, Bulgarien). Am 03. M\u00e4rz 1918 unterzeichnete Sowjetrussland\u2026","rel":"","context":"In &quot;Geschichte&quot;","block_context":{"text":"Geschichte","link":"https:\/\/www.freidenker.org\/?cat=1162"},"img":{"alt_text":"","src":"https:\/\/i0.wp.com\/www.freidenker.org\/fw17\/wp-content\/uploads\/2025\/01\/Wolfhounds_on_parade_in_Vladavostock_August_1918_800x450.jpg?fit=800%2C450&ssl=1&resize=350%2C200","width":350,"height":200,"srcset":"https:\/\/i0.wp.com\/www.freidenker.org\/fw17\/wp-content\/uploads\/2025\/01\/Wolfhounds_on_parade_in_Vladavostock_August_1918_800x450.jpg?fit=800%2C450&ssl=1&resize=350%2C200 1x, https:\/\/i0.wp.com\/www.freidenker.org\/fw17\/wp-content\/uploads\/2025\/01\/Wolfhounds_on_parade_in_Vladavostock_August_1918_800x450.jpg?fit=800%2C450&ssl=1&resize=525%2C300 1.5x, https:\/\/i0.wp.com\/www.freidenker.org\/fw17\/wp-content\/uploads\/2025\/01\/Wolfhounds_on_parade_in_Vladavostock_August_1918_800x450.jpg?fit=800%2C450&ssl=1&resize=700%2C400 2x"},"classes":[]},{"id":20258,"url":"https:\/\/www.freidenker.org\/?p=20258","url_meta":{"origin":20650,"position":1},"title":"Europas Weg in den Ersten Weltkrieg","author":"Webredaktion","date":"10. November 2024","format":false,"excerpt":"Historischer \u00dcberblick von\u00a0Wolfgang Sch\u00fcrer Die 22 Staaten in Europa 1914: 6 Staaten waren Gro\u00dfm\u00e4chte: Das Vereinigtes K\u00f6nigreich (mit dem Empire), Deutschland (mit Kolonien), Russland (Vielv\u00f6lkerstaat), Frankreich (mit Kolonien), \u00d6sterreich-Ungarn (Vielv\u00f6lkerstaat), Italien (mit Kolonien). Die T\u00fcrkei (damals das Osmanische Reich, ein Vielv\u00f6lkerstaat) und Spanien waren ehemalige Gro\u00dfm\u00e4chte. Die Niederlande, Belgien und\u2026","rel":"","context":"In &quot;Geschichte&quot;","block_context":{"text":"Geschichte","link":"https:\/\/www.freidenker.org\/?cat=1162"},"img":{"alt_text":"","src":"https:\/\/i0.wp.com\/www.freidenker.org\/fw17\/wp-content\/uploads\/2024\/11\/Der_Weltkrieg__Zigarettenalbum_6_800x450.jpg?fit=800%2C450&ssl=1&resize=350%2C200","width":350,"height":200,"srcset":"https:\/\/i0.wp.com\/www.freidenker.org\/fw17\/wp-content\/uploads\/2024\/11\/Der_Weltkrieg__Zigarettenalbum_6_800x450.jpg?fit=800%2C450&ssl=1&resize=350%2C200 1x, https:\/\/i0.wp.com\/www.freidenker.org\/fw17\/wp-content\/uploads\/2024\/11\/Der_Weltkrieg__Zigarettenalbum_6_800x450.jpg?fit=800%2C450&ssl=1&resize=525%2C300 1.5x, https:\/\/i0.wp.com\/www.freidenker.org\/fw17\/wp-content\/uploads\/2024\/11\/Der_Weltkrieg__Zigarettenalbum_6_800x450.jpg?fit=800%2C450&ssl=1&resize=700%2C400 2x"},"classes":[]},{"id":20507,"url":"https:\/\/www.freidenker.org\/?p=20507","url_meta":{"origin":20650,"position":2},"title":"Der Versailler Vertrag","author":"Webredaktion","date":"10. Dezember 2024","format":false,"excerpt":"Historischer \u00dcberblick von\u00a0Wolfgang Sch\u00fcrer Die Pariser Friedenskonferenz: 18. Januar 1919 bis 21. Januar 1920; 32 Staaten handelten die Friedensvertr\u00e4ge mit den 5 besiegten Mittelm\u00e4chten aus: 3 europ\u00e4ische (Vereinigtes K\u00f6nigreich, Frankreich, Italien) und 2 au\u00dfereurop\u00e4ische Gro\u00dfm\u00e4chte (Vereinigte Staaten, Japan); 7 sonstige europ\u00e4ische Staaten (Polen, Tschechoslowakei, JugoslawienA, Rum\u00e4nien, Griechenland, Belgien, Portugal); 5\u2026","rel":"","context":"In &quot;Geschichte&quot;","block_context":{"text":"Geschichte","link":"https:\/\/www.freidenker.org\/?cat=1162"},"img":{"alt_text":"","src":"https:\/\/i0.wp.com\/www.freidenker.org\/fw17\/wp-content\/uploads\/2024\/12\/Bundesarchiv_Bild_183-R01213_Versailles_deutsche_Verhandlungdelegation_800x450.jpg?fit=800%2C450&ssl=1&resize=350%2C200","width":350,"height":200,"srcset":"https:\/\/i0.wp.com\/www.freidenker.org\/fw17\/wp-content\/uploads\/2024\/12\/Bundesarchiv_Bild_183-R01213_Versailles_deutsche_Verhandlungdelegation_800x450.jpg?fit=800%2C450&ssl=1&resize=350%2C200 1x, https:\/\/i0.wp.com\/www.freidenker.org\/fw17\/wp-content\/uploads\/2024\/12\/Bundesarchiv_Bild_183-R01213_Versailles_deutsche_Verhandlungdelegation_800x450.jpg?fit=800%2C450&ssl=1&resize=525%2C300 1.5x, https:\/\/i0.wp.com\/www.freidenker.org\/fw17\/wp-content\/uploads\/2024\/12\/Bundesarchiv_Bild_183-R01213_Versailles_deutsche_Verhandlungdelegation_800x450.jpg?fit=800%2C450&ssl=1&resize=700%2C400 2x"},"classes":[]},{"id":12801,"url":"https:\/\/www.freidenker.org\/?p=12801","url_meta":{"origin":20650,"position":3},"title":"Symbolischer Jahrestag: 100 Jahre Rapallo","author":"Webredaktion","date":"16. April 2022","format":false,"excerpt":"Beitrag von Wolfgang Sch\u00fcrer W\u00e4hrend der Weltwirtschaftskonferenz von Genua (10. April bis 19. Mai 1922) schlossen und ver\u00f6ffentlichten Deutschland und Sowjetrussland am 16. April 1922 in Rapallo (der Ort liegt s\u00fcd\u00f6stlich von Genua;) einen Vertrag, der die Wiederaufnahme der diplomatischen Beziehungen bestimmte und alle gegenseitigen Anspr\u00fcche aus der Zeit des\u2026","rel":"","context":"In &quot;Geschichte&quot;","block_context":{"text":"Geschichte","link":"https:\/\/www.freidenker.org\/?cat=1162"},"img":{"alt_text":"","src":"https:\/\/i0.wp.com\/www.freidenker.org\/fw17\/wp-content\/uploads\/2022\/04\/Bundesarchiv_Bild_183-R14433_Vertrag_von_Rapallo_800x450.jpg?fit=800%2C450&ssl=1&resize=350%2C200","width":350,"height":200,"srcset":"https:\/\/i0.wp.com\/www.freidenker.org\/fw17\/wp-content\/uploads\/2022\/04\/Bundesarchiv_Bild_183-R14433_Vertrag_von_Rapallo_800x450.jpg?fit=800%2C450&ssl=1&resize=350%2C200 1x, https:\/\/i0.wp.com\/www.freidenker.org\/fw17\/wp-content\/uploads\/2022\/04\/Bundesarchiv_Bild_183-R14433_Vertrag_von_Rapallo_800x450.jpg?fit=800%2C450&ssl=1&resize=525%2C300 1.5x, https:\/\/i0.wp.com\/www.freidenker.org\/fw17\/wp-content\/uploads\/2022\/04\/Bundesarchiv_Bild_183-R14433_Vertrag_von_Rapallo_800x450.jpg?fit=800%2C450&ssl=1&resize=700%2C400 2x"},"classes":[]},{"id":17386,"url":"https:\/\/www.freidenker.org\/?p=17386","url_meta":{"origin":20650,"position":4},"title":"Das Komplott von M\u00fcnchen 1938","author":"Webredaktion","date":"31. Oktober 2023","format":false,"excerpt":"K\u00fcrzlich j\u00e4hrte sich die Unterzeichnung des M\u00fcnchner Abkommens zum 85. Mal. Aus diesem Anlass hat Wolfgang Sch\u00fcrer Daten und Fakten zusammengetragen, die den historischen Kontext dieses Ereignisses beleuchten. ... Tschechen und Slowaken sind 2 Ethnien. Es gab jedoch keine separate Erfassung, beide wurden als das Staatsvolk der \u201eTschechoslowaken\u201c ausgewiesen. Die\u2026","rel":"","context":"In &quot;Geschichte&quot;","block_context":{"text":"Geschichte","link":"https:\/\/www.freidenker.org\/?cat=1162"},"img":{"alt_text":"","src":"https:\/\/i0.wp.com\/www.freidenker.org\/fw17\/wp-content\/uploads\/2023\/10\/Bundesarchiv_Bild_183-R69173_Muenchener_Abkommen_Staatschefs_800x450.jpg?fit=800%2C450&ssl=1&resize=350%2C200","width":350,"height":200,"srcset":"https:\/\/i0.wp.com\/www.freidenker.org\/fw17\/wp-content\/uploads\/2023\/10\/Bundesarchiv_Bild_183-R69173_Muenchener_Abkommen_Staatschefs_800x450.jpg?fit=800%2C450&ssl=1&resize=350%2C200 1x, https:\/\/i0.wp.com\/www.freidenker.org\/fw17\/wp-content\/uploads\/2023\/10\/Bundesarchiv_Bild_183-R69173_Muenchener_Abkommen_Staatschefs_800x450.jpg?fit=800%2C450&ssl=1&resize=525%2C300 1.5x, https:\/\/i0.wp.com\/www.freidenker.org\/fw17\/wp-content\/uploads\/2023\/10\/Bundesarchiv_Bild_183-R69173_Muenchener_Abkommen_Staatschefs_800x450.jpg?fit=800%2C450&ssl=1&resize=700%2C400 2x"},"classes":[]},{"id":8547,"url":"https:\/\/www.freidenker.org\/?p=8547","url_meta":{"origin":20650,"position":5},"title":"Wei\u00dfrussland \u2013 eine Einsch\u00e4tzung des Umgangs mit diesem Land","author":"Webredaktion","date":"20. August 2020","format":false,"excerpt":"Beitrag von Willy Wimmer Der fr\u00fchere CDU-Politiker hatte am 2. Mai 2000 einen Brief an den damaligen Bundeskanzler Gerhard Schr\u00f6der (SPD) geschrieben und darin von einer Konferenz berichtet, die von zwei US-amerikanischen Organisationen in der slowakischen Hauptstadt Bratislava ausgerichtet worden war. Was dort beraten und von US-amerikanischer Seite als Planung\u2026","rel":"","context":"In &quot;Frieden - Antifaschismus - Solidarit\u00e4t&quot;","block_context":{"text":"Frieden - Antifaschismus - Solidarit\u00e4t","link":"https:\/\/www.freidenker.org\/?cat=13"},"img":{"alt_text":"","src":"https:\/\/i0.wp.com\/www.freidenker.org\/fw17\/wp-content\/uploads\/2020\/08\/belarus_pexels-artem-podrez-5119453.jpg?fit=1200%2C800&ssl=1&resize=350%2C200","width":350,"height":200,"srcset":"https:\/\/i0.wp.com\/www.freidenker.org\/fw17\/wp-content\/uploads\/2020\/08\/belarus_pexels-artem-podrez-5119453.jpg?fit=1200%2C800&ssl=1&resize=350%2C200 1x, https:\/\/i0.wp.com\/www.freidenker.org\/fw17\/wp-content\/uploads\/2020\/08\/belarus_pexels-artem-podrez-5119453.jpg?fit=1200%2C800&ssl=1&resize=525%2C300 1.5x, https:\/\/i0.wp.com\/www.freidenker.org\/fw17\/wp-content\/uploads\/2020\/08\/belarus_pexels-artem-podrez-5119453.jpg?fit=1200%2C800&ssl=1&resize=700%2C400 2x, https:\/\/i0.wp.com\/www.freidenker.org\/fw17\/wp-content\/uploads\/2020\/08\/belarus_pexels-artem-podrez-5119453.jpg?fit=1200%2C800&ssl=1&resize=1050%2C600 3x"},"classes":[]}],"_links":{"self":[{"href":"https:\/\/www.freidenker.org\/index.php?rest_route=\/wp\/v2\/posts\/20650","targetHints":{"allow":["GET"]}}],"collection":[{"href":"https:\/\/www.freidenker.org\/index.php?rest_route=\/wp\/v2\/posts"}],"about":[{"href":"https:\/\/www.freidenker.org\/index.php?rest_route=\/wp\/v2\/types\/post"}],"author":[{"embeddable":true,"href":"https:\/\/www.freidenker.org\/index.php?rest_route=\/wp\/v2\/users\/3"}],"replies":[{"embeddable":true,"href":"https:\/\/www.freidenker.org\/index.php?rest_route=%2Fwp%2Fv2%2Fcomments&post=20650"}],"version-history":[{"count":0,"href":"https:\/\/www.freidenker.org\/index.php?rest_route=\/wp\/v2\/posts\/20650\/revisions"}],"wp:featuredmedia":[{"embeddable":true,"href":"https:\/\/www.freidenker.org\/index.php?rest_route=\/wp\/v2\/media\/20651"}],"wp:attachment":[{"href":"https:\/\/www.freidenker.org\/index.php?rest_route=%2Fwp%2Fv2%2Fmedia&parent=20650"}],"wp:term":[{"taxonomy":"category","embeddable":true,"href":"https:\/\/www.freidenker.org\/index.php?rest_route=%2Fwp%2Fv2%2Fcategories&post=20650"},{"taxonomy":"post_tag","embeddable":true,"href":"https:\/\/www.freidenker.org\/index.php?rest_route=%2Fwp%2Fv2%2Ftags&post=20650"}],"curies":[{"name":"wp","href":"https:\/\/api.w.org\/{rel}","templated":true}]}}