{"id":20518,"date":"2024-12-13T01:21:22","date_gmt":"2024-12-13T00:21:22","guid":{"rendered":"https:\/\/www.freidenker.org\/?p=20518"},"modified":"2025-01-15T22:20:52","modified_gmt":"2025-01-15T21:20:52","slug":"wahleinmischung-der-eu-in-rumaenien-demokratie-als-bruesseler-farce","status":"publish","type":"post","link":"https:\/\/www.freidenker.org\/?p=20518","title":{"rendered":"Wahleinmischung der EU in Rum\u00e4nien: Demokratie als Br\u00fcsseler Farce"},"content":{"rendered":"<p><strong>Das Oberste Gericht Rum\u00e4niens hat die Wahlen annulliert. Russland soll sich zugunsten eines NATO-kritischen Kandidaten eingemischt haben. Nur fehlt in der Begr\u00fcndung jeder Bezug zu Russland. Es ist ein Gef\u00e4lligkeitsurteil f\u00fcr Br\u00fcssel. Dort h\u00e4lt man von demokratischen Wahlen nichts. <\/strong><\/p>\n<p><em>Von <strong>Gert Ewen Ungar<\/strong><\/em><\/p>\n<p><span style=\"font-size: 10pt;\">Erstver\u00f6ffentlichung am 07.12.2024 auf <a href=\"https:\/\/freedert.online\/meinung\/228674-wahleinmischung-eu-in-rumaenien-demokratie\/\" target=\"_blank\" rel=\"noopener\">RT DE<\/a><\/span><\/p>\n<p>Die Annullierung der ersten Runde der rum\u00e4nischen Pr\u00e4sidentschaftswahl durch das Oberste Gericht hat mehr als nur einen Beigeschmack. Sie ist der offenkundige Versuch, Wahlergebnisse, die den Pl\u00e4nen der Br\u00fcsseler Technokratie zuwiderlaufen, zu \u00e4ndern. Dass die Entscheidung des rum\u00e4nischen Obersten Gerichts unabh\u00e4ngig und objektiv gef\u00e4llt wurde, kann aus gutem Grund bezweifelt werden.<\/p>\n<p>Nicht nur der Gewinner der ersten Runde der Pr\u00e4sidentschaftswahl, C\u0103lin Georgescu, kritisiert die Entscheidung scharf. Auch seine Herausforderin h\u00e4lt sich mit Kritik nicht zur\u00fcck. Sie spricht von einem schweren Schlag gegen die Demokratie.<\/p>\n<p>Tats\u00e4chlich zeigt Br\u00fcssel in diesen Tagen ganz offen, was es von Demokratie, Wahlen und staatlicher Souver\u00e4nit\u00e4t h\u00e4lt: nichts. In Georgien gibt es wenig Anlass zu der Annahme, die Wahlen seien gef\u00e4lscht. Die Partei Georgischer Traum hat die Wahl aus guten Gr\u00fcnden gewonnen, denn sie f\u00e4hrt einen wirtschaftspolitisch erfolgreichen Kurs. Die Partei versucht, das Land in seinem eigenen Interesse ausgewogen zwischen der EU, Russland und China zu positionieren. Russland und China haben dagegen nichts einzuwenden, die EU hingegen schon.<\/p>\n<p>Das macht deutlich, wo die Autokraten wirklich sitzen. Die EU fordert die Umsetzung der antirussischen Sanktionen und die Unterordnung georgischer Interessen unter die Vorgaben aus Br\u00fcssel. Diese stellen einen klaren Nachteil f\u00fcr Georgien dar. China und Russland stellen an Georgien keine Forderungen, sondern machen Angebote zur Kooperation. Welches Modell attraktiver ist, liegt auf der Hand.<\/p>\n<p>Obwohl das Wahlergebnis in Georgien rational erkl\u00e4rbar ist und es keine konkreten Hinweise auf Manipulation gibt,\u00a0will die EU eine Wiederholung der Wahl erzwingen. Sie unterst\u00fctzt ganz offen die gewaltt\u00e4tigen Proteste einer Minderheit. Die Bilder von randalierenden Demonstranten sollen den Eindruck erwecken, dass die Mehrheit der Georgier gegen die Regierung opponiert. \u00dcber das, was eine Mehrheit will, wird allerdings nicht mit Molotow-Cocktails und Feuerwerksk\u00f6rpern, sondern in freien, gleichen und geheimen Wahlen entschieden. Die Demokratieschwurbler in der EU haben diesen Grundsatz schlicht vergessen.<\/p>\n<p>Keine Zweifel hatte Br\u00fcssel dagegen am Wahlergebnis in Moldawien, obwohl es dort nachweislich zu Manipulationen kam. Die in Russland lebende Diaspora wurde systematisch benachteiligt. Da das Ergebnis allerdings mit den Interessen Br\u00fcssels \u00fcbereinstimmte, wurde es nicht infrage gestellt. Die EU feierte Moldawien, vor allem aber sich selbst.<\/p>\n<p>Mit Rum\u00e4nien betrifft die Br\u00fcsseler Demokratie-Farce nun ein EU-Land direkt. In einem Akt der Einmischung hat Br\u00fcssel Zwangsma\u00dfnahmen gegen die Videoplattform <em>TikTok<\/em> verh\u00e4ngt. Eigenm\u00e4chtig wohlgemerkt. Es gab keine Anfrage oder gar Bitte um Unterst\u00fctzung vonseiten Rum\u00e4niens. Die EU f\u00fchlt sich zur Einmischung berechtigt. Die formale Grundlage daf\u00fcr bildet der Digital Services Act, der die Regulierung und Kontrolle von Internetplattformen an Br\u00fcssel \u00fcbertr\u00e4gt.<\/p>\n<p>Die EU behauptet, Russland h\u00e4tte sich zugunsten des NATO-kritischen Kandidaten C\u0103lin Georgescu in die Wahlen eingemischt. Georgescu lehnt zudem eine weitere Unterst\u00fctzung der Ukraine ab. Im Vorfeld galt er als Au\u00dfenseiter, konnte aber die erste Wahlrunde f\u00fcr sich entscheiden. Der Kurs Br\u00fcssels im Ukraine-Konflikt k\u00e4me f\u00fcr den Fall seiner Pr\u00e4sidentschaft weiter unter Druck. Die Entscheidung f\u00fcr Georgescu zeigt zudem, wie unbeliebt der Br\u00fcsseler Kriegskurs unter den rum\u00e4nischen W\u00e4hlern ist.<\/p>\n<p>Das rum\u00e4nische Oberste Gericht schloss sich nun dem Verdacht der EU an. Dabei handelte es sich offensichtlich um ein Gef\u00e4lligkeitsurteil, denn in der Begr\u00fcndung zur Annullierung der Wahlen findet sich kein einziger Hinweis auf russische Einflussnahme. Von allen Parteien wurden in den sozialen Netzwerken Kampagnen geschaltet, das ist richtig und ganz normal. Trotzdem entschied das Gericht, die Wahl m\u00fcsse wiederholt werden.<\/p>\n<blockquote class=\"twitter-tweet\" data-width=\"550\" data-dnt=\"true\">\n<p lang=\"en\" dir=\"ltr\">Ok, I had a detailed look at the declassified Romanian intelligence documents (<a href=\"https:\/\/t.co\/rgjfmbQ4xx\">https:\/\/t.co\/rgjfmbQ4xx<\/a>) on the basis of which the election results were cancelled and the craziest part of all this is that they actually don&#39;t prove foreign interference or manipulation.<\/p>\n<p>What do\u2026 <a href=\"https:\/\/t.co\/1rQ9JlBVa7\">pic.twitter.com\/1rQ9JlBVa7<\/a><\/p>\n<p>&mdash; Arnaud Bertrand (@RnaudBertrand) <a href=\"https:\/\/twitter.com\/RnaudBertrand\/status\/1865246209339986002?ref_src=twsrc%5Etfw\">December 7, 2024<\/a><\/p><\/blockquote>\n<p><script async src=\"https:\/\/platform.twitter.com\/widgets.js\" charset=\"utf-8\"><\/script><\/p>\n<p>Nicht nur der Sieger des ersten Wahldurchgangs, sondern auch die unterlegene Elena Lasconi kritisieren das Oberste Gericht scharf. Es sei ein Schlag gegen die Demokratie, kritisierte Lasconi und hat damit nat\u00fcrlich vollkommen recht. In der EU verkommt die Demokratie zur blo\u00dfen Dekoration, deren Wert vor allem dann hochgehalten wird, wenn sie den Br\u00fcsseler Machtinteressen dient. Ansonsten wird sie systematisch ausgeh\u00f6hlt und untergraben.<\/p>\n<p>Das Br\u00fcsseler Exempel an Rum\u00e4nien und am rum\u00e4nischen W\u00e4hler sollten auch die deutschen W\u00e4hler aufmerksam zur Kenntnis nehmen. Demn\u00e4chst ist Bundestagswahl. Sollte dort am Ende ein Ergebnis stehen, das der EU-Kommission nicht passt, ist auch in Deutschland mit &#8222;Einmischungen&#8220; zu rechnen. Das Argument, russische Einmischung sei f\u00fcr ein unerw\u00fcnschtes Wahlergebnis verantwortlich, zieht n\u00e4mlich immer. Weil sich mit diesem Argument aber die Intervention Br\u00fcssels in jedem Fall legitimieren l\u00e4sst, ist die Demokratie in den EU-Staaten faktisch tot. Br\u00fcssel hat die Macht ergriffen.<\/p>\n<p style=\"text-align: right;\"><em>Gert-Ewen Ungar studierte Philosophie und Germanistik und schreibt regelm\u00e4\u00dfig f\u00fcr die <a href=\"https:\/\/www.neulandrebellen.de\/\" target=\"_blank\" rel=\"noopener\">Neulandrebellen<\/a><\/em><\/p>\n<hr \/>\n<p><span style=\"font-size: 10pt;\">Bild oben: Karte mit den Ergebnissen der ersten Runde der Pr\u00e4sidentschaftswahlen 2024 in Rum\u00e4nien<\/span><br \/>\n<span style=\"font-size: 10pt;\">Grafik: Cdrei, <a href=\"https:\/\/creativecommons.org\/licenses\/by\/4.0\" target=\"_blank\" rel=\"noopener\">CC BY 4.0<\/a><\/span><br \/>\n<span style=\"font-size: 10pt;\">Quelle: <a href=\"https:\/\/commons.wikimedia.org\/w\/index.php?curid=155722825\" target=\"_blank\" rel=\"noopener\">https:\/\/commons.wikimedia.org\/w\/index.php?curid=155722825<\/a><\/span><\/p>\n<p>&nbsp;<\/p>\n","protected":false},"excerpt":{"rendered":"<p><b>Beitrag von Gert Ewen Ungar<\/b><br \/>\nDie Annullierung der ersten Runde der rum\u00e4nischen Pr\u00e4sidentschaftswahl durch das Oberste Gericht hat mehr als nur einen Beigeschmack. Sie ist der offenkundige Versuch, Wahlergebnisse, die den Pl\u00e4nen der Br\u00fcsseler Technokratie zuwiderlaufen, zu \u00e4ndern. Dass die Entscheidung des rum\u00e4nischen Obersten Gerichts unabh\u00e4ngig und objektiv gef\u00e4llt wurde, kann aus gutem Grund bezweifelt werden. Nicht nur der Gewinner der ersten Runde der Pr\u00e4sidentschaftswahl, C\u0103lin Georgescu, kritisiert die Entscheidung scharf. Auch seine Herausforderin h\u00e4lt sich mit Kritik nicht zur\u00fcck. Sie spricht von einem schweren Schlag gegen die Demokratie.\u00a0Tats\u00e4chlich zeigt Br\u00fcssel in diesen Tagen ganz offen, was es von Demokratie, Wahlen und staatlicher Souver\u00e4nit\u00e4t h\u00e4lt: nichts.<\/p>\n","protected":false},"author":3,"featured_media":20519,"comment_status":"closed","ping_status":"closed","sticky":false,"template":"","format":"standard","meta":{"colormag_page_container_layout":"default_layout","colormag_page_sidebar_layout":"default_layout","advanced_seo_description":"","jetpack_seo_html_title":"","jetpack_seo_noindex":false,"jetpack_post_was_ever_published":false,"footnotes":""},"categories":[12],"tags":[162,182,1071,1412,1455,1427,2061,1210,222,1313],"class_list":["post-20518","post","type-post","status-publish","format-standard","has-post-thumbnail","hentry","category-demokratie-medien-aufklaerung","tag-demokratie","tag-eu","tag-georgien","tag-gerichtsurteil","tag-interessen","tag-macht","tag-moldawien","tag-rumaenien","tag-russland","tag-wahlen"],"jetpack_featured_media_url":"https:\/\/i0.wp.com\/www.freidenker.org\/fw17\/wp-content\/uploads\/2024\/12\/Romanian_Presidential_Elections_2024_-_Annulled_First_Round.800x450.jpg?fit=800%2C450&ssl=1","jetpack_shortlink":"https:\/\/wp.me\/p9stpK-5kW","jetpack-related-posts":[{"id":21088,"url":"https:\/\/www.freidenker.org\/?p=21088","url_meta":{"origin":20518,"position":0},"title":"In Rum\u00e4nien erklimmt die EU-&#8222;Demokratie&#8220; ganz neue H\u00f6hen","author":"Webredaktion","date":"3. M\u00e4rz 2025","format":false,"excerpt":"Beitrag von Dagmar Henn Wie soll man das nennen, was gerade in Rum\u00e4nien geschieht? Wenn erst eine Wahl f\u00fcr ung\u00fcltig erkl\u00e4rt wird, und nun der Kandidat, der den EU-Granden in Br\u00fcssel nicht gef\u00e4llt, festgenommen und anschlie\u00dfend vorsorglich f\u00fcr die Zeit des Wahlkampfs in Hausarrest gesteckt und sogar an der Kommunikation\u2026","rel":"","context":"In &quot;Demokratie \u2013 Medien \u2013 Aufkl\u00e4rung&quot;","block_context":{"text":"Demokratie \u2013 Medien \u2013 Aufkl\u00e4rung","link":"https:\/\/www.freidenker.org\/?cat=12"},"img":{"alt_text":"","src":"https:\/\/i0.wp.com\/www.freidenker.org\/fw17\/wp-content\/uploads\/2025\/03\/Calin_Georgescu_discurs_Biserica_Penticostala_Jebel_800x450.jpg?fit=800%2C450&ssl=1&resize=350%2C200","width":350,"height":200,"srcset":"https:\/\/i0.wp.com\/www.freidenker.org\/fw17\/wp-content\/uploads\/2025\/03\/Calin_Georgescu_discurs_Biserica_Penticostala_Jebel_800x450.jpg?fit=800%2C450&ssl=1&resize=350%2C200 1x, https:\/\/i0.wp.com\/www.freidenker.org\/fw17\/wp-content\/uploads\/2025\/03\/Calin_Georgescu_discurs_Biserica_Penticostala_Jebel_800x450.jpg?fit=800%2C450&ssl=1&resize=525%2C300 1.5x, https:\/\/i0.wp.com\/www.freidenker.org\/fw17\/wp-content\/uploads\/2025\/03\/Calin_Georgescu_discurs_Biserica_Penticostala_Jebel_800x450.jpg?fit=800%2C450&ssl=1&resize=700%2C400 2x"},"classes":[]},{"id":21752,"url":"https:\/\/www.freidenker.org\/?p=21752","url_meta":{"origin":20518,"position":1},"title":"In Rum\u00e4nien gewinnt erneut der \u201efalsche\u201c Kandidat &#8230;","author":"Webredaktion","date":"7. Mai 2025","format":false,"excerpt":"... und was Spiegel-Leser dar\u00fcber (nicht) erfahren Beitrag von Anti-Spiegel (d.i. Thomas R\u00f6per) Ende November fand in Rum\u00e4nien die erste Runde der Pr\u00e4sidentschaftswahlen statt und dabei gewann Calin Georgescu, ein als Nationalist bezeichneter Kandidat, der sich kritisch gegen\u00fcber NATO und EU \u00e4u\u00dfert, mit 22,9 Prozent der abgegebenen Stimmen. Den zweiten\u2026","rel":"","context":"In &quot;Demokratie \u2013 Medien \u2013 Aufkl\u00e4rung&quot;","block_context":{"text":"Demokratie \u2013 Medien \u2013 Aufkl\u00e4rung","link":"https:\/\/www.freidenker.org\/?cat=12"},"img":{"alt_text":"","src":"https:\/\/i0.wp.com\/www.freidenker.org\/fw17\/wp-content\/uploads\/2025\/05\/George_Simion_Arad4_54366726734_800x450.jpg?fit=800%2C450&ssl=1&resize=350%2C200","width":350,"height":200,"srcset":"https:\/\/i0.wp.com\/www.freidenker.org\/fw17\/wp-content\/uploads\/2025\/05\/George_Simion_Arad4_54366726734_800x450.jpg?fit=800%2C450&ssl=1&resize=350%2C200 1x, https:\/\/i0.wp.com\/www.freidenker.org\/fw17\/wp-content\/uploads\/2025\/05\/George_Simion_Arad4_54366726734_800x450.jpg?fit=800%2C450&ssl=1&resize=525%2C300 1.5x, https:\/\/i0.wp.com\/www.freidenker.org\/fw17\/wp-content\/uploads\/2025\/05\/George_Simion_Arad4_54366726734_800x450.jpg?fit=800%2C450&ssl=1&resize=700%2C400 2x"},"classes":[]},{"id":15688,"url":"https:\/\/www.freidenker.org\/?p=15688","url_meta":{"origin":20518,"position":2},"title":"Hat die Ukraine noch eine Zukunft, oder hat der Verteilungskampf schon begonnen?","author":"Webredaktion","date":"5. April 2023","format":false,"excerpt":"Beitrag von Anti-Spiegel (d.i. Thomas R\u00f6per) Bisher redet noch niemand in der EU offen dar\u00fcber, dass die Tage der Ukraine gez\u00e4hlt sind, aber anscheinend hat hinter den Kulissen schon der Kampf um die \u201eReste der Ukraine\u201c begonnen. Ich will das vor allem Beispiel Rum\u00e4nien und Moldawien aufzeigen, wo die Lage\u2026","rel":"","context":"In &quot;Demokratie \u2013 Medien \u2013 Aufkl\u00e4rung&quot;","block_context":{"text":"Demokratie \u2013 Medien \u2013 Aufkl\u00e4rung","link":"https:\/\/www.freidenker.org\/?cat=12"},"img":{"alt_text":"","src":"https:\/\/i0.wp.com\/www.freidenker.org\/fw17\/wp-content\/uploads\/2023\/04\/ukraine_eu_800x450.jpg?fit=800%2C450&ssl=1&resize=350%2C200","width":350,"height":200,"srcset":"https:\/\/i0.wp.com\/www.freidenker.org\/fw17\/wp-content\/uploads\/2023\/04\/ukraine_eu_800x450.jpg?fit=800%2C450&ssl=1&resize=350%2C200 1x, https:\/\/i0.wp.com\/www.freidenker.org\/fw17\/wp-content\/uploads\/2023\/04\/ukraine_eu_800x450.jpg?fit=800%2C450&ssl=1&resize=525%2C300 1.5x, https:\/\/i0.wp.com\/www.freidenker.org\/fw17\/wp-content\/uploads\/2023\/04\/ukraine_eu_800x450.jpg?fit=800%2C450&ssl=1&resize=700%2C400 2x"},"classes":[]},{"id":19348,"url":"https:\/\/www.freidenker.org\/?p=19348","url_meta":{"origin":20518,"position":3},"title":"\u201eEU-Parlament\u201c: Scheinwahlen mit Erfolgen der angeblich \u201eRechten\u201c zu Ende","author":"Webredaktion","date":"16. Juni 2024","format":false,"excerpt":"Beitrag von Klaus Hartmann F\u00fcr die einen waren es die \u201eEuropa-Wahlen\u201c, f\u00fcr die anderen ist es die gr\u00f6\u00dfte W\u00e4hlert\u00e4uschung der Welt. Die Wahlen werden penetrant als Europa-Wahlen deklariert, obwohl die B\u00fcrger des gr\u00f6\u00dften Landes in Europa, das hei\u00dft Russland, gar nicht gew\u00e4hlt haben.\u00a0 Russland erstreckt sich \u00fcber 40 Prozent der\u2026","rel":"","context":"In &quot;Demokratie \u2013 Medien \u2013 Aufkl\u00e4rung&quot;","block_context":{"text":"Demokratie \u2013 Medien \u2013 Aufkl\u00e4rung","link":"https:\/\/www.freidenker.org\/?cat=12"},"img":{"alt_text":"","src":"https:\/\/i0.wp.com\/www.freidenker.org\/fw17\/wp-content\/uploads\/2024\/06\/KI-Bild-Clown-mit-Stern.jpg?fit=800%2C450&ssl=1&resize=350%2C200","width":350,"height":200,"srcset":"https:\/\/i0.wp.com\/www.freidenker.org\/fw17\/wp-content\/uploads\/2024\/06\/KI-Bild-Clown-mit-Stern.jpg?fit=800%2C450&ssl=1&resize=350%2C200 1x, https:\/\/i0.wp.com\/www.freidenker.org\/fw17\/wp-content\/uploads\/2024\/06\/KI-Bild-Clown-mit-Stern.jpg?fit=800%2C450&ssl=1&resize=525%2C300 1.5x, https:\/\/i0.wp.com\/www.freidenker.org\/fw17\/wp-content\/uploads\/2024\/06\/KI-Bild-Clown-mit-Stern.jpg?fit=800%2C450&ssl=1&resize=700%2C400 2x"},"classes":[]},{"id":20515,"url":"https:\/\/www.freidenker.org\/?p=20515","url_meta":{"origin":20518,"position":4},"title":"Rum\u00e4nien hat Parlament gew\u00e4hlt. Warum wurde die Wahl des Pr\u00e4sidenten verboten?","author":"Webredaktion","date":"13. Dezember 2024","format":false,"excerpt":"Beitrag von Prof. Dr. Anton Latzo In Rum\u00e4nien wurden Ende November 2024 sowohl Pr\u00e4sidenten- als auch Parlamentswahlen getrennt voneinander\u00a0 durchgef\u00fchrt. Bei den Parlamentswahlen lagen die Sozialdemokraten des bisherigen Ministerpr\u00e4sidenten Marcel Ciolacu (Sozialdemokraten) mit rund 22 Prozent an erster und Liberalen, bisherige Regierungspartner, mit 18% an dritter Stelle. Sie haben gen\u00fcgend\u2026","rel":"","context":"In &quot;Demokratie \u2013 Medien \u2013 Aufkl\u00e4rung&quot;","block_context":{"text":"Demokratie \u2013 Medien \u2013 Aufkl\u00e4rung","link":"https:\/\/www.freidenker.org\/?cat=12"},"img":{"alt_text":"","src":"https:\/\/i0.wp.com\/www.freidenker.org\/fw17\/wp-content\/uploads\/2024\/12\/Bucharest_-_Palace_of_the_Parliament_2024_2_800x450.jpg?fit=800%2C450&ssl=1&resize=350%2C200","width":350,"height":200,"srcset":"https:\/\/i0.wp.com\/www.freidenker.org\/fw17\/wp-content\/uploads\/2024\/12\/Bucharest_-_Palace_of_the_Parliament_2024_2_800x450.jpg?fit=800%2C450&ssl=1&resize=350%2C200 1x, https:\/\/i0.wp.com\/www.freidenker.org\/fw17\/wp-content\/uploads\/2024\/12\/Bucharest_-_Palace_of_the_Parliament_2024_2_800x450.jpg?fit=800%2C450&ssl=1&resize=525%2C300 1.5x, https:\/\/i0.wp.com\/www.freidenker.org\/fw17\/wp-content\/uploads\/2024\/12\/Bucharest_-_Palace_of_the_Parliament_2024_2_800x450.jpg?fit=800%2C450&ssl=1&resize=700%2C400 2x"},"classes":[]},{"id":7219,"url":"https:\/\/www.freidenker.org\/?p=7219","url_meta":{"origin":20518,"position":5},"title":"Die USA, Rum\u00e4nien und das Schwarze Meer","author":"Webredaktion","date":"14. November 2019","format":false,"excerpt":"Eine Analyse von Anton Latzo Ein legend\u00e4rer und biblischer Raum, die Region des Schwarzen Meeres, wurde durch das Eindringen der USA und der NATO, durch die Erweiterung der EU und durch die so verursachte politische und gesellschaftliche Instabilit\u00e4t in Rum\u00e4nien und Bulgarien, in der Ukraine und in Georgien, durch die\u2026","rel":"","context":"In &quot;Frieden - Antifaschismus - Solidarit\u00e4t&quot;","block_context":{"text":"Frieden - Antifaschismus - Solidarit\u00e4t","link":"https:\/\/www.freidenker.org\/?cat=13"},"img":{"alt_text":"","src":"https:\/\/i0.wp.com\/www.freidenker.org\/fw17\/wp-content\/uploads\/2019\/11\/black-sea-11057_800x445.jpg?fit=800%2C445&ssl=1&resize=350%2C200","width":350,"height":200,"srcset":"https:\/\/i0.wp.com\/www.freidenker.org\/fw17\/wp-content\/uploads\/2019\/11\/black-sea-11057_800x445.jpg?fit=800%2C445&ssl=1&resize=350%2C200 1x, https:\/\/i0.wp.com\/www.freidenker.org\/fw17\/wp-content\/uploads\/2019\/11\/black-sea-11057_800x445.jpg?fit=800%2C445&ssl=1&resize=525%2C300 1.5x, https:\/\/i0.wp.com\/www.freidenker.org\/fw17\/wp-content\/uploads\/2019\/11\/black-sea-11057_800x445.jpg?fit=800%2C445&ssl=1&resize=700%2C400 2x"},"classes":[]}],"_links":{"self":[{"href":"https:\/\/www.freidenker.org\/index.php?rest_route=\/wp\/v2\/posts\/20518","targetHints":{"allow":["GET"]}}],"collection":[{"href":"https:\/\/www.freidenker.org\/index.php?rest_route=\/wp\/v2\/posts"}],"about":[{"href":"https:\/\/www.freidenker.org\/index.php?rest_route=\/wp\/v2\/types\/post"}],"author":[{"embeddable":true,"href":"https:\/\/www.freidenker.org\/index.php?rest_route=\/wp\/v2\/users\/3"}],"replies":[{"embeddable":true,"href":"https:\/\/www.freidenker.org\/index.php?rest_route=%2Fwp%2Fv2%2Fcomments&post=20518"}],"version-history":[{"count":0,"href":"https:\/\/www.freidenker.org\/index.php?rest_route=\/wp\/v2\/posts\/20518\/revisions"}],"wp:featuredmedia":[{"embeddable":true,"href":"https:\/\/www.freidenker.org\/index.php?rest_route=\/wp\/v2\/media\/20519"}],"wp:attachment":[{"href":"https:\/\/www.freidenker.org\/index.php?rest_route=%2Fwp%2Fv2%2Fmedia&parent=20518"}],"wp:term":[{"taxonomy":"category","embeddable":true,"href":"https:\/\/www.freidenker.org\/index.php?rest_route=%2Fwp%2Fv2%2Fcategories&post=20518"},{"taxonomy":"post_tag","embeddable":true,"href":"https:\/\/www.freidenker.org\/index.php?rest_route=%2Fwp%2Fv2%2Ftags&post=20518"}],"curies":[{"name":"wp","href":"https:\/\/api.w.org\/{rel}","templated":true}]}}