{"id":20507,"date":"2024-12-10T01:56:56","date_gmt":"2024-12-10T00:56:56","guid":{"rendered":"https:\/\/www.freidenker.org\/?p=20507"},"modified":"2025-01-02T16:02:19","modified_gmt":"2025-01-02T15:02:19","slug":"der-versailler-vertrag","status":"publish","type":"post","link":"https:\/\/www.freidenker.org\/?p=20507","title":{"rendered":"Der Versailler Vertrag"},"content":{"rendered":"<p><em>Historischer \u00dcberblick von<strong>\u00a0Wolfgang Sch\u00fcrer<\/strong><\/em><\/p>\n<h5>1. Die Pariser Friedenskonferenz: 18. Januar 1919 bis 21. Januar 1920;<\/h5>\n<p>32 Staaten handelten die <strong>Friedensvertr\u00e4ge<\/strong> mit den 5 <strong>besiegten Mittelm\u00e4chten<\/strong> aus:<\/p>\n<p>3 europ\u00e4ische (<strong>Vereinigtes K\u00f6nigreich<\/strong>, <strong>Frankreich<\/strong>, <strong>Italien<\/strong>) und 2 au\u00dfereurop\u00e4ische <strong>Gro\u00dfm\u00e4chte<\/strong> (<strong>Vereinigte Staaten<\/strong>, <strong>Japan<\/strong>);<\/p>\n<p>7 sonstige europ\u00e4ische Staaten (Polen, Tschechoslowakei, Jugoslawien<sup>A<\/sup>, Rum\u00e4nien, Griechenland, Belgien, Portugal);<\/p>\n<p>5 Staaten des <strong>Empire <\/strong>(Indien, Kanada, Australien, Neuseeland, S\u00fcdafrika);<\/p>\n<p>11 lateinamerikanische Staaten (Brasilien, Peru, Ecuador, Bolivien, Uruguay, Guatemala, Honduras, Nicaragua, Panama, Cuba, Haiti);<\/p>\n<p>4 sonstige Staaten (China, Thailand<sup>A<\/sup>, Hedschas<sup>A<\/sup>, Liberia);<\/p>\n<p>(<sup>A<\/sup>=Jugoslawien hie\u00df bis 1929 \u201eK\u00f6nigreich der Serben, Kroaten und Slowenen\u201c. Thailand hie\u00df bis 1939 \u201eSiam\u201c. Hedschas geh\u00f6rt seit 1932 zu Saudi-Arabien.)<\/p>\n<h5>2. Die 5 Friedensvertr\u00e4ge, benannt nach Pariser Vororten;<\/h5>\n<p><strong>Versailles<\/strong>, (<strong>Deutschland,<\/strong> Gro\u00dfmacht), unterzeichnet am 28. Juni 1919;<\/p>\n<p><strong>Saint-Germain-en-Laye<\/strong> (\u00d6sterreich), unterzeichnet am 10. September 1919;<\/p>\n<p><strong>Neuilly<\/strong> (Bulgarien), unterzeichnet am 27. November 1919;<\/p>\n<p><strong>Trianon<\/strong> (Ungarn), unterzeichnet am 04. Juni 1920;<\/p>\n<p><strong>Sevres<\/strong> (T\u00fcrkei), unterzeichnet am 10. August 1920;<br \/>\n(Der Staat hie\u00df bis 1923 \u201eOsmanisches Reich\u201c. Der Vertrag trat <strong>nicht<\/strong> in <strong>Kraft<\/strong>. An seine Stelle trat der Friedensvertrag von <strong>Lausanne<\/strong>, unterzeichnet am 24. Juli 1923.)<\/p>\n<h5>3. Deutschlands 10 europ\u00e4ische Kriegsgegner im Ersten Weltkrieg<\/h5>\n<p>(<strong>Chronologische<\/strong> Reihenfolge: Tag des <strong>Kriegseintritts<\/strong> gegen <strong>Deutschland<\/strong>)<\/p>\n<p>1914:\u00a0\u00a0 <strong>Russland<\/strong>, <strong>Frankreich<\/strong>, Belgien, <strong>Vereinigtes K\u00f6nigreich<\/strong>, Serbien, Montenegro;<\/p>\n<p>1916:\u00a0\u00a0 Portugal, Rum\u00e4nien, <strong>Italien<\/strong>;<\/p>\n<p>1917:\u00a0\u00a0 Griechenland<\/p>\n<p>Die <strong>Gro\u00dfmacht Russland<\/strong> schloss am 15. Dezember 1917 einen <strong>Waffenstillstand<\/strong> und am 03. M\u00e4rz 1918 den <strong>Friedensvertrag<\/strong> von <strong>Brest\u2014Litowsk<\/strong> mit den <strong>Mittelm\u00e4chten<\/strong>. Nach der <strong>Kapitulation<\/strong> der Mittelm\u00e4chte annullierte <strong>Russland<\/strong> diesen Vertrag. <strong>Russland<\/strong> wurde von der Teilnahme an der <strong>Pariser Friedenskonferenz<\/strong> <strong>ausgeschlossen<\/strong>.<\/p>\n<h5>4. Deutschlands au\u00dfereurop\u00e4ische Kriegsgegner im Ersten Weltkrieg<\/h5>\n<p><strong>Japan<\/strong> erkl\u00e4rte 1914 den <strong>Kriegszustand<\/strong> mit <strong>Deutschland<\/strong> und beteiligte sich an der Besetzung der <strong>deutschen Kolonien<\/strong> im <strong>Pazifik<\/strong> und <strong>China<\/strong>. <strong>Japan <\/strong>beteiligte sich <strong>nicht<\/strong> am Krieg in Europa.<\/p>\n<p>Die <strong>Vereinigten Staaten<\/strong> erkl\u00e4rten am 06. April 1917 den <strong>Kriegszustand<\/strong> mit <strong>Deutschland<\/strong> und <strong>beteiligten <\/strong>sich am Krieg in <strong>Europa<\/strong>.<\/p>\n<p>Nach dem <strong>Kriegseintritt<\/strong> der <strong>Vereinigten Staaten<\/strong> erkl\u00e4rten Brasilien, Guatemala, Honduras, Nicaragua, Panama, Kuba und Haiti den <strong>Kriegszustand <\/strong>mit <strong>Deutschland<\/strong>. Diese 7 Staaten beteiligten sich <strong>nicht<\/strong> am Krieg in Europa. Peru, Ecuador, Bolivien und Uruguay brachen die <strong>diplomatischen Beziehungen<\/strong> zu <strong>Deutschland<\/strong> ab.<\/p>\n<p>China und Liberia erkl\u00e4rten ebenfalls den <strong>Kriegszustand<\/strong> mit <strong>Deutschland<\/strong>, beteiligten sich jedoch ebenfalls <strong>nicht<\/strong> am Krieg in Europa. Thailand erkl\u00e4rte den <strong>Kriegszustand <\/strong>mit <strong>Deutschland<\/strong> und schickte ein Regiment nach <strong>Frankreich<\/strong>.<\/p>\n<h5>5. Jugoslawien, die Tschechoslowakei, Polen und Hedschas als Teilnehmer der Pariser Friedenskonferenz<\/h5>\n<p>Die <strong>Gro\u00dfmacht \u00d6sterreich-Ungarn<\/strong> zerfiel im Herbst 1918. <strong>Jugoslawien<\/strong> entstand 1918 aus der Vereinigung von Serbien und Montenegro mit Gebieten (Bosnien, Kroatien, Slowenien), die vorher zu <strong>\u00d6sterreich-Ungarn <\/strong>geh\u00f6rt hatten. Die <strong>Tschechoslowakei <\/strong>wurde 1918 aus fr\u00fcheren <strong>\u00f6sterreichisch-ungarischen<\/strong> Gebieten gebildet. <strong>Polen<\/strong> war vor dem Ersten Weltkrieg zwischen <strong>Russland<\/strong>, <strong>\u00d6sterreich-Ungarn<\/strong> und <strong>Deutschland<\/strong> <strong>aufgeteilt<\/strong>. <strong>Hedschas<\/strong> stand vor dem Ersten Weltkrieg unter <strong>t\u00fcrkischer Oberhoheit<\/strong>.<\/p>\n<h5>6. Die Verkleinerung Deutschlands<\/h5>\n<p><strong>Deutschlands Fl\u00e4che <\/strong>wurde von knapp 541.000km\u00b2 auf knapp 469.000 km\u00b2 reduziert. <strong>Deutschland <\/strong>verlor \u00fcber 72.000 km\u00b2, etwa 13,3 % seines <strong>Gebietes<\/strong>. Das verlorene Gebiet war etwas <strong>gr\u00f6\u00dfer<\/strong> als das des heutigen Bundeslandes <strong>Bayern<\/strong>.<\/p>\n<p><strong>Polen<\/strong> erhielt fast ganz <strong>Posen<\/strong>, den gr\u00f6\u00dften Teil von <strong>Westpreu\u00dfen<\/strong>, Teile von <strong>Schlesien<\/strong>, einen sehr kleinen Teil von Ostpreu\u00dfen und einen winzigen Teil von Pommern. <strong>Danzig<\/strong> wurde ein <strong>autonomes Land<\/strong> im <strong>polnischen Zollgebiet<\/strong>. Zwischen <strong>Pommern<\/strong> und <strong>Ostpreu\u00dfen<\/strong> lag nunmehr der <strong>polnische Korridor.<\/strong><\/p>\n<p><strong>Frankreich<\/strong> erhielt das 1871 von <strong>Deutschland<\/strong> annektierte <strong>Elsass-Lothringen <\/strong>zur\u00fcck. Das <strong>Saargebiet<\/strong> wurde <strong>wirtschaftlich<\/strong> voll in <strong>Frankreich <\/strong>integriert.<\/p>\n<p><strong>D\u00e4nemark<\/strong>, im Ersten Weltkrieg <strong>neutral<\/strong>, erhielt <strong>Nordschleswig<\/strong>.<\/p>\n<p><strong>Litauen<\/strong>, vor dem Ersten Weltkrieg ein Teil von <strong>Russland<\/strong>, erhielt das <strong>Memelgebiet<\/strong> als <strong>autonomes Land<\/strong>.<\/p>\n<p><strong>Belgien<\/strong> erhielt Gebiete um die St\u00e4dte <strong>Eupen<\/strong> und <strong>Malmedy<\/strong>.<\/p>\n<p>Die <strong>Tschechoslowakei<\/strong> erhielt das <strong>Hultschiner L\u00e4ndchen<\/strong>, einen sehr kleinen Teil von <strong>Schlesien<\/strong>.<\/p>\n<p>Die abgetretenen Gebiete verteilten sich wie folgt auf diese 6 Staaten:<br \/>\n&#8211; Polen 66,3 %<br \/>\n&#8211; Frankreich 22,7 %<br \/>\n&#8211; D\u00e4nemark 5,5 %<br \/>\n&#8211; Litauen 3,7 %<br \/>\n&#8211; Belgien 1,4 %<br \/>\n&#8211; Tschechoslowakei 0,4 %<\/p>\n<h5>7. Die Bev\u00f6lkerung der abgetretenen Gebiete<\/h5>\n<p><strong>Deutschland<\/strong> hatte, laut Volksz\u00e4hlung vom 01. Dezember 1910, 64,926 Millionen Einwohner, davon lebten 6,476 Millionen (10,0 %) in den abgetretenen Gebieten.<\/p>\n<p>Die Menschen in den abgetretenen Gebieten, mit Ausnahme der <strong>Saarl\u00e4nder<\/strong>, verloren ihre <strong>deutsche Staatsageh\u00f6rigkeit<\/strong>. Sie konnten jedoch f\u00fcr <strong>Deutschland<\/strong> optieren, w\u00e4ren dann jedoch <strong>Ausl\u00e4nder<\/strong>. Die <strong>Danziger<\/strong> erhielten eine eigene Staatsangeh\u00f6rigkeit. 1935 sollten die <strong>Saarl\u00e4nder<\/strong> entscheiden, ob sie den gegenw\u00e4rtigen Status behalten, oder zu <strong>Frankreich<\/strong> kommen oder wieder zu <strong>Deutschland<\/strong> geh\u00f6ren wollten.<\/p>\n<p>Nach der Volksz\u00e4hlung vom 16. Juni 1925 lebten in <strong>Deutschland<\/strong> 807.000 Menschen, die am 01. August 1914 in den abgetretenen Gebieten gewohnt hatten, darunter 558.000 in den voll an <strong>Polen <\/strong>abgetretenen Gebieten, 44.000 in <strong>Danzig<\/strong>, 132.000 in <strong>Elsass-Lothringen<\/strong>, 37.000 im <strong>Saargebiet<\/strong>, 16.000 im <strong>Memelgebiet<\/strong>, 12.000 in <strong>Nordschleswig<\/strong>, 5.000 in <strong>Eupen-Malmedy<\/strong>, 3.000 im <strong>Hultschiner L\u00e4ndchen<\/strong>.<\/p>\n<h5>8. Die Gebietsabtretungen und das Selbstbestimmungsrecht der V\u00f6lker<\/h5>\n<p>In <strong>Nordschleswig<\/strong> fand ein <strong>international kontrolliertes <\/strong>Plebiszit statt. 112.115 Menschen waren Abstimmungsberechtigte, 101.400 beteiligten sich, 75.431 stimmten f\u00fcr <strong>D\u00e4nemark<\/strong>, 25.329 f\u00fcr <strong>Deutschland<\/strong>, 640<strong> ung\u00fcltig<\/strong>.<\/p>\n<p>In <strong>Oberschlesien<\/strong> fand, am 20. M\u00e4rz 1921, ein <strong>franz\u00f6sisch kontrolliertes<\/strong> Referendum statt. 1.220.016 Personen waren Abstimmungsberechtigte, 1.190.425 beteiligten sich, 707.298 stimmten f\u00fcr <strong>Deutschland<\/strong>, 479.259 f\u00fcr <strong>Polen<\/strong>, 3.868 <strong>ung\u00fcltig<\/strong>.<\/p>\n<p><strong>Frankreich<\/strong> setzte eine Teilung <strong>Oberschlesiens<\/strong> durch: <strong>Polen<\/strong> erhielt 3.214 km\u00b2 mit 996.500 Einwohnern, bei <strong>Deutschland<\/strong> verblieben 7.794 km\u00b2 mit 1.116.500 Einwohnern.<\/p>\n<p>Alle anderen Gebietsabtretungen erfolgten <strong>ohne Volksabstimmungen<\/strong>.<\/p>\n<h5>9. Der Artikel 231 des Versailler Vertrages<\/h5>\n<p>Die <strong>Siegerm\u00e4chte<\/strong> wiesen den <strong>besiegten Mittelm\u00e4chten<\/strong>, insbesondere <strong>Deutschland<\/strong>, die <strong>Alleinschuld<\/strong> am Ersten Weltkrieg zu. Diese Schuldzuweisung war die Grundlage f\u00fcr <strong>Reparationen<\/strong>. <strong>Deutschland<\/strong> sollte, gem\u00e4\u00df Artikel 235 des Versailler Vertrages, in 3 Jahresraten, <strong>Wirtschaftsg\u00fcter <\/strong>im Wert von 20 Milliarden <strong>Goldmark<\/strong> liefern. Auf einer Konferenz in <strong>Paris<\/strong> (24. bis 29. Januar 1921) wurde <strong>Deutschlands<\/strong> <strong>Lieferungen <\/strong>auf 269 Milliarden <strong>Goldmark<\/strong> in 42 Jahresraten erh\u00f6ht. 1 kg Gold entsprach 2.790 <strong>Goldmark<\/strong>. 269 Milliarden <strong>Goldmark<\/strong> entsprachen 96.416 Tonnen Gold.<br \/>\n(Am 02. August 2024 betrugen die <strong>W\u00e4hrungsgoldreserven<\/strong> der Welt, nach IMF-Angaben, 35.938,6 Tonnen, darunter entfielen 8.133,5 Tonnen auf die <strong>Vereinigten Staaten<\/strong>.)<\/p>\n<h5>10. Schlussbetrachtungen<\/h5>\n<p>Die <strong>Vereinigten Staaten<\/strong> <strong>ratifizierten<\/strong> den Versailler Vertrag <strong>nicht<\/strong>. Im <strong>Senat<\/strong>, am 19. \u00a0M\u00e4rz 1920, gab es 49 JA-Stimmen bei 35 NEIN-Stimmen. Bei 84 Stimmen h\u00e4tte die erforderliche Zweidrittelmehrheit bei 56 Ja-Stimmen gelegen. 7 Ja-Stimmen fehlten.<\/p>\n<p><strong>China <\/strong>unterzeichnete, als einziger der 32 Teilnehmer der Pariser Friedenskonferenz, den Versailler Vertrag <strong>nicht,<\/strong> da die <strong>deutsche Kolonie<\/strong> in <strong>China<\/strong> an <strong>Japan<\/strong> \u00fcbergeben wurde.<\/p>\n<p><strong>Russland protestierte <\/strong>gegen den Versailler Vertrag (und auch die anderen 4 Pariser Vorortvertr\u00e4ge) und <strong>solidarisierte<\/strong> sich mit den Menschen der 5 besiegten Staaten.<\/p>\n<p style=\"text-align: right;\"><em>Wolfgang Sch\u00fcrer ist Vorsitzender des Kreisverbandes Offenbach a. M. der Freidenker<\/em><\/p>\n<hr \/>\n<p><span style=\"font-size: 10pt;\">Bild oben: <span class=\"mw-mmv-title\">Deutsche Verhandlungsdelegation 1919 in Versailles (v.l.n.r.: Walther Sch\u00fccking, Johannes Giesberts, Otto Landsberg, Ulrich von Brockdorff-Rantzau, Robert Leinert, Carl Melchior)<\/span><br \/>\nFoto: Bundesarchiv, Bild 183-R01213 \/ <a href=\"https:\/\/creativecommons.org\/licenses\/by-sa\/3.0\/de\/deed.en\" target=\"_blank\" rel=\"noopener\">CC-BY-SA 3.0 de<\/a><br \/>\nQuelle: <a href=\"https:\/\/commons.wikimedia.org\/w\/index.php?curid=5436001\" target=\"_blank\" rel=\"noopener\">https:\/\/commons.wikimedia.org\/w\/index.php?curid=5436001<\/a><\/span><\/p>\n<p>&nbsp;<\/p>\n","protected":false},"excerpt":{"rendered":"<p><b>Historischer \u00dcberblick von\u00a0Wolfgang Sch\u00fcrer<\/b><br \/>\nDie Pariser Friedenskonferenz: 18. Januar 1919 bis 21. Januar 1920; 32 Staaten handelten die Friedensvertr\u00e4ge mit den 5 besiegten Mittelm\u00e4chten aus:<br \/>\n3 europ\u00e4ische (Vereinigtes K\u00f6nigreich, Frankreich, Italien) und 2 au\u00dfereurop\u00e4ische Gro\u00dfm\u00e4chte (Vereinigte Staaten, Japan); 7 sonstige europ\u00e4ische Staaten (Polen, Tschechoslowakei, JugoslawienA, Rum\u00e4nien, Griechenland, Belgien, Portugal); 5 Staaten des Empire (Indien, Kanada, Australien, Neuseeland, S\u00fcdafrika); 11 lateinamerikanische Staaten (Brasilien, Peru, Ecuador, Bolivien, Uruguay, Guatemala, Honduras, Nicaragua, Panama, Cuba, Haiti); 4 sonstige Staaten (China, ThailandA, HedschasA, Liberia);<\/p>\n","protected":false},"author":3,"featured_media":20512,"comment_status":"closed","ping_status":"closed","sticky":false,"template":"","format":"standard","meta":{"colormag_page_container_layout":"default_layout","colormag_page_sidebar_layout":"default_layout","advanced_seo_description":"","jetpack_seo_html_title":"","jetpack_seo_noindex":false,"jetpack_post_was_ever_published":false,"footnotes":""},"categories":[1162],"tags":[473,452,1027,2229,1521,1713,712,222,161],"class_list":["post-20507","post","type-post","status-publish","format-standard","has-post-thumbnail","hentry","category-geschichte","tag-1-weltkrieg","tag-deutschland","tag-frankreich","tag-friedenskonferenz","tag-friedensvertrag","tag-oesterreich","tag-paris","tag-russland","tag-volksabstimmung"],"jetpack_featured_media_url":"https:\/\/i0.wp.com\/www.freidenker.org\/fw17\/wp-content\/uploads\/2024\/12\/Bundesarchiv_Bild_183-R01213_Versailles_deutsche_Verhandlungdelegation_800x450.jpg?fit=800%2C450&ssl=1","jetpack_shortlink":"https:\/\/wp.me\/p9stpK-5kL","jetpack-related-posts":[{"id":24912,"url":"https:\/\/www.freidenker.org\/?p=24912","url_meta":{"origin":20507,"position":0},"title":"Die Gr\u00fcndung der UNO 1945 und die Bildung der NATO 1949","author":"Webredaktion","date":"19. April 2026","format":false,"excerpt":"Ein historischer \u00dcberblick von Wolfgang Sch\u00fcrer W\u00e4hrend der Winterschlacht vor Moskau 1941\/42, nachdem die Rote Armee, am 05. Dezember 1941, zur Gegenoffensive angetreten war, am 01. Januar 1942, in Washington, D.C., gaben die Sowjetunion, die Vereinigten Staaten, das Vereinigte K\u00f6nigreich und die Republik China bekannt, dass sie den Krieg gegen\u2026","rel":"","context":"In &quot;Aktuelles&quot;","block_context":{"text":"Aktuelles","link":"https:\/\/www.freidenker.org\/?cat=574"},"img":{"alt_text":"","src":"https:\/\/i0.wp.com\/www.freidenker.org\/fw17\/wp-content\/uploads\/2026\/04\/UNO-Gruendung_SanFrancisco_1945_3450033559_800x450.jpg?fit=800%2C450&ssl=1&resize=350%2C200","width":350,"height":200,"srcset":"https:\/\/i0.wp.com\/www.freidenker.org\/fw17\/wp-content\/uploads\/2026\/04\/UNO-Gruendung_SanFrancisco_1945_3450033559_800x450.jpg?fit=800%2C450&ssl=1&resize=350%2C200 1x, https:\/\/i0.wp.com\/www.freidenker.org\/fw17\/wp-content\/uploads\/2026\/04\/UNO-Gruendung_SanFrancisco_1945_3450033559_800x450.jpg?fit=800%2C450&ssl=1&resize=525%2C300 1.5x, https:\/\/i0.wp.com\/www.freidenker.org\/fw17\/wp-content\/uploads\/2026\/04\/UNO-Gruendung_SanFrancisco_1945_3450033559_800x450.jpg?fit=800%2C450&ssl=1&resize=700%2C400 2x"},"classes":[]},{"id":12801,"url":"https:\/\/www.freidenker.org\/?p=12801","url_meta":{"origin":20507,"position":1},"title":"Symbolischer Jahrestag: 100 Jahre Rapallo","author":"Webredaktion","date":"16. April 2022","format":false,"excerpt":"Beitrag von Wolfgang Sch\u00fcrer W\u00e4hrend der Weltwirtschaftskonferenz von Genua (10. April bis 19. Mai 1922) schlossen und ver\u00f6ffentlichten Deutschland und Sowjetrussland am 16. April 1922 in Rapallo (der Ort liegt s\u00fcd\u00f6stlich von Genua;) einen Vertrag, der die Wiederaufnahme der diplomatischen Beziehungen bestimmte und alle gegenseitigen Anspr\u00fcche aus der Zeit des\u2026","rel":"","context":"In &quot;Geschichte&quot;","block_context":{"text":"Geschichte","link":"https:\/\/www.freidenker.org\/?cat=1162"},"img":{"alt_text":"","src":"https:\/\/i0.wp.com\/www.freidenker.org\/fw17\/wp-content\/uploads\/2022\/04\/Bundesarchiv_Bild_183-R14433_Vertrag_von_Rapallo_800x450.jpg?fit=800%2C450&ssl=1&resize=350%2C200","width":350,"height":200,"srcset":"https:\/\/i0.wp.com\/www.freidenker.org\/fw17\/wp-content\/uploads\/2022\/04\/Bundesarchiv_Bild_183-R14433_Vertrag_von_Rapallo_800x450.jpg?fit=800%2C450&ssl=1&resize=350%2C200 1x, https:\/\/i0.wp.com\/www.freidenker.org\/fw17\/wp-content\/uploads\/2022\/04\/Bundesarchiv_Bild_183-R14433_Vertrag_von_Rapallo_800x450.jpg?fit=800%2C450&ssl=1&resize=525%2C300 1.5x, https:\/\/i0.wp.com\/www.freidenker.org\/fw17\/wp-content\/uploads\/2022\/04\/Bundesarchiv_Bild_183-R14433_Vertrag_von_Rapallo_800x450.jpg?fit=800%2C450&ssl=1&resize=700%2C400 2x"},"classes":[]},{"id":22123,"url":"https:\/\/www.freidenker.org\/?p=22123","url_meta":{"origin":20507,"position":2},"title":"Die Au\u00dfenpolitik der Sowjetunion unter der Leitung von Maxim Litwinow","author":"Webredaktion","date":"14. Juni 2025","format":false,"excerpt":"Ein historischer \u00dcberblick von Wofgang Sch\u00fcrer Bemerkungen zu Maxim Litwinow, geboren am 17. Juli 1876, gestorben am 31. Dezember 1951: Er wurde in Bialystok geboren. Die Stadt geh\u00f6rte damals zum zaristischen Russland und geh\u00f6rt heute zu Polen. Er entstammte einer aschkenasischen j\u00fcdischen Familie. Nach der sozialistischen Revolution in Russland (07.\u2026","rel":"","context":"In &quot;Geschichte&quot;","block_context":{"text":"Geschichte","link":"https:\/\/www.freidenker.org\/?cat=1162"},"img":{"alt_text":"","src":"https:\/\/i0.wp.com\/www.freidenker.org\/fw17\/wp-content\/uploads\/2025\/06\/Litvinovs_visit_to_Turkey_1931_800x450.jpg?fit=800%2C450&ssl=1&resize=350%2C200","width":350,"height":200,"srcset":"https:\/\/i0.wp.com\/www.freidenker.org\/fw17\/wp-content\/uploads\/2025\/06\/Litvinovs_visit_to_Turkey_1931_800x450.jpg?fit=800%2C450&ssl=1&resize=350%2C200 1x, https:\/\/i0.wp.com\/www.freidenker.org\/fw17\/wp-content\/uploads\/2025\/06\/Litvinovs_visit_to_Turkey_1931_800x450.jpg?fit=800%2C450&ssl=1&resize=525%2C300 1.5x, https:\/\/i0.wp.com\/www.freidenker.org\/fw17\/wp-content\/uploads\/2025\/06\/Litvinovs_visit_to_Turkey_1931_800x450.jpg?fit=800%2C450&ssl=1&resize=700%2C400 2x"},"classes":[]},{"id":18678,"url":"https:\/\/www.freidenker.org\/?p=18678","url_meta":{"origin":20507,"position":3},"title":"Die Gr\u00fcndung der NATO am 4. April 1949","author":"Webredaktion","date":"3. April 2024","format":false,"excerpt":"Historischer \u00dcberblick von Wolfgang Sch\u00fcrer 12 Staaten hatten im Zweiten Weltkrieg (ZWK) zu den Alliierten, und den Gr\u00fcndungsmitgliedern der UNO, geh\u00f6rt: Sowjetunion (SU), Vereinigtes K\u00f6nigreich (UK), Frankreich (FR), Polen, Jugoslawien, Tschechoslowakei, Niederlande, Belgien, Griechenland, D\u00e4nemark, Norwegen, Luxemburg; (Die Ukraine und Wei\u00dfrussland, bis 1991 Teile der SU, waren auch UNO\u2014Gr\u00fcndungsmitglieder.) 9\u2026","rel":"","context":"In &quot;Geschichte&quot;","block_context":{"text":"Geschichte","link":"https:\/\/www.freidenker.org\/?cat=1162"},"img":{"alt_text":"","src":"https:\/\/i0.wp.com\/www.freidenker.org\/fw17\/wp-content\/uploads\/2024\/04\/NATO_Summit_in_Washington_1999_800x450.jpg?fit=800%2C450&ssl=1&resize=350%2C200","width":350,"height":200,"srcset":"https:\/\/i0.wp.com\/www.freidenker.org\/fw17\/wp-content\/uploads\/2024\/04\/NATO_Summit_in_Washington_1999_800x450.jpg?fit=800%2C450&ssl=1&resize=350%2C200 1x, https:\/\/i0.wp.com\/www.freidenker.org\/fw17\/wp-content\/uploads\/2024\/04\/NATO_Summit_in_Washington_1999_800x450.jpg?fit=800%2C450&ssl=1&resize=525%2C300 1.5x, https:\/\/i0.wp.com\/www.freidenker.org\/fw17\/wp-content\/uploads\/2024\/04\/NATO_Summit_in_Washington_1999_800x450.jpg?fit=800%2C450&ssl=1&resize=700%2C400 2x"},"classes":[]},{"id":24691,"url":"https:\/\/www.freidenker.org\/?p=24691","url_meta":{"origin":20507,"position":4},"title":"Deutschland und der Atomwaffensperrvertrag","author":"Webredaktion","date":"23. M\u00e4rz 2026","format":false,"excerpt":"Ein historischer \u00dcberblick von Wolfgang Sch\u00fcrer Die atomare Aufr\u00fcstung der drei Siegerm\u00e4chte des Zweiten Weltkrieges: Sie z\u00fcndeten ihre erste Plutonium-Fission-Bombe: Juli 1945, Alamogordo, New Mexico: Vereinigte Staaten \/ August 1949, Semipalatinsk, Kasachstan: Sowjetunion \/ Oktober 1952, Insel Montebello, Australien: Vereinigtes K\u00f6nigreich. Sie warfen ihre jeweils erste Fusionsbombe ab: November 1955,\u2026","rel":"","context":"In &quot;Geschichte&quot;","block_context":{"text":"Geschichte","link":"https:\/\/www.freidenker.org\/?cat=1162"},"img":{"alt_text":"","src":"https:\/\/i0.wp.com\/www.freidenker.org\/fw17\/wp-content\/uploads\/2026\/03\/Operation_Crossroads_Baker_Edit_800x450.jpg?fit=800%2C450&ssl=1&resize=350%2C200","width":350,"height":200,"srcset":"https:\/\/i0.wp.com\/www.freidenker.org\/fw17\/wp-content\/uploads\/2026\/03\/Operation_Crossroads_Baker_Edit_800x450.jpg?fit=800%2C450&ssl=1&resize=350%2C200 1x, https:\/\/i0.wp.com\/www.freidenker.org\/fw17\/wp-content\/uploads\/2026\/03\/Operation_Crossroads_Baker_Edit_800x450.jpg?fit=800%2C450&ssl=1&resize=525%2C300 1.5x, https:\/\/i0.wp.com\/www.freidenker.org\/fw17\/wp-content\/uploads\/2026\/03\/Operation_Crossroads_Baker_Edit_800x450.jpg?fit=800%2C450&ssl=1&resize=700%2C400 2x"},"classes":[]},{"id":6850,"url":"https:\/\/www.freidenker.org\/?p=6850","url_meta":{"origin":20507,"position":5},"title":"80 Jahre Deutsch-Sowjetischer Nichtangriffsvertrag","author":"Webredaktion","date":"23. August 2019","format":false,"excerpt":"Beitrag von Wolfgang Sch\u00fcrer Vor 80 Jahren, am 24. August 1939 (Ortszeit) unterzeichneten der sowjetische Au\u00dfenminister W. M. Molotow und der deutsche Au\u00dfenminister von Ribbentrop in Moskau den deutsch-sowjetischen Nichtangriffsvertrag. Er trat mit Datum vom 23.8.1939 in Kraft. Noch heute wird der Vertrag bis in linke Kreise als \"Hitler-Stalin-Pakt\" verunglimpft,\u2026","rel":"","context":"In &quot;Geschichte&quot;","block_context":{"text":"Geschichte","link":"https:\/\/www.freidenker.org\/?cat=1162"},"img":{"alt_text":"","src":"https:\/\/i0.wp.com\/www.freidenker.org\/fw17\/wp-content\/uploads\/2019\/08\/Bundesarchiv_Bild_183-H27337_800x445.jpg?fit=800%2C445&ssl=1&resize=350%2C200","width":350,"height":200,"srcset":"https:\/\/i0.wp.com\/www.freidenker.org\/fw17\/wp-content\/uploads\/2019\/08\/Bundesarchiv_Bild_183-H27337_800x445.jpg?fit=800%2C445&ssl=1&resize=350%2C200 1x, https:\/\/i0.wp.com\/www.freidenker.org\/fw17\/wp-content\/uploads\/2019\/08\/Bundesarchiv_Bild_183-H27337_800x445.jpg?fit=800%2C445&ssl=1&resize=525%2C300 1.5x, https:\/\/i0.wp.com\/www.freidenker.org\/fw17\/wp-content\/uploads\/2019\/08\/Bundesarchiv_Bild_183-H27337_800x445.jpg?fit=800%2C445&ssl=1&resize=700%2C400 2x"},"classes":[]}],"_links":{"self":[{"href":"https:\/\/www.freidenker.org\/index.php?rest_route=\/wp\/v2\/posts\/20507","targetHints":{"allow":["GET"]}}],"collection":[{"href":"https:\/\/www.freidenker.org\/index.php?rest_route=\/wp\/v2\/posts"}],"about":[{"href":"https:\/\/www.freidenker.org\/index.php?rest_route=\/wp\/v2\/types\/post"}],"author":[{"embeddable":true,"href":"https:\/\/www.freidenker.org\/index.php?rest_route=\/wp\/v2\/users\/3"}],"replies":[{"embeddable":true,"href":"https:\/\/www.freidenker.org\/index.php?rest_route=%2Fwp%2Fv2%2Fcomments&post=20507"}],"version-history":[{"count":0,"href":"https:\/\/www.freidenker.org\/index.php?rest_route=\/wp\/v2\/posts\/20507\/revisions"}],"wp:featuredmedia":[{"embeddable":true,"href":"https:\/\/www.freidenker.org\/index.php?rest_route=\/wp\/v2\/media\/20512"}],"wp:attachment":[{"href":"https:\/\/www.freidenker.org\/index.php?rest_route=%2Fwp%2Fv2%2Fmedia&parent=20507"}],"wp:term":[{"taxonomy":"category","embeddable":true,"href":"https:\/\/www.freidenker.org\/index.php?rest_route=%2Fwp%2Fv2%2Fcategories&post=20507"},{"taxonomy":"post_tag","embeddable":true,"href":"https:\/\/www.freidenker.org\/index.php?rest_route=%2Fwp%2Fv2%2Ftags&post=20507"}],"curies":[{"name":"wp","href":"https:\/\/api.w.org\/{rel}","templated":true}]}}