{"id":20445,"date":"2024-11-30T20:34:38","date_gmt":"2024-11-30T19:34:38","guid":{"rendered":"https:\/\/www.freidenker.org\/?p=20445"},"modified":"2025-01-02T16:03:39","modified_gmt":"2025-01-02T15:03:39","slug":"links-wie-rechts-einig-und-gleich-schlecht","status":"publish","type":"post","link":"https:\/\/www.freidenker.org\/?p=20445","title":{"rendered":"Links wie Rechts &#8211; einig und gleich schlecht?"},"content":{"rendered":"<p><strong><em>Video der Kulturwerkstatt Beckingen \u00fcber eine Veranstaltung des Deutschen Freidenkerverbandes, Landesverband Rheinland-Pfalz\/Saar am 17.11.2024<\/em><\/strong><\/p>\n<p><span class=\"yt-core-attributed-string yt-core-attributed-string--white-space-pre-wrap\" dir=\"auto\" role=\"text\"><span class=\"yt-core-attributed-string--link-inherit-color\" dir=\"auto\">Gilt das alte Links heute als das neue Rechts? Woher stammte die Einteilung in \u201erechts\u201c und \u201elinks\u201c urspr\u00fcnglich? Ist das heute noch g\u00fcltig oder \u00fcberholt? Wie steht es mit den Behauptungen, man sei weder \u201erechts\u201c noch \u201elinks\u201c? Die AfD \u2013 Alternative zu was? Was sind heute die Interessen der Bev\u00f6lkerungsmehrheit, wer vertritt sie, und ist das rechts oder links? Diese Fragen standen im Mittelpunkt der Veranstaltung am 17. November 2024 in der Kulturwerkstatt Beckingen. Die Veranstaltung wurde musikalisch von der Liedermacherin Sonja Gottlieb begleitet. Das Referat zum Thema hielt Klaus Hartmann, Pr\u00e4sident der Weltunion der Freidenker.<\/span><\/span><\/p>\n<div class=\"jetpack-video-wrapper\"><span class=\"embed-youtube\" style=\"text-align:center; display: block;\"><iframe loading=\"lazy\" class=\"youtube-player\" width=\"800\" height=\"450\" src=\"https:\/\/www.youtube.com\/embed\/klvywlzEve8?version=3&#038;rel=1&#038;showsearch=0&#038;showinfo=1&#038;iv_load_policy=1&#038;fs=1&#038;hl=de-DE&#038;autohide=2&#038;wmode=transparent\" allowfullscreen=\"true\" style=\"border:0;\" sandbox=\"allow-scripts allow-same-origin allow-popups allow-presentation allow-popups-to-escape-sandbox\"><\/iframe><\/span><\/div>\n<p><span style=\"font-size: 10pt;\">Direktlink zum Video der <a class=\"yt-simple-endpoint style-scope yt-formatted-string\" spellcheck=\"false\" href=\"https:\/\/www.youtube.com\/@kulturwerkstattbeckingen7733\">Kulturwerkstatt Beckingen<\/a> auf YouTube: <a href=\"https:\/\/www.youtube.com\/watch?v=klvywlzEve8\" target=\"_blank\" rel=\"noopener\">https:\/\/www.youtube.com\/watch?v=klvywlzEve8<\/a><\/span><\/p>\n<p style=\"text-align: right;\"><em>Sonja Gottlieb ist Interpretin zeitkritischer Lieder und Mitglied des Deutschen Freidenker-Verbandes, Landesverband Rheinland-Pfalz\/Saar<\/em><\/p>\n<p style=\"text-align: right;\"><em>Klaus Hartmann ist Pr\u00e4sident der Weltunion der Freidenker und stellvertretender Vorsitzender des Deutschen Freidenker-Verbandes<\/em><\/p>\n<hr \/>\n<p><span style=\"font-size: 10pt;\">Bild oben: Klaus Hartmann w\u00e4hrend seines Vortrages in Beckingen am 17.11.2024<br \/>\nScreenshot aus dem Video der Kulturwerkstatt Beckingen<\/span><\/p>\n<p>&nbsp;<\/p>\n","protected":false},"excerpt":{"rendered":"<p><b>Video der Kulturwerkstatt Beckingen \u00fcber eine Veranstaltung des Deutschen Freidenkerverbandes, Landesverband Rheinland-Pfalz\/Saar am 17.11.2024<\/b><br \/>\nGilt das alte Links heute als das neue Rechts? Woher stammte die Einteilung in \u201erechts\u201c und \u201elinks\u201c urspr\u00fcnglich? Ist das heute noch g\u00fcltig oder \u00fcberholt? Wie steht es mit den Behauptungen, man sei weder \u201erechts\u201c noch \u201elinks\u201c? Die AfD \u2013 Alternative zu was? Was sind heute die Interessen der Bev\u00f6lkerungsmehrheit, wer vertritt sie, und ist das rechts oder links? Diese Fragen standen im Mittelpunkt der Veranstaltung am 17. November 2024 in der Kulturwerkstatt Beckingen. Die Veranstaltung wurde musikalisch von der Liedermacherin Sonja Gottlieb begleitet. Das Referat zum Thema hielt Klaus Hartmann, Pr\u00e4sident der Weltunion der Freidenker.<\/p>\n","protected":false},"author":3,"featured_media":20447,"comment_status":"closed","ping_status":"closed","sticky":false,"template":"","format":"standard","meta":{"colormag_page_container_layout":"default_layout","colormag_page_sidebar_layout":"default_layout","advanced_seo_description":"","jetpack_seo_html_title":"","jetpack_seo_noindex":false,"jetpack_post_was_ever_published":false,"footnotes":""},"categories":[913,19],"tags":[1031,1709,1455,1091,1140,825,1673,1524],"class_list":["post-20445","post","type-post","status-publish","format-standard","has-post-thumbnail","hentry","category-kultur-kunst","category-veranstaltungen-in-den-dfv-landesverbaenden","tag-afd","tag-begriff","tag-interessen","tag-links-rechts","tag-lv-rheinland-pfalz-saarland","tag-politisches-lied","tag-video","tag-vortrag"],"jetpack_featured_media_url":"https:\/\/i0.wp.com\/www.freidenker.org\/fw17\/wp-content\/uploads\/2024\/11\/Hartmann_Beckingen-2024_800x450.jpg?fit=800%2C450&ssl=1","jetpack_shortlink":"https:\/\/wp.me\/p9stpK-5jL","jetpack-related-posts":[{"id":17542,"url":"https:\/\/www.freidenker.org\/?p=17542","url_meta":{"origin":20445,"position":0},"title":"\u201eWas ist rechts, was ist links?\u201c","author":"Webredaktion","date":"20. November 2023","format":false,"excerpt":"Vortrag von Klaus Hartmann Mitgeschnitten auf der Mitgliederversammlung des LV Rheinland-Pfalz\/Saarland des Deutschen Freidenker-Verbandes am 12.11.2023 in Idar-Oberstein. Gilt das alte Links heute als das neue Rechts? Woher stammte die Einteilung in \"rechts\" und \"links\" urspr\u00fcnglich? Ist das heute noch g\u00fcltig oder \u00fcberholt? Wie steht es mit den Behauptungen, man\u2026","rel":"","context":"In &quot;Demokratie \u2013 Medien \u2013 Aufkl\u00e4rung&quot;","block_context":{"text":"Demokratie \u2013 Medien \u2013 Aufkl\u00e4rung","link":"https:\/\/www.freidenker.org\/?cat=12"},"img":{"alt_text":"","src":"https:\/\/i0.wp.com\/www.freidenker.org\/fw17\/wp-content\/uploads\/2023\/11\/Hartmann_rechts_links_2023_v3_800x450.jpg?fit=800%2C450&ssl=1&resize=350%2C200","width":350,"height":200,"srcset":"https:\/\/i0.wp.com\/www.freidenker.org\/fw17\/wp-content\/uploads\/2023\/11\/Hartmann_rechts_links_2023_v3_800x450.jpg?fit=800%2C450&ssl=1&resize=350%2C200 1x, https:\/\/i0.wp.com\/www.freidenker.org\/fw17\/wp-content\/uploads\/2023\/11\/Hartmann_rechts_links_2023_v3_800x450.jpg?fit=800%2C450&ssl=1&resize=525%2C300 1.5x, https:\/\/i0.wp.com\/www.freidenker.org\/fw17\/wp-content\/uploads\/2023\/11\/Hartmann_rechts_links_2023_v3_800x450.jpg?fit=800%2C450&ssl=1&resize=700%2C400 2x"},"classes":[]},{"id":19382,"url":"https:\/\/www.freidenker.org\/?p=19382","url_meta":{"origin":20445,"position":1},"title":"Klaus Hartmann: Was ist heute links, was rechts, was Faschismus?","author":"Webredaktion","date":"27. Juni 2024","format":false,"excerpt":"Filmmitschnitt einer Veranstaltung des Linken Forums Paderborn am 28. Mai 2024. Gilt das alte Links heute als das neue Rechts? Woher stammte die Einteilung in \u201erechts\u201c und \u201elinks\u201c urspr\u00fcnglich? Ist das heute noch g\u00fcltig oder \u00fcberholt? Wie steht es mit den Behauptungen, man sei weder \u201erechts\u201c noch \u201elinks\u201c? Die AfD\u2026","rel":"","context":"In &quot;Demokratie \u2013 Medien \u2013 Aufkl\u00e4rung&quot;","block_context":{"text":"Demokratie \u2013 Medien \u2013 Aufkl\u00e4rung","link":"https:\/\/www.freidenker.org\/?cat=12"},"img":{"alt_text":"","src":"https:\/\/i0.wp.com\/www.freidenker.org\/fw17\/wp-content\/uploads\/2024\/06\/hartmann_paderborn_2024_800x450.jpg?fit=800%2C450&ssl=1&resize=350%2C200","width":350,"height":200,"srcset":"https:\/\/i0.wp.com\/www.freidenker.org\/fw17\/wp-content\/uploads\/2024\/06\/hartmann_paderborn_2024_800x450.jpg?fit=800%2C450&ssl=1&resize=350%2C200 1x, https:\/\/i0.wp.com\/www.freidenker.org\/fw17\/wp-content\/uploads\/2024\/06\/hartmann_paderborn_2024_800x450.jpg?fit=800%2C450&ssl=1&resize=525%2C300 1.5x, https:\/\/i0.wp.com\/www.freidenker.org\/fw17\/wp-content\/uploads\/2024\/06\/hartmann_paderborn_2024_800x450.jpg?fit=800%2C450&ssl=1&resize=700%2C400 2x"},"classes":[]},{"id":14345,"url":"https:\/\/www.freidenker.org\/?p=14345","url_meta":{"origin":20445,"position":2},"title":"Video: Matine\u00e9 &#8222;Wie der Wein Karl Marx zum Kommunisten machte&#8220;","author":"Webredaktion","date":"3. Oktober 2022","format":false,"excerpt":"Jens Baumeister aus Trier behandelt in seinem Buch \"Wie der Wein Karl Marx zum Kommunisten machte\" weniger bekannte Aspekte in Karl Marx\u2019 Leben und Werk: Wir lernen den Philosophen als Weinbergsbesitzer & Streiter fu\u0308r die Winzer kennen. Daneben gibt es Abschweifungen zu Marx\u2019 \u0301Ausschweifungen, Anekdotisches aus seinem Alltag und eher\u2026","rel":"","context":"In &quot;Kultur &amp; Kunst&quot;","block_context":{"text":"Kultur &amp; Kunst","link":"https:\/\/www.freidenker.org\/?cat=913"},"img":{"alt_text":"","src":"https:\/\/i0.wp.com\/www.freidenker.org\/fw17\/wp-content\/uploads\/2022\/10\/MarxUndWein_Screenshots_800x450.jpg?fit=800%2C450&ssl=1&resize=350%2C200","width":350,"height":200,"srcset":"https:\/\/i0.wp.com\/www.freidenker.org\/fw17\/wp-content\/uploads\/2022\/10\/MarxUndWein_Screenshots_800x450.jpg?fit=800%2C450&ssl=1&resize=350%2C200 1x, https:\/\/i0.wp.com\/www.freidenker.org\/fw17\/wp-content\/uploads\/2022\/10\/MarxUndWein_Screenshots_800x450.jpg?fit=800%2C450&ssl=1&resize=525%2C300 1.5x, https:\/\/i0.wp.com\/www.freidenker.org\/fw17\/wp-content\/uploads\/2022\/10\/MarxUndWein_Screenshots_800x450.jpg?fit=800%2C450&ssl=1&resize=700%2C400 2x"},"classes":[]},{"id":13050,"url":"https:\/\/www.freidenker.org\/?p=13050","url_meta":{"origin":20445,"position":3},"title":"Vortrag: Der Krieg in der Ukraine und wir","author":"Webredaktion","date":"8. Mai 2022","format":false,"excerpt":"Vortrag und Diskussion mit Klaus Hartmann, stellv. Vorsitzender des Deutschen Freidenker-Verbandes Sonntag, 15.05.2022, 11:00 Uhr Kulturwerkstatt Beckingen, Nikolausstr. 6, 66701 Beckingen Schwerpunkte: Freidenker zu Krieg und Frieden \/ Milit\u00e4rische Gewalt und das V\u00f6lkerrecht \/ Wann begann der Krieg in der Ukraine? \/ Was will der \u201eWesten\u201c? \/ Die Ukraine seit\u2026","rel":"","context":"In &quot;Veranstaltungen in den DFV-Landesverb\u00e4nden&quot;","block_context":{"text":"Veranstaltungen in den DFV-Landesverb\u00e4nden","link":"https:\/\/www.freidenker.org\/?cat=19"},"img":{"alt_text":"","src":"https:\/\/i0.wp.com\/www.freidenker.org\/fw17\/wp-content\/uploads\/2022\/05\/Ukraine_und_wir_Vortrag_800x450.jpg?fit=800%2C450&ssl=1&resize=350%2C200","width":350,"height":200,"srcset":"https:\/\/i0.wp.com\/www.freidenker.org\/fw17\/wp-content\/uploads\/2022\/05\/Ukraine_und_wir_Vortrag_800x450.jpg?fit=800%2C450&ssl=1&resize=350%2C200 1x, https:\/\/i0.wp.com\/www.freidenker.org\/fw17\/wp-content\/uploads\/2022\/05\/Ukraine_und_wir_Vortrag_800x450.jpg?fit=800%2C450&ssl=1&resize=525%2C300 1.5x, https:\/\/i0.wp.com\/www.freidenker.org\/fw17\/wp-content\/uploads\/2022\/05\/Ukraine_und_wir_Vortrag_800x450.jpg?fit=800%2C450&ssl=1&resize=700%2C400 2x"},"classes":[]},{"id":13169,"url":"https:\/\/www.freidenker.org\/?p=13169","url_meta":{"origin":20445,"position":4},"title":"Veranstaltungsvideo: Der Krieg in der Ukraine und wir","author":"Webredaktion","date":"19. Mai 2022","format":false,"excerpt":"In der Kulturwerkstatt Beckingen im Saarland fand am 15. Mai 2022 eine Sonntagsmatin\u00e9e statt, veranstaltet vom Freidenker-Landesverband Rheinland-Pfalz \/Saarland. Klaus Hartmann, stellv. Vorsitzender des Deutschen Freidenker-Verbandes ging auf die zahlreichen Fragen der \u00fcber 20 Teilnehmer ein, schwerpunktm\u00e4\u00dfig die v\u00f6lkerrechtlichen Aspekte des russischen Eingreifens in den Krieg, die westliche russophobe Propaganda\u2026","rel":"","context":"In &quot;Frieden - Antifaschismus - Solidarit\u00e4t&quot;","block_context":{"text":"Frieden - Antifaschismus - Solidarit\u00e4t","link":"https:\/\/www.freidenker.org\/?cat=13"},"img":{"alt_text":"","src":"https:\/\/i0.wp.com\/www.freidenker.org\/fw17\/wp-content\/uploads\/2022\/05\/KH_Ukraine_und_wir_3_800x450.jpg?fit=800%2C450&ssl=1&resize=350%2C200","width":350,"height":200,"srcset":"https:\/\/i0.wp.com\/www.freidenker.org\/fw17\/wp-content\/uploads\/2022\/05\/KH_Ukraine_und_wir_3_800x450.jpg?fit=800%2C450&ssl=1&resize=350%2C200 1x, https:\/\/i0.wp.com\/www.freidenker.org\/fw17\/wp-content\/uploads\/2022\/05\/KH_Ukraine_und_wir_3_800x450.jpg?fit=800%2C450&ssl=1&resize=525%2C300 1.5x, https:\/\/i0.wp.com\/www.freidenker.org\/fw17\/wp-content\/uploads\/2022\/05\/KH_Ukraine_und_wir_3_800x450.jpg?fit=800%2C450&ssl=1&resize=700%2C400 2x"},"classes":[]},{"id":14088,"url":"https:\/\/www.freidenker.org\/?p=14088","url_meta":{"origin":20445,"position":5},"title":"Sonntagsmatin\u00e9e: Wie der Wein Karl Marx zum Kommunisten machte","author":"Webredaktion","date":"29. August 2022","format":false,"excerpt":"Einladung zur Sonntagsmatin\u00e9e am Sonntag, 25. September 2022, 11.00 Uhr in der Kulturwerkstatt in 66701 Beckingen, Nikolausstra\u00dfe 6 Jens Baumeister, Kunsthistoriker & Weindozent, liest Passagen aus seinem gleichnamigen Buch, das 2022 mit dem Gourmand Award als weltbestes Werk in der Kategorie \"Drinks History\" ausgezeichnet wurde. Das Buch behandelt weniger bekannte\u2026","rel":"","context":"In &quot;Veranstaltungen in den DFV-Landesverb\u00e4nden&quot;","block_context":{"text":"Veranstaltungen in den DFV-Landesverb\u00e4nden","link":"https:\/\/www.freidenker.org\/?cat=19"},"img":{"alt_text":"","src":"https:\/\/i0.wp.com\/www.freidenker.org\/fw17\/wp-content\/uploads\/2022\/08\/marx_wein_kommunist_800x450.jpg?fit=800%2C450&ssl=1&resize=350%2C200","width":350,"height":200,"srcset":"https:\/\/i0.wp.com\/www.freidenker.org\/fw17\/wp-content\/uploads\/2022\/08\/marx_wein_kommunist_800x450.jpg?fit=800%2C450&ssl=1&resize=350%2C200 1x, https:\/\/i0.wp.com\/www.freidenker.org\/fw17\/wp-content\/uploads\/2022\/08\/marx_wein_kommunist_800x450.jpg?fit=800%2C450&ssl=1&resize=525%2C300 1.5x, https:\/\/i0.wp.com\/www.freidenker.org\/fw17\/wp-content\/uploads\/2022\/08\/marx_wein_kommunist_800x450.jpg?fit=800%2C450&ssl=1&resize=700%2C400 2x"},"classes":[]}],"_links":{"self":[{"href":"https:\/\/www.freidenker.org\/index.php?rest_route=\/wp\/v2\/posts\/20445","targetHints":{"allow":["GET"]}}],"collection":[{"href":"https:\/\/www.freidenker.org\/index.php?rest_route=\/wp\/v2\/posts"}],"about":[{"href":"https:\/\/www.freidenker.org\/index.php?rest_route=\/wp\/v2\/types\/post"}],"author":[{"embeddable":true,"href":"https:\/\/www.freidenker.org\/index.php?rest_route=\/wp\/v2\/users\/3"}],"replies":[{"embeddable":true,"href":"https:\/\/www.freidenker.org\/index.php?rest_route=%2Fwp%2Fv2%2Fcomments&post=20445"}],"version-history":[{"count":0,"href":"https:\/\/www.freidenker.org\/index.php?rest_route=\/wp\/v2\/posts\/20445\/revisions"}],"wp:featuredmedia":[{"embeddable":true,"href":"https:\/\/www.freidenker.org\/index.php?rest_route=\/wp\/v2\/media\/20447"}],"wp:attachment":[{"href":"https:\/\/www.freidenker.org\/index.php?rest_route=%2Fwp%2Fv2%2Fmedia&parent=20445"}],"wp:term":[{"taxonomy":"category","embeddable":true,"href":"https:\/\/www.freidenker.org\/index.php?rest_route=%2Fwp%2Fv2%2Fcategories&post=20445"},{"taxonomy":"post_tag","embeddable":true,"href":"https:\/\/www.freidenker.org\/index.php?rest_route=%2Fwp%2Fv2%2Ftags&post=20445"}],"curies":[{"name":"wp","href":"https:\/\/api.w.org\/{rel}","templated":true}]}}