{"id":204,"date":"2003-11-12T17:43:53","date_gmt":"2003-11-12T16:43:53","guid":{"rendered":"http:\/\/www.freidenker.org\/fw17\/?p=204"},"modified":"2021-10-30T18:23:57","modified_gmt":"2021-10-30T16:23:57","slug":"vertrag-zwischen-dem-heiligen-stuhl-und-dem-land-brandenburg","status":"publish","type":"post","link":"https:\/\/www.freidenker.org\/?p=204","title":{"rendered":"Vertrag zwischen dem Heiligen Stuhl und dem Land Brandenburg"},"content":{"rendered":"<h4>&#8222;VERTRAG zwischen dem Heiligen Stuhl und dem Land Brandenburg<\/h4>\n<p>Der HEILIGE STUHL, vertreten durch den Apostolischen Nuntius in Deutschland, Dr. Giovanni Lajolo, Titularerzbischof von Cesariana,<\/p>\n<p>und<\/p>\n<p>DAS LAND BRANDENBURG, vertreten durch den Ministerpr\u00e4sidenten, Herrn Matthias Platzeck,<\/p>\n<p>einig in dem Wunsch, die Beziehungen zwischen dem Land Brandenburg und der Katholischen Kirche in freundschaftlichem Geist zu festigen, fortzubilden und zu f\u00f6rdern,<\/p>\n<p>in Achtung der vom Grundgesetz f\u00fcr die Bundesrepublik Deutschland und von der Verfassung des Landes Brandenburg gew\u00e4hrleisteten Stellung der Katholischen Kirche im freiheitlichen und demokratischen Rechtsstaat,<\/p>\n<p>in Respekt vor der Glaubensfreiheit des einzelnen und vor der Religionsfreiheit,<\/p>\n<p>in Anerkennung der Bedeutung, die christlicher Glaube, kirchliches Leben und karitativer Dienst f\u00fcr Mitmenschlichkeit und Gemeinsinn der B\u00fcrger haben,<\/p>\n<p>in der \u00dcberzeugung, dass das Verh\u00e4ltnis zwischen Staat und Kirche von Eigenst\u00e4ndigkeit und Zusammenarbeit gepr\u00e4gt ist, und mit dem Ziel, die Zusammenarbeit zwischen dem Land und der Katholischen Kirche gemeinsam zu gestalten,<\/p>\n<p>unter Ber\u00fccksichtigung des in Geltung stehenden Konkordats zwischen dem Heiligen Stuhl und dem Deutschen Reich vom 20. Juli 1933, soweit es das Land Brandenburg bindet, und in W\u00fcrdigung des Vertrages des Freistaats Preu\u00dfen mit dem Heiligen Stuhl vom 14. Juni 1929&#8243;<\/p>\n<p>schlie\u00dfen folgenden Vertrag, durch den die Rechtslage der Katholischen Kirche in Brandenburg dauerhaft geregelt wird:<\/p>\n<p><span style=\"color: #808080;\">Quelle: http:\/\/www.ibka.org\/artikel\/ag03\/vertrag.html<\/span><\/p>\n<p><strong><em>Hier erfahren Sie Mehr:<\/em><\/strong><br \/>\n<a href=\"http:\/\/www.ibka.org\/artikel\/ag03\/vertrag.html\" target=\"_blank\" rel=\"noopener\">Entwurf: VERTRAG zwischen dem Heiligen Stuhl und dem Land Brandenburg<\/a><\/p>\n","protected":false},"excerpt":{"rendered":"<p><strong>Entwurf des Vertrages zwischen dem Heiligen Stuhl und dem Land Brandenburg<\/strong><br \/>\nDer HEILIGE STUHL, vertreten durch den Apostolischen Nuntius in Deutschland, Dr. Giovanni Lajolo, Titularerzbischof von Cesariana, und DAS LAND BRANDENBURG, vertreten durch den Ministerpr\u00e4sidenten, Herrn Matthias Platzeck, einig in dem Wunsch, die Beziehungen zwischen dem Land Brandenburg und der Katholischen Kirche in freundschaftlichem Geist zu festigen, fortzubilden und zu f\u00f6rdern, in Achtung der vom Grundgesetz f\u00fcr die Bundesrepublik Deutschland und von der Verfassung des Landes Brandenburg gew\u00e4hrleisteten Stellung der Katholischen Kirche im freiheitlichen und demokratischen Rechtsstaat, in Respekt vor der Glaubensfreiheit des einzelnen und vor der Religionsfreiheit, &#8230;. schlie\u00dfen folgenden Vertrag, durch den die Rechtslage der Katholischen Kirche in Brandenburg dauerhaft geregelt wird:<\/p>\n","protected":false},"author":2,"featured_media":205,"comment_status":"closed","ping_status":"closed","sticky":false,"template":"","format":"standard","meta":{"colormag_page_container_layout":"default_layout","colormag_page_sidebar_layout":"default_layout","advanced_seo_description":"","jetpack_seo_html_title":"","jetpack_seo_noindex":false,"jetpack_post_was_ever_published":false,"footnotes":""},"categories":[15],"tags":[1446,388,879,1167],"class_list":["post-204","post","type-post","status-publish","format-standard","has-post-thumbnail","hentry","category-religions-kirchenkritik","tag-ibka","tag-katholische-kirche","tag-konkordate","tag-land-brandenburg"],"jetpack_featured_media_url":"https:\/\/i0.wp.com\/www.freidenker.org\/fw17\/wp-content\/uploads\/2016\/05\/Handshake.jpg?fit=800%2C445&ssl=1","jetpack_shortlink":"https:\/\/wp.me\/p9stpK-3i","jetpack-related-posts":[{"id":207,"url":"https:\/\/www.freidenker.org\/?p=207","url_meta":{"origin":204,"position":0},"title":"Gemeinsame Stellungnahme zum Brandenburg-Konkordat","author":"Webmaster","date":"28. Oktober 2003","format":false,"excerpt":"Gemeinsame Stellungnahme vom 28. Oktober 2003 von sechs Verb\u00e4nden zum beabsichtigten Konkordat (Vertrag) zwischen dem Land Brandenburg und dem Heiligen Stuhl Vorangestellte Thesen: Das Konkordat ist nicht erforderlich. Das Konkordat ist faktisch unk\u00fcndbar. Das Verfahren zur Vertragserstellung ist undurchsichtig und unparlamentarisch. Den Sonderrechten und Privilegien f\u00fcr die katholische Kirche stehen\u2026","rel":"","context":"In &quot;Religions- &amp; Kirchenkritik, S\u00e4kulare Szene&quot;","block_context":{"text":"Religions- &amp; Kirchenkritik, S\u00e4kulare Szene","link":"https:\/\/www.freidenker.org\/?cat=15"},"img":{"alt_text":"","src":"https:\/\/i0.wp.com\/www.freidenker.org\/fw17\/wp-content\/uploads\/2016\/05\/Minister.jpg?fit=800%2C445&ssl=1&resize=350%2C200","width":350,"height":200,"srcset":"https:\/\/i0.wp.com\/www.freidenker.org\/fw17\/wp-content\/uploads\/2016\/05\/Minister.jpg?fit=800%2C445&ssl=1&resize=350%2C200 1x, https:\/\/i0.wp.com\/www.freidenker.org\/fw17\/wp-content\/uploads\/2016\/05\/Minister.jpg?fit=800%2C445&ssl=1&resize=525%2C300 1.5x, https:\/\/i0.wp.com\/www.freidenker.org\/fw17\/wp-content\/uploads\/2016\/05\/Minister.jpg?fit=800%2C445&ssl=1&resize=700%2C400 2x"},"classes":[]},{"id":16982,"url":"https:\/\/www.freidenker.org\/?p=16982","url_meta":{"origin":204,"position":1},"title":"Nie wieder Faschismus!","author":"Webredaktion","date":"19. September 2023","format":false,"excerpt":"Das B\u00fcndnis f\u00fcr Frieden Brandenburg und DIE LINKE BO DOM gedenken am 20. September 2023 den Opfern des chilenischen Pinochet-Putsches vor 50 Jahren und laden zu einer diesem Thema gewidmeten Veranstaltung mit Gina Pietsch und Fabio Costa am 29.09.2023 ein. Vor 50 Jahren, im September 1973, ereignete sich in Chile\u2026","rel":"","context":"In &quot;Frieden - Antifaschismus - Solidarit\u00e4t&quot;","block_context":{"text":"Frieden - Antifaschismus - Solidarit\u00e4t","link":"https:\/\/www.freidenker.org\/?cat=13"},"img":{"alt_text":"","src":"https:\/\/i0.wp.com\/www.freidenker.org\/fw17\/wp-content\/uploads\/2023\/09\/chile_dossier_putsch_fuenfzig_jahre_800x448.jpg?fit=800%2C448&ssl=1&resize=350%2C200","width":350,"height":200,"srcset":"https:\/\/i0.wp.com\/www.freidenker.org\/fw17\/wp-content\/uploads\/2023\/09\/chile_dossier_putsch_fuenfzig_jahre_800x448.jpg?fit=800%2C448&ssl=1&resize=350%2C200 1x, https:\/\/i0.wp.com\/www.freidenker.org\/fw17\/wp-content\/uploads\/2023\/09\/chile_dossier_putsch_fuenfzig_jahre_800x448.jpg?fit=800%2C448&ssl=1&resize=525%2C300 1.5x, https:\/\/i0.wp.com\/www.freidenker.org\/fw17\/wp-content\/uploads\/2023\/09\/chile_dossier_putsch_fuenfzig_jahre_800x448.jpg?fit=800%2C448&ssl=1&resize=700%2C400 2x"},"classes":[]},{"id":17936,"url":"https:\/\/www.freidenker.org\/?p=17936","url_meta":{"origin":204,"position":2},"title":"Galerie: Max-Sievers-Ehrung","author":"Webredaktion","date":"22. Januar 2024","format":false,"excerpt":"Bericht der Webredaktion Vor 80 Jahren haben die deutschen Faschisten den Vorsitzenden des Deutschen Freidenker-Verbandes im Zuchthaus Brandenburg-G\u00f6rden mit dem Fallbeil ermordet. Aus diesem Anlass trafen sich Freidenker aus Berlin, Brandenburg und Hessen zu einem ehrenden Gedenken am 17. Januar 2024 auf dem Urnenfriedhof Wedding in Berlin, wo sich das\u2026","rel":"","context":"In &quot;Geschichte&quot;","block_context":{"text":"Geschichte","link":"https:\/\/www.freidenker.org\/?cat=1162"},"img":{"alt_text":"","src":"https:\/\/i0.wp.com\/www.freidenker.org\/fw17\/wp-content\/uploads\/2024\/01\/Sievers-Ehrung_2024_154236_800x450.jpg?fit=800%2C450&ssl=1&resize=350%2C200","width":350,"height":200,"srcset":"https:\/\/i0.wp.com\/www.freidenker.org\/fw17\/wp-content\/uploads\/2024\/01\/Sievers-Ehrung_2024_154236_800x450.jpg?fit=800%2C450&ssl=1&resize=350%2C200 1x, https:\/\/i0.wp.com\/www.freidenker.org\/fw17\/wp-content\/uploads\/2024\/01\/Sievers-Ehrung_2024_154236_800x450.jpg?fit=800%2C450&ssl=1&resize=525%2C300 1.5x, https:\/\/i0.wp.com\/www.freidenker.org\/fw17\/wp-content\/uploads\/2024\/01\/Sievers-Ehrung_2024_154236_800x450.jpg?fit=800%2C450&ssl=1&resize=700%2C400 2x"},"classes":[]},{"id":630,"url":"https:\/\/www.freidenker.org\/?p=630","url_meta":{"origin":204,"position":3},"title":"Eine Aufkl\u00e4rung f\u00fcr die Teilnehmerinnen und Teilnehmer des XX. katholischen Weltjugendtag in K\u00f6ln und andere Interessierte","author":"Webmaster","date":"21. August 2005","format":false,"excerpt":"Beitrag von Karl C. Fischer Die Gro\u00dfkirchen in Deutschland, die nicht mal Steuern zahlen, besitzen Milliarden von Euro, eine Menge von Immobilien, lassen die Beh\u00f6rden gegen hohe Kosten Kirchensteuer, ihre Besch\u00e4ftigten \u00fcberwiegend vom Steuerzahler finanzieren, erhalten Milliarden Euros aus Steuermittel, nehmen Einfluss auf Wirtschaft, Medien, Politik und Schule, genie\u00dfen staatlichen\u2026","rel":"","context":"In &quot;Religions- &amp; Kirchenkritik, S\u00e4kulare Szene&quot;","block_context":{"text":"Religions- &amp; Kirchenkritik, S\u00e4kulare Szene","link":"https:\/\/www.freidenker.org\/?cat=15"},"img":{"alt_text":"","src":"https:\/\/i0.wp.com\/www.freidenker.org\/fw17\/wp-content\/uploads\/2016\/08\/Weltjugendtag_Krakau.jpg?fit=800%2C445&ssl=1&resize=350%2C200","width":350,"height":200,"srcset":"https:\/\/i0.wp.com\/www.freidenker.org\/fw17\/wp-content\/uploads\/2016\/08\/Weltjugendtag_Krakau.jpg?fit=800%2C445&ssl=1&resize=350%2C200 1x, https:\/\/i0.wp.com\/www.freidenker.org\/fw17\/wp-content\/uploads\/2016\/08\/Weltjugendtag_Krakau.jpg?fit=800%2C445&ssl=1&resize=525%2C300 1.5x, https:\/\/i0.wp.com\/www.freidenker.org\/fw17\/wp-content\/uploads\/2016\/08\/Weltjugendtag_Krakau.jpg?fit=800%2C445&ssl=1&resize=700%2C400 2x"},"classes":[]},{"id":20485,"url":"https:\/\/www.freidenker.org\/?p=20485","url_meta":{"origin":204,"position":4},"title":"Aufruf zur Demo &#8222;Kriegsgefahr stoppen&#8220; in Brandenburg\/Havel","author":"Webredaktion","date":"9. Dezember 2024","format":false,"excerpt":"Auf die Stra\u00dfe f\u00fcr den Frieden - Samstag, den 14. Dezember von 12-14 Uhr in Brandenburg\/Havel.\u00a0 In Zeiten, in denen f\u00fchrende Bundespolitiker immer mehr auf Kriegst\u00fcchtigkeit und Krieg setzen, m\u00fcssen wir als B\u00fcrger des Landes gegen diese Kriegspolitik mobil machen.\u00a0 Die wachsende Kriegsgefahr und die Ank\u00fcndigungen von Seiten CDU\/CSU, Gr\u00fcne\u2026","rel":"","context":"In &quot;Frieden - Antifaschismus - Solidarit\u00e4t&quot;","block_context":{"text":"Frieden - Antifaschismus - Solidarit\u00e4t","link":"https:\/\/www.freidenker.org\/?cat=13"},"img":{"alt_text":"","src":"https:\/\/i0.wp.com\/www.freidenker.org\/fw17\/wp-content\/uploads\/2024\/12\/Aufruf_DEMO_bbg_2024-12-14_800x450.jpg?fit=800%2C450&ssl=1&resize=350%2C200","width":350,"height":200,"srcset":"https:\/\/i0.wp.com\/www.freidenker.org\/fw17\/wp-content\/uploads\/2024\/12\/Aufruf_DEMO_bbg_2024-12-14_800x450.jpg?fit=800%2C450&ssl=1&resize=350%2C200 1x, https:\/\/i0.wp.com\/www.freidenker.org\/fw17\/wp-content\/uploads\/2024\/12\/Aufruf_DEMO_bbg_2024-12-14_800x450.jpg?fit=800%2C450&ssl=1&resize=525%2C300 1.5x, https:\/\/i0.wp.com\/www.freidenker.org\/fw17\/wp-content\/uploads\/2024\/12\/Aufruf_DEMO_bbg_2024-12-14_800x450.jpg?fit=800%2C450&ssl=1&resize=700%2C400 2x"},"classes":[]},{"id":16310,"url":"https:\/\/www.freidenker.org\/?p=16310","url_meta":{"origin":204,"position":5},"title":"Keine Bomber \u00fcber unseren K\u00f6pfen! Kein Werben f\u00fcrs Sterben!","author":"Webredaktion","date":"12. Juni 2023","format":false,"excerpt":"Zentrale Kundgebung gegen Air Defender 23 und gegen den Tag der Bundeswehr in Brandenburg an der Havel am 17.06.2023 Pressemitteilung des Organisationsteams des B\u00fcndnis f\u00fcr Frieden F\u00fcr Samstag, 17.06.2023 hat das B\u00fcndnis f\u00fcr Frieden Brandenburg eine Protestkundgebung gegen Air Defender 23, das gr\u00f6\u00dfte Luftman\u00f6ver in der Geschichte der NATO, angemeldet.\u2026","rel":"","context":"In &quot;Frieden - Antifaschismus - Solidarit\u00e4t&quot;","block_context":{"text":"Frieden - Antifaschismus - Solidarit\u00e4t","link":"https:\/\/www.freidenker.org\/?cat=13"},"img":{"alt_text":"","src":"https:\/\/i0.wp.com\/www.freidenker.org\/fw17\/wp-content\/uploads\/2023\/06\/Flyer_Brandeburg_2023-06-07_s1_auszug_800x450.jpg?fit=799%2C450&ssl=1&resize=350%2C200","width":350,"height":200,"srcset":"https:\/\/i0.wp.com\/www.freidenker.org\/fw17\/wp-content\/uploads\/2023\/06\/Flyer_Brandeburg_2023-06-07_s1_auszug_800x450.jpg?fit=799%2C450&ssl=1&resize=350%2C200 1x, https:\/\/i0.wp.com\/www.freidenker.org\/fw17\/wp-content\/uploads\/2023\/06\/Flyer_Brandeburg_2023-06-07_s1_auszug_800x450.jpg?fit=799%2C450&ssl=1&resize=525%2C300 1.5x, https:\/\/i0.wp.com\/www.freidenker.org\/fw17\/wp-content\/uploads\/2023\/06\/Flyer_Brandeburg_2023-06-07_s1_auszug_800x450.jpg?fit=799%2C450&ssl=1&resize=700%2C400 2x"},"classes":[]}],"_links":{"self":[{"href":"https:\/\/www.freidenker.org\/index.php?rest_route=\/wp\/v2\/posts\/204","targetHints":{"allow":["GET"]}}],"collection":[{"href":"https:\/\/www.freidenker.org\/index.php?rest_route=\/wp\/v2\/posts"}],"about":[{"href":"https:\/\/www.freidenker.org\/index.php?rest_route=\/wp\/v2\/types\/post"}],"author":[{"embeddable":true,"href":"https:\/\/www.freidenker.org\/index.php?rest_route=\/wp\/v2\/users\/2"}],"replies":[{"embeddable":true,"href":"https:\/\/www.freidenker.org\/index.php?rest_route=%2Fwp%2Fv2%2Fcomments&post=204"}],"version-history":[{"count":0,"href":"https:\/\/www.freidenker.org\/index.php?rest_route=\/wp\/v2\/posts\/204\/revisions"}],"wp:featuredmedia":[{"embeddable":true,"href":"https:\/\/www.freidenker.org\/index.php?rest_route=\/wp\/v2\/media\/205"}],"wp:attachment":[{"href":"https:\/\/www.freidenker.org\/index.php?rest_route=%2Fwp%2Fv2%2Fmedia&parent=204"}],"wp:term":[{"taxonomy":"category","embeddable":true,"href":"https:\/\/www.freidenker.org\/index.php?rest_route=%2Fwp%2Fv2%2Fcategories&post=204"},{"taxonomy":"post_tag","embeddable":true,"href":"https:\/\/www.freidenker.org\/index.php?rest_route=%2Fwp%2Fv2%2Ftags&post=204"}],"curies":[{"name":"wp","href":"https:\/\/api.w.org\/{rel}","templated":true}]}}