{"id":20258,"date":"2024-11-10T20:32:54","date_gmt":"2024-11-10T19:32:54","guid":{"rendered":"https:\/\/www.freidenker.org\/?p=20258"},"modified":"2025-01-02T15:58:20","modified_gmt":"2025-01-02T14:58:20","slug":"europas-weg-in-den-ersten-weltkrieg","status":"publish","type":"post","link":"https:\/\/www.freidenker.org\/?p=20258","title":{"rendered":"Europas Weg in den Ersten Weltkrieg"},"content":{"rendered":"<p><em>Historischer \u00dcberblick von<strong>\u00a0Wolfgang Sch\u00fcrer<\/strong><\/em><\/p>\n<h5>1. Die 22 Staaten in Europa 1914<\/h5>\n<p>6 Staaten waren <strong>Gro\u00dfm\u00e4chte<\/strong>: Das <strong>Vereinigtes K\u00f6nigreich<\/strong> (mit dem Empire), <strong>Deutschland<\/strong> (mit Kolonien), <strong>Russland<\/strong> (Vielv\u00f6lkerstaat), <strong>Frankreich<\/strong> (mit Kolonien), <strong>\u00d6sterreich-Ungarn<\/strong> (Vielv\u00f6lkerstaat), <strong>Italien<\/strong> (mit Kolonien).<\/p>\n<p>Die <strong>T\u00fcrkei<\/strong> (damals das Osmanische Reich, ein Vielv\u00f6lkerstaat) und <strong>Spanien<\/strong> waren <strong>ehemalige Gro\u00dfm\u00e4chte<\/strong>.<\/p>\n<p>Die <strong>Niederlande<\/strong>, <strong>Belgien<\/strong> und <strong>Portugal <\/strong>besa\u00dfen noch umfangreiche <strong>Kolonialreiche<\/strong>.<\/p>\n<p>Die 11 anderen Staaten waren:<br \/>\n<strong>S\u00fcdosteuropa<\/strong>: Rum\u00e4nien, Bulgarien, Serbien, Griechenland, Albanien, Montenegro;<br \/>\n<strong>Nordeuropa<\/strong>: Schweden, D\u00e4nemark, Norwegen;<br \/>\n<strong>Sonstige<\/strong>: Schweiz, Luxemburg.<\/p>\n<h5>2. Die Mittellage von Deutschland und \u00d6sterreich -Ungarn<\/h5>\n<p>Die beiden <strong>Gro\u00dfm\u00e4chte <\/strong>hatten eine <strong>gemeinsame Grenze<\/strong> und grenzten beide an die <strong>Gro\u00dfmacht Russland<\/strong>. <strong>Deutschland<\/strong> grenzte au\u00dferdem an die <strong>Gro\u00dfmacht Frankreich<\/strong>, <strong>\u00d6sterreich-Ungarn<\/strong> an die <strong>Gro\u00dfmacht Italien<\/strong>.<\/p>\n<p><strong>Deutschland<\/strong> grenzte an D\u00e4nemark, die Niederlande, Belgien und Luxemburg.<\/p>\n<p><strong>\u00d6sterreich-Ungarn<\/strong> grenzte an Rum\u00e4nien, Serbien und Montenegro.<\/p>\n<p>Beide Gro\u00dfm\u00e4chte hatten jeweils eine Grenze mit der Schweiz.<\/p>\n<p><strong>Deutschland<\/strong> hatte 1871 das Elsass und Teile Lothringens von<strong> Frankreich<\/strong> <strong>annektiert<\/strong>.<\/p>\n<p><strong>Frankreich<\/strong> war seither ein <strong>scharfer Gegner Deutschlands<\/strong>.<\/p>\n<p>In <strong>S\u00fcdosteuropa<\/strong> kollidierten die Interessen <strong>\u00d6sterreich-Ungarns<\/strong> und <strong>Russlands.<\/strong><\/p>\n<p>Am 07. Oktober 1879 hatten <strong>Deutschland<\/strong> und <strong>\u00d6sterreich-Ungarn<\/strong> ein <strong>Milit\u00e4rb\u00fcndnis<\/strong> gegen <strong>Russland<\/strong> geschlossen.<\/p>\n<p>In <strong>S\u00fcdosteuropa kollidierten <\/strong>ferner die Interessen <strong>\u00d6sterreich-Ungarns<\/strong> und <strong>Italiens<\/strong>.<\/p>\n<p>Im Grenzgebiet <strong>\u00d6sterreich-Ungarns<\/strong> zu <strong>Italien<\/strong> wohnte eine <strong>ethnisch-italienische<\/strong> Minderheit. <strong>Italien<\/strong> beanspruchte diese Gebiete. Beide Gro\u00dfm\u00e4chte hatten sich 1914 auf einen <strong>Krieg gegeneinander<\/strong> vorbereitet.<\/p>\n<h5>3. Die Sprachen im Vielv\u00f6lkerstaat \u00d6sterreich-Ungarn<\/h5>\n<p><strong>\u00d6sterreich-Ungarn <\/strong>war, nach <strong>Russland<\/strong> und <strong>Deutschland<\/strong>, der Staat mit der <strong>drittgr\u00f6\u00dften Einwohnerzahl<\/strong> in Europa. Beim Zensus von 2010 gaben 23,36 % der Einwohner <strong>Deutsch<\/strong> und 19,57 % <strong>Ungarisch<\/strong> als Hauptumgangssprachen an.<\/p>\n<p>44,79 % nannten 6 <strong>slawische Sprachen<\/strong> (Tschechisch, Polnisch, Kroatisch-Serbisch-Bosnisch, Ukrainisch, Slowakisch, Slowenisch;).<\/p>\n<p>7,77 % nannten 2 <strong>romanische Sprachen<\/strong> (Rum\u00e4nisch und Italienisch).<\/p>\n<p>4,51 % machten andere Angaben.<\/p>\n<h5>4. Russland und die slawischen Minderheiten \u00d6sterreich-Ungarns<\/h5>\n<p><strong>Russland<\/strong>, das sich zum <strong>Schutzherrn<\/strong> aller Slawen au\u00dferhalb des Zarenreiches ernannt hatte, versuchte, mit <strong>panslawistischer Propaganda<\/strong> unter den 8 slawischen Ethnien, <strong>\u00d6sterreich-Ungarn<\/strong> zu destabilisieren.<\/p>\n<h5>5. Serbien und die S\u00fcdslawen \u00d6sterreich-Ungarns<\/h5>\n<p>Die Wohngebiete der <strong>Kroaten<\/strong>, <strong>Slowenen<\/strong> und <strong>muslimische Bosnier<\/strong> lagen in <strong>\u00d6sterreich-Ungarn<\/strong>. Die <strong>ethnischen Serben<\/strong> waren jedoch zwischen <strong>Serbien<\/strong> (ca. 60 %) und <strong>\u00d6sterreich-Ungarn<\/strong> (etwa 40 %) aufgeteilt. <strong>Serbien<\/strong> hatte das Ziel, diese Gebiete <strong>\u00d6sterreich-Ungarns<\/strong> mit sich zu vereinen.<\/p>\n<h5>6. Rum\u00e4nien, ein Land zwischen \u00d6sterreich-Ungarn und Russland<\/h5>\n<p>1914 wohnten etwa 25 % aller <strong>ethnischen Rum\u00e4nen<\/strong> in <strong>\u00d6sterreich-Ungarn<\/strong> und ca. 15 % in <strong>Russland<\/strong>. Die ethnischen Rum\u00e4nen hatten <strong>Wohngebiete<\/strong> in diesen beiden Gro\u00dfm\u00e4chten. <strong>Rum\u00e4nien<\/strong> wollte diese Gebiete mit sich vereinen.<\/p>\n<h5>7. Das franz\u00f6sisch-russische B\u00fcndnis gegen Deutschland<\/h5>\n<p>Es wurde, auf <strong>franz\u00f6sische Initiative<\/strong>, am 05. August 1892 unterzeichnet und trat am 04. Januar 1894 in Kraft. F\u00fcr <strong>Frankreich<\/strong> trat der B\u00fcndnisfall ein, wenn <strong>Russland<\/strong> im Krieg mit <strong>Deutschland<\/strong> w\u00e4re, oder, wenn <strong>Russland<\/strong> im Krieg mit <strong>\u00d6sterreich-Ungarn<\/strong> w\u00e4re und <strong>\u00d6sterreich-Ungarn<\/strong> von <strong>Deutschland<\/strong> unterst\u00fctzt w\u00fcrde. F\u00fcr <strong>Russland <\/strong>trat der B\u00fcndnisfall ein, wenn <strong>Frankreich<\/strong> im Krieg mit <strong>Deutschland<\/strong> w\u00e4re.<\/p>\n<p><strong>Deutschland<\/strong> war die <strong>einzige<\/strong> der 6 <strong>Gro\u00dfm\u00e4chte<\/strong> in Europa, die <strong>sofort <\/strong>mit einem <strong>Zweifrontenkrieg<\/strong> gegen 2 andere Gro\u00dfm\u00e4chte rechnen musste.<\/p>\n<h5>8. Die Rolle des Vereinigten K\u00f6nigreiches<\/h5>\n<p>Es war die <strong>einzige<\/strong> der 6 Gro\u00dfm\u00e4chte, die an <strong>keine<\/strong> andere Gro\u00dfmacht grenzte.<\/p>\n<p>Es betrachtete seit dem <strong>Wiener Kongress <\/strong>1814\/15 <strong>Russland<\/strong> als seinen Hauptgegner.<\/p>\n<p>Es schloss am 08. April 1904 mit <strong>Frankreich<\/strong> die ENTENTE CORDIAL, de jure ein Abkommen zum <strong>Interessenausgleich<\/strong> in der beiderseitigen Kolonialpolitik, de facto ein <strong>Nichtangriffspakt<\/strong>, der die<strong> Zusammenarbeit<\/strong> beider Gro\u00dfm\u00e4chte gegen <strong>Deutschland<\/strong> einleitete. Im <strong>Japanisch-Russischen Krieg<\/strong> 1904-1905 stand das <strong>Vereinigte K\u00f6nigreich<\/strong> auf der Seite <strong>Japans<\/strong>. Danach betrachtete es <strong>Deutschland<\/strong> als seinen Hauptgegner. Am 31. August 1907, in Sankt Petersburg, schloss das <strong>Vereinigte K\u00f6nigreich<\/strong> mit <strong>Russland<\/strong> einen Vertrag zum <strong>Interessenausgleich<\/strong> in Mittelasien<strong>. <\/strong>Der Vertrag war faktisch <strong>gegen Deutschland<\/strong> gerichtet. Die ENTENTE CORDIAL war zur TRIPLE ENTENTE erweitert worden.<\/p>\n<h5>9. Der italienisch-t\u00fcrkische Krieg 1911-1912, eine weitere Eskalationsstufe<\/h5>\n<p><strong>Italien<\/strong> n\u00e4herte sich der TRIPLE ENTENTE an.<\/p>\n<p><strong>Deutschland<\/strong> und <strong>\u00d6sterreich-Ungarn <\/strong>betrachteten die <strong>T\u00fcrkei <\/strong>als Partner.<\/p>\n<p>Am 29. September 1911 erkl\u00e4rte <strong>Italien <\/strong>der <strong>T\u00fcrkei<\/strong> den Krieg. <strong>Italien<\/strong> erhielt, im Friedensvertrag von Lausanne, vom 18. Oktober 1912, <strong>Libyen <\/strong>und den <strong>Dodekanes<\/strong>, eine \u00e4g\u00e4ische Inselgruppe, von der <strong>T\u00fcrkei<\/strong>.<\/p>\n<h5>10. Die Balkan-Stellvertreterkriege 1912-1913 als letzte Eskalationsstufe<\/h5>\n<p><strong>Russland<\/strong> ermunterte <strong>Bulgarien<\/strong>, <strong>Serbien<\/strong>, <strong>Griechenland<\/strong> und <strong>Montenegro<\/strong> zum Angriff auf die <strong>T\u00fcrkei<\/strong>. Der Angriff, unterst\u00fctzt von <strong>Italien<\/strong>, begann am 08. Oktober 1912.<\/p>\n<p><strong>Deutschland<\/strong> und <strong>\u00d6sterreich-Ungarn <\/strong>unterst\u00fctzten die <strong>T\u00fcrkei<\/strong>.<strong> Albanien <\/strong>erkl\u00e4rte am 28. November 1912 seine Unabh\u00e4ngigkeit von der <strong>T\u00fcrkei<\/strong>. Die restliche <strong>europ\u00e4ische T\u00fcrkei<\/strong> wurde fast vollst\u00e4ndig unter die 4 <strong>Balkanstaaten<\/strong> aufgeteilt.<\/p>\n<p><strong>Bulgarien<\/strong>, der Hauptgewinner, griff am 29. Juni 1913 <strong>Serbien<\/strong> und <strong>Griechenland<\/strong> an.<\/p>\n<p><strong>Rum\u00e4nien<\/strong>, <strong>Montenegro<\/strong> und die <strong>T\u00fcrkei<\/strong> stellten sich gegen <strong>Bulgarien<\/strong>, das in den Vertr\u00e4gen zu Bukarest (10. August 1913, mit den 4 <strong>Balkanstaaten<\/strong>) und Konstantinopel (29. September 1913, mit der <strong>T\u00fcrkei<\/strong>) auf viele <strong>Gebietsgewinne<\/strong> verzichten musste.<\/p>\n<p><strong>Bulgarien<\/strong> n\u00e4herte sich <strong>Deutschland<\/strong> und <strong>\u00d6sterreich-Ungarn<\/strong> an. <strong>Serbien<\/strong> und <strong>Griechenland<\/strong> stellten Gebietsanspr\u00fcche an <strong>Albanien<\/strong>. <strong>\u00d6sterreich-Ungarn<\/strong> stellte sich auf die Seite <strong>Albaniens<\/strong>. <strong>Italien<\/strong> stellte sich gegen <strong>Albanien<\/strong>.<\/p>\n<h5>11. Deutschlands Pl\u00e4ne f\u00fcr einen Zweifrontenkrieg<\/h5>\n<p><strong>Helmut Graf von Moltke <\/strong>war seit 1857 Chef des <strong>preu\u00dfischen<\/strong> und 1871-1888 Chef des <strong>deutschen Generalstabes<\/strong>. <strong>Otto von Bismarck <\/strong>war 1862-<strong>1890<\/strong> <strong>Ministerpr\u00e4sident<\/strong> <strong>Preu\u00dfens<\/strong> und 1871-<strong>1890<\/strong> <strong>deutscher Reichskanzler<\/strong>. Beide wollten den Krieg, an der <strong>Westfront<\/strong> und der <strong>Ostfront<\/strong>, jeweils mit der H\u00e4lfte der deutschen Truppen, <strong>defensiv<\/strong> f\u00fchren, und den Krieg <strong>diplomatisch <\/strong>beenden. Ab <strong>1890<\/strong> sollte der Krieg gegen <strong>Frankreich<\/strong> <strong>defensiv<\/strong>, der Krieg gegen <strong>Russland<\/strong>, zusammen mit <strong>\u00d6sterreich-Ungarn<\/strong>, <strong>offensiv<\/strong> gef\u00fchrt werden. Zuerst wollte man <strong>Russland<\/strong>, dann <strong>Frankreich<\/strong> zum Frieden zwingen.<\/p>\n<p>Nach der <strong>britisch-franz\u00f6sischen<\/strong> ENTENTE CORDIALE<strong> 1904<\/strong> musste <strong>Deutschland<\/strong> auch mit einem Krieg gegen das <strong>Vereinigte K\u00f6nigreich<\/strong> und das <strong>Empire <\/strong>rechnen.<\/p>\n<p><strong>Alfred von Schlieffen<\/strong> war 1891-1906 <strong>deutscher Generalstabschef<\/strong> und verfasste 1905 folgenden Plan: Die Hauptmasse der deutschen Truppen sollte im <strong>Westen <\/strong>aufmarschieren, <strong>Frankreich<\/strong> \u00fcber die <strong>Niederlande<\/strong>, <strong>Belgien<\/strong> und <strong>Luxemburg <\/strong>angreifen, und <strong>Frankreich <\/strong>zum Frieden zwingen. <strong>\u00d6sterreich-Ungarn<\/strong> sollte zun\u00e4chst die <strong>Hauptlast<\/strong> des Krieges gegen <strong>Russland<\/strong> tragen. Nach dem <strong>Sieg<\/strong> \u00fcber <strong>Frankreich<\/strong> sollte die Hauptmasse der deutschen Truppen <strong>Russland<\/strong> angreifen und zum Frieden zwingen. Man wusste, dass man das <strong>Vereinigte K\u00f6nigreich<\/strong> und das <strong>Empire<\/strong> <strong>nicht<\/strong> zum Frieden zwingen k\u00f6nnte, hoffte jedoch, dass man mit der damals <strong>einzigen Weltmacht<\/strong> einen <strong>diplomatischen Interessenausgleich<\/strong> erreichen k\u00f6nnte.<\/p>\n<p>Der <strong>Schlieffenplan<\/strong> wurde mehrfach modifiziert, es sollte <strong>kein<\/strong> Einmarsch in die <strong>Niederlande<\/strong> erfolgen, da man hoffte, \u00fcber diesen <strong>neutralen Staat<\/strong> noch einen gewissen <strong>\u00fcberseeischen Handel<\/strong> f\u00fchren zu k\u00f6nnen.<\/p>\n<h5>12. Weitere Bemerkungen zur Eskalation 1911-1913<\/h5>\n<p>Am 07. Februar 1911 schloss das <strong>Vereinigte<\/strong> <strong>K\u00f6nigreich<\/strong> mit den <strong>Vereinigten Staaten<\/strong>, deren Aufstieg zur <strong>Weltmacht<\/strong> bereits begonnen hatte, einen <strong>Schiedsvertrag<\/strong>: Jeder Interessenkonflikt zwischen beiden Staaten sollten<strong> schiedsgerichtlich<\/strong> geregelt werden.<\/p>\n<p><strong>Deutschland <\/strong>musste nunmehr damit rechnen, dass die <strong>Vereinigten Staaten<\/strong> im Falle eines britisch-deutschen Krieges auf der <strong>britischen Seite<\/strong> stehen w\u00fcrden. Der modifizierte <strong>Schlieffenplan<\/strong> war ab <strong>1913<\/strong> der <strong>einzige Kriegsplan<\/strong>, der jetzt noch in <strong>Deutschland <\/strong>vorbereitet wurde. <strong>Deutschland<\/strong> setzte alles auf eine <strong>Karte<\/strong>, einen <strong>Blitzsieg<\/strong> \u00fcber <strong>Frankreich<\/strong>.<\/p>\n<h5>13. Bemerkungen zum Ersten Weltkrieg<\/h5>\n<p>4 der 22 Staaten in <strong>Europa<\/strong> geh\u00f6rten zu den <strong>Mittelm\u00e4chten<\/strong>, 10 zu den <strong>Alliierten<\/strong>.<\/p>\n<p>2 Staaten wurden <strong>trotz Neutralit\u00e4t besetzt<\/strong>. 6 Staaten blieben<strong> neutral<\/strong> und <strong>unbesetzt<\/strong>.<\/p>\n<p>Zuerst erkl\u00e4rte <strong>\u00d6sterreich-Ungarn<\/strong> den Krieg an <strong>Serbien<\/strong>. Die folgenden Daten geben jeweils den Tag des <strong>Eintritts<\/strong> in den Ersten Weltkrieg an.<\/p>\n<table style=\"width: 44.8435%; height: 623px;\">\n<tbody>\n<tr style=\"background-color: #c8c8c8;\">\n<td><span style=\"font-size: 10pt;\"><strong>Land<\/strong><\/span><\/td>\n<td><span style=\"font-size: 10pt;\"><strong>Kriegseintritt<\/strong><\/span><\/td>\n<\/tr>\n<tr style=\"background-color: #ffdcb4;\">\n<td style=\"height: 24px;\" width=\"302\"><span style=\"font-size: 10pt;\"><strong>Mittelm\u00e4chte<\/strong><\/span><\/td>\n<td style=\"height: 24px;\" width=\"302\"><\/td>\n<\/tr>\n<tr style=\"height: 24px;\">\n<td style=\"height: 24px;\" width=\"302\"><span style=\"font-size: 10pt;\">\u00d6sterreich-Ungarn<\/span><\/td>\n<td style=\"height: 24px;\" width=\"302\"><span style=\"font-size: 10pt;\">28.07.14<\/span><\/td>\n<\/tr>\n<tr style=\"height: 24px;\">\n<td style=\"height: 24px;\" width=\"302\"><span style=\"font-size: 10pt;\">Deutschland<\/span><\/td>\n<td style=\"height: 24px;\" width=\"302\"><span style=\"font-size: 10pt;\">01.08.14<\/span><\/td>\n<\/tr>\n<tr style=\"height: 24px;\">\n<td style=\"height: 24px;\" width=\"302\"><span style=\"font-size: 10pt;\">T\u00fcrkei<\/span><\/td>\n<td style=\"height: 24px;\" width=\"302\"><span style=\"font-size: 10pt;\">02.11.14<\/span><\/td>\n<\/tr>\n<tr style=\"height: 24px;\">\n<td style=\"height: 24px;\" width=\"302\"><span style=\"font-size: 10pt;\">Bulgarien<\/span><\/td>\n<td style=\"height: 24px;\" width=\"302\"><span style=\"font-size: 10pt;\">14.10.15<\/span><\/td>\n<\/tr>\n<tr style=\"background-color: #ffdcb4;\">\n<td style=\"height: 24px;\" width=\"302\"><span style=\"font-size: 10pt;\"><strong>Alliierte<\/strong><\/span><\/td>\n<td style=\"height: 24px;\" width=\"302\"><\/td>\n<\/tr>\n<tr style=\"height: 24px;\">\n<td style=\"height: 24px;\" width=\"302\"><span style=\"font-size: 10pt;\">Serbien<\/span><\/td>\n<td style=\"height: 24px;\" width=\"302\"><span style=\"font-size: 10pt;\">01.08.14<\/span><\/td>\n<\/tr>\n<tr style=\"height: 24px;\">\n<td style=\"height: 24px;\" width=\"302\"><span style=\"font-size: 10pt;\">Russland<\/span><\/td>\n<td style=\"height: 24px;\" width=\"302\"><span style=\"font-size: 10pt;\">01.08.14<\/span><\/td>\n<\/tr>\n<tr style=\"height: 24px;\">\n<td style=\"height: 24px;\" width=\"302\"><span style=\"font-size: 10pt;\">Frankreich<\/span><\/td>\n<td style=\"height: 24px;\" width=\"302\"><span style=\"font-size: 10pt;\">03.08.14<\/span><\/td>\n<\/tr>\n<tr style=\"height: 24px;\">\n<td style=\"height: 24px;\" width=\"302\"><span style=\"font-size: 10pt;\">Belgien<\/span><\/td>\n<td style=\"height: 24px;\" width=\"302\"><span style=\"font-size: 10pt;\">04.08.14<\/span><\/td>\n<\/tr>\n<tr style=\"height: 24px;\">\n<td style=\"height: 24px;\" width=\"302\"><span style=\"font-size: 10pt;\">Vereinigtes K\u00f6nigreich<\/span><\/td>\n<td style=\"height: 24px;\" width=\"302\"><span style=\"font-size: 10pt;\">04.08.14<\/span><\/td>\n<\/tr>\n<tr style=\"height: 24px;\">\n<td style=\"height: 24px;\" width=\"302\"><span style=\"font-size: 10pt;\">Montenegro<\/span><\/td>\n<td style=\"height: 24px;\" width=\"302\"><span style=\"font-size: 10pt;\">07.08.14<\/span><\/td>\n<\/tr>\n<tr style=\"height: 24px;\">\n<td style=\"height: 24px;\" width=\"302\"><span style=\"font-size: 10pt;\">Italien<\/span><\/td>\n<td style=\"height: 24px;\" width=\"302\"><span style=\"font-size: 10pt;\">23.05.15<\/span><\/td>\n<\/tr>\n<tr style=\"height: 24px;\">\n<td style=\"height: 24px;\" width=\"302\"><span style=\"font-size: 10pt;\">Portugal<\/span><\/td>\n<td style=\"height: 24px;\" width=\"302\"><span style=\"font-size: 10pt;\">09.03.16 <sup>A<\/sup><\/span><\/td>\n<\/tr>\n<tr style=\"height: 24px;\">\n<td style=\"height: 24px;\" width=\"302\"><span style=\"font-size: 10pt;\">Rum\u00e4nien<\/span><\/td>\n<td style=\"height: 24px;\" width=\"302\"><span style=\"font-size: 10pt;\">27.08.16<\/span><\/td>\n<\/tr>\n<tr style=\"height: 24px;\">\n<td style=\"height: 24px;\" width=\"302\"><span style=\"font-size: 10pt;\">Griechenland<\/span><\/td>\n<td style=\"height: 24px;\" width=\"302\"><span style=\"font-size: 10pt;\">30.06.17 <sup>B<\/sup><\/span><\/td>\n<\/tr>\n<tr style=\"background-color: #ffdcb4;\">\n<td style=\"height: 24px;\" width=\"302\"><span style=\"font-size: 10pt;\"><strong>Unbesetzte neutrale Staaten<\/strong><\/span><\/td>\n<td style=\"height: 24px;\" width=\"302\"><\/td>\n<\/tr>\n<tr style=\"height: 24px;\">\n<td style=\"height: 24px;\" width=\"302\"><span style=\"font-size: 10pt;\">Spanien<\/span><\/td>\n<td style=\"height: 24px;\" width=\"302\"><\/td>\n<\/tr>\n<tr style=\"height: 24px;\">\n<td style=\"height: 24px;\" width=\"302\"><span style=\"font-size: 10pt;\">Niederlande<\/span><\/td>\n<td style=\"height: 24px;\" width=\"302\"><\/td>\n<\/tr>\n<tr style=\"height: 24px;\">\n<td style=\"height: 24px;\" width=\"302\"><span style=\"font-size: 10pt;\">Schweden<\/span><\/td>\n<td style=\"height: 24px;\" width=\"302\"><\/td>\n<\/tr>\n<tr style=\"height: 24px;\">\n<td style=\"height: 24px;\" width=\"302\"><span style=\"font-size: 10pt;\">D\u00e4nemark<\/span><\/td>\n<td style=\"height: 24px;\" width=\"302\"><\/td>\n<\/tr>\n<tr style=\"height: 24px;\">\n<td style=\"height: 24px;\" width=\"302\"><span style=\"font-size: 10pt;\">Norwegen<\/span><\/td>\n<td style=\"height: 24px;\" width=\"302\"><\/td>\n<\/tr>\n<tr style=\"height: 24px;\">\n<td style=\"height: 24px;\" width=\"302\"><span style=\"font-size: 10pt;\">Schweiz<\/span><\/td>\n<td style=\"height: 24px;\" width=\"302\"><\/td>\n<\/tr>\n<tr style=\"height: 24px; background-color: #ffdcb4;\">\n<td style=\"height: 24px;\" width=\"302\"><span style=\"font-size: 10pt;\"><strong>Trotz Neutralit\u00e4t besetzte Staaten<\/strong><\/span><\/td>\n<td style=\"height: 24px;\" width=\"302\"><\/td>\n<\/tr>\n<tr style=\"height: 23px;\">\n<td style=\"height: 23px;\" width=\"302\"><span style=\"font-size: 10pt;\">Luxemburg<\/span><\/td>\n<td style=\"height: 23px;\" width=\"302\"><span style=\"font-size: 10pt;\">von Deutschland am 02.08.14<\/span><\/td>\n<\/tr>\n<tr style=\"height: 24px;\">\n<td style=\"height: 24px;\" width=\"302\"><span style=\"font-size: 10pt;\">Albanien<\/span><\/td>\n<td style=\"height: 24px;\" width=\"302\"><span style=\"font-size: 10pt;\">zuerst von Italien ab 28.10. 14<\/span><\/td>\n<\/tr>\n<\/tbody>\n<\/table>\n<p><sup>A<\/sup> England und Portugal sind seit 1386 verb\u00fcndet.<br \/>\n<sup>B<\/sup> Die Alliierten besetzten Griechenland ab Februar 1915.<\/p>\n<p>Am 05. Dezember 1917, nach der <strong>sozialistischen Revolution<\/strong> am 07. November 1917 (25. Oktober 1917 nach dem<strong> Julianischen Kalender<\/strong>), schloss <strong>Russland<\/strong> mit den <strong>Mittelm\u00e4chten<\/strong> einen <strong>Waffenstillstand<\/strong> und schied am 03. M\u00e4rz 1918, durch den <strong>Friedensvertrag<\/strong> von Brest-Litowsk, endg\u00fcltig aus den <strong>Alliierten<\/strong> aus.<\/p>\n<p>Am 06. April 1917 waren die <strong>Vereinigten Staaten<\/strong>, auf der Seite der<strong> Alliierten<\/strong>, in den Krieg eingetreten. Die <strong>Alliierten<\/strong> besiegten die <strong>Mittelm\u00e4chte<\/strong> im Herbst 1918. <strong>Bulgarien<\/strong> <strong>kapitulierte<\/strong> am 29. September, die <strong>T\u00fcrkei<\/strong> am 30. Oktober, <strong>\u00d6sterreich-Ungarn<\/strong> am 03. November, <strong>Deutschland<\/strong> am 11. November. <strong>\u00d6sterreich-Ungarn<\/strong> zerfiel.<\/p>\n<p>Die <strong>Vereinigten Staaten <\/strong>waren die <strong>Weltmacht<\/strong> Nummer Eins geworden.<\/p>\n<p style=\"text-align: right;\"><em>Wolfgang Sch\u00fcrer ist Vorsitzender des Kreisverbandes Offenbach a. M. der Freidenker<\/em><\/p>\n<hr \/>\n<p><span style=\"font-size: 10pt;\">Bild oben: <b> <\/b> &#8222;Der Weltkrieg&#8220; ( Zigarettensammelalbum des Cigarretten Bilddienstes Dresden ) &#8211; Transport deutscher Truppen an die Westfront (1914 ).<\/span><br \/>\n<span style=\"font-size: 10pt;\">Repro: Wolfgang Sauber, <a href=\"https:\/\/creativecommons.org\/licenses\/by-sa\/4.0\" target=\"_blank\" rel=\"noopener\">CC BY-SA 4.0<\/a><\/span><br \/>\n<span style=\"font-size: 10pt;\">Quelle: <a href=\"https:\/\/commons.wikimedia.org\/w\/index.php?curid=97441850\" target=\"_blank\" rel=\"noopener\">https:\/\/commons.wikimedia.org\/w\/index.php?curid=97441850<\/a><\/span><\/p>\n","protected":false},"excerpt":{"rendered":"<p><b>Historischer \u00dcberblick von\u00a0Wolfgang Sch\u00fcrer<\/b><br \/>\nDie 22 Staaten in Europa 1914: 6 Staaten waren Gro\u00dfm\u00e4chte: Das Vereinigtes K\u00f6nigreich (mit dem Empire), Deutschland (mit Kolonien), Russland (Vielv\u00f6lkerstaat), Frankreich (mit Kolonien), \u00d6sterreich-Ungarn (Vielv\u00f6lkerstaat), Italien (mit Kolonien). Die T\u00fcrkei (damals das Osmanische Reich, ein Vielv\u00f6lkerstaat) und Spanien waren ehemalige Gro\u00dfm\u00e4chte. Die Niederlande, Belgien und Portugal besa\u00dfen noch umfangreiche Kolonialreiche. &#8230; Die beiden Gro\u00dfm\u00e4chte Deutschland und \u00d6sterreich-Ungarn hatten eine gemeinsame Grenze und grenzten beide an die Gro\u00dfmacht Russland. Deutschland grenzte au\u00dferdem an die Gro\u00dfmacht Frankreich, \u00d6sterreich-Ungarn an die Gro\u00dfmacht Italien. &#8230; Deutschland hatte 1871 das Elsass und Teile Lothringens von Frankreich annektiert. Frankreich war seither ein scharfer Gegner Deutschlands.<\/p>\n","protected":false},"author":3,"featured_media":20264,"comment_status":"closed","ping_status":"closed","sticky":false,"template":"","format":"standard","meta":{"colormag_page_container_layout":"default_layout","colormag_page_sidebar_layout":"default_layout","advanced_seo_description":"","jetpack_seo_html_title":"","jetpack_seo_noindex":false,"jetpack_post_was_ever_published":false,"footnotes":""},"categories":[1162],"tags":[473,1910,452,1406,1027,1038,2399,2245,2168,222,185,2400],"class_list":["post-20258","post","type-post","status-publish","format-standard","has-post-thumbnail","hentry","category-geschichte","tag-1-weltkrieg","tag-buendnisse","tag-deutschland","tag-diplomatie","tag-frankreich","tag-grossbritannien","tag-grossmaechte","tag-kriegsplaene","tag-oesterreich-ungarn","tag-russland","tag-usa","tag-zweifrontenkrieg"],"jetpack_featured_media_url":"https:\/\/i0.wp.com\/www.freidenker.org\/fw17\/wp-content\/uploads\/2024\/11\/Der_Weltkrieg__Zigarettenalbum_6_800x450.jpg?fit=800%2C450&ssl=1","jetpack_shortlink":"https:\/\/wp.me\/p9stpK-5gK","jetpack-related-posts":[{"id":12801,"url":"https:\/\/www.freidenker.org\/?p=12801","url_meta":{"origin":20258,"position":0},"title":"Symbolischer Jahrestag: 100 Jahre Rapallo","author":"Webredaktion","date":"16. April 2022","format":false,"excerpt":"Beitrag von Wolfgang Sch\u00fcrer W\u00e4hrend der Weltwirtschaftskonferenz von Genua (10. April bis 19. Mai 1922) schlossen und ver\u00f6ffentlichten Deutschland und Sowjetrussland am 16. April 1922 in Rapallo (der Ort liegt s\u00fcd\u00f6stlich von Genua;) einen Vertrag, der die Wiederaufnahme der diplomatischen Beziehungen bestimmte und alle gegenseitigen Anspr\u00fcche aus der Zeit des\u2026","rel":"","context":"In &quot;Geschichte&quot;","block_context":{"text":"Geschichte","link":"https:\/\/www.freidenker.org\/?cat=1162"},"img":{"alt_text":"","src":"https:\/\/i0.wp.com\/www.freidenker.org\/fw17\/wp-content\/uploads\/2022\/04\/Bundesarchiv_Bild_183-R14433_Vertrag_von_Rapallo_800x450.jpg?fit=800%2C450&ssl=1&resize=350%2C200","width":350,"height":200,"srcset":"https:\/\/i0.wp.com\/www.freidenker.org\/fw17\/wp-content\/uploads\/2022\/04\/Bundesarchiv_Bild_183-R14433_Vertrag_von_Rapallo_800x450.jpg?fit=800%2C450&ssl=1&resize=350%2C200 1x, https:\/\/i0.wp.com\/www.freidenker.org\/fw17\/wp-content\/uploads\/2022\/04\/Bundesarchiv_Bild_183-R14433_Vertrag_von_Rapallo_800x450.jpg?fit=800%2C450&ssl=1&resize=525%2C300 1.5x, https:\/\/i0.wp.com\/www.freidenker.org\/fw17\/wp-content\/uploads\/2022\/04\/Bundesarchiv_Bild_183-R14433_Vertrag_von_Rapallo_800x450.jpg?fit=800%2C450&ssl=1&resize=700%2C400 2x"},"classes":[]},{"id":17386,"url":"https:\/\/www.freidenker.org\/?p=17386","url_meta":{"origin":20258,"position":1},"title":"Das Komplott von M\u00fcnchen 1938","author":"Webredaktion","date":"31. Oktober 2023","format":false,"excerpt":"K\u00fcrzlich j\u00e4hrte sich die Unterzeichnung des M\u00fcnchner Abkommens zum 85. Mal. Aus diesem Anlass hat Wolfgang Sch\u00fcrer Daten und Fakten zusammengetragen, die den historischen Kontext dieses Ereignisses beleuchten. ... Tschechen und Slowaken sind 2 Ethnien. Es gab jedoch keine separate Erfassung, beide wurden als das Staatsvolk der \u201eTschechoslowaken\u201c ausgewiesen. Die\u2026","rel":"","context":"In &quot;Geschichte&quot;","block_context":{"text":"Geschichte","link":"https:\/\/www.freidenker.org\/?cat=1162"},"img":{"alt_text":"","src":"https:\/\/i0.wp.com\/www.freidenker.org\/fw17\/wp-content\/uploads\/2023\/10\/Bundesarchiv_Bild_183-R69173_Muenchener_Abkommen_Staatschefs_800x450.jpg?fit=800%2C450&ssl=1&resize=350%2C200","width":350,"height":200,"srcset":"https:\/\/i0.wp.com\/www.freidenker.org\/fw17\/wp-content\/uploads\/2023\/10\/Bundesarchiv_Bild_183-R69173_Muenchener_Abkommen_Staatschefs_800x450.jpg?fit=800%2C450&ssl=1&resize=350%2C200 1x, https:\/\/i0.wp.com\/www.freidenker.org\/fw17\/wp-content\/uploads\/2023\/10\/Bundesarchiv_Bild_183-R69173_Muenchener_Abkommen_Staatschefs_800x450.jpg?fit=800%2C450&ssl=1&resize=525%2C300 1.5x, https:\/\/i0.wp.com\/www.freidenker.org\/fw17\/wp-content\/uploads\/2023\/10\/Bundesarchiv_Bild_183-R69173_Muenchener_Abkommen_Staatschefs_800x450.jpg?fit=800%2C450&ssl=1&resize=700%2C400 2x"},"classes":[]},{"id":20507,"url":"https:\/\/www.freidenker.org\/?p=20507","url_meta":{"origin":20258,"position":2},"title":"Der Versailler Vertrag","author":"Webredaktion","date":"10. Dezember 2024","format":false,"excerpt":"Historischer \u00dcberblick von\u00a0Wolfgang Sch\u00fcrer Die Pariser Friedenskonferenz: 18. Januar 1919 bis 21. Januar 1920; 32 Staaten handelten die Friedensvertr\u00e4ge mit den 5 besiegten Mittelm\u00e4chten aus: 3 europ\u00e4ische (Vereinigtes K\u00f6nigreich, Frankreich, Italien) und 2 au\u00dfereurop\u00e4ische Gro\u00dfm\u00e4chte (Vereinigte Staaten, Japan); 7 sonstige europ\u00e4ische Staaten (Polen, Tschechoslowakei, JugoslawienA, Rum\u00e4nien, Griechenland, Belgien, Portugal); 5\u2026","rel":"","context":"In &quot;Geschichte&quot;","block_context":{"text":"Geschichte","link":"https:\/\/www.freidenker.org\/?cat=1162"},"img":{"alt_text":"","src":"https:\/\/i0.wp.com\/www.freidenker.org\/fw17\/wp-content\/uploads\/2024\/12\/Bundesarchiv_Bild_183-R01213_Versailles_deutsche_Verhandlungdelegation_800x450.jpg?fit=800%2C450&ssl=1&resize=350%2C200","width":350,"height":200,"srcset":"https:\/\/i0.wp.com\/www.freidenker.org\/fw17\/wp-content\/uploads\/2024\/12\/Bundesarchiv_Bild_183-R01213_Versailles_deutsche_Verhandlungdelegation_800x450.jpg?fit=800%2C450&ssl=1&resize=350%2C200 1x, https:\/\/i0.wp.com\/www.freidenker.org\/fw17\/wp-content\/uploads\/2024\/12\/Bundesarchiv_Bild_183-R01213_Versailles_deutsche_Verhandlungdelegation_800x450.jpg?fit=800%2C450&ssl=1&resize=525%2C300 1.5x, https:\/\/i0.wp.com\/www.freidenker.org\/fw17\/wp-content\/uploads\/2024\/12\/Bundesarchiv_Bild_183-R01213_Versailles_deutsche_Verhandlungdelegation_800x450.jpg?fit=800%2C450&ssl=1&resize=700%2C400 2x"},"classes":[]},{"id":20850,"url":"https:\/\/www.freidenker.org\/?p=20850","url_meta":{"origin":20258,"position":3},"title":"Die milit\u00e4rische Intervention der Alliierten gegen Sowjetrussland 1918-1922","author":"Webredaktion","date":"31. Januar 2025","format":false,"excerpt":"Historischer \u00dcberblick von\u00a0Wolfgang Sch\u00fcrer Am 07. November 1917 (am 25. Oktober 1917 nach dem Julianischen Kalender) erfolgte die sozialistische Revolution in Russland. Am 05. Dezember 1917 schloss Sowjetrussland einen provisorischen, 10 Tage sp\u00e4ter einen unbefristeten Waffenstillstand mit den 4 Mittelm\u00e4chten (Deutschland, \u00d6sterreich-Ungarn, T\u00fcrkei, Bulgarien). Am 03. M\u00e4rz 1918 unterzeichnete Sowjetrussland\u2026","rel":"","context":"In &quot;Geschichte&quot;","block_context":{"text":"Geschichte","link":"https:\/\/www.freidenker.org\/?cat=1162"},"img":{"alt_text":"","src":"https:\/\/i0.wp.com\/www.freidenker.org\/fw17\/wp-content\/uploads\/2025\/01\/Wolfhounds_on_parade_in_Vladavostock_August_1918_800x450.jpg?fit=800%2C450&ssl=1&resize=350%2C200","width":350,"height":200,"srcset":"https:\/\/i0.wp.com\/www.freidenker.org\/fw17\/wp-content\/uploads\/2025\/01\/Wolfhounds_on_parade_in_Vladavostock_August_1918_800x450.jpg?fit=800%2C450&ssl=1&resize=350%2C200 1x, https:\/\/i0.wp.com\/www.freidenker.org\/fw17\/wp-content\/uploads\/2025\/01\/Wolfhounds_on_parade_in_Vladavostock_August_1918_800x450.jpg?fit=800%2C450&ssl=1&resize=525%2C300 1.5x, https:\/\/i0.wp.com\/www.freidenker.org\/fw17\/wp-content\/uploads\/2025\/01\/Wolfhounds_on_parade_in_Vladavostock_August_1918_800x450.jpg?fit=800%2C450&ssl=1&resize=700%2C400 2x"},"classes":[]},{"id":6850,"url":"https:\/\/www.freidenker.org\/?p=6850","url_meta":{"origin":20258,"position":4},"title":"80 Jahre Deutsch-Sowjetischer Nichtangriffsvertrag","author":"Webredaktion","date":"23. August 2019","format":false,"excerpt":"Beitrag von Wolfgang Sch\u00fcrer Vor 80 Jahren, am 24. August 1939 (Ortszeit) unterzeichneten der sowjetische Au\u00dfenminister W. M. Molotow und der deutsche Au\u00dfenminister von Ribbentrop in Moskau den deutsch-sowjetischen Nichtangriffsvertrag. Er trat mit Datum vom 23.8.1939 in Kraft. Noch heute wird der Vertrag bis in linke Kreise als \"Hitler-Stalin-Pakt\" verunglimpft,\u2026","rel":"","context":"In &quot;Geschichte&quot;","block_context":{"text":"Geschichte","link":"https:\/\/www.freidenker.org\/?cat=1162"},"img":{"alt_text":"","src":"https:\/\/i0.wp.com\/www.freidenker.org\/fw17\/wp-content\/uploads\/2019\/08\/Bundesarchiv_Bild_183-H27337_800x445.jpg?fit=800%2C445&ssl=1&resize=350%2C200","width":350,"height":200,"srcset":"https:\/\/i0.wp.com\/www.freidenker.org\/fw17\/wp-content\/uploads\/2019\/08\/Bundesarchiv_Bild_183-H27337_800x445.jpg?fit=800%2C445&ssl=1&resize=350%2C200 1x, https:\/\/i0.wp.com\/www.freidenker.org\/fw17\/wp-content\/uploads\/2019\/08\/Bundesarchiv_Bild_183-H27337_800x445.jpg?fit=800%2C445&ssl=1&resize=525%2C300 1.5x, https:\/\/i0.wp.com\/www.freidenker.org\/fw17\/wp-content\/uploads\/2019\/08\/Bundesarchiv_Bild_183-H27337_800x445.jpg?fit=800%2C445&ssl=1&resize=700%2C400 2x"},"classes":[]},{"id":22123,"url":"https:\/\/www.freidenker.org\/?p=22123","url_meta":{"origin":20258,"position":5},"title":"Die Au\u00dfenpolitik der Sowjetunion unter der Leitung von Maxim Litwinow","author":"Webredaktion","date":"14. Juni 2025","format":false,"excerpt":"Ein historischer \u00dcberblick von Wofgang Sch\u00fcrer Bemerkungen zu Maxim Litwinow, geboren am 17. Juli 1876, gestorben am 31. Dezember 1951: Er wurde in Bialystok geboren. Die Stadt geh\u00f6rte damals zum zaristischen Russland und geh\u00f6rt heute zu Polen. Er entstammte einer aschkenasischen j\u00fcdischen Familie. Nach der sozialistischen Revolution in Russland (07.\u2026","rel":"","context":"In &quot;Geschichte&quot;","block_context":{"text":"Geschichte","link":"https:\/\/www.freidenker.org\/?cat=1162"},"img":{"alt_text":"","src":"https:\/\/i0.wp.com\/www.freidenker.org\/fw17\/wp-content\/uploads\/2025\/06\/Litvinovs_visit_to_Turkey_1931_800x450.jpg?fit=800%2C450&ssl=1&resize=350%2C200","width":350,"height":200,"srcset":"https:\/\/i0.wp.com\/www.freidenker.org\/fw17\/wp-content\/uploads\/2025\/06\/Litvinovs_visit_to_Turkey_1931_800x450.jpg?fit=800%2C450&ssl=1&resize=350%2C200 1x, https:\/\/i0.wp.com\/www.freidenker.org\/fw17\/wp-content\/uploads\/2025\/06\/Litvinovs_visit_to_Turkey_1931_800x450.jpg?fit=800%2C450&ssl=1&resize=525%2C300 1.5x, https:\/\/i0.wp.com\/www.freidenker.org\/fw17\/wp-content\/uploads\/2025\/06\/Litvinovs_visit_to_Turkey_1931_800x450.jpg?fit=800%2C450&ssl=1&resize=700%2C400 2x"},"classes":[]}],"_links":{"self":[{"href":"https:\/\/www.freidenker.org\/index.php?rest_route=\/wp\/v2\/posts\/20258","targetHints":{"allow":["GET"]}}],"collection":[{"href":"https:\/\/www.freidenker.org\/index.php?rest_route=\/wp\/v2\/posts"}],"about":[{"href":"https:\/\/www.freidenker.org\/index.php?rest_route=\/wp\/v2\/types\/post"}],"author":[{"embeddable":true,"href":"https:\/\/www.freidenker.org\/index.php?rest_route=\/wp\/v2\/users\/3"}],"replies":[{"embeddable":true,"href":"https:\/\/www.freidenker.org\/index.php?rest_route=%2Fwp%2Fv2%2Fcomments&post=20258"}],"version-history":[{"count":0,"href":"https:\/\/www.freidenker.org\/index.php?rest_route=\/wp\/v2\/posts\/20258\/revisions"}],"wp:featuredmedia":[{"embeddable":true,"href":"https:\/\/www.freidenker.org\/index.php?rest_route=\/wp\/v2\/media\/20264"}],"wp:attachment":[{"href":"https:\/\/www.freidenker.org\/index.php?rest_route=%2Fwp%2Fv2%2Fmedia&parent=20258"}],"wp:term":[{"taxonomy":"category","embeddable":true,"href":"https:\/\/www.freidenker.org\/index.php?rest_route=%2Fwp%2Fv2%2Fcategories&post=20258"},{"taxonomy":"post_tag","embeddable":true,"href":"https:\/\/www.freidenker.org\/index.php?rest_route=%2Fwp%2Fv2%2Ftags&post=20258"}],"curies":[{"name":"wp","href":"https:\/\/api.w.org\/{rel}","templated":true}]}}