{"id":20246,"date":"2024-11-10T20:32:25","date_gmt":"2024-11-10T19:32:25","guid":{"rendered":"https:\/\/www.freidenker.org\/?p=20246"},"modified":"2025-01-02T15:58:11","modified_gmt":"2025-01-02T14:58:11","slug":"trauerrede-fuer-thomas-sachs","status":"publish","type":"post","link":"https:\/\/www.freidenker.org\/?p=20246","title":{"rendered":"Trauerrede f\u00fcr Thomas Sachs"},"content":{"rendered":"<p><em>von <strong>Ernst Schwarz<\/strong> am 6.11.2024, Frankfurt a.M., Friedhof Heiligenstock<\/em><\/p>\n<p>&nbsp;<\/p>\n<p>Liebe Renata, lieber Peter,<\/p>\n<p>liebe Freundinnen und Freunde von Thomas, sehr geehrte Trauerg\u00e4ste!<\/p>\n<p>Wir trauern um Thomas Sachs.<\/p>\n<p>Die Familie trauert um ihren liebevollen Bruder und Schwager.<\/p>\n<p>Wir trauern um einen lieben Freund, Kollegen, Mitstreiter, Genossen, Lehrer, geduldig, zur\u00fcckhaltend, bescheiden, freundlich, verst\u00e4ndnisvoll, zuverl\u00e4ssig, hilfreich, klug, entschlossen und mutig.<\/p>\n<p>Wir trauern um einen K\u00e4mpfer f\u00fcr eine wirklich\u00a0 menschliche, eine sozialistische Gesellschaft, in der den Arbeitern, den angeblich kleinen Leuten, die Fr\u00fcchte ihrer Arbeit zugutekommen, in der sie \u00fcberhaupt eine Ausbildung, einen Arbeitsplatz finden, in der sie selbst gemeinsam ihr Leben und ihre Arbeit organisieren, in der sie selbst gemeinsam die Macht besitzen und aus\u00fcben, die sich dann nicht l\u00e4nger in den H\u00e4nden einer winzigen Minderheit von schwerreichen Ausbeutern befindet, wie es hier und heute noch immer der Fall ist.<\/p>\n<p>Unser gro\u00dfer Dichter Bert Brecht sagte:<\/p>\n<blockquote><p>\u201e\u2026 die St\u00e4rksten k\u00e4mpfen ein Leben lang. Diese sind unentbehrlich.\u201c<\/p><\/blockquote>\n<p>Seit vier Wochen sp\u00fcren wir, dass uns nun so ein Unentbehrlicher fehlt. Wir alle hatten gew\u00fcnscht und gehofft, dass er uns, besonders den J\u00fcngeren unter uns, noch ein Vierteljahrhundert erhalten bleibt. Diesen Wunsch, diese Hoffnung m\u00fcssen wir heute zu Grabe tragen.<\/p>\n<p>Thomas, damals noch in Westberlin, erlebte als Siebzehnj\u00e4hriger den Angriff auf die sp\u00e4rlichen demokratischen Rechte durch die Notstandsgesetze, vor allem aber den breiten Widerstand dagegen. Mit wachen Sinnen registrierte er die Ermordung von Benno Ohnesorg, die entschlossenen sogenannten \u201ewilden\u201c Streiks, u.a. der Metallarbeiter, teils mit, teils ohne und teils auch gegen Gewerkschaftsf\u00fchrer, die Kriegsverbrechen der USA in Vietnam, ihre willf\u00e4hrige und feige Unterst\u00fctzung durch ihre westdeutschen Vasallen, die Sch\u00fcsse auf den NATO-Gegner Rudi Dutschke, den \u00dcberfall des zionistischen Israel auf seine Nachbarn, wiederum mit massiver westdeutscher Unterst\u00fctzung. Aus all dem zog er die Schlussfolgerung: Kampf gegen den Imperialismus und gegen den Abbau demokratischer Rechte und f\u00fcr eine R\u00e4terepublik ist lebensnotwendig.<\/p>\n<p>Er nahm an vielen Aktionen teil und organisierte sich in der KPD\/ML-Neue Einheit und als Mathematiklehrer in der GEW, hat dort jahrzehntelang stets ehrenamtlich unerm\u00fcdlich u.a. in der Rechtsberatung gearbeitet. Er war Mitglied im Rhein-Main-B\u00fcndnis gegen Sozialabbau und Billigl\u00f6hne und im Deutschen Freidenker-Verband.<\/p>\n<p>Als Deutschland den kriminellen v\u00f6lkerrechtswidrigen NATO-Angriffskrieg gegen Jugoslawien mitinitiierte, Bomben warf und Uranmunition schoss, war Thomas, anders als viele Linke, auf der Stra\u00dfe. Und so blieb der Unerm\u00fcdliche der Friedensbewegung, der Bewegung gegen Verarmung und Sozialabbau, der Bewegung gegen die Demontage demokratischer Rechte treu bis zu seinem Tod.<\/p>\n<p>Ihm wurden in seinem Leben so manche St\u00f6ckchen hingehalten, \u00fcber die er springen sollte. Er sprang nicht.<\/p>\n<p>Ihm wurden in seinem Leben eine Reihe Gesslerh\u00fcte zum Gr\u00fc\u00dfen hingestellt. Er gr\u00fc\u00dfte nicht.<\/p>\n<p>Thomas, der gerne mit vielen Gleichgesinnten f\u00fcr eine gute Sache marschierte, hatte eine Besonderheit: Wenn es erforderlich war, schwamm er, der Freundliche, H\u00f6fliche, Bescheidene, auch ganz alleine gegen den Strom, so, wie es das folgende Lied fordert:<\/p>\n<p>(Liedvortrag:)<\/p>\n<h4>Was keiner wagt<\/h4>\n<p>Was keiner wagt, das sollt ihr wagen,<br \/>\nwas keiner sagt, das sagt heraus,<br \/>\nwas keiner denkt, das wagt zu denken,<br \/>\nwas keiner anf\u00e4ngt, das f\u00fchrt aus.<\/p>\n<p>Wenn keiner ja sagt, sollt ihr&#8217;s sagen,<br \/>\nwenn keiner nein sagt, sagt doch nein,<br \/>\nwenn alle zweifeln, wagt zu glauben,<br \/>\nwenn alle mittun, steht allein.<\/p>\n<p>Wo alle l\u00fcgen, dient der Wahrheit,<br \/>\nwo alle heucheln, macht nicht mit,<br \/>\nverscheucht den Nebel, strebt zur Klarheit,<br \/>\nwo alle weichen, keinen Schritt.<br \/>\nWo alle beten, la\u00dft sie flehen,<br \/>\nwo alle klatschen, kein Applaus,<br \/>\nwo alle knien, bleibet stehen,<br \/>\nwo alle jammern, lacht sie aus!<\/p>\n<p>Wo alle loben, habt Bedenken,<br \/>\nwo alle spotten, spottet nicht,<br \/>\nwo alle geizen, wagt zu schenken,<br \/>\nwo alles dunkel ist, macht Licht.<\/p>\n<p><em>Text: Strophen 1,2 und 5 von Lothar Zenetti, Strophen 3 und 4 unbekannt. Musik: Konstantin Wecker<\/em><\/p>\n<p>&nbsp;<\/p>\n<p>Kein Wunder, dass jemand, der \u00fcber ein halbes Jahrhundert lang beharrlich Sand ins Getriebe der Milliard\u00e4re streut, deren Hass auf sich zieht.<\/p>\n<p>Einer, der widerst\u00e4ndig bleibt und immer wieder auf die Stra\u00dfe geht, z.B. gegen einen MRNA-\u201eImpf\u201czwang.<\/p>\n<p>Der au\u00dferdem regelm\u00e4\u00dfig wagt, f\u00fcr das Recht der Pal\u00e4stinenser auf Leben, gegen deren fortgesetztes Abschlachten durch das Zionistenregime zu demonstrieren.<\/p>\n<p>Der unversch\u00e4mter Weise den ununterbrochenen Strom an Waffen, Geld, die logistische und propagandistische Unterst\u00fctzung f\u00fcr Israel durch den V\u00f6lkermordgehilfen Deutschland anprangert.<\/p>\n<p>Folgerichtig wurde er, Thomas, im Internet abgebildet und verleumdet (feigerweise ohne Impressum) als \u201eTeilnehmer der rechten Verschw\u00f6rungsszene\u201c und als \u201eAntisemit\u201c.<\/p>\n<p>Triumphierend schreiben die Verleumder auf ihrer Denunziationsseite:<\/p>\n<p style=\"padding-left: 40px;\">\u201eAuf Anfrage von<em> Rhein-Main Rechtsau\u00dfen <\/em>distanzierte sich der Frankfurter GEW-Bezirksvorstand scharf von N.N. und Sachs und k\u00fcndigte Konsequenzen an.\u201c<\/p>\n<p>Der GEW Bezirksvorstand hatte sich tats\u00e4chlich willf\u00e4hrig sogleich zum B\u00fcttel der Denunzianten gemacht und Thomas sofort weitere Rechtsberatungst\u00e4tigkeit untersagt. Wohlgemerkt: Thomas hatte diese T\u00e4tigkeit jahrzehntelang ehrenamtlich ausge\u00fcbt!<\/p>\n<p>Nicht genug damit: der Bezirksvorstand hat auf einer Mitgliederversammlung zur Delegiertenwahl im Sommer dringend davon abgeraten, Thomas als Delegierten zu w\u00e4hlen! Pech f\u00fcr den Vorstand: Thomas, der mutig, ruhig, sachlich, standhaft diesen \u00fcblen Anfeindungen die Stirn bot, wurde gew\u00e4hlt!<\/p>\n<p>Nach der Landesdelegiertenkonferenz fragte ich ihn: \u201eWie war es, gab es neue Anfeindungen?\u201c Er sagte mir l\u00e4chelnd: \u201eNein, eher das Gegenteil, ich bekam Zuspruch und Sympathiebezeugungen!\u201c<\/p>\n<p>Ich bin seit 1972 Gewerkschaftsmitglied. Ich muss sagen: Das Verhalten dieses Bezirksvorstands ist kein Ruhmesblatt.<\/p>\n<p>Liebe Angeh\u00f6rige: Es tut mir leid, dass ich diese Kritik heute am Grab unseres lieben Verstorbenen vorbringe und die Trauerfeier damit belaste. Ich habe lange gez\u00f6gert, das hier zu sagen. Aber ihm ist kurz vor seinem Lebensende ein gro\u00dfes Unrecht widerfahren. Ich musste es laut und deutlich aussprechen. Ich kann nicht anders. Ich glaube, das bin ich meinem Freund, Gewerkschaftskollegen und Freidenkergenossen Thomas schuldig.<\/p>\n<p>Im letzten Fr\u00fchjahr hatte Thomas ein sehr sch\u00f6nes Erlebnis. Bei einer Kundgebung f\u00fcr Pal\u00e4stina vor der Alten Oper kam eine junge Frau, die auch teilnahm, zu Thomas: \u201eSie sind doch Herr Sachs, mein fr\u00fcherer Mathelehrer von der Max-Beckmann-Schule! Sch\u00f6n, dass Sie auch wieder hier sind!\u201c<\/p>\n<p>Der Friedens-Nobelpreistr\u00e4ger Albert Schweitzer sagte einmal:<\/p>\n<blockquote><p>\u201eDas sch\u00f6nste Denkmal, das ein Mensch bekommen kann, steht in den Herzen der Mitmenschen.\u201c<\/p><\/blockquote>\n<p>Lieber Thomas, danke f\u00fcr Alles!<\/p>\n<p>&nbsp;<\/p>\n<p>Thomas war \u00fcbrigens auch ein guter und erfahrener Chors\u00e4nger. Wir singen zwei seiner Lieblingslieder. Die \u201eResolution der Kommunarden\u201c und die \u201eInternationale\u201c:<\/p>\n<h4>Resolution der Kommunarden<\/h4>\n<p><em>Text: Bert Brecht\u00a0\u00a0\u00a0\u00a0 Musik: Hanns Eisler<\/em><\/p>\n<p>1. In Erw\u00e4gung unserer Schw\u00e4che machtet ihr Gesetze, die uns knechten soll&#8217;n,<br \/>\ndie Gesetze seien k\u00fcnftig nicht beachtet in Erw\u00e4gung, dass wir nicht mehr Knecht sein woll&#8217;n.<\/p>\n<p style=\"padding-left: 40px;\">Refrain I: In Erw\u00e4gung, dass ihr uns dann eben mit Gewehren und Kanonen droht,<br \/>\nhaben wir beschlossen, nunmehr schlechtes Leben mehr zu f\u00fcrchten als den Tod.<\/p>\n<p>2. In Erw\u00e4gung, dass wir hungrig bleiben wenn wir dulden, da\u00df ihr uns bestehlt,<br \/>\nwollen wir mal feststell&#8217;n, da\u00df nur Fensterscheiben\u00a0 uns vom Brote trennen, das uns fehlt.<\/p>\n<p style=\"padding-left: 40px;\">Refrain I &#8230;<\/p>\n<p>3. In Erw\u00e4gung, dass da H\u00e4user stehen w\u00e4hrend ihr uns ohne Bleibe lasst,<br \/>\nhaben wir beschlossen, jetzt dort einzuziehen, weil es uns in uns&#8217;ren L\u00f6chern nicht mehr passt.<\/p>\n<p style=\"padding-left: 40px;\">Refrain I &#8230;<\/p>\n<p>4. In Erw\u00e4gung, es gibt zuviel Kohlen w\u00e4hrend es uns ohne Kohlen friert,<br \/>\nhaben wir beschlossen, sie uns jetzt zu holen, in Erw\u00e4gung, dass es uns dann warm sein wird.<\/p>\n<p style=\"padding-left: 40px;\">Refrain I &#8230;<\/p>\n<p>5. In Erw\u00e4gung, es will euch nicht gl\u00fccken uns zu schaffen einen guten Lohn,<br \/>\n\u00fcbernehmen wir jetzt selber die Fabriken, in Erw\u00e4gung, ohne euch reicht&#8217;s f\u00fcr uns schon.<\/p>\n<p style=\"padding-left: 40px;\">Refrain I &#8230;<\/p>\n<p>6. In Erw\u00e4gung, dass wir der Regierung was sie immer auch verspricht, nicht trau&#8217;n,<br \/>\nhaben wir beschlossen, unter eig&#8217;ner F\u00fchrung uns nunmehr ein gutes Leben aufzubau&#8217;n .<\/p>\n<p style=\"padding-left: 40px;\">Refrain II: In Erw\u00e4gung, ihr h\u00f6rt auf Kanonen &#8211; and&#8217;re Sprache k\u00f6nnt ihr nicht versteh&#8217;n,<br \/>\nm\u00fcssen wir dann eben, ja das wird sich lohnen, die Kanonen auf euch dreh\u2019n!<\/p>\n<p>&nbsp;<\/p>\n<h4>Die Internationale<\/h4>\n<p><em>Text: Originaltext in Franz\u00f6sisch von Eug\u00e8ne Pottier, 1871, deutscher Text 1910 von Emil Luckhardt aus dem Franz\u00f6sischen \u00fcbersetzt. Musik: Pierre Chr\u00e9tien Degeyter, 1888<\/em><\/p>\n<p>Wacht auf, Verdammte dieser Erde, die stets man noch zum Hungern zwingt!<br \/>\nDas Recht, wie Glut im Kraterherde nun mit Macht zum Durchbruch dringt.<br \/>\nReinen Tisch macht mit dem Bedr\u00e4nger! Heer der Sklaven, wache auf!<br \/>\nEin Nichts zu sein, tragt es nicht l\u00e4nger, alles zu werden, str\u00f6mt zuhauf.<\/p>\n<p>Refrain: V\u00f6lker, h\u00f6rt die Signale! Auf, zum letzten Gefecht!<br \/>\nDie Internationale erk\u00e4mpft das Menschenrecht!<br \/>\nV\u00f6lker, h\u00f6rt die Signale! Auf, zum letzten Gefecht!<br \/>\nDie Internationale erk\u00e4mpft das Menschenrecht.<\/p>\n<p>Es rettet uns kein h\u00f6\u2018hres Wesen, kein Gott, kein Kaiser, noch Tribun.<br \/>\nUns aus dem Elend zu erl\u00f6sen, k\u00f6nnen wir nur selber tun!<br \/>\nLeeres Wort: des Armen Rechte! Leeres Wort: des Reichen Pflicht!<br \/>\nUnm\u00fcndig nennt man uns und Knechte, duldet die Schmach nun l\u00e4nger nicht!<\/p>\n<p>Refrain &#8230;<\/p>\n<p>In Stadt und Land, ihr Arbeitsleute, wir sind die st\u00e4rkste der Partei\u2018n.<br \/>\nDie M\u00fc\u00dfigg\u00e4nger schiebt beiseite! Diese Welt wird unser sein;<br \/>\nunser Blut sei nicht mehr der Raben und der n\u00e4cht\u2018gen Geier Fra\u00df!<br \/>\nErst wenn wir sie vertrieben haben, dann scheint die Sonn\u2018 ohn\u2018 Unterla\u00df.<\/p>\n<p>Refrain &#8230;<\/p>\n<p style=\"text-align: right;\"><em>Ernst Schwarz ist Mitglied des Deutschen Freidenker-Verbandes, Landesverband Hessen<\/em><\/p>\n<hr \/>\n<p>&nbsp;<\/p>\n","protected":false},"excerpt":{"rendered":"<p><b>von Ernst Schwarz<\/b><br \/>\nWir trauern um Thomas Sachs. Die Familie trauert um ihren liebevollen Bruder und Schwager. Wir trauern um einen lieben Freund, Kollegen, Mitstreiter, Genossen, Lehrer, geduldig, zur\u00fcckhaltend, bescheiden, freundlich, verst\u00e4ndnisvoll, zuverl\u00e4ssig, hilfreich, klug, entschlossen und mutig.\u00a0Wir trauern um einen K\u00e4mpfer f\u00fcr eine wirklich\u00a0 menschliche, eine sozialistische Gesellschaft, in der den Arbeitern, den angeblich kleinen Leuten, die Fr\u00fcchte ihrer Arbeit zugutekommen, in der sie \u00fcberhaupt eine Ausbildung, einen Arbeitsplatz finden, in der sie selbst gemeinsam ihr Leben und ihre Arbeit organisieren, in der sie selbst gemeinsam die Macht besitzen und aus\u00fcben, die sich dann nicht l\u00e4nger in den H\u00e4nden einer winzigen Minderheit von schwerreichen Ausbeutern befindet, wie es hier und heute noch immer der Fall ist.<\/p>\n","protected":false},"author":3,"featured_media":20247,"comment_status":"closed","ping_status":"closed","sticky":false,"template":"","format":"standard","meta":{"colormag_page_container_layout":"default_layout","colormag_page_sidebar_layout":"default_layout","advanced_seo_description":"","jetpack_seo_html_title":"","jetpack_seo_noindex":false,"jetpack_post_was_ever_published":false,"footnotes":""},"categories":[17],"tags":[512,1541,433,358,407,1067,25,2236,1377],"class_list":["post-20246","post","type-post","status-publish","format-standard","has-post-thumbnail","hentry","category-weltliche-trauerkultur","tag-antisemitismus","tag-denunziation","tag-frankfurt-am-main","tag-gewerkschaft","tag-kunst","tag-lv-hessen","tag-trauer","tag-trauerfeier","tag-trauerrede"],"jetpack_featured_media_url":"https:\/\/i0.wp.com\/www.freidenker.org\/fw17\/wp-content\/uploads\/2024\/11\/Thomas_Sachs_800x445.jpg?fit=800%2C445&ssl=1","jetpack_shortlink":"https:\/\/wp.me\/p9stpK-5gy","jetpack-related-posts":[{"id":9641,"url":"https:\/\/www.freidenker.org\/?p=9641","url_meta":{"origin":20246,"position":0},"title":"Trauerrede f\u00fcr Andr\u00e9 M\u00fcller sen.","author":"Webredaktion","date":"1. M\u00e4rz 2021","format":false,"excerpt":"Trauerrede von Klaus Hartmann f\u00fcr Andr\u00e9 M\u00fcller sen. Wir trauern um unseren Genossen Andr\u00e9 M\u00fcller sen.. Wir verlieren einen Vater, einen liebenswerten und wertvollen Menschen, einen zuverl\u00e4ssigen, standhaften Genossen; der Deutsche Freidenker-Verband verliert sein \u00e4ltestes Beiratsmitglied. Andr\u00e9 wurde am 8. M\u00e4rz 1925 geboren, in K\u00f6ln, in einer Arbeiterfamilie, unter dem\u2026","rel":"","context":"In &quot;Kultur &amp; Kunst&quot;","block_context":{"text":"Kultur &amp; Kunst","link":"https:\/\/www.freidenker.org\/?cat=913"},"img":{"alt_text":"","src":"https:\/\/i0.wp.com\/www.freidenker.org\/fw17\/wp-content\/uploads\/2021\/03\/andremuellersen_800x450.jpg?fit=800%2C449&ssl=1&resize=350%2C200","width":350,"height":200,"srcset":"https:\/\/i0.wp.com\/www.freidenker.org\/fw17\/wp-content\/uploads\/2021\/03\/andremuellersen_800x450.jpg?fit=800%2C449&ssl=1&resize=350%2C200 1x, https:\/\/i0.wp.com\/www.freidenker.org\/fw17\/wp-content\/uploads\/2021\/03\/andremuellersen_800x450.jpg?fit=800%2C449&ssl=1&resize=525%2C300 1.5x, https:\/\/i0.wp.com\/www.freidenker.org\/fw17\/wp-content\/uploads\/2021\/03\/andremuellersen_800x450.jpg?fit=800%2C449&ssl=1&resize=700%2C400 2x"},"classes":[]},{"id":5637,"url":"https:\/\/www.freidenker.org\/?p=5637","url_meta":{"origin":20246,"position":1},"title":"Trauer um Lorenz Knorr","author":"Webredaktion","date":"19. Dezember 2018","format":false,"excerpt":"Trauerede von Klaus Hartmann, Bundesvorsitzender des Deutschen Freidenker-Verbandes, gehalten in Frankfurt am Main am 17.12.2018 Wir, die Freidenker, trauern um Lorenz Knorr (18. Juli 1921 \u2013 26. November 2018). Neben den vielen schon erw\u00e4hnten und auch nicht genannten Engagements war Lorenz auch und bis zuletzt Mitglied des Beirats des Deutschen\u2026","rel":"","context":"In &quot;Weltliche Trauerkultur&quot;","block_context":{"text":"Weltliche Trauerkultur","link":"https:\/\/www.freidenker.org\/?cat=17"},"img":{"alt_text":"","src":"https:\/\/i0.wp.com\/www.freidenker.org\/fw17\/wp-content\/uploads\/2018\/12\/Lorenz_Knorr_b.jpg?fit=800%2C445&ssl=1&resize=350%2C200","width":350,"height":200,"srcset":"https:\/\/i0.wp.com\/www.freidenker.org\/fw17\/wp-content\/uploads\/2018\/12\/Lorenz_Knorr_b.jpg?fit=800%2C445&ssl=1&resize=350%2C200 1x, https:\/\/i0.wp.com\/www.freidenker.org\/fw17\/wp-content\/uploads\/2018\/12\/Lorenz_Knorr_b.jpg?fit=800%2C445&ssl=1&resize=525%2C300 1.5x, https:\/\/i0.wp.com\/www.freidenker.org\/fw17\/wp-content\/uploads\/2018\/12\/Lorenz_Knorr_b.jpg?fit=800%2C445&ssl=1&resize=700%2C400 2x"},"classes":[]},{"id":9128,"url":"https:\/\/www.freidenker.org\/?p=9128","url_meta":{"origin":20246,"position":2},"title":"Abschied von Christian Kr\u00e4hling","author":"Webredaktion","date":"30. Dezember 2020","format":false,"excerpt":"Trauerrede von Ernst \u201eErnesto\u201c Schwarz f\u00fcr Christian Kr\u00e4hling (10. Dezember 1977 \u2013 10. Dezember 2020) Die Familie trauert um ihren liebevollen Vater, Sohn und Bruder. \u00a0Wir trauern um einen lieben Freund, Kollegen und Genossen, wie wir uns kaum einen besseren w\u00fcnschen konnten. Wir trauern um einen K\u00e4mpfer f\u00fcr eine wirklich\u2026","rel":"","context":"In &quot;Arbeit &amp; Soziales&quot;","block_context":{"text":"Arbeit &amp; Soziales","link":"https:\/\/www.freidenker.org\/?cat=11"},"img":{"alt_text":"","src":"https:\/\/i0.wp.com\/www.freidenker.org\/fw17\/wp-content\/uploads\/2020\/12\/christian_kraehling_trauerfeier.jpg?fit=800%2C450&ssl=1&resize=350%2C200","width":350,"height":200,"srcset":"https:\/\/i0.wp.com\/www.freidenker.org\/fw17\/wp-content\/uploads\/2020\/12\/christian_kraehling_trauerfeier.jpg?fit=800%2C450&ssl=1&resize=350%2C200 1x, https:\/\/i0.wp.com\/www.freidenker.org\/fw17\/wp-content\/uploads\/2020\/12\/christian_kraehling_trauerfeier.jpg?fit=800%2C450&ssl=1&resize=525%2C300 1.5x, https:\/\/i0.wp.com\/www.freidenker.org\/fw17\/wp-content\/uploads\/2020\/12\/christian_kraehling_trauerfeier.jpg?fit=800%2C450&ssl=1&resize=700%2C400 2x"},"classes":[]},{"id":23089,"url":"https:\/\/www.freidenker.org\/?p=23089","url_meta":{"origin":20246,"position":3},"title":"Wir trauern um Karin Gottlieb","author":"Webredaktion","date":"9. Oktober 2025","format":false,"excerpt":"Wir trauern um unsere Freundin und Genossin Karin Gottlieb Karin wuchs in einem kommunistischen Elternhaus auf, wurde mit 14 Jahren\u00a0Gewerkschaftsmitglied, als gelernte Goldschmiedin arbeitete sie in mehreren Betrieben und engagierte sich als Betriebsr\u00e4tin f\u00fcr die Interessen ihrer Kolleginnen und Kollegen. Mit 16 Jahren organisierte sie sich in der kommunistischen Bewegung,\u2026","rel":"","context":"In &quot;Weltliche Trauerkultur&quot;","block_context":{"text":"Weltliche Trauerkultur","link":"https:\/\/www.freidenker.org\/?cat=17"},"img":{"alt_text":"","src":"https:\/\/i0.wp.com\/www.freidenker.org\/fw17\/wp-content\/uploads\/2025\/10\/Karin_Gottlieb_800x445_v2.jpg?fit=800%2C445&ssl=1&resize=350%2C200","width":350,"height":200,"srcset":"https:\/\/i0.wp.com\/www.freidenker.org\/fw17\/wp-content\/uploads\/2025\/10\/Karin_Gottlieb_800x445_v2.jpg?fit=800%2C445&ssl=1&resize=350%2C200 1x, https:\/\/i0.wp.com\/www.freidenker.org\/fw17\/wp-content\/uploads\/2025\/10\/Karin_Gottlieb_800x445_v2.jpg?fit=800%2C445&ssl=1&resize=525%2C300 1.5x, https:\/\/i0.wp.com\/www.freidenker.org\/fw17\/wp-content\/uploads\/2025\/10\/Karin_Gottlieb_800x445_v2.jpg?fit=800%2C445&ssl=1&resize=700%2C400 2x"},"classes":[]},{"id":3172,"url":"https:\/\/www.freidenker.org\/?p=3172","url_meta":{"origin":20246,"position":4},"title":"Kondolenzschreiben an die Botschaft Venezuelas","author":"Webredaktion","date":"22. November 2010","format":false,"excerpt":"Sehr geehrte Damen und Herren, liebe Genossinnen und Genossen, die Nachricht vom Tod Ihrer Exzellenz Frau Dr. Blancanieve Portocarrero de Guzm\u00e1n, Botschafterin der Bolivarischen Republik Venezuela in der Bundesrepublik Deutschland, hat uns tief getroffen. Wir hatten in den vergangenen Jahren das Gl\u00fcck und die Freude, Genossin Blancanieve als K\u00e4mpferin f\u00fcr\u2026","rel":"","context":"In &quot;Weltliche Trauerkultur&quot;","block_context":{"text":"Weltliche Trauerkultur","link":"https:\/\/www.freidenker.org\/?cat=17"},"img":{"alt_text":"","src":"https:\/\/i0.wp.com\/www.freidenker.org\/fw17\/wp-content\/uploads\/2010\/11\/sunset-539510_800x445.jpg?fit=800%2C445&ssl=1&resize=350%2C200","width":350,"height":200,"srcset":"https:\/\/i0.wp.com\/www.freidenker.org\/fw17\/wp-content\/uploads\/2010\/11\/sunset-539510_800x445.jpg?fit=800%2C445&ssl=1&resize=350%2C200 1x, https:\/\/i0.wp.com\/www.freidenker.org\/fw17\/wp-content\/uploads\/2010\/11\/sunset-539510_800x445.jpg?fit=800%2C445&ssl=1&resize=525%2C300 1.5x, https:\/\/i0.wp.com\/www.freidenker.org\/fw17\/wp-content\/uploads\/2010\/11\/sunset-539510_800x445.jpg?fit=800%2C445&ssl=1&resize=700%2C400 2x"},"classes":[]},{"id":6243,"url":"https:\/\/www.freidenker.org\/?p=6243","url_meta":{"origin":20246,"position":5},"title":"Wir trauern um Mira Markovi\u0107","author":"Webredaktion","date":"19. April 2019","format":false,"excerpt":"Das Internationale Komitee Slobodan Milo\u0161evi\u0107 trauert umProf. Dr. Mira Markovi\u0107 (10. Juli 1942 \u2013 14. April 2019). Wir, die Mitglieder des ICSM, gedenken des \u00a0Lebens und Werks der Genossin Dr. Mira Markovi\u0107, die ihr ganzes Leben lang f\u00fcr ein sozialistisches Jugoslawien gearbeitet hat. Als Patriotin k\u00e4mpfte sie gemeinsam mit ihrem\u2026","rel":"","context":"In &quot;Weltliche Trauerkultur&quot;","block_context":{"text":"Weltliche Trauerkultur","link":"https:\/\/www.freidenker.org\/?cat=17"},"img":{"alt_text":"","src":"https:\/\/i0.wp.com\/www.freidenker.org\/fw17\/wp-content\/uploads\/2019\/04\/mira_markovic_800x445.jpg?fit=800%2C445&ssl=1&resize=350%2C200","width":350,"height":200,"srcset":"https:\/\/i0.wp.com\/www.freidenker.org\/fw17\/wp-content\/uploads\/2019\/04\/mira_markovic_800x445.jpg?fit=800%2C445&ssl=1&resize=350%2C200 1x, https:\/\/i0.wp.com\/www.freidenker.org\/fw17\/wp-content\/uploads\/2019\/04\/mira_markovic_800x445.jpg?fit=800%2C445&ssl=1&resize=525%2C300 1.5x, https:\/\/i0.wp.com\/www.freidenker.org\/fw17\/wp-content\/uploads\/2019\/04\/mira_markovic_800x445.jpg?fit=800%2C445&ssl=1&resize=700%2C400 2x"},"classes":[]}],"_links":{"self":[{"href":"https:\/\/www.freidenker.org\/index.php?rest_route=\/wp\/v2\/posts\/20246","targetHints":{"allow":["GET"]}}],"collection":[{"href":"https:\/\/www.freidenker.org\/index.php?rest_route=\/wp\/v2\/posts"}],"about":[{"href":"https:\/\/www.freidenker.org\/index.php?rest_route=\/wp\/v2\/types\/post"}],"author":[{"embeddable":true,"href":"https:\/\/www.freidenker.org\/index.php?rest_route=\/wp\/v2\/users\/3"}],"replies":[{"embeddable":true,"href":"https:\/\/www.freidenker.org\/index.php?rest_route=%2Fwp%2Fv2%2Fcomments&post=20246"}],"version-history":[{"count":0,"href":"https:\/\/www.freidenker.org\/index.php?rest_route=\/wp\/v2\/posts\/20246\/revisions"}],"wp:featuredmedia":[{"embeddable":true,"href":"https:\/\/www.freidenker.org\/index.php?rest_route=\/wp\/v2\/media\/20247"}],"wp:attachment":[{"href":"https:\/\/www.freidenker.org\/index.php?rest_route=%2Fwp%2Fv2%2Fmedia&parent=20246"}],"wp:term":[{"taxonomy":"category","embeddable":true,"href":"https:\/\/www.freidenker.org\/index.php?rest_route=%2Fwp%2Fv2%2Fcategories&post=20246"},{"taxonomy":"post_tag","embeddable":true,"href":"https:\/\/www.freidenker.org\/index.php?rest_route=%2Fwp%2Fv2%2Ftags&post=20246"}],"curies":[{"name":"wp","href":"https:\/\/api.w.org\/{rel}","templated":true}]}}