{"id":20199,"date":"2024-11-05T22:56:43","date_gmt":"2024-11-05T21:56:43","guid":{"rendered":"https:\/\/www.freidenker.org\/?p=20199"},"modified":"2025-01-02T15:57:32","modified_gmt":"2025-01-02T14:57:32","slug":"wir-sagen-zusammen-halt-kriegshetzer-raus","status":"publish","type":"post","link":"https:\/\/www.freidenker.org\/?p=20199","title":{"rendered":"Wir sagen zusammen Halt! Kriegshetzer raus!"},"content":{"rendered":"<h4><strong>Gegen<\/strong> den <span style=\"color: #339966;\">GR\u00dcNEN-<\/span>Parteitag in Wiesbaden, 15. &#8211; 17. November 2024<\/h4>\n<p><strong>Die Gr\u00fcnen sind eine in weiten Teilen kriegs\u00adgeile Partei, die Hitlers m\u00f6rderischem Russ\u00adlandhass nacheifert<\/strong><strong>. In Wiesbaden ist kein Platz f\u00fcr russophobe Hetzer und Kriegs\u00adtreiber!<\/strong><\/p>\n<p>Pleite-Minister Habeck jubelt \u00fcber die \u201eUnab\u00adh\u00e4ngigkeit von russischer Energie\u201c und verord\u00adnet uns die Abh\u00e4ngigkeit von umweltsch\u00e4d\u00adlichem Fracking-Gas aus den USA, das nur den halben Brennwert hat, aber das Dreifache kostet. In seiner selbst verk\u00fcndeten \u201edienenden F\u00fch\u00adrungsrolle\u201c zerst\u00f6rt er auf Gehei\u00df und im stra\u00adtegischen Interesse der USA die industrielle Basis des Landes und die Zukunft der Menschen.<\/p>\n<p>Die seltsam talentierte Au\u00dfenministerin Baer\u00adbock will \u201eRussland sch\u00e4digen, dass es jahrelang nicht mehr auf die Beine kommt.\u201c Beim NATO-Gipfel im Juli 2024 gab sie mit Kanzler Scholz die (US-) Entscheidung bekannt, dass ab 2026 neue Mittelstreckenraketen in Deutschland stationiert werden, die Ziele in Russland treffen k\u00f6nnen \u2013 und uns zur Zielscheibe machen.\u00a0Kommando\u00adzentrale: Wiesbaden (Mainz-Kastel)!<\/p>\n<p><strong>Nichts ist weiter rechts, als wieder auf Russen zu schie\u00dfen!<\/strong><\/p>\n<p><strong>F\u00fcr eine Brandmauer gegen Kriegstreiber!<\/strong><\/p>\n<p><strong>Kriegspropaganda hat keinen Platz in Wiesbaden!<\/strong><\/p>\n<p><strong>F\u00fcr V\u00f6lkerfreundschaft statt Hass und Hetze!<\/strong><\/p>\n<h5 style=\"text-align: center;\"><strong>Keine neuen US-Raketen!<\/strong><\/h5>\n<h5 style=\"text-align: center;\"><strong>NATO und Gr\u00fcne &#8211; raus aus Wiesbaden!<\/strong><\/h5>\n<p><img data-recalc-dims=\"1\" loading=\"lazy\" decoding=\"async\" data-attachment-id=\"18162\" data-permalink=\"https:\/\/www.freidenker.org\/?attachment_id=18162\" data-orig-file=\"https:\/\/i0.wp.com\/www.freidenker.org\/fw17\/wp-content\/uploads\/2024\/02\/Freidenker-Logo_2.jpg?fit=810%2C220&amp;ssl=1\" data-orig-size=\"810,220\" data-comments-opened=\"0\" data-image-meta=\"{&quot;aperture&quot;:&quot;0&quot;,&quot;credit&quot;:&quot;&quot;,&quot;camera&quot;:&quot;&quot;,&quot;caption&quot;:&quot;&quot;,&quot;created_timestamp&quot;:&quot;0&quot;,&quot;copyright&quot;:&quot;&quot;,&quot;focal_length&quot;:&quot;0&quot;,&quot;iso&quot;:&quot;0&quot;,&quot;shutter_speed&quot;:&quot;0&quot;,&quot;title&quot;:&quot;&quot;,&quot;orientation&quot;:&quot;1&quot;}\" data-image-title=\"Freidenker-Logo_2\" data-image-description=\"\" data-image-caption=\"\" data-large-file=\"https:\/\/i0.wp.com\/www.freidenker.org\/fw17\/wp-content\/uploads\/2024\/02\/Freidenker-Logo_2.jpg?fit=800%2C217&amp;ssl=1\" class=\"alignnone wp-image-18162 size-medium\" src=\"https:\/\/i0.wp.com\/www.freidenker.org\/fw17\/wp-content\/uploads\/2024\/02\/Freidenker-Logo_2.jpg?resize=300%2C81&#038;ssl=1\" alt=\"\" width=\"300\" height=\"81\" srcset=\"https:\/\/i0.wp.com\/www.freidenker.org\/fw17\/wp-content\/uploads\/2024\/02\/Freidenker-Logo_2.jpg?resize=300%2C81&amp;ssl=1 300w, https:\/\/i0.wp.com\/www.freidenker.org\/fw17\/wp-content\/uploads\/2024\/02\/Freidenker-Logo_2.jpg?resize=768%2C209&amp;ssl=1 768w, https:\/\/i0.wp.com\/www.freidenker.org\/fw17\/wp-content\/uploads\/2024\/02\/Freidenker-Logo_2.jpg?w=810&amp;ssl=1 810w\" sizes=\"auto, (max-width: 300px) 100vw, 300px\" \/><br \/>\n<span style=\"color: #ffffff;\">.<\/span>\u00a0 Landesverband Hessen<\/p>\n<p><em>unterst\u00fctzt von:<\/em> Omas gegen Rechts-Links-Verwechslung, Initiative \u201eKein Bier, Ebbelwoi und Riesling f\u00fcr Gr\u00fcne!\u201c<\/p>\n<hr \/>\n<h4>Download<\/h4>\n<p><img data-recalc-dims=\"1\" loading=\"lazy\" decoding=\"async\" data-attachment-id=\"1076\" data-permalink=\"https:\/\/www.freidenker.org\/?attachment_id=1076\" data-orig-file=\"https:\/\/i0.wp.com\/www.freidenker.org\/fw17\/wp-content\/uploads\/2017\/10\/pdf_icon-2.png?fit=32%2C32&amp;ssl=1\" data-orig-size=\"32,32\" data-comments-opened=\"0\" data-image-meta=\"{&quot;aperture&quot;:&quot;0&quot;,&quot;credit&quot;:&quot;&quot;,&quot;camera&quot;:&quot;&quot;,&quot;caption&quot;:&quot;&quot;,&quot;created_timestamp&quot;:&quot;0&quot;,&quot;copyright&quot;:&quot;&quot;,&quot;focal_length&quot;:&quot;0&quot;,&quot;iso&quot;:&quot;0&quot;,&quot;shutter_speed&quot;:&quot;0&quot;,&quot;title&quot;:&quot;&quot;,&quot;orientation&quot;:&quot;0&quot;}\" data-image-title=\"pdf_icon\" data-image-description=\"\" data-image-caption=\"\" data-large-file=\"https:\/\/i0.wp.com\/www.freidenker.org\/fw17\/wp-content\/uploads\/2017\/10\/pdf_icon-2.png?fit=32%2C32&amp;ssl=1\" class=\"alignnone size-full wp-image-1076\" src=\"https:\/\/i0.wp.com\/www.freidenker.org\/fw17\/wp-content\/uploads\/2017\/10\/pdf_icon-2.png?resize=32%2C32&#038;ssl=1\" alt=\"\" width=\"32\" height=\"32\" \/> <a href=\"https:\/\/www.freidenker.org\/fw17\/wp-content\/uploads\/2024\/11\/241115-LVHe-Gruene_v05.pdf\" target=\"_blank\" rel=\"noopener\">Flyer zur Kampagne<\/a> ansehen oder downloaden (PDF-Dokument, ca. 380 KB)<\/p>\n<hr \/>\n<p><span style=\"font-size: 10pt;\">Bild oben: Collage von kh\/rlx<br \/>\nKarikatur entnommen dem <a href=\"https:\/\/youtu.be\/g8UeB6bqMyE?t=695\" target=\"_blank\" rel=\"noopener\">Video<\/a> &#8222;<\/span><span style=\"font-size: 10pt;\"><a href=\"https:\/\/youtu.be\/g8UeB6bqMyE?t=695\" target=\"_blank\" rel=\"noopener\">Die Anti-Deutschen<\/a>&#8220; von Lisa Fitz (bei 11:35 min), ver\u00f6ffentlicht am 29.10.2024 auf den <a href=\"https:\/\/www.nachdenkseiten.de\/?p=123874\" target=\"_blank\" rel=\"noopener\">NachDenkSeiten<\/a><br \/>\n<\/span><\/p>\n","protected":false},"excerpt":{"rendered":"<p><b>Gegen den GR\u00dcNEN-Parteitag in Wiesbaden, 15. &#8211; 17. November 2024<\/b><br \/>\nDie Gr\u00fcnen sind eine in weiten Teilen kriegs\u00adgeile Partei, die Hitlers m\u00f6rderischem Russ\u00adlandhass nacheifert. In Wiesbaden ist kein Platz f\u00fcr russophobe Hetzer und Kriegs\u00adtreiber! Pleite-Minister Habeck jubelt \u00fcber die \u201eUnab\u00adh\u00e4ngigkeit von russischer Energie\u201c und verord\u00adnet uns die Abh\u00e4ngigkeit von umweltsch\u00e4d\u00adlichem Fracking-Gas aus den USA, das nur den halben Brennwert hat, aber das Dreifache kostet. In seiner selbst verk\u00fcndeten \u201edienenden F\u00fch\u00adrungsrolle\u201c zerst\u00f6rt er auf Gehei\u00df und im stra\u00adtegischen Interesse der USA die industrielle Basis des Landes und die Zukunft der Menschen. Die seltsam talentierte Au\u00dfenministerin Baer\u00adbock will \u201eRussland sch\u00e4digen, dass es jahrelang nicht mehr auf die Beine kommt.\u201c<\/p>\n","protected":false},"author":3,"featured_media":20201,"comment_status":"closed","ping_status":"closed","sticky":false,"template":"","format":"standard","meta":{"colormag_page_container_layout":"default_layout","colormag_page_sidebar_layout":"default_layout","advanced_seo_description":"","jetpack_seo_html_title":"","jetpack_seo_noindex":false,"jetpack_post_was_ever_published":false,"footnotes":""},"categories":[13],"tags":[1642,1282,1466,1491,1067,2293,56,2264,1168,1181],"class_list":["post-20199","post","type-post","status-publish","format-standard","has-post-thumbnail","hentry","category-frieden-antifaschismus-solidaritaet","tag-deindustrialisierung","tag-gruene","tag-kampagne","tag-kriegstreiberei","tag-lv-hessen","tag-mittelstreckenraketen","tag-nato","tag-raketenstationierung","tag-russophobie","tag-voelkerfreundschaft"],"jetpack_featured_media_url":"https:\/\/i0.wp.com\/www.freidenker.org\/fw17\/wp-content\/uploads\/2024\/11\/Baerbock_Karikatur_v2_800x450.jpg?fit=800%2C450&ssl=1","jetpack_shortlink":"https:\/\/wp.me\/p9stpK-5fN","jetpack-related-posts":[{"id":20568,"url":"https:\/\/www.freidenker.org\/?p=20568","url_meta":{"origin":20199,"position":0},"title":"Aufstehn f\u00fcr Frieden &#8211; Kundgebung am 28.12.2024 in Wiesbaden","author":"Webredaktion","date":"25. Dezember 2024","format":false,"excerpt":"Ein breites B\u00fcndnis von B\u00fcrgerinitiativen ruft zusammen mit der B\u00fcrgerzeitung KLARTEXT Rhein-Main auf zu einer\u00a0Kundgebung \"Aufstehn f\u00fcr den Frieden\" am 28.12.2024 ab\u00a014:30 Uhr an der\u00a0Clay-Kaserne Wiesbaden-Erbenheim. Sternfahrten ab ca. 11:00 Uhr von mehreren St\u00e4dten im Umkreis. Aus dem Aufruf: Unsere sieben Forderungen auf dem Weg zum Frieden: Konsequente Friedenspolitik Deutschlands\u2026","rel":"","context":"In &quot;Frieden - Antifaschismus - Solidarit\u00e4t&quot;","block_context":{"text":"Frieden - Antifaschismus - Solidarit\u00e4t","link":"https:\/\/www.freidenker.org\/?cat=13"},"img":{"alt_text":"","src":"https:\/\/i0.wp.com\/www.freidenker.org\/fw17\/wp-content\/uploads\/2024\/12\/Aufruf_Wiesbaden_2024-12-28_800x450.jpg?fit=800%2C450&ssl=1&resize=350%2C200","width":350,"height":200,"srcset":"https:\/\/i0.wp.com\/www.freidenker.org\/fw17\/wp-content\/uploads\/2024\/12\/Aufruf_Wiesbaden_2024-12-28_800x450.jpg?fit=800%2C450&ssl=1&resize=350%2C200 1x, https:\/\/i0.wp.com\/www.freidenker.org\/fw17\/wp-content\/uploads\/2024\/12\/Aufruf_Wiesbaden_2024-12-28_800x450.jpg?fit=800%2C450&ssl=1&resize=525%2C300 1.5x, https:\/\/i0.wp.com\/www.freidenker.org\/fw17\/wp-content\/uploads\/2024\/12\/Aufruf_Wiesbaden_2024-12-28_800x450.jpg?fit=800%2C450&ssl=1&resize=700%2C400 2x"},"classes":[]},{"id":10844,"url":"https:\/\/www.freidenker.org\/?p=10844","url_meta":{"origin":20199,"position":1},"title":"\u201eAlles ist drin\u201c &#8211; Gr\u00fcner Menschenrechts-Interventionismus f\u00fcr westliche Vorherrschaft","author":"Webredaktion","date":"15. Juli 2021","format":false,"excerpt":"Beitrag von Joachim Guilliard Parallel zum Parteitag von B\u00fcndnis 90\/Die Gr\u00fcnen hat vom 11. bis 13. Juni auch der G7-Gipfel im englischen Carbis Bay und wenig sp\u00e4ter der Nato-Gipfel in Br\u00fcssel stattgefunden. Sowohl in Carbis Bay als auch in Br\u00fcssel einigten sich die Teilnehmer auf einen aggressiveren Kurs gegen Russland\u2026","rel":"","context":"In &quot;Frieden - Antifaschismus - Solidarit\u00e4t&quot;","block_context":{"text":"Frieden - Antifaschismus - Solidarit\u00e4t","link":"https:\/\/www.freidenker.org\/?cat=13"},"img":{"alt_text":"","src":"https:\/\/i0.wp.com\/www.freidenker.org\/fw17\/wp-content\/uploads\/2021\/07\/B90-Gruene_Panzer_800x450.jpg?fit=800%2C450&ssl=1&resize=350%2C200","width":350,"height":200,"srcset":"https:\/\/i0.wp.com\/www.freidenker.org\/fw17\/wp-content\/uploads\/2021\/07\/B90-Gruene_Panzer_800x450.jpg?fit=800%2C450&ssl=1&resize=350%2C200 1x, https:\/\/i0.wp.com\/www.freidenker.org\/fw17\/wp-content\/uploads\/2021\/07\/B90-Gruene_Panzer_800x450.jpg?fit=800%2C450&ssl=1&resize=525%2C300 1.5x, https:\/\/i0.wp.com\/www.freidenker.org\/fw17\/wp-content\/uploads\/2021\/07\/B90-Gruene_Panzer_800x450.jpg?fit=800%2C450&ssl=1&resize=700%2C400 2x"},"classes":[]},{"id":8713,"url":"https:\/\/www.freidenker.org\/?p=8713","url_meta":{"origin":20199,"position":2},"title":"Kriegsgeile Gr\u00fcne vergiften mit Nowitschok unsere Hirne","author":"Webredaktion","date":"26. September 2020","format":false,"excerpt":"Ein Kommentar von Rainer Rupp. Abgesehen von einigen wenigen durchgeknallten US-Stiefelleckern in den Regierungsparteien, wie z.B. CDU-M\u00f6chtegern-Kanzlerkandidat Friedrich Merz, CDU-Au\u00dfenpolitiker Norbert R\u00f6ttgen und die gro\u00dfe SPD-Nebelkerze Heiko Maas, kommen die lautst\u00e4rksten Schreih\u00e4lse f\u00fcr mehr Konfrontation mit Russland \u2013 bis hin zum Risiko eines bewaffneten Konflikts \u2013 aus der kriegsversifften Partei\u2026","rel":"","context":"In &quot;Demokratie \u2013 Medien \u2013 Aufkl\u00e4rung&quot;","block_context":{"text":"Demokratie \u2013 Medien \u2013 Aufkl\u00e4rung","link":"https:\/\/www.freidenker.org\/?cat=12"},"img":{"alt_text":"","src":"https:\/\/i0.wp.com\/www.freidenker.org\/fw17\/wp-content\/uploads\/2020\/09\/Navalny_zelenka_800x450.jpg?fit=800%2C450&ssl=1&resize=350%2C200","width":350,"height":200,"srcset":"https:\/\/i0.wp.com\/www.freidenker.org\/fw17\/wp-content\/uploads\/2020\/09\/Navalny_zelenka_800x450.jpg?fit=800%2C450&ssl=1&resize=350%2C200 1x, https:\/\/i0.wp.com\/www.freidenker.org\/fw17\/wp-content\/uploads\/2020\/09\/Navalny_zelenka_800x450.jpg?fit=800%2C450&ssl=1&resize=525%2C300 1.5x, https:\/\/i0.wp.com\/www.freidenker.org\/fw17\/wp-content\/uploads\/2020\/09\/Navalny_zelenka_800x450.jpg?fit=800%2C450&ssl=1&resize=700%2C400 2x"},"classes":[]},{"id":8674,"url":"https:\/\/www.freidenker.org\/?p=8674","url_meta":{"origin":20199,"position":3},"title":"Moralische Argumente gegen \u201eNordstream\u201c nur ein Vorwand","author":"Webredaktion","date":"23. September 2020","format":false,"excerpt":"Leserbrief von Bernd Duschner, erschienen im \u201eDonaukurier\u201c vom 12\/13.9.2020 Die USA haben die Bundesregierung wiederholt gewarnt: Sie hat den Bau der Erdgas-Pipeline Nord Stream 2 einzustellen. Die Pipeline l\u00e4uft \u00fcber die Ostsee, au\u00dferhalb des Zugriffs osteurop\u00e4ischer Staaten, auf deren Verhalten die USA bei Bedarf starken Einfluss nehmen k\u00f6nnen. Als \u201eJuniorpartner\u201c\u2026","rel":"","context":"In &quot;Demokratie \u2013 Medien \u2013 Aufkl\u00e4rung&quot;","block_context":{"text":"Demokratie \u2013 Medien \u2013 Aufkl\u00e4rung","link":"https:\/\/www.freidenker.org\/?cat=12"},"img":{"alt_text":"","src":"https:\/\/i0.wp.com\/www.freidenker.org\/fw17\/wp-content\/uploads\/2020\/09\/Nord_Stream_Sign_Tallinn_19_May_2014_800x450..jpg?fit=800%2C450&ssl=1&resize=350%2C200","width":350,"height":200,"srcset":"https:\/\/i0.wp.com\/www.freidenker.org\/fw17\/wp-content\/uploads\/2020\/09\/Nord_Stream_Sign_Tallinn_19_May_2014_800x450..jpg?fit=800%2C450&ssl=1&resize=350%2C200 1x, https:\/\/i0.wp.com\/www.freidenker.org\/fw17\/wp-content\/uploads\/2020\/09\/Nord_Stream_Sign_Tallinn_19_May_2014_800x450..jpg?fit=800%2C450&ssl=1&resize=525%2C300 1.5x, https:\/\/i0.wp.com\/www.freidenker.org\/fw17\/wp-content\/uploads\/2020\/09\/Nord_Stream_Sign_Tallinn_19_May_2014_800x450..jpg?fit=800%2C450&ssl=1&resize=700%2C400 2x"},"classes":[]},{"id":13066,"url":"https:\/\/www.freidenker.org\/?p=13066","url_meta":{"origin":20199,"position":4},"title":"NATO will Russland schw\u00e4chen","author":"Webredaktion","date":"9. Mai 2022","format":false,"excerpt":"Beitrag von Klaus Hartmann In den letzten Jahren wurde das pf\u00e4lzische Ramstein nahe Kaiserslautern immer wieder mal kurz in den Medien erw\u00e4hnt, wenn die Pr\u00e4sidenten Obama oder Trump bei Reisen in oder aus ihren zahlreichen Kriegsgebieten auf \u201eihrem pf\u00e4lzischen Territorium\u201c zwischenlandeten. Noch seltener schafften es die Friedensaktivisten von \u201eStopp Airbase\u2026","rel":"","context":"In &quot;Frieden - Antifaschismus - Solidarit\u00e4t&quot;","block_context":{"text":"Frieden - Antifaschismus - Solidarit\u00e4t","link":"https:\/\/www.freidenker.org\/?cat=13"},"img":{"alt_text":"","src":"https:\/\/i0.wp.com\/www.freidenker.org\/fw17\/wp-content\/uploads\/2022\/05\/Ramstein_air_base_800x450.jpg?fit=800%2C450&ssl=1&resize=350%2C200","width":350,"height":200,"srcset":"https:\/\/i0.wp.com\/www.freidenker.org\/fw17\/wp-content\/uploads\/2022\/05\/Ramstein_air_base_800x450.jpg?fit=800%2C450&ssl=1&resize=350%2C200 1x, https:\/\/i0.wp.com\/www.freidenker.org\/fw17\/wp-content\/uploads\/2022\/05\/Ramstein_air_base_800x450.jpg?fit=800%2C450&ssl=1&resize=525%2C300 1.5x, https:\/\/i0.wp.com\/www.freidenker.org\/fw17\/wp-content\/uploads\/2022\/05\/Ramstein_air_base_800x450.jpg?fit=800%2C450&ssl=1&resize=700%2C400 2x"},"classes":[]},{"id":16372,"url":"https:\/\/www.freidenker.org\/?p=16372","url_meta":{"origin":20199,"position":5},"title":"Oskar Lafontaine im Interview: &#8222;Gr\u00fcne sind der US-Politik unterworfen&#8220;","author":"Webredaktion","date":"28. Juni 2023","format":false,"excerpt":"Interview von Tom J. Wellbrock mit Oskar Lafontaine Im Interview mit Tom Wellbrock streift der ehemalige SPD-Politiker und Gr\u00fcnder der Partei Die Linke, Oskar Lafontaine, zahlreiche Themenfelder der aktuellen Politik und r\u00e4umt mit vielem auf, was in Deutschland f\u00fcr wahr gehalten wird, jedoch nicht den Fakten entspricht.\u00a0Da ist zun\u00e4chst das\u2026","rel":"","context":"In &quot;Demokratie \u2013 Medien \u2013 Aufkl\u00e4rung&quot;","block_context":{"text":"Demokratie \u2013 Medien \u2013 Aufkl\u00e4rung","link":"https:\/\/www.freidenker.org\/?cat=12"},"img":{"alt_text":"","src":"https:\/\/i0.wp.com\/www.freidenker.org\/fw17\/wp-content\/uploads\/2023\/06\/Lafontaine_800x450.jpg?fit=800%2C450&ssl=1&resize=350%2C200","width":350,"height":200,"srcset":"https:\/\/i0.wp.com\/www.freidenker.org\/fw17\/wp-content\/uploads\/2023\/06\/Lafontaine_800x450.jpg?fit=800%2C450&ssl=1&resize=350%2C200 1x, https:\/\/i0.wp.com\/www.freidenker.org\/fw17\/wp-content\/uploads\/2023\/06\/Lafontaine_800x450.jpg?fit=800%2C450&ssl=1&resize=525%2C300 1.5x, https:\/\/i0.wp.com\/www.freidenker.org\/fw17\/wp-content\/uploads\/2023\/06\/Lafontaine_800x450.jpg?fit=800%2C450&ssl=1&resize=700%2C400 2x"},"classes":[]}],"_links":{"self":[{"href":"https:\/\/www.freidenker.org\/index.php?rest_route=\/wp\/v2\/posts\/20199","targetHints":{"allow":["GET"]}}],"collection":[{"href":"https:\/\/www.freidenker.org\/index.php?rest_route=\/wp\/v2\/posts"}],"about":[{"href":"https:\/\/www.freidenker.org\/index.php?rest_route=\/wp\/v2\/types\/post"}],"author":[{"embeddable":true,"href":"https:\/\/www.freidenker.org\/index.php?rest_route=\/wp\/v2\/users\/3"}],"replies":[{"embeddable":true,"href":"https:\/\/www.freidenker.org\/index.php?rest_route=%2Fwp%2Fv2%2Fcomments&post=20199"}],"version-history":[{"count":0,"href":"https:\/\/www.freidenker.org\/index.php?rest_route=\/wp\/v2\/posts\/20199\/revisions"}],"wp:featuredmedia":[{"embeddable":true,"href":"https:\/\/www.freidenker.org\/index.php?rest_route=\/wp\/v2\/media\/20201"}],"wp:attachment":[{"href":"https:\/\/www.freidenker.org\/index.php?rest_route=%2Fwp%2Fv2%2Fmedia&parent=20199"}],"wp:term":[{"taxonomy":"category","embeddable":true,"href":"https:\/\/www.freidenker.org\/index.php?rest_route=%2Fwp%2Fv2%2Fcategories&post=20199"},{"taxonomy":"post_tag","embeddable":true,"href":"https:\/\/www.freidenker.org\/index.php?rest_route=%2Fwp%2Fv2%2Ftags&post=20199"}],"curies":[{"name":"wp","href":"https:\/\/api.w.org\/{rel}","templated":true}]}}