{"id":20196,"date":"2024-11-04T01:35:26","date_gmt":"2024-11-04T00:35:26","guid":{"rendered":"https:\/\/www.freidenker.org\/?p=20196"},"modified":"2025-01-02T15:57:25","modified_gmt":"2025-01-02T14:57:25","slug":"trump-finanziers-verdienen-nicht-am-ukrainekrieg","status":"publish","type":"post","link":"https:\/\/www.freidenker.org\/?p=20196","title":{"rendered":"\u201eTrump-Finanziers verdienen nicht am Ukrainekrieg\u201c"},"content":{"rendered":"<p><em>Video-Interview von <span class=\"style-scope yt-formatted-string\" dir=\"auto\"><strong>Milena Preradovic<\/strong> mit <strong>Dr. Werner R\u00fcgemer<\/strong><\/span><\/em><\/p>\n<p><span style=\"font-size: 10pt;\">Ver\u00f6ffentlicht am 01.11.2024 auf <a href=\"https:\/\/punkt-preradovic.com\/trump-finanziers-verdienen-nicht-am-ukrainekrieg-mit-dr-werner-ruegemer\/\" target=\"_blank\" rel=\"noopener\">PUNKT.PRERADOVIC<\/a><\/span><\/p>\n<p>Wie sieht die Politik des n\u00e4chsten US-Pr\u00e4sidenten aus? Versprechen im Wahlkampf sind da sicher kein Ma\u00dfstab. Wer wissen will, was von dem k\u00fcnftig m\u00e4chtigsten Menschen der westlichen Welt zu erwarten ist, der sollte sich die potenten Unterst\u00fctzer und Finanziers der Kandidaten #Harris und #Trump ansehen. Der Publizist und Beobachter des US-Wahlkampfes Dr. Werner R\u00fcgemer sagt: \u201cW\u00e4hrend Harris-Unterst\u00fctzer in hohem Ma\u00dfe vom #UkraineKrieg profitieren, verdienen Trumps Helfer dort nichts.\u201c<\/p>\n<p>Der Unterschied der beiden US-Pr\u00e4sidentschafts-Wahlk\u00e4mpfer ist ansonsten geringer als vom Mainstream suggeriert wird, gr\u00f6\u00dfte Gemeinsamkeit: Israel. Harris schlie\u00dft zu Trump auf bei &#8222;America&#8220;-Nationalismus, bei Steuerfreiheit f\u00fcr Trinkgeld, bei der F\u00f6rderung von Bitcoin\/Krypto. Carnegie-Stiftung: Trump hat recht mit &#8222;Make America great again&#8220; &#8211; aber Harris soll es machen.<\/p>\n<div class=\"jetpack-video-wrapper\"><span class=\"embed-youtube\" style=\"text-align:center; display: block;\"><iframe loading=\"lazy\" class=\"youtube-player\" width=\"800\" height=\"450\" src=\"https:\/\/www.youtube.com\/embed\/KbjS-ByRl3I?version=3&#038;rel=1&#038;showsearch=0&#038;showinfo=1&#038;iv_load_policy=1&#038;fs=1&#038;hl=de-DE&#038;autohide=2&#038;wmode=transparent\" allowfullscreen=\"true\" style=\"border:0;\" sandbox=\"allow-scripts allow-same-origin allow-popups allow-presentation allow-popups-to-escape-sandbox\"><\/iframe><\/span><\/div>\n<p><span style=\"font-size: 10pt;\">Direktlink zum Video bei YouTube: <a href=\"https:\/\/www.youtube.com\/watch?v=KbjS-ByRl3I\" target=\"_blank\" rel=\"noopener\">https:\/\/www.youtube.com\/watch?v=KbjS-ByRl3I<\/a><\/span><\/p>\n<p><span style=\"font-size: 10pt;\">Alternative Video-Ver\u00f6ffentlichung: <a href=\"https:\/\/odysee.com\/@Punkt.PRERADOVIC:f\/241031_Ruegemer:8\" target=\"_blank\" rel=\"noopener\">https:\/\/odysee.com\/@Punkt.PRERADOVIC:f\/241031_Ruegemer:8<\/a><\/span><\/p>\n<p style=\"text-align: right;\"><em>Milena Preradovic, Gelsenkirchen, ist Moderatorin, Autorin und Kolumnistin.<\/em><\/p>\n<p style=\"text-align: right;\"><em>Dr. Werner R\u00fcgemer, K\u00f6ln, ist Philosoph und Publizist. Er ist Sprecher des Beirats des Deutschen Freidenker-Verbandes und Mitglied des Verbandsvorstandes<\/em><\/p>\n<hr \/>\n<p><span style=\"font-size: 10pt;\">Bild oben: Screenshot aus dem Video von <a class=\"yt-simple-endpoint style-scope yt-formatted-string\" spellcheck=\"false\" href=\"https:\/\/www.youtube.com\/watch?v=KbjS-ByRl3I\" target=\"_blank\" rel=\"noopener\">Punkt.PRERADOVIC<\/a><\/span><\/p>\n<p>&nbsp;<\/p>\n","protected":false},"excerpt":{"rendered":"<p><b>Video-Interview von Milena Preradovic mit Dr. Werner R\u00fcgemer<\/b><br \/>\nWie sieht die Politik des n\u00e4chsten US-Pr\u00e4sidenten aus? Versprechen im Wahlkampf sind da sicher kein Ma\u00dfstab. Wer wissen will, was von dem k\u00fcnftig m\u00e4chtigsten Menschen der westlichen Welt zu erwarten ist, der sollte sich die potenten Unterst\u00fctzer und Finanziers der Kandidaten #Harris und #Trump ansehen. Der Publizist und Beobachter des US-Wahlkampfes Dr. Werner R\u00fcgemer sagt: \u201cW\u00e4hrend Harris-Unterst\u00fctzer in hohem Ma\u00dfe vom #UkraineKrieg profitieren, verdienen Trumps Helfer dort nichts.\u201c<\/p>\n","protected":false},"author":3,"featured_media":20197,"comment_status":"closed","ping_status":"closed","sticky":false,"template":"","format":"standard","meta":{"colormag_page_container_layout":"default_layout","colormag_page_sidebar_layout":"default_layout","advanced_seo_description":"","jetpack_seo_html_title":"","jetpack_seo_noindex":false,"jetpack_post_was_ever_published":false,"footnotes":""},"categories":[12],"tags":[1831,1021,62,393,2369,2387,482,2107,639,185,1673,1313],"class_list":["post-20196","post","type-post","status-publish","format-standard","has-post-thumbnail","hentry","category-demokratie-medien-aufklaerung","tag-blackrock","tag-donald-trump","tag-interview","tag-israel","tag-kamala-harris","tag-kryptowaehrung","tag-nationalismus","tag-praesident","tag-ukraine-konflikt","tag-usa","tag-video","tag-wahlen"],"jetpack_featured_media_url":"https:\/\/i0.wp.com\/www.freidenker.org\/fw17\/wp-content\/uploads\/2024\/11\/ruegemer_preradovic_800x450.jpg?fit=800%2C450&ssl=1","jetpack_shortlink":"https:\/\/wp.me\/p9stpK-5fK","jetpack-related-posts":[{"id":23210,"url":"https:\/\/www.freidenker.org\/?p=23210","url_meta":{"origin":20196,"position":0},"title":"III. Nationales Denkfest &#8211; Werner R\u00fcgemer &#8211; Verh\u00e4ngnisvolle Freundschaft, wie die USA Europa eroberten","author":"Webredaktion","date":"17. Oktober 2025","format":false,"excerpt":"Video eines Vortrages von Dr. Werner R\u00fcgemer auf dem III. Denkfest der Aktiven Im Ferienpark Retgendorf bei Schwerin fand vom 28.\u201030. M\u00e4rz 2025 das 3. \u201eDenkfest der Aktiven\u201c statt. Zahlreiche Mitglieder unseres Verbandes beteiligten sich an der Programmgestaltung. Wir ver\u00f6ffentlichen hiermit ein Video des Vortrages unseres Beiratsmitgliedes Dr. Werner R\u00fcgemer\u2026","rel":"","context":"In &quot;Demokratie \u2013 Medien \u2013 Aufkl\u00e4rung&quot;","block_context":{"text":"Demokratie \u2013 Medien \u2013 Aufkl\u00e4rung","link":"https:\/\/www.freidenker.org\/?cat=12"},"img":{"alt_text":"","src":"https:\/\/i0.wp.com\/www.freidenker.org\/fw17\/wp-content\/uploads\/2025\/10\/friedenstaub03_ruegemer_youtube_800x450.jpg?fit=800%2C450&ssl=1&resize=350%2C200","width":350,"height":200,"srcset":"https:\/\/i0.wp.com\/www.freidenker.org\/fw17\/wp-content\/uploads\/2025\/10\/friedenstaub03_ruegemer_youtube_800x450.jpg?fit=800%2C450&ssl=1&resize=350%2C200 1x, https:\/\/i0.wp.com\/www.freidenker.org\/fw17\/wp-content\/uploads\/2025\/10\/friedenstaub03_ruegemer_youtube_800x450.jpg?fit=800%2C450&ssl=1&resize=525%2C300 1.5x, https:\/\/i0.wp.com\/www.freidenker.org\/fw17\/wp-content\/uploads\/2025\/10\/friedenstaub03_ruegemer_youtube_800x450.jpg?fit=800%2C450&ssl=1&resize=700%2C400 2x"},"classes":[]},{"id":14441,"url":"https:\/\/www.freidenker.org\/?p=14441","url_meta":{"origin":20196,"position":1},"title":"Video: Der aktuelle Systemkonflikt","author":"Webredaktion","date":"13. Oktober 2022","format":false,"excerpt":"Videomittschnitt eines Vortrages von Dr. Werner R\u00fcgemer Die Jenny Marx Gesellschaft f\u00fcr politische Bildung e.V. hat ... eine Video-Aufzeichnung des Vortrages von Dr. Werner R\u00fcgemer, Sprecher des Beirats des Deutschen Freidenker-Verbandes, zum Thema \"Der aktuelle Systemkonflikt zwischen den vom US-Imperium gef\u00fchrten L\u00e4ndern und dem \"Rest der Welt\"\" \u00a0online gestellt. Mehr\u2026","rel":"","context":"In &quot;Demokratie \u2013 Medien \u2013 Aufkl\u00e4rung&quot;","block_context":{"text":"Demokratie \u2013 Medien \u2013 Aufkl\u00e4rung","link":"https:\/\/www.freidenker.org\/?cat=12"},"img":{"alt_text":"","src":"https:\/\/i0.wp.com\/www.freidenker.org\/fw17\/wp-content\/uploads\/2022\/10\/RuegemerNeuwied_800x450.jpg?fit=800%2C450&ssl=1&resize=350%2C200","width":350,"height":200,"srcset":"https:\/\/i0.wp.com\/www.freidenker.org\/fw17\/wp-content\/uploads\/2022\/10\/RuegemerNeuwied_800x450.jpg?fit=800%2C450&ssl=1&resize=350%2C200 1x, https:\/\/i0.wp.com\/www.freidenker.org\/fw17\/wp-content\/uploads\/2022\/10\/RuegemerNeuwied_800x450.jpg?fit=800%2C450&ssl=1&resize=525%2C300 1.5x, https:\/\/i0.wp.com\/www.freidenker.org\/fw17\/wp-content\/uploads\/2022\/10\/RuegemerNeuwied_800x450.jpg?fit=800%2C450&ssl=1&resize=700%2C400 2x"},"classes":[]},{"id":22559,"url":"https:\/\/www.freidenker.org\/?p=22559","url_meta":{"origin":20196,"position":2},"title":"Deutschland ist die BlackRock-Speerspitze in Europa","author":"Webredaktion","date":"6. August 2025","format":false,"excerpt":"Interview von Felicitas Rabe mit Dr. Werner R\u00fcgemer Werner R\u00fcgemer erkl\u00e4rt den langen Vorlauf des US-Einflusses auf die Wirtschaft in Deutschland und Europa. Inzwischen ist BlackRock einer der Hauptakteure bei der De-Industrialisierung Deutschlands und bei der Fortf\u00fchrung des Krieges in der Ukraine. Friedrich Merz ist daf\u00fcr ein wichtiges Werkzeug. Im\u2026","rel":"","context":"In &quot;Demokratie \u2013 Medien \u2013 Aufkl\u00e4rung&quot;","block_context":{"text":"Demokratie \u2013 Medien \u2013 Aufkl\u00e4rung","link":"https:\/\/www.freidenker.org\/?cat=12"},"img":{"alt_text":"","src":"https:\/\/i0.wp.com\/www.freidenker.org\/fw17\/wp-content\/uploads\/2025\/08\/BlackRock_hq51_jeh_800x450.jpg?fit=800%2C450&ssl=1&resize=350%2C200","width":350,"height":200,"srcset":"https:\/\/i0.wp.com\/www.freidenker.org\/fw17\/wp-content\/uploads\/2025\/08\/BlackRock_hq51_jeh_800x450.jpg?fit=800%2C450&ssl=1&resize=350%2C200 1x, https:\/\/i0.wp.com\/www.freidenker.org\/fw17\/wp-content\/uploads\/2025\/08\/BlackRock_hq51_jeh_800x450.jpg?fit=800%2C450&ssl=1&resize=525%2C300 1.5x, https:\/\/i0.wp.com\/www.freidenker.org\/fw17\/wp-content\/uploads\/2025\/08\/BlackRock_hq51_jeh_800x450.jpg?fit=800%2C450&ssl=1&resize=700%2C400 2x"},"classes":[]},{"id":14272,"url":"https:\/\/www.freidenker.org\/?p=14272","url_meta":{"origin":20196,"position":3},"title":"Einladung: Der aktuelle Systemkonflikt","author":"Webredaktion","date":"29. September 2022","format":false,"excerpt":"... zwischen den vom US-Imperium gef\u00fchrten L\u00e4ndern und dem \u201eRest der Welt\u201c Vortrag und Diskussion mit Dr. Werner R\u00fcgemer Donnerstag, 06.10.2022, 18 Uhr, Restaurant Singapur (Saal im Obergeschoss), Marktstra\u00dfe 90, 56564 Neuwied Das Thema: Der US-gef\u00fchrte westliche Kapitalismus steigt ab, in den USA selbst, in der EU und anderen abh\u00e4ngigen\u2026","rel":"","context":"In &quot;Demokratie \u2013 Medien \u2013 Aufkl\u00e4rung&quot;","block_context":{"text":"Demokratie \u2013 Medien \u2013 Aufkl\u00e4rung","link":"https:\/\/www.freidenker.org\/?cat=12"},"img":{"alt_text":"","src":"https:\/\/i0.wp.com\/www.freidenker.org\/fw17\/wp-content\/uploads\/2022\/09\/ruegemer_systemkonflikt_800x450.jpg?fit=800%2C450&ssl=1&resize=350%2C200","width":350,"height":200,"srcset":"https:\/\/i0.wp.com\/www.freidenker.org\/fw17\/wp-content\/uploads\/2022\/09\/ruegemer_systemkonflikt_800x450.jpg?fit=800%2C450&ssl=1&resize=350%2C200 1x, https:\/\/i0.wp.com\/www.freidenker.org\/fw17\/wp-content\/uploads\/2022\/09\/ruegemer_systemkonflikt_800x450.jpg?fit=800%2C450&ssl=1&resize=525%2C300 1.5x, https:\/\/i0.wp.com\/www.freidenker.org\/fw17\/wp-content\/uploads\/2022\/09\/ruegemer_systemkonflikt_800x450.jpg?fit=800%2C450&ssl=1&resize=700%2C400 2x"},"classes":[]},{"id":21097,"url":"https:\/\/www.freidenker.org\/?p=21097","url_meta":{"origin":20196,"position":4},"title":"Interview mit Werner R\u00fcgemer: Trumps &#8222;America First&#8220; \u2013 ein Strategiewandel der USA?","author":"Webredaktion","date":"4. M\u00e4rz 2025","format":false,"excerpt":"Interview von Felicitas Rabe mit Werner R\u00fcgemer\u00a0 RT DE: Herr R\u00fcgemer, hoffen die vielen Kritiker der US-Vormachtstellung mit dem neuen US-Pr\u00e4sidenten Donald Trump zurecht auf ein Ende der US-Hegemonie? R\u00fcgemer: Diese \"vielen Kritiker\" der US-Vormacht liegen mit ihrer Hoffnung v\u00f6llig falsch. Trump will \"America first\", wie seine Vorg\u00e4nger seit der\u2026","rel":"","context":"In &quot;Demokratie \u2013 Medien \u2013 Aufkl\u00e4rung&quot;","block_context":{"text":"Demokratie \u2013 Medien \u2013 Aufkl\u00e4rung","link":"https:\/\/www.freidenker.org\/?cat=12"},"img":{"alt_text":"","src":"https:\/\/i0.wp.com\/www.freidenker.org\/fw17\/wp-content\/uploads\/2025\/03\/Donald_Trump_54361332767_800x450.jpg?fit=800%2C450&ssl=1&resize=350%2C200","width":350,"height":200,"srcset":"https:\/\/i0.wp.com\/www.freidenker.org\/fw17\/wp-content\/uploads\/2025\/03\/Donald_Trump_54361332767_800x450.jpg?fit=800%2C450&ssl=1&resize=350%2C200 1x, https:\/\/i0.wp.com\/www.freidenker.org\/fw17\/wp-content\/uploads\/2025\/03\/Donald_Trump_54361332767_800x450.jpg?fit=800%2C450&ssl=1&resize=525%2C300 1.5x, https:\/\/i0.wp.com\/www.freidenker.org\/fw17\/wp-content\/uploads\/2025\/03\/Donald_Trump_54361332767_800x450.jpg?fit=800%2C450&ssl=1&resize=700%2C400 2x"},"classes":[]},{"id":20818,"url":"https:\/\/www.freidenker.org\/?p=20818","url_meta":{"origin":20196,"position":5},"title":"Trumps Wirtschaftspolitik: Versch\u00e4rfte Fortsetzung von Obama","author":"Webredaktion","date":"24. Januar 2025","format":false,"excerpt":"von Dr. Werner R\u00fcgemer \u201eAmerica First\u201c: Trumps Parole klang f\u00fcr viele politische Schlafm\u00fctzen neu und aggressiv. Aber sie war nur der rhetorisch deutlichere Anspruch der \u201eeinzigen\u201c und \u201eau\u00dfergew\u00f6hnlichen Nation\u201c auf Weltherrschaft. Das hatte auch etwa der US-Pr\u00e4sident der Demokraten-Partei, Barack Obama schon beschworen, ebenfalls wie bei Trump g\u00f6ttlich \u00fcberh\u00f6ht mit\u2026","rel":"","context":"In &quot;Arbeit &amp; Soziales&quot;","block_context":{"text":"Arbeit &amp; Soziales","link":"https:\/\/www.freidenker.org\/?cat=11"},"img":{"alt_text":"","src":"https:\/\/i0.wp.com\/www.freidenker.org\/fw17\/wp-content\/uploads\/2025\/01\/Donald-Trump-Artguru-KI-erstell_800x450.jpg?fit=800%2C450&ssl=1&resize=350%2C200","width":350,"height":200,"srcset":"https:\/\/i0.wp.com\/www.freidenker.org\/fw17\/wp-content\/uploads\/2025\/01\/Donald-Trump-Artguru-KI-erstell_800x450.jpg?fit=800%2C450&ssl=1&resize=350%2C200 1x, https:\/\/i0.wp.com\/www.freidenker.org\/fw17\/wp-content\/uploads\/2025\/01\/Donald-Trump-Artguru-KI-erstell_800x450.jpg?fit=800%2C450&ssl=1&resize=525%2C300 1.5x, https:\/\/i0.wp.com\/www.freidenker.org\/fw17\/wp-content\/uploads\/2025\/01\/Donald-Trump-Artguru-KI-erstell_800x450.jpg?fit=800%2C450&ssl=1&resize=700%2C400 2x"},"classes":[]}],"_links":{"self":[{"href":"https:\/\/www.freidenker.org\/index.php?rest_route=\/wp\/v2\/posts\/20196","targetHints":{"allow":["GET"]}}],"collection":[{"href":"https:\/\/www.freidenker.org\/index.php?rest_route=\/wp\/v2\/posts"}],"about":[{"href":"https:\/\/www.freidenker.org\/index.php?rest_route=\/wp\/v2\/types\/post"}],"author":[{"embeddable":true,"href":"https:\/\/www.freidenker.org\/index.php?rest_route=\/wp\/v2\/users\/3"}],"replies":[{"embeddable":true,"href":"https:\/\/www.freidenker.org\/index.php?rest_route=%2Fwp%2Fv2%2Fcomments&post=20196"}],"version-history":[{"count":0,"href":"https:\/\/www.freidenker.org\/index.php?rest_route=\/wp\/v2\/posts\/20196\/revisions"}],"wp:featuredmedia":[{"embeddable":true,"href":"https:\/\/www.freidenker.org\/index.php?rest_route=\/wp\/v2\/media\/20197"}],"wp:attachment":[{"href":"https:\/\/www.freidenker.org\/index.php?rest_route=%2Fwp%2Fv2%2Fmedia&parent=20196"}],"wp:term":[{"taxonomy":"category","embeddable":true,"href":"https:\/\/www.freidenker.org\/index.php?rest_route=%2Fwp%2Fv2%2Fcategories&post=20196"},{"taxonomy":"post_tag","embeddable":true,"href":"https:\/\/www.freidenker.org\/index.php?rest_route=%2Fwp%2Fv2%2Ftags&post=20196"}],"curies":[{"name":"wp","href":"https:\/\/api.w.org\/{rel}","templated":true}]}}