{"id":20193,"date":"2024-11-03T12:03:55","date_gmt":"2024-11-03T11:03:55","guid":{"rendered":"https:\/\/www.freidenker.org\/?p=20193"},"modified":"2025-01-02T15:57:18","modified_gmt":"2025-01-02T14:57:18","slug":"nato-hauptquartier-in-rostock-verletzt-voelkerrecht-eklatant","status":"publish","type":"post","link":"https:\/\/www.freidenker.org\/?p=20193","title":{"rendered":"NATO-Hauptquartier in Rostock verletzt V\u00f6lkerrecht eklatant"},"content":{"rendered":"<p><strong>Der NATO-St\u00fctzpunkt in Rostock widerspricht Inhalt und Sinn des &#8222;Zwei-plus-Vier-Vertrages&#8220; zwischen den beiden deutschen Staaten und den Alliierten. Rechtsanwalt Hans Bauer bewertet den speziellen Auftrag des neuen NATO-St\u00fctzpunkts und die damit einhergehende V\u00f6lkerrichtsverletzung. <\/strong><\/p>\n<p><em>Von <strong>Hans Bauer<\/strong><\/em><\/p>\n<h4><strong>Erkl\u00e4rung der Gesellschaft zur Rechtlichen und Humanit\u00e4ren Unterst\u00fctzung (GRH) e.V.<\/strong><\/h4>\n<h3><strong>NATO-Hauptquartier in Rostock \u2013 Verletzung des V\u00f6lkerrechts<\/strong><\/h3>\n<p>Die Einweihung eines maritimen taktischen Hauptquartiers der NATO am 21. Oktober in Rostock ist ein eklatanter V\u00f6lkerrechtsbruch. Mit ihr wird insbesondere der &#8222;Zwei-plus-Vier-Vertrag&#8220; vom 12. September 1990 zwischen den beiden deutschen Staaten und den vier alliierten M\u00e4chten Frank\u00adreich, Gro\u00dfbritannien, UdSSR und USA verletzt, in dem unter anderem die Stationierung und Verlegung aus\u00adl\u00e4ndischer Streitkr\u00e4fte auf dem Territorium der DDR nach Abzug der sowjetischen Streitkr\u00e4fte gere\u00adgelt ist.<\/p>\n<p><em>Artikel 5 (3) des Vertrages bestimmt: <\/em><\/p>\n<blockquote><p><em>&#8222;Ausl\u00e4ndische Streitkr\u00e4fte \u2026 werden in diesem Teil Deutschlands weder stationiert noch dorthin verlegt.&#8220;<\/em><\/p><\/blockquote>\n<p>Welche Bedeutung dieses Hauptquartier, das &#8222;CTFB&#8220; (Commander Task Force Baltic), f\u00fcr die mul\u00adtilaterale Kooperation der NATO hat, machte Verteidigungsminister Boris Pistorius bei der Einwei\u00adhung klar. Es gehe um die Verantwortung Deutschlands als &#8222;globale Handlungs- und Seenation&#8220; an der Ostfront der NATO. Durch st\u00e4ndige Lageinformationen soll die Ostfront gegen den Feind Russland gesichert werden.<\/p>\n<p>Auch Manuela Schwesig, die Ministerpr\u00e4sidentin von Mecklenburg-Vorpommern, begr\u00fc\u00dfte die Einrichtung des Hauptquartiers in der Hansestadt Rostock. Proteste aus der Bev\u00f6lkerung gegen die Stationierung der NATO sind ihnen egal. Mit Wortklaubereien und irref\u00fchrenden Behauptungen versuchen die Kriegspolitiker, gest\u00fctzt von ihren Experten, Diensten und abh\u00e4ngigen Medien, der \u00d6ffentlichkeit weiszumachen, es handele sich nicht um V\u00f6l\u00adkerrechtsbruch. Das NATO-Hauptquartier sei lediglich eine nationale Einrichtung.<\/p>\n<p>Die Fakten be\u00adweisen allerdings das Gegenteil. Die milit\u00e4rische Aufgabenstellung besteht in der \u00dcberwachung des Ostseeraums und in der \u00dcber\u00adnahme von F\u00fchrungsverantwortung im Rahmen der NATO. Die Beteiligung von elf weiteren Staaten an dieser Einrichtung, u.a. von Polen und Schweden, bekr\u00e4ftigt ebenfalls zweifelsfrei den NATO-Charakter. Es widerspricht Sinn und Inhalt des Zwei-plus-Vier-Vertrages, wenn das Verbot von &#8222;ausl\u00e4ndischen Streitkr\u00e4ften&#8220; auf dem Territorium der DDR nicht selbstverst\u00e4ndlich auch auf die Kommandostellen zutreffen sollte, die f\u00fcr die NATO handeln und Kriege f\u00fcr internationale Streitkr\u00e4fte planen, vorbereiten und auch f\u00fchren sollen. Was der \u00d6ffentlichkeit hier zugemutet wird, ist an Dreistigkeit, Dummheit und Manipulation nicht zu \u00fcberbieten.<\/p>\n<p>Zu Recht hat die russische Seite gegen diesen Bruch des V\u00f6lkerrechts sofort protestiert. Mit der Einrichtung dieser NATO-F\u00fchrungsstelle auf dem Territorium der DDR erreicht die Miss\u00adachtung des V\u00f6lkerrechts durch die deutsche Regierung eine weitere Eskalation. Von der Beteili\u00adgung an der NATO-Osterweiterung \u00fcber die Nutzung ostdeutschen Territoriums f\u00fcr den Transport von NATO-Truppen bis zum jetzigen Bruch des Zwei-plus-Vier-Vertrages hat der deutsche Staat be\u00adwiesen, was er vom internationalen Recht und dem Friedensgebot im eigenen Grundgesetz h\u00e4lt.<\/p>\n<p>Der Zwei-plus-Vier-Vertrag gilt als einer der wichtigsten Vertr\u00e4ge nach Beendigung des 2. Welt\u00adkrieges. Ungeachtet seiner unterschiedlichen politischen Bewertung war er Voraussetzung f\u00fcr den &#8222;Einigungsvertrag&#8220; und als Friedensregelung gedacht.<\/p>\n<p>Geist und Buchstabe des Zwei-plus-Vier-Vertrages sind mit einem NATO-Hauptquartier in Rostock, &#8222;einem der wichtigsten NATO-St\u00fctzpunkte im Ostseeraum&#8220; (<em>Ostseezeitung<\/em>), unvereinbar. Gegen Deutschland als &#8222;zentrale Drehscheibe f\u00fcr die Allianz&#8220; (Bundeskanzler Scholz) zur Kriegsf\u00fchrung und besonders \u2013 entgegen internationalen Abkommen \u2013 die schrittweise Einbeziehung des DDR-Territoriums in NATO-Kriegsvorbereitungen und Feindschaft gegen andere Staaten und V\u00f6lker ist unser aller Protest notwendig. Wir solidarisieren uns mit allen B\u00fcrgerinnen und B\u00fcrgern, die gegen diesen friedensfeindlichen NATO-St\u00fctzpunkt Widerstand leisten.<\/p>\n<p style=\"text-align: center;\">Vorstand der GRH, Berlin, am 31. Oktober 2024<\/p>\n<p><em>Die <a href=\"http:\/\/www.grh-ev.org\/ueber-die-grh.html\" target=\"_blank\" rel=\"noopener noreferrer\">Gesellschaft zur Rechtlichen und Humanit\u00e4ren Unterst\u00fctzung (GRH) e.V.<\/a> setzt sich gem\u00e4\u00df ihrer Selbstdarstellung gegen politische Strafverfolgung und Kriminalisierung von DDR-B\u00fcrgern sowie f\u00fcr Rehabilitierung, Gerechtigkeit und Historische Wahrheit ein. Deren Vorstandsvorsitzender, Rechtsanwalt Hans Bauer, war zu DDR-Zeiten letzter stellvertretender Generalstaatsanwalt.<\/em><\/p>\n<p style=\"text-align: right;\"><em>Hans Bauer ist Vorsitzender der Gesellschaft zur Rechtlichen und Humanit\u00e4ren Unterst\u00fctzung (GRH) e.V. und Beiratsmitglied des Deutschen Freidenker-Verbandes<\/em><\/p>\n<hr \/>\n<p><span style=\"font-size: 10pt;\">Bild oben: Deutscher Marinesoldat an Bord des FGS Homburg w\u00e4hrend der Gro\u00df\u00fcbung Trident Juncture in Norwegen im Herbst 2018.<\/span><br \/>\n<span style=\"font-size: 10pt;\">Foto: NATO, <a href=\"https:\/\/creativecommons.org\/licenses\/by-nc-nd\/2.0\/deed.no\" target=\"_blank\" rel=\"noopener\">CC BY NC ND 2.0<\/a><\/span><br \/>\n<span style=\"font-size: 10pt;\">Quelle: <a href=\"https:\/\/www.flickr.com\/photos\/nato\/45599844591\/\" target=\"_blank\" rel=\"noopener\">https:\/\/www.flickr.com\/photos\/nato\/45599844591\/<\/a><\/span><\/p>\n<p>&nbsp;<\/p>\n","protected":false},"excerpt":{"rendered":"<p><b>Erkl\u00e4rung der Gesellschaft zur Rechtlichen und Humanit\u00e4ren Unterst\u00fctzung (GRH) e.V.<\/b> von <b>Hans Bauer<\/b><br \/>\nDie Einweihung eines maritimen taktischen Hauptquartiers der NATO am 21. Oktober in Rostock ist ein eklatanter V\u00f6lkerrechtsbruch. Mit ihr wird insbesondere der &#8222;Zwei-plus-Vier-Vertrag&#8220; vom 12. September 1990 zwischen den beiden deutschen Staaten und den vier alliierten M\u00e4chten Frank\u00adreich, Gro\u00dfbritannien, UdSSR und USA verletzt, in dem unter anderem die Stationierung und Verlegung aus\u00adl\u00e4ndischer Streitkr\u00e4fte auf dem Territorium der DDR nach Abzug der sowjetischen Streitkr\u00e4fte gere\u00adgelt ist. Artikel 5 (3) des Vertrages bestimmt: &#8222;Ausl\u00e4ndische Streitkr\u00e4fte \u2026 werden in diesem Teil Deutschlands weder stationiert noch dorthin verlegt.&#8220; Welche Bedeutung dieses Hauptquartier, das &#8222;CTFB&#8220; (Commander Task Force Baltic), f\u00fcr die mul\u00adtilaterale Kooperation der NATO hat, machte Verteidigungsminister Boris Pistorius bei der Einwei\u00adhung klar. &#8230;<\/p>\n","protected":false},"author":3,"featured_media":20194,"comment_status":"closed","ping_status":"closed","sticky":false,"template":"","format":"standard","meta":{"colormag_page_container_layout":"default_layout","colormag_page_sidebar_layout":"default_layout","advanced_seo_description":"","jetpack_seo_html_title":"","jetpack_seo_noindex":false,"jetpack_post_was_ever_published":false,"footnotes":""},"categories":[12],"tags":[454,2386,2364,56,2385,1718,2365,222,430,345,2384],"class_list":["post-20193","post","type-post","status-publish","format-standard","has-post-thumbnail","hentry","category-demokratie-medien-aufklaerung","tag-ddr","tag-hauptquartier","tag-mecklenburg-vorpommern","tag-nato","tag-nato-stuetzpunkt","tag-ostsee","tag-rostock","tag-russland","tag-sowjetunion","tag-voelkerrecht","tag-zwei-plus-vier-vertrag"],"jetpack_featured_media_url":"https:\/\/i0.wp.com\/www.freidenker.org\/fw17\/wp-content\/uploads\/2024\/11\/Ostsee_Nato_45599844591_800x450.jpg?fit=800%2C450&ssl=1","jetpack_shortlink":"https:\/\/wp.me\/p9stpK-5fH","jetpack-related-posts":[{"id":6359,"url":"https:\/\/www.freidenker.org\/?p=6359","url_meta":{"origin":20193,"position":0},"title":"Gr\u00fcnes Licht f\u00fcr die Friedensbewegung","author":"Webredaktion","date":"12. Mai 2019","format":false,"excerpt":"Beitrag von Anneliese Fikentscher und Andreas Neumann Im Rahmen einer Debatte wird in einem Kommentar von \"H-J Schmidt\" dargelegt, dass der zwischen den beiden deutschen Staaten und den vier M\u00e4chten USA, Gro\u00dfbritannien, Frankreich und Sowjetunion abgeschlossene Zwei-plus-Vier-Vertrag mit den dazugeh\u00f6rigen (unver\u00f6ffentlichten) Protokollnotizen den Forderungen \"NATO raus!\" entgegen st\u00fcnde und sie\u2026","rel":"","context":"In &quot;Frieden - Antifaschismus - Solidarit\u00e4t&quot;","block_context":{"text":"Frieden - Antifaschismus - Solidarit\u00e4t","link":"https:\/\/www.freidenker.org\/?cat=13"},"img":{"alt_text":"","src":"https:\/\/i0.wp.com\/www.freidenker.org\/fw17\/wp-content\/uploads\/2019\/05\/gruenes-licht-24_800x445.jpg?fit=800%2C445&ssl=1&resize=350%2C200","width":350,"height":200,"srcset":"https:\/\/i0.wp.com\/www.freidenker.org\/fw17\/wp-content\/uploads\/2019\/05\/gruenes-licht-24_800x445.jpg?fit=800%2C445&ssl=1&resize=350%2C200 1x, https:\/\/i0.wp.com\/www.freidenker.org\/fw17\/wp-content\/uploads\/2019\/05\/gruenes-licht-24_800x445.jpg?fit=800%2C445&ssl=1&resize=525%2C300 1.5x, https:\/\/i0.wp.com\/www.freidenker.org\/fw17\/wp-content\/uploads\/2019\/05\/gruenes-licht-24_800x445.jpg?fit=800%2C445&ssl=1&resize=700%2C400 2x"},"classes":[]},{"id":20144,"url":"https:\/\/www.freidenker.org\/?p=20144","url_meta":{"origin":20193,"position":1},"title":"NATO-St\u00fctzpunkte im Osten \u2013 Provokation oder Besatzung?","author":"Webredaktion","date":"19. Oktober 2024","format":false,"excerpt":"Beitrag von Dagmar Henn 35 Jahre nach dem meist f\u00e4lschlich \"Wiedervereinigung\" genannten Ereignis sollen jetzt NATO-Truppen im Osten stationiert werden. Nicht nur in Rostock, auch in einem ehemaligen Fliegerhorst der NVA. Eine sehr, sehr fragw\u00fcrdige Entwicklung. Es war bereits eine seltsame Meldung, dass ausgerechnet in Rostock ein neues Hauptquartier f\u00fcr\u2026","rel":"","context":"In &quot;Demokratie \u2013 Medien \u2013 Aufkl\u00e4rung&quot;","block_context":{"text":"Demokratie \u2013 Medien \u2013 Aufkl\u00e4rung","link":"https:\/\/www.freidenker.org\/?cat=12"},"img":{"alt_text":"","src":"https:\/\/i0.wp.com\/www.freidenker.org\/fw17\/wp-content\/uploads\/2024\/10\/2024-06-08_152720_Tag_der_Bundeswehr_NH90_800x450.jpg?fit=800%2C450&ssl=1&resize=350%2C200","width":350,"height":200,"srcset":"https:\/\/i0.wp.com\/www.freidenker.org\/fw17\/wp-content\/uploads\/2024\/10\/2024-06-08_152720_Tag_der_Bundeswehr_NH90_800x450.jpg?fit=800%2C450&ssl=1&resize=350%2C200 1x, https:\/\/i0.wp.com\/www.freidenker.org\/fw17\/wp-content\/uploads\/2024\/10\/2024-06-08_152720_Tag_der_Bundeswehr_NH90_800x450.jpg?fit=800%2C450&ssl=1&resize=525%2C300 1.5x, https:\/\/i0.wp.com\/www.freidenker.org\/fw17\/wp-content\/uploads\/2024\/10\/2024-06-08_152720_Tag_der_Bundeswehr_NH90_800x450.jpg?fit=800%2C450&ssl=1&resize=700%2C400 2x"},"classes":[]},{"id":20622,"url":"https:\/\/www.freidenker.org\/?p=20622","url_meta":{"origin":20193,"position":2},"title":"Provokationen in der Ostsee: Langsam wird es hei\u00df f\u00fcr Rostock","author":"Webredaktion","date":"31. Dezember 2024","format":false,"excerpt":"Beitrag von Dagmar Henn Es sieht ganz so aus, als h\u00e4tte die Biden-Regierung kurz vor ihrem Abtreten auch noch den Auftrag erteilt, in der Ostsee ordentlich zu z\u00fcndeln. Denn wenn man sich das Verhalten der europ\u00e4ischen Staaten in den letzten Jahren betrachtet, erfolgen alle irrsinnigen Handlungen auf Anweisung aus Washington.\u2026","rel":"","context":"In &quot;Demokratie \u2013 Medien \u2013 Aufkl\u00e4rung&quot;","block_context":{"text":"Demokratie \u2013 Medien \u2013 Aufkl\u00e4rung","link":"https:\/\/www.freidenker.org\/?cat=12"},"img":{"alt_text":"","src":"https:\/\/i0.wp.com\/www.freidenker.org\/fw17\/wp-content\/uploads\/2024\/12\/GOLFSTRAUM_NORWAY_800x450.jpg?fit=800%2C450&ssl=1&resize=350%2C200","width":350,"height":200,"srcset":"https:\/\/i0.wp.com\/www.freidenker.org\/fw17\/wp-content\/uploads\/2024\/12\/GOLFSTRAUM_NORWAY_800x450.jpg?fit=800%2C450&ssl=1&resize=350%2C200 1x, https:\/\/i0.wp.com\/www.freidenker.org\/fw17\/wp-content\/uploads\/2024\/12\/GOLFSTRAUM_NORWAY_800x450.jpg?fit=800%2C450&ssl=1&resize=525%2C300 1.5x, https:\/\/i0.wp.com\/www.freidenker.org\/fw17\/wp-content\/uploads\/2024\/12\/GOLFSTRAUM_NORWAY_800x450.jpg?fit=800%2C450&ssl=1&resize=700%2C400 2x"},"classes":[]},{"id":6522,"url":"https:\/\/www.freidenker.org\/?p=6522","url_meta":{"origin":20193,"position":3},"title":"Stopp Air Base Ramstein 2019","author":"Webredaktion","date":"21. Juni 2019","format":false,"excerpt":"Vom 23.06. bis 30.06.2019 findet die diesj\u00e4hrige Aktionswoche \u201eStopp Air Base Ramstein\u201c statt. Wir ver\u00f6ffentlichen hier den Appell der Kampagne \"NATO raus \u2013 raus aus der NATO\" an die 3. Internationale Konferenz \"No to Military Bases & Wars\" in Ramstein am 28.6.2019 sowie den Beitrag \"Den Hebel zur Beseitigung verschweigen?\"\u2026","rel":"","context":"In &quot;Frieden - Antifaschismus - Solidarit\u00e4t&quot;","block_context":{"text":"Frieden - Antifaschismus - Solidarit\u00e4t","link":"https:\/\/www.freidenker.org\/?cat=13"},"img":{"alt_text":"","src":"https:\/\/i0.wp.com\/www.freidenker.org\/fw17\/wp-content\/uploads\/2019\/06\/friedenstauben_800x445.jpg?fit=800%2C445&ssl=1&resize=350%2C200","width":350,"height":200,"srcset":"https:\/\/i0.wp.com\/www.freidenker.org\/fw17\/wp-content\/uploads\/2019\/06\/friedenstauben_800x445.jpg?fit=800%2C445&ssl=1&resize=350%2C200 1x, https:\/\/i0.wp.com\/www.freidenker.org\/fw17\/wp-content\/uploads\/2019\/06\/friedenstauben_800x445.jpg?fit=800%2C445&ssl=1&resize=525%2C300 1.5x, https:\/\/i0.wp.com\/www.freidenker.org\/fw17\/wp-content\/uploads\/2019\/06\/friedenstauben_800x445.jpg?fit=800%2C445&ssl=1&resize=700%2C400 2x"},"classes":[]},{"id":4586,"url":"https:\/\/www.freidenker.org\/?p=4586","url_meta":{"origin":20193,"position":4},"title":"\u201eDeutschland sollte aus der Nato austreten\u201c","author":"Webredaktion","date":"21. Februar 2018","format":false,"excerpt":"Interview von Sputniknews Deutschland mit Klaus Hartmann vom 19.02.2018 \u201eDie Bev\u00f6lkerung in Deutschland hat kein Interesse an einer feindseligen Atmosph\u00e4re oder an einer russophoben Kampagne, sondern an gutnachbarschaftlichen Beziehungen\u201c, h\u00e4lt der Vorsitzende des Deutschen Freidenkerverbandes, Klaus Hartmann, im Sputnik-Interview fest. Ein auf gegenseitiges Vertrauen, Verl\u00e4sslichkeit und vertragliche Regeln gebautes Miteinander\u2026","rel":"","context":"In &quot;Frieden - Antifaschismus - Solidarit\u00e4t&quot;","block_context":{"text":"Frieden - Antifaschismus - Solidarit\u00e4t","link":"https:\/\/www.freidenker.org\/?cat=13"},"img":{"alt_text":"","src":"https:\/\/i0.wp.com\/www.freidenker.org\/fw17\/wp-content\/uploads\/2018\/02\/muenchen_39-2018-02-17-1-0677_800x445.jpg?fit=800%2C445&ssl=1&resize=350%2C200","width":350,"height":200,"srcset":"https:\/\/i0.wp.com\/www.freidenker.org\/fw17\/wp-content\/uploads\/2018\/02\/muenchen_39-2018-02-17-1-0677_800x445.jpg?fit=800%2C445&ssl=1&resize=350%2C200 1x, https:\/\/i0.wp.com\/www.freidenker.org\/fw17\/wp-content\/uploads\/2018\/02\/muenchen_39-2018-02-17-1-0677_800x445.jpg?fit=800%2C445&ssl=1&resize=525%2C300 1.5x, https:\/\/i0.wp.com\/www.freidenker.org\/fw17\/wp-content\/uploads\/2018\/02\/muenchen_39-2018-02-17-1-0677_800x445.jpg?fit=800%2C445&ssl=1&resize=700%2C400 2x"},"classes":[]},{"id":6431,"url":"https:\/\/www.freidenker.org\/?p=6431","url_meta":{"origin":20193,"position":5},"title":"Kein Einwand &#8222;eingeschr\u00e4nkter Souver\u00e4nit\u00e4t&#8220; gegen die K\u00fcndigung des Truppenstationierungsvertrags!","author":"Webredaktion","date":"23. Mai 2019","format":false,"excerpt":"Beitrag von Anneliese Fikentscher und Andreas Neumann RT Deutsch-Redakteur Florian Warweg hatte im Rahmen der Bundespressekonferenz\u00a0am 8. Mai 2019 die Frage nach der Aktualit\u00e4t vom Besatzungsrecht in Deutschland gestellt. Er machte darauf aufmerksam, dass in einer Ausarbeitung der \"Wissenschaftlichen Dienste des Bundestages\" vom 21. Juni 2006 der Begriff \"Besatzungsrecht\" Verwendung\u2026","rel":"","context":"In &quot;Demokratie \u2013 Medien \u2013 Aufkl\u00e4rung&quot;","block_context":{"text":"Demokratie \u2013 Medien \u2013 Aufkl\u00e4rung","link":"https:\/\/www.freidenker.org\/?cat=12"},"img":{"alt_text":"","src":"https:\/\/i0.wp.com\/www.freidenker.org\/fw17\/wp-content\/uploads\/2019\/05\/DPAG-2005-PariserVertraege_800x445.jpg?fit=800%2C445&ssl=1&resize=350%2C200","width":350,"height":200,"srcset":"https:\/\/i0.wp.com\/www.freidenker.org\/fw17\/wp-content\/uploads\/2019\/05\/DPAG-2005-PariserVertraege_800x445.jpg?fit=800%2C445&ssl=1&resize=350%2C200 1x, https:\/\/i0.wp.com\/www.freidenker.org\/fw17\/wp-content\/uploads\/2019\/05\/DPAG-2005-PariserVertraege_800x445.jpg?fit=800%2C445&ssl=1&resize=525%2C300 1.5x, https:\/\/i0.wp.com\/www.freidenker.org\/fw17\/wp-content\/uploads\/2019\/05\/DPAG-2005-PariserVertraege_800x445.jpg?fit=800%2C445&ssl=1&resize=700%2C400 2x"},"classes":[]}],"_links":{"self":[{"href":"https:\/\/www.freidenker.org\/index.php?rest_route=\/wp\/v2\/posts\/20193","targetHints":{"allow":["GET"]}}],"collection":[{"href":"https:\/\/www.freidenker.org\/index.php?rest_route=\/wp\/v2\/posts"}],"about":[{"href":"https:\/\/www.freidenker.org\/index.php?rest_route=\/wp\/v2\/types\/post"}],"author":[{"embeddable":true,"href":"https:\/\/www.freidenker.org\/index.php?rest_route=\/wp\/v2\/users\/3"}],"replies":[{"embeddable":true,"href":"https:\/\/www.freidenker.org\/index.php?rest_route=%2Fwp%2Fv2%2Fcomments&post=20193"}],"version-history":[{"count":0,"href":"https:\/\/www.freidenker.org\/index.php?rest_route=\/wp\/v2\/posts\/20193\/revisions"}],"wp:featuredmedia":[{"embeddable":true,"href":"https:\/\/www.freidenker.org\/index.php?rest_route=\/wp\/v2\/media\/20194"}],"wp:attachment":[{"href":"https:\/\/www.freidenker.org\/index.php?rest_route=%2Fwp%2Fv2%2Fmedia&parent=20193"}],"wp:term":[{"taxonomy":"category","embeddable":true,"href":"https:\/\/www.freidenker.org\/index.php?rest_route=%2Fwp%2Fv2%2Fcategories&post=20193"},{"taxonomy":"post_tag","embeddable":true,"href":"https:\/\/www.freidenker.org\/index.php?rest_route=%2Fwp%2Fv2%2Ftags&post=20193"}],"curies":[{"name":"wp","href":"https:\/\/api.w.org\/{rel}","templated":true}]}}