{"id":20189,"date":"2024-11-02T21:10:38","date_gmt":"2024-11-02T20:10:38","guid":{"rendered":"https:\/\/www.freidenker.org\/?p=20189"},"modified":"2025-01-02T15:57:11","modified_gmt":"2025-01-02T14:57:11","slug":"lisa-fitz-die-anti-deutschen","status":"publish","type":"post","link":"https:\/\/www.freidenker.org\/?p=20189","title":{"rendered":"Lisa Fitz: Die Anti-Deutschen"},"content":{"rendered":"<p><em>Video von\u00a0<strong>Lisa Fitz<\/strong><\/em><\/p>\n<p><span style=\"font-size: 10pt;\">Ver\u00f6ffentlicht am 29.10.2024 auf den <a href=\"https:\/\/www.nachdenkseiten.de\/?p=123874\" target=\"_blank\" rel=\"noopener\">NachDenkSeiten<\/a><\/span><\/p>\n<p>Heute berichte ich euch \u00fcber die Antideutschen und sag\u2019 meine Meinung zu den Wahlen in Th\u00fcringen und Sachsen. Aber das kommt erst ab Minute 8 oder so \u2013 also bitte dranbleiben!<\/p>\n<div class=\"jetpack-video-wrapper\"><span class=\"embed-youtube\" style=\"text-align:center; display: block;\"><iframe loading=\"lazy\" class=\"youtube-player\" width=\"800\" height=\"450\" src=\"https:\/\/www.youtube.com\/embed\/g8UeB6bqMyE?version=3&#038;rel=1&#038;showsearch=0&#038;showinfo=1&#038;iv_load_policy=1&#038;fs=1&#038;hl=de-DE&#038;autohide=2&#038;wmode=transparent\" allowfullscreen=\"true\" style=\"border:0;\" sandbox=\"allow-scripts allow-same-origin allow-popups allow-presentation allow-popups-to-escape-sandbox\"><\/iframe><\/span><\/div>\n<p><span style=\"font-size: 10pt;\">Direktlink zum Video auf YouTube: <a href=\"https:\/\/www.youtube.com\/watch?v=g8UeB6bqMyE\" target=\"_blank\" rel=\"noopener\">https:\/\/www.youtube.com\/watch?v=g8UeB6bqMyE<\/a><\/span><\/p>\n<p>Dieser Beitrag ist auch als Audio-Podcast verf\u00fcgbar:<\/p>\n<audio class=\"wp-audio-shortcode\" id=\"audio-20189-1\" preload=\"none\" style=\"width: 100%;\" controls=\"controls\"><source type=\"audio\/mpeg\" src=\"https:\/\/www.nachdenkseiten.de\/upload\/podcast\/241028-Lisa-Fitz-Die-Antideutschen-NDS.mp3?_=1\" \/><a href=\"https:\/\/www.nachdenkseiten.de\/upload\/podcast\/241028-Lisa-Fitz-Die-Antideutschen-NDS.mp3\">https:\/\/www.nachdenkseiten.de\/upload\/podcast\/241028-Lisa-Fitz-Die-Antideutschen-NDS.mp3<\/a><\/audio>\n<p><a href=\"https:\/\/www.nachdenkseiten.de\/upload\/podcast\/241028-Lisa-Fitz-Die-Antideutschen-NDS.mp3\" target=\"_blank\" rel=\"noopener\"><span style=\"font-size: 10pt;\">Download MP3<\/span><\/a><\/p>\n<p style=\"text-align: right;\"><em>Lisa Fitz ist Beiratsmitglied des Deutschen Freidenker-Verbandes<\/em><\/p>\n<hr \/>\n<p><span style=\"font-size: 10pt;\">Bild oben: Screenshot aus dem Video der <a href=\"https:\/\/www.nachdenkseiten.de\/?p=123874\" target=\"_blank\" rel=\"noopener\">NachDenkSeiten<\/a><\/span><\/p>\n","protected":false},"excerpt":{"rendered":"<p><b>Video von\u00a0Lisa Fitz<\/b><br \/>\nHeute berichte ich euch \u00fcber die Antideutschen und sag\u2019 meine Meinung zu den Wahlen in Th\u00fcringen und Sachsen. Aber das kommt erst ab Minute 8 oder so \u2013 also bitte dranbleiben!<\/p>\n","protected":false},"author":3,"featured_media":20190,"comment_status":"closed","ping_status":"closed","sticky":false,"template":"","format":"standard","meta":{"colormag_page_container_layout":"default_layout","colormag_page_sidebar_layout":"default_layout","advanced_seo_description":"","jetpack_seo_html_title":"","jetpack_seo_noindex":false,"jetpack_post_was_ever_published":false,"footnotes":""},"categories":[12,913],"tags":[1031,2382,692,348,162,602,1646,1282,482,2035,2383,1051,1595,1313],"class_list":["post-20189","post","type-post","status-publish","format-standard","has-post-thumbnail","hentry","category-demokratie-medien-aufklaerung","category-kultur-kunst","tag-afd","tag-aggression","tag-antideutsche","tag-antifa","tag-demokratie","tag-fake-news","tag-fanatismus","tag-gruene","tag-nationalismus","tag-sachsen","tag-schuld","tag-thueringen","tag-verantwortung","tag-wahlen"],"jetpack_featured_media_url":"https:\/\/i0.wp.com\/www.freidenker.org\/fw17\/wp-content\/uploads\/2024\/11\/Fitz_Antideutsche_800x450.jpg?fit=800%2C450&ssl=1","jetpack_shortlink":"https:\/\/wp.me\/p9stpK-5fD","jetpack-related-posts":[{"id":19503,"url":"https:\/\/www.freidenker.org\/?p=19503","url_meta":{"origin":20189,"position":0},"title":"Lisa Fitz \u2013 S\u00f6der, Demokratie &#038; Wahrheit","author":"Webredaktion","date":"15. Juli 2024","format":false,"excerpt":"Video von\u00a0Lisa Fitz Ich begr\u00fc\u00dfe euch zu einem neuen Video auf den NachDenkSeiten. Heute geht\u2019s um die Demokratie, um die Wahrheitssuche und den Markus S\u00f6der. Viel Vergn\u00fcgen. Bis zum Schluss dranbleiben.","rel":"","context":"In &quot;Demokratie \u2013 Medien \u2013 Aufkl\u00e4rung&quot;","block_context":{"text":"Demokratie \u2013 Medien \u2013 Aufkl\u00e4rung","link":"https:\/\/www.freidenker.org\/?cat=12"},"img":{"alt_text":"","src":"https:\/\/i0.wp.com\/www.freidenker.org\/fw17\/wp-content\/uploads\/2024\/07\/Lisa_Fitz_Soeder_800x450.jpg?fit=800%2C450&ssl=1&resize=350%2C200","width":350,"height":200,"srcset":"https:\/\/i0.wp.com\/www.freidenker.org\/fw17\/wp-content\/uploads\/2024\/07\/Lisa_Fitz_Soeder_800x450.jpg?fit=800%2C450&ssl=1&resize=350%2C200 1x, https:\/\/i0.wp.com\/www.freidenker.org\/fw17\/wp-content\/uploads\/2024\/07\/Lisa_Fitz_Soeder_800x450.jpg?fit=800%2C450&ssl=1&resize=525%2C300 1.5x, https:\/\/i0.wp.com\/www.freidenker.org\/fw17\/wp-content\/uploads\/2024\/07\/Lisa_Fitz_Soeder_800x450.jpg?fit=800%2C450&ssl=1&resize=700%2C400 2x"},"classes":[]},{"id":21183,"url":"https:\/\/www.freidenker.org\/?p=21183","url_meta":{"origin":20189,"position":1},"title":"Lisa Fitz \u2013 Farbenblind","author":"Webredaktion","date":"17. M\u00e4rz 2025","format":false,"excerpt":"Video von\u00a0Lisa Fitz Der Fr\u00fchling bringt Hoffnung \u2013 also bring ich schon mal die Farben! Wahlen, Inflation, Kriegsgefahr \u2026 meine Laune war im Keller! Wenn ich morgens zu fr\u00fch in den Spiegel gschaut hab, sah ich aus wie Friedrich Merz. Humor hilft halt doch oft. Ich meine: Ist man blind?\u2026","rel":"","context":"In &quot;Demokratie \u2013 Medien \u2013 Aufkl\u00e4rung&quot;","block_context":{"text":"Demokratie \u2013 Medien \u2013 Aufkl\u00e4rung","link":"https:\/\/www.freidenker.org\/?cat=12"},"img":{"alt_text":"","src":"https:\/\/i0.wp.com\/www.freidenker.org\/fw17\/wp-content\/uploads\/2025\/03\/lisa_fitz_farbenblind_800x450.jpg?fit=800%2C450&ssl=1&resize=350%2C200","width":350,"height":200,"srcset":"https:\/\/i0.wp.com\/www.freidenker.org\/fw17\/wp-content\/uploads\/2025\/03\/lisa_fitz_farbenblind_800x450.jpg?fit=800%2C450&ssl=1&resize=350%2C200 1x, https:\/\/i0.wp.com\/www.freidenker.org\/fw17\/wp-content\/uploads\/2025\/03\/lisa_fitz_farbenblind_800x450.jpg?fit=800%2C450&ssl=1&resize=525%2C300 1.5x, https:\/\/i0.wp.com\/www.freidenker.org\/fw17\/wp-content\/uploads\/2025\/03\/lisa_fitz_farbenblind_800x450.jpg?fit=800%2C450&ssl=1&resize=700%2C400 2x"},"classes":[]},{"id":11234,"url":"https:\/\/www.freidenker.org\/?p=11234","url_meta":{"origin":20189,"position":2},"title":"Video: Der gro\u00dfe Wahlplakat-Check","author":"Webredaktion","date":"24. September 2021","format":false,"excerpt":"Video von Lisa Fitz Lisa Fitz wagt den gro\u00dfen Wahlplakat-Check: Sie analysiert die bundesweiten Aush\u00e4nge der gro\u00dfen Parteien und st\u00f6\u00dft dabei auf die Frage: M\u00f6chte sie von diesen Menschen wirklich regiert werden?","rel":"","context":"In &quot;Demokratie \u2013 Medien \u2013 Aufkl\u00e4rung&quot;","block_context":{"text":"Demokratie \u2013 Medien \u2013 Aufkl\u00e4rung","link":"https:\/\/www.freidenker.org\/?cat=12"},"img":{"alt_text":"","src":"https:\/\/i0.wp.com\/www.freidenker.org\/fw17\/wp-content\/uploads\/2021\/09\/Lisa_Fitz_Wahlen_3_800x450.jpg?fit=800%2C450&ssl=1&resize=350%2C200","width":350,"height":200,"srcset":"https:\/\/i0.wp.com\/www.freidenker.org\/fw17\/wp-content\/uploads\/2021\/09\/Lisa_Fitz_Wahlen_3_800x450.jpg?fit=800%2C450&ssl=1&resize=350%2C200 1x, https:\/\/i0.wp.com\/www.freidenker.org\/fw17\/wp-content\/uploads\/2021\/09\/Lisa_Fitz_Wahlen_3_800x450.jpg?fit=800%2C450&ssl=1&resize=525%2C300 1.5x, https:\/\/i0.wp.com\/www.freidenker.org\/fw17\/wp-content\/uploads\/2021\/09\/Lisa_Fitz_Wahlen_3_800x450.jpg?fit=800%2C450&ssl=1&resize=700%2C400 2x"},"classes":[]},{"id":24465,"url":"https:\/\/www.freidenker.org\/?p=24465","url_meta":{"origin":20189,"position":3},"title":"Lisa Fitz \u2013 Geschichte ist die Politik von gestern","author":"Webredaktion","date":"21. Februar 2026","format":false,"excerpt":"Video von Lisa Fitz Geschichte war gestern. Und es lohnt sich, bissl R\u00fcckschau zu halten \u2026 Weil Geschichte ist ja die Politik von gestern, die zum Heute gef\u00fchrt hat. Heute gibt\u2019s \u00fcberall Alarm! Ganz Europa ist m\u00fcde. M\u00fcde vom Denken, vom Erinnern, vom eigenen Dasein.\u00a0","rel":"","context":"In &quot;Kultur &amp; Kunst&quot;","block_context":{"text":"Kultur &amp; Kunst","link":"https:\/\/www.freidenker.org\/?cat=913"},"img":{"alt_text":"","src":"https:\/\/i0.wp.com\/www.freidenker.org\/fw17\/wp-content\/uploads\/2026\/02\/Lisa_Fitz_Geschichte_ist_Politik_von_gestern_800x450.jpg?fit=800%2C450&ssl=1&resize=350%2C200","width":350,"height":200,"srcset":"https:\/\/i0.wp.com\/www.freidenker.org\/fw17\/wp-content\/uploads\/2026\/02\/Lisa_Fitz_Geschichte_ist_Politik_von_gestern_800x450.jpg?fit=800%2C450&ssl=1&resize=350%2C200 1x, https:\/\/i0.wp.com\/www.freidenker.org\/fw17\/wp-content\/uploads\/2026\/02\/Lisa_Fitz_Geschichte_ist_Politik_von_gestern_800x450.jpg?fit=800%2C450&ssl=1&resize=525%2C300 1.5x, https:\/\/i0.wp.com\/www.freidenker.org\/fw17\/wp-content\/uploads\/2026\/02\/Lisa_Fitz_Geschichte_ist_Politik_von_gestern_800x450.jpg?fit=800%2C450&ssl=1&resize=700%2C400 2x"},"classes":[]},{"id":22422,"url":"https:\/\/www.freidenker.org\/?p=22422","url_meta":{"origin":20189,"position":4},"title":"Lisa Fitz \u2013 Die Wehrpflicht kommt zur\u00fcck","author":"Webredaktion","date":"21. Juli 2025","format":false,"excerpt":"Video von\u00a0Lisa Fitz Man munkelt, die Wehrpflicht soll zur\u00fcckkommen. Ja! Stramm gesessen und zugeh\u00f6rt! Jetzt frage ich Sie \u2026 f\u00fcr einen Freund. Wohin denn? Wie denn? Wo laufen Sie denn \u2026? Keine Kasernen, keine Kreiswehrersatz\u00e4mter, null Ausbilder \u2026 Was aber in Massen vorhanden ist, sind Pinguine, Berater mit Krawatten und\u2026","rel":"","context":"In &quot;Demokratie \u2013 Medien \u2013 Aufkl\u00e4rung&quot;","block_context":{"text":"Demokratie \u2013 Medien \u2013 Aufkl\u00e4rung","link":"https:\/\/www.freidenker.org\/?cat=12"},"img":{"alt_text":"","src":"https:\/\/i0.wp.com\/www.freidenker.org\/fw17\/wp-content\/uploads\/2025\/07\/lisa_fitz_wehrpflicht_800x450.jpg?fit=800%2C450&ssl=1&resize=350%2C200","width":350,"height":200,"srcset":"https:\/\/i0.wp.com\/www.freidenker.org\/fw17\/wp-content\/uploads\/2025\/07\/lisa_fitz_wehrpflicht_800x450.jpg?fit=800%2C450&ssl=1&resize=350%2C200 1x, https:\/\/i0.wp.com\/www.freidenker.org\/fw17\/wp-content\/uploads\/2025\/07\/lisa_fitz_wehrpflicht_800x450.jpg?fit=800%2C450&ssl=1&resize=525%2C300 1.5x, https:\/\/i0.wp.com\/www.freidenker.org\/fw17\/wp-content\/uploads\/2025\/07\/lisa_fitz_wehrpflicht_800x450.jpg?fit=800%2C450&ssl=1&resize=700%2C400 2x"},"classes":[]},{"id":18514,"url":"https:\/\/www.freidenker.org\/?p=18514","url_meta":{"origin":20189,"position":5},"title":"Lisa Fitz &#8211; Politiker au\u00dfer Rand und Band","author":"Webredaktion","date":"9. M\u00e4rz 2024","format":false,"excerpt":"Video von\u00a0Lisa Fitz In ihrem neuen St\u00fcck f\u00fcr die NachDenkSeiten besch\u00e4ftigt sich Lisa Fitz mit Verbalinjurien und sonstigen Ausf\u00e4llen, mit Cholerikern, P\u00f6beleien im Bundestag und mit sogenannten \u201eEmotionsdilettanten\u201c. Statt Contenance zu wahren, bes\u00e4\u00dfen manche nur emotionale Inkontinenz. Teilweise hat diese Unart in j\u00fcngster Zeit auch sie selbst betroffen. Lisa Fitz\u2026","rel":"","context":"In &quot;Demokratie \u2013 Medien \u2013 Aufkl\u00e4rung&quot;","block_context":{"text":"Demokratie \u2013 Medien \u2013 Aufkl\u00e4rung","link":"https:\/\/www.freidenker.org\/?cat=12"},"img":{"alt_text":"","src":"https:\/\/i0.wp.com\/www.freidenker.org\/fw17\/wp-content\/uploads\/2024\/03\/Lisa_Fitz_Politiker_ausser_Rand_und_Band_800x450.jpg?fit=800%2C450&ssl=1&resize=350%2C200","width":350,"height":200,"srcset":"https:\/\/i0.wp.com\/www.freidenker.org\/fw17\/wp-content\/uploads\/2024\/03\/Lisa_Fitz_Politiker_ausser_Rand_und_Band_800x450.jpg?fit=800%2C450&ssl=1&resize=350%2C200 1x, https:\/\/i0.wp.com\/www.freidenker.org\/fw17\/wp-content\/uploads\/2024\/03\/Lisa_Fitz_Politiker_ausser_Rand_und_Band_800x450.jpg?fit=800%2C450&ssl=1&resize=525%2C300 1.5x, https:\/\/i0.wp.com\/www.freidenker.org\/fw17\/wp-content\/uploads\/2024\/03\/Lisa_Fitz_Politiker_ausser_Rand_und_Band_800x450.jpg?fit=800%2C450&ssl=1&resize=700%2C400 2x"},"classes":[]}],"_links":{"self":[{"href":"https:\/\/www.freidenker.org\/index.php?rest_route=\/wp\/v2\/posts\/20189","targetHints":{"allow":["GET"]}}],"collection":[{"href":"https:\/\/www.freidenker.org\/index.php?rest_route=\/wp\/v2\/posts"}],"about":[{"href":"https:\/\/www.freidenker.org\/index.php?rest_route=\/wp\/v2\/types\/post"}],"author":[{"embeddable":true,"href":"https:\/\/www.freidenker.org\/index.php?rest_route=\/wp\/v2\/users\/3"}],"replies":[{"embeddable":true,"href":"https:\/\/www.freidenker.org\/index.php?rest_route=%2Fwp%2Fv2%2Fcomments&post=20189"}],"version-history":[{"count":0,"href":"https:\/\/www.freidenker.org\/index.php?rest_route=\/wp\/v2\/posts\/20189\/revisions"}],"wp:featuredmedia":[{"embeddable":true,"href":"https:\/\/www.freidenker.org\/index.php?rest_route=\/wp\/v2\/media\/20190"}],"wp:attachment":[{"href":"https:\/\/www.freidenker.org\/index.php?rest_route=%2Fwp%2Fv2%2Fmedia&parent=20189"}],"wp:term":[{"taxonomy":"category","embeddable":true,"href":"https:\/\/www.freidenker.org\/index.php?rest_route=%2Fwp%2Fv2%2Fcategories&post=20189"},{"taxonomy":"post_tag","embeddable":true,"href":"https:\/\/www.freidenker.org\/index.php?rest_route=%2Fwp%2Fv2%2Ftags&post=20189"}],"curies":[{"name":"wp","href":"https:\/\/api.w.org\/{rel}","templated":true}]}}