{"id":20161,"date":"2024-10-30T01:20:16","date_gmt":"2024-10-30T00:20:16","guid":{"rendered":"https:\/\/www.freidenker.org\/?p=20161"},"modified":"2024-11-17T16:04:56","modified_gmt":"2024-11-17T15:04:56","slug":"eckart-von-hirschhausen-und-lauterbach-drohen-mit-corona-aufarbeitung","status":"publish","type":"post","link":"https:\/\/www.freidenker.org\/?p=20161","title":{"rendered":"Eckart von Hirschhausen und Lauterbach drohen mit &#8222;Corona-Aufarbeitung&#8220;"},"content":{"rendered":"<p><strong>Der Pharmalobbyist und protegierte Gates-G\u00fcnstling Eckart von Hirschhausen sowie der verantwortliche Bundesgesundheitsminister Karl Lauterbach \u00fcbernehmen gef\u00fcrchtet selbstbewusst und frei von jeglichem Schuldbewusstsein das Feld der &#8222;Corona-Aufarbeitung&#8220;. <\/strong><\/p>\n<p><em>Von <strong>Bernhard Loyen<\/strong><\/em><\/p>\n<p><span style=\"font-size: 10pt;\">Erstver\u00f6ffentlichung am 14.10.2024 auf <a href=\"https:\/\/freedert.online\/inland\/222365-tja-hirschhausen-und-lauterbach-drohen\/\" target=\"_blank\" rel=\"noopener\">RT DE<\/a><\/span><\/p>\n<div class=\"EmbedBlock-root EmbedBlock-all\">\n<div class=\"AllEmbed\"><iframe loading=\"lazy\" title=\"Eckart von Hirschhausen und Lauterbach drohen mit &quot;Corona-Aufarbeitung&quot;\" src=\"https:\/\/www.podbean.com\/player-v2\/?i=ze6rj-1706dd2-pb&amp;from=pb6admin&amp;share=1&amp;download=1&amp;rtl=0&amp;fonts=Arial&amp;skin=f6f6f6&amp;font-color=&amp;logo_link=episode_page&amp;btn-skin=7\" width=\"100%\" height=\"150\" scrolling=\"no\" data-name=\"pb-iframe-player\" data-mce-fragment=\"1\"><\/iframe><\/div>\n<\/div>\n<p>Die Ampelkoalition wird sich aufgrund &#8222;unterschiedlicher Auffassungen&#8220; in dieser Legislaturperiode nicht mehr mit dem Thema &#8222;Aufarbeitung der Corona-Pandemie&#8220; besch\u00e4ftigen. Ein seitens SPD und Gr\u00fcnen pr\u00e4ferierter &#8222;B\u00fcrgerrat&#8220; sei bis zur Bundestagswahl 2025 nicht realisierbar, so das\u00a0<em>RT<\/em>&#8211;<a href=\"https:\/\/freedert.online\/inland\/222100-bundesregierung-verkuendet-bis-auf-weiteres\/\" target=\"_blank\" rel=\"noopener noreferrer\">Update<\/a>\u00a0vom 11. Oktober zum Thema der konsequenten Verweigerungshaltung verantwortlicher Protagonisten dreier dunkler Jahre einer politisch erzwungenen &#8222;Corona-Krise&#8220;.<\/p>\n<p>Das Online-Medienmagazin DWDL kr\u00f6nt den politischen Skandal wenige Tage sp\u00e4ter mit einer Hiobsbotschaft f\u00fcr chronisch kranke Menschen, ausgehend von individuellen massiven biografischen T\u00e4lern und Leidenswegen k\u00f6rperlicher oder psychischer Art.\u00a0So lautet die n\u00fcchterne, dabei todernste\u00a0<a href=\"https:\/\/www.dwdl.de\/nachrichten\/99940\/hirschhausen_arbeitet_coronapandemie_im_ersten_auf\/?utm_source=&amp;utm_medium=&amp;utm_campaign=&amp;utm_term=\" target=\"_blank\" rel=\"noopener noreferrer\">Information<\/a>:<\/p>\n<p style=\"padding-left: 40px;\"><em>&#8222;Hirschhausen arbeitet Corona-Pandemie im Ersten auf \u2013 In einer neuen Doku wird sich Eckart von Hirschhausen noch einmal mit Corona befassen und damit, was die Pandemie hinterlassen hat. Dabei geht\u2019s um Kinder und Menschen mit Long COVID, aber auch um das Vertrauen in Medien, Medizin und Impfung.&#8220;<\/em><\/p>\n<blockquote class=\"twitter-tweet\" data-width=\"550\" data-dnt=\"true\">\n<p lang=\"de\" dir=\"ltr\">Ok. Jetzt wird es vollkommen absurd. Das d\u00fcrfte auf der nach oben offnen Verh\u00f6hnungsskala einen neuen Peak darstellen. <a href=\"https:\/\/twitter.com\/hashtag\/Hirschhausen?src=hash&amp;ref_src=twsrc%5Etfw\">#Hirschhausen<\/a> <a href=\"https:\/\/twitter.com\/hashtag\/Coronaaufarbeitung?src=hash&amp;ref_src=twsrc%5Etfw\">#Coronaaufarbeitung<\/a> <a href=\"https:\/\/t.co\/AWEYw90TLU\">pic.twitter.com\/AWEYw90TLU<\/a><\/p>\n<p>&mdash; Legendary Tweets-trusted flagged\u2122\ufe0f (@real_legende) <a href=\"https:\/\/twitter.com\/real_legende\/status\/1845520045071319454?ref_src=twsrc%5Etfw\">October 13, 2024<\/a><\/p><\/blockquote>\n<p><script async src=\"https:\/\/platform.twitter.com\/widgets.js\" charset=\"utf-8\"><\/script><\/p>\n<p>Das angesprochene Vertrauen der Mehrheit der B\u00fcrger im Land, in n\u00f6tigende, drohende, ausschlie\u00dfende, bestrafende, unerbittliche und verantwortungslose Forderungen, Beschl\u00fcsse, Gesetze und in Hirschhausens Fall manipulativ vorgetragene (Fehl-)Informationen, bezahlen weiterhin Abertausende mit der Zerst\u00f6rung ihrer Gesundheit, mit dem Verlust des Partners, von Familienangeh\u00f6rigen und Bekannten. Zum Sendeinhalt am 18. November um 20.15 Uhr in der <em>ARD<\/em>\u00a0hei\u00dft es weiter:<\/p>\n<p style=\"padding-left: 40px;\"><em>&#8222;So trifft er Menschen, die an Long\u00a0COVID leiden. Das sind l\u00e4ngst keine Einzelf\u00e4lle, mehrere hunderttausend Menschen sind davon betroffen (&#8230;)&#8220;\u00a0<\/em><\/p>\n<p>Zudem wird und m\u00f6chte Herr von Hirschhausen &#8222;sich in dem Film auch mit Kindern und Jugendlichen besch\u00e4ftigen und der Frage nachgehen, was Corona jenseits von Kliniken und Intensivstationen angerichtet hat&#8220;. Denn, psychische Belastungen seien bei jungen Menschen &#8222;seit der Pandemie stark gestiegen&#8220;, so der\u00a0<em>ARD-<\/em>Infotext f\u00fcr irritierte und unwissende GEZ-Zahler. Eine weitere Herausforderung f\u00fcr das individuelle Nervenkost\u00fcm und akute Gefahr f\u00fcr den Ruhepuls lautet:<\/p>\n<p style=\"padding-left: 40px;\"><em>&#8222;Aber nicht nur \u00fcber Corona selbst wurde in den vergangenen Jahren intensiv diskutiert, sondern auch \u00fcber die Impfung. &#8218;Gerade weil ich mich klar f\u00fcr den Nutzen der Impfung ausgesprochen habe, finde ich es wichtig, auch \u00fcber neue Erkenntnisse zu sprechen, warum und wem die Impfung geschadet haben kann \u2013 und welches Fazit man mit dem Wissen von heute ziehen kann&#8216;.<\/em><\/p>\n<p>Und der unantastbare Karl Lauterbach? Der\u00a0<a href=\"https:\/\/www.handelsblatt.com\/dpa\/pandemie-lauterbach-zu-corona-aufarbeitung-ohne-schuldzuweisungen\/30037440.html\" target=\"_blank\" rel=\"noopener noreferrer\">teilte<\/a>\u00a0dem\u00a0<em>Handelsblatt<\/em>\u00a0dabei unkommentiert, gewohnt arrogant und selbstverliebt mit, was er zum Thema &#8222;Corona-Aufarbeitung&#8220; vorhat:<\/p>\n<p style=\"padding-left: 40px;\"><em>&#8222;Gesundheitsminister\u00a0Karl Lauterbach\u00a0hat sich f\u00fcr eine Aufarbeitung der Corona-Politik ohne Schuldzuweisungen ausgesprochen. &#8218;Ich bin f\u00fcr die Aufarbeitung \u2013 aber anders, als viele sich das vorstellen&#8216;, sagte der\u00a0SPD-Politiker dem Handelsblatt. Es gehe nicht um Schuldzuweisungen, sondern um Lehren f\u00fcr k\u00fcnftige Krisen.&#8220;\u00a0<\/em><\/p>\n<p>Nat\u00fcrlich nicht, weil wer, so der Volksmund, k&#8230;., also kotet sich schon selbst ans d\u00fcnne Bein. Der regierungstreue\u00a0<em>Spiegel<\/em>\u00a0<a href=\"https:\/\/www.spiegel.de\/politik\/deutschland\/corona-karl-lauterbach-will-pandemiepolitik-aufarbeiten-a-7485632c-210e-4a7a-b1db-3ee9e7eebfa1\" target=\"_blank\" rel=\"noopener noreferrer\">erg\u00e4nzt<\/a>\u00a0freundlich und unbek\u00fcmmert auf den Artikel hinweisend:<\/p>\n<p style=\"padding-left: 40px;\"><em>&#8222;Leitfragen m\u00fcssten vielmehr sein, ob die eingesetzten Instrumente &#8218;medizinisch richtig&#8216; gewesen seien und wie man in k\u00fcnftigen Krisen eine Polarisierung der Debatte verhindern k\u00f6nne, wie sie w\u00e4hrend der &#8222;Corona-Pandemie&#8220; stattfand.&#8220;<\/em><\/p>\n<p>Jedes weitere Wort er\u00fcbrigt sich zu diesem mutwilligen T\u00e4ter und ma\u00dfgeblich verantwortlichen Politiker der Stunde Null einer in Teilen enthemmten Gesellschaftskrise der Jahr 2020 \u2013 2023. Die T\u00e4terakte des Karl Lauterbach ist prall gef\u00fcllt und archiviert.<\/p>\n<p>https:\/\/twitter.com\/i\/status\/1777614079844090188<\/p>\n<div class=\"EmbedBlock-root EmbedBlock-twitter\">\n<div class=\"TwitterEmbed\">\n<div class=\"twitter-tweet twitter-tweet-rendered\">Von Hirschhausen und Lauterbach kennen und sch\u00e4tzen sich. Letztgenannter war &#8222;fachlicher&#8220; Akteur in Hirschhausen-Dokus in der ARD, daf\u00fcr durfte der &#8222;Arzt unseres Vertrauens&#8220; (<em>ARD<\/em>-Moderatorin Maischberger \u00fcber von Hirschhausen) via\u00a0<em>Stern<\/em>-Magazin\u00a0im M\u00e4rz 2021 <a href=\"https:\/\/www.stern.de\/gesundheit\/karl-lauterbach-im-interview---du-steckst-jede-menge-pruegel-ein--was-macht-das-mit-dir---30427960.html\" target=\"_blank\" rel=\"noopener noreferrer\">empathisch<\/a>\u00a0fragen:<\/div>\n<\/div>\n<\/div>\n<p style=\"padding-left: 40px;\"><em>&#8222;Hirschhausen trifft Lauterbach: &#8218;Du steckst jede Menge Pr\u00fcgel ein, Karl. Was macht das mit dir?'&#8220;<\/em><\/p>\n<p>Der Wille der mitverantwortlichen Politik, der kooperierenden Justiz, nachweisliche T\u00e4ter der &#8222;Corona-Krise&#8220; endlich zur Verantwortung zu ziehen, ist erneut f\u00fcr die Opfer in weite Ferne ger\u00fcckt. Die Deutungshoheit liegt weiterhin in den Redaktionsr\u00e4umen von <em>ARD<\/em> und <em>ZDF<\/em>, anderen bekannten Medienh\u00e4usern und Redaktionsb\u00fcros sowie dem politischen Berlin.<\/p>\n<p style=\"text-align: right;\"><em>Bernhard Loyen ist freier Journalist und schreibt f\u00fcr verschiedene alternative Portale<\/em><\/p>\n<hr \/>\n<p><span style=\"font-size: 10pt;\">Bild oben: <span class=\"Cover-caption\"><span class=\"Cover-captionItem\">Eckart von Hirschhausen auf der Veranstaltung &#8222;Health for Future&#8220;, 31.07.2020<\/span><\/span><\/span><br \/>\n<span style=\"font-size: 10pt;\">Foto: Bluecloud9 from Aachen, Germany, <a href=\"https:\/\/creativecommons.org\/licenses\/by-sa\/2.0\" target=\"_blank\" rel=\"noopener\">CC BY-SA 2.0<\/a><\/span><br \/>\n<span style=\"font-size: 10pt;\">Quelle: <a href=\"https:\/\/commons.wikimedia.org\/w\/index.php?curid=92812362\" target=\"_blank\" rel=\"noopener\">https:\/\/commons.wikimedia.org\/w\/index.php?curid=92812362<\/a><\/span><\/p>\n","protected":false},"excerpt":{"rendered":"<p><b>Beitrag von Bernhard Loyen<\/b><br \/>\nDie Ampelkoalition wird sich aufgrund &#8222;unterschiedlicher Auffassungen&#8220; in dieser Legislaturperiode nicht mehr mit dem Thema &#8222;Aufarbeitung der Corona-Pandemie&#8220; besch\u00e4ftigen. Ein seitens SPD und Gr\u00fcnen pr\u00e4ferierter &#8222;B\u00fcrgerrat&#8220; sei bis zur Bundestagswahl 2025 nicht realisierbar, so das\u00a0RT-Update\u00a0vom 11. Oktober zum Thema der konsequenten Verweigerungshaltung verantwortlicher Protagonisten dreier dunkler Jahre einer politisch erzwungenen &#8222;Corona-Krise&#8220;. Das Online-Medienmagazin DWDL kr\u00f6nt den politischen Skandal wenige Tage sp\u00e4ter mit einer Hiobsbotschaft f\u00fcr chronisch kranke Menschen, ausgehend von individuellen massiven biografischen T\u00e4lern und Leidenswegen k\u00f6rperlicher oder psychischer Art.\u00a0So lautet die n\u00fcchterne, dabei todernste\u00a0Information: <i>Hirschhausen arbeitet Corona-Pandemie im Ersten auf<\/i> &#8230;<\/p>\n","protected":false},"author":3,"featured_media":20179,"comment_status":"closed","ping_status":"closed","sticky":false,"template":"","format":"standard","meta":{"colormag_page_container_layout":"default_layout","colormag_page_sidebar_layout":"default_layout","advanced_seo_description":"","jetpack_seo_html_title":"","jetpack_seo_noindex":false,"jetpack_post_was_ever_published":false,"footnotes":""},"categories":[12],"tags":[1968,1094,1917,1256,1278,180,1851,1257,2372,1496,2084],"class_list":["post-20161","post","type-post","status-publish","format-standard","has-post-thumbnail","hentry","category-demokratie-medien-aufklaerung","tag-ampelkoalition","tag-ard","tag-aufarbeitung","tag-corona-virus","tag-impfung","tag-krise","tag-long-covid","tag-pandemie","tag-psychische-belastung","tag-schuldzuweisung","tag-vertrauen"],"jetpack_featured_media_url":"https:\/\/i0.wp.com\/www.freidenker.org\/fw17\/wp-content\/uploads\/2024\/10\/Health_for_Future_IMG_0265_50174308517_800x450.jpg?fit=800%2C450&ssl=1","jetpack_shortlink":"https:\/\/wp.me\/p9stpK-5fb","jetpack-related-posts":[{"id":22849,"url":"https:\/\/www.freidenker.org\/?p=22849","url_meta":{"origin":20161,"position":0},"title":"Corona-Enquete-Kommission konstituiert: CDU-&#8222;Impfbef\u00fcrworterin&#8220; als Vorsitzende","author":"Webredaktion","date":"15. September 2025","format":false,"excerpt":"Beitrag von Bernhard Loyen Der windige und unantastbare Karl Lauterbach hatte im April\u00a02023 kurzerhand die \"Corona-Pandemie f\u00fcr beendet\" erkl\u00e4rt. Was folgte, ist so weit bekannt und dokumentiert.\u00a0Am 8.\u00a0September dieses Jahres\u00a0\u2013 und damit zweieinhalb Jahre nach Lauterbachs willk\u00fcrlicher Mitteilung\u00a0\u2013\u00a0verk\u00fcndet nun die Website des Bundestags, dass sich die \"Enquete-Kommission zur Corona-Pandemie\" konstituiert\u2026","rel":"","context":"In &quot;Demokratie \u2013 Medien \u2013 Aufkl\u00e4rung&quot;","block_context":{"text":"Demokratie \u2013 Medien \u2013 Aufkl\u00e4rung","link":"https:\/\/www.freidenker.org\/?cat=12"},"img":{"alt_text":"","src":"https:\/\/i0.wp.com\/www.freidenker.org\/fw17\/wp-content\/uploads\/2025\/09\/covid-5859407_800x450.jpg?fit=800%2C450&ssl=1&resize=350%2C200","width":350,"height":200,"srcset":"https:\/\/i0.wp.com\/www.freidenker.org\/fw17\/wp-content\/uploads\/2025\/09\/covid-5859407_800x450.jpg?fit=800%2C450&ssl=1&resize=350%2C200 1x, https:\/\/i0.wp.com\/www.freidenker.org\/fw17\/wp-content\/uploads\/2025\/09\/covid-5859407_800x450.jpg?fit=800%2C450&ssl=1&resize=525%2C300 1.5x, https:\/\/i0.wp.com\/www.freidenker.org\/fw17\/wp-content\/uploads\/2025\/09\/covid-5859407_800x450.jpg?fit=800%2C450&ssl=1&resize=700%2C400 2x"},"classes":[]},{"id":17593,"url":"https:\/\/www.freidenker.org\/?p=17593","url_meta":{"origin":20161,"position":1},"title":"Corona-Aufarbeitung: Gesellschaftsspaltende Ethikerin wird Staatssekret\u00e4rin beim Bund","author":"Webredaktion","date":"29. November 2023","format":false,"excerpt":"Beitrag von Bernhard Loyen Die ARD-Tagesschau meldete am 7. April dieses Jahres: \"Die letzten Ma\u00dfnahmen im Kampf gegen Corona laufen aus, f\u00fcr Gesundheitsminister Lauterbach ist die Pandemie beendet.\" Gut drei Jahre zuvor, am 18. M\u00e4rz 2020, hatte die vormalige Kanzlerin Angela Merkel in einer Fernsehansprache\u00a0an die B\u00fcrger im Land davon\u2026","rel":"","context":"In &quot;Demokratie \u2013 Medien \u2013 Aufkl\u00e4rung&quot;","block_context":{"text":"Demokratie \u2013 Medien \u2013 Aufkl\u00e4rung","link":"https:\/\/www.freidenker.org\/?cat=12"},"img":{"alt_text":"","src":"https:\/\/i0.wp.com\/www.freidenker.org\/fw17\/wp-content\/uploads\/2023\/11\/sabine_doering_coll.jpg?fit=800%2C450&ssl=1&resize=350%2C200","width":350,"height":200,"srcset":"https:\/\/i0.wp.com\/www.freidenker.org\/fw17\/wp-content\/uploads\/2023\/11\/sabine_doering_coll.jpg?fit=800%2C450&ssl=1&resize=350%2C200 1x, https:\/\/i0.wp.com\/www.freidenker.org\/fw17\/wp-content\/uploads\/2023\/11\/sabine_doering_coll.jpg?fit=800%2C450&ssl=1&resize=525%2C300 1.5x, https:\/\/i0.wp.com\/www.freidenker.org\/fw17\/wp-content\/uploads\/2023\/11\/sabine_doering_coll.jpg?fit=800%2C450&ssl=1&resize=700%2C400 2x"},"classes":[]},{"id":24721,"url":"https:\/\/www.freidenker.org\/?p=24721","url_meta":{"origin":20161,"position":2},"title":"&#8222;Segen der Impfungen&#8220;","author":"Webredaktion","date":"25. M\u00e4rz 2026","format":false,"excerpt":"Ex-Minister Lauterbach beklagt \"Fake-News\" in der Enquete-Kommission Beitrag von Bernhard Loyen Mit Spannung wurde der gestrige gemeinsame Auftritt zweier entscheidender Protagonisten in der \"Corona-Krise\" im Bundestag erwartet. So waren in der \"Enquete-Kommission Corona\" zum Thema \"Leistungsf\u00e4higkeit des Gesundheitswesens in der Pandemie\" der ehemalige Bundesgesundheitsminister Karl Lauterbach (SPD) sowie Ex-RKI-Chef Lothar\u2026","rel":"","context":"In &quot;Demokratie \u2013 Medien \u2013 Aufkl\u00e4rung&quot;","block_context":{"text":"Demokratie \u2013 Medien \u2013 Aufkl\u00e4rung","link":"https:\/\/www.freidenker.org\/?cat=12"},"img":{"alt_text":"","src":"https:\/\/i0.wp.com\/www.freidenker.org\/fw17\/wp-content\/uploads\/2026\/03\/neelam279-vaccine-5833550_800x450.jpg?fit=800%2C450&ssl=1&resize=350%2C200","width":350,"height":200,"srcset":"https:\/\/i0.wp.com\/www.freidenker.org\/fw17\/wp-content\/uploads\/2026\/03\/neelam279-vaccine-5833550_800x450.jpg?fit=800%2C450&ssl=1&resize=350%2C200 1x, https:\/\/i0.wp.com\/www.freidenker.org\/fw17\/wp-content\/uploads\/2026\/03\/neelam279-vaccine-5833550_800x450.jpg?fit=800%2C450&ssl=1&resize=525%2C300 1.5x, https:\/\/i0.wp.com\/www.freidenker.org\/fw17\/wp-content\/uploads\/2026\/03\/neelam279-vaccine-5833550_800x450.jpg?fit=800%2C450&ssl=1&resize=700%2C400 2x"},"classes":[]},{"id":22398,"url":"https:\/\/www.freidenker.org\/?p=22398","url_meta":{"origin":20161,"position":3},"title":"Enquete-Kommission Corona: Der elendige Versuch, die T\u00e4ter reinzuwaschen","author":"Webredaktion","date":"15. Juli 2025","format":false,"excerpt":"Beitrag von Bernhard Loyen Die n\u00fcchterne Nachricht\u00a0wurde medial \u00fcber alle verf\u00fcgbaren Kan\u00e4le der Mainstreammedien und \u00f6ffentlich-rechtlichen Rundfunkanstalten ins Land verk\u00fcndet: Die Politik simuliert den Willen zur dringend notwendigen \"Corona-Aufarbeitung\". Diese Formulierung ist nat\u00fcrlich schon wieder mit Skepsis gew\u00fcrzt, daher die offizielle Schreibweise der weiterhin tonangebenden und einflussreichen\u00a0ARD-Tagesschau vom 10. Juli:\u2026","rel":"","context":"In &quot;Demokratie \u2013 Medien \u2013 Aufkl\u00e4rung&quot;","block_context":{"text":"Demokratie \u2013 Medien \u2013 Aufkl\u00e4rung","link":"https:\/\/www.freidenker.org\/?cat=12"},"img":{"alt_text":"","src":"https:\/\/i0.wp.com\/www.freidenker.org\/fw17\/wp-content\/uploads\/2025\/07\/ColognePride_2021_CSD-Veedel-3914_800x450.jpg?fit=800%2C450&ssl=1&resize=350%2C200","width":350,"height":200,"srcset":"https:\/\/i0.wp.com\/www.freidenker.org\/fw17\/wp-content\/uploads\/2025\/07\/ColognePride_2021_CSD-Veedel-3914_800x450.jpg?fit=800%2C450&ssl=1&resize=350%2C200 1x, https:\/\/i0.wp.com\/www.freidenker.org\/fw17\/wp-content\/uploads\/2025\/07\/ColognePride_2021_CSD-Veedel-3914_800x450.jpg?fit=800%2C450&ssl=1&resize=525%2C300 1.5x, https:\/\/i0.wp.com\/www.freidenker.org\/fw17\/wp-content\/uploads\/2025\/07\/ColognePride_2021_CSD-Veedel-3914_800x450.jpg?fit=800%2C450&ssl=1&resize=700%2C400 2x"},"classes":[]},{"id":16223,"url":"https:\/\/www.freidenker.org\/?p=16223","url_meta":{"origin":20161,"position":4},"title":"Von einer Pandemie zur n\u00e4chsten?","author":"Webredaktion","date":"2. Juni 2023","format":false,"excerpt":"Karl Lauterbach, die WHO und Rockefeller-Millionen Podcast von Bernhard Loyen Millionen Menschen weltweit leiden weiterhin unter den Auswirkungen der politischen Ma\u00dfnahmen in der Corona-Krise. Im Hintergrund bastelt ein elit\u00e4rer Kreis von Krisenprofiteuren am n\u00e4chsten m\u00f6glichen Ereignis. Nat\u00fcrlich alles unter dem Deckmantel vorbeugender Ma\u00dfnahmen und rein zum Schutze der Menschheit.","rel":"","context":"In &quot;Demokratie \u2013 Medien \u2013 Aufkl\u00e4rung&quot;","block_context":{"text":"Demokratie \u2013 Medien \u2013 Aufkl\u00e4rung","link":"https:\/\/www.freidenker.org\/?cat=12"},"img":{"alt_text":"","src":"https:\/\/i0.wp.com\/www.freidenker.org\/fw17\/wp-content\/uploads\/2023\/06\/Karl_Lauterbach_by_OlafKosinsky_2019_MG_2423_800x450_ausschnitt.jpg?fit=800%2C450&ssl=1&resize=350%2C200","width":350,"height":200,"srcset":"https:\/\/i0.wp.com\/www.freidenker.org\/fw17\/wp-content\/uploads\/2023\/06\/Karl_Lauterbach_by_OlafKosinsky_2019_MG_2423_800x450_ausschnitt.jpg?fit=800%2C450&ssl=1&resize=350%2C200 1x, https:\/\/i0.wp.com\/www.freidenker.org\/fw17\/wp-content\/uploads\/2023\/06\/Karl_Lauterbach_by_OlafKosinsky_2019_MG_2423_800x450_ausschnitt.jpg?fit=800%2C450&ssl=1&resize=525%2C300 1.5x, https:\/\/i0.wp.com\/www.freidenker.org\/fw17\/wp-content\/uploads\/2023\/06\/Karl_Lauterbach_by_OlafKosinsky_2019_MG_2423_800x450_ausschnitt.jpg?fit=800%2C450&ssl=1&resize=700%2C400 2x"},"classes":[]},{"id":18566,"url":"https:\/\/www.freidenker.org\/?p=18566","url_meta":{"origin":20161,"position":5},"title":"Corona-Risikobewertung wurde politisch k\u00fcnstlich &#8222;hochskaliert&#8220;","author":"Webredaktion","date":"20. M\u00e4rz 2024","format":false,"excerpt":"Beitrag von Bernhard Loyen Es finden sich weiterhin unterschiedliche Gruppierungen von B\u00fcrgern, was das\u00a0Thema Corona-Aufarbeitung und R\u00fcckbetrachtung betrifft. Der giftige Corona-Spaltpilz bl\u00fcht weiterhin in den Fugen der Gesellschaft. Dazu mehr am Ende des Artikels. Diese Betrachtung erfolgt rund ein Jahr nachdem der unantastbare und skrupellose Karl Lauterbach\u00a0Anfang April 2023 vollkommen\u2026","rel":"","context":"In &quot;Demokratie \u2013 Medien \u2013 Aufkl\u00e4rung&quot;","block_context":{"text":"Demokratie \u2013 Medien \u2013 Aufkl\u00e4rung","link":"https:\/\/www.freidenker.org\/?cat=12"},"img":{"alt_text":"","src":"https:\/\/i0.wp.com\/www.freidenker.org\/fw17\/wp-content\/uploads\/2024\/03\/Spahn-Karikatur_800x450.jpg?fit=800%2C450&ssl=1&resize=350%2C200","width":350,"height":200,"srcset":"https:\/\/i0.wp.com\/www.freidenker.org\/fw17\/wp-content\/uploads\/2024\/03\/Spahn-Karikatur_800x450.jpg?fit=800%2C450&ssl=1&resize=350%2C200 1x, https:\/\/i0.wp.com\/www.freidenker.org\/fw17\/wp-content\/uploads\/2024\/03\/Spahn-Karikatur_800x450.jpg?fit=800%2C450&ssl=1&resize=525%2C300 1.5x, https:\/\/i0.wp.com\/www.freidenker.org\/fw17\/wp-content\/uploads\/2024\/03\/Spahn-Karikatur_800x450.jpg?fit=800%2C450&ssl=1&resize=700%2C400 2x"},"classes":[]}],"_links":{"self":[{"href":"https:\/\/www.freidenker.org\/index.php?rest_route=\/wp\/v2\/posts\/20161","targetHints":{"allow":["GET"]}}],"collection":[{"href":"https:\/\/www.freidenker.org\/index.php?rest_route=\/wp\/v2\/posts"}],"about":[{"href":"https:\/\/www.freidenker.org\/index.php?rest_route=\/wp\/v2\/types\/post"}],"author":[{"embeddable":true,"href":"https:\/\/www.freidenker.org\/index.php?rest_route=\/wp\/v2\/users\/3"}],"replies":[{"embeddable":true,"href":"https:\/\/www.freidenker.org\/index.php?rest_route=%2Fwp%2Fv2%2Fcomments&post=20161"}],"version-history":[{"count":0,"href":"https:\/\/www.freidenker.org\/index.php?rest_route=\/wp\/v2\/posts\/20161\/revisions"}],"wp:featuredmedia":[{"embeddable":true,"href":"https:\/\/www.freidenker.org\/index.php?rest_route=\/wp\/v2\/media\/20179"}],"wp:attachment":[{"href":"https:\/\/www.freidenker.org\/index.php?rest_route=%2Fwp%2Fv2%2Fmedia&parent=20161"}],"wp:term":[{"taxonomy":"category","embeddable":true,"href":"https:\/\/www.freidenker.org\/index.php?rest_route=%2Fwp%2Fv2%2Fcategories&post=20161"},{"taxonomy":"post_tag","embeddable":true,"href":"https:\/\/www.freidenker.org\/index.php?rest_route=%2Fwp%2Fv2%2Ftags&post=20161"}],"curies":[{"name":"wp","href":"https:\/\/api.w.org\/{rel}","templated":true}]}}