{"id":20148,"date":"2024-10-19T21:10:18","date_gmt":"2024-10-19T19:10:18","guid":{"rendered":"https:\/\/www.freidenker.org\/?p=20148"},"modified":"2024-11-17T16:04:43","modified_gmt":"2024-11-17T15:04:43","slug":"joe-biden-in-deutschland","status":"publish","type":"post","link":"https:\/\/www.freidenker.org\/?p=20148","title":{"rendered":"Joe Biden in Deutschland"},"content":{"rendered":"<h4><strong>Der US-Pr\u00e4sident besucht seine Kolonie<\/strong><\/h4>\n<p><em>Ein Kommentar von\u00a0<strong>Wolfgang Bittner<\/strong><\/em><\/p>\n<p><span style=\"font-size: 10pt;\">Erstver\u00f6ffentlichung als Tagesdosis vom 17.10.2024 auf <a href=\"https:\/\/apolut.net\/joe-biden-in-deutschland-von-wolfgang-bittner\/\" target=\"_blank\" rel=\"noopener\">apolut.net<\/a><\/span><\/p>\n<p>Der Beitrag ist auch als Audiopodcast verf\u00fcgbar:<\/p>\n<audio class=\"wp-audio-shortcode\" id=\"audio-20148-1\" preload=\"none\" style=\"width: 100%;\" controls=\"controls\"><source type=\"audio\/mpeg\" src=\"https:\/\/apolut.net\/multimedia_apolut\/podcast\/tagesdosis-20241017-apolut.mp3?_=1\" \/><a href=\"https:\/\/apolut.net\/multimedia_apolut\/podcast\/tagesdosis-20241017-apolut.mp3\">https:\/\/apolut.net\/multimedia_apolut\/podcast\/tagesdosis-20241017-apolut.mp3<\/a><\/audio>\n<p><span style=\"font-size: 10pt;\">Bereitgestellt von <a href=\"https:\/\/apolut.net\/joe-biden-in-deutschland-von-wolfgang-bittner\/\" target=\"_blank\" rel=\"noopener\">apolut.net<\/a><\/span><br \/>\n<span style=\"font-size: 10pt;\"><a href=\"https:\/\/apolut.net\/multimedia_apolut\/podcast\/tagesdosis-20241017-apolut.mp3\" target=\"_blank\" rel=\"noopener\">Download<\/a><\/span><\/p>\n<p>&nbsp;<\/p>\n<p><strong><span style=\"font-size: 10pt; font-family: 'courier new', courier, monospace;\">Hinweis der Redaktion: Der Beitrag wurde <span style=\"text-decoration: underline;\">vor<\/span> dem Staatsbesuch von Joe Biden am 17.\/18.10.24 geschrieben.<\/span><\/strong><\/p>\n<p>Urspr\u00fcnglich hatte sich US-Pr\u00e4sident Joseph (Joe) Biden f\u00fcr den 10. bis 13. Oktober in Berlin und Ramstein angesagt,[1] den Besuch jedoch kurzfristig verschoben, angeblich wegen des in Florida erwarteten Hurrikans Milton. Nun wurde bekannt, dass Biden seinen Abschiedsbesuch am 17. und 18. Oktober nachzuholen gedenkt.[2] Wie das Wei\u00dfe Haus bei der ersten Ank\u00fcndigung mitteilte, beabsichtigte er, f\u00fchrende deutsche Politiker zu treffen, um<\/p>\n<blockquote><p>\u201edie enge Verbindung der Vereinigten Staaten und Deutschland als Verb\u00fcndete und Freunde weiter zu st\u00e4rken und sich \u00fcber gemeinsame Priorit\u00e4ten abzustimmen\u201c.<\/p><\/blockquote>\n<p>Des Weiteren hie\u00df es, Biden wolle<\/p>\n<blockquote><p>\u201edas Engagement der USA und Deutschlands f\u00fcr Demokratie und gegen Antisemitismus und Hass bekr\u00e4ftigen\u201c, die \u201eunverbr\u00fcchlichen zwischenmenschlichen Verbindungen unserer L\u00e4nder st\u00e4rken\u201c und \u201ef\u00fcr die Kooperation in Wirtschaft, Handel und Technologie werben\u201c.<\/p><\/blockquote>\n<p>Au\u00dferdem wolle er Deutschland seine Anerkennung f\u00fcr die Unterst\u00fctzung der Ukraine in ihrer Abwehr der russischen Aggression, f\u00fcr die Aufnahme der US-Milit\u00e4rangeh\u00f6rigen und f\u00fcr den Beitrag zur Sicherheit der Vereinigten Staaten, Deutschlands und des gesamten NATO-B\u00fcndnisses aussprechen.[3]<\/p>\n<h5>Ein stark reduziertes Programm<\/h5>\n<p>W\u00e4hrend Biden zuvor noch an einem Gipfel-Treffen der Ukraine-Kontaktgruppe auf der Luftwaffenbasis Ramstein teilnehmen wollte, wohin die USA f\u00fchrende Politiker aus etwa 50 Staaten eingeladen hatten.[4], ist jetzt nur noch ein stark reduziertes Programm im Gespr\u00e4ch: Ein Treffen mit Bundespr\u00e4sident Frank-Walter Steinmeier und Bundeskanzler Olaf Scholz. Auch die Einladung des ukrainischen Pr\u00e4sidenten Wolodymyr Selenskyj, der in Ramstein \u00fcber seinen bereits in den USA pr\u00e4sentierten <em>\u201eSiegesplan\u201c<\/em> sprechen wollte, ist abgesagt worden.<\/p>\n<p>Bis sich zeigte, dass er allm\u00e4hlich dement wird, galt Biden als der ma\u00dfgebende Realpolitiker des Westens, der das Schicksal der Welt bestimmt. Aber nach seinem R\u00fccktritt von der Kandidatur f\u00fcr die n\u00e4chste Pr\u00e4sidentschaft hat er nun auch in Deutschland an Glanz verloren, die neue Lichtgestalt ist die von den US-Demokraten als Pr\u00e4sidentschaftskandidatin gegen Donald Trump aufgestellte derzeitige Vizepr\u00e4sidentin Kamala Harris.<\/p>\n<p>Dennoch beabsichtigt Bundespr\u00e4sident Frank-Walter Steinmeier, Joseph Biden mit der h\u00f6chsten deutschen Ehrung, der Sonderstufe des Gro\u00dfkreuzes des Bundesverdienstordens, auszuzeichnen. Wie es am 3. Oktober aus dem Bundespr\u00e4sidialamt hie\u00df, beabsichtigt der Bundespr\u00e4sident damit,<\/p>\n<blockquote><p>\u201edie Verdienste von Pr\u00e4sident Biden um die deutsch-amerikanische Freundschaft und das transatlantische B\u00fcndnis\u201c zu w\u00fcrdigen, \u201ewelche Biden \u00fcber f\u00fcnf Jahrzehnte ma\u00dfgeblich gepr\u00e4gt und insbesondere im Angesicht der russischen Aggression gegen die Ukraine gest\u00e4rkt hat\u201c.[5]<\/p><\/blockquote>\n<p>Die Absurdit\u00e4t einer solchen Ehrung scheint den wenigsten Politikern und Journalisten bewusst zu sein. Wir erinnern uns, dass sich Biden beim Antrittsbesuch von Bundeskanzler Olaf Scholz am 7. Februar 2022 in Washington erlaubte, unter Missachtung der Souver\u00e4nit\u00e4t Deutschlands ein Ende von Nord Stream 2 zu bestimmen.[6] Scholz schaute wortlos zu, auch noch als Biden auf die Frage, wie er das anstellen wolle, antwortete: <em>\u201eI promise you, we\u02bcll be able to do it\u201c \u2013 \u201eIch verspreche Ihnen, wir werden in der Lage sein, es zu tun.\u201c<\/em>[7] Zu dieser Zeit bem\u00fchte sich Wladimir Putin noch, mit Biden \u00fcber berechtigte Sicherheitsgarantien zu verhandeln, um den Krieg gegen die Ukraine zu vermeiden.<\/p>\n<p>Das wird von heut auf morgen der Vergessenheit anheim gegeben, und jetzt soll derjenige, der den Energienotstand in Deutschland und damit den Niedergang der deutschen Wirtschaft zu verantworten hat, die h\u00f6chste deutsche Ehrung erhalten. Die Unterw\u00fcrfigkeit der Berliner Regierung einschlie\u00dflich des Bundespr\u00e4sidenten kennt offensichtlich keine Grenzen.<\/p>\n<h5>Bidens besonderer Einsatz bei der \u00dcbernahme der Ukraine<\/h5>\n<p>Dass Joseph Biden, der fast alle Konflikte und Kriege der vergangenen Jahrzehnte als Senator, Pr\u00e4sidentenberater und Vizepr\u00e4sident mit zu verantworten hat, 2021 Pr\u00e4sident der Vereinigten Staaten wurde, ist ein gro\u00dfes Ungl\u00fcck. Ginge es mit rechten Dingen zu, m\u00fcsste er vor den Internationalen Gerichtshof gestellt werden. Aber die US-Regierung wei\u00df sehr genau, warum sie dieses Gericht nicht anerkennt.<\/p>\n<p>Biden verfolgte die Agenda derjenigen, die ihn ein Leben lang protegiert und in dieses Amt geschoben haben, rigoros weiter. Und augenscheinlich h\u00e4lt er sich an die Analyse des Politologen und langj\u00e4hrigen Pr\u00e4sidentenberaters Zbigniew Brzezinski, der Europa als Schachbrett ansah, auf dem die USA ihre Z\u00fcge machen, und in seinem 1997 erschienenen Buch<em> \u201eDie einzige Weltmacht\u201c<\/em> \u00fcber die Ukraine schrieb:<\/p>\n<blockquote><p>\u201eDie Ukraine, ein neuer und wichtiger Raum auf dem eurasischen Schachbrett, ist ein geopolitischer Dreh- und Angelpunkt, weil ihre blo\u00dfe Existenz als unabh\u00e4ngiger Staat zur Umwandlung Russlands beitr\u00e4gt. Ohne die Ukraine ist Russland kein eurasisches Reich mehr.\u201c[8]<\/p><\/blockquote>\n<p>Insofern bewies Biden besonderen Einsatz bei der Destabilisierung und kalten \u00dcbernahme der Ukraine, wobei er von Au\u00dfenminister John Kerry, CIA-Chef John Brennan, Senator John McCain und weiteren hochrangigen US-Politikern unterst\u00fctzt wurde. Wie schon bei anderen Regime Changes, Konflikten und Kriegen profitierte die US-amerikanische F\u00fchrungsschicht von dem Wechsel, so auch Joe Bidens Sohn Hunter, der schon zuvor offensichtlich durch Patronage in verschiedene gut dotierte \u00c4mter bef\u00f6rdert worden war. Im Mai 2014, also kurz nach dem Putsch in Kiew, erhielt er einen eigens f\u00fcr ihn geschaffenen Vorstandsposten im Verwaltungsrat der Burisma Holdings, dem gr\u00f6\u00dften nichtstaatlichen Gasproduzenten der Ukraine.[9] Weitere Vorstands\u00e4mter bei Burisma erhielten der ehemalige Wahlkampfleiter Kerrys, Devon Archer, der fr\u00fcher bei Merrill Lynch und J.P. Morgen t\u00e4tige Investmentbanker Alan Apter sowie Polens Ex-Staatspr\u00e4sident Aleksander Kwasniewski. Ihnen folgte im Februar 2016 noch Josef Kofer Black, von 1999 bis 2002 Direktor des CIA Counterterrorist Centers. Das alles geschah unter der Vizepr\u00e4sidentschaft Joseph Bidens.<\/p>\n<p>Seinerzeit begann der ukrainische Generalstaatsanwalt Wiktor Schokin wegen Interessenkollision, Korruption und Vetternwirtschaft zu ermitteln. 2018 wurde dann bekannt, dass Biden den ukrainischen Pr\u00e4sidenten Petro Poroschenko und Premierminister Arsenij Jazenjuk, beide G\u00fcnstlinge der USA, gen\u00f6tigt hatte, Schokin zu entlassen.[10] Zu vermuten ist, dass die Ermittlungen den US-Vizepr\u00e4sidenten und seinen Sohn schwer belastet h\u00e4tten. Denn abgesehen von der Patronage hat Burisma Medienberichten zufolge 2014 und 2015 mehr als drei Millionen US-Dollar an eine Firma namens Rosemont Seneca Bohai LLC gezahlt, die bis zu 50.000 Dollar monatlich an Hunter Biden zahlte. Der wiederum war zusammen mit Christopher Heinz, dem Stiefsohn von John Kerry, Eigent\u00fcmer von Rosemont Seneca Partners.[11]<\/p>\n<p>Es handelte sich um eines der \u00fcblichen Beziehungs- und Korruptionsgeflechte der US-amerikanischen F\u00fchrungsschicht. Daher zeigten die in die Washingtoner Obama-Clinton-Kamarilla eingebundenen Politiker und Journalisten, die eifrig wegen angeblicher Beziehungen Trumps zum Kreml polemisierten, wenig Interesse, die Vorw\u00fcrfe zu \u00fcberpr\u00fcfen. Erst als Trump im Oktober 2020 im Wahlkampf Korruptionsvorw\u00fcrfe gegen Biden erhob, kamen dessen Machenschaften in der Ukraine ans Licht. Biden reagierte emp\u00f6rt:<\/p>\n<blockquote><p>\u201eEs ist der letzte Versuch in dieser verzweifelten Kampagne, mich und meine Familie zu verleumden.\u201c[12]<\/p><\/blockquote>\n<p>Lautete die Frage zuvor, warum gesch\u00e4ftliche Kontakte amerikanischer Politiker nach Russland ein Staatsverbrechen sein sollten, war jetzt zu fragen, warum nicht dem manifesten Korruptionsverdacht gegen den Pr\u00e4sidentschaftskandidaten und seinen Sohn nachgegangen wurde. Die Sache verlief im Sande. Vetternwirtschaft, Korruption, Erpressung, wohin man blickt.<\/p>\n<h5>Joseph Biden:<em> \u201eIch regiere die Welt\u201c<\/em><\/h5>\n<p>Dass die USA die Bedrohung Russlands unter Benutzung der Ukraine st\u00e4ndig vorangetrieben haben, best\u00e4tigte Biden am 2. Oktober 2014 in einer Rede an der Harvard Kennedy School in Cambridge\/Massachusetts:<\/p>\n<blockquote><p>\u201eWir haben Putin vor die einfache Wahl gestellt: Respektieren Sie die Souver\u00e4nit\u00e4t der Ukraine oder Sie werden sich zunehmenden Konsequenzen gegen\u00fcbersehen. Dadurch waren wir in der Lage, die gr\u00f6\u00dften entwickelten Staaten der Welt dazu zu bringen, Russland echte Kosten aufzuerlegen. Es ist wahr, dass sie [die EU] das nicht tun wollten. Aber wiederum war es die F\u00fchrungsrolle Amerikas und die Tatsache, dass der Pr\u00e4sident der Vereinigten Staaten darauf bestanden hat, ja, Europa des \u00d6fteren in Verlegenheit bringen musste, um es dazu zu zwingen, sich aufzuraffen und wirtschaftliche Nachteile einzustecken, um Kosten [f\u00fcr Russland] verursachen zu k\u00f6nnen. Und die Folgen waren eine massive Kapitalflucht aus Russland, ein regelrechtes Einfrieren von ausl\u00e4ndischen Direktinvestitionen, der Rubel auf einem historischen Tiefststand gegen\u00fcber dem Dollar, und die russische Wirtschaft an der Kippe zu einer Rezession.\u201c[13]<\/p><\/blockquote>\n<p>Wie verlogen die Begr\u00fcndung f\u00fcr die Sanktionen ist, wird daran deutlich, dass die USA zu dieser Zeit den jahrelang vorbereiteten Staatsstreich in Kiew \u2013 unter Missachtung der Souver\u00e4nit\u00e4t der Ukraine \u2013 bereits vollzogen und ihren G\u00fcnstling Arsenij Jazenjuk als Ministerpr\u00e4sidenten eingesetzt hatten.[14] Der B\u00fcrgerkrieg in der Ostukraine hatte begonnen, Kiew sollte die Blaupause f\u00fcr das sein, was man in Moskau beabsichtigt, und bis dato durch st\u00e4ndige Provokationen und den Ukraine-Krieg vorantreibt.<\/p>\n<p>Wie es um das Selbstverst\u00e4ndnis der US-amerikanischen Regierung bestellt ist, demonstrierte Pr\u00e4sident Joseph Biden am 6. Juli 2024 in einem Interview mit dem US-Sender ABC, als er nach einem desastr\u00f6sen Wahlkampfduell mit Donald Trump nach seiner k\u00f6rperlichen und mentalen Verfassung gefragt wurde. Vor laufender Kamera erkl\u00e4rte er:<\/p>\n<blockquote><p>\u201eIch absolviere jeden Tag einen kognitiven Test. Wissen Sie, ich mache nicht nur Wahlkampf, ich regiere die Welt. Das klingt wie eine \u00dcbertreibung, aber wir sind die wichtigste Nation der Welt.\u201c[15]<\/p><\/blockquote>\n<p>Diese Aussage wurde von den westlichen Politikern und Journalisten nahezu kritiklos hingenommen, was wiederum R\u00fcckschl\u00fcsse auf die mentale Verfassung dieser Akteure zul\u00e4sst. Eingegangen wurde haupts\u00e4chlich auf die Frage, ob Biden noch die F\u00e4higkeit f\u00fcr eine zweite Amtszeit habe. Die Kontroverse darum beendete er am 24. Juli 2024 durch seinen Verzicht auf die Kandidatur.[16] Dennoch beendete er noch nicht seine Aggressionspolitik gegen Russland, und er macht Wahlkampf f\u00fcr Kamala Harris, demn\u00e4chst auch pers\u00f6nlich in Deutschland.<\/p>\n<p style=\"text-align: right;\"><em>Dr. Wolfgang Bittner, Jahrgang 1941, lebt als freier Schriftsteller in G\u00f6ttingen und ist Mitglied des Deutschen Freidenker-Verbandes und seines Beirats<\/em><\/p>\n<p><strong>Quellen und Anmerkungen<\/strong><\/p>\n<p>(1)\u00a0 So <a href=\"http:\/\/www.tagesschau.de\/ausland\/amerika\/biden-deutschlandbesuch-100.html\" target=\"_blank\" rel=\"noopener\">www.tagesschau.de\/ausland\/amerika\/biden-deutschlandbesuch-100.html<\/a><\/p>\n<p>(2)\u00a0 <a href=\"http:\/\/www.tagesschau.de\/ausland\/amerika\/biden-berlin-besuch-100.html\" target=\"_blank\" rel=\"noopener\">www.tagesschau.de\/ausland\/amerika\/biden-berlin-besuch-100.html<\/a><\/p>\n<p>(3)\u00a0 Siehe <a href=\"https:\/\/www.whitehouse.gov\/briefing-room\/statements-releases\/2024\/09\/24\/statement-from-white-house-press-secretary-karine-jean-pierre-on-president-bidens-travel-to-germany-and-angola\/\" target=\"_blank\" rel=\"noopener\">www.whitehouse.gov\/briefing-room\/statements-releases\/2024\/09\/24\/statement-from-white-house-press-secretary-karine-jean-pierre-on-president-bidens-travel-to-germany-and-angola\/<\/a><\/p>\n<p>(4)\u00a0 Vgl. <a href=\"http:\/\/www.br.de\/nachrichten\/deutschland-welt\/us-praesident-biden-laedt-zu-ukraine-treffen-in-deutschland,UPUfqBX\" target=\"_blank\" rel=\"noopener\">www.br.de\/nachrichten\/deutschland-welt\/us-praesident-biden-laedt-zu-ukraine-treffen-in-deutschland,UPUfqBX<\/a> sowie <a href=\"http:\/\/www.deutschland.de\/de\/news\/ukraine-gipfel-mit-biden-in-ramstein\" target=\"_blank\" rel=\"noopener\">www.deutschland.de\/de\/news\/ukraine-gipfel-mit-biden-in-ramstein<\/a><\/p>\n<p>(5)\u00a0 <a href=\"http:\/\/www.bundespraesident.de\/SharedDocs\/Pressemitteilungen\/DE\/2024\/10\/241003-StB-USA.html\" target=\"_blank\" rel=\"noopener\">www.bundespraesident.de\/SharedDocs\/Pressemitteilungen\/DE\/2024\/10\/241003-StB-USA.html<\/a><\/p>\n<p>(6)\u00a0 Vgl. ZDF heute, 8.2.2022; <a href=\"http:\/\/www.zdf.de\/nachrichten\/politik\/ukraine-krise-scholz-biden-washington-100.html\" target=\"_blank\" rel=\"noopener\">www.zdf.de\/nachrichten\/politik\/ukraine-krise-scholz-biden-washington-100.html <\/a>(Fehler 404)<\/p>\n<p>(7)\u00a0 Zit. wie YouTube, 7.2.2022; www.youtube.com\/watch?v=jwnoKjgcHmA, ab 1:43 (12.9.2022) (Video ist nicht verf\u00fcgbar)<\/p>\n<p>(8)\u00a0 Zbigniew Brzezinski: Die einzige Weltmacht \u2013 Amerikas Strategie der Vorherrschaft, Frankfurt\/Main 2001, S. 74 f.<\/p>\n<p>(9)\u00a0 Vgl. Wolfgang Bittner: Die Eroberung Europas durch die USA, S. 48 f. mit weiteren Nachweisen sowie UKRAINE CRISIS, 27.9.2019, <a href=\"http:\/\/uacrisis.org\/de\/73460-burisma\" target=\"_blank\" rel=\"noopener\">http:\/\/uacrisis.org\/de\/73460-burisma<\/a><\/p>\n<p>(10)\u00a0 Epoch Times, 29.4.2019, <a href=\"http:\/\/www.epochtimes.de\/politik\/welt\/der-ehemalige-us-vize-praesident-joe-biden-und-die-ukraine-illegale-einflussnahme-auf-die-us-wahl-2016-a2870649.html\" target=\"_blank\" rel=\"noopener\">www.epochtimes.de\/politik\/welt\/der-ehemalige-us-vize-praesident-joe-biden-und-die-ukraine-illegale-einflussnahme-auf-die-us-wahl-2016-a2870649.html<\/a><\/p>\n<p>(11)\u00a0 Vgl. Washington Examiner, 27.9.2019, <a href=\"https:\/\/www.washingtonexaminer.com\/politics\/john-kerrys-son-cut-business-ties-with-hunter-biden-over-ukrainian-oil-deal\" target=\"_blank\" rel=\"noopener\">https:\/\/www.washingtonexaminer.com\/politics\/john-kerrys-son-cut-business-ties-with-hunter-biden-over-ukrainian-oil-deal<\/a> sowie <a href=\"https:\/\/de.wikipedia.org\/wiki\/Burisma_Holdings\" target=\"_blank\" rel=\"noopener\">https:\/\/de.wikipedia.org\/wiki\/Burisma_Holdings<\/a> (2.10.2024)<\/p>\n<p>(12)\u00a0 Zit. wie Zeit Online, 21.10.2020, <a href=\"http:\/\/www.zeit.de\/politik\/ausland\/2020-10\/us-praesidentschaftswahl-joe-biden-korruptionsvorwuerfe-ukraine-donald-trump\" target=\"_blank\" rel=\"noopener\">www.zeit.de\/politik\/ausland\/2020-10\/us-praesidentschaftswahl-joe-biden-korruptionsvorwuerfe-ukraine-donald-trump<\/a><\/p>\n<p>(13)\u00a0 Zit. wie <a href=\"https:\/\/www.youtube.com\/watch?v=JLO7uKVarB8\" target=\"_blank\" rel=\"noopener\">www.youtube.com\/watch?v=JLO7uKVarB8<\/a> (2.10.2024)<\/p>\n<p>(14)\u00a0 Dazu: Victoria Nuland, der Freitag, 22.4.2014, <a href=\"http:\/\/www.freitag.de\/autoren\/hans-springstein\/5-milliarden-dollar-fuer-den-staatsstreich\" target=\"_blank\" rel=\"noopener\">www.freitag.de\/autoren\/hans-springstein\/5-milliarden-dollar-fuer-den-staatsstreich<\/a><\/p>\n<p>(15) Zit. wie <a href=\"http:\/\/www.n-tv.de\/politik\/Widerstand-bei-Demokraten-gegen-Kandidatur-formiert-sich-US-Praesident-Biden-ballt-die-Faust-und-gibt-skurriles-Interview-article25067731.html\" target=\"_blank\" rel=\"noopener\">www.n-tv.de\/politik\/Widerstand-bei-Demokraten-gegen-Kandidatur-formiert-sich-US-Praesident-Biden-ballt-die-Faust-und-gibt-skurriles-Interview-article25067731.html<\/a><\/p>\n<p>(16) Vgl. <a href=\"http:\/\/www.zdf.de\/nachrichten\/politik\/ausland\/biden-rede-nation-kandidatur-usa-wahl-demokraten-100.html\" target=\"_blank\" rel=\"noopener\">www.zdf.de\/nachrichten\/politik\/ausland\/biden-rede-nation-kandidatur-usa-wahl-demokraten-100.html<\/a><\/p>\n<hr \/>\n<p><span style=\"font-size: 10pt;\">Bild oben: Joe Biden wird am 17. Oktober 2024 auf der Joint Base Andrews in Maryland von Oberst Paul Pawluk zur <em>Air Force One<\/em> begleitet, bevor er nach Berlin reist. (Offizielles Foto des Wei\u00dfen Hauses)<\/span><br \/>\n<span style=\"font-size: 10pt;\">Foto: The White House &#8211; P20241017AS-0064, Public Domain<\/span><br \/>\n<span style=\"font-size: 10pt;\">Quelle: <a href=\"https:\/\/commons.wikimedia.org\/w\/index.php?curid=154056158\" target=\"_blank\" rel=\"noopener\">https:\/\/commons.wikimedia.org\/w\/index.php?curid=154056158<\/a><\/span><\/p>\n","protected":false},"excerpt":{"rendered":"<p><b>Der US-Pr\u00e4sident besucht seine Kolonie<\/b><br \/>\n<b>Kommentar von\u00a0Wolfgang Bittner<\/b><br \/>\nUrspr\u00fcnglich hatte sich US-Pr\u00e4sident Joseph (Joe) Biden f\u00fcr den 10. bis 13. Oktober in Berlin und Ramstein angesagt,[1] den Besuch jedoch kurzfristig verschoben, angeblich wegen des in Florida erwarteten Hurrikans Milton. Nun wurde bekannt, dass Biden seinen Abschiedsbesuch am 17. und 18. Oktober nachzuholen gedenkt.[2] Wie das Wei\u00dfe Haus bei der ersten Ank\u00fcndigung mitteilte, beabsichtigte er, f\u00fchrende deutsche Politiker zu treffen, um <i>\u201edie enge Verbindung der Vereinigten Staaten und Deutschland als Verb\u00fcndete und Freunde weiter zu st\u00e4rken und sich \u00fcber gemeinsame Priorit\u00e4ten abzustimmen\u201c.<\/i> Des Weiteren hie\u00df es, Biden wolle <i>\u201edas Engagement der USA und Deutschlands f\u00fcr Demokratie und gegen Antisemitismus und Hass bekr\u00e4ftigen\u201c<\/i>, die \u201e<i>unverbr\u00fcchlichen zwischenmenschlichen Verbindungen unserer L\u00e4nder st\u00e4rken<\/i>\u201c und \u201e<i>f\u00fcr die Kooperation in Wirtschaft, Handel und Technologie werben<\/i>\u201c.<\/p>\n","protected":false},"author":3,"featured_media":20150,"comment_status":"closed","ping_status":"closed","sticky":false,"template":"","format":"standard","meta":{"colormag_page_container_layout":"default_layout","colormag_page_sidebar_layout":"default_layout","advanced_seo_description":"","jetpack_seo_html_title":"","jetpack_seo_noindex":false,"jetpack_post_was_ever_published":false,"footnotes":""},"categories":[12],"tags":[512,409,452,1021,1495,1155,1332,2369,223,1103,1068,222,1815,1111,639,185],"class_list":["post-20148","post","type-post","status-publish","format-standard","has-post-thumbnail","hentry","category-demokratie-medien-aufklaerung","tag-antisemitismus","tag-berlin","tag-deutschland","tag-donald-trump","tag-globalstrategie","tag-hegemonie","tag-joe-biden","tag-kamala-harris","tag-putin","tag-putsch","tag-ramstein","tag-russland","tag-selenskyj","tag-ukraine","tag-ukraine-konflikt","tag-usa"],"jetpack_featured_media_url":"https:\/\/i0.wp.com\/www.freidenker.org\/fw17\/wp-content\/uploads\/2024\/10\/Joe_Biden_is_escorted_to_Air_Force_One_800x450.jpg?fit=800%2C450&ssl=1","jetpack_shortlink":"https:\/\/wp.me\/p9stpK-5eY","jetpack-related-posts":[{"id":13311,"url":"https:\/\/www.freidenker.org\/?p=13311","url_meta":{"origin":20148,"position":0},"title":"Frieren und hungern f\u00fcr den Endsieg","author":"Webredaktion","date":"4. Juni 2022","format":false,"excerpt":"Beitrag von Willy Wimmer Trump hatte etwas Gutes. Er vermied es, den \u00fcblichen amerikanischen Pr\u00e4sidenten-Krieg anzuzetteln.\u00a0Das sind jene Kriege, die ein Pr\u00e4sident dann exekutieren muss, wenn den amerikanischen Strukturen danach ist und das Washingtoner System die Lage eskalierend f\u00fcr reif h\u00e4lt. Die von Trump ausgehende Unlust auf einen solchen Krieg\u2026","rel":"","context":"In &quot;Frieden - Antifaschismus - Solidarit\u00e4t&quot;","block_context":{"text":"Frieden - Antifaschismus - Solidarit\u00e4t","link":"https:\/\/www.freidenker.org\/?cat=13"},"img":{"alt_text":"","src":"https:\/\/i0.wp.com\/www.freidenker.org\/fw17\/wp-content\/uploads\/2022\/06\/sculpture-18142_800x450.jpg?fit=800%2C450&ssl=1&resize=350%2C200","width":350,"height":200,"srcset":"https:\/\/i0.wp.com\/www.freidenker.org\/fw17\/wp-content\/uploads\/2022\/06\/sculpture-18142_800x450.jpg?fit=800%2C450&ssl=1&resize=350%2C200 1x, https:\/\/i0.wp.com\/www.freidenker.org\/fw17\/wp-content\/uploads\/2022\/06\/sculpture-18142_800x450.jpg?fit=800%2C450&ssl=1&resize=525%2C300 1.5x, https:\/\/i0.wp.com\/www.freidenker.org\/fw17\/wp-content\/uploads\/2022\/06\/sculpture-18142_800x450.jpg?fit=800%2C450&ssl=1&resize=700%2C400 2x"},"classes":[]},{"id":15584,"url":"https:\/\/www.freidenker.org\/?p=15584","url_meta":{"origin":20148,"position":1},"title":"Mutma\u00dfungen \u00fcber den Ukraine-Krieg und Wladimir Putin","author":"Webredaktion","date":"24. M\u00e4rz 2023","format":false,"excerpt":"Ein Kommentar von Wolfgang Bittner \u00dcber den Ukraine-Krieg wird viel gemutma\u00dft: \u00dcber eine Fr\u00fchjahrsoffensive Russlands und eine Gegenoffensive der Ukraine (mit strategischer Unterst\u00fctzung der USA); auch \u00fcber den Gesundheitszustand des russischen Pr\u00e4sidenten, sein Verm\u00f6gen, seinen Palast am Schwarzen Meer, seine Tochter, seine Panzerfabrik, sein Verh\u00e4ltnis zu Xi Jinping und so\u2026","rel":"","context":"In &quot;Frieden - Antifaschismus - Solidarit\u00e4t&quot;","block_context":{"text":"Frieden - Antifaschismus - Solidarit\u00e4t","link":"https:\/\/www.freidenker.org\/?cat=13"},"img":{"alt_text":"","src":"https:\/\/i0.wp.com\/www.freidenker.org\/fw17\/wp-content\/uploads\/2023\/03\/Vladimir_Putin_in_Ryazan_Oblast_2022-10-20_07_800x450.jpg?fit=800%2C450&ssl=1&resize=350%2C200","width":350,"height":200,"srcset":"https:\/\/i0.wp.com\/www.freidenker.org\/fw17\/wp-content\/uploads\/2023\/03\/Vladimir_Putin_in_Ryazan_Oblast_2022-10-20_07_800x450.jpg?fit=800%2C450&ssl=1&resize=350%2C200 1x, https:\/\/i0.wp.com\/www.freidenker.org\/fw17\/wp-content\/uploads\/2023\/03\/Vladimir_Putin_in_Ryazan_Oblast_2022-10-20_07_800x450.jpg?fit=800%2C450&ssl=1&resize=525%2C300 1.5x, https:\/\/i0.wp.com\/www.freidenker.org\/fw17\/wp-content\/uploads\/2023\/03\/Vladimir_Putin_in_Ryazan_Oblast_2022-10-20_07_800x450.jpg?fit=800%2C450&ssl=1&resize=700%2C400 2x"},"classes":[]},{"id":20548,"url":"https:\/\/www.freidenker.org\/?p=20548","url_meta":{"origin":20148,"position":2},"title":"Im Gespr\u00e4ch: Wolfgang Bittner (&#8222;Niemand soll hungern, ohne zu frieren&#8220;)","author":"Webredaktion","date":"20. Dezember 2024","format":false,"excerpt":"Video-Interview von Dirk Pohlmann mit Wolfgang Bittner Wolfgang Bittner ist Schriftsteller, promovierter Jurist, bildender K\u00fcnstler und hat neben Jura auch Philosophie und Soziologie studiert. Er hat die Welt bereist und etwa 80 B\u00fccher verfasst. Bittner war Rundfunkrat des WDR und Professor in Deutschland und Polen. Er ist ein Mann der\u2026","rel":"","context":"In &quot;Demokratie \u2013 Medien \u2013 Aufkl\u00e4rung&quot;","block_context":{"text":"Demokratie \u2013 Medien \u2013 Aufkl\u00e4rung","link":"https:\/\/www.freidenker.org\/?cat=12"},"img":{"alt_text":"","src":"https:\/\/i0.wp.com\/www.freidenker.org\/fw17\/wp-content\/uploads\/2024\/12\/bittner_pohlmann_800x450.jpg?fit=800%2C450&ssl=1&resize=350%2C200","width":350,"height":200,"srcset":"https:\/\/i0.wp.com\/www.freidenker.org\/fw17\/wp-content\/uploads\/2024\/12\/bittner_pohlmann_800x450.jpg?fit=800%2C450&ssl=1&resize=350%2C200 1x, https:\/\/i0.wp.com\/www.freidenker.org\/fw17\/wp-content\/uploads\/2024\/12\/bittner_pohlmann_800x450.jpg?fit=800%2C450&ssl=1&resize=525%2C300 1.5x, https:\/\/i0.wp.com\/www.freidenker.org\/fw17\/wp-content\/uploads\/2024\/12\/bittner_pohlmann_800x450.jpg?fit=800%2C450&ssl=1&resize=700%2C400 2x"},"classes":[]},{"id":12356,"url":"https:\/\/www.freidenker.org\/?p=12356","url_meta":{"origin":20148,"position":3},"title":"Ein irrer Propagandafeldzug gegen Russland","author":"Webredaktion","date":"3. M\u00e4rz 2022","format":false,"excerpt":"Ein Kommentar von Wolfgang Bittner Putin sei ein M\u00f6rder, sagte Joe Biden im M\u00e4rz 2021, und Ronald Reagan hatte Russland 1983 kurzerhand zum ''Reich des B\u00f6sen'' erkl\u00e4rt. Damit lie\u00dfen sich alle Aggressionen und Sanktionen gegen ein europ\u00e4isches Land und dessen Pr\u00e4sidenten, der sich den Machtanspr\u00fcchen der USA widersetzte, vor den\u2026","rel":"","context":"In &quot;Demokratie \u2013 Medien \u2013 Aufkl\u00e4rung&quot;","block_context":{"text":"Demokratie \u2013 Medien \u2013 Aufkl\u00e4rung","link":"https:\/\/www.freidenker.org\/?cat=12"},"img":{"alt_text":"","src":"https:\/\/i0.wp.com\/www.freidenker.org\/fw17\/wp-content\/uploads\/2022\/03\/Collage_Screenshots_russland-hass_800x450-1.jpg?fit=800%2C445&ssl=1&resize=350%2C200","width":350,"height":200,"srcset":"https:\/\/i0.wp.com\/www.freidenker.org\/fw17\/wp-content\/uploads\/2022\/03\/Collage_Screenshots_russland-hass_800x450-1.jpg?fit=800%2C445&ssl=1&resize=350%2C200 1x, https:\/\/i0.wp.com\/www.freidenker.org\/fw17\/wp-content\/uploads\/2022\/03\/Collage_Screenshots_russland-hass_800x450-1.jpg?fit=800%2C445&ssl=1&resize=525%2C300 1.5x, https:\/\/i0.wp.com\/www.freidenker.org\/fw17\/wp-content\/uploads\/2022\/03\/Collage_Screenshots_russland-hass_800x450-1.jpg?fit=800%2C445&ssl=1&resize=700%2C400 2x"},"classes":[]},{"id":15049,"url":"https:\/\/www.freidenker.org\/?p=15049","url_meta":{"origin":20148,"position":4},"title":"Hinterh\u00e4ltige Strategie Washingtons und Londons: Deutschland Speerspitze gegen Russland","author":"Webredaktion","date":"24. Januar 2023","format":false,"excerpt":"Interview der Moskauer Nachrichtenagentur Rossija Segodnja mit Wolfgang Bittner Rossija Segodnja: Herr Bittner, soeben ist Ihr neues Buch \u201eAusnahmezustand \u2013 Geopolitische Einsichten und Analysen unter Ber\u00fccksichtigung des Ukraine-Konflikts\u201c erschienen. Warum dient Deutschland, wie es in der Verlagsinformation hei\u00dft, als Speerspitze gegen Russland, was auch auf den Krieg in der Ukraine\u2026","rel":"","context":"In &quot;Frieden - Antifaschismus - Solidarit\u00e4t&quot;","block_context":{"text":"Frieden - Antifaschismus - Solidarit\u00e4t","link":"https:\/\/www.freidenker.org\/?cat=13"},"img":{"alt_text":"","src":"https:\/\/i0.wp.com\/www.freidenker.org\/fw17\/wp-content\/uploads\/2023\/01\/Rossija_sewodnja_Moskau_800x450.jpg?fit=800%2C450&ssl=1&resize=350%2C200","width":350,"height":200,"srcset":"https:\/\/i0.wp.com\/www.freidenker.org\/fw17\/wp-content\/uploads\/2023\/01\/Rossija_sewodnja_Moskau_800x450.jpg?fit=800%2C450&ssl=1&resize=350%2C200 1x, https:\/\/i0.wp.com\/www.freidenker.org\/fw17\/wp-content\/uploads\/2023\/01\/Rossija_sewodnja_Moskau_800x450.jpg?fit=800%2C450&ssl=1&resize=525%2C300 1.5x, https:\/\/i0.wp.com\/www.freidenker.org\/fw17\/wp-content\/uploads\/2023\/01\/Rossija_sewodnja_Moskau_800x450.jpg?fit=800%2C450&ssl=1&resize=700%2C400 2x"},"classes":[]},{"id":19922,"url":"https:\/\/www.freidenker.org\/?p=19922","url_meta":{"origin":20148,"position":5},"title":"Offener Brief an den Pr\u00e4sidenten der Vereinigten Staaten Joe Biden","author":"Webredaktion","date":"27. September 2024","format":false,"excerpt":"Offener Brief von Wolfgang Effenberger und Dr. Amir Mortasawi (25. September 2024) Sehr geehrter Herr Pr\u00e4sident! Wir sind gespannt auf Ihren f\u00fcr den 10. Oktober 2024 geplanten Besuch in Deutschland und hoffen inst\u00e4ndig, dass Sie mit 81 Jahren, nach Ihrer \u00fcber 50-j\u00e4hrigen politischen T\u00e4tigkeit und am Ende Ihrer Amtszeit als\u2026","rel":"","context":"In &quot;Demokratie \u2013 Medien \u2013 Aufkl\u00e4rung&quot;","block_context":{"text":"Demokratie \u2013 Medien \u2013 Aufkl\u00e4rung","link":"https:\/\/www.freidenker.org\/?cat=12"},"img":{"alt_text":"","src":"https:\/\/i0.wp.com\/www.freidenker.org\/fw17\/wp-content\/uploads\/2024\/09\/biden_P20240919AS-0842_800x450.jpg?fit=800%2C450&ssl=1&resize=350%2C200","width":350,"height":200,"srcset":"https:\/\/i0.wp.com\/www.freidenker.org\/fw17\/wp-content\/uploads\/2024\/09\/biden_P20240919AS-0842_800x450.jpg?fit=800%2C450&ssl=1&resize=350%2C200 1x, https:\/\/i0.wp.com\/www.freidenker.org\/fw17\/wp-content\/uploads\/2024\/09\/biden_P20240919AS-0842_800x450.jpg?fit=800%2C450&ssl=1&resize=525%2C300 1.5x, https:\/\/i0.wp.com\/www.freidenker.org\/fw17\/wp-content\/uploads\/2024\/09\/biden_P20240919AS-0842_800x450.jpg?fit=800%2C450&ssl=1&resize=700%2C400 2x"},"classes":[]}],"_links":{"self":[{"href":"https:\/\/www.freidenker.org\/index.php?rest_route=\/wp\/v2\/posts\/20148","targetHints":{"allow":["GET"]}}],"collection":[{"href":"https:\/\/www.freidenker.org\/index.php?rest_route=\/wp\/v2\/posts"}],"about":[{"href":"https:\/\/www.freidenker.org\/index.php?rest_route=\/wp\/v2\/types\/post"}],"author":[{"embeddable":true,"href":"https:\/\/www.freidenker.org\/index.php?rest_route=\/wp\/v2\/users\/3"}],"replies":[{"embeddable":true,"href":"https:\/\/www.freidenker.org\/index.php?rest_route=%2Fwp%2Fv2%2Fcomments&post=20148"}],"version-history":[{"count":0,"href":"https:\/\/www.freidenker.org\/index.php?rest_route=\/wp\/v2\/posts\/20148\/revisions"}],"wp:featuredmedia":[{"embeddable":true,"href":"https:\/\/www.freidenker.org\/index.php?rest_route=\/wp\/v2\/media\/20150"}],"wp:attachment":[{"href":"https:\/\/www.freidenker.org\/index.php?rest_route=%2Fwp%2Fv2%2Fmedia&parent=20148"}],"wp:term":[{"taxonomy":"category","embeddable":true,"href":"https:\/\/www.freidenker.org\/index.php?rest_route=%2Fwp%2Fv2%2Fcategories&post=20148"},{"taxonomy":"post_tag","embeddable":true,"href":"https:\/\/www.freidenker.org\/index.php?rest_route=%2Fwp%2Fv2%2Ftags&post=20148"}],"curies":[{"name":"wp","href":"https:\/\/api.w.org\/{rel}","templated":true}]}}