{"id":20117,"date":"2024-10-18T22:44:31","date_gmt":"2024-10-18T20:44:31","guid":{"rendered":"https:\/\/www.freidenker.org\/?p=20117"},"modified":"2024-11-17T16:04:23","modified_gmt":"2024-11-17T15:04:23","slug":"arnold-schoelzel-medien-in-krisen-und-kriegszeiten","status":"publish","type":"post","link":"https:\/\/www.freidenker.org\/?p=20117","title":{"rendered":"Arnold Sch\u00f6lzel: Medien in Krisen- und Kriegszeiten"},"content":{"rendered":"<h4><strong>Wie Propaganda und Zensur Demokratie und Gesellschaft zerst\u00f6ren <\/strong><\/h4>\n<p><strong>Freitag 15.11.2024, 19 Uhr<br \/>\n<\/strong><strong>EineWeltHaus M\u00fcnchen, Gro\u00dfer Saal<\/strong><br \/>\nSchwanthalerstr. 80, 80336 M\u00fcnchen<\/p>\n<p>\u201e<em>Pressefreiheit ist die Freiheit von zweihundert reichen Leuten, ihre Meinung zu verbreiten.<\/em>\u201c Paul Sethe<\/p>\n<p>\u201e<em>Um die \u00d6ffentlichkeit zu beherrschen, m\u00fcssen Gegenstimmen marginalisiert, delegitimiert oder ganz aus dem Sichtfeld der Bev\u00f6lkerung verbannt werden.<\/em>\u201c Michael Meyen<\/p>\n<p>Die deutsche Debatte \u00fcber den Ukrainekrieg ist einseitig gepr\u00e4gt von Kriegsbef\u00fcrwortung und -propaganda, Waffenlieferungen, Feindbilddenken und Russenfurcht. Ein offener Diskurs, der unterschiedliche Auffassungen gleichberichtigt zur Sprache bringen w\u00fcrde, findet nicht statt. In den gro\u00dfen Zeitungen, in Rundfunk und Fernsehen, sind kaum Positionen vertreten, die dem Mainstream widersprechen.<\/p>\n<p>Den alten wie neuen Kalten Kriegern geht es um eine Militarisierung der Gesellschaft. Die Medien spielen hier eine entscheidende Rolle.<\/p>\n<p><strong>Arnold Sch\u00f6lzel <\/strong>ist Buchautor und Journalist. Er war lange Jahre Chefredakteur der Tageszeitung junge Welt und der Monatsschrift Rotfuchs.<\/p>\n<p>Veranstalter:<\/p>\n<table style=\"border-collapse: collapse; width: 100%;\">\n<tbody>\n<tr style=\"border-style: none;\">\n<td style=\"width: 683px; border-style: none;\"><img data-recalc-dims=\"1\" loading=\"lazy\" decoding=\"async\" data-attachment-id=\"20129\" data-permalink=\"https:\/\/www.freidenker.org\/?attachment_id=20129\" data-orig-file=\"https:\/\/i0.wp.com\/www.freidenker.org\/fw17\/wp-content\/uploads\/2024\/10\/jw_leserinitiative.jpg?fit=135%2C78&amp;ssl=1\" data-orig-size=\"135,78\" data-comments-opened=\"0\" data-image-meta=\"{&quot;aperture&quot;:&quot;0&quot;,&quot;credit&quot;:&quot;&quot;,&quot;camera&quot;:&quot;&quot;,&quot;caption&quot;:&quot;&quot;,&quot;created_timestamp&quot;:&quot;0&quot;,&quot;copyright&quot;:&quot;&quot;,&quot;focal_length&quot;:&quot;0&quot;,&quot;iso&quot;:&quot;0&quot;,&quot;shutter_speed&quot;:&quot;0&quot;,&quot;title&quot;:&quot;&quot;,&quot;orientation&quot;:&quot;1&quot;}\" data-image-title=\"jw_leserinitiative\" data-image-description=\"\" data-image-caption=\"\" data-large-file=\"https:\/\/i0.wp.com\/www.freidenker.org\/fw17\/wp-content\/uploads\/2024\/10\/jw_leserinitiative.jpg?fit=135%2C78&amp;ssl=1\" class=\"alignnone wp-image-20129 size-full\" src=\"https:\/\/i0.wp.com\/www.freidenker.org\/fw17\/wp-content\/uploads\/2024\/10\/jw_leserinitiative.jpg?resize=135%2C78&#038;ssl=1\" alt=\"\" width=\"135\" height=\"78\" \/><\/td>\n<td style=\"width: 683px; border-style: none;\"><img data-recalc-dims=\"1\" loading=\"lazy\" decoding=\"async\" data-attachment-id=\"17092\" data-permalink=\"https:\/\/www.freidenker.org\/?attachment_id=17092\" data-orig-file=\"https:\/\/i0.wp.com\/www.freidenker.org\/fw17\/wp-content\/uploads\/2023\/09\/Logo_Freidenker_Muenchen.jpg?fit=544%2C145&amp;ssl=1\" data-orig-size=\"544,145\" data-comments-opened=\"0\" data-image-meta=\"{&quot;aperture&quot;:&quot;0&quot;,&quot;credit&quot;:&quot;&quot;,&quot;camera&quot;:&quot;&quot;,&quot;caption&quot;:&quot;&quot;,&quot;created_timestamp&quot;:&quot;0&quot;,&quot;copyright&quot;:&quot;&quot;,&quot;focal_length&quot;:&quot;0&quot;,&quot;iso&quot;:&quot;0&quot;,&quot;shutter_speed&quot;:&quot;0&quot;,&quot;title&quot;:&quot;&quot;,&quot;orientation&quot;:&quot;1&quot;}\" data-image-title=\"Logo_Freidenker_M\u00fcnchen\" data-image-description=\"\" data-image-caption=\"\" data-large-file=\"https:\/\/i0.wp.com\/www.freidenker.org\/fw17\/wp-content\/uploads\/2023\/09\/Logo_Freidenker_Muenchen.jpg?fit=544%2C145&amp;ssl=1\" class=\"alignnone wp-image-17092 size-medium\" src=\"https:\/\/i0.wp.com\/www.freidenker.org\/fw17\/wp-content\/uploads\/2023\/09\/Logo_Freidenker_Muenchen.jpg?resize=300%2C80&#038;ssl=1\" alt=\"\" width=\"300\" height=\"80\" srcset=\"https:\/\/i0.wp.com\/www.freidenker.org\/fw17\/wp-content\/uploads\/2023\/09\/Logo_Freidenker_Muenchen.jpg?resize=300%2C80&amp;ssl=1 300w, https:\/\/i0.wp.com\/www.freidenker.org\/fw17\/wp-content\/uploads\/2023\/09\/Logo_Freidenker_Muenchen.jpg?w=544&amp;ssl=1 544w\" sizes=\"auto, (max-width: 300px) 100vw, 300px\" \/><\/td>\n<\/tr>\n<tr>\n<td style=\"width: 683px; border-style: none;\">Junge Welt Leserinitiative M\u00fcnchen<\/td>\n<td style=\"width: 683px; border-style: none;\">M\u00fcnchner Freidenker Verband e.V.<\/td>\n<\/tr>\n<\/tbody>\n<\/table>\n<p>&nbsp;<\/p>\n<hr \/>\n<h4>Download<\/h4>\n<p><img data-recalc-dims=\"1\" loading=\"lazy\" decoding=\"async\" data-attachment-id=\"1076\" data-permalink=\"https:\/\/www.freidenker.org\/?attachment_id=1076\" data-orig-file=\"https:\/\/i0.wp.com\/www.freidenker.org\/fw17\/wp-content\/uploads\/2017\/10\/pdf_icon-2.png?fit=32%2C32&amp;ssl=1\" data-orig-size=\"32,32\" data-comments-opened=\"0\" data-image-meta=\"{&quot;aperture&quot;:&quot;0&quot;,&quot;credit&quot;:&quot;&quot;,&quot;camera&quot;:&quot;&quot;,&quot;caption&quot;:&quot;&quot;,&quot;created_timestamp&quot;:&quot;0&quot;,&quot;copyright&quot;:&quot;&quot;,&quot;focal_length&quot;:&quot;0&quot;,&quot;iso&quot;:&quot;0&quot;,&quot;shutter_speed&quot;:&quot;0&quot;,&quot;title&quot;:&quot;&quot;,&quot;orientation&quot;:&quot;0&quot;}\" data-image-title=\"pdf_icon\" data-image-description=\"\" data-image-caption=\"\" data-large-file=\"https:\/\/i0.wp.com\/www.freidenker.org\/fw17\/wp-content\/uploads\/2017\/10\/pdf_icon-2.png?fit=32%2C32&amp;ssl=1\" class=\"alignnone size-full wp-image-1076\" src=\"https:\/\/i0.wp.com\/www.freidenker.org\/fw17\/wp-content\/uploads\/2017\/10\/pdf_icon-2.png?resize=32%2C32&#038;ssl=1\" alt=\"\" width=\"32\" height=\"32\" \/> <a href=\"https:\/\/www.freidenker.org\/fw17\/wp-content\/uploads\/2024\/10\/Schoelzel-Ankuendigung_jw.pdf\" target=\"_blank\" rel=\"noopener\">Flyer zur Veranstaltung<\/a> (PDF-Dokument, ca. 218 KB)<\/p>\n<hr \/>\n<p><span style=\"font-size: 10pt;\">Bild oben: Veranstaltungsplakat, gestaltet von Reinhold Brunner\u00a0unter Verwendung eines Fotos von Martin Singe<\/span><\/p>\n","protected":false},"excerpt":{"rendered":"<p><b>Wie Propaganda und Zensur Demokratie und Gesellschaft zerst\u00f6ren<\/b><br \/>\nFreitag 15.11.2024, 19 Uhr, EineWeltHaus M\u00fcnchen, Gro\u00dfer Saal, Schwanthalerstr. 80, 80336 M\u00fcnchen<br \/>\nDie deutsche Debatte \u00fcber den Ukrainekrieg ist einseitig gepr\u00e4gt von Kriegsbef\u00fcrwortung und -propaganda, Waffenlieferungen, Feindbild-denken und Russenfurcht. Ein offener Diskurs, der unterschiedliche Auffassungen gleichberichtigt zur Sprache bringen w\u00fcrde, findet nicht statt. In den gro\u00dfen Zeitungen, in Rundfunk und Fernsehen, sind kaum Positionen vertreten, die dem Mainstream widersprechen. Den alten wie neuen Kalten Kriegern geht es um eine Militarisierung der Gesellschaft. Die Medien spielen hier eine entscheidende Rolle.<\/p>\n","protected":false},"author":3,"featured_media":20118,"comment_status":"closed","ping_status":"closed","sticky":false,"template":"","format":"standard","meta":{"colormag_page_container_layout":"default_layout","colormag_page_sidebar_layout":"default_layout","advanced_seo_description":"","jetpack_seo_html_title":"","jetpack_seo_noindex":false,"jetpack_post_was_ever_published":false,"footnotes":""},"categories":[19],"tags":[162,883,1451,121,704,835,596,637,222,1168,1525,527],"class_list":["post-20117","post","type-post","status-publish","format-standard","has-post-thumbnail","hentry","category-veranstaltungen-in-den-dfv-landesverbaenden","tag-demokratie","tag-gesellschaft","tag-lv-bayern","tag-medien","tag-militarisierung","tag-muenchen","tag-pressefreiheit","tag-propaganda","tag-russland","tag-russophobie","tag-waffenlieferungen","tag-zensur"],"jetpack_featured_media_url":"https:\/\/i0.wp.com\/www.freidenker.org\/fw17\/wp-content\/uploads\/2024\/10\/schoelzel_medien_in_krisenzeiten.jpg?fit=800%2C445&ssl=1","jetpack_shortlink":"https:\/\/wp.me\/p9stpK-5et","jetpack-related-posts":[{"id":18732,"url":"https:\/\/www.freidenker.org\/?p=18732","url_meta":{"origin":20117,"position":0},"title":"&#8222;Spiegel&#8220; beklagt Zensur und Einschr\u00e4nkung der Pressefreiheit \u2013 in Israel","author":"Webredaktion","date":"9. April 2024","format":false,"excerpt":"Beitrag von Gert Ewen Ungar \"Wer an die Pressefreiheit glaubt, muss auch abstruse Positionen der anderen aushalten, muss auf den freien Wettstreit der Meinungen vertrauen und hoffen, dass sich das plausibelste Argument am Ende durchsetzt\", schreibt der deutsche Journalist und Dokumentarfilmer Richard C. Schneider im \"Spiegel\".\u00a0Man liest es und reibt\u2026","rel":"","context":"In &quot;Demokratie \u2013 Medien \u2013 Aufkl\u00e4rung&quot;","block_context":{"text":"Demokratie \u2013 Medien \u2013 Aufkl\u00e4rung","link":"https:\/\/www.freidenker.org\/?cat=12"},"img":{"alt_text":"","src":"https:\/\/i0.wp.com\/www.freidenker.org\/fw17\/wp-content\/uploads\/2024\/04\/DER_SPIEGEL05_800x450.jpg?fit=800%2C450&ssl=1&resize=350%2C200","width":350,"height":200,"srcset":"https:\/\/i0.wp.com\/www.freidenker.org\/fw17\/wp-content\/uploads\/2024\/04\/DER_SPIEGEL05_800x450.jpg?fit=800%2C450&ssl=1&resize=350%2C200 1x, https:\/\/i0.wp.com\/www.freidenker.org\/fw17\/wp-content\/uploads\/2024\/04\/DER_SPIEGEL05_800x450.jpg?fit=800%2C450&ssl=1&resize=525%2C300 1.5x, https:\/\/i0.wp.com\/www.freidenker.org\/fw17\/wp-content\/uploads\/2024\/04\/DER_SPIEGEL05_800x450.jpg?fit=800%2C450&ssl=1&resize=700%2C400 2x"},"classes":[]},{"id":19586,"url":"https:\/\/www.freidenker.org\/?p=19586","url_meta":{"origin":20117,"position":1},"title":"Dressierter Journalismus: Wie der Bundeskanzler Fake News streut","author":"Webredaktion","date":"28. Juli 2024","format":false,"excerpt":"Beitrag von Gert Ewen Ungar Die Bundespressekonferenz (BPK) mit Bundeskanzler Olaf Scholz lieferte einen Eindruck davon, welche Auswirkungen Zensur und Einschr\u00e4nkung der Pressefreiheit auf den Journalismus haben. Handzahme, gut domestizierte Journalisten stellten absehbare Fragen, die den Themenkreis, in dem sich der \u00f6ffentliche Diskurs in Deutschland bewegen darf, nicht einen Millimeter\u2026","rel":"","context":"In &quot;Demokratie \u2013 Medien \u2013 Aufkl\u00e4rung&quot;","block_context":{"text":"Demokratie \u2013 Medien \u2013 Aufkl\u00e4rung","link":"https:\/\/www.freidenker.org\/?cat=12"},"img":{"alt_text":"","src":"https:\/\/i0.wp.com\/www.freidenker.org\/fw17\/wp-content\/uploads\/2024\/07\/Sunak_press_conference_with_Scholz_2024.jpg?fit=800%2C450&ssl=1&resize=350%2C200","width":350,"height":200,"srcset":"https:\/\/i0.wp.com\/www.freidenker.org\/fw17\/wp-content\/uploads\/2024\/07\/Sunak_press_conference_with_Scholz_2024.jpg?fit=800%2C450&ssl=1&resize=350%2C200 1x, https:\/\/i0.wp.com\/www.freidenker.org\/fw17\/wp-content\/uploads\/2024\/07\/Sunak_press_conference_with_Scholz_2024.jpg?fit=800%2C450&ssl=1&resize=525%2C300 1.5x, https:\/\/i0.wp.com\/www.freidenker.org\/fw17\/wp-content\/uploads\/2024\/07\/Sunak_press_conference_with_Scholz_2024.jpg?fit=800%2C450&ssl=1&resize=700%2C400 2x"},"classes":[]},{"id":14665,"url":"https:\/\/www.freidenker.org\/?p=14665","url_meta":{"origin":20117,"position":2},"title":"&#8222;Warum stoppt niemand RT DE?&#8220;","author":"Webredaktion","date":"15. November 2022","format":false,"excerpt":"Beitrag von Gert Ewen Ungar Mit dem\u00a0der als Dokumentation getarnten Propagandasendung \"Russlands deutsche Propagandakrieger\" l\u00e4utet das ZDF die n\u00e4chste Runde im Kampf gegen russische Medien, vor allem aber gegen eine ausgewogene Berichterstattung und Diskussion zum Themenkomplex Ukraine-Konflikt ein.\u00a0Es ist ein weiterer Schritt in Richtung einer bereitwilligen Preisgabe grundlegender journalistischer Standards\u2026","rel":"","context":"In &quot;Demokratie \u2013 Medien \u2013 Aufkl\u00e4rung&quot;","block_context":{"text":"Demokratie \u2013 Medien \u2013 Aufkl\u00e4rung","link":"https:\/\/www.freidenker.org\/?cat=12"},"img":{"alt_text":"","src":"https:\/\/i0.wp.com\/www.freidenker.org\/fw17\/wp-content\/uploads\/2022\/11\/Lampe_-Russia_Today_800x450.jpg?fit=800%2C450&ssl=1&resize=350%2C200","width":350,"height":200,"srcset":"https:\/\/i0.wp.com\/www.freidenker.org\/fw17\/wp-content\/uploads\/2022\/11\/Lampe_-Russia_Today_800x450.jpg?fit=800%2C450&ssl=1&resize=350%2C200 1x, https:\/\/i0.wp.com\/www.freidenker.org\/fw17\/wp-content\/uploads\/2022\/11\/Lampe_-Russia_Today_800x450.jpg?fit=800%2C450&ssl=1&resize=525%2C300 1.5x, https:\/\/i0.wp.com\/www.freidenker.org\/fw17\/wp-content\/uploads\/2022\/11\/Lampe_-Russia_Today_800x450.jpg?fit=800%2C450&ssl=1&resize=700%2C400 2x"},"classes":[]},{"id":18021,"url":"https:\/\/www.freidenker.org\/?p=18021","url_meta":{"origin":20117,"position":3},"title":"Komisches Deutschland: Rechte Demonstrationen &#8222;gegen rechts&#8220;","author":"Webredaktion","date":"27. Januar 2024","format":false,"excerpt":"Beitrag von Gert Ewen Ungar Wenn man wissen m\u00f6chte, wes Geistes Kind die Bundesregierung und die deutsche Gesellschaft als Ganzes sind, empfiehlt sich ein Blick darauf, wie Deutschland aus dem Ausland wahrgenommen wird. Dieser Blick von au\u00dfen l\u00e4sst sich aktuell recht knackig zusammenfassen. Deutschland unterst\u00fctzt den V\u00f6lkermord Israels an den\u2026","rel":"","context":"In &quot;Demokratie \u2013 Medien \u2013 Aufkl\u00e4rung&quot;","block_context":{"text":"Demokratie \u2013 Medien \u2013 Aufkl\u00e4rung","link":"https:\/\/www.freidenker.org\/?cat=12"},"img":{"alt_text":"","src":"https:\/\/i0.wp.com\/www.freidenker.org\/fw17\/wp-content\/uploads\/2024\/01\/Demokratie_verteidigen_Berlin_2023-01-21_16_800x450.jpg?fit=800%2C450&ssl=1&resize=350%2C200","width":350,"height":200,"srcset":"https:\/\/i0.wp.com\/www.freidenker.org\/fw17\/wp-content\/uploads\/2024\/01\/Demokratie_verteidigen_Berlin_2023-01-21_16_800x450.jpg?fit=800%2C450&ssl=1&resize=350%2C200 1x, https:\/\/i0.wp.com\/www.freidenker.org\/fw17\/wp-content\/uploads\/2024\/01\/Demokratie_verteidigen_Berlin_2023-01-21_16_800x450.jpg?fit=800%2C450&ssl=1&resize=525%2C300 1.5x, https:\/\/i0.wp.com\/www.freidenker.org\/fw17\/wp-content\/uploads\/2024\/01\/Demokratie_verteidigen_Berlin_2023-01-21_16_800x450.jpg?fit=800%2C450&ssl=1&resize=700%2C400 2x"},"classes":[]},{"id":24364,"url":"https:\/\/www.freidenker.org\/?p=24364","url_meta":{"origin":20117,"position":4},"title":"14.02.2026 M\u00fcnchen: Den Frieden gewinnen, nicht den Krieg","author":"Webredaktion","date":"6. Februar 2026","format":false,"excerpt":"Aufruf zur Protestdemo gegen die \"M\u00fcnchner Sicherheitskonferenz\" 2026 Wir protestieren gegen den NATO-Kriegsrat, euphemistisch \u201eSicherheitskonferenz\u201c genannt, der vom 13. bis 15. Februar 2026 in M\u00fcnchen tagt. Am Samstag den 14. Februar tragen wir unseren Protest in M\u00fcnchen auf die Stra\u00dfe. Wer den Frieden will, muss den Kriegsministern laut und deutlich\u2026","rel":"","context":"In &quot;Frieden - Antifaschismus - Solidarit\u00e4t&quot;","block_context":{"text":"Frieden - Antifaschismus - Solidarit\u00e4t","link":"https:\/\/www.freidenker.org\/?cat=13"},"img":{"alt_text":"","src":"https:\/\/i0.wp.com\/www.freidenker.org\/fw17\/wp-content\/uploads\/2026\/02\/Siko_Muenchen_2026_1600x900.jpg?fit=1200%2C674&ssl=1&resize=350%2C200","width":350,"height":200,"srcset":"https:\/\/i0.wp.com\/www.freidenker.org\/fw17\/wp-content\/uploads\/2026\/02\/Siko_Muenchen_2026_1600x900.jpg?fit=1200%2C674&ssl=1&resize=350%2C200 1x, https:\/\/i0.wp.com\/www.freidenker.org\/fw17\/wp-content\/uploads\/2026\/02\/Siko_Muenchen_2026_1600x900.jpg?fit=1200%2C674&ssl=1&resize=525%2C300 1.5x, https:\/\/i0.wp.com\/www.freidenker.org\/fw17\/wp-content\/uploads\/2026\/02\/Siko_Muenchen_2026_1600x900.jpg?fit=1200%2C674&ssl=1&resize=700%2C400 2x, https:\/\/i0.wp.com\/www.freidenker.org\/fw17\/wp-content\/uploads\/2026\/02\/Siko_Muenchen_2026_1600x900.jpg?fit=1200%2C674&ssl=1&resize=1050%2C600 3x"},"classes":[]},{"id":19887,"url":"https:\/\/www.freidenker.org\/?p=19887","url_meta":{"origin":20117,"position":5},"title":"Zensur von RT: Ende der liberalen Demokratien","author":"Webredaktion","date":"23. September 2024","format":false,"excerpt":"Beitrag von Gert Ewen Ungar\u00a0 In einer konzertierten Aktion versetzt der kollektive Westen unter F\u00fchrung der USA der Presse- und Meinungsfreiheit einen weiteren Schlag. Im Zentrum der Attacke steht erneut\u00a0RT. Nachdem die USA neue Sanktionen gegen den russischen Sender verh\u00e4ngt haben, hat nun auch der eng mit der US-Administration verflochtene\u2026","rel":"","context":"In &quot;Demokratie \u2013 Medien \u2013 Aufkl\u00e4rung&quot;","block_context":{"text":"Demokratie \u2013 Medien \u2013 Aufkl\u00e4rung","link":"https:\/\/www.freidenker.org\/?cat=12"},"img":{"alt_text":"","src":"https:\/\/i0.wp.com\/www.freidenker.org\/fw17\/wp-content\/uploads\/2024\/09\/Secretary_Blinken_Delivers_Remarks_in_the_Press_Briefing_Room_53992799309_800x450.jpg?fit=800%2C450&ssl=1&resize=350%2C200","width":350,"height":200,"srcset":"https:\/\/i0.wp.com\/www.freidenker.org\/fw17\/wp-content\/uploads\/2024\/09\/Secretary_Blinken_Delivers_Remarks_in_the_Press_Briefing_Room_53992799309_800x450.jpg?fit=800%2C450&ssl=1&resize=350%2C200 1x, https:\/\/i0.wp.com\/www.freidenker.org\/fw17\/wp-content\/uploads\/2024\/09\/Secretary_Blinken_Delivers_Remarks_in_the_Press_Briefing_Room_53992799309_800x450.jpg?fit=800%2C450&ssl=1&resize=525%2C300 1.5x, https:\/\/i0.wp.com\/www.freidenker.org\/fw17\/wp-content\/uploads\/2024\/09\/Secretary_Blinken_Delivers_Remarks_in_the_Press_Briefing_Room_53992799309_800x450.jpg?fit=800%2C450&ssl=1&resize=700%2C400 2x"},"classes":[]}],"_links":{"self":[{"href":"https:\/\/www.freidenker.org\/index.php?rest_route=\/wp\/v2\/posts\/20117","targetHints":{"allow":["GET"]}}],"collection":[{"href":"https:\/\/www.freidenker.org\/index.php?rest_route=\/wp\/v2\/posts"}],"about":[{"href":"https:\/\/www.freidenker.org\/index.php?rest_route=\/wp\/v2\/types\/post"}],"author":[{"embeddable":true,"href":"https:\/\/www.freidenker.org\/index.php?rest_route=\/wp\/v2\/users\/3"}],"replies":[{"embeddable":true,"href":"https:\/\/www.freidenker.org\/index.php?rest_route=%2Fwp%2Fv2%2Fcomments&post=20117"}],"version-history":[{"count":0,"href":"https:\/\/www.freidenker.org\/index.php?rest_route=\/wp\/v2\/posts\/20117\/revisions"}],"wp:featuredmedia":[{"embeddable":true,"href":"https:\/\/www.freidenker.org\/index.php?rest_route=\/wp\/v2\/media\/20118"}],"wp:attachment":[{"href":"https:\/\/www.freidenker.org\/index.php?rest_route=%2Fwp%2Fv2%2Fmedia&parent=20117"}],"wp:term":[{"taxonomy":"category","embeddable":true,"href":"https:\/\/www.freidenker.org\/index.php?rest_route=%2Fwp%2Fv2%2Fcategories&post=20117"},{"taxonomy":"post_tag","embeddable":true,"href":"https:\/\/www.freidenker.org\/index.php?rest_route=%2Fwp%2Fv2%2Ftags&post=20117"}],"curies":[{"name":"wp","href":"https:\/\/api.w.org\/{rel}","templated":true}]}}