{"id":20112,"date":"2024-10-18T22:44:24","date_gmt":"2024-10-18T20:44:24","guid":{"rendered":"https:\/\/www.freidenker.org\/?p=20112"},"modified":"2024-11-17T16:04:18","modified_gmt":"2024-11-17T15:04:18","slug":"nicht-mehr-auffindbar-nach-dem-dritten","status":"publish","type":"post","link":"https:\/\/www.freidenker.org\/?p=20112","title":{"rendered":"&#8230;nicht mehr auffindbar nach dem dritten."},"content":{"rendered":"<p>Wir informieren \u00fcber zwei Veranstaltungen mit Gina Pietsch im Landesverband Hessen:<\/p>\n<hr \/>\n<h5>Gina Pietsch:<\/h5>\n<h3>ein Abend gegen Kriege<\/h3>\n<p style=\"padding-left: 40px;\"><strong><em>Das gro\u00dfe Karthago f\u00fchrte drei Kriege. Es war noch m\u00e4chtig nach dem ersten, noch <\/em><\/strong><strong><em>bewohnbar nach dem zweiten. Es war nicht mehr auffindbar nach dem dritten,<\/em><\/strong><\/p>\n<p style=\"padding-left: 40px;\">so Bertolt Brecht.<\/p>\n<p>Und Carl von Ossietzky stellte treffend fest:<\/p>\n<p style=\"padding-left: 40px;\"><strong><em>Ich habe noch niemanden gekannt, der sich zur Stillung seiner Geldgier auf Erhaltung und F\u00f6rderung des Friedens geworfen h\u00e4tte. <\/em><\/strong><\/p>\n<p>Die Warnungen gro\u00dfer Dichter vor Kriegen, Bellizisten und Kriegs\u00adgewinnlern sind brennend aktuell.<\/p>\n<p>Gina Pietsch, am Piano begleitet von Bardo Henning, tr\u00e4gt Anti-Kriegs-Lieder und -Texte vor: von George Brassens, Bertold Brecht, Franz Josef Degenhardt, Paul Dessau, Hanns Eisler, Franz F\u00fchmann, Le\u00f3n Gieco, Robert Gilbert, Gerhard Gundermann, Gerhard Folkerts, Bardo Henning, Else Lasker-Sch\u00fcler, Andr\u00e9 M\u00fcller, Gerd Semmer, Kurt Tucholsky, Frank Viehweg und Hannes Zerbe.<\/p>\n<p>Eintritt: 12 Euro, erm\u00e4\u00dfigt 8 Euro<\/p>\n<p>Samstag, <strong>30. November 2024<\/strong>, 19.00 Uhr<br \/>\n<strong>Saalbau Gutleut<\/strong>,<br \/>\nRottweiler Stra\u00dfe 32, 60327 <strong>Frankfurt am Main<\/strong><\/p>\n<hr \/>\n<h5>Gina Pietsch in<\/h5>\n<h3>Hedy Kiesler Lamarr &#8211; Leben, Labour, Leinwand<\/h3>\n<p>Monodrama von Wilhelm Pellert<br \/>\nBardo Henning am Piano<\/p>\n<p>\u201eJedes M\u00e4dchen kann glamour\u00f6s ausschauen. Alles, was es machen muss, ist stillzustehen und dumm dreinzuschaun.\u201c Diesen Satz von Hedy Lamarr (1914 &#8211; 2000) stellt der \u00f6sterreichische Schriftsteller und Regisseur Wilhelm Pellert ihrer Lebensgeschichte in seinem Monodrama \u201eHedy Kiesler Lamarr\u201c voran. Gina Pietsch und Bardo Henning bringen uns die ber\u00fchmte Schauspielerin und \u201esch\u00f6nste Frau des Jahrhunderts\u201c, die Erfinderin der Frequenzsprungtechnik und Antifaschistin nahe.<\/p>\n<p>Eintritt: 12 Euro, erm\u00e4\u00dfigt 8 Euro<\/p>\n<p>Sonntag, <strong>1.Dezember 2024,<\/strong> 19.00 Uhr<br \/>\n<span style=\"color: #ff0000;\">Achtung! Neuer Veranstaltungsort<\/span><br \/>\n<span style=\"color: #ff0000;\"><strong>Theater im P\u00e4dagog (TIP)<\/strong><\/span><br \/>\nP\u00e4dagogstra\u00dfe 5, 64283 <strong>Darmstadt<br \/>\n<\/strong><\/p>\n<hr \/>\n<p><em>Veranstalter:<\/em><\/p>\n<table style=\"border-collapse: collapse; width: 100%;\">\n<tbody>\n<tr style=\"border-style: none;\">\n<td style=\"width: 33.3333%; border-style: none;\"><img data-recalc-dims=\"1\" loading=\"lazy\" decoding=\"async\" data-attachment-id=\"17074\" data-permalink=\"https:\/\/www.freidenker.org\/?attachment_id=17074\" data-orig-file=\"https:\/\/i0.wp.com\/www.freidenker.org\/fw17\/wp-content\/uploads\/2023\/09\/logo_freidenker_m.jpg?fit=251%2C73&amp;ssl=1\" data-orig-size=\"251,73\" data-comments-opened=\"0\" data-image-meta=\"{&quot;aperture&quot;:&quot;0&quot;,&quot;credit&quot;:&quot;&quot;,&quot;camera&quot;:&quot;&quot;,&quot;caption&quot;:&quot;&quot;,&quot;created_timestamp&quot;:&quot;0&quot;,&quot;copyright&quot;:&quot;&quot;,&quot;focal_length&quot;:&quot;0&quot;,&quot;iso&quot;:&quot;0&quot;,&quot;shutter_speed&quot;:&quot;0&quot;,&quot;title&quot;:&quot;&quot;,&quot;orientation&quot;:&quot;1&quot;}\" data-image-title=\"logo_freidenker_m\" data-image-description=\"\" data-image-caption=\"\" data-large-file=\"https:\/\/i0.wp.com\/www.freidenker.org\/fw17\/wp-content\/uploads\/2023\/09\/logo_freidenker_m.jpg?fit=251%2C73&amp;ssl=1\" class=\"alignnone wp-image-17074 size-full\" src=\"https:\/\/i0.wp.com\/www.freidenker.org\/fw17\/wp-content\/uploads\/2023\/09\/logo_freidenker_m.jpg?resize=251%2C73&#038;ssl=1\" alt=\"\" width=\"251\" height=\"73\" \/><\/td>\n<td style=\"width: 33.3333%; border-style: none;\"><img data-recalc-dims=\"1\" loading=\"lazy\" decoding=\"async\" data-attachment-id=\"5386\" data-permalink=\"https:\/\/www.freidenker.org\/?attachment_id=5386\" data-orig-file=\"https:\/\/i0.wp.com\/www.freidenker.org\/fw17\/wp-content\/uploads\/2018\/09\/LL_Logo_Arbeiterfotografie.jpg?fit=300%2C94&amp;ssl=1\" data-orig-size=\"300,94\" data-comments-opened=\"0\" data-image-meta=\"{&quot;aperture&quot;:&quot;0&quot;,&quot;credit&quot;:&quot;&quot;,&quot;camera&quot;:&quot;&quot;,&quot;caption&quot;:&quot;&quot;,&quot;created_timestamp&quot;:&quot;0&quot;,&quot;copyright&quot;:&quot;&quot;,&quot;focal_length&quot;:&quot;0&quot;,&quot;iso&quot;:&quot;0&quot;,&quot;shutter_speed&quot;:&quot;0&quot;,&quot;title&quot;:&quot;&quot;,&quot;orientation&quot;:&quot;1&quot;}\" data-image-title=\"LL_Logo_Arbeiterfotografie\" data-image-description=\"\" data-image-caption=\"\" data-large-file=\"https:\/\/i0.wp.com\/www.freidenker.org\/fw17\/wp-content\/uploads\/2018\/09\/LL_Logo_Arbeiterfotografie.jpg?fit=300%2C94&amp;ssl=1\" class=\"alignnone size-thumbnail wp-image-5386\" src=\"https:\/\/i0.wp.com\/www.freidenker.org\/fw17\/wp-content\/uploads\/2018\/09\/LL_Logo_Arbeiterfotografie.jpg?resize=150%2C94&#038;ssl=1\" alt=\"\" width=\"150\" height=\"94\" srcset=\"https:\/\/i0.wp.com\/www.freidenker.org\/fw17\/wp-content\/uploads\/2018\/09\/LL_Logo_Arbeiterfotografie.jpg?resize=150%2C94&amp;ssl=1 150w, https:\/\/i0.wp.com\/www.freidenker.org\/fw17\/wp-content\/uploads\/2018\/09\/LL_Logo_Arbeiterfotografie.jpg?zoom=2&amp;resize=150%2C94&amp;ssl=1 300w\" sizes=\"auto, (max-width: 150px) 100vw, 150px\" \/><\/td>\n<td style=\"width: 33.3333%; border-style: none;\"><img data-recalc-dims=\"1\" loading=\"lazy\" decoding=\"async\" data-attachment-id=\"20133\" data-permalink=\"https:\/\/www.freidenker.org\/?attachment_id=20133\" data-orig-file=\"https:\/\/i0.wp.com\/www.freidenker.org\/fw17\/wp-content\/uploads\/2024\/10\/DKP_Logo.png?fit=286%2C181&amp;ssl=1\" data-orig-size=\"286,181\" data-comments-opened=\"0\" data-image-meta=\"{&quot;aperture&quot;:&quot;0&quot;,&quot;credit&quot;:&quot;&quot;,&quot;camera&quot;:&quot;&quot;,&quot;caption&quot;:&quot;&quot;,&quot;created_timestamp&quot;:&quot;0&quot;,&quot;copyright&quot;:&quot;&quot;,&quot;focal_length&quot;:&quot;0&quot;,&quot;iso&quot;:&quot;0&quot;,&quot;shutter_speed&quot;:&quot;0&quot;,&quot;title&quot;:&quot;&quot;,&quot;orientation&quot;:&quot;0&quot;}\" data-image-title=\"DKP_Logo\" data-image-description=\"\" data-image-caption=\"\" data-large-file=\"https:\/\/i0.wp.com\/www.freidenker.org\/fw17\/wp-content\/uploads\/2024\/10\/DKP_Logo.png?fit=286%2C181&amp;ssl=1\" class=\"alignnone wp-image-20133\" src=\"https:\/\/i0.wp.com\/www.freidenker.org\/fw17\/wp-content\/uploads\/2024\/10\/DKP_Logo.png?resize=134%2C85&#038;ssl=1\" alt=\"\" width=\"134\" height=\"85\" \/><\/td>\n<\/tr>\n<tr style=\"border-style: none;\">\n<td style=\"width: 33.3333%; border-style: none;\"><\/td>\n<td style=\"width: 33.3333%; border-style: none;\"><\/td>\n<td style=\"width: 33.3333%; border-style: none;\"><\/td>\n<\/tr>\n<\/tbody>\n<\/table>\n<hr \/>\n<h4>Download<\/h4>\n<p><img data-recalc-dims=\"1\" loading=\"lazy\" decoding=\"async\" data-attachment-id=\"1076\" data-permalink=\"https:\/\/www.freidenker.org\/?attachment_id=1076\" data-orig-file=\"https:\/\/i0.wp.com\/www.freidenker.org\/fw17\/wp-content\/uploads\/2017\/10\/pdf_icon-2.png?fit=32%2C32&amp;ssl=1\" data-orig-size=\"32,32\" data-comments-opened=\"0\" data-image-meta=\"{&quot;aperture&quot;:&quot;0&quot;,&quot;credit&quot;:&quot;&quot;,&quot;camera&quot;:&quot;&quot;,&quot;caption&quot;:&quot;&quot;,&quot;created_timestamp&quot;:&quot;0&quot;,&quot;copyright&quot;:&quot;&quot;,&quot;focal_length&quot;:&quot;0&quot;,&quot;iso&quot;:&quot;0&quot;,&quot;shutter_speed&quot;:&quot;0&quot;,&quot;title&quot;:&quot;&quot;,&quot;orientation&quot;:&quot;0&quot;}\" data-image-title=\"pdf_icon\" data-image-description=\"\" data-image-caption=\"\" data-large-file=\"https:\/\/i0.wp.com\/www.freidenker.org\/fw17\/wp-content\/uploads\/2017\/10\/pdf_icon-2.png?fit=32%2C32&amp;ssl=1\" class=\"alignnone size-full wp-image-1076\" src=\"https:\/\/i0.wp.com\/www.freidenker.org\/fw17\/wp-content\/uploads\/2017\/10\/pdf_icon-2.png?resize=32%2C32&#038;ssl=1\" alt=\"\" width=\"32\" height=\"32\" \/> <a href=\"https:\/\/www.freidenker.org\/fw17\/wp-content\/uploads\/2024\/10\/241130-LVHe-FlyerPietsch_v03.pdf\" target=\"_blank\" rel=\"noopener\">Flyer zu den Veranstaltungen<\/a>\u00a0(2 Seiten A5, PDF-Dokument, ca. 381 KB)<\/p>\n<p><img data-recalc-dims=\"1\" loading=\"lazy\" decoding=\"async\" data-attachment-id=\"1076\" data-permalink=\"https:\/\/www.freidenker.org\/?attachment_id=1076\" data-orig-file=\"https:\/\/i0.wp.com\/www.freidenker.org\/fw17\/wp-content\/uploads\/2017\/10\/pdf_icon-2.png?fit=32%2C32&amp;ssl=1\" data-orig-size=\"32,32\" data-comments-opened=\"0\" data-image-meta=\"{&quot;aperture&quot;:&quot;0&quot;,&quot;credit&quot;:&quot;&quot;,&quot;camera&quot;:&quot;&quot;,&quot;caption&quot;:&quot;&quot;,&quot;created_timestamp&quot;:&quot;0&quot;,&quot;copyright&quot;:&quot;&quot;,&quot;focal_length&quot;:&quot;0&quot;,&quot;iso&quot;:&quot;0&quot;,&quot;shutter_speed&quot;:&quot;0&quot;,&quot;title&quot;:&quot;&quot;,&quot;orientation&quot;:&quot;0&quot;}\" data-image-title=\"pdf_icon\" data-image-description=\"\" data-image-caption=\"\" data-large-file=\"https:\/\/i0.wp.com\/www.freidenker.org\/fw17\/wp-content\/uploads\/2017\/10\/pdf_icon-2.png?fit=32%2C32&amp;ssl=1\" class=\"alignnone size-full wp-image-1076\" src=\"https:\/\/i0.wp.com\/www.freidenker.org\/fw17\/wp-content\/uploads\/2017\/10\/pdf_icon-2.png?resize=32%2C32&#038;ssl=1\" alt=\"\" width=\"32\" height=\"32\" \/> <a href=\"https:\/\/www.freidenker.org\/fw17\/wp-content\/uploads\/2024\/10\/241130-LVHe-FlyerPietsch_v03_2xA4.pdf\" target=\"_blank\" rel=\"noopener\">Flyer zu den Veranstaltungen doppelt<\/a> (2 Seiten A4, Vor- und R\u00fcckseite sind identisch. Durch Ausdruck im Format A4 doppelseitig (\u00fcber kurze Seite drehen), erh\u00e4lt man durch Zerschneiden pro Blatt zwei Flugbl\u00e4tter A5. PDF-Dokument, ca. 648 KB)<\/p>\n<hr \/>\n<p><span style=\"font-size: 10pt;\">Bild oben:<\/span><\/p>\n<p><span style=\"font-size: 10pt;\">links oben: Gina Pietsch, Foto: n.n.<\/span><br \/>\n<span style=\"font-size: 10pt;\">links unten: Bardo Henning, Foto: n.n.<\/span><br \/>\n<span style=\"font-size: 10pt;\">rechts: Veranstaltungsplakat von Gina Pietsch<\/span><\/p>\n","protected":false},"excerpt":{"rendered":"<p><b>Gina Pietsch: ein Abend gegen Kriege<\/b><br \/>\nSamstag, 30. November 2024, 19.00 Uhr, Saalbau Gutleut, Frankfurt am Main<br \/>\nDie Warnungen gro\u00dfer Dichter vor Kriegen, Bellizisten und Kriegs\u00adgewinnlern sind brennend aktuell. Gina Pietsch, am Piano begleitet von Bardo Henning, tr\u00e4gt Anti-Kriegs-Lieder und -Texte vor: von George Brassens, Bertold Brecht, Franz Josef Degenhardt, Paul Dessau, Hanns Eisler, Franz F\u00fchmann, Le\u00f3n Gieco, Robert Gilbert, Gerhard Gundermann, Gerhard Folkerts, Bardo Henning, Else Lasker-Sch\u00fcler, Andr\u00e9 M\u00fcller, Gerd Semmer, Kurt Tucholsky, Frank Viehweg und Hannes Zerbe.<br \/>\n<b>Gina Pietsch in: Hedy Kiesler Lamarr &#8211; Leben, Labour, Leinwand<\/b> Monodrama von Wilhelm Pellert<br \/>\nSonntag, 1.Dezember 2024, 19.00 Uhr, Theater im P\u00e4dagog (TIP), Darmstadt<br \/>\n\u201eJedes M\u00e4dchen kann glamour\u00f6s ausschauen. Alles, was es machen muss, ist stillzustehen und dumm dreinzuschaun.\u201c Diesen Satz von Hedy Lamarr (1914 &#8211; 2000) stellt der \u00f6sterreichische Schriftsteller und Regisseur Wilhelm Pellert ihrer Lebensgeschichte in seinem Monodrama \u201eHedy Kiesler Lamarr\u201c voran. Gina Pietsch und Bardo Henning bringen uns die ber\u00fchmte Schauspielerin und \u201esch\u00f6nste Frau des Jahrhunderts\u201c, die Erfinderin der Frequenzsprungtechnik und Antifaschistin nahe.<\/p>\n","protected":false},"author":3,"featured_media":20127,"comment_status":"closed","ping_status":"closed","sticky":false,"template":"","format":"standard","meta":{"colormag_page_container_layout":"default_layout","colormag_page_sidebar_layout":"default_layout","advanced_seo_description":"","jetpack_seo_html_title":"","jetpack_seo_noindex":false,"jetpack_post_was_ever_published":false,"footnotes":""},"categories":[19],"tags":[370,2183,1190,335,1147,188,407,1067,939,1050,2363],"class_list":["post-20112","post","type-post","status-publish","format-standard","has-post-thumbnail","hentry","category-veranstaltungen-in-den-dfv-landesverbaenden","tag-antifaschismus","tag-bellizismus","tag-bertolt-brecht","tag-frieden","tag-hanns-eisler","tag-krieg","tag-kunst","tag-lv-hessen","tag-musik","tag-veranstaltung","tag-warnung"],"jetpack_featured_media_url":"https:\/\/i0.wp.com\/www.freidenker.org\/fw17\/wp-content\/uploads\/2024\/10\/pietsch_henning_kiesler_800x450.jpg?fit=800%2C450&ssl=1","jetpack_shortlink":"https:\/\/wp.me\/p9stpK-5eo","jetpack-related-posts":[{"id":5317,"url":"https:\/\/www.freidenker.org\/?p=5317","url_meta":{"origin":20112,"position":0},"title":"12.08.2018 &#8211; Karl Marx Seiner N\u00fctzlichkeit wegen","author":"Webredaktion","date":"9. August 2018","format":false,"excerpt":"12.08.2018, 19:30 Uhr in Darmstadt - eine Veranstaltung des DFV Hessen, der ARBEITERFOTOGRAFIE, der DKP und der LINKEN KV Darmstadt Als Marx 1871 \u201eDer B\u00fcrgerkrieg in Frankreich\u201d schrieb, war die Reaktion darauf so, dass er sagen konnte: \u201eIch habe die Ehre, in diesem Moment der bestverleumdete und der meistbedrohte Mann\u2026","rel":"","context":"In &quot;Kultur &amp; Kunst&quot;","block_context":{"text":"Kultur &amp; Kunst","link":"https:\/\/www.freidenker.org\/?cat=913"},"img":{"alt_text":"","src":"https:\/\/i0.wp.com\/www.freidenker.org\/fw17\/wp-content\/uploads\/2018\/08\/Gina_und_Frauke_800x445_v2.jpg?fit=800%2C445&ssl=1&resize=350%2C200","width":350,"height":200,"srcset":"https:\/\/i0.wp.com\/www.freidenker.org\/fw17\/wp-content\/uploads\/2018\/08\/Gina_und_Frauke_800x445_v2.jpg?fit=800%2C445&ssl=1&resize=350%2C200 1x, https:\/\/i0.wp.com\/www.freidenker.org\/fw17\/wp-content\/uploads\/2018\/08\/Gina_und_Frauke_800x445_v2.jpg?fit=800%2C445&ssl=1&resize=525%2C300 1.5x, https:\/\/i0.wp.com\/www.freidenker.org\/fw17\/wp-content\/uploads\/2018\/08\/Gina_und_Frauke_800x445_v2.jpg?fit=800%2C445&ssl=1&resize=700%2C400 2x"},"classes":[]},{"id":8658,"url":"https:\/\/www.freidenker.org\/?p=8658","url_meta":{"origin":20112,"position":1},"title":"\u201eSagen wird man \u00fcber unsre Tage\u2026\u201c \u2013 Gina Pietsch und Bardo Henning","author":"Webredaktion","date":"23. September 2020","format":false,"excerpt":"Matin\u00e9e in der Villa Leon mit Gina Pietsch und Bardo Henning \u201eSagen wird man \u00fcber unsre Tage\u2026\u201c - Sonntag, 4. Oktober 2020, 11 Uhr - Villa Leon, gro\u00dfer Saal - Phillip-Koerber-Weg 1, 90439 N\u00fcrnberg - Eintritt frei (Spenden willkommen) Am 7. Oktober 2019 w\u00e4re sie 70 geworden die DDR \u2026\u2026","rel":"","context":"In &quot;Kultur &amp; Kunst&quot;","block_context":{"text":"Kultur &amp; Kunst","link":"https:\/\/www.freidenker.org\/?cat=913"},"img":{"alt_text":"","src":"https:\/\/i0.wp.com\/www.freidenker.org\/fw17\/wp-content\/uploads\/2020\/09\/ginapietsch_04102020_nbrg.jpg?fit=800%2C445&ssl=1&resize=350%2C200","width":350,"height":200,"srcset":"https:\/\/i0.wp.com\/www.freidenker.org\/fw17\/wp-content\/uploads\/2020\/09\/ginapietsch_04102020_nbrg.jpg?fit=800%2C445&ssl=1&resize=350%2C200 1x, https:\/\/i0.wp.com\/www.freidenker.org\/fw17\/wp-content\/uploads\/2020\/09\/ginapietsch_04102020_nbrg.jpg?fit=800%2C445&ssl=1&resize=525%2C300 1.5x, https:\/\/i0.wp.com\/www.freidenker.org\/fw17\/wp-content\/uploads\/2020\/09\/ginapietsch_04102020_nbrg.jpg?fit=800%2C445&ssl=1&resize=700%2C400 2x"},"classes":[]},{"id":17939,"url":"https:\/\/www.freidenker.org\/?p=17939","url_meta":{"origin":20112,"position":2},"title":"Galerie: Lieder und Gespr\u00e4che \u00fcber die Welt, den Krieg, die Demokratie","author":"Webredaktion","date":"22. Januar 2024","format":false,"excerpt":"Bericht der Webredaktion Nach der Demonstration und dem Gang zu den Gr\u00e4bern von Rosa und Karl war es in den vergangenen Jahren Tradition, zu einer kulturellen und Diskussionsveranstaltung der Freidenker einzuladen, die meist von Dr. Seltsam (z.B. im Brauhaus S\u00fcdstern) mit dem Musiker Detlev K. und Klaus Hartmann \"im Kreuzverh\u00f6r\"\u2026","rel":"","context":"In &quot;Kultur &amp; Kunst&quot;","block_context":{"text":"Kultur &amp; Kunst","link":"https:\/\/www.freidenker.org\/?cat=913"},"img":{"alt_text":"","src":"https:\/\/i0.wp.com\/www.freidenker.org\/fw17\/wp-content\/uploads\/2024\/01\/cafe_sybille_2024_800x450.jpg?fit=800%2C450&ssl=1&resize=350%2C200","width":350,"height":200,"srcset":"https:\/\/i0.wp.com\/www.freidenker.org\/fw17\/wp-content\/uploads\/2024\/01\/cafe_sybille_2024_800x450.jpg?fit=800%2C450&ssl=1&resize=350%2C200 1x, https:\/\/i0.wp.com\/www.freidenker.org\/fw17\/wp-content\/uploads\/2024\/01\/cafe_sybille_2024_800x450.jpg?fit=800%2C450&ssl=1&resize=525%2C300 1.5x, https:\/\/i0.wp.com\/www.freidenker.org\/fw17\/wp-content\/uploads\/2024\/01\/cafe_sybille_2024_800x450.jpg?fit=800%2C450&ssl=1&resize=700%2C400 2x"},"classes":[]},{"id":13740,"url":"https:\/\/www.freidenker.org\/?p=13740","url_meta":{"origin":20112,"position":3},"title":"Veranstaltung: Hanns Eisler &#8211; vielleicht sein Bestes &#8211; die Lieder","author":"Webredaktion","date":"9. Juli 2022","format":false,"excerpt":"Hanns Eisler - Veranstaltung anl\u00e4sslich seines 60. Todestages am 6. September 2022 vielleicht sein Bestes \u2013 die Lieder. Gina Pietsch singt sie, Fabio Costa am Klavier. Samstag, 1.Oktober 2022 19:00 Uhr - Saalbau Gutleut, Gro\u00dfer Saal, Frankfurt\/Main Montag, 3.Oktober 2022 19:00 Uhr - Knabenschule, Gro\u00dfer Saal, Darmstadt Hanns Eisler, einer\u2026","rel":"","context":"In &quot;Kultur &amp; Kunst&quot;","block_context":{"text":"Kultur &amp; Kunst","link":"https:\/\/www.freidenker.org\/?cat=913"},"img":{"alt_text":"","src":"https:\/\/i0.wp.com\/www.freidenker.org\/fw17\/wp-content\/uploads\/2022\/07\/Eisler1940_b_800x450.jpg?fit=800%2C450&ssl=1&resize=350%2C200","width":350,"height":200,"srcset":"https:\/\/i0.wp.com\/www.freidenker.org\/fw17\/wp-content\/uploads\/2022\/07\/Eisler1940_b_800x450.jpg?fit=800%2C450&ssl=1&resize=350%2C200 1x, https:\/\/i0.wp.com\/www.freidenker.org\/fw17\/wp-content\/uploads\/2022\/07\/Eisler1940_b_800x450.jpg?fit=800%2C450&ssl=1&resize=525%2C300 1.5x, https:\/\/i0.wp.com\/www.freidenker.org\/fw17\/wp-content\/uploads\/2022\/07\/Eisler1940_b_800x450.jpg?fit=800%2C450&ssl=1&resize=700%2C400 2x"},"classes":[]},{"id":13610,"url":"https:\/\/www.freidenker.org\/?p=13610","url_meta":{"origin":20112,"position":4},"title":"Wir vergessen den 22. Juni nicht","author":"Webredaktion","date":"28. Juni 2022","format":false,"excerpt":"Berlin: Kundgebung am Sowjetischen Ehrenmal im Treptower Park Friedensaktivistinnen und -Aktivisten erinnerten am 22. Juni 2022 an den \u00dcberfall Nazi-Deutschlands auf die Sowjet-Union vor 81 Jahren. Unter dem Motto \u201eWir vergessen nicht!\u201c hatte die \u201eFriedenskoordination Berlin\u201c zu einer Kundgebung am Sowjetischen Ehrenmal im Berliner Treptower Park aufgerufen. Rund 200 Menschen\u2026","rel":"","context":"In &quot;Frieden - Antifaschismus - Solidarit\u00e4t&quot;","block_context":{"text":"Frieden - Antifaschismus - Solidarit\u00e4t","link":"https:\/\/www.freidenker.org\/?cat=13"},"img":{"alt_text":"","src":"https:\/\/i0.wp.com\/www.freidenker.org\/fw17\/wp-content\/uploads\/2022\/06\/hans_bauer_2022-06-22_800x450.jpg?fit=800%2C450&ssl=1&resize=350%2C200","width":350,"height":200,"srcset":"https:\/\/i0.wp.com\/www.freidenker.org\/fw17\/wp-content\/uploads\/2022\/06\/hans_bauer_2022-06-22_800x450.jpg?fit=800%2C450&ssl=1&resize=350%2C200 1x, https:\/\/i0.wp.com\/www.freidenker.org\/fw17\/wp-content\/uploads\/2022\/06\/hans_bauer_2022-06-22_800x450.jpg?fit=800%2C450&ssl=1&resize=525%2C300 1.5x, https:\/\/i0.wp.com\/www.freidenker.org\/fw17\/wp-content\/uploads\/2022\/06\/hans_bauer_2022-06-22_800x450.jpg?fit=800%2C450&ssl=1&resize=700%2C400 2x"},"classes":[]},{"id":17813,"url":"https:\/\/www.freidenker.org\/?p=17813","url_meta":{"origin":20112,"position":5},"title":"Lieder und Gespr\u00e4che \u00fcber die Welt, den Krieg, die Demokratie","author":"Webredaktion","date":"10. Januar 2024","format":false,"excerpt":"Einladung Schon Tradition am Sonntag nach der LL-Demo und dem Gang zu den Gr\u00e4bern von Karl und Rosa: Lieder und Gespr\u00e4che \u00fcber die Welt, den Krieg, die Demokratie L\u00e4sterliche Ges\u00e4nge von Diether Dehm mit Michael Letz am Piano und im Gespr\u00e4ch mit Klaus Hartmann, Gina Pietsch und Rainer Rupp Sonntag,\u2026","rel":"","context":"In &quot;Kultur &amp; Kunst&quot;","block_context":{"text":"Kultur &amp; Kunst","link":"https:\/\/www.freidenker.org\/?cat=913"},"img":{"alt_text":"","src":"https:\/\/i0.wp.com\/www.freidenker.org\/fw17\/wp-content\/uploads\/2024\/01\/Lieder-und-Gespraeche.jpg?fit=796%2C456&ssl=1&resize=350%2C200","width":350,"height":200,"srcset":"https:\/\/i0.wp.com\/www.freidenker.org\/fw17\/wp-content\/uploads\/2024\/01\/Lieder-und-Gespraeche.jpg?fit=796%2C456&ssl=1&resize=350%2C200 1x, https:\/\/i0.wp.com\/www.freidenker.org\/fw17\/wp-content\/uploads\/2024\/01\/Lieder-und-Gespraeche.jpg?fit=796%2C456&ssl=1&resize=525%2C300 1.5x, https:\/\/i0.wp.com\/www.freidenker.org\/fw17\/wp-content\/uploads\/2024\/01\/Lieder-und-Gespraeche.jpg?fit=796%2C456&ssl=1&resize=700%2C400 2x"},"classes":[]}],"_links":{"self":[{"href":"https:\/\/www.freidenker.org\/index.php?rest_route=\/wp\/v2\/posts\/20112","targetHints":{"allow":["GET"]}}],"collection":[{"href":"https:\/\/www.freidenker.org\/index.php?rest_route=\/wp\/v2\/posts"}],"about":[{"href":"https:\/\/www.freidenker.org\/index.php?rest_route=\/wp\/v2\/types\/post"}],"author":[{"embeddable":true,"href":"https:\/\/www.freidenker.org\/index.php?rest_route=\/wp\/v2\/users\/3"}],"replies":[{"embeddable":true,"href":"https:\/\/www.freidenker.org\/index.php?rest_route=%2Fwp%2Fv2%2Fcomments&post=20112"}],"version-history":[{"count":0,"href":"https:\/\/www.freidenker.org\/index.php?rest_route=\/wp\/v2\/posts\/20112\/revisions"}],"wp:featuredmedia":[{"embeddable":true,"href":"https:\/\/www.freidenker.org\/index.php?rest_route=\/wp\/v2\/media\/20127"}],"wp:attachment":[{"href":"https:\/\/www.freidenker.org\/index.php?rest_route=%2Fwp%2Fv2%2Fmedia&parent=20112"}],"wp:term":[{"taxonomy":"category","embeddable":true,"href":"https:\/\/www.freidenker.org\/index.php?rest_route=%2Fwp%2Fv2%2Fcategories&post=20112"},{"taxonomy":"post_tag","embeddable":true,"href":"https:\/\/www.freidenker.org\/index.php?rest_route=%2Fwp%2Fv2%2Ftags&post=20112"}],"curies":[{"name":"wp","href":"https:\/\/api.w.org\/{rel}","templated":true}]}}